{"id":10001,"date":"2019-03-10T18:10:53","date_gmt":"2019-03-10T17:10:53","guid":{"rendered":"https:\/\/speyer24news.com\/?p=10001"},"modified":"2019-03-10T18:10:55","modified_gmt":"2019-03-10T17:10:55","slug":"ludwigshafen-radarkontrollen-fuer-die-woche-vom-11-maerz-bis-17-maerz-2019","status":"publish","type":"post","link":"https:\/\/speyer24news.com\/?p=10001","title":{"rendered":"(Ludwigshafen) &#8211; Radarkontrollen f\u00fcr die Woche vom 11. M\u00e4rz bis 17. M\u00e4rz 2019"},"content":{"rendered":"<style type=\"text\/css\">\r\n\t.ads_top_disp{}\r\n\t.ads_top_corner_disp{ float:left; margin:0px 10px 10px 0px; }\r\n\t.ads_first_p_disp{}\r\n\t.ads_bottom_disp{}\r\n\t<\/style>\n<figure class=\"wp-block-image\"><img decoding=\"async\" src=\"https:\/\/speyer24news.com\/wp-content\/uploads\/2019\/03\/Blitzer-RLP-1.jpg\" alt=\"\" class=\"wp-image-10002\"\/><\/figure>\n\n\n\n<h4 class=\"wp-block-heading\">Die Stadt Ludwigshafen nimmt in folgenden Stadtteilen Radarkontrollen vor.<\/h4>\n\n\n\n<ul><li>Montag, 11. M\u00e4rz: Pfingstweide, Oppau und Mundenheim<\/li><li>Dienstag, 12. M\u00e4rz: Gartenstadt, Nord und Friesenheim<\/li><li>Mittwoch, 13. M\u00e4rz: Oggersheim, Rheing\u00f6nheim und S\u00fcd<\/li><li>Donnerstag, 14. M\u00e4rz: Mundenheim, West und Ruchheim<\/li><li>Freitag, 15. M\u00e4rz: Maudach, Mitte und Edigheim<\/li><li>Samstag, 16. M\u00e4rz: Gartenstadt und Oggersheim<\/li><\/ul>\n\n\n\n<p>Kurzfristige \u00c4nderungen beh\u00e4lt sich der Bereich Stra\u00dfenverkehr vor. Kontrollen k\u00f6nnen auch kurzfristig an anderen Stellen stattfinden.<\/p>\n\n\n\n<p><em>Stadt Ludwigshafen am Rhein<br>10.03.2019<\/em><\/p>\n\n\n\n<h2 class=\"wp-block-heading\">(Mannheim) &#8211; Geschwindigkeitskontrollen f\u00fcr die Woche vom 11. bis 15. M\u00e4rz<\/h2>\n\n\n\n<figure class=\"wp-block-image\"><img decoding=\"async\" src=\"https:\/\/speyer24news.com\/wp-content\/uploads\/2019\/03\/Kontrolle-BaW\u00fc.jpg\" alt=\"\" class=\"wp-image-10003\"\/><\/figure>\n\n\n\n<h4 class=\"wp-block-heading\">Die Stadt Mannheim f\u00fchrt vom 11. bis 15. M\u00e4rz in folgenden Stra\u00dfen Radarkontrollen durch:<\/h4>\n\n\n\n<ul><li>Auf dem Sand<\/li><li> Badenweilerstra\u00dfe<\/li><li> Baumstra\u00dfe<\/li><li> Birkenauer Stra\u00dfe<\/li><li> Brandenburger Stra\u00dfe<\/li><li> B\u00e4ckerweg<\/li><li> Elisabeth-Blaustein-Stra\u00dfe<\/li><li> Flamml\u00e4nder Stra\u00dfe<\/li><li> Fred-Joachim-Schoeps-Stra\u00dfe<\/li><li> Freiburger Stra\u00dfe<\/li><li> Ida-Dehmel-Ring<\/li><li> Johannisberger Stra\u00dfe<\/li><li> Karolingerweg<\/li><li> Kolmarer Stra\u00dfe<\/li><li> Langlachweg<\/li><li> Pforzheimer Stra\u00dfe<\/li><li> Rastatter Stra\u00dfe<\/li><li> Rohrlachstra\u00dfe<\/li><li> Sachsenstra\u00dfe<\/li><li> Schlettstadter Stra\u00dfe<\/li><li> Suebenheimer Allee<\/li><li> Th\u00fcringer Stra\u00dfe<\/li><li> Z\u00e4hringer Stra\u00dfe<\/li><\/ul>\n\n\n\n<p>Kurzfristige \u00c4nderungen oder zus\u00e4tzliche Messstellen sind aus aktuellem Anlass m\u00f6glich.<\/p>\n\n\n\n<p><em>Stadt Mannheim<br>10.03.2019<\/em><\/p>\n","protected":false},"excerpt":{"rendered":"<div class=\"mh-excerpt\"><p>Die Stadt Ludwigshafen nimmt in folgenden Stadtteilen Radarkontrollen vor. Montag, 11. M\u00e4rz: Pfingstweide, Oppau und Mundenheim Dienstag, 12. M\u00e4rz: Gartenstadt, Nord und Friesenheim Mittwoch, 13. M\u00e4rz: Oggersheim, Rheing\u00f6nheim und S\u00fcd Donnerstag, 14. M\u00e4rz: Mundenheim, West <a class=\"mh-excerpt-more\" href=\"https:\/\/speyer24news.com\/?p=10001\" title=\"(Ludwigshafen) &#8211; Radarkontrollen f\u00fcr die Woche vom 11. M\u00e4rz bis 17. M\u00e4rz 2019\">[&#8230;]<\/a><\/p>\n<\/div>","protected":false},"author":3,"featured_media":0,"comment_status":"open","ping_status":"open","sticky":false,"template":"","format":"standard","meta":{"_monsterinsights_skip_tracking":false,"_monsterinsights_sitenote_active":false,"_monsterinsights_sitenote_note":"","_monsterinsights_sitenote_category":0,"footnotes":""},"categories":[64],"tags":[18,19,153,56,228,227,17],"aioseo_notices":[],"amp_enabled":true,"_links":{"self":[{"href":"https:\/\/speyer24news.com\/index.php?rest_route=\/wp\/v2\/posts\/10001"}],"collection":[{"href":"https:\/\/speyer24news.com\/index.php?rest_route=\/wp\/v2\/posts"}],"about":[{"href":"https:\/\/speyer24news.com\/index.php?rest_route=\/wp\/v2\/types\/post"}],"author":[{"embeddable":true,"href":"https:\/\/speyer24news.com\/index.php?rest_route=\/wp\/v2\/users\/3"}],"replies":[{"embeddable":true,"href":"https:\/\/speyer24news.com\/index.php?rest_route=%2Fwp%2Fv2%2Fcomments&post=10001"}],"version-history":[{"count":1,"href":"https:\/\/speyer24news.com\/index.php?rest_route=\/wp\/v2\/posts\/10001\/revisions"}],"predecessor-version":[{"id":10005,"href":"https:\/\/speyer24news.com\/index.php?rest_route=\/wp\/v2\/posts\/10001\/revisions\/10005"}],"wp:attachment":[{"href":"https:\/\/speyer24news.com\/index.php?rest_route=%2Fwp%2Fv2%2Fmedia&parent=10001"}],"wp:term":[{"taxonomy":"category","embeddable":true,"href":"https:\/\/speyer24news.com\/index.php?rest_route=%2Fwp%2Fv2%2Fcategories&post=10001"},{"taxonomy":"post_tag","embeddable":true,"href":"https:\/\/speyer24news.com\/index.php?rest_route=%2Fwp%2Fv2%2Ftags&post=10001"}],"curies":[{"name":"wp","href":"https:\/\/api.w.org\/{rel}","templated":true}]}}