{"id":10019,"date":"2019-03-10T18:48:33","date_gmt":"2019-03-10T17:48:33","guid":{"rendered":"https:\/\/speyer24news.com\/?p=10019"},"modified":"2019-03-10T18:48:35","modified_gmt":"2019-03-10T17:48:35","slug":"neues-demenzcafe-der-malteser-oeffnet-in-speyer-sued","status":"publish","type":"post","link":"https:\/\/speyer24news.com\/?p=10019","title":{"rendered":"Neues Demenzcaf\u00e9 der Malteser \u00f6ffnet in Speyer S\u00fcd"},"content":{"rendered":"<style type=\"text\/css\">\r\n\t.ads_top_disp{}\r\n\t.ads_top_corner_disp{ float:left; margin:0px 10px 10px 0px; }\r\n\t.ads_first_p_disp{}\r\n\t.ads_bottom_disp{}\r\n\t<\/style>\n<h4 class=\"wp-block-heading\">\u201eCaf\u00e9 Malta\u201c im Quartiersb\u00fcro hei\u00dft Besucher willkommen<\/h4>\n\n\n\n<figure class=\"wp-block-image\"><img decoding=\"async\" loading=\"lazy\" width=\"800\" height=\"532\" src=\"https:\/\/speyer24news.com\/wp-content\/uploads\/2019\/03\/CafeMalta_\u00a9-Katharina-Eckhardt.jpg\" alt=\"\" class=\"wp-image-10021\" srcset=\"https:\/\/speyer24news.com\/wp-content\/uploads\/2019\/03\/CafeMalta_\u00a9-Katharina-Eckhardt.jpg 800w, https:\/\/speyer24news.com\/wp-content\/uploads\/2019\/03\/CafeMalta_\u00a9-Katharina-Eckhardt-300x200.jpg 300w, https:\/\/speyer24news.com\/wp-content\/uploads\/2019\/03\/CafeMalta_\u00a9-Katharina-Eckhardt-768x511.jpg 768w\" sizes=\"(max-width: 800px) 100vw, 800px\" \/><figcaption>Demenziell ver\u00e4nderte Senioren kommen im Caf\u00e9 Malta unter Leute und werden von ehrenamtlichen Maltesern betreut. (Foto: Katharina Eckhardt)<\/figcaption><\/figure>\n\n\n\n<p><strong>Speyer-S\u00fcd \/ Caf\u00e9 Malta &#8211; <\/strong>Am <strong>Montag, den 11. M\u00e4rz<\/strong> \u00f6ffnet das neue \u201eCaf\u00e9 Malta\u201c zum ersten Mal seine T\u00fcren im Quartiersb\u00fcro Speyer S\u00fcd (Windthorststr.18). Fortan wird der betreute Treff der Malteser f\u00fcr demenziell ver\u00e4nderte Senioren w\u00f6chentlich montags von 12 bis 16 Uhr angeboten. Interessierte Besucher sind herzlich willkommen. Um Anmeldung im Vorfeld wird gebeten.<\/p>\n\n\n\n<p>Im Caf\u00e9 Malta betreuen ehrenamtliche, daf\u00fcr ausgebildete Mitarbeiter der Malteser demenziell beeintr\u00e4chtigte Senioren stundenweise. Gemeinsam werden Spiele gespielt, Lieder gesungen oder man plaudert einfach bei einem T\u00e4sschen Kaffee \u00fcber alte Zeiten \u2013 je nach Interesse und F\u00e4higkeiten der Besucher.  Ein warmes Mittagessen ist immer mit dabei, auf Anfrage wird auch ein Fahrdienst angeboten. <\/p>\n\n\n\n<p>Das Caf\u00e9 Malta ist aber nicht nur f\u00fcr die Senioren da, sondern ebenso f\u00fcr ihre Angeh\u00f6rigen. \u201eDie Pflege eines demenziell ver\u00e4nderten Familienmitglieds ist ein Fulltime-Job mit gro\u00dfen Herausforderungen\u201c erkl\u00e4rt Bianca Knerr-M\u00fcller, Leitung der Demenzdienste der Malteser Speyer. \u201eMit dem Caf\u00e9 Malta verschaffen wir Angeh\u00f6rigen eine kleine Verschnaufpause w\u00e4hrend sie ihre Lieben in guten H\u00e4nden wissen.\u201c<\/p>\n\n\n\n<p>Kerstin Ulm, Quartiersmanagerin im Projekt Soziale Stadt Speyer, freut sich \u00fcber die Neuer\u00f6ffnung: \u201eMir ist es wichtig, dass wir f\u00fcr alle Bewohner in Speyer S\u00fcd sinnvolle Angebote schaffen. Mit dem Caf\u00e9 Malta k\u00f6nnen wir viele \u00e4ltere Menschen und Familien bei ihren allt\u00e4glichen Herausforderungen unterst\u00fctzen.\u201c<\/p>\n\n\n\n<p>Neben dem neuen Caf\u00e9 Malta in Speyer S\u00fcd gibt es noch drei Demenzcaf\u00e9s der Malteser im Mehrgenerationenhaus, in der Pfarrei St. Hedwig und im Caritas Altenzentrum St. Martha.<\/p>\n\n\n\n<div class=\"wp-block-image\"><figure class=\"alignright is-resized\"><img decoding=\"async\" loading=\"lazy\" src=\"https:\/\/speyer24news.com\/wp-content\/uploads\/2019\/03\/Malteser-Logo.png\" alt=\"\" class=\"wp-image-10020\" width=\"351\" height=\"132\"\/><\/figure><\/div>\n\n\n\n<p><strong>Information &amp; Anmeldung:<\/strong><br> Bianca Knerr-M\u00fcller<br> Leitung Seniorendienste, Malteser Hilfsdienst e.V.<br> Alter Postweg 1<br> 67346 Speyer<br> Mail: <a href=\"bianca.knerr-mueller@malteser.org\">bianca.knerr-mueller@malteser.org<\/a><br> Tel.: 06232-677820<\/p>\n\n\n\n<p><em>Text: Malteser Hilfsdienst e.V., Regionalgesch\u00e4ftsstelle Limburg \/ Region Hessen\/Rheinland-Pfalz\/Saarland (HRS) Foto: Katharina Eckhardt<br>10.03.2019<\/em><\/p>\n","protected":false},"excerpt":{"rendered":"<div class=\"mh-excerpt\"><p>\u201eCaf\u00e9 Malta\u201c im Quartiersb\u00fcro hei\u00dft Besucher willkommen Speyer-S\u00fcd \/ Caf\u00e9 Malta &#8211; Am Montag, den 11. M\u00e4rz \u00f6ffnet das neue \u201eCaf\u00e9 Malta\u201c zum ersten Mal seine T\u00fcren im Quartiersb\u00fcro Speyer S\u00fcd (Windthorststr.18). Fortan wird der <a class=\"mh-excerpt-more\" href=\"https:\/\/speyer24news.com\/?p=10019\" title=\"Neues Demenzcaf\u00e9 der Malteser \u00f6ffnet in Speyer S\u00fcd\">[&#8230;]<\/a><\/p>\n<\/div>","protected":false},"author":3,"featured_media":0,"comment_status":"open","ping_status":"open","sticky":false,"template":"","format":"standard","meta":{"_monsterinsights_skip_tracking":false,"_monsterinsights_sitenote_active":false,"_monsterinsights_sitenote_note":"","_monsterinsights_sitenote_category":0,"footnotes":""},"categories":[9,13],"tags":[242,243,244,245,241,6],"aioseo_notices":[],"amp_enabled":true,"_links":{"self":[{"href":"https:\/\/speyer24news.com\/index.php?rest_route=\/wp\/v2\/posts\/10019"}],"collection":[{"href":"https:\/\/speyer24news.com\/index.php?rest_route=\/wp\/v2\/posts"}],"about":[{"href":"https:\/\/speyer24news.com\/index.php?rest_route=\/wp\/v2\/types\/post"}],"author":[{"embeddable":true,"href":"https:\/\/speyer24news.com\/index.php?rest_route=\/wp\/v2\/users\/3"}],"replies":[{"embeddable":true,"href":"https:\/\/speyer24news.com\/index.php?rest_route=%2Fwp%2Fv2%2Fcomments&post=10019"}],"version-history":[{"count":1,"href":"https:\/\/speyer24news.com\/index.php?rest_route=\/wp\/v2\/posts\/10019\/revisions"}],"predecessor-version":[{"id":10022,"href":"https:\/\/speyer24news.com\/index.php?rest_route=\/wp\/v2\/posts\/10019\/revisions\/10022"}],"wp:attachment":[{"href":"https:\/\/speyer24news.com\/index.php?rest_route=%2Fwp%2Fv2%2Fmedia&parent=10019"}],"wp:term":[{"taxonomy":"category","embeddable":true,"href":"https:\/\/speyer24news.com\/index.php?rest_route=%2Fwp%2Fv2%2Fcategories&post=10019"},{"taxonomy":"post_tag","embeddable":true,"href":"https:\/\/speyer24news.com\/index.php?rest_route=%2Fwp%2Fv2%2Ftags&post=10019"}],"curies":[{"name":"wp","href":"https:\/\/api.w.org\/{rel}","templated":true}]}}