{"id":10071,"date":"2019-03-11T15:24:45","date_gmt":"2019-03-11T14:24:45","guid":{"rendered":"https:\/\/speyer24news.com\/?p=10071"},"modified":"2019-03-11T15:24:47","modified_gmt":"2019-03-11T14:24:47","slug":"rundgang-ueber-den-mittelalterlichen-jahrmarkt","status":"publish","type":"post","link":"https:\/\/speyer24news.com\/?p=10071","title":{"rendered":"Rundgang \u00fcber den Mittelalterlichen Jahrmarkt"},"content":{"rendered":"<style type=\"text\/css\">\r\n\t.ads_top_disp{}\r\n\t.ads_top_corner_disp{ float:left; margin:0px 10px 10px 0px; }\r\n\t.ads_first_p_disp{}\r\n\t.ads_bottom_disp{}\r\n\t<\/style>\n<h4 class=\"wp-block-heading\">Filzen mit Kindern, Sandsteinmei\u00dfeln,\u00a0EINE ZEITREISE ZU DEN RITTERN UND GAUKLERN<\/h4>\n\n\n\n<figure class=\"wp-block-image\"><img decoding=\"async\" loading=\"lazy\" width=\"800\" height=\"435\" src=\"https:\/\/speyer24news.com\/wp-content\/uploads\/2019\/03\/Mittelalterlicher-Jahrmarkt-2019.jpg\" alt=\"\" class=\"wp-image-10072\" srcset=\"https:\/\/speyer24news.com\/wp-content\/uploads\/2019\/03\/Mittelalterlicher-Jahrmarkt-2019.jpg 800w, https:\/\/speyer24news.com\/wp-content\/uploads\/2019\/03\/Mittelalterlicher-Jahrmarkt-2019-300x163.jpg 300w, https:\/\/speyer24news.com\/wp-content\/uploads\/2019\/03\/Mittelalterlicher-Jahrmarkt-2019-768x418.jpg 768w\" sizes=\"(max-width: 800px) 100vw, 800px\" \/><\/figure>\n\n\n\n<p><strong>Mannheim \/ Herzogenriedpark &#8211;<\/strong> Im M\u00e4rz 2019 ist es wieder soweit: Die Zeit der Ritter, Gaukler und  Marketenderinnen h\u00e4lt Einzug in den Herzogenriedpark mit  dem allj\u00e4hrlichen Mittelalterlichen Jahrmarkt. Zwischen Wikingern, Kelten und Germanen, bei kulinarischen und handwerklichen K\u00fcnsten von  Beutelschneider, B\u00f6ttcher, Brillenmacher, Bogenbauer oder Buchbinder treten die Besucher auf eine spannende Zeitreise an und tauchen in die Welt einer l\u00e4ngst vergangenen, aber bis heute faszinierenden Epoche ein. Alle H\u00e4ndler und Aussteller sind in typisch mittelalterliche Kleidung gewandet, aber auch viele Besucher identifizieren sich sichtbar mit dieser Zeit. Reifr\u00f6cke aus pr\u00e4chtigen Stoffen, H\u00e4ubchen mit H\u00e4kelspitze bei den Frauen, Lederkittel oder sogar Eisenr\u00fcstungen bei den Herren der Sch\u00f6pfung werden zur Sehensw\u00fcrdigkeit dieses gro\u00dfen Spektakels.<\/p>\n\n\n\n<figure class=\"wp-block-image\"><img decoding=\"async\" loading=\"lazy\" width=\"640\" height=\"480\" src=\"https:\/\/speyer24news.com\/wp-content\/uploads\/2019\/03\/DSC06290.jpg\" alt=\"\" class=\"wp-image-10073\" srcset=\"https:\/\/speyer24news.com\/wp-content\/uploads\/2019\/03\/DSC06290.jpg 640w, https:\/\/speyer24news.com\/wp-content\/uploads\/2019\/03\/DSC06290-300x225.jpg 300w, https:\/\/speyer24news.com\/wp-content\/uploads\/2019\/03\/DSC06290-326x245.jpg 326w, https:\/\/speyer24news.com\/wp-content\/uploads\/2019\/03\/DSC06290-80x60.jpg 80w\" sizes=\"(max-width: 640px) 100vw, 640px\" \/><\/figure>\n\n\n\n<p>Neben Gewandschneidern, traditionellen Schuhmachern, einem Lederpunzierer, einem Schmied, einem historischen Brillenmacher, Markth\u00e4ndlerin und T\u00f6pfern wird auch der Falkner Achim H\u00e4fner mit seinen beeindruckenden Tieren dabei sein: Uhus, Falken und Bussarde lassen vor allem den kleinen Besuchern den Atem stocken, wenn sie f\u00fcnf Zentimeter \u00fcber deren K\u00f6pfe segeln. Zus\u00e4tzlich mischen Ritter, Edelleute, aber auch Magier und Hexen, Quacksalber und Bettler den Markt auf. Neben der einer Wahrsagerin und einem Edelsteinwagen mit echten Sch\u00e4tzen wird es auch wieder viel lagerndes Volk geben. Dies sind Mittelalterbegeisterte, die auf dem Markt ihre Zelte aufschlagen und dort auch die N\u00e4chte verbringen. Sie machen Feuer, wenn es kalt wird und machen es sich auf ihren Fellen richtig gem\u00fctlich. Die Freien Franken, der Clan of Glencaim &amp; die Krieger der Steppe haben Zelt und Liege schon gepackt. <\/p>\n\n\n\n<figure class=\"wp-block-image\"><img decoding=\"async\" loading=\"lazy\" width=\"640\" height=\"480\" src=\"https:\/\/speyer24news.com\/wp-content\/uploads\/2019\/03\/DSC06327.jpg\" alt=\"\" class=\"wp-image-10074\" srcset=\"https:\/\/speyer24news.com\/wp-content\/uploads\/2019\/03\/DSC06327.jpg 640w, https:\/\/speyer24news.com\/wp-content\/uploads\/2019\/03\/DSC06327-300x225.jpg 300w, https:\/\/speyer24news.com\/wp-content\/uploads\/2019\/03\/DSC06327-326x245.jpg 326w, https:\/\/speyer24news.com\/wp-content\/uploads\/2019\/03\/DSC06327-80x60.jpg 80w\" sizes=\"(max-width: 640px) 100vw, 640px\" \/><\/figure>\n\n\n\n<p>Kleine Ritter aufgepasst: Sie d\u00fcrfen sich nicht nur im Bogenschie\u00dfen  versuchen, sondern auch im Speerwerfen. Spannendes gibt es auch beim  Kinderschmied, der M\u00e4rchenerz\u00e4hlerin, beim zeitgerecht handbetriebenen  Holzkarussell oder und beim Seiler, der junge Recken und Maiden in die  Seilereikunst einf\u00fchrt. In diesem Jahr gibt es sogar Kindert\u00f6pfern, Filzen mit Kindern, Sandsteinmei\u00dfeln, Lehmbau f\u00fcr Kids, Glasbl\u00e4ser-Arbeiten mit Kindern und Haarschmuckflechten! Und am Ende wartet das Edelstein-Gl\u00fccksrad!<br>Stimmungsvoll geht es so in entspannter, uriger Atmosph\u00e4re in die Abendstunden mit einer imposanten Illumination aus Laternen und hunderten von Kerzen. Ein Lichtspektakel, das man sich nicht entgehen lassen sollte. Dazu gibt es wie im letzten Jahr traditionelle, medioevale Musik.<\/p>\n\n\n\n<figure class=\"wp-block-image\"><img decoding=\"async\" loading=\"lazy\" width=\"640\" height=\"480\" src=\"https:\/\/speyer24news.com\/wp-content\/uploads\/2019\/03\/DSC06303.jpg\" alt=\"\" class=\"wp-image-10075\" srcset=\"https:\/\/speyer24news.com\/wp-content\/uploads\/2019\/03\/DSC06303.jpg 640w, https:\/\/speyer24news.com\/wp-content\/uploads\/2019\/03\/DSC06303-300x225.jpg 300w, https:\/\/speyer24news.com\/wp-content\/uploads\/2019\/03\/DSC06303-326x245.jpg 326w, https:\/\/speyer24news.com\/wp-content\/uploads\/2019\/03\/DSC06303-80x60.jpg 80w\" sizes=\"(max-width: 640px) 100vw, 640px\" \/><\/figure>\n\n\n\n<p>Und  da all\u2019 das bekanntlich Hunger macht, ist auch f\u00fcr Verk\u00f6stigung  gesorgt: Mit orientalischen Fr\u00fcchten, morgenl\u00e4ndischem Gem\u00fcse,  Grillfleisch, Rahmflecken und Hanffladen werden die Mittelalter-Fans  regelrecht verw\u00f6hnt. Auch der Bierbrauer ist vertreten und schenkt ein  eigens f\u00fcr den Markt gebrautes Helles aus.<\/p>\n\n\n\n<p><strong>Fr. 15 \u2013 21 Uhr, Sa. 11 \u2013 21 Uhr, So. 11 \u2013 18 Uhr<\/strong><\/p>\n\n\n\n<p><strong>Eintritt:<br> Erwachsene: 7,- \u20ac, Jahreskarteninhaber 3,50 \u20ac,\u00a0Beg\u00fcnstigte &amp; Gewandete: 5,- \u20ac, Kinder (6-15 Jahre) 4,- \u20ac,<br> Kinder\u00a0unter Schwertma\u00df haben freien Eintritt!<\/strong> <\/p>\n\n\n\n<p>Fr., 15.03.2019, 15 Uhr &#8211; So., 17.03.2019, 18 Uhr Park<\/p>\n\n\n\n<div class=\"wp-block-image\"><figure class=\"aligncenter\"><img decoding=\"async\" loading=\"lazy\" width=\"375\" height=\"500\" src=\"https:\/\/speyer24news.com\/wp-content\/uploads\/2019\/03\/DSC06273.jpg\" alt=\"\" class=\"wp-image-10076\" srcset=\"https:\/\/speyer24news.com\/wp-content\/uploads\/2019\/03\/DSC06273.jpg 375w, https:\/\/speyer24news.com\/wp-content\/uploads\/2019\/03\/DSC06273-225x300.jpg 225w\" sizes=\"(max-width: 375px) 100vw, 375px\" \/><\/figure><\/div>\n\n\n\n<p><em>Text: Stadtpark Mannheim gemeinn\u00fctzige GmbH Foto: Speyer 24\/7 News, dak<br>11.03.2019<\/em><\/p>\n","protected":false},"excerpt":{"rendered":"<div class=\"mh-excerpt\"><p>Filzen mit Kindern, Sandsteinmei\u00dfeln,\u00a0EINE ZEITREISE ZU DEN RITTERN UND GAUKLERN Mannheim \/ Herzogenriedpark &#8211; Im M\u00e4rz 2019 ist es wieder soweit: Die Zeit der Ritter, Gaukler und Marketenderinnen h\u00e4lt Einzug in den Herzogenriedpark mit dem <a class=\"mh-excerpt-more\" href=\"https:\/\/speyer24news.com\/?p=10071\" title=\"Rundgang \u00fcber den Mittelalterlichen Jahrmarkt\">[&#8230;]<\/a><\/p>\n<\/div>","protected":false},"author":3,"featured_media":10077,"comment_status":"open","ping_status":"open","sticky":false,"template":"","format":"standard","meta":{"_monsterinsights_skip_tracking":false,"_monsterinsights_sitenote_active":false,"_monsterinsights_sitenote_note":"","_monsterinsights_sitenote_category":0,"footnotes":""},"categories":[11,13],"tags":[282,279,280,284,56,69,281],"aioseo_notices":[],"amp_enabled":true,"_links":{"self":[{"href":"https:\/\/speyer24news.com\/index.php?rest_route=\/wp\/v2\/posts\/10071"}],"collection":[{"href":"https:\/\/speyer24news.com\/index.php?rest_route=\/wp\/v2\/posts"}],"about":[{"href":"https:\/\/speyer24news.com\/index.php?rest_route=\/wp\/v2\/types\/post"}],"author":[{"embeddable":true,"href":"https:\/\/speyer24news.com\/index.php?rest_route=\/wp\/v2\/users\/3"}],"replies":[{"embeddable":true,"href":"https:\/\/speyer24news.com\/index.php?rest_route=%2Fwp%2Fv2%2Fcomments&post=10071"}],"version-history":[{"count":1,"href":"https:\/\/speyer24news.com\/index.php?rest_route=\/wp\/v2\/posts\/10071\/revisions"}],"predecessor-version":[{"id":10078,"href":"https:\/\/speyer24news.com\/index.php?rest_route=\/wp\/v2\/posts\/10071\/revisions\/10078"}],"wp:featuredmedia":[{"embeddable":true,"href":"https:\/\/speyer24news.com\/index.php?rest_route=\/wp\/v2\/media\/10077"}],"wp:attachment":[{"href":"https:\/\/speyer24news.com\/index.php?rest_route=%2Fwp%2Fv2%2Fmedia&parent=10071"}],"wp:term":[{"taxonomy":"category","embeddable":true,"href":"https:\/\/speyer24news.com\/index.php?rest_route=%2Fwp%2Fv2%2Fcategories&post=10071"},{"taxonomy":"post_tag","embeddable":true,"href":"https:\/\/speyer24news.com\/index.php?rest_route=%2Fwp%2Fv2%2Ftags&post=10071"}],"curies":[{"name":"wp","href":"https:\/\/api.w.org\/{rel}","templated":true}]}}