{"id":10128,"date":"2019-03-12T08:58:15","date_gmt":"2019-03-12T07:58:15","guid":{"rendered":"https:\/\/speyer24news.com\/?p=10128"},"modified":"2019-03-12T08:58:17","modified_gmt":"2019-03-12T07:58:17","slug":"1-fc-08-hassloch-eightballs-hassloch","status":"publish","type":"post","link":"https:\/\/speyer24news.com\/?p=10128","title":{"rendered":"1. FC 08 Ha\u00dfloch &#038; Eightballs Ha\u00dfloch"},"content":{"rendered":"<style type=\"text\/css\">\r\n\t.ads_top_disp{}\r\n\t.ads_top_corner_disp{ float:left; margin:0px 10px 10px 0px; }\r\n\t.ads_first_p_disp{}\r\n\t.ads_bottom_disp{}\r\n\t<\/style>\n<div class=\"wp-block-image\"><figure class=\"aligncenter\"><img decoding=\"async\" loading=\"lazy\" width=\"640\" height=\"545\" src=\"https:\/\/speyer24news.com\/wp-content\/uploads\/2019\/03\/8-Balls-Logo.png\" alt=\"\" class=\"wp-image-10131\" srcset=\"https:\/\/speyer24news.com\/wp-content\/uploads\/2019\/03\/8-Balls-Logo.png 640w, https:\/\/speyer24news.com\/wp-content\/uploads\/2019\/03\/8-Balls-Logo-300x255.png 300w\" sizes=\"(max-width: 640px) 100vw, 640px\" \/><\/figure><\/div>\n\n\n\n<div class=\"wp-block-image\"><figure class=\"aligncenter\"><img decoding=\"async\" loading=\"lazy\" width=\"450\" height=\"450\" src=\"https:\/\/speyer24news.com\/wp-content\/uploads\/2019\/03\/1-FC-08-Ha\u00dfloch.jpg\" alt=\"\" class=\"wp-image-10130\" srcset=\"https:\/\/speyer24news.com\/wp-content\/uploads\/2019\/03\/1-FC-08-Ha\u00dfloch.jpg 450w, https:\/\/speyer24news.com\/wp-content\/uploads\/2019\/03\/1-FC-08-Ha\u00dfloch-150x150.jpg 150w, https:\/\/speyer24news.com\/wp-content\/uploads\/2019\/03\/1-FC-08-Ha\u00dfloch-300x300.jpg 300w\" sizes=\"(max-width: 450px) 100vw, 450px\" \/><\/figure><\/div>\n\n\n\n<h3 class=\"wp-block-heading\">Bezirksliga Vorderpfalz: 1. FC 08 Ha\u00dfloch gegen FC Lustadt 0:1 \/ Ha\u00dflocher Chancen vom Winde verweht.<\/h3>\n\n\n\n<div class=\"wp-block-image\"><figure class=\"alignleft is-resized\"><img decoding=\"async\" loading=\"lazy\" src=\"https:\/\/speyer24news.com\/wp-content\/uploads\/2019\/03\/IMG_20190310_153113_647.jpg\" alt=\"\" class=\"wp-image-10133\" width=\"338\" height=\"398\" srcset=\"https:\/\/speyer24news.com\/wp-content\/uploads\/2019\/03\/IMG_20190310_153113_647.jpg 500w, https:\/\/speyer24news.com\/wp-content\/uploads\/2019\/03\/IMG_20190310_153113_647-255x300.jpg 255w\" sizes=\"(max-width: 338px) 100vw, 338px\" \/><\/figure><\/div>\n\n\n\n<p>Bei widrigen Bedingungen (Orkanb\u00f6en) war ein regul\u00e4res Fu\u00dfballspiel schwer m\u00f6glich. Der starke Wind lie\u00df den Akteuren auf beiden Seiten wenig M\u00f6glichkeiten, saubere Abspiele geschweige denn lange P\u00e4sse zu spielen. So war es nicht verwunderlich, dass das 0:1 aus einem Querpass der Ha\u00dflocher im eigenen Strafraum resultierte. Lustadts Julian Lischer musste nur noch verwerten (40. Min.). Entstanden war diese Situation, als die 08er versuchten,  einen Torabsto\u00df mit kurzen P\u00e4ssen nach vorne zu tragen, da hohe Zuspiele sofort vom Winde verweht wurden. In der zweiten H\u00e4lfte hatten beide Mannschaften mehr Torchancen, die aber meistens dem Zufall geschuldet waren. Einen Schuss von Robbin Engisch konnte der Torh\u00fcter ebenso parieren wie den darauffolgenden Nachschuss von Martin Berac. Patrick Coenen verfehlte knapp. Sein Schuss ging am langen Pfosten vorbei ins Toraus. Auch die S\u00fcdpf\u00e4lzer hatten die ein oder andere M\u00f6glichkeit, das Ergebnis auszubauen, scheiterten aber an Torh\u00fcter Yannik Sahin. Kurz vor Ende der sieben-min\u00fctigen Nachspielzeit h\u00e4tte Nils Schumacher mit einem platzierten Kopfball fast doch noch den Ausgleich erzielt. Torh\u00fcter Steve Leonhardt aber hielt den Kasten der Lustadter mit einer Glanzparade sauber. <em>(hp\/jh)<\/em><\/p>\n\n\n\n<h3 class=\"wp-block-heading\">A-Junioren Landesliga Vorderpfalz: JSG Muli &#8211; 08 0:2 \/ Zwei Tore von Mastrorocco &#8211; Nun auf dem 4. Platz<\/h3>\n\n\n\n<p>Zwei Tore von Ibrahim Mastrorocco sorgten am vergangenen Samstag daf\u00fcr, dass sich der Fu\u00dfball-A-Junioren-Landesligist 1. FC 08 Ha\u00dfloch \u00fcber einen gelungenen Start in das Jahr 2019 freuen durfte. Die Mannschaft von 08-Trainer Matthias Lambert gewann bei der JSG Mutterstadt\/Limburgerhof mit 2:0 und schob sich in der Tabelle an der spielfreien JSG Freinsheim\/Weisenheim auf den vierten Rang vor.<\/p>\n\n\n\n<p>In der ersten Vierteilstunde hatten die Gastgeber noch die gr\u00f6\u00dferen Spielanteile, denn sie versuchten, die Ha\u00dflocher mit aggressivem Pressing unter Druck zu setzen. Nachdem die 08er die gegnerische Anfangsoffensive schadlos \u00fcberstanden hatten, wurden sie auch besser. In der 41. Minute schloss Mastrorocco schlie\u00dflich einen sch\u00f6nen Spielzug mit der 1:0-F\u00fchrung ab. Kurz vor dem Halbzeitpfiff sah ein Spieler der JSG wegen Nachtretens die Rote Karte, so dass die Schlussphase der ersten H\u00e4lfte als spielentscheidend bezeichnet werden kann. Nach der Pause dominierten die Ha\u00dflocher klar. Nachdem Mastrorocco in der 67. Minute einen Alleingang mit dem Treffer zum 2:0 abgeschlossen hatte, boten sich den Ha\u00dflochern noch zahlreiche weitere gute Chancen, um den Vorsprung auszubauen, aber diese wurden s\u00e4mtlich vergeben. &#8222;Das war ein souver\u00e4n herausgespielter und deshalb auch verdienter Sieg&#8220;, kommentierte Lambert die Begegnung. <em>(jh) <\/em><\/p>\n\n\n\n<h3 class=\"wp-block-heading\">08 Ha\u00dfloch: Uwe Rudingsdorfer erh\u00e4lt Ehrenamtspreis des SWFV \/ Ehrenamtliches Engagement belohnt<\/h3>\n\n\n\n<figure class=\"wp-block-image\"><img decoding=\"async\" loading=\"lazy\" width=\"800\" height=\"533\" src=\"https:\/\/speyer24news.com\/wp-content\/uploads\/2019\/03\/IMG_2619.jpg\" alt=\"\" class=\"wp-image-10132\" srcset=\"https:\/\/speyer24news.com\/wp-content\/uploads\/2019\/03\/IMG_2619.jpg 800w, https:\/\/speyer24news.com\/wp-content\/uploads\/2019\/03\/IMG_2619-300x200.jpg 300w, https:\/\/speyer24news.com\/wp-content\/uploads\/2019\/03\/IMG_2619-768x512.jpg 768w\" sizes=\"(max-width: 800px) 100vw, 800px\" \/><\/figure>\n\n\n\n<p>Uwe Rudingsdorfer vom 1. FC 08 Ha\u00dfloch hat den Ehrenamtspreis des S\u00fcdwestdeutschen Fu\u00dfballverbandes (SWFV) erhalten. Er bekam eine Einladung zum Dankesch\u00f6n-Wochenende Mitte Mai am Niederrhein. Zudem geh\u00f6rt Rudingsdorfer nun zum Club 100, verbunden mit dem Besuch eines L\u00e4nderspiels der deutschen A-Nationalmannschaft. Der 1. FC 08 Ha\u00dfloch, der Rudingsdorfer f\u00fcr diese Ehrung vorgeschlagen hatte, erh\u00e4lt zudem zwei Mini-Tore und Fu\u00dfb\u00e4lle.<\/p>\n\n\n\n<p>Rudingsdorfer, langj\u00e4hriger Verbandsligaspieler des damaligen FV Speyer und danach des 1. FC 08 Ha\u00dfloch sowie Leiter der st\u00e4dtischen Verkehrsbeh\u00f6rde in der Domstadt engagiert sich seit Beendigung seiner aktiven Karriere 2009 bei den 08ern und \u00fcbte bis 2018 das Amt des Jugendleiters aus. Als erfolgreicher Jugendtrainer betreute er 08-Mannschaften von den Bambinis bis aktuell zu den D-Junioren. Im vergangenen Jahr \u00fcbernahm er die D 1 der Ha\u00dflocher und kehrte auf Anhieb als Meister in die Landesliga Vorderpfalz zur\u00fcck. Zur Zeit belegt er mit seiner Mannschaft dort den ersten Platz und schnuppert an der Verbandsliga. Auf unserem Foto \u00fcbergibt der Pr\u00e4sident des SWFV Dr. Hans-Dieter Drewitz die Ehrenurkunde an Uwe Rudingsdorfer, neben ihm der Ehrenamtsbeauftragte des Fu\u00dfballkreises Rhein-Mittelhaardt Ferit Isufaj, der die Laudatio hielt.  <em>(jh) <\/em> <\/p>\n\n\n\n<h3 class=\"wp-block-heading\">Spieltag der G-Junioren in B\u00f6hl-Iggelheim \/ Die Kleinsten der 08 ganz gro\u00df &#8211; Super Spieltag ohne Niederlage<\/h3>\n\n\n\n<p>Am vergangenen Wochenende (08.02.-10.02.19) trat die G-Jugend-Mannschaft des 1. FC 08  Ha\u00dfloch in der Iggelheimer Wahagnieshalle zum Spieltag an. Zun\u00e4chst  konnte sich die Mannschaft mit Kampf, aber verdient, ein 1:0 gegen  K\u00f6nigsbach in letzter Minute erk\u00e4mpfen. Im zweiten Spiel ging es dann  gegen den FC Mittelhaardt. Auch hier hatten die 08-Jungs wenig M\u00fche und  gingen mit einem 2:0-Sieg vom Platz. In den letzten beiden Spielen ging es jeweils gegen die Gastgeber der SG B\u00f6hl-Iggelheim. Nach dem klaren  4:1-Sieg gegen deren zweite Mannschaft ging es im letzten Spiel gegen  die erste Mannschaft der B\u00f6hl-Iggelheimer. Die Kleinsten des 1. FC 08  Ha\u00dfloch lie\u00dfen auch in diesem Spiel recht wenig in der Defensive zu,  konnten jedoch auch einige M\u00f6glichkeiten nicht in Tore umm\u00fcnzen. So  endete die letzte Partie torlos. Eine super Hallenspieltag f\u00fcr die 08-G-Jugend ging sehr erfolgreich zu Ende.  <em>(jh) <\/em> <\/p>\n\n\n\n<h3 class=\"wp-block-heading\">B 1-Junioren des 1. FC 08 Ha\u00dfloch spielten eine gute Vorrunde in der  Landesliga Vorderpfalz \/ 3. Platz in der Tabelle soll gehalten werden<\/h3>\n\n\n\n<p>Die B 1-Junioren des 1. FC 08 Ha\u00dfloch spielen in der Saison 2018\/19 eine gute Rolle in der Landesliga Vorderpfalz. Sie \u00fcberwintern in der Winterpause mit 34 Punkten und 55:21 Toren auf dem hervorragenden 3. Platz in der Tabelle. In der Heimtabelle sind die 08er sogar Zweiter. Erster ist der JFV 1. FC Rheinpfalz mit 39 Punkten vor dem FSV Offenbach II mit 35 Punkten.<\/p>\n\n\n\n<p>Die 08er hatten einen guten Start in die Meisterschaft mit zwei Siegen . Die neu formierte B1 Jugend,welche nach dem Abgang von vier Leistungstr\u00e4gern mit nur 16 Spielern in die neue Runde startete , gewann zum Auftakt die ersten zwei Spiele  gegen Jockrim mit 9:0 und Schifferstadt mit 4:2 Toren . Doch in der 1. Runde im Verbandspokal kam gleich die erste  Ern\u00fcchterung! Beim Verbandsligisten Viktoria Herxheim gab es eine ungl\u00fcckliche 0:3 Niederlage. Allerdings musste hier , wie auch beim Ausw\u00e4rtsspiel in Offenbach (0:3) verletzungsbedingt jeweils mit einer teilweise durch C-Jugend-Spieler erg\u00e4nzten Mannschaft angetreten werden.<\/p>\n\n\n\n<p>Anschlie\u00dfend gab es vier Siege in Folge , mit einem Torverh\u00e4ltnis von 18:4 Toren. Aus den n\u00e4chsten beiden Spielen gegen Seebach (3:3) und in Altrip , wo es wiederum aufgrund von verletzungsbedingten Ausf\u00e4llen, aber auch auf Grund eines sehr schlechten unkonzentriert gef\u00fchrten Spieles eine unn\u00f6tige Niederlage gab , konnte nur ein Punkt geholt werden. Das Spiel gegen Altrip war der absolute Tiefpunkt der Vorrunde.<\/p>\n\n\n\n<p>Danach wurde wieder durchgestartet. Im darauf folgendem Spiel gegen den mit ehemaligen Regionalligaspielern gespickten Tabellenf\u00fchrer 1.FC Rheinpfalz zeigten die 08-Jungs dann wieder ein sehr engagiertes Spiel. Es gab zwar mit 1:3 die erwartete Niederlage. jedoch war zu erkennen, dass die Formkurve wieder nach oben zeigt. Aus den folgenden f\u00fcnf Spielen bis zur Winterpause wurden f\u00fcnf Siege  und 15 Punkte mit einem Torverh\u00e4ltnis  von 18 :3 Toren geholt. Hierbei wurde auch der damalige Tabellenzweite  VFR Frankenthal  ausw\u00e4rts mit 2:1 bezwungen.<\/p>\n\n\n\n<p>Trainer J\u00fcrgen Jeck: \u201eLobend zu Vorrunde ist die \u00fcberwiegend gute Trainingsbeteiligung , aber vor allem die Mentalit\u00e4t und Moral  des sehr kleinen Kaders, der oft durch Verletzungen geschw\u00e4cht war , zu erw\u00e4hnen. Bei allen Jungs ist eine Weiterentwicklung zu sehen , erfreulicherweise konnten im Vergleich zum Vorjahr bis zur Winterpause  mehr Punkte geholt werden , aber vor allem wurden endlich auch mehr Tore geschossen , was auf Grund der Abg\u00e4nge so nicht zu erwarten war\u201c. Betreuer und Co-Trainer Rainer Sch\u00e4dler erg\u00e4nzt: \u201eIn der R\u00fcckrunde soll nach einer intensiven Vorbereitung und einem hoffentlich verletzungsfreien Verlauf der 3. Platz auf jeden Fall gehalten werden\u201c .  <em>(jh) <\/em> <\/p>\n\n\n\n<h3 class=\"wp-block-heading\">Neues vom 08-Stammtisch Nr. 47 \/ Fu\u00dfball beim 1. FC 08 Ha\u00dfloch<\/h3>\n\n\n\n<div class=\"wp-block-image\"><figure class=\"alignleft is-resized\"><img decoding=\"async\" loading=\"lazy\" src=\"https:\/\/speyer24news.com\/wp-content\/uploads\/2019\/03\/08-er-Stammtisch.jpg\" alt=\"\" class=\"wp-image-10129\" width=\"332\" height=\"186\" srcset=\"https:\/\/speyer24news.com\/wp-content\/uploads\/2019\/03\/08-er-Stammtisch.jpg 330w, https:\/\/speyer24news.com\/wp-content\/uploads\/2019\/03\/08-er-Stammtisch-300x168.jpg 300w\" sizes=\"(max-width: 332px) 100vw, 332px\" \/><\/figure><\/div>\n\n\n\n<p>Die 47. Ausgabe der Sendereihe \u201e<strong>Neues vom 08-Stammtisch<\/strong>\u201c ist auf youtube.com unter dem Link <a href=\"https:\/\/youtu.be\/uBah9DnnEOs\">https:\/\/youtu.be\/uBah9DnnEOs<\/a> sowie auf der Homepage des 1. FC 08 Ha\u00dfloch unter <a href=\"http:\/\/www.fc08hassloch.de\">www.fc08hassloch.de<\/a> zu sehen. Auch beim Offenen Kanal Weinstra\u00dfe wird der Film ausgestrahlt.<\/p>\n\n\n\n<p>In der neuesten Ausgabe diskutiert Moderator Thomas Dill-Korter zun\u00e4chst mit Spielertrainer Andreas Brill und Spieler Christian Bayer \u00fcber die Saison 2018\/19 der 1. Fu\u00dfballmannschaft der 08er. Danach hei\u00dft das Thema \u201eDie Fu\u00dfballjugend des 1. FC 08 Ha\u00dfloch\u201c. Matthias Lambert (Trainer der A-Junioren) und Uwe Rudingsdorfer (Trainer der D-Junioren) berichten<br>\u00fcber Erfolge ihrer Teams und eine insgesamt erfolgreiche Jugendarbeit der 08er.<\/p>\n\n\n\n<p>Produziert wurde der Film von Peter Schallmeier, verantwortlich ist J\u00fcrgen Hurrle.  <em>(jh) <\/em> <\/p>\n\n\n\n<h3 class=\"wp-block-heading\">1.FC 08 Ha\u00dfloch mit elf Spielern einig \/ <br>Kaderplanung der 08er f\u00fcr die neue Saison geht voran <\/h3>\n\n\n\n<p>Nach den Zusagen von Spielertrainer Andreas Brill und Co-Trainer  Christian Rebres, meldet der Sportliche Leiter \u00a0und 3. Vorsitzende des  1. FC 08 Ha\u00dfloch Alexander Beckmann weitere Zusagen f\u00fcr die Saison  2019\/2020. &#8222;Ich bin froh mitteilen zu k\u00f6nnen, dass uns die Spieler:  Riesbeck, Engisch, Lintz, Kaiser, Coenen, Allen, Bayer, Temizkan,  Griszhaber und Schumacher auch in der kommenden Runde erhalten bleiben.  Die weitere Kaderplanung ist im vollen Gange und ich bin mir sicher,  bald weitere Namen verk\u00fcnden zu k\u00f6nnen&#8220;  <em>(jh) <\/em> <strong><br><\/strong><\/p>\n","protected":false},"excerpt":{"rendered":"<div class=\"mh-excerpt\"><p>Bezirksliga Vorderpfalz: 1. FC 08 Ha\u00dfloch gegen FC Lustadt 0:1 \/ Ha\u00dflocher Chancen vom Winde verweht. Bei widrigen Bedingungen (Orkanb\u00f6en) war ein regul\u00e4res Fu\u00dfballspiel schwer m\u00f6glich. Der starke Wind lie\u00df den Akteuren auf beiden Seiten <a class=\"mh-excerpt-more\" href=\"https:\/\/speyer24news.com\/?p=10128\" title=\"1. FC 08 Ha\u00dfloch &#038; Eightballs Ha\u00dfloch\">[&#8230;]<\/a><\/p>\n<\/div>","protected":false},"author":3,"featured_media":10130,"comment_status":"open","ping_status":"open","sticky":false,"template":"","format":"standard","meta":{"_monsterinsights_skip_tracking":false,"_monsterinsights_sitenote_active":false,"_monsterinsights_sitenote_note":"","_monsterinsights_sitenote_category":0,"footnotes":""},"categories":[317],"tags":[320,318,321,319,180],"aioseo_notices":[],"amp_enabled":true,"_links":{"self":[{"href":"https:\/\/speyer24news.com\/index.php?rest_route=\/wp\/v2\/posts\/10128"}],"collection":[{"href":"https:\/\/speyer24news.com\/index.php?rest_route=\/wp\/v2\/posts"}],"about":[{"href":"https:\/\/speyer24news.com\/index.php?rest_route=\/wp\/v2\/types\/post"}],"author":[{"embeddable":true,"href":"https:\/\/speyer24news.com\/index.php?rest_route=\/wp\/v2\/users\/3"}],"replies":[{"embeddable":true,"href":"https:\/\/speyer24news.com\/index.php?rest_route=%2Fwp%2Fv2%2Fcomments&post=10128"}],"version-history":[{"count":1,"href":"https:\/\/speyer24news.com\/index.php?rest_route=\/wp\/v2\/posts\/10128\/revisions"}],"predecessor-version":[{"id":10134,"href":"https:\/\/speyer24news.com\/index.php?rest_route=\/wp\/v2\/posts\/10128\/revisions\/10134"}],"wp:featuredmedia":[{"embeddable":true,"href":"https:\/\/speyer24news.com\/index.php?rest_route=\/wp\/v2\/media\/10130"}],"wp:attachment":[{"href":"https:\/\/speyer24news.com\/index.php?rest_route=%2Fwp%2Fv2%2Fmedia&parent=10128"}],"wp:term":[{"taxonomy":"category","embeddable":true,"href":"https:\/\/speyer24news.com\/index.php?rest_route=%2Fwp%2Fv2%2Fcategories&post=10128"},{"taxonomy":"post_tag","embeddable":true,"href":"https:\/\/speyer24news.com\/index.php?rest_route=%2Fwp%2Fv2%2Ftags&post=10128"}],"curies":[{"name":"wp","href":"https:\/\/api.w.org\/{rel}","templated":true}]}}