{"id":10135,"date":"2019-03-12T13:07:35","date_gmt":"2019-03-12T12:07:35","guid":{"rendered":"https:\/\/speyer24news.com\/?p=10135"},"modified":"2019-03-12T13:07:38","modified_gmt":"2019-03-12T12:07:38","slug":"hassloch","status":"publish","type":"post","link":"https:\/\/speyer24news.com\/?p=10135","title":{"rendered":"Ha\u00dfloch"},"content":{"rendered":"<style type=\"text\/css\">\r\n\t.ads_top_disp{}\r\n\t.ads_top_corner_disp{ float:left; margin:0px 10px 10px 0px; }\r\n\t.ads_first_p_disp{}\r\n\t.ads_bottom_disp{}\r\n\t<\/style>\n<h3 class=\"wp-block-heading\">Erneuerung der Adam-Stegerwald-Stra\u00dfe \/ Arbeiten im n\u00e4chsten Teilabschnitt beginnen<\/h3>\n\n\n\n<p>Im Zuge der Erneuerung der Adam-Stegerwald-Stra\u00dfe <strong><em>beginnen am Montag, den 18. M\u00e4rz 2019<\/em><\/strong> die Arbeiten im n\u00e4chsten Unterabschnitt zwischen dem Kreisverkehr am Badepark und der Einfahrt in H\u00f6he des Sportvereins 1. FC 08 Ha\u00dfloch. Die Arbeiten in diesem Abschnitt k\u00f6nnen nur unter Vollsperrung durchgef\u00fchrt werden. Autofahrer werden daher entsprechend umgeleitet. In West-Ost-Richtung kann die Adam-Stegerwald-Stra\u00dfe bis zur August-BebelStra\u00dfe und dann weiter \u00fcber die Hans-B\u00f6ckler-Stra\u00dfe in Richtung Einkaufszentrum Real sowie in Richtung B39 befahren werden. In der Gegenrichtung ist keine Befahrung der Adam-Stegerwald-Stra\u00dfe m\u00f6glich. Die Umleitung f\u00fcr Autofahrer aus Richtung Ha\u00dfloch erfolgt zum Erreichen des Real-Einkaufsmarktes und Medi-Zentrums \u00fcber die K14, die Fabrikstra\u00dfe sowie die Werkstra\u00dfe. Die Umleitungen werden entsprechend ausgeschildert.<\/p>\n\n\n\n<p>Auch f\u00fcr Radfahrer ist der Bereich zwischen Badepark-Kreisel und 1. FC 08 Ha\u00dfloch gesperrt. Die Umleitung f\u00fcr Radfahrer erfolgt ab dem Kreisverkehr \u00fcber den \u00f6stlichen Radweg. Die Arbeiten im besagten Abschnitt werden voraussichtlich drei Wochen andauern.<\/p>\n\n\n\n<p>Im Anschluss daran (voraussichtlich ab KW 15) muss die Adam-Stegerwald-Stra\u00dfe f\u00fcr die Herstellung der finalen Asphaltdecke sowie verschiedener Restarbeiten zwischen BadeparkKreisel und Hans-B\u00f6ckler-Stra\u00dfe f\u00fcr circa eine Woche voll gesperrt werden. Hier\u00fcber werden wir in einer sp\u00e4teren Mitteilung noch einmal gesondert informieren.<\/p>\n\n\n\n<p><em>Gemeindeverwaltung Ha\u00dfloch<br>12.03.2019<\/em><\/p>\n\n\n\n<h3 class=\"wp-block-heading\">Neue Ausstellung bei \u201eKunst im Treppenhaus\u201c<\/h3>\n\n\n\n<div class=\"wp-block-image\"><figure class=\"aligncenter\"><img decoding=\"async\" loading=\"lazy\" width=\"500\" height=\"499\" src=\"https:\/\/speyer24news.com\/wp-content\/uploads\/2019\/03\/Bild-Pelkner.jpg\" alt=\"\" class=\"wp-image-10158\" srcset=\"https:\/\/speyer24news.com\/wp-content\/uploads\/2019\/03\/Bild-Pelkner.jpg 500w, https:\/\/speyer24news.com\/wp-content\/uploads\/2019\/03\/Bild-Pelkner-150x150.jpg 150w, https:\/\/speyer24news.com\/wp-content\/uploads\/2019\/03\/Bild-Pelkner-300x300.jpg 300w\" sizes=\"(max-width: 500px) 100vw, 500px\" \/><figcaption> Bild von Christiane Pelkner<\/figcaption><\/figure><\/div>\n\n\n\n<p>Im Rahmen der Reihe \u201eKunst im Treppenhaus\u201c k\u00f6nnen Besucherinnen und Besucher der Gemeindeb\u00fccherei Ha\u00dfloch noch bis Ende April Arbeiten von Christiane Pelkner besichtigen. Ihre Ausstellung tr\u00e4gt den Titel \u201eMenschliche Figuren\u201c und zeigt Bilder in Acryl, die mit einer bestimmten Spachteltechnik entstanden sind. Herausgearbeitet hat sie dabei menschliche Figuren, die je nach Bild erst bei l\u00e4ngerer oder intensiverer Betrachtung des Motives zum Vorschein kommen.<\/p>\n\n\n\n<p>Christiane Pelkner hat bereits als Kind gerne gezeichnet und sich f\u00fcr Kunst interessiert. Doch der Funke zum Selbermalen ist erst deutlich sp\u00e4ter \u00fcbergesprungen. Im Jahr 1994 hat ihr ehemaliger Arbeitgeber einen \u00d6lmalkurs f\u00fcr interessierte Mitarbeiter angeboten, den sie mit Begeisterung besuchte. Im Jahr 2004 folgte ein Kurs an der Kunstschule in Herxheim bei Landau. Dort erlernte sie die Spachteltechniken in Acryl. So sind im Laufe der Jahre zahlreiche Bilder entstanden. Das sei ein Hobby, das sehr gut entspanne und einen die Zeit vergessen lasse, so Pelkner.<\/p>\n\n\n\n<p>Ihre Bilder hat sie bereits im Salon eines befreundeten Friseurs in Neustadt ausgestellt und auch bei der Gartenschau in Kaiserslautern waren ihre Motive schon zu sehen. Auf die Ha\u00dflocher Gemeindeb\u00fccherei ist die in Deidesheim wohnhafte Hobbyk\u00fcnstlerin durch eine Freundin aufmerksam geworden. Sie hatte von der Reihe \u201eKunst im Treppenhaus\u201c in der Zeitung gelesen und dabei sofort den Bogen zu ihrer Freundin geschlagen. Christiane Pelkner hatte daraufhin Kontakt zu B\u00fcchereileiterin Gabi Pfadt aufgenommen \u2013 und nun sind ihre Werke tats\u00e4chlich im Treppenhaus der B\u00fccherei zu sehen.<\/p>\n\n\n\n<p>\u00dcber die M\u00f6glichkeit, in der Gemeindeb\u00fccherei ausstellen zu k\u00f6nnen, freut sich Pelkner sehr. Als Hobbyk\u00fcnstlerin sei man immer stolz, wenn die eigenen Arbeiten eine \u00f6ffentliche B\u00fchne bekommen. B\u00fcchereileiterin Gabi Pfadt und der Erste Beigeordnete Tobias Meyer freuen sich ebenfalls \u00fcber die neue Ausstellung. W\u00e4hrend in den Monaten Januar und Februar Fotografien des Papageitauchers zu bestaunen waren, ist mit den Motiven von Christiane Pelkner nun wieder etwas v\u00f6llig anderes zu sehen \u2013 das mache die Ausstellungsreihe so interessant und vor allem abwechslungsreich, so Pfadt und Meyer. Seit jeher ist \u201eKunst im Treppenhaus\u201c eine Win-win-Situation f\u00fcr alle Beteiligten: Kunstschaffende aus der Region haben die M\u00f6glichkeit, sich zu pr\u00e4sentieren und gleichzeitig erf\u00e4hrt das Treppenhaus der B\u00fccherei dadurch eine optische Aufwertung, so Meyer.<\/p>\n\n\n\n<p>Die Ausstellung \u201eMenschliche Figuren\u201c von Christiane Pelkner ist noch bis Ende April zu den \u00fcblichen \u00d6ffnungszeiten im Treppenhaus der Gemeindeb\u00fccherei zu sehen. Der Eintritt ist frei.<\/p>\n\n\n\n<p><em>Gemeindeverwaltung Ha\u00dfloch<br>12.03.2019<\/em><\/p>\n\n\n\n<h3 class=\"wp-block-heading\">Auftakt zum 5. Krimifestival Kurpfalz in Ha\u00dfloch<\/h3>\n\n\n\n<figure class=\"wp-block-image\"><img decoding=\"async\" loading=\"lazy\" width=\"800\" height=\"173\" src=\"https:\/\/speyer24news.com\/wp-content\/uploads\/2019\/03\/5-Krimifestival.png\" alt=\"\" class=\"wp-image-10157\" srcset=\"https:\/\/speyer24news.com\/wp-content\/uploads\/2019\/03\/5-Krimifestival.png 800w, https:\/\/speyer24news.com\/wp-content\/uploads\/2019\/03\/5-Krimifestival-300x65.png 300w, https:\/\/speyer24news.com\/wp-content\/uploads\/2019\/03\/5-Krimifestival-768x166.png 768w\" sizes=\"(max-width: 800px) 100vw, 800px\" \/><\/figure>\n\n\n\n<p><em>Vom 14. bis zum 30. M\u00e4rz 2019<\/em> macht sich in der Region die 5. Auflage des Krimi-Festivals Kurpfalz bemerkbar. In diesem Zeitraum sind 48 Veranstaltungen geplant, die sich \u00fcber die gesamte Kurpfalz erstrecken. Krimi-Lesungen, Krimif\u00fchrungen sowie Lesungen mit Weinverk\u00f6stigung stehen auf dem Programm. Der Startschuss zum 5. Krimifestival Kurpfalz f\u00e4llt in diesem Jahr im Kulturviereck in Ha\u00dfloch. Termin f\u00fcr die Auftaktveranstaltung ist der 14. M\u00e4rz. An dem Tag verwandelt sich die Ha\u00dflocher Gillergasse getreu des Festivalmottos in die Killergasse und bietet Krimifans einen spannenden und unterhaltsamen Abend. Zur Er\u00f6ffnungsveranstaltung werden im Kulturviereck drei Autoren erwartet: Claudia Schmid wird Passagen aus ihrem Buch \u201eM\u00f6rderischer Jakobsweg\u201c lesen, Harald Schneider wird den neusten Fall von Kommissar Palzki vorstellen und Guido Diekmann hat einen historischen Krimi im Gep\u00e4ck. Musikalisch begleitet wird der Abend von der \u201eRonPrinzKombo\u201c und auch Steffen Boiselle ist mit \u201e100% P\u00e4lzer\u201c Teil des Er\u00f6ffnungsabends. Karten f\u00fcr die Veranstaltung gibt es f\u00fcr 7,00 Euro in der Ha\u00dflocher Tourist-Information zu kaufen. <\/p>\n\n\n\n<p>Die Leiterin der Ha\u00dflocher Tourist-Information Annika Weiss sowie der zust\u00e4ndige Beigeordnete Tobias Meyer begr\u00fc\u00dfen die Zusammenarbeit mit der Touristikgemeinschaft Kurpfalz und freuen sich, dass die Gemeinde Ha\u00dfloch in diesem Jahr Kooperationspartner ist und die Auftaktveranstaltung zum 5. Krimifestival Kurpfalz ausrichten darf. \u201eGastgeber f\u00fcr eine solch etablierte Veranstaltungsreihe sein zu d\u00fcrfen, mache schon ein wenig stolz\u201c, so der Erste Beigeordnete Tobias Meyer.<\/p>\n\n\n\n<p>Das Krimifestival macht sich \u00fcbrigens nicht nur w\u00e4hrend der Auftaktveranstaltung in Ha\u00dfloch bemerkbar. Im Rahmen der Reihe gibt es weitere Termine im Gro\u00dfdorf. Am <strong>15. M\u00e4rz <\/strong>l\u00e4dt das WwP-Theater beispielsweise zu einem Krimidinner in den Hubertushof ein und am <strong>16. M\u00e4rz<\/strong> hei\u00dft es \u201eMord im K4\u201c. Hierbei d\u00fcrfen sich die Teilnehmer auf eine spannende Krimif\u00fchrung freuen, die ebenfalls durch das WwP-Theater organisiert wird.<\/p>\n\n\n\n<p>Julienne Matthias-Gund von der Touristikgemeinschaft Kurpfalz freut sich, dass auch in der 5. Auflage des Krimifestivals ein bunter Strau\u00df an Autoren und Veranstaltungen zusammen gekommen ist und hofft f\u00fcr alle 48 Veranstaltungen auf reges Interesse. Einen \u00dcberblick gibt es auf der Festivalseite <a href=\"http:\/\/www.krimifestival-kurpfalz.de\">www.krimifestival-kurpfalz.de<\/a>.<\/p>\n\n\n\n<p><em>Gemeindeverwaltung Ha\u00dfloch<br>12.03.2019<\/em><\/p>\n\n\n\n<h3 class=\"wp-block-heading\">Kr\u00f6tenwanderung im Ortskern \/ \u00d6stlicher Teil der Friedrich-Ebert-Platzes nachts zum Schutz der Tiere gesperrt<\/h3>\n\n\n\n<p>Im Ha\u00dflocher Friedrich-Ebert-Park \u00fcberwintern sehr viele Erdkr\u00f6ten, welche die privaten Teiche in den G\u00e4rten um den Friedrich-Ebert-Park als Laichgew\u00e4sser nutzen. Sobald die n\u00e4chtlichen Temperaturen im Fr\u00fchjahr wieder milder werden und regnerische, feuchte N\u00e4chte anstehen, wandern die Kr\u00f6ten dann los. Vom Friedrich-Ebert-Park geht es zumeist \u00fcber die Stra\u00dfe nach Osten, um dann dort in den Gartenteichen der Anwohner ihre Laichschn\u00fcre abzulegen. Fr\u00fchjahrswanderungen sind zeitlich gesehen relativ eingrenzbar, da sich bei passender Witterung alle Kr\u00f6ten gemeinsam auf den Weg machen. Bei solchen Wanderungen kommt es dann allerdings bei der \u00dcberquerung der Stra\u00dfen oftmals zum massigen Tod der Amphibien.<\/p>\n\n\n\n<p>Kr\u00f6tenwanderungen im Fr\u00fchjahr sind nichts ungew\u00f6hnliches, aber eine solch zahlenm\u00e4\u00dfig gro\u00dfe Wanderung mitten im Ortskern ist dann doch eher selten, wei\u00df Sachbearbeiterin im Bereich Umwelt Melanie Mangold. Einige Anwohner des Friedrich-Ebert-Platzes sammeln schon seit Jahren nachts die Kr\u00f6ten am Park auf und tragen sie in ihre G\u00e4rten, um sie vor den Gefahren der Stra\u00dfen\u00fcberquerung zu sch\u00fctzen. Bekannt wurde das der Gemeinde 2018, als bei einer Baustelle im Bereich des Friedrich-Ebert-Platzes die Erdkr\u00f6ten nacheinander in die Baugrube fielen. Daher war es im vergangenen Jahr recht einfach, die Tiere vor den Autos zu retten, da man sie nur gezielt aus der Baugrube holen konnte und an geeigneter Stelle wieder aussetzte.<\/p>\n\n\n\n<p>Jetzt ohne Baustelle sieht die Sache wieder ganz anders aus, da die Kr\u00f6ten nun wieder die f\u00fcr sie gef\u00e4hrliche Stra\u00dfe passieren m\u00fcssen. Ein Anwohner und Kr\u00f6tenretter hat die Verwaltung aber \u00fcber den Beginn der Kr\u00f6tenwanderung informiert und der Fachbereich Umwelt umgehend reagiert. \u201eWir lassen den \u00f6stlichen Teil der Stra\u00dfe am Friedrich-Ebert-Platz bis Ende M\u00e4rz w\u00e4hrend der Nachtstunden sperren, so dass die Wanderung der Tiere dort ohne Autos stattfinden kann und auf diesem Weg m\u00f6glichst viele Tiere unbeschadet ihre Laichgew\u00e4sser aufsuchen k\u00f6nnen\u201c, so Umweltdezernent Dieter Schuhmacher. Anwohner des gesperrten Bereiches d\u00fcrfen nat\u00fcrlich weiterhin zu ihren Grundst\u00fccken fahren, werden aber gebeten, auf die kleinen Stra\u00dfenquerer zu achten, so Schuhmacher weiter. Die restlichen Autofahrer m\u00fcssen den Friedrich-Ebert-Park im Westen umfahren, sollten aber auch hier aufmerksam sein, um nicht die \u201eWestwanderer\u201c unter den Kr\u00f6ten zu \u00fcberfahren.<\/p>\n\n\n\n<p>F\u00fcr die R\u00fcckwanderung von den Laichgew\u00e4ssern zum Park wird eine solche Aktion allerdings nicht stattfinden k\u00f6nnen, da die Amphibien hier nicht gezielt zu bestimmten Zeiten, sondern sehr individuell wandern. Die jetzige Fr\u00fchjahrswanderung ist hingegen zeitlich relativ gut einzugrenzen, weshalb die n\u00e4chtliche Sperrung auf Zeit auch Sinn macht. In dem Zusammenhang richtet Umweltdezernent Dieter Schuhmacher seinen Dank an die Bauverwaltung mit Bauhof, die Ordnungsverwaltung sowie alle weiteren beteiligten Akteure, ohne deren unb\u00fcrokratischen und schnellen Einsatz eine solche Aktion vermutlich nicht m\u00f6glich gewesen w\u00e4re.<\/p>\n\n\n\n<p><em>Gemeindeverwaltung Ha\u00dfloch<br>12.03.2019<\/em><\/p>\n\n\n\n<h3 class=\"wp-block-heading\">Aufstellung der Fundsachen im Februar<\/h3>\n\n\n\n<p>Im Monat Februar 2019 wurden nachstehende Fundsachen im Fundb\u00fcro der Gemeinde Ha\u00dfloch (B\u00fcrgerb\u00fcro, Langgasse 64) abgegeben:<\/p>\n\n\n\n<p><strong>Fahrr\u00e4der:<\/strong><\/p>\n\n\n\n<ul><li>Ein Damenrad der Marke \u201eBellini\u201c<\/li><li>Ein Damenrad der Marke \u201eDrive\u201c<\/li><li>Ein Herrenrad ohne Marke, aber lackiert<\/li><li>Ein Mountainbike der Marke \u201ePaladin\u201c<\/li><\/ul>\n\n\n\n<p><strong>Weitere Fundsachen:<\/strong><\/p>\n\n\n\n<ul><li>Ein USB-Stick der Marke \u201eScan-Disk\u201c<\/li><li>Goldene Ohrringe<\/li><\/ul>\n\n\n\n<p>Bei Fragen zu den Fundsachen k\u00f6nnen sich B\u00fcrgerinnen und B\u00fcrger an das B\u00fcrgerb\u00fcro in der Langgasse 64 wenden. Dieses ist zu den \u00fcblichen \u00d6ffnungszeiten unter der Telefonnummer 06324\/935-200 erreichbar.<\/p>\n\n\n\n<p><em>Gemeindeverwaltung Ha\u00dfloch<br>12.03.2019<\/em><\/p>\n\n\n\n<h3 class=\"wp-block-heading\">Sanierung der Stra\u00dfe \u201eAn der Fohlenweide\u201c beginnt<\/h3>\n\n\n\n<p>Am Mittwoch, den 06. M\u00e4rz 2019 begannen die Sanierungsarbeiten in der Stra\u00dfe \u201eAn der Fohlenweide\u201c zwischen der Kirchgasse und der Zufahrt zum NaturFreundehaus. Der marode Asphaltbelag wird komplett herausgenommen und wie schon im Einm\u00fcndungsbereich zum NaturFreundehaus durch Betonpflaster ersetzt. Die Pflasterung der Stra\u00dfe bringt folgenden Vorteil: Da \u201eAn der Fohlenweide\u201c aufgrund des hohen Baumbestandes immer wieder mit Wurzelsch\u00e4den an der Stra\u00dfe zu rechnen ist, kann man im Fall einer gepflasterten Fahrbahn den Schaden deutlich schneller beheben als bei einer asphaltierten Fahrbahn. <\/p>\n\n\n\n<p>Die Arbeiten k\u00f6nnen nur unter Vollsperrung durchgef\u00fchrt werden. Angesetzt ist eine Arbeitszeit von rund drei Wochen. Die Umleitung w\u00e4hrend dieser Zeit erfolgt \u00fcber die Rosenstra\u00dfe\/Rennbahnstra\u00dfe. Das NaturFreundehaus ist von Osten (\u00fcber die Rennbahnstra\u00dfe) jederzeit zu erreichen.<\/p>\n\n\n\n<p>Die Arbeiten haben Auswirkungen auf den Schulbusverkehr. Der dort verkehrende Schulbus muss ebenfalls \u00fcber die Rosenstra\u00dfe umgeleitet werden. Dadurch entf\u00e4llt die Haltestelle an der Ecke Kirchgasse\/Im Wachtelschlag. Ein Ersatzhalt wird an der Ecke Kirchgasse\/Rosenstra\u00dfe eingerichtet. Wir bitten um Beachtung.<\/p>\n\n\n\n<p>Dar\u00fcber hinaus weist der Fachbereich \u201eBauen und Umwelt\u201c daraufhin, dass der Forst die Sperrung nutzen wird, um parallel die kranken Kiefern im Bereich des August-Sch\u00f6n-Wegs und des dortigen Fu\u00dfballvereins zu f\u00e4llen. Wie in der Pressemitteilung vom 21. Februar 2019 bereits mitgeteilt, werden bis Ende M\u00e4rz vermehrt kranke Kiefern im Wald gef\u00e4llt, bei denen durch die Versuchs- und Forschungsanstalt Baden-W\u00fcrttemberg unter anderem ein MistelBefall sowie der Befall durch Prachtk\u00e4fer festgestellt worden ist.<\/p>\n\n\n\n<p><em>Gemeindeverwaltung Ha\u00dfloch<br>12.03.2019<\/em><\/p>\n\n\n\n<h3 class=\"wp-block-heading\">Konzert im Jugend- und Kulturhaus Blaub\u00e4r mit \u201eBAC Y LA BANDA\u201c<\/h3>\n\n\n\n<div class=\"wp-block-image\"><figure class=\"aligncenter is-resized\"><img decoding=\"async\" loading=\"lazy\" src=\"https:\/\/speyer24news.com\/wp-content\/uploads\/2019\/03\/Blaub\u00e4r-Ha\u00dfloch-Logo.png\" alt=\"\" class=\"wp-image-10159\" width=\"457\" height=\"192\" srcset=\"https:\/\/speyer24news.com\/wp-content\/uploads\/2019\/03\/Blaub\u00e4r-Ha\u00dfloch-Logo.png 330w, https:\/\/speyer24news.com\/wp-content\/uploads\/2019\/03\/Blaub\u00e4r-Ha\u00dfloch-Logo-300x126.png 300w\" sizes=\"(max-width: 457px) 100vw, 457px\" \/><\/figure><\/div>\n\n\n\n<p>In regelm\u00e4\u00dfigen Abst\u00e4nden veranstaltet das Ha\u00dflocher Jugend- und Kulturhaus Blaub\u00e4r Konzerte mit regionalen Bands. Das n\u00e4chste Konzert steht nun am 16. M\u00e4rz 2019 auf dem Programm. Auf der B\u00fchne des Jugendzentrums wird die Band \u201eBAC Y LA BANDA\u201c stehen.<\/p>\n\n\n\n<p>\u201eBAC Y LA BANDA\u201c ist eine f\u00fcnfk\u00f6pfige Band aus Landau und Umgebung und covert unbekannte St\u00fccke gemischt mit Eigenkompositionen. Im Mittelpunkt stehen dabei lateinamerikanische Rhythmen. Neben der Rumba gibt es Ausfl\u00fcge zum Reggae, Ska und Folk-Rock, bis hin zu Balkankl\u00e4ngen. Die Songtexte sind in spanischer, englischer und deutscher Sprache und handeln unter anderem von den \u00c4ngsten und W\u00fcnschen der Menschheit. Auch auf politische und gesellschaftliche Missst\u00e4nde wird hingewiesen. Spa\u00df und gute Laune stehen nach Bandangaben aber immer im Vordergrund.<\/p>\n\n\n\n<p>Die f\u00fcnfk\u00f6pfige Truppe benutzt akustische Instrumente wie Akkordeon, Geige und Flamencogitarre. Drums, E-Gitarre und eine treibende Bassgitarre unterst\u00fctzen den mehrstimmigen Gesang. Da passiert es schon mal, dass der ein oder andere Besucher denkt, er sei in einer Stranddisco zwischen Palmen und Meer. Eine \u00e4hnliche Atmosph\u00e4re will man auch dem Ha\u00dflocher Publikum bieten.<\/p>\n\n\n\n<p>Das Konzert beginnt am <em>Samstag, den 16. M\u00e4rz 2019<\/em> um 20:00 Uhr. Der Eintritt an der Abendkasse betr\u00e4gt 5,00 Euro.<\/p>\n\n\n\n<p><em>Gemeindeverwaltung Ha\u00dfloch<br>12.03.2019<\/em><\/p>\n\n\n\n<h3 class=\"wp-block-heading\">Trinationaler Austausch in Kreisau \/ Junge Erwachsene aus Ha\u00dfloch zur Teilnahme eingeladen<\/h3>\n\n\n\n<figure class=\"wp-block-image\"><img decoding=\"async\" loading=\"lazy\" width=\"1024\" height=\"678\" src=\"https:\/\/speyer24news.com\/wp-content\/uploads\/2019\/03\/Bild-Jugendbegegnungsst\u00e4tte-Kreisau-1024x678.jpg\" alt=\"\" class=\"wp-image-10156\" srcset=\"https:\/\/speyer24news.com\/wp-content\/uploads\/2019\/03\/Bild-Jugendbegegnungsst\u00e4tte-Kreisau-1024x678.jpg 1024w, https:\/\/speyer24news.com\/wp-content\/uploads\/2019\/03\/Bild-Jugendbegegnungsst\u00e4tte-Kreisau-300x199.jpg 300w, https:\/\/speyer24news.com\/wp-content\/uploads\/2019\/03\/Bild-Jugendbegegnungsst\u00e4tte-Kreisau-768x509.jpg 768w, https:\/\/speyer24news.com\/wp-content\/uploads\/2019\/03\/Bild-Jugendbegegnungsst\u00e4tte-Kreisau.jpg 2048w\" sizes=\"(max-width: 1024px) 100vw, 1024px\" \/><figcaption>Jugendbegegnungsst\u00e4tte Kreisau<\/figcaption><\/figure>\n\n\n\n<p>Der Ha\u00dflocher Arbeitskreis Viroflay m\u00f6chte in Zusammenarbeit mit den beiden Partnergemeinden Viroflay (Frankreich) und Wolczyn (Polen) im Oktober dieses Jahres einen trinationalen Austausch organisieren, bei dem junge Erwachsene aus Ha\u00dfloch, Viroflay und Wolczyn zu einem dreit\u00e4gigen Workshop auf dem ehemaligen \u201eGut Moltke\u201c in Kreisau &#8211; heute Sitz der \u201eStiftung Kreisau f\u00fcr europ\u00e4ische Verst\u00e4ndigung\u201c &#8211; zusammen kommen. <\/p>\n\n\n\n<p>Das ehemalige \u201eGut Moltke\u201c in Kreisau gilt heute als ein f\u00fcr Europa historisch bedeutender Ort. Das Gut geh\u00f6rte der Adelsfamilie von Moltke und war in den Jahren 1942 und 1943 Treffpunkt der f\u00fchrenden K\u00f6pfe der Widerstandsgruppe \u201eKreisauer Kreis\u201c, die sich mit Pl\u00e4nen einer politisch-gesellschaftlichen Neuordnung nach dem angenommenen Zusammenbruch der Hitler-Diktatur befasste. Nach dem Krieg wurde das Gut als Landwirtschaftliche Genossenschaft genutzt. Im November 1989 fand dort eine Vers\u00f6hnungsmesse mit dem damaligen polnischen Ministerpr\u00e4sidenten Mazowiecki und dem ehemaligen deutschen Bundeskanzler Kohl statt. Es reifte die Idee, das Gut zu sanieren und eine internationale Jugendbegegnungsst\u00e4tte zu er\u00f6ffnen, um die Erinnerung an die Widerstandsgruppe nicht in Vergessenheit geraten zu lassen. Im Jahr 1998 erfolgte die Er\u00f6ffnung der Begegnungsst\u00e4tte.<\/p>\n\n\n\n<p>Genau an diesem Ort soll nun der trinationale Austausch zwischen den Jugendlichen aus Ha\u00dfloch, Viroflay und Wolczyn stattfinden. Der Austausch wird unter dem Leitthema \u201eUnsere europ\u00e4ische Zukunft?!\u201c stehen. Dabei soll es um den Austausch von Erfahrungen und die Entwicklung von Ideen f\u00fcr die weitere Gestaltung von Europas Zukunft gehen. Unterst\u00fctzt wird die Veranstaltung von Karlheinz Schaedler, der an Schulen in allen drei L\u00e4ndern t\u00e4tig war und eine Veranstaltung dieser Art in Kreisau bereits mitverantwortlich geleitet hat. Der Austausch wird vom 20. bis zum 23. Oktober 2019 stattfinden.<\/p>\n\n\n\n<p>Derzeit werden interessierte Teilnehmerinnen und Teilnehmer aus Ha\u00dfloch gesucht. Angesprochen sind junge Erwachsene im Alter von 18 Jahren (+\/- ein Jahr) mit Fremdsprachenkenntnissen in einer der beiden Sprachen (franz\u00f6sisch und polnisch). Dar\u00fcber hinaus sollte man ein Interesse an europ\u00e4ischen Fragestellungen sowie die Bereitschaft zur aktiven und zielorientierten Gruppenarbeit mitbringen. Die Teilnahmegeb\u00fchr pro Person liegt bei 100 Euro.<\/p>\n\n\n\n<p>Partnerschaftsdezernent Tobias Meyer ermutigt junge Ha\u00dflocher zur Teilnahme. Dies sei eine nicht allt\u00e4gliche Chance, sich mit weiteren interessierten Jugendlichen aus unseren Partnergemeinden an einen historischen Ort auszutauschen und politische Ideen zur Zukunft Europas zu formulieren und zu entwickeln. Daher sollte man keine Scheu haben, sondern sich  bei Interesse oder weiteren Fragen unverbindlich informieren, so Meyer. Ansprechpartner ist Karlheinz Schaedler. F\u00fcr Fragen und weitere Informationen steht er per Mail an ha-vi-wokreisau@outlook.com gerne zur Verf\u00fcgung. Auch die Partnerschaftsbeauftragte Judith Fuhrmann hilft gerne weiter. Sie ist telefonisch unter 06324-935 248 oder per Mail an <a href=\"judith.fuhrmann@hassloch.de\">judith.fuhrmann@hassloch.de<\/a> zu erreichen.<\/p>\n\n\n\n<p><em>Gemeindeverwaltung Ha\u00dfloch<br>12.03.2019<\/em><\/p>\n\n\n\n<h3 class=\"wp-block-heading\">Neue Ausstellung im Rathausfoyer<\/h3>\n\n\n\n<figure class=\"wp-block-image\"><img decoding=\"async\" loading=\"lazy\" width=\"800\" height=\"547\" src=\"https:\/\/speyer24news.com\/wp-content\/uploads\/2019\/03\/Friedrich-Haag__Urlaub_Foehr.jpg\" alt=\"\" class=\"wp-image-10153\" srcset=\"https:\/\/speyer24news.com\/wp-content\/uploads\/2019\/03\/Friedrich-Haag__Urlaub_Foehr.jpg 800w, https:\/\/speyer24news.com\/wp-content\/uploads\/2019\/03\/Friedrich-Haag__Urlaub_Foehr-300x205.jpg 300w, https:\/\/speyer24news.com\/wp-content\/uploads\/2019\/03\/Friedrich-Haag__Urlaub_Foehr-768x525.jpg 768w\" sizes=\"(max-width: 800px) 100vw, 800px\" \/><figcaption>Urlaub F\u00f6hr<\/figcaption><\/figure>\n\n\n\n<p>Im M\u00e4rz wird eine neue Ausstellung im Foyer des Ha\u00dflocher Rathauses zu sehen sein. Gezeigt werden unter dem Titel \u201eLandschaftsfotografie diverser L\u00e4nder\u201c Fotografien von Friedrich Haag. Dabei handelt es sich um Reisefotografien und Aufnahmen von Naturdenkm\u00e4lern und Naturschutzgebieten. Die Bilder sind zwischen 2005 und 2017 in Bayern, Mecklenburg-Vorpommern, Niedersachsen, Rheinland-Pfalz und Schleswig-Holstein entstanden. Ebenso werden aber auch Bilder aus dem Ausland, wie zum Beispiel aus Italien, \u00d6sterreich und Spanien, gezeigt.<\/p>\n\n\n\n<figure class=\"wp-block-image\"><img decoding=\"async\" loading=\"lazy\" width=\"800\" height=\"509\" src=\"https:\/\/speyer24news.com\/wp-content\/uploads\/2019\/03\/Friedrich-Haag__Urlaub_Mallorca.jpg\" alt=\"\" class=\"wp-image-10154\" srcset=\"https:\/\/speyer24news.com\/wp-content\/uploads\/2019\/03\/Friedrich-Haag__Urlaub_Mallorca.jpg 800w, https:\/\/speyer24news.com\/wp-content\/uploads\/2019\/03\/Friedrich-Haag__Urlaub_Mallorca-300x191.jpg 300w, https:\/\/speyer24news.com\/wp-content\/uploads\/2019\/03\/Friedrich-Haag__Urlaub_Mallorca-768x489.jpg 768w\" sizes=\"(max-width: 800px) 100vw, 800px\" \/><figcaption>Urlaub Mallorca<\/figcaption><\/figure>\n\n\n\n<p>Friedrich Haag besch\u00e4ftigt sich seit 57 Jahren mit der Fotografie. F\u00fcr den Diplominformatiker, der bis zu seiner Pensionierung in der Softwareentwicklung t\u00e4tig war, ist die Fotografie immer ein Hobby neben dem Hauptberuf gewesen. Seit seiner Pensionierung besch\u00e4ftigt er sich aber seit einigen Jahren noch intensiver damit. Sein Schwerpunkt liegt in der Natur- und Reisefotografie. Seit 2014 bebildert er zudem die Internet-Enzyklop\u00e4die Wikipedia haupts\u00e4chlich mit Fotos von Kulturdenkm\u00e4lern sowie gesch\u00fctzten Gebieten und Objekten. \u00dcber 3000 Fotos hat er bereits im Wikipedia-Medienarchiv \u201eWikimedia Commons\u201c ver\u00f6ffentlicht. Bei den j\u00e4hrlich stattfindenden internationalen Fotowettbewerben \u201eWiki Loves Monuments\u201c sowie \u201eWiki loves Earth\u201c hat er bereits mehrfach erfolgreich teilgenommen. Ein Gro\u00dfteil dieser Bilder wird nun auch Teil der Ausstellung im Ha\u00dflocher Rathaus sein.<\/p>\n\n\n\n<figure class=\"wp-block-image\"><img decoding=\"async\" loading=\"lazy\" width=\"800\" height=\"533\" src=\"https:\/\/speyer24news.com\/wp-content\/uploads\/2019\/03\/Friedrich-Haag__Urlaub_Sulden.jpg\" alt=\"\" class=\"wp-image-10155\" srcset=\"https:\/\/speyer24news.com\/wp-content\/uploads\/2019\/03\/Friedrich-Haag__Urlaub_Sulden.jpg 800w, https:\/\/speyer24news.com\/wp-content\/uploads\/2019\/03\/Friedrich-Haag__Urlaub_Sulden-300x200.jpg 300w, https:\/\/speyer24news.com\/wp-content\/uploads\/2019\/03\/Friedrich-Haag__Urlaub_Sulden-768x512.jpg 768w\" sizes=\"(max-width: 800px) 100vw, 800px\" \/><figcaption>Urlaub Sulden<\/figcaption><\/figure>\n\n\n\n<p>B\u00fcrgermeister Lothar Lorch begr\u00fc\u00dft die wechselnden Ausstellungen im Rathausfoyer. Immer wieder seien in der Vergangenheit Rathausbesucher zu beobachten gewesen, die eigentlich wegen einem ganz anderen Anliegen ins Rathaus gekommen sind und dann doch noch kurz im Foyer Halt machten, um sich die jeweilige Ausstellung anzusehen, so Lorch. Zudem sorgen die Ausstellungen f\u00fcr Abwechslung und eine optische Aufwertung des Foyers.<\/p>\n\n\n\n<p>Die Ausstellung \u201eLandschaftsfotografie diverser L\u00e4nder\u201c von Friedrich Haag ist <strong><em>seit dem 04. bis einschlie\u00dflich 29. M\u00e4rz 2019<\/em><\/strong> w\u00e4hrend der \u00fcblichen \u00d6ffnungszeiten des Rathauses im Rathausfoyer zu sehen. <\/p>\n\n\n\n<p><em>Text: Gemeindeverwaltung Ha\u00dfloch Foto:  Friedrich Haag<br>12.03.2019<\/em><\/p>\n\n\n\n<h3 class=\"wp-block-heading\">B\u00fcrgerkarten f\u00fcr den Holiday Park ab dem 11. M\u00e4rz erh\u00e4ltlich<\/h3>\n\n\n\n<div class=\"wp-block-image\"><figure class=\"aligncenter is-resized\"><img decoding=\"async\" loading=\"lazy\" src=\"https:\/\/speyer24news.com\/wp-content\/uploads\/2019\/03\/Holidaypark-Logo.png\" alt=\"\" class=\"wp-image-10152\" width=\"567\" height=\"356\"\/><\/figure><\/div>\n\n\n\n<p>Der Termin f\u00fcr die Ausgabe der B\u00fcrgerkarten 2019 steht! <strong><em>Vom 11. M\u00e4rz bis einschlie\u00dflich 30. M\u00e4rz 2019<\/em><\/strong> werden im B\u00fcrgerb\u00fcro in der Langgasse 64 die B\u00fcrgerkarten f\u00fcr den Holiday Park ausgegeben. Die B\u00fcrgerkarte berechtigt jeden mit Hauptwohnsitz in Ha\u00dfloch gemeldeten B\u00fcrger zum unentgeltlichen Besuch des Parks. Kinder, die am Tag des Besuchs unter 85cm K\u00f6rpergr\u00f6\u00dfe haben, bekommen freien Eintritt und brauchen daher keine B\u00fcrgerkarte.<\/p>\n\n\n\n<p>Die Ausgabe der B\u00fcrgerkarten erfolgt w\u00e4hrend der \u00d6ffnungszeiten des B\u00fcrgerb\u00fcros: <\/p>\n\n\n\n<ul><li>Mo+Di+Do 8:00 \u2013 18:00 Uhr <\/li><li>Mi+Fr 8:00 \u2013 12:00 Uhr <\/li><li>Sa 9:00 &#8211; 12:00 Uhr<\/li><\/ul>\n\n\n\n<p>Um lange Wartezeiten zu vermeiden, sollten die B\u00fcrger nach M\u00f6glichkeit die fr\u00fchen Morgenstunden (8:00 bis 10:00 Uhr) sowie die Mittagszeit (12:00 bis 14:00 Uhr) nutzen, um ihre Karten abzuholen, da in diesen Zeiten erfahrungsgem\u00e4\u00df der geringste Besucherandrang herrscht.<\/p>\n\n\n\n<p><strong>Folgende Vorgaben sind unbedingt zu beachten:<\/strong><\/p>\n\n\n\n<ul><li>Das Lichtbild f\u00fcr die B\u00fcrgerkarte darf nicht \u00e4lter als zwei Jahre sein.<\/li><li>Nur Einwohner mit erstem Wohnsitz in Ha\u00dfloch erhalten eine B\u00fcrgerkarte.<\/li><li>Die Ausgabe der B\u00fcrgerkarte erfolgt nur gegen Vorlage eines g\u00fcltigen Personalausweises oder Reisepasses. Dieses Ausweisdokument ist bei der Abholung f\u00fcr jede vollj\u00e4hrige Person vorzulegen. B\u00fcrger, die keinen Personalausweis besitzen sowie Kinder, die keinen Kinderausweis haben, ben\u00f6tigen f\u00fcr den Einlass zus\u00e4tzlich eine amtliche Meldebescheinigung. Diese wird kostenlos im B\u00fcrgerb\u00fcro, Langgasse 64, ausgestellt.<\/li><li>Bei Missbrauch wird die B\u00fcrgerkarte vom Holiday Park eingezogen und es erfolgt keine Ersatzausstellung.<\/li><\/ul>\n\n\n\n<p><em>Gemeindeverwaltung Ha\u00dfloch<br>12.03.2019<\/em><\/p>\n\n\n\n<h3 class=\"wp-block-heading\">Christian Betzel zum stellvertretenden Wehrleiter ernannt<\/h3>\n\n\n\n<figure class=\"wp-block-image\"><img decoding=\"async\" loading=\"lazy\" width=\"800\" height=\"609\" src=\"https:\/\/speyer24news.com\/wp-content\/uploads\/2019\/03\/Bild.jpg\" alt=\"\" class=\"wp-image-10151\" srcset=\"https:\/\/speyer24news.com\/wp-content\/uploads\/2019\/03\/Bild.jpg 800w, https:\/\/speyer24news.com\/wp-content\/uploads\/2019\/03\/Bild-300x228.jpg 300w, https:\/\/speyer24news.com\/wp-content\/uploads\/2019\/03\/Bild-768x585.jpg 768w, https:\/\/speyer24news.com\/wp-content\/uploads\/2019\/03\/Bild-80x60.jpg 80w\" sizes=\"(max-width: 800px) 100vw, 800px\" \/><figcaption>v.l.:  Offizielle Ernennung im Ratssaal des Rathauses: Der ehemalige stellv.  Wehrleiter Klaus Sieber, Feuerwehrdezernent Tobias Meyer, der neue  stellv. Wehrleiter Christian Betzel,  B\u00fcrgermeister Lothar Lorch und Wehrleiter Marco Himmigh\u00f6fer<\/figcaption><\/figure>\n\n\n\n<p>Am 13. Februar wurde Christian Betzel von seinen Kameradinnen und Kameraden bei der Freiwilligen Feuerwehr Ha\u00dfloch mit gro\u00dfer Mehrheit zum neuen stellvertretenden Wehrleiter gew\u00e4hlt. Heute Morgen (21. Februar 2019) folgte nun die offizielle Ernennung durch B\u00fcrgermeister Lothar Lorch und den Feuerwehrdezernenten Tobias Meyer. Die Wahl eines neuen Stellvertreters wurde notwendig, da der bisherige Amtsinhaber Klaus Sieber den Staffelstab aus beruflichen und privaten Gr\u00fcnden weitergegeben hat. Bereits beim Feuerwehrabschlussabend im Dezember 2018 hatte er seinen R\u00fcckzug angek\u00fcndigt, da sein Hauptberuf als Leiter der \u201eWache Nord\u201c der Berufsfeuerwehr Mannheim eine \u00e4u\u00dferst zeitintensive und fordernde Aufgabe darstellt. Den Posten des stellvertretenden Wehrleiters bei der Ha\u00dflocher Feuerwehr an kompetente H\u00e4nde weiterzugeben, ist aber kein g\u00e4nzlicher Abschied, sondern nur eine neue Aufgabenverteilung. Klaus Sieber bleibt der Ha\u00dflocher Wehr als Zugf\u00fchrer im Einsatz- und \u00dcbungsdienst weiterhin erhalten. <\/p>\n\n\n\n<p>Der neue stellvertretende Wehrleiter Christian Betzel engagiert sich seit 7 Jahren bei der Freiwilligen Feuerwehr Ha\u00dfloch. Der Liebe wegen ist er damals von Worms nach Ha\u00dfloch gezogen und hat sich hier schnell bei der Freiwilligen Feuerwehr eingelebt und wohl gef\u00fchlt. In Worms ist er bereits vor 27 Jahren in die Feuerwehr eingetreten. Noch heute ist er bei der dortigen Berufsfeuerwehr hauptberuflich t\u00e4tig. In Ha\u00dfloch blickt er zuversichtlich auf sein neues Amt als stellvertretender Wehrleiter und freut sich auf die verantwortungsvolle Aufgabe.<\/p>\n\n\n\n<p>B\u00fcrgermeister Lothar Lorch und Feuerwehrdezernent Tobias Meyer gratulierten zur Ernennung und dankten Christian Betzel f\u00fcr die Bereitschaft, einen solch verantwortungsvollen Posten zu \u00fcbernehmen. Das sei keinesfalls selbstverst\u00e4ndlich, da dieses Ehrenamt neben Beruf und Familie eine zeitaufw\u00e4ndige und nicht immer einfache Aufgabe darstellt, so Lorch und Meyer. Daher k\u00f6nne man allen Wehrleuten gar nicht oft genug f\u00fcr ihren Einsatz und ihr Engagement zum Wohl und Schutz der Bev\u00f6lkerung danken.<\/p>\n\n\n\n<p><em>Gemeindeverwaltung Ha\u00dfloch<br>12.03.2019<\/em><\/p>\n\n\n\n<h3 class=\"wp-block-heading\">Kranke Kiefern im Wald werden gef\u00e4llt<\/h3>\n\n\n\n<div class=\"wp-block-image\"><figure class=\"aligncenter\"><img decoding=\"async\" loading=\"lazy\" width=\"500\" height=\"667\" src=\"https:\/\/speyer24news.com\/wp-content\/uploads\/2019\/03\/Bild-Baum-mit-Prachtk\u00e4ferbefall-und-Pilzsporen.jpg\" alt=\"\" class=\"wp-image-10149\" srcset=\"https:\/\/speyer24news.com\/wp-content\/uploads\/2019\/03\/Bild-Baum-mit-Prachtk\u00e4ferbefall-und-Pilzsporen.jpg 500w, https:\/\/speyer24news.com\/wp-content\/uploads\/2019\/03\/Bild-Baum-mit-Prachtk\u00e4ferbefall-und-Pilzsporen-225x300.jpg 225w\" sizes=\"(max-width: 500px) 100vw, 500px\" \/><figcaption>Baum mit Prachtk\u00e4ferbefall und Pilzsporen<\/figcaption><\/figure><\/div>\n\n\n\n<p>Durch den Hitze- und Trockenstress w\u00e4hrend der Sommermonate 2018 litten die deutschen W\u00e4lder sehr. Auch die B\u00e4ume im Ha\u00dflocher Wald hatten letztes Jahr mit der Witterung zu k\u00e4mpfen und leiden nachhaltig bis heute.<\/p>\n\n\n\n<p>Allgemein leiden die Ha\u00dflocher Kiefern schon l\u00e4nger unter einem verst\u00e4rkten Mistel-Befall. Durch den zus\u00e4tzlichen Stress der Trocken- und Hitzeperiode 2018 waren Ende 2018 viele Kiefern mit komplett brauner Krone sichtbar. Revierleiter Armin Kupper hat daraufhin Proben an die Forstliche Versuchs- und Forschungsanstalt Baden-W\u00fcrttemberg geschickt. Die Untersuchung der Proben ergab, dass die Kiefern an multiplem Stress leiden. Zus\u00e4tzlich zum Mistel-Befall und dem Befall durch Prachtk\u00e4fer wurde durch die Trockenheit ein geringer Botrytis cinerea-Befall (ein Schimmelpilz) festgestellt. Dazu kommt das Kieferntriebsterben, ausgel\u00f6st durch Diplodia pinea, ein weiterer Pilz. Dieser bef\u00e4llt auch junge Kiefern und somit auch die Naturverj\u00fcngung. Viele Krankheitserreger und Sch\u00e4dlinge sind w\u00e4rmebeg\u00fcnstigt und werden mit dem Klimawandel gef\u00f6rdert.<\/p>\n\n\n\n<p>Die Forstliche Versuchs- und Forschungsanstalt m\u00f6chte noch mehr Proben, doch eins ist jetzt schon klar: kein Impfen und kein Spritzen hilft, es werden gr\u00f6\u00dfere Kiefern-Hiebsma\u00dfnamen n\u00f6tig sein. Zum einen, um die Ausbreitung einzud\u00e4mmen und zum anderen, um das Holz noch nutzen zu k\u00f6nnen, bevor es durch den Pilz blau verf\u00e4rbt (Holz-Bl\u00e4ue).<\/p>\n\n\n\n<div class=\"wp-block-image\"><figure class=\"aligncenter\"><img decoding=\"async\" loading=\"lazy\" width=\"500\" height=\"667\" src=\"https:\/\/speyer24news.com\/wp-content\/uploads\/2019\/03\/Bild-Mistelbefall-und-Braunf\u00e4rbung-der-Kieferkronen.jpg\" alt=\"\" class=\"wp-image-10150\" srcset=\"https:\/\/speyer24news.com\/wp-content\/uploads\/2019\/03\/Bild-Mistelbefall-und-Braunf\u00e4rbung-der-Kieferkronen.jpg 500w, https:\/\/speyer24news.com\/wp-content\/uploads\/2019\/03\/Bild-Mistelbefall-und-Braunf\u00e4rbung-der-Kieferkronen-225x300.jpg 225w\" sizes=\"(max-width: 500px) 100vw, 500px\" \/><figcaption>Mistelbefall und Braunf\u00e4rbung der Kieferkronen<\/figcaption><\/figure><\/div>\n\n\n\n<p>Besonders betroffen ist der Ober- und Mittelwald, im speziellen die Nordr\u00e4nder. Die Region um den Spiel-Weg geh\u00f6rt auch dazu. Ein wichtiger Punkt ist hier die Verkehrssicherheit, welche gew\u00e4hrleistet werden muss. Bis Ende M\u00e4rz werden in Ha\u00dfloch daher viele Kiefern gef\u00e4llt werden m\u00fcssen. Momentan werden die B\u00e4ume ausgezeichnet (zum F\u00e4llen markiert). Das F\u00e4llen der B\u00e4ume beginnt dann voraussichtlich im Laufe der n\u00e4chsten Woche (KW9), so Revierleiter Armin Kupper. Vereinzelt kann es dabei zu kleineren Kahlschl\u00e4gen kommen. Das gilt vor allem f\u00fcr Stellen, an denen keiner der B\u00e4ume mehr aufgrund des Pilzbefalls zu retten ist. Die meisten F\u00e4llungen werden aber einer Auflichtung gleich kommen und somit die Konkurrenz mindern. Konkurrenz mindern bedeutet in dem Fall, dass den erhaltenen B\u00e4umen mehr Platz f\u00fcr die Wasseraufnahme bleibt, was wiederum dem Gesundheitserhalt zu Gute kommt.<\/p>\n\n\n\n<p>Umweltdezernent Dieter Schuhmacher weist au\u00dferdem darauf hin, dass die angek\u00fcndigte Bearbeitung des Spiel-Wegs mit dem Wegpflegeger\u00e4t erst nach Beendigung der Ma\u00dfnahme stattfinden wird. Eine vorherige oder parallele Bearbeitung h\u00e4tte wenig Sinn, da durch die Hiebsma\u00dfnahme zu erwarten ist, dass der Weg in Mitleidenschaft gezogen wird, so Schuhmacher weiter. Daher wird man ihn nach Beendigung der Arbeiten wieder vollst\u00e4ndig herrichten.<\/p>\n\n\n\n<p><em>Gemeindeverwaltung Ha\u00dfloch<br>12.03.2019<\/em><\/p>\n\n\n\n<h3 class=\"wp-block-heading\">11. Sicherheits- und Gesundheitstag \u2013 Interessierte Aussteller k\u00f6nnen sich ab sofort melden<\/h3>\n\n\n\n<p>Welche Gesundheitstherapien sind neu und werden in Ha\u00dfloch und Umgebung angeboten? Wie kann man ganzj\u00e4hrig sein Haus und damit sich selbst am besten vor Einbrechern sch\u00fctzen? Und wie kann man auch in j\u00fcngeren Jahren schon daf\u00fcr sorgen, dass man aktiv im Arbeitsleben bleiben kann? Diese und mehr Fragen sollen am <strong><em>Samstag, 14. September<\/em><\/strong>, beantwortet werden, wenn die Gemeindeverwaltung mit Unterst\u00fctzung durch den Seniorenbeirat und die Ha\u00dflocher Polizeiinspektion ihren 11. \u201eSicherheits- und Gesundheitstag&#8220; f\u00fcr Jung und Alt in und vor der Ha\u00dflocher Pfalzhalle anbietet. Der Messetag wird wie immer begleitet von einem umfangreichen Vortrags- und Rahmenprogramm, von 10 bis 17 Uhr. <\/p>\n\n\n\n<p> \u201eDieser Tag gibt auf informative und unterhaltsame Weise Impulse f\u00fcr das Gesundheits- und Sicherheitsbewusstsein\u201c, versprechen die beiden zust\u00e4ndigen Beigeordneten Tobias Meyer und Ralf Tr\u00f6sch.<\/p>\n\n\n\n<p>Wer sich gerne mit einem Stand pr\u00e4sentieren m\u00f6chte, kann sich ab sofort bei der Gemeindeverwaltung unter 06324-935-359 oder per mail bei beate.gebharddiehl@hassloch.de melden.<\/p>\n\n\n\n<p><em>Gemeindeverwaltung Ha\u00dfloch<br>12.03.2019<\/em><\/p>\n\n\n\n<h3 class=\"wp-block-heading\">Gemeindeb\u00fccherei ehrt die Gewinner der \u201eAdventskalender-Aktion 2018\u201c<\/h3>\n\n\n\n<figure class=\"wp-block-image\"><img decoding=\"async\" loading=\"lazy\" width=\"800\" height=\"600\" src=\"https:\/\/speyer24news.com\/wp-content\/uploads\/2019\/03\/Bild-B\u00fcchereileiterin-Pfadt-und-Beigeordneter-Meyer-gratulieren-den-Gewinnerkindern.jpg\" alt=\"\" class=\"wp-image-10148\" srcset=\"https:\/\/speyer24news.com\/wp-content\/uploads\/2019\/03\/Bild-B\u00fcchereileiterin-Pfadt-und-Beigeordneter-Meyer-gratulieren-den-Gewinnerkindern.jpg 800w, https:\/\/speyer24news.com\/wp-content\/uploads\/2019\/03\/Bild-B\u00fcchereileiterin-Pfadt-und-Beigeordneter-Meyer-gratulieren-den-Gewinnerkindern-300x225.jpg 300w, https:\/\/speyer24news.com\/wp-content\/uploads\/2019\/03\/Bild-B\u00fcchereileiterin-Pfadt-und-Beigeordneter-Meyer-gratulieren-den-Gewinnerkindern-768x576.jpg 768w, https:\/\/speyer24news.com\/wp-content\/uploads\/2019\/03\/Bild-B\u00fcchereileiterin-Pfadt-und-Beigeordneter-Meyer-gratulieren-den-Gewinnerkindern-678x509.jpg 678w, https:\/\/speyer24news.com\/wp-content\/uploads\/2019\/03\/Bild-B\u00fcchereileiterin-Pfadt-und-Beigeordneter-Meyer-gratulieren-den-Gewinnerkindern-326x245.jpg 326w, https:\/\/speyer24news.com\/wp-content\/uploads\/2019\/03\/Bild-B\u00fcchereileiterin-Pfadt-und-Beigeordneter-Meyer-gratulieren-den-Gewinnerkindern-80x60.jpg 80w\" sizes=\"(max-width: 800px) 100vw, 800px\" \/><figcaption>B\u00fcchereileiterin Pfadt und Beigeordneter Meyer gratulieren den Gewinnerkindern<\/figcaption><\/figure>\n\n\n\n<p>Bei der \u201eAdventskalender-Aktion\u201c handelt es sich um eine landesweite Lesef\u00f6rderma\u00dfnahme, an der sich die Ha\u00dflocher Gemeindeb\u00fccherei bereits seit 11 Jahren beteiligt. Im Rahmen der Aktion wurden die zweiten bis vierten Klassen der Ha\u00dflocher Grundschulen w\u00e4hrend der Vorweihnachtszeit mit Vorlesegeschichten ausgestattet. Jede Klasse erhielt dazu von der Gemeindeb\u00fccherei einen Adventskalender, der mit einer fortlaufenden Geschichte best\u00fcckt war, von der t\u00e4glich eine Passage im Unterricht vorgelesen wurde. Erg\u00e4nzt wurde diese Geschichte durch Spiele und R\u00e4tsel, die die Kinder einzeln oder in kleinen Gruppen spielen bzw. l\u00f6sen konnten. Aus den R\u00e4tseln ergab sich am Ende der Aktion ein L\u00f6sungswort, mit dem die Kinder an einem Gewinnspiel teilnehmen konnten.<\/p>\n\n\n\n<p>Aus den in der B\u00fccherei abgegebenen L\u00f6sungsabschnitten wurde pro Klassenstufe und Schule je ein Kind als Gewinner ausgelost. Insgesamt wurden f\u00fcnf Sieger ermittelt, die jetzt im Rahmen einer kleinen Feierstunde ihren Preis (ein altersgerechtes Buch) \u00fcberreicht bekamen. B\u00fcchereileiterin Gabi Pfadt und der Erste Beigeordnete Tobias Meyer begl\u00fcckw\u00fcnschten die Kinder und motivierten sie dazu, auch in diesem Jahr w\u00e4hrend der Adventszeit wieder so tatkr\u00e4ftig bei der \u201eAdventskalender-Aktion\u201c mitzumachen. Insgesamt hatten sich bei der letzten Aktion 23 Klassen der Ernst-Reuter-Schule und der Schillerschule beteiligt.<\/p>\n\n\n\n<p>Ziel der \u201eAdventskalender-Aktion\u201c ist, Grundschulkinder f\u00fcr das Lesen zu begeistern. Der \u201eAdventskalender\u201c ist Teil der landesweiten Kampagne \u201eLesespa\u00df aus der B\u00fccherei \u2013 das Stufenprogramm zur Sprach- und Lesef\u00f6rderung\u201c. Nicht nur die \u201eAdventskalender-Aktion\u201c geht aus dieser Kampagne hervor. Auch der \u201eLesesommer\u201c oder die \u201eB\u00fcchereipiraten\u201c sind Teil des Lesef\u00f6rderprogramms \u2013 zwei Aktionen, an denen sich die Ha\u00dflocher Gemeindeb\u00fccherei ebenfalls seit Jahren beteiligt und damit auf reges Interesse bei den Kindern st\u00f6\u00dft. <\/p>\n\n\n\n<p><em>Gemeindeverwaltung Ha\u00dfloch<br>12.03.2019<\/em><\/p>\n\n\n\n<h3 class=\"wp-block-heading\">Adam-Stegerwald-Stra\u00dfe\/Westrandstra\u00dfe: Seit Mittwoch neue Einbahnstra\u00dfenregelung<\/h3>\n\n\n\n<p>Mitte Januar hatte die Frostperiode die kurze Weihnachts- und Winterpause um einige Tage unplanm\u00e4\u00dfig verl\u00e4ngert, inzwischen laufen die Arbeiten im Bereich der Adam-StegerwaldStra\u00dfe aber wieder. Nachdem die Arbeiten am Rad- und Gehweg zwischen der Einfahrt zur Firma Dinex und Hans-B\u00f6ckler-Stra\u00dfe fertiggestellt werden konnten, gehen Mitte der Woche die Arbeiten am Gehweg zwischen Hans-B\u00f6ckler-Stra\u00dfe und Oberm\u00fchlweg weiter. Au\u00dferdem werden in Absprache mit der Baufirma die Restarbeiten in weitere kleinere Abschnitte aufgeteilt, um auf diese Weise die Zufahrt zu den Gewerbetreibenden in der Adam-Stegerwald-Stra\u00dfe weitestgehend gew\u00e4hrleisten zu k\u00f6nnen. Aus diesem Grund wird ab Mitte der Woche auch die Einbahnstra\u00dfenrichtung gedreht und erfolgt ab dem 20.02.2019 in West-Ost-Richtung (vom Neustadter Kreisel Richtung Badepark Kreisel). Die Zufahrt zur Westrandstra\u00dfe in Richtung Neustadter Kreisel ist durch die Drehung der Einbahnstra\u00dfenregelung nicht mehr in bisheriger Form m\u00f6glich. Der Verkehr wird umgeleitet. Die Umleitung erfolgt \u00fcber den Lachener Weg in Richtung Norden (Pestalozzistra\u00dfe\/Neustadter Stra\u00dfe zur L532) bzw. Richtung Osten (Rotkreuzstra\u00dfe zur L532).<\/p>\n\n\n\n<p>Ab der 10. Kalenderwoche wird f\u00fcr die Arbeiten zwischen der Zufahrt zur Firma Dinex und der Firma Hildebrand eine Vollsperrung der Adam-Stegerwald-Stra\u00dfe notwendig. Der Durchgangsverkehr von Nord nach S\u00fcd wird dann ebenfalls \u00fcber die L532 (Neustadter Stra\u00dfe\/Pestalozzistra\u00dfe) umgeleitet. Die Firma Hildebrand ist w\u00e4hrend dieser Zeit aber weiterhin \u00fcber die Westrandstra\u00dfe zu erreichen. Die Firma Dinex kann von Osten \u00fcber die Adam-Stegerwald-Stra\u00dfe angefahren werden.<\/p>\n\n\n\n<p>Danach (voraussichtlich ab der 12. Kalenderwoche) erfolgen die Arbeiten im Abschnitt zwischen der Einfahrt in H\u00f6he des 1. FC 08 Ha\u00dfloch und dem Badepark Kreisel. Auch hier ist eine Vollsperrung erforderlich, allerdings kann der Durchgangsverkehr von Nord nach S\u00fcd dann wieder \u00fcber die Hans-B\u00f6ckler-Stra\u00dfe erfolgen. \u00dcber diesen sowie weitere daran folgende Bauabschnitte werden wir zu gegebener Zeit noch ausf\u00fchrlicher informieren.<\/p>\n\n\n\n<p><em>Gemeindeverwaltung Ha\u00dfloch<br>12.03.2019<\/em><\/p>\n\n\n\n<h3 class=\"wp-block-heading\">Junger Franzose macht Sch\u00fclerpraktikum im Ha\u00dflocher Rathaus<\/h3>\n\n\n\n<figure class=\"wp-block-image\"><img decoding=\"async\" loading=\"lazy\" width=\"800\" height=\"600\" src=\"https:\/\/speyer24news.com\/wp-content\/uploads\/2019\/03\/Bild-Adam-Suire-mit-Austauschmutter-Claudia-Halfmann-B\u00fcrgermeister-Lorch-und-Partnerschaftsdezernent-Meyer-im-Ratssaal.jpg\" alt=\"\" class=\"wp-image-10147\" srcset=\"https:\/\/speyer24news.com\/wp-content\/uploads\/2019\/03\/Bild-Adam-Suire-mit-Austauschmutter-Claudia-Halfmann-B\u00fcrgermeister-Lorch-und-Partnerschaftsdezernent-Meyer-im-Ratssaal.jpg 800w, https:\/\/speyer24news.com\/wp-content\/uploads\/2019\/03\/Bild-Adam-Suire-mit-Austauschmutter-Claudia-Halfmann-B\u00fcrgermeister-Lorch-und-Partnerschaftsdezernent-Meyer-im-Ratssaal-300x225.jpg 300w, https:\/\/speyer24news.com\/wp-content\/uploads\/2019\/03\/Bild-Adam-Suire-mit-Austauschmutter-Claudia-Halfmann-B\u00fcrgermeister-Lorch-und-Partnerschaftsdezernent-Meyer-im-Ratssaal-768x576.jpg 768w, https:\/\/speyer24news.com\/wp-content\/uploads\/2019\/03\/Bild-Adam-Suire-mit-Austauschmutter-Claudia-Halfmann-B\u00fcrgermeister-Lorch-und-Partnerschaftsdezernent-Meyer-im-Ratssaal-678x509.jpg 678w, https:\/\/speyer24news.com\/wp-content\/uploads\/2019\/03\/Bild-Adam-Suire-mit-Austauschmutter-Claudia-Halfmann-B\u00fcrgermeister-Lorch-und-Partnerschaftsdezernent-Meyer-im-Ratssaal-326x245.jpg 326w, https:\/\/speyer24news.com\/wp-content\/uploads\/2019\/03\/Bild-Adam-Suire-mit-Austauschmutter-Claudia-Halfmann-B\u00fcrgermeister-Lorch-und-Partnerschaftsdezernent-Meyer-im-Ratssaal-80x60.jpg 80w\" sizes=\"(max-width: 800px) 100vw, 800px\" \/><figcaption>Adam Suire mit Austauschmutter Claudia Halfmann, B\u00fcrgermeister Lorch und Partnerschaftsdezernent Meyer im Ratssaal<\/figcaption><\/figure>\n\n\n\n<p>Adam Suire ist 14 Jahre alt, lebt mit seiner Familie in unserer franz\u00f6sischen Partnergemeinde Viroflay und besucht dort die 9. Klasse. Im Rahmen eines Sch\u00fclerpraktikums ist er seit dem 17. Februar in Ha\u00dfloch zu Besuch und absolviert seit heute bis einschlie\u00dflich Freitag, den 22. Februar 2019 ein Praktikum im Ha\u00dflocher Rathaus. Auf eigenen Wunsch ist er in der Finanzverwaltung t\u00e4tig und kann dort den Mitarbeiterinnen und Mitarbeitern \u00fcber die Schulter schauen und diverse Aufgaben in der Zuarbeit \u00fcbernehmen. Mit dem Praktikum m\u00f6chte Adam Suire in erster Linie seine Deutschkenntnisse verbessern. \u201eVon daher trifft es sich ganz gut, dass keiner in der Finanzverwaltung franz\u00f6sisch spricht\u201c, scherzte K\u00e4mmerer Ralf Weidemaier bei der Begr\u00fc\u00dfung des neuen Praktikanten. <\/p>\n\n\n\n<p>Adam Suire ist w\u00e4hrend seines Aufenthaltes bei der Familie Halfmann untergebracht. Die Familie ist ihm nicht fremd, da sein gro\u00dfer Bruder vor einigen Jahren ebenfalls einen Deutschlandaufenthalt in Ha\u00dfloch absolvierte und f\u00fcr die Zeit bei den Halfmanns gewohnt hatte. Seither stehen beide Familien in engem und gutem Kontakt. Daher war es auch f\u00fcr Adam kein Problem, eine Unterkunft f\u00fcr die Zeit des Praktikums zu finden. Ein ebenso gro\u00dfer Dank geht aber auch an Familie Haas aus Ha\u00dfloch, die Adam am letzten Tag seines Praktikums ebenfalls f\u00fcr eine Nacht aufnehmen wird, bevor es dann am kommenden Samstag zur\u00fcck nach Viroflay geht.<\/p>\n\n\n\n<p>Zum Start ins Praktikum wurde der 14-J\u00e4hrige am Montagmorgen von B\u00fcrgermeister Lothar Lorch und Partnerschaftsdezernent Tobias Meyer begr\u00fc\u00dft. Es sei sch\u00f6n zu sehen, dass durch die Partnerschaft mit Viroflay ein solcher Aufenthalt zustande gekommen ist, denn letztlich seien es solche Begegnungen, die eine Partnerschaft lebendig machen, so Lorch und Meyer. In der Vergangenheit gab es bereits \u00e4hnliche Austausche. Vorheriges Jahr absolvierte beispielsweise der Franzose Thibault Servent ein mehrw\u00f6chiges Praktikum im Holiday Park und in 2017 war Verena Kauf, ehemalige Sch\u00fclerin des Ha\u00dflocher Hannah-ArendtGymnasiums, f\u00fcr ein zweiw\u00f6chiges Praktikum in Viroflay zu Gast. Mehr solche Aufenthalte w\u00e4ren denkbar und w\u00fcnschenswert, so Lorch und Meyer weiter. Als erste Anlaufstelle &#8211; zum Kontakte kn\u00fcpfen und herstellen &#8211; steht die Partnerschaftsbeauftragte Judith Fuhrmann (Tel.: 06324-935 248) gerne zur Verf\u00fcgung.<\/p>\n\n\n\n<p><em>Gemeindeverwaltung Ha\u00dfloch<br>12.03.2019<\/em><\/p>\n\n\n\n<h3 class=\"wp-block-heading\">Die Kreisverkehrswacht zu Besuch in der KiTa \u201eHaus Kunterbunt\u201c<\/h3>\n\n\n\n<figure class=\"wp-block-image\"><img decoding=\"async\" loading=\"lazy\" width=\"800\" height=\"600\" src=\"https:\/\/speyer24news.com\/wp-content\/uploads\/2019\/03\/Bild-Schilderschule-f\u00fcr-die-KiTa-Kinder.jpg\" alt=\"\" class=\"wp-image-10146\" srcset=\"https:\/\/speyer24news.com\/wp-content\/uploads\/2019\/03\/Bild-Schilderschule-f\u00fcr-die-KiTa-Kinder.jpg 800w, https:\/\/speyer24news.com\/wp-content\/uploads\/2019\/03\/Bild-Schilderschule-f\u00fcr-die-KiTa-Kinder-300x225.jpg 300w, https:\/\/speyer24news.com\/wp-content\/uploads\/2019\/03\/Bild-Schilderschule-f\u00fcr-die-KiTa-Kinder-768x576.jpg 768w, https:\/\/speyer24news.com\/wp-content\/uploads\/2019\/03\/Bild-Schilderschule-f\u00fcr-die-KiTa-Kinder-678x509.jpg 678w, https:\/\/speyer24news.com\/wp-content\/uploads\/2019\/03\/Bild-Schilderschule-f\u00fcr-die-KiTa-Kinder-326x245.jpg 326w, https:\/\/speyer24news.com\/wp-content\/uploads\/2019\/03\/Bild-Schilderschule-f\u00fcr-die-KiTa-Kinder-80x60.jpg 80w\" sizes=\"(max-width: 800px) 100vw, 800px\" \/><\/figure>\n\n\n\n<p>Die Vorschulkinder der Ha\u00dflocher KiTa \u201eHaus Kunterbunt\u201c hatten am vergangenen Mittwoch Besuch von Vertretern der Deutschen Verkehrswacht. Im Rahmen des Projektes \u201eKinder im Stra\u00dfenverkehr\u201c gab es anschauliche Tipps und praktische \u00dcbungen, um die Kinder sowie auch deren Eltern f\u00fcr die Gefahren des Stra\u00dfenverkehrs zu sensibilisieren. Es wurde erkl\u00e4rt und gezeigt, warum ein Sturzhelm so wichtig und auf welche Details beim Kauf zu achten ist. Ebenso ging es um das richtige Anschnallen im Kindersitz, denn auch hierbei gibt es T\u00fccken, die im Ernstfall gef\u00e4hrlich sein k\u00f6nnen. Dar\u00fcber hinaus absolvierten die Kinder eine Schilderschule sowie einen Gleichgewichts- und Bewegungsparcours. Auch der Blick in eine BlackBox, bei der es um das Thema \u201eSehen und gesehen werden\u201c ging, geh\u00f6rte zum Teil des Programms. <\/p>\n\n\n\n<p>An dem Nachmittag absolvierten die Kinder zahlreiche praktische \u00dcbungen, die sowohl das motorische als auch das kognitive Lernpotenzial der Kinder ber\u00fccksichtigten und miteinander verkn\u00fcpften. Dadurch wird erreicht, dass die kindliche Reaktionsf\u00e4higkeit geschult und die Bewegungssicherheit ausgebaut wird. Solche praktischen \u00dcbungen seien wichtig, denn mit Theorie allein bleibe im Kindergartenalter kaum etwas nachhaltig im Ged\u00e4chtnis h\u00e4ngen, so der ehrenamtliche Experte Hugo Ritter von der Kreisverkehrswacht Bad D\u00fcrkheim e.V.. Auch Sozialdezernent Ralf Tr\u00f6sch begleitete den Nachmittag und betonte noch einmal die gro\u00dfe Bedeutung einer fr\u00fchzeitigen Verkehrserziehung, die im Kindergarten beginnt und sich durch die Grundschulzeit zieht. Schon im Vorfeld des Aktionstages mit der Kreisverkehrswacht war Verkehrserziehung immer wieder Thema im KiTa-Alltag. Gemeinsam mit den Erzieherinnen wurde \u00fcber das richtige Verhalten im Stra\u00dfenverkehr gesprochen und informiert.<\/p>\n\n\n\n<p>Einrichtungsleiter Simon Schmidt dankt der Kreisverkehrswacht und vor allem Hugo Ritter f\u00fcr die Durchf\u00fchrung des Aktionstages, da dieser stets den H\u00f6hepunkt f\u00fcr die Kinder und deren Eltern im Rahmen der Verkehrserziehung bildet. Das Projekt \u201eKinder im Stra\u00dfenverkehr\u201c wird durch das Bundesministerium f\u00fcr Verkehr und digitale Infrastruktur unterst\u00fctzt und gef\u00f6rdert.<\/p>\n\n\n\n<p><em>Gemeindeverwaltung Ha\u00dfloch<br>12.03.2019<\/em><\/p>\n\n\n\n<h3 class=\"wp-block-heading\">Mittels WhatsApp ins Rathaus \u2013 Kontakt zum 1. Beigeordneten nun auch via Messengerdienst m\u00f6glich<\/h3>\n\n\n\n<p>Der Erste Beigeordnete Tobias Meyer ist ab sofort auch via WhatsApp im Rathaus zu erreichen und bietet B\u00fcrgerinnen und B\u00fcrgern somit eine weitere M\u00f6glichkeit an, um mit ihm bei Fragen, Problemen oder Anregungen in Kontakt zu treten.<\/p>\n\n\n\n<p>Als aktiver Nutzer sozialer Medien und Messengerdienste merke er, dass die Hemmschwelle bei den B\u00fcrgerinnen und B\u00fcrgern, Anliegen \u00fcber diese vorzubringen, geringer sei als etwa per Brief, Anruf, E-Mail oder pers\u00f6nlich, erkl\u00e4rt Meyer die Idee des WhatsApp-Kontaktes ins Rathaus. Aus diesem Grund hatte er im Juni 2017 bereits die Sprechstunde via Facebook eingef\u00fchrt, die er bis heute in regelm\u00e4\u00dfigen Abst\u00e4nden anbietet. Der Kontakt per WhatsApp sei nun ein weiterer kleiner, aber unkomplizierter Schritt, eine direkte Kommunikation zwischen der Verwaltung und den B\u00fcrgerinnen und B\u00fcrgern zu erm\u00f6glichen.<\/p>\n\n\n\n<p>Wer dem Ersten Beigeordneten per WhatsApp eine Nachricht schreiben m\u00f6chte, muss lediglich einen neuen Kontakt erstellen und dort die bereits bekannte Festnetznummer von Herrn Meyer 06324-935 245 hinterlegen. \u00dcber diesen Kontakt k\u00f6nnen WhatsApp-Nutzer direkt mit ihm kommunizieren. <\/p>\n\n\n\n<p>Wer lieber auf konventionellem Weg mit Herrn Meyer Kontakt aufnehmen m\u00f6chte, kann das nat\u00fcrlich auch weiterhin per Telefon, Post oder E-Mail tun. Ebenso bietet er weiterhin die \u201eOffene B\u00fcrgersprechstunde\u201c sowie den \u201eB\u00fcrgerchat via Facebook\u201c an. N\u00e4chster Termin hierf\u00fcr ist am 21. Februar von 15:00 bis 16:30 Uhr (B\u00fcrgerchat via Facebook) und von 16:30 bis 18:00 Uhr (B\u00fcrgersprechstunde). <\/p>\n\n\n\n<p>Dem Gesch\u00e4ftsbereich von Herrn Meyer sind unter anderem die Abteilung f\u00fcr \u00f6ffentliche Sicherheit und Ordnung, der Bereich Brandschutz, das B\u00fcrgerb\u00fcro, das Vereinswesen, der Bereich Tourismus sowie die B\u00fccherei und die Musikschule zugeordnet.<\/p>\n\n\n\n<p><em>Gemeindeverwaltung Ha\u00dfloch<br>12.03.2019<\/em><\/p>\n\n\n\n<h3 class=\"wp-block-heading\">Ortsnaher Wildschwein-R\u00fcckzugsort wird aufgelichtet \u2013 Ma\u00dfnahme zur Reduzierung der Wildschweinproblematik<\/h3>\n\n\n\n<p>Am deutlichsten ist das Treiben der Wildschweine in diesem Jahr auf der Ha\u00dflocher Pferderennbahn sichtbar geworden. Diese wurde von den Tieren derart stark umgegraben, sodass dort in diesem Jahr kein Renntag stattfinden kann. Aber auch auf umliegenden Fl\u00e4chen haben Wildschweine ihre Spuren hinterlassen. Mehrfach wurden auch gr\u00f6\u00dfere Tiergruppen gesichtet. Zwei entsprechende Dr\u00fcckjagden durch die zust\u00e4ndigen Jagdp\u00e4chter hatten bereits im November vergangenen Jahres stattgefunden. <\/p>\n\n\n\n<p>Aus der j\u00fcngsten Versammlung der Jagdgenossenschaft Ha\u00dfloch kam nun die Empfehlung, einen ortsnahen Wildschwein-R\u00fcckzugsort aufzulichten, um diesen f\u00fcr Wildschweine unattraktiver zu machen. Der Bereich liegt zwischen der Ostumgehung\/Holidayparkstra\u00dfe und der Wehlachsiedlung und gilt nach Aussagen von J\u00e4gern, die an der Versammlung teilgenommen haben, zudem als Wildunfallschwerpunkt. Da der Bereich au\u00dferhalb des Jagdgebietes liegt, ist eine Bejagung dort nicht m\u00f6glich. <\/p>\n\n\n\n<p>Auflichtung der Fl\u00e4che hei\u00dft, dass dichtes Gestr\u00fcpp und Geh\u00f6lze entfernt werden, um mehr Offenland zu schaffen. Die Ma\u00dfnahme ist mit der Unteren Naturschutzbeh\u00f6rde abgestimmt, so Umweltdezernent Dieter Schuhmacher. Diese begr\u00fc\u00dft die Auflichtung und Schaffung von Mosaikstrukturen (Mischung von Offenland und Bewuchs). Das habe einen positiven Effekt auf den dortigen Lebensraum.<\/p>\n\n\n\n<p>Mit der Ma\u00dfnahme der Auflichtung wurde eine externe Firma beauftragt, die in der Vergangenheit bereits \u00f6fter mit dem Forstzweckverband zusammengearbeitet hat. Mit den Arbeiten wird aufgrund des trockenen und sonnigen Wetter noch in dieser Woche begonnen. Die Ma\u00dfnahme kostet zwischen 800 und 1000 Euro und wird von der Gemeinde aus den Mitteln zur Unterhaltung von Gr\u00fcnanlagen und -fl\u00e4chen bezahlt.<\/p>\n\n\n\n<p><em>Gemeindeverwaltung Ha\u00dfloch<br>12.03.2019<\/em><\/p>\n\n\n\n<h3 class=\"wp-block-heading\">Schillersch\u00fcler bedanken sich bei Schuhspendern<\/h3>\n\n\n\n<figure class=\"wp-block-image\"><img decoding=\"async\" loading=\"lazy\" width=\"800\" height=\"591\" src=\"https:\/\/speyer24news.com\/wp-content\/uploads\/2019\/03\/Bild-Klasse-4.5-sagt-Thank-You.jpg\" alt=\"\" class=\"wp-image-10145\" srcset=\"https:\/\/speyer24news.com\/wp-content\/uploads\/2019\/03\/Bild-Klasse-4.5-sagt-Thank-You.jpg 800w, https:\/\/speyer24news.com\/wp-content\/uploads\/2019\/03\/Bild-Klasse-4.5-sagt-Thank-You-300x222.jpg 300w, https:\/\/speyer24news.com\/wp-content\/uploads\/2019\/03\/Bild-Klasse-4.5-sagt-Thank-You-768x567.jpg 768w, https:\/\/speyer24news.com\/wp-content\/uploads\/2019\/03\/Bild-Klasse-4.5-sagt-Thank-You-80x60.jpg 80w\" sizes=\"(max-width: 800px) 100vw, 800px\" \/><\/figure>\n\n\n\n<p>Zahlreiche Ha\u00dflocher sind im November vergangenen Jahres dem Aufruf der Klasse 4.5 an der Ha\u00dflocher Schillerschule gefolgt und haben aussortierte Schuhe gespendet. Insgesamt sind 387 Kilogramm Schuhe zusammen gekommen. Mit einer so gro\u00dfen Resonanz haben Sch\u00fcler, Eltern und Lehrer nicht gerechnet und bedanken sich auf diesem Weg bei allen Spendern, die mit ihrer Schuhspende die Sch\u00fclerinnen und Sch\u00fcler bei der Finanzierung ihrer Abschlussfahrt im Mai unterst\u00fctzt haben. Die gespendeten Schuhe wurden an das Internetportal shuuz.de weitergegeben, das f\u00fcr jedes Kilogramm Schuhe einen kleinen Geldbetrag \u00fcberweist. Diese Betr\u00e4ge schwanken und sind abh\u00e4ngig von der Nachfrage. Aufgrund der gro\u00dfen Anzahl der gespendeten Schuhe konnte aber ein stolzer Betrag f\u00fcr die Abschlussfahrt generiert werden. Die Sch\u00fclerinnen und Sch\u00fcler freuen sich \u00fcber insgesamt 264,23 Euro.<\/p>\n\n\n\n<p>\u201eEs war mal eine v\u00f6llig neue und etwas unkonventionellere Idee, um Geld zu sammeln\u201c, erz\u00e4hlt Klassenlehrerin Lucie Kuhn. Daher war es auch f\u00fcr die Kinder eine Spendenaktion, die gro\u00dfe Freude bereitet und vor allem dazu veranlasst hat, auch mal Zuhause den Schuhschrank durchzuforsten und nicht mehr gebrauchte, aber noch gut erhaltene Schuhe auszusortieren. Ein sch\u00f6ner Nebeneffekt ist au\u00dferdem, dass durch die Spendenaktion auch die Handball-Frauenmannschaft der TSG Ha\u00dfloch auf die Klasse aufmerksam geworden ist. Das Team hat selbst Schuhe gespendet und gleichzeitig die Sch\u00fclerinnen und Sch\u00fcler zu einem Handballspiel eingeladen, weil sie von der Aktion so begeistert waren. Am 03. Februar war es dann soweit: Die Klasse 4.5 besuchte das Heimspiel gegen Landau-Land, das die Ha\u00dflocher mit 29:18 eindeutig f\u00fcr sich entschieden. <\/p>\n\n\n\n<p>Das Internetprotal SHUUZ arbeitet mit Kolping Recycling zusammen und gibt die gespendeten Schuhe weltweit zu g\u00fcnstigen Preisen an Menschen weiter, die sich ansonsten keine Schuhe leisten k\u00f6nnten. Laut SHUUZ werden allein in Deutschland j\u00e4hrlich 600 Millionen Paar Schuhe aussortiert; viele davon sind nicht kaputt, sondern in den meisten F\u00e4llen noch brauchbar. Mit einer Schuhspende k\u00f6nnen wertvolle Rohstoffe eingespart und gleichzeitig M\u00fcll vermieden werden. Zudem erhalten Schuhspender &#8211; wie die Klasse 4.5 der Schillerschule &#8211; ein finanzielles Dankesch\u00f6n.<\/p>\n\n\n\n<p><em>Gemeindeverwaltung Ha\u00dfloch<br>12.03.2019<\/em><\/p>\n\n\n\n<h3 class=\"wp-block-heading\">Asylbewerber gibt Nachhilfeunterricht in Mathe<\/h3>\n\n\n\n<figure class=\"wp-block-image\"><img decoding=\"async\" loading=\"lazy\" width=\"800\" height=\"600\" src=\"https:\/\/speyer24news.com\/wp-content\/uploads\/2019\/03\/Bild-Nachhilfeunterricht.jpg\" alt=\"\" class=\"wp-image-10144\" srcset=\"https:\/\/speyer24news.com\/wp-content\/uploads\/2019\/03\/Bild-Nachhilfeunterricht.jpg 800w, https:\/\/speyer24news.com\/wp-content\/uploads\/2019\/03\/Bild-Nachhilfeunterricht-300x225.jpg 300w, https:\/\/speyer24news.com\/wp-content\/uploads\/2019\/03\/Bild-Nachhilfeunterricht-768x576.jpg 768w, https:\/\/speyer24news.com\/wp-content\/uploads\/2019\/03\/Bild-Nachhilfeunterricht-678x509.jpg 678w, https:\/\/speyer24news.com\/wp-content\/uploads\/2019\/03\/Bild-Nachhilfeunterricht-326x245.jpg 326w, https:\/\/speyer24news.com\/wp-content\/uploads\/2019\/03\/Bild-Nachhilfeunterricht-80x60.jpg 80w\" sizes=\"(max-width: 800px) 100vw, 800px\" \/><\/figure>\n\n\n\n<p>Armen Karapetyan kommt aus Armenien und lebt mit seiner Frau und seinen beiden Kindern seit 2015 in Ha\u00dfloch. In seiner Heimat hat er ein Promotionsstudium f\u00fcr Mathematik und Naturwissenschaften abgelegt und arbeitete dort als Professor in der Mathematik. Auch in Deutschland m\u00f6chte er mit seinen Kenntnissen eine Anstellung finden. Im Moment ist dies allerdings noch nicht m\u00f6glich, da die Bearbeitung des Asylantrages von ihm und seiner Familie andauert und sie dementsprechend noch keine anerkannten Fl\u00fcchtlinge sind.<\/p>\n\n\n\n<p>Integriert sind sie trotzdem. Die beiden Kinder gehen in Ha\u00dfloch zur Schule und besuchen in ihrer Freizeit die Musikschule, seine Frau macht eine Ausbildung zur Optikerin in Landau und hat daf\u00fcr eine Ausbildungsduldung erhalten, und auch Armen Karapetyan m\u00f6chte nicht unt\u00e4tig sein und vermittelt daher sein Wissen in Form von Mathenachhilfeunterricht. Den Nachhilfeunterricht bietet Herr Karapetyan freiwillig seit Anfang des Jahres an. Jeden Dienstag und Samstag vermittelt er Sch\u00fclerinnen und Sch\u00fclern unterschiedlichen Alters sein Wissen in der Mathematik. Der Nachhilfeunterricht ist kostenlos und richtet sich an Kinder und Sch\u00fcler mit einem Fl\u00fcchtlingshintergrund. Der Unterricht findet in einem Gruppenraum in der Gemeinschaftsunterkunft in der Gottlieb-Duttenh\u00f6fer-Stra\u00dfe statt.<\/p>\n\n\n\n<p>In gemeinsamen Gespr\u00e4chen zwischen Sozialdezernent Ralf Tr\u00f6sch und Herrn Karapetyan war die Idee gereift, Nachhilfeunterricht anzubieten. Auch die Frage nach den entsprechenden R\u00e4umlichkeiten war schnell gekl\u00e4rt, denn schlie\u00dflich gebe es in der Gemeinschaftsunterkunft in der Gottlieb-Duttenh\u00f6fer-Stra\u00dfe Sozial- und Aufenthaltsr\u00e4ume, die sich f\u00fcr solch ein Angebot wunderbar eignen w\u00fcrden, so Sozialdezernent Ralf Tr\u00f6sch. Der Kontakt zu den Sch\u00fclerinnen und Sch\u00fclern, die derzeit Nachhilfeunterricht nehmen, ist zum einen durch den Arbeitskreis Asyl zustande gekommen, aber auch durch entsprechende Aush\u00e4nge an den Schulen.<\/p>\n\n\n\n<p>Auch weitere Kinder k\u00f6nnen bei Interesse einfach mal unverbindlich mit ihren Eltern vorbeischauen. Der Nachhilfeunterricht findet dienstags zwischen 15.00 und 17:00 Uhr sowie samstags zwischen 10:00 und 12:00 Uhr in der Gottlieb-Duttenh\u00f6fer-Stra\u00dfe 77 statt.<\/p>\n\n\n\n<p><em>Gemeindeverwaltung Ha\u00dfloch<br>12.03.2019<\/em><\/p>\n\n\n\n<h3 class=\"wp-block-heading\">1 Skatclub Ha\u00dfloch unterst\u00fctzt Kinderhospiz Sterntaler \/ Zum sechsten Mal Benefizturnier<\/h3>\n\n\n\n<figure class=\"wp-block-image\"><img decoding=\"async\" loading=\"lazy\" width=\"800\" height=\"639\" src=\"https:\/\/speyer24news.com\/wp-content\/uploads\/2019\/03\/201902087Sterntaler.jpg\" alt=\"\" class=\"wp-image-10142\" srcset=\"https:\/\/speyer24news.com\/wp-content\/uploads\/2019\/03\/201902087Sterntaler.jpg 800w, https:\/\/speyer24news.com\/wp-content\/uploads\/2019\/03\/201902087Sterntaler-300x240.jpg 300w, https:\/\/speyer24news.com\/wp-content\/uploads\/2019\/03\/201902087Sterntaler-768x613.jpg 768w\" sizes=\"(max-width: 800px) 100vw, 800px\" \/><\/figure>\n\n\n\n<p>Der 1. Skatclub Ha\u00dfloch hat am vergangenen Jahresende wieder sein traditionelles Benefiz-Skatturnier durchgef\u00fchrt (wir berichteten). Auch diesmal zugunsten des Kinderhospiz Sterntaler in Dudenhofen. Vorsitzender Norbert Petry besuchte dieser Tage in Begleitung des<\/p>\n\n\n\n<p>Stellvertretenden Spielleiters und Clubmeisters 2018 &nbsp;des 1. SC Joachim Fuhrmann das Kinderhospiz\nund \u00fcbergab den Reinerl\u00f6s des Skatturniers, der durch Spenden einiger\nSkatspieler inzwischen auf 520 Euro erh\u00f6ht wurde, an Beate D\u00e4uwel, die f\u00fcr\n\u00d6ffentlichkeitsarbeit zust\u00e4ndige Mitarbeiterin des F\u00f6rdervereins Kinderhospiz\nSterntaler e. V (siehe Foto).<\/p>\n\n\n\n<p>Der 2002 gegr\u00fcndete F\u00f6rderverein unterst\u00fctzt lebensverk\u00fcrzend\nerkrankte Kinder sowie deren Familien und begleitet sie auf ihrem schweren Weg.\nZu dessen Aufgaben geh\u00f6rt es, die<\/p>\n\n\n\n<p>Finanzierung der station\u00e4ren und ambulanten Kinderhospizarbeit sicher zu stellen Das station\u00e4re Kinderhospiz Sterntaler in Dudenhofen wurde 2009 in Betrieb genommen. Es ist bis heute die einzige station\u00e4re Einrichtung dieser Art in Rheinland-Pfalz und der Metropolregion Rhein-Neckar. 2015 wurde nach langer Planungs- und Vorbereitungsphase der Erweiterungsbau fertig gestellt. <\/p>\n\n\n\n<figure class=\"wp-block-image\"><img decoding=\"async\" loading=\"lazy\" width=\"800\" height=\"532\" src=\"https:\/\/speyer24news.com\/wp-content\/uploads\/2019\/03\/DSC_0319.jpg\" alt=\"\" class=\"wp-image-10143\" srcset=\"https:\/\/speyer24news.com\/wp-content\/uploads\/2019\/03\/DSC_0319.jpg 800w, https:\/\/speyer24news.com\/wp-content\/uploads\/2019\/03\/DSC_0319-300x200.jpg 300w, https:\/\/speyer24news.com\/wp-content\/uploads\/2019\/03\/DSC_0319-768x511.jpg 768w\" sizes=\"(max-width: 800px) 100vw, 800px\" \/><\/figure>\n\n\n\n<p>F\u00fcr den Unterhalt gew\u00e4hren im Gegensatz zu Erwachsenenhospizen das Land Rheinland-Pfalz und der Bund keine finanzielle Unterst\u00fctzung. Die Kinderhospizarbeit in Deutschland muss noch immer zum Gro\u00dfteil \u00fcber Spenden finanziert werden. Es wird lediglich ein nicht kostendeckender Tagessatz f\u00fcr das lebensverk\u00fcrzend erkrankte Kind \u00fcbernommen. So m\u00fcssen auch alle baulichen Ma\u00dfnahmen, Unterbringung, Verpflegung und Therapien von Eltern und Geschwisterkindern von Privatpersonen, Firmen, Vereinen, Stiftungen und sonstigen Institutionen finanziell aufgefangen werden. Neben dem station\u00e4ren Kinderhospiz in Dudenhofen ist der gemeinn\u00fctzige Verein noch Tr\u00e4ger der H\u00e4uslichen Kinderkrankenpflege und der Kindertagespflege. Ehrenamtliche Familienbegleiter unterst\u00fctzen die Arbeit. Au\u00dferdem bietet der F\u00f6rderverein die \u201eKleine Scheune\u201c in Dudenhofen f\u00fcr Seminare und Veranstaltungen an. Der Erl\u00f6s flie\u00dft zu 100 Prozent in die Einrichtungen des F\u00f6rdervereins.<\/p>\n\n\n\n<p><em>1.Skatclub Ha\u00dfloch, J\u00fcrgen Hurrle<br>12.03.2019<\/em><\/p>\n\n\n\n<h3 class=\"wp-block-heading\">Gut Rehbach: Neues Trauzimmer in Ha\u00dfloch<\/h3>\n\n\n\n<p>Mit dem Gut Rehbach gibt es in der Gemeinde Ha\u00dfloch ab sofort ein neues Trauzimmer, in dem Paare standesamtlich heiraten k\u00f6nnen. Das Gut Rehbach ist damit eines von insgesamt drei Trauzimmern in Ha\u00dfloch. Standesamtliche Trauungen sind neben dem Gut Rehbach auch im Ratssaal des Rathauses sowie im oberen Saal des Kulturvierecks m\u00f6glich.<\/p>\n\n\n\n<p>Eheschlie\u00dfungen finden \u2013 so will es das Gesetz \u2013 grunds\u00e4tzlich im Standesamt einer Gemeinde statt. Da sich die standesamtliche Trauung in den vergangenen Jahren aber vom n\u00fcchternen Verwaltungsakt zu einem festlichen Event entwickelt hat, w\u00e4chst der generelle Wunsch nach Trauzimmern au\u00dferhalb der Verwaltung. Eine Gemeinde kann daher im Rahmen ihrer Organisationshoheit weitere R\u00e4ume abseits des Rathauses als Trauzimmer widmen. Diese m\u00fcssen allerdings sowohl in ihrer Gr\u00f6\u00dfe als auch in der Ausgestaltung den Anforderungen einer w\u00fcrdevollen Eheschlie\u00dfung gen\u00fcgen.<\/p>\n\n\n\n<p>Das Gut Rehbach fungiert seit seiner Grundsanierung im vergangenen Jahr als Event Location. Neben Workshops, Firmenveranstaltungen, Geburtstage oder Business Events sind dort auch Hochzeitsfeiern m\u00f6glich. Das neue Angebot einer standesamtlichen Trauung im Gut Rehbach ist nicht an eine anschlie\u00dfende Hochzeitsfeier in den dortigen R\u00e4umlichkeiten gebunden, bietet sich bei Interesse des Brautpaares aber an.<\/p>\n\n\n\n<p>Das Trauzimmer im Gut Rehbach steht jeden ersten und dritten Mittwoch eines Monats zur Verf\u00fcgung. Sonderabsprachen sind zus\u00e4tzlich m\u00f6glich. Hierzu ist die Zustimmung des Betreibers sowie des Standesamtes notwendig. Wer dort seine standesamtliche Trauung durchf\u00fchren m\u00f6chte, findet beim Standesamt der Gemeinde die richtigen Ansprechpartner. B\u00fcrgermeister Lothar Lorch und der zust\u00e4ndige Dezernent Tobias Meyer freuen sich, dass Ha\u00dfloch nun ein weiteres Trauzimmer anbieten kann und sind gespannt, wie das Angebot abseits von Ratssaal und Kulturviereck zuk\u00fcnftig angenommen wird.<\/p>\n\n\n\n<p><em>Gemeindeverwaltung Ha\u00dfloch<br>12.03.2019<\/em><\/p>\n\n\n\n<h3 class=\"wp-block-heading\">Winterwanderung der CDU von Ha\u00dfloch S\u00fcd-Westen<\/h3>\n\n\n\n<figure class=\"wp-block-image\"><img decoding=\"async\" loading=\"lazy\" width=\"800\" height=\"533\" src=\"https:\/\/speyer24news.com\/wp-content\/uploads\/2019\/03\/DSC_0005a.jpg\" alt=\"\" class=\"wp-image-10140\" srcset=\"https:\/\/speyer24news.com\/wp-content\/uploads\/2019\/03\/DSC_0005a.jpg 800w, https:\/\/speyer24news.com\/wp-content\/uploads\/2019\/03\/DSC_0005a-300x200.jpg 300w, https:\/\/speyer24news.com\/wp-content\/uploads\/2019\/03\/DSC_0005a-768x512.jpg 768w\" sizes=\"(max-width: 800px) 100vw, 800px\" \/><figcaption> <br>Fraktionsvorsitzender J\u00fcrgen Scheweiler-W\u00fcrzburger ler\u00e4utert die geplanten Ma\u00dfnahmen zum Hochwasserschutz<\/figcaption><\/figure>\n\n\n\n<p>Die CDU Ha\u00dflocher lud interessierte B\u00fcrgerinnen und  B\u00fcrger ein, die sich f\u00fcr die Entwicklung im S\u00fcd-Westen von Ha\u00dfloch  interessieren. \u201eEin Angebot jenseits von Facebook &amp; Co.\u201c so  Vorsitzender J\u00fcrgen Vogt. Es bestand die M\u00f6glichkeit sich \u201eAuge in Auge\u201c  mit J\u00fcrgen Scheweiler-W\u00fcrzburger, dem Fraktionsvorsitzenden der CDU im  Ha\u00dflocher Gemeinderat, zahlreichen Gemeinder\u00e4ten aber auch  Kreistagsmitgliedern, darunter Renate Armbrust und Hans Grohe, zu  unterhalten.<\/p>\n\n\n\n<p>\u201eEs ist leichter Gemeinder\u00e4te und \nGemeindeverwaltung \u00fcber Facebook zu beschimpfen, als sich aus erster \nHand zu informieren. Es ist schade, dass keine von den \u201eBeschimpfern\u201c \ndiese M\u00f6glichkeit nutzte\u201c, so J\u00fcrgen Scheweiler W\u00fcrzburger und J\u00fcrgen \nVogt einm\u00fctig.<\/p>\n\n\n\n<p>Zwei  Bebauungspl\u00e4ne, darunter eine Ersterstellung und eine Neufassung, mit  dem geplanten Logistikzentrum, waren Themen vor Ort. \u201eEin Bebauungsplan  ist bereits vergeben, die Vergabe des Zweiten, mit dem Logistikzentrum  und der Oberm\u00fchle, erfolgt im Februar\u201c so B\u00fcrgermeister Lother Lorch. Am  Wald entlang erl\u00e4uterte J\u00fcrgen Scheweiler-W\u00fcrzburger die geplante  Ma\u00dfnahme H4 mit einem Damm von bis zu 1,20 Meter H\u00f6he als Schutz des  Industrie- \/ Gewerbegebiets. \u201eDie Ma\u00dfnahme H4 und der Rebbachbypass  sorgen f\u00fcr den Schutz bei einem 100j\u00e4hrigen Ereignis\u201c, so  Scheweiler-W\u00fcrzburger. \u201eExperten der Gemeindewerke, der Feuerwehr und  der Gemeinde treffen sich in K\u00fcrze, um den Umgang mit den vermehrt  auftretenden Starkregenereignissen zu besprechen und um Gegenma\u00dfnahmen  zu planen\u201c, so B\u00fcrgermeister Lorch. \u201e\u00d6kologie und \u00d6konomie sind hohe  G\u00fcter bei den geplanten Ma\u00dfnahmen. Wenn die Ma\u00dfnahmen umgesetzt sind,  wird dies mit Sicherheit auch die Senkung der hohen Pr\u00e4mien der  Versicherungen f\u00fcr Elementarsch\u00e4den f\u00fcr die Ha\u00dflocher Bev\u00f6lkerung  bedeuten.\u201c so Scheweiler-W\u00fcrzburger und Renate Armbrust einm\u00fctig.<\/p>\n\n\n\n<figure class=\"wp-block-image\"><img decoding=\"async\" loading=\"lazy\" width=\"800\" height=\"533\" src=\"https:\/\/speyer24news.com\/wp-content\/uploads\/2019\/03\/DSC_0023a.jpg\" alt=\"\" class=\"wp-image-10141\" srcset=\"https:\/\/speyer24news.com\/wp-content\/uploads\/2019\/03\/DSC_0023a.jpg 800w, https:\/\/speyer24news.com\/wp-content\/uploads\/2019\/03\/DSC_0023a-300x200.jpg 300w, https:\/\/speyer24news.com\/wp-content\/uploads\/2019\/03\/DSC_0023a-768x512.jpg 768w\" sizes=\"(max-width: 800px) 100vw, 800px\" \/><figcaption> <br>Rehbachstreifen auf der Nordseite in Richtung S\u00fcd-Osten mit Blick von der Oberm\u00fchlem<\/figcaption><\/figure>\n\n\n\n<p>Weiter f\u00fchrte der Weg \u00fcber die Rehbach zur Oberm\u00fchle, wo eine St\u00e4rkung mit  Gl\u00fchwein, Punsch und Fleischk\u00e4se die interessierten Teilnehmer  erwartete. Den Teilnehmern konnte auch ein Blick auf den Gel\u00e4ndestreifen  an der Rehbach im S\u00fcden der Bebauung werfen, die weitgehend freien  Zugang zum Rebbach erm\u00f6glicht.<\/p>\n\n\n\n<p>Durch\n das Gewerbegebiet ging es \u00fcber die frisch sanierte Adam-Steger-Waldstr.\n (als Teil der Westrandstr) zum Badepark. Die anwesenden Aufsichts- und \nGemeinderatsmitglieder luden alle Interessierten f\u00fcr den 20. Februar zur\n Gemeinderatssitzung ein. \u201eWir denken, dass wir unser K4 brauchen \nwerden, sollen doch die Ha\u00dflocher B\u00fcrgerInnen \u00fcber die aktuelle \nSituation, wie Planung und die damit verbunden Kosten aber auch \u00fcber \nk\u00fcnftige Belastung der Ha\u00dflocher informiert werden.<\/p>\n\n\n\n<p>Bei leichtem Regen auf den letzten Metern traf man sich zum Abschluss im Restaurant \u201eEl Greco.<\/p>\n\n\n\n<figure class=\"wp-block-image\"><img decoding=\"async\" loading=\"lazy\" width=\"800\" height=\"139\" src=\"https:\/\/speyer24news.com\/wp-content\/uploads\/2019\/03\/CDU-Ha\u00dfloch.png\" alt=\"\" class=\"wp-image-10139\" srcset=\"https:\/\/speyer24news.com\/wp-content\/uploads\/2019\/03\/CDU-Ha\u00dfloch.png 800w, https:\/\/speyer24news.com\/wp-content\/uploads\/2019\/03\/CDU-Ha\u00dfloch-300x52.png 300w, https:\/\/speyer24news.com\/wp-content\/uploads\/2019\/03\/CDU-Ha\u00dfloch-768x133.png 768w\" sizes=\"(max-width: 800px) 100vw, 800px\" \/><\/figure>\n\n\n\n<p><em>CDU Ortsverband Ha\u00dfloch, J\u00fcrgen Vogt<br>12.03.2019<\/em><\/p>\n\n\n\n<h3 class=\"wp-block-heading\"> Ersatzhalt f\u00fcr Ruftaxi-Haltestelle \u201eVolkschor\u201c im S\u00e4gm\u00fchlweg<\/h3>\n\n\n\n<p>Wegen der Leitungs-, Br\u00fccken- und Stra\u00dfenbauarbeiten im S\u00e4gm\u00fchlweg kann bis auf weiteres die Ruftaxi-Haltestelle \u201eVolkschor\u201c an der Ecke S\u00e4gm\u00fchlweg\/Amselweg nicht mehr vom Ruftaxi angefahren werden. Als Ersatzhalt wird f\u00fcr die Zeit der Bauarbeiten eine provisorische Haltestelle an der Ecke Amselweg\/Starenweg eingerichtet. Die im Fahrplan eingetragenen Fahrzeiten \u00e4ndern sich dadurch nicht.<\/p>\n\n\n\n<p>Das Ruftaxi-Angebot gibt es in Ha\u00dfloch seit 2002. Das Ruftaxi verkehrt nach einem festgelegten Fahrplan mit Haltestellen und Abfahrtszeiten. Der gro\u00dfe Unterschied zum Linienbusverkehr ist aber, dass das Ruftaxi auf Abruf f\u00e4hrt und dementsprechend nur dann unterwegs ist, wenn es von den Fahrg\u00e4sten bestellt wurde. Bis eine Stunde vor der im Fahrplan festgesetzten Abfahrt kann das Ruftaxi unter der Telefonnummer 06324-9269690 angefordert werden. Insgesamt gibt es in Ha\u00dfloch \u00fcber 30 Ruftaxi-Haltestellen, die von Montag bis Freitag im Stundentakt \u2013 zu Sto\u00dfzeiten auch im Halbstundentakt &#8211; bedient werden.<\/p>\n\n\n\n<p><em>Gemeindeverwaltung Ha\u00dfloch<br>12.03.2019<\/em><\/p>\n\n\n\n<h3 class=\"wp-block-heading\">CDU Ha\u00dfloch stellt Liste f\u00fcr die Wahl zum Gemeinderat auf \/ Hans Grohe f\u00fchrt die Kandidatenliste der CDU f\u00fcr die Kommunalwahl am 26. Mai an. Der bisherige Fraktionsvorsitzende J\u00fcrgen Scheweiler-W\u00fcrzburger tritt nicht mehr zur Wahl an.<\/h3>\n\n\n\n<figure class=\"wp-block-image\"><img decoding=\"async\" loading=\"lazy\" width=\"800\" height=\"300\" src=\"https:\/\/speyer24news.com\/wp-content\/uploads\/2019\/03\/DSC_0004-2.jpg\" alt=\"\" class=\"wp-image-10137\" srcset=\"https:\/\/speyer24news.com\/wp-content\/uploads\/2019\/03\/DSC_0004-2.jpg 800w, https:\/\/speyer24news.com\/wp-content\/uploads\/2019\/03\/DSC_0004-2-300x113.jpg 300w, https:\/\/speyer24news.com\/wp-content\/uploads\/2019\/03\/DSC_0004-2-768x288.jpg 768w\" sizes=\"(max-width: 800px) 100vw, 800px\" \/><\/figure>\n\n\n\n<p>Erfahrene Mitglieder wie Hans Grohe, Renate Armbrust oder J\u00fcrgen Vogt f\u00fchren die Liste der CDU f\u00fcr den Gemeinderat an. J\u00fcrgen Scheweiler-W\u00fcrzburger, Fraktionsvorsitzender der CDU im Gemeinderat, kandidiert aus pers\u00f6nlichen Gr\u00fcnden nicht mehr f\u00fcr die Wahlperiode ab 2019. Auf Platz vier folgt mit Katharina Schuler eine junge, engagierte Frau f\u00fcr den Rat.<\/p>\n\n\n\n<p>Eine ausgewogene Liste an Kandidaten hinsichtlich Altersstruktur, Frauenanteil, Berufen oder unterschiedlicher politischer Erfahrung soll die Kontinuit\u00e4t der Arbeit auch in der n\u00e4chsten Legislaturperiode sicherstellen, betonte Ortsvorsitzender Vogt.<\/p>\n\n\n\n<p>Landrat Hans-Ulrich Ihlenfeld (CDU), auch Bewerber f\u00fcr die Wahl zum Bezirkstag, ging auf, f\u00fcr Ha\u00dfloch wichtige Themen, wie den Breitbandausbau bis 2020, die Investitionen f\u00fcr die Ha\u00dflocher Schulen wie das Hannah-Ahrendt-Gymnasium oder die Siebenpfeiffer-Realschule Plus mit Fachoberschule ein. Der Rehbachbypass mit der Hochwasserschutzma\u00dfnahme H4 und der Verlegung der Trainierbahn in den Innenbereich der Pferderennbahn waren weitere Themen. Es ist das Ziel Ende 2020 sp\u00e4t. Fr\u00fchjahr 2021 den Rehbachbypass, der noch einen Namen sucht, seiner Funktion zu \u00fcbergeben. Das geplante Logistikzentrum sei f\u00fcr den Kreis eine rein beh\u00f6rdliche Aufgabe, die \u00dcberplanung der Fl\u00e4chen liege in der Verantwortung der Gemeinde so Ihlenfeld.<\/p>\n\n\n\n<p>Fraktionsvorsitzender J\u00fcrgen Scheweiler-W\u00fcrzburger (CDU) res\u00fcmierte die Ortspolitik mit Blick auf die rund f\u00fcnf Jahre dauernde Koalition mit der SPD. Die \u201eGroko funktionier gut\u201c, auch wenn es zu einigen Themen wie beispielsweise Wegepflegeger\u00e4t oder Badepark Diskussionen gegeben habe bzw. gibt. Viel sei erreicht worden. Scheweiler-W\u00fcrzburger nannte die Entwicklung des Gewerbegebiets \u201eN\u00f6rdlich des Bahndamms\u201c (es fehlt nur noch der Baumarkt), die Fertigstellung der Park-and-Ride-Anlage, die Fortsetzung des Stra\u00dfenausbauprogramms, die Sanierung der Westrand- und Adam-Stegerwald-Stra\u00dfe, drei beschlossene neue Baugebiete, die Verlegung des Wertstoffhofs oder die Errichtung von provisorischen Kindertagesst\u00e4tten. Die im Baugebiet \u201eS\u00fcdlich der Rosenstra\u00dfe\u201c geplante Kita werde mindestens sechsgruppig.<\/p>\n\n\n\n<figure class=\"wp-block-image\"><img decoding=\"async\" loading=\"lazy\" width=\"800\" height=\"312\" src=\"https:\/\/speyer24news.com\/wp-content\/uploads\/2019\/03\/DSC_0001-2.jpg\" alt=\"\" class=\"wp-image-10138\" srcset=\"https:\/\/speyer24news.com\/wp-content\/uploads\/2019\/03\/DSC_0001-2.jpg 800w, https:\/\/speyer24news.com\/wp-content\/uploads\/2019\/03\/DSC_0001-2-300x117.jpg 300w, https:\/\/speyer24news.com\/wp-content\/uploads\/2019\/03\/DSC_0001-2-768x300.jpg 768w\" sizes=\"(max-width: 800px) 100vw, 800px\" \/><\/figure>\n\n\n\n<p>B\u00fcrgermeister und Bewerber f\u00fcr den Kreistag Lothar Lorch (CDU) berichtete \u00fcber einen ausgeglichenen Ergebnishaushalt erstmals seit 2008. Ziel sei, Ha\u00dfloch als Wohndorf zu erhalten und auszubauen. Die Einnahmen \u00fcber die Gewerbesteuer seien noch ausbauf\u00e4hig. Das f\u00fcnfj\u00e4hrige Stra\u00dfenausbauprogramm, das \u00fcber die wiederkehrenden Ausbaubeitr\u00e4ge (WAB) finanziert werde, habe eine hohe Akzeptanz. Auf rund 150.000 Euro bel\u00e4uft sich der Anteil, den die Gemeinde f\u00fcr den Breitbandausbau im Rahmen des Kreis-Clusters, voraussichtlich bezahlen wird. Hinsichtlich des Logistikzentrums sollen Antr\u00e4ge in der Gemeinderatssitzung am 20. Februar im, die auch auf Wunsch der CDU, im KulturViereck stattfinden soll, diskutiert werden. Ebenso ist der Badepark Thema in dieser Sitzung. Hinsichtlich des Baumarkts wurden gute Gespr\u00e4che mit Neustadt gef\u00fchrt, mit der Baugenehmigung wird im M\u00e4rz gerechnet. Die Umlegung im Baugebiet \u201eS\u00fcdlich der Rosenstra\u00dfe\u201c ist fast beendet, die Erschlie\u00dfung ist f\u00fcr 2020 geplant. Zur Erstellung eines Hochwasserschutzkonzeptes, das mehrheitlich beschlossen worden war, hat ein erster Workshop mit Feuerwehr, Gemeindewerken und Verwaltung stattgefunden. Ziel ist, dass die Gemeinde komplett hochwasserfrei wird (100j\u00e4hriges Ereignis).<\/p>\n\n\n\n<p>Um das Wahlprogramm vorzustellen, wird es eine weitere Mitgliederversammlung geben, beschloss die Versammlung auf Vorschlag von Vogt angesichts der fortgeschrittenen Uhrzeit, nach der Aufstellung der Kandidatenliste.<\/p>\n\n\n\n<p>Diese sieht wie folgt aus:<\/p>\n\n\n\n<p>Gew\u00e4hlt wurden 36 Kandidaten sowie sechs Ersatzkandidaten. 1. Hans Grohe, 2. Renate Armbrust, 3. J\u00fcrgen Vogt, 4. Katharina Schuler, 5. Ralf Jung, 6. Ruth Schulte, 7. Daniel Mischon, 8. Cathrin Ilg, 9. Dr. Wolfgang Schulte, 10. Ellen L\u00f6wer, 11. Michael Puxler, 12. Dennis Messer, 13. Thomas G\u00f6tz, 14. Gerhard Liedy, 15. Oliver Jung, 16. Dirk Letzelter, 17. Markus Herrmann, 18. Edgar R\u00f6melt, 19. Heidemarie Schantz, 20. Regina Schmitt, 21. Alexander Gein, 22. Marcel Zahn, 23. Karin Hauke, 24. Sebastian Jerges-Tremmel, 25. Christoph Haas, 26. Oliver Franke, 27. Alexander Breinich 28. Gudrun G\u00f6tz, 29. G\u00fcnter Hildebrand, 30. Rudi Einholz, 31. Randy Jones, 32. Boris Formanski, 33. J\u00f6rg Ebenrecht, 34. Hans Joachim C\u00f6rper, 35. Frank Zeiher und 36. Monika Breinich.<\/p>\n\n\n\n<p>Ersatzkandidaten sind: Karin Kaprolat, Richard Weber, Andrea Jung, Christina Wegener, Michael Hinz und Eva-Maria Vogt.<\/p>\n\n\n\n<p>Mit einem Zitat von Mark Twain schloss Vogt die Veranstaltung \u201eMenschen mit einer neuen Idee gelten so lange als Spinner, bis sich die Sache durchgesetzt hat\u201c.<\/p>\n\n\n\n<p>38 Stimmberechtigte Mitglieder sowie 4 G\u00e4ste waren bei der \u00f6ffentlichen Mitgliederversammlung anwesend.<\/p>\n\n\n\n<figure class=\"wp-block-image\"><img decoding=\"async\" loading=\"lazy\" width=\"800\" height=\"139\" src=\"https:\/\/speyer24news.com\/wp-content\/uploads\/2019\/03\/CDU-Ha\u00dfloch.png\" alt=\"\" class=\"wp-image-10139\" srcset=\"https:\/\/speyer24news.com\/wp-content\/uploads\/2019\/03\/CDU-Ha\u00dfloch.png 800w, https:\/\/speyer24news.com\/wp-content\/uploads\/2019\/03\/CDU-Ha\u00dfloch-300x52.png 300w, https:\/\/speyer24news.com\/wp-content\/uploads\/2019\/03\/CDU-Ha\u00dfloch-768x133.png 768w\" sizes=\"(max-width: 800px) 100vw, 800px\" \/><\/figure>\n\n\n\n<p><em>CDU Ha\u00dfloch, J\u00fcrgen Vogt<br>12.03.2018<\/em><\/p>\n\n\n\n<h3 class=\"wp-block-heading\">Mitgliederversammlung des 1. Skatclubs Ha\u00dfloch \/ Ein Defi zum Jubil\u00e4um \u2013 Norbert Petry bleibt Vorsitzender<\/h3>\n\n\n\n<p>Bei der gut besuchten Mitgliederversammlung des 1. SC\nHa\u00dfloch berichtete der Vorsitzende Norbert Petry \u00fcber zahlreiche Aktivit\u00e4ten im\nvergangenen Jahr und verwies darauf, dass der Skatclub in diesem Jahr sein 25-j\u00e4hriges\nJubil\u00e4um feiert. Der Verein wurde im M\u00e4rz 1994 gegr\u00fcndet. Erster\nClubvorsitzender war der Initiator Erich Oberling. 1997 \u00fcbernahm Norbert Petry\ndas Amt des Vorsitzenden. Petry und Franz Rottinger sind die Gr\u00fcndungsmitglieder,\ndie noch dem Verein angeh\u00f6ren. Der Skatclub aus dem Gro\u00dfdorf ist mit 41 aktiven\nMitgliedern der gr\u00f6\u00dfte Skatverein in der Pfalz. Der Verein verzichtet im\nJubil\u00e4umsjahr auf kostspielige<\/p>\n\n\n\n<p>Aktivit\u00e4ten und wird daf\u00fcr einen Defibrillator beschaffen in\nder Hoffnung, dass dieses lebensrettende Ger\u00e4t nie eingesetzt werden muss.<\/p>\n\n\n\n<p>Bei den Neuwahlen wurde Norbert Petry einstimmig wieder zum\nVorsitzenden gew\u00e4hlt.<\/p>\n\n\n\n<p>Die weiteren Positionen: 2. Vorsitzender Michael Huber,\nSpielleiter Roland Fecht, stellvertretender Spielleiter Joachim Fuhrmann,\nLigabeauftragter Alexander Sch\u00f6n (neu),<\/p>\n\n\n\n<p>Kassenwart Dieter Selinger, Schriftf\u00fchrer Wilhelm Koetter\n(neu), Kassenpr\u00fcfer Kurt Astor und Hermann Vollweiler (neu).<\/p>\n\n\n\n<p>Der Vorsitzende stellte anschlie\u00dfend den Terminplan 2019 vor: Bei der Mitgliederversammlung des Skatverbandes Pfalz wurde Michael Huber zum 2. Vorsitzenden gew\u00e4hlt. Bei dem gleichzeitig stattfindenden Vorst\u00e4ndeturnier des Skatverbandes Pfalz belegte Roland Fecht den 1. Platz und Alexander Sch\u00f6n den 5. Platz. Die Einzel-Meisterschaften des Skatverbandes Pfalz finden am 9. M\u00e4rz in Katzweiler statt. Die Mannschafts-Meisterschaften sind am 23. M\u00e4rz in Frankenthal. Am 3. Oktober l\u00e4dt der Skatclub wieder zu seinem traditionellen Jahresturnier im Clubheim des 1. FC 08 Ha\u00dfloch ein.\u00a0 Am 10. und 19. Dezember veranstalten die Ha\u00dflocher Skatspieler wieder einen Schinken-Preisskat sowie einen Preisskat mit Sachpreisen. Der Nikolaus-Preisskat (nur f\u00fcr Mitglieder) ist am 3. Dezember, die Jahresabschlussfeier am 8. Dezember und am 27. Dezember der Benefiz-Preisskat f\u00fcr einen sozialen Zweck. Die Clubabende, bei denen der Vereinsmeister 2019 ermittelt wird, sind jeweils dienstags, um 19.30 Uhr, im VfB-Vereinsheim. G\u00e4ste sind immer willkommen. Das Hoffest werde noch terminiert.<\/p>\n\n\n\n<p>Spielleiter Roland Fecht verwies auf einen erfolgreichen\nVerlauf der Clubabende 2018. An den Clubabenden nahmen 41 Mitglieder und mehrere\nGastspieler teil. F\u00fcr die Clubmeisterschaft wurden 48 Serien gespielt.\nClubmeister wurde Joachim Fuhrmann mit einem Schnitt von 1.054,05 Spielpunkten.&nbsp; Insgesamt wurden 18.144 Partien gespielt. In\nden<\/p>\n\n\n\n<p>25 Vereinsjahren holte Roland Fecht die meisten Spielpunkte, gefolgt von Franz Rottinger und Karl Hauck. Die meisten Spielabende seit der Gr\u00fcndung besuchten Georg Roth (978), vor Norbert Petry (953) und Peter Berg (948).<\/p>\n\n\n\n<p>Die 1. Mannschaft belegte in der Oberliga Rheinland-Pfalz\/Saarland den 15. Platz und stieg damit in die Landesliga Rheinland-Pfalz\/Saarland ab.\u00a0 Die 2. Mannschaft erzielte in der Verbandsliga Rheinhessen-Nahe\/Pfalz den 10. Platz. Auch 2019 will der Verein wieder mit zwei Mannschaften am Ligaspielbetrieb teilnehmen. Ziel ist der Wiederaufstieg der 1.Mannschaft in die Oberliga.<\/p>\n\n\n\n<p><em>1.Skatclub Ha\u00dfloch, J\u00fcrgen Hurrle<br>12.03.2019<\/em><\/p>\n","protected":false},"excerpt":{"rendered":"<div class=\"mh-excerpt\"><p>Erneuerung der Adam-Stegerwald-Stra\u00dfe \/ Arbeiten im n\u00e4chsten Teilabschnitt beginnen Im Zuge der Erneuerung der Adam-Stegerwald-Stra\u00dfe beginnen am Montag, den 18. M\u00e4rz 2019 die Arbeiten im n\u00e4chsten Unterabschnitt zwischen dem Kreisverkehr am Badepark und der Einfahrt <a class=\"mh-excerpt-more\" href=\"https:\/\/speyer24news.com\/?p=10135\" title=\"Ha\u00dfloch\">[&#8230;]<\/a><\/p>\n<\/div>","protected":false},"author":3,"featured_media":10136,"comment_status":"open","ping_status":"open","sticky":false,"template":"","format":"standard","meta":{"_monsterinsights_skip_tracking":false,"_monsterinsights_sitenote_active":false,"_monsterinsights_sitenote_note":"","_monsterinsights_sitenote_category":0,"footnotes":""},"categories":[235,10],"tags":[326,334,323,324,332,325,180,333,335,330,328,329,327,322,331],"aioseo_notices":[],"amp_enabled":true,"_links":{"self":[{"href":"https:\/\/speyer24news.com\/index.php?rest_route=\/wp\/v2\/posts\/10135"}],"collection":[{"href":"https:\/\/speyer24news.com\/index.php?rest_route=\/wp\/v2\/posts"}],"about":[{"href":"https:\/\/speyer24news.com\/index.php?rest_route=\/wp\/v2\/types\/post"}],"author":[{"embeddable":true,"href":"https:\/\/speyer24news.com\/index.php?rest_route=\/wp\/v2\/users\/3"}],"replies":[{"embeddable":true,"href":"https:\/\/speyer24news.com\/index.php?rest_route=%2Fwp%2Fv2%2Fcomments&post=10135"}],"version-history":[{"count":1,"href":"https:\/\/speyer24news.com\/index.php?rest_route=\/wp\/v2\/posts\/10135\/revisions"}],"predecessor-version":[{"id":10160,"href":"https:\/\/speyer24news.com\/index.php?rest_route=\/wp\/v2\/posts\/10135\/revisions\/10160"}],"wp:featuredmedia":[{"embeddable":true,"href":"https:\/\/speyer24news.com\/index.php?rest_route=\/wp\/v2\/media\/10136"}],"wp:attachment":[{"href":"https:\/\/speyer24news.com\/index.php?rest_route=%2Fwp%2Fv2%2Fmedia&parent=10135"}],"wp:term":[{"taxonomy":"category","embeddable":true,"href":"https:\/\/speyer24news.com\/index.php?rest_route=%2Fwp%2Fv2%2Fcategories&post=10135"},{"taxonomy":"post_tag","embeddable":true,"href":"https:\/\/speyer24news.com\/index.php?rest_route=%2Fwp%2Fv2%2Ftags&post=10135"}],"curies":[{"name":"wp","href":"https:\/\/api.w.org\/{rel}","templated":true}]}}