{"id":10175,"date":"2019-03-14T13:04:37","date_gmt":"2019-03-14T12:04:37","guid":{"rendered":"https:\/\/speyer24news.com\/?p=10175"},"modified":"2019-03-14T13:24:43","modified_gmt":"2019-03-14T12:24:43","slug":"blaulicht-malteser-hilfsdienst-e-v","status":"publish","type":"post","link":"https:\/\/speyer24news.com\/?p=10175","title":{"rendered":"Blaulicht \/ Malteser Hilfsdienst e.V."},"content":{"rendered":"<style type=\"text\/css\">\r\n\t.ads_top_disp{}\r\n\t.ads_top_corner_disp{ float:left; margin:0px 10px 10px 0px; }\r\n\t.ads_first_p_disp{}\r\n\t.ads_bottom_disp{}\r\n\t<\/style>\n<h2 class=\"wp-block-heading\">Caf\u00e9 Malta in Speyer S\u00fcd ist er\u00f6ffnet<\/h2>\n\n\n\n<h3 class=\"wp-block-heading\">Neues Malteser Demenzcaf\u00e9 im Quartiersb\u00fcro begr\u00fc\u00dft G\u00e4ste<\/h3>\n\n\n\n<div class=\"wp-block-image\"><figure class=\"aligncenter\"><img decoding=\"async\" loading=\"lazy\" width=\"800\" height=\"584\" src=\"https:\/\/speyer24news.com\/wp-content\/uploads\/2019\/03\/CafeMalta_SpeyerS\u00fcd_1.jpg\" alt=\"\" class=\"wp-image-10176\" srcset=\"https:\/\/speyer24news.com\/wp-content\/uploads\/2019\/03\/CafeMalta_SpeyerS\u00fcd_1.jpg 800w, https:\/\/speyer24news.com\/wp-content\/uploads\/2019\/03\/CafeMalta_SpeyerS\u00fcd_1-300x219.jpg 300w, https:\/\/speyer24news.com\/wp-content\/uploads\/2019\/03\/CafeMalta_SpeyerS\u00fcd_1-768x561.jpg 768w\" sizes=\"(max-width: 800px) 100vw, 800px\" \/><figcaption>Bei der Er\u00f6ffnung des neuen Caf\u00e9 Maltas in Speyer S\u00fcd ging es rund \u2013 hier beim Tanzen im Sitzen. (Quelle: Malteser Speyer)<\/figcaption><\/figure><\/div>\n\n\n\n<p><strong>Speyer-S\u00fcd \/ Caf\u00e9 Malta &#8211; <\/strong>Abwechslung, Geselligkeit und eine gro\u00dfe Portion guter Laune gab es beim ersten Termin des neuen Malteser Demenzcaf\u00e9s im Quartiersb\u00fcro in Speyer S\u00fcd (Windthorststr.18) zu erleben. Das Malteser-Team begr\u00fc\u00dfte bekannte Gesichter aus den drei bestehenden Caf\u00e9 Maltas in Speyer ebenso wie neue G\u00e4ste, die zum ersten Mal den Weg in ein Demenzcaf\u00e9 fanden. <\/p>\n\n\n\n<p>Nach einem gemeinsamen Mittagessen zum Kennenlernen startete ein buntes Programm, welches die ehrenamtlichen Malteser Demenzbegleiterinnen rund um das Thema \u201eZeit\u201c aufgebaut hatten. Alle G\u00e4ste hatten gro\u00dfe Freude an gemeinsamen Ged\u00e4chtnisspielen, Gedichten und Sitztanz-St\u00fccken f\u00fcr die Bewegung. Bei Kaffee und Kuchen ging der bunte Nachmittag zu Ende. <\/p>\n\n\n\n<p>\u201eDurch das Caf\u00e9 Malta habe ich wieder Lachen gelernt\u201c, berichtet eine Stamm-Besucherin den neuen G\u00e4sten. \u201eDie regelm\u00e4\u00dfigen Treffen haben mich aus der Einsamkeit zu Hause rausgeholt und in der Gruppe kann ich richtig aufgehen\u201c, schw\u00e4rmt sie. <\/p>\n\n\n\n<p>Auch die ehrenamtlichen Helfer, welche ein bis maximal zwei Besucher eng betreuen, freuen sich \u00fcber das vierte Caf\u00e9 Malta in Speyer: \u201eDie Arbeit macht wirklich Spa\u00df und man bekommt durch den Kontakt mit den Senioren auch unglaublich viel zur\u00fcck\u201c, sagt eine Demenzbegleiterin.<\/p>\n\n\n\n<div class=\"wp-block-image\"><figure class=\"aligncenter\"><img decoding=\"async\" loading=\"lazy\" width=\"800\" height=\"608\" src=\"https:\/\/speyer24news.com\/wp-content\/uploads\/2019\/03\/CafeMalta_SpeyerS\u00fcd_2.jpg\" alt=\"\" class=\"wp-image-10177\" srcset=\"https:\/\/speyer24news.com\/wp-content\/uploads\/2019\/03\/CafeMalta_SpeyerS\u00fcd_2.jpg 800w, https:\/\/speyer24news.com\/wp-content\/uploads\/2019\/03\/CafeMalta_SpeyerS\u00fcd_2-300x228.jpg 300w, https:\/\/speyer24news.com\/wp-content\/uploads\/2019\/03\/CafeMalta_SpeyerS\u00fcd_2-768x584.jpg 768w, https:\/\/speyer24news.com\/wp-content\/uploads\/2019\/03\/CafeMalta_SpeyerS\u00fcd_2-80x60.jpg 80w\" sizes=\"(max-width: 800px) 100vw, 800px\" \/><figcaption>Bei einem Erinnerungsspiel zum Thema \u201eZeit\u201c wurde das Ged\u00e4chtnis trainiert. (Quelle: Malteser Speyer)<\/figcaption><\/figure><\/div>\n\n\n\n<p>Ab sofort \u00f6ffnet das Caf\u00e9 Malta in Speyer S\u00fcd jeden Montag zwischen 12 und 16 Uhr seine T\u00fcren f\u00fcr demenziell ver\u00e4nderte Senioren. Pflegende Angeh\u00f6rige werden in dieser Zeit entlastet. Neben dem gemeinsamen Mittagessen, kann auf Wunsch ein Fahrdienst organisiert werden. <\/p>\n\n\n\n<p>\u201eWir freuen uns sehr, dass wir mit insgesamt vier Demenzcaf\u00e9s in Speyer vielen demenziell ver\u00e4nderten Senioren und stark beanspruchten Angeh\u00f6rigen ein paar Stunden Lebensfreude schenken k\u00f6nnen\u201c, sagt Bianca Knerr-M\u00fcller, Leiterin der Malteser Demenzdienste in Speyer.  \u201eWir danken allen, die uns bei diesem Vorhaben unterst\u00fctzt haben.\u201c<\/p>\n\n\n\n<p>Als gemeinn\u00fctzige Organisation sind die Malteser auf Spenden angewiesen. Im Rahmen des diesj\u00e4hrigen Neujahrsempfangs hatten zahlreiche Speyerer gemeinsam mit der Stadt, Spenden f\u00fcr die Er\u00f6ffnung des neuen Caf\u00e9 Maltas gesammelt. Auch die Saliergesellschaft unterst\u00fctzte die Einrichtung des neuen Demenzcaf\u00e9s mit einer Spende im Rahmen des Privilegienfestes.<\/p>\n\n\n\n<p>Interessierte Caf\u00e9-Besucher und Helfer k\u00f6nnen sich gerne jederzeit bei den Maltesern melden. Um Anmeldung im Vorfeld wird gebeten.<\/p>\n\n\n\n<p><strong>Information &amp; Anmeldung:<\/strong><br> Bianca Knerr-M\u00fcller<br> Leitung Seniorendienste, Malteser Hilfsdienst e.V.<br> Alter Postweg 1<br> 67346 Speyer<br> Mail: <a href=\"bianca.knerr-mueller@malteser.org\">bianca.knerr-mueller@malteser.org<\/a><br> Tel.: 06232-677820<\/p>\n\n\n\n<p><em>Malteser Hilfsdienst e.V., Di\u00f6zesangesch\u00e4ftsstelle Speyer<br>14.03.2019<\/em><\/p>\n\n\n\n<h2 class=\"wp-block-heading\">Herrchen mit Hund und Herz gesucht<\/h2>\n\n\n\n<h3 class=\"wp-block-heading\">Malteser starten neue Ausbildungsrunde f\u00fcr ehrenamtlichen Besuchsdienst mit Hund<\/h3>\n\n\n\n<figure class=\"wp-block-image\"><img decoding=\"async\" loading=\"lazy\" width=\"800\" height=\"533\" src=\"https:\/\/speyer24news.com\/wp-content\/uploads\/2019\/03\/Malteser-Besuchsdienst-mit-Hund.jpg\" alt=\"\" class=\"wp-image-10178\" srcset=\"https:\/\/speyer24news.com\/wp-content\/uploads\/2019\/03\/Malteser-Besuchsdienst-mit-Hund.jpg 800w, https:\/\/speyer24news.com\/wp-content\/uploads\/2019\/03\/Malteser-Besuchsdienst-mit-Hund-300x200.jpg 300w, https:\/\/speyer24news.com\/wp-content\/uploads\/2019\/03\/Malteser-Besuchsdienst-mit-Hund-768x512.jpg 768w\" sizes=\"(max-width: 800px) 100vw, 800px\" \/><figcaption>Als Malteser Besuchsteam schenken Ehrenamtliche und ihre Hunde \u00e4lteren Menschen Gl\u00fccksmomente. (Quelle: Malteser)<\/figcaption><\/figure>\n\n\n\n<p><strong>Speyer &#8211; <\/strong>Anfang April startet eine neue Ausbildungsrunde f\u00fcr den Malteser Besuchsdienst mit Hund. Am <strong>Dienstag, den 2.April<\/strong> um 18 Uhr k\u00f6nnen sich Interessierte bei einem Infoabend in der Dienststelle der Malteser Speyer (Alter Postweg 1) \u00fcber den beliebten ehrenamtlichen Dienst schlau machen.<\/p>\n\n\n\n<p>\u201eDen Malteser Hundebesuchsdienst gibt es nun bereits seit sechs Jahren in Speyer. Mehr als 60 Ehrenamtliche und Hunde wurden schon geschult\u201c, berichtet Bianca Knerr-M\u00fcller, Leiterin des Hundebesuchsdienstes der Malteser in Speyer.  \u201eDie Senioren, die wir besuchen, freuen sich sehr und zwischen Mensch und Hund entstehen ganz besondere Verbindungen -das gibt auch den Ehrenamtlichen viel zur\u00fcck.\u201c<\/p>\n\n\n\n<p>Am Infoaben erkl\u00e4rt sie ausf\u00fchrlich welche Voraussetzungen die Hunde mitbringen sollten und welche Schulungen f\u00fcr Hund und Herrchen notwendig sind. Dar\u00fcber hinaus ist Raum f\u00fcr offene Fragen. Um Anmeldung wird gebeten.<\/p>\n\n\n\n<p>Die ausgebildeten Tandems besuchen \u00e4ltere, mitunter von Demenz betroffene Menschen in verschiedenen Einrichtungen in Speyer und holen diese aus ihrer sozialen Isolation. Ebenso gibt es seit einiger Zeit Besuchsstunden in Kitas. Somit k\u00f6nnen sich die ehrenamtlichen Besucher vielf\u00e4ltig engagieren. Wann und wo die Besuchsstunden stattfinden, kann individuell vereinbart werden.<\/p>\n\n\n\n<p><strong>Anmeldung &amp; weitere Informationen bei: <\/strong><br> Bianca Knerr-M\u00fcller, <br> Tel. 06232-677820, <br> Mail: <a href=\"bianca.knerr-mueller@malteser.org\">bianca.knerr-mueller@malteser.org<\/a><\/p>\n\n\n\n<p><em>Malteser Hilfsdienst e.V., Di\u00f6zesangesch\u00e4ftsstelle Speyer<br>14.03.2019<\/em><\/p>\n\n\n\n<h2 class=\"wp-block-heading\">Was mache ich nach dem Abitur?<\/h2>\n\n\n\n<h3 class=\"wp-block-heading\">Malteser Speyer bieten FSJ\/BFD in verschiedenen Bereichen an<\/h3>\n\n\n\n<figure class=\"wp-block-image\"><img decoding=\"async\" loading=\"lazy\" width=\"800\" height=\"533\" src=\"https:\/\/speyer24news.com\/wp-content\/uploads\/2019\/03\/FSJ_Malteser.jpg\" alt=\"\" class=\"wp-image-10179\" srcset=\"https:\/\/speyer24news.com\/wp-content\/uploads\/2019\/03\/FSJ_Malteser.jpg 800w, https:\/\/speyer24news.com\/wp-content\/uploads\/2019\/03\/FSJ_Malteser-300x200.jpg 300w, https:\/\/speyer24news.com\/wp-content\/uploads\/2019\/03\/FSJ_Malteser-768x512.jpg 768w\" sizes=\"(max-width: 800px) 100vw, 800px\" \/><figcaption>Eine FSJ-Stelle ist in der Jugend-und Seniorenarbeit frei, eine weitere in der Erste-Hilfe-Ausbildung. (Quelle: Malteser)<\/figcaption><\/figure>\n\n\n\n<p><strong>Speyer &#8211; <\/strong>Nicht alle Schulabsolventen haben mit dem Abitur auch gleich den Masterplan f\u00fcr die berufliche Zukunft in der Tasche. F\u00fcr alle diejenigen, die sich f\u00fcr ihre Zukunftsplanung etwas mehr Zeit nehmen m\u00f6chten, ist ein <strong>Freiwilliges, Soziales Jahr (FSJ)<\/strong> oder ein <strong>Bundesfreiwilligendienst (BFD)<\/strong> eine spannende Option.<\/p>\n\n\n\n<p>Bei den Maltesern in Speyer k\u00f6nnen Interessierte in vielen verschiedenen Bereichen aktiv werden und Verantwortung \u00fcbernehmen: In der Leitung von Erste-Hilfe-Kursen, im Men\u00fcservice und seit neustem auch in der Jugend-und Seniorenarbeit in Kombination. \u201eDie Stelle ist sehr spannend, weil man sowohl mit Jugendlichen wie auch mit \u00e4lteren Menschen zusammenarbeitet \u2013 sei es in unseren Jugendgruppen, im Schulsanit\u00e4tsdienst oder etwa in unseren Demenz-Caf\u00e9s in Speyer\u201c, erkl\u00e4rt Felix Bohn, Jugendreferent bei den Maltesern in Speyer.<\/p>\n\n\n\n<p>Erfahrungen sammeln, sich sozial engagieren oder Wartesemester sinnvoll \u00fcberbr\u00fccken \u2013 ein Freiwilliges soziales Jahr bei den Maltesern hat viele Vorteile: \u201eW\u00e4hrend ihrem Freiwilligendienst k\u00f6nnen sich die jungen Erwachsenen in Ruhe \u00fcber Studieng\u00e4nge und Ausbildungen informieren, ohne dass eine L\u00fccke in ihrem Lebenslauf entsteht,\u201c sagt Heinz-Peter Sauer, Ausbildungsleiter bei den Maltesern in Speyer. \u201eIm Gegenteil: Die Jugendlichen sammeln wertvolle Lebens- und Berufserfahrung und k\u00f6nnen mit dem freiwilligen Engagement bei k\u00fcnftigen Bewerbungen richtig punkten.\u201c<\/p>\n\n\n\n<p>Voraussetzung ist der F\u00fchrerschein der Klasse B. Dar\u00fcber hinaus sollten die Bewerber Spa\u00df am Umgang mit Menschen, Flexibilit\u00e4t und Teamf\u00e4higkeit mitbringen. Die Freiwilligen erhalten monatlich ein Taschengeld sowie verschiedene Fortbildungsangebote. <\/p>\n\n\n\n<p>Zwei Stellen sind ab sofort frei. Der Starttermin kann nach Absprache vereinbart werden.<\/p>\n\n\n\n<p><strong>Kontakt f\u00fcr weitere Informationen oder Bewerbungen: <\/strong><br> Malteser Hilfsdienst Speyer e.V.<br> Felix Bohn<br> Alter Postweg 1, 67346 Speyer<br> Tel. 06232-677823<br> Mail: <a href=\"felix.bohn@malteser.org\">felix.bohn@malteser.org<\/a><\/p>\n\n\n\n<p><em>Malteser Hilfsdienst e.V., Di\u00f6zesangesch\u00e4ftsstelle Speyer<br>14.03.2019<\/em><\/p>\n\n\n\n<h2 class=\"wp-block-heading\">Malteser Kurs: Aktivierung von Senioren<\/h2>\n\n\n\n<h3 class=\"wp-block-heading\">Menschen mit Demenz f\u00f6rdern und motivieren<\/h3>\n\n\n\n<div class=\"wp-block-image\"><figure class=\"aligncenter\"><img decoding=\"async\" src=\"https:\/\/speyer24news.com\/wp-content\/uploads\/2019\/03\/Malteser-Logo-1.png\" alt=\"\" class=\"wp-image-10180\"\/><\/figure><\/div>\n\n\n\n<p><strong>Speyer &#8211; <\/strong>Menschen mit Demenz scheinen oft abwesend und leben in ihrer eigenen Welt. Diese Welt zu verstehen und in sie vorzudringen lernen die Teilnehmer des Malteser-Kurses \u201eAktivierung von Senioren\u201c, der <strong>vom 17. bis 23. April 2019<\/strong> in Speyer stattfindet.<\/p>\n\n\n\n<p>Wie k\u00f6nnen noch vorhandene F\u00e4higkeiten und Talente der Betroffenen aktiviert werden? Inwiefern kann Musik, Gesang oder Tanz dazu beitragen, die Senioren emotional zu erreichen? Wie wichtig ist die Besch\u00e4ftigung mit der Biografie der Betroffenen? \u2013Dies sind nur einige Fragen, die im Kurs beantwortet werden. Er findet in den R\u00e4umlichkeiten der Malteser Speyer (Alter Postweg 1) jeweils mittwochs bis freitags von 08.30 bis 13.30 Uhr statt.<\/p>\n\n\n\n<p>Das Angebot richtet sich an pflegende Angeh\u00f6rige sowie Pflegehilfskr\u00e4fte und an Ehrenamtliche, die sich in der Betreuung von Menschen mit Demenz engagieren m\u00f6chten. F\u00fcr Pflegehilfskr\u00e4fte ist der Kurs ein Teil der Ausbildung zum Betreuungsassistenten sowie zur Fachkraft f\u00fcr Gesundheit- und Sozialdienstleistungen (IHK).<\/p>\n\n\n\n<p>Eine F\u00f6rderung f\u00fcr Arbeitssuchende durch einen Bildungsgutschein von der Agentur f\u00fcr Arbeit und des Jobcenters ist m\u00f6glich. Arbeitnehmer k\u00f6nnen \u00fcber die Bildungspr\u00e4mie und den \u201eQualicheck\u201c gef\u00f6rdert werden. Hierzu informieren die Malteser gerne.<\/p>\n\n\n\n<p><strong>Weitere Informationen und Anmeldung bei:<\/strong><br> Sabine W\u00fcst, Malteser Hilfsdienst Speyer<br> Telefon 06232\/6778-14<br> Mail: <a href=\"sabine.wuest@malteser.org\">sabine.wuest@malteser.org<\/a>.<\/p>\n\n\n\n<p><em>Malteser Hilfsdienst e.V., Di\u00f6zesangesch\u00e4ftsstelle Speyer<br>14.03.2019<\/em><\/p>\n","protected":false},"excerpt":{"rendered":"<div class=\"mh-excerpt\"><p>Caf\u00e9 Malta in Speyer S\u00fcd ist er\u00f6ffnet Neues Malteser Demenzcaf\u00e9 im Quartiersb\u00fcro begr\u00fc\u00dft G\u00e4ste Speyer-S\u00fcd \/ Caf\u00e9 Malta &#8211; Abwechslung, Geselligkeit und eine gro\u00dfe Portion guter Laune gab es beim ersten Termin des neuen Malteser <a class=\"mh-excerpt-more\" href=\"https:\/\/speyer24news.com\/?p=10175\" title=\"Blaulicht \/ Malteser Hilfsdienst e.V.\">[&#8230;]<\/a><\/p>\n<\/div>","protected":false},"author":3,"featured_media":0,"comment_status":"open","ping_status":"open","sticky":false,"template":"","format":"standard","meta":{"_monsterinsights_skip_tracking":false,"_monsterinsights_sitenote_active":false,"_monsterinsights_sitenote_note":"","_monsterinsights_sitenote_category":0,"footnotes":""},"categories":[12],"tags":[353,357,174,350,356,242,354,355,241,351,352,358,6],"aioseo_notices":[],"amp_enabled":true,"_links":{"self":[{"href":"https:\/\/speyer24news.com\/index.php?rest_route=\/wp\/v2\/posts\/10175"}],"collection":[{"href":"https:\/\/speyer24news.com\/index.php?rest_route=\/wp\/v2\/posts"}],"about":[{"href":"https:\/\/speyer24news.com\/index.php?rest_route=\/wp\/v2\/types\/post"}],"author":[{"embeddable":true,"href":"https:\/\/speyer24news.com\/index.php?rest_route=\/wp\/v2\/users\/3"}],"replies":[{"embeddable":true,"href":"https:\/\/speyer24news.com\/index.php?rest_route=%2Fwp%2Fv2%2Fcomments&post=10175"}],"version-history":[{"count":2,"href":"https:\/\/speyer24news.com\/index.php?rest_route=\/wp\/v2\/posts\/10175\/revisions"}],"predecessor-version":[{"id":10183,"href":"https:\/\/speyer24news.com\/index.php?rest_route=\/wp\/v2\/posts\/10175\/revisions\/10183"}],"wp:attachment":[{"href":"https:\/\/speyer24news.com\/index.php?rest_route=%2Fwp%2Fv2%2Fmedia&parent=10175"}],"wp:term":[{"taxonomy":"category","embeddable":true,"href":"https:\/\/speyer24news.com\/index.php?rest_route=%2Fwp%2Fv2%2Fcategories&post=10175"},{"taxonomy":"post_tag","embeddable":true,"href":"https:\/\/speyer24news.com\/index.php?rest_route=%2Fwp%2Fv2%2Ftags&post=10175"}],"curies":[{"name":"wp","href":"https:\/\/api.w.org\/{rel}","templated":true}]}}