{"id":10348,"date":"2019-03-17T18:37:39","date_gmt":"2019-03-17T17:37:39","guid":{"rendered":"https:\/\/speyer24news.com\/?p=10348"},"modified":"2019-03-17T21:21:43","modified_gmt":"2019-03-17T20:21:43","slug":"kulturbeutel-festival-2019-fremd-sein","status":"publish","type":"post","link":"https:\/\/speyer24news.com\/?p=10348","title":{"rendered":"Kulturbeutel Festival 2019: Fremd sein"},"content":{"rendered":"<style type=\"text\/css\">\r\n\t.ads_top_disp{}\r\n\t.ads_top_corner_disp{ float:left; margin:0px 10px 10px 0px; }\r\n\t.ads_first_p_disp{}\r\n\t.ads_bottom_disp{}\r\n\t<\/style>\n<h3 class=\"wp-block-heading\">Musikalische Lesung mit Andr\u00e9 Eisermann und seinem Komponisten Jakob Vinje am 30.03.2019<\/h3>\n\n\n\n<div class=\"wp-block-image\"><figure class=\"aligncenter\"><img decoding=\"async\" loading=\"lazy\" width=\"500\" height=\"750\" src=\"https:\/\/speyer24news.com\/wp-content\/uploads\/2019\/03\/Bild-1700-neu.jpg\" alt=\"\" class=\"wp-image-10350\" srcset=\"https:\/\/speyer24news.com\/wp-content\/uploads\/2019\/03\/Bild-1700-neu.jpg 500w, https:\/\/speyer24news.com\/wp-content\/uploads\/2019\/03\/Bild-1700-neu-200x300.jpg 200w\" sizes=\"(max-width: 500px) 100vw, 500px\" \/><\/figure><\/div>\n\n\n\n<p><strong>Speyer \/ Heiliggeistkirche &#8211; <\/strong>Aus aktuellem Anlass und weil das Betragen mancher \u201eMenschen\u201c hierzulande (ausgel\u00f6st durch die kontrovers diskutierte Zuwanderung- und Sicherheitspolitik) kaum zu ertragen ist, haben der Schauspieler Andr\u00e9 Eisermann und sein Komponist Jakob Vinje beschlossen, mit dieser &#8222;musikalischen Lesung&#8220;, die den Titel \u201eFremd sein!\u201c tr\u00e4gt, in Speyer erstmal vor einem Publikum damit aufzutreten. Mit einem Wormser Chor und den Texten von Heinrich B\u00f6ll \u00fcber Karl Valentin bis Paul Celan und Kurt Tucholsky, konfrontieren die beiden K\u00fcnstler ihr Publikum. Durchaus auch auf humorvolle Weise mit dem \u201eFremden\u201c und dem Gef\u00fchl sich fremd und ausgegrenzt zu f\u00fchlen.  Es geht dabei auch um \u201cXenophobie\u201c: die Angst vor dem Fremden vor dem Unbekannten, vor den anders lebenden, anders Denkenden und darum, woher diese Angst kommt.  <\/p>\n\n\n\n<p>\u201eSein neues Projekt hei\u00dft \u201eFremd sein\u201c, es geht um Flucht, Vertreibung und die Sehnsucht nach Heimat. Es ist wieder ein ambiti\u00f6ses Programm mit einem Chor und Texten von Heinrich B\u00f6ll \u00fcber Karl Valentin bis Paul Celan und Kurt Tucholsky. \u201eWoher kommt die Angst vor Fremden? Das ist es was mich interessiert\u201c, sagt Eisermann. Wenn rechte Politiker T\u00fcrken als \u201eKameltreiber\u201c verunglimpfen, sei es wichtig, dem etwas entgegen zu setzen. \u201eIch tue das mit den Waffen der Sprache.\u201c <em>(dpa) <\/em><\/p>\n\n\n\n<p><strong>Musik: <\/strong><\/p>\n\n\n\n<div class=\"wp-block-image\"><figure class=\"alignleft is-resized\"><img decoding=\"async\" loading=\"lazy\" src=\"https:\/\/speyer24news.com\/wp-content\/uploads\/2019\/03\/50853180_1195840750576766_1468980013251428352_n.jpg\" alt=\"\" class=\"wp-image-10351\" width=\"313\" height=\"419\" srcset=\"https:\/\/speyer24news.com\/wp-content\/uploads\/2019\/03\/50853180_1195840750576766_1468980013251428352_n.jpg 500w, https:\/\/speyer24news.com\/wp-content\/uploads\/2019\/03\/50853180_1195840750576766_1468980013251428352_n-224x300.jpg 224w\" sizes=\"(max-width: 313px) 100vw, 313px\" \/><\/figure><\/div>\n\n\n\n<p>Jakob Vinje: \u201eWir m\u00f6chten uns dem Thema \u201eFremd sein\u201c von verschiedenen Seiten n\u00e4hern, und der Musik kommt dabei die Rolle des emotionalen Tr\u00e4gers zu. Folglich d\u00fcrfen Sie sich das Programm nicht wie ein traditionelles, klassisches Konzert vorstellen\u2026 Gleich dem Theater und Film unterst\u00fctzt, transportiert, kommentiert, hinterfragt die Musik das gesprochenen Wort. Wir werden Passagen aus klassischen Liedern, Schlagern, Swingklassikern und eigene Kompositionen verwenden.\u201c <\/p>\n\n\n\n<p><strong>Eine Veranstaltung der Stadt Speyer, in Kooperation mit dem Kinder- und Jugendtheater<\/strong><\/p>\n\n\n\n<ul><li>Am Samsatg, 30.03.2019<\/li><li>Beginn 20 Uhr<\/li><li>Heiliggeistkirche Speyer<\/li><li>Johannesstra\u00dfe  6, 67346 Speyer<\/li><li>Preis: 25,- \u20ac, Erm\u00e4\u00dfigter Preis: 22,- \u20ac<\/li><\/ul>\n\n\n\n<p><strong>Vorverkauf:  <\/strong>Tourist-Info Speyer, Maximilianstra\u00dfe 13; Speirer Buchladen, Korngasse  17; Ars Ludi, Gilgenstrasse 23; HandFairlesen, Schustergasse 4;  Springers Kaffeemanufaktur, Korngasse 28; Chaoskeller, Am Jahnplatz 6,  67454 Ha\u00dfloch sowie alle Reservix-VVK-Stellen<\/p>\n\n\n\n<p><em>Text: Stadt Speyer \/ Kulturb\u00fcro Foto: &#8222;Andr\u00e9 Eisermann&#8220; von Eike Thomsen; &#8222;Andr\u00e9 Eisermann, GS Dachau&#8220;, privat<br> 17.03.2019<\/em><\/p>\n","protected":false},"excerpt":{"rendered":"<div class=\"mh-excerpt\"><p>Musikalische Lesung mit Andr\u00e9 Eisermann und seinem Komponisten Jakob Vinje am 30.03.2019 Speyer \/ Heiliggeistkirche &#8211; Aus aktuellem Anlass und weil das Betragen mancher \u201eMenschen\u201c hierzulande (ausgel\u00f6st durch die kontrovers diskutierte Zuwanderung- und Sicherheitspolitik) kaum <a class=\"mh-excerpt-more\" href=\"https:\/\/speyer24news.com\/?p=10348\" title=\"Kulturbeutel Festival 2019: Fremd sein\">[&#8230;]<\/a><\/p>\n<\/div>","protected":false},"author":3,"featured_media":10349,"comment_status":"open","ping_status":"open","sticky":false,"template":"","format":"standard","meta":{"_monsterinsights_skip_tracking":false,"_monsterinsights_sitenote_active":false,"_monsterinsights_sitenote_note":"","_monsterinsights_sitenote_category":0,"footnotes":""},"categories":[14],"tags":[424,426,425,421,422,423,6],"aioseo_notices":[],"amp_enabled":true,"_links":{"self":[{"href":"https:\/\/speyer24news.com\/index.php?rest_route=\/wp\/v2\/posts\/10348"}],"collection":[{"href":"https:\/\/speyer24news.com\/index.php?rest_route=\/wp\/v2\/posts"}],"about":[{"href":"https:\/\/speyer24news.com\/index.php?rest_route=\/wp\/v2\/types\/post"}],"author":[{"embeddable":true,"href":"https:\/\/speyer24news.com\/index.php?rest_route=\/wp\/v2\/users\/3"}],"replies":[{"embeddable":true,"href":"https:\/\/speyer24news.com\/index.php?rest_route=%2Fwp%2Fv2%2Fcomments&post=10348"}],"version-history":[{"count":2,"href":"https:\/\/speyer24news.com\/index.php?rest_route=\/wp\/v2\/posts\/10348\/revisions"}],"predecessor-version":[{"id":10375,"href":"https:\/\/speyer24news.com\/index.php?rest_route=\/wp\/v2\/posts\/10348\/revisions\/10375"}],"wp:featuredmedia":[{"embeddable":true,"href":"https:\/\/speyer24news.com\/index.php?rest_route=\/wp\/v2\/media\/10349"}],"wp:attachment":[{"href":"https:\/\/speyer24news.com\/index.php?rest_route=%2Fwp%2Fv2%2Fmedia&parent=10348"}],"wp:term":[{"taxonomy":"category","embeddable":true,"href":"https:\/\/speyer24news.com\/index.php?rest_route=%2Fwp%2Fv2%2Fcategories&post=10348"},{"taxonomy":"post_tag","embeddable":true,"href":"https:\/\/speyer24news.com\/index.php?rest_route=%2Fwp%2Fv2%2Ftags&post=10348"}],"curies":[{"name":"wp","href":"https:\/\/api.w.org\/{rel}","templated":true}]}}