{"id":10399,"date":"2019-03-19T10:50:41","date_gmt":"2019-03-19T09:50:41","guid":{"rendered":"https:\/\/speyer24news.com\/?p=10399"},"modified":"2019-03-19T11:00:36","modified_gmt":"2019-03-19T10:00:36","slug":"schwetzingen","status":"publish","type":"post","link":"https:\/\/speyer24news.com\/?p=10399","title":{"rendered":"Schwetzingen:"},"content":{"rendered":"<style type=\"text\/css\">\r\n\t.ads_top_disp{}\r\n\t.ads_top_corner_disp{ float:left; margin:0px 10px 10px 0px; }\r\n\t.ads_first_p_disp{}\r\n\t.ads_bottom_disp{}\r\n\t<\/style>\n<h2 class=\"wp-block-heading\">Energiemesse: \u00c4nderungen Wochenmarkt und Spargelmarkt <\/h2>\n\n\n\n<p><strong>Schwetzingen \/ Kleine Planken &#8211;<\/strong> Am <strong>Mittwoch, den 27. M\u00e4rz<\/strong> findet der Wochenmarkt auf dem n\u00f6rdlichen Schlossplatz statt. Am <strong>Samstag, den 30. M\u00e4rz<\/strong> ist kein Wochenmarkt. Der Spargelmarkt wird am 30.03.2019 auf den s\u00fcdlichen Schlossplatz verlegt. Grund f\u00fcr die \u00c4nderungen ist die Veranstaltung <strong> \u201eEnergiemesse\u201c die am 30.\/31. M\u00e4rz<\/strong> auf den Kleinen Planken stattfindet. Ab Mittwoch, 3. April, sind die St\u00e4nde wieder wie gewohnt auf den Kleinen Planken zu finden.<\/p>\n\n\n\n<p><em>Stadtverwaltung Schwetzingen<br>19.03.2019<\/em><\/p>\n\n\n\n<h2 class=\"wp-block-heading\">B\u00fcrgersprechstunde von Oberb\u00fcrgermeister Dr. Ren\u00e9 P\u00f6ltl im April\/Mai<\/h2>\n\n\n\n<div class=\"wp-block-image\"><figure class=\"aligncenter\"><img decoding=\"async\" loading=\"lazy\" width=\"375\" height=\"500\" src=\"https:\/\/speyer24news.com\/wp-content\/uploads\/2019\/03\/Rene-P\u00f6ltl.jpg\" alt=\"\" class=\"wp-image-10409\" srcset=\"https:\/\/speyer24news.com\/wp-content\/uploads\/2019\/03\/Rene-P\u00f6ltl.jpg 375w, https:\/\/speyer24news.com\/wp-content\/uploads\/2019\/03\/Rene-P\u00f6ltl-225x300.jpg 225w\" sizes=\"(max-width: 375px) 100vw, 375px\" \/><\/figure><\/div>\n\n\n\n<p><strong>Schwetzingen \/ Rathaus &#8211; <\/strong>Am <strong>Dienstag, 2. April 2019<\/strong>, wird Oberb\u00fcrgermeister Dr. Ren\u00e9 P\u00f6ltl seine  n\u00e4chste B\u00fcrgersprechstunde abhalten. Sie findet in der Zeit ab 17 Uhr im  Rathaus statt. F\u00fcr diesen  Termin sind noch Anmeldungen m\u00f6glich. <\/p>\n\n\n\n<p>Die  n\u00e4chste B\u00fcrgersprechstunde findet dann am Dienstag, 28. Mai 2019,  statt. F\u00fcr diesen Termin sind ebenfalls bereits Anmeldungen m\u00f6glich.  Interessierte B\u00fcrger\/innen k\u00f6nnen  sich an Sarah Erles, Tel. 87-201, &nbsp;zwecks Terminvereinbarung wenden.<\/p>\n\n\n\n<p><em>Stadtverwaltung Schwetzingen<br>19.03.2019<\/em><\/p>\n\n\n\n<h2 class=\"wp-block-heading\">Runder Tisch Inklusives Schwetzingen tagt wieder am 20. M\u00e4rz 2019<\/h2>\n\n\n\n<p><strong>Schwetzingen \/ Volkshochschule &#8211; <\/strong>Der n\u00e4chste \u201aRunde Tisch Inklusives Schwetzingen\u2018 findet am <strong>Mittwoch, 20.&nbsp;M\u00e4rz 2019, von 17.00 bis 18.30 Uhr in der Volkshochschule, <\/strong>Raum 105, im Erdgeschoss statt. Der Raum ist barrierefrei \u00fcber den Eingang Kulturzentrum erreichbar. <\/p>\n\n\n\n<p>Thema des Runden Tisches wird das Jahresthema \u201ebarrierefreies Bauen\u201c und seine verschiedenen Aspekte sein.\n<\/p>\n\n\n\n<p>H\u00f6rbehinderte Personen k\u00f6nnen sich bei Nicole Blem (<a rel=\"noreferrer noopener\" href=\"mailto:nicole.blem@schwetzingen.de\" target=\"_blank\">nicole.blem@schwetzingen.de<\/a>) anmelden, damit  bei Bedarf ein\/e Geb\u00e4rdensprachdolmetscher\/in  angefordert werden kann. Alle B\u00fcrger\/innen mit und ohne Handicap sind  herzlich zur Teilnahme eingeladen. Die Beiratsmitglieder freuen sich  \u00fcber  reges Interesse.<\/p>\n\n\n\n<p><em>Stadtverwaltung Schwetzingen<br>19.03.2019<\/em><\/p>\n\n\n\n<h2 class=\"wp-block-heading\">11. Schwetzinger Ausbildungsb\u00f6rse am 22. M\u00e4rz 2019<\/h2>\n\n\n\n<h3 class=\"wp-block-heading\">Fast 70 Unternehmen und Firmen aus der Region pr\u00e4sentieren sich und ihr Ausbildungsangebot in der Nordstadt-Halle<\/h3>\n\n\n\n<p><strong>Schwetzingen \/ Nordstadt-Halle &#8211; <\/strong>Am Freitag, 22. M\u00e4rz 2019, findet die mittlerweile 11. Schwetzinger  Ausbildungsb\u00f6rse in der Nordstadt-Halle statt. Dort pr\u00e4sentieren sich  von 9 bis 14 Uhr zahlreiche Unternehmen und  Betriebe aus Schwetzingen und der Region mit ihren Ausbildungsangeboten  den interessierten Sch\u00fcler\/innen und deren Eltern. Daneben informieren  auch die Tr\u00e4ger beruflicher Ausbildung wie IHK und Handwerkskammer sowie  die Arbeitsagentur \u00fcber ihre Angebote. Von  gro\u00dfen, weltweit agierenden Unternehmen \u00fcber gro\u00dfe und mittelst\u00e4ndische  Firmen \u00fcber Banken, Weiterbildungseinrichtungen und Krankenkassen bis  hin zu Handwerksbetrieben: Sie alle stellen bei der Ausbildungsb\u00f6rse ihr  Unternehmen oder Handwerk \u2013 teilweise auch  mit praktischen Vorf\u00fchrungen und Mitmachangeboten&nbsp; &#8211; vor.<\/p>\n\n\n\n<p>Die\n Berufswahl ist gerade durch die Vielfalt der Berufe und der \nverschiedenen Ausbildungswege sicher nicht einfacher geworden. Im \nGegensatz zu den Vorjahren gibt es aber heute eine\n Vielzahl freier Ausbildungspl\u00e4tze f\u00fcr Schulabg\u00e4nger und die Unternehmen\n suchen oft h\u00e4nderingend guten Nachwuchs. Ein Beleg daf\u00fcr ist, dass \nviele Firmen und vor allem auch Handwerksbetriebe ihre Lehrstellen nicht\n besetzen k\u00f6nnen. Gerade hier sind Bewerber\/innen\n als zuk\u00fcnftige Fachkr\u00e4fte jedoch dringend gesucht. <\/p>\n\n\n\n<p>Waren\n es im vergangenen Jahr noch 60 Aussteller, so hat sich die Zahl noch \neinmal erh\u00f6ht. 2019 pr\u00e4sentieren sich rund 70 potentielle Arbeitgeber, \nHochschulen und Organisationen &nbsp;an\n den St\u00e4nden, die Halle ist damit voll belegt. Das zeigt die gute \nAkzeptanz der Ausbildungsb\u00f6rse bei den Firmen, stellte die Organisatoren\n von Schulen und Stadt allerdings wieder vor einige Herausforderungen, \ngilt es doch f\u00fcr alle\nTeilnehmer eine optimale Pr\u00e4sentationsfl\u00e4che anzubieten. Dies ist in der Halle \u00fcbersichtlich und gut m\u00f6glich.<\/p>\n\n\n\n<p>Viele  der Aussteller sind schon seit Beginn an auf der Ausbildungsb\u00f6rse  vertreten. So etwa die Krankenkassen AOK und Barmer GEK, die  Carl-Theodor und die Erhart-Schott-Schule, die Handwerkskammer  Mannheim Rhein-Neckar-Odenwald, die IHK&nbsp; Rhein-Neckar, das  Polizeipr\u00e4sidium Mannheim, die MVV Energie AG, die Friatec AG, das  Finanzamt Schwetzingen, Ikubiz Ausbildungsverbund, die Akademie f\u00fcr  Gesundheitsberufe Heidelberg sowie die Sparkasse Schwetzingen  und die Volksbank Kur- und Rheinpfalz. Die beiden letztgenannten  unterst\u00fctzen auch in diesem Jahr wieder mit einer Spende und tragen  damit zum Gelingen der Veranstaltung bei.<br>Neu in diesem Jahr dabei sind ze:ro PRAXEN GbR, TOMCO Friseure, die  Hochschule der Wirtschaft f\u00fcr Management, Gartenbau Speckis, Rockwell  Collins Deutschland und Morsch GmbH Sanit\u00e4r Heizung Klima<\/p>\n\n\n\n<p>Es hat sich inzwischen herumgesprochen: Die Schwetzinger Ausbildungsb\u00f6rse  bietet Schulabg\u00e4ngern eine echte Chance sich zu informieren, Kontakte zu kn\u00fcpfen und den Traumberuf zu finden.  Wer hier Interesse zeigt, wird es bei der Berufswahl und Bewerbung  sicher leichter haben. Alle Schulabg\u00e4nger und vor allem auch alle Eltern sind herzlich zum Besuch der 11. Ausbildungsb\u00f6rse eingeladen.<\/p>\n\n\n\n<p><em>Stadtverwaltung Schwetzingen<br>19.03.2019<\/em><\/p>\n\n\n\n<h2 class=\"wp-block-heading\">Vortrag &#8222;Nicolas de Pigage &#8211; Ein Lothringer am kurpf\u00e4lzischen Hofe&#8220;<\/h2>\n\n\n\n<div class=\"wp-block-image\"><figure class=\"aligncenter\"><img decoding=\"async\" loading=\"lazy\" width=\"500\" height=\"669\" src=\"https:\/\/speyer24news.com\/wp-content\/uploads\/2019\/03\/Pigage.jpg\" alt=\"\" class=\"wp-image-10408\" srcset=\"https:\/\/speyer24news.com\/wp-content\/uploads\/2019\/03\/Pigage.jpg 500w, https:\/\/speyer24news.com\/wp-content\/uploads\/2019\/03\/Pigage-224x300.jpg 224w\" sizes=\"(max-width: 500px) 100vw, 500px\" \/><figcaption> Nicolas de Pigage<\/figcaption><\/figure><\/div>\n\n\n\n<p><strong>Schwetzingen \/ Palais Hirsch &#8211;<\/strong> Stadt Schwetzingen l\u00e4dt am<strong> 28. M\u00e4rz 2019<\/strong> zusammen mit dem Kooperationspartner  Volkshochschule Schwetzingen e.V. im Rahmen der Veranstaltungsreihe zum 50j\u00e4hrigen Jubil\u00e4um der St\u00e4dtepartnerschaft Schwetzingen \u2013 Lun\u00e9ville im zu einem Vortrag \u00fcber Nicolas de Pigage ein. <\/p>\n\n\n\n<p>Der Kunsthistoriker und Konservator der Staatlichen Schl\u00f6sser und G\u00e4rten Baden-W\u00fcrttemberg, Dr. Ralf Wagner,  berichtet im Palais Hirsch \u00fcber den kurf\u00fcrstlichen Oberbaudirektor Nicolas de Pigage , einem geb\u00fcrtigen Lun\u00e9viller. <\/p>\n\n\n\n<p>Pigage studierte in Paris Architektur. Karriere machte er allerdings in der Kurpfalz, am Hofe Kurf\u00fcrst Carl Theodors. 1768 wurde er zusammen mit seinem Vater von Kaiser Joseph II. in den erblichen Adelsstand erhoben. 1776 gew\u00e4hrte Carl Theodor nochmals eine  Studienreise nach Paris und England, von wo er die neuesten Eindr\u00fccke mit in die Kurpfalz brachte. Seine gro\u00dfartigsten Leistungen sind heute noch in der Schwetzinger Sommerresidenz erhalten geblieben. Der gefragte Baumeister erledigte aber auch andere Auftr\u00e4ge, die ebenfalls im Vortrag vorgestellt werden.<\/p>\n\n\n\n<p><strong>Do., 28.03.19, 18.30 Uhr, Palais Hirsch, Eintritt Frei<\/strong><\/p>\n\n\n\n<p><em>Stadtverwaltung Schwetzingen<br>19.03.2019<\/em><\/p>\n\n\n\n<h2 class=\"wp-block-heading\">Stadtwerke informieren: Wasser in Kleing\u00e4rten wird angestellt<\/h2>\n\n\n\n<p><strong>Schwetzingen \/ Gartenanlage &#8222;Kleine Krautg\u00e4rten&#8220; &#8211; <\/strong>Die  Stadtwerke Schwetzingen stellen am <strong>Freitag, 29. M\u00e4rz 2019<\/strong>, das Wasser in der Gartenanlage \u201eKleine Krautg\u00e4rten\u201c an. Die P\u00e4chter werden daher gebeten, die Wasseranschl\u00fcsse rechtzeitig vorher zu schlie\u00dfen sobald nicht mehr mit Frost zu rechnen ist.<\/p>\n\n\n\n<p><em>Stadtverwaltung Schwetzingen<br>19.03.2019<\/em><\/p>\n\n\n\n<h2 class=\"wp-block-heading\">Spazierg\u00e4nge im Paradies der\nTonk\u00fcnstler <\/h2>\n\n\n\n<h3 class=\"wp-block-heading\">Musikhistorische Stadtf\u00fchrung in\nSchwetzingen am Donnerstag, 25. April, um 18:00 Uhr<\/h3>\n\n\n\n<p><strong>Schwetzingen &#8211; <\/strong>Als der englische Musikgelehrte Charles Burney im August 1772 durch Schwetzingen spazierte, kam es ihm vor, als w\u00fcrde der Ort \u201eg\u00e4nzlich von einer Colonie von Musikanten bewohnt\u201c. Dem entsprechend folgt der von Mitarbeitern der Forschungsstelle \u00bbS\u00fcdwestdeutsche Hofmusik\u00ab gef\u00fchrte musikhistorische Stadtrundgang den Wirkungs- und Wohnorten der Hofmusiker des musikliebenden Kurf\u00fcrsten Carl Theodor. Die Teilnehmer des Spaziergangs erfahren dabei mehr \u00fcber die Besonderheiten und musikgeschichtliche Bedeutung der kurpf\u00e4lzischen Hofmusik,&nbsp; die Aufenthaltsorte der Musiker und \u00fcber einige herausragende Hofmusiker sowie ber\u00fchmte (musizierende) G\u00e4ste in der Sommerresidenz. <\/p>\n\n\n\n<p>Voranmeldung bei der Touristinformation der Stadt Schwetzingen erforderlich (<a href=\"touristinfo@schwetzingen.de\">touristinfo@schwetzingen.de<\/a>).<\/p>\n\n\n\n<p><em>Stadtverwaltung Schwetzingen<br>19.03.2019<\/em><\/p>\n\n\n\n<h2 class=\"wp-block-heading\">Land informiert \u00fcber Reaktivierung der Tompkins Kaserne zur Unterbringung von Fl\u00fcchtlingen ab 1. Juli 2019 <\/h2>\n\n\n\n<h3 class=\"wp-block-heading\">Ehemalige  Erstaufnahmeeinrichtung befindet sich seit Mitte 2016 im Stand-by-Modus  \/ Stadt w\u00fcrde im Gegenzug von der Pflicht zur Anschlussunterbringung  weiterer Fl\u00fcchtlinge befreit<\/h3>\n\n\n\n<p><strong>Schwetzingen \/  Tompkins Kaserne  &#8211; <\/strong>Die Standortkonzeption des Innenministeriums aus dem Jahr 2016 sieht die  Nutzung der Tompkins Barracks als Erstaufnahmeeinrichtung vor. Dabei  kann sich das Land vorstellen, die Geb\u00e4ude  befristet auf zun\u00e4chst drei Jahre zu reaktivieren. Die Kaserne war  bereits von Herbst 2015 bis Sommer 2016 als bedarfsorientierte  Erstaufnahmeeinrichtung (BEA) durch das Land genutzt worden. Seit dem 1.  Juni 2016 war sie im Stand-by-Modus, um bei einem erneuten  Bedarf kurzfristig wieder in Betrieb genommen zu werden. <\/p>\n\n\n\n<p>In\n der k\u00fcnftigen Unterkunft w\u00fcrden bereits registrierte und \nausl\u00e4nderrechtlich und gesundheits\u00fcberpr\u00fcfte Fl\u00fcchtlinge f\u00fcr wenige \nWochen untergebracht. Von dort w\u00fcrden sie dann auf die\n Landkreise zur endg\u00fcltigen Unterbringung verteilt. Im Regelbetrieb \nwerden in der Tompkins Kaserne 400 Personen untergebracht. Die Sicherung\n des Gel\u00e4ndes durch einen Wachdienst sowie die Verwaltung der \nEinrichtung obl\u00e4ge dem Land. Die Tompkins Kaserne w\u00fcrde\n nicht als Registrierungsstelle oder Ankunftszentrum \u2013 wie etwa \nHeidelberg \u2013genutzt. Im Gegenzug w\u00fcrde die Stadt Schwetzingen durch die \nbefristete Nutzung durch das Land von der Pflicht zur weiteren \nAnschlussunterbringung von Fl\u00fcchtlingen befreit.\n<\/p>\n\n\n\n<p>Nachdem\n die Stadt vom Land \u00fcber eine m\u00f6gliche erneute befristete Nutzung der \nTompkins Barracks sehr fr\u00fchzeitig informiert worden war, wurden zwischen\n Oberb\u00fcrgermeister Dr. Ren\u00e9 P\u00f6ltl\n und dem Staatssekret\u00e4r im Innenministerium Baden-W\u00fcrttemberg, Julian \nW\u00fcrtenberger, in einem pers\u00f6nlichen Gespr\u00e4ch die Rahmenbedingungen f\u00fcr \neine Nutzung vereinbart und festgelegt.\n<\/p>\n\n\n\n<p>Mittlerweile  wurde auch der Schwetzinger Gemeinderat in nicht\u00f6ffentlicher Sitzung am  27. Februar zu einer solchen erneuten Nutzung der Tompkims Barracks  durch Markus Rothfu\u00df vom Regierungspr\u00e4sidium  Karlsruhe ausf\u00fchrlich informiert und konnte die aus Sicht der Stadt  wichtigen Punkte und Themen deutlich machen. Das Gremium steht den  vorgestellten Pl\u00e4nen in Abw\u00e4gung der Vor- und Nachteile grunds\u00e4tzlich  positiv gegen\u00fcber, stellt doch gerade die Anschlussunterbringung  von durch den Landkreis zugewiesenen Fl\u00fcchtlingen die Stadt  Schwetzingen vor immense Herausforderungen. So rechnet die Stadt alleine  in diesem Jahr mit weiteren ca. 70 Personen, f\u00fcr die zus\u00e4tzlicher  Wohnraum geschaffen werden muss. Prognosen f\u00fcr die n\u00e4chsten  drei Jahre gehen von rund 200 Personen in der Anschlussunterbringung  aus. Da im Stadtgebiet kein ausreichender Wohnraum mehr existiert und  das zur Anschlussunterbringung genutzte Hotel Atlanta bereits voll  belegt ist, gab es ohnehin bereits von Seiten der  Stadt erste \u00dcberlegungen, die Kaserne daf\u00fcr zu nutzen. Daf\u00fcr h\u00e4tte die  Stadt selbst f\u00fcr einen Sicherheitsdienst sorgen m\u00fcssen, was mit  erheblichen finanziellen Aufwand verbunden gewesen w\u00e4re. Durch eine  Nutzung entsprechend der Standortkonzeption w\u00fcrde die  Stadt f\u00fcr den Zeitraum bis 2021 von dieser Anschlussunterbringung  befreit.<\/p>\n\n\n\n<p><em>Stadtverwaltung Schwetzingen<br>19.03.2019<\/em><\/p>\n\n\n\n<h2 class=\"wp-block-heading\">Aus dem Gemeinderat am 27. Februar 2019<\/h2>\n\n\n\n<h3 class=\"wp-block-heading\">Container f\u00fcr die Nordstadtschule \/ Sanierung und Neunutzung Rothackersches Haus\/ Ehemalige Hofapotheke wird Verwaltungsgeb\u00e4ude <\/h3>\n\n\n\n<p><strong>Nordstadtschule: mobile R\u00e4ume f\u00fcr die Kernzeitbetreuung<\/strong><\/p>\n\n\n\n<p><strong>Schwetzingen &#8211; <\/strong>Die bisherigen R\u00e4ume der Kernzeitbetreuung im Geb\u00e4ude der Nordstadtschule  werden k\u00fcnftig wieder als Klassenzimmer genutzt. Die Schule verf\u00fcgt  damit zumindest bis auf Weiteres \u00fcber die  Kapazit\u00e4ten, die sie ben\u00f6tigt, um die zunehmende Zahl an Sch\u00fclern \u2013  gerechnet wird zum Schuljahr 2019\/2020 mit 80 Sch\u00fclern \u2013 unterzubringen.<\/p>\n\n\n\n<p>Bis\n in den n\u00e4chsten Jahren eine endg\u00fcltige L\u00f6sung bereit steht, wird die \nKernzeit der Nordstadtschule zum Schuljahr 2019\/20 in eine \nvor\u00fcbergehende Containeranlage mit drei R\u00e4umen ausgelagert.\n Sie soll angemietet werden. F\u00fcr 2019 werden vom Gemeinderat \nau\u00dferplanm\u00e4\u00dfig 240.000 EUR zur Verf\u00fcgung gestellt. Die j\u00e4hrlichen Miet- \nund Bewirtschaftungskosten betragen rund 90.000 Euro. Im Jahr des Abbaus\n der Anlage ist mit Kosten von rund 150.000 Euro zu\n rechnen. <\/p>\n\n\n\n<p>Die\n urspr\u00fcnglich angedachte und von Elternseite kontrovers diskutierte \n\u00c4nderung der Schulbezirke zugunsten von Hirschacker- und Zeyherschule \nist damit vom Tisch.<\/p>\n\n\n\n<p>An\n allen Grundschulen gilt es, die Raumsituation f\u00fcr Schule und \nau\u00dferschulische Betreuung zukunftsorientiert auszugestalten. Daher \nwerden sich Verwaltung und Gemeinderat demn\u00e4chst intensiv\n mit diesem Thema besch\u00e4ftigen.<\/p>\n\n\n\n<p><strong>R\u00e4te stellen Weichen zur Sanierung des Rothackerschen Hauses<\/strong><\/p>\n\n\n\n<p>Das  Rothackersche Haus befindet sich im Eigentum der Stadt Schwetzingen. Es  steht unter Denkmalschutz und hat f\u00fcr die Schwetzinger Stadtgeschichte  grunds\u00e4tzliche Bedeutung. Daher wurde  im vergangenen Jahr beim auf die Sanierung von Altbauten  spezialisierten Heidelberger Architekturb\u00fcro J\u00fcrgen Mayer eine  Machbarkeitsstudie in Auftrag gegeben. Angedacht ist eine st\u00e4dtische  Nutzung als \u00f6ffentlich zug\u00e4ngliches Spargel- und Stadtmuseum. Das  bisherige  Museum im Karl-W\u00f6rn-Haus und die Touristinformation sollen integriert  werden. Auf dem benachbarten Gel\u00e4nde der ehemaligen  Spargelgenossenschaft plant die Stadt ein Wohnhaus mit preisg\u00fcnstigen  Mietwohnungen zu errichten. Auch der \u00f6ffentliche Parkplatz auf  dem Alten Messplatz soll in die Gesamtma\u00dfnahme eingebunden,  modernisiert und begr\u00fcnt wer-den, und weiterhin als \u00f6ffentlicher  Parkplatz f\u00fcr Pkw und Reisebusse zur Verf\u00fcgung stehen. <\/p>\n\n\n\n<p>In\n der Machbarkeitsstudie werden die Kosten in H\u00f6he von 9 Mio. Euro \nangegeben. Die Stadt hat daher einen Antrag f\u00fcr das Bundesf\u00f6rderprogramm\n \u201eSanierung kommunaler Einrichtungen in den\n Bereichen Sport, Jugend und Kultur\u201c gestellt. <\/p>\n\n\n\n<p>Die  Verwaltung wird nun mit der weiteren Umsetzung des Projekts unter  Einbindung des Gemeinderats und unter Beteiligung der \u00d6ffentlichkeit  beauftragt. <\/p>\n\n\n\n<p>Bereits am Montag, 4. M\u00e4rz 2019, findet daher um 19 Uhr im Palais Hirsch ein \u00f6ffentlicher Infotermin f\u00fcr die B\u00fcrgerschaft statt.\n<\/p>\n\n\n\n<p><strong>Hofapotheke soll zum Verwaltungsgeb\u00e4ude umgebaut werden<\/strong><\/p>\n\n\n\n<p>Die\n ehemalige Hofapotheke in der Hebelstra\u00dfe liegt genau zwischen dem \nRathausgeb\u00e4ude und dem st\u00e4dtischen Bauamt. F\u00fcr dringend ben\u00f6tigte \nweitere B\u00fcror\u00e4ume f\u00fcr die Verwaltung, hatte die\n Stadt das denkmalgesch\u00fctzte Geb\u00e4ude erworben. Die Machbarkeitsstudie \ndes von der Stadt beauftragten Architekturb\u00fcros Melcher aus \nSchifferstadt sieht drei m\u00f6gliche Ausf\u00fchrungsvarianten vor.\n<\/p>\n\n\n\n<p>Der\n Gemeinderat hat sich f\u00fcr Variante eins entschieden. Sie sieht im \nErdgeschoss den Erhalt der historischen Apotheke sowie R\u00e4ume f\u00fcr den \nB\u00fcrgerservice vor. Im ersten Obergeschoss und\n im Dachgeschoss k\u00f6nnen weitere B\u00fcror\u00e4ume eingerichtet werden. Insgesamt\n entstehen dann rund 310 m\u00b2 B\u00fcrofl\u00e4che. Die im Hinterhof liegende Remise\n k\u00f6nnte saisonal als Kunstraum oder B\u00fcrgergalerie genutzt werden.\n<\/p>\n\n\n\n<p>Die Gesamtkosten f\u00fcr den Umbau belaufen sich auf 2,9 Mio. EUR.<\/p>\n\n\n\n<p><strong>Spielplatzsatzung wird angepasst<\/strong><\/p>\n\n\n\n<p>Die\n Spielplatzsatzung wird aufgrund der Erfahrungen mit der alla hopp! \nAn-lage ge\u00e4ndert bzw. angepasst. Festgelegt sind jetzt die \n\u00d6ffnungszeiten der Anlage (in den Sommermonaten bis\n 22 Uhr, im Winterhalbjahr bis 20 Uhr), sowie das Verbot Glasflaschen zu\n zerschlagen, zu campieren, laute Musik zu spielen oder das Gel\u00e4nde mit \nDrohnen zu \u00fcberfliegen. Damit ist es k\u00fcnftig f\u00fcr die Polizei m\u00f6glich, \nbei St\u00f6rungen der Spielplatzordnung Platzverweise\n aus-zusprechen. Dadurch erhofft sich die Stadt eine Eind\u00e4mmung des \nVandalismus.&nbsp;\n<\/p>\n\n\n\n<p>(Abstimmung:&nbsp; 22 Ja, 1 Nein)<\/p>\n\n\n\n<p><strong>Theater am Puls erh\u00e4lt Zuschusserh\u00f6hung<\/strong><\/p>\n\n\n\n<p>Das\n \u201etheater am puls\u201c erh\u00e4lt zur Aufrechterhaltung des Betriebes und einer \nangemessenen Pauschalverg\u00fctung der Schauspieler ab dem Haushaltsjahr \n2019 einen um 70.000 EUR erh\u00f6hten Zuschuss\n in H\u00f6he von 85.000 EUR, erg\u00e4nzt um die bisherigen 16.000 EUR als \nF\u00f6rderung von Veranstaltungen des Theaters. Die Verwaltung und der \nGemeinderat w\u00fcrdigen damit das Theater als fester und unverzichtbarer \nBestandteil der Kulturlandschaft in Schwetzingen.&nbsp;\n<\/p>\n\n\n\n<p><strong>Vereine bekommen Investitionszusch\u00fcsse\n<\/strong><\/p>\n\n\n\n<p>Folgende Vereine erhalten 2019 nach den Vereinsf\u00f6rderrichtlinien Zusch\u00fcsse der Stadt:\n<\/p>\n\n\n\n<ul><li>Sportfliegerclub Schwetzingen e.V. f\u00fcr die Anschaffungen eines neuen Fliegers f\u00fcr jugendliche Nachwuchspiloten <\/li><li>Fu\u00dfballclub Badenia Hirschacker e.V. f\u00fcr Pflasterarbeiten <\/li><li>Tennisclub Blau-Wei\u00df Schwetzingen e.V. f\u00fcr die Erneuerung des Zaunes<\/li><li>DJK 1910 Schwetzingen e.V. f\u00fcr LED-Beleuchtung des Hunde-, Hockey- und Bogensportplatzes<\/li><li> Turnverein 1864 e.V. Schwetzingen f\u00fcr die Erneuerung des Warmwasserspeichers f\u00fcr die Duschen<\/li><\/ul>\n\n\n\n<p><strong>Gemeindewahlausschuss wurde bestellt<\/strong><\/p>\n\n\n\n<p>Der\n Gemeindewahlausschuss wird gem\u00e4\u00df \u00a7 11 Abs. 2 Kommunalwahlgesetz wie \nfolgt bestellt: Vorsitzender ist kraft Gesetz Oberb\u00fcrgermeister Dr. Ren\u00e9\n P\u00f6ltl. Als stellvertretende Vorsitzende\n wurde Heike Frank bestimmt. Beisitzer sind Roswitha Karner, Walter \nImhof, Horst Ueltzh\u00f6ffer und Manfred Kern. Stellvertretende Beisitzer \nsind Silke Scheiber, Andreas Muth, Herbert Nerz und Weihua Wang.\n<\/p>\n\n\n\n<p><strong>Stadt schlie\u00dft zwei Bausparvertr\u00e4ge ab<\/strong><\/p>\n\n\n\n<p>Der\n Gemeinderat beschlie\u00dft den Abschluss zweier Bausparvertr\u00e4ge bei der LBS\n Landesbausparkasse S\u00fcdwest \u00fcber jeweils 4 Mio. EUR. Die Konditionen \nsehen Soforteinzahlung in H\u00f6he von 1,6\n Mio. EUR sowie eine monatliche Regelbesparung von 16.000 EUR vor. Die \nAbschlussgeb\u00fchr betr\u00e4gt pro Vertrag einmalig 20.000 EUR. Die beiden \nKommunalsparvertr\u00e4ge haben einen Guthabenszins von 0,1 % und einen \neffektiven Darlehenszins von 1,97 %. Die Vorteile dieses\n Bausparvertrages sind unter anderem die Planbarkeit \u00fcber die gesamte \nLaufzeit, ein unbegrenztes Sondertilgungsrecht sowie kein \nZins\u00e4nderungsrisiko.\n<\/p>\n\n\n\n<p>Soweit  nicht anders beschrieben, erfolgten die Beschl\u00fcsse einstimmig. Die  komplette Sitzung sowie die Vorlagen und Beschl\u00fcsse sind auch im  Internet unter <a rel=\"noreferrer noopener\" href=\"https:\/\/deref-web-02.de\/mail\/client\/HCUZ2Fqnv0g\/dereferrer\/?redirectUrl=http%3A%2F%2Fratsinfo.schwetzingen.de\" target=\"_blank\">http:\/\/ratsinfo.schwetzingen.de<\/a> &nbsp;nachzulesen.<\/p>\n\n\n\n<p><em>Stadtverwaltung Schwetzingen<br>19.03.2019<\/em><\/p>\n\n\n\n<h2 class=\"wp-block-heading\">Ver\u00e4nderungen bei den st\u00e4dtischen Jugendh\u00e4usern<\/h2>\n\n\n\n<h3 class=\"wp-block-heading\">\u00d6ffnungszeiten und Struktur passen sich den Bed\u00fcrfnissen der Jugendlichen an<\/h3>\n\n\n\n<p><strong>Schwetzingen &#8211;<\/strong> Die Jugendarbeit in Schwetzingen soll sich k\u00fcnftig noch mehr an den  Bed\u00fcrfnissen der Jugendlichen \u2013 ausrichten. Eine gro\u00df angelegte  Befragung unter den Schwetzinger Jugendlichen sowie  die R\u00fcckmeldungen aus dem laufenden Achterrat-Projekt kamen zu dem  Ergebnis, dass die bisherigen Angebote der Jugendh\u00e4user nicht mehr mit  deren Bed\u00fcrfnissen und W\u00fcnschen \u00fcbereinstimmen. <\/p>\n\n\n\n<p>Aus\n diesem Grund gibt es ab M\u00e4rz 2019 folgende \u2013 nach Altersgruppen \ndifferenzierte &#8211; ge\u00e4nderte \u00d6ffnungszeiten im Jugendzentrum GoIn und im \nJugendtreff Hirschacker:<\/p>\n\n\n\n<p><strong>Jugendzentrum:<\/strong><\/p>\n\n\n\n<p>Montag:&nbsp; 15.00 bis 18.00 Uhr Mini-Treff f\u00fcr alle von acht bis zehn Jahre<\/p>\n\n\n\n<p> &nbsp;&nbsp;&nbsp;&nbsp;&nbsp;&nbsp;&nbsp;&nbsp;&nbsp;&nbsp;&nbsp;&nbsp;&nbsp;&nbsp;&nbsp; 18.00 bis 20.00 Uhr Jugendtreff f\u00fcr alle ab 13 Jahren<\/p>\n\n\n\n<p>Dienstag:&nbsp; 16.00 bis 18.00 Uhr Kids-Treff f\u00fcr alle von zehn bis zw\u00f6lf Jahre<\/p>\n\n\n\n<p> &nbsp;&nbsp;&nbsp;&nbsp;&nbsp;&nbsp;&nbsp;&nbsp;&nbsp;&nbsp;&nbsp;&nbsp;&nbsp;&nbsp;&nbsp;&nbsp;&nbsp; 16.00 bis 20.00 Uhr Jugendtreff f\u00fcr alle ab 13 Jahre<\/p>\n\n\n\n<p>Mittwoch:&nbsp; 16.00 bis 18.00 Uhr Kids-Treff f\u00fcr alle von zehn bis zw\u00f6lf Jahre<\/p>\n\n\n\n<p> &nbsp;&nbsp;&nbsp;&nbsp;&nbsp;&nbsp;&nbsp;&nbsp;&nbsp;&nbsp;&nbsp;&nbsp;&nbsp;&nbsp;&nbsp;&nbsp;&nbsp;&nbsp; 16.00 bis 20.00 Uhr Jugendtreff f\u00fcr alle ab 13 Jahre<\/p>\n\n\n\n<p>Donnerstag:  16.00 bis 18.00 Uhr Kids-Treff f\u00fcr alle von zehn bis zw\u00f6lf Jahre<\/p>\n\n\n\n<p> &nbsp;&nbsp;&nbsp;&nbsp;&nbsp;&nbsp;&nbsp;&nbsp;&nbsp;&nbsp;&nbsp;&nbsp;&nbsp;&nbsp;&nbsp;&nbsp;&nbsp;&nbsp;&nbsp;&nbsp;&nbsp;&nbsp; 16.00 bis 21.00 Uhr Jugendtreff f\u00fcr alle ab 13 Jahre<\/p>\n\n\n\n<p>Freitag: &nbsp;&nbsp;&nbsp;&nbsp; 16.00 bis 18.00 Uhr Kids-Treff f\u00fcr alle von zehn bis zw\u00f6lf Jahre<\/p>\n\n\n\n<p> &nbsp;&nbsp;&nbsp;&nbsp;&nbsp;&nbsp;&nbsp;&nbsp;&nbsp;&nbsp;&nbsp;&nbsp;&nbsp;&nbsp;&nbsp;&nbsp;&nbsp;&nbsp;&nbsp; 16.00 bis 21.00 Uhr Jugendtreff f\u00fcr alle ab 13 Jahre<\/p>\n\n\n\n<p><strong>Jugendtreff im Hirschacker:<\/strong><\/p>\n\n\n\n<p>Montag:&nbsp;&nbsp; 15.00 bis 18.00 Uhr Mini-Treff f\u00fcr alle von acht bis zehn Jahre<\/p>\n\n\n\n<p>Mittwoch:&nbsp;&nbsp; 15.00 bis 17.00 Uhr Kids-Treff f\u00fcr alle von zehn bis zw\u00f6lf Jahre<\/p>\n\n\n\n<p> &nbsp;&nbsp;&nbsp;&nbsp;&nbsp;&nbsp;&nbsp;&nbsp;&nbsp;&nbsp;&nbsp;&nbsp;&nbsp;&nbsp;&nbsp;&nbsp;&nbsp;&nbsp;&nbsp; 15.00 bis 20.00 Uhr Jugendtreff f\u00fcr alle ab 13 Jahre<\/p>\n\n\n\n<p>Donnerstag:  15.00 bis 17.00 Uhr Kids- und Jugendtreff f\u00fcr alle ab 10 Jahre<\/p>\n\n\n\n<p>Freitag: &nbsp;15.00 bis 17.00 Uhr Kids-Treff f\u00fcr alle von zehn bis zw\u00f6lf Jahre<\/p>\n\n\n\n<p> &nbsp;&nbsp;&nbsp;&nbsp;&nbsp;&nbsp;&nbsp;&nbsp;&nbsp;&nbsp;&nbsp;&nbsp;&nbsp;&nbsp; 15.00 bis 20.00 Uhr Jugendtreff f\u00fcr alle ab 13 Jahre<\/p>\n\n\n\n<p>Damit sind die Abendzeiten den Kids ab 13 Jahren vorbehalten. F\u00fcr Kinder von acht bis zehn Jahren sind die Jugendh\u00e4user k\u00fcnftig nur noch montags von 15.00 bis 18.00 Uhr ge\u00f6ffnet.<\/p>\n\n\n\n<p><em>Stadtverwaltung Schwetzingen<br>19.03.2019<\/em><\/p>\n\n\n\n<h2 class=\"wp-block-heading\">Aus Schwetzinger Bambus wird ein Lastenrad gefertigt <\/h2>\n\n\n\n<h3 class=\"wp-block-heading\">Initiatoren suchen noch fahrradbegeisterte Mitstreiter f\u00fcr den Bau eines nachhaltigen E-Bikes<\/h3>\n\n\n\n<div class=\"wp-block-image\"><figure class=\"aligncenter\"><img decoding=\"async\" loading=\"lazy\" width=\"800\" height=\"370\" src=\"https:\/\/speyer24news.com\/wp-content\/uploads\/2019\/03\/Bambuslastenrad.jpg\" alt=\"\" class=\"wp-image-10405\" srcset=\"https:\/\/speyer24news.com\/wp-content\/uploads\/2019\/03\/Bambuslastenrad.jpg 800w, https:\/\/speyer24news.com\/wp-content\/uploads\/2019\/03\/Bambuslastenrad-300x139.jpg 300w, https:\/\/speyer24news.com\/wp-content\/uploads\/2019\/03\/Bambuslastenrad-768x355.jpg 768w\" sizes=\"(max-width: 800px) 100vw, 800px\" \/><figcaption> Das Bambuslastenrad vom Typ Long John wird nach einer bew\u00e4hrten Vorlage  der OZON Cyclery in Berlin gebaut und erh\u00e4lt zus\u00e4tzlich einen E-Antrieb. <\/figcaption><\/figure><\/div>\n\n\n\n<p><strong>Schwetzingen \/ Werkstatt im Goln &#8211;<\/strong> Schwetzingen  und das Fahrrad: Nicht erst seit dem Jubil\u00e4um \u201e200 Jahre Drais\u201c im Jahr  2017 hat die Stadt eine ganz besondere Beziehung zu diesem  umweltfreundlichen, zweir\u00e4drigen Fortbewegungsmittel.  Jetzt wird mit dem Bau eines Lastenrades aus Bambus eine weitere \u2013  \u00f6kologische und besonders nachhaltige &#8211; Facette hinzukommen. In circa  sechsw\u00f6chiger Bauzeit soll in der Holzwerkstatt des st\u00e4dtischen  Jugendhauses \u201eGoIn\u201c unter der sachkundigen Anleitung der  Bambusrad-Spezialisten der Schwetzinger Firma Smart Grass Bicycles in  einem Workshop ein Lastenrad entstehen. Auftraggeber und F\u00f6rderer ist  die Stadt Schwetzingen. Das Projekt wird unterst\u00fctzt durch das  Ministerium f\u00fcr Soziales und Integration mit Mitteln  des Landes Baden-W\u00fcrttemberg. <\/p>\n\n\n\n<p><strong>Wer m\u00f6chte am Bau des Lastenrades mitwirken?<\/strong><\/p>\n\n\n\n<p>Das\n Schwetzinger Bambus-Lastenrad, das als E-Bike konzipiert ist, soll von \ninteressierten \u201eMonteuren\u201c vor allem an Wochenenden (freitagabends und \nsamstags) gebaut werden. Die Stadt\n Schwetzingen und Smart Grass Bicycles fordern handwerklich begabte und \nfahrradaffine Menschen auf, am Projekt mitzuarbeiten. Die gesamte \nBauzeit wird auf zw\u00f6lf Tage angesetzt. Ende April soll das Projekt \nbeendet sein. Smart Grass Bicycles \u00fcbernimmt das Coaching\n und stellt die Konstruktionsunterlagen, Materialien und Werkzeuge. <\/p>\n\n\n\n<p><strong>Wieso ein Fahrrad aus Bambus?<\/strong><\/p>\n\n\n\n<p>Die  Idee zum Projekt hatte Oswald Wieser. Er ist von dem Baustoff Bambus  \u00fcberzeugt und hatte als Schwetzinger die Idee, das Baumaterial f\u00fcr das  Lastenrad gewisserma\u00dfen vor der Haust\u00fcr  zu ernten: im Schwetzinger Schlossgarten. \u201eDer heimische Bambus eignet  sich in besonderer Weise f\u00fcr den Fahrradbau: Der helle Bambus ist  angenehm leicht, stabil, ein schnell nachwachsender Rohstoff und  langlebig. Und zudem biologisch abbaubar\u201c, so Oswald Wieser.  Was kaum jemand wei\u00df ist, dass Bambus seit mehr als 100 Jahren zum Bau  von Fahrr\u00e4dern verwendet wird. Nicht nur rund um den Globus werden &#8211; \u00fcberall dort, wo Bambus w\u00e4chst &#8211;&nbsp; auch Fahrr\u00e4der aus dieser Grasart gebaut, selbst in \u00d6sterreich existierte schon Ende  des 19. Jahrhunderts eine florierende Bambusrad-Manufaktur. <\/p>\n\n\n\n<p> Die  \u201eErnte\u201c des Bambusses hat bereits stattgefunden, da das Material im  Vorfeld getrocknet und gegen Pilze behandelt werden muss. Das dauert  rund drei Monate.&nbsp; Und das Projekt hat dadurch  noch eine weitere besondere  Beziehung zu Schwetzingen: Etwa dort, wo der Bambus heute im Schlossgarten w\u00e4chst, lebte vor gut 200 Jahren Karl Drais, der Erfinder  des Laufrades. <\/p>\n\n\n\n<div class=\"wp-block-image\"><figure class=\"aligncenter\"><img decoding=\"async\" loading=\"lazy\" width=\"800\" height=\"611\" src=\"https:\/\/speyer24news.com\/wp-content\/uploads\/2019\/03\/HansDiterProske.jpg\" alt=\"\" class=\"wp-image-10406\" srcset=\"https:\/\/speyer24news.com\/wp-content\/uploads\/2019\/03\/HansDiterProske.jpg 800w, https:\/\/speyer24news.com\/wp-content\/uploads\/2019\/03\/HansDiterProske-300x229.jpg 300w, https:\/\/speyer24news.com\/wp-content\/uploads\/2019\/03\/HansDiterProske-768x587.jpg 768w, https:\/\/speyer24news.com\/wp-content\/uploads\/2019\/03\/HansDiterProske-80x60.jpg 80w\" sizes=\"(max-width: 800px) 100vw, 800px\" \/><figcaption>Der Pflanzer: Hans Dieter Proske hat den Bambus von einer seiner vielen Reisen  aus Asien mitgebracht und im Schlosspark neben dem Arboretum angepflanzt. <\/figcaption><\/figure><\/div>\n\n\n\n<p>Nutznie\u00dfer des E-Bikes wird ein Mitarbeiter des Rathauses sein, der damit  zuk\u00fcnftig leichte Lasten auf der Kurzstrecke im Stadtgebiet und zwischen  den einzelnen Dienststellen transportieren  kann. Das macht sich langfristig bei der innerst\u00e4dtischen Co2-Bilanz  bemerkbar und ist ganz im Sinne des Klimaschutzkonzeptes der Stadt  Schwetzingen.&nbsp; <\/p>\n\n\n\n<div class=\"wp-block-image\"><figure class=\"aligncenter\"><img decoding=\"async\" loading=\"lazy\" width=\"800\" height=\"600\" src=\"https:\/\/speyer24news.com\/wp-content\/uploads\/2019\/03\/ManolitoDirker.jpg\" alt=\"\" class=\"wp-image-10407\" srcset=\"https:\/\/speyer24news.com\/wp-content\/uploads\/2019\/03\/ManolitoDirker.jpg 800w, https:\/\/speyer24news.com\/wp-content\/uploads\/2019\/03\/ManolitoDirker-300x225.jpg 300w, https:\/\/speyer24news.com\/wp-content\/uploads\/2019\/03\/ManolitoDirker-768x576.jpg 768w, https:\/\/speyer24news.com\/wp-content\/uploads\/2019\/03\/ManolitoDirker-678x509.jpg 678w, https:\/\/speyer24news.com\/wp-content\/uploads\/2019\/03\/ManolitoDirker-326x245.jpg 326w, https:\/\/speyer24news.com\/wp-content\/uploads\/2019\/03\/ManolitoDirker-80x60.jpg 80w\" sizes=\"(max-width: 800px) 100vw, 800px\" \/><figcaption> Der Fahrer: Auf&nbsp; Manolito Dirker und seine Aufgaben in der Stadtverwaltung wird  das Bambuslastenrad zugeschnitten. <\/figcaption><\/figure><\/div>\n\n\n\n<p><strong>Kontakt und Termine:<\/strong><\/p>\n\n\n\n<p>Wer  beim Bau mitmachen oder auch nur mal reinschnuppern m\u00f6chte, kann sich  entweder an den Integrationsbeauftragten Markus Liu-Wallenwein ( <a rel=\"noreferrer noopener\" href=\"mailto:integrationsbeauftragter@schwetzingen.de\" target=\"_blank\">integrationsbeauftragter@schwetzingen.de<\/a>; Tel: 06202 87-252) wenden oder einfach in der Werkstatt im GoIn vorbeischauen. Die Termine an denen dort gearbeitet wird  sind:<\/p>\n\n\n\n<p>An den Wochenenden jeweils freitags von 17:00 bis 20:00 Uhr und &nbsp;samstags von 09:00 bis 18:00 Uhr:<\/p>\n\n\n\n<p><strong>Fr. 22.3.\/Sa. 23.3.&nbsp;&#8211; Fr. 29.3.\/Sa. 30.3. &#8211; Fr. 5.4.\/Sa. 6.4. &#8211; Fr. 26.4.\/Sa. 27.4.<\/strong><\/p>\n\n\n\n<p><strong>HINTERGRUND: Bambus als Baustoff&nbsp; <\/strong><\/p>\n\n\n\n<p>Phyllostachys  oder Bambus ist ein extrem schnell wachsendes S\u00fc\u00dfgras, das vor allem in  China gedeiht. Dort erreicht er innerhalb von vier bis sechs Wochen  seine endg\u00fcltige H\u00f6he und kann  bis zu 30 Zentimeter t\u00e4glich wachsen. Den H\u00f6henrekord h\u00e4lt ein Bambus  mit 48 Metern H\u00f6he. Insgesamt gibt es um die 1500 verschiedene Arten.  Bambus wird als Baustoff eingesetzt und dient selbst bei Hochh\u00e4usern  wegen seiner Stabilit\u00e4t als Bauger\u00fcst. Au\u00dferdem  werden daraus M\u00f6bel und andere Gebrauchsgegenst\u00e4nde hergestellt. Die  jungen Sch\u00f6sslinge des Bambus und Bambussprossen sind essbar. Bei uns  wird Bambus, der immergr\u00fcn ist und Frost bis minus zwanzig Grad aush\u00e4lt,  vor allem im Gartenbau verwendet. Wegen seiner  H\u00e4rte ist Bambus auch ein popul\u00e4res Parkett. Fahrr\u00e4der aus Bambus  herzustellen, ist keine ganz neue Idee. Schon Ende des vorletzten  Jahrhunderts wurden beispielsweise in England und \u00d6sterreich Fahrr\u00e4der  aus Bambus gebaut.<\/p>\n\n\n\n<p> Die  Gruppe um den Schwetzinger Oswald Wieser, Faz Hoque und Manuel Van der  Woude besch\u00e4ftigt sich seit mehreren Jahren mit dem Bau von  Bambusr\u00e4dern. Ein Rad von Smart Grass Bicycles wurde 2018 als Gewinner im Wettbewerb um den German Design Award  ausgezeichnet. <\/p>\n\n\n\n<p><em>Stadtverwaltung Schwetzingen<br>19.03.2019<\/em><\/p>\n\n\n\n<h2 class=\"wp-block-heading\">Altersgerecht Umbauen &#8211; gewusst wie!<\/h2>\n\n\n\n<h3 class=\"wp-block-heading\">N\u00e4chste kostenlose Wohnberatung im Generationenb\u00fcro am 20. M\u00e4rz 2019<\/h3>\n\n\n\n<p><strong>Schwetzingen \/ Generationenb\u00fcro &#8211;<\/strong> Die  \u201eWohnberatung\u201c f\u00fcr altersgerechtes Wohnen beinhaltet das Angebot f\u00fcr  Mieter, Vermieter und Hausbesitzer, den Wohnungsbestand zu analysieren  und konkrete Hinweise f\u00fcr  sachgerechte und zukunftsorientierte Anpassungsma\u00dfnahmen zu geben. Die  Beratung findet im Generationenb\u00fcro statt. Die Vermeidung von Barrieren,  der Komfort, die Bequemlichkeit und die Nutzungsbed\u00fcrfnisse stehen  dabei im Vordergrund. Die Ma\u00dfnahmen k\u00f6nnen sich  auf den Einbau von Treppenliften und barrierefreien B\u00e4dern beziehen  oder auch auf die \u00c4nderung von Grundrissen, der elektrischen  Ausstattung, von Griffen, Gel\u00e4ndern und Rampen.&nbsp; Auch G\u00e4rten und die  Umgebung k\u00f6nnen mit einbezogen werden. <\/p>\n\n\n\n<p>Die\n Analyse der jeweiligen Wohnsituation erfolgt anhand von Leitf\u00e4den und \nChecklisten um sicher zu stellen, dass alle relevanten Punkte \nangesprochen werden. Dabei findet\n auch eine Beratung zu m\u00f6glichen finanziellen F\u00f6rdermitteln statt. Am \nMittwoch, 20. M\u00e4rz 2019, findet von 9.30 \u2013 10.30 Uhr wieder eine \nWohnberatung im Generationenb\u00fcro der Stadt Schwetzingen, Schlossplatz 4,\n statt.&nbsp; Die kostenlose Erstberatung erfolgt durch\n Frau Ulla Badura, Innenarchitektin und Fachkraft f\u00fcr \nzukunftsorientiertes Wohnen. Das Generationenb\u00fcro bittet unter der \nTelefonnummer&nbsp; 06202\/87-492 oder -493 um Voranmeldung.<\/p>\n\n\n\n<h2 class=\"wp-block-heading\">Stadt und Wirtschaft im Gespr\u00e4ch: Unternehmerfr\u00fchst\u00fcck am 26. M\u00e4rz bei Firma M\u00f6bel H\u00f6ffner <\/h2>\n\n\n\n<p><strong>Schwetzingen \/ M\u00f6bel H\u00f6ffner &#8211; <\/strong>Die  Stadt l\u00e4dt in Kooperation mit M\u00f6bel H\u00f6ffner interessierte  Unternehmer\/-innen aus allen Branchen f\u00fcr <strong>Dienstag, 26. M\u00e4rz 2019<\/strong>, um  9.30 Uhr zu einem kurzweiligen  Unternehmerfr\u00fchst\u00fcck in das M\u00f6belhaus ein. <\/p>\n\n\n\n<p>Unter\n anderem wird Oberb\u00fcrgermeister Dr. Ren\u00e9 P\u00f6ltl wird \u00fcber aktuelle Themen\n berichten und die Verwaltung wird \u00fcber neue Angebote aus dem Bereich \nKlimaschutz\n und Mobilit\u00e4t informieren. Zudem ist ausreichend Raum f\u00fcr das Gespr\u00e4ch \nuntereinander und das Netzwerken. Die Veranstaltung klingt mit einem \nkurzen Rundgang mit Hausleiter Thomas Huck durch das im letzten Jahr \naufw\u00e4ndig runderneuerte M\u00f6belhaus und den zugeh\u00f6rigen\n Lager- und Logistikbereich aus.<\/p>\n\n\n\n<p>Zur Vorbereitung erbitten wir Ihre Anmeldung unter E-Mail: <a rel=\"noreferrer noopener\" href=\"mailto:wirtschaft@schwetzingen.de\" target=\"_blank\">wirtschaft@schwetzingen.de<\/a> oder Fax 06202-875106. Wirtschaftsf\u00f6rderer Wolfgang Leberecht, Tel. 06202-87105 gibt gerne weitere Ausk\u00fcnfte.<\/p>\n\n\n\n<p><em>Stadtverwaltung Schwetzingen<br>19.03.2019<\/em><\/p>\n\n\n\n<h2 class=\"wp-block-heading\">Wollfabrik Schwetzingen &#8211; Veranstaltungen  im M\u00e4rz 2019<\/h2>\n\n\n\n<div class=\"wp-block-image\"><figure class=\"aligncenter\"><img decoding=\"async\" src=\"https:\/\/speyer24news.com\/wp-content\/uploads\/2019\/03\/Wollfabrik-Schwetzingen.png\" alt=\"\" class=\"wp-image-10401\"\/><\/figure><\/div>\n\n\n\n<h3 class=\"wp-block-heading\">Samstag, 23. M\u00e4rz 2019 \u2013 Peter Moreno: Bauch-Comedy \u2013 Lachen ist Programm<\/h3>\n\n\n\n<div class=\"wp-block-image\"><figure class=\"aligncenter\"><img decoding=\"async\" loading=\"lazy\" width=\"800\" height=\"601\" src=\"https:\/\/speyer24news.com\/wp-content\/uploads\/2019\/03\/Peter-Moreno-Foto-Manuela-Beike-3.jpg\" alt=\"\" class=\"wp-image-10402\" srcset=\"https:\/\/speyer24news.com\/wp-content\/uploads\/2019\/03\/Peter-Moreno-Foto-Manuela-Beike-3.jpg 800w, https:\/\/speyer24news.com\/wp-content\/uploads\/2019\/03\/Peter-Moreno-Foto-Manuela-Beike-3-300x225.jpg 300w, https:\/\/speyer24news.com\/wp-content\/uploads\/2019\/03\/Peter-Moreno-Foto-Manuela-Beike-3-768x577.jpg 768w, https:\/\/speyer24news.com\/wp-content\/uploads\/2019\/03\/Peter-Moreno-Foto-Manuela-Beike-3-678x509.jpg 678w, https:\/\/speyer24news.com\/wp-content\/uploads\/2019\/03\/Peter-Moreno-Foto-Manuela-Beike-3-326x245.jpg 326w, https:\/\/speyer24news.com\/wp-content\/uploads\/2019\/03\/Peter-Moreno-Foto-Manuela-Beike-3-80x60.jpg 80w\" sizes=\"(max-width: 800px) 100vw, 800px\" \/><figcaption> <em>&#8222;Peter Moreno&#8220; @ Manuela Beike<\/em> <\/figcaption><\/figure><\/div>\n\n\n\n<p>Peter\n Moreno ist weltweit einer der besten Bauchredner. In zahlreichen \nTV-Auftritten stellte der Mann mit den vielen Bauchstimmen sein \nau\u00dfergew\u00f6hnliches Talent unter Beweis. Nun ist er mit seinem neuen \nerfolgreichen Soloprogramm &#8222;BauchComedy &#8211; Lachen ist Programm!&#8220; auf \nTournee und z\u00fcndet auf den gro\u00dfen B\u00fchnen Deutschlands mit Kabarett, \nComedy und Bauchreden ein Feuerwerk der guten Laune. <strong>Der 3-fache Weltrekordhalter im Bauchreden<\/strong>, wurde unter anderem auch mit dem &#8222;European best Artist Award&#8220; ausgezeichnet.<\/p>\n\n\n\n<p>Einlass: 19.00 Uhr Beginn: 20.00 Uhr&nbsp; <\/p>\n\n\n\n<p>VVK: EUR 20,- (zzgl. VVK-Geb\u00fchren), AK: EUR 25,-<\/p>\n\n\n\n<h3 class=\"wp-block-heading\">Freitag,\u00a0 29. M\u00e4rz 2019 \u2013 Bosstime: Bruce Springsteen Tribute<\/h3>\n\n\n\n<div class=\"wp-block-image\"><figure class=\"aligncenter\"><img decoding=\"async\" loading=\"lazy\" width=\"800\" height=\"411\" src=\"https:\/\/speyer24news.com\/wp-content\/uploads\/2019\/03\/bosstime-presse-2_16.jpg\" alt=\"\" class=\"wp-image-10403\" srcset=\"https:\/\/speyer24news.com\/wp-content\/uploads\/2019\/03\/bosstime-presse-2_16.jpg 800w, https:\/\/speyer24news.com\/wp-content\/uploads\/2019\/03\/bosstime-presse-2_16-300x154.jpg 300w, https:\/\/speyer24news.com\/wp-content\/uploads\/2019\/03\/bosstime-presse-2_16-768x395.jpg 768w\" sizes=\"(max-width: 800px) 100vw, 800px\" \/><\/figure><\/div>\n\n\n\n<p>Bosstime\n ist wohl derzeit unumstritten Deutschlands gefragteste \nBruce-Springsteen-Tribute-Band. Wer die Band einmal live erlebt hat, \nwird diese Ansicht teilen. Die Band wurde im Jahr 2003 gegr\u00fcndet und hat\n sich zur Aufgabe gemacht, Bruce Springsteen, dem &#8222;hardest workin&#8216; man \nin Rock &#8217;n&#8216; Roll business&#8220;, und seiner legend\u00e4ren E-Street-Band zu \nLebzeiten ein lebendiges, musikalisches Denkmal zu setzen.<\/p>\n\n\n\n<p>Einlass: 19.30 Uhr \/ Beginn: 20.30 Uhr<\/p>\n\n\n\n<p>VVK: EUR 25,- (zzgl. VVK-Geb\u00fchren), AK: EUR 30,-<\/p>\n\n\n\n<h3 class=\"wp-block-heading\">Samstag, 30. M\u00e4rz 2019: Kay Ray \u2013 \u201eWonach sieht\u00b4s denn aus?\u201c<\/h3>\n\n\n\n<div class=\"wp-block-image\"><figure class=\"aligncenter\"><img decoding=\"async\" loading=\"lazy\" width=\"500\" height=\"750\" src=\"https:\/\/speyer24news.com\/wp-content\/uploads\/2019\/03\/Pressefoto4-Kay-Ray-WSDA-Copyright-Andreas-Elsner-verwendbar-bis-01.03.jpg\" alt=\"\" class=\"wp-image-10404\" srcset=\"https:\/\/speyer24news.com\/wp-content\/uploads\/2019\/03\/Pressefoto4-Kay-Ray-WSDA-Copyright-Andreas-Elsner-verwendbar-bis-01.03.jpg 500w, https:\/\/speyer24news.com\/wp-content\/uploads\/2019\/03\/Pressefoto4-Kay-Ray-WSDA-Copyright-Andreas-Elsner-verwendbar-bis-01.03-200x300.jpg 200w\" sizes=\"(max-width: 500px) 100vw, 500px\" \/><figcaption> <em>&#8222;Kay Ray&#8220; @ Andreas Elsner<\/em><\/figcaption><\/figure><\/div>\n\n\n\n<p>Schwetzingen\n liebt ihn, den Rotzjungen, Charmeur und zynischen Kritiker. Alle drei \nFiguren vereint Kay Ray auf sich und verspr\u00fcht seinen Witz und seine \nironischen Kommentare. Er kratzt an den Grenzen des guten Geschmacks und\n nimmt sein Publikum mit auf seine Reisen in die Absurdit\u00e4ten des \nAlltags. Am 30. M\u00e4rz macht das Enfant terrible des bissigen Kabaretts \nmit seinem neuen Programm \u201eWonach sieht\u00b4s denn aus?!?\u201c Station in der \nWollfabrik Schwetzingen und stellt fest, dass \u2013 so wie es&nbsp; aussieht &#8211; nichts mehr ist wie es war!<\/p>\n\n\n\n<p>Einlass: 19.00 Uhr \/ Beginn: 20.00 Uhr<\/p>\n\n\n\n<p>VVK: 20,&#8211; (zzgl. VVK-Geb\u00fchren), AK: EUR 25,&#8211;<\/p>\n\n\n\n<p><em>Text: CommCo Communication &amp; PR Consulting Foto: &#8222;Peter Moreno&#8220; @ Manuela Beike, &#8222;Kay Ray&#8220; @ Andreas Elsner<br>19.03.2019<\/em><\/p>\n","protected":false},"excerpt":{"rendered":"<div class=\"mh-excerpt\"><p>Energiemesse: \u00c4nderungen Wochenmarkt und Spargelmarkt Schwetzingen \/ Kleine Planken &#8211; Am Mittwoch, den 27. M\u00e4rz findet der Wochenmarkt auf dem n\u00f6rdlichen Schlossplatz statt. Am Samstag, den 30. M\u00e4rz ist kein Wochenmarkt. Der Spargelmarkt wird am <a class=\"mh-excerpt-more\" href=\"https:\/\/speyer24news.com\/?p=10399\" title=\"Schwetzingen:\">[&#8230;]<\/a><\/p>\n<\/div>","protected":false},"author":3,"featured_media":0,"comment_status":"open","ping_status":"open","sticky":false,"template":"","format":"standard","meta":{"_monsterinsights_skip_tracking":false,"_monsterinsights_sitenote_active":false,"_monsterinsights_sitenote_note":"","_monsterinsights_sitenote_category":0,"footnotes":""},"categories":[477],"tags":[161,163,480,478,479,483,484,485,488,154,486,481,482,487,44],"aioseo_notices":[],"amp_enabled":true,"_links":{"self":[{"href":"https:\/\/speyer24news.com\/index.php?rest_route=\/wp\/v2\/posts\/10399"}],"collection":[{"href":"https:\/\/speyer24news.com\/index.php?rest_route=\/wp\/v2\/posts"}],"about":[{"href":"https:\/\/speyer24news.com\/index.php?rest_route=\/wp\/v2\/types\/post"}],"author":[{"embeddable":true,"href":"https:\/\/speyer24news.com\/index.php?rest_route=\/wp\/v2\/users\/3"}],"replies":[{"embeddable":true,"href":"https:\/\/speyer24news.com\/index.php?rest_route=%2Fwp%2Fv2%2Fcomments&post=10399"}],"version-history":[{"count":4,"href":"https:\/\/speyer24news.com\/index.php?rest_route=\/wp\/v2\/posts\/10399\/revisions"}],"predecessor-version":[{"id":10413,"href":"https:\/\/speyer24news.com\/index.php?rest_route=\/wp\/v2\/posts\/10399\/revisions\/10413"}],"wp:attachment":[{"href":"https:\/\/speyer24news.com\/index.php?rest_route=%2Fwp%2Fv2%2Fmedia&parent=10399"}],"wp:term":[{"taxonomy":"category","embeddable":true,"href":"https:\/\/speyer24news.com\/index.php?rest_route=%2Fwp%2Fv2%2Fcategories&post=10399"},{"taxonomy":"post_tag","embeddable":true,"href":"https:\/\/speyer24news.com\/index.php?rest_route=%2Fwp%2Fv2%2Ftags&post=10399"}],"curies":[{"name":"wp","href":"https:\/\/api.w.org\/{rel}","templated":true}]}}