{"id":10608,"date":"2019-03-20T17:25:42","date_gmt":"2019-03-20T16:25:42","guid":{"rendered":"https:\/\/speyer24news.com\/?p=10608"},"modified":"2019-03-20T17:28:56","modified_gmt":"2019-03-20T16:28:56","slug":"kultur-historisches-museum-speyer","status":"publish","type":"post","link":"https:\/\/speyer24news.com\/?p=10608","title":{"rendered":"Kultur \/ Historisches Museum Speyer:"},"content":{"rendered":"<style type=\"text\/css\">\r\n\t.ads_top_disp{}\r\n\t.ads_top_corner_disp{ float:left; margin:0px 10px 10px 0px; }\r\n\t.ads_first_p_disp{}\r\n\t.ads_bottom_disp{}\r\n\t<\/style>\n<h2 class=\"wp-block-heading\">Paul Maar liest im Historischen Museum der Pfalz<\/h2>\n\n\n\n<h3 class=\"wp-block-heading\">Kinderbuchautor =  und Erfinder der Sams stellt sein neuestes Buch vor<\/h3>\n\n\n\n<figure class=\"wp-block-image\"><img decoding=\"async\" loading=\"lazy\" width=\"640\" height=\"480\" src=\"https:\/\/speyer24news.com\/wp-content\/uploads\/2019\/03\/DSC08213.jpg\" alt=\"\" class=\"wp-image-10621\" srcset=\"https:\/\/speyer24news.com\/wp-content\/uploads\/2019\/03\/DSC08213.jpg 640w, https:\/\/speyer24news.com\/wp-content\/uploads\/2019\/03\/DSC08213-300x225.jpg 300w, https:\/\/speyer24news.com\/wp-content\/uploads\/2019\/03\/DSC08213-326x245.jpg 326w, https:\/\/speyer24news.com\/wp-content\/uploads\/2019\/03\/DSC08213-80x60.jpg 80w\" sizes=\"(max-width: 640px) 100vw, 640px\" \/><figcaption>Paul Maar, Kinderbuchautor &amp; Erfinder des Sams liest am 4.Mai aus &#8222;Der kleine Troll Tojok&#8220;<\/figcaption><\/figure>\n\n\n\n<p><strong>Speyer \/ Historisches Museum &#8211; <\/strong>Am <strong>Samstag, 4.Ma<\/strong>i, um 15 Uhr liest Paul Maar im Historischen Museum der Pfalz Speyer aus seinem neuesten Kinderbuch \u201eDer kleine Troll Tojok\u201c. Die Lesung findet zum Abschluss der   interaktiven Familien-Ausstellung \u201eDas Sams und die Helden der Kinderb\u00fccher\u201c statt, die am Sonntag, 5. Mai zum letzten Mal ihre Tore f\u00fcr die Besucher \u00f6ffnet.<\/p>\n\n\n\n<figure class=\"wp-block-image\"><img decoding=\"async\" loading=\"lazy\" width=\"800\" height=\"595\" src=\"https:\/\/speyer24news.com\/wp-content\/uploads\/2019\/03\/DSC09369.jpg\" alt=\"\" class=\"wp-image-10622\" srcset=\"https:\/\/speyer24news.com\/wp-content\/uploads\/2019\/03\/DSC09369.jpg 800w, https:\/\/speyer24news.com\/wp-content\/uploads\/2019\/03\/DSC09369-300x223.jpg 300w, https:\/\/speyer24news.com\/wp-content\/uploads\/2019\/03\/DSC09369-768x571.jpg 768w, https:\/\/speyer24news.com\/wp-content\/uploads\/2019\/03\/DSC09369-80x60.jpg 80w\" sizes=\"(max-width: 800px) 100vw, 800px\" \/><figcaption>Viele Interaktive Stationen laden zum Mitmachen ein<\/figcaption><\/figure>\n\n\n\n<p><strong><em>Karten f\u00fcr die Lesung sind ab sofort im Vorverkauf erh\u00e4ltlich!<\/em><\/strong><\/p>\n\n\n\n<p>In der Ausstellung k\u00f6nnen die gro\u00dfen und kleinen Besucher in die Fantasiewelten ihrer Kinderbuchhelden reisen und begegnen dabei nicht nur dem Sams, Paul Maars frechem Romanheld mit roten Haaren, Schweinenase und blauen Wunschpunkten im Gesicht. <\/p>\n\n\n\n<figure class=\"wp-block-image\"><img decoding=\"async\" loading=\"lazy\" width=\"800\" height=\"600\" src=\"https:\/\/speyer24news.com\/wp-content\/uploads\/2019\/03\/DSC09397.jpg\" alt=\"\" class=\"wp-image-10623\" srcset=\"https:\/\/speyer24news.com\/wp-content\/uploads\/2019\/03\/DSC09397.jpg 800w, https:\/\/speyer24news.com\/wp-content\/uploads\/2019\/03\/DSC09397-300x225.jpg 300w, https:\/\/speyer24news.com\/wp-content\/uploads\/2019\/03\/DSC09397-768x576.jpg 768w, https:\/\/speyer24news.com\/wp-content\/uploads\/2019\/03\/DSC09397-678x509.jpg 678w, https:\/\/speyer24news.com\/wp-content\/uploads\/2019\/03\/DSC09397-326x245.jpg 326w, https:\/\/speyer24news.com\/wp-content\/uploads\/2019\/03\/DSC09397-80x60.jpg 80w\" sizes=\"(max-width: 800px) 100vw, 800px\" \/><figcaption>Die H\u00f6hle der Olchis, ein sch\u00f6ner Ort zu spielen<\/figcaption><\/figure>\n\n\n\n<p>Sie treffen auch den furchterregenden Gr\u00fcffelo und die kleine, clevere Maus sowie Pippi Langstrumpf, den kleinen Wassermann oder Jim Knopf und Lukas den Lokomotivf\u00fchrer. Neugierige Besucherinnen und Besucher k\u00f6nnen in der H\u00f6hle der Olchis, Erhard Dietls gutgelaunte, singende, hilfsbereite und anarchisch lebende Gro\u00dffamilie besuchen. Zahlreiche interaktive Stationen laden zum Entdecken, F\u00fchlen, Verkleiden, Spielen, Ausprobieren und H\u00f6ren ein. <\/p>\n\n\n\n<div class=\"wp-block-image\"><figure class=\"aligncenter\"><img decoding=\"async\" loading=\"lazy\" width=\"500\" height=\"770\" src=\"https:\/\/speyer24news.com\/wp-content\/uploads\/2019\/03\/DSC09388.jpg\" alt=\"\" class=\"wp-image-10624\" srcset=\"https:\/\/speyer24news.com\/wp-content\/uploads\/2019\/03\/DSC09388.jpg 500w, https:\/\/speyer24news.com\/wp-content\/uploads\/2019\/03\/DSC09388-195x300.jpg 195w\" sizes=\"(max-width: 500px) 100vw, 500px\" \/><figcaption>Im Hintergrund &#8222;Der Gr\u00fcffelo und die kleine, clevere Maus&#8220;<\/figcaption><\/figure><\/div>\n\n\n\n<p><strong>Weitere Informationen unter<\/strong> <a rel=\"noreferrer noopener\" href=\"https:\/\/deref-web-02.de\/mail\/client\/RxayI5rw030\/dereferrer\/?redirectUrl=http%3A%2F%2Fwww.sams-ausstellung.de\" target=\"_blank\">www.sams-ausstellung.de<\/a>   &nbsp;   <\/p>\n\n\n\n<p>Karten f\u00fcr die Lesung sind ab sofort an der Museumskasse oder im Online-Shop unter <a rel=\"noreferrer noopener\" href=\"https:\/\/deref-web-02.de\/mail\/client\/jdRiQkdb-V4\/dereferrer\/?redirectUrl=http%3A%2F%2Fwww.tickets.museum.speyer.de\" target=\"_blank\">www.tickets.museum.speyer.de<\/a>   (zzgl. 1 \u20ac Bearbeitungsgeb\u00fchr) erh\u00e4ltlich. Sie kosten 8 \u20ac f\u00fcr Erwachsene und 5 \u20ac f\u00fcr Kinder. Kombitickets (Ausstellungsbesuch und Lesung)<\/p>\n\n\n\n<p><em>Text: Historisches Museum der Pfalz Speyer Foto: Speyer 24\/7 News, dak<br>20.03.2019<\/em><\/p>\n\n\n\n<h2 class=\"wp-block-heading\">&#8222;Let\u2019s swing&#8220; \u2013 Tanzen wie Marilyn Monroe<\/h2>\n\n\n\n<h3 class=\"wp-block-heading\">Mitmach-Aktion f\u00fcr Besucher im Historischen Museum der Pfalz<\/h3>\n\n\n\n<figure class=\"wp-block-image\"><img decoding=\"async\" loading=\"lazy\" width=\"800\" height=\"600\" src=\"https:\/\/speyer24news.com\/wp-content\/uploads\/2019\/03\/Marilyn-Monroe-26.jpg\" alt=\"\" class=\"wp-image-10620\" srcset=\"https:\/\/speyer24news.com\/wp-content\/uploads\/2019\/03\/Marilyn-Monroe-26.jpg 800w, https:\/\/speyer24news.com\/wp-content\/uploads\/2019\/03\/Marilyn-Monroe-26-300x225.jpg 300w, https:\/\/speyer24news.com\/wp-content\/uploads\/2019\/03\/Marilyn-Monroe-26-768x576.jpg 768w, https:\/\/speyer24news.com\/wp-content\/uploads\/2019\/03\/Marilyn-Monroe-26-678x509.jpg 678w, https:\/\/speyer24news.com\/wp-content\/uploads\/2019\/03\/Marilyn-Monroe-26-326x245.jpg 326w, https:\/\/speyer24news.com\/wp-content\/uploads\/2019\/03\/Marilyn-Monroe-26-80x60.jpg 80w\" sizes=\"(max-width: 800px) 100vw, 800px\" \/><figcaption>Suzie Kennedy als Marilyn Monroe<\/figcaption><\/figure>\n\n\n\n<p><strong>Speyer \/ Historisches Museum &#8211; <\/strong>Am <strong>Samstag, 30. M\u00e4rz<\/strong>, wird von 13 bis 17 Uhr im Museum getanzt! Unter dem Motto &#8222;Let\u2019s swing&#8220; l\u00e4dt das Historische Museum der Pfalz zu einem Nachmittag mit Tanzworkshops im Stil der 50er Jahre ein. Die Veranstaltung findet im Rahmen der aktuellen Sonderausstellung &#8222;Marilyn Monroe. Die Unbekannte&#8220; statt und umfasst Tanzstile wie Swing, Lindy Hop oder Boogie Woogie. Getanzt wird nach Regeln des &#8222;Line Dance&#8220;, das hei\u00dft ohne Partner in Reihen vor- und hintereinander. <\/p>\n\n\n\n<p>Zwischen den einzelnen Workshops treten Profis der Tanzschule &#8222;die tanzmanufaktur&#8220; aus Neustadt und des Rock\u2019n\u2019Roll Club Speyer auf.   &nbsp;   Parallel bietet das Museumscaf\u00e9 im Forum kleine Leckereien nach originalen Rezepten von Marilyn Monroe und (alkoholfreie) Cocktails an.   &nbsp;   Die Teilnahme ist kostenlos und im Ausstellungseintritt inbegriffen. Jede Altersklasse ist willkommen. Partner der Veranstaltung ist die Tanzschule &#8222;die tanzmanufaktur&#8220; aus Neustadt an der Weinstra\u00dfe.<\/p>\n\n\n\n<p><strong>\u00d6ffnungszeiten<\/strong><br>Das Historische Museum der Pfalz ist dienstags bis sonntags von 10 bis 18 Uhr ge\u00f6ffnet, an Feiertagen und in den Ferien auch montags. <\/p>\n\n\n\n<p><strong>Weitere Informationen unter<\/strong> <a rel=\"noreferrer noopener\" href=\"https:\/\/deref-web-02.de\/mail\/client\/1OySZkpeBIk\/dereferrer\/?redirectUrl=http%3A%2F%2Fwww.marilyn-ausstellung.de\" target=\"_blank\">www.marilyn-ausstellung.de<\/a>   <\/p>\n\n\n\n<p><strong>Informationen zum weiteren Ausstellungsprogramm unter <\/strong><a rel=\"noreferrer noopener\" href=\"https:\/\/deref-web-02.de\/mail\/client\/ou1UlwWHcBU\/dereferrer\/?redirectUrl=http%3A%2F%2Fwww.museum.speyer.de\" target=\"_blank\">www.museum.speyer.de<\/a><\/p>\n\n\n\n<p><em>Text: Historisches Museum der Pfalz Speyer Foto: Speyer 24\/7 News, dak<br>20.03.2019<\/em><\/p>\n\n\n\n<h2 class=\"wp-block-heading\">Das Historische Museum der Pfalz hat zur #strangethingschallenge aufgerufen \u2013 und die Museumswelt macht mit!<\/h2>\n\n\n\n<div class=\"wp-block-image\"><figure class=\"aligncenter\"><img decoding=\"async\" loading=\"lazy\" width=\"498\" height=\"562\" src=\"https:\/\/speyer24news.com\/wp-content\/uploads\/2019\/03\/Krone.png\" alt=\"\" class=\"wp-image-10615\" srcset=\"https:\/\/speyer24news.com\/wp-content\/uploads\/2019\/03\/Krone.png 498w, https:\/\/speyer24news.com\/wp-content\/uploads\/2019\/03\/Krone-266x300.png 266w\" sizes=\"(max-width: 498px) 100vw, 498px\" \/><figcaption> \u201eWir machen nat\u00fcrlich den Anfang und zeigen Euch heute unsere &#8222;Weinkrone der Palatia&#8220;. Dieses gute St\u00fcck aus Holz, Zelluloid, Draht, Papier und Seide stammt aus dem Jahr 1910 und wurde tats\u00e4chlich bei der Er\u00f6ffnung unseres Museums von einer jungen Dame namens Elisabeth Ferkel getragen. Ausgestellt haben wir sie zuletzt 2013 bei unserer Sonderschau &#8222;K\u00f6nigreich Pfalz&#8220;. Jetzt seid Ihr gefragt! (Foto: Peter Haag-Kirchner)\u201c <\/figcaption><\/figure><\/div>\n\n\n\n<p><strong>Speyer \/ Historisches Museum \/ Weltweit &#8211; <\/strong>Das Historische Museum der Pfalz in Speyer hat Anfang des Jahres unter dem Hashtag #strangethingschallenge f\u00fcnf kuriose Objekte aus dem eigenen Depot auf Instagram gepostet \u2013 und im gleichen Atemzug f\u00fcnf Museen dazu aufgefordert, es ihm gleichzutun. <\/p>\n\n\n\n<p>Nach dem Schneeballprinzip haben sich seitdem mehr als 100 Museen aus dem In- und Ausland an der Social Media-Aktion beteiligt und unter dem Hashtag findet sich ein stetig wachsender und bunter Reigen aus bislang mehr als 500 seltsamen, witzigen, absurden und kuriosen Exponaten.<\/p>\n\n\n\n<div class=\"wp-block-image\"><figure class=\"aligncenter\"><img decoding=\"async\" loading=\"lazy\" width=\"500\" height=\"625\" src=\"https:\/\/speyer24news.com\/wp-content\/uploads\/2019\/03\/Haarbild.jpg\" alt=\"\" class=\"wp-image-10616\" srcset=\"https:\/\/speyer24news.com\/wp-content\/uploads\/2019\/03\/Haarbild.jpg 500w, https:\/\/speyer24news.com\/wp-content\/uploads\/2019\/03\/Haarbild-240x300.jpg 240w\" sizes=\"(max-width: 500px) 100vw, 500px\" \/><figcaption> \u201eAus unserem eigenen Bestand zeigen wir Euch heute dieses Haarbild. F\u00fcr solche Kunstwerke, die sich im 19. Jahrhundert einer gro\u00dfen Beliebtheit erfreuten, wurden Haare von Familienmitgliedern, Freunden oder auch Verstorbenen verwendet und zu kunstvollen Blumendekorationen gebunden. Unser Haarbild haben wir vor ziemlich genau 100 Jahren von der in Schwetzingen wohnhaften Marie Spiegelburg bekommen. (Foto: Ludger Tekampe)\u201c <\/figcaption><\/figure><\/div>\n\n\n\n<p>Die Objekte, mit denen das Speyerer Museum die Challenge gestartet hat, waren eine sehr besondere Weinkrone aus dem Jahr 1910, ein Haarbild, eine Tasche aus dem Leder und in Form eines Alligators, eine Reisetoilette und ein \u00fcberdimensionierter Pfeifenkopf.<\/p>\n\n\n\n<p>Die H\u00e4user, die nachzogen, posteten nach und nach schr\u00e4ge und bemerkenswerte Objekte wie beispielsweise eine Reklametafel, die mit einem rauchenden Kind wirbt, Alltagsgegenst\u00e4nde wie einen Handstaubsauger mit Bernstein-Legierung aus dem Jahr 1938, einen Handgranaten-Eierbecher oder eine Strahlenschutzunterhose sowie   wirklich r\u00e4tselhafte Funde, wie ein Kalkstein mit vollkommen unterschiedlich geformten Verwitterungserscheinungen, f\u00fcr den es bislang keine Erkl\u00e4rung gibt.<\/p>\n\n\n\n<div class=\"wp-block-image\"><figure class=\"aligncenter\"><img decoding=\"async\" loading=\"lazy\" width=\"800\" height=\"640\" src=\"https:\/\/speyer24news.com\/wp-content\/uploads\/2019\/03\/Tasche.jpg\" alt=\"\" class=\"wp-image-10617\" srcset=\"https:\/\/speyer24news.com\/wp-content\/uploads\/2019\/03\/Tasche.jpg 800w, https:\/\/speyer24news.com\/wp-content\/uploads\/2019\/03\/Tasche-300x240.jpg 300w, https:\/\/speyer24news.com\/wp-content\/uploads\/2019\/03\/Tasche-768x614.jpg 768w\" sizes=\"(max-width: 800px) 100vw, 800px\" \/><figcaption> \u201eHeute haben wir in den Tiefen unseres Depots diese kleine Tasche aus Krokoleder in Form eines &#8211; wer h\u00e4tte das gedacht &#8211; Krokodils entdeckt. Solche T\u00e4schchen wurden um 1880 bis etwa 1900 von mond\u00e4nen Damen getragen. Viel mehr Platz als f\u00fcr ein Spitzentaschentuch bot dieses skurrile Accessoire, das am G\u00fcrtel oder auch separat an bzw. in der Handtasche befestigt werden konnte, allerdings nicht. Zur Dekoration wurden dem armen Tier funkelnde gelbe Augen aufgedr\u00fcckt und sein Gesicht mit einer Art L\u00e4cheln verziert. (Foto: Ludger Tekampe)\u201c <\/figcaption><\/figure><\/div>\n\n\n\n<p>Bei den bisher teilnehmenden Museen aus Deutschland, der Schweiz, Polen, Frankreich und \u00d6sterreich sind Freilichtmuseen und Stadtmuseen \u00fcberdurchschnittlich oft vertreten, gefolgt von Landes-, Kommunikations-, Design- und Naturkundemuseen. Eins der bislang beliebtesten Exponate hat das Badische Landesmuseum aus Karlsruhe vorgestellt: ein aus England   stammendes Nadelkissen, das Adolf Hitler als Spottfigur im Rahmen der Propaganda gegen den Nationalsozialismus in Szene setzt.<\/p>\n\n\n\n<p>Die \u201eStrange Things Challenge\u201c ist aus Sicht des Initiators eine Chance f\u00fcr viele H\u00e4user, bemerkenswerte Exponate einer \u00d6ffentlichkeit vorzustellen, f\u00fcr die im regul\u00e4ren Museumsalltag oft kein Forum vorhanden ist. Des Weiteren wird der Austausch in der Museumsszene untereinander sehr gef\u00f6rdert \u2013 durch die gegenseitige Nominierung treten Museen miteinander in Kontakt, die bislang keine Gesch\u00e4ftsbeziehung pflegten. <\/p>\n\n\n\n<div class=\"wp-block-image\"><figure class=\"aligncenter\"><img decoding=\"async\" loading=\"lazy\" width=\"801\" height=\"558\" src=\"https:\/\/speyer24news.com\/wp-content\/uploads\/2019\/03\/Reisetoilette.png\" alt=\"\" class=\"wp-image-10618\" srcset=\"https:\/\/speyer24news.com\/wp-content\/uploads\/2019\/03\/Reisetoilette.png 801w, https:\/\/speyer24news.com\/wp-content\/uploads\/2019\/03\/Reisetoilette-300x209.png 300w, https:\/\/speyer24news.com\/wp-content\/uploads\/2019\/03\/Reisetoilette-768x535.png 768w\" sizes=\"(max-width: 801px) 100vw, 801px\" \/><figcaption> \u201eAn Tag 4 der von uns ausgerufenen #strangethingschallenge zeigen wir Euch ein Objekt, das wir auf den ersten Blick f\u00fcr eine Sauciere hielten. Tats\u00e4chlich handelt es sich hierbei allerdings um eine Reisetoilette. Die ovale Sch\u00fcssel war f\u00fcr die vornehmen Damen auf Reisen oder auch beim Kirchenbesuch \u00e4u\u00dfert n\u00fctzlich, wenn sie sich in Ermangelung \u00f6ffentlicher Toiletten diskret erleichtern mussten. (Foto: Peter Haag -Kirchner) \u201c <\/figcaption><\/figure><\/div>\n\n\n\n<p>Viele Instagram-Nutzer wurden durch das Folgen des Hashtags auf Museen   aufmerksam, von deren Existenz sie bislang nicht einmal wussten. Insgesamt zieht das Historische Museum der Pfalz eine sehr zufriedene Zwischenbilanz: \u201eAls die bei uns f\u00fcr das Thema zust\u00e4ndigen Kolleginnen die Idee zur Challenge entwickelt haben, war bereits die Hoffnung gro\u00df, dass viele Museen mitziehen. Dass sich aus den ersten Anf\u00e4ngen aber eine europaweite Instagram-Aktion entwickelt hat, ist \u00fcberw\u00e4ltigend. Uns freut es ausgesprochen, dass so viele Museumssch\u00e4tze durch die Aktion zum Vorschein gekommen sind. Es ist ein gro\u00dfes Vergn\u00fcgen, sich durch den stetig wachsenden Pool an skurrilen Exponaten zu klicken, die Geschichten   hinter den Objekten zu lesen und zu erfahren, welche zum Teil sehr seltsamen Dinge in Museen aufbewahrt werden\u201c, so Museumsdirektor Alexander Schubert.<\/p>\n\n\n\n<p>Von Nutzerseite wurde sogar schon eine Ausstellung mit den skurrilsten Objekten der Challenge gefordert. Das w\u00e4re ein gelungener Spagat zwischen der digitalen Museumsarbeit und der im Realen stattfindenden Kuratierung von Ausstellungsprojekten.<\/p>\n\n\n\n<div class=\"wp-block-image\"><figure class=\"aligncenter\"><img decoding=\"async\" loading=\"lazy\" width=\"500\" height=\"625\" src=\"https:\/\/speyer24news.com\/wp-content\/uploads\/2019\/03\/Pfeife.jpg\" alt=\"\" class=\"wp-image-10619\" srcset=\"https:\/\/speyer24news.com\/wp-content\/uploads\/2019\/03\/Pfeife.jpg 500w, https:\/\/speyer24news.com\/wp-content\/uploads\/2019\/03\/Pfeife-240x300.jpg 240w\" sizes=\"(max-width: 500px) 100vw, 500px\" \/><figcaption> \u201eHeute zeigen wir Euch diesen \u00fcberdimensionierten Pfeifenkopf. Wahrscheinlich wurde aus ihm niemals Tabak geraucht, darauf lassen zumindest die fehlenden Rauchspuren im Inneren schlie\u00dfen. Man br\u00e4uchte daf\u00fcr auch rund 1,5 kg Pfeifentabak, um die Pfeife zu f\u00fcllen. Die Zeit, eine solche Menge Tabak zu rauchen, hatte man selbst im vermeintlich beschaulicheren 19. Jahrhundert nicht &#8211; ob das Spa\u00df machen w\u00fcrde, sei auch mal dahingestellt. M\u00f6glicherweise handelt es sich auch gar nicht um eine Pfeife, sondern um ein Scherzgef\u00e4\u00df f\u00fcr einen ordentlichen Schoppen Wein. Darauf deutet zumindest eine Malerei auf der Bauchseite des Pfeifenkopfs hin. Angefertigt wurde das gute St\u00fcck von dem T\u00f6pfer Jacob Probeck im Jahr 1856 in Dirmstein. (Foto: Ludger Tekampe) \u201c <\/figcaption><\/figure><\/div>\n\n\n\n<p>Das Historische Museum der Pfalz hat dienstags bis sonntags, an Feiertagen und in den rheinland-pf\u00e4lzischen, baden-w\u00fcrttembergischen und hessischen Ferien auch montags von 10 bis 18 Uhr ge\u00f6ffnet. <\/p>\n\n\n\n<p><strong>Weitere Informationen unter<\/strong> <a rel=\"noreferrer noopener\" href=\"https:\/\/deref-web-02.de\/mail\/client\/ou1UlwWHcBU\/dereferrer\/?redirectUrl=http%3A%2F%2Fwww.museum.speyer.de\" target=\"_blank\">www.museum.speyer.de<\/a> und <a rel=\"noreferrer noopener\" href=\"https:\/\/deref-web-02.de\/mail\/client\/-b95fMEHNnk\/dereferrer\/?redirectUrl=https%3A%2F%2Fwww.instagram.com%2Fhmpspeyer%2F\" target=\"_blank\">https:\/\/www.instagram.com\/hmpspeyer\/<\/a><\/p>\n\n\n\n<p><em>Text: Historisches Museum der Pfalz Speyer Ludger Tekampe &amp; Peter Haag-Kirchner<br>20.03.2019<\/em><\/p>\n\n\n\n<h2 class=\"wp-block-heading\">P\u00fcnktchen, Pippi, Sams &amp; Co<\/h2>\n\n\n\n<h3 class=\"wp-block-heading\">Vortrag zu Kindebuchklassikern im Historischen Museum der Pfalz<\/h3>\n\n\n\n<div class=\"wp-block-image\"><figure class=\"aligncenter\"><img decoding=\"async\" loading=\"lazy\" width=\"800\" height=\"600\" src=\"https:\/\/speyer24news.com\/wp-content\/uploads\/2019\/03\/Kinderbuchhelden-2.jpg\" alt=\"\" class=\"wp-image-10611\" srcset=\"https:\/\/speyer24news.com\/wp-content\/uploads\/2019\/03\/Kinderbuchhelden-2.jpg 800w, https:\/\/speyer24news.com\/wp-content\/uploads\/2019\/03\/Kinderbuchhelden-2-300x225.jpg 300w, https:\/\/speyer24news.com\/wp-content\/uploads\/2019\/03\/Kinderbuchhelden-2-768x576.jpg 768w, https:\/\/speyer24news.com\/wp-content\/uploads\/2019\/03\/Kinderbuchhelden-2-678x509.jpg 678w, https:\/\/speyer24news.com\/wp-content\/uploads\/2019\/03\/Kinderbuchhelden-2-326x245.jpg 326w, https:\/\/speyer24news.com\/wp-content\/uploads\/2019\/03\/Kinderbuchhelden-2-80x60.jpg 80w\" sizes=\"(max-width: 800px) 100vw, 800px\" \/><\/figure><\/div>\n\n\n\n<p><strong>Speyer \/ Historisches Museum &#8211; <\/strong>Pippi Langstrumpf, die kleine Hexe und P\u00fcnktchen und Anton haben schon unsere und die Kindheit unserer Eltern begleitet. Beim abendlichen Vorlesen und in der Schule faszinieren sie nun die heranwachsende Generation. Warum sind die Kinderbuchklassiker von Astrid Lindgren, Ottfried Preu\u00dfler, Erich K\u00e4stner und weiterer Autoren so \u201elanganhaltend   erfolgreich und generationen\u00fcbergreifend bekannt\u201c, wie Sonja M\u00fcller-Carstensen es beschreibt? <\/p>\n\n\n\n<div class=\"wp-block-image\"><figure class=\"aligncenter\"><img decoding=\"async\" loading=\"lazy\" width=\"800\" height=\"600\" src=\"https:\/\/speyer24news.com\/wp-content\/uploads\/2019\/03\/Kinderbuchhelden-1.jpg\" alt=\"\" class=\"wp-image-10612\" srcset=\"https:\/\/speyer24news.com\/wp-content\/uploads\/2019\/03\/Kinderbuchhelden-1.jpg 800w, https:\/\/speyer24news.com\/wp-content\/uploads\/2019\/03\/Kinderbuchhelden-1-300x225.jpg 300w, https:\/\/speyer24news.com\/wp-content\/uploads\/2019\/03\/Kinderbuchhelden-1-768x576.jpg 768w, https:\/\/speyer24news.com\/wp-content\/uploads\/2019\/03\/Kinderbuchhelden-1-678x509.jpg 678w, https:\/\/speyer24news.com\/wp-content\/uploads\/2019\/03\/Kinderbuchhelden-1-326x245.jpg 326w, https:\/\/speyer24news.com\/wp-content\/uploads\/2019\/03\/Kinderbuchhelden-1-80x60.jpg 80w\" sizes=\"(max-width: 800px) 100vw, 800px\" \/><\/figure><\/div>\n\n\n\n<p>Diese und weitere Fragen wird die promovierte Kinderliteraturwissenschaftlerin und Kinder- und Jugendliteraturdidaktiker in ihrem Vortrag am <strong>Donnerstag, 28. M\u00e4rz<\/strong>, um 19 Uhr im Historischen Museum der Pfalz in Speyer beantworten.<\/p>\n\n\n\n<p>Der Vortrag findet anl\u00e4sslich der aktuellen Familien-Ausstellung \u201eDas Sams und die Helden der Kinderb\u00fccher\u201c im Historischen Museum der Pfalz statt. In der interaktiven Schau k\u00f6nnen die gro\u00dfen und kleinen Besucher in die Fantasiewelten ihrer Kinderbuchhelden reisen.<\/p>\n\n\n\n<div class=\"wp-block-image\"><figure class=\"aligncenter\"><img decoding=\"async\" loading=\"lazy\" width=\"800\" height=\"600\" src=\"https:\/\/speyer24news.com\/wp-content\/uploads\/2019\/03\/Kinderbuchhelden-3.jpg\" alt=\"\" class=\"wp-image-10613\" srcset=\"https:\/\/speyer24news.com\/wp-content\/uploads\/2019\/03\/Kinderbuchhelden-3.jpg 800w, https:\/\/speyer24news.com\/wp-content\/uploads\/2019\/03\/Kinderbuchhelden-3-300x225.jpg 300w, https:\/\/speyer24news.com\/wp-content\/uploads\/2019\/03\/Kinderbuchhelden-3-768x576.jpg 768w, https:\/\/speyer24news.com\/wp-content\/uploads\/2019\/03\/Kinderbuchhelden-3-678x509.jpg 678w, https:\/\/speyer24news.com\/wp-content\/uploads\/2019\/03\/Kinderbuchhelden-3-326x245.jpg 326w, https:\/\/speyer24news.com\/wp-content\/uploads\/2019\/03\/Kinderbuchhelden-3-80x60.jpg 80w\" sizes=\"(max-width: 800px) 100vw, 800px\" \/><\/figure><\/div>\n\n\n\n<p>Der Eintritt zum Vortrag ist frei.<\/p>\n\n\n\n<p>Das Historische Museum der Pfalz hat dienstags bis sonntags, an Feiertagen und in den rheinland-pf\u00e4lzischen, baden-w\u00fcrttembergischen und hessischen Ferien auch montags von 10 bis 18 Uhr ge\u00f6ffnet. <\/p>\n\n\n\n<p><strong>Weitere Informationen unter<\/strong> <a rel=\"noreferrer noopener\" href=\"https:\/\/deref-web-02.de\/mail\/client\/RxayI5rw030\/dereferrer\/?redirectUrl=http%3A%2F%2Fwww.sams-ausstellung.de\" target=\"_blank\">www.sams-ausstellung.de<\/a><\/p>\n\n\n\n<p><em>Text: Historisches Museum der Pfalz Speyer Foto: Speyer 24\/7 News, dak<br>20.03.2019<\/em><\/p>\n\n\n\n<h2 class=\"wp-block-heading\"> \u201eHervorragende Druckgrafik\u201c<\/h2>\n\n\n\n<h3 class=\"wp-block-heading\">Ike und Berthold Roland-Stiftung \u00fcbergibt zeitgen\u00f6ssisches Monroe-Portr\u00e4t an Museum<\/h3>\n\n\n\n<figure class=\"wp-block-image\"><img decoding=\"async\" loading=\"lazy\" width=\"800\" height=\"533\" src=\"https:\/\/speyer24news.com\/wp-content\/uploads\/2019\/03\/\u00dcbergabeSchenkung.jpg\" alt=\"\" class=\"wp-image-10609\" srcset=\"https:\/\/speyer24news.com\/wp-content\/uploads\/2019\/03\/\u00dcbergabeSchenkung.jpg 800w, https:\/\/speyer24news.com\/wp-content\/uploads\/2019\/03\/\u00dcbergabeSchenkung-300x200.jpg 300w, https:\/\/speyer24news.com\/wp-content\/uploads\/2019\/03\/\u00dcbergabeSchenkung-768x512.jpg 768w\" sizes=\"(max-width: 800px) 100vw, 800px\" \/><figcaption>v.l.: Speyerer B\u00fcrgermeisterin Monika Kabs, Staatssekret\u00e4r a.D. Walter Schuhmacher,   Museumsdirektor Alexander Schubert, Gerhard Hofmann, Gesch\u00e4ftsf\u00fchrer der   Ike und Berthold Roland-Stiftung Oliver Roland, Vorsitzender des Vorstands der Stiftung   des Historischen Museum der Pfalz Werner Schineller, Berthold Roland. (Foto: Historisches   Museum der Pfalz\/Carolin Breckle) <\/figcaption><\/figure>\n\n\n\n<p><strong>Speyer \/ Historisches Museum &#8211; <\/strong>Von der Ike und Berthold Roland-Stiftung erhielt das Historische Museum der Pfalz in Speyer eine Farbgrafik des Neustadter K\u00fcnstlers Gerhard Hofmann. Das Werk zeigt den Hollywoodstar Marilyn Monroe frei nach einer Fotografie von Alfred Eisenstaedt. In seiner Rede anl\u00e4sslich der Schenkung lobte Berthold Roland die \u201ehervorragenden Druckgrafiken\u201c des Neustadter K\u00fcnstlers. <\/p>\n\n\n\n<p>Zu sehen ist das Bild ab sofort in der aktuellen kulturhistorischen Sonderausstellung \u201eMarilyn Monroe. Die Unbekannte\u201c. Museumsdirektor   Alexander Schubert dankte den Stiftungs-Vertretern f\u00fcr ihr Engagement: \u201eIn den letzten Jahren hat uns die Ike und Berthold Roland-Stiftung bereits mehrfach mit bedeutenden Schenkungen bedacht. In der Monroe-Grafik des Pf\u00e4lzers Gerhard Hofmann verbinden sich die beiden Pole unseres Ausstellungsprogramms, Internationalit\u00e4t und regionale Verortung, in idealtypischer Weise\u201c.<\/p>\n\n\n\n<p>Die Ike und Berthold Roland-Stiftung f\u00f6rdert bereits seit 2007 K\u00fcnstler und kulturelle Einrichtungen in Rheinland-Pfalz. 2017 erhielt das Historische Museum der Pfalz zwei Portr\u00e4tplastiken als Schenkung, die den verstorbenen Bundeskanzler a.D. Helmut Kohl zeigen<\/p>\n\n\n\n<p>Die Ausstellung  \u201eMarilyn Monroe. Die Unbekannte\u201c ist noch bis zum 16. Juni von Dienstag bis Sonntag von 10 bis 18 Uhr im Historischen Museum der Pfalz zu sehen. Zus\u00e4tzlich ist das Museum an den Montagen in den rheinland-pf\u00e4lzischen, baden-w\u00fcrttembergischen und hessischen Osterferien von 10 bis 18 Uhr ge\u00f6ffnet.   <\/p>\n\n\n\n<p><strong>Weitere Informationen unter<\/strong> <a rel=\"noreferrer noopener\" href=\"https:\/\/deref-web-02.de\/mail\/client\/1OySZkpeBIk\/dereferrer\/?redirectUrl=http%3A%2F%2Fwww.marilyn-ausstellung.de\" target=\"_blank\">www.marilyn-ausstellung.de<\/a><\/p>\n\n\n\n<p><em>Text: Historisches Museum der Pfalz Speyer Foto: Historisches Museum der Pfalz \/ Carolin Breckle<br>20.03.2019<\/em><\/p>\n","protected":false},"excerpt":{"rendered":"<div class=\"mh-excerpt\"><p>Paul Maar liest im Historischen Museum der Pfalz Kinderbuchautor = und Erfinder der Sams stellt sein neuestes Buch vor Speyer \/ Historisches Museum &#8211; Am Samstag, 4.Mai, um 15 Uhr liest Paul Maar im Historischen <a class=\"mh-excerpt-more\" href=\"https:\/\/speyer24news.com\/?p=10608\" title=\"Kultur \/ Historisches Museum Speyer:\">[&#8230;]<\/a><\/p>\n<\/div>","protected":false},"author":3,"featured_media":0,"comment_status":"open","ping_status":"open","sticky":false,"template":"","format":"standard","meta":{"_monsterinsights_skip_tracking":false,"_monsterinsights_sitenote_active":false,"_monsterinsights_sitenote_note":"","_monsterinsights_sitenote_category":0,"footnotes":""},"categories":[14],"tags":[542,52,540,549,546,543,547,541,548,6,545,544],"aioseo_notices":[],"amp_enabled":true,"_links":{"self":[{"href":"https:\/\/speyer24news.com\/index.php?rest_route=\/wp\/v2\/posts\/10608"}],"collection":[{"href":"https:\/\/speyer24news.com\/index.php?rest_route=\/wp\/v2\/posts"}],"about":[{"href":"https:\/\/speyer24news.com\/index.php?rest_route=\/wp\/v2\/types\/post"}],"author":[{"embeddable":true,"href":"https:\/\/speyer24news.com\/index.php?rest_route=\/wp\/v2\/users\/3"}],"replies":[{"embeddable":true,"href":"https:\/\/speyer24news.com\/index.php?rest_route=%2Fwp%2Fv2%2Fcomments&post=10608"}],"version-history":[{"count":2,"href":"https:\/\/speyer24news.com\/index.php?rest_route=\/wp\/v2\/posts\/10608\/revisions"}],"predecessor-version":[{"id":10626,"href":"https:\/\/speyer24news.com\/index.php?rest_route=\/wp\/v2\/posts\/10608\/revisions\/10626"}],"wp:attachment":[{"href":"https:\/\/speyer24news.com\/index.php?rest_route=%2Fwp%2Fv2%2Fmedia&parent=10608"}],"wp:term":[{"taxonomy":"category","embeddable":true,"href":"https:\/\/speyer24news.com\/index.php?rest_route=%2Fwp%2Fv2%2Fcategories&post=10608"},{"taxonomy":"post_tag","embeddable":true,"href":"https:\/\/speyer24news.com\/index.php?rest_route=%2Fwp%2Fv2%2Ftags&post=10608"}],"curies":[{"name":"wp","href":"https:\/\/api.w.org\/{rel}","templated":true}]}}