{"id":10683,"date":"2019-03-21T09:28:39","date_gmt":"2019-03-21T08:28:39","guid":{"rendered":"https:\/\/speyer24news.com\/?p=10683"},"modified":"2019-03-21T09:28:41","modified_gmt":"2019-03-21T08:28:41","slug":"ausstellung-klaus-zwick-memento-vom-24-3-28-4-2019-in-der-staedtischen-galerie","status":"publish","type":"post","link":"https:\/\/speyer24news.com\/?p=10683","title":{"rendered":"Ausstellung Klaus Zwick: &#8222;Memento&#8220; vom 24.3.-28.4.2019 in der St\u00e4dtischen Galerie"},"content":{"rendered":"<style type=\"text\/css\">\r\n\t.ads_top_disp{}\r\n\t.ads_top_corner_disp{ float:left; margin:0px 10px 10px 0px; }\r\n\t.ads_first_p_disp{}\r\n\t.ads_bottom_disp{}\r\n\t<\/style>\n<h4 class=\"wp-block-heading\"> \u201eDie Vergangenheit ist niemals tot. Sie ist nicht einmal vergangen.\u201c <em>William Faulkner<\/em><\/h4>\n\n\n\n<div class=\"wp-block-image\"><figure class=\"aligncenter\"><img decoding=\"async\" loading=\"lazy\" width=\"500\" height=\"521\" src=\"https:\/\/speyer24news.com\/wp-content\/uploads\/2019\/03\/Memento.png\" alt=\"\" class=\"wp-image-10685\" srcset=\"https:\/\/speyer24news.com\/wp-content\/uploads\/2019\/03\/Memento.png 500w, https:\/\/speyer24news.com\/wp-content\/uploads\/2019\/03\/Memento-288x300.png 288w\" sizes=\"(max-width: 500px) 100vw, 500px\" \/><\/figure><\/div>\n\n\n\n<p><strong>Speyer \/ St\u00e4dtische Galerie &#8211; <\/strong>Mehr als dunkel ist jener Teil der deutschen Geschichte, mit dem sich Klaus Zwick seit vielen Jahren besch\u00e4ftigt, alles andere ist jener Teil als \u201eein Vogelschiss\u201c, wie k\u00fcrzlich ein offenbar Unbelehrbarer sagen zu m\u00fcssen glaubte. Dieser Dunkelheit wird nur gerecht, wer das Finstere, das wahrhaft als finis terrae, als Ende der Welt Erscheinende, nicht k\u00fcnstlich aufzuhellen versucht. Auf ganz eigene, sehr pers\u00f6nliche Weise sucht Klaus Zwick immer wieder neue k\u00fcnstlerische Zug\u00e4nge zu dem zu gewinnen, was einem die Sprache verschl\u00e4gt und einen ohnm\u00e4chtig stumm macht. <\/p>\n\n\n\n<p>Die Wandinstallation \u201eHerbarium oder deutsche Kalenderbl\u00e4tter\u201c bildet den Ausgangspunkt f\u00fcr die weiteren Arbeiten Klaus Zwicks. Von naturliebender Hand gesammelten Pflanzen und Bl\u00e4ttern werden sachlich informative Daten-Bl\u00e4tter gegen\u00fcbergestellt, die den Fortschritt der Barbarei dokumentieren. Jedem Datum des akribisch geordneten Herbariums wird ein Ereignis an die Seite gesetzt, aus dem sich die fortschreitende Zerst\u00f6rung der Menschlichkeit ablesen l\u00e4sst. Harmlose, geradezu idyllische Liebe zur Natur erscheint zeitgleich mit dem Hass des Menschen auf den anderen Menschen. <\/p>\n\n\n\n<p>\u201eWas sind das f\u00fcr Zeiten\u201c, hat Brecht gefragt, \u201ewo ein Gespr\u00e4ch \u00fcber B\u00e4ume fast ein Verbrechen ist, weil es ein Schweigen \u00fcber so viele Untaten einschlie\u00dft?\u201c Es gibt in Zeiten der Repression und wachsender Ausgrenzung keine R\u00fcckzugsm\u00f6glichkeit. Der Ausgrenzung folgt, wie die Geschichte lehrt, Schlimmeres. Gerade dort, wo die Erinnerungskultur zerst\u00f6rt werden soll, sind Ausstellungen, welche ein \u201eMemento!\u201c in die Totenstille des Vergessens rufen, notwendig. Ihre Aktualit\u00e4t ist, so sehr man das bedauern mag, ungebrochen. <em>Hans-J\u00fcrgen Herschel <\/em><\/p>\n\n\n\n<div class=\"wp-block-image\"><figure class=\"aligncenter\"><img decoding=\"async\" loading=\"lazy\" width=\"500\" height=\"534\" src=\"https:\/\/speyer24news.com\/wp-content\/uploads\/2019\/03\/Memento2.png\" alt=\"\" class=\"wp-image-10686\" srcset=\"https:\/\/speyer24news.com\/wp-content\/uploads\/2019\/03\/Memento2.png 500w, https:\/\/speyer24news.com\/wp-content\/uploads\/2019\/03\/Memento2-281x300.png 281w\" sizes=\"(max-width: 500px) 100vw, 500px\" \/><\/figure><\/div>\n\n\n\n<p><strong>KLAUS ZWICK \u201eMemento\u201c <\/strong><\/p>\n\n\n\n<p>Wir laden Sie und Ihre Freunde herzlich ein zur <strong>Vernissage am Sonntag, den 24. M\u00e4rz 2019<\/strong> um 11 Uhr <\/p>\n\n\n\n<p>Begr\u00fc\u00dfung: Oberb\u00fcrgermeisterin Stefanie Seiler <\/p>\n\n\n\n<p>Einf\u00fchrung: Hans-J\u00fcrgen Herschel <\/p>\n\n\n\n<p>Recherche\/Text: Irme Schaber, Schorndorf <\/p>\n\n\n\n<p>Leihgeber: Deutsches Literaturarchiv, Marbach Landesbibliothek Speyer, Stadtarchiv Speyer<\/p>\n\n\n\n<p><em>Stadt Speyer, Kulturb\u00fcro<br>21.03.2019<\/em><\/p>\n","protected":false},"excerpt":{"rendered":"<div class=\"mh-excerpt\"><p>\u201eDie Vergangenheit ist niemals tot. Sie ist nicht einmal vergangen.\u201c William Faulkner Speyer \/ St\u00e4dtische Galerie &#8211; Mehr als dunkel ist jener Teil der deutschen Geschichte, mit dem sich Klaus Zwick seit vielen Jahren besch\u00e4ftigt, <a class=\"mh-excerpt-more\" href=\"https:\/\/speyer24news.com\/?p=10683\" title=\"Ausstellung Klaus Zwick: &#8222;Memento&#8220; vom 24.3.-28.4.2019 in der St\u00e4dtischen Galerie\">[&#8230;]<\/a><\/p>\n<\/div>","protected":false},"author":3,"featured_media":10684,"comment_status":"open","ping_status":"open","sticky":false,"template":"","format":"standard","meta":{"_monsterinsights_skip_tracking":false,"_monsterinsights_sitenote_active":false,"_monsterinsights_sitenote_note":"","_monsterinsights_sitenote_category":0,"footnotes":""},"categories":[14],"tags":[578,582,583,581,580,577,579,6],"aioseo_notices":[],"amp_enabled":true,"_links":{"self":[{"href":"https:\/\/speyer24news.com\/index.php?rest_route=\/wp\/v2\/posts\/10683"}],"collection":[{"href":"https:\/\/speyer24news.com\/index.php?rest_route=\/wp\/v2\/posts"}],"about":[{"href":"https:\/\/speyer24news.com\/index.php?rest_route=\/wp\/v2\/types\/post"}],"author":[{"embeddable":true,"href":"https:\/\/speyer24news.com\/index.php?rest_route=\/wp\/v2\/users\/3"}],"replies":[{"embeddable":true,"href":"https:\/\/speyer24news.com\/index.php?rest_route=%2Fwp%2Fv2%2Fcomments&post=10683"}],"version-history":[{"count":1,"href":"https:\/\/speyer24news.com\/index.php?rest_route=\/wp\/v2\/posts\/10683\/revisions"}],"predecessor-version":[{"id":10687,"href":"https:\/\/speyer24news.com\/index.php?rest_route=\/wp\/v2\/posts\/10683\/revisions\/10687"}],"wp:featuredmedia":[{"embeddable":true,"href":"https:\/\/speyer24news.com\/index.php?rest_route=\/wp\/v2\/media\/10684"}],"wp:attachment":[{"href":"https:\/\/speyer24news.com\/index.php?rest_route=%2Fwp%2Fv2%2Fmedia&parent=10683"}],"wp:term":[{"taxonomy":"category","embeddable":true,"href":"https:\/\/speyer24news.com\/index.php?rest_route=%2Fwp%2Fv2%2Fcategories&post=10683"},{"taxonomy":"post_tag","embeddable":true,"href":"https:\/\/speyer24news.com\/index.php?rest_route=%2Fwp%2Fv2%2Ftags&post=10683"}],"curies":[{"name":"wp","href":"https:\/\/api.w.org\/{rel}","templated":true}]}}