{"id":10770,"date":"2019-03-22T13:26:46","date_gmt":"2019-03-22T12:26:46","guid":{"rendered":"https:\/\/speyer24news.com\/?p=10770"},"modified":"2019-03-22T13:26:48","modified_gmt":"2019-03-22T12:26:48","slug":"fahrrad-freitag-kampagnenstart-am-23-03-2019-um-11-uhr","status":"publish","type":"post","link":"https:\/\/speyer24news.com\/?p=10770","title":{"rendered":"FahrRad-Freitag Kampagnenstart am 23.03.2019 um 11 Uhr"},"content":{"rendered":"<style type=\"text\/css\">\r\n\t.ads_top_disp{}\r\n\t.ads_top_corner_disp{ float:left; margin:0px 10px 10px 0px; }\r\n\t.ads_first_p_disp{}\r\n\t.ads_bottom_disp{}\r\n\t<\/style>\n<p>Liebe Speyererinnen und Speyerer, <\/p>\n\n\n\n<p>nicht erst seit dem letzten sehr hei\u00dfen und trockenen Sommer ist vielen Menschen bewusst, dass die Art und Weise wie wir leben, unsere Lebensgrundlage zerst\u00f6rt. Es ist Zeit aus dieser Erkenntnis Handlungen folgen zu lassen. Allein f\u00fchlt man sich ohnm\u00e4chtig gegen\u00fcber der Gr\u00f6\u00dfe der Herausforderungen, wenn wir aber gemeinsam anpacken, k\u00f6nnen wir etwas bewegen.<\/p>\n\n\n\n<p>Die<strong><em> Initiative InSPEYERed e.V.<\/em><\/strong> hat sich genau das zum Ziel gemacht: Wir wollen mit unseren Aktionen und Foren Menschen ermutigen, den eigenen Lebensraum wieder selbst zu gestalten und ihnen damit aus der Ohnmacht helfen, in die uns die Perspektive auf gro\u00dfe nahende Probleme st\u00fcrzt. Mit dem Verkehr hier in Speyer wollen wir weitermachen.<\/p>\n\n\n\n<p>Es gibt viele Situationen, in denen das Fahrrad die bessere Alternative zum Auto ist: weil die Wege kurz sind, weil es sowieso nicht genug Parkpl\u00e4tze f\u00fcr all die Autos in der Stadt gibt, weil man kein teures Benzin kaufen muss, weil man sich das Fitnessstudio spart, wenn man \u00f6fter mal radelt und, nicht zuletzt, weil es besser f\u00fcr die Umwelt ist, in der wir alle leben. Nat\u00fcrlich brauchen wir auch Autos auf den Speyrer Stra\u00dfen: wenn man mal viel einkaufen muss oder das Wetter zu ungem\u00fctlich ist. Wir w\u00fcnschen uns deshalb eine Stadt, in der Fu\u00dfg\u00e4nger gem\u00fctlich nebeneinander laufen k\u00f6nnen, ohne von den Radfahren angeklingelt zu werden, in der Radfahrende genug Platz auf der Stra\u00dfe haben und keine Angst haben m\u00fcssen, von den Autos zu knapp \u00fcberholt zu werden, in der Autos nicht ewig um den Block fahren m\u00fcssen, um einen Parkplatz zu finden, weil nicht mehr so viele Leute mit dem Auto in die Innenstadt fahren. Wir w\u00fcnschen uns mehr Platz im \u00f6ffentlichen Raum, der f\u00fcr Spielpl\u00e4tze statt Parkpl\u00e4tze genutzt werden kann. Das alles ist m\u00f6glich und wird an vielen anderen Orten schon so gelebt.<\/p>\n\n\n\n<p>Die <strong>Initiative InSPEYERed e.V.<\/strong> l\u00e4dt deshalb ein <strong>am 23.3.2019 um 11 Uhr am Geschirrpl\u00e4tzel <\/strong>die M\u00f6glichkeiten f\u00fcr eine solches Miteinander in Speyer zu erkunden. <\/p>\n\n\n\n<div class=\"wp-block-image\"><figure class=\"aligncenter\"><img decoding=\"async\" loading=\"lazy\" width=\"800\" height=\"568\" src=\"https:\/\/speyer24news.com\/wp-content\/uploads\/2019\/03\/Fahrradfreitag2.png\" alt=\"\" class=\"wp-image-10772\" srcset=\"https:\/\/speyer24news.com\/wp-content\/uploads\/2019\/03\/Fahrradfreitag2.png 800w, https:\/\/speyer24news.com\/wp-content\/uploads\/2019\/03\/Fahrradfreitag2-300x213.png 300w, https:\/\/speyer24news.com\/wp-content\/uploads\/2019\/03\/Fahrradfreitag2-768x545.png 768w\" sizes=\"(max-width: 800px) 100vw, 800px\" \/><\/figure><\/div>\n\n\n\n<p>Dieser Tag ist der <strong>Start der Kampagne FahrRad-Freitag<\/strong>. Eine Kampagne, die dazu auffordert, zumindest am Freitag das Auto stehen zu lassen. Jeden Freitag um 18 Uhr treffen wir uns am Geschirrpl\u00e4tzel, um auf die Notwendigkeit einer Verkehrswende hinzuweisen und zu erleben, was es hei\u00dft, wenn mehr Menschen radeln statt auf das Gaspedal zu dr\u00fccken. <\/p>\n\n\n\n<p>Gleichzeitig organisieren wir an diesem Tag eine Planwerkstatt f\u00fcr alle Menschen, denen es wichtig ist Verantwortung f\u00fcr unsere und die Lebensgrundlagen unserer Kinder zu \u00fcbernehmen: <\/p>\n\n\n\n<p>An f\u00fcnf Thementischen k\u00f6nnen sich die unterschiedlichen Interessensgruppen zum Thema Radeln in Speyer austauschen und vernetzen . Die Menschen an den Tischen sind eingeladen sich zu informieren, Forderungen zu sammeln und Aktionen zu entwickeln wie man das Radfahren in den verschiedenen Bereichen f\u00f6rdern kann. Nat\u00fcrlich ermutigen wir besonders Menschen, die schon bestimmte Ideen umgesetzt haben, diese auch vorzustellen. Die Tische thematisieren folgende Schwerpunkte: <\/p>\n\n\n\n<p>Der Schul-Tisch: Hier k\u00f6nnen sich Sch\u00fcler*innen, Eltern und Lehrer*innen dazu austauschen und vernetzen, wie man es den Schuler*innen und Lehrer*innen erleichtern kann mit dem Rad zur Schule zu fahren. Damit erh\u00f6ht man die Sicherheit der Sch\u00fcler*innen an der Schule und verhindert die Staus, die alle nerven, die ihre Kinder mit dem Auto zur Schule fahren oder selbst von der Arbeit nach Hause wollen. <\/p>\n\n\n\n<p>Der Betriebe-Tisch: Was gibt es f\u00fcr M\u00f6glichkeiten f\u00fcr Betriebe, um ihre Mitarbeitenden zum Radfahren zu motivieren, vielleicht kann man ein Jobticket\/Job-Rad anbieten und mit  Nextbike eine Kooperation beginnen, vielleicht kann man den Kauf von E-Bikes unterst\u00fctzen statt den Dienstwagen. Das f\u00f6rdert nicht nur die Gesundheit aller Beteiligten, sondern kann auch die Attraktivit\u00e4t als Betrieb steigern f\u00fcr Menschen, die Verantwortung f\u00fcr die Zukunft \u00fcbernehmen. <\/p>\n\n\n\n<p>Der Einzelhandel-Tisch: Hier k\u00f6nnen sich Menschen treffen, die in Speyer unternehmerisch t\u00e4tig sind und \u00fcberlegen wie sie selbst das Radfahren unterst\u00fctzen k\u00f6nnen, denn Radfahrer*innen kaufen mehr in den kleinen L\u00e4den der Innenstadt, die wir nicht missen wollen. Vielleicht kann man noch mehr Fahrradst\u00e4nder bauen, vielleicht kann man einen Fahrradkurier einrichten, der den Einkauf nach Hause liefert oder vielleicht kann man einen E-Lastenradverleih f\u00fcr die ganze Stadt aufbauen.<\/p>\n\n\n\n<p>Der Verkehrspolitik-Tisch: Es gibt viele Kommunalpolitiker*innen, die sich schon lange mit dem Thema besch\u00e4ftigen und sich gut auskennen. Hier w\u00e4re ein Raum, um mal vision\u00e4r zu tr\u00e4umen, um neuen Verb\u00fcndete zu finden, um vielleicht auch auf m\u00f6gliche Probleme bei der F\u00f6rderung des Rades hinzuweisen und um mit den B\u00fcrgerinnen und B\u00fcrgern der Stadt ins Gespr\u00e4ch zu kommen.<\/p>\n\n\n\n<p>Der Radverkehrskonzept-Tisch: Die Stadt Speyer hat ein Radverkehrskonzept erstellen lassen, um m\u00f6glichst effektiv den Radverkehr zu f\u00f6rdern. Dieses enth\u00e4lt viele gute Ideen und Vorschl\u00e4ge. Einige dieser wurden schon umgesetzt, viele andere warten noch auf Ihre Realisierung. Hier werden wir \u00fcber dieses Konzept sprechen und diese Ideen \u00f6ffentlich machen. Dann k\u00f6nnen wir die Umsetzung durch die Politik vielleicht beschleunigen.  <\/p>\n\n\n\n<p>Es wird nat\u00fcrlich nicht nur gedacht und geplant, sondern es gibt auch Erfrischungen und die M\u00f6glichkeit kleinere Reparaturen und Versch\u00f6nerungen am eigenen Fahrrad vorzunehmen. <\/p>\n\n\n\n<p>Kommt vorbei. lasst euch inspirieren und bringt Euch in die Gestaltung unserer gemeinsamen Zukunft ein!<\/p>\n\n\n\n<p><em>InSPEYERed e.V., Hannah Heller<br>22.03.2019<\/em><\/p>\n","protected":false},"excerpt":{"rendered":"<div class=\"mh-excerpt\"><p>Liebe Speyererinnen und Speyerer, nicht erst seit dem letzten sehr hei\u00dfen und trockenen Sommer ist vielen Menschen bewusst, dass die Art und Weise wie wir leben, unsere Lebensgrundlage zerst\u00f6rt. Es ist Zeit aus dieser Erkenntnis <a class=\"mh-excerpt-more\" href=\"https:\/\/speyer24news.com\/?p=10770\" title=\"FahrRad-Freitag Kampagnenstart am 23.03.2019 um 11 Uhr\">[&#8230;]<\/a><\/p>\n<\/div>","protected":false},"author":3,"featured_media":10771,"comment_status":"open","ping_status":"open","sticky":false,"template":"","format":"standard","meta":{"_monsterinsights_skip_tracking":false,"_monsterinsights_sitenote_active":false,"_monsterinsights_sitenote_note":"","_monsterinsights_sitenote_category":0,"footnotes":""},"categories":[13],"tags":[632,634,633,6],"aioseo_notices":[],"amp_enabled":true,"_links":{"self":[{"href":"https:\/\/speyer24news.com\/index.php?rest_route=\/wp\/v2\/posts\/10770"}],"collection":[{"href":"https:\/\/speyer24news.com\/index.php?rest_route=\/wp\/v2\/posts"}],"about":[{"href":"https:\/\/speyer24news.com\/index.php?rest_route=\/wp\/v2\/types\/post"}],"author":[{"embeddable":true,"href":"https:\/\/speyer24news.com\/index.php?rest_route=\/wp\/v2\/users\/3"}],"replies":[{"embeddable":true,"href":"https:\/\/speyer24news.com\/index.php?rest_route=%2Fwp%2Fv2%2Fcomments&post=10770"}],"version-history":[{"count":1,"href":"https:\/\/speyer24news.com\/index.php?rest_route=\/wp\/v2\/posts\/10770\/revisions"}],"predecessor-version":[{"id":10773,"href":"https:\/\/speyer24news.com\/index.php?rest_route=\/wp\/v2\/posts\/10770\/revisions\/10773"}],"wp:featuredmedia":[{"embeddable":true,"href":"https:\/\/speyer24news.com\/index.php?rest_route=\/wp\/v2\/media\/10771"}],"wp:attachment":[{"href":"https:\/\/speyer24news.com\/index.php?rest_route=%2Fwp%2Fv2%2Fmedia&parent=10770"}],"wp:term":[{"taxonomy":"category","embeddable":true,"href":"https:\/\/speyer24news.com\/index.php?rest_route=%2Fwp%2Fv2%2Fcategories&post=10770"},{"taxonomy":"post_tag","embeddable":true,"href":"https:\/\/speyer24news.com\/index.php?rest_route=%2Fwp%2Fv2%2Ftags&post=10770"}],"curies":[{"name":"wp","href":"https:\/\/api.w.org\/{rel}","templated":true}]}}