{"id":10774,"date":"2019-03-22T14:16:38","date_gmt":"2019-03-22T13:16:38","guid":{"rendered":"https:\/\/speyer24news.com\/?p=10774"},"modified":"2019-03-22T15:42:27","modified_gmt":"2019-03-22T14:42:27","slug":"nachrichten-aus-speyer","status":"publish","type":"post","link":"https:\/\/speyer24news.com\/?p=10774","title":{"rendered":"Nachrichten aus Speyer:"},"content":{"rendered":"<style type=\"text\/css\">\r\n\t.ads_top_disp{}\r\n\t.ads_top_corner_disp{ float:left; margin:0px 10px 10px 0px; }\r\n\t.ads_first_p_disp{}\r\n\t.ads_bottom_disp{}\r\n\t<\/style>\n<h2 class=\"wp-block-heading\">Sch\u00fcler*innen aus Yavne zu Besuch in Speyer<\/h2>\n\n\n\n<p><strong>Speyer \/ Yavne (Israel) &#8211;<\/strong> Eine lange Tradition fortsetzend sind zur Zeit 20 Sch\u00fcler*innen aus Speyers  israelischer Partnerstadt Yavne zu Besuch in der Domstadt. Begleitet von drei Lehrer*innen erwidern die Jugendlichen aus den Jahrgangsstufen 10 und 11 seit Donnerstag, 21.03.2019 den Besuch ihrer deutschen Partner, der bereits im Oktober 2018 stattgefunden hat. <\/p>\n\n\n\n<p>Am Freitag, 22.03.2019 wird Oberb\u00fcrgermeisterin Stefanie Seiler die G\u00e4ste  bei einem offiziellen Empfang im Rathaus willkommen hei\u00dfen, bevor die  Gruppe anschlie\u00dfend im Rahmend der F\u00fchrung \u201eJ\u00fcdisches Leben in Speyer\u201c die Domstadt erkunden wird.<\/p>\n\n\n\n<p>Dar\u00fcber hinaus stehen Besuche in Mainz, Frankfurt und Worms sowie im ehemaligen  Konzentrationslager Osthofen auf dem Programm. In Osthofen liegt  der Fokus &#8211; mehr als 70 Jahre nach dem Ende des Dritten Reichs \u2013 auf  dem gemeinsamen Gedenken der deutschen und israelischen Sch\u00fcler*innen. <\/p>\n\n\n\n<p>Im Rahmen eines Familienwochenendes werden Gastsch\u00fcler*innen und \u2013familien au\u00dferdem Ausfl\u00fcge in die n\u00e4here Umgebung unternehmen. Eine gemeinsame Abschlussparty der Jugendlichen rundet den 10-t\u00e4gigen Aufenthalt ab. <\/p>\n\n\n\n<p><em>Stadt Speyer<br>22.03.2019<\/em><\/p>\n\n\n\n<h2 class=\"wp-block-heading\">20 Jahre B\u00fcrgerb\u00fcros in Speyer \u2013 Die Erfolgsgeschichte geht weiter<\/h2>\n\n\n\n<div class=\"wp-block-image\"><figure class=\"aligncenter\"><img decoding=\"async\" loading=\"lazy\" width=\"800\" height=\"533\" src=\"https:\/\/speyer24news.com\/wp-content\/uploads\/2019\/03\/Team-kl.jpg\" alt=\"\" class=\"wp-image-10781\" srcset=\"https:\/\/speyer24news.com\/wp-content\/uploads\/2019\/03\/Team-kl.jpg 800w, https:\/\/speyer24news.com\/wp-content\/uploads\/2019\/03\/Team-kl-300x200.jpg 300w, https:\/\/speyer24news.com\/wp-content\/uploads\/2019\/03\/Team-kl-768x512.jpg 768w\" sizes=\"(max-width: 800px) 100vw, 800px\" \/><\/figure><\/div>\n\n\n\n<p><strong>Speyer \/ B\u00fcrgerb\u00fcros &#8211; <\/strong>Am  15. M\u00e4rz 1999 \u00f6ffneten das B\u00fcrgerb\u00fcro I in der Salzgasse und das B\u00fcrgerb\u00fcro II in der Industriestra\u00dfe erstmals ihre Tore. Ziel  war es, an zwei Standorten moderne Dienstleistungszentren f\u00fcr die  Speyerer B\u00fcrger*innen zu schaffen. Inzwischen hat sich das Konzept, das  nach dem Stadtratsbeschluss von 1995 zun\u00e4chst in eine 4-j\u00e4hrige  Probephase gestartet ist, l\u00e4ngst etabliert. Die beiden  \u201eB\u00fcbos\u201c, wie die B\u00fcrgerb\u00fcros abgek\u00fcrzt genannt werden, fungieren heute  als zentrale Anlaufstelle f\u00fcr ein buntes Portfolio an Fragen und sind  mit ihrem b\u00fcrgerorientierten Service und der Freundlichkeit der  Mitarbeiter ein wichtiger positiver Imagetr\u00e4ger f\u00fcr  die Stadtverwaltung Speyer. <\/p>\n\n\n\n<p>\u201eWenn  man von einer Abteilung als Chefin sehr wenig h\u00f6rt, dann wei\u00df man, dass  es l\u00e4uft\u201c, betont Oberb\u00fcrgermeisterin Stefanie Seiler  beim Pressegespr\u00e4ch am vergangenen Freitag. Sie und die drei Teamleiter  Simone Kratzin, Daniel Fleischmann (B\u00fcbo I) und Birgit Walther (B\u00fcbo  II) sind stolz auf die 15 Mitarbeiter*innen in der Salzgasse und die 22  Mitarbeiter*innen in der Industriestra\u00dfe, davon  5 in der F\u00fchrerscheinstelle, die sehr viele unterschiedliche Aufgaben  zu bew\u00e4ltigen haben. Darunter beispielsweise das Einwohnermelde- und  Passwesen, das Fundb\u00fcro (nur in der Salzgasse), das Zulassungs- und  F\u00fchrerscheinwesen (nur in der Industriestra\u00dfe) sowie  neuerdings die Ausstellung von Fischereischeinen. Die B\u00fcrgerinnen und  B\u00fcrger, die die Dienste der B\u00fcrgerb\u00fcros in Anspruch nehmen, lobten immer  wieder die kurzen Wartezeiten, so Kratzin. <\/p>\n\n\n\n<div class=\"wp-block-image\"><figure class=\"aligncenter\"><img decoding=\"async\" loading=\"lazy\" width=\"800\" height=\"533\" src=\"https:\/\/speyer24news.com\/wp-content\/uploads\/2019\/03\/Teamleiter-und-OB-kl.jpg\" alt=\"\" class=\"wp-image-10782\" srcset=\"https:\/\/speyer24news.com\/wp-content\/uploads\/2019\/03\/Teamleiter-und-OB-kl.jpg 800w, https:\/\/speyer24news.com\/wp-content\/uploads\/2019\/03\/Teamleiter-und-OB-kl-300x200.jpg 300w, https:\/\/speyer24news.com\/wp-content\/uploads\/2019\/03\/Teamleiter-und-OB-kl-768x512.jpg 768w\" sizes=\"(max-width: 800px) 100vw, 800px\" \/><\/figure><\/div>\n\n\n\n<p>Dass\n auch intern das \u201eBetriebsklima\u201c stimmt, daf\u00fcr spricht, dass 12 von den \ninsgesamt 37 Mitarbeiter*innen schon seit dem Tag der\n Er\u00f6ffnung in den B\u00fcrgerb\u00fcros arbeiten. Die Aufregung hat sich \ninzwischen zwar gelegt, berichten Birgit Knittel und Sabine Reeb, zwei \nMitarbeiterinnen der ersten Stunde, langweilig w\u00fcrde es trotzdem nicht, \ndenn man k\u00f6nne nie vorher wissen, was der n\u00e4chste Kunde\n f\u00fcr ein Anliegen hat. <\/p>\n\n\n\n<p>Neu  ist die <strong>Willkommenstasche (\u201eWelcome Bag\u201c)<\/strong>, die <strong>ab Mai<\/strong> f\u00fcr zun\u00e4chst ein  Jahr eingef\u00fchrt wird und die dann jeder neu und erstmalig  in Speyer angemeldete Haushalt als Begr\u00fc\u00dfungsgeschenk erh\u00e4lt. Enthalten  sind Informationen und Flyer rund um das Leben in der Domstadt sowie  attraktive Gutscheine, wie eine Erm\u00e4\u00dfigung f\u00fcr das bademaxx, eine  Freifahrt auf der Speyerer Messe, ein freier Eintritt  ins Historische Museum der Pfalz und vieles mehr. <\/p>\n\n\n\n<div class=\"wp-block-image\"><figure class=\"aligncenter\"><img decoding=\"async\" loading=\"lazy\" width=\"800\" height=\"533\" src=\"https:\/\/speyer24news.com\/wp-content\/uploads\/2019\/03\/Feedbackwand-kl.jpg\" alt=\"\" class=\"wp-image-10783\" srcset=\"https:\/\/speyer24news.com\/wp-content\/uploads\/2019\/03\/Feedbackwand-kl.jpg 800w, https:\/\/speyer24news.com\/wp-content\/uploads\/2019\/03\/Feedbackwand-kl-300x200.jpg 300w, https:\/\/speyer24news.com\/wp-content\/uploads\/2019\/03\/Feedbackwand-kl-768x512.jpg 768w\" sizes=\"(max-width: 800px) 100vw, 800px\" \/><\/figure><\/div>\n\n\n\n<p>Das  <strong>20. Jubil\u00e4um<\/strong> wird au\u00dferdem am <strong>10. Mai 2019<\/strong> ab 13 Uhr zusammen mit der  (Wieder-) <strong>Er\u00f6ffnung des B\u00fcrgerb\u00fcros in der Innenstadt<\/strong>, nach  seinem Umzug von der Salzgasse in die Maximilianstra\u00dfe 94, mit einem  gro\u00dfen B\u00fcrgerfest gefeiert. Unter anderem wird es dort eine kostenlose  Passfoto-Aktion, Kinderschminken, Bewirtung und Blicke hinter die  Kulissen geben. <\/p>\n\n\n\n<p><em>Stadt Speyer<br>22.03.2019<\/em><\/p>\n\n\n\n<h2 class=\"wp-block-heading\">Drehkreuze auf dem Friedhof<\/h2>\n\n\n\n<p><strong>Speyer \/ Friedhof &#8211; <\/strong>Grund f\u00fcr die Initiative der Arbeitsgruppe Friedhofsentwicklung, sich f\u00fcr  Drehkreuze an den Eing\u00e4ngen einzusetzen, sind die seit vielen Jahren stetig zunehmenden Beschwerden der Besucher*innen \u00fcber Radfahrende auf dem Friedhof. Beobachtungen der Friedhofsverwaltung zufolge sind gut 80% der Radfahrenden nicht vor Ort, um ein Grab zu besuchen, sondern weil sie den Weg ausschlie\u00dflich zur Abk\u00fcrzung  ihrer Fahrstrecke nutzen. Dabei sind sie oftmals in rasanter  eschwindigkeit unterwegs und stellen dadurch eine Gefahr f\u00fcr andere Besucher*innen dar. <\/p>\n\n\n\n<p>Die geplanten Drehkreuze, durch die man Fahrr\u00e4der nach dem Absteigen  \u00fcbrigens hindurchschieben kann, sollen genau diese Radfahrer*innen  ausbremsen. Es ist keineswegs Sinn und Zweck, \u00e4lteren und in ihrer  Mobilit\u00e4t eingeschr\u00e4nkten Personen oder solchen, die auf dem Fahrrad  Utensilien zur Grabpflege transportieren, den Zugang zu verwehren.  Friedhofsnutzer*innen wird auch zuk\u00fcnftig gestattet sein, die Wege in ad\u00e4quater Geschwindigkeit mit dem Rad zu befahren. Vielmehr  sollen die Drehkreuze &#8211; und das durch sie n\u00f6tige Auf- und Absteigen an den Ein- und Ausg\u00e4ngen &#8211; daf\u00fcr sorgen, dass der Weg \u00fcber den Friedhof f\u00fcr Durchfahrende keine Zeitersparnis mehr bringt und dadurch nicht mehr als Abk\u00fcrzung genutzt wird. Wenn Radfahrer*innen den Friedhof dann freiwillig umfahren, w\u00e4re das nicht zuletzt auch aus Piet\u00e4tsgr\u00fcnden zu begr\u00fc\u00dfen.<\/p>\n\n\n\n<p><em>Stadt Speyer<br>22.03.2019<\/em><\/p>\n\n\n\n<h2 class=\"wp-block-heading\">Lions Club Speyer Palatina: 9.000,00 \u20ac f\u00fcr Kinderschutzbund und Bieneninitiative<\/h2>\n\n\n\n<div class=\"wp-block-image\"><figure class=\"aligncenter\"><img decoding=\"async\" loading=\"lazy\" width=\"800\" height=\"435\" src=\"https:\/\/speyer24news.com\/wp-content\/uploads\/2019\/03\/Spende-Schokolade-LC-SP.jpg\" alt=\"\" class=\"wp-image-10778\" srcset=\"https:\/\/speyer24news.com\/wp-content\/uploads\/2019\/03\/Spende-Schokolade-LC-SP.jpg 800w, https:\/\/speyer24news.com\/wp-content\/uploads\/2019\/03\/Spende-Schokolade-LC-SP-300x163.jpg 300w, https:\/\/speyer24news.com\/wp-content\/uploads\/2019\/03\/Spende-Schokolade-LC-SP-768x418.jpg 768w\" sizes=\"(max-width: 800px) 100vw, 800px\" \/><figcaption>v.l.: Alison Grewenig, Christa David-Wadle, Rosemarie Keller-Mehlem, Andrea Schuff, Doris Hoffmann, Heinz-Peter Wierig<\/figcaption><\/figure><\/div>\n\n\n\n<p><strong>Lions Club Speyer \/ Domhof &#8211; <\/strong>Am Dienstag, den 12.03.2019, fand in den R\u00e4umlichkeiten des Speyerer Domhofs die Spenden\u00fcbergabe aus der letztj\u00e4hrigen Schokoladenschutzengelaktion durch Andrea Schuff (Pr\u00e4sidentin) und Alison Grewenig (Vizepr\u00e4sidentin) statt. <\/p>\n\n\n\n<p>Je 4.500,00 \u20ac gingen in diesem Jahr an das Projekt des Kinderschutzbundes \u201e<strong>AhA! Atem holen f\u00fcr Alleinerziehende<\/strong>\u201c, vertreten durch Rosemarie Keller-Mehlem und Christa David-Wadle sowie an das Projekt \u201e<strong>Hummelgarten<\/strong>\u201c der Speyerer Bieneninitiative, vertreten durch Doris Hoffmann und Heinz-Peter Wierig.<\/p>\n\n\n\n<p>Das Projekt \u201eAha!\u201c bietet Alleinerziehenden in Speyer samstags eine kostenlose Kinderbetreuung. Mit den generierten Spendengeldern wird das qualifizierte Betreuungsangebot durch ausgebildete Fachkr\u00e4fte gew\u00e4hrleistet sowie die Bereitstellung der \u00d6rtlichkeiten f\u00fcr die n\u00e4chsten Monate gesichert. <\/p>\n\n\n\n<p>Die Initiatoren der Bieneninitiative nutzen die Spende zur Beschaffung notwendiger Materialien und den Einkauf wichtiger Dienstleistungen zur Verwirklichung des Gartens. Zudem wird mit den Geldern das Kursangebot an der Volkshochschule \u201eNaturnah g\u00e4rtnern im Hummelgarten\u201c erm\u00f6glicht. <\/p>\n\n\n\n<div class=\"wp-block-image\"><figure class=\"aligncenter\"><img decoding=\"async\" loading=\"lazy\" width=\"800\" height=\"596\" src=\"https:\/\/speyer24news.com\/wp-content\/uploads\/2019\/03\/v.l.n.r.-Alison-Grewenig-Christa-David-Wadle-Rosemarie-Keller-Mehlem-Bettina-Schuf-Doris-Hoffmann-Heinz-Peter-Wierig.jpg\" alt=\"\" class=\"wp-image-10779\" srcset=\"https:\/\/speyer24news.com\/wp-content\/uploads\/2019\/03\/v.l.n.r.-Alison-Grewenig-Christa-David-Wadle-Rosemarie-Keller-Mehlem-Bettina-Schuf-Doris-Hoffmann-Heinz-Peter-Wierig.jpg 800w, https:\/\/speyer24news.com\/wp-content\/uploads\/2019\/03\/v.l.n.r.-Alison-Grewenig-Christa-David-Wadle-Rosemarie-Keller-Mehlem-Bettina-Schuf-Doris-Hoffmann-Heinz-Peter-Wierig-300x224.jpg 300w, https:\/\/speyer24news.com\/wp-content\/uploads\/2019\/03\/v.l.n.r.-Alison-Grewenig-Christa-David-Wadle-Rosemarie-Keller-Mehlem-Bettina-Schuf-Doris-Hoffmann-Heinz-Peter-Wierig-768x572.jpg 768w, https:\/\/speyer24news.com\/wp-content\/uploads\/2019\/03\/v.l.n.r.-Alison-Grewenig-Christa-David-Wadle-Rosemarie-Keller-Mehlem-Bettina-Schuf-Doris-Hoffmann-Heinz-Peter-Wierig-80x60.jpg 80w\" sizes=\"(max-width: 800px) 100vw, 800px\" \/><figcaption>v.l.: Alison Grewenig, Christa David-Wadle, Rosemarie Keller-Mehlem, Andrea Schuff, Doris Hoffmann, Heinz-Peter Wierig<\/figcaption><\/figure><\/div>\n\n\n\n<p>Der Club ist stolz darauf, erneut die komplette Spendensumme durch den alleinigen Verkauf der Engelsschokolade erzielt zu haben und bedankt sich bei allen K\u00e4ufern und Sponsoren. <\/p>\n\n\n\n<div class=\"wp-block-image\"><figure class=\"alignleft is-resized\"><img decoding=\"async\" loading=\"lazy\" src=\"https:\/\/speyer24news.com\/wp-content\/uploads\/2019\/03\/Lions-Club-Klein-1.png\" alt=\"\" class=\"wp-image-10798\" width=\"285\" height=\"165\" srcset=\"https:\/\/speyer24news.com\/wp-content\/uploads\/2019\/03\/Lions-Club-Klein-1.png 330w, https:\/\/speyer24news.com\/wp-content\/uploads\/2019\/03\/Lions-Club-Klein-1-300x174.png 300w\" sizes=\"(max-width: 285px) 100vw, 285px\" \/><\/figure><\/div>\n\n\n\n<p>Erstmals pr\u00e4sentiert sich der LC Speyer Palatina als moderner und gemischter Serviceclub am 19.03.2019 auf der Speyerer Ehrenamtsmesse in der Stadthalle. Dort wird Interessierten das Clubleben und die Lions Organisation vorgestellt. <\/p>\n\n\n\n<p><em><strong>Bis 30.04.2019 <\/strong><\/em>k\u00f6nnen noch <strong><em>F\u00f6rderantr\u00e4ge <\/em><\/strong>f\u00fcr die diesj\u00e4hrige Schokoladenaktion gestellt werden. Richtlinien und Antr\u00e4ge stehen auf der Webseite <a href=\"http:\/\/www.lc-speyer-palatina.de\">www.lc-speyer-palatina.de<\/a> zur Verf\u00fcgung.<\/p>\n\n\n\n<p><em>Lions Club Speyer Palatina<br>22.03.2019<\/em><\/p>\n\n\n\n<h2 class=\"wp-block-heading\">Der Kaiser ist wieder in der Stadt<\/h2>\n\n\n\n<div class=\"wp-block-image\"><figure class=\"aligncenter\"><img decoding=\"async\" loading=\"lazy\" width=\"800\" height=\"653\" src=\"https:\/\/speyer24news.com\/wp-content\/uploads\/2019\/03\/DSC02904.jpg\" alt=\"\" class=\"wp-image-10776\" srcset=\"https:\/\/speyer24news.com\/wp-content\/uploads\/2019\/03\/DSC02904.jpg 800w, https:\/\/speyer24news.com\/wp-content\/uploads\/2019\/03\/DSC02904-300x245.jpg 300w, https:\/\/speyer24news.com\/wp-content\/uploads\/2019\/03\/DSC02904-768x627.jpg 768w\" sizes=\"(max-width: 800px) 100vw, 800px\" \/><\/figure><\/div>\n\n\n\n<p><strong>Speyer \/ Geschirrpl\u00e4tzel \/ Fr\u00fchjahrsmesse &#8211; <\/strong>Anl\u00e4sslich der 439. Speyerer Fr\u00fchjahrsmesse l\u00e4dt Stauferkaiser Friedrich II. &#8211;  alias G\u00e4stef\u00fchrer Frank Seidel &#8211; zur historischen F\u00fchrung  durch die Speyerer Messe- und Marktgeschichte. <\/p>\n\n\n\n<p>Am <strong>Sonntag, 14. April  2019<\/strong>, um 15 Uhr erwartet der Blaubl\u00fctige \u201esein Gefolge\u201c am Geschirrpl\u00e4tzel. Inhaltlich startet die Historienf\u00fchrung im Juli 1245 mit der Erteilung der Privilegien zur Durchf\u00fchrung einer Speyerer  Messe. <\/p>\n\n\n\n<p>Tickets sind ab sofort zum Preis von 12 Euro im B\u00fcrgerb\u00fcro Salzgasse erh\u00e4ltlich. Sollte es noch Resttickets geben, werden diese vor Ort verkauft.<\/p>\n\n\n\n<div class=\"wp-block-image\"><figure class=\"aligncenter\"><img decoding=\"async\" loading=\"lazy\" width=\"800\" height=\"667\" src=\"https:\/\/speyer24news.com\/wp-content\/uploads\/2019\/03\/DSC02907.jpg\" alt=\"\" class=\"wp-image-10777\" srcset=\"https:\/\/speyer24news.com\/wp-content\/uploads\/2019\/03\/DSC02907.jpg 800w, https:\/\/speyer24news.com\/wp-content\/uploads\/2019\/03\/DSC02907-300x250.jpg 300w, https:\/\/speyer24news.com\/wp-content\/uploads\/2019\/03\/DSC02907-768x640.jpg 768w\" sizes=\"(max-width: 800px) 100vw, 800px\" \/><\/figure><\/div>\n\n\n\n<p>Die Teilnehmer erwartet neben dem stadtgeschichtlichen Rundgang ein geselliger Ausklang auf der Fr\u00fchjahrsmesse bei Bratwurst, Getr\u00e4nk und kleinem Nachtisch, gesponsert vom Schaustellerverband Speyer e.V. <\/p>\n\n\n\n<p>Der majest\u00e4tische Einsatz ist ehrenamtlich. Der Erl\u00f6s wird traditionsgem\u00e4\u00df einem sozialen Zweck bzw. einer sozialen Einrichtung in Speyer gespendet.<\/p>\n\n\n\n<p>Darum k\u00f6nnen sich soziale Einrichtungen aus Speyer per Email an <a href=\"frank.seidel66@gmx.de\">frank.seidel66@gmx.de<\/a> bis sp\u00e4testens 26. M\u00e4rz 2019 bewerben.<\/p>\n\n\n\n<p><em>Text: Stadt Speyer Foto: S24N, dak<br>22.03.2019<\/em><\/p>\n\n\n\n<h2 class=\"wp-block-heading\">Stadtumbauprozess 2019 \u2013 Aktivierungsforum ein voller Erfolg <\/h2>\n\n\n\n<p>Am Montag (11.03.2019) fand die Auftaktveranstaltung \u201eAktivierungsforum  Stadtumbau 2019&#8243; im Stadtratssitzungssaal statt. Oberb\u00fcrgermeisterin  Stefanie Seiler, die Expertinnen und Experten der Verwaltung,  insbesondere aus den Bereichen Stadtplanung und Tiefbau sowie das mit  der Begleitung des Prozesses beauftragte Planungsb\u00fcro stadtimpuls aus  Landau informierten die zahlreich erschienenen Interessierten  \u00fcber den aktuellen Stand des Stadtumbauprozesses und holten sich in  mehreren Gespr\u00e4chsrunden ein Meinungsbild der Bev\u00f6lkerung ein.  Oberb\u00fcrgermeisterin Seiler freute sich \u00fcber die rege Beteiligung aus  vielen unterschiedlichen Bereichen der Stadtgesellschaft  und betonte: \u201eIch hoffe, dass die Ergebnisse des Aktivierungsforums und  seiner Folgeveranstaltungen die Grundlage f\u00fcr mutige politische  Entscheidungen in den Gremien sein werden\u201c. <\/p>\n\n\n\n<p>Das\n Aktivierungsforum ist die erste Veranstaltung in einer Reihe von vier \nPlanungsworkshops mit jeweils unterschiedlichen thematischen\n Schwerpunkten und einem R\u00fcckkopplungsforum, bei dem im Anschluss der \nProzess evaluiert und Feedback eingeholt wird.&nbsp; Unter Mitwirkung von \nB\u00fcrger*innen, Immobilieneigent\u00fcmer*innen und Schl\u00fcsselakteuren aus \nVerwaltung und Politik werden in diesem Rahmen die\n im Stadtumbaukonzept aus dem Jahre 2013 festgehaltenen Ziele und \nMa\u00dfnahmen weiterentwickelt, \u00fcberarbeitet und gegebenenfalls neue \nhinzugef\u00fcgt.&nbsp;\n<\/p>\n\n\n\n<p>Im\n Zentrum der Auftaktveranstaltung standen die beiden Schl\u00fcsselma\u00dfnahmen \nUmstrukturierung des Postplatzes und des Bahnhofvorplatzes\n bzw. des gesamten Bahnhofsumfeldes mit Blick auf die Servicequalit\u00e4t \nund die Verkehrsinfrastruktur sowie st\u00e4dtebauliche F\u00f6rderm\u00f6glichkeiten \nf\u00fcr private Investor*innen und Eigent\u00fcmer*innen.\n<\/p>\n\n\n\n<p>Stadtplanerin Kerstin Trojan gab zun\u00e4chst einen \u00dcberblick \u00fcber die bisher im Rahmen  des Stadtumbauprozesses durchgef\u00fchrten Ma\u00dfnahmen,  wie die Umgestaltung der&nbsp; Achse Gro\u00dfe Himmelsgasse, Johannesstra\u00dfe und  Armbruststra\u00dfe, die Sanierung des G\u00fcterbahnhofs und die Aufwertung des  St.-Guido-Stifts-Platzes. Anschlie\u00dfend hatten die Besucher*innen in vier  Dialogr\u00e4umen die Gelegenheit, sich mit den  Fachleuten aus der Verwaltung auszutauschen, Problempunkte aufzuzeigen,  W\u00fcnsche zu \u00e4u\u00dfern und Verbesserungsvorschl\u00e4ge zu machen.  Themenschwerpunkte waren hierbei: Postplatz, Bahnhofsvorplatz, F\u00f6rderung  privater Modernisierung sowie eine Feedbackarena.&nbsp; <\/p>\n\n\n\n<p>In  den Gespr\u00e4chen wurde deutlich, dass sich die anwesenden B\u00fcrger*innen  insbesondere eine St\u00e4rkung des Wohlf\u00fchlambientes im Bereich  der n\u00f6rdlichen Innenstadt w\u00fcnschen, eine St\u00e4rkung des Rad- und  Fu\u00dfverkehrs gegen\u00fcber dem motorisierten Individualverkehr und mehr  Begr\u00fcnung<\/p>\n\n\n\n<p>In\n der themenoffenen Feedbackarena konnten die Anwesenden mit roten und \ngr\u00fcnen F\u00e4hnchen auf einem Luftbild des Bereichs Kernstadt\n Nord Orte und Pl\u00e4tze markieren, die kritisch gesehen werden (rot) und \nsolche, an denen man sich gerne aufh\u00e4lt (gr\u00fcn). Dabei gab es zum \nneugestalteten St.-Guido-Stifts-Platz \u00fcberwiegend negative Resonanz. \nOberb\u00fcrgermeisterin Stefanie Seiler betonte daher beim\n gemeinsamen Abschluss, dass gepr\u00fcft werden wird, wie mit m\u00f6glichst \ngeringem Mitteleinsatz eine h\u00f6here Aufenthaltsqualit\u00e4t auf dem Platz \nerreicht werden k\u00f6nne, beispielsweise durch zus\u00e4tzliche Begr\u00fcnung.\n<\/p>\n\n\n\n<p>Dar\u00fcber hinaus wurde auf die Er\u00f6ffnung des Modernisierungsb\u00fcros im  Sitzungszimmer 3 des Historischen Rathauses am Mittwoch, 20.03.2019,  15:30 Uhr hingewiesen. Dort k\u00f6nnen sich Privatpersonen jeden 3.  Mittwoch im Monat oder nach Absprache \u00fcber (F\u00f6rder-) M\u00f6glichkeiten einer  energetischen Sanierung an ihren Geb\u00e4uden informieren. Die Beratungen  sind kostenlos.<\/p>\n\n\n\n<p><strong>Weitere anstehende Termine im Stadtumbauprozess Kernstadt Nord:<\/strong><\/p>\n\n\n\n<p><strong>Dienstag,  14.05.2019<\/strong>, 18 Uhr, Historischer Ratssaal: Planungsworkshop zum Thema  energetische Sanierung und F\u00f6rderung privater Modernisierungsma\u00dfnahmen<\/p>\n\n\n\n<p><strong>Juni: <\/strong>Planungsworkshop zum Thema Bahnhofsvorplatz (wird noch genau terminiert)<\/p>\n\n\n\n<p><strong>September\/Oktober: <\/strong>Planungsworkshop zum Thema Postplatz (wird noch genau terminiert)<\/p>\n\n\n\n<p><em>Stadt Speyer<br>22.03.2019<\/em><\/p>\n","protected":false},"excerpt":{"rendered":"<div class=\"mh-excerpt\"><p>Sch\u00fcler*innen aus Yavne zu Besuch in Speyer Speyer \/ Yavne (Israel) &#8211; Eine lange Tradition fortsetzend sind zur Zeit 20 Sch\u00fcler*innen aus Speyers israelischer Partnerstadt Yavne zu Besuch in der Domstadt. Begleitet von drei Lehrer*innen <a class=\"mh-excerpt-more\" href=\"https:\/\/speyer24news.com\/?p=10774\" title=\"Nachrichten aus Speyer:\">[&#8230;]<\/a><\/p>\n<\/div>","protected":false},"author":3,"featured_media":10775,"comment_status":"open","ping_status":"open","sticky":false,"template":"","format":"standard","meta":{"_monsterinsights_skip_tracking":false,"_monsterinsights_sitenote_active":false,"_monsterinsights_sitenote_note":"","_monsterinsights_sitenote_category":0,"footnotes":""},"categories":[9],"tags":[638,639,645,644,642,636,641,640,637,6,643,635],"aioseo_notices":[],"amp_enabled":true,"_links":{"self":[{"href":"https:\/\/speyer24news.com\/index.php?rest_route=\/wp\/v2\/posts\/10774"}],"collection":[{"href":"https:\/\/speyer24news.com\/index.php?rest_route=\/wp\/v2\/posts"}],"about":[{"href":"https:\/\/speyer24news.com\/index.php?rest_route=\/wp\/v2\/types\/post"}],"author":[{"embeddable":true,"href":"https:\/\/speyer24news.com\/index.php?rest_route=\/wp\/v2\/users\/3"}],"replies":[{"embeddable":true,"href":"https:\/\/speyer24news.com\/index.php?rest_route=%2Fwp%2Fv2%2Fcomments&post=10774"}],"version-history":[{"count":4,"href":"https:\/\/speyer24news.com\/index.php?rest_route=\/wp\/v2\/posts\/10774\/revisions"}],"predecessor-version":[{"id":10799,"href":"https:\/\/speyer24news.com\/index.php?rest_route=\/wp\/v2\/posts\/10774\/revisions\/10799"}],"wp:featuredmedia":[{"embeddable":true,"href":"https:\/\/speyer24news.com\/index.php?rest_route=\/wp\/v2\/media\/10775"}],"wp:attachment":[{"href":"https:\/\/speyer24news.com\/index.php?rest_route=%2Fwp%2Fv2%2Fmedia&parent=10774"}],"wp:term":[{"taxonomy":"category","embeddable":true,"href":"https:\/\/speyer24news.com\/index.php?rest_route=%2Fwp%2Fv2%2Fcategories&post=10774"},{"taxonomy":"post_tag","embeddable":true,"href":"https:\/\/speyer24news.com\/index.php?rest_route=%2Fwp%2Fv2%2Ftags&post=10774"}],"curies":[{"name":"wp","href":"https:\/\/api.w.org\/{rel}","templated":true}]}}