{"id":10803,"date":"2019-03-22T16:30:42","date_gmt":"2019-03-22T15:30:42","guid":{"rendered":"https:\/\/speyer24news.com\/?p=10803"},"modified":"2019-03-22T16:30:44","modified_gmt":"2019-03-22T15:30:44","slug":"stadtnotizen-verkehrsnotizen","status":"publish","type":"post","link":"https:\/\/speyer24news.com\/?p=10803","title":{"rendered":"Stadtnotizen &#038; Verkehrsnotizen:"},"content":{"rendered":"<style type=\"text\/css\">\r\n\t.ads_top_disp{}\r\n\t.ads_top_corner_disp{ float:left; margin:0px 10px 10px 0px; }\r\n\t.ads_first_p_disp{}\r\n\t.ads_bottom_disp{}\r\n\t<\/style>\n<h2 class=\"wp-block-heading\">Stadtnotizen:<\/h2>\n\n\n\n<h3 class=\"wp-block-heading\">Stadtverwaltung wegen Personalversammlung geschlossen<\/h3>\n\n\n\n<p>Die Dienststellen der Stadtverwaltung sind am <strong>Montag, 25. M\u00e4rz 2019<\/strong>, ab  12:30 Uhr wegen der diesj\u00e4hrigen Personalversammlung geschlossen. <br> Dies betrifft auch die B\u00fcrgerb\u00fcros in der Salzgasse und der  Industriestra\u00dfe, das Standesamt, die VHS und die Stadtbibliothek in der  Villa Ecarius sowie die Tourist-Information.<\/p>\n\n\n\n<p>Der Abfallwirtschaftshof der Entsorgungsbetriebe Speyer (EBS) in der  Franz-Kirrmeier-Stra\u00dfe ist montags ohnehin f\u00fcr den Publikumsverkehr  geschlossen.<\/p>\n\n\n\n<h2 class=\"wp-block-heading\">Verkehrsnotizen:<\/h2>\n\n\n\n<div class=\"wp-block-image\"><figure class=\"aligncenter\"><img decoding=\"async\" src=\"https:\/\/speyer24news.com\/wp-content\/uploads\/2019\/03\/Vollsperrung-2.jpg\" alt=\"\" class=\"wp-image-10806\"\/><\/figure><\/div>\n\n\n\n<h3 class=\"wp-block-heading\">Verkehrsbehinderungen Wormser Landstra\u00dfe <\/h3>\n\n\n\n<p>Aufgrund notwendiger Leitungsarbeiten, welche im Vorfeld der Bauma\u00dfnahme in der Wormser Landstra\u00dfe\/Auestra\u00dfe im Auftrag der Entsorgungsbetriebe  Speyer durchgef\u00fchrt werden, wird es in der Wormser Landstra\u00dfe zwischen  Auestra\u00dfe und Alter Postweg <strong>seit 18.03.2019 bis voraussichtlich 12.04.2019<\/strong> zu Verkehrsbehinderungen kommen. F\u00fcr die Dauer der Arbeiten bleibt die  Wormser Landstra\u00dfe beidseitig befahrbar. <\/p>\n\n\n\n<p>F\u00fcr R\u00fcckfragen steht die Stra\u00dfenverkehrsbeh\u00f6rde unter den Rufnummern 14-2739 oder 14-2492 zur Verf\u00fcgung.<\/p>\n\n\n\n<h3 class=\"wp-block-heading\">Parkfl\u00e4chen rund um Ged\u00e4chtniskirche gesperrt<\/h3>\n\n\n\n<p>Aufgrund einer Veranstaltung der Evangelischen Kirche der Pfalz in der  Ged\u00e4chtniskirche, stehen die Parkfl\u00e4chen rund um die Ged\u00e4chtniskirche (Bartholom\u00e4us-Weltz-Platz und  Schwerdstra\u00dfe) am <strong>Sonntag, 24.03.2019<\/strong> von 12 bis 19 Uhr f\u00fcr den Individualverkehr nicht zur Verf\u00fcgung.<\/p>\n\n\n\n<p>Auch Monatsparkscheininhaber sind an diesem Tag von der Sperrung betroffen.<\/p>\n\n\n\n<h3 class=\"wp-block-heading\">Mozartstra\u00dfe gesperrt<\/h3>\n\n\n\n<p>Aufgrund der Stellung eines Telekrans wird die Mozartstra\u00dfe auf H\u00f6he der  Hausnummer 1 am <strong>Montag, 25.03.201<\/strong>9 zwischen 10 und voraussichtlich  14 Uhr f\u00fcr den Durchgangsverkehr gesperrt. F\u00fcr die Dauer der Arbeiten  wird die Mozartstra\u00dfe beidseitig als Sackgasse ausgewiesen.<\/p>\n\n\n\n<p>F\u00fcr R\u00fcckfragen steht die Stra\u00dfenverkehrsbeh\u00f6rde unter den Rufnummern 14-2739 und 14-2492 zur Verf\u00fcgung.<\/p>\n\n\n\n<h3 class=\"wp-block-heading\">Markierungsarbeiten f\u00fcr Fr\u00fchjahrsmesse &#8211; Parkplatz Festplatz gesperrt<\/h3>\n\n\n\n<p>Am <strong>Mittwoch, 27.03.2019<\/strong> kann der Parkplatz Festplatz aufgrund der  Stellfl\u00e4cheneinzeichnung f\u00fcr die anstehende Fr\u00fchjahrsmesse nicht durch den Individualverkehr genutzt werden. Die Sperrung wird im Laufe des Tages wieder aufgehoben. Wetterbedingt k\u00f6nnten die Arbeiten auf  Donnerstag, 28.03.2019 verschoben werden. Als Ausweichparkplatz, auch  f\u00fcr Monats- und Jahresparkscheininhaber, steht  der Parkplatz Naturfreundehaus zur Verf\u00fcgung. <\/p>\n\n\n\n<h3 class=\"wp-block-heading\">Ziegelofenweg gesperrt<\/h3>\n\n\n\n<p>Die  emontage eines Baukrans macht eine Sperrung des Ziegelofenwegs auf  H\u00f6he der Franz-Kirrmeier-Stra\u00dfe am <strong>Samstag, 30.03.2019 zwischen 7 und 20 Uhr<\/strong> f\u00fcr den Durchgangsverkehr erforderlich. Der Ziegelofenweg  wird aus Richtung Fritz-Ober-Stra\u00dfe als Sackgasse ausgewiesen. F\u00fcr  R\u00fcckfragen steht die Stra\u00dfenverkehrsbeh\u00f6rde unter den Rufnummern 14-2739  oder 14-2492 zur Verf\u00fcgung.<\/p>\n\n\n\n<h3 class=\"wp-block-heading\">Kleine Pfaffengasse gesperrt<\/h3>\n\n\n\n<p>Aufgrund von Sanierungsma\u00dfnahmen am Alten Stadtsaal wird die Kleine Pfaffengasse auf H\u00f6he der Hausnummer 6 <strong>vom 01.04.2019 bis voraussichtlich 05.04.2019<\/strong> f\u00fcr den Durchgangsverkehr gesperrt. <\/p>\n\n\n\n<p>F\u00fcr\n die Dauer der Ma\u00dfnahme wird die Kleine Pfaffengasse beidseitig als \nSackgasse ausgewiesen, die angrenzende Judengasse ebenso. Eine\n Umleitung wird eingerichtet.<\/p>\n\n\n\n<p>F\u00fcr R\u00fcckfragen steht die Abteilung Geb\u00e4udewirtschaft unter den Rufnummern 14-2344 und 14-2423 zur Verf\u00fcgung.<\/p>\n\n\n\n<p><em>Stadt Speyer<br>22.03.2019<\/em><\/p>\n","protected":false},"excerpt":{"rendered":"<div class=\"mh-excerpt\"><p>Stadtnotizen: Stadtverwaltung wegen Personalversammlung geschlossen Die Dienststellen der Stadtverwaltung sind am Montag, 25. M\u00e4rz 2019, ab 12:30 Uhr wegen der diesj\u00e4hrigen Personalversammlung geschlossen. Dies betrifft auch die B\u00fcrgerb\u00fcros in der Salzgasse und der Industriestra\u00dfe, das <a class=\"mh-excerpt-more\" href=\"https:\/\/speyer24news.com\/?p=10803\" title=\"Stadtnotizen &#038; Verkehrsnotizen:\">[&#8230;]<\/a><\/p>\n<\/div>","protected":false},"author":3,"featured_media":10804,"comment_status":"open","ping_status":"open","sticky":false,"template":"","format":"standard","meta":{"_monsterinsights_skip_tracking":false,"_monsterinsights_sitenote_active":false,"_monsterinsights_sitenote_note":"","_monsterinsights_sitenote_category":0,"footnotes":""},"categories":[47],"tags":[6,657,658],"aioseo_notices":[],"amp_enabled":true,"_links":{"self":[{"href":"https:\/\/speyer24news.com\/index.php?rest_route=\/wp\/v2\/posts\/10803"}],"collection":[{"href":"https:\/\/speyer24news.com\/index.php?rest_route=\/wp\/v2\/posts"}],"about":[{"href":"https:\/\/speyer24news.com\/index.php?rest_route=\/wp\/v2\/types\/post"}],"author":[{"embeddable":true,"href":"https:\/\/speyer24news.com\/index.php?rest_route=\/wp\/v2\/users\/3"}],"replies":[{"embeddable":true,"href":"https:\/\/speyer24news.com\/index.php?rest_route=%2Fwp%2Fv2%2Fcomments&post=10803"}],"version-history":[{"count":1,"href":"https:\/\/speyer24news.com\/index.php?rest_route=\/wp\/v2\/posts\/10803\/revisions"}],"predecessor-version":[{"id":10823,"href":"https:\/\/speyer24news.com\/index.php?rest_route=\/wp\/v2\/posts\/10803\/revisions\/10823"}],"wp:featuredmedia":[{"embeddable":true,"href":"https:\/\/speyer24news.com\/index.php?rest_route=\/wp\/v2\/media\/10804"}],"wp:attachment":[{"href":"https:\/\/speyer24news.com\/index.php?rest_route=%2Fwp%2Fv2%2Fmedia&parent=10803"}],"wp:term":[{"taxonomy":"category","embeddable":true,"href":"https:\/\/speyer24news.com\/index.php?rest_route=%2Fwp%2Fv2%2Fcategories&post=10803"},{"taxonomy":"post_tag","embeddable":true,"href":"https:\/\/speyer24news.com\/index.php?rest_route=%2Fwp%2Fv2%2Ftags&post=10803"}],"curies":[{"name":"wp","href":"https:\/\/api.w.org\/{rel}","templated":true}]}}