{"id":10825,"date":"2019-03-22T17:00:02","date_gmt":"2019-03-22T16:00:02","guid":{"rendered":"https:\/\/speyer24news.com\/?p=10825"},"modified":"2019-03-22T17:00:03","modified_gmt":"2019-03-22T16:00:03","slug":"sport-2","status":"publish","type":"post","link":"https:\/\/speyer24news.com\/?p=10825","title":{"rendered":"Sport"},"content":{"rendered":"<style type=\"text\/css\">\r\n\t.ads_top_disp{}\r\n\t.ads_top_corner_disp{ float:left; margin:0px 10px 10px 0px; }\r\n\t.ads_first_p_disp{}\r\n\t.ads_bottom_disp{}\r\n\t<\/style>\n<h2 class=\"wp-block-heading\">Rudern:<\/h2>\n\n\n\n<h3 class=\"wp-block-heading\">RGS-Mitglieder best\u00e4tigen Vorstand einstimmig im Amt \u2013 Klaus Oeder neues Ehrenmitglied<\/h3>\n\n\n\n<h4 class=\"wp-block-heading\"><em>von Angelika Schwager<\/em><\/h4>\n\n\n\n<div class=\"wp-block-image\"><figure class=\"aligncenter\"><img decoding=\"async\" loading=\"lazy\" width=\"800\" height=\"599\" src=\"https:\/\/speyer24news.com\/wp-content\/uploads\/2019\/03\/IMG_E1214.jpg\" alt=\"\" class=\"wp-image-10826\" srcset=\"https:\/\/speyer24news.com\/wp-content\/uploads\/2019\/03\/IMG_E1214.jpg 800w, https:\/\/speyer24news.com\/wp-content\/uploads\/2019\/03\/IMG_E1214-300x225.jpg 300w, https:\/\/speyer24news.com\/wp-content\/uploads\/2019\/03\/IMG_E1214-768x575.jpg 768w, https:\/\/speyer24news.com\/wp-content\/uploads\/2019\/03\/IMG_E1214-678x509.jpg 678w, https:\/\/speyer24news.com\/wp-content\/uploads\/2019\/03\/IMG_E1214-326x245.jpg 326w, https:\/\/speyer24news.com\/wp-content\/uploads\/2019\/03\/IMG_E1214-80x60.jpg 80w\" sizes=\"(max-width: 800px) 100vw, 800px\" \/><figcaption>v.l.:  Beate Wettling (50 Jahre Mitglied), Evi Kretz (60 Jahre Mitglied), 1. Vorsitzender Ingo Janz, Martin G\u00e4rtner (40 Jahre Mitglied)<\/figcaption><\/figure><\/div>\n\n\n\n<p><strong>Speyer \/ RGS &#8211; <\/strong>Die Mitgliederversammlung der Rudergesellschaft Speyer best\u00e4tigte die \u00a0neue F\u00fchrungsriege mit viel Lob und Applaus im Amt. Der Erste Vorsitzende Ingo Janz durfte im vollen Saal des Naturfreundehauses neben 90 Mitgliedern auch Ehrenmitglied Jutta Kopf und den Ehrenvorsitzenden Alfred Zimmermann begr\u00fc\u00dfen. Beim Totengedenken gedachte die RGS-Familie Ursula Eppelsheim-Nessel, die der Rudergesellschaft 65 Jahre die Treue gehalten hatte.<\/p>\n\n\n\n<p>Der Jahresbericht von Ingo Janz zeigte auf, dass 2018 die RGS erneut weit vorangebracht hat. Der Abschluss vieler Bauma\u00dfnahmen im Reffenthal und am Stammhaus wird den Spa\u00df am Rudern und am Training weiter erh\u00f6hen. Zukunftsweisend ist sicher, dass viele RGS-Projekte auch mit Preisen seitens des Deutschen Ruderverbandes und dem Sport Award Rhein-Neckar regionale und \u00fcberregionale Anerkennung finden. Janz stellte seinen gro\u00dfen Dank an die stark ehrenamtlich gepr\u00e4gte Mitgliedschaft vor seine lange Aufz\u00e4hlung der vielen gesellschaftlichen Veranstaltungen, darunter traditionelle wie Kirchbootregatta, An- und Abrudern, Meisterempf\u00e4nge, Kirchboot-Konzert und vieles mehr. Auch die Kommunikation wurde mit Ruderblatt, Schnellinfos &#8211; 2018 erschien die 1000. &#8211; und dem Einstieg in modernere Marketingkonzepte vorangebracht. \u201eMit Vision und Slogan werden wir 2019 vorsichtig vorgehen, Erfahrung sammeln und dann gemeinsam entscheiden\u201c, zeigte Janz schon kommunikativ in die Zukunft.<\/p>\n\n\n\n<p>Der Verwaltungsvorsitzende Ralf Burkhardt zeigte sich stolz und erfreut \u00fcber die gro\u00dfe Anzahl an Helfern, die es erm\u00f6glicht haben, dass im abgelaufenen Jahr der Kirchbootunterstand, die Garagen und die Parkplatzmarkierungen fertiggestellt werden konnten. Im Stammhaus am Alten Hafen wurde das Wintergarten-Gro\u00dfprojekt zur Aufwertung der Gastst\u00e4ttenterrasse umgesetzt und die dritte Trainingshalle in Betrieb genommen. Ein besonderer Dank ging an Frank Becker und Rainer Bohn f\u00fcr die Umsetzung und Leitung vieler Ma\u00dfnahmen. Der Mitgliederstand machte einen Sprung, nachdem er \u00fcber einen sehr langen Zeitraum immer um die 330 Mitglieder betrug, von 333 auf 355. \u201eDas freut uns nat\u00fcrlich besonders und w\u00fcrdigt die geleistete Arbeit in allen Bereichen der RGS\u201c, sagte Ralf Burkhardt.<\/p>\n\n\n\n<p>Die Sportvorsitzende Claudia M\u00f6ssner berichtete \u00fcber das Ruderjahr 2018, das gepr\u00e4gt war von einer erstaunlichen Vielzahl an Aktivit\u00e4ten in ganz Europa. Die Mitglieder waren mehr als \u00fcberrascht gesamthaft auf einer Europakarte all die Orte zu sehen an denen RGS-Mitglieder rudernd unterwegs waren. Der Bogen spannte sich von Nord mit Norwegen nach S\u00fcd mit Portugal und von West\u00a0 mit Frankreich nach Ost mit Polen. Besondere Erw\u00e4hnung fanden die 4491 durchgef\u00fchrten Ausfahrten, die zu 117948 Mannschaftskilometern f\u00fchrten. Hierbei wurde nat\u00fcrlich insbesondere Alicia Bohn f\u00fcr ihre Erfolge bei den Deutschen und Weltmeisterschaften beklatscht, auch weil sie mit Abstand die meisten Kilometer im Bootstraining absolvierte. Daf\u00fcr erhielt sie, wie die weiteren Kategoriensieger den Kilometerpreis (wir berichteten). Das Ruderjahr 2018 brachte 86 Regattasiege bei 29 Regatten, daher war es nicht verwunderlich, dass es gleich sechs Rennruderernadeln in Bronze f\u00fcr mindestens 15 Gesamtsiege zu verleihen gab. Diese erhielten Ole Bartenbach, Nicolas Bohn, David Martirosyan, Lutz Fiedler, Norbert Herbel und Ralf Mattil. Erfreut berichtete Claudia M\u00f6ssner, dass es gelungen ist gleich 5 neue Trainer C auszubilden und dass Trainer Martin G\u00e4rtner und Tim Lauer die Trainer-B-Lizenz erworben haben.<\/p>\n\n\n\n<p>Aufgrund der \u201ehohen Zahl an 40 Wanderfahrten, darunter 16 mehrt\u00e4gige\u201c konnte Dieter Daut gleich zehn Wanderruderabzeichen des Deutschen Ruderverbandes verleihen. Sandra V\u00f6geli, Martine Schraml, Thomas Maier, Wolfgang Hermann erhielten das Abzeichen zum ersten Mal. An der Spitze standen Dieter Daut (22. Erwerb), G\u00fcnter Schuff (17. Erwerb), Steffi Haase-Goos (9. Erwerb), Reinhold Eppel (6. Erwerb), Ingrid Kramer-Schneider und Andrea Vogel (je 4. Erwerb).<\/p>\n\n\n\n<p>Ingo Janz durfte sehr viele, dem Verein seit langem treue Mitglieder ehren: Norbert Herbel, Felix G\u00e4rtner, Stefan Kuntz und Michaela Orschiedt wurden f\u00fcr 15 Jahre aktive Mitgliedschaft mit der Silbernen Ehrennadel geehrt.<\/p>\n\n\n\n<p>ndreas Kopf, Matthias Kopf, Markus M\u00fcnch, Paul Schwager und Johannes Zimmermann traten 1994 in die RGS ein und erhielten die Goldene Ehrennadel f\u00fcr 25 aktive Jahre im Verein. Auf die Frage von Ingo Janz, wie er die ersten Jahre in der RGS erlebt habe, antwortete der 1994 geborene Paul Schwager: \u201eNicht bewusst, ich wurde an meinem ersten Lebenstag anl\u00e4sslich des Vereinsabends in die RGS eingetreten\u201c.\u00a0 Seit 40 Jahren unterst\u00fctzt Paul Sch\u00e4fer die RGS, daf\u00fcr gibt es ebenfalls die Goldene Ehrennadel. 40 Jahre aktiv \u00a0dabei sind Alex Wels und Martin G\u00e4rtner, daf\u00fcr gab es die Silberne Ehrenplakette. Nicht nur mit der RGS-Auszeichnung, sondern auch mit der \u201eDRV-Ehrennadel f\u00fcr 50 Jahre\u201c wurden anl\u00e4sslich 50-j\u00e4hriger unterst\u00fctzender Mitgliedschaft Karl-Heinz Kautz, Beate Wettling f\u00fcr die aktive Mitgliedschaft ausgezeichnet. Auf 60 Jahre Vereinszugeh\u00f6rigkeit blicken Hannelore Neubauer und Evi Kretz zur\u00fcck, sie traten 1959 in die RGS ein und erhielten aus der Hand des Vorsitzenden ein Extra-Dankesch\u00f6n. In einem kleinen Interview berichtete Evi Kretz der Versammlung \u00fcber das gesellschaftliche und sportliche Leben in den fr\u00fchen Jahren nach dem Eintritt.<\/p>\n\n\n\n<p>Zur Anpassung an insbesondere datenschutzrechtliche Vorschriften musste die RGS-Satzung \u00fcberarbeitet werden, dies geschah nach Erl\u00e4uterung und kurzer Aussprache einstimmig.<\/p>\n\n\n\n<p>Gerhard Kayser, Vorsitzender des Ehrenrates, stellte den Antrag den ehemaligen Ersten Vorsitzenden Klaus Oeder zum Ehrenmitglied zu ernennen. Nach der Laudatio durch den Ehrenvorsitzenden Alfred Zimmermann, der auf das jahrzehntelange Wirken von Klaus Oeder in der und f\u00fcr die RGS einging, gab es nur ein Votum: Die Mitglieder w\u00e4hlten Klaus Oeder unter gro\u00dfem Applaus einstimmig zum Ehrenmitglied. <\/p>\n\n\n\n<p>Nach der Verlesung des Berichts der Rechnungspr\u00fcfer durch Andreas Kabs, folgte ohne Gegenstimme die Entlastung des Vorstandes, verbunden mit viel Applaus und Dank f\u00fcr die immense Arbeit, die die\u00a0 RG Speyer stark vorangebracht hat. So war es auch nicht verwunderlich, dass die 90 anwesenden Mitglieder in Einzelabstimmung Ingo Janz als Ersten Vorsitzenden, Ralf Burkhardt als Vorsitzenden Verwaltung und Claudia M\u00f6ssner als Vorsitzende Sport allesamt mit 100% der abgegebenen Stimmen im Amt best\u00e4tigten. Einstimmig fiel auch die Wahl von Ottmar \u00a0G\u00e4rtner zum Rechnungspr\u00fcfer aus. Zum neuen Mitglied des Ehrenrates wurde f\u00fcr f\u00fcnf Jahre Angelika Schwager als Nachfolgerin von Trudel Wiemer einstimmig gew\u00e4hlt. Die harmonische Versammlung die den Vorstand im Amt best\u00e4tigte, endete mit einem\u00a0 kr\u00e4ftigen, dreifachen \u201eHipp-Hipp-Hurra\u201c.<\/p>\n\n\n\n<p><em>22.03.2019<\/em><\/p>\n\n\n\n<h2 class=\"wp-block-heading\">Tanzen:<\/h2>\n\n\n\n<h3 class=\"wp-block-heading\">TSC Gr\u00fcn-Gold Speyer: Bericht vom Wochenende<\/h3>\n\n\n\n<h4 class=\"wp-block-heading\">Treppchenpl\u00e4tze f\u00fcr den TSC Gr\u00fcn-Gold Speyer e.V. auf den &#8222;Katata`s&#8220;<\/h4>\n\n\n\n<div class=\"wp-block-image\"><figure class=\"aligncenter\"><img decoding=\"async\" loading=\"lazy\" width=\"479\" height=\"500\" src=\"https:\/\/speyer24news.com\/wp-content\/uploads\/2019\/03\/Gr\u00fcnGold-Speyer-eV.jpg\" alt=\"\" class=\"wp-image-10827\" srcset=\"https:\/\/speyer24news.com\/wp-content\/uploads\/2019\/03\/Gr\u00fcnGold-Speyer-eV.jpg 479w, https:\/\/speyer24news.com\/wp-content\/uploads\/2019\/03\/Gr\u00fcnGold-Speyer-eV-287x300.jpg 287w\" sizes=\"(max-width: 479px) 100vw, 479px\" \/><\/figure><\/div>\n\n\n\n<p><strong>Kaiserslautern \/ Speyer &#8211; <\/strong>Am letzten Samstag (16.03.2019) starteten unsere Speyerer Paare auf den  Turnieren der 22. Kaiserslauterer Tanzsporttage, den &#8222;KATATA&#8217;s&#8220;, welche  vom TC Rot-Wei\u00df Kaiserslautern e.V. verrichtet wurden.<\/p>\n\n\n\n<p>Den Anfang machten Stephan Tennhardt und Maritta Franz in der Senioren III D Standard-Klasse, wo sie den 2. Platz belegten.<\/p>\n\n\n\n<p>Sp\u00e4ter folgten Ralf Schmitt und Tynke Spoelstra, die in der Senioren III  A Standard-Klasse an den Start gingen. Obwohl die beiden erst seit Dezember 2018 gemeinsam Turniere bestreiten, haben sie bis heute schon \u00fcber 90 Punkte und alle Platzierungen in ihrer Klasse gesammelt; denn auch auf den KATATA&#8217;s schafften sie es, sich den 2. Platz und somit die  Letzte, der 8 n\u00f6tigen Platzierungen, zu ertanzen!<\/p>\n\n\n\n<p>TSC Gr\u00fcn-Gold Speyer e.V.<br>23.03.2019<\/p>\n","protected":false},"excerpt":{"rendered":"<div class=\"mh-excerpt\"><p>Rudern: RGS-Mitglieder best\u00e4tigen Vorstand einstimmig im Amt \u2013 Klaus Oeder neues Ehrenmitglied von Angelika Schwager Speyer \/ RGS &#8211; Die Mitgliederversammlung der Rudergesellschaft Speyer best\u00e4tigte die \u00a0neue F\u00fchrungsriege mit viel Lob und Applaus im Amt. <a class=\"mh-excerpt-more\" href=\"https:\/\/speyer24news.com\/?p=10825\" title=\"Sport\">[&#8230;]<\/a><\/p>\n<\/div>","protected":false},"author":3,"featured_media":0,"comment_status":"open","ping_status":"open","sticky":false,"template":"","format":"standard","meta":{"_monsterinsights_skip_tracking":false,"_monsterinsights_sitenote_active":false,"_monsterinsights_sitenote_note":"","_monsterinsights_sitenote_category":0,"footnotes":""},"categories":[339],"tags":[346,660,347,341,6,193,659,340,661],"aioseo_notices":[],"amp_enabled":true,"_links":{"self":[{"href":"https:\/\/speyer24news.com\/index.php?rest_route=\/wp\/v2\/posts\/10825"}],"collection":[{"href":"https:\/\/speyer24news.com\/index.php?rest_route=\/wp\/v2\/posts"}],"about":[{"href":"https:\/\/speyer24news.com\/index.php?rest_route=\/wp\/v2\/types\/post"}],"author":[{"embeddable":true,"href":"https:\/\/speyer24news.com\/index.php?rest_route=\/wp\/v2\/users\/3"}],"replies":[{"embeddable":true,"href":"https:\/\/speyer24news.com\/index.php?rest_route=%2Fwp%2Fv2%2Fcomments&post=10825"}],"version-history":[{"count":1,"href":"https:\/\/speyer24news.com\/index.php?rest_route=\/wp\/v2\/posts\/10825\/revisions"}],"predecessor-version":[{"id":10828,"href":"https:\/\/speyer24news.com\/index.php?rest_route=\/wp\/v2\/posts\/10825\/revisions\/10828"}],"wp:attachment":[{"href":"https:\/\/speyer24news.com\/index.php?rest_route=%2Fwp%2Fv2%2Fmedia&parent=10825"}],"wp:term":[{"taxonomy":"category","embeddable":true,"href":"https:\/\/speyer24news.com\/index.php?rest_route=%2Fwp%2Fv2%2Fcategories&post=10825"},{"taxonomy":"post_tag","embeddable":true,"href":"https:\/\/speyer24news.com\/index.php?rest_route=%2Fwp%2Fv2%2Ftags&post=10825"}],"curies":[{"name":"wp","href":"https:\/\/api.w.org\/{rel}","templated":true}]}}