{"id":10843,"date":"2019-03-23T08:51:46","date_gmt":"2019-03-23T07:51:46","guid":{"rendered":"https:\/\/speyer24news.com\/?p=10843"},"modified":"2019-06-13T16:12:44","modified_gmt":"2019-06-13T15:12:44","slug":"kommentar-zu-rechtsextremen-keinen-raum-geben","status":"publish","type":"post","link":"https:\/\/speyer24news.com\/?p=10843","title":{"rendered":"Kommentar zu &#8222;Rechtsextremen keinen Raum geben&#8220;"},"content":{"rendered":"<style type=\"text\/css\">\r\n\t.ads_top_disp{}\r\n\t.ads_top_corner_disp{ float:left; margin:0px 10px 10px 0px; }\r\n\t.ads_first_p_disp{}\r\n\t.ads_bottom_disp{}\r\n\t<\/style>\n<h2 class=\"wp-block-heading\">In der Wirtschaft sitzen gegen \u201eRechts\u201c!<\/h2>\n\n\n\n<h3 class=\"wp-block-heading\"><em>von M. Braun<\/em><\/h3>\n\n\n\n<h4 class=\"wp-block-heading\">Veranstaltung Naturfreundehaus Aktionstag \u201eRechtsextremen keinen Raum geben\u201c am Donnerstag, 21.M\u00e4rz 2019 im Naturfreundehaus.<\/h4>\n\n\n\n<div class=\"wp-block-image\"><figure class=\"aligncenter\"><img decoding=\"async\" loading=\"lazy\" width=\"800\" height=\"582\" src=\"https:\/\/speyer24news.com\/wp-content\/uploads\/2019\/03\/IMG-20190321-WA0040.jpg\" alt=\"\" class=\"wp-image-10844\" srcset=\"https:\/\/speyer24news.com\/wp-content\/uploads\/2019\/03\/IMG-20190321-WA0040.jpg 800w, https:\/\/speyer24news.com\/wp-content\/uploads\/2019\/03\/IMG-20190321-WA0040-300x218.jpg 300w, https:\/\/speyer24news.com\/wp-content\/uploads\/2019\/03\/IMG-20190321-WA0040-768x559.jpg 768w\" sizes=\"(max-width: 800px) 100vw, 800px\" \/><\/figure><\/div>\n\n\n\n<p>Um vier Uhr nachmittags bei strahlendem Fr\u00fchlingssonnenschein in einer Gastst\u00e4tte mit halb heruntergelassenen Vorh\u00e4ngen zu sitzen, um so \u201eFlagge gegen Rechts\u201c zu zeigen, das zeugt von Engagement f\u00fcr die Sache. Waaas? &nbsp;Im Naturschutz gibt es Rechtsextreme? Das war vermutlich auch vielen der &#8211; bleiben wir mal bei der Wahrheit &#8211; nicht mehr ganz jungen Naturfreunde neu.<\/p>\n\n\n\n<div class=\"wp-block-image\"><figure class=\"aligncenter\"><img decoding=\"async\" loading=\"lazy\" width=\"800\" height=\"515\" src=\"https:\/\/speyer24news.com\/wp-content\/uploads\/2019\/03\/IMG-20190321-WA0037.jpg\" alt=\"\" class=\"wp-image-10845\" srcset=\"https:\/\/speyer24news.com\/wp-content\/uploads\/2019\/03\/IMG-20190321-WA0037.jpg 800w, https:\/\/speyer24news.com\/wp-content\/uploads\/2019\/03\/IMG-20190321-WA0037-300x193.jpg 300w, https:\/\/speyer24news.com\/wp-content\/uploads\/2019\/03\/IMG-20190321-WA0037-768x494.jpg 768w\" sizes=\"(max-width: 800px) 100vw, 800px\" \/><\/figure><\/div>\n\n\n\n<p>Das erkl\u00e4rt vielleicht auch, warum der Saal um diese fr\u00fche Uhrzeit schon recht gut gef\u00fcllt war: als Rentner hat man ja durchaus Tagesfreizeit und freut sich vielleicht auch \u00fcber eine M\u00f6glichkeit, sich mit den \u201eNaturgenossen\u201c zu treffen und wenn\u00b4s dann auch noch Streicheleinheiten f\u00fcr das gute B\u00fcrgergewissen gibt \u2013 umso besser!<\/p>\n\n\n\n<p>Nach der Begr\u00fc\u00dfung und einigen warmen Worten von B\u00fcrgermeisterin Monika Kabs (CDU) ging es dann aber doch richtig zur Sache: da erfuhr man vom Referenten des Team \u201eFARN\u201c (Fachstelle Radikalisierungspr\u00e4vention und Engagement im Naturschutz) Entsetzliches \u00fcber die lange Tradition (auch das \u00fcbrigens ein Wort, das Rechte gerne verwenden, also: aufpassen!) des Naturschutzes schon seit der Zeit vor dem Zweiten Weltkrieg. <\/p>\n\n\n\n<div class=\"wp-block-image\"><figure class=\"aligncenter\"><img decoding=\"async\" loading=\"lazy\" width=\"800\" height=\"600\" src=\"https:\/\/speyer24news.com\/wp-content\/uploads\/2019\/03\/Cosplay_Speyer_VHS-19-1.jpg\" alt=\"\" class=\"wp-image-10846\" srcset=\"https:\/\/speyer24news.com\/wp-content\/uploads\/2019\/03\/Cosplay_Speyer_VHS-19-1.jpg 800w, https:\/\/speyer24news.com\/wp-content\/uploads\/2019\/03\/Cosplay_Speyer_VHS-19-1-300x225.jpg 300w, https:\/\/speyer24news.com\/wp-content\/uploads\/2019\/03\/Cosplay_Speyer_VHS-19-1-768x576.jpg 768w, https:\/\/speyer24news.com\/wp-content\/uploads\/2019\/03\/Cosplay_Speyer_VHS-19-1-678x509.jpg 678w, https:\/\/speyer24news.com\/wp-content\/uploads\/2019\/03\/Cosplay_Speyer_VHS-19-1-326x245.jpg 326w, https:\/\/speyer24news.com\/wp-content\/uploads\/2019\/03\/Cosplay_Speyer_VHS-19-1-80x60.jpg 80w\" sizes=\"(max-width: 800px) 100vw, 800px\" \/><figcaption> B\u00fcrgermeisterin Monika Kabs (CDU) bei ihrem Gru\u00dfwort<\/figcaption><\/figure><\/div>\n\n\n\n<p>Das Verbot des Sch\u00e4chtens beispielsweise wurde, wie der Referent ausf\u00fchrte von den Nationalsozialisten als Ma\u00dfnahme gegen die j\u00fcdische Bev\u00f6lkerung erlassen. Auch heute f\u00e4nde man die Forderung, das Sch\u00e4chten zu verbieten im Programm rechter Parteien. Es ginge nicht um den Tierschutz, vielmehr wolle man die Religionsaus\u00fcbung von Juden und Muslimen behindern. Manch ein Zuh\u00f6rer, der auch gegen dieses qualvolle Ausbluten lassen von Tieren Position beziehen w\u00fcrde, schreibt sich auf seine Ged\u00e4chtnisliste der verbotenen W\u00f6rter vielleicht in diesem Moment: \u201egegen Sch\u00e4chten \u2013 besser nicht laut sagen, weil Rechts\u201c. <\/p>\n\n\n\n<p>Alte Bekannte, so lie\u00df der Referent verlauten, seien unter neueren Erkenntnissen heute scharf zu verurteilen. Den Nobelpreistr\u00e4ger der Medizin Konrad Lorenz, vielen wohl bekannt als \u201eVater der Graug\u00e4nse\u201c, Vordenker der Verhaltensforschung stellte er als \u00fcblen Nazischergen dar, er habe in Konzentrationslagern Menschenversuche durchgef\u00fchrt. Viele der Zuh\u00f6rer hatten da wohl den bestialischen Lagerarzt Mengele vor Augen. Das waren nun doch neue Informationen, die man so noch nicht kannte. \u201eKann das denn wahr sein?\u201c fragte sich da so mancher Naturfreund wohl. Dass Konrad Lorenz sich bis zu seinem Tode nie wirklich vom Nationalsozialismus distanziert hat, ja Teil des Systems war, macht ihn gewiss zu einer sehr problematischen Figur in der Geschichte der Wissenschaft, ein Besuch in einem Konzentrationslager oder die Teilnahme an Menschenversuchen ist allerdings nicht recherchierbar. Aber das macht ja nichts, wenn es gegen \u201eRechts\u201c hilft. Konrad Lorenz war im \u00dcbrigen sp\u00e4ter eine Leitfigur der VG\u00d6 (Vereinte Gr\u00fcne \u00d6sterreichs), eine Vorg\u00e4ngerorganisation der Gr\u00fcnen in unserem Nachbarland. <\/p>\n\n\n\n<div class=\"wp-block-image\"><figure class=\"aligncenter\"><img decoding=\"async\" loading=\"lazy\" width=\"500\" height=\"666\" src=\"https:\/\/speyer24news.com\/wp-content\/uploads\/2019\/03\/IMG-20190321-WA0038.jpg\" alt=\"\" class=\"wp-image-10847\" srcset=\"https:\/\/speyer24news.com\/wp-content\/uploads\/2019\/03\/IMG-20190321-WA0038.jpg 500w, https:\/\/speyer24news.com\/wp-content\/uploads\/2019\/03\/IMG-20190321-WA0038-225x300.jpg 225w\" sizes=\"(max-width: 500px) 100vw, 500px\" \/><\/figure><\/div>\n\n\n\n<p>Auch \u00fcber Rudolf Steiner, den Vater der Walldorfschulen wird aufgekl\u00e4rt: seine anthroposophische Lehre sei \u201etief rassistisch\u201c. \u00dcber Werner und Ursula Haverbeck, Gr\u00fcnder der \u201eHeimvolkshochschule f\u00fcr Umwelt und Lebensschutz\u201c gelangte der Vortragende zu den heutigen \u201eBaustellen\u201c. Natur und Umwelt seien in der heutigen Zeit links besetzt, das \u00e4rgere die Rechten. <\/p>\n\n\n\n<p>Irgendwie\nh\u00f6rte es sich dann aber doch so an, als ob es eher die \u201eLinken\u201c \u00e4rgere, dass\ndie \u201eRechten\u201c mit Schlagw\u00f6rtern wie \u201eUmweltschutz ist Heimatschutz\u201c oder\n\u201eHeimat-Freiheit-Tradition\u201c durchaus Anklang in der Bev\u00f6lkerung finden, und das\nnicht erst seit gestern. <strong><\/strong><\/p>\n\n\n\n<p>In dieser langen \u201eTradition\u201c seinen nun die heutigen rechten Bestrebungen f\u00fcr den Naturschutz zu sehen. Da h\u00f6rte man vom Referenten, dass sich die \u201eNeue Rechte\u201c offenbar haupts\u00e4chlich aus niederen Beweggr\u00fcnden f\u00fcr den Natur- und Heimatschutz einsetzt, n\u00e4mlich um die Heimat als lebenswerten Raum f\u00fcr die dort ans\u00e4ssige Bev\u00f6lkerung zu bewahren. <\/p>\n\n\n\n<p>Schwierig offensichtlich, in diesen Tagen die Natur auf die \u201erichtige\u201c, also auf die \u201elinke\u201c Weise zu sch\u00fctzen. Seine Heimat zu lieben und bewahren zu wollen, \u00f6kologische Landwirtschaft, Plastik vermeiden, lokale Produzenten st\u00e4rken, ja sogar gegen Kernkraft zu sein, das alles kann, wenn man nicht h\u00f6llisch aufpasst als \u201eRechts\u201c ausgelegt werden. Und das kann man sich nun wirklich nicht leisten. <\/p>\n\n\n\n<p><strong>Also Vorsicht bei der Wahl der Aufkleber!<\/strong><\/p>\n\n\n\n<div class=\"wp-block-image\"><figure class=\"aligncenter\"><img decoding=\"async\" loading=\"lazy\" width=\"800\" height=\"541\" src=\"https:\/\/speyer24news.com\/wp-content\/uploads\/2019\/03\/IMG-20190321-WA0035.jpg\" alt=\"\" class=\"wp-image-10848\" srcset=\"https:\/\/speyer24news.com\/wp-content\/uploads\/2019\/03\/IMG-20190321-WA0035.jpg 800w, https:\/\/speyer24news.com\/wp-content\/uploads\/2019\/03\/IMG-20190321-WA0035-300x203.jpg 300w, https:\/\/speyer24news.com\/wp-content\/uploads\/2019\/03\/IMG-20190321-WA0035-768x519.jpg 768w\" sizes=\"(max-width: 800px) 100vw, 800px\" \/><figcaption>Eine Tafel f\u00fcr den &#8222;mutigen Kampf gegen Rechts&#8220; wurde an diesem Tag angebracht<\/figcaption><\/figure><\/div>\n\n\n\n<p>Die \u201eW\u00e4hlergruppe Schneider\u201c, scheinbar ein Beispiel f\u00fcr lokale \u201eRechte\u201c, bekam nun auch noch ihr Fett weg: die Teilnahme am \u201eDreck-Weg-Tag\u201c sei eine reine Propaganda-Aktion gewesen. \u201eW\u00e4hlergruppe hin oder her\u201c, denkt sich da vielleicht ein Zuschauer und kratzt sich am schon lichten Haupt: \u201eIst denn so eine Teilnahme als Partei oder Interessengruppe nicht immer auch Propaganda?\u201c <\/p>\n\n\n\n<p>Die anschlie\u00dfende Diskussion kam nicht zustande. Es gab genau eine Wortmeldung, die sich mit dem Dreck-Weg-Tag besch\u00e4ftigte und dass in Speyer trotz immerw\u00e4hrenden Aufr\u00e4umens die Verm\u00fcllung nicht abrei\u00dfe. Die zweite Anmerkung desselben Sprechers bezog sich auf die Abholzung von 80-100 B\u00e4umen im Hambacher Forst durch eben jene Aktivisten, die sich dort ihr Baumhauslager eingerichtet hatten. Nicht so ganz in Sinne der Naturfreunde, irgendwie.<\/p>\n\n\n\n<p>Mehr Wortmeldungen gab es nicht. Warum die angek\u00fcndigte Diskussion nicht zustande kam, dar\u00fcber kann man nur spekulieren. Vielleicht gibt es einfach keinen Diskussionsbedarf und alle Naturfreunde sind einer Meinung und stimmen dem Referenten v\u00f6llig zu? <\/p>\n\n\n\n<p>Das w\u00e4re ja supidupi! \u2013 &nbsp;K\u00f6nnte man meinen. <\/p>\n\n\n\n<p>Das w\u00e4re ja \u00fcbel, alle komplett auf Linie? DDR-Verh\u00e4ltnisse? &nbsp;\u2013 Ist das m\u00f6glich? Nein!<\/p>\n\n\n\n<p>Traut sich niemand was zu sagen, aus Angst anzuecken? \u2013 Das w\u00e4re ja schlimm!<\/p>\n\n\n\n<p>War der Vortrag zu lang und alle warteten schon auf die Musikbeitr\u00e4ge? \u2013 Na, hoffentlich nicht!<\/p>\n\n\n\n<p>Waren vielleicht Leute, die andere Meinungen haben k\u00f6nnten, gar nicht erw\u00fcnscht? \u2013 Das w\u00e4re ja schade, speziell f\u00fcr Leute, die sich Pluralismus und Vielfalt auf die Fahnen schreiben. <\/p>\n\n\n\n<p>Naja, wir wissen es nicht und werden es wohl nicht erfahren, oder doch?<\/p>\n\n\n\n<p><em>Foto: S24N, mah<br>23.03.2019<\/em><br><\/p>\n","protected":false},"excerpt":{"rendered":"<div class=\"mh-excerpt\"><p>In der Wirtschaft sitzen gegen \u201eRechts\u201c! von M. Braun Veranstaltung Naturfreundehaus Aktionstag \u201eRechtsextremen keinen Raum geben\u201c am Donnerstag, 21.M\u00e4rz 2019 im Naturfreundehaus. Um vier Uhr nachmittags bei strahlendem Fr\u00fchlingssonnenschein in einer Gastst\u00e4tte mit halb heruntergelassenen <a class=\"mh-excerpt-more\" href=\"https:\/\/speyer24news.com\/?p=10843\" title=\"Kommentar zu &#8222;Rechtsextremen keinen Raum geben&#8220;\">[&#8230;]<\/a><\/p>\n<\/div>","protected":false},"author":3,"featured_media":10848,"comment_status":"open","ping_status":"open","sticky":false,"template":"","format":"standard","meta":{"_monsterinsights_skip_tracking":false,"_monsterinsights_sitenote_active":false,"_monsterinsights_sitenote_note":"","_monsterinsights_sitenote_category":0,"footnotes":""},"categories":[9],"tags":[669,673,670,671,672,6,674],"aioseo_notices":[],"amp_enabled":true,"_links":{"self":[{"href":"https:\/\/speyer24news.com\/index.php?rest_route=\/wp\/v2\/posts\/10843"}],"collection":[{"href":"https:\/\/speyer24news.com\/index.php?rest_route=\/wp\/v2\/posts"}],"about":[{"href":"https:\/\/speyer24news.com\/index.php?rest_route=\/wp\/v2\/types\/post"}],"author":[{"embeddable":true,"href":"https:\/\/speyer24news.com\/index.php?rest_route=\/wp\/v2\/users\/3"}],"replies":[{"embeddable":true,"href":"https:\/\/speyer24news.com\/index.php?rest_route=%2Fwp%2Fv2%2Fcomments&post=10843"}],"version-history":[{"count":2,"href":"https:\/\/speyer24news.com\/index.php?rest_route=\/wp\/v2\/posts\/10843\/revisions"}],"predecessor-version":[{"id":14876,"href":"https:\/\/speyer24news.com\/index.php?rest_route=\/wp\/v2\/posts\/10843\/revisions\/14876"}],"wp:featuredmedia":[{"embeddable":true,"href":"https:\/\/speyer24news.com\/index.php?rest_route=\/wp\/v2\/media\/10848"}],"wp:attachment":[{"href":"https:\/\/speyer24news.com\/index.php?rest_route=%2Fwp%2Fv2%2Fmedia&parent=10843"}],"wp:term":[{"taxonomy":"category","embeddable":true,"href":"https:\/\/speyer24news.com\/index.php?rest_route=%2Fwp%2Fv2%2Fcategories&post=10843"},{"taxonomy":"post_tag","embeddable":true,"href":"https:\/\/speyer24news.com\/index.php?rest_route=%2Fwp%2Fv2%2Ftags&post=10843"}],"curies":[{"name":"wp","href":"https:\/\/api.w.org\/{rel}","templated":true}]}}