{"id":11231,"date":"2019-03-26T10:04:04","date_gmt":"2019-03-26T09:04:04","guid":{"rendered":"https:\/\/speyer24news.com\/?p=11231"},"modified":"2019-03-26T10:04:07","modified_gmt":"2019-03-26T09:04:07","slug":"germersheim-und-kreis-ger","status":"publish","type":"post","link":"https:\/\/speyer24news.com\/?p=11231","title":{"rendered":"Germersheim und Kreis GER:"},"content":{"rendered":"<style type=\"text\/css\">\r\n\t.ads_top_disp{}\r\n\t.ads_top_corner_disp{ float:left; margin:0px 10px 10px 0px; }\r\n\t.ads_first_p_disp{}\r\n\t.ads_bottom_disp{}\r\n\t<\/style>\n<h2 class=\"wp-block-heading\">Zu Gast bei der Eichenauer Heizelemente GmbH &amp; Co. KG in Hatzenb\u00fchl<\/h2>\n\n\n\n<h3 class=\"wp-block-heading\">Wirtschaftsf\u00f6rderung Landkreis Germersheim: Weitere Station der Betriebserkundungs-Tournee2019<\/h3>\n\n\n\n<div class=\"wp-block-image\"><figure class=\"aligncenter\"><img decoding=\"async\" loading=\"lazy\" width=\"800\" height=\"450\" src=\"https:\/\/speyer24news.com\/wp-content\/uploads\/2019\/03\/190312_Eichenauer-Lehrwerkstatt-v.jpg\" alt=\"\" class=\"wp-image-11251\" srcset=\"https:\/\/speyer24news.com\/wp-content\/uploads\/2019\/03\/190312_Eichenauer-Lehrwerkstatt-v.jpg 800w, https:\/\/speyer24news.com\/wp-content\/uploads\/2019\/03\/190312_Eichenauer-Lehrwerkstatt-v-300x169.jpg 300w, https:\/\/speyer24news.com\/wp-content\/uploads\/2019\/03\/190312_Eichenauer-Lehrwerkstatt-v-768x432.jpg 768w, https:\/\/speyer24news.com\/wp-content\/uploads\/2019\/03\/190312_Eichenauer-Lehrwerkstatt-v-678x381.jpg 678w\" sizes=\"(max-width: 800px) 100vw, 800px\" \/><figcaption>Ausbildungsleiter Holzinger mit Teilnehmern der Betriebserkundungs-Tournee. <\/figcaption><\/figure><\/div>\n\n\n\n<p><strong>Hatzenb\u00fchl \/ Eichenauer Heizelemte GmbH &amp; Co. KG &#8211; <\/strong>An die drei Stunden verbrachte eine 15-k\u00f6pfige Gruppe von Lehrern, Berufswahlkoordinatoren, Ausbildungspaten sowie von Fachkr\u00e4ften in der Berufsberatung und Jugendarbeit diese Woche bei der Eichenauer Heizelemente GmbH &amp; Co. KG. Auf dem Programm im Rahmen der Betriebserkundungs-Tournee stand zun\u00e4chst eine Vorstellung des Unternehmens, seiner Produkte sowie der Ausbildungsberufe. <\/p>\n\n\n\n<p>1925\ngegr\u00fcndet und heute als internationales Unternehmen erfolgreich, befindet sich\ndie Eichenauer Heizelemente GmbH &amp; Co. KG noch immer zu 100 % in\nFamilienbesitz. Als Technologief\u00fchrer im Bereich elektrischer Heiztechnik f\u00fcr\ndie Hausger\u00e4te- und Automobilindustrie ist Eichenauer dabei Spezialist f\u00fcr deren\nEntwicklung, Produktion und den Vertrieb. \u201eVon den weltweit 520 Mitarbeitern\nsind 280 im s\u00fcdpf\u00e4lzischen Hatzenb\u00fchl besch\u00e4ftigt\u201c, so Volker Bollinger,\nMitglied der Gesch\u00e4ftsleitung. <\/p>\n\n\n\n<p>Ausgebildet\nwird in den Berufen Industriekaufmann\/-frau, Verfahrensmechaniker\/-in f\u00fcr\nKunststoff- und Kautschuktechnik, Fachrichtung Formteile, Fachinformatiker\/-in\nFachrichtung Systemintegration, Fachkraft f\u00fcr Lagerlogistik sowie der bzw. die\nMaschinen- und Anlagenfahrer\/-in. \u00dcber sein Duales Studium BWL mit Fachrichtung\nIndustrial Management erz\u00e4hlte Student Felix Meyer: \u201eDass ich dabei in allen\nBereichen des Unternehmens eingesetzt und somit ganzheitlich ausgebildet werde,\nfinde ich besonders gut. Das Duale Studium kann ich als Alternative zum reinen\nStudium nur empfehlen.\u201c<\/p>\n\n\n\n<p>Nach\neinem Rundgang durch die Produktionsbereiche machte die Gruppe noch Station in\nder Lehrwerkstatt, wo Ausbildungsleiter Holzinger gewerblichen Auszubildenden Arbeitsschritte\nerkl\u00e4rte.<\/p>\n\n\n\n<p>\u201eNoten\nsind nicht alles, was z\u00e4hlt\u201c, erl\u00e4utert Personalerin Vanessa H\u00f6rt im Austausch\nmit den G\u00e4sten, \u201ewir achten auch sehr auf die soziale Kompetenz eines jeden\nBewerbers. Dazu sind eine ordentliche und vollst\u00e4ndige Bewerbungsmappe mit\neinem selbstgeschriebenen Anschreiben sehr wichtig, um die H\u00fcrde zum Vorstellungsgespr\u00e4ch\nnehmen zu k\u00f6nnen.\u201c \u201eEichenauer ist ein attraktiver Arbeitgeber und\nAusbildungsbetrieb\u201c, res\u00fcmiert Kreis-Wirtschaftsf\u00f6rderin Maria Farrenkopf:\n\u201eDaher bin ich sehr dankbar, dass die Betriebserkundungs-Tournee heute hier in\nHatzenb\u00fchl zu Gast sein durfte. Denn nur im direkten Austausch erfahren die\nFachkr\u00e4fte der Berufsberatung Genaueres \u00fcber den Recruiting-Prozess, die\nAusbildungsorganisation oder auch die besonderen zus\u00e4tzlichen Leistungen des\nUnternehmens und k\u00f6nnen dieses Wissen eins zu eins an ihre Sch\u00fcler und\nSch\u00fctzlinge weitergeben.\u201c<\/p>\n\n\n\n<h2 class=\"wp-block-heading\">Zeitweise Verlegung des Wertstoffhofes von Westheim nach Bellheim<\/h2>\n\n\n\n<h3 class=\"wp-block-heading\">Annahmebedingungen und \u00d6ffnungszeiten bleiben weitgehend gleich<\/h3>\n\n\n\n<div class=\"wp-block-image\"><figure class=\"aligncenter\"><img decoding=\"async\" loading=\"lazy\" width=\"800\" height=\"450\" src=\"https:\/\/speyer24news.com\/wp-content\/uploads\/2019\/03\/Wertstoffhof-Bellheim.jpg\" alt=\"\" class=\"wp-image-11250\" srcset=\"https:\/\/speyer24news.com\/wp-content\/uploads\/2019\/03\/Wertstoffhof-Bellheim.jpg 800w, https:\/\/speyer24news.com\/wp-content\/uploads\/2019\/03\/Wertstoffhof-Bellheim-300x169.jpg 300w, https:\/\/speyer24news.com\/wp-content\/uploads\/2019\/03\/Wertstoffhof-Bellheim-768x432.jpg 768w, https:\/\/speyer24news.com\/wp-content\/uploads\/2019\/03\/Wertstoffhof-Bellheim-678x381.jpg 678w\" sizes=\"(max-width: 800px) 100vw, 800px\" \/><\/figure><\/div>\n\n\n\n<p><strong>Westheim \/ Bellheim &#8211;<\/strong> Der Wertstoffhof Westheim wird nach Auskunft der Kreisverwaltung Germersheim ab 1. April 2019 f\u00fcr einen l\u00e4ngeren Zeitraum nach Bellheim verlegt. Anlieferer finden ihn zuk\u00fcnftig im Bellheimer Gewerbegebiet Nord-Ost. Diese Regelung gilt solange, bis in Westheim ein neuer Wertstoffhof errichtet wird, also voraussichtlich die gesamten Jahre 2019 und 2020.<\/p>\n\n\n\n<p>Notwendig wurde die Verlegung, weil\nim Rahmen der Bauma\u00dfnahmen f\u00fcr die neue Verg\u00e4rungsanlage am Standort Westheim\nweitere Fl\u00e4chen ben\u00f6tigt wurden. Bereits seit Ende vergangenen Jahres findet\ndort ein reger Baustellenverkehr statt. \u201eAn einer solchen Baustelle ist ein\ngeregelter und sicherer Betrieb des Wertstoffhofes nicht mehr zu gew\u00e4hrleisten.\nF\u00fcr die Sicherheit aller Anlieferer wird deshalb der Standort vor\u00fcbergehend\nverlegt\u201c, so Landrat Dr. Brechtel.<\/p>\n\n\n\n<p>Am Ausweich-Wertstoffhof Bellheim\ngelten \u2013 mit einer Ausnahme \u2013 die gleichen Annahmebedingungen wie bisher in\nWestheim. Auch die \u00d6ffnungszeiten bleiben gleich: Montag bis Freitag von 8 bis\n12 Uhr und von 12.45 bis 16.15 Uhr, Samstag von 8 bis 12.45 Uhr. Einzige\n\u00c4nderung in den Annahmebedingungen: In Bellheim k\u00f6nnen gr\u00f6\u00dfere Mengen an\nsperrigen Gr\u00fcnabf\u00e4llen aus Platzgr\u00fcnden nicht angenommen werden. Dies bedeutet,\ndass sperrige Gr\u00fcnabf\u00e4lle ab einer Menge \u00fcber zwei Kubikmeter weiterhin am\nbisherigen Wertstoffhof in Westheim anzuliefern sind. Die \u00d6ffnungszeiten dort\nsind: Montag bis Freitag von 8 bis 12 Uhr und von 12.45 bis 16.15 Uhr, Samstag\nvon 8 bis 12.45 Uhr.<\/p>\n\n\n\n<p>Landrat Dr. Brechtel bittet die B\u00fcrger um Verst\u00e4ndnis, f\u00fcr die vor\u00fcbergehende Verlegung des Wertstoffhofes nach Bellheim. Der Wertstoffhof Bellheim befindet sich im Gewerbegebiet Nord-Ost, ganz in der N\u00e4he der Superm\u00e4rkte Aldi und Lidl. Wer \u00fcber die B9 anf\u00e4hrt, erreicht den Interims-Standort am besten \u00fcber die Ausfahrt Bellheim-Nord. Die Adresse des Wertstoffhofes in Bellheim ist: Waldst\u00fcckerring 45 in 76756 Bellheim, Tel.07274\/70290. <\/p>\n\n\n\n<p><em>Kreisverwaltung Germersheim<br>26.03.2019<\/em><\/p>\n\n\n\n<h2 class=\"wp-block-heading\">Kindertagespflegepersonen gesucht<\/h2>\n\n\n\n<p><strong>Landkreis Germersheim &#8211; <\/strong>Kinder zu betreuen, sie in ihrer Entwicklung zu unterst\u00fctzen und zu f\u00f6rdern, kann eine sehr sch\u00f6ne und erf\u00fcllende Aufgabe sein. Da die Nachfrage nach einem passenden Betreuungsplatz f\u00fcr Kinder unter zwei Jahren und f\u00fcr eine Betreuung in Randzeiten immer gr\u00f6\u00dfer wird, sucht das Kreisjugendamt Germersheim nach geeigneten Kindertagespflegepersonen. Vor allem im s\u00fcdlichen Teil des Landkreises (Bereich der Verbandsgemeinden Hagenbach, Jockgrim und Kandel sowie in der Stadt W\u00f6rth) steigt der Bedarf. Wenn Sie Freude an der Arbeit mit Kindern haben, diese f\u00f6rdern wollen und eine vertrauensvolle Zusammenarbeit mit Eltern und Fachberatungen w\u00fcnschen, ausreichend Zeit und Platz sowie Organisationstalent mitbringen, k\u00f6nnte dies genau das Richtige f\u00fcr Sie sein. <\/p>\n\n\n\n<p>Das Jugendamt\nGermersheim bietet in Kooperation mit dem Haus der Familie (Evangelische\nFamilienbildungsst\u00e4tte, Landau) eine Qualifizierung\nzur Kindertagespflegeperson an. Der n\u00e4chste Kurs startet im August 2019.\nF\u00fcr eine unverbindliche Beratung d\u00fcrfen Sie sich gerne an die Fachberatung\nKindertagespflege des Kreisjugendamtes Germersheim wenden.<\/p>\n\n\n\n<p>Ansprechpartnerinnen sind hier: Manuela Kn\u00e4b, Katja von der Au und Stefanie M\u00fcller, Tel. 07274\/53-491, E-Mail: <a href=\"mailto:m.knaeb@kreis-germersheim.de\">m.knaeb@kreis-germersheim.de<\/a>; <a href=\"mailto:k.vonderau@kreis-germersheim.de\">k.vonderau@kreis-germersheim.de<\/a>; <a href=\"mailto:st.mueller@kreis-germersheim.de\">st.mueller@kreis-germersheim.de<\/a><\/p>\n\n\n\n<p><em>Kreisverwaltung Germersheim<br>26.03.2019<\/em><\/p>\n\n\n\n<h2 class=\"wp-block-heading\">Siegerehrung f\u00fcr zukunftsweisendes Projekt<\/h2>\n\n\n\n<h3 class=\"wp-block-heading\">Landrat er\u00f6ffnet Ausstellung zum Realisierungswettbewerb f\u00fcr Neubau des Kreishauses <\/h3>\n\n\n\n<div class=\"wp-block-image\"><figure class=\"aligncenter\"><img decoding=\"async\" loading=\"lazy\" width=\"800\" height=\"526\" src=\"https:\/\/speyer24news.com\/wp-content\/uploads\/2019\/03\/Landrat-und-Sieger.jpg\" alt=\"\" class=\"wp-image-11246\" srcset=\"https:\/\/speyer24news.com\/wp-content\/uploads\/2019\/03\/Landrat-und-Sieger.jpg 800w, https:\/\/speyer24news.com\/wp-content\/uploads\/2019\/03\/Landrat-und-Sieger-300x197.jpg 300w, https:\/\/speyer24news.com\/wp-content\/uploads\/2019\/03\/Landrat-und-Sieger-768x505.jpg 768w\" sizes=\"(max-width: 800px) 100vw, 800px\" \/><figcaption>Die Sieger von  K9 Architekten GmbH mit Landrat Fritz Brechtel<\/figcaption><\/figure><\/div>\n\n\n\n<p><strong>Germersheim \/ Deutsches Stra\u00dfenmuseum &#8211; <\/strong>Die Sieger des europaweit ausgeschriebenen Realisierungswettbewerbs \u201eKreishaus in Germersheim\u201c stehen fest. Im Rahmen der Ausstellungser\u00f6ffnung im Deutschen Stra\u00dfenmuseum, Zeughausstra\u00dfe, Germersheim, hat Landrat Dr. Fritz Brechtel jetzt die drei Preise und zwei Anerkennungen an die Preistr\u00e4ger verliehen.<\/p>\n\n\n\n<div class=\"wp-block-image\"><figure class=\"aligncenter\"><img decoding=\"async\" loading=\"lazy\" width=\"500\" height=\"824\" src=\"https:\/\/speyer24news.com\/wp-content\/uploads\/2019\/03\/Das-Siegermodell.jpg\" alt=\"\" class=\"wp-image-11247\" srcset=\"https:\/\/speyer24news.com\/wp-content\/uploads\/2019\/03\/Das-Siegermodell.jpg 500w, https:\/\/speyer24news.com\/wp-content\/uploads\/2019\/03\/Das-Siegermodell-182x300.jpg 182w\" sizes=\"(max-width: 500px) 100vw, 500px\" \/><figcaption>Das Siegermodell<\/figcaption><\/figure><\/div>\n\n\n\n<p>Insgesamt haben\nsich 19 B\u00fcros am Wettbewerb beteiligt. <\/p>\n\n\n\n<p>Die Jury unter Vorsitz von Herrn Prof. Bredow war beeindruckt von den vielf\u00e4ltigen L\u00f6sungsm\u00f6glichkeiten und der Qualit\u00e4t der vorgelegten Entw\u00fcrfe, dieses zukunftsweisende Projekt zu gestalten. Der jetzt ausgew\u00e4hlte Siegerentwurf setzt sich hervorragend mit der Wettbewerbsaufgabe auseinander, einen Geb\u00e4udekomplex zu entwerfen, der funktionale, planerische und st\u00e4dtebauliche Anforderungen erf\u00fcllt und bezahlbar bleibt. Organisation und Verfahren des Realisierungswettbewerbs oblag Hille Architekten + Stadtplaner BDA, Ingelheim. <\/p>\n\n\n\n<div class=\"wp-block-image\"><figure class=\"alignleft is-resized\"><img decoding=\"async\" loading=\"lazy\" src=\"https:\/\/speyer24news.com\/wp-content\/uploads\/2019\/03\/Siegerentwurf-Lageplan.jpg\" alt=\"\" class=\"wp-image-11248\" width=\"348\" height=\"384\" srcset=\"https:\/\/speyer24news.com\/wp-content\/uploads\/2019\/03\/Siegerentwurf-Lageplan.jpg 500w, https:\/\/speyer24news.com\/wp-content\/uploads\/2019\/03\/Siegerentwurf-Lageplan-272x300.jpg 272w\" sizes=\"(max-width: 348px) 100vw, 348px\" \/><\/figure><\/div>\n\n\n\n<p>Die Jury hat die Entw\u00fcrfe unter verschiedenen\nGesichtspunkten bewertet und nach intensiver Pr\u00fcfung die Preistr\u00e4ger einstimmig\ngek\u00fcrt. Die Jury\nvergab den ersten Preis an den Entwurf der B\u00fcros K9 Architekten GmbH mit\nfaktorgruen Partnergesellschaft aus Freiburg. Der zweite Preis geht an Wandel\nLorch Architekten, Frankfurt mit Weidinger Landschaftsarchitekten, Berlin, der\ndritte Preis an G\u00fcnter Hermann Architekten, Stuttgart mit Siegmund und Winz\nLandschaftsarchitekten, Balingen. Die beiden Anerkennungen erhielten Assem\nArchitekten BDA, Karlsruhe mit Ramthun Landschaftsarchitektur, Baden-Baden\nsowie Gerber Architekten GmbH, Dortmund.<\/p>\n\n\n\n<p>Der\nSiegerentwurf f\u00fcgt sich wie selbstverst\u00e4ndlich mit einem 3 bis 4-geschossigen\nGeb\u00e4udeensemble in die st\u00e4dtebauliche Situation ein. Das Raumprogramm wird auf\nmehrere eigenst\u00e4ndige Geb\u00e4udeteile aufgeteilt, die auch ohne Ideenteil sowohl\nr\u00e4umlich als auch st\u00e4dtebaulich funktionieren. Das denkmalgesch\u00fctzte ehemalige\nOffiziersgeb\u00e4ude wird im Osten auf unpr\u00e4tenti\u00f6se Weise angebaut, die\ndenkmalgesch\u00fctzte Mauer wird freigestellt und die Verbindung zum r\u00fcckw\u00e4rtigen\nGeb\u00e4ude positiv herausgearbeitet. Das Gesundheitsamt ist als eigener Bau im\nNorden geplant. Durch den Ideenteil werden die Bestandteile zu einem\nharmonischen Gesamtbild zusammengef\u00fcgt. <\/p>\n\n\n\n<p>Der\nFlussraum der Queich wird renaturiert und aufgeweitet. Zwischen den\nGeb\u00e4udefl\u00fcgeln entstehen U-f\u00f6rmige, gerahmte Gr\u00fcnh\u00f6fe, die differenziert\nausgestaltet sind. Der Zugang zum neuen Kreishaus erfolgt direkt vom\nLuitpoldplatz in eine angemessene repr\u00e4sentative und lichtdurchflutete\nGeb\u00e4udemitte mit Bezug zum \u201eFlusshof\u201c und zum \u201eOffiziershof\u201c. Ein Caf\u00e9 erf\u00fcllt\ndie Scharnierfunktion zwischen Luitpoldplatz und Geb\u00e4ude. Die Orientierung im\nInnern des Geb\u00e4udes f\u00e4llt durch die Eingangshalle als Verteiler sehr leicht. Es\nentstehen attraktive Arbeitspl\u00e4tze nach modernstem Stand der Technik. Die Flure\nsind unterschiedlich gestaltet und bieten definierte Warte- und\nKommunikationsbereiche. Alle R\u00e4ume sind barrierefrei gut angebunden. <\/p>\n\n\n\n<p>Die Materialien und Proportionen der Neubaufassade korrespondiert hervorragend mit dem denkmalgesch\u00fctzten Bestand. Die Neubaufassaden sind von einer zeitlosen Eleganz und erm\u00f6glichen durch die Rasterung eine flexible Raumeinteilung der dahinterliegenden Raumschicht. <\/p>\n\n\n\n<div class=\"wp-block-image\"><figure class=\"aligncenter\"><img decoding=\"async\" loading=\"lazy\" width=\"800\" height=\"630\" src=\"https:\/\/speyer24news.com\/wp-content\/uploads\/2019\/03\/Siegerentwurf-Fassade.jpg\" alt=\"\" class=\"wp-image-11249\" srcset=\"https:\/\/speyer24news.com\/wp-content\/uploads\/2019\/03\/Siegerentwurf-Fassade.jpg 800w, https:\/\/speyer24news.com\/wp-content\/uploads\/2019\/03\/Siegerentwurf-Fassade-300x236.jpg 300w, https:\/\/speyer24news.com\/wp-content\/uploads\/2019\/03\/Siegerentwurf-Fassade-768x605.jpg 768w\" sizes=\"(max-width: 800px) 100vw, 800px\" \/><\/figure><\/div>\n\n\n\n<p>\u201eDer\nWettbewerbssieger hat aufgrund der selbstverst\u00e4ndlichen st\u00e4dtebaulichen\nEinf\u00fcgung, der guten inneren Funktionalit\u00e4t in Verbindung mit einer hohen\nAufenthaltsqualit\u00e4t sowie einer angemessenen und zeitlosen Architektursprache\neinen hervorragenden Beitrag zur komplexen Aufgabenstellung gemacht, was sich\nauch in der einstimmigen Preisgerichtsempfehlung widerspiegelt\u201c, lobte Landrat\nBrechtel das Ergebnis des Realisierungswettbewerbs. <\/p>\n\n\n\n<p>Die Entw\u00fcrfe,\nteils in Form von Pl\u00e4nen, teils als Modell, werden nun in einer <strong>Ausstellung im DeutschenStra\u00dfenmuseum bis\neinschlie\u00dflich 31. M\u00e4rz<\/strong> zu den \u00d6ffnungszeiten des Museum, Dienstag bis Freitag von 10 bis 18\nUhr sowie Samstag und Sonntag, von 11 bis 18 Uhr gezeigt. Alle Interessierten sind\neingeladen, die Ausstellung zu besuchen.<\/p>\n\n\n\n<p><strong>Preistr\u00e4ger Realisierungswettbewerb\n\u201eNeubau Kreishaus\u201c<\/strong><\/p>\n\n\n\n<p><strong>1. Preis<\/strong> K9 Architekten GmbH, Freiburg, mit\nfaktorgruen Partnerschaftsgesellschaft mbB, Freiburg, Mitarbeiter: Isaac\nCastro, Bogdan Shevchenko <\/p>\n\n\n\n<p><strong>2. Preis<\/strong> Wandel Lorch Architekten,\nFrankfurt, mit Weidinger Landschaftsarchitekten, Berlin, Mitarbeiter: Dana\nPretzsch, Tianze Yu, Marcel M\u00fcller,&nbsp; Ann-Sophie Glenz Berater: TSB\nIngenieure, Darmstadt (Brandschutz) <\/p>\n\n\n\n<p><strong>3. Preis<\/strong> G\u00fcnter Hermann Architekten,\nStuttgart, mit Siegmund und Winz Landschaftsarchitekten, Balingen, Mitarbeiter:\nSandra Polzer, Regina Stolz, Holger Winz <\/p>\n\n\n\n<p><strong>Anerkennung<\/strong> Assem Architekten BDA, Karlsruhe\nmit Ramthun Landschaftsarchitektur, Baden-Baden Mitarbeiter: Laura M\u00fcller,\nAlexander Koropenko, Sophie Hartmann, Bernhard Eggert, Eyleen Lorenzen <\/p>\n\n\n\n<p><strong>Anerkennung<\/strong>\u00a0 Gerber Architekten GmbH, Dortmund Mitarbeiter: Gesche Gerber, Anastasiia Lytvyniuk,\u00a0 Tim<\/p>\n\n\n\n<p><em>Kreisverwaltung Germersheim<br>26.03.2019<\/em><\/p>\n\n\n\n<h2 class=\"wp-block-heading\">IGS W\u00f6rth \u2013 Vorreiter in Sachen Klimaschutz<\/h2>\n\n\n\n<h3 class=\"wp-block-heading\">Landrat \u00fcberreicht 1000 Euro als Anerkennung<\/h3>\n\n\n\n<div class=\"wp-block-image\"><figure class=\"aligncenter\"><img decoding=\"async\" loading=\"lazy\" width=\"800\" height=\"533\" src=\"https:\/\/speyer24news.com\/wp-content\/uploads\/2019\/03\/IGS-W\u00f6rth-Scheck\u00fcbergabe-Schulleiter-Engel-und-Landrat-Brechtel.jpg\" alt=\"\" class=\"wp-image-11243\" srcset=\"https:\/\/speyer24news.com\/wp-content\/uploads\/2019\/03\/IGS-W\u00f6rth-Scheck\u00fcbergabe-Schulleiter-Engel-und-Landrat-Brechtel.jpg 800w, https:\/\/speyer24news.com\/wp-content\/uploads\/2019\/03\/IGS-W\u00f6rth-Scheck\u00fcbergabe-Schulleiter-Engel-und-Landrat-Brechtel-300x200.jpg 300w, https:\/\/speyer24news.com\/wp-content\/uploads\/2019\/03\/IGS-W\u00f6rth-Scheck\u00fcbergabe-Schulleiter-Engel-und-Landrat-Brechtel-768x512.jpg 768w\" sizes=\"(max-width: 800px) 100vw, 800px\" \/><figcaption>IGS W\u00f6rth Scheck\u00fcbergabe Schulleiter Engel und Landrat Brechtel<\/figcaption><\/figure><\/div>\n\n\n\n<p><strong>W\u00f6rth \/ IGS &#8211; <\/strong>\u201eDie Sch\u00fclerinnen und Sch\u00fcler der IGS W\u00f6rth haben zusammen mit ihren Lehrern und Hausmeistern ein deutliches Zeichen f\u00fcr den Klimaschutz gesetzt. Sie haben Ideen umgesetzt, haben aktiv an wichtigen Stellen angesetzt und es so zu einer bundesweiten Anerkennung geschafft. Das ist f\u00fcr die Schule ein toller Erfolg und f\u00fcr unsere Umwelt ein eigentlich unbezahlbarere Gewinn. Danke f\u00fcr euren Einsatz, danke f\u00fcr die Unterst\u00fctzung, die euch die Schule f\u00fcr dieses Thema zukommen l\u00e4sst\u201c, sagte Landrat Dr. Fritz Brechtel bei einem Besuch der IGS heute, Mittwoch, 20. M\u00e4rz, und \u00fcberreicht seitens des Landkreises einen Scheck \u00fcber 1000 Euro an Schulleiter J\u00f6rg Engel. Der Betrag wird von der Schule wiederum f\u00fcr Aktivit\u00e4ten in Sachen Umweltschutz eingesetzt.<\/p>\n\n\n\n<div class=\"wp-block-image\"><figure class=\"aligncenter\"><img decoding=\"async\" loading=\"lazy\" width=\"800\" height=\"533\" src=\"https:\/\/speyer24news.com\/wp-content\/uploads\/2019\/03\/IGS-W\u00f6rth-fifty-fifty-Projekt.jpg\" alt=\"\" class=\"wp-image-11244\" srcset=\"https:\/\/speyer24news.com\/wp-content\/uploads\/2019\/03\/IGS-W\u00f6rth-fifty-fifty-Projekt.jpg 800w, https:\/\/speyer24news.com\/wp-content\/uploads\/2019\/03\/IGS-W\u00f6rth-fifty-fifty-Projekt-300x200.jpg 300w, https:\/\/speyer24news.com\/wp-content\/uploads\/2019\/03\/IGS-W\u00f6rth-fifty-fifty-Projekt-768x512.jpg 768w\" sizes=\"(max-width: 800px) 100vw, 800px\" \/><figcaption>IGS W\u00f6rth fifty-fifty-Projekt<\/figcaption><\/figure><\/div>\n\n\n\n<p>Seit mehr als 15 Jahren engagiert sich die Schule im Klimaschutz aktiv und hat seitdem zahlreiche. Klimaschutz- und Energiesparma\u00dfnahmen umgesetzt. Jetzt geh\u00f6rt sie zu den f\u00fcnf Gewinnern eines Hauptpreises von 10.000 Euro beim Deutschen Klimapreis der Allianz Umweltstiftung 2019. Besonders lobte die Jury die 2018 durchgef\u00fchrten Projekttage zur Nachhaltigkeit, bei denen die verschiedenen Klassenstufen unterschiedliche Umwelt- und Klimaschutzthemen aufbereiteten und diese dann mit Infost\u00e4nden und Mitmachaktionen auf einem \u201eMarktplatz der nachhaltigen M\u00f6glichkeiten\u201c der \u00d6ffentlichkeit pr\u00e4sentierten. Die Preisverleihung findet am 17.Mai im Allianz Forum am Pariser Platz in Berlin statt. Vormittags sind die Siegerteams im Bundeskanzleramt zu Gast. <\/p>\n\n\n\n<div class=\"wp-block-image\"><figure class=\"aligncenter\"><img decoding=\"async\" loading=\"lazy\" width=\"800\" height=\"530\" src=\"https:\/\/speyer24news.com\/wp-content\/uploads\/2019\/03\/IGS-W\u00f6rth-IGS-Trinkflaschen.jpg\" alt=\"\" class=\"wp-image-11245\" srcset=\"https:\/\/speyer24news.com\/wp-content\/uploads\/2019\/03\/IGS-W\u00f6rth-IGS-Trinkflaschen.jpg 800w, https:\/\/speyer24news.com\/wp-content\/uploads\/2019\/03\/IGS-W\u00f6rth-IGS-Trinkflaschen-300x199.jpg 300w, https:\/\/speyer24news.com\/wp-content\/uploads\/2019\/03\/IGS-W\u00f6rth-IGS-Trinkflaschen-768x509.jpg 768w\" sizes=\"(max-width: 800px) 100vw, 800px\" \/><figcaption>IGS W\u00f6rth IGS Trinkflaschen<\/figcaption><\/figure><\/div>\n\n\n\n<p>Sch\u00fclerinnen und Sch\u00fcler berichteten jetzt Landrat Brechtel, Schuldezernent Christoph Buttweiler, B\u00fcrgermeister Dennis Nitsche und Mitarbeitern der Kreisverwaltung von ihren umgesetzten Ideen, ihren Projekten und Vorhaben. \u201eModern, kreativ und kurzweilig pr\u00e4sentierten sich Sch\u00fcler und Schule\u201c, freute sich Landrat Brechtel, \u201eGerade das sehr nachhaltige Energiemanagement der Schule, welches von Lehrern und Sch\u00fclern gelebt wird, wirkt sich sehr positiv aus und zeigt sich auch in den Ergebnissen des fifty-fifty-Projektes, das die Kreisverwaltung f\u00fcr alle Schulen anbietet. Die Schule verfolgt viele Themen mit viel Herzblut und Engagement. Danke f\u00fcr dieses anpackende Zeichen f\u00fcr den Klimaschutz und unsere Zukunft!\u201c Mit dem Deutschen Klimapreis will die Allianz Umweltstiftung das aktive Klimaschutz-Engagement von Schulen auszeichnen. Er wird j\u00e4hrlich verliehen und soll Sch\u00fcler wie Lehrer dazu motivieren, sich dem wichtigen Thema Klimaschutz mit Freude und positivem Engagement zu widmen. 100 Teams an dem mit 65.000 Euro dotierten Schulwettbewerb teil. Aus allen Einsendungen schafften es 20 Beitr\u00e4ge in die Endrunde. Die Wettbewerbsjury ermittelte daraus die Gewinner der f\u00fcnf jeweils mit 10.000 Euro dotierten Hauptpreise. Die anderen 15 erhalten einen Anerkennungspreis von 1.000 Euro. <\/p>\n\n\n\n<p><em>Kreisverwaltung Germersheim<br>26.03.2019<\/em><\/p>\n\n\n\n<h2 class=\"wp-block-heading\">Veranstaltungen der Kreisvolkshochschule Germersheim<\/h2>\n\n\n\n<div class=\"wp-block-image\"><figure class=\"aligncenter\"><img decoding=\"async\" src=\"https:\/\/speyer24news.com\/wp-content\/uploads\/2019\/03\/VHS-2.png\" alt=\"\" class=\"wp-image-11242\"\/><\/figure><\/div>\n\n\n\n<p>Es wird darauf hingewiesen, dass zu\nallen nachstehend aufgef\u00fchrten Kursen und Vortr\u00e4gen eine<strong> Anmeldung unbedingt erforderlich <\/strong>ist. Kontaktadressen sind\nam Ende des Textes zu finden.<\/p>\n\n\n\n<p><strong>2019kv009 und\n2019kv010<\/strong><\/p>\n\n\n\n<p><strong>\u201eEinb\u00fcrgerungstest, Termin 9 am Vormittag und Termin 10\nam Nachmittag-\u201c &#8211; Test mit Karin Tr\u00e4ber:<\/strong> Germersheim,\nRitter-von-Schmau\u00df-Str.\/Ecke Paradeplatz,\nSeminarraum 1 der KVHS Gesch\u00e4ftsstelle.\nBeginn: Montag, 06. Mai&nbsp; 2019, Termin 9\num 10:00 Uhr, Termin 10 um 15:00 Uhr, Dauer: 60 Minuten, Kosten: 25,00 Euro\/Person. <strong>Anmeldeschluss: 05. April 2019.<\/strong><\/p>\n\n\n\n<p><strong>2<\/strong><strong>019kv029<\/strong><strong><\/strong><\/p>\n\n\n\n<p><strong>\u201e\u00dcberversichert?\n&#8211; Unterversichert? &#8211; Geld verschenkt! &#8211; Vortrag B\u201c &#8211; <\/strong>mit<strong> Andrea Kalt:<\/strong> Germersheim, August-Keiler-Str.\n34, Goethe-Gymnasium, Ostbau, EG, Saal\n082. Termin: Montag, 15.04.2019 von 19:00 &#8211; 21:15 Uhr. Kosten: 10\nEuro\/Person.<\/p>\n\n\n\n<p><strong>2019kv164<\/strong><strong><\/strong><\/p>\n\n\n\n<p><strong>\u201eXpert\nBusiness &#8211; Computerschreiben &#8211; Kurs B\u201c &#8211; <\/strong>&nbsp;mit<strong> Silke Bentz:<\/strong> Germersheim, Ritter-von-Schmau\u00df-Str.\/Ecke\nParadeplatz, EDV-Raum in der KVHS\nGesch\u00e4ftsstelle. Beginn: Montag, 29.04.2019, 17:00\n&#8211; 19:15 Uhr. Dauer: 7 Termine,\nKosten: 66,15 Euro\/Person.<\/p>\n\n\n\n<p><strong>2019kv145<\/strong><strong><\/strong><\/p>\n\n\n\n<p><strong>\u201eSpanisch\n&#8211; `praktisches Lernen &#8211; aprendizaje activo\u00b4 &#8211; Kurs C\u201c &#8211; <\/strong>mit<strong> Norman Gomez-Hern\u00e1ndez:<\/strong> Germersheim, August-Keiler-Str.\n34, Goethe-Gymnasium, Ostbau, EG, Saal\n084. Beginn: Donnerstag, 02.05.2019, 18:00\n&#8211; 19:30 Uhr. Dauer: 7 Termine,\nKosten: 35 Euro\/Person.<\/p>\n\n\n\n<p><strong>2019kv087<\/strong><strong><\/strong><\/p>\n\n\n\n<p><strong>\u201eFeldenkraismethode\u00ae\n&#8211; Kurs B\u201c &#8211; <\/strong>mit<strong> Katharina\nGayer:<\/strong> Germersheim, Ritter-von-Schmau\u00df-Str.\/Ecke Paradeplatz, Seiteneingang der Berufsbildende Schule, EG, Saal E 06.\nBeginn: Samstag, 04.05.2019, 10:00 &#8211; 16:30 Uhr. Dauer: 1 Termin, Kosten: 40\nEuro\/Person.<\/p>\n\n\n\n<p>Eine <strong>Anmeldung<\/strong>\nist zu allen Veranstaltungen zwingend <strong>erforderlich<\/strong>\nbei der Gesch\u00e4ftsstelle der Kreisvolkshochschule Germersheim, Telefon\n07274-53334 oder -53382, E-Mail: <a href=\"mailto:vhs@kreis-germersheim.de\">vhs@kreis-germersheim.de<\/a> oder online \u00fcber ein Buchungsformular auf der Homepage\nunter www.kreis-germersheim.de\/kvhs.<\/p>\n\n\n\n<p><strong>Bitte beachten Sie unsere\n\u00d6ffnungszeiten:<\/strong><\/p>\n\n\n\n<p>Montag\nbis Freitag: 08:30 bis 12:00 Uhr, Dienstag: 13:30 bis 16:00 Uhr, Donnerstag:\n13:30 bis 18:00 Uhr, <\/p>\n\n\n\n<p>Annahmeschluss: jeweils\u00a015 Minuten vor Ende der \u00d6ffnungszeiten.<\/p>\n\n\n\n<p><em>Kreisverwaltung Germersheim<br>26.03.2019<\/em><\/p>\n\n\n\n<h2 class=\"wp-block-heading\">Pf\u00e4lzer Spargelgenuss \u2013 Feste und Veranstaltungen rund um das \u201ewei\u00dfe Gold\u201c im Landkreis Germersheim und im Rhein-Pfalz-Kreis <\/h2>\n\n\n\n<h4 class=\"wp-block-heading\">Genuss-Highlights der Spargelsaison 2019 im Flyer \u201ePf\u00e4lzer Spargelgenuss\u201c<\/h4>\n\n\n\n<div class=\"wp-block-image\"><figure class=\"aligncenter\"><img decoding=\"async\" loading=\"lazy\" width=\"800\" height=\"271\" src=\"https:\/\/speyer24news.com\/wp-content\/uploads\/2019\/03\/Spargelflyer-2019-1.png\" alt=\"\" class=\"wp-image-11238\" srcset=\"https:\/\/speyer24news.com\/wp-content\/uploads\/2019\/03\/Spargelflyer-2019-1.png 800w, https:\/\/speyer24news.com\/wp-content\/uploads\/2019\/03\/Spargelflyer-2019-1-300x102.png 300w, https:\/\/speyer24news.com\/wp-content\/uploads\/2019\/03\/Spargelflyer-2019-1-768x260.png 768w\" sizes=\"(max-width: 800px) 100vw, 800px\" \/><\/figure><\/div>\n\n\n\n<p><strong>S\u00fcdpfalz \/ Rhein-Pfalz-Kreis &#8211; <\/strong>Die S\u00fcdpfalz und der Rhein-Pfalz-Kreis bieten zur Spargelsaison 2019 wieder ein buntes Veranstaltungsprogramm rund um das k\u00f6nigliche Gem\u00fcse, das keine W\u00fcnsche offen l\u00e4sst. Darf es Spargelschnaps oder ein Spargelbuffet sein? Eine Wanderung oder eine Radtour zum Thema Spargel oder vielleicht auch eine F\u00fchrung auf dem Spargelacker? Wollten Sie schon immer einmal selber Spargel stechen oder einen Urlaub erleben, der Sie zum Pf\u00e4lzer Spargelexperten macht? Im Flyer \u201ePf\u00e4lzer Spargelgenuss 2019\u201c finden Spargelliebhabern alle Angebote rund um die wei\u00dfen Stangen im Landkreis Germersheim und dem Rhein-Pfalz-Kreis.<\/p>\n\n\n\n<p>Die 24 Erzeugerbetriebe in beiden Landkreisen, die in der \u00dcbersichtskarte zu finden sind, bieten k\u00f6stlichen Spargel w\u00e4hrend der Saison t\u00e4glich frisch ab Hof und die Gastronomen kreieren daraus vortreffliche Gerichte. Und wer den passenden Wein zu seinem Spargelgericht sucht, wird bei den aufgef\u00fchrten Weing\u00fctern garantiert f\u00fcndig. Da kann man sich schon jetzt auf die Spargelzeit freuen.<\/p>\n\n\n\n<div class=\"wp-block-image\"><figure class=\"aligncenter\"><img decoding=\"async\" loading=\"lazy\" width=\"800\" height=\"271\" src=\"https:\/\/speyer24news.com\/wp-content\/uploads\/2019\/03\/Spargelflyer-2019-2.png\" alt=\"\" class=\"wp-image-11239\" srcset=\"https:\/\/speyer24news.com\/wp-content\/uploads\/2019\/03\/Spargelflyer-2019-2.png 800w, https:\/\/speyer24news.com\/wp-content\/uploads\/2019\/03\/Spargelflyer-2019-2-300x102.png 300w, https:\/\/speyer24news.com\/wp-content\/uploads\/2019\/03\/Spargelflyer-2019-2-768x260.png 768w\" sizes=\"(max-width: 800px) 100vw, 800px\" \/><\/figure><\/div>\n\n\n\n<p>Im\nLandkreis Germersheim wird dem Spargel alle Ehre gemacht: Der Hofmarkt Zapf, Am\nHolderb\u00fchl 1, 76870 Kandel bietet an den Freitagen, 26. April, 3., 10. und 17.\nMai sowie 7., 14. und 21. Juni ein gro\u00dfes Spargelbuffet an. Anmeldungen unter\nTel. 07275-9887710. Au\u00dferdem gibt es in diesem Jahr wieder ein gro\u00dfes Spargel-\nund Hoffest bei Familie Zapf. Vom 24. &#8211; 26. Mai wird hier gro\u00df gefeiert.\nWeitere Infos unter <a href=\"http:\/\/www.hofmarkt-zapf.de\">www.hofmarkt-zapf.de.<\/a><br>\nIn Rheinzabern steigt am Dienstag, 30. April (ab 18 Uhr) und Mittwoch, 1. Mai\n2019 (ab 11.30 Uhr) in Hoffmann\u00b4s Hof, An der alten Neupotzer Str. 4, ein\nSpargelfest mit Leckereien vom Spargel und Livemusik. Weitere Infos dazu unter <a href=\"http:\/\/www.hoffmannshof.de\">www.hoffmannshof.de<\/a>.<br>\nIn der 1A Kochschule, Hauptstr. 89, 76756 Bellheim k\u00f6nnen Spargelliebhaber beim\nKochkurs am Freitag, 3. Mai, um 18 Uhr unter Anleitung erfahrener K\u00fcchenmeister\nden Spargel in verschiedenen Variationen zubereiten und genie\u00dfen. Anmeldung\nunter Tel. 07272-9870141. Weitere Informationen gibt es unter <a href=\"http:\/\/www.1a-die-kochschule.de\">www.1a-die-kochschule.de<\/a>.\n<br>\nZu den H\u00f6rdter Spargeltagen laden der Spargelhof Frey und der\nS\u00fcdpfalz-Tourismus VG R\u00fclzheim e.V. am Wochenende 4. (ab 16 Uhr) und 5. Mai (ab\n11 Uhr) ein. Geboten werden u.a. Spargelgerichte sowie ein buntes\nUnterhaltungsprogramm. Weitere Infos unter <a href=\"http:\/\/www.suedpfalztourismus-ruelzheim.de\">www.suedpfalztourismus-ruelzheim.de<\/a>.<\/p>\n\n\n\n<div class=\"wp-block-image\"><figure class=\"aligncenter\"><img decoding=\"async\" loading=\"lazy\" width=\"640\" height=\"480\" src=\"https:\/\/speyer24news.com\/wp-content\/uploads\/2019\/03\/DSC00779.jpg\" alt=\"\" class=\"wp-image-11240\" srcset=\"https:\/\/speyer24news.com\/wp-content\/uploads\/2019\/03\/DSC00779.jpg 640w, https:\/\/speyer24news.com\/wp-content\/uploads\/2019\/03\/DSC00779-300x225.jpg 300w, https:\/\/speyer24news.com\/wp-content\/uploads\/2019\/03\/DSC00779-326x245.jpg 326w, https:\/\/speyer24news.com\/wp-content\/uploads\/2019\/03\/DSC00779-80x60.jpg 80w\" sizes=\"(max-width: 640px) 100vw, 640px\" \/><\/figure><\/div>\n\n\n\n<p>Das\nHotel zur Pfalz, Marktstr. 57, 76870 Kandel bietet in seinem Restaurant am\nFreitag, 31. Mai, ab 19 Uhr ein abendliches Spargelbuffet mit allem was das\nSpargel- und Genie\u00dferherz h\u00f6her schlagen l\u00e4sst. Auch R\u00e4ucherlachs,\nMeeresfr\u00fcchte, kleine Rumpsteaks uvm. werden aufgetischt. Anmeldung unter Tel.\n07275-98550. Weitere Infos dazu unter <a href=\"http:\/\/www.kochs.xyz\">www.kochs.xyz<\/a>.&nbsp; <\/p>\n\n\n\n<p>Auch in diesem Jahr k\u00f6nnen G\u00e4ste f\u00fcr ein Wochenende oder l\u00e4nger, alleine oder in der Gruppe, Spargelgenuss satt erleben. Der S\u00fcdpfalz-Tourismus\u00a0 Landkreis Germersheim e.V. erstellt Spargelfreunden ein individuelles Angebot f\u00fcr genussvolle Tage in der spargelfeinen S\u00fcdpfalz. So werden G\u00e4ste zum S\u00fcdpf\u00e4lzer Spargelexperten! <\/p>\n\n\n\n<div class=\"wp-block-image\"><figure class=\"aligncenter\"><img decoding=\"async\" loading=\"lazy\" width=\"640\" height=\"480\" src=\"https:\/\/speyer24news.com\/wp-content\/uploads\/2019\/03\/DSC00756.jpg\" alt=\"\" class=\"wp-image-11241\" srcset=\"https:\/\/speyer24news.com\/wp-content\/uploads\/2019\/03\/DSC00756.jpg 640w, https:\/\/speyer24news.com\/wp-content\/uploads\/2019\/03\/DSC00756-300x225.jpg 300w, https:\/\/speyer24news.com\/wp-content\/uploads\/2019\/03\/DSC00756-326x245.jpg 326w, https:\/\/speyer24news.com\/wp-content\/uploads\/2019\/03\/DSC00756-80x60.jpg 80w\" sizes=\"(max-width: 640px) 100vw, 640px\" \/><\/figure><\/div>\n\n\n\n<p>Im\nRhein-Pfalz-Kreis gibt es ebenfalls zahlreiche Veranstaltungen, die im Flyer\n\u201ePf\u00e4lzer Spargelgenuss\u201c enthalten sind.<\/p>\n\n\n\n<p>Erh\u00e4ltlich ist der Spargelflyer ab sofort beim S\u00fcdpfalz-Tourismus Landkreis Germersheim e.V. (Tel. 07274\/53-300, <a href=\"mailto:info@suedpfalz-tourismus.de\">info@suedpfalz-tourismus.de<\/a>), beim Tourismusverein Rhein-Pfalz-Kreis e.V. (Tel. 0621\/5909-414, <a href=\"mailto:info@rhein-pfalz-aktiv.de\">info@rhein-pfalz-aktiv.de<\/a>) sowie als digitales PDF-Dokument auf den Webseiten <a href=\"http:\/\/www.suedpfalz-tourismus.de\">www.suedpfalz-tourismus.de<\/a> und <a href=\"http:\/\/www.rhein-pfalz-aktiv.de\">www.rhein-pfalz-aktiv.de<\/a>. Der Flyer ist auch in den B\u00fcros f\u00fcr Tourismus in den Verbandsgemeinden des Landkreises Germersheim sowie in allen Stadt-, Verbandsgemeinde- und Gemeindeverwaltungen im Rhein-Pfalz-Kreis erh\u00e4ltlich.<\/p>\n\n\n\n<p><em>Kreisverwaltung Germersheim<br>26.03.2019<\/em><\/p>\n\n\n\n<h2 class=\"wp-block-heading\">Zu Gast bei der Kardex Produktion Deutschland GmbH in Bellheim <\/h2>\n\n\n\n<h4 class=\"wp-block-heading\">Wirtschaftsf\u00f6rderung Landkreis Germersheim: Erste Station der Betriebserkundungs-Tournee 2019<\/h4>\n\n\n\n<p><strong>Bellheim \/ Kardex-Gruppe &#8211; <\/strong>Zw\u00f6lf Auszubildende und Studenten besch\u00e4ftigt die zur Kardex-Gruppe geh\u00f6rende Kardex Produktion Deutschland GmbH in Bellheim aktuell, sieben weitere kommen in 2019 hinzu. Dazu geh\u00f6ren Maschinen- und Anlagenf\u00fchrer\/-innen, Werkzeugmacher\/-innen, Industriekaufleute, der Bachelor of Engineering im Studiengang Maschinenbau, der Bachelor of Arts im Studiengang Betriebswirtschaft, der Bachelor of Science im Studiengang Angewandte Informatik und der Bachelor of Engineering im Studiengang Wirtschaftsingenieurwesen. \u201eWir sind ein gutes Beispiel daf\u00fcr, dass man mit einer Ausbildung im Unternehmen so viel erreichen kann wie mit einem universit\u00e4ren Abschluss\u201c, so Ausbildungsleiter R\u00fcdiger Sinn. Zusammen mit Personalreferentin und Ausbildungsleiterin Natalie Karle gab er k\u00fcrzlich gegen\u00fcber den 15 G\u00e4sten im Rahmen der Betriebserkundungs-Tournee einen ausf\u00fchrlichen \u00dcberblick \u00fcber den Produktionsstandort. Diese waren der Einladung der Kreis-Wirtschaftsf\u00f6rderin Maria Farrenkopf gefolgt, um das Bellheimer Unternehmen genauer kennenzulernen. \u201eUnsere \u00dcbernahmequote von Ausbildung oder Studium in ein zumeist unbefristetes Arbeitsverh\u00e4ltnis liegt bei 95 %\u201c, so Sinn weiter, \u201eAuch nach der Ausbildung bieten wir Unterst\u00fctzung und M\u00f6glichkeiten zur Weiterentwicklung.\u201c In einem Rundgang durch die Produktion bekamen die G\u00e4ste, die als Lehr- und Fachkr\u00e4fte in der Berufsvorbereitung ihre Eindr\u00fccke direkt an ihre Sch\u00fcler weitergeben k\u00f6nnen, einen \u00dcberblick \u00fcber den Produktionsablauf und die eingesetzten Maschinen. Kardex fertigt in Bellheim auf 60.000 qm mit 350 Mitarbeitern automatisierte Lager- und Bereitstellungssysteme. Ob Kleinteilelagerung, Werkzeug- oder auch Medikamentenlagerung: Bei den Lagerl\u00f6sungen liegt der Fokus von Entwicklung und Produktion stets auf Effizienz und Zuverl\u00e4ssigkeit f\u00fcr die Kunden unterschiedlichster Branchen. Die Leistungen der Kardex gehen \u00fcber die reine Produktion hinaus: \u201eWir bieten auch den Service an den Maschinen, die in der Regel 10 bis 30 Jahre im Einsatz sind, oder realisieren Erweiterungen&#8220;, so Karle, \u201eWeltweit sind inzwischen mehr als 100.000 Maschinen installiert.\u201c <\/p>\n\n\n\n<p>W\u00e4hrend der Ausbildung steht jedem Auszubildenden pro Abteilung ein Ausbildungspate zur Seite. Durch Projekte wie der Organisation des Ausbildungsausflugs wird die Teamarbeit gef\u00f6rdert. Pers\u00f6nliche Weiterentwicklung erf\u00e4hrt jeder Auszubildende und Student durch einen individuellen Ausbildungsplan, ein zielorientiertes Coaching und regelm\u00e4\u00dfige Feedbackgespr\u00e4che. Auch Praktika zum Reinschnuppern in Ausbildungsberufe und Unternehmen erm\u00f6glicht die Kardex. Dazu ist es erforderlich, sich rechtzeitig online zu bewerben, am besten gleich nach den Sommerferien.<\/p>\n\n\n\n<p><em>Kreisverwaltung Germersheim<br>26.03.2019<\/em><\/p>\n\n\n\n<h2 class=\"wp-block-heading\">Umsetzung der EU-F\u00fchrerscheinrichtlinie: Umtausch f\u00fcr alle vor Januar 2013 ausgestellten F\u00fchrerscheine<\/h2>\n\n\n\n<div class=\"wp-block-image\"><figure class=\"aligncenter\"><img decoding=\"async\" loading=\"lazy\" width=\"800\" height=\"600\" src=\"https:\/\/speyer24news.com\/wp-content\/uploads\/2019\/03\/DSC00422.jpg\" alt=\"\" class=\"wp-image-11237\" srcset=\"https:\/\/speyer24news.com\/wp-content\/uploads\/2019\/03\/DSC00422.jpg 800w, https:\/\/speyer24news.com\/wp-content\/uploads\/2019\/03\/DSC00422-300x225.jpg 300w, https:\/\/speyer24news.com\/wp-content\/uploads\/2019\/03\/DSC00422-768x576.jpg 768w, https:\/\/speyer24news.com\/wp-content\/uploads\/2019\/03\/DSC00422-678x509.jpg 678w, https:\/\/speyer24news.com\/wp-content\/uploads\/2019\/03\/DSC00422-326x245.jpg 326w, https:\/\/speyer24news.com\/wp-content\/uploads\/2019\/03\/DSC00422-80x60.jpg 80w\" sizes=\"(max-width: 800px) 100vw, 800px\" \/><\/figure><\/div>\n\n\n\n<p>Die F\u00fchrerscheinstellen der Kreisverwaltungen Germersheim und S\u00fcdliche\nWeinstra\u00dfe sowie der Stadtverwaltung Landau informieren, dass der Gesetzgeber die\nVerpflichtung zum Umtausch bis zum 18. Januar 2013 ausgestellter F\u00fchrerscheine\ngeregelt hat. Zu den Altdokumenten geh\u00f6ren auch jene Plastikf\u00fchrerscheine in\nScheckkartengr\u00f6\u00dfe, die vor dem 19. Januar 2013 ausgestellt wurden. Sie sind\nunbefristet, also lebenslang g\u00fcltig \u2013 was sich nach dem Umtausch \u00e4ndern wird. <\/p>\n\n\n\n<p>Seit dem 19. Januar 2013 werden F\u00fchrerscheine f\u00fcr 15 Jahre befristet. Mit\ndem F\u00fchrerscheinumtausch sollen die Vorgaben der EU-F\u00fchrerscheinrichtlinie\numgesetzt werden, sodass bis Anfang 2033 alle F\u00fchrerscheine in den EU-Staaten\neinheitlich werden. Das neue Dokument ist f\u00e4lschungssicherer, zudem ist eine\nRegistrierung in einem zentralen Register sichergestellt.<\/p>\n\n\n\n<p>Bis zu welchem Zeitpunkt ein Umtausch erfolgen muss, ergibt sich aus nachfolgender Tabelle. <br>Die F\u00fchrerscheinstellen rechnen insbesondere in der Anfangszeit mit einem deutlich erh\u00f6hten Antragsaufkommen. Auf Grund der vorgesehenen Staffelung des Umtauschs ist aber keine Eile geboten. Mitzubringen sind die bisherige Fahrerlaubnis, ein Ausweisdokument und ein neues, biometrisches Passfoto. Die Umstellungsgeb\u00fchr betr\u00e4gt 24 Euro. Eine Pr\u00fcfung der Eignung durch \u00e4rztliche Gutachten oder die Ablegung von Pr\u00fcfungen ist mit dem Austausch nicht verbunden. Weitere Informationen bieten die Internetseiten der Stadt Landau und der Landkreise Germersheim und S\u00fcdliche Weinstra\u00dfe. <\/p>\n\n\n\n<p><strong>I.&nbsp;\nF\u00fchrerscheine, die bis einschlie\u00dflich 31. Dezember 1998 ausgestellt\nworden sind:<\/strong><\/p>\n\n\n\n<table class=\"wp-block-table\"><tbody><tr><td>Geburtsjahr des Fahrerlaubnisinhabers   <\/td><td>Tag, bis zu dem der F\u00fchrerschein umgetauscht sein muss   <\/td><\/tr><tr><td>\n  Vor 1953\n  <\/td><td>\n  19.01.2033\n  <\/td><\/tr><tr><td>\n  1953 \u2013 1958\n  <\/td><td>\n  19.01.2022\n  <\/td><\/tr><tr><td>\n  1959 \u2013 1964\n  <\/td><td>\n  19.01.2023\n  <\/td><\/tr><tr><td>\n  1965 \u2013 1970\n  <\/td><td>\n  19.01.2024\n  <\/td><\/tr><tr><td>\n  1971 und sp\u00e4ter\n  <\/td><td>\n  19.01.2025\n  <\/td><\/tr><\/tbody><\/table>\n\n\n\n<p><strong>II. F\u00fchrerscheine, die ab dem 01. Januar 1999\nausgestellt worden sind:<\/strong><\/p>\n\n\n\n<table class=\"wp-block-table\"><tbody><tr><td> Ausstellungsjahr   <\/td><td>Tag, bis zu dem der F\u00fchrerschein umgetauscht sein muss   <\/td><\/tr><tr><td>\n  1999 \u2013 2001\n  <\/td><td>\n  19.01.2026\n  <\/td><\/tr><tr><td>\n  2002 \u2013 2004\n  <\/td><td>\n  19.01.2027\n  <\/td><\/tr><tr><td>\n  2005 \u2013 2007\n  <\/td><td>\n  19.01.2028\n  <\/td><\/tr><tr><td>\n  2008\n  <\/td><td>\n  19.01.2029\n  <\/td><\/tr><tr><td>\n  2009\n  <\/td><td>\n  19.01.2030\n  <\/td><\/tr><tr><td>\n  2010\n  <\/td><td>\n  19.01.2031\n  <\/td><\/tr><tr><td>\n  2011\n  <\/td><td>\n  19.01.2032\n  <\/td><\/tr><tr><td>\n  2012 \u2013 18.01.2013\n  <\/td><td>\n  19.01.2033\n  <\/td><\/tr><\/tbody><\/table>\n\n\n\n<p><em>Text: Gemeinsame Pressemitteilung der Landkreise Germersheim und S\u00fcdliche Weinstra\u00dfe und der Stadt Landau in der Pfalz Foto: S24N, dak<br>26.03.2019<\/em><\/p>\n\n\n\n<h2 class=\"wp-block-heading\">Landesweiter Probealarm<\/h2>\n\n\n\n<h3 class=\"wp-block-heading\"><strong>Warn-App KATWARN testet wieder am 1. April<\/strong><\/h3>\n\n\n\n<div class=\"wp-block-image\"><figure class=\"aligncenter\"><img decoding=\"async\" loading=\"lazy\" width=\"580\" height=\"290\" src=\"https:\/\/speyer24news.com\/wp-content\/uploads\/2019\/03\/KATWARN-1.jpg\" alt=\"\" class=\"wp-image-11236\" srcset=\"https:\/\/speyer24news.com\/wp-content\/uploads\/2019\/03\/KATWARN-1.jpg 580w, https:\/\/speyer24news.com\/wp-content\/uploads\/2019\/03\/KATWARN-1-300x150.jpg 300w\" sizes=\"(max-width: 580px) 100vw, 580px\" \/><\/figure><\/div>\n\n\n\n<p><strong>Rheinland-Pfalz &#8211; <\/strong>Der n\u00e4chste Probealarm des elektronischen Warn- und Informationssystems KATWARN wird am <strong>Montag, 1. April 2019, 11 Uhr<\/strong>, ausgel\u00f6st. Dreimal j\u00e4hrlich erfolgt ein Probealarm mit dem Katastrophenwarnsystem KATWARN:<\/p>\n\n\n\n<ul><li>am ersten Montag im April um 11 Uhr durch\ndie Landkreise und kreisfreien St\u00e4dte,<\/li><li>am ersten Montag im August um 11 Uhr durch\ndie Integrierten Leitstellen bzw. um 11.15 Uhr durch das Land Rheinland-Pfalz\nund<\/li><li>am ersten Montag im Dezember um 11 Uhr\ndurch das Land Rheinland-Pfalz<\/li><\/ul>\n\n\n\n<p>Wenn\nalso die Mobiltelefone klingeln, gibt es keinen Grund zur Beunruhigung, da es\nsich lediglich um einen Test handelt. \u00dcberpr\u00fcft\nwird die Funktionsf\u00e4higkeit der &#8222;Warnung der Bev\u00f6lkerung&#8220;. KATWARN\nwird im Bereich der Integrierten Leitstelle Landau mit den Landkreisen\nGermersheim, S\u00fcdliche Weinstra\u00dfe und S\u00fcdwestpfalz sowie den St\u00e4dten Landau,\nPirmasens und Zweibr\u00fccken eingesetzt. Das System ist eine Erg\u00e4nzung zu den\nbestehenden Informationswegen.<\/p>\n\n\n\n<p>Bei Gefahrensituationen wie Hochwasser, Gro\u00dfbr\u00e4nden oder\nIndustrieunf\u00e4llen ist es mit KATWARN zus\u00e4tzlich zu den etablierten Warnungen\ndurch Polizei, Feuerwehr sowie Fernsehen und Rundfunk m\u00f6glich, den B\u00fcrgerinnen\nund B\u00fcrgern per Smartphone-App Warnungen und Verhaltenshinweise zu geben.\nAu\u00dferdem \u00fcbermittelt die Anwendung Warnungen zu &#8222;extremen Unwettern&#8220;\ndes Deutschen Wetterdienstes. Im Ernstfall wird \u00fcber KATWARN dar\u00fcber\ninformiert, wie sich die B\u00fcrgerinnen und B\u00fcrger verhalten sollen.<\/p>\n\n\n\n<p>Die Anmeldung\nund Nutzung des Warnsystems mit Smartphone oder Handy ist freiwillig und\nkostenlos. Das Besondere an diesem System: KATWARN sendet Warnungen ortsgenau,\nd.h. nur an die Nutzer, die wirklich betroffen sind. Daf\u00fcr nutzt es eine\nspezielle Ortungsfunktion der Smartphones, die sich auch bei ausgeschalteter\nApp im Hintergrund aktualisiert.<\/p>\n\n\n\n<p>Die &#8222;KATWARN&#8220;-App steht kostenlos zur Verf\u00fcgung:<\/p>\n\n\n\n<ul><li>f\u00fcr das iPhone\nim App Store<\/li><li>f\u00fcr Android Phones im Google Play Store<\/li><li>f\u00fcr Windows\nPhones im Windows Store<\/li><\/ul>\n\n\n\n<p>Alternativ bietet KATWARN kostenlose Warnungen mit eingeschr\u00e4nkter Funktonalit\u00e4t auch per SMS\/E-Mail zum Gebiet einer registrierten Postleizahl. SMS an Servicenummer 0163\/7558842: &#8222;KATWARN 12345 mustermann@mail.de&#8220; (f\u00fcr Postleizahl 12345 und optional Email). Weitere Informationen zum Warnsystem KATWARN unter <a href=\"http:\/\/www.katwarn.de\">www.katwarn.de<\/a>.<\/p>\n\n\n\n<p><em>Kreisverwaltung Germersheim<br>26.03.2019<\/em><\/p>\n\n\n\n<h2 class=\"wp-block-heading\">Gemeinsames Schreiben der Landr\u00e4te K\u00f6rner, Seefeldt und Brechtel:<\/h2>\n\n\n\n<h4 class=\"wp-block-heading\">\u201eLand soll einheitliche L\u00f6sungen zur Reduzierung von Schwarzwild anbieten\u201c<\/h4>\n\n\n\n<p><strong>S\u00fcdpfalz &#8211;<\/strong> \u201eDas vom Land empfohlene Handlungsprogramm zur Reduzierung \u00fcberh\u00f6hter Schwarzwildbest\u00e4nde und zur Absenkung des Risikos einer Ausbreitung von Tierseuchen ist in wesentlichen Punkten nicht zielf\u00fchrend und teilweise nicht oder nur schwer umsetzbar. Wir erwarten einen koordinierenden und konkreten Beitrag des Landes\u201c, so die Landr\u00e4te Clemens K\u00f6rner (Rhein-Pfalz-Kreis), Dr. Fritz Brechtel (Germersheim) und Dietmar Seefeldt (S\u00fcdliche Weinstra\u00dfe). In einem gemeinsamen Schreiben wenden sie sich an Ministerin Ulrike H\u00f6fken und weisen auf Schwachstellen hin, die sich im Rahmen zahlreicher Gespr\u00e4che der Runden Tische \u201eSchwarzwild\u201c in den Landkreisen gezeigt haben.<\/p>\n\n\n\n<p>In\ndem Handlungsprogramm setzt sich das Land lediglich f\u00fcr eine Umsetzung seiner\nEmpfehlungen auf \u00f6rtlicher Ebene ein, was nach Ansicht der drei Landr\u00e4te nicht\nzu einer einheitlichen Vorgehensweise f\u00fchrt. Aus diesem Grund haben derzeit die\nrheinland-pf\u00e4lzischen Landkreise und kreisfreien St\u00e4dte v\u00f6llig unterschiedliche\nAns\u00e4tze einen Anreiz f\u00fcr die Reduzierung von Frischlingen zu schaffen, die von\ndem Modell der Jagdsteuerreduzierung, der Reduzierung oder dem Verzicht auf Untersuchungsgeb\u00fchren\nbis zur Gew\u00e4hrung einer Abschusspr\u00e4mie reichen. \u201eDas Ziel, die\nSchwarzwildbest\u00e4nde auf eine den landeskulturellen Verh\u00e4ltnissen angepasste\nBestandsdichte zu bringen, wird so nicht gef\u00f6rdert\u201c, so Seefeldt, Brechtel und\nK\u00f6rner.<\/p>\n\n\n\n<p>Die Landr\u00e4te\nverweisen in diesem Zusammenhang auf das Land Baden-W\u00fcrttemberg, das ein\nfinanzielles Ma\u00dfnahmenpaket geschn\u00fcrt hat, um Pr\u00e4ventionsma\u00dfnahmen gegen die Afrikanische\nSchweinepest aus Landesmitteln zu f\u00f6rdern. Um einen Anreiz f\u00fcr die verst\u00e4rkte\nBejagung von Wildschweinen zu schaffen, erstattet unser Nachbarbundesland den\nJ\u00e4gern beispielsweise einen Pauschalbetrag als Kostenersatz f\u00fcr die Trichinenuntersuchung\nals Vorsorgema\u00dfnahme zur Afrikanischen Schweinepest.<\/p>\n\n\n\n<p>Eine solche Steuerung auf\nLandesebene erwarten die Landr\u00e4te auch f\u00fcr Rheinland-Pfalz.&nbsp; Es bedarf hier nach deren fester \u00dcberzeugung\neines koordinierten Vorgehens auf Landesebene. \u201eEinheitliche, rechtssichere und\nf\u00fcr alle gleicherma\u00dfen g\u00fcltige Regelungen m\u00fcssen seitens des Landes daher\numgehend getroffen werden\u201c, erkl\u00e4ren die drei Landr\u00e4te. <\/p>\n\n\n\n<p>Gemeinsam suchen die Landkreise Rhein-Pfalz-Kreis, Germersheim und S\u00fcdliche Weinstra\u00dfe Wege zur Bek\u00e4mpfung der Gefahren, die von dem enorm hohen Wildschweinbestand in Rheinland-Pfalz ausgehen: \u201eWir sind hier einer Empfehlung des Ministeriums f\u00fcr Umwelt, Energie, Ern\u00e4hrung und Forsten gefolgt. Die Beratung und Umsetzung haben in wesentlichen Punkten jedoch Fragen und Ungereimtheiten aufgeworfen. Wir fordern zum Schutz von Mensch und Tier die entsprechende Unterst\u00fctzung des Landes\u201c, so die Landr\u00e4te Brechtel, Seefeldt und K\u00f6rner.<\/p>\n\n\n\n<h2 class=\"wp-block-heading\">Lesen Sie hier das Schreiben im Originaltext: <\/h2>\n\n\n\n<h3 class=\"wp-block-heading\">Handlungsprogramm zur Reduzierung \u00fcberh\u00f6hter Schwarzwildbest\u00e4nde und zur Absenkung des Risikos einer Ausbreitung von Tierseuchen f\u00fcr das Jagdjahr 2018\/2019 <\/h3>\n\n\n\n<h4 class=\"wp-block-heading\">Runde Tische Schwarzwild der Landkreise S\u00fcdliche Weinstra\u00dfe, des Rhein-Pfalz-Kreis und des Landkreises Germersheim<\/h4>\n\n\n\n<p>Sehr geehrte Frau Staatsministerin H\u00f6fken, <\/p>\n\n\n\n<p>wie Sie wissen, haben unsere Landkreise unter Beteiligung von Interessenvertretern aus Landwirtschaft, Forstwirtschaft, Beh\u00f6rden, J\u00e4gerschaft und Jagdrechtsinhabern \u201eRunde Tische Schwarzwild\u201c gebildet, um \u00fcber Ma\u00dfnahmen zur Regulierung der Schwarzwildpopulation zu diskutieren.<\/p>\n\n\n\n<p>Die Landkreise sind hier einer Empfehlung Ihres Hauses gefolgt, weil man sich im gemeinsamen Engagement der Akteure vor Ort Vereinbarungen und L\u00f6sungsans\u00e4tze zur Schwarzwildproblematik versprochen hat. Auf Ihr Schreiben an die Kreisverwaltungen und kreisfreien St\u00e4dte vom 22.05.2017 nehmen wir Bezug. <\/p>\n\n\n\n<p>Im Rahmen der Sitzungen dieser Runden Tische wurden insbesondere die Empfehlungen, die sich aus dem o.g. Handlungsprogramm ergeben regelm\u00e4\u00dfig behandelt. Leider m\u00fcssen wir Ihnen mitteilen, dass uns aus dem Kreis dieser Runden Tische berichtet wird, dass man bei der Beratung und Umsetzung wesentlicher Punkte auf der Stelle tritt.<\/p>\n\n\n\n<p>Einige Empfehlungen Ihres Hauses begegnen auch rechtlichen Bedenken unserer Verwaltungen bei der Umsetzung. Dies gilt insbesondere f\u00fcr die \u00dcberlegung der Aussetzung\/Aufhebung oder Reduzierung der Geb\u00fchren f\u00fcr Trichinenuntersuchungen bei Frischlingen. Derzeit haben die rheinlandpf\u00e4lzischen Landkreise und kreisfreien St\u00e4dte v\u00f6llig unterschiedliche Ans\u00e4tze einen Anreiz f\u00fcr die Reduzierung von Frischlingen zu schaffen, die von dem Modell der Jagdsteuerreduzierung, der Reduzierung oder dem Verzicht auf die Trichinengeb\u00fchren bis zur Gew\u00e4hrung einer Abschusspr\u00e4mie reichen. Gleiches gilt auch f\u00fcr entsprechende Ma\u00dfnahmen auf L\u00e4nderebene. Eine besondere Relevanz besteht im Rhein-Pfalz-Kreis noch im Hinblick auf die Erstattung der Entsorgungskosten bei Befall von Schwarzwild mit dem Duncker`schen Muskelegel. Da bei einem Befall die erlegten Tiere kostenpflichtig durch die J\u00e4ger entsorgt werden m\u00fcssen (Kosten aktuell 63,57 \u20ac) ist es schwieriger die J\u00e4ger zur vermehrten Jagd auf Wildschweine zu motivieren.<\/p>\n\n\n\n<p>Die Landkreise S\u00fcdliche Weinstra\u00dfe und Germersheim haben sich wegen der rechtlichen Bedenken, die bei einem vollst\u00e4ndigen Verzicht von Trichinengeb\u00fchren bestehen, f\u00fcr das Modell einer R\u00fcckerstattung dieser Geb\u00fchren entschieden, mit der ein hohes Ma\u00df an b\u00fcrokratischem Aufwand f\u00fcr die J\u00e4gerschaft verbunden ist. Wir bef\u00fcrchten, dass damit der gew\u00fcnschte Anreiz, den wir alle erreichen m\u00f6chten, verloren geht und die Ma\u00dfnahme deshalb wenig zielf\u00fchrend ist. Des Weiteren ist auch diese Variante in rechtlicher Hinsicht nicht v\u00f6llig unumstritten. <\/p>\n\n\n\n<p>Wir bitten das Ministerium in diesem Zusammenhang daher um die Beantwortung folgender Fragen: <\/p>\n\n\n\n<ul><li>Hat Ihr Haus die Empfehlung zur Aussetzung\/Aufhebung oder Reduzierung der Geb\u00fchren f\u00fcr Trichinenuntersuchungen bei Frischlingen vor der Verk\u00fcndung dahingehend \u00fcberpr\u00fcft, ob die Landkreise und kreisfreien St\u00e4dte auf diese Geb\u00fchren verzichten d\u00fcrfen? Gegebenenfalls bitten wir unter Einbeziehung der etwaigen rechtlichen \u00dcberlegungen um Mitteilung, wie Ihr Haus zu diesem Ergebnis gekommen ist.  <\/li><li>Wie Sie wissen, birgt das in weiten Landesteilen von Rheinland-Pfalz enorm hohe Schwarzwildvorkommen ein gro\u00dfes Risiko in sich. So steigt nicht nur die Gefahr eines Ausbruchs von Tierseuchen, insbesondere die der Klassischen und Afrikanischen Schweinepest, sondern auch die Wildschadensproblematik im Bereich der Landwirtschaft und dem Weinbau versch\u00e4rft sich. Die Ausbreitungstendenz der Wildschweine h\u00e4lt weiter an und Verkehrsunf\u00e4lle mit Schwarzwildbeteiligung sind, wie Sie gleichfalls wissen, \u00e4u\u00dferst gef\u00e4hrlich.<\/li><li>Aus welchem Grund wird angesichts dieser Gefahrenlage seitens des Ministeriums nicht auf eine einheitliche, f\u00fcr ganz Rheinland-Pfalz g\u00fcltige Regelung, wie dies z.B. in Baden-W\u00fcrttemberg praktiziert wird, hingewirkt? Regionale Besonderheiten k\u00f6nnen unseres Erachtens hier kein ausreichendes Argument darstellen.<\/li><li>Welche Ma\u00dfnahmen schlagen Sie den Landkreisen und kreisfreien St\u00e4dten vor, wenn sich mit den derzeitigen Mitteln der gew\u00fcnschte Erfolg nicht einstellt?<\/li><li>Warum leistet das Land Rheinland-Pfalz angesichts der zunehmenden Bedrohung durch die Afrikanische Schweinepest nicht selbst einen finanziellen Beitrag f\u00fcr Verkehrsschilders\u00e4tze, deren Anschaffung Ihrerseits ebenfalls in dem betreffenden Handlungsprogramm empfohlen wird? Wir bitten angesichts der landesweiten Bedeutung dieser Problematik um Pr\u00fcfung, ob die Anschaffung von Schilders\u00e4tzen nicht auch mit Landesmitteln erfolgen kann.<\/li><\/ul>\n\n\n\n<p>Auch die Empfehlung Ihres Hauses auf einen Verzicht der Hundesteuer f\u00fcr Jagdhunde erscheint kaum realisierbar. <\/p>\n\n\n\n<p>F\u00fcr die J\u00e4gerschaft w\u00fcrde dieser Punkt zwar in der Tat eine symbolische Anerkennung darstellen, wenn man die ausgebildeten Jagdhunde der J\u00e4ger von der Hundesteuer befreien w\u00fcrde. Da in dieser Hinsicht aber eine einheitliche Abstimmung mit allen Gemeinden unserer Landkreise hergestellt werden m\u00fcsste, l\u00e4sst sich diese Absicht nicht umsetzen.<\/p>\n\n\n\n<p>Der Einnahmeausfall bei den einzelnen Gemeinden w\u00e4re bei einer gesch\u00e4tzten Anzahl von z.B. 150 Jagdhunden im Landkreis Germersheim aber eigentlich sehr gering. <\/p>\n\n\n\n<p>Wie Sie sicher wissen, ergibt sich aus dem Landesjagdgesetz eine gesetzliche Verpflichtung f\u00fcr die Jagdaus\u00fcbungsberechtigten ( Jagdp\u00e4chter ) einen brauchbaren Jagdhund f\u00fcr den Jagdbezirk vorzuhalten. Der eigentliche Zweck der Hundesteuer liegt aber wohl eher darin, dass damit die Anzahl von Hunden einer Gemeinde geregelt werden soll. Diese Zweckbestimmung l\u00e4uft bei Jagdhunden, die man verpflichtend vorhalten muss, ins \u201eLeere\u201c.<\/p>\n\n\n\n<p>Da Sie im Handlungsprogramm Schwarzwild anregen auf die Hundesteuer f\u00fcr Jagdhunde zu verzichten, bitten wir um Mitteilung, warum das Land Rheinland-Pfalz eine entsprechende Regelung nicht selbst trifft. Die Rechtsgrundlage zur Erhebung der Hundesteuer findet sich im Kommunalabgabengesetz. Wir gehen davon aus, dass es dem Land Rheinland-Pfalz nicht verwehrt ist, eine solche Regelung des Hundesteuergesetzes selbst zu treffen. Dies w\u00fcrde dann auch eine einheitliche Handhabung im Land garantieren.<\/p>\n\n\n\n<p>Falls Sie diese M\u00f6glichkeit sehen, bitten wir um Mitteilung, ob Sie hier eine entsprechende Initiative ergreifen werden.<\/p>\n\n\n\n<p>Eine weitere Empfehlung aus dem Handlungsprogramm richtet sich an die land- und forstwirtschaftlichen Betriebe, welche Ihrer Ansicht nach die Jagdaus\u00fcbungsberechtigten bei der Bejagung durch Verbesserung der jagdlichen Infrastruktur (Schussschneisen, Hochsitze etc.) unterst\u00fctzen sollten.<\/p>\n\n\n\n<p>Sie erkl\u00e4ren, dass sich daf\u00fcr einsetzen, dass die F\u00f6rderrichtlinien in Bezug auf die Anlage von Schussschneisen auf landwirtschaftlichen Fl\u00e4chen praxisgerechter ausgestaltet werden.<\/p>\n\n\n\n<p>Wir m\u00f6chten Sie in diesem Zusammenhang darauf aufmerksam machen, dass es die Landwirte regelm\u00e4\u00dfig vers\u00e4umen schon bei Abgabe Ihres F\u00f6rderantrages f\u00fcr die betreffenden Fl\u00e4chen den hier einschl\u00e4gigen Code 177 anzugeben. Wird im F\u00f6rderantrag als Kulturart jedoch nur Mais angegeben kann eine \u00c4nderung nur noch bis 15.05 erfolgen. Ansonsten ist die Anlage einer Schussschneise wohl nicht mehr m\u00f6glich. Da es f\u00fcr die Landwirte im Rahmen Ihres F\u00f6rderantrages unserer Kenntnis nach unsch\u00e4dlich ist, ob tats\u00e4chlich eine Schussschneise angelegt wird oder nicht, bitten wir um Pr\u00fcfung, ob dieser Code 177 in dieser Hinsicht nicht generell hinterlegt werden kann.<\/p>\n\n\n\n<p>Wir bitten Sie daher, sich mit dem zust\u00e4ndigen Ministerium in Verbindung zu setzen. Wir sind der Auffassung, dass eine solche Ma\u00dfnahme \u00e4u\u00dferst sinnvoll w\u00e4re. Diese M\u00f6glichkeit sollte daher Ihrerseits gepr\u00fcft werden. Wir w\u00e4ren Ihnen sehr verbunden, wenn Sie uns \u00fcber das Ergebnis Ihrer Pr\u00fcfungen informieren w\u00fcrden.<\/p>\n\n\n\n<p>Wir sind der festen \u00dcberzeugung, sehr geehrte Frau Staatsministerin, dass allein die Verk\u00fcndung von Empfehlungen gegen\u00fcber den Landkreisen und kreisfreien St\u00e4dte kein ausreichendes Mittel zur Bek\u00e4mpfung der Gefahren darstellt, die von dem enorm hohen Wildschweinbestand in unserem Bundesland ausgehen. Es bedarf in diesem Zusammenhang eines koordinierten Vorgehens auf Landesebene. Neben den Bedrohungen, die von Tierseuchen ausgehen, sind aber auch die weiteren Gefahrenpotenziale, wie z.B. die Gefahr f\u00fcr den Stra\u00dfenverkehr zunehmend relevant und geraten in den Focus der \u00d6ffentlichkeit. Ein lokales und isoliertes Vorgehen der Landkreise und kreisfreien St\u00e4dte hinsichtlich der Gefahrenvorsorge ist unseres Erachtens nicht zielf\u00fchrend. Dies zeigen auch die Ergebnisse der Runden Tische unserer Landkreise, die einen koordinierenden Beitrag des Landes erwarten.<\/p>\n\n\n\n<p>Wir bitten Sie, sehr geehrte Frau Staatsministerin, \u00dcberlegungen anzustellen, wie bzw. welche Beitr\u00e4ge auf Landesebene geleistet werden k\u00f6nnen. Da hinsichtlich der von uns vorgetragenen Aspekte bereits eine gro\u00dfe Unzufriedenheit bei den Runden Tischen vorherrscht, w\u00e4ren wir f\u00fcr eine rasche Beantwortung unseres Schreibens dankbar, da wir die Mitglieder m\u00f6glichst schnell informieren m\u00f6chten.<\/p>\n\n\n\n<p>Mit freundlichen Gr\u00fc\u00dfen <\/p>\n\n\n\n<p>Im Auftrag <\/p>\n\n\n\n<p>Dr. Fritz Brechtel                Dietmar Seefeldt                Clemens K\u00f6rner <\/p>\n\n\n\n<p>Landrat des Landkreises  Landrat des Landkreises  Landrat des Landkreises Germersheim                      S\u00fcdliche Weinstra\u00dfe         Rhein-Pfalz-Kreis <\/p>\n\n\n\n<p><em>Gemeinsame Pressemeldung der Landkreise Germersheim, S\u00fcdliche Weinstra\u00dfe und des Rhein-Pfalz-Kreises<br>26.03.2019<\/em><\/p>\n\n\n\n<h2 class=\"wp-block-heading\">Ab 27. M\u00e4rz wieder Abfuhr der Heckenabf\u00e4lle <\/h2>\n\n\n\n<h4 class=\"wp-block-heading\">Am 27. M\u00e4rz beginnt im Landkreis\nGermersheim wieder die Abfuhr der sperrigen Gr\u00fcnabf\u00e4lle im Rahmen einer\nStra\u00dfensammlung. <\/h4>\n\n\n\n<p><strong>Landkreis Germersheim &#8211; <\/strong>Zum Heckenschnitt geh\u00f6ren geb\u00fcndelte Gartenabf\u00e4lle zwischen 0,5 und 2 Metern L\u00e4nge. Wegen der Kompostierbarkeit sollte dabei verrottbares Bindematerial verwendet werden. <\/p>\n\n\n\n<p>Wurzelwerke\nsowie Baumst\u00e4mme mit einem Durchmesser \u00fcber 10 cm k\u00f6nnen bei der\nStra\u00dfenabholung nicht mitgenommen werden. Sie m\u00fcssen an den Wertstoffh\u00f6fen\n(au\u00dfer R\u00fclzheim) angeliefert werden. Ihre Entsorgung ist geb\u00fchrenpflichtig, da\nsie noch vorbehandelt werden m\u00fcssen.<\/p>\n\n\n\n<p>Beistellungen\nin Plastiks\u00e4cken, Kartons etc., die mit kleinerem Schnittgut gef\u00fcllt sind,\nwerden nicht mit der Heckensammlung erfasst. Sie k\u00f6nnen \u00fcber die Biotonne bzw.\nden Papiersack f\u00fcr Bioabfall entsorgt werden. Die n\u00e4chstgelegenen\nVerkaufsstellen f\u00fcr die Papiers\u00e4cke sind im Abfallkalender zu finden. Die S\u00e4cke\nhaben ein Volumen von 120l und kosten 2,30 Euro pro St\u00fcck. Nichtsperrige\nGr\u00fcnabf\u00e4lle wie z.B. kleineres Schnittgut, Laub oder Rasenschnitt werden jederzeit\ngegen Geb\u00fchr an den Wertstoffh\u00f6fen (au\u00dfer R\u00fclzheim) angenommen, f\u00fcr die\nprivaten Nutzer einer Biotonne ist die Anlieferung sogar kostenlos.<\/p>\n\n\n\n<p>Infos \u00fcber\ndie lokalen Heckensammelorte und \u00d6ffnungszeiten gibt es bei der jeweiligen\nVerwaltung oder im jeweiligen Amtsblatt bzw. Stadtanzeiger. <\/p>\n\n\n\n<p>Allgemeine\nInformationen zum Thema Abfallentsorgung im Kreis Germersheim k\u00f6nnen unter <a href=\"http:\/\/www.kreis-germersheim.de\/abfallwirtschaft\">www.kreis-germersheim.de\/abfallwirtschaft<\/a> abgerufen werden.<\/p>\n\n\n\n<h4 class=\"wp-block-heading\">Die Abfuhrtermine f\u00fcr Heckenabf\u00e4lle:<\/h4>\n\n\n\n<ul><li><strong>27.03.2019, Bezirk 6: <\/strong>Leimersheim, Neupotz, Rheinzabern 1 und 2, Jockgrim 1 und 2, Hatzenb\u00fchl 28.03.2019, Bezirk 5: Germersheim 1, 2, 3 und 4, Sondernheim 1 und 2, Lingenfeld 1 und 2.<\/li><li><strong>03.04.2019, Bezirk 1: <\/strong>Zeiskam, Lustadt 1 und 2, Bellheim 1, 2 und 3, Freisbach, Weingarten, Schwegenheim, Westheim.<\/li><li><strong>04.04.2019, Bezirk 2: <\/strong>Ottersheim, Knittelsheim, H\u00f6rdt, Kuhardt, R\u00fclzheim 1 und 2.<\/li><li><strong>10.04.2019, Bezirk 3: <\/strong>W\u00f6rth 1und 2, Maximiliansau 1 und 2, Hagenbach 1 und 2, Scheibenhardt, Berg, Neuburg.<\/li><li><strong>11.04.2019, Bezirk 4: <\/strong>Steinweiler, Erlenbach, Winden, Kandel 1 und 2, Minfeld, Freckenfeld, Schaidt, B\u00fcchelberg, Vollmersweiler.<\/li><\/ul>\n\n\n\n<p><em>Kreisverwaltung Germersheim<br>26.03.2019<\/em><\/p>\n\n\n\n<h2 class=\"wp-block-heading\">Am Tag der Deutschen Einheit in Berlin<\/h2>\n\n\n\n<h4 class=\"wp-block-heading\">Herbstferien-Wohngemeinschaft f\u00fcr junge Menschen ab 15 Jahren<\/h4>\n\n\n\n<div class=\"wp-block-image\"><figure class=\"aligncenter\"><img decoding=\"async\" loading=\"lazy\" width=\"800\" height=\"600\" src=\"https:\/\/speyer24news.com\/wp-content\/uploads\/2019\/03\/DSC07455.jpg\" alt=\"\" class=\"wp-image-11235\" srcset=\"https:\/\/speyer24news.com\/wp-content\/uploads\/2019\/03\/DSC07455.jpg 800w, https:\/\/speyer24news.com\/wp-content\/uploads\/2019\/03\/DSC07455-300x225.jpg 300w, https:\/\/speyer24news.com\/wp-content\/uploads\/2019\/03\/DSC07455-768x576.jpg 768w, https:\/\/speyer24news.com\/wp-content\/uploads\/2019\/03\/DSC07455-678x509.jpg 678w, https:\/\/speyer24news.com\/wp-content\/uploads\/2019\/03\/DSC07455-326x245.jpg 326w, https:\/\/speyer24news.com\/wp-content\/uploads\/2019\/03\/DSC07455-80x60.jpg 80w\" sizes=\"(max-width: 800px) 100vw, 800px\" \/><\/figure><\/div>\n\n\n\n<p><strong>Germersheim \/ Berlin &#8211;<\/strong> Jugendliche sind nicht an Politik interessiert? \u201eVon wegen! Die Erfahrungen aus den bisherigen bildungspolitischen Reisen des Kreisjugendamtes Germersheim zeigen ein anderes Bild\u201c, betont Erster Kreisbeigeordneter und Jugenddezernent Christoph Buttweiler. Deshalb veranstaltet das Kreisjugendamt bereits zum 15. Mal und immer auf Einladung eines Bundestagabgeordneten, in diesem Jahr von Thomas Hitschler (SPD), eine 7-t\u00e4gige bildungspolitische Fahrt in die Bundeshauptstadt Berlin. Angesprochen sind Jugendliche und junge Erwachsene ab 15 Jahre, die von der lebendigen Stadt Berlin bereits fasziniert sind oder diese gerne kennenlernen m\u00f6chten. Die Fahrt findet in den Herbstferien <strong>vom 28. September bis 5. Oktober 2019<\/strong> statt. <\/p>\n\n\n\n<p>Bei individuellen\nBesuchen im Bundestag, Bundesrat und neu er\u00f6ffneten Bundesnachrichtendienst\ngewinnen die Teilnehmer Einblicke in die politische Praxis und Gremienarbeit.\nNeben dem Berlin von heute stehen die Geschehnisse des \u201ealten\u201c Berlins im\nBlickpunkt, bspw. der Besuch der Gedenkst\u00e4tten \u201eBernauer Stra\u00dfe\u201c,\n\u201eHohensch\u00f6nhausen\u201c oder \u201eDeutscher Widerstand\u201c.<\/p>\n\n\n\n<p>Gemeinsam geht es mit\ndem Fahrrad zu einer aktiven Stadtrundfahrt und einer Street Art Tour mit\nanschlie\u00dfendem Graffiti-Workshop. Fest gesetzt ist zudem der Besuch des\nImpro-Theaters in der \u201eBerliner Kabarett Anstalt. Nat\u00fcrlich bleibt auch Zeit,\ndie Stadt auf eigene Faust zu erkunden. Die Teilnehmergruppe wird als zeitlich\nbefristete Wohngemeinschaft, d.h. in Mehrbettzimmern und Wohnk\u00fcche in dem\nTagungshaus \u201eAlten Feuerwache\u201c, zusammenleben. Die Platzanzahl ist begrenzt,\ndaher lohnt sich eine schnelle Anmeldung.<\/p>\n\n\n\n<p><strong>Das\nAngebot auf einen Blick:<\/strong><\/p>\n\n\n\n<ul><li>Termin: Samstag, 28. September ab 8:00 Uhr bis Samstag, 5. Oktober am fr\u00fchen Abend<\/li><li>Teilnehmerbeitrag: 300 Euro, Inhaber*innen der Jugendleiter*innen-Card erm\u00e4\u00dfigt<\/li><li>Leistungen: An- und Abreise mit der Deutschen Bahn ab Bahnhof Germersheim, \u00dcbernachtungen mit Fr\u00fchst\u00fcck, ein 7-Tage-Ticket f\u00fcr S- &amp; U-Bahn, alle Eintrittsgelder des offiziellen Programms, Betreuung der Gruppe.<\/li><\/ul>\n\n\n\n<p>Anmeldung und Informationen ab sofort beim Kreisjugendamt Germersheim, Jeanette Zikko-Giessen, E-Mail <a href=\"j.zikko@kreis-germersheim.de\">j.zikko@kreis-germersheim.de<\/a>, Tel. 07274\/53-372.<\/p>\n\n\n\n<p><em>Text: Kreisverwaltung Germersheim Foto: S24N, dak<br>26.03.2019<\/em><\/p>\n\n\n\n<h2 class=\"wp-block-heading\">In den Ruhestand verabschiedet<\/h2>\n\n\n\n<div class=\"wp-block-image\"><figure class=\"aligncenter\"><img decoding=\"async\" loading=\"lazy\" width=\"800\" height=\"439\" src=\"https:\/\/speyer24news.com\/wp-content\/uploads\/2019\/03\/Verabschiedung-Ricarda-Rerich-Gruppenbild-1-a.jpg\" alt=\"\" class=\"wp-image-11234\" srcset=\"https:\/\/speyer24news.com\/wp-content\/uploads\/2019\/03\/Verabschiedung-Ricarda-Rerich-Gruppenbild-1-a.jpg 800w, https:\/\/speyer24news.com\/wp-content\/uploads\/2019\/03\/Verabschiedung-Ricarda-Rerich-Gruppenbild-1-a-300x165.jpg 300w, https:\/\/speyer24news.com\/wp-content\/uploads\/2019\/03\/Verabschiedung-Ricarda-Rerich-Gruppenbild-1-a-768x421.jpg 768w\" sizes=\"(max-width: 800px) 100vw, 800px\" \/><figcaption>Bei der Verabschiedung: Landrat Dr. Fritz Brechtel dankte Ricarda Rerich (4. von links). <\/figcaption><\/figure><\/div>\n\n\n\n<p><strong>Germersheim \/ Kreisverwaltung &#8211; <\/strong>47 Jahre war Ricarda Rerich in der Kreisverwaltung Germersheim t\u00e4tig, nun wurde sie von Landrat Dr. Fritz Brechtel im Rahmen einer kleinen Feierstunde in den Ruhestand verabschiedet. <\/p>\n\n\n\n<p>Ricarda\nRerich kam 1972 nach ihrem Schulabschluss zur Kreisverwaltung Germersheim, wo\nsie auch die Angestelltenpr\u00fcfung ablegte. Zun\u00e4chst war sie in der\nVerkehrsabteilung t\u00e4tig, bis sie 1984 in den Bereich Verwaltungspolizei und dann\n1991 in die Gesch\u00e4ftsstelle des Kreisrechtsausschusses wechselte. In der\nStabstelle S3 \u2013 Recht war sie nahezu 28 Jahre lang t\u00e4tig.<\/p>\n\n\n\n<p>Landrat\nDr. Fritz Brechtel dankte Ricarda Rerich f\u00fcr ihr langj\u00e4hriges Engagement und\nw\u00fcnschte ihr f\u00fcr die Zukunft alles erdenklich Gute. Die leitende staatliche\nBeamtin Tanja Koch, der Leiter der Stabstelle S3 Holger Mahlein, Personalchef\nRalph Lehr und der Personalratsvorsitzende Klemens Puderer schlossen sich dem\nDank und den guten W\u00fcnschen an.<\/p>\n\n\n\n<h2 class=\"wp-block-heading\">Landr\u00e4te und B\u00fcrgermeister \u00fcberschreiten Grenzen<\/h2>\n\n\n\n<h4 class=\"wp-block-heading\">Wanderung unter dem Motto \u201eDarum Europa!\u201c am 18. Mai 2019 &#8211; B\u00fcrgerinnen und B\u00fcrger sind herzlich zur gemeinsamen Wanderung eingeladen<\/h4>\n\n\n\n<figure class=\"wp-block-image\"><img decoding=\"async\" loading=\"lazy\" width=\"501\" height=\"658\" src=\"https:\/\/speyer24news.com\/wp-content\/uploads\/2019\/03\/Deutschfranz\u00f6sisch-1.jpg\" alt=\"\" class=\"wp-image-11233\" srcset=\"https:\/\/speyer24news.com\/wp-content\/uploads\/2019\/03\/Deutschfranz\u00f6sisch-1.jpg 501w, https:\/\/speyer24news.com\/wp-content\/uploads\/2019\/03\/Deutschfranz\u00f6sisch-1-228x300.jpg 228w\" sizes=\"(max-width: 501px) 100vw, 501px\" \/><\/figure>\n\n\n\n<p><strong>S\u00fcdpfalz \/ Wissembourg (F) &#8211; <\/strong>In diesem Jahr gehen acht Landr\u00e4te und B\u00fcrgermeister aus dem s\u00fcdlichen Rheinland-Pfalz gemeinsam \u00fcber Grenzen und laden die B\u00fcrgerinnen und B\u00fcrger herzlich ein, mit Ihnen gemeinsam zu wandern. Die Landr\u00e4te Dr. Fritz Brechtel (Germersheim), Clemens K\u00f6rner (Rhein-Pfalz-Kreis), Dietmar Seefeldt (S\u00fcdliche Weinstra\u00dfe), Dr. Susanne Ganster (S\u00fcdwestpfalz) Hans-Ulrich Ihlenfeld (Bad D\u00fcrkheim) und Ralf Le\u00dfmeister (Kaiserslautern) sowie die Oberb\u00fcrgermeister Thomas Hirsch (Landau) und Marc Weigel (Neustadt) organisieren dazu eine Sternfahrt \u00fcber die Grenze Deutschlands nach Wissembourg im benachbarten Frankreich. Von dort aus startet eine gemeinsame Wanderung. Um nochmals auf die anstehende Europa- und Kommunalwahl aufmerksam zu machen, findet die Grenzwanderung zusammen mit den dortigen franz\u00f6sischen Kollegen am Samstag, 18. Mai 2019, statt.<\/p>\n\n\n\n<p>Mit Bussen geht es aus\ndem jeweiligen Gebietsk\u00f6rperschaften nach Wissembourg. Wenn alle Beteiligten\ngegen 10.30 Uhr eingetroffen sind, startet die ca. einst\u00fcndige Wanderung\nentlang der Lauter \u00fcber Weiler nach St. Germanshof im Landkreis S\u00fcdwestpfalz.\nDort gibt es eine kleine Pause, wer m\u00f6chte kann sein Vesper einnehmen, ein\nkleiner Snack wird auch angeboten. Unterwegs erfahren die Mitwandernden am\nEuropadenkmal viel Wissenswertes. Anschlie\u00dfend fahren die Wanderer mit den\nBussen nach Niederbronn Les Bains und nehmen an den Feierlichkeiten zur\nEr\u00f6ffnung der frisch sanierten Jugendbegegnungsst\u00e4tte teil. Geplant ist auch\nein Besuch der Kriegsgr\u00e4berst\u00e4tte Niederbronn. Die Heimreise wird gegen 16 Uhr angetreten.<\/p>\n\n\n\n<p><strong>B\u00fcrgerinnen\nund B\u00fcrger aus dem Landkreis Germersheim, die mitwandern m\u00f6chte, k\u00f6nnen sich\nbis 3. Mai 2019 bei der Kreisverwaltung Germersheim, E-Mail:\nbuero-landrat@kreis-germersheim.de, Tel. 07274\/53-190, anmelden. Zustiegsm\u00f6glichkeiten\nin den Bus aus dem Landkreis Germersheim wird es in Germersheim und Kandel\ngeben. F\u00fcr die Busfahrt f\u00e4llt ein Entgelt in H\u00f6he von 5&nbsp;Euro an.<\/strong><\/p>\n\n\n\n<p>Im letzten Jahr sind die drei Landr\u00e4te Dr. Fritz Brechtel, Dietmar Seefeldt und Clemens K\u00f6rner zum ersten Mal gemeinsam im Bereich Hanhofen, Gommersheim und Schwegenheim \u00fcber ihre Grenzen gewandert. Mit dabei waren viele interessierte B\u00fcrgerinnen und B\u00fcrgern, die die Sch\u00f6nheit der Region erleben wollten. Die Idee schlug Wellen und so entstand der verbindende Gedanke, in diesem vergr\u00f6\u00dferten Kreis und gemeinsam mit franz\u00f6sischen Nachbarn zu wandern und den europ\u00e4ischen Gedanken zu leben.<\/p>\n\n\n\n<p><em>Kreisverwaltung Germersheim<br>26.03.2019<\/em><\/p>\n","protected":false},"excerpt":{"rendered":"<div class=\"mh-excerpt\"><p>Zu Gast bei der Eichenauer Heizelemente GmbH &amp; Co. KG in Hatzenb\u00fchl Wirtschaftsf\u00f6rderung Landkreis Germersheim: Weitere Station der Betriebserkundungs-Tournee2019 Hatzenb\u00fchl \/ Eichenauer Heizelemte GmbH &amp; Co. KG &#8211; An die drei Stunden verbrachte eine 15-k\u00f6pfige <a class=\"mh-excerpt-more\" href=\"https:\/\/speyer24news.com\/?p=11231\" title=\"Germersheim und Kreis GER:\">[&#8230;]<\/a><\/p>\n<\/div>","protected":false},"author":3,"featured_media":0,"comment_status":"open","ping_status":"open","sticky":false,"template":"","format":"standard","meta":{"_monsterinsights_skip_tracking":false,"_monsterinsights_sitenote_active":false,"_monsterinsights_sitenote_note":"","_monsterinsights_sitenote_category":0,"footnotes":""},"categories":[449],"tags":[456,729,728,452,210,722,725,684,685,723,724,726,727,458,523,457,224],"aioseo_notices":[],"amp_enabled":true,"_links":{"self":[{"href":"https:\/\/speyer24news.com\/index.php?rest_route=\/wp\/v2\/posts\/11231"}],"collection":[{"href":"https:\/\/speyer24news.com\/index.php?rest_route=\/wp\/v2\/posts"}],"about":[{"href":"https:\/\/speyer24news.com\/index.php?rest_route=\/wp\/v2\/types\/post"}],"author":[{"embeddable":true,"href":"https:\/\/speyer24news.com\/index.php?rest_route=\/wp\/v2\/users\/3"}],"replies":[{"embeddable":true,"href":"https:\/\/speyer24news.com\/index.php?rest_route=%2Fwp%2Fv2%2Fcomments&post=11231"}],"version-history":[{"count":1,"href":"https:\/\/speyer24news.com\/index.php?rest_route=\/wp\/v2\/posts\/11231\/revisions"}],"predecessor-version":[{"id":11252,"href":"https:\/\/speyer24news.com\/index.php?rest_route=\/wp\/v2\/posts\/11231\/revisions\/11252"}],"wp:attachment":[{"href":"https:\/\/speyer24news.com\/index.php?rest_route=%2Fwp%2Fv2%2Fmedia&parent=11231"}],"wp:term":[{"taxonomy":"category","embeddable":true,"href":"https:\/\/speyer24news.com\/index.php?rest_route=%2Fwp%2Fv2%2Fcategories&post=11231"},{"taxonomy":"post_tag","embeddable":true,"href":"https:\/\/speyer24news.com\/index.php?rest_route=%2Fwp%2Fv2%2Ftags&post=11231"}],"curies":[{"name":"wp","href":"https:\/\/api.w.org\/{rel}","templated":true}]}}