{"id":11274,"date":"2019-03-27T16:25:41","date_gmt":"2019-03-27T15:25:41","guid":{"rendered":"https:\/\/speyer24news.com\/?p=11274"},"modified":"2019-03-27T16:42:54","modified_gmt":"2019-03-27T15:42:54","slug":"hockenheim-2","status":"publish","type":"post","link":"https:\/\/speyer24news.com\/?p=11274","title":{"rendered":"Hockenheim:"},"content":{"rendered":"<style type=\"text\/css\">\r\n\t.ads_top_disp{}\r\n\t.ads_top_corner_disp{ float:left; margin:0px 10px 10px 0px; }\r\n\t.ads_first_p_disp{}\r\n\t.ads_bottom_disp{}\r\n\t<\/style>\n<h2 class=\"wp-block-heading\">Geheimnisse des Umspannwerks erkunden<\/h2>\n\n\n\n<div class=\"wp-block-image\"><figure class=\"aligncenter\"><img decoding=\"async\" loading=\"lazy\" width=\"800\" height=\"600\" src=\"https:\/\/speyer24news.com\/wp-content\/uploads\/2019\/03\/2019-03-27-Stadtwerke_Offene-T\u00fcr-Umspannwerk-Talhaus.jpg\" alt=\"\" class=\"wp-image-11285\" srcset=\"https:\/\/speyer24news.com\/wp-content\/uploads\/2019\/03\/2019-03-27-Stadtwerke_Offene-T\u00fcr-Umspannwerk-Talhaus.jpg 800w, https:\/\/speyer24news.com\/wp-content\/uploads\/2019\/03\/2019-03-27-Stadtwerke_Offene-T\u00fcr-Umspannwerk-Talhaus-300x225.jpg 300w, https:\/\/speyer24news.com\/wp-content\/uploads\/2019\/03\/2019-03-27-Stadtwerke_Offene-T\u00fcr-Umspannwerk-Talhaus-768x576.jpg 768w, https:\/\/speyer24news.com\/wp-content\/uploads\/2019\/03\/2019-03-27-Stadtwerke_Offene-T\u00fcr-Umspannwerk-Talhaus-678x509.jpg 678w, https:\/\/speyer24news.com\/wp-content\/uploads\/2019\/03\/2019-03-27-Stadtwerke_Offene-T\u00fcr-Umspannwerk-Talhaus-326x245.jpg 326w, https:\/\/speyer24news.com\/wp-content\/uploads\/2019\/03\/2019-03-27-Stadtwerke_Offene-T\u00fcr-Umspannwerk-Talhaus-80x60.jpg 80w\" sizes=\"(max-width: 800px) 100vw, 800px\" \/><figcaption>Noch verlassen, bald aber gut besucht: Beim Tag der Offenen T\u00fcr im Umspannwerk Talhaus kann die Anlage von au\u00dfen und innen erkundet werden. <\/figcaption><\/figure><\/div>\n\n\n\n<p><strong>Hockenheim \/ Umspannwerk Talhaus &#8211; <\/strong>Hockenheim feiert seine Namensherkunft im Lorscher Codex und die Stadtwerke jubeln mit. Sie haben aber noch einen weiteren Grund zum Feiern. Vor 100 Jahren ist das Stromnetz in Hockenheim aufgebaut worden. Die Stadtwerke Hockenheim laden aus diesem feierlichen Anlass alle interessierten B\u00fcrger zu einem Tag der Offenen T\u00fcr im Umspannwerk Talhaus ein. Er findet am <strong>Freitag, 12. April 2019<\/strong>, von 13 bis 17 Uhr, im Umspannwerk (Ecke Talhausstra\u00dfe &#8211; Pf\u00e4lzer Ring) statt. Die Besucher erhalten dort \u201espannende Einblicke\u201c in die Stromversorgung f\u00fcr die Haushalte und das Gewerbegebiet der Stadt. Der Eintritt ist frei.<\/p>\n\n\n\n<p>Die Veranstaltung wird um 13 Uhr von Oberb\u00fcrgermeister Dieter Gummer er\u00f6ffnet. Anschlie\u00dfend k\u00f6nnen die Besucher st\u00fcndlich um 13.15, 14.15, 15.15 und 16.15 Uhr an F\u00fchrungen f\u00fcr bis zu zehn Personen teilnehmen. Bei Bedarf wird eine parallele Tour angeboten. Die F\u00fchrungen geben einen Einblick in die t\u00e4gliche Arbeit der Stadtwerke und die technische Funktionsweise der Stromversorgung. Das Aquadrom sorgt f\u00fcr das leibliche Wohl. Die Band Speedy Gonzales umrahmt den Tag der Offenen T\u00fcr musikalisch. Parkpl\u00e4tze stehen neben dem Umspannwerk bei Pferdesport Kr\u00e4mer, ab 14 Uhr zus\u00e4tzlich an der Moschee zur Verf\u00fcgung.  Interessierte werden aus organisatorischen Gr\u00fcnden gebeten, sich <strong><em>bis 10. April 2019<\/em><\/strong> unter der E-Mail-Adresse <a href=\"info@stadtwerke-hockenheim.de\">info@stadtwerke-hockenheim.de<\/a> f\u00fcr eine der F\u00fchrungen anzumelden. <\/p>\n\n\n\n<p><em>Text: Stadtverwaltung Hockenheim Foto: Stadtwerke Hockenheim<br>27.03.2019<\/em><\/p>\n\n\n\n<h2 class=\"wp-block-heading\">Empfang am Vorabend der Stolpersteinverlegung<\/h2>\n\n\n\n<div class=\"wp-block-image\"><figure class=\"aligncenter\"><img decoding=\"async\" loading=\"lazy\" width=\"800\" height=\"615\" src=\"https:\/\/speyer24news.com\/wp-content\/uploads\/2019\/03\/2019-03-26-Verwaltung_Empfang-Stolpersteine.jpg\" alt=\"\" class=\"wp-image-11284\" srcset=\"https:\/\/speyer24news.com\/wp-content\/uploads\/2019\/03\/2019-03-26-Verwaltung_Empfang-Stolpersteine.jpg 800w, https:\/\/speyer24news.com\/wp-content\/uploads\/2019\/03\/2019-03-26-Verwaltung_Empfang-Stolpersteine-300x231.jpg 300w, https:\/\/speyer24news.com\/wp-content\/uploads\/2019\/03\/2019-03-26-Verwaltung_Empfang-Stolpersteine-768x590.jpg 768w\" sizes=\"(max-width: 800px) 100vw, 800px\" \/><figcaption>v.l.: Empfang am Vorabend der Stolpersteinverlegung im B\u00fcrgersaal: Klaus Brandenburger, Felicitas Offenloch-Brandenburger, B\u00fcrgermeister Thomas Jakob-Lichtenberg, Fanny und Hugo Halle, Renate Jung und Kurt Adelsberger  <\/figcaption><\/figure><\/div>\n\n\n\n<p><strong>Hockenheim \/ Rathaus &#8211; <\/strong>Am Vorabend der dritten Stolpersteinverlegung (27. M\u00e4rz 2019) empfing B\u00fcrgermeister Thomas Jakob-Lichtenberg im B\u00fcrgersaal des Rathauses Hockenheim Hugo und Fanny Halle. Hugo Halle nimmt als Nachfahre f\u00fcr seine verstorbenen Gro\u00dftanten Jeanette und Elise Halle an der Stolpersteinverlegung teil. Die Steine vor dem urspr\u00fcnglichen Wohnort der Familie Halle in der Heidelberger Stra\u00dfe 18 sollen an die Deportation der beiden j\u00fcdischen Frauen durch das NS-Regime erinnern. Hugo und Fanny Halle sind extra aus Buenos Aires (Argentinien) nach Hockenheim gereist, um ihren Gro\u00dftanten bei der Veranstaltung zu gedenken. Hugo Halle entkam der Deportation noch rechtzeitig, indem er 1938 nach Argentinien auswanderte.<\/p>\n\n\n\n<p>B\u00fcrgermeister Thomas Jakob-Lichtenberg berichtete Hugo und Fanny Halle \u00fcber die Entwicklung Hockenheims nach dem Zweiten Weltkrieg. Daf\u00fcr ist der B\u00fcrgersaal der richtige Ort. Er ist Ausdruck der Demokratie und der demokratischen Auseinandersetzung, sagte er. Anschlie\u00dfend \u00fcberreichte er ihnen ein Buch und eine Tafel Gute Schokolade als Geschenk. An der Begr\u00fc\u00dfung nahmen auch Felicitas Offenloch-Brandenburger, Klaus Brandenburger (beide Arbeitskreis \u201eJ\u00fcdische Geschichte\u201c) und Natascha Spahn (Stadtverwaltung Hockenheim) teil. Renate Jung (geb. Adelsberger) und Kurt Adelsberger, die beiden letzten Nachfahren j\u00fcdischer Familien, die in Hockenheim leben, waren auch anwesend. Anschlie\u00dfend fand ein Abendessen im Restaurant Rondeau statt, bei dem sich die Teilnehmer \u00fcber die Familiengeschichte Halle austauschten.<\/p>\n\n\n\n<p><em>Stadtverwaltung Hockenheim<br>27.03.2019<\/em><\/p>\n\n\n\n<h2 class=\"wp-block-heading\">Neunter \u201eDreck-weg-Tag\u201c<\/h2>\n\n\n\n<figure class=\"wp-block-image\"><img decoding=\"async\" loading=\"lazy\" width=\"800\" height=\"600\" src=\"https:\/\/speyer24news.com\/wp-content\/uploads\/2019\/03\/DSC09442-1.jpg\" alt=\"\" class=\"wp-image-11280\" srcset=\"https:\/\/speyer24news.com\/wp-content\/uploads\/2019\/03\/DSC09442-1.jpg 800w, https:\/\/speyer24news.com\/wp-content\/uploads\/2019\/03\/DSC09442-1-300x225.jpg 300w, https:\/\/speyer24news.com\/wp-content\/uploads\/2019\/03\/DSC09442-1-768x576.jpg 768w, https:\/\/speyer24news.com\/wp-content\/uploads\/2019\/03\/DSC09442-1-678x509.jpg 678w, https:\/\/speyer24news.com\/wp-content\/uploads\/2019\/03\/DSC09442-1-326x245.jpg 326w, https:\/\/speyer24news.com\/wp-content\/uploads\/2019\/03\/DSC09442-1-80x60.jpg 80w\" sizes=\"(max-width: 800px) 100vw, 800px\" \/><\/figure>\n\n\n\n<p><strong>Hockenheim &#8211;<\/strong> Der n\u00e4chste Dreck-weg-Tag in Hockenheim findet am <strong>Samstag, dem 30. M\u00e4rz,<\/strong> ab 10 Uhr statt. <\/p>\n\n\n\n<p>Der Startschuss f\u00fcr die zweist\u00fcndige Aktion f\u00e4llt auf dem Parkplatz der Rudolf-Harbig-Halle. Der Bauhof Hockenheim teilt dann die Helfer zun\u00e4chst in Gruppen f\u00fcr sechs Reinigungsbereiche auf. Au\u00dferdem wird Arbeitsmaterial wie M\u00fclls\u00e4cke, Greifzangen und Handschuhe ausgegeben. <\/p>\n\n\n\n<p>Nach dem Ende der Aktion sind alle Helfer ab 12 Uhr zu einem Mittagessen auf dem Waldfestplatz (Altes Fahrerlager) eingeladen. Bei Interesse an einer Teilnahme wird um vorherige Anmeldung bei der Stadtverwaltung Hockenheim, Fachbereich Bauen und Wohnen (Anita Keller, Telefon: 06205 21-318 oder Annette Stumpe, Telefon: 06205 21-314, E-Mail: <a href=\"info@hockenheim.de\">info@hockenheim.de<\/a>), gebeten.<\/p>\n\n\n\n<p><em>Text: Stadtverwaltung Hockenheim Foto: S24N, dak<br>27.03.2019<\/em><\/p>\n\n\n\n<h2 class=\"wp-block-heading\">15. Ausbildungstag in der Stadthalle Hockenheim<\/h2>\n\n\n\n<div class=\"wp-block-image\"><figure class=\"aligncenter\"><img decoding=\"async\" loading=\"lazy\" width=\"800\" height=\"534\" src=\"https:\/\/speyer24news.com\/wp-content\/uploads\/2019\/03\/2019-03-22-Verwaltung_Ausbildungstag_Bild-1.jpg\" alt=\"\" class=\"wp-image-11278\" srcset=\"https:\/\/speyer24news.com\/wp-content\/uploads\/2019\/03\/2019-03-22-Verwaltung_Ausbildungstag_Bild-1.jpg 800w, https:\/\/speyer24news.com\/wp-content\/uploads\/2019\/03\/2019-03-22-Verwaltung_Ausbildungstag_Bild-1-300x200.jpg 300w, https:\/\/speyer24news.com\/wp-content\/uploads\/2019\/03\/2019-03-22-Verwaltung_Ausbildungstag_Bild-1-768x513.jpg 768w\" sizes=\"(max-width: 800px) 100vw, 800px\" \/><figcaption> \u00dcber 1.000 meist junge Besucher haben sich beim Hockenheimer Ausbildungstag im letzten Jahr \u00fcber Lehrpl\u00e4tze informiert. <\/figcaption><\/figure><\/div>\n\n\n\n<p><strong>Hockenheim \/ Stadthalle &#8211; <\/strong>\u201eJugend braucht Zukunft, Zukunft braucht Jugend\u201c: Mit diesem Motto \u00f6ffnet der 15. Hockenheimer Ausbildungstag am <strong>Donnerstag, 11. April<\/strong>, von 9 bis 13 Uhr, in der Stadthalle Hockenheim seine T\u00fcren. Im vergangenen Jahr war die Veranstaltung f\u00fcr bis zu 1.000 Besucher der \u201eerste Schritt ins Berufsleben\u201c. Auf dem Ausbildungstag pr\u00e4sentieren knapp 40 Aussteller aus der Metropolregion Rhein-Neckar den Jugendlichen ihre Ausbildungsangebote. Diese umfassen klassische Ausbildungsberufe, schulische Angebote und Duale Studieng\u00e4ngen. Mehr als die H\u00e4lfte der Aussteller beim Ausbildungstag kommen aus Hockenheim und der Verwaltungsgemeinschaft.<\/p>\n\n\n\n<p>Die auf dem Hockenheimer Ausbildungstag\nvertretenen Arbeitgeber sind vielf\u00e4ltig: Engelbert Strauss GmbH &amp; Co. KG,\nSAP SE,&nbsp;ABB Training Center GmbH &amp; Co. KG, Mc Donalds Restaurant, das\nKarriereberatungsb\u00fcro der Bundeswehr und die Globus Betriebsst\u00e4tte sind nur\neinige Namen. Auch Hockenheimer Unternehmen wie aubex GmbH,&nbsp;Hotel\nMotodrom, Promens Hockenheim GmbH oder die Kleinert Logistik GmbH sind\nvertreten. Au\u00dferdem k\u00f6nnen sich die Besucher bei verschiedenen ausstellenden\nSchulen wie den Bernd Blindow-Schulen, dem beruflichen Gymnasium der\nMarkus-Schule, der Louise-Otto-Peters Schule, dem Bildungszentrum Gesundheit\nRhein-Neckar-GmbH \u2013 Pflegefachschule, dem Caritasverband oder der IHK\nRhein-Neckar \u00fcber die vielf\u00e4ltigen Ausbildungsm\u00f6glichkeiten informieren.<br><\/p>\n\n\n\n<p><strong>Stadt Hockenheim als Arbeitgeber mit an Bord<\/strong><\/p>\n\n\n\n<p>Die Stadt Hockenheim pr\u00e4sentiert sich ebenfalls als Arbeitgeber. Sie bietet eine breite Palette von Ausbildungsberufen in der Verwaltung und bei den Stadtwerken Hockenheim. Die M\u00f6glichkeiten reichen von einer Lehre zum Verwaltungsangestellten \u00fcber die Ausbildung zum Elektroniker f\u00fcr Energie- und Geb\u00e4udetechnik bis hin zu Dualen Bachelor-Studieng\u00e4ngen, beispielsweise f\u00fcr Soziale Arbeit. Neben den Firmenpr\u00e4sentationen k\u00f6nnen sich die Besucher des Hockenheimer Ausbildungstages in Fachvortr\u00e4gen, welche vom Carl-Friedrich-Gau\u00df-Gymnasium organisiert werden, \u00fcber weitere M\u00f6glichkeiten einer beruflichen Zukunft informieren.<\/p>\n\n\n\n<div class=\"wp-block-image\"><figure class=\"aligncenter\"><img decoding=\"async\" loading=\"lazy\" width=\"800\" height=\"506\" src=\"https:\/\/speyer24news.com\/wp-content\/uploads\/2019\/03\/2019-03-22-Verwaltung_Ausbildungstag_Bild-2.jpg\" alt=\"\" class=\"wp-image-11279\" srcset=\"https:\/\/speyer24news.com\/wp-content\/uploads\/2019\/03\/2019-03-22-Verwaltung_Ausbildungstag_Bild-2.jpg 800w, https:\/\/speyer24news.com\/wp-content\/uploads\/2019\/03\/2019-03-22-Verwaltung_Ausbildungstag_Bild-2-300x190.jpg 300w, https:\/\/speyer24news.com\/wp-content\/uploads\/2019\/03\/2019-03-22-Verwaltung_Ausbildungstag_Bild-2-768x486.jpg 768w\" sizes=\"(max-width: 800px) 100vw, 800px\" \/><figcaption>Neben Arbeitgebern aus der Wirtschaft pr\u00e4sentieren sich auch andere Beh\u00f6rden wie die Steuerverwaltung potenziellen Lehrlingen beim Hockenheimer Ausbildungstag.  <\/figcaption><\/figure><\/div>\n\n\n\n<p>Der Hockenheimer\nAusbildungstag ist keine klassische \u201eStellenb\u00f6rse\u201c. Er verfolgt das Ziel,\nJugendliche und ihre Eltern \u00fcber die Ausbildungsangebote von Unternehmen und\nEinrichtungen in der Region zu informieren. So besteht f\u00fcr viele die gute\nM\u00f6glichkeit, erstmals pers\u00f6nliche Kontakte zu potenziellen Lehrbetrieben zu\nkn\u00fcpfen. Dabei k\u00f6nnen sich Jugendliche Anregungen holen, was sie nach dem\nSchulabschluss eigentlich machen m\u00f6chten.<\/p>\n\n\n\n<p>Ein weiteres Ziel des Hockenheimer Ausbildungstages ist es, die regionale Wirtschaft zu st\u00e4rken. Sie ist angesichts des demographischen Wandels und des Wettbewerbs um qualifizierte Fachkr\u00e4fte zunehmend auf gut ausgebildeten Nachwuchs angewiesen. Dieser Bedarf spiegelt sich in den kontinuierlichen Teilnehmerzahlen bei den Ausstellern wider. Auch in diesem Jahr erhalten die Aussteller auf dem Hockenheimer Ausbildungstag einen kostenfreien Standplatz. Die Veranstaltung wird in enger Zusammenarbeit mit den weiterf\u00fchrenden Schulen in Hockenheim durchgef\u00fchrt.<\/p>\n\n\n\n<p><em>Text: Stadtverwaltung Hockenheim Foto: Stadtverwaltung Hockenheim \/ Fotografen Dorothea und Norbert Lenhardt<br>27.03.2019<\/em><\/p>\n\n\n\n<h2 class=\"wp-block-heading\">Ren\u00e9 Sydow und die B\u00fcrde des wei\u00dfen Mannes<\/h2>\n\n\n\n<div class=\"wp-block-image\"><figure class=\"aligncenter\"><img decoding=\"async\" loading=\"lazy\" width=\"500\" height=\"718\" src=\"https:\/\/speyer24news.com\/wp-content\/uploads\/2019\/03\/2019-03-26-Pumpwerk_Ren\u00e9-Sydow.jpg\" alt=\"\" class=\"wp-image-11283\" srcset=\"https:\/\/speyer24news.com\/wp-content\/uploads\/2019\/03\/2019-03-26-Pumpwerk_Ren\u00e9-Sydow.jpg 500w, https:\/\/speyer24news.com\/wp-content\/uploads\/2019\/03\/2019-03-26-Pumpwerk_Ren\u00e9-Sydow-209x300.jpg 209w\" sizes=\"(max-width: 500px) 100vw, 500px\" \/><figcaption>Der Kabarettist Ren\u00e9 Sydow berichtet im Pumpwerk Hockenheim bald \u00fcber die B\u00fcrde des wei\u00dfen Mannes. <\/figcaption><\/figure><\/div>\n\n\n\n<p><strong>Hockenheim \/ Pumpwerk &#8211; <\/strong>Der Kabarettist Ren\u00e9 Sydow kommt am <strong>Freitag, 5. April 2019<\/strong>, 20 Uhr, zu Besuch ins Kulturhaus Pumpwerk Hockenheim. Er pr\u00e4sentiert dort sein neues Programm \u201eDie B\u00fcrde des weisen Mannes\u201c. Warum wird die Welt nicht kl\u00fcger, wenn der Zugang zu Wissen noch nie so leicht war? Warum verarmen Menschen, bei all dem Reichtum der Welt? Woher kommen Hass, Fanatismus und Turbo-Abi? Wer ist schuld an diesem Elend, fragt sich Ren\u00e9 Sydow? In seinem Programm geht er etwas weniger laut, aber daf\u00fcr umso intensiver der Frage nach, was uns zum Menschen macht: Bildung? Wahlrecht? Oder doch nur freies WLAN? Zum Schreien traurig, schockierend lustig. Dunkel und hoffnungsvoll. Politisches Kabarett auf der H\u00f6he der Zeit.<\/p>\n\n\n\n<p>Einlass ab 19 Uhr. Karten zum Preis f\u00fcr 18 Euro (erm\u00e4\u00dfigt 16 Euro f\u00fcr Sch\u00fcler, Studenten und Schwerbehinderte) gibt es an allen bekannten Vorverkaufsstellen, in der Stadthalle Hockenheim (Telefon 06205 21190), im Kartenshop der Schwetzinger Zeitung, im Kiosk am Bahnhof Hockenheim und unter der Ticket-Hotline 06205 922625. Auf der Internetseite <a href=\"http:\/\/www.pumpwerk-hockenheim.de\">http:\/\/www.pumpwerk-hockenheim.de<\/a> k\u00f6nnen Karten auch online bestellt werden.<\/p>\n\n\n\n<p><em>Text: Stadtverwaltung Hockenheim \/ Jugend- und Kulturhaus Pumpwerk Foto:  Ren\u00e9 Sydow<br>27.03.2019<\/em><\/p>\n\n\n\n<h2 class=\"wp-block-heading\">\u00d6ffentliche Sitzung des Werkausschusses am 3. April 2019<\/h2>\n\n\n\n<p><strong>Hockenheim \/ Rathaus &#8211;<\/strong> Die n\u00e4chste Sitzung des Werkausschusses findet am Mittwoch, 3. April 2019, 17 Uhr, im B\u00fcrgersaal des Rathauses Hockenheim statt. Auf der Tagesordnung stehen folgende Punkte:<\/p>\n\n\n\n<ol><li>Beauftragung der Erneuerung der 110 kV-Anlagenteile im Umspannwerk Hockenheim, Vorlage: 81\/2019\/151<\/li><li>Mitteilungen der Verwaltung<\/li><li>Anfragen aus der Mitte des Gremiums<\/li><li>Anfragen aus dem Kreis der Zuh\u00f6rerinnen und Zuh\u00f6rer<\/li><\/ol>\n\n\n\n<p>Alle interessierten B\u00fcrger sind zur Sitzung herzlich eingeladen.<\/p>\n\n\n\n<p><em>Stadtverwaltung Hockenheim<br>27.03.2019<\/em><\/p>\n\n\n\n<h2 class=\"wp-block-heading\">N\u00e4chster Ausschuss f\u00fcr Technik, Umwelt und Verkehr am 1. April 2019<\/h2>\n\n\n\n<p><strong>Hockenheim \/ Rathaus &#8211; <\/strong>Am Montag, dem 1. April 2019, 17 Uhr, findet im B\u00fcrgersaal des Rathauses eine \u00f6ffentliche Sitzung des Ausschusses f\u00fcr Technik, Umwelt und Verkehr statt. Auf der Tagesordnung stehen folgende Punkte:<\/p>\n\n\n\n<ol><li>Querungshilfe \/ Drucktastenampel Waldstra\u00dfe \u2013\nCDU-Antrag vom 16.03.2018, Vorlage: 60.2\/2019\/037<\/li><li>Mitteilungen der Verwaltung<\/li><li>Anfragen aus der Mitte des Gremiums<\/li><li>Anfragen aus dem Kreis der Zuh\u00f6rerinnen und Zuh\u00f6rer<\/li><\/ol>\n\n\n\n<p>Alle interessierten B\u00fcrger sind zur Sitzung herzlich eingeladen.<\/p>\n\n\n\n<p><em>Stadtverwaltung Hockenheim<br>27.03.2019<\/em><\/p>\n\n\n\n<h2 class=\"wp-block-heading\">Gemeindewahlausschuss tagt<\/h2>\n\n\n\n<p><strong>Hockenheim \/ Rathaus &#8211; <\/strong>Der Gemeindewahlausschuss f\u00fcr die Europa- und Kommunalwahlen trifft sich am <strong>Freitag, 29. M\u00e4rz 2019<\/strong>, um 14 Uhr, im B\u00fcrgersaal des Rathauses Hockenheim zu seiner ersten Sitzung. <\/p>\n\n\n\n<p>Auf der Tagesordnung steht neben der Verpflichtung der Ausschussmitglieder die Pr\u00fcfung und Zulassung der eingegangenen Wahlvorschl\u00e4ge f\u00fcr die Gemeinderatswahl. <\/p>\n\n\n\n<p>Alle interessierten B\u00fcrger sind dazu herzlich eingeladen.<\/p>\n\n\n\n<p><em>Stadtverwaltung Hockenheim<br>27.03.2019<\/em><\/p>\n\n\n\n<h2 class=\"wp-block-heading\">Teenieflohmarkt im Pumpwerk<\/h2>\n\n\n\n<div class=\"wp-block-image\"><figure class=\"aligncenter\"><img decoding=\"async\" loading=\"lazy\" width=\"800\" height=\"600\" src=\"https:\/\/speyer24news.com\/wp-content\/uploads\/2019\/03\/Pumpwerk-Hockenheim.jpg\" alt=\"\" class=\"wp-image-11277\" srcset=\"https:\/\/speyer24news.com\/wp-content\/uploads\/2019\/03\/Pumpwerk-Hockenheim.jpg 800w, https:\/\/speyer24news.com\/wp-content\/uploads\/2019\/03\/Pumpwerk-Hockenheim-300x225.jpg 300w, https:\/\/speyer24news.com\/wp-content\/uploads\/2019\/03\/Pumpwerk-Hockenheim-768x576.jpg 768w, https:\/\/speyer24news.com\/wp-content\/uploads\/2019\/03\/Pumpwerk-Hockenheim-678x509.jpg 678w, https:\/\/speyer24news.com\/wp-content\/uploads\/2019\/03\/Pumpwerk-Hockenheim-326x245.jpg 326w, https:\/\/speyer24news.com\/wp-content\/uploads\/2019\/03\/Pumpwerk-Hockenheim-80x60.jpg 80w\" sizes=\"(max-width: 800px) 100vw, 800px\" \/><\/figure><\/div>\n\n\n\n<p> <strong>Hockenheim \/ Pumpwerk &#8211; <\/strong> Das Kinder- und Jugendb\u00fcro Pumpwerk veranstaltet am Samstag, dem <strong>30. M\u00e4rz 2019<\/strong>, von 11 bis 13 Uhr einen Teenieflohmarkt auf dem Au\u00dfengel\u00e4nde. Verkauft werden Kleidung ab Gr\u00f6\u00dfe 128 und Spielsachen von den Teenies selbst oder ihren Eltern. Das Pumpwerkbistro hat auch wieder ge\u00f6ffnet. Im Angebot sind Hotdogs, Kuchen, Kaffee und kalte Getr\u00e4nke. Der Aufbau erfolgt ab zehn Uhr. Die Standgeb\u00fchr betr\u00e4gt sieben Euro. Tische sind selbst mitzubringen. Bei Regen f\u00e4llt der Flohmarkt aus.<\/p>\n\n\n\n<p>Anmeldungen werden beim Kinder- und Jugendb\u00fcro Pumpwerk gerne unter der Telefonnummer 06205 10 00 62 oder per E-Mail unter <a href=\"kjbuero@pumpwerk-hockenheim.de\">kjbuero@pumpwerk-hockenheim.de<\/a> entgegen genommen.<\/p>\n\n\n\n<p><em>Text: Stadtverwaltung Hockenheim \/ Jugend- und Kulturhaus Pumpwerk Foto: S24N, dak<br>27.03.2019<\/em><\/p>\n\n\n\n<h2 class=\"wp-block-heading\">Der B\u00e4r macht alle gesund<\/h2>\n\n\n\n<div class=\"wp-block-image\"><figure class=\"aligncenter\"><img decoding=\"async\" loading=\"lazy\" width=\"600\" height=\"540\" src=\"https:\/\/speyer24news.com\/wp-content\/uploads\/2019\/03\/2019-03-21-Pumpwerk_Blinklichtertheater.jpg\" alt=\"\" class=\"wp-image-11276\" srcset=\"https:\/\/speyer24news.com\/wp-content\/uploads\/2019\/03\/2019-03-21-Pumpwerk_Blinklichtertheater.jpg 600w, https:\/\/speyer24news.com\/wp-content\/uploads\/2019\/03\/2019-03-21-Pumpwerk_Blinklichtertheater-300x270.jpg 300w\" sizes=\"(max-width: 600px) 100vw, 600px\" \/><figcaption> Kleine Besucher kommen bei dem Theaterst\u00fcck \u201eIch mach dich gesund, sagte der B\u00e4r\u201c im Pumpwerk Hockenheim auf ihre Kosten. <\/figcaption><\/figure><\/div>\n\n\n\n<p><strong>Hockenheim \/ Pumpwerk &#8211; <\/strong>Kleine Besucher kommen bei dem <strong>Blinklichter-Kindertheater \u201eIch mach dich gesund, sagte der B\u00e4r\u201c <\/strong>am <strong>Samstag, 30. M\u00e4rz 2019<\/strong>, 15 Uhr, im Pumpwerk Hockenheim auf ihre Kosten. Das St\u00fcck von Janosch erz\u00e4hlt von einem kleinen Tiger. Er kommt aus dem Wald gehumpelt und ist krank. Sein Freund der B\u00e4r verspricht ihm: \u201eIch mach dich gesund\u201c. Er verbindet ihn von Kopf bis Fu\u00df, kocht ihm seine Leibspeise, sorgt f\u00fcr Besuch von Tante Gans und dem Hasen mit den schnellen Schuhen. Doch dem kleinen Tiger geht es nicht besser, und er muss ins Krankenhaus f\u00fcr Tiere, und all seine Freunde kommen mit. Doktor Walterfrosch kennt sich aus: \u201eStelle fest, dem kleinen Tiger ist ein Streifen verrutscht.\u201c Alles halb so schlimm.<\/p>\n\n\n\n<p>Ein Theaterst\u00fcck \u00fcber das Kranksein und\nvor allem \u00fcber das Gesundwerden. Es erz\u00e4hlt auf spielerische Weise von\nArztbesuchen und nimmt Kindern die Angst vor Arzt und Krankenhaus. Es\nvermittelt Herzensn\u00e4he und was es hei\u00dft, Freunde zu haben, die f\u00fcreinander da\nsind. Ein Kinderst\u00fcck mit herrlich sympathischen originellen Stofftieren,\ninszeniert mit viel Musik und Spiel: Janoschs Traumstunde eben.<\/p>\n\n\n\n<p>Karten f\u00fcr Kinder ab drei Jahren sind f\u00fcr f\u00fcnf Euro an allen bekannten Vorverkaufsstellen, in der Stadthalle Hockenheim (Telefon 06205 21190), im Kartenshop der Schwetzinger Zeitung, im Kiosk am Bahnhof Hockenheim sowie unter der Ticket-Hotline 06205 922625 erh\u00e4ltlich. Auf der Internetseite <a href=\"http:\/\/www.pumpwerk-hockenheim.de\">http:\/\/www.pumpwerk-hockenheim.de<\/a> k\u00f6nnen Karten auch online bestellt werden.<\/p>\n\n\n\n<p><em>Text: Stadtverwaltung Hockenheim \/ Jugend- und Kulturhaus Pumpwerk Foto: Blinklichter Theater<br>27.03.2019<\/em><\/p>\n\n\n\n<h2 class=\"wp-block-heading\">Nessi Tausendsch\u00f6n im Zenit<\/h2>\n\n\n\n<div class=\"wp-block-image\"><figure class=\"aligncenter\"><img decoding=\"async\" loading=\"lazy\" width=\"500\" height=\"750\" src=\"https:\/\/speyer24news.com\/wp-content\/uploads\/2019\/03\/2019-03-22-Pumpwerk_Nessi-Tausendsch\u00f6n.jpg\" alt=\"\" class=\"wp-image-11282\" srcset=\"https:\/\/speyer24news.com\/wp-content\/uploads\/2019\/03\/2019-03-22-Pumpwerk_Nessi-Tausendsch\u00f6n.jpg 500w, https:\/\/speyer24news.com\/wp-content\/uploads\/2019\/03\/2019-03-22-Pumpwerk_Nessi-Tausendsch\u00f6n-200x300.jpg 200w\" sizes=\"(max-width: 500px) 100vw, 500px\" \/><\/figure><\/div>\n\n\n\n<p><strong>Hockenheim \/  Kulturhaus Pumpwerk &#8211; <\/strong> Menschen wollen lachen. Damit kommen sie mit dem Programm \u201e30 Jahre Zenit, Operation \u201eGoldene Nase\u201c von Nessi Tausendsch\u00f6n am <strong>Samstag, 30. M\u00e4rz 2019<\/strong>, 20 Uhr, im Pumpwerk Hockenheim voll auf ihre Kosten. Menschen wollen gl\u00fccklich sein und nicht immer nur hadern. Aber oft eben doch auch. Und genau das ist es, was abends auf Kabarettb\u00fchnen im besten Fall passiert: Elegantes, kluges und sch\u00f6nes Hadern mit den gro\u00dfen, aber auch mit den kleinen Themen des Lebens. Scheitern als Schanze, Erfolg durch Zufall, Gl\u00fcck als Resultat kontinuierlichen Strebens nach Erkenntnis. Daf\u00fcr steht Nessi Tausendsch\u00f6n. Sie ist seit 30 Jahren als Kabarettistin nicht von der B\u00fchne zu bomben.<\/p>\n\n\n\n<p>Drei Jahrzehnte mond\u00e4n kultiviertes \u201eSchabrackentum\u201c,\ngeschmeidige Gro\u00df- und Kleinkunst, Verbl\u00fcffungstanz, melancholische\nZerknirschungslyrik und sch\u00f6ne Musik. Wenn Nessi die Br\u00fcche des Lebens zelebriert,\ndann erwachen selbst die Seelenblinden im Publikum aus der distanzierten\nErstarrung. Dann verwischen sich die Grenzen zwischen innerer, erinnerter\nseelischer Realit\u00e4t und \u00e4u\u00dferer leibhaftiger Gegenwart, zwischen \u00d6ffentlichkeit\nund Privatem, ja Intimem und kein Auge bleibt trocken. Kurz gesagt: Nessi hat\nals Kabarettistin eine Zunge wie eine Reitpeitsche, als S\u00e4ngerin aber eine\nStimme wie ein Engel. Eine wunderbare Kombination.<\/p>\n\n\n\n<p>Nessi Tausendsch\u00f6n ist eine echte \u201ePlatzhirschin\u201c der deutschen Kleinkunstszene. Man kennt sie aus Fernsehen und Radio, vom Satiregipfel oder als regelm\u00e4\u00dfiger Gast bei Gerburg Jahnkes \u201eLadies Night\u201c im WDR, der ARD oder in \u201eDie Anstalt\u201c im ZDF. Der Vollst\u00e4ndigkeit halber sei gesagt, dass 30 Jahre B\u00fchnen-Dasein an Frau Tausendsch\u00f6n aber auch nicht spurlos vor\u00fcber gegangen sind: Sie ist Tr\u00e4gerin des Deutschen Kleinkunstpreises und des Salzburger Stiers. Karten f\u00fcr 18 Euro (erm\u00e4\u00dfigt 16 Euro f\u00fcr Sch\u00fcler, Studenten und Schwerbehinderte) gibt es an allen bekannten Vorverkaufsstellen, in der Stadthalle Hockenheim (Telefon 06205 21190), im Kartenshop der Schwetzinger Zeitung, im Kiosk am Bahnhof Hockenheim sowie unter der Ticket-Hotline 06205 922625. Auf der Internetseite <a href=\"http:\/\/www.pumpwerk-hockenheim.de\">http:\/\/www.pumpwerk-hockenheim.de<\/a> k\u00f6nnen Karten auch online bestellt werden. <\/p>\n\n\n\n<p><em>Text: Stadtverwaltung Hockenheim \/ Jugend- und Kulturhaus Pumpwerk Foto: Nessi Tausendsch\u00f6n<br>27.03.2019<\/em><\/p>\n\n\n\n<h2 class=\"wp-block-heading\">Hommage mit \u201eFogerty live\u201c<\/h2>\n\n\n\n<div class=\"wp-block-image\"><figure class=\"aligncenter\"><img decoding=\"async\" loading=\"lazy\" width=\"330\" height=\"182\" src=\"https:\/\/speyer24news.com\/wp-content\/uploads\/2019\/03\/Pumpwerk-2.png\" alt=\"\" class=\"wp-image-11281\" srcset=\"https:\/\/speyer24news.com\/wp-content\/uploads\/2019\/03\/Pumpwerk-2.png 330w, https:\/\/speyer24news.com\/wp-content\/uploads\/2019\/03\/Pumpwerk-2-300x165.png 300w\" sizes=\"(max-width: 330px) 100vw, 330px\" \/><\/figure><\/div>\n\n\n\n<p><strong>Hockenheim \/  Kulturhaus Pumpwerk &#8211; <\/strong>Die G\u00e4ste im Kulturhaus Pumpwerk Hockenheim erwartet mit \u201eFogerty Live\u201c ein Konzert der besonderen Art. Es handelt sich dabei um eine Hommage an die \u201eCreedence Clearwater Revival Band, einer kalifornische Kultformation der 1970-er Jahre. Sie hat mit ihrem Gitarristen und S\u00e4nger John Fogerty Musikgeschichte geschrieben hat. Das Konzert findet am <strong>Freitag, 29. M\u00e4rz 2019<\/strong>, 20.30 Uhr, im Kulturhaus Pumpwerk Hockenheim statt.<\/p>\n\n\n\n<p>Karten sind zum Preis f\u00fcr zw\u00f6lf Euro im Vorverkauf an allen bekannten Vorverkaufsstellen, in der Stadthalle Hockenheim (Telefon 06205 21190), im Kartenshop der Schwetzinger Zeitung, im Kiosk am Bahnhof Hockenheim sowie unter der Ticket-Hotline 06205 922625 erh\u00e4ltlich. Sie kosten 14 Euro an der Abendkasse. Auf der Internetseite <a href=\"http:\/\/www.pumpwerk-hockenheim.de\">http:\/\/www.pumpwerk-hockenheim.de<\/a> k\u00f6nnen Karten auch online bestellt werden.<\/p>\n\n\n\n<p><em>Stadtverwaltung Hockenheim \/ Jugend- und Kulturhaus Pumpwerk<br>27.03.2019<\/em><\/p>\n\n\n\n<h2 class=\"wp-block-heading\">Veranstaltungen in der Stadtbibliothek<\/h2>\n\n\n\n<h3 class=\"wp-block-heading\">Reise nach England und in Traumwelten<\/h3>\n\n\n\n<p><strong>Hockenheim \/ Stadtbibliothek &#8211; <\/strong>Die Stadtbibliothek Hockenheim bietet im April einen bunten Strau\u00df an Veranstaltungen f\u00fcr ihre Besucher an. Dabei kommen erwachsene und j\u00fcngere \u201eSemester\u201c auf ihre Kosten. Der Startschuss f\u00e4llt mit dem \u201e<strong>Buchtrip\u201c am Freitag, 5. April 2019<\/strong>, 19.30 Uhr, in der Zehntscheune. Er entf\u00fchrt die Teilnehmer dieses Mal nach England. In bew\u00e4hrter Manier haben Rosa Gr\u00fcnstein und Thomas Liebscher Geschichten ausgew\u00e4hlt, die mitten ins pralle und anstrengende Londoner Leben f\u00fchren. Sie fesseln die Leser mit hoher literarischer Qualit\u00e4t.<\/p>\n\n\n\n<p>Die Werke beim \u201eBuchtrip\u201c sind unterhaltsam und spannend. Sie erz\u00e4hlen\neine m\u00e4rchenhafte Geschichte um kleine Leute in einer Londoner Stra\u00dfe, ein\nAgententhriller mit Slapstick-Szenen und \u00fcber die Finanzkrise im Jahr 2008. Dazu\ngeh\u00f6rt das Buch \u201eEin untadeliger Mann\u201c von Jane Gardam. Darin erinnert sich ein\nWitwer an sein bewegtes Leben in vielen Teilen der Welt. In die 1980-er Jahre\nund in den Plattenladen eines einf\u00fchlsamen Mannes f\u00fchrt die zauberhafte\nStadtteil- und Liebesgeschichte \u201eMister Franks fabelhaftes Talent f\u00fcr Harmonie\u201c\nvon Rachel Joyce. Ein Bestsellerautor ist John Lanchester: Er schafft es mit\nGesp\u00fcr f\u00fcr gro\u00dfe Unterhaltung den Zeitgeist einzufangen. Im Buch \u201eKapital\u201c\nf\u00fchrt er in die Zeit der gro\u00dfen Finanzkrise um 2008 und stellt viele Schicksale\nvor. Schlie\u00dflich pr\u00e4sentiert der Buchtrip noch \u201eSlow Horses\u201c von Mick Herron. Hinter\nden \u201elahmen G\u00e4ulen\u201c steckt ein schon kultiger Krimi um einem fr\u00fcheren\nGeheimagenten.<\/p>\n\n\n\n<p>Karten f\u00fcr den \u201eBuchtrip\u201c sind zum Preis von 15 Euro erh\u00e4ltlich. Darin sind Getr\u00e4nke und ein Imbiss enthalten. Kartenreservierung sind unter der Telefonnummer 06205 21-666 oder -665 sowie per E-Mail (<a href=\"stadtbibliothek@hockenheim.de\">stadtbibliothek@hockenheim.de<\/a>) erh\u00e4ltlich. Reservierungen sind auch in der Buchhandlung Gansler (Rathausstra\u00dfe 2, Telefon 06205 7300) m\u00f6glich.<\/p>\n\n\n\n<h3 class=\"wp-block-heading\">Veranstaltungen f\u00fcr Kinder<\/h3>\n\n\n\n<p>F\u00fcr Kinder findet am <strong>Samstag, 6. April 2019<\/strong>, 10.30 Uhr, das <strong>Bilderbuchkino \u201eDie gro\u00dfe W\u00f6rterfabrik\u201c<\/strong> von Agnes de Lestrade und Valeria Docampo. Die Geschichte erz\u00e4hlt von einem Land, in dem die Menschen fast gar nicht reden. In diesem sonderbaren Land muss man die W\u00f6rter kaufen und sie schlucken, um sie aussprechen zu k\u00f6nnen. Der kleine Paul braucht dringend W\u00f6rter, um der h\u00fcbschen Marie sein Herz zu \u00f6ffnen. Aber wie soll er das machen? Denn f\u00fcr all das, was er ihr gerne sagen w\u00fcrde, br\u00e4uchte er ein Verm\u00f6gen.<\/p>\n\n\n\n<p>Am <strong>Samstag, 13. April 2019<\/strong>, 10.30 Uhr, folgt das <strong>Kamishibai <\/strong>mit <strong>\u201eIch hab dich zum Fressen gern\u201c<\/strong> von Sylviane Donnio. Zum Inhalt: Wozu sind gute Freunde da? Zum Lachen und Tanzen, zum Hegen und Pflegen, zum Gedanken entwirren und zum Pferdestehlen. Genau davon erz\u00e4hlt dieses kleine Buch. Zwei liebevoll gestaltete Monster gehen auf knapp 50 Seiten gemeinsam durch dick und d\u00fcnn. Eine Freude f\u00fcr alle, die auf ganz besondere Weise etwas \u00fcber Freundschaft erfahren m\u00f6chten. Ein guter Freund ist ein Geschenk des Himmels. Man sollte dankbar sein und sich freuen. Genau dabei hilft dieses Buch und bereichert alle Leser, die gerne fr\u00f6hlich sind.<\/p>\n\n\n\n<p>Das <strong>Vorlesen mit der Vorlesepatin<\/strong> beschlie\u00dft den Monat. Sie pr\u00e4sentiert am <strong>Samstag, 27. April 2019<\/strong>, 10.30 Uhr, das Bilderbuch<strong> \u201eEin L\u00f6we in der Bibliothek\u201c<\/strong> von Michelle Knudsen und Kevin Hawkes. In einer Bibliothek gibt es Regeln. Und die gelten auch f\u00fcr L\u00f6wen. Die strenge Bibliotheksleiterin Frau Pepper achtet peinlich genau auf die Einhaltung der Hausregeln. Doch als eines Tages ein L\u00f6we in der Bibliothek auftaucht, wei\u00df niemand so recht, was jetzt zu tun ist. Frau Pepper befindet, dass er bleiben darf \u2013 solange er sich an die Regeln h\u00e4lt. Und siehe da, der L\u00f6we benimmt sich vorbildlich. Er geht langsam, br\u00fcllt nicht, und in der M\u00e4rchenstunde h\u00f6rt er aufmerksam zu. Mehr noch: Er macht sich richtig n\u00fctzlich. Aber als etwas Schlimmes passiert, bricht der L\u00f6we s\u00e4mtliche Regeln. Was nun?<\/p>\n\n\n\n<h4 class=\"wp-block-heading\">Organisatorischer Hinweis<\/h4>\n\n\n\n<p>Der Eintritt zu den drei Kinderveranstaltungen ist frei. Einlass ist jeweils ab 10.25 Uhr m\u00f6glich. Nach Veranstaltungsbeginn ist kein Einlass mehr m\u00f6glich, um einen st\u00f6rungsfreien Ablauf zu gew\u00e4hrleisten.<\/p>\n\n\n\n<p><em>Stadtverwaltung Hockenheim \/ Stadtbibliothek<br>27.03.2019<\/em><\/p>\n","protected":false},"excerpt":{"rendered":"<div class=\"mh-excerpt\"><p>Geheimnisse des Umspannwerks erkunden Hockenheim \/ Umspannwerk Talhaus &#8211; Hockenheim feiert seine Namensherkunft im Lorscher Codex und die Stadtwerke jubeln mit. Sie haben aber noch einen weiteren Grund zum Feiern. Vor 100 Jahren ist das <a class=\"mh-excerpt-more\" href=\"https:\/\/speyer24news.com\/?p=11274\" title=\"Hockenheim:\">[&#8230;]<\/a><\/p>\n<\/div>","protected":false},"author":3,"featured_media":11275,"comment_status":"open","ping_status":"open","sticky":false,"template":"","format":"standard","meta":{"_monsterinsights_skip_tracking":false,"_monsterinsights_sitenote_active":false,"_monsterinsights_sitenote_note":"","_monsterinsights_sitenote_category":0,"footnotes":""},"categories":[489],"tags":[748,204,751,108,752,196,749,498,747,494,750,746],"aioseo_notices":[],"amp_enabled":true,"_links":{"self":[{"href":"https:\/\/speyer24news.com\/index.php?rest_route=\/wp\/v2\/posts\/11274"}],"collection":[{"href":"https:\/\/speyer24news.com\/index.php?rest_route=\/wp\/v2\/posts"}],"about":[{"href":"https:\/\/speyer24news.com\/index.php?rest_route=\/wp\/v2\/types\/post"}],"author":[{"embeddable":true,"href":"https:\/\/speyer24news.com\/index.php?rest_route=\/wp\/v2\/users\/3"}],"replies":[{"embeddable":true,"href":"https:\/\/speyer24news.com\/index.php?rest_route=%2Fwp%2Fv2%2Fcomments&post=11274"}],"version-history":[{"count":2,"href":"https:\/\/speyer24news.com\/index.php?rest_route=\/wp\/v2\/posts\/11274\/revisions"}],"predecessor-version":[{"id":11288,"href":"https:\/\/speyer24news.com\/index.php?rest_route=\/wp\/v2\/posts\/11274\/revisions\/11288"}],"wp:featuredmedia":[{"embeddable":true,"href":"https:\/\/speyer24news.com\/index.php?rest_route=\/wp\/v2\/media\/11275"}],"wp:attachment":[{"href":"https:\/\/speyer24news.com\/index.php?rest_route=%2Fwp%2Fv2%2Fmedia&parent=11274"}],"wp:term":[{"taxonomy":"category","embeddable":true,"href":"https:\/\/speyer24news.com\/index.php?rest_route=%2Fwp%2Fv2%2Fcategories&post=11274"},{"taxonomy":"post_tag","embeddable":true,"href":"https:\/\/speyer24news.com\/index.php?rest_route=%2Fwp%2Fv2%2Ftags&post=11274"}],"curies":[{"name":"wp","href":"https:\/\/api.w.org\/{rel}","templated":true}]}}