{"id":11289,"date":"2019-03-27T18:10:16","date_gmt":"2019-03-27T17:10:16","guid":{"rendered":"https:\/\/speyer24news.com\/?p=11289"},"modified":"2019-03-27T19:10:44","modified_gmt":"2019-03-27T18:10:44","slug":"polizeimeldungen-21","status":"publish","type":"post","link":"https:\/\/speyer24news.com\/?p=11289","title":{"rendered":"Polizeimeldungen"},"content":{"rendered":"<style type=\"text\/css\">\r\n\t.ads_top_disp{}\r\n\t.ads_top_corner_disp{ float:left; margin:0px 10px 10px 0px; }\r\n\t.ads_first_p_disp{}\r\n\t.ads_bottom_disp{}\r\n\t<\/style>\n<h2 class=\"wp-block-heading\">Polizeimeldungen vom Dienstag und Mittwoch ( 26.03. &amp; 27.03.2019)<\/h2>\n\n\n\n<div class=\"wp-block-image\"><figure class=\"aligncenter\"><img decoding=\"async\" src=\"https:\/\/speyer24news.com\/wp-content\/uploads\/2019\/03\/Aktuelles-Polizeilogo-3.jpg\" alt=\"\" class=\"wp-image-10749\"\/><\/figure><\/div>\n\n\n\n<h4 class=\"wp-block-heading\">(Speyer) &#8211; Mofa Fahrer leicht verletzt<\/h4>\n\n\n\n<p>Ein 17-j\u00e4hriger Mofa Fahrer bog am Dienstagabend von der Blaulstra\u00dfe nach rechts in die Burgstra\u00dfe ab und verlor dabei vermutlich aufgrund nicht angepasster Geschwindigkeit die Kontrolle \u00fcber sein  Fahrzeug. Bei dem folgenden Sturz trug er eine Sch\u00fcrwunde am Knie davon.  An dem Mofa war ein Versicherungskennzeichen aus dem Jahr 2017  angebracht. Gegen den Fahrer wird ein Fahrer wegen Versto\u00dfes gegen das  Pflichtversicherungsgesetz eingeleitet.<\/p>\n\n\n\n<h4 class=\"wp-block-heading\">(Speyer) &#8211; Zwei Fu\u00dfg\u00e4ngerinnen verletzt<\/h4>\n\n\n\n<p>Beim r\u00fcckw\u00e4rtigen Ausparken auf dem Parkplatz des Dehner Marktes am Dienstagnachmittag in der Auestra\u00dfe hat ein 23-j\u00e4hriger Golf Fahrer eine  Fu\u00dfg\u00e4ngerin \u00fcbersehen, die in diesem Moment hinter seinem Fahrzeug  vorbeilief. Durch den leichten Ansto\u00df verlor die 69-j\u00e4hrige Fu\u00dfg\u00e4ngerin  das Gleichgewicht und fiel auf eine hinter ihr laufende 74-j\u00e4hrige Frau.  Die 76-J\u00e4hrige st\u00fcrzte ebenfalls und zog sich dabei vermutlich eine  Unterschenkelfraktur zu. Sie wurde durch den Rettungsdienst in ein  Krankenhaus gebracht. Die 69-j\u00e4hrige Rentnerin hat sich leicht verletzt.  Sie verzichtete auf eine \u00e4rztliche Versorgung. <\/p>\n\n\n\n<h4 class=\"wp-block-heading\">(Speyer) &#8211; Schulwegkontrolle<\/h4>\n\n\n\n<p>Bei einer halbst\u00fcndigen Schulwegkontrolle am Dienstagmorgen an der Woogbachschule im Rainer-Maria-Rilke-Weg wurde acht Autofahrer beanstandet, die ihre Kinder nicht oder nicht richtig  angeschnallt hatten. Die Fahrer m\u00fcssen mit einem Verwarnungs- bzw.  Bu\u00dfgeld in H\u00f6he von 30 Euro bzw. 60 Euro und einem Punkt in Flensburg  rechnen. <\/p>\n\n\n\n<h4 class=\"wp-block-heading\">(Speyer) &#8211; Fahrt unter Drogeneinfluss<\/h4>\n\n\n\n<p>Bei der Kontrolle eines Honda Jazz am Montagabend in der Dudenhofer Stra\u00dfe wurden bei dem Fahrer drogentypische Auff\u00e4lligkeiten festgestellt. Der 24-J\u00e4hrihge stritt auf Nachfrage den Konsum von Bet\u00e4ubungsmitteln ab. Ein freiwillig durchgef\u00fchrter Drogentest verlief allerdings positiv. Dem jungen Mann wurde eine Blutprobe entnommen und  die Weiterfahrt untersagt. <\/p>\n\n\n\n<h4 class=\"wp-block-heading\">(Speyer) &#8211; PKW Brand<\/h4>\n\n\n\n<p>\u00dcber die integrierte Leitstelle wurde am Montagnachmittag ein brennender PKW auf dem Parkplatz des Edeka Marktes in der Stra\u00dfe &#8222;Am  R\u00fcbsamenw\u00fchl&#8220; gemeldet. Vor Ort wurde der Halter angetroffen. Aus dem  Motorraum des Audi schlugen kleinere Flammen, die durch den Halter  selbst schnell gel\u00f6scht werden konnten. Es handelte sich offenbar um  einen technischen Defekt. Die Feuerwehr Speyer war mit einem Fahrzeug  und f\u00fcnf Einsatzkr\u00e4ften vor Ort. Die genaue Schadensh\u00f6he ist derzeit  nicht bekannt. <\/p>\n\n\n\n<h4 class=\"wp-block-heading\">(Speyer\/R\u00f6merberg) &#8211; Fahrraddiebe unterwegs<\/h4>\n\n\n\n<p>In der Zeit vom 21.3. &#8211; 25.3.2018 wurden bei der  Polizeiinspektion f\u00fcnf Fahrraddiebst\u00e4hle angezeigt. In der Nacht vom 21.\/23.3.2018 entwendeten Unbekannte in R\u00f6merberg in der Heiligensteiner  Stra\u00dfe ein 18-Gang Herrenrad der Marke Lakes Arco im Wert von 385 Euro  und ein 21-Gang Damenfahrrad der Marke Viktoria, Wert 100 Euro. Drei  weitere R\u00e4der wurden im Zeitraum vom 21. &#8211; 25.2.2018 in Speyer entwendet: in der Bahnhofstra\u00dfe ein Mountainbike der Marke Giant, Wert von 355 Euro, in der Bahnhofstra\u00dfe ein 21-Gang Rad der Marke Bulls im Wert von 400 Euro und in der Wormser Landstra\u00dfe ein rotes Trekkingrad Marke Lakes, Wert 500 Euro. Um es den Fahrraddieben m\u00f6glichst schwer zu machen empfiehlt die Polizei, das Fahrrad mit einem stabilen B\u00fcgelschloss oder einem Panzerkabel an einem belebten, gut einsehbaren Ort anzuschlie\u00dfen. <\/p>\n\n\n\n<h4 class=\"wp-block-heading\">(Schifferstadt) &#8211; Unfall unter Alkoholeinfluss<\/h4>\n\n\n\n<p>Am sp\u00e4ten Dienstagabend gegen 23:10 Uhr kollidierte ein 34-j\u00e4hriger  Autofahrer in der J\u00e4gerstra\u00dfe mit einem geparkten Fahrzeug. Bei der  Unfallaufnahme stellten die Polizeibeamten Hinweise auf den Konsum von  Alkohol fest. Ein freiwillig durchgef\u00fchrter Atemalkoholtest ergab einen  Wert von 1,06 Promille. Der Unfallverursacher ist zur  Polizeidienststelle verbracht worden, wo ihm eine Blutprobe entnommen  wurde. Au\u00dferdem ist sein F\u00fchrerschein sichergestellt und die  F\u00fchrerscheinstelle \u00fcber den Vorfall informiert worden. Ihn erwartet nun  ein Strafverfahren wegen der Gef\u00e4hrdung des Stra\u00dfenverkehrs. <\/p>\n\n\n\n<h4 class=\"wp-block-heading\">(Schifferstadt \/ Mutterstadt) &#8211; Geschwindigkeitsmessungen der Polizei<\/h4>\n\n\n\n<p>Beamte der Polizeiinspektion Schifferstadt haben am Montag mehrere  Lasermessungen durchgef\u00fchrt. Zwischen 08:30 und 10:15 Uhr ist die  Geschwindigkeit in der Burgstra\u00dfe in Schifferstadt \u00fcberwacht worden. 40  Verst\u00f6\u00dfe gegen die zul\u00e4ssige H\u00f6chstgeschwindigkeit von 30 km\/h sind  festgestellt und geahndet worden. Der Schnellste kam mit einer  Geschwindigkeit von 54 km\/h in die Kontrolle. Das zieht ein Bu\u00dfgeld in  H\u00f6he von 80 Euro und einen Punkt nach sich. Au\u00dferdem sind drei Verst\u00f6\u00dfe  gegen die Gurtpflicht geb\u00fchrenpflichtig verwarnt worden. Besonders  negativ ist ein Autofahrer aufgefallen, der seine beiden Kinder ohne  jegliche Sicherung im Fahrzeug hatte. In Mutterstadt ist im Anschluss  zwischen 11:15 und 13:00 Uhr in der Theodor-Heuss-Stra\u00dfe gemessen  worden. Hier haben die Beamten ebenfalls 40 Verst\u00f6\u00dfe gegen die zul\u00e4ssige  H\u00f6chstgeschwindigkeit von 30 km\/h und zwei Verst\u00f6\u00dfe gegen die  Gurtpflicht geahndet. Der Schnellste war hier mit 51 km\/h unterwegs, was  ebenfalls ein Bu\u00dfgeld in H\u00f6he von 80 Euro und einen Punkt nach sich  zieht. <\/p>\n\n\n\n<h4 class=\"wp-block-heading\">(Limburgerhof) &#8211; Unfall mit schwerverletztem Radfahrer<\/h4>\n\n\n\n<p>Am fr\u00fchen Montagabend gegen 18:35 Uhr ereignete sich in der  Sieglestra\u00dfe ein Verkehrsunfall, bei dem ein 87-j\u00e4hriger Radfahrer  schwer verletzt wurde. Nach bisherigen Ermittlungen missachtete der  Radfahrer an der Kreuzung Sieglestra\u00dfe \/ Vischerstra\u00dfe die Vorfahrt des  von rechts kommenden Pkw. Der Pkw erfasste ihn frontal und er schlug mit  dem Kopf auf die Windschutzscheibe auf. Einen Schutzhelm trug der  Radfahrer nicht. Bei Eintreffen der Polizei lag er bereits in einem  Krankenwagen. Angaben zum Unfallhergang konnte er zu diesem Zeitpunkt  keine machen. Der 87-j\u00e4hrige ist dann in ein Krankenhaus gebracht  worden. W\u00e4hrend der Unfallaufnahme haben die Polizeibeamten  Alkoholgeruch bei dem 70-j\u00e4hrigen Autofahrer wahrgenommen. Ein  freiwillig durchgef\u00fchrter Atemalkoholtest ergab einen Wert von 0,91  Promille. Er ist daraufhin zur Dienststelle zur Entnahme einer Blutprobe  verbracht worden. Die F\u00fchrerscheinstelle wurde \u00fcber den Vorfall  informiert. <\/p>\n\n\n\n<h4 class=\"wp-block-heading\">(Dannstadt-Schauernheim) &#8211; Versuchter Einbruch in Feuerwehr-Ger\u00e4tehaus<\/h4>\n\n\n\n<p>Zwischen dem 23.03.2019, 19:00 Uhr und dem 25.03.2019, 17:30 Uhr,  versuchten bislang unbekannte T\u00e4ter in das Ger\u00e4tehaus der Freiwilligen  Feuerwehr einzubrechen. Entsprechende Hebelspuren konnten an der  Eingangst\u00fcr festgestellt werden. Der oder die T\u00e4ter scheiterten jedoch  bei dem Versuch. Zeugen, die Angaben zur Tat oder den T\u00e4tern machen  k\u00f6nnen bzw. verd\u00e4chtige Wahrnehmungen gemacht haben, werden gebeten,  sich mit der Polizei Schifferstadt unter 06235 495-0 oder <a href=\"mailto:pischifferstadt@polizei.rlp.de\">pischifferstadt@polizei.rlp.de<\/a> in Verbindung zu setzen. <\/p>\n\n\n\n<h4 class=\"wp-block-heading\">(Mutterstadt) &#8211; Motorradfahrer st\u00fcrzt auf regennasser Fahrbahn<\/h4>\n\n\n\n<p>Am Montagabend gegen 21:20 Uhr ist ein 17-j\u00e4hriger Fahrer eines  Leichtkraftrads zwischen Dannstadt-Schauernheim und Mutterstadt  gest\u00fcrzt. Wegen eines Fahrfehlers bei regennasser Fahrbahn verlor der  17-j\u00e4hrige die Kontrolle und fiel hin. Das Leichtkraftrad rutschte noch  \u00fcber den Boden und stie\u00df gegen einen Fahrbahnteiler. An dem Fahrzeug  entstand dadurch Totalschaden. Der Fahrer verletzte sich zum Gl\u00fcck nur  leicht, ist aber vorsorglich dennoch in ein Krankenhaus gebracht worden.  F\u00fcr die Dauer der Unfallaufnahme musste die Landesstra\u00dfe bis circa  22:10 Uhr voll gesperrt werden. <\/p>\n\n\n\n<h4 class=\"wp-block-heading\">(Mutterstadt) &#8211; Diebstahl von vier Fahrr\u00e4dern<\/h4>\n\n\n\n<p>Bislang unbekannte T\u00e4ter haben im Zeitraum zwischen Sonntagabend,  24.03.2019, 20:00 Uhr und Montagmorgen, 25.03.2019, 06:20 Uhr, vier  Fahrr\u00e4der aus einem frei zug\u00e4nglichen Garten im Pfalzring entwendet.  Zeugen, die Angaben zur Tat oder den T\u00e4tern machen k\u00f6nnen, werden  gebeten, sich mit der Polizei Schifferstadt unter 06235 495-0 oder <a href=\"mailto:pischifferstadt@polizei.rlp.de\">pischifferstadt@polizei.rlp.de<\/a> in Verbindung zu setzen. <\/p>\n\n\n\n<h4 class=\"wp-block-heading\">(Hanhofen) &#8211; Mofa Fahrer leicht verletzt<\/h4>\n\n\n\n<p>Leicht verletzt wurde am Montagnachmittag ein 15-j\u00e4hriger Mofa Fahrer  an der Einm\u00fcndung Schillerstra\u00dfe \/ Schulstra\u00dfe. Er befuhr  Schillerstra\u00dfe in Richtung Heinrich-von-Kleist-Stra\u00dfe und missachtete an  der Einm\u00fcndung zur Schulstra\u00dfe die Vorfahrt eines von rechts kommenden  Hyundai. Bei dem folgenden Zusammensto\u00df st\u00fcrzte der 15-J\u00e4hrige und zog  sich Sch\u00fcrwunden an Armen und Beinen zu. Eine \u00e4rztliche Behandlung lehnt  er ab. Bei dem Unfall entstand Sachschaden in H\u00f6he von 2300 Euro. <\/p>\n\n\n\n<h4 class=\"wp-block-heading\">(Schwegenheim) &#8211; Mit Promille und unter Drogeneinfluss gestanden<\/h4>\n\n\n\n<p>Drei Autofahrer standen unter dem Einfluss von Alkohol bzw. Drogen und  mussten gestern bei der Polizeidienststelle in Germersheim zur Blutprobe  antreten. Die Beamten der Polizeiinspektion f\u00fchrten die Kontrollen in  der Zeit von 16.30 bis 17.30 Uhr in Schwegenheim durch. Ein Autofahrer  hatte bei einem Atemalkoholtest ein Ergebnis von 1,15 Promille erzielt.  Ein weiterer Fahrzeugf\u00fchrer stand unter dem Einfluss von Cannabis. Bei  dem dritten Fahrer lag sowohl eine Alkohol-\/ als auch eine  Drogenbeeinflussung vor, der Drogentest reagierte positiv auf Cannabis.  Zudem hatte er vor Fahrtantritt Bier getrunken, ein Vortest erbrachte  einen Wert von 0.46 Promille. Alle drei Fahrzeugf\u00fchrer mussten ihr  Fahrzeug stehen lassen. <\/p>\n\n\n\n<h4 class=\"wp-block-heading\">(Bellheim) &#8211; Durchfahrtsverbot missachtet<\/h4>\n\n\n\n<p>Auf Grund zahlreicher B\u00fcrgerbeschwerden wurde am Dienstag in der Zeit  von 9.30 bis 12.45 Uhr durch Beamte des Polizeipr\u00e4sidiums Einsatz,  Logistik und Technik das Durchfahrtsverbot im Bereich der Hauptstra\u00dfe in  Bellheim \u00fcberwacht. Insgesamt hatten 39 Fahrer das Durchfahrtsverbot  missachtet, weiterhin war ein Kind nicht ordnungsgem\u00e4\u00df gesichert und  vier Fahrzeuge wegen entsprechender M\u00e4ngel beanstandet worden. <\/p>\n\n\n\n<h4 class=\"wp-block-heading\">(W\u00f6rth) &#8211; Diesel aus LKW abgezaft<\/h4>\n\n\n\n<p>Unbekannte T\u00e4ter entwendeten aus einem Tank ca. 400 Liter Diesel  Kraftstoff. Der Langholz-LKW war in dem Zeitraum vom 22.03.-25.03.2019  im Bereich der Pappelallee verschlossen abgestellt <\/p>\n\n\n\n<h4 class=\"wp-block-heading\">(Steinfeld) &#8211; In Vereinsheim eingebrochen<\/h4>\n\n\n\n<p>In der Nacht von Sonntag, 24.03.19 auf Montag, 25.03.19, brachen  bislang unbekannte T\u00e4ter in das Sportheim in Steinfeld ein. Hierbei  wurde ein Gesamtschaden in H\u00f6he von 750.- Euro angerichtet. Hinweise  bitte unter Telefon 06343-9334-0 oder per email unter <a href=\"mailto:pibadbergzabern@polizei.rlp.de\">pibadbergzabern@polizei.rlp.de<\/a> an die Polizeiinspektion Bad Bergzabern melden. <\/p>\n\n\n\n<h4 class=\"wp-block-heading\">(Bad Bergzabern) &#8211; Vorfahrt missachtet<\/h4>\n\n\n\n<p>Am Dienstag, 26.03.19, gegen 12:00 Uhr, befuhr die Fahrerin eins VW  Polo die Landauer Stra\u00dfe in Richtung Weinstra\u00dfe. An der Einm\u00fcndung  Landauer Stra\u00dfe\/Weinstra\u00dfe wollte die 50-J\u00e4hrige nach links in die  Weinstra\u00dfe abbiegen und \u00fcbersah hierbei den von links kommenden  bevorrechtigten 21-j\u00e4hrigen Fahrer eines Pkw Mercedes Benz. Beim  Zusammensto\u00df der beiden Fahrzeuge entstand ein Sachschaden in H\u00f6he von  2000.- Euro. Verletzt wurde bei dem Unfall niemand. <\/p>\n\n\n\n<h4 class=\"wp-block-heading\">(Bad Bergzabern) &#8211; Auffahrunfall mit Leichtverletzten<\/h4>\n\n\n\n<p>Am Dienstag, 26.03.19, gegen 09:45 Uhr, befuhr die Fahrerin eines Fiat  Tipo die Kapeller Stra\u00dfe in Richtung Kreisel am SBK. Aufgrund eines in  der Kapeller Stra\u00dfe abgestellten Fahrzeugs musste die 37-J\u00e4hrige die  Geschwindigkeit verringern. Der nachfolgende 48-j\u00e4hrige Fahrer eines VW  Touran bemerkte dies zu sp\u00e4t und fuhr infolge zu geringen  Sicherheitsabstandes auf. Hierbei erlitt die Fahrerin des Fiat Tipo  leichte Verletzungen. An den Fahrzeugen entstand ein Sachschaden in H\u00f6he  von 3100.- Euro. <\/p>\n\n\n\n<h4 class=\"wp-block-heading\">(Bad Bergzabern) &#8211; Vom Weg abgekommen<\/h4>\n\n\n\n<p>In der Zeit von Samstag, 23.09.19, 15:00 Uhr und Montag, 25.03.19,  15:30 Uhr, wurden in einem Weinberg oberhalb des Klinikums mehrere  Metallpf\u00e4hle besch\u00e4digt. Ein bislang unbekannter Fahrzeugf\u00fchrer kam vom  Landwirtschaftsweg ab und richtete einen Sachschaden in H\u00f6he von 500.-  Euro an. Anschlie\u00dfend entfernte sich der Unbekannte, ohne um den  Sachschaden zu k\u00fcmmern. Hinweise bitte unter Telefon 06343-93340 oder  per email unter <a href=\"mailto:pibadbergzabern@Polizei.rlp.de\">pibadbergzabern@Polizei.rlp.de<\/a> an die Polizeiinspektion Bad Bergzabern melden. <\/p>\n\n\n\n<h4 class=\"wp-block-heading\">(Bad Bergzabern) &#8211; Deckenleuchten entwendet<\/h4>\n\n\n\n<p>In der Zeit von 22.03.19 bis 25.03.19, wurden im \u00fcberdachten Vorhof des  Schulzentrums, mehrere Deckenleuchten entwendet. Die bislang  unbekannten T\u00e4ter d\u00fcrften zum Abmontieren eine Leiter benutzt haben. Der  Diebstahlschaden bel\u00e4uft sich auf 2000.- Euro. Hinweise bitte an die  Polizeiinspektion Bad Bergzabern unter Telefon 06343-93340 oder per  email unter <a href=\"mailto:pibadbergzabern@Polizei.rlp.de\">pibadbergzabern@Polizei.rlp.de<\/a> <\/p>\n\n\n\n<h4 class=\"wp-block-heading\">(Landau) &#8211; Verkehrskontrolle, Betriebserlaubnis erloschen<\/h4>\n\n\n\n<p>Durch Ver\u00e4nderungen an der Heckleuchte (Verdunkelung mittels schwarzer  Damenstr\u00fcmpfe) und Entfernens der Endschalld\u00e4mpfer ist die  Betriebserlaubnis eines VW Golf GTI erloschen. Der Fahrer des VW wurde  am 27.3.19 gegen 00.15Uhr in Landau kontrolliert. Die Weiterfahrt wurde  untersagt und eine Ordnungswidrigkeitenanzeige gefertigt. <\/p>\n\n\n\n<h4 class=\"wp-block-heading\">(Landau \/ B 10) &#8211; Polizei Edenkoben kontrolliert das Nachtfahrverbot auf der B10<\/h4>\n\n\n\n<p>Weil die Beladung in Philippsburg zu lange dauerte und das Transportgut  rechtzeitig nach Belgien verbracht werden musste, ordnete Dienstagabend  um 22.40 Uhr der Chef seinem ungarischen Fahrer die Fahrt \u00fcber die B10  an. Neben einem Bu\u00dfgeld in Form einer Sicherheitsleistung in H\u00f6he von  100.- Euro musste der 59-j\u00e4hrige Fahrer wenden und die B 10 in Richtung  Autobahn verlassen. Der Transportunternehmer, der die Fahrt anordnete  und sich dadurch einen Wettbewerbsvorteil versprach, muss mit einem  Gewinnabsch\u00f6pfungsverfahren rechnen. Es wird dabei gepr\u00fcft, ob der  Verfall des gesamten Transporterl\u00f6ses angeordnet wird. Gegen 23.40 Uhr  wurde ein 36-j\u00e4hriger LKW-Fahrer aus Polen angehalten. Er war unterwegs  von \u00d6sterreich in Richtung England. Da auch er keine Genehmigung  vorweisen konnte, musste auch er neben der geb\u00fchrenpflichtigen  Sanktionierung die B 10 verlassen. <\/p>\n\n\n\n<h4 class=\"wp-block-heading\">(Landau) &#8211; Verkehrsunfall mit verletztem Radfahrer<\/h4>\n\n\n\n<p>Bei einem Verkehrsunfall wurde am 26.3.19, gegen 19.30 Uhr ein  Radfahrer in Landau, in der Neustadter Stra\u00dfe  leicht verletzt. Ein  32-j\u00e4hriger Pkw-Fahrer bog als Linksabbieger von der Neustadter Stra\u00dfe  in die Zufahrt zum dortigen REWE-Parkplatz ein. Hierbei \u00fcbersah er den  im Gegenverkehr auf dem Radweg in n\u00f6rdlicher Richtung fahrenden  30-j\u00e4hrigen Radfahrer. Es kam zur Kollision bei der sich der Radfahrer  leicht verletzte. <\/p>\n\n\n\n<h4 class=\"wp-block-heading\">(Birkweiler am Hohenberg) &#8211; Mit Pfeil und Bogen erlegt<\/h4>\n\n\n\n<p>Bereits\n am Donnerstagvormittag, den 21.03.2019 wurde der P\u00e4chter des \nJagdreviers Birkweiler von Mitarbeitern eines Weingutes aus Siebeldingen\n \u00fcber den Fund eines toten Rehbocks im Bereich der Gemarkung Hohenberg \nbei Birkweiler, Kreis S\u00fcdlichen Weinstra\u00dfe, informiert. Der ca. 6-7 \nj\u00e4hrige Bock d\u00fcrfte nach Pr\u00fcfung durch 3 Jagdaus\u00fcbungsberechtigten durch\n eine Schussverletzung erlegt worden sein. Mit hoher Wahrscheinlichkeit \nsei die festgestellte t\u00f6dliche Schussverletzung auf einen Pfeil \nzur\u00fcckzuf\u00fchren. Ein Pfeil wurde jedoch weder am Tier noch in der n\u00e4heren\n Umgebung gefunden. Der zust\u00e4ndige Jagdrevierp\u00e4chter geht vielmehr davon\n aus, dass das Tier nach dem Schuss eines Unbekannten noch einige \nWegstrecke zur\u00fcckgelegt haben d\u00fcrfte. Das Jagen bzw. Erlegen mittels \nPfeilen ist nach Paragraph  23 des Landesjagdgesetzes in Deutschland \nverboten. Den bisher unbekannten Sch\u00fctzen erwartet jetzt ein \nStrafverfahren wegen Jagdwilderei. Hinzu kommt, dass aktuell noch bis \nzum 01.05.2019 Schonzeit besteht. T\u00e4terhinweise liegen bisher nicht vor.\n <\/p>\n\n\n\n<p>Zeugen werden gebeten sich mit der Kriminalinspektion Landau unter Telefon: 06341-287-0 in Verbindung zu setzen. <\/p>\n\n\n\n<h4 class=\"wp-block-heading\">(Annweiler) &#8211; &#8222;Elterntaxis&#8220; behindern Schulbusse<\/h4>\n\n\n\n<p>Durch an- und abfahrende &#8222;Elterntaxis&#8220;, welche unberechtigt ihre  schulpflichtigen Spr\u00f6\u00dflinge trotz Durchfahrtsverbot bis an die Schult\u00fcre  fahren, wurden in letzter Zeit die Linienbusse im Schulverkehr  Annweiler derart behindert, dass diese ihre Fahrpl\u00e4ne  oftmals zeitlich  nicht einhalten konnten. Aus diesem Grund f\u00fchrte die Polizeiwache  Annweiler in Absprache mit den Schulleitungen Verkehrskontrollen durch,  um die morgendliche Verkehrsproblematik zu entsch\u00e4rfen. Die Vielzahl der  zur\u00fcckgewiesenen Verkehrsteilnehmer an einer Annweilerer Schule  rechtfertigt auch weiterhin diesbez\u00fcgliche Kontrollen. Vor dem  Hintergrund, dass bei anhaltenden Schwierigkeiten alle Sch\u00fcler unter  einer m\u00f6glichen Reduzierung des Schulbusverkehrs leiden w\u00fcrden, wird  hiermit auch an die Vernunft der Eltern appelliert. <\/p>\n\n\n\n<h4 class=\"wp-block-heading\">(Edesheim) &#8211; Autofahren ist Charaktersache \/ Autofahrer bespuckt M\u00fcllfahrer<\/h4>\n\n\n\n<p>Im Riedpfad\/Kirchberg kam es Montagmittag (25.03.2019, 12 Uhr) zu  Streitigkeiten zwischen einem BMW-Fahrer und der M\u00fcllabfuhr. Beim Leeren  der M\u00fclltonnen in einer Engstelle wurden die M\u00fcllwerker behindert,  weshalb der folgende PKW-Fahrer auf die Einhaltung eines gewissen  Abstands hingewiesen wurde. Umgehend schrie er den LKW-Fahrer an, er  solle seine Fresse halten sonst w\u00fcrde er ihm aufs Maul hauen.  Unbeeindruckt vom Verhalten des BMW-Fahrers setzte der Mann seine Arbeit  fort und musste an der n\u00e4chsten Ladestelle rangieren. Nun stieg der  BMW-Fahrer aus und beleidigte ihn in ungezierter F\u00e4kalsprache. Der  LKW-Fahrer missachtete erneut die \u00c4u\u00dferungen. Daraufhin spuckte ihm der  erregte BMW-Fahrer durch die offene Seitenscheibe ins Gesicht. Die  Ermittlungen wegen K\u00f6rperverletzung und Beleidigung wurden aufgenommen.  Die F\u00fchrerscheinstelle wird zum Zwecke der Pr\u00fcfung der charakterlichen  Eignung zum F\u00fchren eines Kraftfahrzeugs im \u00f6ffentlichen Stra\u00dfenverkehr  informiert. Zeugen werden gebeten, sich mit der Polizei Edenkoben unter  der Telefonnummer 06323 9550 oder per E-Mail an <a href=\"mailto:piedenkoben@polizei.rlp.de\">piedenkoben@polizei.rlp.de<\/a> in Verbindung zu setzen. <\/p>\n\n\n\n<h4 class=\"wp-block-heading\">(Weyher) &#8211; Gr\u00fcnschnitt verbrannt<\/h4>\n\n\n\n<p>Wegen starker Rauchentwicklung in der Fr\u00f6hlichstra\u00dfe wurde gestern  Mittag (25.03.2019, 14.30 Uhr) die Polizei informiert. Vor Ort wurde  festgestellt, dass ein Anwohner kontrolliert Reste einer Tanne  verbrannte. Die Feuerwehren Weyher, Rhodt und Edenkoben, bei denen  ebenfalls ein Brand gemeldet wurde, waren mit sieben Einsatzfahrzeugen  und 24 Mann vor Ort. Die Verbandsgemeinde wurde in Kenntnis gesetzt. <\/p>\n\n\n\n<h4 class=\"wp-block-heading\">(Gro\u00dffischlingen) &#8211; Zwei Verletzte bei Verkehrsunfall<\/h4>\n\n\n\n<div class=\"wp-block-image\"><figure class=\"aligncenter\"><img decoding=\"async\" loading=\"lazy\" width=\"800\" height=\"482\" src=\"https:\/\/speyer24news.com\/wp-content\/uploads\/2019\/03\/26.03.19-Gro\u00dffischlingen-VU.jpg\" alt=\"\" class=\"wp-image-11290\" srcset=\"https:\/\/speyer24news.com\/wp-content\/uploads\/2019\/03\/26.03.19-Gro\u00dffischlingen-VU.jpg 800w, https:\/\/speyer24news.com\/wp-content\/uploads\/2019\/03\/26.03.19-Gro\u00dffischlingen-VU-300x181.jpg 300w, https:\/\/speyer24news.com\/wp-content\/uploads\/2019\/03\/26.03.19-Gro\u00dffischlingen-VU-768x463.jpg 768w\" sizes=\"(max-width: 800px) 100vw, 800px\" \/><\/figure><\/div>\n\n\n\n<p>Weil eine 21-j\u00e4hrige Kleinbusfahrerin &#8211; von Edesheim kommend &#8211; die  Vorfahrt an der Kreuzung L507\/L542 bei Gro\u00dffischlingen missachtete, kam  es Dienstagmorgen kurz nach 7 Uhr zu einem Verkehrsunfall, bei dem die  Verursacherin sowie der aus Richtung Essingen kommende Unfallgegner  verletzt wurden. <\/p>\n\n\n\n<div class=\"wp-block-image\"><figure class=\"aligncenter\"><img decoding=\"async\" loading=\"lazy\" width=\"800\" height=\"446\" src=\"https:\/\/speyer24news.com\/wp-content\/uploads\/2019\/03\/26.03.19-Gro\u00dffischlingen-VU2.jpg\" alt=\"\" class=\"wp-image-11291\" srcset=\"https:\/\/speyer24news.com\/wp-content\/uploads\/2019\/03\/26.03.19-Gro\u00dffischlingen-VU2.jpg 800w, https:\/\/speyer24news.com\/wp-content\/uploads\/2019\/03\/26.03.19-Gro\u00dffischlingen-VU2-300x167.jpg 300w, https:\/\/speyer24news.com\/wp-content\/uploads\/2019\/03\/26.03.19-Gro\u00dffischlingen-VU2-768x428.jpg 768w\" sizes=\"(max-width: 800px) 100vw, 800px\" \/><\/figure><\/div>\n\n\n\n<p>Durch den heftigen Aufprall wurde das Fahrzeug des  63-J\u00e4hrigen in einen Feldweg geschleudert. Beide erlitten diverse  Prellungen und HWS und mussten sich in \u00e4rztliche Hilfe begeben. Die  Fahrzeuge waren nicht mehr fahrbereit und wurden abgeschleppt.  <\/p>\n\n\n\n<h4 class=\"wp-block-heading\">(Edenkoben) &#8211; Die Mutter-Tochter-Beziehung ist immer etwas Besonderes<\/h4>\n\n\n\n<p>Eine 21-j\u00e4hrige Frau aus dem Kreis erschien am Abend (25.03.2019, 19.30  Uhr) bei der Polizei und berichtete \u00fcber einen ununterbrochenen Streit  mit der Mutter. Da sie nicht mehr weiterwusste, suchte sie polizeilichen  Rat. Die Beamten schlichteten zu Hause die verbale Auseinandersetzung.  Die junge Frau entschloss sich, bei einer Freundin zu \u00fcbernachten. Zu  Handgreiflichkeiten kam es nicht. <\/p>\n\n\n\n<h4 class=\"wp-block-heading\">(Kirrweiler) &#8211; 12-J\u00e4hriger von Schulbus erfasst<\/h4>\n\n\n\n<p>Ein 12-j\u00e4hriger Sch\u00fcler hatte Mittwochmorgen (07.43 Uhr) beim \u00dcberqueren  der Hauptstra\u00dfe vermutlich einen herannahenden Schulbus nicht bemerkt,  weil er mit Kopfh\u00f6rern im Ohr Musik h\u00f6rte. Er wurde von dem Bus erfasst  und auf den Boden geschleudert. Mit Blessuren am Kopf wurde er in ein  Krankenhaus gebracht (keine Lebensgefahr). Die Polizei appelliert: Wer  sich mit Kopfh\u00f6rern im Stra\u00dfenverkehr abschottet, bekommt nicht viel  mit. Insbesondere in komplexen Verkehrssituationen ist die  Aufmerksamkeit essentiell. Zudem schreibt die STVO vor, dass das Geh\u00f6r  im Stra\u00dfenverkehr nicht durch technische Ger\u00e4te beeinflusst werden darf.  <\/p>\n\n\n\n<h4 class=\"wp-block-heading\">(Maikammer) &#8211; Tausche Alt gegen Neu und wieder zur\u00fcck<\/h4>\n\n\n\n<p>Ein 26-j\u00e4hriger Mann gab bei einem Bekannten sein Fahrzeug in  Reparatur, weil sein Anlasser defekt war. Zuvor hatte er eine neue  Batterie eingebaut und die alte im Kofferraum deponiert. Nachdem er sein  Fahrzeug abgeholt hatte, stellte er zu Hause fest, dass die alte  Batterie wieder zum Einsatz kam, die neue war verschwunden. Ein  Ermittlungsverfahren wurde eingeleitet. <\/p>\n\n\n\n<h4 class=\"wp-block-heading\">(Neustadt) &#8211; Mit drei Promille auf Shopping-Tour<\/h4>\n\n\n\n<p>Ein 42-j\u00e4hriger Neustadter versuchte Dienstagnachmittag in einem  Modegesch\u00e4ft in Neustadt Kleider zu stehlen. Er begab sich in die  Umkleidekabine und wollte eine Strumpfhose und ein T-Shirt im Gesamtwert  von ca. 26 Euro einstecken. Eine Mitarbeiterin beobachtete den Vorgang  und hielt den Mann bis zum Eintreffen der Polizei fest. Ein  Atemalkoholtest ergab einen Wert von 3,14 Promille. Ein mitgef\u00fchrtes  Messer wurde sichergestellt. Der Mann erhielt Hausverbot. <\/p>\n\n\n\n<h4 class=\"wp-block-heading\">(Neustadt) &#8211; Streitigkeiten auf Baustelle<\/h4>\n\n\n\n<p>Auf einer Baustelle in der Stra\u00dfe Am Speyerbach kam es am fr\u00fchen Montagabend zu Streitigkeiten zwischen einem Bau-Anlieferer und einem  Baustellenverantwortlichen. Nach Eintreffen der Polizei stellte sich  heraus, dass es zwischen den beiden Firmen bereits im Vorfeld zu  finanziellen Unstimmigkeiten kam, die dann auf der Baustelle  weiter  ihre Kreise zogen. Zun\u00e4chst wurde  eine Strafanzeige wegen Verdacht des  Betruges aufgenommen, aufgrund des Umfangs m\u00fcssen erst weitere  Ermittlungen get\u00e4tigt werden. <\/p>\n\n\n\n<h4 class=\"wp-block-heading\">(Neustadt) &#8211; Unbelehrbar \/ zwei Mal einen Monat Fahrverbot<\/h4>\n\n\n\n<p>Allen Warnungen vor Polizeikontrollen \u00fcber Twitter zum Trotz nutzen am Sonntag  sowohl ein 24-j\u00e4hriger Neustadter als auch ein 57-j\u00e4hriger Ha\u00dflocher  jeweils als Fahrer ihren PKW um vom Mandelbl\u00fctenfest nach Hause zu  kommen. Beide hatten zuvor offensichtlich so viel Alkohol konsumiert,  dass sie durch ihre Fahrt am gestrigen Abend eine Ordnungswidrigkeit  begingen, die ein Fahrverbot von mindestens einem Monat nach sich ziehen  wird. Um 19.00 Uhr wurde der Neustadter mit 0,64 Promille erwischt,  eine Stunde sp\u00e4ter traf es den Herrn aus Ha\u00dfloch mit 0,54 Promille. An  dem Abend war die Fahrt f\u00fcr beide beendet &#8211; zun\u00e4chst bis zur  N\u00fcchternheit. <\/p>\n\n\n\n<h4 class=\"wp-block-heading\">(Neustadt) &#8211; Kotfl\u00fcgel an Pkw verkratzt<\/h4>\n\n\n\n<p>Im Zeitraum von Freitag bis Sonntag wurde in der Luisenstra\u00dfe ein  schwarzer Seat besch\u00e4digt. Unbekannte verkratzten den linken Kotfl\u00fcgel  mit einem spitzen Gegenstand. Der Sachschaden betr\u00e4gt ca. 800 Euro. <\/p>\n\n\n\n<h4 class=\"wp-block-heading\">(Lambrecht Bahnhof) &#8211; Busfahrer verletzt Passantin<\/h4>\n\n\n\n<p>Eine 58-j\u00e4hrige Frau aus der Verbandsgemeinde Lambrecht stand Dienstagnachmittag am Bahnhof in Lambrecht und informierte sich am Fahrplan.  Zeitgleich startete ein Linienbus, fuhr eine Kurve an der Frau vorbei  und stie\u00df sie dadurch mit ausladenden Heck zu Boden. Der Busfahrer  bemerkte den Unfall, stieg aus und verst\u00e4ndigte den Rettungsdienst. Bei  dessen Eintreffen allerdings setzte sich der Busfahrer ans Lenkrad und  fuhr weg. Aufgrund des abgelesenen Kennzeichens und der Beschreibung  konnte ein 48-j\u00e4hriger Mann als Unfallverursacher ermittelt werden. Er  mu\u00df sich jetzt nicht nur wegen fahrl\u00e4ssiger K\u00f6rperverletzung im  Zusammenhang mit dem Unfall verantworten, sondern auch wegen  Verkehrsunfallflucht. Die Frau erlitt Sch\u00fcrfwunden im Gesicht und  Prellung am K\u00f6rper.  <\/p>\n\n\n\n<h4 class=\"wp-block-heading\">(Wachenheim) &#8211; Betrunkener Pkw-Fahrer verliert Kontrolle \u00fcber sein Fahrzeug<\/h4>\n\n\n\n<p>Vermutlich aufgrund seiner Alkoholisierung verlor ein BMW-Fahrer am  26.03.19, gegen 03:50 Uhr, in der Mittelgasse die Kontrolle \u00fcber sein  Fahrzeug, stie\u00df gegen eine Hauswand und auch noch vor dem Anwesen  stehende M\u00fclltonnen. Beim Eintreffen der Funkstreifenbesatzung rannte  der Pkw-Fahrer weg, konnte aber nach kurzer Verfolgung eingeholt werden.  Bei seiner \u00dcberpr\u00fcfung stellte sich heraus, dass der 28-j\u00e4hrige Mann  unter Alkoholeinfluss stand. Ein freiwillig durchgef\u00fchrter  Atemalkoholtest ergab einen Wert von ca. 1,6 Promille. Dem  Unfallverursacher wurde eine Blutprobe entnommen. Sein F\u00fchrerschein  wurde sichergestellt. Der entstandene Sachschaden bel\u00e4uft sich auf ca.  6.000 Euro. <\/p>\n\n\n\n<h4 class=\"wp-block-heading\">(Bad D\u00fcrkheim) &#8211; Diebstahl aus Pkw<\/h4>\n\n\n\n<p>In der Nacht zum 26.03.19 gelangten unbekannte T\u00e4ter in einen Pkw Opel  Corsa, der in der Stra\u00dfe &#8222;Im Salzbrunnen&#8220; abgestellt war und entwendeten  einen USB-Stick und einen Verbandskasten. Der entstandene Schaden  bel\u00e4uft sich auf ca. 100,- Euro. Aufbruchsspuren waren nicht  feststellbar. <\/p>\n\n\n\n<p>Am Nachmittag es 26.03.19 wurden zwei weitere Taten angezeigt. <\/p>\n\n\n\n<p>Aus\n einem Pkw VW, der in der Sonnenwendstra\u00dfe abgestellt war, wurden \ndemnach im Zeitraum vom 25.03.19, 18:30 Uhr &#8211; 26.03.19, 16.55 Uhr, ein \nGeldbeutel mit Bargeld und eine Sonnenbrille entwendet. <\/p>\n\n\n\n<p>Ebenfalls\n aus einem Pkw VW, in der Sonnenwendstra\u00dfe abgestellt war wurde zwischen\n dem 25.03.19, 02:00 Uhr &#8211; 26.03.19, 19:35 Uhr aus dem Kofferraum eine \nHandtasche mit diversen pers\u00f6nlichen Dokumenten sowie etwas Bargeld \nentwendet. <\/p>\n\n\n\n<p>An allen Fahrzeugen konnten keine Aufbruchsspuren festgestellt werden. <\/p>\n\n\n\n<p>Hinweise bitte an die Polizeiinspektion Bad D\u00fcrkheim, Tel. 06322\/963-0, oder <a href=\"mailto:pibadduerkheim@polizei.rlp.de\">pibadduerkheim@polizei.rlp.de<\/a> <\/p>\n\n\n\n<h4 class=\"wp-block-heading\">(Bad D\u00fcrkheim) &#8211; Auffahrunfall \/ Unfallverursacher war betrunken<\/h4>\n\n\n\n<p>Am 25.03.19, gegen 14:45 Uhr, befuhr eine 24-j\u00e4hrige Seat-Fahrerin die  Abfahrt von der B 271 kommend i.R. Mannheimer Stra\u00dfe, um dort nach  rechts in Richtung B 37 abzubiegen. Als sie an der Einm\u00fcndung  verkehrsbedingt anhalten musste, wurde dies von einem ihr folgenden  55-j\u00e4hrigen Renault-Fahrer zu sp\u00e4t bemerkt und er fuhr auf den Pkw der  24-J\u00e4hrigen auf. Der entstandene Sachschaden bel\u00e4uft sich auf ca.  2.000,- Euro. Verletzt wurde niemand. Bei der Unfallaufnahme wurde  festgestellt, dass die Atemluft des Unfallverursacher nach Alkohol roch.  Ein freiwillig durchgef\u00fchrter Atemalkoholtest ergab einen Wert von ca.  1,8 Promille. Dem 55- j\u00e4hrigen Unfallverursacher wurde eine Blutprobe  entnommen. Sein F\u00fchrerschein wurde beschlagnahmt. <\/p>\n\n\n\n<h4 class=\"wp-block-heading\">(Bad D\u00fcrkheim) &#8211; Beteiligter am t\u00f6dlichen Verkehrsunfall identifiziert <\/h4>\n\n\n\n<h4 class=\"wp-block-heading\">Gemeinsame Pressemitteilung der Staatsanwaltschaft Frankenthal und der Polizeiinspektion Bad D\u00fcrkheim<\/h4>\n\n\n\n<p>Am 20.03.2019, gegen 17.32 Uhr, wurde ein 89-j\u00e4hriger Mann in der  Mannheimer Stra\u00dfe von einem LKW erfasst und \u00fcberrollt. Der Mann erlitt  hierdurch t\u00f6dliche Verletzungen und verstarb noch an der Unfallstelle. <\/p>\n\n\n\n<p>Die\n Fahndung nach dem beteiligten Fahrzeug konzentrierte sich auf einen LKW\n mit rotem Auflieger. Die intensiven Ermittlungen der Staatsanwaltschaft\n Frankenthal und der Polizei Bad D\u00fcrkheim f\u00fchrten schlie\u00dflich zur \nKl\u00e4rung des Gesamtgeschehens. <\/p>\n\n\n\n<p>Durch  Zeugenvernehmungen und einer\n gr\u00fcndlichen Spurenauswertung erh\u00e4rtete sich Tatverdacht gegen den \nFahrer einer Spedition aus Brandenburg. Am Abend des 26.03.2019 konnte \nder unfallbeteiligte LKW auf der BAB A9 bei Ingolstadt festgestellt und \nsichergestellt werden. Nach ersten Erkenntnissen ist nicht \nauszuschlie\u00dfen, dass der Fahrer das Unfallgeschehen nicht mitbekommen \nhat. <\/p>\n\n\n\n<p>Die Staatsanwaltschaft  Frankenthal wird ein  sachverst\u00e4ndiges Gutachten zur Rekonstruktion des Unfallgeschehens in  Auftrag geben. Der Sachverst\u00e4ndige soll hierbei auch \u00fcberpr\u00fcfen, ob der  Unfall f\u00fcr den Beschuldigten wahrnehmbar gewesen ist. <\/p>\n\n\n\n<h4 class=\"wp-block-heading\">(Gr\u00fcnstadt) &#8211; Kriminalit\u00e4tslagebild 2018 f\u00fcr Gr\u00fcnstadt und das Leiningerland<\/h4>\n\n\n\n<p> Kriminalstatistik in Schlagzeilen: <\/p>\n\n\n\n<ul><li>Gesamtzahl der Straftaten angestiegen ( +194 F\u00e4lle) auf 2110 <br>\n Delikte im Jahr 2018<\/li><li>Die Aufkl\u00e4rungsquote bewegt sich mit 65,2 % (+1,9%) auf einem <br>\n hohen Niveau<\/li><li>Die Diebstahlsdelikte sind leicht angestiegen (+31 F\u00e4lle) auf <br>\n 609 Delikte<\/li><li>Zahl der Wohnungseinbr\u00fcche nochmals gesunken auf 67 F\u00e4lle (-18 <br>\n F\u00e4lle)<\/li><li>Gewalt gegen Polizeibeamte nimmt zu: 14 Widerstandhandlungen <\/li><\/ul>\n\n\n\n<p>Das ausf\u00fchrliche Lagebild k\u00f6nnen Sie unter folgendem LINK aufrufen: <\/p>\n\n\n\n<p><a href=\"https:\/\/www.polizei.rlp.de\/fileadmin\/user_upload\/PP_Rheinpfalz\/Dokumente\/PD_NW\/PI_Gruenstadt\/Kriminalitaetsstatistik_2018.pdf\">https:\/\/www.polizei.rlp.de\/fileadmin\/user_upload\/PP_Rheinpfalz\/Dokumente\/PD_NW\/PI_Gruenstadt\/Kriminalitaetsstatistik_2018.pdf<\/a><\/p>\n\n\n\n<h4 class=\"wp-block-heading\">(Gr\u00fcnstadt) &#8211; Hund an fahrendem Pkw festgebunden<\/h4>\n\n\n\n<p>Am Dienstag, den 26.03.2019, ging um 14:04 Uhr bei der  Polizeiinspektion Gr\u00fcnstadt eine telefonische Mitteilung ein, dass  soeben ein wei\u00dfer Pkw mit D\u00dcW-Kennzeichen die Stra\u00dfe Verladeplatz in  Gr\u00fcnstadt befahren w\u00fcrde und an der Anh\u00e4ngerkupplung des Pkws ein  Jagdhund angebunden sei. Der Pkw sei in Richtung des nahegelegenen  Bahnhofs gefahren. Trotz sofort eingeleiteter Fahndungsma\u00dfnahmen konnte  der Pkw nicht mehr festgestellt werden. Da es sich hierbei um einen  Versto\u00df gegen das Tierschutzgesetz handeln k\u00f6nnte, werden Zeugen des  Vorfalls gebeten sich bei der Polizeiinspektion Gr\u00fcnstadt zu melden. <\/p>\n\n\n\n<h4 class=\"wp-block-heading\">(Gr\u00fcnstadt) &#8211; Nachtrag zu &#8222;Hund an fahrendem Pkw festgebunden&#8220;: Hundehalter ermittelt!<\/h4>\n\n\n\n<p>Aufgrund der Pressemitteilung vom 26.03.2019, wonach ein wei\u00dfer Pkw mit  D\u00dcW-Kennzeichen im Stadtgebiet Gr\u00fcnstadt einen Hund an der  Anh\u00e4ngerkupplung nachgezogen hatte, meldeten sich verschiedene Zeugen.  Eine Autofahrerin hatte den Vorfall beobachtet und den Fahrer im Bereich  Kaufland auch aufmerksam gemacht. Der Fahrer und Hundehalter wurde  zwischenzeitlich ermittelt. Dieser hatte nach eigenen Angaben beim  Losfahren nicht an das festgebundene Tier gedacht. Er war \u00e4u\u00dferst  betroffen. Der Hund wurde gestern schon von einem Tierarzt versorgt und  er ist wieder fit soweit. Dennoch liegt ein Versto\u00df gegen das  Tierschutzgesetz vor. Die zust\u00e4ndigen Beh\u00f6rden werden \u00fcber den Vorfall  informiert. <\/p>\n\n\n\n<h4 class=\"wp-block-heading\">(Lambsheim) &#8211; Geldbeuteldiebstahl-<\/h4>\n\n\n\n<p>Unbekannte entwenden am Nachmittag des 23.03.2019, im Einkaufsmarkt in  der Weisenheimer Stra\u00dfe, den Geldbeutel einer 70j\u00e4hrigen Lambsheimerin,  aus dem verschlossenen Einkaufskorb. Der entstandene Sachschaden bel\u00e4uft  sich auf ca. 200EUR. <\/p>\n\n\n\n<p>\u00c4ltere Menschen werden immer wieder Opfer  von Diebst\u00e4hlen und Betr\u00fcgereien, da sie von T\u00e4tern oftmals als leichte  &#8222;Beute&#8220; angesehen werden.<\/p>\n\n\n\n<h4 class=\"wp-block-heading\">(He\u00dfheim) &#8211; Bettlerin unterwegs<\/h4>\n\n\n\n<p>Am 25.03.2019, gegen 11.15 Uhr, wird hiesiger Dienststelle durch eine  aufmerksame Zeugin mitgeteilt, dass in He\u00dfheim eine Bettlerin von Haus  zu Haus gehen w\u00fcrde und Geld erbetteln w\u00fcrde. Durch die eingesetzte  Streife kann die Frau in der Anna-Seghers-Stra\u00dfe festgestellt und  kontrolliert werden. Bei der Kontrolle wird festgestellt, dass die  66-j\u00e4hrige Frau aus Worms, unter Vorspiegelung f\u00fcr eine kirchliche  Angelegenheit Geld zu sammeln, letztendlich Geld f\u00fcr sich erbettelt.  Gegen die Frau wird ein Strafverfahren wegen Betruges eingeleitet. <\/p>\n\n\n\n<p>Wer\n sachdienliche Hinweise zu dem genannten Fall geben kann, wird gebeten \nsich mit der Polizeiinspektion Frankenthal unter der Rufnummer \n06233\/313-0 oder der Polizeiwache Maxdorf unter der Rufnummer \n06237\/934-100 in Verbindung zu setzen. Hinweise k\u00f6nnen auch per E-Mail \nunter <a href=\"mailto:pifrankenthal@polizei.rlp.de\">pifrankenthal@polizei.rlp.de<\/a> an die Polizei \u00fcbermittelt werden. <\/p>\n\n\n\n<h4 class=\"wp-block-heading\">(Frankenthal) &#8211; Wartungsarbeiten an der Telefonanlage der Polizei Frankenthal beendet-<\/h4>\n\n\n\n<p>Die Wartungsarbeiten an der Telefonanlage der Polizeiinspektion  Frankenthal sind beendet. Ab sofort kann die Polizeiinspektion wieder  \u00fcber die Amtsleitung erreicht werden. Bei den Durchwahlnummern hat sich  eine \u00c4nderung ergeben, diese sind jetzt 4-stellig. Vor die bisherige  Durchwahlnummer wurde eine &#8222;3&#8220; gesetzt. Die Vermittlung ist weiterhin  unter der Rufnummer 06233\/313-0 erreichbar. <\/p>\n\n\n\n<h4 class=\"wp-block-heading\">(Frankenthal) &#8211; Sachbesch\u00e4digung an Pkw<\/h4>\n\n\n\n<p>Der Gesch\u00e4digte stellt seinen Pkw Skoda am 22.03.2019, in der Zeit von  18.30 Uhr bis 21.30 Uhr, in der Wormser Stra\u00dfe, H\u00f6he Hausnummer 33, ab.  Als er wieder zu seinem Fahrzeug kommt, muss er feststellen, dass dieses  auf der Motorhaube besch\u00e4digt ist. Der Schaden wird auf etwa 800 Euro  gesch\u00e4tzt. <\/p>\n\n\n\n<p>Wer sachdienliche Hinweise zu dem genannten Fall geben  kann, wird gebeten sich mit der Polizeiinspektion Frankenthal unter der  Rufnummer 06233\/313-0 oder der Polizeiwache Maxdorf unter der Rufnummer  06237\/934-100 in Verbindung zu setzen. Hinweise k\u00f6nnen auch per E-Mail  unter <a href=\"mailto:pifrankenthal@polizei.rlp.de\">pifrankenthal@polizei.rlp.de<\/a> an die Polizei \u00fcbermittelt werden. <\/p>\n\n\n\n<h4 class=\"wp-block-heading\">(Bobenheim-Roxheim) &#8211; Verkehrsunfallflucht I<\/h4>\n\n\n\n<p>Eine bislang unbekannte Fahrzeugf\u00fchrerin wird am 26.03.2019, gegen  23.00 Uhr, durch einen aufmerksamen Zeugen beobachtet, wie sie im  Pfalzring, H\u00f6he Hausnummer 20, aus einer Parkl\u00fccke r\u00fcckw\u00e4rts ausparkt  und dabei gegen einen parkenden Pkw auf der gegen\u00fcberliegenden  Stra\u00dfenseite f\u00e4hrt. Nachdem sie sich kurz den entstandenen Schaden  anschaut, f\u00e4hrt sie mit ihrem Pkw in die nahegelegene Tiefgarage. Bei  dem Pkw der Unfallverursacherin soll es sich um einen Toyota mit  Zulassungskennzeichen aus der Schweiz handeln. Die Unfallverursacherin  wird als junge Frau mit blonden Haaren beschrieben. Der Schaden wird auf  etwa 1000Euro gesch\u00e4tzt. Die Polizei weist darauf hin, dass Unerlaubtes  Entfernen vom Unfallort kein Kavaliersdelikt ist! Der fl\u00fcchtige Fahrer  muss mit einer Geld- oder Freiheitsstrafe bis zu 3 Jahren und evtl. mit  einem F\u00fchrerscheinentzug rechnen. Au\u00dferdem kann der Fl\u00fcchtige den  Kaskoschutz seiner Kfz-Versicherung verlieren und von seiner  Versicherung an der Begleichung des Fremdschadens beteiligt werden. Die  Polizei r\u00e4t deshalb jeden Unfall zu melden. <\/p>\n\n\n\n<p>Wir wollen, dass Sie sicher Leben &#8211; ihre Polizei Frankenthal. <\/p>\n\n\n\n<p>Wer\n sachdienliche Hinweise zu dem genannten Fall geben kann, wird gebeten \nsich mit der Polizeiinspektion Frankenthal unter der Rufnummer \n06233\/313-0 oder der Polizeiwache Maxdorf unter der Rufnummer \n06237\/934-100 in Verbindung zu setzen. Hinweise k\u00f6nnen auch per E-Mail \nunter <a href=\"mailto:pifrankenthal@polizei.rlp.de\">pifrankenthal@polizei.rlp.de<\/a> an die Polizei \u00fcbermittelt werden. <\/p>\n\n\n\n<h4 class=\"wp-block-heading\">(Bobenheim-Roxheim) &#8211; Verkehrsunfallflucht II<\/h4>\n\n\n\n<p>Der Gesch\u00e4digte stellt seinen Pkw Peugeot 3008 am 26.03.2019, in der  Zeit von 09.45 Uhr bis 10.10 Uhr, auf dem Parkplatz eines  Einkaufsmarktes im S\u00fcdring ab. Als er wieder zu seinem Fahrzeug kommt,  muss er feststellen, dass dieses durch einen bislang unbekannten  Fahrzeugf\u00fchrer am hinteren linken Kotfl\u00fcgel besch\u00e4digt wurde. Der  Schaden wird auf etwa 600 Euro gesch\u00e4tzt. <\/p>\n\n\n\n<p>Die Polizei weist \ndarauf hin, dass Unerlaubtes Entfernen vom Unfallort kein \nKavaliersdelikt ist! Der fl\u00fcchtige Fahrer muss mit einer Geld- oder \nFreiheitsstrafe bis zu 3 Jahren und evtl. mit einem F\u00fchrerscheinentzug \nrechnen. Au\u00dferdem kann der Fl\u00fcchtige den Kaskoschutz seiner \nKfz-Versicherung verlieren und von seiner Versicherung an der \nBegleichung des Fremdschadens beteiligt werden. Die Polizei r\u00e4t deshalb \njeden Unfall zu melden. <\/p>\n\n\n\n<p>Wir wollen, dass Sie sicher Leben &#8211; ihre Polizei Frankenthal. <\/p>\n\n\n\n<p>Wer  sachdienliche Hinweise zu dem genannten Fall geben kann, wird gebeten  sich mit der Polizeiinspektion Frankenthal unter der Rufnummer  06233\/313-0 oder der Polizeiwache Maxdorf unter der Rufnummer  06237\/934-100 in Verbindung zu setzen. Hinweise k\u00f6nnen auch per E-Mail  unter <a href=\"mailto:pifrankenthal@polizei.rlp.de\">pifrankenthal@polizei.rlp.de<\/a> an die Polizei \u00fcbermittelt werden. <\/p>\n\n\n\n<h4 class=\"wp-block-heading\">(Ludwigshafen) &#8211; Fu\u00dfg\u00e4nger angefahren<\/h4>\n\n\n\n<p>Am 26.03.2019 gegen 15:55 Uhr fuhr eine 34-J\u00e4hrige mit ihrem Auto auf  der Industriestra\u00dfe und dann auf die B\u00fcrgermeister-Gr\u00fcnzweig-Stra\u00dfe. Als  sich der Verkehr auf der rechten Fahrspur der  B\u00fcrgermeister-Gr\u00fcnzweig-Stra\u00dfe staute, wich die 34-J\u00e4hrige auf die linke  Fahrspur aus. Dabei \u00fcbersah sie einen 21-j\u00e4hrigen Fu\u00dfg\u00e4nger, der die  Stra\u00dfe gerade \u00fcberquerte. Sie konnte nicht mehr rechtzeitig abbremsen  und erfasste den Fu\u00dfg\u00e4nger. Dieser prallte gegen die Windschutzscheibe  und verletzte sich. Er wurde ins Krankenhaus gebracht. Bei der  Unfallaufnahme musste eine Fahrspur gesperrt werden, so dass es zu  Beeintr\u00e4chtigungen des Verkehrs kam. <\/p>\n\n\n\n<h4 class=\"wp-block-heading\">(Ludwigshafen) &#8211; Diebst\u00e4hle aus Autos<\/h4>\n\n\n\n<p>In der Zeit zwischen dem 25.03.2019 gegen 12:00 Uhr und dem 26.03.2019  gegen 12:30 Uhr stahlen unbekannte T\u00e4ter verschiedene Gegenst\u00e4nde aus  einem Auto, das in der Welserstra\u00dfe abgestellt war. In der Zeit zwischen  dem 25.03.2019 gegen 19:00 Uhr und dem 26.03.2019 gegen 13:00 Uhr  stahlen unbekannte T\u00e4ter ein Metalletui mit verschiedenen Dokumenten aus  einem Mercedes, der in der Hoheneckenstra\u00dfe abgestellt war.  Sachdienliche Hinweise nimmt die Kriminalpolizei Ludwigshafen unter der  Telefonnummer 0621\/963-2773 oder per Email <a href=\"mailto:kiludwigshafen@polizei.rlp.de\">kiludwigshafen@polizei.rlp.de<\/a> entgegen. <\/p>\n\n\n\n<h4 class=\"wp-block-heading\">(Ludwigshafen) &#8211; Einbruch in Reit- und Fahrverein<\/h4>\n\n\n\n<p>In der Zeit zwischen dem 25.03.2019 gegen 22:00 Uhr und dem 26.03.2019  gegen 09:00 Uhr verschafften sich unbekannte T\u00e4ter Zutritt zu dem  Gel\u00e4nde des Reit- und Fahrvereins Ludwigshafen in der Semmelweisstra\u00dfe.  Sie versuchten zun\u00e4chst eine Verbindungst\u00fcr zwischen der Reithalle und  der Gastst\u00e4tte gewaltsam zu \u00f6ffnen. Da ihnen dies nicht gelang, warfen  sie eine Fensterscheibe der Reitstube ein. Danach durchsuchten sie die  R\u00e4umlichkeiten in der Gastst\u00e4tte. Ob und was gestohlen wurde, steht  derzeit noch nicht fest. Der Sachschaden wird auf etwa 1.000 Euro  gesch\u00e4tzt. Sachdienliche Hinweise nimmt die Kriminalpolizei Ludwigshafen  unter der Telefonnummer 0621\/963-2773 oder per Email <a href=\"mailto:kiludwigshafen@polizei.rlp.de\">kiludwigshafen@polizei.rlp.de<\/a> entgegen. <\/p>\n\n\n\n<h4 class=\"wp-block-heading\">(Ludwigshafen) &#8211; Bahnschranke schlie\u00dft sich zwischen LKW-Zugfahrzeug und Auflieger<\/h4>\n\n\n\n<p>Am 25.03.2019 gegen 18:00 Uhr wurde der Polizei mitgeteilt, dass am  Bahn\u00fcbergang in der Hemshofstra\u00dfe ein LKW stehen w\u00fcrde, zwischen dessen  Auflieger und der dazugeh\u00f6rigen Zugmaschine eine halb geschlossene  Schranke h\u00e4ngen w\u00fcrde. Als die Polizeibeamten vor Ort eintrafen, befand  sich tats\u00e4chlich die im etwa 45 Grad Winkel geschlossene Schranke des  Bahn\u00fcbergangs zwischen dem Auflieger und der Zugmaschine. Der LKW Fahrer  gab an, dass es folgenderma\u00dfen zu diesem kuriosen Umstand gekommen sei:  Er habe zun\u00e4chst an der Haltelinie des Bahn\u00fcbergangs vom Hemshofkreisel  kommend angehalten. Dann wollte jedoch ein Auto aus dem Parkhaus  rausfahren. Da der LKW die Ausfahrt versperrte, habe der Autofahrer  gehupt. Deshalb wollte der LKW Fahrer \u00fcber den Bahn\u00fcbergang fahren. Er  tastete sich langsam nach vorne, so dass der Autofahrer die Ausfahrt  verlassen konnte. Als dann die Lichtzeichenanlage der Schranke rot  aufleuchtete und ein akustisches Signal ert\u00f6nte, blieb er stehen, da er  im R\u00fcckspiegel sah, wie sich die Bahnschranke herab senkte. Um keinen  Schaden zu verursachen, setzte er den LKW noch wenige Zentimeter nach  vorne, damit sich die Schranke zwischen dem Auflieger und der  Zugmaschine herabsenkt. Dadurch ging die Anlage des Bahn\u00fcbergangs auf  St\u00f6rung und die Schranke verharrte in der vorgefundenen Position. Es  entstand weder ein Schaden am LKW noch an der Schranke. Verletzt wurde  auch niemand. Die Anlage wurde durch die Techniker der Deutschen Bahn  wieder in Betrieb genommen. W\u00e4hrend der St\u00f6rung musste der Bahnverkehr  eingestellt werden. <\/p>\n\n\n\n<h4 class=\"wp-block-heading\">(Ludwigshafen) &#8211; Unfall in der Bremserstra\u00dfe \/ Gesch\u00e4digter gesucht<\/h4>\n\n\n\n<p>Am 25.03.2019 gegen 17:40 Uhr touchierte eine 75-J\u00e4hrige beim r\u00fcckw\u00e4rts  einparken mit ihrem Hecksto\u00dff\u00e4nger den Frontsto\u00dff\u00e4nger eines Autos, das  am Fahrbahnrand geparkt war. Ein Zeuge beobachtete von einem Fenster  aus, wie die 75-J\u00e4hrige aus ihrem Auto aus stieg und die beiden  Sto\u00dff\u00e4nger betrachtete. Daraufhin \u00f6ffnete er das Fenster und sprach sie  an, dass sie die Polizei anrufen solle. Die 74-J\u00e4hrige erwiderte, dass  kein Schaden entstanden sei und ging weg. Daraufhin benachrichtigte der  Zeuge die Polizei. Als diese an dem Ort des Geschehens ankam, war das  Auto des Gesch\u00e4digten nicht mehr da. Die Unfallverursacherin wurde in  einem Geb\u00e4ude angetroffen. Sie gab den Sachverhalt zu. Gegen sie wurde  ein Verfahren wegen Unfallflucht eingeleitet. Nun wird der Gesch\u00e4digte  gesucht. Von dem Auto ist nur bekannt, dass es ein Wormser Kennzeichen  hat. Wer sachdienliche Hinweise zu dem unbekannten Auto bzw. dem Halter  oder dem Fahrer machen kann, wird gebeten, sich bei der  Polizeiinspektion Ludwigshafen 2  unter der Telefonnummer 0621 963-2222  oder per E-Mail <a href=\"mailto:piludwigshafen2@polizei.rlp.de\">piludwigshafen2@polizei.rlp.de<\/a> zu melden. <\/p>\n\n\n\n<h4 class=\"wp-block-heading\">(Ludwigshafen) &#8211; Mit 3,65 Promille Kleidung gestohlen<\/h4>\n\n\n\n<p>Am 25.03.2019 gegen 13:30 Uhr beobachtete eine Mitarbeiterin eines  Bekleidungsgesch\u00e4ftes in der Rheingalerie, wie eine Frau das Gesch\u00e4ft  verlie\u00df mit Kleidungsst\u00fccken, die noch nicht bezahlt waren. Die  Mitarbeiterin ging deshalb zu der Frau und bat sie in ihr B\u00fcro. Die  hinzugerufenen Polizeibeamten stellten fest, dass die 33-J\u00e4hrige Ware im  Wert von knapp 400 Euro gestohlen hatte. Ein Atemalkoholtest ergab bei  ihr 3,65 Promille. Sie wurde mit auf die Dienststelle genommen. <\/p>\n\n\n\n<h4 class=\"wp-block-heading\">(Ludwigshafen) &#8211; Einbrecher in Untersuchungshaft<\/h4>\n\n\n\n<h4 class=\"wp-block-heading\">Gemeinsame Presseerkl\u00e4rung von Staatsanwaltschaft Frankenthal\/Pfalz und Polizeipr\u00e4sidium Rheinpfalz <\/h4>\n\n\n\n<p>Am\n 23.03.2019, gegen 2.50 Uhr, brachen ein 25- und ein 31-J\u00e4hriger in ein \nWohnhaus in der B\u00fcrgermeister-Trupp-Stra\u00dfe in Ludwigshafen ein. Die \nHausbewohner bemerkten den Einbruch und verst\u00e4ndigten die Polizei. Die \nbeiden Tatverd\u00e4chtigen wurden im Anschluss festgenommen. Die \nTatverd\u00e4chtigen wurden noch am selben Tag auf Anordnung der \nStaatsanwaltschaft Frankenthal einem Haftrichter vorgef\u00fchrt, der auf \nAntrag der Staatsanwaltschaft Frankenthal Haftbefehl wegen \nWohnungseinbruchdiebstahl erlie\u00df. Der 25- und 31-J\u00e4hrige kamen in eine \nJustizvollzuganstalt. <\/p>\n\n\n\n<h4 class=\"wp-block-heading\">(Ludwigshafen) &#8211; 57-J\u00e4hrige holt sich gestohlenen Geldbeutel wieder<\/h4>\n\n\n\n<p>Erst jetzt meldete eine 57-J\u00e4hrige der Polizei eine Straftat vom  16.03.2019. Sie war an diesem 16.03.2019 gegen 14:30 Uhr mit ihrer  Mutter auf dem Friedhof in der Kopernikusstra\u00dfe in Friesenheim. Dort  stellte sie ihre Handtasche vor dem Grab, das sie pflegen wollte, ab.  Als sie kurz zum M\u00fclleimer lief und wieder zur\u00fcckkam, stellte sie fest,  dass ihre Handtasche gestohlen worden war. In einem naheliegenden  Geb\u00fcsch h\u00f6rte sie ein Rascheln. Sie schaute nach und sah einen  unbekannten Mann, der ihre Handtasche in der Hand hatte und gerade ihren  Geldbeutel heraus nahm. Als der Unbekannte bemerkte, dass er entdeckt  worden war, rannte er zu seinem Fahrrad, das auf dem Hauptweg abgestellt  war und fuhr los. Die 57-J\u00e4hrige rannte ihm hinterher. Sie konnte ihn  einholen und festhalten. Der Unbekannte wehrte sich allerdings und  schlug sie. Bei dem Gerangel fiel der gestohlene Geldbeutel auf den  Boden. Dann fl\u00fcchtete er. Die 57-J\u00e4hrige hob den Geldbeutel auf. Sie  vergewisserte sich, ob noch alles drin war und stellte gl\u00fccklicherweise  fest, dass nichts gestohlen worden war, insbesondere auch nicht die  mehreren hundert Euro, die sie dabei hatte. Allerdings wurde sie durch  das Gerangel und die Schl\u00e4ge leicht verletzt. <\/p>\n\n\n\n<ul><li>Der Unbekannte war zwischen 25 und 30 Jahre alt und <\/li><li>1,75 &#8211; 1,80 m gro\u00df. <\/li><li>Er war schlank,  <\/li><li>hatte einen Dreitage-Bart,<\/li><li>dunkle Haare und <\/li><li>trug eine Wollm\u00fctze.  <\/li><\/ul>\n\n\n\n<p>Sachdienliche Hinweise nimmt die Kriminalpolizei Ludwigshafen unter der  Telefonnummer 0621\/963-2773 oder per Email <a href=\"mailto:kiludwigshafen@polizei.rlp.de\">kiludwigshafen@polizei.rlp.de<\/a> entgegen. <\/p>\n\n\n\n<h4 class=\"wp-block-heading\">(Mannheim) &#8211; Vermeintliche Einbrecher fl\u00fcchten vor Polizei. Zeugen gesucht!<\/h4>\n\n\n\n<p>Am Mittwoch, gegen 01.00 Uhr, wollte eine Streife des PRev. MA-Neckarau  einen grauen Opel Astra Coupe in der Neckarauer Stra\u00dfe, H\u00f6he  Adlerstra\u00dfe kontrollieren. Der Fahrer fl\u00fcchtete daraufhin mit hoher  Geschwindigkeit und unter Missachtung mehrerer roter Ampeln zun\u00e4chst in  Richtung Stadtmitte und dann ins Fahrlachgebiet. Von dort aus f\u00fchrte die  Flucht \u00fcber die Ludwigshafener Stra\u00dfe und weiter bis zum Stadtteil  Hochst\u00e4tt, wo die beiden Insassen zu Fu\u00df unerkannt entkommen konnten. Im  Pkw, dessen Eigentumsverh\u00e4ltnisse bislang nicht gekl\u00e4rt sind, wurde  vermeintliches Diebesgut aufgefunden. Am Pkw waren zuvor entwendete  Kennzeichen angebracht. Auf der Ludwigshafener Stra\u00dfe fuhr der  fl\u00fcchtende Pkw auf der Gegenfahrbahn. Hier mussten zwei entgegenkommende  Pkw ausweichen. Die Fahrer dieser Pkw, sowie eventuell weitere  gef\u00e4hrdete Verkehrsteilnehmer werden gebeten, sich mit dem Polizeirevier  Mannheim-Neckarau, Tel. 0621\/833970 in Verbindung zu setzen. <\/p>\n\n\n\n<h4 class=\"wp-block-heading\">(Mannheim) &#8211; Autofahrerin f\u00e4hrt gegen Schrankenautomat im Parkhaus und verstirbt<\/h4>\n\n\n\n<p>Am Dienstag, gg. 17.30 Uhr, fuhr eine 58-j\u00e4hrige Frau beim Ausfahren  aus der Tiefgarage am Theodor-Kutzer-Ufer frontal gegen den  Schrankenautomaten an der Ausfahrt und besch\u00e4digte hierbei einen  einfahrenden Audi. Nach ersten Erkenntnissen erlitt die Frau vermutlich  einen Schlagunfall und beschleunigte daraufhin ihr Fahrzeug. Trotz  schneller Hilfe verstarb die Frau. Insgesamt entstand ein Sachschaden  von rund 9.000 Euro. Der Verkehrsunfalldienst hat die Ermittlungen  \u00fcbernommen. <\/p>\n\n\n\n<h4 class=\"wp-block-heading\">(Mannheim) &#8211; Polizei sucht dringend Zeugen&#8230;<\/h4>\n\n\n\n<p>Nach Angaben einer Zeugin versperrten am vergangenen Freitag (22.03.)  gegen 19.30 Uhr in der Rheingoldstra\u00dfe in H\u00f6he des Anwesens Nr. 94 zwei  junge M\u00e4nner einer \u00e4lteren Dame, die mit ihrem Rolllator unterwegs war,  den Weg. Die Dame soll zumindest von einem der M\u00e4nner getreten worden  sein. <\/p>\n\n\n\n<p>Die Zeugin schrie aus dem Auto heraus das Duo an, woraufhin\n sich beide entfernten. Einer der M\u00e4nner trug eine dunkelblaue Tommy \nHilfiger Bomberjacke, dunkle Hose, schwarze Baseballm\u00fctze und rote \nNIKE-Turnschuhe. Der zweite Mann war mit einem schwarzen \nADIDAS-Trainingsanzug bekleidet und trug eine wei\u00dfe NIKE-Baseballm\u00fctze. \n\u00dcber die \u00e4ltere Dame liegen bei der Polizei auch keinerlei Informationen\n vor. <\/p>\n\n\n\n<p>Diese \u00e4ltere Dame wie auch Passanten, die gegen 19.30 Uhr \nauf den Vorfall aufmerksam geworden sind, werden gebeten, sich beim \nPolizeirevier Mannheim-Neckarau, Tel.: 0621\/83397-0, zu melden. <\/p>\n\n\n\n<h4 class=\"wp-block-heading\">(Mannheim) &#8211; Nach Tankstellen\u00fcberfall \/ Bildfahndung nach T\u00e4tern<\/h4>\n\n\n\n<div class=\"wp-block-image\"><figure class=\"aligncenter\"><img decoding=\"async\" loading=\"lazy\" width=\"800\" height=\"655\" src=\"https:\/\/speyer24news.com\/wp-content\/uploads\/2019\/03\/\u00dcberfall.jpg\" alt=\"\" class=\"wp-image-11292\" srcset=\"https:\/\/speyer24news.com\/wp-content\/uploads\/2019\/03\/\u00dcberfall.jpg 800w, https:\/\/speyer24news.com\/wp-content\/uploads\/2019\/03\/\u00dcberfall-300x246.jpg 300w, https:\/\/speyer24news.com\/wp-content\/uploads\/2019\/03\/\u00dcberfall-768x629.jpg 768w\" sizes=\"(max-width: 800px) 100vw, 800px\" \/><\/figure><\/div>\n\n\n\n<p>Nach einem Tankstellen\u00fcberfall am Mittwoch, den 20.03.2019 fahndet die  Kriminalpolizei Mannheim jetzt mit Bildmaterial der \u00dcberwachungskamera  nach den T\u00e4tern. <\/p>\n\n\n\n<p>Wie  am 20.03.2019 berichtet, drangen zwei bewaffnete M\u00e4nner um kurz vor 22  Uhr in den Verkaufsraum einer Tankstelle in der Waldstra\u00dfe. Hierbei  bedrohten diese mit Pistolen eine Angestellte, sowie einen Kunden.  Insgesamt wurden mehrere hundert Euro und Zigaretten entwendet. Siehe  auch: <a rel=\"noreferrer noopener\" target=\"_blank\" href=\"https:\/\/www.presseportal.de\/blaulicht\/pm\/14915\/4223032\">https:\/\/www.presseportal.de\/blaulicht\/pm\/14915\/4223032<\/a> <\/p>\n\n\n\n<div class=\"wp-block-image\"><figure class=\"aligncenter\"><img decoding=\"async\" loading=\"lazy\" width=\"800\" height=\"648\" src=\"https:\/\/speyer24news.com\/wp-content\/uploads\/2019\/03\/\u00dcberfall-2.jpg\" alt=\"\" class=\"wp-image-11293\" srcset=\"https:\/\/speyer24news.com\/wp-content\/uploads\/2019\/03\/\u00dcberfall-2.jpg 800w, https:\/\/speyer24news.com\/wp-content\/uploads\/2019\/03\/\u00dcberfall-2-300x243.jpg 300w, https:\/\/speyer24news.com\/wp-content\/uploads\/2019\/03\/\u00dcberfall-2-768x622.jpg 768w\" sizes=\"(max-width: 800px) 100vw, 800px\" \/><\/figure><\/div>\n\n\n\n<p>Die T\u00e4ter k\u00f6nnen wie folgt beschrieben werden: <\/p>\n\n\n\n<p>1.\n M\u00e4nnlich, zwischen 1,75 &#8211; 1,80 m, sprach Deutsch, schlank, schwarze \nHose, schwarzer Kapuzenpullover mit wei\u00dfem Rei\u00dfverschluss und wei\u00dfem \nBrustaufdruck linksseitig, Kapuze mit wei\u00dfen Schn\u00fcren hochgezogen, \nschwarze Handschuhe und schwarze Schuhe, schwarze Sporttasche mit roten \nApplikationen, vollst\u00e4ndig maskiert <\/p>\n\n\n\n<p>2. M\u00e4nnlich, 1,80 m gro\u00df, \nsprach Deutsch, schlank, dunkelblaue Adidas-Hose mit typisch wei\u00dfer \nBeschriftung, dunkler Parka mit Fellbesatz an der Kapuze, schwarze \nHandschuhe und dunkle Schuhe, schwarze Winterm\u00fctze, blaues Tuch \u00fcber den\n Mund gezogen <\/p>\n\n\n\n<p>Wer kennt die abgebildeten Personen oder kann \nweitere Hinweise geben? Zeugen, werden gebeten, sich unter 0621 174-4444\n an die Ermittler zu wenden. <\/p>\n\n\n\n<h4 class=\"wp-block-heading\">(Mannheim-Innenstadt) &#8211; Autoscheibe in Parkhaus eingeschlagen und Wertgegenst\u00e4nde geklaut \/ Zeugen gesucht!<\/h4>\n\n\n\n<p>In einem Parkhaus im Quadrat R5 schlug ein bislang unbekannter T\u00e4ter  die Beifahrerscheibe eines PKWs ein, der im Zeitraum von Freitag, 22:15  Uhr bis Samstag, 3:10 Uhr, auf der Ebene 1 geparkt war. Aus dem Fahrzeug  entwendete der Unbekannte ein iPad und eine &#8222;Kellnergeldb\u00f6rse&#8220; mit  Bargeld und machte sich damit aus dem Staub. W\u00e4hrend sich der  Diebstahlschaden auf mehrere Tausend Euro bel\u00e4uft, kann der Sachschaden  noch nicht n\u00e4her beziffert werden. <\/p>\n\n\n\n<p>Zeugen, die verd\u00e4chtige  Wahrnehmungen gemacht haben, werden gebeten, sich mit dem Polizeirevier  Mannheim-Innenstadt unter Tel.: 0621\/1258-0 in Verbindung zu setzen. <\/p>\n\n\n\n<h4 class=\"wp-block-heading\">(Mannheim-Oststadt) &#8211; Zwei Fahrzeuge im Gartenschauweg aufgebrochen \/ Zeugen gesucht!<\/h4>\n\n\n\n<p>Im Gartenschauweg, in H\u00f6he des Soccercenters, wurden am Dienstagabend  ein Seat Leon und eine Mercedes C-Klasse aufgebrochen. Ein bislang  unbekannter T\u00e4ter hatte an den Fahrzeugen jeweils eine Scheibe  eingeschlagen und zwei Aktentaschen gestohlen, in denen sich  B\u00fcroutensilien befanden. Die Tat muss sich zwischen 18:30 Uhr und 20:10  Uhr ereignet haben. W\u00e4hrend sich der Diebstahlstahlschaden auf mehrere  hundert Euro bel\u00e4uft, kann der entstandene Sachschaden noch nicht n\u00e4her  beziffert werden. <\/p>\n\n\n\n<p>Zeugen, die verd\u00e4chtige Wahrnehmungen gemacht \nhaben, werden gebeten, sich beim Polizeirevier Mannheim-Oststadt unter \nTel.: 0621\/174-3310 zu melden. <\/p>\n\n\n\n<h4 class=\"wp-block-heading\">(Mannheim-Oststadt) &#8211; Beim Fahrstreifenwechsel kollidiert \/ Sachschaden in H\u00f6he von \u00fcber 10.000 Euro<\/h4>\n\n\n\n<p>Am Sonntagabend, gegen 21 Uhr, kam es in der Augustaanlage zu einem  Zusammensto\u00df zweier PKW, bei dem Sachschaden in H\u00f6he von \u00fcber 10.000  Euro entstand. Beim Wechseln des Fahrstreifens kollidierte ein  28-j\u00e4hriger BMW-Fahrer mit dem Wagen eines 40-J\u00e4hrigen. Beide waren in  Richtung Wilhelm-Varnholt-Allee unterwegs. Verletzt wurde bei dem Unfall  gl\u00fccklicherweise niemand. Auch die beiden Fahrzeuge blieben trotz des  erheblichen Schadens noch fahrbereit. <\/p>\n\n\n\n<h4 class=\"wp-block-heading\">(Mannheim-Schwetzingerstadt) &#8211; Nach Unfallflucht Zeugen gesucht!<\/h4>\n\n\n\n<p>Zwischen Montagabend, 18:30 Uhr und Dienstagmorgen, 07:30 Uhr  besch\u00e4digte ein bislang unbekannter Autofahrer einen geparkten Jeep auf  einem Parkplatz in der Rheinh\u00e4user Stra\u00dfe und entfernte sich im  Anschluss unerlaubt von der Unfallstelle. Nach ersten Sch\u00e4tzungen  entstand am Jeep ein Schaden in H\u00f6he von rund 1.500 EUR. Der  Polizeiposten Mannheim-Schwetzingerstadt ermittelt nun wegen  Unfallflucht und nimmt unter Tel.: 0621\/441125 sachdienliche Hinweise  entgegen. <\/p>\n\n\n\n<h4 class=\"wp-block-heading\">(Mannheim-Neckarstadt) &#8211; Motorradfahrer kollidiert mit Fu\u00dfg\u00e4nger \/ Beide Personen verletzt &#8211; Wer hatte Gr\u00fcn?<\/h4>\n\n\n\n<p>Die Polizei sucht Zeugen eines Verkehrsunfalls, der sich am Samstag,  gegen 14:15 Uhr, in der Ludwig-Jolly-Stra\u00dfe, in H\u00f6he der Mittelstra\u00dfe,  ereignet hat. Ein 28-j\u00e4hriger Motorradfahrer war von der Jungbuschbr\u00fccke  kommend in Richtung Unterm\u00fchlaustra\u00dfe unterwegs, als es zum  Zusammensto\u00df mit einem 44-j\u00e4hrigen Fu\u00dfg\u00e4nger kam, der die Stra\u00dfe in  Richtung Mittelstra\u00dfe \u00fcberqueren wollte. Der Motorradfahrer fiel nach  dem Zusammensto\u00df zu Boden und zog sich dabei Verletzungen zu, die in  einem Krankenhaus behandelt werden mussten. Auch der Fu\u00dfg\u00e4nger wurde bei  dem Unfall verletzt, suchte aber selbstst\u00e4ndig einen Arzt auf. Die  Beteiligten gaben an, jeweils bei gr\u00fcner Ampel gefahren bzw. gelaufen zu  sein. Zum Unfallzeitpunkt soll sich auf der rechten Fahrspur ein  unbekannter LKW-Fahrer befunden haben, der den Unfall beobachtet haben  k\u00f6nnte. <\/p>\n\n\n\n<p>Zeugen des Unfalls und insbesondere der LKW-Fahrer, \nwerden gebeten, sich beim Polizeirevier Mannheim-Neckarstadt unter Tel.:\n 0621\/3301-0 zu melden. <\/p>\n\n\n\n<h4 class=\"wp-block-heading\">(Mannheim-Neckarstadt) &#8211; M\u00fcnzautomat an Tankstelle gestohlen \/ Zeugen gesucht!<\/h4>\n\n\n\n<p>Von der Waschanlage einer Tankstelle in der Unterm\u00fchlaustra\u00dfe  entwendete ein bislang unbekannter T\u00e4ter am Samstag einen M\u00fcnzautomaten,  in dem sich Bargeld in H\u00f6he von sch\u00e4tzungsweise hundert Euro befand.  Der T\u00e4ter riss den Automaten gewaltsam von der Wand und ergriff damit  die Flucht. Der Sachschaden bel\u00e4uft sich auf mehrere hundert Euro. Als  Tatzeit kommt Mitternacht bis 5 Uhr in Frage. <\/p>\n\n\n\n<p>Zeugen, die  verd\u00e4chtige Beobachtungen gemacht haben, werden gebeten, sich mit dem  Polizeirevier Mannheim-Neckarstadt unter Tel.: 0621\/3301-0 in Verbindung  zu setzen. <\/p>\n\n\n\n<h4 class=\"wp-block-heading\">(Mannheim-Fahrlach) &#8211; Mit Hammer um Autos geschlichen \/ Zeugen gesucht<\/h4>\n\n\n\n<p>Am Montagvormittag schlug ein bislang Unbekannter in der  Gottlieb-Daimler-Stra\u00dfe die Seitenscheibe eines geparkten Pkw ein.  Gestohlen wurde daraus allerdings nicht. Der 40-j\u00e4hrige Eigent\u00fcmer des  Fahrzeugs hatte sein Fahrzeug bereits gegen 09:30 Uhr geparkt und  bemerkte den Schaden am Nachmittag. Zuvor fiel diesem eine verd\u00e4chtige  Person auf, die mit einem Hammer in der Hand um weitere Fahrzeuge  geschlichen sein soll. Der Verd\u00e4chtige kann wie folgt beschrieben  werden: m\u00e4nnlich, westeurop\u00e4isches Aussehen, drei-Tage-Bart, grau-wei\u00dfes  Basecap, schwarze &#8222;Superdry&#8220; Jacke mit Kapuze und orangefarbenem Emblem  auf der rechten Schulter, sowie auf dem rechten \u00c4rmel, wei\u00dfe Schuhe mit  schwarzen Applikationen auf den Seiten. Zeugen, die Hinweise zum  Verd\u00e4chtigen haben oder entsprechende Wahrnehmungen gemacht haben,  werden gebeten, sich unter 0621 174-3310 an die Ermittler des  Polizeireviers Mannheim-Oststadt zu wenden. <\/p>\n\n\n\n<h4 class=\"wp-block-heading\">(Mannheim-Sch\u00f6nau) &#8211; Verkehrsunfall mit zwei Verletzten und enormen Sachschaden<\/h4>\n\n\n\n<p>Am Montagmittag kam es im Stadtteil Sch\u00f6nau zu einem Verkehrsunfall mit  insgesamt 4 beteiligten Fahrzeugen. Ein 74-j\u00e4hriger Mercedes &#8211; Fahrer  befuhr gegen 15 Uhr die Sondenburgerstra\u00dfe in Richtung Lilienthalstra\u00dfe,  als er verkehrsbedingt halten musste. Die hinter ihm fahrende  69-j\u00e4hrige Mercedes- Fahrerin bremste daraufhin ebenso ab, was eine  22-j\u00e4hrige Peugeotfahrerin zu sp\u00e4t bemerkte und noch versuchte, nach  links auszuweichen. Dabei streifte sie den vorausfahrenden Mercedes.  Eine 50-j\u00e4hrige VW-Fahrerin erkannte den Unfall zu sp\u00e4t und fuhr  ungebremst auf die bereits stehenden Fahrzeuge auf. Es entstand  Sachschaden von mehr als 30.000 EUR. Durch den Aufprall erlitten die  VW-Fahrerin und die 69-j\u00e4hrige Fahrerin des Mercedes Verletzungen im  Brustbereich und wurden zur weiteren Abkl\u00e4rung ins Krankenhaus gebracht.  Der VW sowie der Peugeot waren nicht mehr fahrbereit und mussten  abgeschleppt werden. W\u00e4hrend der Unfallaufnahme musste die Sonderburger  Stra\u00dfe komplett gesperrt und der Verkehr umgeleitet werden. <\/p>\n\n\n\n<h4 class=\"wp-block-heading\">(Mannheim-Hochst\u00e4tt) &#8211; Einbruch in Schulgeb\u00e4ude \/ Polizei sucht Zeugen!<\/h4>\n\n\n\n<p>Brachial eingebrochen wurde in der Nacht zum Montag, gegen 4 Uhr, in  eine Schule in der Rohrlachstra\u00dfe. Ein oder mehrere bislang unbekannte  T\u00e4ter schlugen zun\u00e4chst ein Fenster des Neubaus ein und gelangten \u00fcber  dieses in das Geb\u00e4ude. Im Inneren hebelten sie mehrere T\u00fcren auf und  suchten unter anderem zwei B\u00fcros heim, in welchen sie s\u00e4mtliche Schr\u00e4nke  aufbrachen und durchw\u00fchlten. Im Anschluss verlie\u00dfen sie das Geb\u00e4ude  wieder und machten sich am benachbarten Altbau an einem Fenster zu  schaffen. \u00dcber dieses drangen sie in die Schule ein und besch\u00e4digten im  Inneren ebenfalls mehrere T\u00fcren, indem sie diese gewaltsam aufbrachen  oder die Scheiben einschlugen. Anschlie\u00dfend ergriffen sie in unbekannte  Richtung die Flucht. Nach derzeitigem Kenntnisstand wurden zwei  Computerbildschirme gestohlen. Ein Zeuge gab an, dass er im Bereich des  Treppenhauses eine m\u00e4nnliche Person, bekleidet mit einer Wollm\u00fctze,  feststellen konnte. Diese war allerdings bei Eintreffen der Polizei  bereits gefl\u00fcchtet. <\/p>\n\n\n\n<p>Zeugen, die verd\u00e4chtige Beobachtungen gemacht  haben, werden gebeten, sich beim Polizeirevier Ladenburg unter Tel.:  06203\/9305-0 oder beim Polizeiposten Mannheim-Seckenheim unter Tel.:  0621\/48971 zu melden. <\/p>\n\n\n\n<h4 class=\"wp-block-heading\">(Mannheim-Hochst\u00e4tt) &#8211; Einbruch in Kindergarten und Eltern-Kind-Zentrum \/ Zeugen gesucht!<\/h4>\n\n\n\n<p>Bislang Unbekannte suchten vergangenes Wochenende einen Kindergarten im  &#8222;Wasengrund&#8220; und ein Eltern-Kind-Zentrum im &#8222;Kieselgrund&#8220; heim. <\/p>\n\n\n\n<p>In\n der Zeit von Freitag, 16 Uhr bis Montag, 7:30 Uhr, schoben ein oder \nmehrere T\u00e4ter an der Gartent\u00fcr des Kindergartens im &#8222;Wasengrund&#8220; den \nRollladen nach oben, um anschlie\u00dfend die dahinterliegende Fensterscheibe\n einzuschlagen. Sie drangen in die R\u00e4umlichkeiten ein und machten sich \ngewaltsam an der T\u00fcr zum Treppenhaus zu schaffen. Entwendet hatten die \nUnbekannten jedoch offensichtlich nichts. <\/p>\n\n\n\n<p>Im &#8222;Kieselgrund&#8220; wurde \nzwischen Sonntag, 16:30 Uhr und Montag, 6:50 Uhr, mit brachialer Gewalt \nein Fenster des Eltern-Kind-Zentrums aufgehebelt. Die bislang \nunbekannten T\u00e4ter stiegen \u00fcber das Fenster in das Geb\u00e4ude ein und \ndurchsuchten im Inneren s\u00e4mtliche R\u00e4ume. Anschlie\u00dfend brachen sie die \nT\u00fcr zu einem B\u00fcroraum auf und durchsuchten auch dort mehrere Schubladen.\n Nach ersten Erkenntnissen nahmen die Einbrecher eine Kasse mit einem \nBargeldbetrag in noch unbekannter H\u00f6he mit. Die Schadensh\u00f6he kann noch \nnicht n\u00e4her beziffert werden. <\/p>\n\n\n\n<p>Ein Tatzusammenhang zwischen den \nbeiden Einbr\u00fcchen und dem Einbruch in ein Schulgeb\u00e4ude in der \nRohrlachstra\u00dfe (wir berichteten) ist wahrscheinlich. <\/p>\n\n\n\n<p>Zeugen, die \nverd\u00e4chtige Beobachtungen gemacht haben, werden gebeten, sich mit dem \nPolizeirevier Ladenburg unter Tel.: 06203\/9305-0 oder dem Polizeiposten \nMannheim-Seckenheim unter Tel.: 0621\/48971 in Verbindung zu setzen. <\/p>\n\n\n\n<h4 class=\"wp-block-heading\">(Mannheim-Feudenheim) &#8211; Unbekannter entwendet Handtasche \/ Zeugen und insbesondere zwei M\u00e4nner gesucht!<\/h4>\n\n\n\n<p>Ein bislang unbekannter T\u00e4ter entwendete am Sonntag, gegen 15:45 Uhr,  die Handtasche einer Radfahrerin, die im Feldgebiet &#8222;In der Au&#8220;  unterwegs war. Die Frau hatte f\u00fcr einen kurzen Augenblick ihr Fahrrad  abgestellt und sich von der \u00d6rtlichkeit entfernt, als der Unbekannte  deren Handtasche an sich riss, die \u00fcber dem Lenker hing. Der T\u00e4ter  fl\u00fcchtete in Richtung Feudenheimer Stra\u00dfe, wo er in H\u00f6he der Haltestelle  &#8222;Am Aubuckel&#8220; einen Damm hochrannte und dabei die Handtasche wegwarf.  Die Frau hatte noch die Verfolgung aufgenommen, verlor ihn dann jedoch  aus den Augen. Aus der Tasche hatte der Dieb eine Geldb\u00f6rse gestohlen,  die von einer Passantin wenig sp\u00e4ter an der Ecke Adolf-Damaschke-Ring\/Am  Aubuckel aufgefunden wurde. Der Unbekannte hatte daraus lediglich einen  geringen Bargeldbetrag entwendet. <\/p>\n\n\n\n<p>Die Gesch\u00e4digte gab an, dass \nsich zum Tatzeitpunkt zwei m\u00e4nnliche Personen auf dem Damm aufhielten, \ndie die Tat eventuell beobachtet haben. Zu dem T\u00e4ter ist lediglich \nbekannt, dass er j\u00fcngeren Alters und dunkel gekleidet war. <\/p>\n\n\n\n<p>Die \nbeiden unbekannten M\u00e4nner sowie weitere Zeugen, werden gebeten, sich \nbeim Polizeirevier Mannheim-K\u00e4fertal unter Tel.: 0621\/71849-0 zu melden.\n <\/p>\n\n\n\n<h4 class=\"wp-block-heading\">(Mannheim-Sandhofen) &#8211; BMW ausgebrannt \/ Hoher Sachschaden<\/h4>\n\n\n\n<p>Am fr\u00fchen Dienstagmorgen, gegen 01.50 Uhr, wurde der Polizei ein  Fahrzeugvollbrand im Bereich der Frankenthaler Stra\u00dfe im Stadtteil  Sandhofen gemeldet. Aus bislang noch nicht gekl\u00e4rter Ursache geriet der,  auf den Kundenparkpl\u00e4tzen der dortigen Fachgesch\u00e4fte geparkte, BMW  einer 35-J\u00e4hrigen BMW Fahrerin in Brand. Der Brand wurde durch die  Berufsfeuerwehr Mannheim gel\u00f6scht. Ersten Sch\u00e4tzungen zur Folge bel\u00e4uft  sich der Sachschaden an dem v\u00f6llig ausgebrannten Pkw auf ca. 25 000,-  Euro. Verletzt wurde niemand. Die Kriminalpolizei Mannheim hat die  Ermittlungen \u00fcbernommen. <\/p>\n\n\n\n<h4 class=\"wp-block-heading\">(Mannheim-Sandhofen) &#8211; Auf Supermarktparkplatz Seat besch\u00e4digt und gefl\u00fcchtet \/ Zeugen gesucht!<\/h4>\n\n\n\n<p>Auf einem Supermarktparkplatz in der Amselstra\u00dfe besch\u00e4digte am Montag  ein bislang unbekannter Autofahrer einen geparkten Seat und fl\u00fcchtete im  Anschluss von der Unfallstelle. Die Autohalterin stellte ihren PKW  gegen 16:30 Uhr auf dem Parkplatz ab und musste eine halbe Stunde sp\u00e4ter  auf der Fahrerseite einen Schaden im Bereich der hinteren T\u00fcr  feststellen. Die Schadensh\u00f6he bel\u00e4uft sich auf ca. 1.000 Euro. <\/p>\n\n\n\n<p>Zeugen,\n die den Unfall beobachtet haben oder Hinweise zum Unfallverursacher \ngeben k\u00f6nnen, werden gebeten, sich beim Polizeirevier Mannheim-Sandhofen\n unter Tel.: 0621\/77769-0 zu melden. <\/p>\n\n\n\n<h4 class=\"wp-block-heading\">(Mannheim-Sandhofen) &#8211; Einbruch in Pub<\/h4>\n\n\n\n<p>Am Montagmorgen gelangen bislang unbekannte T\u00e4ter zwischen 03:00 Uhr  und 11:30 Uhr durch \u00dcbersteigen der Grundst\u00fccksmauer unrechtm\u00e4\u00dfig auf  ein Grundst\u00fcck in der Luftschifferstra\u00dfe. Im Anschluss verschafften sie  sich durch ein Fenster Zutritt in die Gastr\u00e4ume des Pubs, wo sie drei  Spielautomaten aufhebelten und dann mit einer bisher unbekannten Menge  Bargeld durch ein K\u00fcchenfenster fl\u00fcchteten. <\/p>\n\n\n\n<p>Zeugen, die im \nfraglichen Zeitraum verd\u00e4chtige Beobachtungen gemacht haben, werden \ngebeten sich unter Tel. 0621 77769-0 beim Polizeirevier \nMannheim-Sandhofen zu melden. <\/p>\n\n\n\n<h4 class=\"wp-block-heading\">(Mannheim-K\u00e4fertal) &#8211; Reiche Beute bei Einbruch in B\u00fcrogeb\u00e4ude \/ Polizei sucht Zeugen!<\/h4>\n\n\n\n<p>In der Zeit von Freitag, 16:30 Uhr bis Montag, 5:45 Uhr, brachen  bislang unbekannte T\u00e4ter in ein B\u00fcrogeb\u00e4ude im James-Monroe-Ring ein.  Die Unbekannten stemmten auf der Geb\u00e4uder\u00fcckseite ein Fenster auf und  gelangten so ins Innere. Sie durchsuchten s\u00e4mtliche B\u00fcror\u00e4ume nach  Brauchbarem, wobei ihnen vier Laptops in die H\u00e4nde fielen. Aus einem  Besprechungsraum lie\u00dfen sie zudem eine komplette Videokonferenz-Anlage,  bestehend aus zwei TV-Ger\u00e4ten, einem Beamer, einem Rekorder und einer  Soundbar, im Wert von \u00fcber 10.000 Euro mitgehen. Im Anschluss machten  sie sich noch an mehreren Schr\u00e4nken zu schaffen und entwendeten einen  Koffer mit einem Messger\u00e4t und diverse Getr\u00e4nke. Die H\u00f6he des Diebstahl-  und Sachschadens kann derzeit noch nicht beziffert werden. <\/p>\n\n\n\n<p>Zeugen,\n die verd\u00e4chtige Beobachtungen gemacht haben, werden gebeten, sich beim \nPolizeirevier Mannheim-K\u00e4fertal unter Tel.: 0621\/71849-0 zu melden. <\/p>\n\n\n\n<h4 class=\"wp-block-heading\">(Mannheim \/ Heidelberg \/ Rhein-Neckar-Kreis) &#8211; Motorradfahren bleibt  gef\u00e4hrlich \/ Bereits zwei t\u00f6dliche Verkehrsunf\u00e4lle 2019 &#8211; Tipps f\u00fcr die eigene Sicherheit<\/h4>\n\n\n\n<p>Der Fr\u00fchling, der Sommer stehen vor der T\u00fcr und mit dem Ansteigen der  Temperaturen nimmt auch die Zahl der Zweiradfahrer im Stra\u00dfenverkehr  wieder zu. Biker und Bikerinnen machen ihre Maschinen wieder flott, neue  und oft PS-st\u00e4rkere Zweir\u00e4der werden zu Beginn der Saison erworben und  dann zugelassen. <\/p>\n\n\n\n<p>Probleme bereitet so manch einem Motorradfahrer \ndie mangelnde Fahrpraxis nach der monatelangen Fahrpause. Aber auch die \nanderen Kraftfahrer m\u00fcssen sich auch erst wieder an die zahlreichen \nschnellen und wendigen Motorr\u00e4der gew\u00f6hnen. Untersuchungen belegen \ndar\u00fcber hinaus, dass die Zahl der Motorradunf\u00e4lle in den ersten Monaten \nder Zweiradsaison am h\u00f6chsten ist. <\/p>\n\n\n\n<p><strong>Aktuelle Unfallzahlen: <\/strong><\/p>\n\n\n\n<p>Motorradfahren\n bleibt gef\u00e4hrlich, das zeigt leider auch ein Blick auf die aktuellen \nUnfallzahlen der ersten drei Monate die aktuellen Jahres. <\/p>\n\n\n\n<p>Zwei \nMotorradfahrer mussten 2019 bereits ihr Leben bei einem Unfall auf den \nStra\u00dfen im Rhein-Neckar-Kreis lassen. Am 12.03.2019 war ein 20-j\u00e4hriger \nMotorradfahrer auf der L 600 bei Leimen in einer Rechtskurve nach links \nvon seiner Fahrbahn abgekommen und nahezu frontal mit einem \nentgegenkommenden VW-Bus kollidiert. Der 20-J\u00e4hrige verstarb noch an der\n Unfallstelle. Am 24.03.2919 \u00fcberholte ein 39-j\u00e4hriger Motorradfahrer \nauf der L 598 bei Walldorf eine Autokolonne und verlor in einer leichten\n Linkskurve die Kontrolle \u00fcber seine Maschine. Er st\u00fcrzte und erlag noch\n an der Unfallstelle seinen Verletzungen. <\/p>\n\n\n\n<p>Insgesamt ereigneten \nsich 2019 25 Verkehrsunf\u00e4lle mit Beteiligung von motorisierten \nZweiradfahrern. Sechs Fahrer wurden dabei schwer verletzt, 15 kamen mit \nleichteren Verletzungen davon. <\/p>\n\n\n\n<p>Unf\u00e4lle mit motorisierten Zweiradfahrern 2018 im Gesamtbereich des Polizeipr\u00e4sidiums Mannheim: <\/p>\n\n\n\n<p>W\u00e4hrend\n 2017 sechs Zweiradfahrer ihr Leben bei Unf\u00e4llen lassen mussten, \nverungl\u00fcckten 2018 zwei motorisierter Zweiradfahrer t\u00f6dlich. Dem \ngegen\u00fcber nahm die Zahl der Verletzten wieder von 428 auf 453 zu. Die \nZahl der Schwerverletzten fiel leicht von 112 auf 109, w\u00e4hrend die \nAnzahl der Leichtverletzten von 316 auf 344 anstieg (+4,6%). <\/p>\n\n\n\n<p>Motorradfahren bleibt gef\u00e4hrlich, aber jeder kann auch eine Menge f\u00fcr die eigene Sicherheit tun. <\/p>\n\n\n\n<p>Tipps: <\/p>\n\n\n\n<ul><li>Technischer Check der Maschine<\/li><li>Ausr\u00fcstungscheck inkl. Helm, Schuhwerk, Handschuhe<\/li><li>Eigene Sichtbarkeit verbessern (Abblendlicht am Tage, <br>\n leuchtfarbene Bekleidung)<\/li><li>defensiv und vorausschauend fahren<\/li><li>Vorsicht an Einm\u00fcndungen und Kreuzungen, m\u00f6glichst Blickkontakt <br>\n herstellen<\/li><li>vollst\u00e4ndige Schutzausr\u00fcstung tragen<\/li><li>Fahrk\u00f6nnen verbessern, Fahrpraxis erhalten (Teilnahme an einen <br>\n Sicherheitstraining)<\/li><li>Umsicht bei Gruppenfahrten <\/li><\/ul>\n\n\n\n<h4 class=\"wp-block-heading\">(Mannheim \/ Heidelberg \/ Rhein-Neckar-Kreis) &#8211; Polizeiliche Kriminalstatistik 2018 f\u00fcr den Pr\u00e4sidialbereich Mannheim vorgestellt<br><\/h4>\n\n\n\n<p>Kriminalit\u00e4tsentwicklung im Pr\u00e4sidiumsbereich auf F\u00fcnfjahrestief <\/p>\n\n\n\n<p>Wohnungseinbruche und Stra\u00dfenkriminalit\u00e4t auf Zehnjahrestief <\/p>\n\n\n\n<p>Aufkl\u00e4rungsquote mit 59,5 Prozent auf Zehnjahreshoch <\/p>\n\n\n\n<p>Gesamtbetrachtung: <\/p>\n\n\n\n<p>&#8222;In\n der Gesamtbetrachtung bin ich mit der Kriminalit\u00e4tsentwicklung im Jahr \n2018 sehr zufrieden&#8220;, so Polizeipr\u00e4sident Thomas K\u00f6ber, der gemeinsam \nmit Polizeivizepr\u00e4sident Siegfried Kollmar die Polizeiliche \nKriminalstatistik 2018 am 27. M\u00e4rz 2019 der \u00d6ffentlichkeit pr\u00e4sentierte.\n Im Pr\u00e4sidiumsbereich sind die Straftaten um 1,1 Prozent zur\u00fcckgegangen \nund liegen derzeit bei 73.991 Delikten (2017: 74.838). <\/p>\n\n\n\n<p>&#8222;Die \nFreude \u00fcber den R\u00fcckgang der Straftaten in Mannheim im Vergleich zum \nVorjahr um immerhin 4,5 Prozent wird allerdings etwas getr\u00fcbt von den \nleichten Anstiegen in Heidelberg um 1,9 Prozent und dem \nRhein-Neckar-Kreis um 1,8 Prozent. Dies ist u.a. auch dem Anstieg der \nausl\u00e4nder- und asylrechtlichen Verst\u00f6\u00dfen gerade in Heidelberg mit dem \nAnkunftszentrum geschuldet&#8220;, so K\u00f6ber erkl\u00e4rend. &#8222;Diese Straftaten, die \nausschlie\u00dflich von Ausl\u00e4ndern begangen werden k\u00f6nnen, flossen in die \nGesamtstatistik ein und beeinflussten ma\u00dfgeblich das Ergebnis in \nHeidelberg.&#8220; <\/p>\n\n\n\n<p>Ein exorbitanter Anstieg der Straftaten ist bei den \nBetrugsdelikten durch angebliche Polizeibeamte von 758 auf 1.454 (+91,8 \n%) festzustellen. Im Vergleich dazu wurden im Jahr 2016 lediglich 87 \nF\u00e4lle bekannt! <\/p>\n\n\n\n<p>Weitere wesentliche Zuw\u00e4chse sind bei den \nSexualstraftaten von 605 auf 793 Delikte (+31,1%), den Verst\u00f6\u00dfen gegen \ndas Aufenthalts- und Asylverfahrensgesetz von 2.514 auf 3.172 Delikte \n(+26,2%) und der Computerkriminalit\u00e4t von 782 auf 954 F\u00e4lle (22,0%) zu \nverzeichnen. Signifikante R\u00fcckg\u00e4nge sind beim besonders schweren Fall \ndes Diebstahls an\/aus Kfz von 2.259 auf 1.350 Delikte (-40,2%), beim \nTrickdiebstahl von 155 auf 117 F\u00e4lle (-33,9%) und bei Wohnungseinbruch \nvon 1.074 auf 838 (-22,0%) festzustellen. <\/p>\n\n\n\n<p>Bei der \nStra\u00dfenkriminalit\u00e4t handelt es sich um einen Summenschl\u00fcssel mehrerer \nDelikte, die sich in der \u00d6ffentlichkeit ereignen. Sie sank im \nGesamtbereich erneut deutlich um 9,4 Prozent von 16.285 auf 14.760 \nregistrierte Straftaten und somit auf einen Zehn-Jahres-Tiefstand. Den \nh\u00f6chsten prozentualen R\u00fcckgang konnte in diesem Deliktsfeld das \nStadtgebiet Mannheim mit einem Minus von 13,3 Prozent von 7.883  auf \n6.796 Delikte vorweisen. <\/p>\n\n\n\n<p>Bei den sogenannten &#8222;Aggressionsdelikten\n im \u00f6ffentlichen Raum&#8220; zeigt sich eine negative Entwicklung mit einer \nZunahme um 3,8 Prozent. Immerhin liegt diese leicht  unter dem \nLandestrend. Lediglich im Rhein-Neckar-Kreis gab es geringf\u00fcgige \nR\u00fcckg\u00e4nge bei diesen Straftaten, w\u00e4hrend in Mannheim und in Heidelberg \ndie Straftaten in diesem Deliktsbereich zunahmen. Die Aufkl\u00e4rungsquote \nliegt insgesamt bei knapp 80 Prozent. 29 Prozent der Tatverd\u00e4chtigen \nwaren alkoholisiert. Dieser Wert liegt damit auf einem konstant hohen \nLevel. Der Anteil der Nichtdeutschen Tatverd\u00e4chtigen lag bei 39 Prozent.\n <\/p>\n\n\n\n<p>Aufkl\u00e4rungsquote: <\/p>\n\n\n\n<p>Unsere Aufkl\u00e4rungsquote ist mit fast \n59,5 Prozent unser Spitzenwert \u00fcberhaupt, wobei wir nur marginal hinter \ndem Gesamtwert in Baden-W\u00fcrttemberg zur\u00fcckliegen&#8220;,  f\u00fcgt der \nPolizeipr\u00e4sident hinzu. &#8222;Eine weitere Steigerung und eine Ann\u00e4herung an \nden landesweiten Wert von 62,7% sollte daher unser Ziel sein&#8220;. <\/p>\n\n\n\n<p>Opferwahrscheinlichkeit (H\u00e4ufigkeitszahl) <\/p>\n\n\n\n<p>Die\n H\u00e4ufigkeitszahl bildet die Anzahl der Straftaten je 100.000 Einwohner \nab und ist damit eine valide M\u00f6glichkeit, Gemeinden oder Kreise mit \nunterschiedlichen Strukturen zu vergleichen. Die H\u00e4ufigkeitszahl in \nMannheim sank von 11.448 auf 10.818. In Heidelberg dagegen stieg sie \nleicht von 10.222 auf 10.371 an. Im Rhein-Neckar-Kreis lag die \nWahrscheinlichkeit, Opfer einer Straftat zu werden, mit 4.392 Straftaten\n je 100.000 Einwohner sogar deutlich unter dem Landesdurchschnitt von \n5.191. Im Vergleich der Gro\u00dfst\u00e4dte in Baden-W\u00fcrttemberg belegen Mannheim\n und Heidelberg nach Freiburg Platz 2 und 3. <\/p>\n\n\n\n<p>Gewalt gegen Polizeibeamte <\/p>\n\n\n\n<p>Viele\n Polizeibeamte sehen sich auf Streife und bei Eins\u00e4tzen immer h\u00e4ufiger \nmit Respektlosigkeiten und \u00dcbergriffen konfrontiert. Seit Jahren ist zu \nbeobachten, dass bedrohliche Situationen f\u00fcr die Beamten kontinuierlich \nansteigen. Aggressionen gegen\u00fcber der Polizei beginnen h\u00e4ufig mit \nBeleidigungen (in der PKS nicht gesondert ausgewiesen) und machen auch \nnicht vor Widerst\u00e4nden und t\u00e4tlichen Angriffen Halt. In den meisten \nF\u00e4llen l\u00e4sst der zum Teil enorme Alkoholkonsum die Hemmschwelle stark \nsinken. <\/p>\n\n\n\n<p>Im Jahr 2018 wurden insgesamt 491 Taten registriert. Dies\n ist ein Zuwachs um 50 F\u00e4lle oder 11,3 Prozent. W\u00e4hrend die Straftaten \nin Mannheim um 20,4 Prozent und in Heidelberg um 14,2 Prozent stiegen, \nsanken im Rhein-Neckar-Kreis die Angriffe auf Polizeibeamte um 5,5 \nProzent. <\/p>\n\n\n\n<p>Wir liegen damit auf dem h\u00f6chsten Wert \u00fcberhaupt. \nAllerdings kann man in diesem Deliktsbereich aufgrund der erstmaligen \nErfassung des Delikts &#8222;t\u00e4tlicher Angriff auf Vollstreckungsbeamte&#8220; nur \nbedingt Vergleiche zu den Vorjahren ziehen. 57 Prozent der ermittelten \nTatverd\u00e4chtigen standen unter Alkoholeinfluss: Im Jahr davor waren es \nnoch 54 Prozent. <\/p>\n\n\n\n<p>Insgesamt wurden 442 Tatverd\u00e4chtige ermittelt. 162 waren Nichtdeutsche, 74 davon Asylbewerber\/Fl\u00fcchtlinge. <\/p>\n\n\n\n<p>&#8222;Bedauerlicherweise\n ist die Zahl der verletzten Polizeibeamten um 60 auf 284 gestiegen. \nDrei von ihnen wurden schwer verletzt. Das ist so nicht weiter \nhinnehmbar&#8220;, zeigt sich K\u00f6ber entschlossen. <\/p>\n\n\n\n<p>Einen R\u00fcckgang der \n\u00dcbergriffe auf Polizeibeamte verspricht sich der Polizeipr\u00e4sident neben \neinem weiterhin konsequenten Vorgehen seiner Beamten, auch durch \nverst\u00e4rkte Eins\u00e4tze von Antikonfliktteams bei Veranstaltungen, vor allem\n aber von den seit dem 09. M\u00e4rz 2019 fl\u00e4chendenkend eingef\u00fchrten \nBodycams. <\/p>\n\n\n\n<p>Sexualstraftaten <\/p>\n\n\n\n<p>&#8222;Der Anstieg der \nSexualstraftaten hielt auch 2018 mit insgesamt 793 Straftaten und somit \neinem Plus von 31,1 Prozent an&#8220;, so Polizeivizepr\u00e4sident und Leiter der \nKriminalpolizeidirektion Heidelberg Siegfried Kollmar. &#8222;Dieser Bereich \nwird daher 2019 ein Handlungsschwerpunkt beim Polizeipr\u00e4sidium Mannheim \nsein.&#8220; <\/p>\n\n\n\n<p>So gab es in den vorangegangenen Jahren bereits Zuw\u00e4chse \n(2017: 10,2% \/ 2016: 10,7 %). Der Anstieg der Straftaten ist zumindest \nteilweise der Reform des Sexualstrafrechts Ende des Jahres 2016 und der \nNeuaufnahme von Straftatbest\u00e4nden wie der sexuellen Bel\u00e4stigung nach \u00a7 \n184i StGB sowie ge\u00e4nderter statistischer Erfassungskriterien geschuldet.\n Aber auch \u00f6ffentliche Kampagnen, wie die &#8222;MeToo&#8220;-Bewegung, d\u00fcrfte zu \neiner erh\u00f6hten Sensibilit\u00e4t und Anzeigenbereitschaft der Bev\u00f6lkerung \nbeigetragen haben. <\/p>\n\n\n\n<p>Gro\u00dfe Anstiege sind insbesondere im Bereich \nder Tatbest\u00e4nde des &#8222;sexuellen \u00dcbergriffs\/ sexueller N\u00f6tigung&#8220; mit einem\n Plus von 153 Prozent und der &#8222;sexuellen Bel\u00e4stigung&#8220; mit einer \nSteigerung von insgesamt 42,7 Prozent zu sehen. <\/p>\n\n\n\n<p>Einen deutlichen \nR\u00fcckgang verzeichnet dagegen der Tatbestand der &#8222;Beleidigung auf \nsexueller Grundlage&#8220; von 155 auf 117 F\u00e4lle, wobei dieser nunmehr zum \nTeil unter &#8222;sexuelle Bel\u00e4stigung&#8220; (\u00a7184i StGB) subsumiert wird. \nErfreulicherweise ist auch der Tatbestand der &#8222;Vergewaltigung\/sexuellen \n\u00dcbergriffs\/sexueller N\u00f6tigung im besonders schweren Fall&#8220; um 7,1 Prozent\n zur\u00fcckgegangen. <\/p>\n\n\n\n<p>Die Aufkl\u00e4rungsquote ist mit 77,6 Prozent im \nBereich der Sexualstraftaten erwartungsgem\u00e4\u00df hoch und im Vergleich zum \nVorjahr nahezu gleichbleibend. Somit wurden \u00fcber Dreiviertel aller \nSexualstraftaten aufgekl\u00e4rt. In rund 44 Prozent hatten T\u00e4ter und Opfer \nbereits eine Vorbeziehung. <\/p>\n\n\n\n<p>Von den 545 registrierten \nTatverd\u00e4chtigen handelt es sich bei 188 um ausl\u00e4ndische \nStaatsangeh\u00f6rige; davon waren 70 Asylbewerber. Im Bereich des \nTatbestands der &#8222;sexuellen Bel\u00e4stigung&#8220; ist der Anteil der \nnichtdeutschen T\u00e4ter bei rund 50 Prozent. Die H\u00e4lfte davon sind \nAsylbewerber. <\/p>\n\n\n\n<p>Sowohl landesweit als auch beim PP Mannheim wurde \nmit der Definition der &#8222;Sicherheit im \u00f6ffentlichen Raum&#8220; als \npolizeilicher Handlungsschwerpunkt reagiert. Besonderes Augenmerk liegt \nhierbei auch auf der Bek\u00e4mpfung der Delikte gegen die sexuelle \nSelbstbestimmung. <\/p>\n\n\n\n<p>Wohnungseinbr\u00fcche <\/p>\n\n\n\n<p>&#8222;Das Sicherheitsgef\u00fchl\n der B\u00fcrger ist uns ein besonderes Anliegen. Deshalb freut es mich \nau\u00dferordentlich, dass wir bei den Wohnungseinbr\u00fcchen erneut einen \nbemerkenswerten R\u00fcckgang vermelden k\u00f6nnen. Dieses Mal um 236 F\u00e4lle&#8220;, \nzeigt sich Kollmar zufrieden. <\/p>\n\n\n\n<p>Mit 838 (2014: 1.074) registrierten\n Einbr\u00fcchen und Einbruchversuchen zeigt die Tendenz mit einem Minus von \n22,0 Prozent deutlich nach unten und stellt den niedrigsten Wert der \nletzten zehn Jahre dar. Diese Zahlen zeigten sogar eine bessere \nEntwicklung als die des Landes mit einem R\u00fcckgang von 15,5 Prozent. <\/p>\n\n\n\n<p>Differenziert\n betrachtet ist vor allem der deutliche R\u00fcckgang der Wohnungseinbr\u00fcche \nim Rhein-Neckar-Kreis mit einem Minus von 27,8 Prozent oder 159 F\u00e4llen \nund in Mannheim mit einer Reduzierung um 20,9 Prozent oder 82 F\u00e4llen f\u00fcr\n die Gesamtentwicklung verantwortlich. In Heidelberg stiegen hingegen \ndie Fallzahlen um f\u00fcnf F\u00e4lle auf nunmehr 116 Delikte im Jahr 2018 an. <\/p>\n\n\n\n<p>Sehr\n erfreulich stellt sich die Aufkl\u00e4rungsquote in diesem Deliktsbereich \ndar. W\u00e4hrend pr\u00e4sidiums\u00fcbergreifend zusammengefasst 27,7 Prozent (2017: \n29,9 Prozent) aller Wohnungseinbr\u00fcche aufgekl\u00e4rt wurden (landesweit: \n20,7 Prozent), f\u00fcr Heidelberg 25,9 Prozent und dem Rhein-Neckar-Kreis \n19,4 Prozent zu Buche schlagen, betr\u00e4gt die Aufkl\u00e4rungsquote in Mannheim\n satte 39,4 Prozent. <\/p>\n\n\n\n<p>Die hohe Aufkl\u00e4rungsquote ist u.a. ein \nErfolg der Ermittlungsgruppe Eigentum und der zur Intensivierung der \nBek\u00e4mpfung des Wohnungseinbruchs gebildeten Besonderen \nAufbauorganisation (BAO) &#8222;Wohnungseinbruch&#8220;. Dort werden die \nWohnungseinbruchdiebst\u00e4hle zentral bearbeitet sowie strategische, \noperative und pr\u00e4ventive Ma\u00dfnahmen geb\u00fcndelt und koordiniert. Ein \nwichtiger Baustein ist dabei auch die Zentrale Kriminaltechnik. <\/p>\n\n\n\n<p>&#8222;Jeder\n verliert Hautschuppen, und sind sie noch so winzig. Deshalb waren \nunsere Tatort-Spezialisten wieder nahezu bei jeder Aufnahme eines \nWohnungseinbruchs eingebunden. Nicht zuletzt deshalb haben wir fast \njeden dritten Wohnungseinbruch (27,7 %) aufgekl\u00e4rt! Dazu kommt, dass wir\n alle zehn Tage einen Wohnungseinbrecher in Haft gebracht haben \n(insgesamt 39 Haftsachen). Dass \u00fcber 40 Prozent aller Wohnungseinbr\u00fcche \nim Versuchsstadium stecken blieben, spricht dar\u00fcber hinaus eindeutig \ndaf\u00fcr, dass sich ein gutes gesamtgesellschaftliches, pr\u00e4ventives \nNetzwerk und auch Investitionen in Sicherungstechnik lohnen&#8220;, erkl\u00e4rt \nKollmar. <\/p>\n\n\n\n<p>Nahezu 900 sicherungstechnische Beratungen zum Schutz \nvor Wohnungseinbr\u00fcchen wurden von den Kriminalpolizeilichen \nBeratungsstellen in Mannheim und Heidelberg  kostenlos durchgef\u00fchrt. Das\n Aufstellen der Info-Trucks des Landeskriminalamts Baden-W\u00fcrttemberg auf\n \u00f6ffentlichen Pl\u00e4tzen, das Verteilen von Brosch\u00fcren an Haushalte in \nHeidelberg zur Information \u00fcber die &#8222;Schlosspr\u00e4mie&#8220; und \nPr\u00e4ventionsstreifen sowie die Kampagne &#8222;Wachsame Nachbarschaft&#8220; sind \nweitere Bausteine des Intensivkonzepts des Polizeipr\u00e4sidiums Mannheim \nzur Bek\u00e4mpfung des Wohnungseinbruchs. <\/p>\n\n\n\n<p>&#8222;Wohnungseinbr\u00fcche \nbeeinflussen das Sicherheitsgef\u00fchl der Bev\u00f6lkerung in besonderem Ma\u00dfe. \nNeben dem materiellen Schaden kommt h\u00e4ufig noch eine deutliche \nBeeintr\u00e4chtigung des Sicherheitsgef\u00fchls hinzu, weshalb die Opfer durch \ndas Eindringen der T\u00e4ter in den Kernbereich ihrer Privatsph\u00e4re tief \nbetroffen und verletzt zur\u00fcckbleiben. Deshalb bleibt ein erkl\u00e4rtes Ziel \ndes Polizeipr\u00e4sidiums Mannheim, weiterhin die Einbruchzahlen zu \nreduzieren und die gute Aufkl\u00e4rungsquote zu verstetigen&#8220;, so Kollmar. <\/p>\n\n\n\n<p>Betrug durch angebliche Polizeibeamte <\/p>\n\n\n\n<p>Der\n &#8222;Betrug durch angebliche Polizeibeamte&#8220;, auch verbreitet als &#8222;Falsche \nPolizeibeamte&#8220; bezeichnet, war bis vor wenigen Jahren eher eine \nRanderscheinung. <\/p>\n\n\n\n<p>Bei diesem bundesweiten Ph\u00e4nomen der sogenannten\n &#8222;Anrufstraftaten&#8220; halten die T\u00e4ter das Opfer oftmals  stundenlang am \nTelefon fest und \u00fcben massiven Druck aus. Die T\u00e4ter agieren meist aus \nCallcentern von der T\u00fcrkei aus, nehmen fast ausschlie\u00dflich mit \u00e4lteren, \nvorwiegend weiblichen Opfern, h\u00e4ufig auch mit gef\u00e4lschten \nTelefonanschlussnummern (&#8222;Spoofing&#8220;) Kontakt auf und geben sich als \nPolizeibeamte der \u00f6rtlichen Polizeidienststelle aus. Des Weiteren wird \nden Angerufenen oft vorget\u00e4uscht, dass es auf-grund eines geplanten \nEinbruchs erforderlich sei, Bargeld und Schmuck bis zur Fest-nahme der \nT\u00e4ter vor\u00fcbergehend durch die Polizei sicherstellen zu lassen. Im \nVertrauen darauf, mit der &#8222;richtigen&#8220; Polizei zu sprechen, werden im \nAnschluss Bargeld, Schmuck, Goldbarren und EC-Karten an Abholer \n\u00fcbergeben. Nicht selten kommen auch &#8222;falsche Staatsanw\u00e4lte&#8220; oder \n&#8222;Notare&#8220; zum telefonischen Einsatz, die den Vortrag des angeblichen \nPolizeibeamten untermauern. <\/p>\n\n\n\n<p>Betrugsdelikte in Form der &#8222;Falschen Polizeibeamte&#8220; stellen mit Abstand den h\u00e4ufigsten modus operandi der Anrufstraftaten dar. <\/p>\n\n\n\n<p>W\u00e4hrend\n die Anzahl der registrierten F\u00e4lle im Jahr 2015 pr\u00e4sidiumsweit noch bei\n 19 F\u00e4llen lag, stiegen die Fallzahlen von 87 im Jahr 2016 \u00fcber 758 im \nJahr 2017 auf nunmehr 1.454 Delikte an. Dies stellt einen Anstieg von \n91,8 Prozent im Vergleich zum Vorjahr dar. Bemerkenswert hierbei ist \njedoch, dass zwar die Fallzahlen im Vergleich zum Vorjahr um 696 Taten \nangestiegen sind, es aber nur in zwei F\u00e4llen mehr zum Schadeneintritt \nkam. Grund hierf\u00fcr d\u00fcrfte die umfassende Pr\u00e4ventions- und \nInformationskampagne der Polizei sein, bei welcher insbesondere \u00e4ltere \nMenschen \u00fcber die Vorgehensweise der T\u00e4ter in diesem Deliktsbereich \naufgekl\u00e4rte werden. In der Einzelbetrachtung der Fallzahlen sticht \nsofort der Rhein-Neckar-Kreis ins Auge. Fast die H\u00e4lfte aller F\u00e4lle, \nn\u00e4mlich 698 Taten ereignete sich dort, was einen Anstieg von 250,8 \nProzent bedeutet. In Mannheim mit 355 F\u00e4llen sowie in Heidelberg mit 401\n F\u00e4llen fallen die Anstiege mit 63,6 Prozent und 17,3 Prozent nicht so \ndeutlich aus. In Baden-W\u00fcrttemberg stiegen die Fallzahlen um 271,8 \nProzent. <\/p>\n\n\n\n<p>&#8222;Gottlob  bleiben  98,5 Prozent dieser Straftaten im \nVersuchsstadium h\u00e4ngen. Das zeigt, dass unsere \u00e4lteren Mitmenschen meist\n noch fit und schlau sind. Dar\u00fcber hinaus spielt auch unsere \nPr\u00e4ventionsarbeit, verbunden mit einer hervorragenden \nMedienberichterstattung eine entscheidende Rolle&#8220;, zeigt sich Kollmar \nerfreut. <\/p>\n\n\n\n<p>Obwohl die T\u00e4ter in nur 22 F\u00e4llen oder 1,5 Prozent aller\n F\u00e4lle erfolgreich waren, verur-sachten sie dennoch einen Schaden von \nknapp 760.000 Euro. <\/p>\n\n\n\n<p>Die Aufkl\u00e4rungsquote in diesem schwierigen \nErmittlungsfeld liegt aufgrund der hohen Anzahl der F\u00e4lle, welche im \nVersuchsstadium bleiben, bei 3,9 Prozent. Betrachtet man hingegen die \nAnzahl der F\u00e4lle, bei welchen es tats\u00e4chlich zum Schadenseintritt kam, \nliegt die Aufkl\u00e4rungsquote bei nahezu 64 Prozent oder 14 F\u00e4lle. So \ngelang es den Ermittlern des Betrugsdezernats der \nKriminalpolizeidirektion Heidelberg, in den zur\u00fcckliegenden Monaten \nmehrere F\u00e4lle zu kl\u00e4ren. Ein Mann, der eine Sinsheimerin um einen \ngr\u00f6\u00dferen Geldbetrag betrogen hatte, wurde im Dezember 2018 zu einer \nmehrj\u00e4hrigen Haftstrafe verurteilt. Der erste Angeklagte einer \nmehrk\u00f6pfigen t\u00fcrkischen Gruppierung, die von Februar bis Juli 2018 in \nWeinheim und Heidelberg sowie auch au\u00dferhalb Baden-W\u00fcrttembergs eine \nVielzahl von \u00e4lteren Personen um ihr Erspartes gebracht haben, wurde am \n18. M\u00e4rz 2019 ebenfalls zu einer mehrj\u00e4hrigen Haftstrafe verurteilt. <\/p>\n\n\n\n<p>&#8222;Besonders\n widerlich verhalten T\u00e4ter sich, wenn sie das Alter ihrer Opfer \nausnutzen und sich deren Erspartes f\u00fcr den Lebensabend unter den Nagel \nrei\u00dfen! Einmal ist es der Enkeltrick, dann werden Gewinnversprechen \ngemacht, dann klingeln ein \u00fcberteuerter Schl\u00fcsseldienst oder ein nicht \nbestellter Rohrreiniger und schlussendlich auch noch der angebliche \nPolizeibeamte. Ich bin wirklich froh, dass die Justiz hier hart \ndurchgreift und im Einzelfall auch mehrj\u00e4hrige Haftstrafen verh\u00e4ngt \nhat&#8220;, fasst der Vizepr\u00e4sident und Kripochef zusammen. <\/p>\n\n\n\n<p>Tatverd\u00e4chtige <\/p>\n\n\n\n<p>Die\n Gesamtzahl der Tatverd\u00e4chtigen stieg um 3,9 Prozent auf 32.115 \nPersonen. W\u00e4hrend bei den Kindern, den Jugendlichen und den \nHeranwachsenden R\u00fcckg\u00e4nge festzustellen waren, stieg die Anzahl der \ntatverd\u00e4chtigen Erwachsenen auf 25.410 an. Sie stellen somit rund 80 \nProzent aller Tatverd\u00e4chtigen. <\/p>\n\n\n\n<p>Die gestiegene Anzahl der \nTatverd\u00e4chtigen im Verh\u00e4ltnis zur Abnahme der Gesamtstraftaten begr\u00fcndet\n u.a. die gestiegene Aufkl\u00e4rungsquote bei den Gesamtstraftaten. <\/p>\n\n\n\n<p>Von\n 29.655 Tatverd\u00e4chtigen (ohne ausl\u00e4nderrechtliche Verst\u00f6\u00dfe) wurden \n11.753 Nichtdeutsche ermittelt. Von diesen wiederum handelte es sich bei\n 3.287 Personen um Asylbewerber. Diese sind deutlich \u00fcberrepr\u00e4sentiert \nim Verh\u00e4ltnis zu ihrem Bev\u00f6lkerungsanteil. <\/p>\n\n\n\n<p>Res\u00fcmee <\/p>\n\n\n\n<p>Polizeipr\u00e4sident\n Thomas K\u00f6ber zieht ein positives Res\u00fcmee, zeigt jedoch auch deutlich \npolizeiliche Handlungsfelder auf. So soll die Gesamtzahl der Straftaten \nauch zuk\u00fcnftig weiter sinken. <\/p>\n\n\n\n<p>Bei den &#8222;Aggressionsdelikten im \n\u00f6ffentlichen Raum&#8220; erhofft er sich unter anderem durch die \nInbetriebnahme der Video\u00fcberwachung im innerst\u00e4dtischen Bereich \nMannheims, wie auch durch die seit Anfang des Jahres 2018 geschlossene \nPartnerschaft &#8222;Sicher in Heidelberg&#8220; ebenfalls einen R\u00fcckgang der \nFallzahlen sowie eine Verbesserung des Sicherheitsgef\u00fchls. <\/p>\n\n\n\n<p>Ein \nkonsequentes Vorgehen bei den Gewalttaten gegen\u00fcber Polizeibeamten, in \nVerbindung mit der im M\u00e4rz 2019 fl\u00e4chendeckend eingef\u00fchrten Bodycams, \nsoll ferner zu einer Verringerung der Deliktszahl in diesem Bereich \nbeitragen. <\/p>\n\n\n\n<p>Einen weiteren Schwerpunkt des polizeilichen Wirkens \nsieht der Polizeivizepr\u00e4sident und Leiter der Kriminalpolizeidirektion \nHeidelberg, Siegfried Kollmar in der Bek\u00e4mpfung von \nWohnungseinbruchsdiebst\u00e4hlen. Hier werden die bereits erfolgreich \ngreifenden Ma\u00dfnahmen der in der BAO Wohnungseinbruch integrierten \n&#8222;Ermittlungsgruppe Eigentum&#8220; und der Partnerschaft &#8222;Sicher in \nHeidelberg&#8220; fortgef\u00fchrt und weiterentwickelt. In diesem Deliktsbereich, \naber auch bei dem Ph\u00e4nomen des &#8222;Betrugs durch an-gebliche Polizeibeamte&#8220;\n misst Polizeivizepr\u00e4sident Siegfried Kollmar der Pr\u00e4ventionsarbeit des \nPolizeipr\u00e4sidiums Mannheim eine gro\u00dfe Bedeutung zu. &#8222;Wir m\u00fcssen die \nB\u00fcrger immer wieder aufkl\u00e4ren und sensibilisieren. Nur so k\u00f6nnen wir \nStraf-taten verhindern und Tatgelegenheiten jedweder Art minimieren!&#8220;, \nkonstatiert er. <\/p>\n\n\n\n<p>&#8222;Ich bin insgesamt sehr zufrieden. Wir sollten  aber bestimmte Entwicklungen mit einem wachen Auge zur Kenntnis nehmen  und nicht sch\u00f6n reden, sondern repressiv wie pr\u00e4ventiv dagegenhalten.  Dazu sind alle gesellschaftlichen Kr\u00e4fte, nicht nur die Polizei  aufgerufen, um weiterhin sagen zu k\u00f6nnen: In Mannheim, Heidelberg und im  Rhein-Neckar-Kreis l\u00e4sst es sich sicher leben!&#8220;, so das abschlie\u00dfende  Fazit des scheidenden  Polizeipr\u00e4sidenten Thomas K\u00f6ber bei seiner  letzten Pressekonferenz zur Polizeilichen Kriminalstatistik. <\/p>\n\n\n\n<h4 class=\"wp-block-heading\">(Heidelberg) &#8211; Unfall in der Eppelheimer Stra\u00dfe \/  Beteiligte machen unterschiedliche Angaben<\/h4>\n\n\n\n<p>Sowohl die 59-j\u00e4hrige Radfahrerin als auch der 75-j\u00e4hrige Radfahrer  befuhren am Dienstag kurz nach 17 Uhr den Radweg auf der Eppelheimer  Stra\u00dfe in dieselbe Richtung, als es zur Ber\u00fchrung ihrer R\u00e4der kam und  beide zu Boden st\u00fcrzten. In H\u00f6he des dortigen Autohauses \u00fcberholte die  Frau, nachdem sie den Mann durch Klingeln auch auf sich aufmerksam  gemacht hatte, links. Als beide pl\u00f6tzlich auf derselben H\u00f6he waren, kam  der Mann immer weiter nach links und ber\u00fchrte das Bike der  Heidelbergerin. Inwieweit sich beide bei dem Sturz verletzt haben, ist  bislang nicht gekl\u00e4rt. Zwei abgestellte Autos wurden ebenfalls  besch\u00e4digt; der Schaden betr\u00e4gt mehrere tausend Euro. <\/p>\n\n\n\n<p>Da \nunterschiedliche Aussagen bez\u00fcglich der Verursachung vorliegen, sehen \nbeide Anzeigen entgegen. Die weiteren \u00dcberpr\u00fcfungen dauern noch an. <\/p>\n\n\n\n<h4 class=\"wp-block-heading\">(Heidelberg) &#8211; Roller-Fahrerin st\u00fcrzte und zog sich schwere Verletzungen zu \/ Station\u00e4re Aufnahme in einem Krankenhaus<\/h4>\n\n\n\n<p>Im Einm\u00fcndungsbereich Steubenstra\u00dfe\/Kapellenweg kam es am Montag kurz  nach 11 Uhr zu einem Verkehrsunfall. Eine 27-j\u00e4hrige Roller-Fahrerin  st\u00fcrzte vermutlich infolge Unachtsamkeit im Gleisbereich und zog sich  dabei schwere Verletzungen zu. Bei Eintreffen der Polizei an der  Unfallstelle wurde die aus Schriesheim stammende Frau bereits  erstversorgt und danach in ein Krankenhaus eingeliefert, wo sie auch  station\u00e4r aufgenommen werden musste. Ihr Roller wurde verschlossen am  Gehwegrand abgestellt. Sachschaden entstand an diesem Fahrzeug in H\u00f6he  von mehreren hundert Euro. <\/p>\n\n\n\n<h4 class=\"wp-block-heading\">(Heidelberg) &#8211; Versuchter Einbruch in die St. Peter-Kirche in Kirchheim \/ Zeugen gesucht<\/h4>\n\n\n\n<p>Brachial verschafften sich in der Zeit zwischen Sonntagmittag und  Montagmorgen bislang unbekannte T\u00e4ter Zugang zu der Sakristei der St.  Peter-Kirche in der Lochheimer Stra\u00dfe im Heidelberger Stadtteil  Kirchheim. \u00dcber eine Holzt\u00fcre, an der ein Feld zerst\u00f6rt wurde, gelangten  die Unbekannten in das Innere der Sakristei, entwendeten aber  bisherigen Feststellungen nichts. <\/p>\n\n\n\n<p>Den Toilettenraum \nverunstalteten sie allerdings mit Papier. Bemerkt wurde der Vorfall am \nMontagmorgen durch einen Arbeiter, der umgehend die Polizei in Kenntnis \nsetzte. <\/p>\n\n\n\n<p>In welcher H\u00f6he Schaden entstand, ist aktuell noch nicht  gekl\u00e4rt und bedarf der weiteren \u00dcberpr\u00fcfungen. Zeugen, die zur  fraglichen Zeit verd\u00e4chtige Beobachtungen gemacht haben, werden gebeten,  sich mit dem Polizeirevier Heidelberg-S\u00fcd, Tel.: 06221\/3418-0, in  Verbindung zu setzen. <\/p>\n\n\n\n<h4 class=\"wp-block-heading\">(Heidelberg) &#8211; Vandalen treiben in G\u00e4rten ihr Unwesen \/ Zeugen gesucht!<\/h4>\n\n\n\n<p>Bislang unbekannte T\u00e4ter suchten in der Zeit von Freitag, 16 Uhr bis  Samstag, 14 Uhr, zwei Gartengrundst\u00fccke entlang des Fu\u00dfweges zwischen  den Stra\u00dfen &#8222;Roter Buckel&#8220; und &#8222;Berghalde&#8220; heim und trieben dort ihr  Unwesen. Die T\u00e4ter rissen zun\u00e4chst gewaltsam das Zugangstor zum Fu\u00dfweg  auf und gelangten so an das Eingangstor des Gartengrundst\u00fcckes, welches  sie \u00fcberstiegen. Mit einem Werkzeug zerschlugen sie an dem Gartenhaus  mehrere Glasbausteine und zerst\u00f6rten mit brachialer Gewalt die  Eingangst\u00fcr des Schuppens. Sie drangen in das H\u00e4uschen ein, nahmen  mehrere Gartenwerkzeuge sowie eine Motorsense an sich und zerst\u00f6ren  diese. Anschlie\u00dfend suchten sie noch das Nachbargrundst\u00fcck auf und  zerst\u00f6rten auch hier mutwillig das Gartentor sowie einige  Wasserleitungen und Gartenm\u00f6bel. Nach derzeitigem Kenntnisstand lie\u00dfen  die Unbekannten aus einem der Gartenh\u00e4user einen Bierkasten sowie drei  weitere Getr\u00e4nkeflaschen mitgehen. Die Vandalen richteten einen  Sachschaden in H\u00f6he von mindestens 2.000 Euro an. <\/p>\n\n\n\n<p>Ein Zeuge \nteilte der Polizei mit, dass er gegen 1:30 Uhr eine laut gr\u00f6lende Gruppe\n von m\u00e4nnlichen Jugendlichen sah, die sich auf dem Fu\u00dfweg aufhielten. Ob\n diese allerdings mit der Tat im Zusammenhang stehen ist noch unklar und\n bedarf der weiteren Ermittlungen. Eine Personenbeschreibung liegt der \nPolizei nicht vor. <\/p>\n\n\n\n<p>Die Ermittler des Polizeireviers \nHeidelberg-S\u00fcd haben die Ermittlungen wegen Sachbesch\u00e4digung und \nbesonders schweren Diebstahls aufgenommen und suchen weitere Zeugen, die\n verd\u00e4chtige Beobachtungen gemacht haben oder Hinweise zu der \nPersonengruppe geben k\u00f6nnen. Diese werden gebeten, sich unter Tel.: \n06221\/3418-0 zu melden. <\/p>\n\n\n\n<h4 class=\"wp-block-heading\">(Heidelberg) &#8211; Raub in Wohnung im Februar 2017 \/ Staatsanwaltschaft erwirkt Haftbefehl gegen 35-j\u00e4hrigen Tatverd\u00e4chtigen<\/h4>\n\n\n\n<h4 class=\"wp-block-heading\">Gemeinsame Presseerkl\u00e4rung der Staatsanwaltschaft Heidelberg und dem Polizeipr\u00e4sidium Mannheim <\/h4>\n\n\n\n<p>Am\n 16.02.2017 war es in einer Wohnung in einem Hochhaus am Otto-Hahn-Platz\n im Stadtteil Emmertsgrund zu einem Raub gekommen. \u00dcber zwei Jahre \nsp\u00e4ter wurde ein jetzt 35-j\u00e4hriger Tatverd\u00e4chtiger aus dem s\u00fcdlichen \nRhein-Neckar-Kreis festgenommen. Beim Datenabgleich konnte das \nLandeskriminalamt Baden-W\u00fcrttemberg  dem Tatverd\u00e4chtigen eine DNA-Spur \nam Tatort zuordnen.  Die Staatsanwaltschaft erwirkte gegen den Mann am \n22.3.2019 einen Haftbefehl, der noch am gleichen Tag vollstreckt wurde. \nNach der Vorf\u00fchrung bei der Ermittlungsrichterin am Amtsgericht \nHeidelberg wurde der Tatverd\u00e4chtige in eine Justizvollzugsanstalt \neingeliefert. <\/p>\n\n\n\n<p>Der 35-J\u00e4hrige soll am Tattag gegen 13.30 Uhr ein \ndamals 13-j\u00e4hriges Kind nach dem Aufschlie\u00dfen der Wohnungst\u00fcre in die \nWohnung gedr\u00e4ngt und gefesselt haben. Anschlie\u00dfend wurde die Wohnung \ndurchsucht, der T\u00e4ter erbeutete dabei einen Tresor, in dem sich eine \ngr\u00f6\u00dfere Bargeldsumme befand. <\/p>\n\n\n\n<p>Das M\u00e4dchen hatte sich schlie\u00dflich \nselbst befreien k\u00f6nnen und ihre Mutter am Arbeitsplatz verst\u00e4ndigt, die \ngegen 14.15 Uhr \u00fcber Notruf sofort die Polizei alarmiert hatte. <\/p>\n\n\n\n<p>Die  Ermittlungen der Staatsanwaltschaft Heidelberg und der  Kriminalpolizeidirektion Heidelberg zu den Hintergr\u00fcnden sowie zum Motiv  des Tatverd\u00e4chtigen dauern noch an. <\/p>\n\n\n\n<h4 class=\"wp-block-heading\">(Heidelberg-Kirchheim) &#8211; Verkehrsunfall mit mehreren tausend Euro Sachschaden<\/h4>\n\n\n\n<p>Am Montagmittag befuhr ein 72-j\u00e4hriger Hyundaifahrer den Brennerweg. An  der Kreuzung zur H\u00e4usselgasse missachtete er die Vorfahrt einer von  rechts kommenden 52-j\u00e4hrigen VW-Fahrerin. Im Kreuzungsbereich kam es zum  Zusammensto\u00df beider Fahrzeuge, wobei Sachschaden von insgesamt rund  7.000 EUR entstand. <\/p>\n\n\n\n<h4 class=\"wp-block-heading\">(Ketsch \/ Rhein-Neckar-Kreis) &#8211; BMW geht in Flammen auf \/ Technischer Defekt als Ursache<\/h4>\n\n\n\n<p>Am Dienstag gegen 11.40 Uhr geriet in der Karlsruher Stra\u00dfe ein BMW in  Brand, das Auto brannte v\u00f6llig aus. Die Freiwillige Feuerwehr aus Ketsch  konnte ein \u00dcbergreifen auf ein angrenzendes Wohngeb\u00e4ude verhindern, an  der Hauswand entstanden lediglich Ru\u00dfantragungen. Nach Auskunft des  Fahrers hatte das Fahrzeug bereits w\u00e4hrend der Fahrt zu qualmen begonnen  und sofort nach dem Abstellen Feuer gefangen. Derzeit muss von einem  technischen Defekt ausgegangen werden, die weiteren Ermittlungen f\u00fchrt  das Polizeirevier Schwetzingen. <\/p>\n\n\n\n<h4 class=\"wp-block-heading\">(Br\u00fchl \/ Rhein-Neckar-Kreis) &#8211; Sprinter besch\u00e4digt und gefl\u00fcchtet \/ Hinweise an die Polizei<\/h4>\n\n\n\n<p>Einen in der Stra\u00dfe &#8222;Hof\u00e4cker&#8220; abgestellten Mercedes Sprinter  besch\u00e4digte am Dienstagvormittag ein bislang nicht ermittelter  Autofahrer, richtete Schaden von rund 2.000 Euro an und entfernte sich  danach unerlaubt. <\/p>\n\n\n\n<p>Der Fahrer hatte das Firmenfahrzeug gegen 8 Uhr  geparkt und bei seiner R\u00fcckkehr, gegen 12 Uhr, die Besch\u00e4digungen  festgestellt. Er erstattete daraufhin Anzeige bei der Polizei. Die  Beamten ermitteln wegen Unfallflucht und nehmen unter Tel.:  0621\/174-4045 sachdienliche Hinweise zum Fl\u00fcchtigen entgegen. <\/p>\n\n\n\n<h4 class=\"wp-block-heading\">(Leimen \/ Rhein-Neckar-Kreis) &#8211; Crash im Einm\u00fcndungsbereich \/ Hyundai nicht mehr fahrbereit<\/h4>\n\n\n\n<p>Im Einm\u00fcndungsbereich Falltorweg\/Riedwiesenweg stie\u00dfen am Dienstagfr\u00fch  kurz vor 7 Uhr zwei Fahrzeuge zusammen. Verursacht hatte den Crash eine  37-j\u00e4hrige Opel Astra-Fahrerin, die beim Abbiegen die Vorfahrt der  ordnungsgem\u00e4\u00df fahrenden Hyundai-Fahrerin nicht beachtet hatte. W\u00e4hrend  am Opel Schaden von rund 1.500 Euro entstand, schl\u00e4gt der Schaden am  Hyundai mit ca. 3.000 Euro zu Buche. Ein Abschleppunternehmen beseitigte  dieses Auto von der Unfallstelle. Die 37-J\u00e4hrige sieht einer Anzeige  entgegen. <\/p>\n\n\n\n<h4 class=\"wp-block-heading\">(Walldorf \/ Rhein-Neckar-Kreis) &#8211; Audi A 6 Kombi besch\u00e4digt und gefl\u00fcchtet<\/h4>\n\n\n\n<p>Einen am Fahrbahnrand der Heidelberger Stra\u00dfe in H\u00f6he des Anwesens Nr.  18 abgestellten Audi A 6 Kombi besch\u00e4digte am Sonntagvormittag ein  bislang nicht ermittelter Autofahrer beim Vorbeifahren. Trotz des  Schadens von 1.000 Euro k\u00fcmmerte sich der Verursacher nicht und  entfernte sich unerlaubt. Die Beamten des Wieslocher Polizeireviers  ermitteln nun wegen Unfallflucht und nehmen unter Tel.: 06222\/57090  sachdienliche Hinweise entgegen. Geparkt war der Audi in der Zeit  zwischen 10 und 10.30 Uhr. <\/p>\n\n\n\n<h4 class=\"wp-block-heading\">(Walldorf \/ Rhein-Neckar-Kreis) &#8211; Etliche Zigarettenautomaten aufgewuchtet und Bargeld geklaut \/ Polizei ermittelt und sucht Zeugen<\/h4>\n\n\n\n<p>Insgesamt neun Zigarettenautomaten, verteilt auf mehrere Stra\u00dfen im  Industriegebiet von Walldorf, brachen \u00fcber das vergangene Wochenende  bislang nicht ermittelte T\u00e4ter auf und entnahmen daraus das Bargeld in  aktuell nicht bekannter H\u00f6he. <\/p>\n\n\n\n<p>Der Sach- und Diebstahlsschaden  d\u00fcrfte sich nach ersten Angaben auf mehrere tausend Euro belaufen. Die  Automaten befanden sich in der Albert-Einstein-Stra\u00dfe,  Rudolf-Diesel-Stra\u00dfe, Robert-Bosch-Stra\u00dfe, Philipp-Reis-Stra\u00dfe sowie in  der Altrottstra\u00dfe.  Die Taten m\u00fcssten sich in der Zeit zwischen Samstag  und Montag ereignet haben. Seit dem vergangenen Jahr sind gerade in  diesem Bereich eine Vielzahl an Automatenaufbr\u00fcche zu verzeichnen. Die  Beamten des Polizeipostens Walldorf haben die Ermittlungen \u00fcbernommen  und bitten unter Tel.: 06227\/841999-0 um entsprechende Hinweise. Das  Polizeirevier Wiesloch kann ebenfalls unter Tel.: 06222\/57090  kontaktiert werden. <\/p>\n\n\n\n<h4 class=\"wp-block-heading\">(Hockenheim \/ A 6 \/ Rhein-Neckar-Kreis) &#8211; Sattelzugfahrer rammt auf Rastanlange mehrere Lastwagen \/ Polizei sucht Zeugen<\/h4>\n\n\n\n<h4 class=\"wp-block-heading\" style=\"text-align:center\">Pressemeldung Nr. 1<\/h4>\n\n\n\n<p>Ein Tr\u00fcmmerfeld hinterlie\u00df ein bislang unbekannter Lastwagenfahrer am  fr\u00fchen Dienstagmorgen auf der Tank- und Rastanlage Hockenheimring-Ost an  der A 6 in Fahrtrichtung Mannheim. Ein in seinem Schwerfahrzeug  schlafender Fahrer wurde kurz vor 4 Uhr durch einen lauten Knall aus dem  Schlaf gerissen und sah anschlie\u00dfend einen besch\u00e4digten Lastwagen. Er  verst\u00e4ndigte anschlie\u00dfend umgehend die Polizei. <\/p>\n\n\n\n<p>Vermutlich beim \nDurchfahren der Rastanlage rammte der Unbekannte mindestens f\u00fcnf \ngeparkte Lastwagen und besch\u00e4digte diese zum Teil sehr schwerwiegend. \nAnschlie\u00dfend fuhr er einfach weiter. Der Sachschaden wird auf mindestens\n 150.000 Euro gesch\u00e4tzt. <\/p>\n\n\n\n<p>Gegen 4.30 Uhr wurde der Polizei auf der\n A 6 kurz vor dem Autobahnkreuz Mannheim ein total besch\u00e4digter \nSattelzug gemeldet, der auf dem Seitenstreifen stehen w\u00fcrde. An dem \nSattelzug fehlte die H\u00e4lfte des Aufliegers und die Zugmaschine war stark\n besch\u00e4digt. Der 58-j\u00e4hrige Fahrer wurde zum Verkehrskommissariat \nWalldorf gebracht. Sein Sattelzug wurde sichergestellt. Ein Alkoholtest \nbei dem Fahrer ergab einen Wert von 0,0 Promille, ein Drogentest verlief\n negativ. Inwiefern der 58-J\u00e4hrige mit seinem Sattelzug als Verursacher \nder Unf\u00e4lle auf der Rastanlage Hockenheimring-Ost in Betracht kommt, ist\n Gegenstand der Ermittlungen des Verkehrskommissariats Walldorf. <\/p>\n\n\n\n<p>Zeugen,  die das Geschehen auf der Rastanlage beobachtet haben oder  sachdienliche Hinweise zum Unfallverursacher geben k\u00f6nnen, werden  gebeten, sich beim Verkehrskommissariat Walldorf, Tel.: 06227\/35826-0 zu  melden. <\/p>\n\n\n\n<h4 class=\"wp-block-heading\">(Hockenheim \/ A 6 \/ Rhein-Neckar-Kreis) &#8211; Sattelzugfahrer rammt auf Rastanlange mehrere Lastwagen \/ Polizei sucht Zeugen<\/h4>\n\n\n\n<h4 class=\"wp-block-heading\" style=\"text-align:center\">Pressemeldung Nr. 2<\/h4>\n\n\n\n<p>Wie weitere Ermittlungen des Verkehrskommissariats Walldorf zu den  Unf\u00e4llen auf der Tank- und Rastanlage Hockenheimring-Ost ergaben,  handelt es sich bei dem nahe dem Autobahnkreuz Mannheim festgestellten  Sattelzug tats\u00e4chlich um das Fahrzeug handelt, das die Unf\u00e4lle auf der  Rastanlage verursacht hat. Ebenso wurde der 58-j\u00e4hrige Lastwagenfahrer  als dessen Fahrer und als Tatverd\u00e4chtiger der Unfallflucht  identifiziert. Die Entfernung zwischen Auffindeort und Unfallort betr\u00e4gt  rund 14 Kilometer. <\/p>\n\n\n\n<p>Gegen den 58-J\u00e4hrigen wird nun wegen unerlaubten Entfernens vom Unfallort ermittelt. Sein F\u00fchrerschein wurde einbehalten. <\/p>\n\n\n\n<p>Am\n Antreffort des Sattelzugs und dessen Fahrers kurz vor dem Autobahnkreuz\n Mannheim war bis zur Bergung des Sattelzugs bis ca. 9.45 Uhr die rechte\n Fahrspur gesperrt. Es ergaben sich hierdurch vor\u00fcbergehende \nVerkehrsbeeintr\u00e4chtigungen. <\/p>\n\n\n\n<p>Die weiteren Ermittlungen zu Unfallursache und Unfallablauf, unter Beteiligung von Unfallsachverst\u00e4ndigen, dauern an. <\/p>\n\n\n\n<h4 class=\"wp-block-heading\">(Hockenheim \/ A 5 \/ A 6 \/ Rhein-Neckar-Kreis) &#8211; Gro\u00dfe Alkohol-Fahndung bei LKW-Fahrern rund um das Walldorfer Kreuz<\/h4>\n\n\n\n<div class=\"wp-block-image\"><figure class=\"aligncenter\"><img decoding=\"async\" loading=\"lazy\" width=\"800\" height=\"600\" src=\"https:\/\/speyer24news.com\/wp-content\/uploads\/2019\/03\/25.03.19-Hockenheim-LKW-Kontrolle.jpg\" alt=\"\" class=\"wp-image-11296\" srcset=\"https:\/\/speyer24news.com\/wp-content\/uploads\/2019\/03\/25.03.19-Hockenheim-LKW-Kontrolle.jpg 800w, https:\/\/speyer24news.com\/wp-content\/uploads\/2019\/03\/25.03.19-Hockenheim-LKW-Kontrolle-300x225.jpg 300w, https:\/\/speyer24news.com\/wp-content\/uploads\/2019\/03\/25.03.19-Hockenheim-LKW-Kontrolle-768x576.jpg 768w, https:\/\/speyer24news.com\/wp-content\/uploads\/2019\/03\/25.03.19-Hockenheim-LKW-Kontrolle-678x509.jpg 678w, https:\/\/speyer24news.com\/wp-content\/uploads\/2019\/03\/25.03.19-Hockenheim-LKW-Kontrolle-326x245.jpg 326w, https:\/\/speyer24news.com\/wp-content\/uploads\/2019\/03\/25.03.19-Hockenheim-LKW-Kontrolle-80x60.jpg 80w\" sizes=\"(max-width: 800px) 100vw, 800px\" \/><\/figure><\/div>\n\n\n\n<p>Die Verkehrspolizeidirektion des Polizeipr\u00e4sidiums Mannheim f\u00fchrte am  Montagmorgen von 04:00 Uhr bis 10:00 Uhr eine Gro\u00dfkontrolle rund um das  Walldorfer-Autobahnkreuz durch. Ziel war die Entdeckung und Ahndung  alkoholisierter Lkw-Fahrer im flie\u00dfenden Verkehr. Dabei wurden die  heimischen Beamten zahlreich von Beamten des Einsatzpr\u00e4sidiums  unterst\u00fctzt. <\/p>\n\n\n\n<p>Bei den zuvor monatlich durchgef\u00fchrten  Pr\u00e4ventivkontrollen wurden seit September 2018 insgesamt 2.320 rastende  Lkw-Fahrer an den Tank- und Rastanlagen der Region auf Alkohol  \u00fcberpr\u00fcft. Davon hatten 177 (7,6%) mehr als 0,5 Promille in der  Atemluft. 89 (3,8%) weitere waren mit \u00fcber 1,1 Promille getestet worden.  Nicht wenige davon wiesen teilweise Werte von zwei bis vier Promille  auf. <\/p>\n\n\n\n<div class=\"wp-block-image\"><figure class=\"aligncenter\"><img decoding=\"async\" loading=\"lazy\" width=\"800\" height=\"600\" src=\"https:\/\/speyer24news.com\/wp-content\/uploads\/2019\/03\/25.03.19-Hockenheim-LKW-Kontrolle2.jpg\" alt=\"\" class=\"wp-image-11297\" srcset=\"https:\/\/speyer24news.com\/wp-content\/uploads\/2019\/03\/25.03.19-Hockenheim-LKW-Kontrolle2.jpg 800w, https:\/\/speyer24news.com\/wp-content\/uploads\/2019\/03\/25.03.19-Hockenheim-LKW-Kontrolle2-300x225.jpg 300w, https:\/\/speyer24news.com\/wp-content\/uploads\/2019\/03\/25.03.19-Hockenheim-LKW-Kontrolle2-768x576.jpg 768w, https:\/\/speyer24news.com\/wp-content\/uploads\/2019\/03\/25.03.19-Hockenheim-LKW-Kontrolle2-678x509.jpg 678w, https:\/\/speyer24news.com\/wp-content\/uploads\/2019\/03\/25.03.19-Hockenheim-LKW-Kontrolle2-326x245.jpg 326w, https:\/\/speyer24news.com\/wp-content\/uploads\/2019\/03\/25.03.19-Hockenheim-LKW-Kontrolle2-80x60.jpg 80w\" sizes=\"(max-width: 800px) 100vw, 800px\" \/><\/figure><\/div>\n\n\n\n<p>Am Montagmorgen zogen insgesamt 30 mobile Polizeistreifen  insgesamt 570 Lkw aus dem flie\u00dfenden Verkehr und f\u00fchrten diese den  Kontrollstellen auf den Tank- und Rastanlagen Hockenheim-Ost und &#8211; West  zu. Dabei stellten die Beamten zwei Lkw-Fahrer fest, die ihre Fahrt  aufgrund ihres Alkoholkonsums nicht fortsetzten durften. Sie hatten mehr  als 1,1 Promille in der Atemluft und machten sich damit strafbar. Ein  weiterer Fahrer hatte mehr als 0,5 Promille und wurde ebenfalls zur  Anzeige gebracht. Zwei weitere Fahrer waren nicht im Besitz einer  Fahrererlaubnis und mussten ihre Fahrt ebenfalls beenden. Zudem stellten  die Beamten zehn Verst\u00f6\u00dfe gegen bestehende Sozialvorschriften fest.  Insgesamt wurden 7.425 EUR an Sicherheitsleistungen einbehalten. Zehn  Fahrer hatten zwar Alkohol in der Atemluft, allerdings unterhalb der  strafbaren 0,5 Promillegrenze. <\/p>\n\n\n\n<p>&#8222;Aufgrund unserer Erfahrungen  m\u00fcssen wir von bis zu zwei Prozent Alkohol abh\u00e4ngigen Berufskraftfahrern  aus Osteuropa ausgehen. Das Ergebnis zeigt uns auf, dass wir  tats\u00e4chlich die Nadel im Heuhaufen suchen&#8220;, so Polizeidirektor Dieter  Sch\u00e4fer, der Leiter der Verkehrspolizeidirektion Mannheim. &#8222;Mischen sich  die Alkoholisierten erst einmal unter die zehntausende von LKW rund um  das Walldorfer Kreuz, ist es sehr schwer, diese herauszufiltern. Dennoch  ist ein 40-Tonner in H\u00e4nden eines Alkoholikers einer gef\u00e4hrlichen Waffe  gleichzusetzen. Wir werden das Problem weiter im Auge behalten&#8220;,  k\u00fcndigt Sch\u00e4fer weitere Ma\u00dfnahmen an. <\/p>\n\n\n\n<h4 class=\"wp-block-heading\">(Neulu\u00dfheim \/ Rhein-Neckar-Kreis) &#8211; Gastst\u00e4tte \u00fcberfallen, Zeugen gesucht!<\/h4>\n\n\n\n<p>Wegen eines versuchten Raubs in Neulu\u00dfheim am sp\u00e4ten Montagabend ermittelt derzeit die Mannheimer Kriminalpolizei. <\/p>\n\n\n\n<p>Gegen\n 21:15 betraten zwei bislang Unbekannte den Schankraum einer Gastst\u00e4tte \nin der Bahnhofstra\u00dfe. Mit einem Hammer bewaffnet forderten die Beiden \ndie Herausgabe der Barschaft. Als einer der Tatverd\u00e4chtigen nach dem \nGeldbeutel des gesch\u00e4digten Gastwirts griff, setzte sich dieser mit \neinem Stuhl in der Hand zur Wehr und schlug die beiden ungebetenen G\u00e4ste\n in die Flucht. Das Raubgut lie\u00dfen die Unbekannten fallen. Es blieb am \nTatort zur\u00fcck. <\/p>\n\n\n\n<p>Folgende T\u00e4terbeschreibungen wurden bekannt: <\/p>\n\n\n\n<p>T\u00e4ter\n 1, bewaffnet mit Hammer in der rechten Hand: ca. 170 cm gro\u00df; 18-20 \nJahre alt; schwarze, kurze Haare; trug schwarze Kleidung, schwarzen \nKapuzenpulli und einen schwarzen Schal als Vermummung; schlanke, \nathletische Statur; sprach deutsch ohne Akzent\/ Dialekt; hellh\u00e4utig <\/p>\n\n\n\n<p>T\u00e4ter\n 2: ca. 175-180 cm gro\u00df; ebenfalls18-20 Jahre alt; schwarze, l\u00e4ngere \nHaare (schauten ca. 6 cm seitlich nach links gek\u00e4mmt aus der Kapuze \nhervor); schwarz gekleidet (schwarzer Kapuzenpulli und schwarzer Schal);\n schlanke, athletische Statur Nach der Tat fl\u00fcchtete das Duo in Richtung\n Friedrichstra\u00dfe. Dort verlor sich ihre Spur. <\/p>\n\n\n\n<p>Die Ermittler des  Raubdezernats des Kriminalkommissariats in Mannheim bitten Zeugen,  welchen zur fraglichen Zeit Verd\u00e4chtiges aufgefallen ist oder die anhand  der \u00fcbermittelten Personenbeschreibung Hinweise zur Identit\u00e4t der  Gesuchten geben k\u00f6nnen, um telefonische Meldung unter 0621\/174-4444. <\/p>\n\n\n\n<h4 class=\"wp-block-heading\">(Wiesloch \/ Rhein-Neckar-Kreis) &#8211; Unbekannter bel\u00e4stigt 17-J\u00e4hrige und wird rabiat \/ Polizei sucht Zeugen<\/h4>\n\n\n\n<p>Ein unbekannter Mann bel\u00e4stigte am Montagabend in Wiesloch eine  17-J\u00e4hrige. Die junge Frau wartete kurz nach 19 Uhr auf dem Parkplatz  eines Drogeriemarktes in der Hauptstra\u00dfe auf eine Freundin, als ein  unbekannter Mann an sie herantrat und sie zun\u00e4chst an die H\u00fcfte fasste.  Anschlie\u00dfend strich er ihr \u00fcber das Ges\u00e4\u00df und forderte sie auf,  mitzukommen. Als die Gesch\u00e4digte ihm zu verstehen gab, dass er sie in  Ruhe lassen solle, wurde der Mann aggressiver und fasste ihr ans  Gesicht, nahm einen metallischen Gegenstand aus der Jackentasche und  fuhr ihr damit \u00fcber die Wange. Hierdurch erlitt die 17-J\u00e4hrige eine  Kratzwunde. Der Unbekannte \u00e4u\u00dferte weiter, dass er so ein Verhalten  nicht toleriere. Bevor er die junge Frau jedoch weiter bedr\u00e4ngen und  verletzen konnte, kam ein Paar hinzu und sprach den Angreifer an. Dieser  lie\u00df daraufhin von seinem Opfer ab und fl\u00fcchtete. <\/p>\n\n\n\n<p>Die Gesch\u00e4digte konnte den unbekannten Mann wie folgt beschreiben: <\/p>\n\n\n\n<ul><li>Ca. 180 cm gro\u00df<\/li><li>Ca. 20 Jahre alt<\/li><li>S\u00fcdosteurop\u00e4isches Erscheinungsbild<\/li><li>Normale Statur<\/li><li>Glatte Haare mit Seitenscheitel nach hinten gek\u00e4mmt, an den <br>  Seiten k\u00fcrzer<\/li><li>Drei-Tage-Bart<\/li><li>Bekleidet mit schwarzer dickerer Jacke und dunkler Hose<\/li><li><\/li><\/ul>\n\n\n\n<p>Die Polizei sucht Zeugen, die auf den Vorfall aufmerksam geworden sind  und sachdienliche Hinweise zum T\u00e4ter geben k\u00f6nnen. Insbesondere wird das  Paar gesucht, das der 17-J\u00e4hrigen zu Hilfe geeilt ist. Diese werden  gebeten, sich beim Kriminaldauerdienst der Kriminalpolizeidirektion  Heidelberg, Tel.: 0621\/174-4444 zu melden.  <\/p>\n\n\n\n<h4 class=\"wp-block-heading\">(Wiesloch \/ Rhein-Neckar-Kreis) &#8211; Hoher Schaden an VW Sharan \/ Verursacher entfernt sich<\/h4>\n\n\n\n<p>Einen auf dem TOOM-Parkplatz abgestellten VW Sharan besch\u00e4digte am  Montagnachmittag ein bislang nicht ermittelter Autofahrer, richtete  Schaden von 4.000 Euro an und entfernte sich danach unerlaubt von der  Unfallstelle. Der Wagen war zwischen 16 und 16.20 Uhr geparkt;  vermutlich beim Ein- oder Ausparken rammte der Unbekannte das Auto und  fl\u00fcchtete. Zeugen bzw. Kunden des Baumarktes, die Hinweise auf den  Verursacher geben k\u00f6nnen, werden gebeten, sich mit dem Polizeirevier  Wiesloch, Tel.: 06222\/57090, in Verbindung zu setzen. <\/p>\n\n\n\n<h4 class=\"wp-block-heading\">(Wiesloch \/ Rhein-Neckar-Kreis) &#8211; Glimpflicher Ausgang eines Unfalls&#8230;<\/h4>\n\n\n\n<p>Zum Gl\u00fcck nur leicht verletzt wurde ein 31-j\u00e4hriger Radfahrer bei einem  Verkehrsunfall am Montagmittag gegen 12 Uhr im Kreuzungsbereich der  M\u00fchlgasse\/Schwetzinger Stra\u00dfe. Nach bisherigen Angaben der beteiligten  46-j\u00e4hrigen Toyota-Fahrerin fuhr diese bereits in den Kreuzungsbereich  ein, als sich der Radfahrer &#8211; er fuhr entgegen der  Einbahnstra\u00dfenregelung &#8211; n\u00e4herte. Der 31-J\u00e4hrige krachte gegen den Wagen  und st\u00fcrzte auf die Fahrbahn. Hierbei zog er sich aber nur leichtere  Verletzungen zu, die auch durch den Notarzt erstbehandelt wurden. Eine  Einlieferung in ein Krankenhaus war nicht erforderlich. An dem Rad wie  auch an dem Toyota entstand nur geringer Schaden. <\/p>\n\n\n\n<h4 class=\"wp-block-heading\">(Rauenberg \/ Rhein-Neckar-Kreis) &#8211; Vorfahrt missachtet, Auto kommt von Fahrbahn ab, eine Leichtverletzte<\/h4>\n\n\n\n<p>Am Montag gegen 13 Uhr befuhr ein 56-j\u00e4hriger Mann mit seinem BMW die  Kreisstra\u00dfe 4169, bog in Richtung Bundesstra\u00dfe 39 ab. An der Einm\u00fcndung  zur Bundesstra\u00dfe 39 wollte er links in Richtung Wiesloch abbiegen. <\/p>\n\n\n\n<p>Nach\n derzeitigem Ermittlungsstand missachtete er hier die Vorfahrt einer \n29-j\u00e4hrigen Suzukifahrerin, die auf der Bundestra\u00dfe in Richtung \nM\u00fchlhausen unterwegs war. <\/p>\n\n\n\n<p>Der Suzuki wurde seitlich vom BMW touchiert, schaukelte sich auf und kam daraufhin nach rechts von der Fahrbahn ab. <\/p>\n\n\n\n<p>Die 29-J\u00e4hrige wurde hierbei leicht verletzt und mit einem Krankenwagen in ein nahegelegenes Krankenhaus verbracht. <\/p>\n\n\n\n<p>An den Fahrzeugen entstand ein Sachschaden in H\u00f6he von 10.000 Euro. <\/p>\n\n\n\n<h4 class=\"wp-block-heading\">(Nu\u00dfloch \/ Rhein-Neckar-Kreis) &#8211; Roller-Fahrer bei Unfall schwer verletzt<\/h4>\n\n\n\n<p>Am Dienstagvormittag kurz nach 10 Uhr befuhr ein 30-j\u00e4hriger  Roller-Fahrer die Massengasse und \u00fcberholte in H\u00f6he des Anwesens Nr. 93  ein Auto. Beim Wiedereinscheren musste er pl\u00f6tzlich abbremsen, da der  vor ihm liegende Verkehr aufgrund Gegenverkehrs stockte. Der aus Nu\u00dfloch  stammende Mann st\u00fcrzte und zog sich dabei schwere Verletzungen zu, die  nach der Erstbehandlung an der Unfallstelle in einem Heidelberger  Krankenhaus weiterbehandelt werden mussten. Sein Roller, an dem Schaden  von mehreren hundert Euro entstand, wurde auf dem Gel\u00e4nde des Bauhofes  abgestellt. <\/p>\n\n\n\n<h4 class=\"wp-block-heading\">(St.Leon-Rot \/ A 5 \/ Rhein-Neckar-Kreis) &#8211; So nicht: Gefahrguttransport ohne Kennzeichnung<\/h4>\n\n\n\n<p>Nicht selten werden gef\u00e4hrliche G\u00fcter wie Benzin, Chemikalien oder  Heiz\u00f6l mittels speziellen Fahrzeugen \u00fcber die Autobahn transportiert. Da  von diesen Stoffen im Stra\u00dfenverkehr eine erh\u00f6hte Gefahr ausgeht sind,  die Sicherheitsvorschriften, die f\u00fcr den Fahrer sowie f\u00fcr die  Transportfirma gelten, gesetzlich streng geregelt. <\/p>\n\n\n\n<p>Was passiert, \nwenn die Vorschriften nicht eingehalten werden, musste am Montag eine \nTransportfirma aus Linden erfahren. Ein LKW der Firma wurde auf der BAB 5\n aus dem flie\u00dfenden Verkehr angehalten und einer Kontrolle unterzogen. \nDer 63-j\u00e4hrige Fahrer des LKW&#8217;s gab an, auf den Weg nach Ettlingen zu \nsein um dort den Boden einer Gro\u00dfraumk\u00fcche mit Epoxidharz auszugie\u00dfen. \nBei Nachschau im Laderaum konnten die Kollegen der Verkehrspolizei neben\n verschiedenen Arbeitsger\u00e4ten, zehn F\u00e4sser zu je 190 kg gef\u00fcllt mit \nentz\u00fcndbarer Harzl\u00f6sung (UN Nummer 1866) feststellen. Die Harzl\u00f6sung \nf\u00e4llt unter das Gefahrgutrecht und das Fahrzeug h\u00e4tte aufgrund der \ntransportieren Menge dementsprechend gekennzeichnet werden m\u00fcssen. Auch \nfehlten dem Fahrer die besondere Erlaubnis und die \nAusr\u00fcstungsgegenst\u00e4nde, die er f\u00fcr den Transport eines Gefahrstoffes \nben\u00f6tigt. <\/p>\n\n\n\n<p>Der Fahrer h\u00e4tte demnach nur eine H\u00f6chstmenge von 333 kg des Stoffes &#8211; und somit nur ein Fass &#8211; auf einmal bef\u00f6rdern d\u00fcrfen. <\/p>\n\n\n\n<p>Das  Ergebnis: Die Transportfirma hatte daf\u00fcr zu sorgen, dass die neun  \u00fcbrigen F\u00e4sser per Einzeltransport abtransportiert werden. Der  LKW-Fahrer konnte seine Fahrt somit erst 10 Stunden sp\u00e4ter fortsetzen.  Eine Anzeige wegen mehreren Verst\u00f6\u00dfen gegen das Gefahrgutrecht gab es  obendrauf. <\/p>\n\n\n\n<h4 class=\"wp-block-heading\">(Eschelbronn \/ Rhein-Neckar-Kreis) &#8211; L 549 nach Verkehrsunfall voll gesperrt<\/h4>\n\n\n\n<h4 class=\"wp-block-heading\" style=\"text-align:center\">Pressemitteilung Nr. 1<\/h4>\n\n\n\n<p>Nach einem Verkehrsunfall am Dienstag gegen 7.20 Uhr an der Einm\u00fcndung L  549\/Industriestra\u00dfe ist die Landesstra\u00dfe zwischen der B45\/Meckesheim  und der Eschelbronner Stra\u00dfe \/Ortseinfahrt  aus Richtung Neidenstein   derzeit voll gesperrt. Die Polizei leitet den Verkehr \u00f6rtlich um. Nach  den bislang vorliegenden Informationen kam es zum Zusammensto\u00df zwischen  einem Smart und einem Suzuki, dabei soll der Fahrer des Smart schwer  verletzt worden sein. Er wurde in ein Krankenhaus eingeliefert. Die  weiteren Unfallermittlungen hat das Verkehrskommissariat Heidelberg  \u00fcbernommen. <\/p>\n\n\n\n<h4 class=\"wp-block-heading\">(Eschelbronn \/ Rhein-Neckar-Kreis) &#8211; Zwei Schwerverletzte nach Kollision an Einm\u00fcndung \/ Sachschaden 18.000 Euro &#8211; Vollsperrung der 549<\/h4>\n\n\n\n<h4 class=\"wp-block-heading\" style=\"text-align:center\">Pressemitteilung Nr. 2<\/h4>\n\n\n\n<p>Bei einem Verkehrsunfall am Dienstag gegen 7.20 Uhr an der Einm\u00fcndung L  549\/Industriestra\u00dfe wurden beide Beteiligte schwer verletzt. W\u00e4hrend  der Bergung der Verletzten und der anschlie\u00dfenden Unfallaufnahme war die  L 549 bis 9.15 Uhr voll gesperrt, der Verkehr wurde durch die Polizei  \u00f6rtlich umgeleitet. Nach den bisherigen Unfallermittlungen war eine  44-j\u00e4hrige Fahrerin eines Suzuki auf der L 549 von Neidenstein in  Richtung Meckesheim unterwegs. Im Einm\u00fcndungsbereich Industriestra\u00dfe  \u00fcberholte sie trotz \u00dcberholverbot einen davor fahrenden Smart. Der  42-j\u00e4hrige Fahrer des Smart bog in diesem Moment nach links in die  Industriestra\u00dfe ab, wodurch es zur Kollision kam. Der Suzuki schleuderte  nach links in die Leitplanken, der Smart schleuderte nach rechts und  kam querstehend im Stra\u00dfengraben zum Stillstand. Der 42-J\u00e4hrige musste  durch die Feuerwehr aus seinem Auto befreit werden. Nach der  medizinischen Erstversorgung wurden die Verletzten mit Rettungsw\u00e4gen ins  Krankenhaus  eingeliefert werden. Bei dem Unfall entstand ein  Gesamtsachschaden von ca. 18.000 Euro, beide Autos mussten abgeschleppt  werden. Eine Spezialfirma reinigte die Fahrbahn von ausgelaufenen  Betriebsfl\u00fcssigkeiten. Die weiteren Unfallermittlungen f\u00fchrt das  Verkehrskommissariat Heidelberg. <\/p>\n\n\n\n<h4 class=\"wp-block-heading\">(Wiesenbach \/ Rhein-Neckar-Kreis) &#8211; Verkehrsunfallflucht vor Getr\u00e4nkemarkt \/ Zeugen gesucht<\/h4>\n\n\n\n<p>Am Montag besch\u00e4digte ein bislang unbekannter Autofahrer in der Zeit  zwischen 06:15  und 15:30 Uhr einen geparkten VW Golf auf dem Parkplatz  des Getr\u00e4nkemarkts Kern und entfernte sich im Anschluss unerlaubt von  der Unfallstelle. Nach ersten Sch\u00e4tzungen entstand am VW ein Schaden in  H\u00f6he von rund 1.500 EUR. Das Polizeirevier Neckargem\u00fcnd ermittelt nun  wegen Unfallflucht und nimmt unter Tel.: 06223\/9254-0 sachdienliche  Hinweise entgegen. <\/p>\n\n\n\n<h4 class=\"wp-block-heading\">(Sinsheim \/ Rhein-Neckar-Kreis) &#8211; Zwei Verletzte und \u00fcber 10.000 Euro Schaden bei Crash auf der B 45<\/h4>\n\n\n\n<p>Am Dienstagmorgen kam es auf der B 45\/Zuzenh\u00e4user Stra\u00dfe zu einem  Verkehrsunfall, bei dem Sachschaden von \u00fcber 10.000 Euro entstand und  auch zwei Beteiligte verletzt wurden. <\/p>\n\n\n\n<p>Eine 63-j\u00e4hrige \nChrysler-Fahrerin wollte in H\u00f6he des Anwesens Nr. 50 in eine \nGrundst\u00fcckseinfahrt einfahren, musste jedoch aufgrund Gegenverkehrs \nanhalten. Die nachfolgende 38-j\u00e4hrige Honda-Fahrerin erkannte auch die \nSituation und stoppte ihren Wagen. Dem dahinter befindlichen \nVW-Kleinbus-Fahrer reichte es allerdings nicht mehr. Er krachte infolge \nUnachtsamkeit und zu geringen Sicherheitsabstandes auf den Honda, der \nwiederum auf den Chrysler geschoben wurde. <\/p>\n\n\n\n<p>Beide Frauen zogen \nsich Verletzungen zu, wurden an der Unfallstelle durch den Notarzt \nerstversorgt und danach in ein Krankenhaus eingeliefert. Nicht mehr \nfahrbereit waren VW und Honda, so dass Abschleppunternehmen hinzugezogen\n werden mussten. Der aus Sinsheim stammende Verursacher sieht einer \nAnzeige entgegen. <\/p>\n\n\n\n<h4 class=\"wp-block-heading\">(Sinsheim \/ Rhein-Neckar-Kreis) &#8211; Radfahrer bei Unfall verletzt<\/h4>\n\n\n\n<p>Beim unachtsamen Herausfahren aus einem Grundst\u00fcck in der Stra\u00dfe &#8222;In  der Au&#8220; erfasste am Montagvormittag kurz nach 10 Uhr ein Lkw-Fahrer  einen ordnungsgem\u00e4\u00df auf dem Fahrradstreifen fahrenden 80-j\u00e4hrigen  Radfahrer. Der Senior st\u00fcrzte, zog sich aber offenbar nur leichtere  Verletzungen zu. Der Sinsheimer wollte sich selbstst\u00e4ndig in ein  Krankenhaus begeben. Der Verursacher gab bei der Unfallaufnahme den  Versto\u00df zu. Ob bzw. in welcher H\u00f6he Schaden entstand, ist bislang nicht  bekannt. <\/p>\n\n\n\n<h4 class=\"wp-block-heading\">(Sinsheim \/ Rhein-Neckar-Kreis) &#8211; Zigarettenautomat entwendet \/ Zeugen gesucht<\/h4>\n\n\n\n<p>Bislang unbekannte T\u00e4ter entwendeten im Zeitraum zwischen  25.02.2019  und  23.03.2019 einen Zigarettenautomat im Stadtteil D\u00fchren. Diesen  hebelten sie von einer Hausfassade eines Anwesens in der Winterstra\u00dfe.  Danach transportieren die T\u00e4ter den Automaten ab und brachen diesen in  einem Waldgebiet in Sinsheim-D\u00fchren auf. Am vergangenen Samstag konnte  der Automat im Waldst\u00fcck aufgefunden und sichergestellt werden. Die  T\u00e4ter konnten mehrere 100 EUR entwenden, der Sachschaden am Automaten  bel\u00e4uft sich auf knapp 3.000 EUR. <\/p>\n\n\n\n<p>Die Polizei sucht nun Zeugen,  die zur fraglichen Zeit verd\u00e4chtige Beobachtungen gemacht haben. Diese  werden gebeten sich beim Polizeiposten Angelbachtal unter Tel.: 07265  911200 zu melden. <\/p>\n\n\n\n<h4 class=\"wp-block-heading\">(Eberbach \/ Rhein-Neckar-Kreis) &#8211; 15-J\u00e4hrige von Jugendlichen angep\u00f6belt und geschlagen \/ Polizei ermittelt wegen gef\u00e4hrlicher K\u00f6rperverletzung und sucht dringend Zeugen<\/h4>\n\n\n\n<p>Am Dienstagabend wurde eine 15-J\u00e4hrige im Bereich des Eberbacher  Bahnhofes von einer Gruppe alkoholisierter Jugendlicher zun\u00e4chst  angep\u00f6belt und im Anschluss auch niedergeschlagen. Sie trug eine  Prellung am Auge und eine dicke Lippe davon. Rund eine Stunde sp\u00e4ter  informierte das M\u00e4dchen ihre Mutter und begab sich auch zu einem Arzt. <\/p>\n\n\n\n<p>Eine Beschreibung der Jugendlichen konnte die Gesch\u00e4digte gegen\u00fcber den Polizeibeamten nicht abgeben. <\/p>\n\n\n\n<p>Die\n Polizei ermittelt nun wegen gef\u00e4hrlicher K\u00f6rperverletzung und sucht \ndringend Zeugen des Vorfalls, der sich gegen 21.30 Uhr ereignet haben \nsoll. Diese werden gebeten, sich mit dem Eberbacher Polizeirevier unter \nTel.: 06271\/92100, in Verbindung zu setzen. <\/p>\n\n\n\n<h4 class=\"wp-block-heading\">(Eberbach \/ Rhein-Neckar-Kreis) &#8211; Verkehrsunfall auf der B37<\/h4>\n\n\n\n<p>Am Dienstagnachmittag befuhr ein 76-j\u00e4hriger BMW Fahrer in Eberbach die  Uferstra\u00dfe um links in die Friedrichstra\u00dfe abzubiegen. Zeitgleich  befuhr eine Suzuki-Fahrerin die Friedrichstra\u00dfe und missachtete beim  Abbiegen in die Uferstra\u00dfe die Vorfahrt des BMW-Fahrers. Es kam zum  Zusammensto\u00df, wobei ein Sachschaden von 3.000 EUR entstand. Verletzt  wurde niemand. <\/p>\n\n\n\n<h4 class=\"wp-block-heading\">(Eberbach \/ Rhein-Neckar-Kreis) &#8211; Seniorinnen reagierten richtig und beendeten Telefonate<\/h4>\n\n\n\n<p>Eine Eberbacher B\u00fcrgerin erhielt am Montagabend kurz vor 20 Uhr einen  Anruf eines vermeintlichen Polizeibeamten. Dieser gaukelte im Gespr\u00e4ch  einen Einbruch in der nahegelegenen Memelstra\u00dfe vor und erkundigte sich  nach Wertgegenst\u00e4nden bzw. deren Verm\u00f6gensverh\u00e4ltnissen. Die Dame lie\u00df  sich allerdings nichts weiter auf das Gespr\u00e4ch ein und beendete das  Telefonat. Eine angezeigte Telefonnummer \u00fcbermittelte sie auch den  Beamten des Eberbacher Polizeireviers. <\/p>\n\n\n\n<p>Eine weitere Dame, die \nebenfalls in der Stettiner Stra\u00dfe wohnhaft ist, erhielt ebenfalls am \nMontagabend einen Anruf eines Mitarbeiters eines &#8222;t\u00fcrkischen \nInkasso-Unternehmens&#8220;, der die Angerufene veranlassen wollte, monatlich \nrund 50 Euro an ein Kreditinstitut zu \u00fcberweisen. Ohne weitere \nKommentierung beendete die Frau das Gespr\u00e4ch und verst\u00e4ndigte ebenfalls \ndie Polizei. <\/p>\n\n\n\n<p>Zu Sch\u00e4den kam es nicht. <\/p>\n\n\n\n<h4 class=\"wp-block-heading\">(Schriesheim \/ Rhein-Neckar-Kreis) &#8211; Mehrere tausend Euro bei Einbruch in Kneipe entwendet<\/h4>\n\n\n\n<p> In der Nacht von Sonntag auf Montag verschafften sich zwei bislang  unbekannte m\u00e4nnliche T\u00e4ter gegen 01:45 Uhr durch Aufhebeln des  Seiteneingangs Zutritt zu einer Kneipe in Schriesheim in der Talstra\u00dfe.  Anschlie\u00dfend brachen die T\u00e4ter mit einem Hebelwerkzeug drei  Spielautomaten auf und fl\u00fcchteten mit Bargeld in noch unbekannter H\u00f6he. <\/p>\n\n\n\n<p>Einer\n der T\u00e4ter soll mit einem schwarzen Kapuzenpulli mit rot-wei\u00dfem \nAufdruck, dunkelblauer Jeans, wei\u00dfen Handschuhe und schwarzen Sneakers \nmit wei\u00dfer Sohle bekleidet gewesen sein. Der andere T\u00e4ter soll zur \nTatzeit eine dunkelblaue Jeans, wei\u00dfe Handschuhe, einen blauen \nKapuzenpullover und ebenfalls schwarze Sneakers mit wei\u00dfer Sohle \ngetragen haben. <\/p>\n\n\n\n<p>Die Beamten des Polizeireviers Weinheim haben die  Ermittlungen aufgenommen und suchen in diesem Zusammenhang nach Zeugen.  Diese werden gebeten, sich unter Tel.: 06201 10030 zu melden. <\/p>\n\n\n\n<h4 class=\"wp-block-heading\">(Schriesheim \/ Heiligkreuzsteinach \/ Rhein-Neckar-Kreis) &#8211; Mittlerweile vier tote Hunde gefunden; erste Untersuchungsergebnisse liegen vor; Zeugen dringend  gesucht<\/h4>\n\n\n\n<div class=\"wp-block-image\"><figure class=\"aligncenter\"><img decoding=\"async\" loading=\"lazy\" width=\"800\" height=\"600\" src=\"https:\/\/speyer24news.com\/wp-content\/uploads\/2019\/03\/23.03.19-Schriesheim-toter-Hund.jpg\" alt=\"\" class=\"wp-image-11298\" srcset=\"https:\/\/speyer24news.com\/wp-content\/uploads\/2019\/03\/23.03.19-Schriesheim-toter-Hund.jpg 800w, https:\/\/speyer24news.com\/wp-content\/uploads\/2019\/03\/23.03.19-Schriesheim-toter-Hund-300x225.jpg 300w, https:\/\/speyer24news.com\/wp-content\/uploads\/2019\/03\/23.03.19-Schriesheim-toter-Hund-768x576.jpg 768w, https:\/\/speyer24news.com\/wp-content\/uploads\/2019\/03\/23.03.19-Schriesheim-toter-Hund-678x509.jpg 678w, https:\/\/speyer24news.com\/wp-content\/uploads\/2019\/03\/23.03.19-Schriesheim-toter-Hund-326x245.jpg 326w, https:\/\/speyer24news.com\/wp-content\/uploads\/2019\/03\/23.03.19-Schriesheim-toter-Hund-80x60.jpg 80w\" sizes=\"(max-width: 800px) 100vw, 800px\" \/><\/figure><\/div>\n\n\n\n<p>Seit Dienstag, den 19. M\u00e4rz wurden entlang der Kreisstra\u00dfe K4122,  zwischen Schriesheim-Kohlhof, nahe des Naturfreundehauses, und dem  Ortseingang von Heiligkreuzsteinach-Lampenhain mittlerweile vier  verendete Hunde aufgefunden, der letzte am Samstag, den 23. M\u00e4rz. <\/p>\n\n\n\n<p>Die  ersten drei Hunde wurden von der Tierrettung Rhein-Neckar zur  Chemischen und Veterin\u00e4runtersuchungsanstalt nach Karlsruhe (CVUA)  gebracht, wo sie untersucht wurden. Erste Untersuchungsergebnisse der  Mageninhalte zeigten, dass diese drei Hunde ein und denselben  Plastikstoff gefressen hatten. Dies erh\u00e4rtet den Verdacht, dass sie aus demselben Haushalt stammen d\u00fcrften. Die Untersuchung des vierten Hundes  steht noch aus. <\/p>\n\n\n\n<p>Dar\u00fcber hinaus erwarten die Ermittler der \nAbteilung Gewerbe und Umwelt des Polizeipr\u00e4sidiums Mannheim in den \nn\u00e4chsten Tagen noch ein toxikologisches Gutachten der CVUA Freiburg. <\/p>\n\n\n\n<p>Bei\n den vier Hunden handelt es sich um \nLabrador-Sch\u00e4ferhund-Husky-Mischlinge im Alter zwischen 9-15 Monaten. \nSie wirken ungepflegt, hatten verfilztes Fell und lange Krallen. Sie \nsind nicht gekennzeichnet, haben keine T\u00e4towierung oder einen Chip. <\/p>\n\n\n\n<p>Aufgrund\n der Auffindesituation gehen die Ermittler davon aus, dass die Hunde mit\n einem Fahrzeug an die verschiedenen Stellen gebracht und unweit der \nStra\u00dfe im angrenzenden Unterholz abgelegt wurden. <\/p>\n\n\n\n<p>Am Donnerstag, \nden 21. M\u00e4rz wurden in einem Wohnhaus im n\u00f6rdlichen Rhein-Neckar-Kreis \n14 verwahrloste Hunde, darunter f\u00fcnf Welpen beschlagnahmt und in \nverschiedene Tierheime gebracht. Ob die toten Hunde aus diesem Bestand \nstammen, ist Gegenstand der Ermittlungen. Hierzu ist bereits eine \nDNA-Analyse der Tiere veranlasst. <\/p>\n\n\n\n<p>Zeugen, die in den Tagen vor  dem 19. M\u00e4rz verd\u00e4chtige Fahrzeuge oder Personen zwischen  Schriesheim-Kohlhof und Heiligkreuzsteinach-Lampenhain, entlang der K  4122 gesehen haben oder die die Hunde ken-nen und Hinweise \u00fcber den  Besitzer geben k\u00f6nnen, werden gebeten, sich mit der Abteilung Gewerbe  und Umwelt des Polizeipr\u00e4sidiums Mannheim, Tel.: 0621\/174-3045, mit den  Polizeirevieren Weinheim, Tel.: 06201\/1003-0 und Neckargem\u00fcnd, Tel.:  06223\/9254-0 oder jeder anderen Polizeidienststelle in Verbindung zu  setzen. <\/p>\n\n\n\n<h4 class=\"wp-block-heading\">(Heiligkreuzsteinach \/ Rhein-Neckar-Kreis) &#8211; Brand eines Einfamilienhauses, Keine Verletzte<\/h4>\n\n\n\n<p>Kurz nach 17:13 Uhr kam es in einem Einfamilienhaus, Am Marktplatz, aus  bislang unbekannter Ursache zu einem Brandgeschehen. Ein Zeuge bemerkte  Rauch aus den Fenstern des Dachgeschosses und verst\u00e4ndigte die  Rettungskr\u00e4fte. Durch die eingesetzten Feuerwehren aus  Heiligkreuzsteinach, Sch\u00f6nau, Schriesheim und Neckargem\u00fcnd, wurde das  Haus betreten und das Feuer gel\u00f6scht. Der 65-j\u00e4hrige Bewohner des  Anwesens war zum Zeitpunkt des Brandes nicht zu Hause, so dass es zu  keinem Personenschaden kam. Es entstand ein Sachschaden in H\u00f6he von  circa 40.000 Euro. Da sich der Brandherd in die Zwischendecke  ausgebreitet hatte, musste diese teilweise durch die Feuerwehr  aufgerissen werden, um entstandene Glutnester abl\u00f6schen zu k\u00f6nnen.  W\u00e4hrend der Dauer der L\u00f6scharbeiten musste die Sch\u00f6nauer Stra\u00dfe bis  20.05 Uhr voll gesperrt werden. Bis zur Kl\u00e4rung der Brandursache wurde  der Brandort beschlagnahmt. F\u00fcr den 65-j\u00e4hrigen Bewohner konnte eine  andere Bleibe gefunden werden. Weitere Ermittlungen diesbez\u00fcglich werden  durch die Kriminaldirektion Heidelberg get\u00e4tigt. <\/p>\n\n\n\n<h4 class=\"wp-block-heading\">(Dossenheim \/ Rhein-Neckar-Kreis) &#8211; 26-j\u00e4hriger versucht Gleichaltrigem  Skateboard zu entrei\u00dfen \/ Polizei sucht Zeugen<\/h4>\n\n\n\n<h4 class=\"wp-block-heading\" style=\"text-align:center\">Pressemeldung Nr. 2<\/h4>\n\n\n\n<p>Wie bereits berichtet, versuchte am Freitagabend ein 26-j\u00e4hriger Mann  in Dossenheim einem ebenfalls 26 Jahre alten Mann das Skateboard zu  entrei\u00dfen. Der Vorfall soll sich kurz von 21 Uhr an der rnv-Haltestelle  &#8222;Dossenheim Bahnhof&#8220; ereignet haben. <\/p>\n\n\n\n<p>Zur weiteren Aufkl\u00e4rung des  Tatablaufs ben\u00f6tigen die Ermittler des Fachdezernats der Kriminalpolizei  weitere Zeugen, die die Tat beobachtet haben und sachdienliche Hinweise  geben k\u00f6nnen. Diese werden gebeten, sich beim Kriminaldauerdienst der  Kriminalpolizeidirektion Heidelberg, Tel.: 0621\/174-4444 zu melden. <\/p>\n\n\n\n<h4 class=\"wp-block-heading\">(Weinheim \/ Rhein-Neckar-Kreis) &#8211; Einbruch in Spieleladen \/ Zeugen gesucht<\/h4>\n\n\n\n<p>Am Mittwochmorgen warfen bislang unbekannte T\u00e4ter gegen 04:30 Uhr die  Scheibe eines Gesch\u00e4fts in der Hauptstra\u00dfe mithilfe eines Pflastersteins  ein, um sich Zutritt zu einem Spieleladen zu verschaffen. Zur  Schadensh\u00f6he k\u00f6nnen bislang keine Angaben gemacht werden. <\/p>\n\n\n\n<p>Zeugen,  die zur fraglichen Zeit verd\u00e4chtige Beobachtungen gemacht haben, werden  gebeten sich mit dem Polizeirevier Weinheim unter Tel.: 06201\/10030 in  Verbindung zu setzen. <\/p>\n\n\n\n<h4 class=\"wp-block-heading\">(Weinheim \/ Rhein-Neckar-Kreis) &#8211; 84-j\u00e4hrige Autofahrerin nimmt falsche  Ausfahrt und geriet in Gegenverkehr \/ Auffahrunfall mit drei Beteiligten<\/h4>\n\n\n\n<p>Eine 84-j\u00e4hrige Citroen-Fahrerin geriet am Dienstagmittag auf der  Westtangente in den Gegenverkehr und verursachte dadurch einen  Verkehrsunfall mit drei beteiligten Autofahrern. Die Frau war kurz vor  15 Uhr in der Mannheimer Stra\u00dfe in Richtung Stadtmitte unterwegs und  wollte auf die Westtangente abbiegen. Sie bog jedoch einige Meter, kurz  vor der eigentlichen Abfahrt, verbotswidrig nach links in  entgegengesetzter Richtung auf die Westtangente ab. An der Gabelung  Mannheimer Stra\u00dfe\/Westtangente bemerkte die Autofahrerin, dass sie in  die falsche Richtung fuhr und hielt auf einer Sperrfl\u00e4che ihr Fahrzeug  an. Entgegenkommende Autofahrer, die auf die Mannheimer Stra\u00dfe abbiegen  wollten, leiteten eine Gefahrenbremsung ein, fuhren dann aber weiter.  Auch ein nachfolgender 34-j\u00e4hriger VW-Fahrer sowie eine 33-j\u00e4hrige  Seat-Fahrerin erkannten die Situation und bremsten bis zum Stillstand  ab. Doch ein 55-j\u00e4hriger Opel-Fahrer konnte nicht mehr rechtzeitig  bremsen und fuhr von hinten auf den Seat auf. Der Seat wurde daraufhin  durch den Aufprall auf den VW geschoben. Die Fahrzeuge wurden allesamt  besch\u00e4digt, sodass ein Gesamtsachschaden in H\u00f6he von rund 10.000 Euro  entstand. Verletzt wurde gl\u00fccklicherweise niemand. <\/p>\n\n\n\n<h4 class=\"wp-block-heading\">(Laudenbach \/ Rhein-Neckar-Kreis) &#8211; Bargeld bei Einbruch in B\u00e4ckerei gestohlen \/ Zeugen gesucht!<\/h4>\n\n\n\n<p>In eine B\u00e4ckereifiliale in der Dr.-Werner-Freyberg-Stra\u00dfe wurde  zwischen Montagabend und Dienstagfr\u00fch eingebrochen. Ein bislang  unbekannter T\u00e4ter hebelte mit brachialer Gewalt eine Schiebet\u00fcr auf und  gelangte so in den Verkaufsraum. Er machte sich anschlie\u00dfend an der T\u00fcr  zum Lagerraum zu schaffen und durchsuchte dort einen Spind nach  Brauchbarem. Mit Bargeld in noch unbekannter H\u00f6he ergriff er dann die  Flucht. Die H\u00f6he des Sachschadens kann derzeit noch nicht beziffert  werden. <\/p>\n\n\n\n<p>Zeugen, die verd\u00e4chtige Wahrnehmungen gemacht haben, \nwerden gebeten, sich mit dem Polizeirevier Weinheim unter Tel.: \n06201\/1003-0 in Verbindung zu setzen. <\/p>\n","protected":false},"excerpt":{"rendered":"<div class=\"mh-excerpt\"><p>Polizeimeldungen vom Dienstag und Mittwoch ( 26.03. &amp; 27.03.2019) (Speyer) &#8211; Mofa Fahrer leicht verletzt Ein 17-j\u00e4hriger Mofa Fahrer bog am Dienstagabend von der Blaulstra\u00dfe nach rechts in die Burgstra\u00dfe ab und verlor dabei vermutlich <a class=\"mh-excerpt-more\" href=\"https:\/\/speyer24news.com\/?p=11289\" title=\"Polizeimeldungen\">[&#8230;]<\/a><\/p>\n<\/div>","protected":false},"author":3,"featured_media":0,"comment_status":"open","ping_status":"open","sticky":false,"template":"","format":"standard","meta":{"_monsterinsights_skip_tracking":false,"_monsterinsights_sitenote_active":false,"_monsterinsights_sitenote_note":"","_monsterinsights_sitenote_category":0,"footnotes":""},"categories":[9],"tags":[61,63,105,53,102,213],"aioseo_notices":[],"amp_enabled":true,"_links":{"self":[{"href":"https:\/\/speyer24news.com\/index.php?rest_route=\/wp\/v2\/posts\/11289"}],"collection":[{"href":"https:\/\/speyer24news.com\/index.php?rest_route=\/wp\/v2\/posts"}],"about":[{"href":"https:\/\/speyer24news.com\/index.php?rest_route=\/wp\/v2\/types\/post"}],"author":[{"embeddable":true,"href":"https:\/\/speyer24news.com\/index.php?rest_route=\/wp\/v2\/users\/3"}],"replies":[{"embeddable":true,"href":"https:\/\/speyer24news.com\/index.php?rest_route=%2Fwp%2Fv2%2Fcomments&post=11289"}],"version-history":[{"count":4,"href":"https:\/\/speyer24news.com\/index.php?rest_route=\/wp\/v2\/posts\/11289\/revisions"}],"predecessor-version":[{"id":11302,"href":"https:\/\/speyer24news.com\/index.php?rest_route=\/wp\/v2\/posts\/11289\/revisions\/11302"}],"wp:attachment":[{"href":"https:\/\/speyer24news.com\/index.php?rest_route=%2Fwp%2Fv2%2Fmedia&parent=11289"}],"wp:term":[{"taxonomy":"category","embeddable":true,"href":"https:\/\/speyer24news.com\/index.php?rest_route=%2Fwp%2Fv2%2Fcategories&post=11289"},{"taxonomy":"post_tag","embeddable":true,"href":"https:\/\/speyer24news.com\/index.php?rest_route=%2Fwp%2Fv2%2Ftags&post=11289"}],"curies":[{"name":"wp","href":"https:\/\/api.w.org\/{rel}","templated":true}]}}