{"id":11335,"date":"2019-03-29T10:22:25","date_gmt":"2019-03-29T09:22:25","guid":{"rendered":"https:\/\/speyer24news.com\/?p=11335"},"modified":"2019-03-29T10:22:28","modified_gmt":"2019-03-29T09:22:28","slug":"speyer-verkehrs-und-stadtnotizen","status":"publish","type":"post","link":"https:\/\/speyer24news.com\/?p=11335","title":{"rendered":"Speyer \/ Verkehrs- und Stadtnotizen:"},"content":{"rendered":"<style type=\"text\/css\">\r\n\t.ads_top_disp{}\r\n\t.ads_top_corner_disp{ float:left; margin:0px 10px 10px 0px; }\r\n\t.ads_first_p_disp{}\r\n\t.ads_bottom_disp{}\r\n\t<\/style>\n<h2 class=\"wp-block-heading\" style=\"text-align:center\">Stadtnotizen:<\/h2>\n\n\n\n<h2 class=\"wp-block-heading\">Hotel Am Wartturm erh\u00e4lt 3-Sterne-Superior-Klassifizierung<\/h2>\n\n\n\n<div class=\"wp-block-image\"><figure class=\"aligncenter\"><img decoding=\"async\" loading=\"lazy\" width=\"800\" height=\"533\" src=\"https:\/\/speyer24news.com\/wp-content\/uploads\/2019\/03\/Sterneverleihung-Hotel-Am-Wartturm.jpg\" alt=\"\" class=\"wp-image-11341\" srcset=\"https:\/\/speyer24news.com\/wp-content\/uploads\/2019\/03\/Sterneverleihung-Hotel-Am-Wartturm.jpg 800w, https:\/\/speyer24news.com\/wp-content\/uploads\/2019\/03\/Sterneverleihung-Hotel-Am-Wartturm-300x200.jpg 300w, https:\/\/speyer24news.com\/wp-content\/uploads\/2019\/03\/Sterneverleihung-Hotel-Am-Wartturm-768x512.jpg 768w\" sizes=\"(max-width: 800px) 100vw, 800px\" \/><\/figure><\/div>\n\n\n\n<p>Am Mittwoch, 27.03.2019, verlieh der Vize-Pr\u00e4sident des  Deutschen Hotel- und Gastst\u00e4ttenverbands (DeHoGa) Alf Schulz dem  Speyerer Hotel Am Wartturm den 3-Sterne-Superior Standard, w\u00e4hrend  B\u00fcrgermeisterin Monika Kabs die Gl\u00fcckw\u00fcnsche der Stadt Speyer  \u00fcbermittelte und weiterhin viel Erfolg und gute Gesch\u00e4fte w\u00fcnschte. \u201eDie  hohe Anzahl an Touristen, die wir in Speyer jedes Jahr  verzeichnen, ist auch ein Beleg f\u00fcr die hohe Qualit\u00e4t der Speyerer  Hotels\u201c betont die B\u00fcrgermeisterin. <\/p>\n\n\n\n<p>Christian\n und Michaela Heck, die das Hotel gemeinsam f\u00fchren, haben in den letzten\n Monaten und Jahren viel investiert. Christian Heck\n hat Metropolen in Deutschland, Italien, \u00d6sterreich und den Niederlanden\n bereist, um Inspirationen f\u00fcr die aktuellen Bed\u00fcrfnisse von \nBusinessg\u00e4sten und Touristen zu sammeln und diese mit den bekannten \nErwartungen der Stammg\u00e4ste zu vereinen. Im Ergebnis hat\n sich das Hotel Am Wartturm inzwischen zu einem Boutique Hotel mit \nfamili\u00e4rer Atmosph\u00e4re entwickelt, die Mitarbeiter*innen und G\u00e4ste \ngleicherma\u00dfen sch\u00e4tzen.\n<\/p>\n\n\n\n<p>Im\n Rahmen eines kontinuierlichen Modernisierungsprozesses wurde in den \nvergangenen drei Jahren eine Komplettrenovierung aller Zimmer\n und B\u00e4der durchgef\u00fchrt. Das Hotel hat heute 17 Zimmer und weitere 7 \nApartments f\u00fcr Langzeitaufenthalte mit Servicecharakter und \nHotelstandard (\u201eServiced Apartments\u201c). Dar\u00fcber hinaus wurde der \n\u00f6ffentliche G\u00e4stebereich komplett umgebaut. Neben einem offenen\n G\u00e4ste-Empfang und einer offenen Wohnlounge, die f\u00fcr das Fr\u00fchst\u00fcck, aber\n auch f\u00fcr Veranstaltungen, Besprechungen und zum Entspannen und \nZusammenkommen genutzt wird, gibt es eine \u201eVertrauensbar\u201c, an der alle \nG\u00e4ste rund um die Uhr Snacks und Getr\u00e4nke erhalten\n k\u00f6nnen. Dabei wurde eine alte Tradition wiederbelebt: Die G\u00e4ste d\u00fcrfen \nwieder auf einen \u201eDeckel\u201c anschreiben lassen. Auch in die Bereiche \nSicherheit, Brandschutz, Ausbildung und Entwicklung der Mitarbeiter und \nDigitalisierung wurde investiert. So kann beispielsweise\n vor, w\u00e4hrend und nach dem Aufenthalt ein digitales G\u00e4ste-Service-System\n genutzt werden.&nbsp;\n<\/p>\n\n\n\n<p>Die\n Inhaber freuen sich \u00fcber den erreichten Meilenstein: \u201eIm Vergleich zu \neinem (Voll-)Hotelbetrieb, der unter anderem durch ein Restaurant\n oder einen Wellness- oder Tagungsbereich die notwendigen Pluspunkte \nsammeln kann, ist das Pr\u00e4dikat \u201eSuperior\u201c f\u00fcr ein Garni-Hotel nur mit \nsehr gro\u00dfem Aufwand zu erreichen. Wir haben uns diese Kategorie rein \n\u00fcber das Produkt Hotel und Zimmer erarbeitet. Darauf\n sind wir sehr stolz\u201c.<\/p>\n\n\n\n<p>Das  Hotel Am Wartturm feiert dieses Jahr sein 40-j\u00e4hriges Jubil\u00e4um und sein  25. Jubil\u00e4um unter der Leitung von Familie Heck. Christian  Heck hat das Hotel 2005 von seinen Eltern \u00fcbernommen, Ehefrau Michaela  ist seit 2015 im Team. <\/p>\n\n\n\n<p><em>Text: Stadt Speyer Foto: Christian Heck<br>29.03.2019<\/em><\/p>\n\n\n\n<h2 class=\"wp-block-heading\">Probealarm f\u00fcr KATWARN<\/h2>\n\n\n\n<div class=\"wp-block-image\"><figure class=\"aligncenter\"><img decoding=\"async\" loading=\"lazy\" width=\"580\" height=\"290\" src=\"https:\/\/speyer24news.com\/wp-content\/uploads\/2019\/03\/KATWARN-2.jpg\" alt=\"\" class=\"wp-image-11339\" srcset=\"https:\/\/speyer24news.com\/wp-content\/uploads\/2019\/03\/KATWARN-2.jpg 580w, https:\/\/speyer24news.com\/wp-content\/uploads\/2019\/03\/KATWARN-2-300x150.jpg 300w\" sizes=\"(max-width: 580px) 100vw, 580px\" \/><\/figure><\/div>\n\n\n\n<p>Am  <strong>Montag, 1. April 2019<\/strong> wird das Warn- und Informationssystem KATWARN  getestet. Gegen 11 Uhr erhalten alle bei  KATWARN angemeldeten Personen, die sich in Speyer aufhalten oder die  Postleitzahl f\u00fcr ortsgebundene Warnungen festgelegt haben, einen  Probealarm auf ihr Smartphone oder Handy. Bis 12 Uhr erfolgt dann auch  eine Entwarnung. <\/p>\n\n\n\n<p>Mit KATWARN ist es m\u00f6glich, bei gr\u00f6\u00dferen Schadenslagen interessierte B\u00fcrgern, die sich vorher bei dem System angemeldet\n haben, auf elektronischem Wege zu warnen und ihnen kurze Informationen, z. B. Hinweise zum richtigen Verhalten, zu schicken.<\/p>\n\n\n\n<p>Dies kann per Smartphone-App (f\u00fcr iPhone, Android Phone und Windows Phone), per SMS auf ein normales Mobiltelefon\n oder per E-Mail geschehen.<\/p>\n\n\n\n<p>Das\n Warn- und Informationssystem KATWARN wurde in Speyer im April 2016 \neingef\u00fchrt. Derzeit nutzen etwa 9.600 Personen\n in der Stadt dieses Angebot. Dar\u00fcber hinaus wird die Bev\u00f6lkerung auch \nweiterhin \u00fcber Sirenen, mit Durchsagen im Rundfunk oder mit \nLautsprecherfahrzeugen gewarnt.&nbsp;\n<\/p>\n\n\n\n<p>Weitere Informationen zu KATWARN unter <a rel=\"noreferrer noopener\" href=\"https:\/\/deref-web-02.de\/mail\/client\/EQncAxgfdP4\/dereferrer\/?redirectUrl=http%3A%2F%2Fwww.katwarn.de\" target=\"_blank\">www.katwarn.de<\/a>. <\/p>\n\n\n\n<p><em>Stadt Speyer<br>29.03.2019<\/em><\/p>\n\n\n\n<h2 class=\"wp-block-heading\">Standesamt geschlossen<\/h2>\n\n\n\n<p>Wegen  einer internen Fortbildungsveranstaltung ist das Standesamt am  <strong>Mittwoch, 03.04.2019<\/strong> geschlossen. An diesem Tag k\u00f6nnen keine  Beurkundungen vorgenommen und auch keine Personenstandsurkunden  ausgestellt werden. Am Donnerstag, 04.04.2019 ist das Standesamt wieder  wie gewohnt ge\u00f6ffnet.<\/p>\n\n\n\n<p><em>Stadt Speyer<br>29.03.2019<\/em><\/p>\n\n\n\n<h2 class=\"wp-block-heading\">Licht aus f\u00fcr den Klimaschutz\u00a0 &#8211; Speyer beteiligt sich an Earth Hour <\/h2>\n\n\n\n<div class=\"wp-block-image\"><figure class=\"aligncenter\"><img decoding=\"async\" loading=\"lazy\" width=\"500\" height=\"480\" src=\"https:\/\/speyer24news.com\/wp-content\/uploads\/2019\/03\/Earth-Hour-2019-1.jpg\" alt=\"\" class=\"wp-image-11338\" srcset=\"https:\/\/speyer24news.com\/wp-content\/uploads\/2019\/03\/Earth-Hour-2019-1.jpg 500w, https:\/\/speyer24news.com\/wp-content\/uploads\/2019\/03\/Earth-Hour-2019-1-300x288.jpg 300w\" sizes=\"(max-width: 500px) 100vw, 500px\" \/><\/figure><\/div>\n\n\n\n<p>Rund  um den Globus gehen am <strong>Samstag, 30. M\u00e4rz 2019 um 20:30 Uhr <\/strong>f\u00fcr eine Stunde die Lichter aus. W\u00e4hrend der <strong>WWF Earth Hour<\/strong> h\u00fcllen tausende St\u00e4dte ihre bekanntesten Bauwerke in  Dunkelheit, darunter zum Beispiel der Eiffelturm in Paris, die  Christus-Statue in Rio de Janeiro und das Opernhaus in Sydney. Auch die  Stadt Speyer ist wieder dabei. Gemeinsam mit dem <strong>Bistum Speyer<\/strong> und der <strong>Evangelischen Landeskirche der Pfalz<\/strong>  werden diverse \u00f6ffentliche Geb\u00e4ude u.a. der Kaiserdom, das Altp\u00f6rtel,  die Alte M\u00fcnze, das Stadthaus, das Historische Rathaus, das Historische  Museum der Pfalz, der Wartturm, die St.-Josephskirche,  die Ged\u00e4chtniskirche sowie der St. Georgbrunnen im Zeichen des  Klimaschutzes verdunkelt. Auch die <strong>Ged\u00e4chtniskirchengemeinde <\/strong>und die <strong>Dreifaltigkeitskirchengemeinde <\/strong>beteiligen sich als  Kooperationspartner an der Earth Hour. Ebenfalls sind Privatpersonen zur Beteiligung  aufgerufen.<\/p>\n\n\n\n<p>\u201eNie\n war der Klimawandel pr\u00e4senter als heute. Die \u201eFridays for \nFuture\u201c-Bewegung zeigt uns, dass das Bewusstsein\n f\u00fcr Klimaschutz in der Bev\u00f6lkerung w\u00e4chst. Auch wir m\u00f6chten durch die \nTeilnahme an der Earth Hour zeigen, dass die Stadt Speyer ihre \nVerantwortung ernst nimmt\u201c, sagt Oberb\u00fcrgermeisterin Stefanie Seiler. \n\u201eBesonders freue ich mich, dass wir auch in diesem Jahr\n wieder Unterst\u00fctzung durch unsere Kooperationspartner bekommen. Ich \nm\u00f6chte alle B\u00fcrger*innen dazu einladen, sich an der Earth Hour zu \nbeteiligen und f\u00fcr eine Stunde auch zuhause das Licht auszuschalten.\u201c\n<\/p>\n\n\n\n<p>Ihren\n Anfang nahm die WWF Earth Hour im Jahr 2007 in Sydney. Damals \nbeteiligten sich mehrere hunderttausend Australier\n an der Aktion. Seit 2008 wird die Earth Hour international gefeiert. Im\n vergangenen Jahr waren \u00fcber 7000 Wahrzeichen in mehr als 180 L\u00e4ndern in\n Dunkelheit geh\u00fcllt, um ein Signal f\u00fcr mehr Umwelt- und Klimaschutz zu \nsenden. In Deutschland waren 400 St\u00e4dte und\n Gemeinden dabei \u2013 so viele wie noch nie. Speyer beteiligt sich 2019 \nbereits zum 6. Mal an der Aktion.\n<\/p>\n\n\n\n<p>Weitere Informationen: Klimaschutzmanagement, Fabienne K\u00f6rner<a href=\"fabienne.koerner@stadt-speyer.de\">fabienne.koerner@stadt-speyer.de<\/a>, 06232\/142596<\/p>\n\n\n\n<p><em>Stadt Speyer<br>29.03.2019<\/em><\/p>\n\n\n\n<h2 class=\"wp-block-heading\" style=\"text-align:center\">Verkehrsnotizen:<\/h2>\n\n\n\n<div class=\"wp-block-image\"><figure class=\"aligncenter\"><img decoding=\"async\" src=\"https:\/\/speyer24news.com\/wp-content\/uploads\/2019\/03\/Vollsperrung-3.jpg\" alt=\"\" class=\"wp-image-11340\"\/><\/figure><\/div>\n\n\n\n<h4 class=\"wp-block-heading\"><strong>Bauarbeiten Landwehrstra\u00dfe<\/strong><\/h4>\n\n\n\n<p>Am\n Montag, 01.04.2019 beginnen die Asphaltarbeiten f\u00fcr die bereits im Bau \nbefindliche verl\u00e4ngerte Rechtsabbiegespur entlang der Landwehrstra\u00dfe.\n Im Zuge dessen wird die Zufahrt von der Landwehrstra\u00dfe in die Wormser \nLandstra\u00dfe und in die Waldseer Stra\u00dfe gesperrt. Von der Landwehrstra\u00dfe \nist nur noch das Linksabbiegen in die Schifferstadter Stra\u00dfe m\u00f6glich. \nDie Umleitung erfolgt \u00fcber den Kreisverkehr in\n der Schifferstadter Stra\u00dfe und ist ausgeschildert. <\/p>\n\n\n\n<p>Die\n Bauma\u00dfnahme wird voraussichtlich bis Mitte April andauern, wobei die \nFahrtrichtung Landwehrstra\u00dfe &#8211; Waldseer Stra\u00dfe nach den Asphaltarbeiten\n wieder freigegeben wird. <\/p>\n\n\n\n<p>F\u00fcr R\u00fcckfragen steht das Tiefbauamt unter <a rel=\"noreferrer noopener\" href=\"mailto:Tiefbau@stadt-speyer.de\" target=\"_blank\">Tiefbau@stadt-speyer.de<\/a> zur Verf\u00fcgung.<\/p>\n\n\n\n<h4 class=\"wp-block-heading\">Sperrung des Festplatzes anl\u00e4sslich der Fr\u00fchjahrsmesse<\/h4>\n\n\n\n<p>In  der Zeit <strong>von Montag, 01.04.2019 bis einschlie\u00dflich Mittwoch, 24.04.2019 <\/strong> ist der Parkplatz Festplatz anl\u00e4sslich der Durchf\u00fchrung  der diesj\u00e4hrigen Fr\u00fchjahrsmesse gesperrt.<\/p>\n\n\n\n<p>Parkplatzsuchende\n werden gebeten, auf den Parkplatz-Naturfreundehaus und das Gel\u00e4nde des \nTechnik-Museums auszuweichen. F\u00fcr Monats-\n und Jahresparkscheininhaber steht der Parkplatz-Naturfreundehaus zur \nVerf\u00fcgung. \n<\/p>\n\n\n\n<p>Parallel\n zur Fr\u00fchjahrsmesse findet am Sonntag, 07.04.2019 der erste \nverkaufsoffene Sonntag des Jahres statt. Am Wochenende des 13.04.\n und 14.04.2019 wird in der Innenstadt au\u00dferdem die Weinmesse \u201eWein am \nDom\u201c &nbsp;veranstaltet. Insbesondere zu diesen Anl\u00e4ssen bittet die \nStra\u00dfenverkehrsbeh\u00f6rde die Besucher*innen, m\u00f6glichst mit dem \u00d6PNV \nanzureisen.\n<\/p>\n\n\n\n<p>Zus\u00e4tzlich  steht an den besagten Wochenenden der Parkplatz der PFW Flugzeugwerke  zur Verf\u00fcgung. Alle Ausweichparkpl\u00e4tze sind an den  Shuttlebusverkehr in die Innenstadt angebunden.<\/p>\n\n\n\n<h4 class=\"wp-block-heading\">Eselsdamm gesperrt<\/h4>\n\n\n\n<p>Aufgrund  von Leitungsarbeiten, durchgef\u00fchrt von den Stadtwerken Speyer, wird der  Eselsdamm auf H\u00f6he der Hausnummer 38A <strong>ab 01.04.2019  bis voraussichtlich 10.04.2019<\/strong> f\u00fcr den Durchgangsverkehr gesperrt. F\u00fcr  die Dauer der Arbeiten wird der Eselsdamm beidseitig als Sackgasse  ausgewiesen. Eine Umleitung wird eingerichtet.<\/p>\n\n\n\n<p>F\u00fcr R\u00fcckfragen steht die Stra\u00dfenverkehrsbeh\u00f6rde unter den Rufnummern 14-2739 oder 14-2492 zur Verf\u00fcgung.<\/p>\n\n\n\n<h4 class=\"wp-block-heading\">Marxg\u00e4rtenstra\u00dfe gesperrt<\/h4>\n\n\n\n<p>Aufgrund  von Kanalbauarbeiten, durchgef\u00fchrt von den Entsorgungsbetrieben Speyer,  wird die Marxg\u00e4rtenstra\u00dfe im Kurvenbereich <strong>ab 01.04.2019  bis voraussichtlich 26.04.2019<\/strong> f\u00fcr den Durchgangsverkehr gesperrt. F\u00fcr  die Dauer der Arbeiten wird die Marxg\u00e4rtenstra\u00dfe aus Richtung St.  Markus-Stra\u00dfe als Sackgasse ausgewiesen. Eine Umleitung wird  eingerichtet.<\/p>\n\n\n\n<p>F\u00fcr R\u00fcckfragen steht die Stra\u00dfenverkehrsbeh\u00f6rde unter den Rufnummern 14-2739 oder 14-2492 zur Verf\u00fcgung.<\/p>\n\n\n\n<h4 class=\"wp-block-heading\">Verkehrsbeschr\u00e4nkungen anl\u00e4sslich des Sommertagumzuges am Sonntag, 31.03.2019<\/h4>\n\n\n\n<div class=\"wp-block-image\"><figure class=\"aligncenter\"><img decoding=\"async\" loading=\"lazy\" width=\"375\" height=\"500\" src=\"https:\/\/speyer24news.com\/wp-content\/uploads\/2019\/03\/20170326_135629.jpg\" alt=\"\" class=\"wp-image-11337\" srcset=\"https:\/\/speyer24news.com\/wp-content\/uploads\/2019\/03\/20170326_135629.jpg 375w, https:\/\/speyer24news.com\/wp-content\/uploads\/2019\/03\/20170326_135629-225x300.jpg 225w\" sizes=\"(max-width: 375px) 100vw, 375px\" \/><\/figure><\/div>\n\n\n\n<p>Anl\u00e4sslich des Sommertagumzuges am Sonntag, 31.03.2019 werden im Zeitraum von ca. 13.30 Uhr bis ca. 16.00 Uhr verschiedene Verkehrslenkungsma\u00dfnahmen  notwendig.<\/p>\n\n\n\n<p>Gegen\n 14.00 Uhr findet die Aufstellung auf der Maximilianstrasse zwischen \nAltp\u00f6rtel und Heydenreichstra\u00dfe\/Wormser Stra\u00dfe statt. Etwa\n um 14.30 Uhr setzt sich der Sommertagumzug in Bewegung und verl\u00e4uft \n\u00fcber die Maximilianstrasse, Domplatz, Klipfelsau, Schillerweg, \nRheinallee bis zur Domwiese.\n<\/p>\n\n\n\n<p>Parkplatzsuchende\n erhalten \u00fcber das Parkleitsystem die notwendigen Informationen und \nwerden zu den ausgewiesenen Besucherparkpl\u00e4tzen\n gef\u00fchrt. Zur Verf\u00fcgung stehen die Parkpl\u00e4tze Festplatz, \nNaturfreundehaus und Dom sowie der Parkplatz am Technik-Museum und das \nParkgel\u00e4nde am Bademaxx. Schwerbehinderte mit entsprechendem Parkausweis\n k\u00f6nnen ihr Auto auf dem Parkplatz Dom und in der Gro\u00dfen\n Pfaffengasse direkt an der Umzugsstrecke abstellen.<\/p>\n\n\n\n<p>Im\n Zeitraum von 13.30 Uhr bis 16.00 Uhr werden die Busse der Linien 564 \nund 565 umgeleitet. Auch die Haltestelle des VRN am \nDomplatz\/Historischen\n Museum kann im Zeitfenster 14.30 Uhr bis 15.30 Uhr nicht angedient \nwerden. \n<\/p>\n\n\n\n<p>Die \u00f6ffentlichen Verkehrstr\u00e4ger werden an den Haltestellen entsprechende Hinweise bez\u00fcglich Ersatzhaltestellen anbringen. <\/p>\n\n\n\n<p><em>Stadt Speyer<br>29.03.2019<\/em><\/p>\n","protected":false},"excerpt":{"rendered":"<div class=\"mh-excerpt\"><p>Stadtnotizen: Hotel Am Wartturm erh\u00e4lt 3-Sterne-Superior-Klassifizierung Am Mittwoch, 27.03.2019, verlieh der Vize-Pr\u00e4sident des Deutschen Hotel- und Gastst\u00e4ttenverbands (DeHoGa) Alf Schulz dem Speyerer Hotel Am Wartturm den 3-Sterne-Superior Standard, w\u00e4hrend B\u00fcrgermeisterin Monika Kabs die Gl\u00fcckw\u00fcnsche der <a class=\"mh-excerpt-more\" href=\"https:\/\/speyer24news.com\/?p=11335\" title=\"Speyer \/ Verkehrs- und Stadtnotizen:\">[&#8230;]<\/a><\/p>\n<\/div>","protected":false},"author":3,"featured_media":11336,"comment_status":"open","ping_status":"open","sticky":false,"template":"","format":"standard","meta":{"_monsterinsights_skip_tracking":false,"_monsterinsights_sitenote_active":false,"_monsterinsights_sitenote_note":"","_monsterinsights_sitenote_category":0,"footnotes":""},"categories":[9],"tags":[490,684,182,774,773,6,771,772,658],"aioseo_notices":[],"amp_enabled":true,"_links":{"self":[{"href":"https:\/\/speyer24news.com\/index.php?rest_route=\/wp\/v2\/posts\/11335"}],"collection":[{"href":"https:\/\/speyer24news.com\/index.php?rest_route=\/wp\/v2\/posts"}],"about":[{"href":"https:\/\/speyer24news.com\/index.php?rest_route=\/wp\/v2\/types\/post"}],"author":[{"embeddable":true,"href":"https:\/\/speyer24news.com\/index.php?rest_route=\/wp\/v2\/users\/3"}],"replies":[{"embeddable":true,"href":"https:\/\/speyer24news.com\/index.php?rest_route=%2Fwp%2Fv2%2Fcomments&post=11335"}],"version-history":[{"count":1,"href":"https:\/\/speyer24news.com\/index.php?rest_route=\/wp\/v2\/posts\/11335\/revisions"}],"predecessor-version":[{"id":11342,"href":"https:\/\/speyer24news.com\/index.php?rest_route=\/wp\/v2\/posts\/11335\/revisions\/11342"}],"wp:featuredmedia":[{"embeddable":true,"href":"https:\/\/speyer24news.com\/index.php?rest_route=\/wp\/v2\/media\/11336"}],"wp:attachment":[{"href":"https:\/\/speyer24news.com\/index.php?rest_route=%2Fwp%2Fv2%2Fmedia&parent=11335"}],"wp:term":[{"taxonomy":"category","embeddable":true,"href":"https:\/\/speyer24news.com\/index.php?rest_route=%2Fwp%2Fv2%2Fcategories&post=11335"},{"taxonomy":"post_tag","embeddable":true,"href":"https:\/\/speyer24news.com\/index.php?rest_route=%2Fwp%2Fv2%2Ftags&post=11335"}],"curies":[{"name":"wp","href":"https:\/\/api.w.org\/{rel}","templated":true}]}}