{"id":11550,"date":"2019-04-02T09:04:02","date_gmt":"2019-04-02T08:04:02","guid":{"rendered":"https:\/\/speyer24news.com\/?p=11550"},"modified":"2019-04-02T09:05:45","modified_gmt":"2019-04-02T08:05:45","slug":"veterama-auf-dem-hockenheimring-hier-trifft-sich-die-szene","status":"publish","type":"post","link":"https:\/\/speyer24news.com\/?p=11550","title":{"rendered":"VETERAMA Auf dem Hockenheimring\u2013 Hier trifft sich die Szene"},"content":{"rendered":"<style type=\"text\/css\">\r\n\t.ads_top_disp{}\r\n\t.ads_top_corner_disp{ float:left; margin:0px 10px 10px 0px; }\r\n\t.ads_first_p_disp{}\r\n\t.ads_bottom_disp{}\r\n\t<\/style>\n<ul><li><strong>VETERAMA am Hockenheimring vom 05. &#8211; 07.04.2019<\/strong><\/li><li><strong>Teilemarkt\/Komplettfahrzeuge\/Hallen\/Pavillon\n<\/strong><\/li><li><strong>Erweiterung der Fl\u00e4che f\u00fcr Verk\u00e4ufer<\/strong><\/li><li><strong>Das Mekka f\u00fcr die Old- und\nYoungtimer-Szene <\/strong><\/li><li><strong>Campingbereich f\u00fcr Besucher gegen\u00fcber dem\nHaupteingang<\/strong><\/li><li><strong>Shuttle-Busse von den Besucher-Parkpl\u00e4tzen zum\nHaupteingang <\/strong><\/li><li><strong>Service-Depot: Gekaufte Teile kostenlos einlagern\nw\u00e4hrend der Veranstaltung<\/strong><\/li><li><strong>Show-Arena: kostenloser\nParkplatz\/Oldtimerausstellung f\u00fcr Besucher direkt auf dem Veranstaltungsgel\u00e4nde<\/strong><\/li><li><strong>Das Premium-Ticket (3-Tages-Ticket) erm\u00f6glicht\nden Eintritt bereits am Freitag, 05. April 2019<\/strong><\/li><\/ul>\n\n\n\n<div class=\"wp-block-image\"><figure class=\"aligncenter\"><img decoding=\"async\" loading=\"lazy\" width=\"800\" height=\"600\" src=\"https:\/\/speyer24news.com\/wp-content\/uploads\/2019\/04\/Veterama_2016-04-02_Sa_TKa_00333.jpg\" alt=\"\" class=\"wp-image-11552\" srcset=\"https:\/\/speyer24news.com\/wp-content\/uploads\/2019\/04\/Veterama_2016-04-02_Sa_TKa_00333.jpg 800w, https:\/\/speyer24news.com\/wp-content\/uploads\/2019\/04\/Veterama_2016-04-02_Sa_TKa_00333-300x225.jpg 300w, https:\/\/speyer24news.com\/wp-content\/uploads\/2019\/04\/Veterama_2016-04-02_Sa_TKa_00333-768x576.jpg 768w, https:\/\/speyer24news.com\/wp-content\/uploads\/2019\/04\/Veterama_2016-04-02_Sa_TKa_00333-678x509.jpg 678w, https:\/\/speyer24news.com\/wp-content\/uploads\/2019\/04\/Veterama_2016-04-02_Sa_TKa_00333-326x245.jpg 326w, https:\/\/speyer24news.com\/wp-content\/uploads\/2019\/04\/Veterama_2016-04-02_Sa_TKa_00333-80x60.jpg 80w\" sizes=\"(max-width: 800px) 100vw, 800px\" \/><figcaption>Auf knapp 125.000 qm\u00b2 gibt es vieles zu sehen<\/figcaption><\/figure><\/div>\n\n\n\n<p><strong>Hockenheim \/ Hockenheimring &#8211; <\/strong>Die Oldtimersaison startet. Es gibt kaum noch ein Wochenende an dem nicht irgendwo eine Veranstaltung stattfindet. <\/p>\n\n\n\n<p>In den Garagen und in den Hobby-Werkst\u00e4tten werden Old-und Youngtimer aus dem Winterschlaf erweckt. Oft stellt man dabei aber fest, dass es da doch noch einiges zu basteln und zu schrauben gibt. <\/p>\n\n\n\n<div class=\"wp-block-image\"><figure class=\"aligncenter\"><img decoding=\"async\" loading=\"lazy\" width=\"800\" height=\"533\" src=\"https:\/\/speyer24news.com\/wp-content\/uploads\/2019\/04\/B0A0016.jpg\" alt=\"\" class=\"wp-image-11553\" srcset=\"https:\/\/speyer24news.com\/wp-content\/uploads\/2019\/04\/B0A0016.jpg 800w, https:\/\/speyer24news.com\/wp-content\/uploads\/2019\/04\/B0A0016-300x200.jpg 300w, https:\/\/speyer24news.com\/wp-content\/uploads\/2019\/04\/B0A0016-768x512.jpg 768w\" sizes=\"(max-width: 800px) 100vw, 800px\" \/><\/figure><\/div>\n\n\n\n<p>Die\nFr\u00fchjahrs-Veterama zum Saisonstart auf dem Hockenheimring ist deshalb l\u00e4ngst\nzum wichtigsten Termin in der Oldtimer Szene geworden. Schon seit Wochen sind\nalle H\u00e4ndlerpl\u00e4tze ausgebucht. Die Warteliste war schnell gef\u00fcllt und eine\nL\u00f6sung musste her. Wir haben den altbew\u00e4hrten Marktplatz in die N\u00e4he des\nHaupteinganges verlegt und konnten so das Feld 9 um hunderte Einheiten\nerweitern. <\/p>\n\n\n\n<p>Der Marktplatz bietet eine gro\u00dfe Auswahl an Old- und Youngtimern und ist schon jetzt gut gef\u00fcllt. <\/p>\n\n\n\n<div class=\"wp-block-image\"><figure class=\"aligncenter\"><img decoding=\"async\" loading=\"lazy\" width=\"800\" height=\"533\" src=\"https:\/\/speyer24news.com\/wp-content\/uploads\/2019\/04\/K5_0028.jpg\" alt=\"\" class=\"wp-image-11554\" srcset=\"https:\/\/speyer24news.com\/wp-content\/uploads\/2019\/04\/K5_0028.jpg 800w, https:\/\/speyer24news.com\/wp-content\/uploads\/2019\/04\/K5_0028-300x200.jpg 300w, https:\/\/speyer24news.com\/wp-content\/uploads\/2019\/04\/K5_0028-768x512.jpg 768w\" sizes=\"(max-width: 800px) 100vw, 800px\" \/><\/figure><\/div>\n\n\n\n<p>In der Veterama Show\nArena k\u00f6nnen Besucherinnen und Besucher Ihre Oldtimer dem Publikum pr\u00e4sentieren\nund ergattern vielleicht einen Pokalpreis f\u00fcr Ihr sch\u00f6nes St\u00fcck. <\/p>\n\n\n\n<p>In der Halle 2 stellt Michael Bartels eine Auswahl von seinen Rennsportwagen aus, eine Art Boxenszene wird hier nachgestellt. <\/p>\n\n\n\n<div class=\"wp-block-image\"><figure class=\"aligncenter\"><img decoding=\"async\" loading=\"lazy\" width=\"800\" height=\"533\" src=\"https:\/\/speyer24news.com\/wp-content\/uploads\/2019\/04\/K5_0070.jpg\" alt=\"\" class=\"wp-image-11555\" srcset=\"https:\/\/speyer24news.com\/wp-content\/uploads\/2019\/04\/K5_0070.jpg 800w, https:\/\/speyer24news.com\/wp-content\/uploads\/2019\/04\/K5_0070-300x200.jpg 300w, https:\/\/speyer24news.com\/wp-content\/uploads\/2019\/04\/K5_0070-768x512.jpg 768w\" sizes=\"(max-width: 800px) 100vw, 800px\" \/><\/figure><\/div>\n\n\n\n<p>Viele etablierte Old- und Yountimer Clubs bauen in der Halle 2 ihre St\u00e4nde auf und bieten in der Club-Lounge einen Sitzplatz f\u00fcr Benzingespr\u00e4che an. <\/p>\n\n\n\n<p>Im Veterama Service\nDepot in der Dekra Box haben Sie die M\u00f6glichkeit gekaufte Teile kostenlos\neinzulagern, um dann ohne Last das Veterama Flair genie\u00dfen.<\/p>\n\n\n\n<p>Wie sagte doch einmal ein Veterama Besucher \u201ewer hier nichts findet, der braucht auch nichts\u201c.<\/p>\n\n\n\n<div class=\"wp-block-image\"><figure class=\"aligncenter\"><img decoding=\"async\" loading=\"lazy\" width=\"800\" height=\"533\" src=\"https:\/\/speyer24news.com\/wp-content\/uploads\/2019\/04\/K5_1636.jpg\" alt=\"\" class=\"wp-image-11556\" srcset=\"https:\/\/speyer24news.com\/wp-content\/uploads\/2019\/04\/K5_1636.jpg 800w, https:\/\/speyer24news.com\/wp-content\/uploads\/2019\/04\/K5_1636-300x200.jpg 300w, https:\/\/speyer24news.com\/wp-content\/uploads\/2019\/04\/K5_1636-768x512.jpg 768w\" sizes=\"(max-width: 800px) 100vw, 800px\" \/><\/figure><\/div>\n\n\n\n<p>Ein gro\u00dfes\nCampingareal direkt gegen\u00fcber dem Haupteingang bietet Gelegenheit f\u00fcr ein\nganzes Veterama Wochenende im eigenen Wohnwagen oder Wohnmobil.<\/p>\n\n\n\n<p>Historische Shuttle Busse bringen Besucher vom Parkplatz bis an die Veterama Kassen f\u00fcr kleines Geld. <\/p>\n\n\n\n<div class=\"wp-block-image\"><figure class=\"aligncenter\"><img decoding=\"async\" loading=\"lazy\" width=\"800\" height=\"533\" src=\"https:\/\/speyer24news.com\/wp-content\/uploads\/2019\/04\/Veterama_2016-04-02_Sa_TKa_00418.jpg\" alt=\"\" class=\"wp-image-11557\" srcset=\"https:\/\/speyer24news.com\/wp-content\/uploads\/2019\/04\/Veterama_2016-04-02_Sa_TKa_00418.jpg 800w, https:\/\/speyer24news.com\/wp-content\/uploads\/2019\/04\/Veterama_2016-04-02_Sa_TKa_00418-300x200.jpg 300w, https:\/\/speyer24news.com\/wp-content\/uploads\/2019\/04\/Veterama_2016-04-02_Sa_TKa_00418-768x512.jpg 768w\" sizes=\"(max-width: 800px) 100vw, 800px\" \/><\/figure><\/div>\n\n\n\n<p>Unser Premium-Ticket f\u00fcr 3 Tage erm\u00f6glicht Besuchern bereits am Freitag auf die Schn\u00e4ppchenjagd zu gehen. Im Veterama Festzelt in Feld 1 k\u00f6nnen Sie sich bei Speis und Trank gem\u00fctlich entspannen um sich danach frisch gest\u00e4rkt wieder auf den langen Weg durch die Reihen der Veterama H\u00e4ndler zu gegen. <\/p>\n\n\n\n<p>Mehr Informationen und Tickets unter: <a href=\"https:\/\/www.veterama.de\/de\/information\/besucher\">https:\/\/www.veterama.de\/de\/information\/besucher<\/a><\/p>\n\n\n\n<p><em>Winfried A. Seidel<br>02.04.2019<\/em><\/p>\n\n\n\n<p><br><\/p>\n","protected":false},"excerpt":{"rendered":"<div class=\"mh-excerpt\"><p>VETERAMA am Hockenheimring vom 05. &#8211; 07.04.2019 Teilemarkt\/Komplettfahrzeuge\/Hallen\/Pavillon Erweiterung der Fl\u00e4che f\u00fcr Verk\u00e4ufer Das Mekka f\u00fcr die Old- und Youngtimer-Szene Campingbereich f\u00fcr Besucher gegen\u00fcber dem Haupteingang Shuttle-Busse von den Besucher-Parkpl\u00e4tzen zum Haupteingang Service-Depot: Gekaufte Teile <a class=\"mh-excerpt-more\" href=\"https:\/\/speyer24news.com\/?p=11550\" title=\"VETERAMA Auf dem Hockenheimring\u2013 Hier trifft sich die Szene\">[&#8230;]<\/a><\/p>\n<\/div>","protected":false},"author":3,"featured_media":11559,"comment_status":"open","ping_status":"open","sticky":false,"template":"","format":"standard","meta":{"_monsterinsights_skip_tracking":false,"_monsterinsights_sitenote_active":false,"_monsterinsights_sitenote_note":"","_monsterinsights_sitenote_category":0,"footnotes":""},"categories":[11],"tags":[797,108,793,134,796,794,795,572],"aioseo_notices":[],"amp_enabled":true,"_links":{"self":[{"href":"https:\/\/speyer24news.com\/index.php?rest_route=\/wp\/v2\/posts\/11550"}],"collection":[{"href":"https:\/\/speyer24news.com\/index.php?rest_route=\/wp\/v2\/posts"}],"about":[{"href":"https:\/\/speyer24news.com\/index.php?rest_route=\/wp\/v2\/types\/post"}],"author":[{"embeddable":true,"href":"https:\/\/speyer24news.com\/index.php?rest_route=\/wp\/v2\/users\/3"}],"replies":[{"embeddable":true,"href":"https:\/\/speyer24news.com\/index.php?rest_route=%2Fwp%2Fv2%2Fcomments&post=11550"}],"version-history":[{"count":1,"href":"https:\/\/speyer24news.com\/index.php?rest_route=\/wp\/v2\/posts\/11550\/revisions"}],"predecessor-version":[{"id":11558,"href":"https:\/\/speyer24news.com\/index.php?rest_route=\/wp\/v2\/posts\/11550\/revisions\/11558"}],"wp:featuredmedia":[{"embeddable":true,"href":"https:\/\/speyer24news.com\/index.php?rest_route=\/wp\/v2\/media\/11559"}],"wp:attachment":[{"href":"https:\/\/speyer24news.com\/index.php?rest_route=%2Fwp%2Fv2%2Fmedia&parent=11550"}],"wp:term":[{"taxonomy":"category","embeddable":true,"href":"https:\/\/speyer24news.com\/index.php?rest_route=%2Fwp%2Fv2%2Fcategories&post=11550"},{"taxonomy":"post_tag","embeddable":true,"href":"https:\/\/speyer24news.com\/index.php?rest_route=%2Fwp%2Fv2%2Ftags&post=11550"}],"curies":[{"name":"wp","href":"https:\/\/api.w.org\/{rel}","templated":true}]}}