{"id":11573,"date":"2019-04-02T13:34:33","date_gmt":"2019-04-02T12:34:33","guid":{"rendered":"https:\/\/speyer24news.com\/?p=11573"},"modified":"2019-04-02T14:44:32","modified_gmt":"2019-04-02T13:44:32","slug":"hassloch-3","status":"publish","type":"post","link":"https:\/\/speyer24news.com\/?p=11573","title":{"rendered":"Ha\u00dfloch"},"content":{"rendered":"<style type=\"text\/css\">\r\n\t.ads_top_disp{}\r\n\t.ads_top_corner_disp{ float:left; margin:0px 10px 10px 0px; }\r\n\t.ads_first_p_disp{}\r\n\t.ads_bottom_disp{}\r\n\t<\/style>\n<h2 class=\"wp-block-heading\">Aufstellung der Fundsachen im M\u00e4rz<\/h2>\n\n\n\n<p><strong>Ha\u00dfloch \/ Fundb\u00fcro &#8211;<\/strong> Im Monat M\u00e4rz 2019 wurden nachstehende Fundsachen im Fundb\u00fcro der Gemeinde Ha\u00dfloch (B\u00fcrgerb\u00fcro, Langgasse 64) abgegeben:<\/p>\n\n\n\n<p><strong>Fahrr\u00e4der: <\/strong><\/p>\n\n\n\n<ul><li>Ein Tourenrad der Marke \u201eRockrider\u201c<\/li><li>Ein E-Bike der Marke \u201eVictoria\u201c <\/li><\/ul>\n\n\n\n<p><strong>Weitere Fundsachen:<\/strong><\/p>\n\n\n\n<ul><li>Ein Herrenarmband <\/li><\/ul>\n\n\n\n<p>Bei Fragen zu den Fundsachen k\u00f6nnen sich B\u00fcrgerinnen und B\u00fcrger an das B\u00fcrgerb\u00fcro in der Langgasse 64 wenden. Dieses ist zu den \u00fcblichen \u00d6ffnungszeiten unter der Telefonnummer 06324\/935-200 erreichbar.<\/p>\n\n\n\n<p><em>Gemeindeverwaltung Ha\u00dfloch<br>02.04.2019<\/em><\/p>\n\n\n\n<h2 class=\"wp-block-heading\">Fr\u00fchjahrskonzert \u201eJunge T\u00f6ne\u201c<\/h2>\n\n\n\n<p><strong>Ha\u00dfloch \/ Sparkasse &#8211; <\/strong>Am <strong>07. April <\/strong>um 11:15 Uhr findet in der Kundenhalle der Ha\u00dflocher Filiale der Sparkasse Rhein-Haardt (Bahnhofstra\u00dfe 17) wieder das Konzert \u201eJunge T\u00f6ne\u201c statt. <\/p>\n\n\n\n<p>Unter diesem Titel f\u00f6rdert die Sparkasse Rhein-Haardt bereits seit vielen Jahren die Orchester- und Bandmusik der Ha\u00dflocher Musikschule und des Musikvereins Ha\u00dfloch. Erneut tr\u00e4gt die Veranstaltung den Untertitel \u201eFr\u00fchjahrskonzert\u201c und bietet ein schwungvolles Programm. <\/p>\n\n\n\n<p>Im Mittelpunkt steht diesmal das Orchester \u201eJunge T\u00f6ne&#8220; (Jugendblasorchester) des Musikvereins und der Musikschule Ha\u00dfloch, welches sein 25-j\u00e4hriges Bestehen feiert. Anl\u00e4sslich des Jubil\u00e4ums werden auch ehemalige Mitspieler und Dirigenten erwartet. <\/p>\n\n\n\n<p>Auf dem Programm stehen klassische St\u00fccke z.B. von Georges Bizet, sowie Cross-Over-St\u00fccke (\u201eEine kleine Rockmusik&#8220;), Musik der Beatles, ein Santana-Medley, Filmmusik und einige Swing-Titel. Der Eintritt zum Konzert ist frei.<\/p>\n\n\n\n<p><em>Gemeindeverwaltung Ha\u00dfloch<br>02.04.2019<\/em><\/p>\n\n\n\n<h2 class=\"wp-block-heading\">\u201eDer Schatten wird l\u00e4nger\u201c &#8211; Musikalisch-literarische Matinee im Blaub\u00e4r<\/h2>\n\n\n\n<div class=\"wp-block-image\"><figure class=\"aligncenter\"><img decoding=\"async\" loading=\"lazy\" width=\"330\" height=\"139\" src=\"https:\/\/speyer24news.com\/wp-content\/uploads\/2019\/04\/Blaub\u00e4r-Ha\u00dfloch-Logo.png\" alt=\"\" class=\"wp-image-11578\" srcset=\"https:\/\/speyer24news.com\/wp-content\/uploads\/2019\/04\/Blaub\u00e4r-Ha\u00dfloch-Logo.png 330w, https:\/\/speyer24news.com\/wp-content\/uploads\/2019\/04\/Blaub\u00e4r-Ha\u00dfloch-Logo-300x126.png 300w\" sizes=\"(max-width: 330px) 100vw, 330px\" \/><\/figure><\/div>\n\n\n\n<p><strong>Ha\u00dfloch \/ Blaub\u00e4r &#8211;<\/strong> Der Ha\u00dflocher Musiker Uwe Frey und der Karlsruher Autor Johannes Hucke haben mit \u201eDer Schatten wird l\u00e4nger\u201c im wahrsten Sinne des Wortes ein Buch mit Musik kreiert. Konkret hei\u00dft das, dass man das Buch nicht nur lesen, sondern mittels so genanntem QR-Code und Handy auch zw\u00f6lf Lieder von Frey, die in die Handlung eingeflochten sind, direkt anh\u00f6ren kann. Im Rahmen einer musikalisch-literarischen Matinee soll der Musik-Roman am <strong>Sonntag, den 28. April 2019<\/strong> um 11:00 Uhr im Ha\u00dflocher Jugend- und Kulturhaus Blaub\u00e4r nun der interessierten \u00d6ffentlichkeit vorgestellt werden. <\/p>\n\n\n\n<p>Uwe Frey und Johannes Hucke sind im Blaub\u00e4r keine Unbekannten. In der Vergangenheit standen sie schon \u00f6fter auf der B\u00fchne des Jugend- und Kulturhauses, unter anderem im Rahmen eines Liederabends mit ihrer Band \u201eLost Paradise\u201c. Aber auch f\u00fcr Proben und Urauff\u00fchrungen zu den drei Musicals \u201eIn Arcadia\u201c, \u201eLost Paradise Stories\u201c und \u201eTraurig sind wir \u00fcbermorgen\u201c war der Blaub\u00e4r in den letzten Jahrzehnten eine gern gew\u00e4hlte Location. Der Musik-Roman \u201eDer Schatten wird l\u00e4nger\u201c stellt nun das Prequel zu den drei Musicals dar. Darin geht es um k\u00fcnstlerische Kooperation, um Freundschaft und junge Menschen, die versuchen, ihren Platz in der Welt zu finden. Angesiedelt ist die Geschichte in den sp\u00e4ten 70er-Jahren.<\/p>\n\n\n\n<p>Die Kritiken zum Musik-Roman fallen \u00e4u\u00dferst positiv aus: SWR-Moderatorin Katharina Eickhoff urteilt: \u201eDas sind richtig komplexe, komponierte Songs &#8230; und die wenigsten haben einen echten Dichter f\u00fcr die Texte!&#8220; Und Grimme-Preistr\u00e4ger Gert Steinheimer lobt: \u201eDer Stoff hat eine ganz eigene Kraft, da ist wirklich Potenzial drin!&#8220; Das Blaub\u00e4r-Team freut sich daher altbekannte Gesichter mit einer hochwertigen Veranstaltung im Jugend- und Kulturhaus begr\u00fc\u00dfen zu d\u00fcrfen. Beginn der musikalisch-literarischen Matinee am 28. April ist um 11:00 Uhr, Einlass bereits ab 10:30 Uhr. Der Eintritt zur Veranstaltung ist frei.<\/p>\n\n\n\n<p><em>Gemeindeverwaltung Ha\u00dfloch<br>02.04.2019<\/em><\/p>\n\n\n\n<h2 class=\"wp-block-heading\">5. Ha\u00dflocher Energie- und Klimaschutzmesse<\/h2>\n\n\n\n<div class=\"wp-block-image\"><figure class=\"aligncenter\"><img decoding=\"async\" loading=\"lazy\" width=\"800\" height=\"287\" src=\"https:\/\/speyer24news.com\/wp-content\/uploads\/2019\/04\/Energiemesse.jpg\" alt=\"\" class=\"wp-image-11577\" srcset=\"https:\/\/speyer24news.com\/wp-content\/uploads\/2019\/04\/Energiemesse.jpg 800w, https:\/\/speyer24news.com\/wp-content\/uploads\/2019\/04\/Energiemesse-300x108.jpg 300w, https:\/\/speyer24news.com\/wp-content\/uploads\/2019\/04\/Energiemesse-768x276.jpg 768w\" sizes=\"(max-width: 800px) 100vw, 800px\" \/><\/figure><\/div>\n\n\n\n<p><strong>Ha\u00dfloch \/ Schillerschule &#8211; <\/strong>Die Gemeindeverwaltung Ha\u00dfloch veranstaltet am <strong>14. April 2019<\/strong> die inzwischen f\u00fcnfte Ha\u00dflocher Energie- und Klimaschutzmesse. In Zusammenarbeit mit dem lokalen Klimaschutzbeirat m\u00f6chte man allen Interessierten die M\u00f6glichkeit bieten, sich direkt vor Ort und im pers\u00f6nlichen Gespr\u00e4ch \u00fcber Energieeinsparung, Energieeffizienz und Erneuerbare Energien zu informieren. Dazu sind alle B\u00fcrgerinnen und B\u00fcrger am Sonntag, den 14. April zwischen 11:00 und 17:00 Uhr in die Schillerschule eingeladen. Ein breites Programm aus Fachvortr\u00e4gen, Ausstellern, Wettbewerbsbeitr\u00e4gen und Energiepionieren soll ein umfassendes Beratungsangebot abbilden. Der Schwerpunkt liegt dieses Mal auf den Themen Mobilit\u00e4t, Heizen und Warmwasser.<\/p>\n\n\n\n<p>Auf der Messe werden sich insgesamt 16 Aussteller pr\u00e4sentieren. Dar\u00fcber hinaus konnten acht Mitb\u00fcrgerinnen und Mitb\u00fcrger aus der Region gewonnen werden, die als Energiepioniere \u00fcber ihre pers\u00f6nlichen Erfahrungen im Bereich der nachhaltigen Energieerzeugung und Energienutzung berichten werden. Beispielsweise sind Energiepioniere mit ihrem eigenen Elektroauto vor Ort und k\u00f6nnen \u00fcber das pers\u00f6nliche Pro und Contra erz\u00e4hlen. Ebenso werden Energiepioniere mit eigener Fotovoltaik-Anlage auf dem Dach sowie mit Erfahrung im Bereich der Energetischen Sanierung auf der Messe vertreten sein.<\/p>\n\n\n\n<p>Einen weiteren Messeschwerpunkt bilden die insgesamt f\u00fcnf Fachvortr\u00e4ge, die die Schwerpunktthemen der diesj\u00e4hrigen Messe aufgreifen:<\/p>\n\n\n\n<p><strong>11.30 Uhr \u00d6kobilanz Elektromobilit\u00e4t und 2 Jahre Alltagserfahrung mit dem Renault Zoe:<\/strong> Kurt Werner; BUND RLP, AK Energie <\/p>\n\n\n\n<p><strong>13.00 Uhr Heizen mit W\u00e4rmepumpe und Solarstrom:<\/strong> Tobias Emmer; Solarinfozentrum SIZ <\/p>\n\n\n\n<p><strong>14.00 Uhr Produzieren Sie Ihren eigenen Strom und nutzen ihn das ganze Jahr: <\/strong>Ursula B\u00fcse; IPS Individuelle Photovoltaik- und Speichersysteme <\/p>\n\n\n\n<p><strong>15.00 Uhr F\u00f6rderprogramme f\u00fcr die Heizungserneuerung optimal nutzen: <\/strong>Franz Anselmann; Verbraucherzentrale RLP <\/p>\n\n\n\n<p><strong>16.00 Uhr Markt\u00fcbersicht aktuelle Elektrofahrzeuge: <\/strong>Matthias Leonhardt; EVRN (Electric Vehicles Rhein-Neckar) <\/p>\n\n\n\n<p>Alle Fachvortr\u00e4ge finden im Filmsaal der Schillerschule statt. Die Messest\u00e4nde sind in der Schulturnhalle der Schillerschule aufgebaut und auch auf dem Au\u00dfengel\u00e4nde unter dem Pavillon sowie auf dem Schulhof sind Aussteller und Energiepioniere vertreten. Auf der Messeb\u00fchne in der Turnhalle findet am Nachmittag um 15:30 Uhr au\u00dferdem die Preisverleihung zum Wettbewerb f\u00fcr junge Klimasch\u00fctzer statt, an dem sich erneut einige Ha\u00dflocher Kindertagesst\u00e4tten beteiligt hatten und nun geehrt werden. Dar\u00fcber hinaus wird es um 14:30 Uhr einen Vortrag von Franz-Joseph Jochem (Mitglied des Klimaschutzbeirates) zum Thema \u201eWarum Ha\u00dflocher Klimaschutzmesse?\u201c geben.<\/p>\n\n\n\n<p>Der Eintritt zur Messe ist kostenlos. Vor Ort bietet der Weltladen Ha\u00dfloch Kaffee und Kuchen an und der DRK Ortsverein Ha\u00dfloch\/Meckenheim h\u00e4lt ein Angebot an warmen Speisen und Getr\u00e4nken bereit. Der zust\u00e4ndige Beigeordnete und Umweltdezernent Dieter Schuhmacher freut sich auf eine abwechslungsreiche sowie informative Messe und l\u00e4dt alle interessierten Ha\u00dflocher recht herzlich ein.<\/p>\n\n\n\n<p>Alle Informationen zur f\u00fcnften Ha\u00dflocher Energie- und Klimaschutzmesse gibt es auf der Homepage der Gemeinde Ha\u00dfloch <a href=\"http:\/\/www.hassloch.de\">www.hassloch.de<\/a>. Dar\u00fcber hinaus listet ein entsprechender Flyer s\u00e4mtliche Aussteller, Energiepioniere sowie die geplanten Fachvortr\u00e4ge. Der Flyer kann ebenfalls \u00fcber die Homepage heruntergeladen werden und liegt unter anderem im Rathaus sowie im B\u00fcrgerb\u00fcro aus. <\/p>\n\n\n\n<h2 class=\"wp-block-heading\">Arch\u00e4ologie zum Anfassen &#8211; \u201eTag der offenen Grabung\u201c in Ha\u00dfloch<\/h2>\n\n\n\n<div class=\"wp-block-image\"><figure class=\"aligncenter\"><img decoding=\"async\" loading=\"lazy\" width=\"800\" height=\"600\" src=\"https:\/\/speyer24news.com\/wp-content\/uploads\/2019\/04\/Tag-der-offenen-Grabung.jpg\" alt=\"\" class=\"wp-image-11576\" srcset=\"https:\/\/speyer24news.com\/wp-content\/uploads\/2019\/04\/Tag-der-offenen-Grabung.jpg 800w, https:\/\/speyer24news.com\/wp-content\/uploads\/2019\/04\/Tag-der-offenen-Grabung-300x225.jpg 300w, https:\/\/speyer24news.com\/wp-content\/uploads\/2019\/04\/Tag-der-offenen-Grabung-768x576.jpg 768w, https:\/\/speyer24news.com\/wp-content\/uploads\/2019\/04\/Tag-der-offenen-Grabung-678x509.jpg 678w, https:\/\/speyer24news.com\/wp-content\/uploads\/2019\/04\/Tag-der-offenen-Grabung-326x245.jpg 326w, https:\/\/speyer24news.com\/wp-content\/uploads\/2019\/04\/Tag-der-offenen-Grabung-80x60.jpg 80w\" sizes=\"(max-width: 800px) 100vw, 800px\" \/><figcaption> Der letzte \u201eTag der offenen Grabung\u201c im April 2017 war ein Publikumsmagnet.<\/figcaption><\/figure><\/div>\n\n\n\n<p>Seit 2008 findet die Lehrgrabung des Institutes f\u00fcr Ur- und Fr\u00fchgeschichte und Vorderasiatische Arch\u00e4ologie der Universit\u00e4t Heidelberg in Ha\u00dfloch statt. In Kooperation mit der Generaldirektion Kulturelles Erbe Speyer wird am \u00f6stlichen Ortsrand von Ha\u00dfloch eine Siedlung der fr\u00fchesten Ackerbauern in der Pfalz (linienbandkeramische Kultur, ca. 5300\u2013 4950 v. Chr.) ausgegraben. <\/p>\n\n\n\n<p>Beim \u201eTag der offenen Grabung\u201c soll den Besuchern das Leben unserer Vorfahren vor 7.000 Jahren anschaulich nahe gebracht und der arch\u00e4ologische Alltag vermittelt werden. Dabei werden verschiedene arch\u00e4ologische Dokumentationsverfahren vorgestellt. Der Aktionstag findet am Freitag, den 5. April 2019 von 14:00 bis 17:00 Uhr in der Weisengasse (direkt hinter dem Gel\u00e4nde der kommunalen Kindertagesst\u00e4tte \u201eKleine Freunde\u201c) statt. <\/p>\n\n\n\n<p>Seit 2008 kommt nahezu j\u00e4hrlich ein studentisches Grabungsteam unter der Leitung von Dr. Carsten Casselmann nach Ha\u00dfloch und nutzt die Zeit vorm Beginn des Sommersemesters, um im Gro\u00dfdorf nach Befunden aus der linienbandkeramischen Kultur zu graben. Die Gemeinde unterst\u00fctzt die Arbeiten der Studenten und stellt beispielsweise den Stromanschluss vor Ort, steht aber auch als Ansprechpartner zur Verf\u00fcgung. Im Laufe der Jahre habe man ein sehr vertrautes Verh\u00e4ltnis aufgebaut, so Dr. Carsten Casselmann von der Uni Heidelberg und Hans-J\u00fcrgen Bub, Dipl. Ing. Landespflege bei der Gemeindeverwaltung. Gleiches gilt in der Zusammenarbeit mit der kommunalen Kindertagesst\u00e4tte \u201eKleine Freunde\u201c, die in direkter Nachbarschaft der Ausgrabungen liegt. Die Kinder werden hier regelm\u00e4\u00dfig mit in die Arbeit einbezogen und bekommen so einen exklusiven Einblick. Daher wird sich die Kindertagesst\u00e4tte ebenfalls am \u201eTag der offenen Grabung\u201c beteiligen und kindgerechte Aktionen anbieten. Damit eignet sich der \u201eTag der offenen Grabung\u201c f\u00fcr die gesamte Familie. <\/p>\n\n\n\n<p>In der Vergangenheit konnten die Studenten immer wieder entsprechende Befunde vermelden, dazu geh\u00f6ren unter anderem Pfeilspitzen oder als Werkzeug verwendete Steine aus der damaligen Zeit. Auch Architekturbefunde, wie bandkeramische Hauswandgr\u00e4bchen und Pfostenstellungen, konnten in der Vergangenheit durch die Studenten sichtbar gemacht werden. In 2017 haben die an der Lehrgrabung beteiligten Studenten sogar ein Grab mit einem Skelett freigelegt. <\/p>\n\n\n\n<p><em>Gemeindeverwaltung Ha\u00dfloch<br>02.04.2019<\/em><\/p>\n\n\n\n<h2 class=\"wp-block-heading\">Infoveranstaltung zur Wahl im Kulturviereck<\/h2>\n\n\n\n<p><strong>Ha\u00dfloch \/ Kulturviereck &#8211; <\/strong>Am <strong>Dienstag, den 16. April 2019<\/strong> laden der Seniorenbeirat und die Gemeindeverwaltung Ha\u00dfloch zu einer Informationsveranstaltung zu den Wahlen am 26.05.2019 ein. Dabei soll das Wahlverfahren anschaulich erkl\u00e4rt werden und auch f\u00fcr Fragen wird ausreichend Zeit zur Verf\u00fcgung stehen. \u201eDa wir in diesem Jahr neben dem Gemeinderat auch den Bezirks- und Kreistag w\u00e4hlen und au\u00dferdem die Europawahl stattfindet, werden die Wahlunterlagen recht umfangreich sein\u201c, so der Beigeordnete Ralf Tr\u00f6sch. \u201eDeshalb m\u00f6chten wir die B\u00fcrger im Vorfeld informieren und auch besonders auf die M\u00f6glichkeit der Briefwahl aufmerksam machen.\u201c <\/p>\n\n\n\n<p>Die Veranstaltung findet am 16. April 2019 um 18.00 Uhr im Kulturviereck statt, B\u00fcrger jeden Alters sind willkommen. <\/p>\n\n\n\n<p><em>Gemeindeverwaltung Ha\u00dfloch<br>02.04.2019<\/em><\/p>\n\n\n\n<h2 class=\"wp-block-heading\">Kurzfristige Verkehrsstromentzerrung im Bereich der Baustelle in der Adam-Stegerwald-Stra\u00dfe<\/h2>\n\n\n\n<p>Im Zuge der Erneuerung der Adam-Stegerwald-Stra\u00dfe haben am Montag, den 18. M\u00e4rz 2019 die Arbeiten im n\u00e4chsten Unterabschnitt zwischen dem Kreisverkehr am Badepark und der Einfahrt in H\u00f6he des Sportvereins 1. FC 08 Ha\u00dfloch begonnen. Durch die Vollsperrung des Abschnittes entsteht auf der Umleitungsstrecke vor allem zu den Sto\u00dfzeiten ein erh\u00f6htes Verkehrsaufkommen. In der Fabrikstra\u00dfe gibt es daher gro\u00dfe R\u00fcckstaus, die \u00fcber die Werkstra\u00dfe bis zur\u00fcck in die Hans-B\u00f6ckler-Stra\u00dfe reichen. Grund f\u00fcr die R\u00fcckstaus ist die zu Sto\u00dfzeiten schwierige Abbiegesituation von der Fabrikstra\u00dfe auf die Kreisstra\u00dfe 14. Gerade Linksabbieger, die die K14 befahren wollen, um zur\u00fcck in Richtung Ha\u00dfloch zu gelangen, brauchen Geduld, um eine freie L\u00fccke zum Linksabbiegen zu finden. <\/p>\n\n\n\n<p>Die Gemeindeverwaltung hat die Situation zu Sto\u00dfzeiten zumindest etwas entsch\u00e4rft und erm\u00f6glicht seit Montagnachmittag (25.03.2019) eine weitere Ausfahrt aus dem Gewerbegebiet S\u00fcd. Ab Montagnachmittag wird daher nicht nur eine Ausfahrt \u00fcber die Fabrikstra\u00dfe in Richtung Ha\u00dfloch, sondern auch eine Ausfahrt \u00fcber die Hans-B\u00f6ckler-Stra\u00dfe nach Westen in Richtung Ha\u00dfloch m\u00f6glich sein. Bislang kann \u00fcber die Hans-B\u00f6ckler-Stra\u00dfe aufgrund der Baustellensituation nur ins Gewerbegebiet eingefahren, aber nicht hinaus gefahren werden. Mit dieser kurzfristigen Ma\u00dfnahme hofft die Verwaltung, die Stausituation zu Sto\u00dfzeiten etwas zu entsch\u00e4rfen. <\/p>\n\n\n\n<p>Die Arbeiten im besagten Abschnitt zwischen Badepark-Kreisel und der Einfahrt in H\u00f6he des Sportvereins werden voraussichtlich noch bis zur zweiten Aprilwoche andauern. Ab der zweiten Aprilwoche (Kalenderwoche 15) muss die Adam-Stegerwald-Stra\u00dfe dann f\u00fcr die Herstellung der finalen Asphaltdecke sowie verschiedener Restarbeiten zwischen BadeparkKreisel und Hans-B\u00f6ckler-Stra\u00dfe f\u00fcr circa eine Woche voll gesperrt werden. Hier\u00fcber werden wir in einer sp\u00e4teren Pressemitteilung noch einmal gesondert informieren.<\/p>\n\n\n\n<p><em>Gemeindeverwaltung Ha\u00dfloch<br>02.04.2019<\/em><\/p>\n","protected":false},"excerpt":{"rendered":"<div class=\"mh-excerpt\"><p>Aufstellung der Fundsachen im M\u00e4rz Ha\u00dfloch \/ Fundb\u00fcro &#8211; Im Monat M\u00e4rz 2019 wurden nachstehende Fundsachen im Fundb\u00fcro der Gemeinde Ha\u00dfloch (B\u00fcrgerb\u00fcro, Langgasse 64) abgegeben: Fahrr\u00e4der: Ein Tourenrad der Marke \u201eRockrider\u201c Ein E-Bike der Marke <a class=\"mh-excerpt-more\" href=\"https:\/\/speyer24news.com\/?p=11573\" title=\"Ha\u00dfloch\">[&#8230;]<\/a><\/p>\n<\/div>","protected":false},"author":3,"featured_media":11575,"comment_status":"open","ping_status":"open","sticky":false,"template":"","format":"standard","meta":{"_monsterinsights_skip_tracking":false,"_monsterinsights_sitenote_active":false,"_monsterinsights_sitenote_note":"","_monsterinsights_sitenote_category":0,"footnotes":""},"categories":[235],"tags":[180],"aioseo_notices":[],"amp_enabled":true,"_links":{"self":[{"href":"https:\/\/speyer24news.com\/index.php?rest_route=\/wp\/v2\/posts\/11573"}],"collection":[{"href":"https:\/\/speyer24news.com\/index.php?rest_route=\/wp\/v2\/posts"}],"about":[{"href":"https:\/\/speyer24news.com\/index.php?rest_route=\/wp\/v2\/types\/post"}],"author":[{"embeddable":true,"href":"https:\/\/speyer24news.com\/index.php?rest_route=\/wp\/v2\/users\/3"}],"replies":[{"embeddable":true,"href":"https:\/\/speyer24news.com\/index.php?rest_route=%2Fwp%2Fv2%2Fcomments&post=11573"}],"version-history":[{"count":2,"href":"https:\/\/speyer24news.com\/index.php?rest_route=\/wp\/v2\/posts\/11573\/revisions"}],"predecessor-version":[{"id":11596,"href":"https:\/\/speyer24news.com\/index.php?rest_route=\/wp\/v2\/posts\/11573\/revisions\/11596"}],"wp:featuredmedia":[{"embeddable":true,"href":"https:\/\/speyer24news.com\/index.php?rest_route=\/wp\/v2\/media\/11575"}],"wp:attachment":[{"href":"https:\/\/speyer24news.com\/index.php?rest_route=%2Fwp%2Fv2%2Fmedia&parent=11573"}],"wp:term":[{"taxonomy":"category","embeddable":true,"href":"https:\/\/speyer24news.com\/index.php?rest_route=%2Fwp%2Fv2%2Fcategories&post=11573"},{"taxonomy":"post_tag","embeddable":true,"href":"https:\/\/speyer24news.com\/index.php?rest_route=%2Fwp%2Fv2%2Ftags&post=11573"}],"curies":[{"name":"wp","href":"https:\/\/api.w.org\/{rel}","templated":true}]}}