{"id":11630,"date":"2019-04-05T12:10:14","date_gmt":"2019-04-05T11:10:14","guid":{"rendered":"https:\/\/speyer24news.com\/?p=11630"},"modified":"2019-04-05T12:10:16","modified_gmt":"2019-04-05T11:10:16","slug":"seit-donnerstag-28-03-2019-besitzt-der-asv-nord-wieder-einen-paechter","status":"publish","type":"post","link":"https:\/\/speyer24news.com\/?p=11630","title":{"rendered":"Seit Donnerstag (28.03.2019) besitzt der ASV Nord wieder einen P\u00e4chter"},"content":{"rendered":"<style type=\"text\/css\">\r\n\t.ads_top_disp{}\r\n\t.ads_top_corner_disp{ float:left; margin:0px 10px 10px 0px; }\r\n\t.ads_first_p_disp{}\r\n\t.ads_bottom_disp{}\r\n\t<\/style>\n<h2 class=\"wp-block-heading\">Griechische Gastronomie auf Spitzenniveau zu kleinen Preisen<\/h2>\n\n\n\n<h3 class=\"wp-block-heading\"><em>Von Daniel Kemmerich<\/em><\/h3>\n\n\n\n<div class=\"wp-block-image\"><figure class=\"aligncenter\"><img decoding=\"async\" loading=\"lazy\" width=\"800\" height=\"600\" src=\"https:\/\/speyer24news.com\/wp-content\/uploads\/2019\/04\/DSC00639.jpg\" alt=\"\" class=\"wp-image-11631\" srcset=\"https:\/\/speyer24news.com\/wp-content\/uploads\/2019\/04\/DSC00639.jpg 800w, https:\/\/speyer24news.com\/wp-content\/uploads\/2019\/04\/DSC00639-300x225.jpg 300w, https:\/\/speyer24news.com\/wp-content\/uploads\/2019\/04\/DSC00639-768x576.jpg 768w, https:\/\/speyer24news.com\/wp-content\/uploads\/2019\/04\/DSC00639-678x509.jpg 678w, https:\/\/speyer24news.com\/wp-content\/uploads\/2019\/04\/DSC00639-326x245.jpg 326w, https:\/\/speyer24news.com\/wp-content\/uploads\/2019\/04\/DSC00639-80x60.jpg 80w\" sizes=\"(max-width: 800px) 100vw, 800px\" \/><figcaption> Gastronom Elias Demiris (Ilias)<\/figcaption><\/figure><\/div>\n\n\n\n<p><strong>Speyer-Nord \/ ASV<\/strong> &#8211; Der bekannte Gastronom Elias Demiris (Ilias) mit jahrelanger Erfahrung ist nun der neue P\u00e4chter der Vereinsgastst\u00e4tte des ASV Speyer Nord. Seit Januar 2012 leitete er die &#8222;Gr\u00fcne Oase&#8220; in Ketsch beim Naturfreundehaus. Aufgrund von unfairem Verhalten des Verp\u00e4chters ist er Ende des Jahres aus dem Vertrag gek\u00fcndigt worden.<\/p>\n\n\n\n<div class=\"wp-block-image\"><figure class=\"aligncenter\"><img decoding=\"async\" loading=\"lazy\" width=\"800\" height=\"600\" src=\"https:\/\/speyer24news.com\/wp-content\/uploads\/2019\/04\/DSC00637.jpg\" alt=\"\" class=\"wp-image-11633\" srcset=\"https:\/\/speyer24news.com\/wp-content\/uploads\/2019\/04\/DSC00637.jpg 800w, https:\/\/speyer24news.com\/wp-content\/uploads\/2019\/04\/DSC00637-300x225.jpg 300w, https:\/\/speyer24news.com\/wp-content\/uploads\/2019\/04\/DSC00637-768x576.jpg 768w, https:\/\/speyer24news.com\/wp-content\/uploads\/2019\/04\/DSC00637-678x509.jpg 678w, https:\/\/speyer24news.com\/wp-content\/uploads\/2019\/04\/DSC00637-326x245.jpg 326w, https:\/\/speyer24news.com\/wp-content\/uploads\/2019\/04\/DSC00637-80x60.jpg 80w\" sizes=\"(max-width: 800px) 100vw, 800px\" \/><figcaption>Freisitz und Spielplatz laden zu gem\u00fctlichen Stunden ein<\/figcaption><\/figure><\/div>\n\n\n\n<p>Des Einen Pech ist des Anderen Gl\u00fcck und so waren sich ASV- Nord und Herr Demiris schnell einig, gemeinsam den Weg zu gehen. Vorerst auf ein Jahr den Vertrag geschlossen, mit der Option diesen um 3 weitere Jahre zu verl\u00e4ngern, ist Herr Demiris nun seit 28.03.19 in die R\u00e4umlichkeiten gegangen. Nat\u00fcrlich baut er erst einmal die K\u00fcche nach seinen W\u00fcnschen entsprechend um. Der Verein unterst\u00fctzt bei der Bereitstellung der entsprechenden Infrastruktur.<\/p>\n\n\n\n<div class=\"wp-block-image\"><figure class=\"aligncenter\"><img decoding=\"async\" loading=\"lazy\" width=\"800\" height=\"554\" src=\"https:\/\/speyer24news.com\/wp-content\/uploads\/2019\/04\/DSC00640.jpg\" alt=\"\" class=\"wp-image-11638\" srcset=\"https:\/\/speyer24news.com\/wp-content\/uploads\/2019\/04\/DSC00640.jpg 800w, https:\/\/speyer24news.com\/wp-content\/uploads\/2019\/04\/DSC00640-300x208.jpg 300w, https:\/\/speyer24news.com\/wp-content\/uploads\/2019\/04\/DSC00640-768x532.jpg 768w\" sizes=\"(max-width: 800px) 100vw, 800px\" \/><\/figure><\/div>\n\n\n\n<p>Das Elias Demiris wei\u00df, wie griechische K\u00fcche geht und wie man seine G\u00e4ste zufriedenstellt, sieht man an seinen Auszeichnungen. So ist er z.B. von den G\u00e4sten im Jahr 2017 auf Platz 3 aller vertretenden Restaurants in Rhein-Neckar-Kreis gew\u00e4hlt worden.<\/p>\n\n\n\n<div class=\"wp-block-image\"><figure class=\"aligncenter\"><img decoding=\"async\" loading=\"lazy\" width=\"800\" height=\"592\" src=\"https:\/\/speyer24news.com\/wp-content\/uploads\/2019\/04\/Essen5.jpg\" alt=\"\" class=\"wp-image-11634\" srcset=\"https:\/\/speyer24news.com\/wp-content\/uploads\/2019\/04\/Essen5.jpg 800w, https:\/\/speyer24news.com\/wp-content\/uploads\/2019\/04\/Essen5-300x222.jpg 300w, https:\/\/speyer24news.com\/wp-content\/uploads\/2019\/04\/Essen5-768x568.jpg 768w, https:\/\/speyer24news.com\/wp-content\/uploads\/2019\/04\/Essen5-80x60.jpg 80w\" sizes=\"(max-width: 800px) 100vw, 800px\" \/><figcaption>Fabelhafte griechische K\u00fcche<\/figcaption><\/figure><\/div>\n\n\n\n<p>Auch seine Frau, welche die K\u00fcche leitet, hat bereits bei namhaften Sternek\u00f6chen gearbeitet und viel K\u00f6nnen und Wissen erworben. Wir selbst kennen die K\u00fcche bereits aus &#8222;unseren Weinheimer Zeiten&#8220;, wo Ilias ebenfalls lange Zeit erfolgreich ein Restaurant betrieben hat.<br>Daher sind wir pers\u00f6nlich auch sehr froh, dass nun wieder ausgezeichnete griechische K\u00fcche in Speyer Einzug h\u00e4lt.<\/p>\n\n\n\n<p>Bis zu 290 G\u00e4ste k\u00f6nnen Platz beim ASV Nord finden, die Kinder auf einem kleinen Spielplatz oder der weitl\u00e4ufigen Anlage sicher spielen. Auch der Freisitz ist sehr einladend und gem\u00fctlich.<\/p>\n\n\n\n<div class=\"wp-block-image\"><figure class=\"aligncenter\"><img decoding=\"async\" loading=\"lazy\" width=\"800\" height=\"600\" src=\"https:\/\/speyer24news.com\/wp-content\/uploads\/2019\/04\/DSC00638.jpg\" alt=\"\" class=\"wp-image-11635\" srcset=\"https:\/\/speyer24news.com\/wp-content\/uploads\/2019\/04\/DSC00638.jpg 800w, https:\/\/speyer24news.com\/wp-content\/uploads\/2019\/04\/DSC00638-300x225.jpg 300w, https:\/\/speyer24news.com\/wp-content\/uploads\/2019\/04\/DSC00638-768x576.jpg 768w, https:\/\/speyer24news.com\/wp-content\/uploads\/2019\/04\/DSC00638-678x509.jpg 678w, https:\/\/speyer24news.com\/wp-content\/uploads\/2019\/04\/DSC00638-326x245.jpg 326w, https:\/\/speyer24news.com\/wp-content\/uploads\/2019\/04\/DSC00638-80x60.jpg 80w\" sizes=\"(max-width: 800px) 100vw, 800px\" \/><figcaption>Platz f\u00fcr bis zu 290 G\u00e4ste<\/figcaption><\/figure><\/div>\n\n\n\n<p>Zur Mittagszeit gibt es eine spezielle Karte, welche Gerichte ab 6,50 \u20ac &#8211; 8,50 \u20ac bietet. Auch ansonsten ist die Preisgestaltung sehr fair gehalten, so dass es als Vereinsgastst\u00e4tte, aber auch als normale Speisegastst\u00e4tte fungiert.<br>Nat\u00fcrlich wird auch Catering geboten und selbst ein Lieferdienst ist im Gespr\u00e4ch. Essen kann aber auch bestellt und abgeholt werden, sollte man dies w\u00fcnschen. Wobei man dann nat\u00fcrlich die Herzlichkeit und die liebevolle Dekoration verpasst.<\/p>\n\n\n\n<div class=\"wp-block-image\"><figure class=\"aligncenter\"><img decoding=\"async\" loading=\"lazy\" width=\"800\" height=\"600\" src=\"https:\/\/speyer24news.com\/wp-content\/uploads\/2019\/04\/Essen4.jpg\" alt=\"\" class=\"wp-image-11636\" srcset=\"https:\/\/speyer24news.com\/wp-content\/uploads\/2019\/04\/Essen4.jpg 800w, https:\/\/speyer24news.com\/wp-content\/uploads\/2019\/04\/Essen4-300x225.jpg 300w, https:\/\/speyer24news.com\/wp-content\/uploads\/2019\/04\/Essen4-768x576.jpg 768w, https:\/\/speyer24news.com\/wp-content\/uploads\/2019\/04\/Essen4-678x509.jpg 678w, https:\/\/speyer24news.com\/wp-content\/uploads\/2019\/04\/Essen4-326x245.jpg 326w, https:\/\/speyer24news.com\/wp-content\/uploads\/2019\/04\/Essen4-80x60.jpg 80w\" sizes=\"(max-width: 800px) 100vw, 800px\" \/><figcaption>Kali orexi oder auf Deutsch &#8222;Guten Apetitt&#8220;<\/figcaption><\/figure><\/div>\n\n\n\n<p>Der ASV Nord ist auf jeden Fall gl\u00fccklich, einen solch erfahrenen Gastronom gefunden zu haben. Hatten Sie doch schon einmal alles unter &#8222;Dach und Fach&#8220; gebracht und ihr possibler P\u00e4chter sprang 3 Tage vor der \u00dcbernahme ab.<br>F\u00fcr einen aufstrebenden Verein in der C-Klasse (aktuell 3. Platz mit 6 Punkten R\u00fcckstand auf Platz 2) mit gro\u00dfen Ambitionen nat\u00fcrlich sehr \u00e4rgerlich. So war die Freude bei der inoffiziellen Er\u00f6ffnung am letzten Sonntag nat\u00fcrlich umso gr\u00f6\u00dfer.<br>Verein und P\u00e4chter passen prima zusammen, das Essen \u00fcberzeugte auf ganzer Linie und auch menschlich passt alles.<\/p>\n\n\n\n<div class=\"wp-block-image\"><figure class=\"aligncenter\"><img decoding=\"async\" loading=\"lazy\" width=\"500\" height=\"503\" src=\"https:\/\/speyer24news.com\/wp-content\/uploads\/2019\/04\/DSC00641.jpg\" alt=\"\" class=\"wp-image-11637\" srcset=\"https:\/\/speyer24news.com\/wp-content\/uploads\/2019\/04\/DSC00641.jpg 500w, https:\/\/speyer24news.com\/wp-content\/uploads\/2019\/04\/DSC00641-150x150.jpg 150w, https:\/\/speyer24news.com\/wp-content\/uploads\/2019\/04\/DSC00641-298x300.jpg 298w\" sizes=\"(max-width: 500px) 100vw, 500px\" \/><figcaption>Links und Rechts, die beiden Gastronomen, in der Mitte der 1. Vorstand vom ASV-Nord<\/figcaption><\/figure><\/div>\n\n\n\n<p>Wer sich selbst davon \u00fcberzeugen m\u00f6chte, kann dies ab sofort machen. T\u00e4glich ge\u00f6ffnet von 12 bis14 Uhr (Mittagstisch) und ab 17 Uhr bis 22 Uhr (\u00c4nderungen vorbehalten). R\u00fcckfragen und Informationen unter 015901802526<\/p>\n\n\n\n<p>Die offizielle Er\u00f6ffnungsfeier wird entweder am 30.04. oder am 01.05.2019 stattfinden. <\/p>\n\n\n\n<div class=\"wp-block-image\"><figure class=\"aligncenter\"><img decoding=\"async\" loading=\"lazy\" width=\"800\" height=\"600\" src=\"https:\/\/speyer24news.com\/wp-content\/uploads\/2019\/04\/DSC00636.jpg\" alt=\"\" class=\"wp-image-11639\" srcset=\"https:\/\/speyer24news.com\/wp-content\/uploads\/2019\/04\/DSC00636.jpg 800w, https:\/\/speyer24news.com\/wp-content\/uploads\/2019\/04\/DSC00636-300x225.jpg 300w, https:\/\/speyer24news.com\/wp-content\/uploads\/2019\/04\/DSC00636-768x576.jpg 768w, https:\/\/speyer24news.com\/wp-content\/uploads\/2019\/04\/DSC00636-678x509.jpg 678w, https:\/\/speyer24news.com\/wp-content\/uploads\/2019\/04\/DSC00636-326x245.jpg 326w, https:\/\/speyer24news.com\/wp-content\/uploads\/2019\/04\/DSC00636-80x60.jpg 80w\" sizes=\"(max-width: 800px) 100vw, 800px\" \/><\/figure><\/div>\n\n\n\n<p>Wir berichten weiter und k\u00fcndigen dieses Event rechtzeitig an. Nat\u00fcrlich wird auch die 65-Jahrfeier des ASV Nord entsprechend gefeiert werden.<\/p>\n\n\n\n<p><strong>Mehr zum ASV Nord unter:<\/strong> <a href=\"https:\/\/www.facebook.com\/asv.speyernord\">https:\/\/www.facebook.com\/asv.speyernord<\/a><\/p>\n\n\n\n<p><em>Lektorin: Speyer 24\/7 News, das<br>05.04.2019<\/em><\/p>\n","protected":false},"excerpt":{"rendered":"<div class=\"mh-excerpt\"><p>Griechische Gastronomie auf Spitzenniveau zu kleinen Preisen Von Daniel Kemmerich Speyer-Nord \/ ASV &#8211; Der bekannte Gastronom Elias Demiris (Ilias) mit jahrelanger Erfahrung ist nun der neue P\u00e4chter der Vereinsgastst\u00e4tte des ASV Speyer Nord. Seit <a class=\"mh-excerpt-more\" href=\"https:\/\/speyer24news.com\/?p=11630\" title=\"Seit Donnerstag (28.03.2019) besitzt der ASV Nord wieder einen P\u00e4chter\">[&#8230;]<\/a><\/p>\n<\/div>","protected":false},"author":3,"featured_media":11632,"comment_status":"open","ping_status":"open","sticky":false,"template":"","format":"standard","meta":{"_monsterinsights_skip_tracking":false,"_monsterinsights_sitenote_active":false,"_monsterinsights_sitenote_note":"","_monsterinsights_sitenote_category":0,"footnotes":""},"categories":[9],"tags":[804,803,809,808,806,805,807,6,802],"aioseo_notices":[],"amp_enabled":true,"_links":{"self":[{"href":"https:\/\/speyer24news.com\/index.php?rest_route=\/wp\/v2\/posts\/11630"}],"collection":[{"href":"https:\/\/speyer24news.com\/index.php?rest_route=\/wp\/v2\/posts"}],"about":[{"href":"https:\/\/speyer24news.com\/index.php?rest_route=\/wp\/v2\/types\/post"}],"author":[{"embeddable":true,"href":"https:\/\/speyer24news.com\/index.php?rest_route=\/wp\/v2\/users\/3"}],"replies":[{"embeddable":true,"href":"https:\/\/speyer24news.com\/index.php?rest_route=%2Fwp%2Fv2%2Fcomments&post=11630"}],"version-history":[{"count":1,"href":"https:\/\/speyer24news.com\/index.php?rest_route=\/wp\/v2\/posts\/11630\/revisions"}],"predecessor-version":[{"id":11640,"href":"https:\/\/speyer24news.com\/index.php?rest_route=\/wp\/v2\/posts\/11630\/revisions\/11640"}],"wp:featuredmedia":[{"embeddable":true,"href":"https:\/\/speyer24news.com\/index.php?rest_route=\/wp\/v2\/media\/11632"}],"wp:attachment":[{"href":"https:\/\/speyer24news.com\/index.php?rest_route=%2Fwp%2Fv2%2Fmedia&parent=11630"}],"wp:term":[{"taxonomy":"category","embeddable":true,"href":"https:\/\/speyer24news.com\/index.php?rest_route=%2Fwp%2Fv2%2Fcategories&post=11630"},{"taxonomy":"post_tag","embeddable":true,"href":"https:\/\/speyer24news.com\/index.php?rest_route=%2Fwp%2Fv2%2Ftags&post=11630"}],"curies":[{"name":"wp","href":"https:\/\/api.w.org\/{rel}","templated":true}]}}