{"id":12037,"date":"2019-04-10T10:58:31","date_gmt":"2019-04-10T09:58:31","guid":{"rendered":"https:\/\/speyer24news.com\/?p=12037"},"modified":"2019-04-10T11:02:49","modified_gmt":"2019-04-10T10:02:49","slug":"8-speyerer-tag-der-artenvielfalt-2019-natur-verbinden-vielfalt-erhalten","status":"publish","type":"post","link":"https:\/\/speyer24news.com\/?p=12037","title":{"rendered":"8. Speyerer Tag der Artenvielfalt 2019 \u201eNatur verbinden \u2013 Vielfalt erhalten\u201c"},"content":{"rendered":"<style type=\"text\/css\">\r\n\t.ads_top_disp{}\r\n\t.ads_top_corner_disp{ float:left; margin:0px 10px 10px 0px; }\r\n\t.ads_first_p_disp{}\r\n\t.ads_bottom_disp{}\r\n\t<\/style>\n<h3 class=\"wp-block-heading\">Aufruf an Schulen und Gruppen zur Teilnahme am diesj\u00e4hrigen Speyerer Tag der Artenvielfalt<\/h3>\n\n\n\n<div class=\"wp-block-image\"><figure class=\"aligncenter\"><img decoding=\"async\" loading=\"lazy\" width=\"500\" height=\"614\" src=\"https:\/\/speyer24news.com\/wp-content\/uploads\/2019\/04\/Tag-der-Artenvielfalt2.png\" alt=\"\" class=\"wp-image-12039\" srcset=\"https:\/\/speyer24news.com\/wp-content\/uploads\/2019\/04\/Tag-der-Artenvielfalt2.png 500w, https:\/\/speyer24news.com\/wp-content\/uploads\/2019\/04\/Tag-der-Artenvielfalt2-244x300.png 244w\" sizes=\"(max-width: 500px) 100vw, 500px\" \/><\/figure><\/div>\n\n\n\n<p><strong>Speyer &#8211; <\/strong>Es ist wieder soweit: Von April bis Juni diesen Jahres k\u00f6nnen sich Kinder und Jugendliche mit fachkundiger  Unterst\u00fctzung auf die Suche nach den Pflanzen und Tieren machen, die in  und um Speyer leben. Daneben gibt es verschiedene  Angebote, die allen Interessierten offen stehen.<\/p>\n\n\n\n<div class=\"wp-block-image\"><figure class=\"aligncenter\"><img decoding=\"async\" loading=\"lazy\" width=\"800\" height=\"587\" src=\"https:\/\/speyer24news.com\/wp-content\/uploads\/2019\/04\/DSC01354.jpg\" alt=\"\" class=\"wp-image-12040\" srcset=\"https:\/\/speyer24news.com\/wp-content\/uploads\/2019\/04\/DSC01354.jpg 800w, https:\/\/speyer24news.com\/wp-content\/uploads\/2019\/04\/DSC01354-300x220.jpg 300w, https:\/\/speyer24news.com\/wp-content\/uploads\/2019\/04\/DSC01354-768x564.jpg 768w, https:\/\/speyer24news.com\/wp-content\/uploads\/2019\/04\/DSC01354-80x60.jpg 80w\" sizes=\"(max-width: 800px) 100vw, 800px\" \/><figcaption>v.l.: Oberb\u00fcrgermeisterin Stefanie Seiler, Stadtimkerin Doris Hoffmann, Bibliothekarin Kerstin B\u00fcrger<\/figcaption><\/figure><\/div>\n\n\n\n<p>\u201eWir setzen uns in Speyer engagiert  f\u00fcr den Erhalt biologischer Vielfalt ein. Daher ist es uns ein  besonderes Anliegen bei Kindern schon von klein auf die Begeisterung f\u00fcr  die Natur zu wecken\u201c, sagt Oberb\u00fcrgermeisterin Stefanie  Seiler und freut sich dar\u00fcber, dass das beliebte Exkursionsprogramm  bereits zum achten Mal angeboten werden kann.<\/p>\n\n\n\n<p>In diesem Jahr stehen erneut  Exkursionen zu Wald, Weiher, Bach, Sandd\u00fcne und Wiese zur Auswahl. Auch  das Spezialangebot \u201e<strong>Von wegen prima Klima \u2013 Wald und Klimawandel<\/strong>\u201c f\u00fcr  <strong>Sch\u00fcler*innen der 7. bis 13. Klasse<\/strong> kann wieder gebucht  werden, ebenso wie die Exkursionen der Stadtimker zum Thema \u201e<strong>Rund um  die Honigbiene<\/strong>\u201c.<\/p>\n\n\n\n<div class=\"wp-block-image\"><figure class=\"aligncenter\"><img decoding=\"async\" loading=\"lazy\" width=\"640\" height=\"480\" src=\"https:\/\/speyer24news.com\/wp-content\/uploads\/2019\/04\/DSC06591.jpg\" alt=\"\" class=\"wp-image-12042\" srcset=\"https:\/\/speyer24news.com\/wp-content\/uploads\/2019\/04\/DSC06591.jpg 640w, https:\/\/speyer24news.com\/wp-content\/uploads\/2019\/04\/DSC06591-300x225.jpg 300w, https:\/\/speyer24news.com\/wp-content\/uploads\/2019\/04\/DSC06591-326x245.jpg 326w, https:\/\/speyer24news.com\/wp-content\/uploads\/2019\/04\/DSC06591-80x60.jpg 80w\" sizes=\"(max-width: 640px) 100vw, 640px\" \/><figcaption>v.l.: Oberb\u00fcrgermeisterin stefanie Seiler und Stadtimkerin Doris Hoffmann vor einem Bienenvolk bei der Stadtg\u00e4rtnerei<\/figcaption><\/figure><\/div>\n\n\n\n<p>Begleitend zu den Exkursionsangeboten  bietet die <strong>Stadtbibliothek Speyer<\/strong> von April bis Juli in der Villa  Ecarius zu den \u00fcblichen \u00d6ffnungszeiten eine Ausstellung mit B\u00fcchern zu  den Lebensr\u00e4umen Wasser, Wald und Wiese, Bestimmungsliteratur  f\u00fcr Tiere und Pflanzen u.v.m. an.<\/p>\n\n\n\n<div class=\"wp-block-image\"><figure class=\"aligncenter\"><img decoding=\"async\" loading=\"lazy\" width=\"800\" height=\"600\" src=\"https:\/\/speyer24news.com\/wp-content\/uploads\/2019\/04\/DSC01351.jpg\" alt=\"\" class=\"wp-image-12043\" srcset=\"https:\/\/speyer24news.com\/wp-content\/uploads\/2019\/04\/DSC01351.jpg 800w, https:\/\/speyer24news.com\/wp-content\/uploads\/2019\/04\/DSC01351-300x225.jpg 300w, https:\/\/speyer24news.com\/wp-content\/uploads\/2019\/04\/DSC01351-768x576.jpg 768w, https:\/\/speyer24news.com\/wp-content\/uploads\/2019\/04\/DSC01351-678x509.jpg 678w, https:\/\/speyer24news.com\/wp-content\/uploads\/2019\/04\/DSC01351-326x245.jpg 326w, https:\/\/speyer24news.com\/wp-content\/uploads\/2019\/04\/DSC01351-80x60.jpg 80w\" sizes=\"(max-width: 800px) 100vw, 800px\" \/><figcaption>Begleitendes Angebot der Stadtbibliothek Speyer. B\u00fccher und DVD\u00b4s um das Thema<strong>\u201eNatur verbinden \u2013 Vielfalt erhalten\u201c<\/strong>  <\/figcaption><\/figure><\/div>\n\n\n\n<p>Am <strong>Sonntag, den 26.05.2019<\/strong>, von 14.00  bis 16.30 Uhr f\u00fchrt die <strong>Radtour <\/strong>\u201e<strong>Unterwegs mit den Augen der  (Wild)bienen<\/strong>\u201c zusammen mit den Stadtimkern, der Biologin Susanne  Mayrhofer und dem Seniortrainer Hans Wels zum Lehrbienenstand  nach Dudenhofen. In Zusammenarbeit mit dem Seniorenb\u00fcro Speyer findet  am <strong>Mittwoch, den 12.06.2019<\/strong>, von 10.00 bis 11.30 Uhr eine <strong>Exkursion f\u00fcr  Rollatorfahrer*innen<\/strong> zum Mittellacheweiher bei Schifferstadt statt.  Thema sind Weiher, Wald und Wegesrand als Standort  von Pflanzen, die in K\u00fcche, Volksmedizin, Hausbau und Zauberei vielfach  Verwendung fanden und auch heute noch genutzt werden.<\/p>\n\n\n\n<div class=\"wp-block-image\"><figure class=\"aligncenter\"><img decoding=\"async\" loading=\"lazy\" width=\"800\" height=\"600\" src=\"https:\/\/speyer24news.com\/wp-content\/uploads\/2019\/04\/Gew\u00e4ssererkundung-Sylvia-Kniffler.jpg\" alt=\"\" class=\"wp-image-12044\" srcset=\"https:\/\/speyer24news.com\/wp-content\/uploads\/2019\/04\/Gew\u00e4ssererkundung-Sylvia-Kniffler.jpg 800w, https:\/\/speyer24news.com\/wp-content\/uploads\/2019\/04\/Gew\u00e4ssererkundung-Sylvia-Kniffler-300x225.jpg 300w, https:\/\/speyer24news.com\/wp-content\/uploads\/2019\/04\/Gew\u00e4ssererkundung-Sylvia-Kniffler-768x576.jpg 768w, https:\/\/speyer24news.com\/wp-content\/uploads\/2019\/04\/Gew\u00e4ssererkundung-Sylvia-Kniffler-678x509.jpg 678w, https:\/\/speyer24news.com\/wp-content\/uploads\/2019\/04\/Gew\u00e4ssererkundung-Sylvia-Kniffler-326x245.jpg 326w, https:\/\/speyer24news.com\/wp-content\/uploads\/2019\/04\/Gew\u00e4ssererkundung-Sylvia-Kniffler-80x60.jpg 80w\" sizes=\"(max-width: 800px) 100vw, 800px\" \/><figcaption>Gew\u00e4ssererkundung <em>\u00a9<\/em> Sylvia Kniffler<\/figcaption><\/figure><\/div>\n\n\n\n<p>Organisiert wird der Speyerer Tag der  Artenvielfalt durch ein Team aus Mitarbeiter*innen der Stadt Speyer der  Stadtbibliothek und der Abteilung Umwelt &amp; Forsten sowie  Mitgliedern der Rucksackschule des Forstamtes Pf\u00e4lzer Rheinauen,  der Forschungswerkstatt Natur-Kunst-Technik e.V. und den Stadtimkern  Speyer.<\/p>\n\n\n\n<p>Das diesj\u00e4hrige <strong>Thema \u201eNatur verbinden \u2013 Vielfalt erhalten\u201c<\/strong> soll auf die zunehmende Verinselung von  Lebensr\u00e4umen hinweisen. Dieses Problem zeigt sich sowohl in den St\u00e4dten  als auch in ihrem Umland.<\/p>\n\n\n\n<div class=\"wp-block-image\"><figure class=\"aligncenter\"><img decoding=\"async\" loading=\"lazy\" width=\"800\" height=\"600\" src=\"https:\/\/speyer24news.com\/wp-content\/uploads\/2019\/04\/DSC02673.jpg\" alt=\"\" class=\"wp-image-12050\" srcset=\"https:\/\/speyer24news.com\/wp-content\/uploads\/2019\/04\/DSC02673.jpg 800w, https:\/\/speyer24news.com\/wp-content\/uploads\/2019\/04\/DSC02673-300x225.jpg 300w, https:\/\/speyer24news.com\/wp-content\/uploads\/2019\/04\/DSC02673-768x576.jpg 768w, https:\/\/speyer24news.com\/wp-content\/uploads\/2019\/04\/DSC02673-678x509.jpg 678w, https:\/\/speyer24news.com\/wp-content\/uploads\/2019\/04\/DSC02673-326x245.jpg 326w, https:\/\/speyer24news.com\/wp-content\/uploads\/2019\/04\/DSC02673-80x60.jpg 80w\" sizes=\"(max-width: 800px) 100vw, 800px\" \/><figcaption>Adenauerpark Speyer<\/figcaption><\/figure><\/div>\n\n\n\n<p>Innerst\u00e4dtisch f\u00fchrt der R\u00fcckgang von  Gr\u00fcn- und Gartenfl\u00e4chen nicht nur zu einer Verschlechterung des  Stadtklimas, sondern erschwert auch der heimischen Tierwelt das  \u00dcberleben. Je gr\u00f6\u00dfer das innerst\u00e4dtische Netz aus B\u00e4umen, Hecken,  G\u00e4rten, Parks, kleinen Gew\u00e4ssern, ungenutzten Randfl\u00e4chen usw. ist,  desto besser k\u00f6nnen sich V\u00f6gel, Insekten und andere tierische  Stadtbewohner mit Nahrung und Lebensraum versorgen. Ist die Wegstrecke  \u00fcber Beton und Asphalt zu gro\u00df, werden isolierte Gr\u00fcninseln  nicht mehr aufgesucht. Stadtgr\u00fcn geht nicht nur in der Gesamtfl\u00e4che  zur\u00fcck sondern verliert auch an Qualit\u00e4t, insbesondere an Artenvielfalt.<\/p>\n\n\n\n<p>Auch im Umland f\u00fchrt die Umnutzung  von Fl\u00e4chen zur Verinselung von Lebensr\u00e4umen. Feldg\u00e4rten und  Streuobstwiesen werden aufgegeben. Es entstehen neue Wohn- und  Gewerbegebiete am Stadtrand. Stra\u00dfen, Wege und Freizeitst\u00e4tten werden  neu gebaut. Durch Intensivierung der Landwirtschaft, z.B. beim  Folienanbau, kann auch die Ackerlandschaft von der heimischen Tierwelt  immer weniger genutzt werden. \u00c4hnliche Effekte k\u00f6nnen St\u00f6rungen durch  intensive Freizeitnutzung haben. Auch hier ist es wichtig,  ein Netz aus Lebensraumbiotopen und dazwischenliegenden  Verbindungsstrukturen zu erhalten oder wiederherzustellen. Verinselung  bewirkt auch hier einen R\u00fcckgang der Artenvielfalt.<\/p>\n\n\n\n<div class=\"wp-block-image\"><figure class=\"aligncenter\"><img decoding=\"async\" loading=\"lazy\" width=\"800\" height=\"600\" src=\"https:\/\/speyer24news.com\/wp-content\/uploads\/2019\/04\/Sandd\u00fcnen-Susanne-Mayrhofer.jpg\" alt=\"\" class=\"wp-image-12046\" srcset=\"https:\/\/speyer24news.com\/wp-content\/uploads\/2019\/04\/Sandd\u00fcnen-Susanne-Mayrhofer.jpg 800w, https:\/\/speyer24news.com\/wp-content\/uploads\/2019\/04\/Sandd\u00fcnen-Susanne-Mayrhofer-300x225.jpg 300w, https:\/\/speyer24news.com\/wp-content\/uploads\/2019\/04\/Sandd\u00fcnen-Susanne-Mayrhofer-768x576.jpg 768w, https:\/\/speyer24news.com\/wp-content\/uploads\/2019\/04\/Sandd\u00fcnen-Susanne-Mayrhofer-678x509.jpg 678w, https:\/\/speyer24news.com\/wp-content\/uploads\/2019\/04\/Sandd\u00fcnen-Susanne-Mayrhofer-326x245.jpg 326w, https:\/\/speyer24news.com\/wp-content\/uploads\/2019\/04\/Sandd\u00fcnen-Susanne-Mayrhofer-80x60.jpg 80w\" sizes=\"(max-width: 800px) 100vw, 800px\" \/><figcaption>Sand\u00fcnen <em>\u00a9<\/em> Susanne Mayrhofer<\/figcaption><\/figure><\/div>\n\n\n\n<p>Die Exkursionen im Rahmen des  Speyerer Tags der Artenvielfalt f\u00fchren zu Lebensraumbiotopen in und um  Speyer, die Teil einer innerst\u00e4dtischen oder sogar \u00fcberregionalen  Biotopvernetzung sind.<\/p>\n\n\n\n<p>Herzlich eingeladen sind wieder  <strong>Speyerer Schulklassen aller Schularten von der 1. bis zur 13. Klasse<\/strong>,  <strong>Sch\u00fcler-AGs<\/strong> sowie <strong>alle Speyerer Kinder- und Jugendgruppen (ab 6 Jahre)<\/strong>.  Die teilnehmenden Klassen und Gruppen k\u00f6nnen im Zeitraum  von April bis Juni, an einem frei w\u00e4hlbaren Termin, einen der  verschiedenen Lebensr\u00e4ume unter die Lupe nehmen. Bei ihrer Artensuche  drau\u00dfen werden sie kostenlos von naturkundigen Fachleuten begleitet, die  die Organisator*innen auf Anfrage vermitteln.<\/p>\n\n\n\n<p><strong><em>Alle Angebote sind f\u00fcr die Teilnehmer kostenfrei<\/em><\/strong>, was durch die Unterst\u00fctzung der Stadt Speyer, der  Stadtwerkestiftung f\u00fcr erneuerbare Energie &amp; Umwelt sowie des  F\u00f6rdervereins Rucksackschule m\u00f6glich ist.<\/p>\n\n\n\n<div class=\"wp-block-image\"><figure class=\"aligncenter\"><img decoding=\"async\" loading=\"lazy\" width=\"800\" height=\"600\" src=\"https:\/\/speyer24news.com\/wp-content\/uploads\/2019\/04\/Pflanzenbestimmung-Susanne-Mayrhofer.jpg\" alt=\"\" class=\"wp-image-12047\" srcset=\"https:\/\/speyer24news.com\/wp-content\/uploads\/2019\/04\/Pflanzenbestimmung-Susanne-Mayrhofer.jpg 800w, https:\/\/speyer24news.com\/wp-content\/uploads\/2019\/04\/Pflanzenbestimmung-Susanne-Mayrhofer-300x225.jpg 300w, https:\/\/speyer24news.com\/wp-content\/uploads\/2019\/04\/Pflanzenbestimmung-Susanne-Mayrhofer-768x576.jpg 768w, https:\/\/speyer24news.com\/wp-content\/uploads\/2019\/04\/Pflanzenbestimmung-Susanne-Mayrhofer-678x509.jpg 678w, https:\/\/speyer24news.com\/wp-content\/uploads\/2019\/04\/Pflanzenbestimmung-Susanne-Mayrhofer-326x245.jpg 326w, https:\/\/speyer24news.com\/wp-content\/uploads\/2019\/04\/Pflanzenbestimmung-Susanne-Mayrhofer-80x60.jpg 80w\" sizes=\"(max-width: 800px) 100vw, 800px\" \/><figcaption>Pflanzenbestimmung <em>\u00a9<\/em> Susanne Mayerhofer<\/figcaption><\/figure><\/div>\n\n\n\n<p>Info-Faltbl\u00e4tter mit  Anmeldeformularen zum Speyerer Tag der Artenvielfalt liegen bei der  Stadtbibliothek Speyer sowie der Stadtverwaltung Speyer Abteilung Umwelt  und Forsten aus. Sie k\u00f6nnen bei  <a href=\"netzwerkumweltbildung.speyer@t-online.de\">netzwerkumweltbildung.speyer@t-online.de<\/a>  angefordert oder auf der <a href=\"http:\/\/ www.speyer.de\/artenvielfalt\">Homepage der Stadt Speyer<\/a> oder direkt hier heruntergeladen werden.<\/p>\n\n\n\n<div class=\"wp-block-file\"><a href=\"https:\/\/speyer24news.com\/wp-content\/uploads\/2019\/04\/TdA-Flyer-2019-Druckversion-190308.pdf\">Tag der Artenvielfalt &#8211; Flyer 2019 &#8211; Druckversion<\/a><a href=\"https:\/\/speyer24news.com\/wp-content\/uploads\/2019\/04\/TdA-Flyer-2019-Druckversion-190308.pdf\" class=\"wp-block-file__button\" download>Herunterladen<\/a><\/div>\n\n\n\n<p>Der Speyerer Tag der Artenvielfalt  geht zur\u00fcck auf eine Initiative des GEO-Verlages in Hamburg und fand  erstmalig 2003 statt. 2005 erhielt das Speyerer Konzept den  rheinland-pf\u00e4lzischen Umweltpreis. <\/p>\n\n\n\n<p>Der Speyerer Tag der Artenvielfalt  findet kontinuierlich alle 2 Jahre statt und erreicht eine gro\u00dfe  Teilnehmerzahl. 2017 waren auf 71 Exkursionen knapp 1400 Teilnehmer in  der Speyerer Natur unterwegs.<\/p>\n\n\n\n<p><strong>F\u00fcr R\u00fcckfragen:<\/strong><\/p>\n\n\n\n<p>Sandra Gehrlein \u2013 Stadt Speyer \/ Umwelt und Forsten<br>Tel: 06232-14 24 90, <a href=\"Sandra.Gehrlein@Stadt-Speyer.de\">Sandra.Gehrlein@Stadt-Speyer.de<\/a><\/p>\n\n\n\n<p>Susanne Mayrhofer \u2013 Netzwerk Umweltbildung Speyer-Rheinpfalz e.V.<br>Tel: 06232-81 50 321, <a href=\"netzwerkumweltbildung.speyer@t-online.de\">netzwerkumweltbildung.speyer@t-online.de<\/a><\/p>\n\n\n\n<p><strong>Weitere Informationen: <\/strong> <a rel=\"noreferrer noopener\" href=\"https:\/\/deref-web-02.de\/mail\/client\/SSosCYSuY2s\/dereferrer\/?redirectUrl=http%3A%2F%2Fwww.speyer.de%2Fartenvielfalt\" target=\"_blank\">www.speyer.de\/artenvielfalt<\/a> <\/p>\n\n\n\n<p><em>Stadt Speyer Foto: Speyer 24\/7 News bzw. siehe \u00a9<br>10.04.2019<\/em><\/p>\n","protected":false},"excerpt":{"rendered":"<div class=\"mh-excerpt\"><p>Aufruf an Schulen und Gruppen zur Teilnahme am diesj\u00e4hrigen Speyerer Tag der Artenvielfalt Speyer &#8211; Es ist wieder soweit: Von April bis Juni diesen Jahres k\u00f6nnen sich Kinder und Jugendliche mit fachkundiger Unterst\u00fctzung auf die <a class=\"mh-excerpt-more\" href=\"https:\/\/speyer24news.com\/?p=12037\" title=\"8. Speyerer Tag der Artenvielfalt 2019 \u201eNatur verbinden \u2013 Vielfalt erhalten\u201c\">[&#8230;]<\/a><\/p>\n<\/div>","protected":false},"author":3,"featured_media":12038,"comment_status":"open","ping_status":"open","sticky":false,"template":"","format":"standard","meta":{"_monsterinsights_skip_tracking":false,"_monsterinsights_sitenote_active":false,"_monsterinsights_sitenote_note":"","_monsterinsights_sitenote_category":0,"footnotes":""},"categories":[9],"tags":[],"aioseo_notices":[],"amp_enabled":true,"_links":{"self":[{"href":"https:\/\/speyer24news.com\/index.php?rest_route=\/wp\/v2\/posts\/12037"}],"collection":[{"href":"https:\/\/speyer24news.com\/index.php?rest_route=\/wp\/v2\/posts"}],"about":[{"href":"https:\/\/speyer24news.com\/index.php?rest_route=\/wp\/v2\/types\/post"}],"author":[{"embeddable":true,"href":"https:\/\/speyer24news.com\/index.php?rest_route=\/wp\/v2\/users\/3"}],"replies":[{"embeddable":true,"href":"https:\/\/speyer24news.com\/index.php?rest_route=%2Fwp%2Fv2%2Fcomments&post=12037"}],"version-history":[{"count":3,"href":"https:\/\/speyer24news.com\/index.php?rest_route=\/wp\/v2\/posts\/12037\/revisions"}],"predecessor-version":[{"id":12053,"href":"https:\/\/speyer24news.com\/index.php?rest_route=\/wp\/v2\/posts\/12037\/revisions\/12053"}],"wp:featuredmedia":[{"embeddable":true,"href":"https:\/\/speyer24news.com\/index.php?rest_route=\/wp\/v2\/media\/12038"}],"wp:attachment":[{"href":"https:\/\/speyer24news.com\/index.php?rest_route=%2Fwp%2Fv2%2Fmedia&parent=12037"}],"wp:term":[{"taxonomy":"category","embeddable":true,"href":"https:\/\/speyer24news.com\/index.php?rest_route=%2Fwp%2Fv2%2Fcategories&post=12037"},{"taxonomy":"post_tag","embeddable":true,"href":"https:\/\/speyer24news.com\/index.php?rest_route=%2Fwp%2Fv2%2Ftags&post=12037"}],"curies":[{"name":"wp","href":"https:\/\/api.w.org\/{rel}","templated":true}]}}