{"id":12056,"date":"2019-04-10T13:25:38","date_gmt":"2019-04-10T12:25:38","guid":{"rendered":"https:\/\/speyer24news.com\/?p=12056"},"modified":"2019-04-10T13:25:40","modified_gmt":"2019-04-10T12:25:40","slug":"vermisster-15-jaehriger-im-stadtgebiet-speyer-gesucht","status":"publish","type":"post","link":"https:\/\/speyer24news.com\/?p=12056","title":{"rendered":"Vermisster 15-J\u00e4hriger im Stadtgebiet Speyer gesucht"},"content":{"rendered":"<style type=\"text\/css\">\r\n\t.ads_top_disp{}\r\n\t.ads_top_corner_disp{ float:left; margin:0px 10px 10px 0px; }\r\n\t.ads_first_p_disp{}\r\n\t.ads_bottom_disp{}\r\n\t<\/style>\n<div class=\"wp-block-image\"><figure class=\"aligncenter\"><img decoding=\"async\" loading=\"lazy\" width=\"800\" height=\"566\" src=\"https:\/\/speyer24news.com\/wp-content\/uploads\/2019\/04\/SEK-am-09.04.19-in-SP-West.jpeg\" alt=\"\" class=\"wp-image-12057\" srcset=\"https:\/\/speyer24news.com\/wp-content\/uploads\/2019\/04\/SEK-am-09.04.19-in-SP-West.jpeg 800w, https:\/\/speyer24news.com\/wp-content\/uploads\/2019\/04\/SEK-am-09.04.19-in-SP-West-300x212.jpeg 300w, https:\/\/speyer24news.com\/wp-content\/uploads\/2019\/04\/SEK-am-09.04.19-in-SP-West-768x543.jpeg 768w\" sizes=\"(max-width: 800px) 100vw, 800px\" \/><figcaption>SEK sucht in Speyer-West nach einem vermissten und sperrt dazu eine Stra\u00dfe<\/figcaption><\/figure><\/div>\n\n\n\n<p><strong>Speyer &#8211; <\/strong>Am gestrigen Dienstag, dem 09.04.2019, suchten Polizeikr\u00e4fte zwischen 14:00 Uhr und 15:45 Uhr im Stadtgebiet Speyer nach einem vermissten Jugendlichen. <\/p>\n\n\n\n<p>Der 15-J\u00e4hrige aus einer Ortsgemeinde im Rhein-Pfalz-Kreis war zuvor von seinen Eltern als vermisst gemeldet worden. Da eine Bewaffnung des Vermissten nicht ausgeschlossen werden konnte, wurden neben einem Personensp\u00fcrhund auch Spezialkr\u00e4fte eingesetzt. <\/p>\n\n\n\n<p>Die intensiven Suchma\u00dfnahmen f\u00fchrten zun\u00e4chst nicht zum Auffinden des  Jugendlichen. Am fr\u00fchen Abend begab sich der 15-J\u00e4hrige schlie\u00dflich  selbstst\u00e4ndig zur Polizeiinspektion Speyer, nachdem er erfahren hatte,  dass nach ihm gesucht wurde. Er war wohl auf. Eine Waffe wurde bei ihm  nicht aufgefunden. Es bestand zu keinem Zeitpunkt eine Gefahr f\u00fcr die  Bev\u00f6lkerung.<\/p>\n\n\n\n<p><em>Text: Polizeipr\u00e4sidium Rheinpfalz Foto: privat<br>10.04.2019<\/em><\/p>\n","protected":false},"excerpt":{"rendered":"<div class=\"mh-excerpt\"><p>Speyer &#8211; Am gestrigen Dienstag, dem 09.04.2019, suchten Polizeikr\u00e4fte zwischen 14:00 Uhr und 15:45 Uhr im Stadtgebiet Speyer nach einem vermissten Jugendlichen. Der 15-J\u00e4hrige aus einer Ortsgemeinde im Rhein-Pfalz-Kreis war zuvor von seinen Eltern als <a class=\"mh-excerpt-more\" href=\"https:\/\/speyer24news.com\/?p=12056\" title=\"Vermisster 15-J\u00e4hriger im Stadtgebiet Speyer gesucht\">[&#8230;]<\/a><\/p>\n<\/div>","protected":false},"author":3,"featured_media":0,"comment_status":"open","ping_status":"open","sticky":false,"template":"","format":"standard","meta":{"_monsterinsights_skip_tracking":false,"_monsterinsights_sitenote_active":false,"_monsterinsights_sitenote_note":"","_monsterinsights_sitenote_category":0,"footnotes":""},"categories":[12],"tags":[102,213,855,856,6,96,618],"aioseo_notices":[],"amp_enabled":true,"_links":{"self":[{"href":"https:\/\/speyer24news.com\/index.php?rest_route=\/wp\/v2\/posts\/12056"}],"collection":[{"href":"https:\/\/speyer24news.com\/index.php?rest_route=\/wp\/v2\/posts"}],"about":[{"href":"https:\/\/speyer24news.com\/index.php?rest_route=\/wp\/v2\/types\/post"}],"author":[{"embeddable":true,"href":"https:\/\/speyer24news.com\/index.php?rest_route=\/wp\/v2\/users\/3"}],"replies":[{"embeddable":true,"href":"https:\/\/speyer24news.com\/index.php?rest_route=%2Fwp%2Fv2%2Fcomments&post=12056"}],"version-history":[{"count":1,"href":"https:\/\/speyer24news.com\/index.php?rest_route=\/wp\/v2\/posts\/12056\/revisions"}],"predecessor-version":[{"id":12058,"href":"https:\/\/speyer24news.com\/index.php?rest_route=\/wp\/v2\/posts\/12056\/revisions\/12058"}],"wp:attachment":[{"href":"https:\/\/speyer24news.com\/index.php?rest_route=%2Fwp%2Fv2%2Fmedia&parent=12056"}],"wp:term":[{"taxonomy":"category","embeddable":true,"href":"https:\/\/speyer24news.com\/index.php?rest_route=%2Fwp%2Fv2%2Fcategories&post=12056"},{"taxonomy":"post_tag","embeddable":true,"href":"https:\/\/speyer24news.com\/index.php?rest_route=%2Fwp%2Fv2%2Ftags&post=12056"}],"curies":[{"name":"wp","href":"https:\/\/api.w.org\/{rel}","templated":true}]}}