{"id":12250,"date":"2019-04-12T07:22:21","date_gmt":"2019-04-12T06:22:21","guid":{"rendered":"https:\/\/speyer24news.com\/?p=12250"},"modified":"2019-04-12T07:22:23","modified_gmt":"2019-04-12T06:22:23","slug":"polizeimeldungen-31","status":"publish","type":"post","link":"https:\/\/speyer24news.com\/?p=12250","title":{"rendered":"Polizeimeldungen"},"content":{"rendered":"<style type=\"text\/css\">\r\n\t.ads_top_disp{}\r\n\t.ads_top_corner_disp{ float:left; margin:0px 10px 10px 0px; }\r\n\t.ads_first_p_disp{}\r\n\t.ads_bottom_disp{}\r\n\t<\/style>\n<h2 class=\"wp-block-heading\">Polizeimeldungen vom Donnerstag (11.04.2019)<\/h2>\n\n\n\n<div class=\"wp-block-image\"><figure class=\"aligncenter\"><img decoding=\"async\" src=\"https:\/\/speyer24news.com\/wp-content\/uploads\/2019\/04\/Aktuelles-Polizeilogo-2.jpg\" alt=\"\" class=\"wp-image-12251\"\/><\/figure><\/div>\n\n\n\n<h4 class=\"wp-block-heading\">(Speyer) &#8211; Geldbeuteldiebstahl aus Handtasche<\/h4>\n\n\n\n<p>Die Gesch\u00e4digte befand sich am Mittwochnachmittag mit ihrem Ehemann in einem Schuhgesch\u00e4ft in Speyer. Ihre Handtasche hatte sie dabei zwischenzeitlich an ihren  Ehemann \u00fcbergeben. Dieser wurde irgendwann w\u00e4hrend des Aufenthalts im  Schuhgesch\u00e4ft von einer unbekannten Frau nach einem Schuhl\u00f6ffel gefragt.  Um ihr diesen zu reichen, musste sich der Ehemann kurz nach rechts  strecken, um diesen abzuh\u00e4ngen und an die Frau \u00fcberreichen zu k\u00f6nnen.  Diese Situation d\u00fcrfte die unbekannte Frau genutzt haben, um den  Geldbeutel unbemerkt aus der vom Ehemann \u00fcber den R\u00fccken getragenen  Handtasche zu entnehmen. Der entwendete Geldbeutel konnte sp\u00e4ter im  Radkorb eines umliegend abgestellten Fahrrads aufgefunden werden. Aus  dem Geldbeutel fehlte das darin befindlich Bargeld in H\u00f6he von 105 EUR. <\/p>\n\n\n\n<h4 class=\"wp-block-heading\">(Speyer) &#8211; Versuchter Enkeltrickbetrug, Anruf Falsche Polizeibeamte<\/h4>\n\n\n\n<p>Am Mittwoch kam es erneut zu mehreren Anrufen bei Privatpersonen aus  Speyer, bei welchen sich die Anrufer als vermeintliche  Familienangeh\u00f6rige bzw. Polizeibeamte ausgaben. Es wurde seitens der  Anrufer wie auch bereits zur\u00fcckliegend eine finanzielle Notsituation  bzw. ein Unfallgeschehen vorgebracht, welches eine kurzfristige  Zurverf\u00fcgungstellung eines Geldbetrages der Angerufenen erforderlich  mache. Von diesen ging jedoch keiner auf die Forderungen ein, sodass ein  diesen durch die Anrufe kein finanzieller Schaden entstanden ist.  Seitens der Polizei wird nochmals darauf hingewiesen, dass auf die  Forderungen solcher Anrufe nicht eingegangen werden sollte und die  Polizei niemals zu  derartigen finanziellen Verf\u00fcgungen am Telefon  auffordert. <\/p>\n\n\n\n<h4 class=\"wp-block-heading\">(Speyer) &#8211; Verletzter Leichtkraftfahrer<\/h4>\n\n\n\n<p>Ein 54j\u00e4hriger Leichtkraftradfahrer befuhr am Mittwochvormittag den Ziegelofenweg und \u00fcbersah  dabei einen von rechts aus der Stra\u00dfe Hinterm Esel auf den Ziegelofenweg  einbiegenden,  bevorrechtigten Pkw. Im Einm\u00fcndungsbereich kam es zum  Zusammensto\u00df der Fahrzeuge. Hierbei st\u00fcrzte der Zweiradfahrer und wurde  leicht verletzt. Eine Hinzuziehung des Rettungsdienstes war von dem  Zweiradfahrer jedoch nicht erw\u00fcnscht. <\/p>\n\n\n\n<h4 class=\"wp-block-heading\">(R\u00f6merberg) &#8211; Sachbesch\u00e4digung einer Wohnungst\u00fcr, Beleidigung<\/h4>\n\n\n\n<p>Ein  36J\u00e4hriger befand sich am Mittwochvormittag in seiner Wohnung, in der gerade  Handwerkerarbeiten durchgef\u00fchrt wurden. Er vernahm w\u00e4hrenddessen ein  Klingeln an seiner Wohnungst\u00fcr, auf welches er zun\u00e4chst nicht reagiert.  Kurz darauf vernahm er mehrere St\u00f6\u00dfe gegen seine Wohnungst\u00fcr. Als er  durch den T\u00fcrspion blickte, sah er seine 48j\u00e4hrige Nachbarin, welche  sich gerade von seiner T\u00fcr abwandte. Im Anschluss bemerkte er, dass die  Wohnungst\u00fcr nicht mehr richtig schloss und die Scharniere der T\u00fcrb\u00e4nder  besch\u00e4digt waren. Er nimmt an, dass sich die Nachbarin derart \u00fcber die  Handwerkerarbeiten \u00e4rgerte, dass sie gegen die T\u00fcr trat und diese  besch\u00e4digte. Die Beschuldigte wurde in ihrer Wohnung angetroffen und  durch die Polizeibeamten mit dem Vorwurf der Sachbesch\u00e4digung  konfrontiert. Zur Sache wollte sie sich jedoch nicht \u00e4u\u00dfern und brachte  vor, dass sie zuvor durch den Nachbar verbal beleidigt wurde. Aufgrund  der Angaben der Beschuldigten wurde auch gegen den 36J\u00e4hrigen ein  Strafverfahren eingeleitet. <\/p>\n\n\n\n<h4 class=\"wp-block-heading\">(Schifferstadt) &#8211; Kontrollma\u00dfnahmen der Polizei<\/h4>\n\n\n\n<p>\n Die Polizeiinspektion Schifferstadt setzte auch am Mittwoch ihre \nKontrollma\u00dfnahmen im Rahmen der Verkehrssicherheitswoche fort. Die \nGeschwindigkeit ist diesmal in der Woogstra\u00dfe in Neuhofen und in der \nSchlichtstra\u00dfe in Waldsee \u00fcberwacht worden. In der Woogstra\u00dfe gilt Tempo\n 30. Dort kam es zu 31 Geschwindigkeitsverst\u00f6\u00dfen. Die h\u00f6chste gemessene \nGeschwindigkeit lag bei 57 km\/h. Das zieht ein Bu\u00dfgeld in H\u00f6he von 100 \nEuro und einen Punkt nach sich.  In der Schlichtstra\u00dfe liegt die \nzul\u00e4ssige H\u00f6chstgeschwindigkeit zwar bei 50 km\/h. Dennoch sind dort 13 \n\u00dcberschreitungen festgestellt und geahndet worden. Der Schnellste wurde \nmit 74 km\/h gemessen. Das zieht ein Bu\u00dfgeld in H\u00f6he von 80 Euro und \neinen Punkt nach sich. In der Hochdorfer Stra\u00dfe in R\u00f6dersheim-Gronau \nhaben die Beamten ebenfalls eine Kontrollstelle eingerichtet. Hier \nmusste aber nur ein Versto\u00df wegen der Benutzung eines Mobiltelefons \ngeahndet werden (60 Euro, 1 Punkt). Geschwindigkeitsverst\u00f6\u00dfe wurden \nkeine festgestellt. <\/p>\n\n\n\n<h4 class=\"wp-block-heading\">(Schifferstadt \/ B\u00f6hl-Iggelheim) &#8211; Weitere Geschwindigkeitskontrollen durch die Polizei<\/h4>\n\n\n\n<p>Im Rahmen der Verkehrssicherheitswoche haben Beamte der  Polizeiinspektion Schifferstadt auch am Dienstag Laserkontrollen  durchgef\u00fchrt. Dieses Mal hatten sie sich die Burgstra\u00dfe in Schifferstadt  und die Ha\u00dflocher Stra\u00dfe in B\u00f6hl-Iggelheim vorgenommen. In beiden  Stra\u00dfen gilt Tempo 30. In Schifferstadt sind 16 Geschwindigkeitsverst\u00f6\u00dfe  festgestellt und geahndet worden. Der h\u00f6chste gemessene Wert lag dort  bei 55 km\/h. Das zieht ein Bu\u00dfgeld in H\u00f6he von 80 Euro und einen Punkt  nach sich. In B\u00f6hl-Iggelheim war der Schnellste mit 49 &#8222;Sachen&#8220;  unterwegs. Daf\u00fcr wurde ein Verwarnungsgeld in H\u00f6he von 35 Euro f\u00e4llig.  Insgesamt sind in B\u00f6hl-Iggelheim 32 Geschwindigkeitsverst\u00f6\u00dfe registriert  worden. <\/p>\n\n\n\n<h4 class=\"wp-block-heading\">(Mutterstadt) &#8211; Unfallflucht \/ Polizei sucht Gesch\u00e4digten<\/h4>\n\n\n\n<p>Am Mittwochmorgen gegen 09:20 Uhr hat eine Autofahrerin vermutlich  einen in der Speyerer Stra\u00dfe geparkten Pkw gestreift. Die Frau hat ein  Ger\u00e4usch geh\u00f6rt, angehalten und umgedreht. Bei den Fahrzeugen, die sie  \u00fcberpr\u00fcft hat, hatte sie keine Sch\u00e4den festgestellt. Allerdings konnte  sie die Unfall\u00f6rtlichkeit nicht mehr genau benennen. Am rechten  Au\u00dfenspiegel ihres Fahrzeugs waren jedoch rote Lackanhaftungen zu sehen.  Sie hat den Unfall dann sp\u00e4ter selbst bei der Polizei gemeldet. Die  Polizei sucht nun ein vermutlich rotes Fahrzeug, das einen  korrespondierenden Streifschaden aufweist. Der oder die Gesch\u00e4digte wird  gebeten, sich mit der Polizei Schifferstadt unter 06235 495-0 oder <a href=\"mailto:pischifferstadt@polizei.rlp.de\">pischifferstadt@polizei.rlp.de<\/a> in Verbindung zu setzen. <\/p>\n\n\n\n<h4 class=\"wp-block-heading\">(Mutterstadt) &#8211; Unfall mit anschlie\u00dfender Auseinandersetzung<\/h4>\n\n\n\n<p>Am Dienstagvormittag gegen 10:30 Uhr kam es im Medardusring zu einem  Verkehrsunfall, der schnell eskalierte. Zwei hintereinander fahrende Pkw  sind zusammengesto\u00dfen. Die Aussagen der beiden unfallbeteiligten M\u00e4nner  (26 und 53 Jahre) beschrieben sehr unterschiedliche Unfallherg\u00e4nge. Der  26-j\u00e4hrige gab gegen\u00fcber der Polizei an, er sei von seinem Unfallgegner  von hinten gerammt worden. Der 53-j\u00e4hrige sagte hingegen aus, er sei  von dem 26-j\u00e4hrigen \u00fcberholt worden und dieser h\u00e4tte ihn dann derart  stark ausgebremst, dass er einen Unfall nicht mehr verhindern konnte.  Nachdem es zu dem Zusammensto\u00df gekommen war, gingen sich die  Fahrzeuginsassen k\u00f6rperlich an. Dabei war auch ein Messer im Spiel,  allerdings gehen auch hier die Schilderungen weit auseinander. W\u00e4hrend  eine zuf\u00e4llig vorbeigekommene Streife der Polizei den Sachverhalt  aufnahm, kamen noch unbeteiligte Personen hinzu. Zwischen diesen  Personen und dem 26-j\u00e4hrigen Autofahrer entwickelte sich ein  Streitgespr\u00e4ch, das in einer k\u00f6rperlichen Auseinandersetzung endete. Die  Polizisten mussten die Personen voneinander trennen, um die  Auseinandersetzung zu beenden. Mehrere Polizeibeamte waren zum Schluss  vor Ort, um die Situation zu beruhigen. Es werden nun umfangreiche  Ermittlungen angestellt, um zu kl\u00e4ren, was genau geschehen ist. Es  stehen zurzeit mehrere Straftatbest\u00e4nde im Raum, u.a. der gef\u00e4hrliche  Eingriff in den Stra\u00dfenverkehr und die gef\u00e4hrliche K\u00f6rperverletzung.  Zeugen, die dabei helfen k\u00f6nnen, den Sachverhalt aufzuhellen, werden  gebeten, sich mit der Polizeiinspektion Schifferstadt unter 06235 495-0  oder <a href=\"mailto:pischifferstadt@polizei.rlp.de\">pischifferstadt@polizei.rlp.de<\/a> in Verbindung zu setzen. <\/p>\n\n\n\n<h4 class=\"wp-block-heading\">(Germersheim) &#8211; &#8222;Laser-Eins\u00e4tze&#8220; in Germersheim<\/h4>\n\n\n\n<p>Am 10.04.19 von etwa 11:00 Uhr bis 12:15 Uhr wurden durch Beamte der  Polizeiinspektion Germersheim Geschwindigkeitsmessungen in der  August-Keiler-Stra\u00dfe durchgef\u00fchrt. Von etwa 60 &#8222;gelaserten&#8220; Fahrzeugen  waren 16 zu schnell unterwegs. Der &#8222;Spitzenreiter&#8220; brachte es bei  erlaubten 30 auf &#8222;stattliche&#8220; 54 km\/h. Den Autofahrer erwartet nun eine  Ordnungswidrigkeitenanzeige. Au\u00dferdem wurden durch die Polizisten f\u00fcnf  M\u00e4ngelberichte f\u00fcr PKW und zwei M\u00e4ngelberichte f\u00fcr LKW ausgestellt. Ein  nunmehr digitales Verwarnungsgeld in H\u00f6he von 30 EUR musste ein weiterer  LKW-Fahrer begleichen, da er ohne Gurt unterwegs war. <\/p>\n\n\n\n<p>Von etwa  12:30 &#8211; 13:00 Uhr wurden zudem Geschwindigkeitskontrollen Am alten Hafen  durchgef\u00fchrt. Hierbei kam es bei etwa 35 gemessenen Fahrzeugen  lediglich zu drei Geschwindigkeitsverst\u00f6\u00dfen. Auch hier sind 30 km\/h  erlaubt. Der z\u00fcgigste Germersheimer erh\u00f6hte um 17 und wurde wegen 47  km\/h ordnungswidrig verwarnt. Weiterhin ergaben sich ein Versto\u00df wegen  unerlaubter Handynutzung am Steuer sowie ein Versto\u00df wegen mangelhafter  Kindersicherung. <\/p>\n\n\n\n<h4 class=\"wp-block-heading\">(W\u00f6rth) &#8211; Unter BTM Einfluss unterwegs<\/h4>\n\n\n\n<p>Mit einem positiven Test auf Bet\u00e4ubungsmittel fiel ein  Fahrzeugf\u00fchrer der Polizei am 10.04.2019 um 01:30 Uhr in der  Hanns-Martin-Schleyer Stra\u00dfe auf. Zudem wurden bei dem 22-j\u00e4hrigen  franz\u00f6sischen Verkehrsteilnehmer auch diverse Utensilien zum Konsum von  Bet\u00e4ubungsmitteln aufgefunden.<\/p>\n\n\n\n<h4 class=\"wp-block-heading\">(Freckenfeld) &#8211; Mit dem Auto den Sportplatz besch\u00e4digt<\/h4>\n\n\n\n<div class=\"wp-block-image\"><figure class=\"aligncenter\"><img decoding=\"async\" loading=\"lazy\" width=\"800\" height=\"631\" src=\"https:\/\/speyer24news.com\/wp-content\/uploads\/2019\/04\/09.04.19-Freckenfeld-Sportplatz-SB.jpg\" alt=\"\" class=\"wp-image-12252\" srcset=\"https:\/\/speyer24news.com\/wp-content\/uploads\/2019\/04\/09.04.19-Freckenfeld-Sportplatz-SB.jpg 800w, https:\/\/speyer24news.com\/wp-content\/uploads\/2019\/04\/09.04.19-Freckenfeld-Sportplatz-SB-300x237.jpg 300w, https:\/\/speyer24news.com\/wp-content\/uploads\/2019\/04\/09.04.19-Freckenfeld-Sportplatz-SB-768x606.jpg 768w\" sizes=\"(max-width: 800px) 100vw, 800px\" \/><figcaption>Sportplatz 1<\/figcaption><\/figure><\/div>\n\n\n\n<p>Ein unbekannter T\u00e4ter fuhr in der Nacht auf den 09.04.2019  mit seinem Fahrzeug auf den Sportplatz und drehte mehrere Runden auf  der Rasenfl\u00e4che. Hierdurch wurde der Rasen erheblich besch\u00e4digt.  <\/p>\n\n\n\n<h4 class=\"wp-block-heading\">(D\u00f6rrenbach) &#8211; 6-J\u00e4hriger leichtverletzt<\/h4>\n\n\n\n<p>Am Mittwoch, 10.04.2019, gegen 13:20 Uhr, kam es in der \u00dcbergasse zu  einem Verkehrsunfall. Ein 6-j\u00e4hriges Kind rannte aus einer kleinen Gasse  auf die Stra\u00dfe und prallte gegen einen vorbeifahrenden Pkw. Der Junge  erlitt gl\u00fccklicherweise nur leichte Verletzungen am Fu\u00df und wurde zur  weiteren Untersuchung in ein Krankenhaus verbracht. Ein Sachschaden  entstand bei dem Unfall nicht. <\/p>\n\n\n\n<h4 class=\"wp-block-heading\">(Landau) &#8211; Demonstrationsgeschehen am Rande der Agrarministerkonferenz verl\u00e4uft st\u00f6rungsfrei<\/h4>\n\n\n\n<p>Insgesamt machten etwa 1500 Personen von ihrem Versammlungsrecht  Gebrauch und demonstrierten am Donnerstag friedlich am Rande der Landauer Festhalle.  Bei einem der beiden Aufz\u00fcge durch das Stadtgebiet brachten die  Teilnehmer rund 80 Traktoren auf die Stra\u00dfe. <\/p>\n\n\n\n<h4 class=\"wp-block-heading\">(B 10 bei Landau) &#8211; Erneut Nachtfahrverbote ignoriert<\/h4>\n\n\n\n<p>Gleich bei allen drei LKW, die Donnerstagnacht (11.04.) zw. 01:30h und  02:45h auf der B10 bei LD-Godramstein durch die Polizei Edenkoben  kontrolliert wurden, konnten Verst\u00f6\u00dfe gegen das bestehende  Nachtfahrverbot festgestellt und sanktioniert werden. Keiner der  Lastz\u00fcge konnte eine Nachtfahrgenehmigung vorweisen und musste vor Ort  100 EUR Sicherheitsleistung (Bu\u00dfgeldverfahren) bezahlen; ebenfalls  wurden die Fahrer wieder zur\u00fcckgeschickt in Rtg. A65. <\/p>\n\n\n\n<h4 class=\"wp-block-heading\">(Bornheim) &#8211; Firmeneinbruch \/ Metall entwendet<\/h4>\n\n\n\n<p>Bisher unbekannte T\u00e4ter hebelten von Dienstag, den 09.04.2019 nach 16.00 Uhr  bis zum fr\u00fchen Mittwochmorgen eine massive Metallt\u00fcr einer Firma in der  Viehweide im Gewerbegebiet in Bornheim auf. Im Inneren der Werkshalle  entwendeten sie Metall und andere Werkzeuge. Spuren deuten darauf hin,  dass die T\u00e4ter das Diebesgut mit einem Fahrzeug abtransportierten. Die  Gesamtschadensh\u00f6he stand zum Zeitpunkt der Tatortaufnahme noch nicht  fest. Sie wird jedoch vom Firmenverantwortlichen auf mehrere hundert  Euro gesch\u00e4tzt. Zeugen werden gebeten sich mit der Kriminalinspektion  Landau unter Telefon: 06341-287-0 in Verbindung zu setzen. <\/p>\n\n\n\n<h4 class=\"wp-block-heading\">(Freimersheim) &#8211; Radfahrerin an Kreuzung gest\u00fcrzt<\/h4>\n\n\n\n<p>An der Kreuzung der L507 zur L540 bei Freimersheim st\u00fcrzte Mittwochmittag (10.04.) eine Radfahrerin und zog sich leichte Kopfverletzungen  zu. Die 40j\u00e4hrige Radlerin aus dem Kreis S\u00dcW befuhr als bevorrechtigte  die L540 und wurde von einem wartepflichtigen Transporter, der zun\u00e4chst  am Stopp-Schild der L507 hielt, \u00fcbersehen. Der Fahrer erkannte das  Fahrrad erst nachdem er angefahren war und bremste dann stark ab und  vermied so noch einen direkten Zusammensto\u00df. Auch die Radfahrerin  leitete eine Vollbremsung ein und st\u00fcrzte dabei \u00fcber ihren Lenker und  prallte mit dem Kopf gegen den Vorderreifen des Transporters.  Vorsorglich wurde sie durch das DRK vor Ort untersucht und versorgt. <\/p>\n\n\n\n<h4 class=\"wp-block-heading\">(Burrweiler) &#8211; Vorfahrt genommen mit 10.000EUR Sachschaden<\/h4>\n\n\n\n<p>Am Nachmittag (10.04.2019) kam es in der Weinstra\u00dfe in Burrweiler zu  einer Vorfahrtsmissachtung durch einen PKW Fahrer, in dessen Folge  gleich zwei weitere PKW mit einem Gesamtschaden von 10.000EUR besch\u00e4digt  wurden. Der 55j\u00e4hrige Fahrer aus dem Raum S\u00dcW fuhr aus Rtg. B\u00f6chingen  auf die L507 nach Landau auf und \u00fcbersah dort den bevorrechtigten  fahrenden PKW, der aus Richtung Hainfeld heranfuhr, und krachte in  dessen Seite. Die Wucht des Zusammensto\u00dfes schleuderte den getroffenen  PKW gegen einen dritten PKW, der arglos an der Haltelinie gegen\u00fcber des  Ritterhofes stand und besch\u00e4digte diesen ebenfalls noch. Zum Gl\u00fcck wurde  niemand verletzt! <\/p>\n\n\n\n<h4 class=\"wp-block-heading\">(Edesheim) &#8211; Sachbesch\u00e4digung<\/h4>\n\n\n\n<p>Unbekannte haben auf dem Au\u00dfengel\u00e4nde der Turnhalle der Grundschule (In  den Hinterwiesen) drei gelagerte Granulats\u00e4cke besch\u00e4digt und den  Inhalt gro\u00dffl\u00e4chig verteilt. Die Schadensh\u00f6he wird auf knapp 500.- Euro  beziffert. Von den Unbekannten fehlt jede Spur. Hinweise \u00fcber die T\u00e4ter  und den Vorfall nimmt die Polizei in Edenkoben unter Tel 06323 9550  entgegen. <\/p>\n\n\n\n<h4 class=\"wp-block-heading\">(Edenkoben) &#8211; Mit Kleidungsst\u00fccken gefl\u00fcchtet<\/h4>\n\n\n\n<p>Eine ca. 25 Jahre alte, schwarz bekleidete und stark geschminkte Frau  mit langen schwarzen Haaren nahm gestern Abend von einem  Kleidungsst\u00e4nder eines Bekleidungsgesch\u00e4fts in der Luitpoldstra\u00dfe  mehrere Kleidungsst\u00fccke an sich und fl\u00fcchtete ohne zu bezahlen. Sie  stieg in ein dunkles Fahrzeug ein, das unmittelbar vor dem Gesch\u00e4ft  geparkt war. Der Fahrer fuhr anschlie\u00dfend mit hoher Geschwindigkeit vom  Parkplatz in die Luitpoldstra\u00dfe, wobei es zu einer gef\u00e4hrlichen  Situation mit einem querenden Fu\u00dfg\u00e4nger kam. Mit hoher Geschwindigkeit  raste er unter Missachtung der roten Ampel an der Einm\u00fcndung  Luitpoldstra\u00dfe\/Staatsstra\u00dfe in Richtung Landau davon. Bei dem  unbekannten Fahrer soll es sich um einen ca. 30-j\u00e4hrigen Mann gehandelt  haben, der dunkle lange Haare, einen Bart sowie einen dunklen langen  Mantel trug. Neben dem gef\u00e4hrdeten Fu\u00dfg\u00e4nger sucht die Polizei  Verkehrsteilnehmer, die insbesondere wegen des Rotlichtversto\u00dfes des  Unbekannten gef\u00e4hrdet worden sind. Diese werden gebeten, sich mit der  Polizei Edenkoben unter der Telefonnummer 06323 9550 oder per E-Mail an <a href=\"mailto:piedenkoben@polizei.rlp.de\">piedenkoben@polizei.rlp.de<\/a> in Verbindung zu setzen. <\/p>\n\n\n\n<h4 class=\"wp-block-heading\">(Neustadt) &#8211; Kriminalpolizei Neustadt warnt: Support-Anrufe angeblicher Microsoft-Mitarbeiter<\/h4>\n\n\n\n<div class=\"wp-block-image\"><figure class=\"aligncenter\"><img decoding=\"async\" src=\"https:\/\/speyer24news.com\/wp-content\/uploads\/2019\/04\/Cybercrime.jpg\" alt=\"\" class=\"wp-image-12254\"\/><\/figure><\/div>\n\n\n\n<p>Nachdem am Donnerstag bei der Kriminalpolizei Neustadt Hinweise auf Anrufe von  Personen eingegangen sind, die sich als angebliche Microsoft-Mitarbeiter  ausgeben haben, warnt die Kriminalpolizei noch einmal nachdr\u00fccklich vor  dieser Betrugsmasche. Die Betr\u00fcger geben sich am Telefon als  Microsoft-Mitarbeiter aus und behaupten, der Rechner des Nutzers sei von  Viren befallen oder ben\u00f6tige ein dringendes Update, um eine  Sicherheitsl\u00fccke zu schlie\u00dfen. Sie bieten Software an, die es ihnen  angeblich erm\u00f6gliche, das Problem sofort und online zu beseitigen. Im  Zuge der Installation der angeblichen Fernwartungssoftware wird  allerdings Schadsoftware auf den Rechner gespielt, \u00fcber die die Betr\u00fcger  auf den PC zugreifen und Daten aussp\u00e4hen oder den PC komplett sperren  k\u00f6nnen und dann anbieten, diesen erst nach Zahlung eines L\u00f6segeldes  wieder freizugeben. Die Kriminalpolizei empfiehlt, bei Anrufen  angeblicher Microsoft-Mitarbeiter ohne erkennbaren Anlass misstrauisch  zu sein und sich keinesfalls auf ein Gespr\u00e4ch einzulassen, sondern das  Gespr\u00e4ch zu beenden. Keinesfalls sollten pers\u00f6nliche Daten preisgegeben  werden. PC-Nutzer, die auf Verlangen der Anrufer bereits Software auf  ihrem Rechner installiert haben, sollten den Computer sofort vom  Internet trennen und von einem PC-Experten \u00fcberpr\u00fcfen lassen. Es ist  auch ratsam, die Hausbank zu informieren und gegebenenfalls das  Online-Banking vorsichtshalber sperren zu lassen beziehungsweise die  Zugangsdaten zu \u00e4ndern. Betroffene sollten sich au\u00dferdem unverz\u00fcglich an  ihre Polizeidienststelle wenden. <\/p>\n\n\n\n<h4 class=\"wp-block-heading\">(Neustadt) &#8211; Mit LKW-Auflieger Pkw besch\u00e4dig und weggefahren<\/h4>\n\n\n\n<div class=\"wp-block-image\"><figure class=\"aligncenter\"><img decoding=\"async\" loading=\"lazy\" width=\"800\" height=\"538\" src=\"https:\/\/speyer24news.com\/wp-content\/uploads\/2019\/04\/10.04.19-NW-VUF.jpg\" alt=\"\" class=\"wp-image-12253\" srcset=\"https:\/\/speyer24news.com\/wp-content\/uploads\/2019\/04\/10.04.19-NW-VUF.jpg 800w, https:\/\/speyer24news.com\/wp-content\/uploads\/2019\/04\/10.04.19-NW-VUF-300x202.jpg 300w, https:\/\/speyer24news.com\/wp-content\/uploads\/2019\/04\/10.04.19-NW-VUF-768x516.jpg 768w\" sizes=\"(max-width: 800px) 100vw, 800px\" \/><figcaption>Pressebericht<\/figcaption><\/figure><\/div>\n\n\n\n<p>Beim Abbiegen fuhr Mittwochmorgen ein 59-j\u00e4hriger Lkw-Fahrer in der  Stra\u00dfe Am Stecken mit seinem Auflieger an einen geparkten Pkw. Hierbei  wurde der vordere rechte Kotfl\u00fcgel sowie der Aussenspiegel besch\u00e4digt.  Der Halter des geparkten Fahrzeugs h\u00f6rte den Zusammensto\u00df und konnte der  Polizei das Kennzeichen des Aufliegers mitteilen. Die Ermittlungen  f\u00fchrten zu dem 59-J\u00e4hrigen aus Gau-Bickelheim. Der Schaden betr\u00e4gt ca.  1000 Euro. <\/p>\n\n\n\n<h4 class=\"wp-block-heading\">(Lambrecht) &#8211; Tierhalterin beleidigt Amts\u00e4rztin und streubt sich gegen Festhalten<\/h4>\n\n\n\n<p>Durch einen Beschlu\u00df des Amtsgerichts Bad D\u00fcrkheim wurde am Mittwoch in der Verbandsgemeinde Lambrecht einer Tierhalterin das Halten von ca. 60 Tieren untersagt, darunter Pferde, Schafe und Gefl\u00fcgel. Die Tiere wurden wegen nicht artgerechter Haltung in Obhut genommen. Die zust\u00e4ndige Veterin\u00e4r\u00e4rztin wurde zun\u00e4chst von der Halterin beleidigt und dann mit  einem ca. 80cm langen Aluminiumrohr angegriffen. Die anwesenden Polizeibeamten konnten den Angriff unterbrechen und die Frau festhalten. Hierbei trat sie einem Beamten ans Bein und beleidigte den zweiten Beamten. Sie wurde anschlie\u00dfend \u00e4rztlich versorgt. <\/p>\n\n\n\n<h4 class=\"wp-block-heading\">(Ha\u00dfloch) &#8211; Verkehrsunfallflucht \/ Zeugen gesucht<\/h4>\n\n\n\n<p>Am Dienstag, den 09.04.2019, ereignete sich in der Zeit zwischen 10.30  Uhr und 11.00 Uhr eine Verkehrsunfallflucht in der Moltkestra\u00dfe. Hierbei  stie\u00df ein silberner Personenkraftwagen der Marke Ford mit dem amtlichen  Kennzeichen: D\u00dcW-CH ??? beim Vorbeifahren gegen den Au\u00dfenspiegel eines  geparkten Personenkraftwagens und entfernte sich anschlie\u00dfend unerlaubt  von der Unfallstelle. Es entstand Sachschaden in H\u00f6he von 350,- Euro. <\/p>\n\n\n\n<p>Zeugen werden gebeten, sich an die Polizeiinspektion Ha\u00dfloch, Tel. 06324\/933-0, Fax 06324\/933120, email: <a href=\"mailto:pihassloch@polizei.rlp.de\">pihassloch@polizei.rlp.de<\/a>, zu  wenden. <\/p>\n\n\n\n<h4 class=\"wp-block-heading\">(Bad D\u00fcrkheim) &#8211; Fund einer 50 kg Fliegerbombe<\/h4>\n\n\n\n<p>Am Donnerstag Vormittag wurde die Polizei durch die Stadtverwaltung Bad  D\u00fcrkheim \u00fcber den Fund einer Fliegerbombe in Bad D\u00fcrkheim im Bereich  Holzweg informiert. Eine Entsch\u00e4rfung ist f\u00fcr den Samstag Vormittag  terminiert. N\u00e4here Informationen erhalten Sie durch die Stadtverwaltung  Bad D\u00fcrkheim. <\/p>\n\n\n\n<h4 class=\"wp-block-heading\">(Gr\u00fcnstadt) &#8211; Fahrt unter Drogeneinwirkung<\/h4>\n\n\n\n<p>Am Donnerstag, 11.04.2019 gegen 12:20 Uhr wurde ein 21-j\u00e4hriger  Pkw-F\u00fchrer in der Obers\u00fclzer Stra\u00dfe in Gr\u00fcnstadt einer Verkehrskontrolle  unterzogen. Durch die Beamten konnten bei dem Mann drogentypische  Auffallerscheinungen festgestellt werden. Ein anschlie\u00dfender  Drogenschnelltest verlief positiv auf THC. Dem Mann wurde die  Weiterfahrt untersagt, seine Fahrzeugschl\u00fcssel wurden sichergestellt und  ihm wurde eine Blutprobe entnommen. <\/p>\n\n\n\n<h4 class=\"wp-block-heading\">(Frankenthal) &#8211; Verkehrsunfallflucht<\/h4>\n\n\n\n<p>Der Gesch\u00e4digte stellt seinen Pkw Audi A4 in der Zeit von 09.04.2019,  18.15 Uhr, bis 10.04.2019, 15.00 Uhr, in der Hauptstra\u00dfe ab. Als er  wieder zu seinem Fahrzeug kommt, muss er feststellen, dass ein bislang  unbekannter Fahrzeugf\u00fchrer dieses am linken vorderen Radkasten  besch\u00e4digt hat. Der Schaden wird auf etwa 500 Euro gesch\u00e4tzt. <\/p>\n\n\n\n<p>Wer\n sachdienliche Hinweise zu dem genannten Fall geben kann, wird gebeten \nsich mit der Polizeiinspektion Frankenthal unter der Rufnummer \n06233\/313-0 oder der Polizeiwache Maxdorf unter der Rufnummer \n06237\/934-100 in Verbindung zu setzen. Hinweise k\u00f6nnen auch per E-Mail \nunter <a href=\"mailto:pifrankenthal@polizei.rlp.de\">pifrankenthal@polizei.rlp.de<\/a> an die Polizei \u00fcbermittelt werden. <\/p>\n\n\n\n<h4 class=\"wp-block-heading\">(Frankenthal) &#8211; Rollerdiebstahl<\/h4>\n\n\n\n<p>Der Motorroller Peugeot des Gesch\u00e4digten wird am 10.04.2019, gegen  12.30 Uhr, noch in der Flomersheimer Stra\u00dfe, H\u00f6he Hausnummer 16, durch  ihn gesehen. Als er um 17.00 Uhr nochmals zu seinem Roller geht, muss er  feststellen, dass dieser durch bislang unbekannte T\u00e4ter entwendet  wurde. Der Schaden wird auf etwa 700 Euro gesch\u00e4tzt. <\/p>\n\n\n\n<p>Wer \nsachdienliche Hinweise zu dem genannten Fall geben kann, wird gebeten \nsich mit der Polizeiinspektion Frankenthal unter der Rufnummer \n06233\/313-0 oder der Polizeiwache Maxdorf unter der Rufnummer \n06237\/934-100 in Verbindung zu setzen. Hinweise k\u00f6nnen auch per E-Mail \nunter <a href=\"mailto:pifrankenthal@polizei.rlp.de\">pifrankenthal@polizei.rlp.de<\/a> an die Polizei \u00fcbermittelt werden. <\/p>\n\n\n\n<h4 class=\"wp-block-heading\">(Frankenthal) &#8211; Sachbesch\u00e4digung an Pkw<\/h4>\n\n\n\n<p>Der Gesch\u00e4digte stellt seinen Pkw Opel Vectra am 10.04.2019, in der  Zeit von 07.30 Uhr bis 09.30 Uhr, im Meergartenweg, H\u00f6he Hausnummer 1,  ab. Als er wieder zu seinem Fahrzeug kommt, muss er feststellen, dass  dieses am rechten vorderen Kotfl\u00fcgel zerkratzt wurde. Der Schaden wird  auf etwa 500 Euro gesch\u00e4tzt. <\/p>\n\n\n\n<p>Wer sachdienliche Hinweise zu dem  genannten Fall geben kann, wird gebeten sich mit der Polizeiinspektion  Frankenthal unter der Rufnummer 06233\/313-0 oder der Polizeiwache  Maxdorf unter der Rufnummer 06237\/934-100 in Verbindung zu setzen.  Hinweise k\u00f6nnen auch per E-Mail unter <a href=\"mailto:pifrankenthal@polizei.rlp.de\">pifrankenthal@polizei.rlp.de<\/a> an die Polizei \u00fcbermittelt werden. <\/p>\n\n\n\n<h4 class=\"wp-block-heading\">(Ludwigshafen) &#8211; Schl\u00e4gerei an der Rheinschanzenpromenade<\/h4>\n\n\n\n<p>Am 10.04.2019 gegen 20:45 Uhr wurde durch ein Zeuge \u00fcber Notruf der  Polizei mitgeteilt, dass sich unter der Konrad-Adenauer-Br\u00fccke im  Bereich der Rheinschanzenpromenade mehrere M\u00e4nner pr\u00fcgeln w\u00fcrden. Als  die Polizeibeamten ankamen, trafen sie einen 26-J\u00e4hrigen und einen  61-J\u00e4hrigen an und sahen, wie zwei M\u00e4nner auf Fahrr\u00e4dern in Richtung  Ostasieninstitut fl\u00fcchteten. Im Bereich der Roonstra\u00dfe konnten die  beiden 24- und 25-J\u00e4hrigen angehalten und kontrolliert werden. Der  24-J\u00e4hrige verhielt sich aggressiv und unkooperativ. Als die  Polizeibeamten beide mit zur Dienststelle nehmen wollten, musste der  24-J\u00e4hrige sich vermutlich aufgrund seines Alkoholkonsums so schwer  \u00fcbergeben, dass er ins Krankenhaus gebracht wurde. Der 25-J\u00e4hrige wurde  mit zur Dienststelle genommen und nach Durchf\u00fchrung der polizeilichen  Ma\u00dfnahmen wieder entlassen. Der Tatablauf an der Rheinschanzenpromenade  stellt sich nach bisherigen Erkenntnissen so heraus, dass ein  26-J\u00e4hriger zusammen mit einem 61-J\u00e4hrigen und einem weiteren bisher  unbekannten Mann an den Treppen der Rheinschanzenpromenade waren als sie  von den 24- und 25-J\u00e4hrigen angesprochen und nach Zigaretten gefragt  worden seien. Daraufhin sei es zu einem verbalen Konflikt gekommen,  woraufhin der 24-J\u00e4hrige und der 25-J\u00e4hrige den bisher unbekannten Mann  geschlagen und getreten h\u00e4tten. Der 26-J\u00e4hrige und der 61-J\u00e4hrige seien  dazwischen gegangen, woraufhin der 26-J\u00e4hrige einen Faustschlag ins  Gesicht und der 61-J\u00e4hrige einen Schlag in den Bauch bekommen h\u00e4tten.   Der unbekannte Mann, der laut den Angaben des 26-J\u00e4hrigen und des  61-J\u00e4hrigen schwer verletzt sein m\u00fcsste, war nicht mehr vor Ort als die  Polizeibeamten eintrafen. Zeugen, die Angaben zu dem Vorfall und zu dem  bisher unbekannten Verletzten machen k\u00f6nnen, werden gebeten, sich bei  der Polizeiinspektion Ludwigshafen 1, Telefonnummer 0621 963-2122 oder  per e-Mail <a href=\"mailto:piludwigshafen1@polizei.rlp.de\">piludwigshafen1@polizei.rlp.de<\/a> zu melden. <\/p>\n\n\n\n<h4 class=\"wp-block-heading\">(Ludwigshafen) &#8211; B\u00fcrgerehrung<br>Belobigung 2019 Polizeipr\u00e4sident Thomas Ebling zeichnet B\u00fcrgerinnen und B\u00fcrger sowie Polizeibeamtinnen und Polizeibeamten aus<\/h4>\n\n\n\n<p>Am 10. April 2019 hat Polizeipr\u00e4sident Thomas Ebling in einem  feierlichen Rahmen \u00f6ffentlich den B\u00fcrgerpreis des Polizeipr\u00e4sidiums  Rheinpfalz verliehen und dar\u00fcber hinaus besondere Leistungen von  Polizeibeamtinnen und Polizeibeamten gew\u00fcrdigt. Im Sitzungssaal der  Verbandsgemeinde Leiningerland in Gr\u00fcnstadt wurden f\u00fcnf B\u00fcrgerinnen  und B\u00fcrger ausgezeichnet, die sich im Bereich des Polizeipr\u00e4sidiums  Rheinpfalz in Notlagen f\u00fcr andere Menschen eingesetzt, Schaden  abgewehrt und dadurch Schlimmeres verhindert haben. Neben der  B\u00fcrgerehrung belobigte Herr Ebling zwei Polizeibeamtinnen und zwei  Polizeibeamte. <\/p>\n\n\n\n<p>B\u00fcrgerehrungen im Rahmen des Festakts Geehrt wurde heute Frau Irene \nM\u00fcller aus Frankenthal. Sie reanimierte einen kleinen Jungen in \nFrankenthal. Am Sonntag, den 14. Januar 2018, gegen 18.15 Uhr \nerreichte ein Notruf die Polizeiinspektion Frankenthal, dass in der \nMartin-Schongauer-Stra\u00dfe in Frankenthal dringend ein Notarzt \nerforderlich sei. Der Rettungsdienst wurde umgehend informiert. Auch \neine Streife der Polizeiinspektion Frankenthal fuhr die \u00d6rtlichkeit \nschnellstm\u00f6glich an. Vor Ort fanden die Polizeibeamten folgendes Bild\nvor: Der erst 2 Jahre alte Sohn der dort wohnhaften Familie lag mit \nHerzproblemen auf dem Boden und wurde von Frau M\u00fcller reanimiert. \nDiese Ma\u00dfnahmen wurden von Frau M\u00fcller bis zum Eintreffen des \nRettungsdienstes fortgef\u00fchrt. Wie sich herausstellte leidet das \nKleinkind schon seit seiner Geburt an Herzproblemen und musste \nbereits zweimal operiert werden. Durch die schnelle und entschlossene\nHilfsbereitschaft konnte das Kind rechtzeitig wiederbelebt werden und\nin ein Krankenhaus gebracht werden. <\/p>\n\n\n\n<p>Herr Johannes Bruch aus Germersheim hielt einen R\u00e4uber nach einem \n\u00dcberfall auf einen Supermarkt in Bellheim fest. Am Freitag, den 04. \nMai 2018 gegen 15 Uhr meldet der Filialleiter des Netto Marktes in \nBellheim \u00fcber Notruf, dass gerade ein Raub\u00fcberfall stattfinde. Der \nT\u00e4ter sei derzeit an der Kasse und habe ein Messer in der Hand. Noch \nw\u00e4hrend des Gespr\u00e4ches teilte der Filialleiter mit, dass der T\u00e4ter \nnun aus dem Gesch\u00e4ft gerannt sei und in Richtung Kreisel an der \nPostgrabenstra\u00dfe laufe. Gleichzeitig erreichte ein zweiter Notruf die\nPolizei. Ein aufgeregter B\u00fcrger teilte mit, dass ein Passant, der den\nT\u00e4ter aus dem Netto Markt habe laufen sehen, diesem hinterhergeeilt \nsei und ihn aktuell auch festhalte. Die eingesetzten Streifen trafen \nunmittelbar danach an der \u00d6rtlichkeit ein und konnten den T\u00e4ter \nfestnehmen. Das Messer wurde sichergestellt. Herrn Bruchs \ncouragierten und \u00e4u\u00dferst mutigen Verhalten ist es zu verdanken, dass \nder T\u00e4ter festgenommen werden konnte. <\/p>\n\n\n\n<p>F\u00fcr einen vorbildlichen Einsatz erhielten Stevica Dokmanov, Gisela \nDokmanov aus Falkenstein und Tim Bedemann aus Bobenheim-Roxheim die \nheutige Ehrung. Am Sonntag, 16. September 2018, gegen 11 Uhr, wurde \nder Polizeiinspektion Frankenthal eine leblose Peron auf dem \nParkplatz des Kr\u00e4ppelweihers zwischen Frankenthal und \nBobenheim-Roxheim gemeldet. Beim Eintreffen der Streife und des \nRettungsdienstes wurde der 63 Jahre alte Mann aus Bobenheim-Roxheim \ndurch die geehrten Personen reanimiert und so ins Krankenhaus \ngebracht werden. <\/p>\n\n\n\n<p>Belobigung von Polizeibeamtinnen und Polizeibeamten Frau \nPolizeikommissarin Sarah Schreiner und Herr Polizeikommissar Andreas \nMut der Polizeiinspektion Gr\u00fcnstadt retteten am 04. April 2018 einen \nMann aus einer verqualmten Wohnung in Gr\u00fcnstadt. Frau Schreiner und \nHerr Mut wurden gegen 23 Uhr zu einer Wohnung in Gr\u00fcnstadt beordert. \nAus der Wohnung wurde starker Rauch gemeldet. Beim Eintreffen vor Ort\nbest\u00e4tigte sich die Rauchentwicklung. Kr\u00e4fte der Feuerwehr und des \nRettungsdienstes waren noch nicht vor Ort eingetroffen. Nach \nFeststellung der betreffenden Wohnung konnte durch Klingeln zun\u00e4chst \nkeine Reaktion des Wohnungsinhabers erreicht werden. Erst auf \nmehrfaches starkes Klopfen und lautes Rufen \u00f6ffnete der \nWohnungsinhaber die Wohnungst\u00fcr, ging aber in seine Wohnung, die zu \ndiesem Zeitpunkt stark verraucht war, zur\u00fcck. Die Polizeibeamten \ngingen in die zu diesem Zeitpunkt schon stark vernebelte Wohnung \nhinein. Herr Mut zog einen Topf mit verkohltem Essen vom Herd und \nstellte diesen in die Sp\u00fcle. In der Wohnung war durch die starke \nRauchentwicklung fast nichts mehr zu sehen. Beide fanden den \nWohnungsinhaber benommen in der Wohnung vor. Gemeinsam konnte sie ihn\nschlie\u00dflich nach drau\u00dfen in die Sicherheit begleiten. <\/p>\n\n\n\n<p>Frau Polizeikommissarin Lara Laub und Herr Polizeikommissar Simon \nDannheimer der Polizeiinspektion Frankenthal wurden am 22. Mai 2018, \naufgrund deren au\u00dfergew\u00f6hnlichen Einf\u00fchlungsverm\u00f6gen und couragierten\nEinsatz belobigt. Am Dienstag 22. Mai 2018 wurde durch die \nRettungsleitstelle der Polizeiinspektion Frankenthal mitgeteilt, dass\nein Mann mit stark blutenden Verletzungen beim Rettungsdient \nerschienen sei, sich \u00e4u\u00dferst aggressiv verhalten habe und nun \nweggelaufen sei. Die Person konnte schlie\u00dflich auf dem obersten \nPlateau eines hohen Geb\u00e4udes in Frankenthal gesichtet werden. Der \nMann reagierte auf eine Ansprache \u00e4u\u00dferst aggressiv und musste \nmehrmals beruhigt werden. Er wies stark blutende Wunden an den Armen \nvor und f\u00fcgte sich in Anwesenheit der Polizeibeamten mit einem Messer\nweitere Verletzungen zu. Anschlie\u00dfend holte er einen Dolch aus seinem\nmitgef\u00fchrten Rucksack und drohte an, diesen in seinen Bauch zu \nstechen.  Des Weiteren kletterte er \u00fcber die Br\u00fcstung und drohte an, \nzu springen. Nur durch gutes Zureden konnte er auch von diesem \nVorhaben abgebracht werden. Pl\u00f6tzlich und unerwartet kam er dann die \nTreppe runter und bat die Beamten um Hilfe. Auf diese Weise konnte \nder Mann \u00fcberw\u00e4ltigt werden. <\/p>\n\n\n\n<p>Die \u00f6ffentliche Verleihung des B\u00fcrgerpreises des Polizeipr\u00e4sidiums \nRheinpfalz erfolgte nun zum sechsten Mal. Unser Ziel ist es, Menschen\nzu motivieren, bei Straftaten und Notf\u00e4llen hinzuschauen, Hilfe zu \nrufen, sich um Opfer zu k\u00fcmmern oder sich als Zeuge zur Verf\u00fcgung zu \nstellen. <\/p>\n\n\n\n<p>Alle B\u00fcrgerinnen und B\u00fcrger sind unsere Partner f\u00fcr die \u00f6ffentliche \nSicherheit, als Nachbar, als Helfer in der Not oder als Zeuge einer \nStraftat. <\/p>\n\n\n\n<p>Wie dies gelingt, haben die heute Geehrten eindrucksvoll gezeigt. <\/p>\n\n\n\n<h4 class=\"wp-block-heading\">(Ludwigshafen) &#8211; Nachtragsmeldung zu der 79-j\u00e4hrigen Frau, die am 04.04.2019 am Bahnhof in Oggersheim verstorben ist<\/h4>\n\n\n\n<p>Bei der Obduktion am Mittwoch der am 04.04.2019 am Bahnhof in Oggersheim  verstorbenen 79-J\u00e4hrigen konnte als Todesursache ein inneres Verbluten  nach Sturz aus hoher H\u00f6he festgestellt werden. <\/p>\n\n\n\n<p>Aufgrund der Obduktion gab es keine Hinweise auf Fremdeinwirkung Dritter. <\/p>\n\n\n\n<h4 class=\"wp-block-heading\">(Ludwigshafen) &#8211; Diebstahl aus Auto<\/h4>\n\n\n\n<p>In der Zeit zwischen dem 09.04.2019 gegen 18:30 Uhr und dem 10.04.2019  gegen 09:00 Uhr stahlen unbekannte T\u00e4ter aus einem Skoda Octavia, der  &#8222;In den Hollerg\u00e4rten&#8220; stand, eine blaue Jacke, einen Kopfh\u00f6rer von Bose  sowie einen schwarzen Geldbeutel. Sachdienliche Hinweise bitte an die  Polizeiwache Oggersheim unter Tel. 0621 963 &#8211; 2403 oder per Mail <a href=\"mailto:pwoggersheim@polizei.rlp.de\">pwoggersheim@polizei.rlp.de<\/a>. <\/p>\n\n\n\n<h4 class=\"wp-block-heading\">(Ludwigshafen) &#8211; Unfall in der Rheing\u00f6nheimer Stra\u00dfe<\/h4>\n\n\n\n<p>Am 10.04.2019 gegen 06:40 Uhr fuhr eine 25-J\u00e4hrige mit ihrem Auto auf  der Rheing\u00f6nheimer Stra\u00dfe in Richtung Saarlandstra\u00dfe. Zur gleichen Zeit  fuhr ein 53-J\u00e4hriger mit seinem Leichtkraftrad auf der Rheing\u00f6nheimer  Stra\u00dfe in entgegengesetzter Richtung. Als die 25-J\u00e4hrige nach links in  die Wasgaustra\u00dfe abbiegen wollte, stie\u00df sie mit dem Leichtkraftradfahrer  zusammen. Der 53-J\u00e4hrige st\u00fcrzte daraufhin und verletzte sich. Er kam  ins Krankenhaus. Es entstand ein Sachschaden von etwa 3.000 Euro. <\/p>\n\n\n\n<h4 class=\"wp-block-heading\">(Mannheim) &#8211; Schwerverletzte Motorroller Fahrerin<\/h4>\n\n\n\n<p>Am Mittwoch, gegen 17.45 Uhr, befuhr eine 18-j\u00e4hrige mit einem  Motorroller den Luisenring in Richtung Altes Eisstadion. Kurz nach der  Einm\u00fcndung Dalbergstra\u00dfe wollte sie vom mittleren auf den linken  Fahrstreifen wechseln. Hierbei \u00fcbersah sie einen dort fahrenden VW-Golf  und kollidierte mit diesem und st\u00fcrzte. Durch den Sturz zog sie sich  eine Beinfraktur zu und wurde in ein Krankenhaus eingeliefert. Der  Golf-Fahrer wurde nicht verletzt. An den beiden Fahrzeugen entstand rund  2.000 Euro Sachschaden. Aus dem Motorroller traten Betriebsmittel aus,  weshalb die Fahrbahn gereinigt werden musste. Aufgrund der Sperrung des  linken Fahrstreifens bis 19.15 Uhr staute sich der Verkehr auf dem  Luisenring und in der Dahlbergstra\u00dfe, bzw. Jungbuschbr\u00fccke. <\/p>\n\n\n\n<h4 class=\"wp-block-heading\">(Mannheim \/ A 6) &#8211; Schwerpunktkontrollen &#8222;Gefahrguttransporte&#8220;<\/h4>\n\n\n\n<div class=\"wp-block-image\"><figure class=\"aligncenter\"><img decoding=\"async\" loading=\"lazy\" width=\"800\" height=\"600\" src=\"https:\/\/speyer24news.com\/wp-content\/uploads\/2019\/04\/10.04.19-MA-Gefahrgutkontrolle.jpg\" alt=\"\" class=\"wp-image-12255\" srcset=\"https:\/\/speyer24news.com\/wp-content\/uploads\/2019\/04\/10.04.19-MA-Gefahrgutkontrolle.jpg 800w, https:\/\/speyer24news.com\/wp-content\/uploads\/2019\/04\/10.04.19-MA-Gefahrgutkontrolle-300x225.jpg 300w, https:\/\/speyer24news.com\/wp-content\/uploads\/2019\/04\/10.04.19-MA-Gefahrgutkontrolle-768x576.jpg 768w, https:\/\/speyer24news.com\/wp-content\/uploads\/2019\/04\/10.04.19-MA-Gefahrgutkontrolle-678x509.jpg 678w, https:\/\/speyer24news.com\/wp-content\/uploads\/2019\/04\/10.04.19-MA-Gefahrgutkontrolle-326x245.jpg 326w, https:\/\/speyer24news.com\/wp-content\/uploads\/2019\/04\/10.04.19-MA-Gefahrgutkontrolle-80x60.jpg 80w\" sizes=\"(max-width: 800px) 100vw, 800px\" \/><figcaption>Bild 1: abmontierter Bremszylinder<\/figcaption><\/figure><\/div>\n\n\n\n<p>Am Mittwoch, in der Zeit zwischen 10 Uhr und 14 Uhr f\u00fchrte das  Polizeipr\u00e4sidium Mannheim unter der Federf\u00fchrung der Verkehrspolizei auf  dem Autobahnparkplatz &#8222;Linsenb\u00fchl&#8220; Kontrollen des Schwerlastverkehrs  mit der Zielrichtung Gefahrguttransporte durch. An den Kontrollen waren  auch Beamte der Polizeipr\u00e4sidien Karlsruhe, Heilbronn und Ludwigsburg  beteiligt. <\/p>\n\n\n\n<p>Insgesamt wurden 31 Schwerlastfahrzeuge kontrolliert.  Von diesen mussten 19 Transporte beanstandet werden (Quote: 61 %). An  mehreren Fahrzeugen wurde die Ladungssicherung bem\u00e4ngelt und technische  M\u00e4ngel festgestellt. Bei 5 Fahrzeugen waren die M\u00e4ngel so gravierend,  dass sie nach Begutachtung durch einen Sachverst\u00e4ndigen als  verkehrsunsicher eingestuft wurden. <\/p>\n\n\n\n<div class=\"wp-block-image\"><figure class=\"aligncenter\"><img decoding=\"async\" loading=\"lazy\" width=\"800\" height=\"600\" src=\"https:\/\/speyer24news.com\/wp-content\/uploads\/2019\/04\/10.04.19-MA-Gefahrgutkontrolle2.jpg\" alt=\"\" class=\"wp-image-12256\" srcset=\"https:\/\/speyer24news.com\/wp-content\/uploads\/2019\/04\/10.04.19-MA-Gefahrgutkontrolle2.jpg 800w, https:\/\/speyer24news.com\/wp-content\/uploads\/2019\/04\/10.04.19-MA-Gefahrgutkontrolle2-300x225.jpg 300w, https:\/\/speyer24news.com\/wp-content\/uploads\/2019\/04\/10.04.19-MA-Gefahrgutkontrolle2-768x576.jpg 768w, https:\/\/speyer24news.com\/wp-content\/uploads\/2019\/04\/10.04.19-MA-Gefahrgutkontrolle2-678x509.jpg 678w, https:\/\/speyer24news.com\/wp-content\/uploads\/2019\/04\/10.04.19-MA-Gefahrgutkontrolle2-326x245.jpg 326w, https:\/\/speyer24news.com\/wp-content\/uploads\/2019\/04\/10.04.19-MA-Gefahrgutkontrolle2-80x60.jpg 80w\" sizes=\"(max-width: 800px) 100vw, 800px\" \/><figcaption>Bild 2 &#8211; Gefahrgutkennzeichnung<\/figcaption><\/figure><\/div>\n\n\n\n<p>Die Ergebnisse im Einzelnen: <\/p>\n\n\n\n<ul><li>7 Verst\u00f6\u00dfe wegen mangelnder Ladungssicherung<\/li><li>7 Verst\u00f6\u00dfe wegen technischer M\u00e4ngel<\/li><li>8 Anzeigen wegen Nichteinhaltung der Lenk- und Ruhezeiten<\/li><li>11 gefahrgutrechtliche Verst\u00f6\u00dfe<\/li><li>2 abfallrechtliche Verst\u00f6\u00dfe<\/li><li>1 Versto\u00df gegen Bestimmungen zum gewerblichen Personenverkehr<\/li><\/ul>\n\n\n\n<p>Bei den Kontrollen wurde durch Gefahrgutspezialisten der Verkehrspolizei  Karlsruhe ein Gefahrguttransport aus Italien festgestellt, der einen  leeren, ungereinigten Tankauflieger transportierte. An diesem Fahrzeug  war einer der Bremszylinder an der Hinterachse abmontiert, die  Bremsleitungen abgeklemmt und der Bremszylinder auf die Hinterachse  gebunden. Zudem waren die Bremsscheiben stark verschlissen. Dem Fahrer  wurde die Weiterfahrt untersagt. Die weiteren Ermittlungen hierzu dauern  noch an.  <\/p>\n\n\n\n<h4 class=\"wp-block-heading\">(Mannheim-Innenstadt) &#8211; Unbekannter Mann wird rabiat \/ Polizei sucht Zeugen<\/h4>\n\n\n\n<p>Am Mittwochnachmittag wurde in der Mannheimer Innenstadt ein  unbekannter Mann rabiat gegen\u00fcber einer 50-j\u00e4hrigen Frau. Die Frau  befand sich kurz nach 16 Uhr in der Damentoilette in der Abendakademie  im Quadrat U 1. Als sie die Toilettenkabine verlie\u00df, stand pl\u00f6tzlich ein  unbekannter Mann vor ihr, packte sie mit beiden H\u00e4nden fest an den  Oberarmen und versuchte, die Frau in die Kabine zur\u00fcckzuschieben. Als  die 50-J\u00e4hrige daraufhin laut zu schreien begann, lie\u00df der Unbekannte  von ihr ab, entschuldigte sich und lief in unbekannte Richtung davon.  Nach Auskunft der Gesch\u00e4digten kann ein sexueller Hintergrund der Tat  ausgeschlossen werden. Das Polizeirevier Mannheim-Innenstadt ermittelt  nun wegen K\u00f6rperverletzung. <\/p>\n\n\n\n<p>Zeugen, die sachdienliche Hinweise  zum T\u00e4ter geben k\u00f6nnen, werden gebeten, sich beim Polizeirevier  Mannheim-Innenstadt, Tel.: 0621\/1258-0 zu melden. <\/p>\n\n\n\n<h4 class=\"wp-block-heading\">(Mannheim-Neckarstadt) &#8211; Zusammensto\u00df mit Stra\u00dfenbahn \/ Polizei sucht Zeugen<\/h4>\n\n\n\n<p>Zu einem Zusammensto\u00df zwischen einem Pkw und einer Stra\u00dfenbahn kam es  am Mittwochnachmittag in der Neckarstadt. Ein 75-j\u00e4hriger Mann war gegen  14 Uhr mit seinem Opel Corsa die Lortzingstra\u00dfe aus Richtung Langstra\u00dfe  kommend. In H\u00f6he der Mittelstra\u00dfe hielt er an der Haltlinie an, rollte  jedoch etwas weiter, sodass das Fahrzeug in den Gleisbereich  hineinragte. Im Kreuzungsbereich stie\u00df eine Stra\u00dfenbahn, die in Richtung  Alter Me\u00dfplatz unterwegs war, gegen das stehende Fahrzeug gegen den  Opel. Der Fahrer der Stra\u00dfenbahn soll zwar noch eine Gefahrenbremsung  eingeleitet haben, konnte den Zug jedoch nicht mehr rechtzeitig zum  Stillstand bringen. Bei dem Zusammensto\u00df erlitt der 75-J\u00e4hrige leichte  Verletzungen und wurden vorsorglich in ein Krankenhaus eingeliefert.  Fahrg\u00e4ste der Stra\u00dfenbahn kamen nach derzeitigem Kenntnisstand nicht zu  Schaden. <\/p>\n\n\n\n<p>Da der Unfallablauf bislang nicht abschlie\u00dfend gekl\u00e4rt \nist, sucht die Verkehrspolizei Mannheim Zeugen, die sachdienliche \nHinweise zum Unfallhergang geben k\u00f6nnen und bittet diese, sich unter der\n Rufnummer 0621\/174-4045 zu melden. <\/p>\n\n\n\n<h4 class=\"wp-block-heading\">(Mannheim-Neckarstadt) &#8211; Schmuckst\u00fccke bei Wohnungseinbruch erbeutet \/ Zeugen gesucht!<\/h4>\n\n\n\n<p>Am helllichten Mittwoch, zwischen 9:30 Uhr und 11:30 Uhr, brach ein  bislang unbekannter T\u00e4ter in eine Wohnung in der Unterm\u00fchlaustra\u00dfe, in  H\u00f6he der Pyramidenstra\u00dfe, ein. Der Unbekannte war auf ungekl\u00e4rte Art und  Weise in das Mehrfamilienhaus gelangt und hatte sich im 1. OG an der  Wohnungst\u00fcr zu schaffen gemacht. \u00dcber diese drang er in die Wohnung ein  und durchw\u00fchlte einen Schrank nach Stehlenswertem. Dabei fielen ihm nach  derzeitigem Kenntnisstand eine goldene Damen- und Herrenkette, eine  Armbanduhr, acht Damen- und Herrenringe, drei Armreifen und Ohrringe im  Gesamtwert von mehreren Tausend Euro in die H\u00e4nde. Die H\u00f6he des  Sachschadens kann derzeit nicht beziffert werden. <\/p>\n\n\n\n<p>Zeugen, die  verd\u00e4chtige Wahrnehmungen gemacht haben, werden gebeten, sich mit dem  Polizeirevier Mannheim-Neckarstadt unter Tel.: 0621\/3301-0 in Verbindung  zu setzen. <\/p>\n\n\n\n<h4 class=\"wp-block-heading\">(Mannheim-Neckarstadt) &#8211; Fu\u00dfg\u00e4nger angefahren<br>Zeugen gesucht<\/h4>\n\n\n\n<p>Wie erst heute bekannt wurde, kam es am Dienstag, 02.04.19, zu einem  Verkehrsunfall in der Mittelstra\u00dfe H\u00f6he Ackerstra\u00dfe bei dem ein  Fu\u00dfg\u00e4nger schwer verletzt wurde. Der 37-j\u00e4hrige lief zwischen 00.00 Uhr  und 01.00 Uhr auf dem Gehweh, als ihm ein ausparkendes Fahrzeug im  Bereich der Kniekehle erfasste und er st\u00fcrzte. Trotz der erlittenen  schweren Beinverletzung konnte sich der 37-j\u00e4hrige selbst\u00e4ndig in ein  Mannheimer Krankenhaus begeben, wo er station\u00e4r aufgenommen und operiert  wurde. Der Fahrer des PKW fl\u00fcchtete. Es ist lediglich bekannt, dass es  sich um ein schwarzes Auto gehandelt haben und von zwei weiblichen sowie  zwei m\u00e4nnlichen Personen besetzt gewesen sein soll. Zeugen werden  gebeten sich mit dem Polizeirevier Mannheim-Neckarstadt, Tel.  0621\/33010, in Verbindung zu setzen. <\/p>\n\n\n\n<h4 class=\"wp-block-heading\">(Mannheim-Gartenstadt) &#8211; Mann entbl\u00f6\u00dft sich vor Kindern, Zeugen gesucht!<\/h4>\n\n\n\n<p>Am Mittwoch gegen 18.35 Uhr liefen zwei Kinder von der Waldstra\u00dfe  kommend in den Anemonenweg. An einer dort befindlichen Haltestelle, in  unmittelbarer N\u00e4he einer Schule, stand ein Mann, der sich beim Erblicken  der Kinder entbl\u00f6\u00dfte und an seinem Penis rumspielte. <\/p>\n\n\n\n<p>Die Kinder liefen dann in Richtung Wotanstra\u00dfe weiter und verst\u00e4ndigten eine Erzieherin, die dann die Polizei verst\u00e4ndigte. <\/p>\n\n\n\n<p>Trotz einer sofort eingeleiteten Fahndung konnte man keinen Tatverd\u00e4chtigen fassen. <\/p>\n\n\n\n<p>Der T\u00e4ter wurde wie folgt beschrieben: <\/p>\n\n\n\n<ul><li>175-180 cm<\/li><li>ca. 20 Jahre<\/li><li>schwarze kurze Haare<\/li><li>blaue Jeanshose, schwarzer Pulli<\/li><li>Drei-Tage-Bart <\/li><\/ul>\n\n\n\n<p>Zeugen  des Vorfalls und Personen, die Hinweise auf den T\u00e4ter geben k\u00f6nnen,  werden gebeten, sich bei der Kriminalpolizei unter 0621 174 4444 zu  melden. <\/p>\n\n\n\n<h4 class=\"wp-block-heading\">(Mannheim-Rheinau) &#8211; Unbekannter versucht Zigarettenautomat aufzubrechen und wird von Zeugen ertappt \/ Weitere Zeugen gesucht!<\/h4>\n\n\n\n<p>Ein bislang unbekannter T\u00e4ter versuchte am Donnerstag, gegen 0:15 Uhr,  einen Zigarettenautomaten in der Bergiusstra\u00dfe, in H\u00f6he der Harpener  Stra\u00dfe, aufzuhebeln. Doch der Unbekannte wurde von einem herannahenden  Zeugen bei der Tat gest\u00f6rt und fl\u00fcchtete zun\u00e4chst fu\u00dfl\u00e4ufig \u00fcber die  Harpener Stra\u00dfe zu einem dunklen PKW, welcher in der Rhenaniastra\u00dfe  geparkt war. Er stieg in diesen ein und fuhr in Richtung Schwetzinger  Landstra\u00dfe\/Edinger Riedweg davon. Nach Aussage des Zeugen handelte es  sich um ein \u00e4lteres Fahrzeug. <\/p>\n\n\n\n<p>Er konnte den T\u00e4ter wie folgt beschreiben: m\u00e4nnlich, schlanke\/sportliche Statur, kurze Haare, dunkle Kleidung. <\/p>\n\n\n\n<p>An dem Automaten entstand durch die Hebelversuche Sachschaden in H\u00f6he von ca. 1.000 Euro. <\/p>\n\n\n\n<p>Weitere\n Zeugen, die die Tat beobachtet haben oder sachdienliche Hinweise geben \nk\u00f6nnen, werden gebeten, sich beim Polizeiposten Mannheim-Rheinau unter \nTel.: 0621\/87682-0 oder beim Polizeirevier Mannheim-Neckarau unter Tel.:\n 0621\/83397-0 zu melden. <\/p>\n\n\n\n<h4 class=\"wp-block-heading\">(Mannheim-Rheinau) &#8211; Vorfahrt missachtet und mit VW-Fahrer kollidiert \/ F\u00fcnf Leichtverletzte darunter zwei Kinder<\/h4>\n\n\n\n<p>F\u00fcnf Leichtverletzte, darunter zwei Kinder im Alter von acht und elf  Jahren, und zwei nicht mehr fahrbereite Autos sind die Bilanz eines  Verkehrsunfalls, der sich am Mittwoch, gegen 19:45 Uhr, an der Kreuzung  Relaisstra\u00dfe\/Otterstadter Stra\u00dfe ereignet hat. Eine 53-j\u00e4hrige  VW-Fahrerin war in der Otterstadter Stra\u00dfe in Richtung &#8222;D\u00e4nischer Tisch&#8220;  unterwegs und bog an der Kreuzung nach rechts ab. Hierbei kollidierte  sie mit dem vorfahrtsberechtigten VW eines 18-J\u00e4hrigen, indem sich ein  28-j\u00e4hriger Beifahrer und die zwei Kinder befanden. Die Insassen des VWs  sowie die Verursacherin wurden durch den Zusammensto\u00df verletzt und zur  ambulanten Behandlung mit Krankenw\u00e4gen in Kliniken gebracht. Die beiden  Fahrzeuge mussten abgeschleppt werden. Es entstand Sachschaden in H\u00f6he  von rund 10.000 Euro. <\/p>\n\n\n\n<p>Der Stra\u00dfenbahnverkehr war w\u00e4hrend der Unfallaufnahme bis ca. 21 Uhr eingestellt. <\/p>\n\n\n\n<h4 class=\"wp-block-heading\">(Mannheim-K\u00e4fertal) &#8211; Friedhof: Versuchter Einbruch in Werkstattgarage<\/h4>\n\n\n\n<p>In das Innere der Werkstattgarage des K\u00e4fertaler Friedhofs brachen in  der Zeit zwischen Montagnachmittag und Dienstagmorgen bislang unbekannte  T\u00e4ter ein und schoben einen Rasenm\u00e4her, den sie vermutlich klauen  wollten, zur Seite. Aus bislang nicht gekl\u00e4rten Gr\u00fcnden lie\u00dfen die T\u00e4ter  jedoch von ihrem weiteren Vorhaben ab und fl\u00fcchteten. <\/p>\n\n\n\n<p>Die  Ermittlungen der Polizei dauern noch an. Zeugen, die verd\u00e4chtige  Beobachtungen gemacht haben, werden gebeten, sich mit dem Polizeirevier  Mannheim-K\u00e4fertal, Tel.: 0621\/71849-0, in Verbindung zu setzen. <\/p>\n\n\n\n<h4 class=\"wp-block-heading\">(Heidelberg) &#8211; Beleidigte 55-j\u00e4hriger Heidelberger weitere Passanten ? Zeugen wie auch Gesch\u00e4digte gesucht<\/h4>\n\n\n\n<p>Zeugen wie auch weitere Gesch\u00e4digte, die am Mittwochabend gegen 19 Uhr  im Bereich des Ladenburger Wegs\/Mittelfeldwegs von einem Mann beleidigt  wurden, werden gebeten, sich mit dem Polizeirevier Heidelberg-Nord in  Verbindung zu setzen. <\/p>\n\n\n\n<p>Bislang ist bekannt, dass eine 22-J\u00e4hrige, \ndie auf den alkoholisierten Mann aufmerksam geworden war, sowie zwei \nJogger verbal angegangen wurden. Daraufhin wurde die Polizei \nverst\u00e4ndigt, die den 55-J\u00e4hrigen vor Ort auch antraf. <\/p>\n\n\n\n<p>Nachdem sich die Beamten entfernt hatten, blickte der Mann erneut in Richtung der 22-J\u00e4hrigen und beleidigte sie abermals. <\/p>\n\n\n\n<p>Nicht\n ausgeschlossen ist, dass der Mann weitere Jogger\/Passanten beleidigt \nhat. Diese werden gebeten, sich unter Tel.: 06221\/4569-0 zu melden. <\/p>\n\n\n\n<h4 class=\"wp-block-heading\">(Heidelberg) &#8211; Schulhauseinbruch im Wieblinger Weg<\/h4>\n\n\n\n<p>In die Schule im Wieblinger Weg brachen in der Nacht zum Mittwoch  bislang unbekannte T\u00e4ter brachial ein. Nach dem Aufhebeln eines Fensters  stiegen die Unbekannten ein und machten sich in dem B\u00fcro zu schaffen. <\/p>\n\n\n\n<p>Ersten\n Feststellungen zufolge wurden Schr\u00e4nke und Beh\u00e4ltnisse ge\u00f6ffnet und \nnach Brauchbarem durchsucht. Ob bzw. was den Einbrechern letztlich in \ndie H\u00e4nde fiel, ist abschlie\u00dfend noch nicht gekl\u00e4rt. Auch Angaben zur \nSchadensh\u00f6he sind noch nicht m\u00f6glich. Der Einbruch wurde am Mittwoch \ngegen 7.30 Uhr bemerkt und die Polizei in Kenntnis gesetzt. Zeugen, die \nverd\u00e4chtige Beobachtungen gemacht haben, werden gebeten, sich mit dem \nPolizeirevier Heidelberg-Mitte, Tel.: 06221\/99-1700, in Verbindung zu \nsetzen. <\/p>\n\n\n\n<h4 class=\"wp-block-heading\">(Heidelberg) &#8211; Konflikt Autofahrerin\/Radfahrer in der Pl\u00f6ck \/ Polizei ermittelt und sucht dringend Zeugen<\/h4>\n\n\n\n<p>Am Dienstag gegen 13 Uhr fuhr eine BMW-Fahrerin von der Sofienstra\u00dfe  kommend in die Pl\u00f6ck ein, als ihr auf H\u00f6he des dortigen  Schreibwarengesch\u00e4fts ein 59-j\u00e4hriger Radfahrer entgegenkam. Da der  Radfahrer bisherigen Erkenntnissen nach ziemlich mittig fuhr, musste sie  Autofahrerin wiederum \u00e4u\u00dferst rechts fahren, um einen Zusammensto\u00df zu  vermeiden. <\/p>\n\n\n\n<p>Der 59-J\u00e4hrige stoppte seine Fahrt und f\u00fchrte mit der \nFrau ein &#8222;Gespr\u00e4ch&#8220;, da er sich durch deren Fahrweise offenbar bedr\u00e4ngt \nf\u00fchlte. Pl\u00f6tzlich &#8222;st\u00fcrzte&#8220; der Mann zu Boden. Ob der Sturz durch einen \nKontakt mit dem Fahrzeug stattfand oder der Mann, wie es die \nAutofahrerin und auch eine Zeugin unabh\u00e4ngig voneinander bei der Polizei\n angaben, &#8222;selbst fallen lie\u00df&#8220;, ist Gegenstand der Ermittlungen. <\/p>\n\n\n\n<p>Beide Parteien begaben sich selbstst\u00e4ndig zur Wache des Polizeireviers Heidelberg-Mitte und meldeten die Angelegenheit. <\/p>\n\n\n\n<p>Zum\n Zeitpunkt des Vorfalls war die Pl\u00f6ck stark frequentiert, so dass \nPassanten auf das Geschehen aufmerksam geworden sein k\u00f6nnten. <\/p>\n\n\n\n<p>Zur  eindeutigen Kl\u00e4rung des Sachverhalts werden weitere Zeugen gebeten,  sich mit dem Polizeirevier Heidelberg-Mitte, Tel.: 06221\/99-1700, in  Verbindung zu setzen. <\/p>\n\n\n\n<h4 class=\"wp-block-heading\">(Heidelberg) &#8211; Polizei ermittelt wegen Stra\u00dfenverkehrsgef\u00e4hrdung \/ Zeugen wie auch Gesch\u00e4digte gesucht<\/h4>\n\n\n\n<p>Am Montagmorgen kurz vor 7 Uhr fiel einer Streifenwagenbesatzung an der  rotzeigenden Ampel in der Speyerer Stra\u00dfe\/Diebsweg ein wei\u00dfer Mercedes  auf, dessen drei Insassen nicht angegurtet waren und daher kontrolliert  werden sollten. <\/p>\n\n\n\n<p>Durch das ge\u00f6ffnete Fenster wurde dem Fahrer \nverst\u00e4ndlich gemacht, dem Streifenwagen zu folgen. Doch der 23-j\u00e4hrige \nFahrer des Wagens ignorierte die Anweisungen der Beamten und fuhr mit \ndeutlich \u00fcberh\u00f6hter Geschwindigkeit, laut Tacho des Streifenwagens mit \n150 km\/h, in Richtung Cuzaring\/Kirchheim. <\/p>\n\n\n\n<p>Im Bereich der \nErnst-Rehm-Stra\u00dfe konnte das Auto erneut gesichtet werden, welches \nentgegen der Einbahnstra\u00dfe fuhr. Die Beamten verloren kurz das Auto aus \nden Augen. Beim Wiederaufschlie\u00dfen sa\u00df ein anderer hinter dem Steuer, \nder 23-J\u00e4hrige hatte sich bereits zu Fu\u00df entfernt. Die beiden Insassen, \nein 18- und 20-J\u00e4hriger aus Walldorf, \u00e4u\u00dferten sich nicht weiter zur \nSache. Die \u00dcberpr\u00fcfungen bez\u00fcglich des 23-J\u00e4hrigen verliefen bislang \nohne Ergebnis. <\/p>\n\n\n\n<p>Zeugen wie auch Gesch\u00e4digte, die durch die  Fahrweise des Mercedes-Fahrers am Montagmorgen auf der Speyerer Stra\u00dfe &#8211;  Cuzaring &#8211; Heuauer Weg &#8211; Ernst-Rehm-Stra\u00dfe gef\u00e4hrdet wurden und  Hinweise geben k\u00f6nnen, werden gebeten, sich mit dem Polizeirevier  Heidelberg-S\u00fcd, Tel.: 06221\/3418-0, in Verbindung zu setzen. <\/p>\n\n\n\n<h4 class=\"wp-block-heading\">(Br\u00fchl \/ Rhein-Neckar-Kreis) &#8211; 89-j\u00e4hriger Autofahrer streift entgegenkommende Autos und f\u00e4hrt in Verkaufsraum einer B\u00e4ckereifiliale \/ zwei Leichtverletzte &#8211; 40.000 Euro Sachschaden<\/h4>\n\n\n\n<p>Bei einem Unfall am Donnerstag gegen 8.25 Uhr in der Mannheimer Stra\u00dfe  wurden ein 89-j\u00e4hriger Autofahrer und eine Angestellt in einer  B\u00e4ckereifiliale leicht  verletzt. Insgesamt entstand dabei ein  Sachschaden von ca. 40.000 Euro. <\/p>\n\n\n\n<p>Nach den bisherigen Ermittlungen\n fuhr der 89-J\u00e4hrige mit seinem Mercedes in Richtung Rheinau, als er \naufgrund eines Bedienungsfehlers zwei entgegenkommende  Autos  streifte.\n Anschlie\u00dfend fuhr er geradeaus \u00fcber den Kreisel H\u00f6he Nibelungenstra\u00dfe, \nkam nach rechts von der Stra\u00dfe ab und kollidierte frontal mit dem Mast \neiner Werbetafel auf dem Gel\u00e4nde eines Einkaufsmarktes. Im weiteren \nVerlauf prallte er mit Wucht gegen ein geparktes Auto. Die Fahrt endete \nin einer B\u00e4ckereifiliale in dem Einkaufsmarkt, deren Fensterverglasung \ndabei zerbarst. <\/p>\n\n\n\n<p>Der Fahrer wurde vor Ort durch den Rettungsdienst  versorgt, eine Mitnahme zur Untersuchung im Krankenhaus lehnte er ab.  In der B\u00e4ckereifiliale wurde eine 27-j\u00e4hrige Angestellte durch  umherfliegende Glassplitter leicht verletzt, sie suchte selbstst\u00e4ndig  einen Hausarzt auf. Die weiteren Unfallermittlungen der Mannheimer  Verkehrspolizei dauern noch an. <\/p>\n\n\n\n<h4 class=\"wp-block-heading\">(Leimen \/ Rhein-Neckar-Kreis) &#8211; Unfall in der Rathausstra\u00dfe \/ Polizei sucht Zeugen<\/h4>\n\n\n\n<p>Am Mittwoch gegen 12.30 Uhr stie\u00dfen in der Rathausstra\u00dfe zwei Fahrzeuge  zusammen. Beteiligt waren ein 30-j\u00e4hriger Lkw-Fahrer wie eine  56-j\u00e4hrige Smart-Fahrerin. Bisherigen Ermittlungen bzw. Angaben der  Beteiligten zufolge fuhr der Lkw-Fahrer nach dem Ausladen seiner Ware  r\u00fcckw\u00e4rts in die Rathausstra\u00dfe, als die Autofahrerin an diesem noch  vorbeifahren wollte. Dabei kam es zum Zusammensto\u00df; den Schaden  beziffert die Polizei auf mehrere tausend Euro. Bei Eintreffen der  Polizeistreife standen die beteiligten Fahrzeuge nicht mehr in  Unfallendstellung, so dass die Schuldfrage noch nicht zweifelsfrei  gekl\u00e4rt ist. <\/p>\n\n\n\n<p>Zeugen, die auf den Unfall aufmerksam wurden und  Hinweise geben k\u00f6nnen, werden gebeten, sich beim Polizeirevier Wiesloch,  Tel: 06222\/57090, zu melden. <\/p>\n\n\n\n<h4 class=\"wp-block-heading\">(Walldorf \/ A 6 \/ Rhein-Neckar-Kreis) &#8211; Mann unter Drogeneinfluss will Auto bei der Polizei abholen<\/h4>\n\n\n\n<p>Ein kurioser Fall trug sich am Mittwochabend beim Verkehrskommissariat  Walldorf zu. Gegen 23.15 Uhr erschien ein 38-j\u00e4hriger Mann in den  Dienstr\u00e4umen des Verkehrskommissariats und wollte f\u00fcr einen Bekannten  ein Fahrzeug abholen, das am Tag zuvor wegen des Verdachts der  Urkundenf\u00e4lschung und des Fahrens ohne Fahrerlaubnis sichergestellt  worden war. Bei der Kontaktaufnahme mit der Polizei schien der  38-J\u00e4hrige deutlich unter dem Einfluss von Drogen zu stehen. Ein  Rauschgifttest best\u00e4tigte den Eindruck und reagierte positiv auf  Cannabis-Produkte. Da er offenbar nicht verkehrst\u00fcchtig war, konnten ihm  die Beamten die Fahrzeugschl\u00fcssel und das Fahrzeug nicht aush\u00e4ndigen,  sondern untersagten dem Mann bis zum Abklingen der Drogenbeeinflussung  f\u00fcr die n\u00e4chsten 24 Stunden ein Kraftfahrzeug zu f\u00fchren. Der 38-J\u00e4hrige  musste daraufhin ohne das Fahrzeug wieder von dannen ziehen. <\/p>\n\n\n\n<h4 class=\"wp-block-heading\">(Hockenheim \/ Rhein-Neckar-Kreis) &#8211; Geldautomat aufgesprengt und Bargeld erbeutet \/ Zeugen gesucht<\/h4>\n\n\n\n<div class=\"wp-block-image\"><figure class=\"aligncenter\"><img decoding=\"async\" src=\"https:\/\/speyer24news.com\/wp-content\/uploads\/2019\/04\/gesprengter-Geldautomat.jpg\" alt=\"\" class=\"wp-image-12257\"\/><figcaption>Beispielfoto eines gesprengten Geldautomaten<\/figcaption><\/figure><\/div>\n\n\n\n<p>Am Donnerstagmorgen um 2.32 Uhr wurde durch vermutlich zwei T\u00e4ter auf  bislang unbekannte Art und Weise ein Geldautomat im Vorraum einer  Bankfiliale in der Obere Hauptstra\u00dfe gesprengt. Aus dem gesprengten  Geldautomaten wurde das Scheingeld in noch nicht feststehender H\u00f6he  entwendet. Durch den Druck der Sprengung wurde die Verglasung des  Vorraums besch\u00e4digt, der Sachschaden kann noch nicht beziffert werden.  Nach den bisherigen Ermittlungen fl\u00fcchteten die T\u00e4ter mit einem Auto in  unbekannte Richtung. Ein T\u00e4ter kann wie folgt beschrieben werden: <\/p>\n\n\n\n<ul><li>Zirka  170 cm<\/li><li>normale Statur<\/li><li>bekleidet mit einem dunklen Kapuzenshirt<\/li><\/ul>\n\n\n\n<p>Sofort eingeleitete umfangreiche Fahndungsma\u00dfnahmen unter Einsatz von  insgesamt 21 Funkstreifenw\u00e4gen und einem Polizeihubschrauber verliefen  ergebnislos. Zeugen, die verd\u00e4chtige Beobachtungen gemacht haben, werden  gebeten sich unter Telefon 0621\/174-4444 bei der Kriminalpolizei in  Heidelberg zu melden. <\/p>\n\n\n\n<h4 class=\"wp-block-heading\">(Hockenheim \/ Rhein-Neckar-Kreis) &#8211; Verkehrsunfall mit verletzter Person \/ Zeugen und Gesch\u00e4digte gesucht<\/h4>\n\n\n\n<h4 class=\"wp-block-heading\" style=\"text-align:center\">Pressemeldung Nr. 2<\/h4>\n\n\n\n<p>Wie bereits berichtet, wurde bei einem Verkehrsunfall am Montag, 8.  April auf der L 723 bei Hockenheim ein 62-j\u00e4hriger Autofahrer leicht  verletzt. Der Mann war kurz vor 6 Uhr mit seinem Ford auf der L 723  von Speyer in Richtung Reilingen unterwegs. Nach Zeugenaussagen soll  er an der Zufahrt zur B 39 ohne ersichtlichen Grund mitten auf der  Kreuzung angehalten haben, um kurz darauf zu beschleunigen und auf  der Gegenfahrspur weiter zu fahren. An der Einm\u00fcndung zum S\u00fcdring  fuhr er links zwischen einem Lkw, der auf der Gegenfahrbahn unterwegs war und bei Rotlicht halten musste, und dem Betonsockel der Ampel  durch und besch\u00e4digte dabei den stehenden Lkw. Anschlie\u00dfend sei er  wieder nach rechts gewechselt und habe stark beschleunigt. Hierbei  verlor er dann die Kontrolle \u00fcber sein Fahrzeug und verunfallte. <\/p>\n\n\n\n<p>Durch das Fahrverhalten des 62-J\u00e4hrigen wurde mindestens ein \nVerkehrsteilnehmer im Bereich der \u00dcberf\u00fchrung \u00fcber die B 39 gef\u00e4hrdet\nworden. <\/p>\n\n\n\n<p>Die Ermittlungen der Unfallspezialisten der Verkehrspolizei Mannheim \nzur Unfallursache dauern an. <\/p>\n\n\n\n<p>Zeugen, die sachdienliche Hinweise zum Unfallablauf geben k\u00f6nnen, und Gesch\u00e4digte, die durch das Fahrverhalten des Ford-Fahrers gef\u00e4hrdet  wurden, werden gebeten, sich bei der Verkehrspolizei Mannheim, Tel.:  0621\/174-4045 zu melden. Insbesondere wird der Fahrer des Lkw, dessen Fahrzeug durch das Fahrman\u00f6ver des 62-J\u00e4hrigen besch\u00e4digt wurde,  gebeten, sich unter der angegebenen Nummer zu melden. <\/p>\n\n\n\n<h4 class=\"wp-block-heading\">(Hilsbach \/ Rhein-Neckar-Kreis) &#8211; Wildunfall mit Folgen<\/h4>\n\n\n\n<p>Ein Wildunfall mit Folgen ereignete sich am Mittwochabend auf der L 550  zwischen Hilsbach und Adelshofen. Ein 33-j\u00e4hriger Mann war gegen 23.30  Uhr mit seinem VW auf der L 550 in Richtung Adelshofen unterwegs. Kurz  vor der Kreisgrenze stie\u00df er mit einem Dachs, der pl\u00f6tzlich die Fahrbahn  \u00fcberquerte, zusammen. Das Tier erlitt dabei t\u00f6dliche Verletzungen und  blieb auf der Fahrbahn liegen. Der 43-J\u00e4hrige lie\u00df das verendete Tier  einfach auf der Fahrbahn liegen und setzte seine Fahrt fort. Erst sp\u00e4ter  verst\u00e4ndigte er die Polizei. <\/p>\n\n\n\n<p>Kurz nach Mitternacht kam es an \ngleicher zu einem weiteren Unfall. Ein 23-J\u00e4hriger war gegen 0.10 Uhr \nebenfalls in Richtung Adelshofen unterwegs und \u00fcberfuhr den vom \nvorherigen Unfall noch auf der Fahrbahn liegenden Dachs ein weiteres \nMal. Dabei wurde sein BMW so stark besch\u00e4digt, dass er abgeschleppt \nwerden musste. <\/p>\n\n\n\n<p>Das Polizeirevier Sinsheim ermittelt nun gegen den  33-j\u00e4hrigen unfallbeteiligten VW-Fahrer der ersten Kollision wegen  gef\u00e4hrlichen Eingriffs in den Stra\u00dfenverkehr. <\/p>\n\n\n\n<h4 class=\"wp-block-heading\">(Sinsheim \/ Rhein-Neckar-Kreis) &#8211; Fund einer Damenhandtasche \/ Eigent\u00fcmer gesucht<\/h4>\n\n\n\n<figure class=\"wp-block-image\"><a href=\"https:\/\/cache.pressmailing.net\/content\/53d41821-9f37-4901-8693-d7fee40df17f\/Bild1-Handtasche.JPG?attachment=false.jpg\"><img decoding=\"async\" src=\"https:\/\/cache.pressmailing.net\/thumbnail\/story_big\/53d41821-9f37-4901-8693-d7fee40df17f\/pol-ma-sinsheim-rhein-neckar-kreis-fund-einer-damenhandtasche-eigent-mer-gesucht\" alt=\"POL-MA: Sinsheim\/Rhein-Neckar-Kreis: Fund einer Damenhandtasche - Eigent\u00fcmer gesucht\"\/><\/a><\/figure>\n\n\n\n<p>Bereits am 5. April wurde im Papierkorb an einer Bushaltestelle nahe  einem Einkaufsmarkt in der Muthstra\u00dfe eine Damenhandtasche gefunden. Bei  der aufgefundenen Tasche handelt es sich um eine cremefarbene  Handtasche mit Trageschlaufen und silbernen Nieten. In der Tasche  befanden sich keine Hinweise auf einen m\u00f6glichen Besitzer. Sie enthielt  lediglich eine Packung Reiswaffeln, ein Deo sowie eine Plastikdose mit  Kaugummi. <\/p>\n\n\n\n<p>Da nicht auszuschlie\u00dfen ist, dass diese Tasche im \nZusammenhang mit einem vorangegangenen Diebstahl dort im M\u00fclleiner \nentsorgt werden sollte, sucht die Polizei Gesch\u00e4digte, denen im \nfraglichen Zeitraum eine solche Damenhandtasche entwendet worden war. \nGesch\u00e4digte, wie auch Zeugen einer m\u00f6glichen Diebstahlstat werden \ngebeten, sich beim Polizeirevier Sinsheim, Tel.: 07261\/690-0 zu melden <\/p>\n\n\n\n<h4 class=\"wp-block-heading\">(Bammental \/ Rhein-Neckar-Kreis) &#8211; Unter Alkoholeinfluss Unfall gebaut und abgehauen<\/h4>\n\n\n\n<p>Unter Alkoholeinfluss verursachte am Mittwochabend ein 60-j\u00e4hriger  Autofahrer in Bammental einen Verkehrsunfall. Der Mann fiel Zeugen kurz  vor 21 Uhr auf, als er in Schlangenlinien die Hauptstra\u00dfe in Richtung  Reilsheimer Stra\u00dfe befuhr. Im Kreisverkehr in H\u00f6he der Reilsheimer  Stra\u00dfe bog er in die Reilsheimer Stra\u00dfe in Richtung Gauangeloch ab.  Dabei kam er in einer Linkskurve nach rechts von der Fahrbahn ab und  stie\u00df gegen drei Stra\u00dfenpoller. Anschlie\u00dfend fuhr er einfach in Richtung  Gauangeloch davon. Zeugen hatten zwar den Unfall beobachtet, allerdings  konnte niemand das Kennzeichen ablesen. Wenig sp\u00e4ter meldete sich  jedoch eine weitere Zeugin, der bereits zuvor ein \u00e4lterer gr\u00fcner Pkw  aufgefallen war, der sehr langsam und in Schlagenlinien die Hauptstra\u00dfe  befuhr. Sie konnte auch den Zusammensto\u00df beobachten und sich das  Kennzeichen notieren. Bei einer \u00dcberpr\u00fcfung der Halteranschrift konnte  der 60-j\u00e4hrige Vater des Halters als Fahrzeugf\u00fchrer ermittelt werden. Er  wurde durch eine Polizeistreife an seiner Wohnanschrift angetroffen.  Dabei bemerkten die Beamten sofort deutlichen Alkoholgeruch in dessen  Atem sowie weitere Anzeichen f\u00fcr Alkoholkonsum. Ein Alkoholtest ergab  einen Wert von fast 1,8 Promille. Dem 60-J\u00e4hrigen wurde eine Blutprobe  entnommen. Gegen ihn wird nun wegen Stra\u00dfenverkehrsgef\u00e4hrdung und  Unfallflucht ermittelt. <\/p>\n\n\n\n<h4 class=\"wp-block-heading\">(Weinheim \/ Rhein-Neckar-Kreis) &#8211; Schulhauseinbruch \/ Zeugen gesucht<\/h4>\n\n\n\n<p>In die Johann-Sebastian-Bach-Schule in der Fichtestra\u00dfe drangen in der  Nacht zum Mittwoch bislang unbekannte T\u00e4ter ein. \u00dcber die  Notausgangst\u00fcre gelangten die Unbekannten in die Innenr\u00e4ume und traten  die T\u00fcre zum Rektorat ein. Bisherigen Angaben zufolge wurde ein Apple  iPad gestohlen. Ob weitere Gegenst\u00e4nde entwendet wurden, ist aktuell  noch nicht abschlie\u00dfend gekl\u00e4rt. Einbruchszeit war Dienstagabend, 18 Uhr  bis Mittwochmorgen, kurz vor 7 Uhr. Der Hausmeister bemerkte den  Einbruch und alarmierte die Weinheimer Polizei. <\/p>\n\n\n\n<p>Die Ermittlungen \ndauern noch an. Zeugen, die zur fraglichen Zeit in der Fichtestra\u00dfe \nverd\u00e4chtige Beobachtungen gemacht haben, werden gebeten, mit den Beamten\n des Polizeireviers Weinheim, Tel.: 06201\/10030, Kontakt aufzunehmen. <\/p>\n","protected":false},"excerpt":{"rendered":"<div class=\"mh-excerpt\"><p>Polizeimeldungen vom Donnerstag (11.04.2019) (Speyer) &#8211; Geldbeuteldiebstahl aus Handtasche Die Gesch\u00e4digte befand sich am Mittwochnachmittag mit ihrem Ehemann in einem Schuhgesch\u00e4ft in Speyer. Ihre Handtasche hatte sie dabei zwischenzeitlich an ihren Ehemann \u00fcbergeben. Dieser wurde <a class=\"mh-excerpt-more\" href=\"https:\/\/speyer24news.com\/?p=12250\" title=\"Polizeimeldungen\">[&#8230;]<\/a><\/p>\n<\/div>","protected":false},"author":3,"featured_media":0,"comment_status":"open","ping_status":"open","sticky":false,"template":"","format":"standard","meta":{"_monsterinsights_skip_tracking":false,"_monsterinsights_sitenote_active":false,"_monsterinsights_sitenote_note":"","_monsterinsights_sitenote_category":0,"footnotes":""},"categories":[12],"tags":[61,63,105,53,102,213],"aioseo_notices":[],"amp_enabled":true,"_links":{"self":[{"href":"https:\/\/speyer24news.com\/index.php?rest_route=\/wp\/v2\/posts\/12250"}],"collection":[{"href":"https:\/\/speyer24news.com\/index.php?rest_route=\/wp\/v2\/posts"}],"about":[{"href":"https:\/\/speyer24news.com\/index.php?rest_route=\/wp\/v2\/types\/post"}],"author":[{"embeddable":true,"href":"https:\/\/speyer24news.com\/index.php?rest_route=\/wp\/v2\/users\/3"}],"replies":[{"embeddable":true,"href":"https:\/\/speyer24news.com\/index.php?rest_route=%2Fwp%2Fv2%2Fcomments&post=12250"}],"version-history":[{"count":1,"href":"https:\/\/speyer24news.com\/index.php?rest_route=\/wp\/v2\/posts\/12250\/revisions"}],"predecessor-version":[{"id":12258,"href":"https:\/\/speyer24news.com\/index.php?rest_route=\/wp\/v2\/posts\/12250\/revisions\/12258"}],"wp:attachment":[{"href":"https:\/\/speyer24news.com\/index.php?rest_route=%2Fwp%2Fv2%2Fmedia&parent=12250"}],"wp:term":[{"taxonomy":"category","embeddable":true,"href":"https:\/\/speyer24news.com\/index.php?rest_route=%2Fwp%2Fv2%2Fcategories&post=12250"},{"taxonomy":"post_tag","embeddable":true,"href":"https:\/\/speyer24news.com\/index.php?rest_route=%2Fwp%2Fv2%2Ftags&post=12250"}],"curies":[{"name":"wp","href":"https:\/\/api.w.org\/{rel}","templated":true}]}}