{"id":12259,"date":"2019-04-12T09:08:48","date_gmt":"2019-04-12T08:08:48","guid":{"rendered":"https:\/\/speyer24news.com\/?p=12259"},"modified":"2019-04-12T09:08:49","modified_gmt":"2019-04-12T08:08:49","slug":"historisches-museum-der-pfalz-speyer","status":"publish","type":"post","link":"https:\/\/speyer24news.com\/?p=12259","title":{"rendered":"Historisches Museum der Pfalz, Speyer"},"content":{"rendered":"<style type=\"text\/css\">\r\n\t.ads_top_disp{}\r\n\t.ads_top_corner_disp{ float:left; margin:0px 10px 10px 0px; }\r\n\t.ads_first_p_disp{}\r\n\t.ads_bottom_disp{}\r\n\t<\/style>\n<h2 class=\"wp-block-heading\">Historisches Museum der Pfalz Speyer \u201eUrgeschichte\u201c schlie\u00dft bis auf Weiteres<\/h2>\n\n\n\n<h3 class=\"wp-block-heading\">Sonderausstellungen, Domschatz, Weinmuseum und R\u00f6merzeit weiterhin pr\u00e4sent<\/h3>\n\n\n\n<div class=\"wp-block-image\"><figure class=\"aligncenter\"><img decoding=\"async\" src=\"https:\/\/speyer24news.com\/wp-content\/uploads\/2019\/04\/Historisches-Museum-der-Pfalz-Speyer-1024x683.jpg\" alt=\"\" class=\"wp-image-12278\"\/><\/figure><\/div>\n\n\n\n<p>Die Abteilung \u201eUrgeschichte\u201c im ersten Untergeschoss des Altbaus im Historischen Museum der Pfalz schlie\u00dft bis auf Weiteres. Grund daf\u00fcr sind anstehende Sanierungen im Erweiterungsbau des Museums. Die Arbeiten ziehen Umstrukturierungen auf der gesamten Ausstellungsfl\u00e4che des Hauses nach sich. \u201eWir werden die kommende Phase der Sanierung dazu nutzen, das Pr\u00e4sentationskonzept des Museums schrittweise zu aktualisieren\u201c teilt Museumsdirektor Alexander Schubert mit.<br>Ein konkreter Termin der Wiederer\u00f6ffnung kann zum aktuellen Zeitpunkt allerdings noch nicht genannt werden, da die Sanierung mit weiteren Bauma\u00dfnahmen verbunden sein wird. <\/p>\n\n\n\n<p>Noch bis 5. Mai 2019 ist die Sonderausstellung \u201eDas Sams und die Helden der Kinderb\u00fccher\u201c zu sehen und bis 16. Juni wird \u201eMarilyn Monroe. Die Unbekannte\u201c im Obergeschoss des Museums pr\u00e4sentiert. Dort ist auch \u201eValentinian I. und die Pfalz in der Sp\u00e4tantike\u201c noch bis 11. August ausgestellt. <\/p>\n\n\n\n<p><em>Historisches Museum der Pfalz Speyer<br>12.04.2019<\/em><\/p>\n\n\n\n<h2 class=\"wp-block-heading\">Weltweit einzigartig<\/h2>\n\n\n\n<h3 class=\"wp-block-heading\">Historisches Museum der Pfalz zeigt antiken Prachtstuhl aus dem \u201eBarbarenschatz von R\u00fclzheim\u201c<\/h3>\n\n\n\n<div class=\"wp-block-image\"><figure class=\"aligncenter\"><img decoding=\"async\" loading=\"lazy\" width=\"800\" height=\"676\" src=\"https:\/\/speyer24news.com\/wp-content\/uploads\/2019\/04\/Rekonstruktion-des-Prachtstuhls.jpg\" alt=\"\" class=\"wp-image-12274\" srcset=\"https:\/\/speyer24news.com\/wp-content\/uploads\/2019\/04\/Rekonstruktion-des-Prachtstuhls.jpg 800w, https:\/\/speyer24news.com\/wp-content\/uploads\/2019\/04\/Rekonstruktion-des-Prachtstuhls-300x254.jpg 300w, https:\/\/speyer24news.com\/wp-content\/uploads\/2019\/04\/Rekonstruktion-des-Prachtstuhls-768x649.jpg 768w\" sizes=\"(max-width: 800px) 100vw, 800px\" \/><figcaption>Die intensive wissenschaftliche Bearbeitung des Fundes resultierte in einer neuen Rekonstruktion des Klappstuhles, die in dieser Form erstmals in der Pfalz pr\u00e4sentiert wird. Generaldirektion Kulturelles Erbe, Landesarch\u00e4ologie Speyer Foto: C. Breckle. <\/figcaption><\/figure><\/div>\n\n\n\n<p>Nach seiner Pr\u00e4sentation in der gro\u00dfen Arch\u00e4ologie-Ausstellung \u201eBewegte Zeiten\u201c 2018 im Martin-Gropius-Bau Berlin ist der Prachtstuhl aus dem \u201eBarbarenschatz von R\u00fclzheim\u201c erstmals in seiner neuen Rekonstruktion in der Ausstellung \u201eValentinian I. und die Pfalz in der Sp\u00e4tantike\u201c im Historischen Museum der Pfalz zu sehen. F\u00fcr die Dauer von zehn Wochen wird das einmalige Fundst\u00fcck seit 9. April in Speyer pr\u00e4sentiert. Danach wird der Stuhl in der Ausstellung \u201evorZEITEN. Arch\u00e4ologische Sch\u00e4tze an Rhein und Mosel\u201c im Landesmuseum Koblenz, Festung Ehrenbreitstein zu sehen sein. <\/p>\n\n\n\n<div class=\"wp-block-image\"><figure class=\"aligncenter\"><img decoding=\"async\" loading=\"lazy\" width=\"800\" height=\"533\" src=\"https:\/\/speyer24news.com\/wp-content\/uploads\/2019\/04\/Prachtstuhl_Detail.jpg\" alt=\"\" class=\"wp-image-12275\" srcset=\"https:\/\/speyer24news.com\/wp-content\/uploads\/2019\/04\/Prachtstuhl_Detail.jpg 800w, https:\/\/speyer24news.com\/wp-content\/uploads\/2019\/04\/Prachtstuhl_Detail-300x200.jpg 300w, https:\/\/speyer24news.com\/wp-content\/uploads\/2019\/04\/Prachtstuhl_Detail-768x512.jpg 768w\" sizes=\"(max-width: 800px) 100vw, 800px\" \/><figcaption>Fig\u00fcrliche Verzierung am Klappstuhl von R\u00fclzheim. Bereits in der Antike hatte man den Stuhl in seine Einzelteile zerlegt und ihn zusammen mit weiteren kostbaren Objekten der Erde anvertraut. Generaldirektion Kulturelles Erbe, Landesarch\u00e4ologie Speyer Foto: C. Breckle.<\/figcaption><\/figure><\/div>\n\n\n\n<p>Der teilvergoldete und mit Silberfolie \u00fcberzogene Stuhl geh\u00f6rt zu dem 2013 w\u00e4hrend einer illegalen Raubgrabung geborgenen \u201eBarbarenschatz von R\u00fclzheim\u201c. Aktuelle Forschungen haben ergeben, dass der eindrucksvolle Falt- oder Klappstuhl im Aufbau und in seiner Funktion neu zu bewerten ist. Die Analysen weisen darauf hin, dass es sich vermutlich um einen Stuhl f\u00fcr eine weibliche Person der gesellschaftlichen Elite gehandelt haben muss. <\/p>\n\n\n\n<p>Mit der Ausstellung \u201eValentinian I. und die Pfalz in der Sp\u00e4tantike\u201c r\u00fcckt das Historische Museum der Pfalz noch bis 11. August 2019 einen Zeitabschnitt in den Fokus des Interesses, der in der Region viele Spuren hinterlassen hat. W\u00e4hrend die Sp\u00e4tantike im Bewusstsein der Allgemeinheit noch oft als Zeit des Niedergangs und des Verfalls wahrgenommen wird, zeichnen die arch\u00e4ologischen Zeugnisse in der Pfalz ein komplexeres Bild. Sie bezeugen eine dicht besiedelte Landschaft mit zahlreichen gr\u00f6\u00dferen und kleineren St\u00e4dten, befestigten Siedlungen und eindrucksvollen   landwirtschaftlichen Betrieben. Die Pfalz erfuhr f\u00fcr kurze Zeit eine wirtschaftliche und kulturelle Bl\u00fcte. Doch nach dem Zusammenbruch der r\u00f6mischen Verwaltung im 5. Jahrhundert n. Chr. fand auch diese allm\u00e4hlich ein Ende. <\/p>\n\n\n\n<div class=\"wp-block-image\"><figure class=\"aligncenter\"><img decoding=\"async\" loading=\"lazy\" width=\"500\" height=\"700\" src=\"https:\/\/speyer24news.com\/wp-content\/uploads\/2019\/04\/Legion\u00e4r-der-Sp\u00e4tantike.jpg\" alt=\"\" class=\"wp-image-12276\" srcset=\"https:\/\/speyer24news.com\/wp-content\/uploads\/2019\/04\/Legion\u00e4r-der-Sp\u00e4tantike.jpg 500w, https:\/\/speyer24news.com\/wp-content\/uploads\/2019\/04\/Legion\u00e4r-der-Sp\u00e4tantike-214x300.jpg 214w\" sizes=\"(max-width: 500px) 100vw, 500px\" \/><figcaption>Rekonstruktion einer Milit\u00e4rausr\u00fcstung eines Legion\u00e4rs der Sp\u00e4tantike. Dr. Ullrich Brand Foto: Carolin Breckle<\/figcaption><\/figure><\/div>\n\n\n\n<p>Die Ausstellung pr\u00e4sentiert auf 150 Quadratmetern rund 65 herausragende Fundkomplexe und Einzelexponate der Sp\u00e4tantike. Neben dem Brotstempel von Eisenberg \u2013 das \u00e4lteste Zeugnis des fr\u00fchen Christentums in der Pfalz und Teil der Sammlung des Historischen Museums der Pfalz \u2013 zeigt die Ausstellung weitere besondere Exponate von exquisiten Leihgebern. Zahlreiche weitere arch\u00e4ologische Funde aus Gr\u00e4bern und milit\u00e4rischen   und zivilen Siedlungen, umfangreiche Hortfunde sowie interaktive multimediale Elemente geben den Ausstellungsbesuchern einen tieferen Einblick in die Umbruchszeit des 4. und 5. Jahrhunderts n. Chr. <\/p>\n\n\n\n<p>Die Ausstellung entstand in Kooperation mit der Generaldirektion Kulturelles Erbe Rheinland-Pfalz (GDKE), Direktion Landesarch\u00e4ologie, Au\u00dfenstelle Speyer und dem Heidelberg Center for Cultural Heritage der Ruprecht-Karls-Universit\u00e4t Heidelberg (HCCH). Die enge Zusammenarbeit der Partner erm\u00f6glichte die Einbindung neuester Forschungsresultate und aktueller Grabungsergebnisse, die zum Teil erstmalig \u00f6ffentlich pr\u00e4sentiert   und in der Begleitpublikation vorgestellt werden. <\/p>\n\n\n\n<div class=\"wp-block-image\"><figure class=\"aligncenter\"><img decoding=\"async\" loading=\"lazy\" width=\"500\" height=\"676\" src=\"https:\/\/speyer24news.com\/wp-content\/uploads\/2019\/04\/Prachtstuhl.jpg\" alt=\"\" class=\"wp-image-12277\" srcset=\"https:\/\/speyer24news.com\/wp-content\/uploads\/2019\/04\/Prachtstuhl.jpg 500w, https:\/\/speyer24news.com\/wp-content\/uploads\/2019\/04\/Prachtstuhl-222x300.jpg 222w\" sizes=\"(max-width: 500px) 100vw, 500px\" \/><figcaption>Die Fragmente des unteren Gest\u00e4nges konnten aufgrund ihrer Fragilit\u00e4t nicht in die Ausstellung integriert werden. Das urspr\u00fcngliche Aussehen des Stuhles wird in der Rekonstruktionszeichnung deutlich (Zeichnung). GDKE, Landesarch\u00e4ologie Speyer, Zeichnung: W. Himmelmann<\/figcaption><\/figure><\/div>\n\n\n\n<p>Zur Ausstellung ist ein 136 Seiten starkes Begleitbuch erschienen, in dem Valentinian I. und sein Wirken in der Pfalz umfassend beleuchtet werden.<\/p>\n\n\n\n<p>Das Historische Museum der Pfalz ist dienstags bis sonntags, an Feiertagen auch montags, von 10 bis 18 Uhr ge\u00f6ffnet. <a rel=\"noreferrer noopener\" href=\"https:\/\/deref-web-02.de\/mail\/client\/ou1UlwWHcBU\/dereferrer\/?redirectUrl=http%3A%2F%2Fwww.museum.speyer.de\" target=\"_blank\">www.museum.speyer.de<\/a><\/p>\n\n\n\n<p><em>Text: Historisches Museum der Pfalz Speyer Foto: Carolin Breckle<br>12.04.2019<\/em><\/p>\n\n\n\n<h2 class=\"wp-block-heading\">Auf zum Lesefest!<\/h2>\n\n\n\n<h3 class=\"wp-block-heading\">Das Junge Museum in Speyer feiert 20stes Jubil\u00e4um und den Welttag des Buches<\/h3>\n\n\n\n<div class=\"wp-block-image\"><figure class=\"aligncenter\"><img decoding=\"async\" src=\"https:\/\/speyer24news.com\/wp-content\/uploads\/2019\/04\/Historisches-Museum.jpg\" alt=\"\" class=\"wp-image-12269\"\/><\/figure><\/div>\n\n\n\n<p>Im Historischen Museum der Pfalz wird in den Osterferien gefeiert! Das Junge Museum wird 20 Jahre alt und nimmt den Welttag des Buches sowie die aktuelle Familien-Ausstellung \u201eDas Sams und die Helden der Kinderb\u00fccher\u201c zum Anlass f\u00fcr ein gro\u00dfes Lesefest: <strong>Von Dienstag, 23. bis Samstag, 27. April<\/strong> dreht sich alles um das Thema   B\u00fccher. Auf dem Programm stehen mehr als 20 Mitmachaktionen, Lesungen und Workshops.   Gleichzeitig sind w\u00e4hrend der Lesewoche in der Sams-Ausstellung frischgebaute, noch nie gesehene Wundermaschinen zu bestaunen. Neben dem Museum treten Partner wie die Musikschule Speyer, die Stadtb\u00fccherei Speyer, das Kulturhaus Pablo, die Buchrestaurierung am Dom sowie Speyerer Buchhandlungen und der Kaufhof als Veranstaltungsort auf.<\/p>\n\n\n\n<div class=\"wp-block-image\"><figure class=\"aligncenter\"><img decoding=\"async\" loading=\"lazy\" width=\"640\" height=\"480\" src=\"https:\/\/speyer24news.com\/wp-content\/uploads\/2019\/04\/DSC08234.jpg\" alt=\"\" class=\"wp-image-12270\" srcset=\"https:\/\/speyer24news.com\/wp-content\/uploads\/2019\/04\/DSC08234.jpg 640w, https:\/\/speyer24news.com\/wp-content\/uploads\/2019\/04\/DSC08234-300x225.jpg 300w, https:\/\/speyer24news.com\/wp-content\/uploads\/2019\/04\/DSC08234-326x245.jpg 326w, https:\/\/speyer24news.com\/wp-content\/uploads\/2019\/04\/DSC08234-80x60.jpg 80w\" sizes=\"(max-width: 640px) 100vw, 640px\" \/><\/figure><\/div>\n\n\n\n<p>Das Lesefest bietet spannende Unterhaltung f\u00fcr Kinder und Erwachsene: Im Historischen Museum der Pfalz gibt es am <strong>Dienstag, 23. April<\/strong> von 10.15 bis 13 Uhr einen B\u00fcchertauschmarkt;  von 10.15 bis 12.45 Uhr einen Schreibworkshop zum Thema \u201eWundermaschinen\u201c (Teilnahme: 3 Euro); um 11 Uhr eine Talk-Runde zur Geschichte des Jungen Museums mit Bernadette Schoog, Museumsdirektor Alexander Schubert, Oberb\u00fcrgermeister a. D. Werner Schineller und dem Jumus-L\u00f6wen; um 11.45, 13.30 und 16 Uhr Mitmach-Singen f\u00fcr die ganze Familie; um 14 Uhr eine Erlebnisschatzsuche-Show mit Anti-Langeweile-Garantie (Teilnahme: 5 Euro); um 15.15 Uhr eine Bastelaktion \u201eDie Duftblumen der Kleinen Hexe\u201c (Teilnahme: 3 Euro) sowie um 16.30 eine Mitmach-Lesung mit dem Titel \u201eDer Ratz-Fatz-x-weg 23\u201c. <\/p>\n\n\n\n<div class=\"wp-block-image\"><figure class=\"aligncenter\"><img decoding=\"async\" loading=\"lazy\" width=\"375\" height=\"500\" src=\"https:\/\/speyer24news.com\/wp-content\/uploads\/2019\/04\/DSC08245.jpg\" alt=\"\" class=\"wp-image-12271\" srcset=\"https:\/\/speyer24news.com\/wp-content\/uploads\/2019\/04\/DSC08245.jpg 375w, https:\/\/speyer24news.com\/wp-content\/uploads\/2019\/04\/DSC08245-225x300.jpg 225w\" sizes=\"(max-width: 375px) 100vw, 375px\" \/><\/figure><\/div>\n\n\n\n<p>Mit einem Vorleseworkshop f\u00fcr Kinder startet das Programm am <strong>Mittwoch, 24. April<\/strong>, um 11 Uhr. Um 15 Uhr liest Abd Alrahman Alqalaq aus \u201eEine Woche voller Samstag\u201c in arabischer und deutscher Sprache. <\/p>\n\n\n\n<p>Am <strong>Donnerstag, 25. April,<\/strong> gestalten um 13 Uhr Kinder ihr eigenes Lieblings-W\u00f6rterbuch (Teilnahme: 3 Euro); die Speyerer Oberb\u00fcrgermeisterin Stefanie Seiler l\u00e4dt um 15 Uhr zu einer Lesestunde mit \u201eRodrigo Raubein und Knirps, sein Knappe\u201c ein. <\/p>\n\n\n\n<p>Am<strong> Freitag, 26. April<\/strong>, liest um 15 Uhr Larysa Hofmann in russischer und deutscher Sprache aus \u201eEine Woche voller Samstage\u201c. <\/p>\n\n\n\n<div class=\"wp-block-image\"><figure class=\"aligncenter\"><img decoding=\"async\" loading=\"lazy\" width=\"375\" height=\"500\" src=\"https:\/\/speyer24news.com\/wp-content\/uploads\/2019\/04\/DSC08218.jpg\" alt=\"\" class=\"wp-image-12272\" srcset=\"https:\/\/speyer24news.com\/wp-content\/uploads\/2019\/04\/DSC08218.jpg 375w, https:\/\/speyer24news.com\/wp-content\/uploads\/2019\/04\/DSC08218-225x300.jpg 225w\" sizes=\"(max-width: 375px) 100vw, 375px\" \/><\/figure><\/div>\n\n\n\n<p>Das Lesecaf\u00e9 im Historischen Museum der Pfalz l\u00e4dt w\u00e4hrend der gesamten Woche dazu ein, aktuelle Kinder- und Jugendb\u00fccher zu entdecken. Und nicht zuletzt wartet die Ausstellung \u201eDas Sams und die Helden der Kinderb\u00fccher\u201c auf viele junge Lese- und B\u00fccherfans! <\/p>\n\n\n\n<p>Das komplette Veranstaltungsprogramm steht online unter <a rel=\"noreferrer noopener\" href=\"https:\/\/deref-web-02.de\/mail\/client\/RxayI5rw030\/dereferrer\/?redirectUrl=http%3A%2F%2Fwww.sams-ausstellung.de\" target=\"_blank\">www.sams-ausstellung.de<\/a><\/p>\n\n\n\n<div class=\"wp-block-image\"><figure class=\"aligncenter\"><img decoding=\"async\" loading=\"lazy\" width=\"375\" height=\"500\" src=\"https:\/\/speyer24news.com\/wp-content\/uploads\/2019\/04\/DSC08286.jpg\" alt=\"\" class=\"wp-image-12273\" srcset=\"https:\/\/speyer24news.com\/wp-content\/uploads\/2019\/04\/DSC08286.jpg 375w, https:\/\/speyer24news.com\/wp-content\/uploads\/2019\/04\/DSC08286-225x300.jpg 225w\" sizes=\"(max-width: 375px) 100vw, 375px\" \/><\/figure><\/div>\n\n\n\n<p><strong>\u00d6ffnungszeiten<\/strong><\/p>\n\n\n\n<p>Das Historische Museum der Pfalz ist dienstags bis sonntags von 10 bis 18 Uhr ge\u00f6ffnet, an Feiertagen auch montags. Weitere Informationen zu dem F\u00fchrungsangebot unter <a rel=\"noreferrer noopener\" href=\"https:\/\/deref-web-02.de\/mail\/client\/ou1UlwWHcBU\/dereferrer\/?redirectUrl=http%3A%2F%2Fwww.museum.speyer.de\" target=\"_blank\">www.museum.speyer.de<\/a>. <\/p>\n\n\n\n<p><em>Text: Historisches Museum der Pfalz Speyer Foto: Speyer 24\/7 News, dak<br>12.04.2019<\/em><\/p>\n\n\n\n<h2 class=\"wp-block-heading\">Marilyn Monroe k\u00fcnstlerisch entdecken<\/h2>\n\n\n\n<h3 class=\"wp-block-heading\">F\u00fchrung  und Workshop f\u00fcr Menschen mit Demenz im Historischen Museum der Pfalz<\/h3>\n\n\n\n<div class=\"wp-block-image\"><figure class=\"aligncenter\"><img decoding=\"async\" loading=\"lazy\" width=\"800\" height=\"356\" src=\"https:\/\/speyer24news.com\/wp-content\/uploads\/2019\/04\/Marilyn-Monroe-6.jpg\" alt=\"\" class=\"wp-image-12265\" srcset=\"https:\/\/speyer24news.com\/wp-content\/uploads\/2019\/04\/Marilyn-Monroe-6.jpg 800w, https:\/\/speyer24news.com\/wp-content\/uploads\/2019\/04\/Marilyn-Monroe-6-300x134.jpg 300w, https:\/\/speyer24news.com\/wp-content\/uploads\/2019\/04\/Marilyn-Monroe-6-768x342.jpg 768w\" sizes=\"(max-width: 800px) 100vw, 800px\" \/><\/figure><\/div>\n\n\n\n<p>In Kooperation  mit dem Netzwerk Kultur und Demenz Speyer l\u00e4dt das Historische Museum der Pfalz am <strong>Mittwoch, 17. April<\/strong>, um 10 Uhr zu einer Veranstaltung f\u00fcr Menschen mit Demenz ein.<\/p>\n\n\n\n<p>In einer F\u00fchrung erkunden die Teilnehmerinnen und Teilnehmer gemeinsam mit der Kulturvermittlerin Andrea Braun die aktuelle Sonderausstellung \u201eMarilyn Monroe. Die Unbekannte\u201c.<\/p>\n\n\n\n<div class=\"wp-block-image\"><figure class=\"aligncenter\"><img decoding=\"async\" loading=\"lazy\" width=\"800\" height=\"600\" src=\"https:\/\/speyer24news.com\/wp-content\/uploads\/2019\/04\/Marilyn-Monroe-19.jpg\" alt=\"\" class=\"wp-image-12266\" srcset=\"https:\/\/speyer24news.com\/wp-content\/uploads\/2019\/04\/Marilyn-Monroe-19.jpg 800w, https:\/\/speyer24news.com\/wp-content\/uploads\/2019\/04\/Marilyn-Monroe-19-300x225.jpg 300w, https:\/\/speyer24news.com\/wp-content\/uploads\/2019\/04\/Marilyn-Monroe-19-768x576.jpg 768w, https:\/\/speyer24news.com\/wp-content\/uploads\/2019\/04\/Marilyn-Monroe-19-678x509.jpg 678w, https:\/\/speyer24news.com\/wp-content\/uploads\/2019\/04\/Marilyn-Monroe-19-326x245.jpg 326w, https:\/\/speyer24news.com\/wp-content\/uploads\/2019\/04\/Marilyn-Monroe-19-80x60.jpg 80w\" sizes=\"(max-width: 800px) 100vw, 800px\" \/><\/figure><\/div>\n\n\n\n<p>Im Anschluss an den Ausstellungsrundgang findet ein praktisch-k\u00fcnstlerischer Workshop in den Werkst\u00e4tten des Historischen Museums der Pfalz statt. <\/p>\n\n\n\n<p>Die Veranstaltung findet im Rahmen des Begleitprogramms zur kulturhistorischen Schau \u201eMarilyn Monroe. Die Unbekannte\u201c statt, die noch bis zum 16. Juni 2019 zu sehen ist. <\/p>\n\n\n\n<div class=\"wp-block-image\"><figure class=\"aligncenter\"><img decoding=\"async\" loading=\"lazy\" width=\"800\" height=\"600\" src=\"https:\/\/speyer24news.com\/wp-content\/uploads\/2019\/04\/Marilyn-Monroe-49.jpg\" alt=\"\" class=\"wp-image-12267\" srcset=\"https:\/\/speyer24news.com\/wp-content\/uploads\/2019\/04\/Marilyn-Monroe-49.jpg 800w, https:\/\/speyer24news.com\/wp-content\/uploads\/2019\/04\/Marilyn-Monroe-49-300x225.jpg 300w, https:\/\/speyer24news.com\/wp-content\/uploads\/2019\/04\/Marilyn-Monroe-49-768x576.jpg 768w, https:\/\/speyer24news.com\/wp-content\/uploads\/2019\/04\/Marilyn-Monroe-49-678x509.jpg 678w, https:\/\/speyer24news.com\/wp-content\/uploads\/2019\/04\/Marilyn-Monroe-49-326x245.jpg 326w, https:\/\/speyer24news.com\/wp-content\/uploads\/2019\/04\/Marilyn-Monroe-49-80x60.jpg 80w\" sizes=\"(max-width: 800px) 100vw, 800px\" \/><\/figure><\/div>\n\n\n\n<p>Die Ausstellung widmet sich der Hollywood-Legende des 20. Jahrhunderts und gibt anhand von mehr als 400 Einzelexponaten, darunter pers\u00f6nliche Gegenst\u00e4nde wie Briefe, Styling- und Beautyprodukte,<br>Einblicke in die private Seite einer facettenreichen Frau und komplexen Pers\u00f6nlichkeit. Das komplette Begleitprogramm zur Ausstellung finden Sie unter <a rel=\"noreferrer noopener\" href=\"https:\/\/deref-web-02.de\/mail\/client\/1OySZkpeBIk\/dereferrer\/?redirectUrl=http%3A%2F%2Fwww.marilyn-ausstellung.de\" target=\"_blank\">www.marilyn-ausstellung.de<\/a><\/p>\n\n\n\n<div class=\"wp-block-image\"><figure class=\"aligncenter\"><img decoding=\"async\" loading=\"lazy\" width=\"800\" height=\"600\" src=\"https:\/\/speyer24news.com\/wp-content\/uploads\/2019\/04\/Marilyn-Monroe-79.jpg\" alt=\"\" class=\"wp-image-12268\" srcset=\"https:\/\/speyer24news.com\/wp-content\/uploads\/2019\/04\/Marilyn-Monroe-79.jpg 800w, https:\/\/speyer24news.com\/wp-content\/uploads\/2019\/04\/Marilyn-Monroe-79-300x225.jpg 300w, https:\/\/speyer24news.com\/wp-content\/uploads\/2019\/04\/Marilyn-Monroe-79-768x576.jpg 768w, https:\/\/speyer24news.com\/wp-content\/uploads\/2019\/04\/Marilyn-Monroe-79-678x509.jpg 678w, https:\/\/speyer24news.com\/wp-content\/uploads\/2019\/04\/Marilyn-Monroe-79-326x245.jpg 326w, https:\/\/speyer24news.com\/wp-content\/uploads\/2019\/04\/Marilyn-Monroe-79-80x60.jpg 80w\" sizes=\"(max-width: 800px) 100vw, 800px\" \/><\/figure><\/div>\n\n\n\n<p>Die Veranstaltung  richtet sich an Menschen mit Demenz, ihre Begleitpersonen und Familien. Die Anmeldung erfolgt \u00fcber das Seniorenb\u00fcro Speyer unter der Telefonnummer 06232 14 2661.<br>Die Teilnahme ist kostenlos und die Teilnehmerzahl begrenzt.<\/p>\n\n\n\n<p><em>Text: Historisches Museum der Pfalz Speyer Foto: Speyer 24\/7 News, dak<br>12.04.2019<\/em><\/p>\n\n\n\n<h2 class=\"wp-block-heading\">R\u00f6mischer Legion\u00e4r und antiker Klappstuhl bereichern Valentinian-Ausstellung<\/h2>\n\n\n\n<h3 class=\"wp-block-heading\">Vortrag und \u00d6ffentliche F\u00fchrung im Historischen Museum der Pfalz Speyer<\/h3>\n\n\n\n<figure class=\"wp-block-image\"><img decoding=\"async\" loading=\"lazy\" width=\"500\" height=\"667\" src=\"https:\/\/speyer24news.com\/wp-content\/uploads\/2019\/04\/DSC01840.jpg\" alt=\"\" class=\"wp-image-12261\" srcset=\"https:\/\/speyer24news.com\/wp-content\/uploads\/2019\/04\/DSC01840.jpg 500w, https:\/\/speyer24news.com\/wp-content\/uploads\/2019\/04\/DSC01840-225x300.jpg 225w\" sizes=\"(max-width: 500px) 100vw, 500px\" \/><\/figure>\n\n\n\n<p>Seit dem 9. April  wird f\u00fcr die Dauer von zehn Wochen der einzigartige antike Klappstuhl aus dem Fund von R\u00fclzheim die Ausstellung \u201eValentinian I. und die Pfalz in der Sp\u00e4tantike\u201c im Historischen Museum der Pfalz bereichern. <\/p>\n\n\n\n<div class=\"wp-block-image\"><figure class=\"aligncenter\"><img decoding=\"async\" loading=\"lazy\" width=\"800\" height=\"600\" src=\"https:\/\/speyer24news.com\/wp-content\/uploads\/2019\/04\/DSC01838.jpg\" alt=\"\" class=\"wp-image-12262\" srcset=\"https:\/\/speyer24news.com\/wp-content\/uploads\/2019\/04\/DSC01838.jpg 800w, https:\/\/speyer24news.com\/wp-content\/uploads\/2019\/04\/DSC01838-300x225.jpg 300w, https:\/\/speyer24news.com\/wp-content\/uploads\/2019\/04\/DSC01838-768x576.jpg 768w, https:\/\/speyer24news.com\/wp-content\/uploads\/2019\/04\/DSC01838-678x509.jpg 678w, https:\/\/speyer24news.com\/wp-content\/uploads\/2019\/04\/DSC01838-326x245.jpg 326w, https:\/\/speyer24news.com\/wp-content\/uploads\/2019\/04\/DSC01838-80x60.jpg 80w\" sizes=\"(max-width: 800px) 100vw, 800px\" \/><\/figure><\/div>\n\n\n\n<p>Wie es in der Region der heutigen Pfalz zur Zeit der r\u00f6mischen Sp\u00e4tantike zuging, k\u00f6nnen die Besucherinnen und Besucher des Historischen Museums der Pfalz Speyer am <strong>Sonntag, 14. April<\/strong>, um 10.30 Uhr erfahren. Im Rahmen einer \u00f6ffentlichen F\u00fchrung  wird der Arch\u00e4ologe Dr. Ullrich Brand in der Kleidung eines sp\u00e4tantiken Legion\u00e4rs erkl\u00e4ren, welche Ausr\u00fcstung ein Soldat der r\u00f6mischen Armee des 4. Jahrhunderts n. Chr. ben\u00f6tigte. <\/p>\n\n\n\n<div class=\"wp-block-image\"><figure class=\"aligncenter\"><img decoding=\"async\" loading=\"lazy\" width=\"800\" height=\"600\" src=\"https:\/\/speyer24news.com\/wp-content\/uploads\/2019\/04\/DSC01891.jpg\" alt=\"\" class=\"wp-image-12263\" srcset=\"https:\/\/speyer24news.com\/wp-content\/uploads\/2019\/04\/DSC01891.jpg 800w, https:\/\/speyer24news.com\/wp-content\/uploads\/2019\/04\/DSC01891-300x225.jpg 300w, https:\/\/speyer24news.com\/wp-content\/uploads\/2019\/04\/DSC01891-768x576.jpg 768w, https:\/\/speyer24news.com\/wp-content\/uploads\/2019\/04\/DSC01891-678x509.jpg 678w, https:\/\/speyer24news.com\/wp-content\/uploads\/2019\/04\/DSC01891-326x245.jpg 326w, https:\/\/speyer24news.com\/wp-content\/uploads\/2019\/04\/DSC01891-80x60.jpg 80w\" sizes=\"(max-width: 800px) 100vw, 800px\" \/><\/figure><\/div>\n\n\n\n<p>Das Historische Museum der Pfalz widmet dem r\u00f6mischen Kaiser Valentinian I. erstmals eine arch\u00e4ologische Ausstellung, die den Lebensweg dieses au\u00dfergew\u00f6hnlichen Herrschers beleuchtet und sein bedeutungsvolles Wirken f\u00fcr die Region in den Mittelpunkt stellt.<\/p>\n\n\n\n<p>In der Ausstellung werden mehr als 30 einzigartige Fundkomplexe, darunter wertvolle Grabausstattungen, umfangreiche Hortfunde, kostbare Glasgef\u00e4\u00dfe und herausragende Einzelst\u00fccke pr\u00e4sentiert, die einen Einblick in die wechselvolle Zeit des 4. und 5. Jahrhunderts geben.<\/p>\n\n\n\n<div class=\"wp-block-image\"><figure class=\"aligncenter\"><img decoding=\"async\" loading=\"lazy\" width=\"800\" height=\"598\" src=\"https:\/\/speyer24news.com\/wp-content\/uploads\/2019\/04\/DSC01861.jpg\" alt=\"\" class=\"wp-image-12264\" srcset=\"https:\/\/speyer24news.com\/wp-content\/uploads\/2019\/04\/DSC01861.jpg 800w, https:\/\/speyer24news.com\/wp-content\/uploads\/2019\/04\/DSC01861-300x224.jpg 300w, https:\/\/speyer24news.com\/wp-content\/uploads\/2019\/04\/DSC01861-768x574.jpg 768w, https:\/\/speyer24news.com\/wp-content\/uploads\/2019\/04\/DSC01861-326x245.jpg 326w, https:\/\/speyer24news.com\/wp-content\/uploads\/2019\/04\/DSC01861-80x60.jpg 80w\" sizes=\"(max-width: 800px) 100vw, 800px\" \/><\/figure><\/div>\n\n\n\n<p><strong>\u00d6ffnungszeiten<\/strong><\/p>\n\n\n\n<p>Das Historische Museum der Pfalz ist dienstags bis sonntags von 10 bis 18 Uhr ge\u00f6ffnet, an Feiertagen auch montags. Weitere Informationen zu dem F\u00fchrungsangebot unter   <a rel=\"noreferrer noopener\" href=\"https:\/\/deref-web-02.de\/mail\/client\/ou1UlwWHcBU\/dereferrer\/?redirectUrl=http%3A%2F%2Fwww.museum.speyer.de\" target=\"_blank\">www.museum.speyer.de<\/a>. <\/p>\n\n\n\n<p><em>Text: Historisches Museum der Pfalz Speyer Foto: Speyer 24\/7 News, dak<br>12.04.2019<\/em><\/p>\n","protected":false},"excerpt":{"rendered":"<div class=\"mh-excerpt\"><p>Historisches Museum der Pfalz Speyer \u201eUrgeschichte\u201c schlie\u00dft bis auf Weiteres Sonderausstellungen, Domschatz, Weinmuseum und R\u00f6merzeit weiterhin pr\u00e4sent Die Abteilung \u201eUrgeschichte\u201c im ersten Untergeschoss des Altbaus im Historischen Museum der Pfalz schlie\u00dft bis auf Weiteres. Grund <a class=\"mh-excerpt-more\" href=\"https:\/\/speyer24news.com\/?p=12259\" title=\"Historisches Museum der Pfalz, Speyer\">[&#8230;]<\/a><\/p>\n<\/div>","protected":false},"author":3,"featured_media":0,"comment_status":"open","ping_status":"open","sticky":false,"template":"","format":"standard","meta":{"_monsterinsights_skip_tracking":false,"_monsterinsights_sitenote_active":false,"_monsterinsights_sitenote_note":"","_monsterinsights_sitenote_category":0,"footnotes":""},"categories":[14],"tags":[863,866,52,861,540,865,864,543,867,862,868],"aioseo_notices":[],"amp_enabled":true,"_links":{"self":[{"href":"https:\/\/speyer24news.com\/index.php?rest_route=\/wp\/v2\/posts\/12259"}],"collection":[{"href":"https:\/\/speyer24news.com\/index.php?rest_route=\/wp\/v2\/posts"}],"about":[{"href":"https:\/\/speyer24news.com\/index.php?rest_route=\/wp\/v2\/types\/post"}],"author":[{"embeddable":true,"href":"https:\/\/speyer24news.com\/index.php?rest_route=\/wp\/v2\/users\/3"}],"replies":[{"embeddable":true,"href":"https:\/\/speyer24news.com\/index.php?rest_route=%2Fwp%2Fv2%2Fcomments&post=12259"}],"version-history":[{"count":1,"href":"https:\/\/speyer24news.com\/index.php?rest_route=\/wp\/v2\/posts\/12259\/revisions"}],"predecessor-version":[{"id":12279,"href":"https:\/\/speyer24news.com\/index.php?rest_route=\/wp\/v2\/posts\/12259\/revisions\/12279"}],"wp:attachment":[{"href":"https:\/\/speyer24news.com\/index.php?rest_route=%2Fwp%2Fv2%2Fmedia&parent=12259"}],"wp:term":[{"taxonomy":"category","embeddable":true,"href":"https:\/\/speyer24news.com\/index.php?rest_route=%2Fwp%2Fv2%2Fcategories&post=12259"},{"taxonomy":"post_tag","embeddable":true,"href":"https:\/\/speyer24news.com\/index.php?rest_route=%2Fwp%2Fv2%2Ftags&post=12259"}],"curies":[{"name":"wp","href":"https:\/\/api.w.org\/{rel}","templated":true}]}}