{"id":12290,"date":"2019-04-12T14:15:14","date_gmt":"2019-04-12T13:15:14","guid":{"rendered":"https:\/\/speyer24news.com\/?p=12290"},"modified":"2019-04-12T14:15:16","modified_gmt":"2019-04-12T13:15:16","slug":"kommunalpolitik-2","status":"publish","type":"post","link":"https:\/\/speyer24news.com\/?p=12290","title":{"rendered":"Kommunalpolitik"},"content":{"rendered":"<style type=\"text\/css\">\r\n\t.ads_top_disp{}\r\n\t.ads_top_corner_disp{ float:left; margin:0px 10px 10px 0px; }\r\n\t.ads_first_p_disp{}\r\n\t.ads_bottom_disp{}\r\n\t<\/style>\n<h2 class=\"wp-block-heading\">W\u00e4hlergruppe Schneider erfolgreich vorm Verwaltungsgericht<\/h2>\n\n\n\n<div class=\"wp-block-image\"><figure class=\"aligncenter\"><img decoding=\"async\" loading=\"lazy\" width=\"500\" height=\"659\" src=\"https:\/\/speyer24news.com\/wp-content\/uploads\/2019\/04\/W\u00e4hlergruppe-Schneider.jpg\" alt=\"\" class=\"wp-image-12291\" srcset=\"https:\/\/speyer24news.com\/wp-content\/uploads\/2019\/04\/W\u00e4hlergruppe-Schneider.jpg 500w, https:\/\/speyer24news.com\/wp-content\/uploads\/2019\/04\/W\u00e4hlergruppe-Schneider-228x300.jpg 228w\" sizes=\"(max-width: 500px) 100vw, 500px\" \/><\/figure><\/div>\n\n\n\n<p><strong>Speyer \/ Neustadt &#8211; <\/strong>Die W\u00e4hlergruppe Schneider wurde im Oktober 2018 gegr\u00fcndet und formierte sich aus den Aktivisten des B\u00fcrgerbegehrens, welches voriges Jahr versuchte die st\u00e4dtischen Konversionspl\u00e4ne f\u00fcr das Gel\u00e4nde der ehemaligen Kurpfalzkaserne, entgegen den Beschl\u00fcssen der Landesregierung umzusetzen. Eine wesentliche Erfahrung aus dem B\u00fcrgerbegehren war die Erkenntnis, da\u00df es im Speyerer Stadtrat keine Partei gibt, die gegen die politisch korrekten Vorgaben des Zeitgeistes und f\u00fcr die Interessen der Stadt und ihrer B\u00fcrger eine entschlossene und wirksame Oppositionsarbeit leistet. <\/p>\n\n\n\n<p>Nachdem die Partei B\u00fcndnis90\/Die Gr\u00fcnen im Februar eine Anti-AfD-Wahlkampfveranstaltung im Haus der Jugendf\u00f6rderung durchf\u00fchren durfte, wollte auch die W\u00e4hlergruppe Schneider die M\u00f6glichkeit nutzen, um g\u00fcnstige st\u00e4dtische R\u00e4ume f\u00fcr Vortragsveranstaltungen w\u00e4hrend des Wahlkampfes anzumieten. <\/p>\n\n\n\n<p>Aus diesem Grunde fragte Matthias Schneider, Initiator des B\u00fcrgerbegehrens \u00a0und Gr\u00fcnder der gleichnamigen W\u00e4hlergruppe bei der Stadtverwaltung \u00a0wegen Nutzung von R\u00e4umlichkeiten an. Zwei Tage sp\u00e4ter, am 21.M\u00e4rz wurde vom Stadtvorstand mit Berufung auf das Neutralit\u00e4tsgebot die Entscheidung \u00a0gef\u00e4llt, da\u00df bis Ende Mai allen Parteien die Nutzung von R\u00e4umlichkeiten untersagt w\u00e4re. Wie sich sp\u00e4ter herausstellte wurde eine solche Entscheidung zum ersten Mal getroffen.<\/p>\n\n\n\n<p>Gleichzeitig fragte die W\u00e4hlergruppe Schneider bei mehreren Restaurantinhabern nach, ob diese R\u00e4ume zur Verf\u00fcgung stellen w\u00fcrden. In zwei F\u00e4llen, beim Sportheim des ASV Fu\u00dfballvereins in Speyer-Nord und im Naturfreundehaus sagten die Inhaber zu und es kamen f\u00fcr mehrere Vortragstermine m\u00fcndliche Mietvertr\u00e4ge zustande. Diese wurden jedoch nach kurzer Frist vom Restaurantinhaber des Naturfreundehauses und vom ersten Vorstand des ASV zur\u00fcck gezogen, weil ma\u00dfgebliche Personen Druck ausge\u00fcbt hatten.<\/p>\n\n\n\n<p>Der W\u00e4hlergruppe Schneider liegen inzwischen belastbare Informationen vor, die darauf schlie\u00dfen lassen, da\u00df gegen sie eine Verleumdungs- und Skandalisierungskampagne betrieben wurde, mit Urhebern in den h\u00f6chsten politischen Kreisen der Stadtf\u00fchrung. Ein Hotelier zog noch w\u00e4hrend der Verhandlungen ein bestehendes Angebot aus Angst vor Repressalien zur\u00fcck.<\/p>\n\n\n\n<div class=\"wp-block-image\"><figure class=\"aligncenter\"><img decoding=\"async\" loading=\"lazy\" width=\"500\" height=\"717\" src=\"https:\/\/speyer24news.com\/wp-content\/uploads\/2019\/04\/W\u00e4hlergruppe-Schneider2.jpg\" alt=\"\" class=\"wp-image-12292\" srcset=\"https:\/\/speyer24news.com\/wp-content\/uploads\/2019\/04\/W\u00e4hlergruppe-Schneider2.jpg 500w, https:\/\/speyer24news.com\/wp-content\/uploads\/2019\/04\/W\u00e4hlergruppe-Schneider2-209x300.jpg 209w\" sizes=\"(max-width: 500px) 100vw, 500px\" \/><\/figure><\/div>\n\n\n\n<p>Die ersten beiden Veranstaltungen der W\u00e4hlergruppe Schneider, die f\u00fcr den 21.3. und den 5.4. geplant waren, mu\u00dften daher ausfallen und man sah sich gezwungen, den Rechtsweg zu beschreiten indem ein offizieller Antrag an die Stadt Speyer gestellt wurde. <\/p>\n\n\n\n<p>Trotz eines eindeutigen Anspruches aufgrund von Landesgesetzen und zahlreichen in dieser Rechtsfrage ergangenen Urteilen, sogar auf Ebene der BVerfG, haben Stadtvorstand und Rechtsabteilung den Antrag abgelehnt und sich somit\u00a0 gegen geltendes Recht gestellt. Da ihr im anstehenden Wahlkampf die grundgesetzlich zugesicherte Chancengleichheit nicht gew\u00e4hrt wurde, sah sich die W\u00e4hlergruppe Schneider gezwungen per Einantrag auf Erlass einer einstweiligen Verf\u00fcgung die Raumnutzung \u00a0gerichtlich durchzusetzen.<\/p>\n\n\n\n<p>Gestern (10.04.2019) erging der Beschluss des Verwaltungsgerichts Neustadt, welcher dem Antrag der W\u00e4hlergruppe vollumf\u00e4nglich entspricht.<\/p>\n\n\n\n<p>Die W\u00e4hlergruppe Schneider hat somit gezeigt, da\u00df trotz erheblicher Widerst\u00e4nde des politischen Establishments eine wirksame Opposition\u00a0 erfolgreich sein kann. Die erste Vortragsveranstaltung wird somit am 25. April abends im Haus der Jugendf\u00f6rderung stattfinden, eine detaillierte\u00a0 Ank\u00fcndigung erfolgt rechtzeitig. <\/p>\n\n\n\n<p><em>Pressemitteilung der W\u00e4hlergruppe Schneider, Matthias Schneider<br>12.04.2019<\/em><br><br><\/p>\n","protected":false},"excerpt":{"rendered":"<div class=\"mh-excerpt\"><p>W\u00e4hlergruppe Schneider erfolgreich vorm Verwaltungsgericht Speyer \/ Neustadt &#8211; Die W\u00e4hlergruppe Schneider wurde im Oktober 2018 gegr\u00fcndet und formierte sich aus den Aktivisten des B\u00fcrgerbegehrens, welches voriges Jahr versuchte die st\u00e4dtischen Konversionspl\u00e4ne f\u00fcr das Gel\u00e4nde <a class=\"mh-excerpt-more\" href=\"https:\/\/speyer24news.com\/?p=12290\" title=\"Kommunalpolitik\">[&#8230;]<\/a><\/p>\n<\/div>","protected":false},"author":3,"featured_media":11984,"comment_status":"open","ping_status":"open","sticky":false,"template":"","format":"standard","meta":{"_monsterinsights_skip_tracking":false,"_monsterinsights_sitenote_active":false,"_monsterinsights_sitenote_note":"","_monsterinsights_sitenote_category":0,"footnotes":""},"categories":[9],"tags":[846,874,309,875,6,876,214],"aioseo_notices":[],"amp_enabled":true,"_links":{"self":[{"href":"https:\/\/speyer24news.com\/index.php?rest_route=\/wp\/v2\/posts\/12290"}],"collection":[{"href":"https:\/\/speyer24news.com\/index.php?rest_route=\/wp\/v2\/posts"}],"about":[{"href":"https:\/\/speyer24news.com\/index.php?rest_route=\/wp\/v2\/types\/post"}],"author":[{"embeddable":true,"href":"https:\/\/speyer24news.com\/index.php?rest_route=\/wp\/v2\/users\/3"}],"replies":[{"embeddable":true,"href":"https:\/\/speyer24news.com\/index.php?rest_route=%2Fwp%2Fv2%2Fcomments&post=12290"}],"version-history":[{"count":1,"href":"https:\/\/speyer24news.com\/index.php?rest_route=\/wp\/v2\/posts\/12290\/revisions"}],"predecessor-version":[{"id":12293,"href":"https:\/\/speyer24news.com\/index.php?rest_route=\/wp\/v2\/posts\/12290\/revisions\/12293"}],"wp:featuredmedia":[{"embeddable":true,"href":"https:\/\/speyer24news.com\/index.php?rest_route=\/wp\/v2\/media\/11984"}],"wp:attachment":[{"href":"https:\/\/speyer24news.com\/index.php?rest_route=%2Fwp%2Fv2%2Fmedia&parent=12290"}],"wp:term":[{"taxonomy":"category","embeddable":true,"href":"https:\/\/speyer24news.com\/index.php?rest_route=%2Fwp%2Fv2%2Fcategories&post=12290"},{"taxonomy":"post_tag","embeddable":true,"href":"https:\/\/speyer24news.com\/index.php?rest_route=%2Fwp%2Fv2%2Ftags&post=12290"}],"curies":[{"name":"wp","href":"https:\/\/api.w.org\/{rel}","templated":true}]}}