{"id":12303,"date":"2019-04-15T08:29:25","date_gmt":"2019-04-15T07:29:25","guid":{"rendered":"https:\/\/speyer24news.com\/?p=12303"},"modified":"2019-04-15T08:29:27","modified_gmt":"2019-04-15T07:29:27","slug":"polizeimeldungen-33","status":"publish","type":"post","link":"https:\/\/speyer24news.com\/?p=12303","title":{"rendered":"Polizeimeldungen"},"content":{"rendered":"<style type=\"text\/css\">\r\n\t.ads_top_disp{}\r\n\t.ads_top_corner_disp{ float:left; margin:0px 10px 10px 0px; }\r\n\t.ads_first_p_disp{}\r\n\t.ads_bottom_disp{}\r\n\t<\/style>\n<h2 class=\"wp-block-heading\">Polizeimeldungen vom Wochenende (13.04. &amp; 14.04.19)<\/h2>\n\n\n\n<div class=\"wp-block-image\"><figure class=\"aligncenter\"><img decoding=\"async\" src=\"https:\/\/speyer24news.com\/wp-content\/uploads\/2019\/04\/Aktuelles-Polizeilogo-3.jpg\" alt=\"\" class=\"wp-image-12306\"\/><\/figure><\/div>\n\n\n\n<h4 class=\"wp-block-heading\">(Speyer) &#8211; Mutma\u00dfliche Leichenteile<\/h4>\n\n\n\n<p>Am 14.04.2019, gegen 00.45 Uhr, wurde durch einen Angler ein gr\u00f6\u00dferer  Polizeieinsatz ausgel\u00f6st. Nach Meinung des Anglers h\u00e4tte dieser aus dem  Rhein menschliche Eingeweide herausgezogen. Dies hatte einen Einsatz der  Polizei Speyer, der Wasserschutzpolizei und des Kriminaldauerdienstes,  sowie der Feuerwehr Speyer zur Folge. Weiterhin war die Rechtsmedizin  Mainz, sowie ein Bestattungsunternehmen involviert. Nach Bergung und  genauer Begutachtung der aufgefundenen Eingeweiden konnte festgestellt  werden, dass es sich hierbei nicht um menschliche, sondern um tierische  K\u00f6rperteile handelte. H\u00f6chstwahrscheinlich stammten die Innereien von  einem Schaf. <\/p>\n\n\n\n<h4 class=\"wp-block-heading\">(Speyer) &#8211; Vorfall mit Schusswaffe; Zeugen\/Gesch\u00e4digte gesucht<\/h4>\n\n\n\n<p>Am Samstag, 13.04.2019, gegen 18.30 Uhr, kam es in der Kutschergasse zu  einem Vorfall zwischen einem bisher unbekannten Fahrzeug (besetzt mit 2  Personen) und einer Gruppe Jugendlicher. Hierbei h\u00e4tte ein Jugendlicher  mit einer schwarzen Pistole hantiert. Die gemeldete Pistole stellte  sich bei einer \u00dcberpr\u00fcfung durch die Polizei als Spielzeugwaffe heraus.  Sachdienliche Hinweise zu diesem Vorfall bitte an die Polizeiinspektion  Speyer (Tel. 06232 1370 oder per Mail an <a href=\"mailto:pispeyer@polizei.rlp.de\">pispeyer@polizei.rlp.de<\/a>) <\/p>\n\n\n\n<h4 class=\"wp-block-heading\">(Speyer) &#8211; Schwan mit Pfeil im Hals gerettet<\/h4>\n\n\n\n<div class=\"wp-block-image\"><figure class=\"aligncenter\"><img decoding=\"async\" loading=\"lazy\" width=\"800\" height=\"627\" src=\"https:\/\/speyer24news.com\/wp-content\/uploads\/2019\/04\/IMG-20190413-WA0027.jpg\" alt=\"\" class=\"wp-image-12307\" srcset=\"https:\/\/speyer24news.com\/wp-content\/uploads\/2019\/04\/IMG-20190413-WA0027.jpg 800w, https:\/\/speyer24news.com\/wp-content\/uploads\/2019\/04\/IMG-20190413-WA0027-300x235.jpg 300w, https:\/\/speyer24news.com\/wp-content\/uploads\/2019\/04\/IMG-20190413-WA0027-768x602.jpg 768w\" sizes=\"(max-width: 800px) 100vw, 800px\" \/><\/figure><\/div>\n\n\n\n<p>Zu einem unglaublichen Einsatz wurde die Feuerwehr Speyer am 13.4.2019 um 11:56 Uhr gerufen. <\/p>\n\n\n\n<p>Ein sichtlich durch einen Pfeil verletzter Schwan schwamm im \nYachthafen. Erste Einfangversuche mit einem K\u00e4scher von Land aus waren \nerfolglos. Da zu dieser Zeit gerade eine Feuerwehrbootsausbildung des \nRhein-Pfalz-Kreis unter Beteiligung der Feuerwehr Speyer auf dem Rhein \nstattfand, wurden diese kurzerhand um Hilfe von der Wasserseite aus \ngebeten.<\/p>\n\n\n\n<p>Leider entzog sich der verletzte Schwan aber immer wieder den  Einfangversuchen der Bootsbesatzungen und flog davon. Daraufhin wurde  der Einsatz abgebrochen.<\/p>\n\n\n\n<div class=\"wp-block-image\"><figure class=\"aligncenter\"><img decoding=\"async\" loading=\"lazy\" width=\"500\" height=\"667\" src=\"https:\/\/speyer24news.com\/wp-content\/uploads\/2019\/04\/IMG_20190413_183257020_HDR.jpg\" alt=\"\" class=\"wp-image-12308\" srcset=\"https:\/\/speyer24news.com\/wp-content\/uploads\/2019\/04\/IMG_20190413_183257020_HDR.jpg 500w, https:\/\/speyer24news.com\/wp-content\/uploads\/2019\/04\/IMG_20190413_183257020_HDR-225x300.jpg 225w\" sizes=\"(max-width: 500px) 100vw, 500px\" \/><\/figure><\/div>\n\n\n\n<p>Um 17:53 Uhr gingen mehrere Anrufe bei Polizei, Feuerwehr und \nTierrettung Rhein-Neckar ein, dass der verletzte Schwan erneut in der \nSpeyerbachm\u00fcndung gesichtet wurde. Zusammen mit der Tierrettung gelang \nes dann den Feuerwehrkameraden, das Tier zum Ufer zu treiben und \neinzufangen.<\/p>\n\n\n\n<p>Der schwerverletzte Schwan wurde durch die Feuerwehr in die  Tierklinik nach Frankenthal gefahren, wo er am heutigen Sonntag einem  Spezialisten vorgestellt wird. Die Polizei ermittelt.<br> <br>Wir alle sind sprachlos ob der Tierqu\u00e4lung und k\u00f6nnen solch dummes  Verhalten der Verursacher oder des Verursacher nicht verstehen.<\/p>\n\n\n\n<p><em>Presse- und Medienteam der Feuerwehr Speyer<br>15.04.2019<\/em><\/p>\n\n\n\n<h4 class=\"wp-block-heading\">(Speyer) &#8211; Taschendiebstahl Fu\u00dfg\u00e4ngerzone<\/h4>\n\n\n\n<p>Einer 16-j\u00e4hrigen Passantin wurde am Nachmittag des 08.04.2019 im  Bereich der Fu\u00dfg\u00e4ngerzone aus ihrer Jackentasche ihr Smartphone  entwendet. In diesem Zusammenhang warnt die Polizei, insbesondere an  \u00d6rtlichkeiten mit hohem Personenaufkommen Jackentaschen und mitgef\u00fchrte  Taschen verschlossen zu halten. Hinweise auf verd\u00e4chtige Personen nimmt  die Polizei Speyer unter der Tel.-Nr. 06232\/137-0 oder per Mail an <a href=\"mailto:pispeyer@polizei.rlp.de\">pispeyer@polizei.rlp.de<\/a> entgegen. <\/p>\n\n\n\n<h4 class=\"wp-block-heading\">(Schifferstadt) &#8211; Fund eines verd\u00e4chtigen Gegenstandes<\/h4>\n\n\n\n<p><strong>Gemeinsame Presseerkl\u00e4rung der Staatsanwaltschaft Frankenthal und des Polizeipr\u00e4sidiums Rheinpfalz: <\/strong><\/p>\n\n\n\n<p>Am\n Samstag, den 13.04.2019 wurde im Garten hinter einem Mehrfamilienhaus \nin der Salierstra\u00dfe in Schifferstadt ein verd\u00e4chtiger Gegenstand \naufgefunden. Eine Untersuchung der Kriminalpolizei ergab, dass es sich \num ein Einmachglas handelte, in welchem sich unter anderem drei \nSilvesterb\u00f6ller befanden. Zu einer Z\u00fcndung des Gegenstandes kam es \nnicht. Die Untersuchung ergab, dass der Gegenstand nicht dazu geeignet \nwar, einen Schaden am Geb\u00e4ude zu verursachen. Die Kriminalpolizei \nLudwigshafen bittet um sachdienliche Hinweise unter der Telefonnummer \n0621- 963 2773. <\/p>\n\n\n\n<h4 class=\"wp-block-heading\">(Limburgerhof) &#8211; Unfallverursacher fl\u00fcchtet<\/h4>\n\n\n\n<p>Ein unbekannter Pkw-Fahrer stie\u00df vermutlich beim Ein-oder Ausparken  gegen einen BMW, der auf dem Parkplatz der Chenover Stra\u00dfe abgestellt  war und fuhr danach weg. Der Vorfall ereignete sich am 10.04.19, zw.  08.15 &#8211; 08.40 Uhr. An dem geparkten Fahrzeug entstand ein Schaden von  ca. 2000.- EUR. <\/p>\n\n\n\n<h4 class=\"wp-block-heading\">(Mutterstadt) &#8211; Fahrzeuglack zerkratzt<\/h4>\n\n\n\n<p>Unbekannte T\u00e4ter besch\u00e4digten am 09.04.19, zw. 08.00 &#8211; 12.00 Uhr einen  schwarzen BMW, der in der Stra\u00dfe Am Speyerer Weg abgestellt war. An dem  Fahrzeug wurde der Lack der Beifahrert\u00fcr mit einem spitzen Gegenstand  zerkratzt. Schadensh\u00f6he: ca. 1000.- EUR. <\/p>\n\n\n\n<h4 class=\"wp-block-heading\">(Lustadt) &#8211; T\u00fcr des Gemeindehaus besch\u00e4digt<\/h4>\n\n\n\n<p>50 Euro Sachschaden verursachten bislang unbekannte T\u00e4ter, welche im  Zeitraum von Mittwoch bis Freitag den T\u00fcrgriff des Gemeindehaus mit  Farbe beschmierten sowie etwas Brennendes in den Briefkasten warfen.  Zeugenhinweise nimmt die Polizeiinspektion Germersheim telefonisch unter  07274\/958-0 oder per Mail unter <a href=\"mailto:pigermersheim@polizei.rlp.de\">pigermersheim@polizei.rlp.de<\/a>  entgegen. <\/p>\n\n\n\n<h4 class=\"wp-block-heading\">(Germersheim) &#8211; Betrunken mit dem Auto unterwegs<\/h4>\n\n\n\n<p>Am Sonntagmorgen um 02:10 Uhr wurde ein 56-J\u00e4hriger einer allgemeinen  Verkehrskontrolle unterzogen. Auf Grund erheblichen Alkoholgeruchs im  Atem wurde mit diesem ein Atemalkoholtest durchgef\u00fchrt, welcher einen  Wert von 1,66 Promille ergab. Dem Mann wurde anschlie\u00dfend eine Blutprobe  entnommen und sein F\u00fchrerschein wurde vorl\u00e4ufig entzogen. <\/p>\n\n\n\n<h4 class=\"wp-block-heading\">(Germersheim) &#8211; Unter Drogeneinfluss am Steuer<\/h4>\n\n\n\n<p>Ein 20-J\u00e4hriger Autofahrer f\u00fchrte am Samstag um 01:15 Uhr seinen PKW,  obwohl er unter dem Einfluss von THC und Amphetamin stand. Dies konnte  bei einer allgemeinen Verkehrskontrolle und einem auf Grund von  Auff\u00e4lligkeiten durchgef\u00fchrten Drogenvortest durch die Beamten  festgestellt werden. Ihm wurde anschlie\u00dfend eine Blutprobe entnommen. <\/p>\n\n\n\n<h4 class=\"wp-block-heading\">(Germersheim) &#8211; Zeugen nach Verkehrsunfallflucht gesucht<\/h4>\n\n\n\n<p>600 Euro Sachschaden sind die Bilanz einer Verkehrsunfallflucht, die  sich am Freitag zwischen 10:30 und 11:00 Uhr auf dem REWE-Parkplatz am  FMZ zugetragen hat. Ein 66-J\u00e4hriger stellte bei der R\u00fcckkehr zu seinem  PKW fest, dass dieser w\u00e4hrend des Einkaufs durch einen rechts daneben  ausparkenden PKW besch\u00e4digt wurde. Bei diesem d\u00fcrfte es sich laut  Gesch\u00e4digten um einen wei\u00dfen Kleinwagen mit Werbeaufschrift handeln,   welcher von einer ca. 30-J\u00e4hrigen Dame gef\u00fchrt wurde. Diese entfernte  sich unerlaubt von der Unfallstelle. Zeugenhinweise nimmt die  Polizeiinspektion Germersheim telefonisch unter 07274\/958-0 oder per  Mail unter <a href=\"mailto:pigermersheim@polizei.rlp.de\">pigermersheim@polizei.rlp.de<\/a>  entgegen. <\/p>\n\n\n\n<h4 class=\"wp-block-heading\">(W\u00f6rth am Rhein) &#8211; Verkehrskontrollen durch die Polizei<\/h4>\n\n\n\n<p>Bereits am Freitag zwischen 06:20h und 08h kontrollierten W\u00f6rther  Polizisten u.a. das bestehende Durchfahrtsverbot zwischen Hagenbach und  Maximiliansau. Neben 27 Verst\u00f6\u00dfen gegen die bestehende Beschilderung  wurden 4 weitere Verst\u00f6\u00dfe verwarnt sowie eine Fahrt unter  Bet\u00e4ubungsmitteln festgestellt. Zwischen 09:30 und 11:30h wurde dann die  Geschwindigkeit auf der Bienwald-B9 zwischen Kandel-S\u00fcd und Langenberg  \u00fcberwacht. Hierbei ergaben sich 25 Geschwindigkeitsverst\u00f6\u00dfe sowie 4  weitere Verwarnungen. Die h\u00f6chste gemessene Geschwindigkeit bei einer  zugelassenen H\u00f6chstgeschwindigkeit von 70km\/h waren 104km\/h. <\/p>\n\n\n\n<h4 class=\"wp-block-heading\">(Bad Bergzabern) &#8211; Schaufensterscheibe besch\u00e4digt<\/h4>\n\n\n\n<p>In der Nacht von Samstag auf Sonntag wurde die 2m x 2,70m gro\u00dfe  Schaufensterscheibe eines Nagelstudios in der Kurtalstra\u00dfe in Bad  Bergzabern besch\u00e4digt. Hierdurch ist ein Schaden von ca. 800EUR  entstanden. Zeugen die Hinweise auf den Verursacher machen k\u00f6nnen werden  gebeten sich bei der Polizeiinspektion Bad Bergzabern unter 06343-93340  oder per E-Mail <a href=\"mailto:pibadbergzabern@Polizei.rlp.de\">pibadbergzabern@Polizei.rlp.de<\/a> zu melden. <\/p>\n\n\n\n<h4 class=\"wp-block-heading\">(Bad Bergzabern) &#8211; Trekkingrad entwendet<\/h4>\n\n\n\n<p>In der Nacht auf den 12.04.2019 wurde in der Kettengasse in Bad  Bergzabern ein hellgraues Herren-Trekkingrad entwendet. Das Fahrrad  stand unverschlossen vor der dortigen Gastst\u00e4tte. <\/p>\n\n\n\n<p>Zeugen werden gebeten sich bei der Polizeiinspektion Bad Bergzabern unter 06343 93340 oder per E-Mail <a href=\"mailto:pibadbergzabern@polizei.rlp.de\">pibadbergzabern@polizei.rlp.de<\/a> zu melden. <\/p>\n\n\n\n<h4 class=\"wp-block-heading\">(Bad Bergzabern) &#8211; Wegen Anzeige zur Dienststelle gekommen, neue Anzeige kassiert<\/h4>\n\n\n\n<p>Ein 22-J\u00e4hriger aus der Verbandsgemeinde Bad Bergzabern kam zur  Dienststelle, um sich nach einer Anzeige, wegen Versto\u00df gegen das  Pflichtversicherungsgesetz, gegen ihn zu erkundigen. Hierbei kam er  jedoch mit einem PKW, welcher sich seit 4 Jahren in Deutschland  befindet, jedoch keine deutsche Zulassung hatte. Daher wurde ein  weiteres Ermittlungsverfahren wegen des Versto\u00dfes gegen das  Pflichtversicherungsgesetz eingeleitet. Auch das Hauptzollamt wurde  informiert, da f\u00fcr das Fahrzeug in Deutschland bislang keine Steuer  entrichtet wurde. <\/p>\n\n\n\n<h4 class=\"wp-block-heading\">(D\u00f6rrenbach \/ B 38) &#8211; Betrunken mit dem Auto unterwegs<\/h4>\n\n\n\n<p>Am 13.04.2019, gegen 01:30 Uhr wurde bei einer gemeinsamen Kontrolle  der die Bundespolizei Bienwald und der Polizeiinspektion Bad Bergzabern  der 24-j\u00e4hrige Franzose aus dem benachbarten Wissembourg einer Kontrolle  unterzogen. Hierbei ergab eine \u00dcberpr\u00fcfung einen Alkoholwert von \u00fcber  1,4 Promille. Ihm wurde auf der Dienststelle eine Blutprobe entnommen  und sein F\u00fchrerschein wurde sichergestellt. Des Weiteren musste er eine  Sicherheitsleistung hinterlegen. Die Heimfahrt wurde anschlie\u00dfend durch  den n\u00fcchternen Beifahrer fortgesetzt. <\/p>\n\n\n\n<h4 class=\"wp-block-heading\">(Landau \/ B 10) &#8211; Trunkenheit im Verkehr<\/h4>\n\n\n\n<p>Ein 26-j\u00e4hriger Pkw-Fahrer aus Stuttgart wurde in der Nacht zu Sonntag einer Verkehrskontrolle  unterzogen wobei deutlicher Alkoholeinfluss, Alco-Test ergab 1,73  Promille, festgestellt werden konnte. Der junge Mann konnte sich kaum  auf den Beinen halten.  Es folgte eine Blutentnahme und die  Sicherstellung seines F\u00fchrerscheins. <\/p>\n\n\n\n<h4 class=\"wp-block-heading\">(Landau) &#8211; Einbruchdiebstahl<\/h4>\n\n\n\n<p>Unbekannte T\u00e4ter verschafften sich zw. Samstagabend und Samstagnacht Zugang in das Wohnhaus. Das gesamte  Anwesen wurde gr\u00fcndlich durchw\u00fchlt und augenscheinlich Schmuck und  Bargeld entwendet. Die Schadensh\u00f6he steht noch nicht fest. Sachdienliche  Hinweise bitte an die Polizei Landau unter Tel. Nr. 06341\/2870 oder per  Email an <a href=\"mailto:pilandau@polizei.rlp.de\">pilandau@polizei.rlp.de<\/a> <\/p>\n\n\n\n<h4 class=\"wp-block-heading\">(Landau) &#8211; Sachbesch\u00e4digung an Pkw<\/h4>\n\n\n\n<p>Unbekannter T\u00e4ter zerkratzte zw. Freitagnachmittag und Samstagnachmittag einen Ford Focus welcher in der  Wieslauterstr. zum Parken abgestellt war jeweils mit einem 50 cm langen  Kratzer am vorderen rechten Kotfl\u00fcgel, sowie an der Beifahrert\u00fcr.  T\u00e4terhinweise sowie Hinweise zum Tathergang liegen nicht vor.  Sachdienliche Hinweise bitte an die Polizei Landau unter Tel. Nr.  06341\/2870 oder per Email an <a href=\"mailto:pilandau@polizei.rlp.de\">pilandau@polizei.rlp.de<\/a> <\/p>\n\n\n\n<h4 class=\"wp-block-heading\">(Landau) &#8211; Sachbesch\u00e4digung an Pkw<\/h4>\n\n\n\n<p>Unbekannter T\u00e4ter zerkratzte im Laufe des Freitag mit einem spitzen Gegenstand einen  schwarzen BMW, welcher zum Tatzeitpunkt ordnungsgem\u00e4\u00df auf einen daf\u00fcr  vorgesehenen Parkplatz am st\u00e4dtischen Klinikum in LD abgestellt war.  Sachschaden: ca. 40 cm langer Kratzer an der Fahrert\u00fcr. Sachschadensh\u00f6he  ca. 1500EUR. T\u00e4terhinweise liegen bislang keine vor. Sachdienliche  Hinweise bitte an die Polizei Landau unter Tel. Nr. 06341\/2870 oder per  Email an <a href=\"mailto:pilandau@polizei.rlp.de\">pilandau@polizei.rlp.de<\/a> <\/p>\n\n\n\n<h4 class=\"wp-block-heading\">(Albersweiler) &#8211; Auf geparkten LKW aufgefahren<\/h4>\n\n\n\n<p>Am 12.04.2019 fuhr eine 53-j\u00e4hrige PKW-Fahrerin in der Weinstra\u00dfe auf  einen geparkten LKW auf. Anschlie\u00dfend wollte sie wegfahren, was der  LKW-Fahrer verhindern konnte. Die Frau stand unter Alkohol- und  Medikamenteneinfluss. Von daher wurde eine Blutprobe entnommen und der  F\u00fchrerschein sichergestellt. <\/p>\n\n\n\n<h4 class=\"wp-block-heading\">(Hochstadt) &#8211; Einbruchdiebstahl in Wohnhaus<\/h4>\n\n\n\n<p>Unbekannte T\u00e4ter brachen zw. dem 07.04. &#8211; 13.04.2019 in das Einfamilienhaus ein und durchw\u00fchlten  das gesamte Anwesen. Sie verursachten erheblichen Sachschaden (min.  3.000 EUR). \u00dcber das Diebesgut gibt es zurzeit noch keine verl\u00e4sslichen  Angaben. Die Ermittlungen dauern noch an. Sachdienliche Hinweise bitte  an die Polizei Landau unter Tel. Nr. 06341\/2870 oder per Email an <a href=\"mailto:pilandau@polizei.rlp.de\">pilandau@polizei.rlp.de<\/a> <\/p>\n\n\n\n<h4 class=\"wp-block-heading\">(Edesheim) &#8211; Verkehrsunfallflucht<\/h4>\n\n\n\n<p>Ein ordnungsgem\u00e4\u00df geparkter PKW stand in einer Parkbucht in  Fahrtrichtung Staatsstra\u00dfe. Vermutlich beim Vorbeifahren wurde der linke  Au\u00dfenspiegel besch\u00e4digt. Es entstand ein Schaden von ca. 150 Euro. Es  wurden unter anderem Fahrzeugteile gefunden, welche Hinweise auf den  Verursacher geben k\u00f6nnen. Die Ermittlungen dauern an. Zeugen werden  gebeten, sich bei der Polizeiinspektion Edenkoben unter der  Telefonnummer 06323\/955-0 und unter <a href=\"mailto:piedenkoben@polizei.rlp.de\">piedenkoben@polizei.rlp.de<\/a> melden. <\/p>\n\n\n\n<h4 class=\"wp-block-heading\">(A 65 \/ Rastanlage Pf\u00e4lzer Weinstra\u00dfe-Ost) &#8211; Verkehrskontrolle<\/h4>\n\n\n\n<p>Gemeinsam mit der Bundespolizei wurden am Freitagnachmtitag auf der Rastanlage  Verkehrskontrollen durchgef\u00fchrt. Ein Augenmerk wurde besonders auf  Eigentums-, Bet\u00e4ubungsmittelkriminalit\u00e4t und auf Verst\u00f6\u00dfe nach den  ausl\u00e4nderrechtlichen Bestimmungen gelegt. Es ergaben sich Verst\u00f6\u00dfe wie  Kennzeichenmissbrauch, Verst\u00f6\u00dfe gegen das Ausl\u00e4nderrecht (Bearbeitung  durch Bundespolizei) und diverse andere kleinere Verst\u00f6\u00dfe. Auch eine  Sicherheitsleistung wegen eines Handyversto\u00dfes bei einem EU-B\u00fcrger wurde  erhoben. <\/p>\n\n\n\n<h4 class=\"wp-block-heading\">(Edenkoben) &#8211; Betrunkenes M\u00e4dchen<\/h4>\n\n\n\n<figure class=\"wp-block-image\"><img decoding=\"async\" src=\"https:\/\/speyer24news.com\/wp-content\/uploads\/2019\/04\/Alkohol.jpg\" alt=\"\" class=\"wp-image-12304\"\/><\/figure>\n\n\n\n<p>Der Fahrer des Palatina-Bus erschien Samstagnacht auf der hiesigen  Dienststelle und teilte mit, dass ein stark alkoholisiertes M\u00e4dchen im  Bus aus Neustadt sitzen w\u00fcrde. Die 15 j\u00e4hrige hatte einen Wert von 1,59  Promille bei einem Alkoholtest. Sie wurde ihren Eltern \u00fcbergeben, welche  nicht erfreut waren. Wer dem M\u00e4dchen derart viel Alkohol zukommen lie\u00df,  wird noch ermittelt. Zeugen werden gebeten, sich bei der  Polizeiinspektion Edenkoben unter der Telefonnummer 06323\/955-0 und  unter <a href=\"mailto:piedenkoben@polizei.rlp.de\">piedenkoben@polizei.rlp.de<\/a> melden. <\/p>\n\n\n\n<h4 class=\"wp-block-heading\">(Edenkoben) &#8211; Verkehrsunfallflucht<\/h4>\n\n\n\n<p>Ein ordnungsgem\u00e4\u00df geparkter PKW wurde am Freitagmittag beim Ausparken durch einen anderen  PKW hinten links besch\u00e4digt. Der Verursacher verlie\u00df die \u00d6rtlichkeit,  ohne sich um den Schaden zu k\u00fcmmern. <\/p>\n\n\n\n<p>Zeugen werden gebeten, sich bei der Polizeiinspektion Edenkoben unter der Telefonnummer 06323\/955-0 und unter <a href=\"mailto:piedenkoben@polizei.rlp.de\">piedenkoben@polizei.rlp.de<\/a> melden. <\/p>\n\n\n\n<h4 class=\"wp-block-heading\">(Edenkoben) &#8211; Verkehrsunfallflucht II<\/h4>\n\n\n\n<p>Wie erst jetzt bekannt wurde, besch\u00e4digte ein Fahrzeugf\u00fchrer am Anfang  diesen Monats ( 29.03.2019, 13:00 Uhr &#8211; 01.04.2019, 13:00 Uhr ) eine Beet-Einfassung aus Beton-Randsteinen und entfernte  sich von der \u00d6rtlichkeit, ohne sich um den Schaden zu k\u00fcmmern. Zeugen  werden gebeten, sich bei der Polizeiinspektion Edenkoben unter der  Telefonnummer 06323\/955-0 und unter <a href=\"mailto:piedenkoben@polizei.rlp.de\">piedenkoben@polizei.rlp.de<\/a> melden. <\/p>\n\n\n\n<h4 class=\"wp-block-heading\">(Neustadt) &#8211; Personenkontrolle<\/h4>\n\n\n\n<p>Nach einer vorausgegangenen Sachbesch\u00e4digung wurde in der Nacht von  Samstag auf Sonntag ein 46-j\u00e4hriger Neust\u00e4dter einer Personenkontrolle  unterzogen. Hierbei konnte neben einem K\u00fcchenmesser auch ein  Pfefferspray aufgefunden werden. Die Person erwartet nun eine  Strafanzeige. <\/p>\n\n\n\n<h4 class=\"wp-block-heading\">(Neustadt) &#8211; Streitigkeiten enden in K\u00f6rperverletzung<\/h4>\n\n\n\n<p>Im Zuge von zun\u00e4chst verbalen Streitigkeiten schlug ein 32-j\u00e4hriger  einem 45-j\u00e4hrigem mit einer Bierflasche mehrfach ins Gesicht. Der  alkoholisierte Beschuldigte konnte im n\u00e4heren Umfeld noch durch die  Polizei angetroffen werden.  Da der Beschuldigte im Verlauf der  polizeilichen Ma\u00dfnahmen immer aggressiver wurde verbrachte er die Nacht  bei der Polizei. <\/p>\n\n\n\n<h4 class=\"wp-block-heading\">(Neustadt) &#8211; Unfallzeuge gesucht Teil I<\/h4>\n\n\n\n<p>Ein bislang noch unbekannter Fahrzeugf\u00fchrer besch\u00e4digte am Freitag vermutlich beim  Ein- oder Ausparken ein an der Waschstra\u00dfe des Globusmarkts in Neustadt  abgestellten silbernen BMW mit S\u00dcW Kennzeichen. Das Fahrzeug wurde bei  dem Unfall am vorderen rechten Radkasten besch\u00e4digt. Der Schaden bel\u00e4uft  sich auf ca. 800 Euro. Zeugen, welche Angaben zu dem Unfallhergang oder  dem m\u00f6glichen Unfallverursacher machen k\u00f6nnen werden gebeten sich bei  der Polizei in Neustadt zu melden (06321\/8540). <\/p>\n\n\n\n<h4 class=\"wp-block-heading\">(Neustadt) &#8211; Unfallzeugen gesucht Teil II<\/h4>\n\n\n\n<p>Ohne sich um  den entstandenen Schaden in H\u00f6he von ca. 3000 Euro zu  k\u00fcmmern entfernte sich ein vermutlich silberner Hyundai Santa Fe mit  unbekanntem Kennzeichen am 13.04.2019, um 16:30 Uhr, von der  Unfall\u00f6rtlichkeit in der Kirchstra\u00dfe in Neustadt. Hinweise zu dem  Unfallhergang und dem fl\u00fcchtigen Fahrzeug nimmt die Polizei Neustadt  entgegen (06321\/8540). <\/p>\n\n\n\n<h4 class=\"wp-block-heading\">(Ha\u00dfloch) &#8211; Verkehrsunfall mit verletzter Person<\/h4>\n\n\n\n<div class=\"wp-block-image\"><figure class=\"aligncenter\"><img decoding=\"async\" loading=\"lazy\" width=\"800\" height=\"600\" src=\"https:\/\/speyer24news.com\/wp-content\/uploads\/2019\/04\/14.04.19-Ha\u00dfloch-VU.jpg\" alt=\"\" class=\"wp-image-12305\" srcset=\"https:\/\/speyer24news.com\/wp-content\/uploads\/2019\/04\/14.04.19-Ha\u00dfloch-VU.jpg 800w, https:\/\/speyer24news.com\/wp-content\/uploads\/2019\/04\/14.04.19-Ha\u00dfloch-VU-300x225.jpg 300w, https:\/\/speyer24news.com\/wp-content\/uploads\/2019\/04\/14.04.19-Ha\u00dfloch-VU-768x576.jpg 768w, https:\/\/speyer24news.com\/wp-content\/uploads\/2019\/04\/14.04.19-Ha\u00dfloch-VU-678x509.jpg 678w, https:\/\/speyer24news.com\/wp-content\/uploads\/2019\/04\/14.04.19-Ha\u00dfloch-VU-326x245.jpg 326w, https:\/\/speyer24news.com\/wp-content\/uploads\/2019\/04\/14.04.19-Ha\u00dfloch-VU-80x60.jpg 80w\" sizes=\"(max-width: 800px) 100vw, 800px\" \/><figcaption>Verkehrsunfall Holidayparkstra\u00dfe<\/figcaption><\/figure><\/div>\n\n\n\n<p>Am 14.04.2019, um ca. 12:00 Uhr, kam es auf der Holidayparkstra\u00dfe im  Bereich der Ponyfarm zu einem Verkehrsunfall mit alleinbeteiligtem Pkw.  Die 55j\u00e4hrige Fahrerin aus Ginsheim-Gustavsburg befuhr die L 529 von der  B 39 kommend in Richtung Ha\u00dfloch. Nach eigenen Angaben bremste sie  aufgrund eines querenden Tieres stark ab. Vermutlich kam sie zun\u00e4chst  nach rechts von der Fahrbahn ab. Nach einigen Metern lenkte sie gegen,  \u00fcberquerte die Fahrbahn und kam nach links von dieser ab. Im  Gr\u00fcnstreifen \u00fcberschlug sich das Fahrzeug schlie\u00dflich und blieb auf dem  Dach auf dem Radweg neben der L 529 liegen. Die Fahrerin befand sich  alleine im Fahrzeug und konnte sich selbst daraus befreien. Sie war  ansprechbar. W\u00e4hrend der Unfallaufnahme war die L 529 f\u00fcr ca. 45 Minuten  in beide Richtungen gesperrt. Am Pkw entstand Totalschaden, er wurde  durch einen Abschleppdienst geborgen. Die Fahrerin wurde in ein  Krankenhaus verbracht, zum Stand der Verletzungen ist bisher noch nichts  bekannt. Sowohl der Rettungsdienst als auch die Freiwillige Feuerwehr  Ha\u00dfloch waren mit mehreren Kr\u00e4ften und Fahrzeugen im Einsatz. Die  verletzte Fahrerin wurde von vielen Ersthelfern bis zur \u00dcbernahme des  Rettungsdienstes vorbildlich betreut. <\/p>\n\n\n\n<h4 class=\"wp-block-heading\">(Bad D\u00fcrkheim) &#8211; Motorradfahrerin nach Sturz leicht verletzt<\/h4>\n\n\n\n<p>Am Samstag, 13.04.2019, gegen 18:30 Uhr, st\u00fcrzte in Bad D\u00fcrkheim,  Seebacher Pfad, eine 56-j\u00e4hrige Motoradfahrerin aus Bad D\u00fcrkheim beim  Anfahren und verletzte sich hierbei leicht am Knie. Sie wurde zur  Untersuchung ins Krankenhaus nach Bad D\u00fcrkheim gebracht. Ihr Motorrad  prallte nach dem Sturz gegen einen geparkten Pkw, insgesamt entstand ein  Sachschaden in H\u00f6he von ca. 2.700,- Euro. <\/p>\n\n\n\n<h4 class=\"wp-block-heading\">(Bad D\u00fcrkheim) &#8211; Unfallflucht<\/h4>\n\n\n\n<p>Am Samstag, 13.04.2019, in der Zeit zwischen 17:40 und 19:20 Uhr,  besch\u00e4digte ein unbekannter Fahrzeugf\u00fchrer einen geparkten Pkw in Bad  D\u00fcrkheim, in der Hinterbergstra\u00dfe, und entfernte sich anschlie\u00dfend  unerlaubt von der Unfallstelle. Der geparkte Pkw wurde an der hinteren  linken T\u00fcr besch\u00e4digt, Sachschaden ca. 1.000,- Euro. Zeugen werden  gebeten, sich bei der Polizei in Bad D\u00fcrkheim unter 06322 9630 oder per  E-Mail an <a href=\"mailto:pibadduerkheim@polizei.rlp.de\">pibadduerkheim@polizei.rlp.de<\/a> zu melden. <\/p>\n\n\n\n<h4 class=\"wp-block-heading\">(Freinsheim) &#8211; Einbruch in Einfamilienhaus<\/h4>\n\n\n\n<p>Am 12.04.2019 in der Zeit von 19.30 bis 22.00 Uhr wurde in ein  Einfamilienhaus in Freisheim in der Stra\u00dfe Am Wurmberg eingebrochen. Die  unbekannten T\u00e4ter n\u00e4herten sich vermutlich \u00fcber einen Feldweg, hebelten  ein bodentiefes Fenster im r\u00fcckw\u00e4rtigen Bereich auf und gelangten so in  das Anwesen. In dem Anwesen wurden s\u00e4mtliche R\u00e4ume angegangen. Der  Tatort wurde durch die Kriminalpolizei aufgenommen. Eine  Nachbarschaftsbefragung wurde veranlasst. Die genaue Schadensh\u00f6he steht  noch nicht fest. <\/p>\n\n\n\n<h4 class=\"wp-block-heading\">(Dackenheim) &#8211; Bei Verkehrskontrolle Alkoholgeruch beim Fahrer festgestellt<\/h4>\n\n\n\n<p>Am 13.04.2019, gegen 02.50 Uhr wurde in Dackenheim in der Weisenheimer  Stra\u00dfe  ein PKW Seat einer allgemeinen Verkehrskontrolle unterzogen. Bei  der Kontrolle des 24-j\u00e4hrigen Fahrers aus dem Kreis Bad D\u00fcrkheim wurde  Alkoholgeruch in der Atemluft festgestellt. Ein freiwillig  durchgef\u00fchrter Atemalkoholtest ergab einen Wert von 1,23 Promille. Dem  Fahrzeugf\u00fchrer wurde eine Blutprobe entnommen.  Der F\u00fchrerschein und  Fahrzeugschl\u00fcssel wurden sichergestellt. Den Mann erwartet eine  Geldstrafe und der F\u00fchrerschein wird f\u00fcr mindestens 6 Monate entzogen. <\/p>\n\n\n\n<h4 class=\"wp-block-heading\">(Gr\u00fcnstadt) &#8211; Auseinandersetzung unter Jugendlichen<\/h4>\n\n\n\n<p>Am Sonntag, 14.04.2019, gegen 13:00 Uhr kam es im Au\u00dfenbereich der  Martinskirche, Gr\u00fcnstadt, zu einer t\u00e4tlichen Auseinandersetzung zwischen  einem Jugendlichen und einem Heranwachsenden. Hierbei soll auch ein  Messer im Spiel gewesen sein. Beide Beteiligte wurden leicht verletzt.  Hintergr\u00fcnde f\u00fcr die Tat sind derzeit ungekl\u00e4rt, die Ermittlungen dauern  an. Es wird nachberichtet. <\/p>\n\n\n\n<h4 class=\"wp-block-heading\">(Gr\u00fcnstadt) &#8211; Trunkenheitsfahrt<\/h4>\n\n\n\n<p>Ein 61-j\u00e4hriger Mann aus Obrigheim wurde am Sonntagmorgen um 08:30 Uhr  in der Kirchheimer Stra\u00dfe in Gr\u00fcnstadt einer Verkehrskontrolle  unterzogen. Der Mann war nach eigenen Angaben auf dem Weg nach  Ludwigshafen am Rhein zur Arbeit. Die Beamten hatten schnell den  Verdacht, dass der Mann unter dem Einfluss von Alkohol stehen k\u00f6nnte.   Sie staunten schlie\u00dflich nicht schlecht, als das Atemalkoholmessger\u00e4t  den Wert von 2,42 Promille anzeigte. Die Weiterfahrt wurde untersagt.  Der F\u00fchrerschein wurde beschlagnahmt. Dem Mann wurde eine Blutprobe  entnommen. Gegen den Mann wurde ein Strafverfahren hinsichtlich \u00a7316 des  Strafgesetzbuches,dem F\u00fchren eines Fahrzeuges bei Fahrunsicherheit  infolge Alkoholgenusses, eingeleitet. <\/p>\n\n\n\n<h4 class=\"wp-block-heading\">(Fu\u00dfg\u00f6nheim) &#8211; K\u00f6rperverletzung<\/h4>\n\n\n\n<p>Gegen Mittag des 13.04.2019 geraten eine 67j\u00e4hrige und eine 33j\u00e4hrigen  Frau, vor einer B\u00e4ckerei, aneinander. Aufgrund von Unstimmigkeiten \u00fcber  die Parksituation kommt es zwischen beiden Frauen zu einer handfesten  Auseinandersetzung, in deren Folge eine der Beteiligten leicht verletzt  wird. Durch die hinzugerufene Polizei wird ein Ermittlungsverfahren  wegen wechselseitiger K\u00f6rperverletzung und gegenseitiger Beleidigung  eingeleitete. <\/p>\n\n\n\n<h4 class=\"wp-block-heading\">(Frankenthal) &#8211; Sachbesch\u00e4digung an Fahrzeug<\/h4>\n\n\n\n<p>In den fr\u00fchen Morgenstunden des 14.04.2019 meldet ein Passant, dass er  sieht wie aus einem fahrenden PKW ein parkendes Fahrzeug besch\u00e4digt  wird. Das Fahrzeug bef\u00e4hrt die Breitscheidstra\u00dfe in Frankenthal, als  einer der Beifahrer sich aus dem Fahrzeug lehnt und mit einem Gegenstand  den Au\u00dfenspiegel des abgestellten Autos abschl\u00e4gt. Bei der sofortigen  Fahndung kann der fl\u00fcchtige PKW nicht festgestellt werden. Ermittlungen  bez\u00fcglich des Verursachers sind dank des Passanten eingeleitet. <\/p>\n\n\n\n<p>Wer  sachdienliche Hinweise zu dem genannten Fall geben kann, wird gebeten  sich mit der Polizeiinspektion Frankenthal unter der Rufnummer  06233\/313-0 in Verbindung zu setzen. Hinweise k\u00f6nnen auch per E-Mail  unter <a href=\"mailto:pifrankenthal@polizei.rlp.de\">pifrankenthal@polizei.rlp.de<\/a> an die Polizei \u00fcbermittelt werden. <\/p>\n\n\n\n<h4 class=\"wp-block-heading\">(Frankenthal) &#8211; Sachbesch\u00e4digung an Fahrzeug<\/h4>\n\n\n\n<p>Am 13.04.2019 bemerkt der Fahrzeugbesitzer frische Besch\u00e4digungen an  seinem parkenden Fahrzeug. Den PKW hat er \u00fcber Nacht auf dem Parkplatz  des Mehrfamilienhauses, Lucas-Cranach-Stra\u00dfe 4, abgestellt. Bislang  unbekannte T\u00e4ter haben das Fahrzeugdach eingedellt, die Motorhaube sowie  die rechte und linke Fahrzeugseite verkratzt. Wer sachdienliche  Hinweise zu dem genannten Fall geben kann, wird gebeten sich mit der  Polizeiinspektion Frankenthal unter der Rufnummer 06233\/313-0 in  Verbindung zu setzen. Hinweise k\u00f6nnen auch per E-Mail unter <a href=\"mailto:pifrankenthal@polizei.rlp.de\">pifrankenthal@polizei.rlp.de<\/a> an die Polizei \u00fcbermittelt werden <\/p>\n\n\n\n<h4 class=\"wp-block-heading\">(Frankenthal) &#8211; Angriff auf offener Stra\u00dfe<\/h4>\n\n\n\n<p>Am Freitagmittag gegen 13:00 Uhr kommt es in der Elisabethstra\u00dfe in  Frankenthal zu einem k\u00f6rperlichen Angriff auf eine 59-j\u00e4hrige  Frankenthalerin. Die Frau wird von einem jungen Mann erst beleidigt und  dann grundlos mit der Faust geschlagen. Die 59-J\u00e4hrige wird durch den  Angriff leicht verletzt. Der Angreifer kann unerkannt entkommen. Der  Vorfall wird durch einige Zeugen beobachtet, welche gebeten werden sich  dringend mit der Polizei Frankenthal in Verbindung zu setzen. <\/p>\n\n\n\n<p>Zeugen  werden gebeten sich an die Polizeiinspektion Frankenthal unter der  Tel.-Nr.: 06233\/313-0 oder an die Polizeiwache Maxdorf unter der  Tel.-Nr.: 06237\/934-100 zu wenden. Gerne nehmen wir Ihre Hinweise auch  per E-Mail unter  <a href=\"mailto:pifrankenthal@polizei.rlp.de\">pifrankenthal@polizei.rlp.de<\/a> entgegen. <\/p>\n\n\n\n<h4 class=\"wp-block-heading\">(Bobenheim-Roxheim) &#8211; Verhinderter Wohnungseinbruch<\/h4>\n\n\n\n<p>Am 13.04.2019 kommt es zwischen 07:30Uhr und 08:30Uhr vermutlich zu  einem versuchten Wohnungseinbruch in Bobenheim- Roxheim. Ein Bewohner  h\u00f6rt wie jemand seine Wohnungst\u00fcr des Mehrfamilienhauses aufschlie\u00dft. Er  begibt sich zur T\u00fcr und erblickt eine unbekannte Person welche die T\u00fcre  bereits einen Spalt ge\u00f6ffnet hat. Dem unbekannten T\u00e4ter wird der Zugang  zur Wohnung verwehrt, woraufhin sich unverz\u00fcglich aus dem Haus  entfernt. Der unbekannte Mann kann im Rahmen der Fahndung nicht  festgestellt werden. <\/p>\n\n\n\n<h4 class=\"wp-block-heading\">(Ludwigshafen) &#8211; Alkoholisierter Fahrer im PKW eingeschlafen<\/h4>\n\n\n\n<p>Am Samstagabend beobachtete ein Zeuge um 21:30 Uhr, wie ein Fahrer mit  seinem Pkw im Innenhof eines Wohnanwesens in der Sch\u00fctzenstra\u00dfe parkte  und bei laufendem Motor im Fahrzeug einschlief. Die eintreffenden  Polizeibeamten konnten aus dem Fahrzeuginnenraum Alkoholgeruch  wahrnehmen. Ein anschlie\u00dfend durchgef\u00fchrter Atemalkoholtest ergab einen  Wert von 1,99 Promille. Der 36-j\u00e4hrige Fahrer aus Kroatien wurde  anschlie\u00dfend auf die Dienststelle verbracht, wo ihm eine Blutprobe  entnommen wurde. Der F\u00fchrerschein wurde beschlagnahmt. <\/p>\n\n\n\n<h4 class=\"wp-block-heading\">(Ludwigshafen) &#8211; Mit Alkohol und ohne F\u00fchrerschein<\/h4>\n\n\n\n<p>Weil er in Schlangenlinien unterwegs war, kontrollierte die Polizei  Oppau (Polizeiinspektion Ludwigshafen 2) am Samstagabend (13. April  2019, 18:30 Uhr) den Fahrer eines Lieferwagens in der Friedrichstra\u00dfe  (67069 Ludwigshafen-Oppau). 1,57 Promille ergab der Atemalkoholtest,  einen F\u00fchrerschein besa\u00df der 22-J\u00e4hrige nicht. Er wurde zur Dienststelle  gebracht, wo ihm eine Blutprobe entnommen wurde. Er muss sich nun wegen  Trunkenheit im Verkehr und Fahrens ohne Fahrerlaubnis verantworten. <\/p>\n\n\n\n<h4 class=\"wp-block-heading\">(Ludwigshafen) &#8211; \u00dcberraschender Fund<\/h4>\n\n\n\n<p>Auf einen metallischen Gegenstand gesto\u00dfen ist am Samstagnachmittag  (13. April 2019, 16 Uhr) der Besitzer eines Kleingartens  (BASF-Kleingartenanlage, Langgartenstra\u00dfe, Ludwigshafen-Friesenheim)  beim Ausgraben eines Gartenteichs. Es stellte sich heraus, dass es sich  um eine Stabbrandbombe aus dem zweiten Weltkrieg handelte, die bereits  abgebrannt war. Die Berufsfeuerwehr Ludwigshafen entsorgte den  Sprengk\u00f6rper. <\/p>\n\n\n\n<h4 class=\"wp-block-heading\">(Ludwigshafen) &#8211; Einbruch in PKW<\/h4>\n\n\n\n<p>Am 13.04.19 wurde im Zeitraum von 04:35 &#8211; 07:40 Uhr die Scheibe eines  schwarzen Toyota Yaris eingeschlagen, welcher in der Wittelsbachstra\u00dfe  zum Parken abgestellt war. Aus dem Fahrzeuginneren wurde nichts  entwendet. Im Fu\u00dfraum des Fahrersitzes konnte eine leere  J\u00e4germeisterflasche aufgefunden werden, welche der unbekannte T\u00e4ter bei  der Tatausf\u00fchrung im Fahrzeug lie\u00df. Der Schaden bel\u00e4uft sich auf ca. 300  Euro. Die Ermittlungen bei der Polizeiinspektion Ludwigshafen dauern  an. M\u00f6gliche Zeugen werden gebeten, sich bei der Polizei zu melden. <\/p>\n\n\n\n<p>PI Ludwigshafen 1 unter 0621 \/ 963 -2122 <\/p>\n\n\n\n<h4 class=\"wp-block-heading\">(Ludwigshafen) &#8211; Versuchter Einbruch in Wohnung<\/h4>\n\n\n\n<p>Am fr\u00fchen Samstagmorgen um 06:40 Uhr wurde versucht, in eine Wohnung  eines Einfamilienhauses in der Maudacher Stra\u00dfe einzudringen. Der oder  die unbekannten T\u00e4ter wollten das Fenster einer Wohnung aufhebeln,  scheiterten jedoch bei ihrem Vorhaben. Der Sachschaden bel\u00e4uft sich auf  ca. 100,- Euro. Die Polizeiinspektion Ludwigshafen 1 hat die  Ermittlungen aufgenommen und bittet Zeugen, die Hinweise zur Tat geben  k\u00f6nnen, sich unter Tel: 0621\/963-2122 auf der Dienststelle zu melden. <\/p>\n\n\n\n<h4 class=\"wp-block-heading\">(Ludwigshafen) &#8211; In Kiosk eingebrochen \/ Zeugen gesucht<\/h4>\n\n\n\n<p>In der Nacht von Freitag auf Samstag wurde gegen 03:10 Uhr in der  Kaiser-Wilhelm-Stra\u00dfe in Ludwigshafen das Fenster im r\u00fcckw\u00e4rtigen  Bereich eines Kiosks aufgehebelt und eingeschlagen. Ein Zeuge konnte  beobachten, wie sich zwei m\u00e4nnliche Personen im Alter von 18 &#8211; 20  Jahren, dunkel bekleidet, einer mit heller Kapuze, in unbekannte  Richtung entfernten. Nach bisherigem Ermittlungsstand wurde nichts  erbeutet. Der Sachschaden bel\u00e4uft sich auf ca. 100,- Euro. Die  Polizeiinspektion Ludwigshafen 1 hat die Ermittlungen aufgenommen und  bittet Zeugen, die Hinweise zur Tat geben k\u00f6nnen, sich unter Tel:  0621\/963-2122 auf der Dienststelle zu melden. <\/p>\n\n\n\n<h4 class=\"wp-block-heading\">(Ludwigshafen) &#8211; Alkoholisierter LKW-Fahrer \u00fcbergibt sich<\/h4>\n\n\n\n<p>Am Freitagabend beobachtete ein Zeuge um 20:30 Uhr, wie ein LKW-Fahrer  versucht habe, auf einem Parkplatz in Ludwigshafen-Rheing\u00f6nheim  einzuparken. Als dieser aufgrund seiner schlecht eingenommenen  Parkposition vom Zeugen angesprochen wurde, h\u00e4tte dieser den 32-j\u00e4hrigen  Fahrer aus Polen als aggressiv und alkoholisiert wahrgenommen. Die  verst\u00e4ndigten Polizeibeamten konnten den betreffenden Fahrer im  F\u00fchrerhaus des Lkw antreffen. Ein anschlie\u00dfend durchgef\u00fchrter  Atemalkoholtest ergab einen Wert von 2,25 Promille. Der Fahrer wurde  anschlie\u00dfend auf die Dienststelle verbracht, wo ihm eine Blutprobe  entnommen wurde. Der F\u00fchrerschein wurde beschlagnahmt. <\/p>\n\n\n\n<h4 class=\"wp-block-heading\">(Ludwigshafen) &#8211; 193 Radfahrer in Ludwigshafen kontrolliert<\/h4>\n\n\n\n<p>Am Freitagmorgen wurden im Stadtgebiet Ludwigshafen in der Mundenheimer  Stra\u00dfe, Saarlandstra\u00dfe, Yorckstra\u00dfe und am Berliner Platz  Fahrradkontrollstellen eingerichtet. Hierbei wurden 193 Fahrradfahrer  einer Verkehrskontrolle hinsichtlich Ausstattungsm\u00e4ngel und  verkehrsrechtlichem Fehlverhalten unterzogen. Bei den Kontrollen konnten  insgesamt 46 Verst\u00f6\u00dfe bzw. M\u00e4ngel festgestellt werden. <\/p>\n\n\n\n<h4 class=\"wp-block-heading\">(Ludwigshafen) &#8211; Verkehrsunfall<\/h4>\n\n\n\n<p>Am 12.04.2019, gegen 10:15 Uhr, wollte ein PKW-Fahrer mit seinem  Fahrzeug von der Industriestra\u00dfe nach links in die Sternstra\u00dfe abbiegen,  wobei dieser ein entgegenkommendes Fahrzeug \u00fcbersah und mit diesem  zusammenstie\u00df. Durch den Aufprall wurde das entgegenkommende Fahrzeug  gedreht und prallte gegen eine Verkehrsinsel, wodurch diese ebenfalls  besch\u00e4digt wurde. Zwei Insassen erlitten hierdurch leichte Verletzungen  und mussten im Krankenhaus behandelt werden. Beide Fahrzeuge mussten  abgeschleppt werden. Der Sachschaden bel\u00e4uft sich auf etwa 35000 Euro. <\/p>\n\n\n\n<p>Zeugen werden ersucht, sich mit der Polizei in Lu.-Oppau unter Telefonnummer 0621 \/ 963-2222 in Verbindung zu setzen. <\/p>\n\n\n\n<h4 class=\"wp-block-heading\">(Mannheim-Innenstadt) &#8211; Streit zwischen Taxifahrer und Fahrgast eskaliert<\/h4>\n\n\n\n<p>Ein mittlerweile eskalierter Streit zwischen einem Taxifahrer, dessen  Fahrgast und einem weiteren Mann wurde den Beamten der Innenstadt-Wache  in der Nacht zum Samstag gemeldet. <\/p>\n\n\n\n<p>Nach bisherigen Erkenntnissen \nkam es gegen 04:00 Uhr im Quadrat D 1 zu der Auseinandersetzung, nachdem\n ein 32-J\u00e4hriger das Bef\u00f6rderungsentgelt nicht bezahlen und sich aus dem\n Staub machen wollte. Dabei sei er den Taxifahrer auch k\u00f6rperlich \nangegangen. Bei dem anschlie\u00dfenden Geschehen, bei dem ein 23-J\u00e4hriger \ndem Taxifahrer zu Hilfe kam, ging es wohl derma\u00dfen heftig zur Sache, \ndass auch ein Messer zum Einsatz kam und dem 32-j\u00e4hrigen \nZahlungsverweigerer mehrere Stichwunden beigef\u00fcgt wurden. Der Messer \nstechende Helfer wiederum gab an, sich mit der Stichwaffe lediglich zur \nWehr gesetzt zu haben. Der 32-J\u00e4hrige musste sich zur Behandlung seiner \nWunden in ein Mannheimer Krankenhaus begeben und wurde dort auch \noperiert. <\/p>\n\n\n\n<p>Das Polizeirevier Innenstadt ermittelt unter anderem  wegen gef\u00e4hrlicher K\u00f6rperverletzung und Leistungserschleichung gegen den  Fahrgast und den Unterst\u00fctzer des Taxifahrers. <\/p>\n\n\n\n<h4 class=\"wp-block-heading\">(Mannheim-Neckarstadt) &#8211; N\u00e4chtlicher Einbruch in Imbiss, Polizei erbittet Zeugenhinweise!<\/h4>\n\n\n\n<p>Wegen eines Einbruchs in einen Imbiss wurden in der Nacht zum Samstag  Beamte des Reviers Neckarstadt in die Mittelstra\u00dfe gerufen <\/p>\n\n\n\n<p>Im \nZeitraum zwischen 00:20 Uhr und 05:30 Uhr hatten sich Unbekannte Zutritt\n zu den Gastr\u00e4umen verschafft, indem sie die Scheibe der Eingangst\u00fcr \nzerst\u00f6rten. Zielstrebig suchten sie danach die Kasse auf und stahlen aus\n dieser mehrere Hundert Euro Bargeld, bevor sie unerkannt entkamen. <\/p>\n\n\n\n<p>Eventuelle Zeugen des Einbruchs werden gebeten, die Polizei unter 0621\/3301-0 anzurufen und ihre Wahrnehmungen mitzuteilen. <\/p>\n\n\n\n<h4 class=\"wp-block-heading\">(Mannheim-Neckarstadt) &#8211; Verkehrsunfallflucht, Zeugen gesucht!<\/h4>\n\n\n\n<p>Wegen eines Verkehrsunfalls mit anschlie\u00dfender Flucht ermitteln die Beamten des Polizeireviers Neckarstadt. <\/p>\n\n\n\n<p>Am\n sp\u00e4ten Freitagabend, in der Zeit zwischen 21:25 Uhr und 23:30 Uhr \nparkte die Gesch\u00e4digte ihr Auto, einen Suzuki Swift mit Mannheimer \nZulassung, in der Ludolf-Krehl-Stra\u00dfe. Vermutlich beim Vorbeifahren \nbesch\u00e4digte ein anderer Verkehrsteilnehmer mit seinem Fahrzeug den \ngeparkten Wagen an der rechten Seite, sodass die Gesch\u00e4digte nun einen \nSchaden von rund 4.000 Euro zu regeln hat. <\/p>\n\n\n\n<p>Nach dem Zusammensto\u00df  fuhr der Unfallverursacher einfach weiter. Zeugen des Unfalls werden  gebeten, die Polizei unter 0621\/3301-0 anzurufen. <\/p>\n\n\n\n<h4 class=\"wp-block-heading\">(Mannheim-Jungbusch) &#8211; Streit eskaliert, Zeugen gesucht!<\/h4>\n\n\n\n<p>Zwei junge M\u00e4nner wurden in der Nacht zum Samstag bei einer Schl\u00e4gerei im Stadtteil Jungbusch verletzt. <\/p>\n\n\n\n<p>Der\n Polizei wurde gemeldet, dass es gegen 00:30 Uhr im Bereich \nWerftstra\u00dfe\/Freherstra\u00dfe\/Hellingtra\u00dfe zu einer Pr\u00fcgelei zwischen zwei \nPersonengruppen gekommen sei. <\/p>\n\n\n\n<p>Als die verst\u00e4ndigten Funkstreifen \nam Ereignisort eintrafen, stie\u00dfen sie lediglich auf die beiden bereits \neingangs erw\u00e4hnten Gesch\u00e4digten, einen 17-J\u00e4hrigen und einen \n21-J\u00e4hrigen. Bislang ist lediglich bekannt, dass ein Unbekannter dem \n\u00c4lteren mit der Faust ins Gesicht geschlagen und dem Jugendlichen in den\n Bauch getreten haben soll. Im Vorfeld sei es zu einem Streit zwischen \nden Beteiligten gekommen. Der Beschuldigte sowie dessen Begleiter seien,\n noch bevor die Polizei die Szenerie betrat, in unbekannte Richtung \ngefl\u00fcchtet. <\/p>\n\n\n\n<p>Eventuelle Zeugen des Vorfalls werden gebeten, die Polizei unter 0621\/1258-0 anzurufen. <\/p>\n\n\n\n<h4 class=\"wp-block-heading\">(Mannheim-Sch\u00f6nau) &#8211; Au\u00dfenstelle der Stadtbibliothek Mannheim in Brand geraten<\/h4>\n\n\n\n<p>Am Sonntagabend, gegen 20.15 Uhr, wurde der Berufsfeuerwehr Mannheim  ein Geb\u00e4udebrand in der L\u00f6tzener Stra\u00dfe gemeldet. Beim Eintreffen konnte  festgestellt werden, dass das Geb\u00e4ude der Au\u00dfenstelle der  Stadtbibliothek Mannheim in Brand stand. Durch die Berufsfeuerwehr  Mannheim, die sich mit 45 Mann vor Ort befand, konnte der Brand  einged\u00e4mmt und gel\u00f6scht werden. Benachbarte Geb\u00e4ude des Johanna Geissmer  Gymnasiums waren nicht betroffen. Verletzt waren nicht zu verzeichnen.  Aufgrund des Brandgeschehens besteht bei dem Geb\u00e4ude derzeit  Einsturzgefahr. Der Sachschaden wird auf mehrere hunderttausend Euro  gesch\u00e4tzt. Die Brandursache ist nach derzeitigem Ermittlungsstand noch  nicht bekannt. Das Kriminalkommissariat Mannheim hat die Ermittlungen  aufgenommen <\/p>\n\n\n\n<h4 class=\"wp-block-heading\">(Mannheim-Seckenheim) &#8211; Person bei Unfall leicht verletzt<\/h4>\n\n\n\n<p>Zum Gl\u00fcck glimpflich ging f\u00fcr einen 23 j\u00e4hrigen Fahrzeugf\u00fchrer aus  Mannheim ein Verkehrsunfall am 13.04.2019 gegen 20:00 Uhr auf der  Suebenheimer Allee in Seckenheim aus. Beim Befahren der Ortsumgehung  Seckenheim platzte pl\u00f6tzlich ein hinterer Reifen und er verlor die  Kontrolle \u00fcber sein Fahrzeug. Das Fahrzeug kam nach rechts von der  Fahrbahn ab, \u00fcberschlug sich und blieb auf der Fahrerseite liegen.  Ersthelfer halfen dem jungen Mann aus dem Fahrzeug und richteten dieses  wieder auf. Nach einer ersten Versorgung durch eine  Rettungswagenbesatzung vor Ort, wurde der Mann mit leichten Verletzungen  zu weiteren Untersuchungen in ein Mannheimer Krankenhaus eingeliefert.  Bei dem Unfall entstand ein Sachschaden von ca. 10.000 Euro. <\/p>\n\n\n\n<h4 class=\"wp-block-heading\">(Mannheim-Feudenheim) &#8211; Stromverteilerkasten mit Propaganda-Aufklebern verunziert, wer hat Beobachtungen gemacht?<\/h4>\n\n\n\n<p>Eine h\u00f6chstwahrscheinlich politisch motivierte Straftat wurde der Mannheimer Polizei am Freitagabend gemeldet. <\/p>\n\n\n\n<p>Gegen  18:30 Uhr wurde ein Mann in der Feldstra\u00dfe dabei beobachtet, wie er  einen etwa 15cm langen Aufkleber mit politischen Parolen auf einen  Stromverteilerkasten klebte. Der Unbekannte sei in Begleitung einer etwa  40-j\u00e4hrigen Frau gewesen. <\/p>\n\n\n\n<p>Er wurde wie folgt beschrieben: <\/p>\n\n\n\n<ul><li>Ende 30<\/li><li>kurz geschorenes Haar bzw. Kahlkopf<\/li><li>bekleidet mit schwarzem  Kapuzenpulli mit wei\u00dfer Aufschrift &#8222;Division Sachsen&#8220; <\/li><\/ul>\n\n\n\n<p>Die Polizei  interessiert sich nun daf\u00fcr, ob das Duo, das zuletzt im Bereich  Ilvesheimer Stra\u00dfe gesehen wurde, nach an anderen Orten gesichtet wurde  und wo weitere Aufkleber angebracht wurden. <\/p>\n\n\n\n<h4 class=\"wp-block-heading\">(Heidelberg-Kirchheim) &#8211; Festnahme nach Einbruch in Tankstelle<\/h4>\n\n\n\n<p>Ohne Alkohol und Zigaretten hielt es scheinbar ein 49 j\u00e4hriger Mann aus  Heidelberg in den fr\u00fchen Morgenstunden des 14.04.2019 nicht mehr aus.  An einer bereits geschlossenen Tankstelle in der Schwetzinger Stra\u00dfe  schlug er gegen 01:30 Uhr mit einem M\u00fclleimer drei Scheiben am  Verkaufsraum ein, betrat diesen und entwendete Alkohol und Tabakwaren im  Wert von ca. 30 Euro. Da Zeugen den ganzen Vorgang beobachteten und  sofort die Polizei verst\u00e4ndigten, konnte der Mann noch auf dem  Tankstellengel\u00e4nde durch Beamte des Polizeireviers Heidelberg-S\u00fcd  festgenommen werden. Nach einer erkennungsdienstlichen Behandlung wurde  der Beschuldigte mangels Haftgr\u00fcnde wieder auf freien Fu\u00df gesetzt.<\/p>\n\n\n\n<h4 class=\"wp-block-heading\">(Schwetzingen \/ Rhein-Neckar-Kreis) &#8211; Schl\u00e4ge und Tritte auf dem Schlossplatz? Polizei sucht Zeugen!<\/h4>\n\n\n\n<p>Zeugen f\u00fcr einen Vorfall, der sich in der Nacht zum Samstag im Bereich  des Schlossplatzes vor einer Gastst\u00e4tte abgespielt haben soll, suchen  die Ermittler des Polizeireviers in Schwetzingen. Eventuelle Zeugen  werden gebeten, die Polizei unter 06202\/288-0 anzurufen und ihre  Wahrnehmungen nach dort mitzuteilen. <\/p>\n\n\n\n<p>Beim derzeitigen \nKenntnisstand kam es gegen 03:15 Uhr in der &#8222;Carl-Theodor-Stra\u00dfe&#8220; vor \neiner ortsbekannten Gastst\u00e4tte zu einer m\u00f6glicherweise gef\u00e4hrlichen \nK\u00f6rperverletzung zum Nachteil eines 23-j\u00e4hrigen Mannes. Dieser sei von \neinem 18-J\u00e4hrigen aus bislang nicht bekannten Gr\u00fcnden geschlagen und \ngetreten worden. Danach sei der Angreifer in Richtung Mannheimer \nStra\u00dfe\/Fu\u00dfg\u00e4ngerzone gefl\u00fcchtet. <\/p>\n\n\n\n<p>Ihn, sowie seine Begleiter \nkonnte die Polizei im Rahmen der Fahndungsma\u00dfnahmen in der Werderstra\u00dfe \nstellen. Sowohl er als auch der Gesch\u00e4digte waren nicht unerheblich \nalkoholisiert. <\/p>\n\n\n\n<p>Inwiefern dieser Umstand tatausl\u00f6send oder  -beg\u00fcnstigend war, werden die weiteren Ermittlungen des Polizeireviers  Schwetzingen ergeben m\u00fcssen. <\/p>\n\n\n\n<h4 class=\"wp-block-heading\">(Walldorf \/ Rhein-Neckar-Kreis) &#8211; Polizeieinsatz nach K\u00f6rperverletzung<\/h4>\n\n\n\n<p>Mehrere Notrufe erreichten die Polizei in der Nacht zum Samstag gegen  01:40 Uhr. Die Anrufer teilten mit, dass sich an der &#8222;Drehscheibe&#8220; in  Walldorf Jugendliche &#8222;verschlagen&#8220; w\u00fcrden. <\/p>\n\n\n\n<p>Insgesamt 5 \nFunkstreifen machten sich auf den Weg. Vor Ort, in der Bahnhofstra\u00dfe, \ntrafen sie auf einen 22-J\u00e4hrigen. Dieser teilte mit, dass er und seine \nBegleiter von einer anderen Gruppe angegangen worden seien. W\u00e4hrend es \ndem Gro\u00dfteil seiner Bekannten gelang, in einen Bus zu steigen und \nwegzufahren, seien er und sein Kumpel zur\u00fcckgeblieben, da der Busfahrer \nin Anbetracht der Situation sofort wieder losgefahren sei. In der Folge \nsei er mit Faustschl\u00e4gen in das Gesicht und auf den Oberk\u00f6rper traktiert\n worden. <\/p>\n\n\n\n<p>Im Zuge der weiteren polizeilichen Ma\u00dfnahmen vor Ort \nkonnte schlie\u00dflich ein Teil der Personengruppe der Angreifer \nidentifiziert werden. Bei einer Person soll es sich dabei um einen \nAngeh\u00f6rigen des Aggressors handeln. <\/p>\n\n\n\n<p>Die weiteren Ermittlungen werden vom \u00f6rtlichen Polizeiposten aus gef\u00fchrt.  <\/p>\n\n\n\n<h4 class=\"wp-block-heading\">(Dielheim \/ Rhein-Neckar-Kreis) &#8211; Einbruch in Arztpraxis, Zeugenhinweise erbeten!<\/h4>\n\n\n\n<p>Zu einem Einbruch in eine Arztpraxis in Dielheim kam es am Freitagnachmittag. <\/p>\n\n\n\n<p>Gegen\n 17:05 Uhr bemerkte ein aufmerksamer Zeuge die offenstehende \nTerrassent\u00fcr der Praxisr\u00e4ume in der Schillerstra\u00dfe und rief daraufhin \ndie Polizei. Tats\u00e4chlich mussten die Ordnungsh\u00fcter feststellen, dass \nbislang Unbekannte in die R\u00e4umlichkeiten eingedrungen waren, indem sie \ndie Scheibe einer zweiten T\u00fcr zerst\u00f6rt hatten. <\/p>\n\n\n\n<p>Die Ermittlungen  wegen eines besonders schweren Fall des Diebstahls werden derzeit noch  vom Polizeirevier in Wiesloch aus gef\u00fchrt. Zeugenhinweise werden nach  dort unter der Telefonnummer 06222\/5709-0 erbeten. <\/p>\n\n\n\n<h4 class=\"wp-block-heading\">(Schatthausen \/ Rhein-Neckar-Kreis) &#8211; Party nach K\u00f6rperverletzung aufgel\u00f6st<\/h4>\n\n\n\n<p>Zu einer angeblich gr\u00f6\u00dferen Schl\u00e4gerei in Schatthausen wurden in der  Nacht zum Samstag die Beamten des Polizeireviers Wiesloch gerufen. <\/p>\n\n\n\n<p>Wie\n sich vor Ort herauskristallisierte, war es gegen 01:25 Uhr auf einer \nParty im evangelischen Gemeindehaus zu Weiterungen gekommen. Hierbei \nwurde ein 20-j\u00e4hriger Mann verletzt. Er erlitt eine Platzwunde am Kopf. \nVon dem bislang unbekannten T\u00e4ter sei er mit einem Teleskopschlagstock \nzweimal auf den Kopf gehauen worden, bevor dieser das Weite suchte. Es \nhabe sich bei dem Angreifer um einen schlanken, etwa 175cm gro\u00dfen \nAlbaner gehandelt. Mehr konnte die Polizei bislang nicht in Erfahrung \nbringen. Der Gesch\u00e4digte wurde in ein Krankenhaus gebracht. <\/p>\n\n\n\n<p>W\u00e4hrend\n der polizeilichen Anzeigenaufnahme kam es immer wieder zu verbalen \nAuseinandersetzungen unter den Anwesenden. Nach Einsch\u00e4tzung der Polizei\n waren diese auch dem \u00fcberm\u00e4\u00dfigen Alkoholgenuss geschuldet. Da die \nPartyg\u00e4ste auch durch den Ausrichter nicht zu beruhigen waren, bat \ndieser die Beamten vor Ort um Aufl\u00f6sung der Feier. Diesem Wunsch kamen \ndie Uniformierten mit Unterst\u00fctzung zweier weiterer angeforderter \nFunkstreifen nach. Weitere Vorkommnisse gab es daraufhin nicht mehr. <\/p>\n\n\n\n<p>Die  abschlie\u00dfenden Ermittlungen wegen des Verdachts der gef\u00e4hrlichen  K\u00f6rperverletzung wird der Bezirksdienst des Reviers in Wiesloch  \u00fcbernehmen. <\/p>\n\n\n\n<h4 class=\"wp-block-heading\">(Helmstadt-Bargen \/ Rhein-Neckar-Kreis) &#8211; Technischer Defekt eines Traktors l\u00f6st Gro\u00dfeinsatz der Feuerwehr aus<\/h4>\n\n\n\n<p>Ein am Freitagabend gegen 20:40 Uhr zun\u00e4chst gemeldeter Scheunenbrand  in der Hauptstra\u00dfe in Bargen l\u00f6ste einen Gro\u00dfeinsatz der Feuerwehren  Helmstadt-Bargen und Aglasterhausen aus, welche mit insgesamt 47 Kr\u00e4ften  vor Ort kamen. Beim Eintreffen der Einsatzkr\u00e4fte stellte sich jedoch  heraus, dass es lediglich zu einem Kurzschluss der Elektronik eines vor  der Scheune abgestellten Traktors kam, weshalb dieser zu brennen begann.  Ein \u00dcbergreifen des Brandes auf die Scheune fand gl\u00fccklicherweise nicht  statt. Der Brand konnte bereits vor Eintreffen der Feuerwehr durch  Anwohner gel\u00f6scht werden, verletzt wurde hierbei niemand. Am Traktor  entstand ein Schaden von ca. 1.000 EUR. <\/p>\n\n\n\n<h4 class=\"wp-block-heading\">(Eberbach \/ Rhein-Neckar-Kreis) &#8211; Gegen geparkte Autos gefahren und dann abgehauen, Zeugen gesucht!<\/h4>\n\n\n\n<p>Zeugen f\u00fcr zwei Unfallfluchten suchen derzeit die Ermittler des Polizeireviers in Eberbach. <\/p>\n\n\n\n<p>In\n der Zeit zwischen Donnerstagabend, 21:00 Uhr und Freitagmittag, 12:00 \nUhr besch\u00e4digte ein bislang Unbekannter mit seinem Fahrzeug, vermutlich \nbeim Ein- oder Ausparken, einen Ford Kuga, der am Neckarlauer geparkt \nwar. Hierbei wurde die Sto\u00dfstange hinten links zerkratzt. <\/p>\n\n\n\n<p>Des \nWeiteren wurde im Zeitraum zwischen Freitagfr\u00fch, 09:15 Uhr und \nFreitagnachmittag, 14:15 Uhr ein in der Waldstra\u00dfe geparkter BMW mit \nMosbacher Kennzeichen besch\u00e4digt. An diesem Wagen wurden Kotfl\u00fcgel und \nSto\u00dff\u00e4nger hinten rechts in Mitleidenschaft gezogen, ohne dass sich der \nUnfallverursacher um die Schadensregulierung k\u00fcmmerte. <\/p>\n\n\n\n<p>Beide  Fahrzeugf\u00fchrer erstatteten Anzeige bei der Polizei. Diese bittet nun  eventuelle Zeugen der Taten um telefonische Meldung unter 06271\/9210-0. <\/p>\n\n\n\n<h4 class=\"wp-block-heading\">(Neckargem\u00fcnd \/ Rhein-Neckar-Kreis) &#8211; Vollbrand eines Wohnwagens. Eine Frau leicht verletzt.<\/h4>\n\n\n\n<p>Am Samstagmorgen gegen 01:05 Uhr r\u00fcckte die Feuerwehr Neckargem\u00fcnd zu  einem Brand auf dem Campingplatz an der Friedensbr\u00fccke aus. Beim  Eintreffen der Einsatzkr\u00e4fte brannte ein Wohnwagen bereits lichterloh.  Eine 22-j\u00e4hrige Frau, welche sich im Wohnwagen befand, konnte sich noch  rechtzeitig ins Freie retten, wurde jedoch mit einer leichten  Rauchgasvergiftung durch einen Rettungswagen in eine Klinik verbracht.  Der Wohnwagen brannte vollkommen aus. Es entstand ein Schaden von ca.  7.000 EUR. Das Polizeirevier Neckargem\u00fcnd hat die Ermittlungen zur  Brandursache aufgenommen. <\/p>\n\n\n\n<h4 class=\"wp-block-heading\">(Dossenheim \/ Rhein-Neckar-Kreis) &#8211; Von Zeitungsverk\u00e4ufer bestohlen, Zeugenaufruf!<\/h4>\n\n\n\n<p>Opfer eines windigen Zeitungsverk\u00e4ufers wurde am fr\u00fchen Freitagnachmittag eine 86-j\u00e4hrige Seniorin in Dossenheim. <\/p>\n\n\n\n<p>Gegen\n 14:30 Uhr klingelte es bei der Frau in der Schriesheimer Stra\u00dfe. Vor \nder T\u00fcr stand ein etwa 50-j\u00e4hriger Mann, der der Frau eine Zeitung \nverkaufen wollte. Als die Gesch\u00e4digte ins Haus ging, um ihren Geldbeutel\n zu holen, folgte ihr der Unbekannte in die K\u00fcche und trank dort ein \nGlas Wasser. Nach der Bezahlung verlie\u00df er umgehend die Wohnr\u00e4ume. \nSp\u00e4ter stellte die gesch\u00e4digte Rentnerin fest, dass ihr mehrere Hundert \nEuro entwendet wurden. <\/p>\n\n\n\n<p>Der Zeitschriftenverk\u00e4ufer sah wie folgt aus: <\/p>\n\n\n\n<ul><li>170 bis 175cm gro\u00df<\/li><li>50 Jahre alt<\/li><li>normale Statur<\/li><li>mitteleurop\u00e4isches Aussehen<\/li><li>braunes kurzes Haar<\/li><li>dunkel gekleidet<\/li><li>sprach akzentfreies Deutsch <\/li><\/ul>\n\n\n\n<p>Etwa eine Stunde zuvor soll sich in \nunmittelbarer N\u00e4he ein \u00e4hnlicher Vorfall ereignet haben. Hier scheiterte\n der Verk\u00e4ufer aber an einer aufmerksamen Nachbarin, die den Gauner der \nWohnung seines potentiellen Opfers verwies. <\/p>\n\n\n\n<p>Dieser \nZeitschriftenwerber sei etwa 30 Jahre alt gewesen, habe eher dunkle Haut\n gehabt (osteurop\u00e4ischer Ph\u00e4notyp) und eine graue Kapuzenjacke sowie  \ndunkle Hosen getragen. <\/p>\n\n\n\n<p>Weitere Gesch\u00e4digte, oder Personen, die im\n Zusammenhang mit dem Auftreten der beiden M\u00e4nner verd\u00e4chtige \nBeobachtungen gemacht haben, werden gebeten, die Beamten des Reviers \nHeidelberg-Nord unter 06221\/4569-0 anzurufen. <\/p>\n","protected":false},"excerpt":{"rendered":"<div class=\"mh-excerpt\"><p>Polizeimeldungen vom Wochenende (13.04. &amp; 14.04.19) (Speyer) &#8211; Mutma\u00dfliche Leichenteile Am 14.04.2019, gegen 00.45 Uhr, wurde durch einen Angler ein gr\u00f6\u00dferer Polizeieinsatz ausgel\u00f6st. Nach Meinung des Anglers h\u00e4tte dieser aus dem Rhein menschliche Eingeweide herausgezogen. <a class=\"mh-excerpt-more\" href=\"https:\/\/speyer24news.com\/?p=12303\" title=\"Polizeimeldungen\">[&#8230;]<\/a><\/p>\n<\/div>","protected":false},"author":3,"featured_media":0,"comment_status":"open","ping_status":"open","sticky":false,"template":"","format":"standard","meta":{"_monsterinsights_skip_tracking":false,"_monsterinsights_sitenote_active":false,"_monsterinsights_sitenote_note":"","_monsterinsights_sitenote_category":0,"footnotes":""},"categories":[12],"tags":[54,507,61,63,105,53,102,213],"aioseo_notices":[],"amp_enabled":true,"_links":{"self":[{"href":"https:\/\/speyer24news.com\/index.php?rest_route=\/wp\/v2\/posts\/12303"}],"collection":[{"href":"https:\/\/speyer24news.com\/index.php?rest_route=\/wp\/v2\/posts"}],"about":[{"href":"https:\/\/speyer24news.com\/index.php?rest_route=\/wp\/v2\/types\/post"}],"author":[{"embeddable":true,"href":"https:\/\/speyer24news.com\/index.php?rest_route=\/wp\/v2\/users\/3"}],"replies":[{"embeddable":true,"href":"https:\/\/speyer24news.com\/index.php?rest_route=%2Fwp%2Fv2%2Fcomments&post=12303"}],"version-history":[{"count":1,"href":"https:\/\/speyer24news.com\/index.php?rest_route=\/wp\/v2\/posts\/12303\/revisions"}],"predecessor-version":[{"id":12309,"href":"https:\/\/speyer24news.com\/index.php?rest_route=\/wp\/v2\/posts\/12303\/revisions\/12309"}],"wp:attachment":[{"href":"https:\/\/speyer24news.com\/index.php?rest_route=%2Fwp%2Fv2%2Fmedia&parent=12303"}],"wp:term":[{"taxonomy":"category","embeddable":true,"href":"https:\/\/speyer24news.com\/index.php?rest_route=%2Fwp%2Fv2%2Fcategories&post=12303"},{"taxonomy":"post_tag","embeddable":true,"href":"https:\/\/speyer24news.com\/index.php?rest_route=%2Fwp%2Fv2%2Ftags&post=12303"}],"curies":[{"name":"wp","href":"https:\/\/api.w.org\/{rel}","templated":true}]}}