{"id":12380,"date":"2019-04-17T10:36:21","date_gmt":"2019-04-17T09:36:21","guid":{"rendered":"https:\/\/speyer24news.com\/?p=12380"},"modified":"2019-04-17T13:20:58","modified_gmt":"2019-04-17T12:20:58","slug":"kirche-4","status":"publish","type":"post","link":"https:\/\/speyer24news.com\/?p=12380","title":{"rendered":"Kirche"},"content":{"rendered":"<style type=\"text\/css\">\r\n\t.ads_top_disp{}\r\n\t.ads_top_corner_disp{ float:left; margin:0px 10px 10px 0px; }\r\n\t.ads_first_p_disp{}\r\n\t.ads_bottom_disp{}\r\n\t<\/style>\n<h2 class=\"wp-block-heading\">Feier der Osternacht mit Weihbischof Georgens in Lingenfeld<\/h2>\n\n\n\n<p><strong>Lingenfeld &#8211; <\/strong>Weihbischof Otto Georgens zelebriert am <strong>Samstag, 20. April, um 20.30  Uhr<\/strong> die Feier der Heiligen Osternacht in der katholischen Kirche in  Lingenfeld. <\/p>\n\n\n\n<p>Der Gottesdienst wird von den Kommunionkindern und einer  Schola der Gemeinde mitgestaltet. Im Anschluss an die Messe l\u00e4dt die  Gemeinde zur Oster-Agape (Fastenbrechen) in das Pfarrheim ein.<\/p>\n\n\n\n<p><em>Bistum Speyer<br>17.04.2019<\/em><\/p>\n\n\n\n<h2 class=\"wp-block-heading\">Diesj\u00e4hriger Internationaler Orgelzyklus im Dom zu Speyer startet am 1. Mai<\/h2>\n\n\n\n<h3 class=\"wp-block-heading\">Traditionell er\u00f6ffnet Domorganist Markus Eichenlaub den Konzertreigen<\/h3>\n\n\n\n<div class=\"wp-block-image\"><figure class=\"aligncenter\"><img decoding=\"async\" loading=\"lazy\" width=\"800\" height=\"533\" src=\"https:\/\/speyer24news.com\/wp-content\/uploads\/2019\/04\/MarkusEichenlaub_E5I0204.jpg\" alt=\"\" class=\"wp-image-12398\" srcset=\"https:\/\/speyer24news.com\/wp-content\/uploads\/2019\/04\/MarkusEichenlaub_E5I0204.jpg 800w, https:\/\/speyer24news.com\/wp-content\/uploads\/2019\/04\/MarkusEichenlaub_E5I0204-300x200.jpg 300w, https:\/\/speyer24news.com\/wp-content\/uploads\/2019\/04\/MarkusEichenlaub_E5I0204-768x512.jpg 768w\" sizes=\"(max-width: 800px) 100vw, 800px\" \/><\/figure><\/div>\n\n\n\n<p><strong>Speyer &#8211;<\/strong> Auch in diesem Jahr hat der Speyerer Domorganist Markus Eichenlaub als  k\u00fcnstlerischer Leiter des Internationalen Orgelzyklus wieder eine  illustre Schar von hochkar\u00e4tigen Gastorganisten um sich versammelt. Im  Rahmen von acht Konzerten werden Organisten aus den Kathedralen von  Luxemburg und Br\u00fcssel sowie den Domkirchen von Wien, St. Gallen, Berlin  und Worms ihr Stelldichein an der faszinierenden Orgelanlage des  Speyerer Doms geben.<\/p>\n\n\n\n<p>Bereits am 1. Mai ist  Domorganist Markus Eichenlaub im Auftaktkonzert (Beginn 19.30 Uhr), das  unter der \u00dcberschrift \u201eMaria, Mutter des Auferstandenen\u201c steht, mit  \u00f6sterlichen und marianischen Orgelwerken von Charles Tournemire, Anton  Heiller, Marcel Dupr\u00e9 und Pierre Cocherau zu h\u00f6ren.<\/p>\n\n\n\n<div class=\"wp-block-image\"><figure class=\"alignleft is-resized\"><img decoding=\"async\" loading=\"lazy\" src=\"https:\/\/speyer24news.com\/wp-content\/uploads\/2019\/04\/MarkusEichenlaub_E5I0627.jpg\" alt=\"\" class=\"wp-image-12399\" width=\"309\" height=\"464\" srcset=\"https:\/\/speyer24news.com\/wp-content\/uploads\/2019\/04\/MarkusEichenlaub_E5I0627.jpg 500w, https:\/\/speyer24news.com\/wp-content\/uploads\/2019\/04\/MarkusEichenlaub_E5I0627-200x300.jpg 200w\" sizes=\"(max-width: 309px) 100vw, 309px\" \/><\/figure><\/div>\n\n\n\n<p>Bereits  um 18.45 Uhr startet vor jedem Konzert das \u201ePraeludium\u201c \u2013 ein  30-min\u00fctiges offenes Gespr\u00e4ch, in dessen Rahmen die Konzertbesucher  Unterhaltsames und Informatives von und \u00fcber die einzelnen Interpreten  erfahren k\u00f6nnen. Treffpunkt ist das Chorpodest auf dem K\u00f6nigschor.<\/p>\n\n\n\n<p>Die weiteren Konzerttermine sind der Homepage der Speyerer Dommusik: <a rel=\"noreferrer noopener\" href=\"https:\/\/deref-web-02.de\/mail\/client\/1BBxNBosR64\/dereferrer\/?redirectUrl=https%3A%2F%2Fwww.dom-zu-speyer.de%2Fdommusik%2Fkonzerte%2Forgelkonzerte%2F\" target=\"_blank\">https:\/\/www.dom-zu-speyer.de\/dommusik\/konzerte\/orgelkonzerte\/<\/a> zu entnehmen.<\/p>\n\n\n\n<p>Der  Eintritt zu den Konzerten betr\u00e4gt je 12 Euro (erm\u00e4\u00dfigt 5 Euro).  Erstmalig bietet die Dommusik ein Abonnement f\u00fcr alle acht Orgelkonzerte  zu einem Preis von 80,- Euro (ohne Erm\u00e4\u00dfigung) an. Die Karten sind  \u00fcbertragbar und k\u00f6nnen auf Wunsch auch zugestellt werden.<\/p>\n\n\n\n<p>Karten  und Abonnement sind bei der Dom-Info, der Tourist-Information der Stadt  Speyer, bundesweit bei allen Reservix-Vorverkaufsstellen, sowie beim  Rheinpfalz Ticket Service, Telefon 0631 3701-6618 erh\u00e4ltlich. Die  Abendkasse \u00f6ffnet um 18.30 Uhr. <\/p>\n\n\n\n<p><em>Bistum Speyer<br>17.04.2019<\/em><\/p>\n\n\n\n<h2 class=\"wp-block-heading\">Reaktionen der Speyerer Bistumsspitze auf den Brand der Kathedrale Notre Dame<\/h2>\n\n\n\n<h3 class=\"wp-block-heading\">Bischof Wiesemann und Weihbischof Georgens \u00e4u\u00dfern Best\u00fcrzung \u2013 Brandschutz am Speyerer Dom wichtiges Thema<\/h3>\n\n\n\n<p><strong>Speyer &#8211; <\/strong>Die Kathedrale Notre Dame ist das Symbol f\u00fcr das katholische  Frankreich. Bischof Dr. Karl-Heinz Wiesemann reagierte best\u00fcrzt und  betroffen auf die Nachrichten \u00fcber den Brand der weltber\u00fchmten Kirche in  Paris. \u201eUnseren Glaubensbr\u00fcdern und -schwestern und allen Menschen in  Frankreich gilt unser Mitgef\u00fchl. Notre Dame ist mehr als ein  herausragender gotischer Kirchenbau. Er ist ein Ort der nationalen  Identifikation und gleichzeitig eine St\u00e4tte gelebten Glaubens. Notre  Dame brennen zu sehen ist schockierend\u201c, sagte Bischof Wiesemann.  Weihbischof Otto Georgens, der Vertreter der deutschen Bischofskonferenz  bei der franz\u00f6sischen katholischen Kirche, zeigte sich angesichts der  Bilder der brennenden Kathedrale betroffen: \u201eUnsere Gedanken sind bei  den Frauen und M\u00e4nnern, die Menschenm\u00f6gliches unternehmen, um zu retten,  was zu retten ist. Unsere Solidarit\u00e4t gilt den Katholiken in Frankreich  und der Di\u00f6zese von Paris\u201c, reagierte der Weihbischof auf die Bilder  aus Frankreich. \u201eAllein schon aufgrund der Nachbarschaft unserer Di\u00f6zese  zu Frankreich und der europ\u00e4ischen Dimension unseres Domes ist es uns  ein gro\u00dfes Anliegen, den Wiederaufbau von Notre Dame mit zu  unterst\u00fctzen\u201c, sagte Bischof Wiesemann. <\/p>\n\n\n\n<p>Die  Mehrheit der Bev\u00f6lkerung in Frankreich sind Katholiken. Und auch in  einem laizistischen System, mit einer strikten Trennung von Kirche und  Staat, ist Notre Dame ein Ort von hoher nationaler Symbolkraft, wie sich  etwa bei den Terroranschl\u00e4gen 2016 zeigte. Der Stellenwert dieser  Kirche wird f\u00fcr das Land unter anderem dadurch deutlich, dass alle  Kilometerangaben nach Paris sich auf diese Kathedrale beziehen.<\/p>\n\n\n\n<p>\u201eMit  dem Brand der Pariser Kathedrale wird offensichtlich, dass Feuer auch  im 21. Jahrhundert eine fundamentale Bedrohung f\u00fcr einen Kirchenbau sein  kann\u201c, so Domkustos Peter Schappert. \u201eWir tun unser M\u00f6glichstes, um den  Speyerer Dom vor Br\u00e4nden zu sch\u00fctzen. Dazu dient uns eine moderne  Brandmeldeanlage, Brandschutzvorh\u00e4nge im Dachstuhl und Steigleitungen,  die es uns erlauben, im Brandfall Wasser in gro\u00dfe H\u00f6hen zu  transportieren\u201c, sagte der Kustos der romanischen Kathedrale.  Brandschutz geh\u00f6rt zu stets pr\u00e4senten und wichtigsten Aufgaben von  Dombaumeisterin Hedwig Drabik und des Dom-Technikers und  Sicherheitsbeauftragten G\u00fcnter Frey. Die technische Begehung des Doms  geh\u00f6rte daher auch zu den ersten Amtshandlungen der Dombaumeisterin, die  seit Anfang M\u00e4rz neu im Amt ist. \u201eDie Situation an jedem historischen  Geb\u00e4ude ist einzigartig\u201c erkl\u00e4rt Hedwig Drabik, \u201ein Notre Dame hat nun  insbesondere das verbaute Blei f\u00fcr Schwierigkeiten gesorgt, diese  Problematik haben wir mit unserem Kupferdach in Speyer zumindest nicht.\u201c<\/p>\n\n\n\n<p>\u201eDie  erste Sorge gilt immer der Rettung von Menschen\u201c, macht Dom-Techniker  G\u00fcnther Frey deutlich. \u201eDazu gibt es im Dom f\u00fcr jeden Teil des Geb\u00e4udes  ein Rettungskonzept, das von der Feuerwehr regelm\u00e4\u00dfig \u00fcberpr\u00fcft und  ge\u00fcbt wird.\u201c Insbesondere f\u00fcr den S\u00fcdwestturm, der seit 2012 f\u00fcr  Besucher begehbar ist, wurde ein System erdacht und erprobt, das  Besucher im Brandfall retten soll. Weitere Sorge gilt den liturgischen  Gegenst\u00e4nden, den Gew\u00e4ndern und den Kunstwerken, die sich im Speyerer  Dom befinden. Hier gibt es eine Evakuierungsliste mit Angaben zur  Reihenfolge der Rettung und den unterschiedlichen Aufbewahrungsorten.  \u201eAbsolute Sicherheit kann es nicht geben\u201c, stellt Domkustos Peter  Schappert fest. \u201eIn Zusammenarbeit mit der Feuerwehr arbeiten wir  best\u00e4ndig an einer Verbesserung der Schutzsysteme,\u201c so der Kustos. \u201eUnd  wir hoffen, dass unser Dom vor solchen Katastrophen verschont bleibt.\u201c<\/p>\n\n\n\n<p><em>Bistum Speyer<br>17.04.2019<\/em><\/p>\n\n\n\n<h2 class=\"wp-block-heading\">\u201eGewaltlos, dem\u00fctig, konsequent\u201c<\/h2>\n\n\n\n<h3 class=\"wp-block-heading\">Bischof Dr. Karl-Heinz Wiesemann predigte zu Beginn der Heiligen Woche am Palmsonntag im Dom<\/h3>\n\n\n\n<div class=\"wp-block-image\"><figure class=\"aligncenter\"><img decoding=\"async\" loading=\"lazy\" width=\"500\" height=\"666\" src=\"https:\/\/speyer24news.com\/wp-content\/uploads\/2019\/04\/P1010307_m.jpg\" alt=\"\" class=\"wp-image-12393\" srcset=\"https:\/\/speyer24news.com\/wp-content\/uploads\/2019\/04\/P1010307_m.jpg 500w, https:\/\/speyer24news.com\/wp-content\/uploads\/2019\/04\/P1010307_m-225x300.jpg 225w\" sizes=\"(max-width: 500px) 100vw, 500px\" \/><figcaption><em>Segnung der Palmzweige \u00a9 Foto: Domkapitel Speyer <\/em> <\/figcaption><\/figure><\/div>\n\n\n\n<p><strong>Speyer &#8211; <\/strong>Am Palmsonntag, in diesem Jahr dem 14. April, beginnt die Karwoche oder Heilige Woche, in der die Kirche des Leidens, Sterbens und der Auferstehung Jesu gedenkt. Im voll besetzten Speyerer Dom feierte Bischof Dr. Karl-Heinz Wiesemann aus diesem Anlass ein Pontifikalamt. Mit dabei waren auch die Kommunionkinder der Gemeinde Mari\u00e4 Himmelfahrt, die um ein Holzkreuz Zweige bunt geschm\u00fcckt hatten und zur Messe mitbrachten. Der Gottesdienst begann mit der Segnung der Palmzweige am \u00d6lberg auf der s\u00fcdlichen Seite des Doms. Anschlie\u00dfend zog die Gemeinde in einer feierlichen Prozession durch den Domgarten. <\/p>\n\n\n\n<div class=\"wp-block-image\"><figure class=\"aligncenter\"><img decoding=\"async\" loading=\"lazy\" width=\"800\" height=\"601\" src=\"https:\/\/speyer24news.com\/wp-content\/uploads\/2019\/04\/P1010332_m.jpg\" alt=\"\" class=\"wp-image-12394\" srcset=\"https:\/\/speyer24news.com\/wp-content\/uploads\/2019\/04\/P1010332_m.jpg 800w, https:\/\/speyer24news.com\/wp-content\/uploads\/2019\/04\/P1010332_m-300x225.jpg 300w, https:\/\/speyer24news.com\/wp-content\/uploads\/2019\/04\/P1010332_m-768x577.jpg 768w, https:\/\/speyer24news.com\/wp-content\/uploads\/2019\/04\/P1010332_m-678x509.jpg 678w, https:\/\/speyer24news.com\/wp-content\/uploads\/2019\/04\/P1010332_m-326x245.jpg 326w, https:\/\/speyer24news.com\/wp-content\/uploads\/2019\/04\/P1010332_m-80x60.jpg 80w\" sizes=\"(max-width: 800px) 100vw, 800px\" \/><figcaption><em>Segnung der Palmzweige \u00a9 Foto: Domkapitel Speyer <\/em> <\/figcaption><\/figure><\/div>\n\n\n\n<p>In seiner Predigt erinnerte der Bischof Wiesemann daran, wie wichtig in einer zerrissenen Welt das Eintreten f\u00fcr Vers\u00f6hnung sei. Angesichts von Ungerechtigkeit, \u201edie zum Himmel schreit\u201c, sei die Erinnerung an die Passion Christi besonders wichtig. In dieser Erinnerung werde zugleich all jener gedacht, die auf Erden nie Gerechtigkeit erfahren. \u201eWas wir mit der Erinnerung an die Passion tun, ist ein Glaubensbekenntnis: Er war Gottes Sohn\u201c, sagte Bischof Wiesemann. Durch seine Menschwerdung und den Tod am Kreuz habe sich Gott ein f\u00fcr alle Mal auf die Seite der Opfer, der Wehrlosen und Schwachen begeben. Am Sonntag vor seinem Tod war Christus dem\u00fctig auf einem Esel in die Heilige Stadt eingezogen. Der Bischof zitierte aus der Lesung der Passionsgeschichte aus dem Lukas-Evangelium: \u201eIch bin der unter Euch, der bedient\u201c. Christus allein habe die Kraft, Vers\u00f6hnung zu erwirken, so der Bischof weiter. <\/p>\n\n\n\n<div class=\"wp-block-image\"><figure class=\"aligncenter\"><img decoding=\"async\" loading=\"lazy\" width=\"800\" height=\"601\" src=\"https:\/\/speyer24news.com\/wp-content\/uploads\/2019\/04\/P1010393_m.jpg\" alt=\"\" class=\"wp-image-12395\" srcset=\"https:\/\/speyer24news.com\/wp-content\/uploads\/2019\/04\/P1010393_m.jpg 800w, https:\/\/speyer24news.com\/wp-content\/uploads\/2019\/04\/P1010393_m-300x225.jpg 300w, https:\/\/speyer24news.com\/wp-content\/uploads\/2019\/04\/P1010393_m-768x577.jpg 768w, https:\/\/speyer24news.com\/wp-content\/uploads\/2019\/04\/P1010393_m-678x509.jpg 678w, https:\/\/speyer24news.com\/wp-content\/uploads\/2019\/04\/P1010393_m-326x245.jpg 326w, https:\/\/speyer24news.com\/wp-content\/uploads\/2019\/04\/P1010393_m-80x60.jpg 80w\" sizes=\"(max-width: 800px) 100vw, 800px\" \/><figcaption> <em>Bischof Dr. Karl-Heinz Wiesemann bei der Predigt am Palmsonntag 2019 \u00a9 Foto: Domkapitel Speyer <\/em> <\/figcaption><\/figure><\/div>\n\n\n\n<p>\u201eUnsere Aufgabe als Christen ist es, gewaltlos, dem\u00fctig und konsequent f\u00fcr Vers\u00f6hnung&nbsp; einzutreten\u201c, appellierte der Bischof an die Gemeinde. Als Beispiel, wie ein solches Engagement aussehen kann, nannte er eine Gruppe, die in Kandel regelm\u00e4\u00dfig zu einem Gebet der Vers\u00f6hnung zusammen komme. Nach der Ermordung einer jungen Frau durch einen gefl\u00fcchteten Mann, sei diese Stadt in der S\u00fcdpfalz von einer Welle des Hasses \u00fcberschwemmt worden. Zerrissenheit, oft bis in die Familien hinein, sei bis heute die Folge. Die Gebetsgruppe zeige, wie Christen die Aufgabe, f\u00fcr Vers\u00f6hnung einzutreten, ernst n\u00e4hmen. Auch im Hinblick auf die kommende Europawahl bat der Bischof darum, diese Aufgabe im Blick zu behalten. Dabei helfe der Blick auf Christus, der \u201eVers\u00f6hnung und Frieden gestiftet hat durch seinen Tod\u201c.<\/p>\n\n\n\n<div class=\"wp-block-image\"><figure class=\"aligncenter\"><img decoding=\"async\" loading=\"lazy\" width=\"500\" height=\"666\" src=\"https:\/\/speyer24news.com\/wp-content\/uploads\/2019\/04\/P1010396_m.jpg\" alt=\"\" class=\"wp-image-12396\" srcset=\"https:\/\/speyer24news.com\/wp-content\/uploads\/2019\/04\/P1010396_m.jpg 500w, https:\/\/speyer24news.com\/wp-content\/uploads\/2019\/04\/P1010396_m-225x300.jpg 225w\" sizes=\"(max-width: 500px) 100vw, 500px\" \/><figcaption> <em>Bischof Dr. Karl-Heinz Wiesemann bei der Predigt am Palmsonntag 2019 \u00a9 Foto: Domkapitel Speyer<\/em><\/figcaption><\/figure><\/div>\n\n\n\n<p>Die Domsingknaben, die M\u00e4nner des Domchors und die Dombl\u00e4ser gestalteten unter Leitung von Domkantor Joachim Weller das Pontifikalamt an Palmsonntag mit Gesang und Bl\u00e4serklang. Domkapellmeister Markus Melchiori spielte die Truhenorgel, Domorganist Markus Eichenlaub die gro\u00dfe Domorgel. Der Auszug zum Schluss des Gottesdienstes erfolgte traditionsgem\u00e4\u00df in Stille. <\/p>\n\n\n\n<div class=\"wp-block-image\"><figure class=\"aligncenter\"><img decoding=\"async\" loading=\"lazy\" width=\"800\" height=\"601\" src=\"https:\/\/speyer24news.com\/wp-content\/uploads\/2019\/04\/P1010401_m.jpg\" alt=\"\" class=\"wp-image-12397\" srcset=\"https:\/\/speyer24news.com\/wp-content\/uploads\/2019\/04\/P1010401_m.jpg 800w, https:\/\/speyer24news.com\/wp-content\/uploads\/2019\/04\/P1010401_m-300x225.jpg 300w, https:\/\/speyer24news.com\/wp-content\/uploads\/2019\/04\/P1010401_m-768x577.jpg 768w, https:\/\/speyer24news.com\/wp-content\/uploads\/2019\/04\/P1010401_m-678x509.jpg 678w, https:\/\/speyer24news.com\/wp-content\/uploads\/2019\/04\/P1010401_m-326x245.jpg 326w, https:\/\/speyer24news.com\/wp-content\/uploads\/2019\/04\/P1010401_m-80x60.jpg 80w\" sizes=\"(max-width: 800px) 100vw, 800px\" \/><figcaption> <em>Die M\u00e4nnerstimmen den Domchores, die Domsingknaben und die Dombl\u00e4ser beim Gottesdienst an Palmsonntag 2019 \u00a9 Foto: Domkapitel Speyer<\/em><\/figcaption><\/figure><\/div>\n\n\n\n<p><strong>Palmzweige auf den Herrschergr\u00e4bern<\/strong><\/p>\n\n\n\n<p>Am  Palmsonntag gedenken Christen weltweit dem Einzug Jesu in Jerusalem und  damit dem Beginn seines Leidensweges. In den Evangelien wird berichtet,  wie ihm die Menschen, als Zeichen der Ehrerbietung, Palmzweige auf den  Weg legten. Bereits seit dem 15. Jahrhundert werden am Palmsonntag die Herrschergr\u00e4ber im  Speyerer Dom mit Palmzweigen geschm\u00fcckt. Damit wird verdeutlicht, dass die Kaiser und  K\u00f6nige ihre Macht von Gott erhalten haben und ihr Amt nach ihm ausrichteten.  Sie d\u00fcrfen Christus daher beim Einzug in die Heilige Stadt Jerusalem begleiten.<\/p>\n\n\n\n<p><em>Text: Bistum Speyer Foto: Domkapitel Speyer<br>17.04.2019<\/em><\/p>\n\n\n\n<h2 class=\"wp-block-heading\">Aufruf zur Wahl und Einsatz f\u00fcr Demokratie<br>Kirchenpr\u00e4sident und Bischof: Mit der Stimmabgabe die bestm\u00f6gliche Ordnung unterst\u00fctzen <\/h2>\n\n\n\n<div class=\"wp-block-image\"><figure class=\"aligncenter\"><img decoding=\"async\" loading=\"lazy\" width=\"640\" height=\"480\" src=\"https:\/\/speyer24news.com\/wp-content\/uploads\/2019\/04\/Wahlen-1.jpg\" alt=\"\" class=\"wp-image-12392\" srcset=\"https:\/\/speyer24news.com\/wp-content\/uploads\/2019\/04\/Wahlen-1.jpg 640w, https:\/\/speyer24news.com\/wp-content\/uploads\/2019\/04\/Wahlen-1-300x225.jpg 300w, https:\/\/speyer24news.com\/wp-content\/uploads\/2019\/04\/Wahlen-1-326x245.jpg 326w, https:\/\/speyer24news.com\/wp-content\/uploads\/2019\/04\/Wahlen-1-80x60.jpg 80w\" sizes=\"(max-width: 640px) 100vw, 640px\" \/><\/figure><\/div>\n\n\n\n<p><strong>Speyer <\/strong><em><strong>(lk\/is)<\/strong><\/em><strong> &#8211; <\/strong>Zur Teilnahme an den Kommunal- und Europawahlen am 26. Mai  haben Kirchenpr\u00e4sident Christian Schad und Bischof Karl-Heinz Wiesemann  in einer gemeinsamen Erkl\u00e4rung die Christen in der Pfalz und der  Saarpfalz aufgerufen. Es gelte \u201edie Gestaltungsm\u00f6glichkeiten, die sich  uns als Einzelne und als Kirchen bieten\u201c, zu nutzen und mit der  Stimmabgabe die Demokratie zu st\u00e4rken. Schad und Wiesemann erinnern  daran, dass sich mit dem Grundgesetz der Bundesrepublik und der Gr\u00fcndung  der Europ\u00e4ischen Union eine stabile politische Struktur und Kultur  entwickelt habe, die Vers\u00f6hnung m\u00f6glich gemacht, den Frieden gesichert  und die Freiheit bewahrt habe.<\/p>\n\n\n\n<p>F\u00fcr\n Christen sei Europa ein lebendiger Ausdruck des Grundsatzes einer \nEinheit in Vielfalt, der auch f\u00fcr die \u00d6kumene leitend sei. Europa stelle\n in Zeiten von Abschottung und Ausgrenzung eine starke Antwort auf \nPopulismus und Extremismus dar. \u201eWir sind nach Europa gerufen: einem \ndemokratischen Europa mit christlichen Wurzeln, das die Menschenw\u00fcrde in\n den Mittelpunkt stellt und damit nicht nur eine Wirtschaftsunion, \nsondern vor allem eine Werteunion ist\u201c, erkl\u00e4ren Bischof und \nKirchenpr\u00e4sident. <\/p>\n\n\n\n<p>Zugleich\n verweisen sie auf das am Vortag unter dem Titel \u201eVertrauen in die \nDemokratie st\u00e4rken\u201c ver\u00f6ffentlichte gemeinsame Wort der Deutschen \nBischofskonferenz und des Rates der Evangelischen Kirche in Deutschland.\n Der Text thematisiert die Gefahr einer Vertrauenskrise der Demokratie \nin Deutschland und Europa und richtet sich gegen ein Erstarken \npopulistischer sowie anti-demokratischer Kr\u00e4fte. In dem \u00f6kumenischen \nPapier werde deutlich hervorgehoben, dass Demokratie auf Sittlichkeit \nund Anstand aller Beteiligten baue, vom Politiker \u00fcber Medien- und \nVerbandsvertreter bis zu jedem einzelnen B\u00fcrger. Schad und Wiesemann \nunterstreichen die im gemeinsamen Wort ge\u00e4u\u00dferte Auffassung, dass die \nfreiheitliche Demokratie zwar keine perfekte Ordnung sei, sich aber als \ndie bestm\u00f6gliche erwiesen habe, da sie lern- und kritikf\u00e4hig sei.<\/p>\n\n\n\n<p>Dankbar\n zeigen sich Bischof und Kirchenpr\u00e4sident f\u00fcr das Engagement gerade der \njungen Generation. Als Beispiel verweisen sie dabei auf den gemeinsamen \n\u201eMarsch f\u00fcr Demokratie\u201c, zu dem die Evangelische Jugend der Pfalz (EJ) \nund der Bund der Deutschen Katholischen Jugend (BDKJ) auf das Hambacher \nSchloss eingeladen hatten. Unter dem Titel \u201eWir lieben unsere \nDemokratie\u201c, nannten die jungen Christen als Gr\u00fcnde f\u00fcr ihren Einsatz \nf\u00fcr die Demokratie, dass \u201esie f\u00fcr Schwache und Benachteiligte eintritt \nund Menschen, die auf der Flucht sind, Asyl gew\u00e4hrt, den Schutz der \nfreien Meinungs\u00e4u\u00dferung sichert und ein Gegengewicht ist gegen Hass, \nIntoleranz und Gewalt\u201c. Beide Jugendverb\u00e4nde unterst\u00fctzen die \nDemonstrationen von Sch\u00fclern \u201eFridays for future\u201c und sehen darin ein \nstarkes Signal f\u00fcr eine ver\u00e4nderte Wirtschafts- und Klimapolitik, die \nden Schutz der Umwelt und die nachhaltige Sicherung der Lebensgrundlagen\n an erste Stelle setzt.<\/p>\n\n\n\n<p>In\n beiden Kirchen spielen nach Angaben von Bischof und Kirchenpr\u00e4sident \nAngebote der politischen Bildung eine wichtige Rolle. Sie bieten \nGelegenheit zur Auseinandersetzung mit einer Vielzahl von Themen, von \nFragen der Ethik angesichts globaler Bedrohungen wie Klimawandel und \nArtensterben bis hin zur Auseinandersetzung mit nationalen und \npopulistischen Str\u00f6mungen in der gegenw\u00e4rtigen Politik. So veranstaltet \nder Caritasverband im Rahmen des Projekts \u201eZusammenhalt durch Teilhabe \u2013\n gelegte Demokratie\u201c zum Beispiel Argumentationstrainings gegen \nrechtsextreme Parolen. Die Evangelische Arbeitsstelle Frieden und Umwelt\n f\u00f6rdert die Auseinandersetzung mit friedensethischen Fragen unter \nanderem durch die Friedensbildung an Schulen und die Unterst\u00fctzung von \nFriedensgruppen und Bildungsangebote in Kirchengemeinden. <\/p>\n\n\n\n<p>Der gemeinsame Wahlaufruf zu den Kommunal- und Europawahlen am 26. Mai 2019 ist unter <a href=\"https:\/\/deref-web-02.de\/mail\/client\/st1MlQWfq7g\/dereferrer\/?redirectUrl=http%3A%2F%2Fwww.evkirchepfalz.de\" target=\"_blank\" rel=\"noreferrer noopener\">www.evkirchepfalz.de<\/a> und <a href=\"https:\/\/deref-web-02.de\/mail\/client\/JK2gqfDDfLM\/dereferrer\/?redirectUrl=http%3A%2F%2Fwww.bistum-speyer.de\" target=\"_blank\" rel=\"noreferrer noopener\">www.bistum-speyer.de<\/a> ver\u00f6ffentlicht.<\/p>\n\n\n\n<p><strong>Hinweis:<\/strong><br>Das  Gemeinsame Wort \u201eVertrauen in die Demokratie st\u00e4rken\u201c ist als Brosch\u00fcre  in der Reihe \u201eGemeinsame Texte\u201c (Nr. 26) erschienen und kann unter <a rel=\"noreferrer noopener\" href=\"https:\/\/deref-web-02.de\/mail\/client\/LaWJQpdKdnw\/dereferrer\/?redirectUrl=http%3A%2F%2Fwww.dbk.de\" target=\"_blank\">www.dbk.de<\/a> in der Rubrik Publikationen <a rel=\"noreferrer noopener\" href=\"https:\/\/deref-web-02.de\/mail\/client\/tkroyfB2QPg\/dereferrer\/?redirectUrl=https%3A%2F%2Fnewsletter.ekd.de%2Fr%2FAq4BAE09122ms2343.html\" target=\"_blank\">https:\/\/www.dbk-shop.de\/de\/deutsche-bischofskonferenz\/gemeinsame-texte\/vertrauen-demokratie-staerken<\/a> sowie auf <a rel=\"noreferrer noopener\" href=\"https:\/\/deref-web-02.de\/mail\/client\/2r-JT9iOrY8\/dereferrer\/?redirectUrl=https%3A%2F%2Fnewsletter.ekd.de%2Fr%2FAq4BAE09123ms2343.html\" target=\"_blank\">www.ekd.de<\/a> unter <a rel=\"noreferrer noopener\" href=\"https:\/\/deref-web-02.de\/mail\/client\/Lmeq9FOqcSE\/dereferrer\/?redirectUrl=https%3A%2F%2Fnewsletter.ekd.de%2Fr%2FAq4BAE09124ms2343.html\" target=\"_blank\">https:\/\/www.ekd.de\/ekd_de\/ds_doc\/gemeinsame_texte_26_demokratie_2019.pdf<\/a> heruntergeladen oder bestellt werden.<\/p>\n\n\n\n<p><em>Foto: Speyer 24\/7 News, dak<br>17.04.2019<\/em><\/p>\n\n\n\n<h2 class=\"wp-block-heading\">Auf nach Santiago de Compostela!<\/h2>\n\n\n\n<h3 class=\"wp-block-heading\">Pilgerb\u00fcro Speyer bietet weitere Pilgergruppe auf dem Camino Portugu\u00e8s vom 3. bis 11. Oktober an<\/h3>\n\n\n\n<div class=\"wp-block-image\"><figure class=\"aligncenter\"><img decoding=\"async\" loading=\"lazy\" width=\"500\" height=\"747\" src=\"https:\/\/speyer24news.com\/wp-content\/uploads\/2019\/04\/Pilger.jpg\" alt=\"\" class=\"wp-image-12391\" srcset=\"https:\/\/speyer24news.com\/wp-content\/uploads\/2019\/04\/Pilger.jpg 500w, https:\/\/speyer24news.com\/wp-content\/uploads\/2019\/04\/Pilger-201x300.jpg 201w\" sizes=\"(max-width: 500px) 100vw, 500px\" \/><\/figure><\/div>\n\n\n\n<p>Auf\n nach Santiago! Das ist noch immer das Motto der gro\u00dfen \nDi\u00f6zesanwallfahrt mit Bischof Dr. Karl-Heinz Wiesemann im Oktober dieses\n Jahres, die einen unerwartet gro\u00dfen Zuspruch erf\u00e4hrt. So gilt dieser \nAppell auch nur noch f\u00fcr Pilger, die auf den Komfort eines Hotels \nverzichten und sich \u00dcbernachtungen in einfachen Pensionen vorstellen \nk\u00f6nnen, denn die \u00fcbrigen Angebote sind inzwischen ausgebucht.<\/p>\n\n\n\n<p>Wer\n also Teil der gro\u00dfen Pilgerschar der Di\u00f6zese sein m\u00f6chte und sich \nvorstellen kann, ganz einfach und traditionell auf dem Jakobsweg nach \nSantiago de Compostela pilgern, darf sich von dem zus\u00e4tzlichen Angebot \nangesprochen f\u00fchlen, denn das Pilgerb\u00fcro Speyer bietet eine weitere \nGruppe auf dem Camino Portugu\u00e8s vom 3. bis 11. Oktober an. Die \nUnterbringung erfolgt dabei ausschlie\u00dflich in H\u00e4usern mit \nMehrbettzimmern, wobei eine Nasszelle nicht im Zimmer integriert ist, \nDusche\/WC befinden sich auf der Etage. Nicht zu verwechseln sind diese \neinfachen Pensionen allerdings mit den klassischen Pilgerherbergen, wo \nin gro\u00dfen Schlafs\u00e4len \u00fcbernachtet wird. <\/p>\n\n\n\n<p>Das\n Programm dieser Gruppe ist in den Ablauf der weiteren Gruppen auf dem \nCamino Portug\u00f9es integriert. Zun\u00e4chst erfolgt die f\u00fcnft\u00e4gige Wanderung \nvon Tui nach Santiago de Compostela \u00fcber Redondela, Pontevedra, Caldas \nde Reis und Padr\u00f2n mit Tagesetappen zwischen 17 km und 23 km. Die \nanschlie\u00dfenden Tage in Santiago sind f\u00fcr alle Gruppen gemeinsam \ngestaltet, unter anderem mit der Teilnahme an der feierlichen \nPilgermesse, dem Besuch der historischen Altstadt sowie der Fahrt zum \nFelsenkap Finisterre, dem \u201eEnde der Welt\u201c. In Muxia, dem gr\u00f6\u00dften \ngalicischen Marienwallfahrtsort, feiern alle Teilnehmerinnen und \nTeilnehmer gemeinsam einen Abschlussgottesdienst.<\/p>\n\n\n\n<p>Diese\n Reise kostet inklusive Flughafentransfer nach Frankfurt und zur\u00fcck, \nFlug, Halbpension, Gep\u00e4cktransport sowie Eintrittsgelder und F\u00fchrungen \nlaut Programm pro Person im Mehrbettzimmer 964 Euro. Einzelzimmer k\u00f6nnen\n nicht gebucht werden. Die geistliche Begleitung \u00fcbernehmen Kaplan \nAlexander Klein und Kaplan Matthias Schmitt. <\/p>\n\n\n\n<p><strong><em>Weitere Informationen und Anmeldung bis 20. Mai: <\/em><\/strong><strong><em>Pilgerb\u00fcro Speyer, Marianne Backenstra\u00df, Hasenpfuhlstr. 33, 67346 Speyer, Telefon 06232\/102423, Fax 06232\/102341. E-Mail: <\/em><\/strong><a href=\"mailto:info@pilgerreisen-speyer.de\" target=\"_blank\" rel=\"noreferrer noopener\">info@pilgerreisen-speyer.de<\/a><strong><em>, <\/em><\/strong><strong><em>Internet: <a href=\"https:\/\/deref-web-02.de\/mail\/client\/qZp8Enry-ok\/dereferrer\/?redirectUrl=http%3A%2F%2Fwww.pilgerreisen-speyer.de\" target=\"_blank\" rel=\"noreferrer noopener\">www.pilgerreisen-speyer.de<\/a><\/em><\/strong><\/p>\n\n\n\n<p><strong>Weitere Informationen zur Di\u00f6zesan-Wallfahrt des Bistums Speyer:<\/strong><\/p>\n\n\n\n<p><a href=\"https:\/\/www.pilgerreisen-speyer.de\/fileadmin\/user_upload\/Sonderprospekt_Pilgerreise_Santiago.pdf\">https:\/\/www.pilgerreisen-speyer.de\/fileadmin\/user_upload\/Sonderprospekt_Pilgerreise_Santiago.pdf<\/a><\/p>\n\n\n\n<p><em>Text: Bistum Speyer Foto: Speyer 24\/7 News, dak<br>17.04.2019<\/em><\/p>\n\n\n\n<h2 class=\"wp-block-heading\">Generationenwechsel an der Spitze des Kirchengerichts im Bistum Speyer<\/h2>\n\n\n\n<h3 class=\"wp-block-heading\">Dr. Norbert Weis gibt das Amt des Offizials an den bisherigen Vizeoffizial Dr. Georg M\u00fcller ab<\/h3>\n\n\n\n<div class=\"wp-block-image\"><figure class=\"aligncenter\"><img decoding=\"async\" loading=\"lazy\" width=\"800\" height=\"592\" src=\"https:\/\/speyer24news.com\/wp-content\/uploads\/2019\/04\/Georg-M\u00fcller.jpg\" alt=\"\" class=\"wp-image-12390\" srcset=\"https:\/\/speyer24news.com\/wp-content\/uploads\/2019\/04\/Georg-M\u00fcller.jpg 800w, https:\/\/speyer24news.com\/wp-content\/uploads\/2019\/04\/Georg-M\u00fcller-300x222.jpg 300w, https:\/\/speyer24news.com\/wp-content\/uploads\/2019\/04\/Georg-M\u00fcller-768x568.jpg 768w, https:\/\/speyer24news.com\/wp-content\/uploads\/2019\/04\/Georg-M\u00fcller-80x60.jpg 80w\" sizes=\"(max-width: 800px) 100vw, 800px\" \/><\/figure><\/div>\n\n\n\n<p>S<strong>peyer &#8211; <\/strong> Zum 1. Juli vollzieht sich ein personeller Wechsel an der Spitze des  Offizialats. Das Offizialat ist das Kirchengericht im Bistum Speyer. Der  bisherige Leiter und Offizial Dr. Norbert Weis gibt sein Amt an Dr.  Georg M\u00fcller (46) ab. Als Vizeoffizial war er bislang Stellvertreter von  Dr. Weis.<\/p>\n\n\n\n<p>\u201eMit\n dem Wechsel wollen wir einen kontinuierlichen \u00dcbergang sicherstellen\u201c, \nerkl\u00e4rt Bischof Dr. Karl-Heinz Wiesemann. Dr. Norbert Weis (68) tritt im\n kommenden Jahr in den Ruhestand. Bis dahin wird er dem Kirchengericht \nweiterhin als Vizeoffizial zur Verf\u00fcgung stehen.<\/p>\n\n\n\n<p>Georg\n M\u00fcller wurde im Jahr 2000 im Rom zum Priester geweiht. Er war als \nKaplan in Ludwigshafen-Mundenheim und am Speyerer Dom t\u00e4tig. In Trier \npromovierte er mit einer Arbeit \u00fcber den englischen Kardinal und \nTheologen John Henry Newman. Seit 2008 wirkte er als theologischer \nReferent und pers\u00f6nlicher Sekret\u00e4r des Bischofs. 2012 wurde er zun\u00e4chst \nAdministrator und dann Pfarrer in Ludwigshafen-Oppau. 2016 wurde er zum \nleitenden Pfarrer der Pfarrei Heilige Edith Stein in Schifferstadt \nberufen. Diese Aufgabe wird Georg M\u00fcller auch als Offizial weiterf\u00fchren.\n <\/p>\n\n\n\n<p>Erg\u00e4nzend\n zu seinem Studium der Theologie in M\u00fcnchen und Rom hat Georg M\u00fcller ein\n Studium des Kirchenrechts in M\u00fcnster absolviert. Seit 2012 wirkte er am\n Kirchengericht in verschiedenen Funktionen mit, seit 2017 als \nVizeoffizial. Als Offizial wird Georg M\u00fcller zudem stimmberechtiges \nMitglied des Allgemeinen Geistlichen Rates.<\/p>\n\n\n\n<p><strong>Weitere Informationen zum Offizialat des Bistums Speyer: <\/strong><a href=\"https:\/\/www.bistum-speyer.de\/bistum-speyer\/kirchliches-ehegericht\/\">https:\/\/www.bistum-speyer.de\/bistum-speyer\/kirchliches-ehegericht\/<\/a><\/p>\n\n\n\n<p><em>Bistum Speyer<br>17.04.2019<\/em><\/p>\n\n\n\n<h2 class=\"wp-block-heading\">Gottesdienste in der Karwoche und zum Osterfest am Dom zu Speyer<\/h2>\n\n\n\n<h3 class=\"wp-block-heading\">Beginn der Heiligen Woche am Palmsonntag (14. April)<\/h3>\n\n\n\n<div class=\"wp-block-image\"><figure class=\"aligncenter\"><img decoding=\"async\" loading=\"lazy\" width=\"800\" height=\"600\" src=\"https:\/\/speyer24news.com\/wp-content\/uploads\/2019\/04\/Dom-bei-Nacht-Frontal.jpg\" alt=\"\" class=\"wp-image-12389\" srcset=\"https:\/\/speyer24news.com\/wp-content\/uploads\/2019\/04\/Dom-bei-Nacht-Frontal.jpg 800w, https:\/\/speyer24news.com\/wp-content\/uploads\/2019\/04\/Dom-bei-Nacht-Frontal-300x225.jpg 300w, https:\/\/speyer24news.com\/wp-content\/uploads\/2019\/04\/Dom-bei-Nacht-Frontal-768x576.jpg 768w, https:\/\/speyer24news.com\/wp-content\/uploads\/2019\/04\/Dom-bei-Nacht-Frontal-678x509.jpg 678w, https:\/\/speyer24news.com\/wp-content\/uploads\/2019\/04\/Dom-bei-Nacht-Frontal-326x245.jpg 326w, https:\/\/speyer24news.com\/wp-content\/uploads\/2019\/04\/Dom-bei-Nacht-Frontal-80x60.jpg 80w\" sizes=\"(max-width: 800px) 100vw, 800px\" \/><\/figure><\/div>\n\n\n\n<p><strong>Speyer &#8211;  <\/strong>Mit dem Palmsonntag, der in diesem Jahr auf den 14. April f\u00e4llt,  beginnt die Karwoche oder Heilige Woche, in der die Kirche des Leidens,  Sterbens und der Auferstehung Jesu gedenkt. H\u00f6hepunkt ist die Feier der  Osternacht, die zugleich Hauptfeier des ganzen Kirchenjahres ist. Das  Pontifikalamt mit Bischof Dr. Karl-Heinz Wiesemann am Palmsonntag  beginnt um 10 Uhr mit einer Statio am \u00d6lberg auf der s\u00fcdlichen Domseite.  Die Gemeinde zieht dann mit gebundenen Buchszweigen in den Dom ein.  Etwas Pflanzengr\u00fcn wird auch auf die Gr\u00e4ber der Kaiser und K\u00f6nige im Dom  gelegt \u2013 ein Brauch der bereits f\u00fcr das 15. Jahrhundert dokumentiert  ist.<\/p>\n\n\n\n<p>In der Karwoche \nzwischen Palmsonntag und Ostern findet traditionell die Chrisammesse \nstatt. An diesem Tag werden in der Bischofskirche die f\u00fcr die \nSakramentenspendung ben\u00f6tigten heiligen \u00d6le geweiht. Die Priester der \nDi\u00f6zese sind zur Mitfeier eingeladen und nehmen das geweiht \u00d6l f\u00fcr den \nGebrauch in ihrer Pfarrei mit. Bischof Wiesemann zelebriert die \nChrisammesse am Montag, 15. April, um 17 Uhr.<\/p>\n\n\n\n<p>Die\n heiligen drei Tage \u201eTriduum Paschale\u201c beginnen mit dem Abendmahlsamt um\n 19.30 Uhr am Gr\u00fcndonnerstag, 18. April, mit Bischof Wiesemann. Am \nKarfreitag, 19. April, findet um 10 Uhr der Kinderkreuzweg statt. Um 15 \nUhr beginnt die Karfreitagsliturgie mit Bischof Dr. Karl-Heinz Wiesemann\n und Weihbischof Otto Georgens (Predigt). An diesem Tag kann in den \nBeichtst\u00fchlen im n\u00f6rdlichen Seitenschiff zwischen 11 und 13 Uhr und ab \n17 Uhr die Beichte abgelegt werden. Zur stillen Besichtigung ist die \nKathedrale am Karfreitag ausschlie\u00dflich zwischen 13 und 14 Uhr ge\u00f6ffnet.<\/p>\n\n\n\n<p>Die\n Feier der Auferstehung beginnt am Samstag, 20. April, mit der \nOsternacht, in der der Dom anfangs in v\u00f6lliger Dunkelheit liegt. \nAufgrund der Bauarbeiten in der Vorhalle wird in diesem Jahr vor den \nStufen des Westbaus des Domes um 21 Uhr das Osterfeuer entz\u00fcndet, bevor \nmit der Osterkerze und dem Ruf \u201eLumen Christi \u2013 Deo gratias\u201c (Christus, \ndas Licht \u2013 Dank sei Gott) das Licht in die Kathedrale zur\u00fcckkehrt. \nBischof Dr. Karl-Heinz Wiesemann wird die Osternacht im Dom zelebrieren.<\/p>\n\n\n\n<p>Am\n Ostersonntag, 21. April, feiert Bischof Wiesemann um 10 Uhr ein \nPontifikalamt und um 16.30 Uhr eine Pontifikalvesper. Am Ostermontag um \n10 Uhr wird Weihbischof Otto Georgens die Messe im Dom feiern.<\/p>\n\n\n\n<p><strong>Termin\u00fcbersicht:<\/strong><\/p>\n\n\n\n<p><strong>Besondere Gottesdienste&nbsp;<\/strong><\/p>\n\n\n\n<p><strong>Palmsonntag, 14. April 2019<br><\/strong>10:00 Uhr \u2013 Pontifikalamt<br>Musikalische Gestaltung:&nbsp;Domsingknaben, Dombl\u00e4ser<br>Melchior\n Franck: F\u00fcrwahr, er trug unsre Krankheit; Heinrich Sch\u00fctz: Also hat \nGott die Welt geliebt; Claudio Crassini: Sanctus aus Missa prima; \nChristian M. Hei\u00df: Agnus Dei aus Missa piccola&nbsp;<\/p>\n\n\n\n<p><strong>Montag der Karwoche, 15. April 2019<\/strong><br>17:00 Uhr \u2013 Pontifikalamt Chrisammesse<br>Musikalische Gestaltung:&nbsp;M\u00e4dchenchor, Instrumentalensemble<br>Leo Delibes: Messe br\u00e8ve; Thomas Riegler: Der Herr ist mein Hirte; Deutsche Wechselges\u00e4nge aus dem Gotteslob&nbsp;<\/p>\n\n\n\n<p><strong>Gr\u00fcndonnerstag, 18. April 2019<\/strong><br>8:00 Uhr \u2013 Lesehore und Laudes<br>Musikalische Gestaltung:&nbsp;Schola Cantorum Saliensis<\/p>\n\n\n\n<p>19:30 Uhr \u2013 Pontifikalamt Messe vom letzten Abendmahl<br>Musikalische Gestaltung:&nbsp;M\u00e4nnerchor der Dommusik<br>Michael\n Haller: Missa brevis; Ola Gjeilo: Ubi caritas; Giovanni Battista \nMartini: Adoramus te, Christe &amp; Tristis est anima mea&nbsp;<\/p>\n\n\n\n<p><strong>Karfreitag, 19. April 2019<\/strong><br>8:30 Uhr \u2013 Lesehore und Laudes<br>Musikalische Gestaltung:&nbsp;Schola Cantorum Saliensis<\/p>\n\n\n\n<p>10:00 Uhr \u2013 Kreuzwegandacht f\u00fcr Kinder<br>Musikalische Gestaltung:&nbsp;Nachwuchs- und Aufbauch\u00f6re des M\u00e4dchenchores und der Domsingknaben<br>Lieder und Wechselges\u00e4nge aus dem Gotteslob<\/p>\n\n\n\n<p>15:00 Uhr \u2013 Pontifikalliturgie<br>Musikalische Gestaltung:&nbsp;Domchor<br>Felix\n Mendelssohn Bartholdy: Um unsrer S\u00fcnden Willen &amp; Mein Gott, warum \nhast du mich verlassen; Johann Sebastian Bach: Chor\u00e4le zur \nJohannespassion; Tomaso Ludovico da Vittoria: Popule meus; Michael \nHaller: Coenantibus illis&nbsp;<\/p>\n\n\n\n<p><strong>Karsamstag, 20. April 2019<\/strong><br>8:00 Uhr \u2013 Lesehore und Laudes<br>Musikalische Gestaltung:&nbsp;Schola Cantorum Saliensis<\/p>\n\n\n\n<p>21:00 Uhr \u2013 Feier der Osternacht<br>Musikalische Gestaltung:&nbsp;Domchor, Dombl\u00e4ser, Schola Cantorum Saliensis<br>Psalmen und Wechselges\u00e4nge<br>Giovanni Pierluigi da Palestrina: Sicut cervus desiderat ad fontes<br>Melchior Vulpius: Erstanden ist der heilig Christ<br>Charles V. Stanford: Ye choirs of new Jerusalem&nbsp;<\/p>\n\n\n\n<p><strong>Ostersonntag, 21. April 2019<\/strong><br>10:00 Uhr \u2013 Pontifikalamt<br>Musikalische Gestaltung:&nbsp;M\u00e4dchenchor, Domsingknaben, Dombl\u00e4ser<br>Christian M. Hei\u00df: Missa &#8222;Fidem cantemus&#8220;; Wipo von Burgund: Victimae paschali laudes;<br>Myles Birket Foster: Was sucht ihr den Lebenden bei den Toten?<\/p>\n\n\n\n<p>16:30 Uhr \u2013 Pontifikalvesper<br>Musikalische Gestaltung:&nbsp;Vokalensemble der Dommusik, Soli, Domorchester<br>Wolfgang\n Amadeus Mozart: Dixit Dominus, Laudate Dominum und Magnificat aus \nVesperae solennes de confessore, KV 339; Franz Joseph Aumann: Regina \ncaeli&nbsp;<\/p>\n\n\n\n<p><strong>Ostermontag, 22. April 2019<\/strong><br>10:00 Uhr \u2013 Pontifikalamt<br>Musikalische Gestaltung:&nbsp;Capella Spirensis vocale e instrumentale<br>Johann Joseph Fux: Missa in C; Franz Xaver Brixi: Haec dies&nbsp;<\/p>\n\n\n\n<p><em>Text: Bistum Speyer Foto: Speyer 24\/7 News, dak<br>17.04.2019<\/em><\/p>\n\n\n\n<h2 class=\"wp-block-heading\">Der  unvergleichbare Ben Becker gastiert unter dem Titel &#8220; Ich, Judas&#8220; am 27. September 2019 um 20:00 Uhr in der Ged\u00e4chtniskirche in Speyer<\/h2>\n\n\n\n<div class=\"wp-block-image\"><figure class=\"aligncenter\"><img decoding=\"async\" loading=\"lazy\" width=\"800\" height=\"533\" src=\"https:\/\/speyer24news.com\/wp-content\/uploads\/2019\/04\/BenBeckerIchJudas-6735-18x12cm300dpi\u00a9FacelandCom.jpeg\" alt=\"\" class=\"wp-image-12387\" srcset=\"https:\/\/speyer24news.com\/wp-content\/uploads\/2019\/04\/BenBeckerIchJudas-6735-18x12cm300dpi\u00a9FacelandCom.jpeg 800w, https:\/\/speyer24news.com\/wp-content\/uploads\/2019\/04\/BenBeckerIchJudas-6735-18x12cm300dpi\u00a9FacelandCom-300x200.jpeg 300w, https:\/\/speyer24news.com\/wp-content\/uploads\/2019\/04\/BenBeckerIchJudas-6735-18x12cm300dpi\u00a9FacelandCom-768x512.jpeg 768w\" sizes=\"(max-width: 800px) 100vw, 800px\" \/><\/figure><\/div>\n\n\n\n<p><strong>Speyer &#8211; <\/strong>Alle bisherigen Shows restlos ausverkauft: Aufgrund des \u00fcberw\u00e4ltigenden  Erfolges gibt es bundesweite Zusatztermine in 2019 von Ben Beckers  Solo-Performance \u201eIch, Judas\u201c. Das urspr\u00fcnglich nur f\u00fcr eine einmalige  Auff\u00fchrung geplante Programm erf\u00e4hrt seit der Premiere im November 2015  einen gro\u00dfartigen Zuspruch bei Publikum und Fachwelt.<br><br>Judas, sein  Name steht f\u00fcr Verrat. Seine Geschichte ist eine der Schuld ohne  Vergebung. Er ist der einzige Feind, f\u00fcr den es keine Liebe gibt, der  Meistgehasste, Meistverfolgte und Verteufelte: Judas, der J\u00fcnger Jesu,  der Gottes Sohn mit seinem Kuss verr\u00e4t und ans Kreuz liefert. Ben Becker  \u00fcbernimmt seine Rolle.<br><br>Der Fall Judas muss neu aufgerollt  werden. Eine Geschichte wurde \u00fcberliefert, ein Urteil gef\u00e4llt, ein  S\u00fcndenbock gebrandmarkt f\u00fcr die Ewigkeit. Doch die Geschichte stimmt so  nicht, das Urteil ist falsch. \u201eWas war denn zu verraten\u201c, fragt Judas in  seiner Verteidigungsrede, \u201e Jesus\u2018 Aufenthaltsort? Den kannten  Tausende. Sein Gro\u00dfes Geheimnis, dass er Gottes Sohn sei? Das hat er  selbst gesagt, vor allen Leuten!\u201c Und das ist nur der Anfang von vielen  Unstimmigkeiten einer Geschichte, die mehr geglaubt als befragt wurde.<\/p>\n\n\n\n<div class=\"wp-block-image\"><figure class=\"alignleft is-resized\"><img decoding=\"async\" loading=\"lazy\" src=\"https:\/\/speyer24news.com\/wp-content\/uploads\/2019\/04\/BenBeckerIchJudas-3723-12x18cm300dpi\u00a9FacelandCom.jpeg\" alt=\"\" class=\"wp-image-12388\" width=\"328\" height=\"492\" srcset=\"https:\/\/speyer24news.com\/wp-content\/uploads\/2019\/04\/BenBeckerIchJudas-3723-12x18cm300dpi\u00a9FacelandCom.jpeg 500w, https:\/\/speyer24news.com\/wp-content\/uploads\/2019\/04\/BenBeckerIchJudas-3723-12x18cm300dpi\u00a9FacelandCom-200x300.jpeg 200w\" sizes=\"(max-width: 328px) 100vw, 328px\" \/><\/figure><\/div>\n\n\n\n<p>Das  Bild von Judas, dem Verr\u00e4ter, ist ein Vorurteil mit den fatalsten  Folgen: Antisemitismus, Judenverfolgung, Glaubenskriege. Ben Becker  erhebt seine Stimme f\u00fcr einen, der auserw\u00e4hlt war, den Anti-Christen zu  spielen, um Jesus zum Messias zu machen. \u201eJudas ist nichts ohne Jesus \u2026  Aber Jesus ist auch nichts ohne Judas\u201c, so die radikale Erkenntnis von  Walter Jens, der in seinem Judas-Monolog die moralischen Gewissheiten  jahrtausenderlanger Fr\u00f6mmigkeit ersch\u00fcttert. Eine gigantische Aufgabe  f\u00fcr einen Schauspieler: Hier steht einer auf gegen alle in einem  verzweifelten Kampf um sp\u00e4te Gerechtigkeit. \u201eIch, Judas\u201c ist das  existentielle Pl\u00e4doyer f\u00fcr einen Verdammten, die Korrektur des gr\u00f6\u00dften  Fehlurteils der Glaubensgeschichte und der Widerruf eines Irrtums, der  die Welt gespalten hat.<br><br>Ben Becker sucht mit seiner  Interpretation des Judas nicht nur den Widerstand gegen\u00fcber  Feindbildern, Vorverurteilungen und falschen Gewissheiten. Er spielt  Judas genau dort, wo die Fragen des Glaubens und Zweifels, der Erl\u00f6sung  und Verdammnis ihren Ort haben, in Gottes Haus. Die Musik und sakrale  Wucht der Orgel, gespielt von Domorganist Andreas Sieling, lassen Ben  Beckers Judas-Verteidigung vollends zum Ereignis werden.<\/p>\n\n\n\n<p>Der VVK hat zum Preis ab EUR 31,35 an allen bekannten VVK Stellen der Region \u00fcber begonnen, <a rel=\"noreferrer noopener\" href=\"https:\/\/deref-web-02.de\/mail\/client\/w_Lm754wIhg\/dereferrer\/?redirectUrl=https%3A%2F%2Fderef-gmx.net%2Fmail%2Fclient%2FX2o04QDRPkU%2Fdereferrer%2F%3FredirectUrl%3Dhttp%253A%252F%252Fwww.adticket.de\" target=\"_blank\">www.adticket.de<\/a> \/ <a rel=\"noreferrer noopener\" href=\"https:\/\/deref-web-02.de\/mail\/client\/XrynCyRiMJw\/dereferrer\/?redirectUrl=https%3A%2F%2Fderef-gmx.net%2Fmail%2Fclient%2F5iiuuUO9UH8%2Fdereferrer%2F%3FredirectUrl%3Dhttp%253A%252F%252Fwww.EVENTIM.de\" target=\"_blank\">www.EVENTIM.de<\/a>.<\/p>\n\n\n\n<p><em>Text: RGV &#8211; Ralf Grefkes Foto: Faceland.com<br>17.04.2019<\/em><\/p>\n\n\n\n<h2 class=\"wp-block-heading\">Vorstand des Dombauvereins neu gew\u00e4hlt<\/h2>\n\n\n\n<h3 class=\"wp-block-heading\">Verein mit mehr als 2.600 Mitgliedern gut aufgestellt<\/h3>\n\n\n\n<div class=\"wp-block-image\"><figure class=\"aligncenter\"><img decoding=\"async\" loading=\"lazy\" width=\"800\" height=\"601\" src=\"https:\/\/speyer24news.com\/wp-content\/uploads\/2019\/04\/Dombauverein-1.jpg\" alt=\"\" class=\"wp-image-12385\" srcset=\"https:\/\/speyer24news.com\/wp-content\/uploads\/2019\/04\/Dombauverein-1.jpg 800w, https:\/\/speyer24news.com\/wp-content\/uploads\/2019\/04\/Dombauverein-1-300x225.jpg 300w, https:\/\/speyer24news.com\/wp-content\/uploads\/2019\/04\/Dombauverein-1-768x577.jpg 768w, https:\/\/speyer24news.com\/wp-content\/uploads\/2019\/04\/Dombauverein-1-678x509.jpg 678w, https:\/\/speyer24news.com\/wp-content\/uploads\/2019\/04\/Dombauverein-1-326x245.jpg 326w, https:\/\/speyer24news.com\/wp-content\/uploads\/2019\/04\/Dombauverein-1-80x60.jpg 80w\" sizes=\"(max-width: 800px) 100vw, 800px\" \/><figcaption> Vorstandsvorsitzender Dr. Gottfried Jung berichtet \u00fcber die Arbeit des Vereins, Foto: Domkapitel Speyer<\/figcaption><\/figure><\/div>\n\n\n\n<p><strong>Speyer &#8211; <\/strong>Wie gute Vereinsarbeit aussieht, zeigte der Dombauverein bei seiner diesj\u00e4hrigen Mitgliederversammlung. \u201eUt unum sint \u2013 dass sie eins seien\u201c mit diesem Zitat einer Inschrift \u00fcber dem Hauptportal des Doms begr\u00fc\u00dfte der Vorstandsvorsitzende Dr. Gottfried Jung die Anwesenden. Er betonte die Bedeutung des Zusammenhalts all derer, die sich f\u00fcr den Dom einsetzen und lobte zugleich das gute Miteinander von Vorstand und Mitgliedern. Oberb\u00fcrgermeisterin Stefanie Seiler fand in ihrem Gru\u00dfwort \u201eden Verein gut aufgestellt\u201c und lobte das gro\u00dfe Arbeitspensum, welches Vorstand und Mitglieder leisteten. Professor Peter Frankenberg, der als Vorsitzender des Vorstands der Europ\u00e4ischen Stiftung Kaiserdom zu Speyer sprach, zollte dem Dombauverein Anerkennung f\u00fcr seine \u201ebeeindruckende Mitgliederzahl\u201c. <\/p>\n\n\n\n<p>Bei der turnusm\u00e4\u00dfig alle zwei Jahre stattfindenden Neuwahl\nwurde der Vorstandsvorsitzende Dr. Gottfried Jung einstimmig wiedergew\u00e4hlt.\nEbenfalls im Amt best\u00e4tigt wurden Dr. Barbara Schmidt-Nechl als seine\nStellvertreterin und Schriftf\u00fchrerin sowie Schatzmeister Winfried Szkutnik. Als\nBeisitzer sind weiterhin Franz Dudenh\u00f6ffer, Gabriele Fischer, Carmen Gahmig,\nMathias Geisert und Hans-Joachim Ritter im Amt. Ein Beisitzerposten war nach\ndem sich aus privaten Gr\u00fcnden von diesem Ehrenamt zur\u00fcckziehenden Dr. Simon Lang\nneu zu besetzen. Hier wurde G\u00fcnther Frei neu in den Vorstand aufgenommen. Er\nkam nach dem Ende seiner Berufst\u00e4tigkeit nach Speyer und ist dem Dom bereits\ndurch seine T\u00e4tigkeit als Domf\u00fchrer besonders verbunden. <\/p>\n\n\n\n<p>Jung gab einen R\u00fcckblick auf die Arbeit des Vereins im\nvergangenen Jahr. Neben bereits traditionellen Veranstaltungen wie den\nWissenschaftlichen Vortr\u00e4gen erw\u00e4hnte Jung eine Verkaufsausstellung mit\nAquarellen, die in diesem Jahr in ver\u00e4nderter Form wiederholt werden soll. Als\nNeuerung im Veranstaltungskalender nannte Jung die 2018 erstmals angebotenen\nBaustellenf\u00fchrungen. Dieses Angebot sei so gefragt gewesen, dass es trotz dreier\nTermine mehr Interessenten als Pl\u00e4tze gegeben habe. Die F\u00fchrungen werden daher\nauch in diesem Jahr wieder angeboten, nun mit der neuen Dombaumeisterin Hedwig\nDrabik. Sie ist als geborenes Mitglied nun auch im Vorstand und wurde herzlich in\nden Reihen des Vereins begr\u00fc\u00dft. <\/p>\n\n\n\n<p>Wof\u00fcr der Verein seine Arbeitskraft einsetzt und was mit den Ertr\u00e4gen aus dem Verkauf von Dombausteinen und Mitgliedsbeitr\u00e4gen geschieht, zeigte Domkustos Peter Schappert in seiner Pr\u00e4sentation. Thema waren die notwendigen Instandhaltungsma\u00dfnahmen des vergangenen und kommenden Jahres. Insbesondere die Sanierung der Vierungskuppel und der Vorhalle wurden als gro\u00dfe Ma\u00dfnahmen detailliert vorgestellt. Abschlie\u00dfend dankte Schappert dem Verein f\u00fcr sein umfangreiches und verl\u00e4ssliches Engagement.<\/p>\n\n\n\n<div class=\"wp-block-image\"><figure class=\"aligncenter\"><img decoding=\"async\" loading=\"lazy\" width=\"800\" height=\"569\" src=\"https:\/\/speyer24news.com\/wp-content\/uploads\/2019\/04\/Dombauverein-2.jpg\" alt=\"\" class=\"wp-image-12386\" srcset=\"https:\/\/speyer24news.com\/wp-content\/uploads\/2019\/04\/Dombauverein-2.jpg 800w, https:\/\/speyer24news.com\/wp-content\/uploads\/2019\/04\/Dombauverein-2-300x213.jpg 300w, https:\/\/speyer24news.com\/wp-content\/uploads\/2019\/04\/Dombauverein-2-768x546.jpg 768w\" sizes=\"(max-width: 800px) 100vw, 800px\" \/><figcaption> Der Vorstand des Dombauvereins (v.l.): Winfried Szkutnik, Hedwig Drabik, Mathias Geisert, Dr. Barbara Schmidt-Nechl, Carmen Gahmig, Dr. Gottfried Jung, Domkapitular Peter Schappert, Gabriele Fischer, G\u00fcnther Frei (nicht auf dem Bild: Dompfarrer Mathias Bender, Franz Dudenh\u00f6ffer, Hans-Joachim Ritter), Foto: Domkapitel Speyer <\/figcaption><\/figure><\/div>\n\n\n\n<p>80 Neueintritte, deutlich mehr als in den Vorjahren, bezeugen\ndie Attraktivit\u00e4t des Vereins. Als besondere Verg\u00fcnstigung erhalten die\nMitglieder in diesem Jahr freien Eintritt zu Kaisersaal und Turm. 2018 war der\nKryptaeintritt kostenfrei m\u00f6glich und hatte \u00fcber die sofortige\nBeitrittsm\u00f6glichkeit mittels Unterschrift auf einem Eintrittsticket wohl\nma\u00dfgeblich zur Erh\u00f6hung der Mitgliederzahlen beigetragen. Als neue Formen der Vereinszugeh\u00f6rigkeit\nwird es ab sofort die Familienmitgliedschaft und eine Dauermitgliedschaft\ngeben. Letztere bietet die M\u00f6glichkeit, sich mit einer einmaligen Zahlung von\nBeitr\u00e4gen f\u00fcr mindestens 20 Mitgliedsjahre besonders eng und dauerhaft an den\nVerein zu binden. Mitgliedergewinnung und das Einwerben von Spenden seien, so\nJung, die beiden gro\u00dfen Ziele des Vereins f\u00fcr die kommenden Jahre. Beides hofft\nder Verein auch mit einem attraktiven Programm zum bevorstehenden Jubil\u00e4um des 25-j\u00e4hrigen\nBestehens zu bewirken.<\/p>\n\n\n\n<p>Der Kassenbericht des Schatzmeisters Winfried Szkutnik zeugte von einer soliden Finanzsituation des Vereins. Einnahmen kommen vor allem aus den Mitgliederbeitr\u00e4gen, Spenden und dem Verkauf der sogenannten \u201eDombausteine\u201c \u2013 Verkaufsartikel wie dem Domwein und Publikationen zum Dom. Im vergangenen Jahr unterst\u00fctzte der Verein mit insgesamt 140.000 Euro die Restaurierung der Afrakapelle, die Sanierung der Zwerggalerie und die Voruntersuchung der Vierungskuppel. Nach dem Bericht der Rechnungspr\u00fcfer wurde der Vorstand einstimmig entlastet.<\/p>\n\n\n\n<p><em>Text: Bistum Speyer Foto: Domkapitel Speyer<br>17.04.2019<\/em><\/p>\n\n\n\n<h2 class=\"wp-block-heading\">Oliven\u00f6l aus dem Heiligen Land <\/h2>\n\n\n\n<h3 class=\"wp-block-heading\">Orden der Ritter vom Heiligen Grab spendet Heilige \u00d6le f\u00fcr die Chrisam-Messe im Dom zu Speyer<\/h3>\n\n\n\n<div class=\"wp-block-image\"><figure class=\"aligncenter\"><img decoding=\"async\" loading=\"lazy\" width=\"800\" height=\"599\" src=\"https:\/\/speyer24news.com\/wp-content\/uploads\/2019\/04\/Olivenoel.jpg\" alt=\"\" class=\"wp-image-12384\" srcset=\"https:\/\/speyer24news.com\/wp-content\/uploads\/2019\/04\/Olivenoel.jpg 800w, https:\/\/speyer24news.com\/wp-content\/uploads\/2019\/04\/Olivenoel-300x225.jpg 300w, https:\/\/speyer24news.com\/wp-content\/uploads\/2019\/04\/Olivenoel-768x575.jpg 768w, https:\/\/speyer24news.com\/wp-content\/uploads\/2019\/04\/Olivenoel-678x509.jpg 678w, https:\/\/speyer24news.com\/wp-content\/uploads\/2019\/04\/Olivenoel-326x245.jpg 326w, https:\/\/speyer24news.com\/wp-content\/uploads\/2019\/04\/Olivenoel-80x60.jpg 80w\" sizes=\"(max-width: 800px) 100vw, 800px\" \/><figcaption>v.l.:  Dr. Christopher Wolf, Pfarrer Georg M\u00fcller, Dr. Wolfgang Simon, Domkapitular Peter Schappert <\/figcaption><\/figure><\/div>\n\n\n\n<p><strong>Speyer &#8211; <\/strong>Der Ritterorden vom Heiligen Grab zu Jerusalem spendet in diesem Jahr  das \u00d6l, welches im Bistum Speyer als Grundlage f\u00fcr die sogenannten  Heiligen \u00d6le ben\u00f6tigt wird. Diese \u00d6le werden bei der Chrisam-Messe am  15. April im Speyerer Dom von Bischof Dr. Karl-Heinz Wiesemann geweiht.  Die Grabesritter spenden dem Dom und der Di\u00f6zese 40 Liter Oliven\u00f6l, das  von B\u00e4umen im Heiligen Land stammt. \u00dcbergeben wurde das \u00d6l an den Kustos  der Kathedrale, Domkapitular Peter Schappert, durch den leitenden  Komtur der Komturei Speyer-Kaiserslautern, Dr. Wolfgang Simon, den Prior  Pfarrer Dr. Georg M\u00fcller und dem Ordensmitglied Dr. Christopher Wolf,  der die Beschaffung der \u00d6le \u00fcbernommen hatte.<\/p>\n\n\n\n<p>Die Grabesritter sind ein p\u00e4pstlicher Orden, dem sowohl katholische Laien  als auch Geistliche angeh\u00f6ren. Der Ritterorden vom Heiligen Grab zu  Jerusalem hat es sich zur besonderen Aufgabe gesetzt, die katholische  Kirche im Heiligen Land, besonders das Lateinische Patriachat, zu  unterst\u00fctzen. Dies reicht vom Unterhalt der 51 Pfarrgemeinden des  Patriachats und der Unterst\u00fctzung von \u00fcber 40 Schulen, zahlreichen  Kinderg\u00e4rten, Sozialstationen und Altenheimen bis zur Ausbildung junger  Leute und der direkten Hilfe f\u00fcr sozial Schwache und Benachteiligte.  Ohne das Wirken des Ordens w\u00e4re die Arbeit vieler christlicher  Einrichtungen und Gemeinschaften im Heiligen Land akut gef\u00e4hrdet.<\/p>\n\n\n\n<p>Die Heiligen \u00d6le bestehen aus einer Mischung aus Oliven\u00f6l und Balsam. Dabei  unterscheidet man zwischen drei verschiedenen \u00d6len. Das wichtigste ist  das Chrisam, welches unter anderem bei der Taufe, Firmung und bei der  Priesterweihe verwendet wird. Au\u00dferdem gibt es noch das Kranken\u00f6l f\u00fcr  das Sakrament der Krankensalbung und das Katechumen\u00f6l, mit dem  Taufbewerber vor der Taufe gesalbt werden. Die \u00d6le werden in der  Chrisam-Messe am Montag der Karwoche am 15. April von Bischof Dr.  Karl-Heinz Wiesemann geweiht und zur Verteilung an die Kirchen des  Bistums an deren Priester weitergegeben. Traditionell wurde die  Chrisam-Messe am Gr\u00fcndonnerstag gefeiert. Inzwischen feiern viele  Bist\u00fcmer bereits an einem fr\u00fcheren Tag der Karwoche. Die Chrisam-Messe  im Speyerer Dom findet am Montag der Karwoche statt, um Priestern aus  dem ganzen Bistum zu erm\u00f6glichen, zu der Messe zu kommen. <\/p>\n\n\n\n<p><em>Bistum Speyer<br>17.04.2019<\/em><\/p>\n\n\n\n<h1 class=\"wp-block-heading\"><strong>VinoKilo: Kleidung nachhaltig kaufen &#8211; Am<\/strong> <br>27.04.2019 im erlebt Forum Landau<\/h1>\n\n\n\n<h3 class=\"wp-block-heading\">Kilopreise f\u00fcr Vintage-Mode<\/h3>\n\n\n\n<div class=\"wp-block-image\"><figure class=\"aligncenter\"><img decoding=\"async\" loading=\"lazy\" width=\"800\" height=\"534\" src=\"https:\/\/speyer24news.com\/wp-content\/uploads\/2019\/04\/VK-PR-Stuggi.jpg\" alt=\"\" class=\"wp-image-12381\" srcset=\"https:\/\/speyer24news.com\/wp-content\/uploads\/2019\/04\/VK-PR-Stuggi.jpg 800w, https:\/\/speyer24news.com\/wp-content\/uploads\/2019\/04\/VK-PR-Stuggi-300x200.jpg 300w, https:\/\/speyer24news.com\/wp-content\/uploads\/2019\/04\/VK-PR-Stuggi-768x513.jpg 768w\" sizes=\"(max-width: 800px) 100vw, 800px\" \/><\/figure><\/div>\n\n\n\n<p><strong>Landau &#8211; <\/strong>Das Mainzer Start-up \u201eVino Kilo\u201c verkauft Kleidung nach Gewicht. Robin Balser organisiert in ganz Deutschland Flohm\u00e4rkte f\u00fcr Kleidung aus zweiter Hand.<\/p>\n\n\n\n<p>Als Julia\nRoberts 2001 ihren Oscar f\u00fcr \u201eErin Brockovich\u201c in einem zwanzig Jahre\nalten Valentino-Kleid entgegennahm, l\u00f6ste sie einen Vintage-Hype aus, der bis\nheute anh\u00e4lt. Modebewusste Menschen tragen sp\u00e4testens seitdem Secondhand-Klamotten\nl\u00e4ngst nicht mehr aus der Not heraus. Auf diesen Trend ist der Mainzer Robin\nBalser mit seinem Start-up \u201eVino Kilo\u201c aufgesprungen. Der\nSiebenundzwanzigj\u00e4hrige organisiert mittlerweile in ganz Deutschland Flohm\u00e4rkte\nf\u00fcr Kleidung aus zweiter Hand.<\/p>\n\n\n\n<p>\u201eIch m\u00f6chte, dass Vino Kilo so was wie der H&amp;M f\u00fcr\nSecondhand-Mode wird\u201c, sagt Balser. Dazu geh\u00f6re, die Vintage-Kleidung auch\npreiswert zu verkaufen. Vintage hei\u00dft, dass die Kleidungsst\u00fccke tats\u00e4chlich so\nalt sind und aus der \u00c4ra stammen, nach der sie aussehen. Bei Retro-Kleidung\nhandelt es sich um St\u00fccke aus j\u00fcngerer Zeit, die optisch fr\u00fchere Modeepochen\nzitieren.<\/p>\n\n\n\n<p><strong>30 Euro f\u00fcr ein Kilogramm Kleidung<\/strong><\/p>\n\n\n\n<p>Wer eine Vino-Kilo-Veranstaltung\nbesucht, zahlt nicht f\u00fcr jedes Kleidungsst\u00fcck einzeln. Stattdessen werden f\u00fcr\njedes Kilogramm Kleidung 30 Euro berechnet. Bei einem seiner ersten Verk\u00e4ufen im\nVeranstaltungsraum Korrekt an der Mainzer Landstra\u00dfe in Frankfurt wurden\nJacken, T-Shirts und Hosen bekannter Hersteller wie Levi\u2019s, Converse, Adidas,\nHelly Hansen oder Nike angeboten, zudem Kleidungsst\u00fccke aus Seide, Leder, Denim\noder auch Wolle. 1150 Kilogramm habe er allein bei diesem Verkaufstermin\nabgesetzt, berichtet Balser hinterher.<\/p>\n\n\n\n<p>Theoretisch kann man nicht nur mit Bargeld oder EC-Karten bezahlen, sondern\nsogar mit Bitcoins. Allerdings sind die \u00dcberweisungsgeb\u00fchren f\u00fcr die\nKryptow\u00e4hrung mit 30 Euro inzwischen teurer als ein Kilo Mode. Besucher, die\nsich vom Einkaufen erholen m\u00f6chten, k\u00f6nnen sich ein Glas Wein an den St\u00e4nden\ngenehmigen, die bei jedem Flohmarkt mit dabei sind. \u201eIch m\u00f6chte zeigen, dass\nSecondhand und Nachhaltigkeit Spa\u00df machen\u201c, sagt Balser. H\u00e4ufig werde der\nNachhaltigkeitsgedanke mit einem erhobenen Zeigefinger vermittelt.<\/p>\n\n\n\n<p><strong>Pl\u00f6tzlich 400 Leute vor der T\u00fcr<\/strong><\/p>\n\n\n\n<p>Die Modest\u00fccke bezieht Balser von Orten, an denen Secondhand-Kleidung aus\nSchiffscontainern sortiert werde. \u201eWas dort als brauchbar eingestuft wird,\nwandert normalerweise in Entwicklungsl\u00e4nder. Das zerst\u00f6rt aber die dortige\nKleidungswirtschaft\u201c, sagt der Gr\u00fcnder. Er kaufe einen Teil der Schiffscontainer-Kleidung\nab, repariere und wasche sie. Nat\u00fcrlich habe er einen hohen Anspruch an die\nQualit\u00e4t der gebrauchten Kleidung. \u201eAu\u00dferdem kommt nur Mode f\u00fcr Vino Kilo in\nFrage, die zwischen den F\u00fcnfzigern und Neunzigern getragen wurde.\u201c<\/p>\n\n\n\n<p>Mit Vintage-Kleidung besch\u00e4ftigt\nsich Balser seit f\u00fcnf Jahren. W\u00e4hrend seines Studiums in den Niederlanden habe\ner regelm\u00e4\u00dfig Kleidertausche organisiert. Vor drei Jahren habe er dann bei\neinem Besuch in seiner Mainzer Heimat spontan in einer kleinen Wohnung den ersten\nKilo-Verkauf von gebrauchter Mode gestartet. \u201eDa standen pl\u00f6tzlich 400 Leute\nvor der T\u00fcr, die mussten eineinhalb Stunden warten\u201c, sagt der junge Gr\u00fcnder.<\/p>\n\n\n\n<p>Ein zweites, gr\u00f6\u00dferes Event lief ebenfalls erfolgreich. Wenige Monate sp\u00e4ter begann Balser, auf Facebook deutschlandweit Vino-Kilo-Verk\u00e4ufe in gr\u00f6\u00dferen Orten anzuk\u00fcndigen. Mittlerweile arbeiten elf Angestellte f\u00fcr ihn, davon f\u00fcnf in Vollzeit.<\/p>\n\n\n\n<h3 class=\"wp-block-heading\">Nachfolgend noch wichtige Informationen zur Veranstaltung am Samstag, 27.04.2019 in Landau: <\/h3>\n\n\n\n<div class=\"wp-block-image\"><figure class=\"aligncenter\"><img decoding=\"async\" loading=\"lazy\" width=\"330\" height=\"97\" src=\"https:\/\/speyer24news.com\/wp-content\/uploads\/2019\/04\/ER-lebt-1.jpg\" alt=\"\" class=\"wp-image-12382\" srcset=\"https:\/\/speyer24news.com\/wp-content\/uploads\/2019\/04\/ER-lebt-1.jpg 330w, https:\/\/speyer24news.com\/wp-content\/uploads\/2019\/04\/ER-lebt-1-300x88.jpg 300w, https:\/\/speyer24news.com\/wp-content\/uploads\/2019\/04\/ER-lebt-1-326x97.jpg 326w\" sizes=\"(max-width: 330px) 100vw, 330px\" \/><\/figure><\/div>\n\n\n\n<ul><li>die ersten 500 Tickets (davon schon mehr als 300 vergriffen) werden online verschenkt, Tageskarten kosten 2,00\u20ac<\/li><li>T\u00fcr\u00f6ffnung um 09:00 Uhr, Ende um 18:00 Uhr<\/li><li>passend zum Charme von Vino Kilo werden junge Unternehmer der Region mit von der Partie sein und sich um das leibliche Wohl der Besucher k\u00fcmmern: Weinausschank von Jungwinzer Hannes Bergdoll,  Wollmesheim und die Freunde Jens Vogel und Philipp Rieger von der Wolke7  Dampfnudel Manufaktur, R\u00f6merberg<\/li><\/ul>\n\n\n\n<p><em>erlebt Forum Landau<br>17.04.2019<\/em><\/p>\n","protected":false},"excerpt":{"rendered":"<div class=\"mh-excerpt\"><p>Feier der Osternacht mit Weihbischof Georgens in Lingenfeld Lingenfeld &#8211; Weihbischof Otto Georgens zelebriert am Samstag, 20. April, um 20.30 Uhr die Feier der Heiligen Osternacht in der katholischen Kirche in Lingenfeld. Der Gottesdienst wird <a class=\"mh-excerpt-more\" href=\"https:\/\/speyer24news.com\/?p=12380\" title=\"Kirche\">[&#8230;]<\/a><\/p>\n<\/div>","protected":false},"author":3,"featured_media":12383,"comment_status":"open","ping_status":"open","sticky":false,"template":"","format":"standard","meta":{"_monsterinsights_skip_tracking":false,"_monsterinsights_sitenote_active":false,"_monsterinsights_sitenote_note":"","_monsterinsights_sitenote_category":0,"footnotes":""},"categories":[120],"tags":[900,902,903,895,121,898,904,897,402,532,899,896,901,905],"aioseo_notices":[],"amp_enabled":true,"_links":{"self":[{"href":"https:\/\/speyer24news.com\/index.php?rest_route=\/wp\/v2\/posts\/12380"}],"collection":[{"href":"https:\/\/speyer24news.com\/index.php?rest_route=\/wp\/v2\/posts"}],"about":[{"href":"https:\/\/speyer24news.com\/index.php?rest_route=\/wp\/v2\/types\/post"}],"author":[{"embeddable":true,"href":"https:\/\/speyer24news.com\/index.php?rest_route=\/wp\/v2\/users\/3"}],"replies":[{"embeddable":true,"href":"https:\/\/speyer24news.com\/index.php?rest_route=%2Fwp%2Fv2%2Fcomments&post=12380"}],"version-history":[{"count":4,"href":"https:\/\/speyer24news.com\/index.php?rest_route=\/wp\/v2\/posts\/12380\/revisions"}],"predecessor-version":[{"id":12403,"href":"https:\/\/speyer24news.com\/index.php?rest_route=\/wp\/v2\/posts\/12380\/revisions\/12403"}],"wp:featuredmedia":[{"embeddable":true,"href":"https:\/\/speyer24news.com\/index.php?rest_route=\/wp\/v2\/media\/12383"}],"wp:attachment":[{"href":"https:\/\/speyer24news.com\/index.php?rest_route=%2Fwp%2Fv2%2Fmedia&parent=12380"}],"wp:term":[{"taxonomy":"category","embeddable":true,"href":"https:\/\/speyer24news.com\/index.php?rest_route=%2Fwp%2Fv2%2Fcategories&post=12380"},{"taxonomy":"post_tag","embeddable":true,"href":"https:\/\/speyer24news.com\/index.php?rest_route=%2Fwp%2Fv2%2Ftags&post=12380"}],"curies":[{"name":"wp","href":"https:\/\/api.w.org\/{rel}","templated":true}]}}