{"id":12548,"date":"2019-04-19T10:24:53","date_gmt":"2019-04-19T09:24:53","guid":{"rendered":"https:\/\/speyer24news.com\/?p=12548"},"modified":"2019-04-19T10:31:12","modified_gmt":"2019-04-19T09:31:12","slug":"100-tage-im-amt-als-oberbuergermeisterin-ein-resuemee","status":"publish","type":"post","link":"https:\/\/speyer24news.com\/?p=12548","title":{"rendered":"100 Tage im Amt als Oberb\u00fcrgermeisterin \u2013 Ein Res\u00fcmee"},"content":{"rendered":"<style type=\"text\/css\">\r\n\t.ads_top_disp{}\r\n\t.ads_top_corner_disp{ float:left; margin:0px 10px 10px 0px; }\r\n\t.ads_first_p_disp{}\r\n\t.ads_bottom_disp{}\r\n\t<\/style>\n<h3 class=\"wp-block-heading\">Oberb\u00fcrgermeisterin Stefanie Seiler (SPD) zieht eine gr\u00f6\u00dftenteils positive Bilanz, zeigt aber auch eine kritische Seite, die ihre Fehler sieht und diese ausbessern m\u00f6chte. <\/h3>\n\n\n\n<div class=\"wp-block-image\"><figure class=\"aligncenter\"><img decoding=\"async\" loading=\"lazy\" width=\"640\" height=\"480\" src=\"https:\/\/speyer24news.com\/wp-content\/uploads\/2019\/04\/Seiler-Steffanie-SPD-1.jpg\" alt=\"\" class=\"wp-image-12549\" srcset=\"https:\/\/speyer24news.com\/wp-content\/uploads\/2019\/04\/Seiler-Steffanie-SPD-1.jpg 640w, https:\/\/speyer24news.com\/wp-content\/uploads\/2019\/04\/Seiler-Steffanie-SPD-1-300x225.jpg 300w, https:\/\/speyer24news.com\/wp-content\/uploads\/2019\/04\/Seiler-Steffanie-SPD-1-326x245.jpg 326w, https:\/\/speyer24news.com\/wp-content\/uploads\/2019\/04\/Seiler-Steffanie-SPD-1-80x60.jpg 80w\" sizes=\"(max-width: 640px) 100vw, 640px\" \/><\/figure><\/div>\n\n\n\n<p>Beim Pressegespr\u00e4ch am Mittwochmittag zieht Oberb\u00fcrgermeisterin Stefanie Seiler ein ehrliches und selbstkritisches Res\u00fcmee. Wirkte sie vor dem Amtsantritt noch gehetzt und teilweise auch unerfahren, ist sie mittlerweile angekommen. So habe sie auch schon einiges umsetzen k\u00f6nnen, was ihr selbst wichtig war wie z.B. die selbst erarbeitete Mitarbeiterbefragung,&nbsp; welche seit letzter Woche durchs Haus geht.<\/p>\n\n\n\n<p>Wie schnell doch 100 Tage vergangen sind und wie hoch das Arbeitspensum ist, sei ihr erst wirklich in dieser Zeit bewusst geworden. Als hauptamtliche Beigeordnete kannte sie ja bereits viele Prozesse und war immer gerne mit dabei, um sich vor Ort zu informieren. Etwas was sie als Oberb\u00fcrgermeisterin zwar auch gerne w\u00fcrde, aber nicht immer kann, da der Terminplan es einfach nicht zul\u00e4sst. Auch musste sich erst die Arbeit zwischen den Fraktionen und den einzelnen Abteilungen einspielen. So kannten viele sie auf einer privaten Ebene, Ebene die Steffi, und mussten sich erst umstellen, es nun eben mit Frau Oberb\u00fcrgermeisterin Stefanie Seiler zu tun zu haben. Dies sagt sie keinesfalls gro\u00dfspurig, sondern eben einfach wie es ist. Aber mittlerweile habe sich auch das alles gefunden und man w\u00fcrde auf allen Ebenen professionell zusammenarbeiten.<\/p>\n\n\n\n<div class=\"wp-block-image\"><figure class=\"aligncenter\"><img decoding=\"async\" loading=\"lazy\" width=\"640\" height=\"480\" src=\"https:\/\/speyer24news.com\/wp-content\/uploads\/2019\/04\/Stefanie-Seiler-1.jpg\" alt=\"\" class=\"wp-image-12550\" srcset=\"https:\/\/speyer24news.com\/wp-content\/uploads\/2019\/04\/Stefanie-Seiler-1.jpg 640w, https:\/\/speyer24news.com\/wp-content\/uploads\/2019\/04\/Stefanie-Seiler-1-300x225.jpg 300w, https:\/\/speyer24news.com\/wp-content\/uploads\/2019\/04\/Stefanie-Seiler-1-326x245.jpg 326w, https:\/\/speyer24news.com\/wp-content\/uploads\/2019\/04\/Stefanie-Seiler-1-80x60.jpg 80w\" sizes=\"(max-width: 640px) 100vw, 640px\" \/><\/figure><\/div>\n\n\n\n<p>Anders als ihr Amtsvorg\u00e4nger sehe sie eine gro\u00dfe Aufgabe darin, eine klare Steuerungsfunktion einzunehmen. So m\u00fcsse im Stadtrat eher moderiert werden, und die Stadtverwaltung m\u00fcsse als Bindeglied zwischen Stadtrat und Bev\u00f6lkerung agieren. In der Vergangenheit habe man sich bei manchen Themen \u201eoft treiben lassen\u201c, sei es von der Presse und\/oder der Bev\u00f6lkerung oder einzelnen Fraktionen. Ein aktuelles Beispiel sei hier z.B. die weitere Nutzung des Stiftungskrankenhauses im Herzen der Stadt. Diese Diskussion passe aber nicht mehr im Jahr 2019 in das Portfolio der Verwaltung und wird erst 2020 mitaufgenommen werden.<\/p>\n\n\n\n<div class=\"wp-block-image\"><figure class=\"alignleft is-resized\"><img decoding=\"async\" loading=\"lazy\" src=\"https:\/\/speyer24news.com\/wp-content\/uploads\/2019\/04\/Stefanie-Seiler-2.jpg\" alt=\"\" class=\"wp-image-12551\" width=\"281\" height=\"375\" srcset=\"https:\/\/speyer24news.com\/wp-content\/uploads\/2019\/04\/Stefanie-Seiler-2.jpg 500w, https:\/\/speyer24news.com\/wp-content\/uploads\/2019\/04\/Stefanie-Seiler-2-225x300.jpg 225w\" sizes=\"(max-width: 281px) 100vw, 281px\" \/><\/figure><\/div>\n\n\n\n<p>Einen gro\u00dfen Vorteil sehe sie in der engen Zusammenarbeit\nmit der Verwaltungsuniversit\u00e4t hier am Standort Speyer. Durch das WITI Projekt\n(<a href=\"https:\/\/www.witi-innovation.de\/\">https:\/\/www.witi-innovation.de\/<\/a> ) g\u00e4be es\ngeballtes Expertenwissen, welches nur entsprechend umgesetzt werden m\u00fcsse. So\nsei diese Kooperation besonders wertvoll in Punkten wie der Digitalisierung,\naber auch beim Thema Umweltschutz.<\/p>\n\n\n\n<p>Letzteres Thema ein Punkt, den Stefanie Seiler als den\nemotionalsten in ihrer bisherigen OB-Zeit sehe. Bei der Aktion \u201eFriday for\nFuture\u201c sei sie erst auf dem St.-Guido-Stifts-Platz ins Gespr\u00e4ch gekommen und\nwar besonders bewegt, als sie spontan vor dem Stadthaus zu und mit den\nSch\u00fcler*innen gesprochen habe. Die Eltern, die bestimmt einiges beim Punkt\nKlimaschutz und das Reagieren darauf falsch gemacht h\u00e4tten, haben daf\u00fcr alles\nrichtig gemacht bei der Erziehung ihrer Kinder. So haben sie diese doch zu\nm\u00fcndigen Demokraten und Demokratinnen erzogen, denen das Klima, aber auch die\nGesellschaft am Herzen liegt. Es sei wichtig, eine ganze interessierte\nGeneration zu haben, die sich den heutigen Problemen stelle und an L\u00f6sungen\nmitarbeite.<\/p>\n\n\n\n<p>Bei der Digitalisierung sehe sie gro\u00dfe Herausforderungen, aber viele Chancen. So sei es andererorts bereits normal, dass die Stadtr\u00e4te nur noch mit Tablets arbeiten. In punkto Schule 2.0 sowie dem Onlinezugangsgesetzt denke sie, gemeinsam mit der Universit\u00e4t rechtzeitig aufgestellt zu sein, um den B\u00fcrgern mehr bieten zu k\u00f6nnen. Auch solle die Digitalisierung als Entlastung gesehen werden und sie denke nicht, dass es dadurch zu einem Stellenabbau kommen wird.<\/p>\n\n\n\n<div class=\"wp-block-image\"><figure class=\"aligncenter\"><img decoding=\"async\" loading=\"lazy\" width=\"640\" height=\"480\" src=\"https:\/\/speyer24news.com\/wp-content\/uploads\/2019\/04\/Seiler-Steffi-1.jpg\" alt=\"\" class=\"wp-image-12552\" srcset=\"https:\/\/speyer24news.com\/wp-content\/uploads\/2019\/04\/Seiler-Steffi-1.jpg 640w, https:\/\/speyer24news.com\/wp-content\/uploads\/2019\/04\/Seiler-Steffi-1-300x225.jpg 300w, https:\/\/speyer24news.com\/wp-content\/uploads\/2019\/04\/Seiler-Steffi-1-326x245.jpg 326w, https:\/\/speyer24news.com\/wp-content\/uploads\/2019\/04\/Seiler-Steffi-1-80x60.jpg 80w\" sizes=\"(max-width: 640px) 100vw, 640px\" \/><\/figure><\/div>\n\n\n\n<p>Eines der brennendsten Themen, im wahrsten Sinne des Wortes,\nist der Bau der neuen Hauptfeuerwache, welcher bereits seit 5 Jahren geplant,\naber leider noch nicht umgesetzt ist. Sie hoffe, dass noch in diesem Jahr ein\nSpatenstich erfolgen wird, sieht es aber realistisch und rechnet nicht wirklich\nmit diesem.<\/p>\n\n\n\n<p>Die interkommunale Zusammenarbeit solle gef\u00f6rdert werden,\nauch hier sei das WITI Projekt der Universit\u00e4t eine gro\u00dfe Hilfe. Man wolle von\nanderen Kommunen, etwa bei der Digitalisierung, aber auch in punkto\nStadtentwicklung und Wirtschaftsf\u00f6rderung, lernen. Landau sei hier ein\nParadebeispiel, wie eine Stadt vergleichbarer Gr\u00f6\u00dfe sich entwickeln kann.<\/p>\n\n\n\n<p>In jedem Fall sei sie darauf gespannt, wie die Kommunalwahlen ausgehen und wie der Stadtrat nach der Wahl aussehen wird. Mit diesem wird sie schlie\u00dflich mindestens noch weitere 7,5 Jahre arbeiten.<\/p>\n\n\n\n<div class=\"wp-block-image\"><figure class=\"alignright is-resized\"><img decoding=\"async\" loading=\"lazy\" src=\"https:\/\/speyer24news.com\/wp-content\/uploads\/2019\/04\/Stefanie-Seiler-SPD-1.jpg\" alt=\"\" class=\"wp-image-12553\" width=\"330\" height=\"330\"\/><\/figure><\/div>\n\n\n\n<p>Und apropos Arbeit\u2026 Oberb\u00fcrgermeisterin Stefanie Seiler und B\u00fcrgermeisterin Monika Kabs (CDU) freuen sich schon sehr darauf, wenn im Juni ein neuer Dezernent oder eine neue Dezernentin die Stelle besetzt und das Stadtverwaltungsteam damit wieder voll aufgestellt sei. Zumindest privat brauche sie sich kaum Gedanken zu machen. Ist doch ihr Mann seit 02.01. Vollzeithausmann geworden und k\u00fcmmert sich um Haushalt und Tochter Marie (4). Unterst\u00fctzt wird er dabei nat\u00fcrlich von den Gro\u00dfeltern, welche auch gerne f\u00fcr alle kochen. So bleibe Stefanie Seiler sogar ab und zu ein wenig Zeit, ihrem Hobby und Ruhepol, der Gartenarbeit nachzugehen. <\/p>\n\n\n\n<p><em>Text: Speyer 24\/7 News, dak Foto: S24N, archiv Lektorin: Speyer 24\/7 News, ank<br>19.04.2019<\/em><\/p>\n","protected":false},"excerpt":{"rendered":"<div class=\"mh-excerpt\"><p>Oberb\u00fcrgermeisterin Stefanie Seiler (SPD) zieht eine gr\u00f6\u00dftenteils positive Bilanz, zeigt aber auch eine kritische Seite, die ihre Fehler sieht und diese ausbessern m\u00f6chte. Beim Pressegespr\u00e4ch am Mittwochmittag zieht Oberb\u00fcrgermeisterin Stefanie Seiler ein ehrliches und selbstkritisches <a class=\"mh-excerpt-more\" href=\"https:\/\/speyer24news.com\/?p=12548\" title=\"100 Tage im Amt als Oberb\u00fcrgermeisterin \u2013 Ein Res\u00fcmee\">[&#8230;]<\/a><\/p>\n<\/div>","protected":false},"author":3,"featured_media":0,"comment_status":"open","ping_status":"open","sticky":false,"template":"","format":"standard","meta":{"_monsterinsights_skip_tracking":false,"_monsterinsights_sitenote_active":false,"_monsterinsights_sitenote_note":"","_monsterinsights_sitenote_category":0,"footnotes":""},"categories":[9],"tags":[205,699,932,306,6,206,305],"aioseo_notices":[],"amp_enabled":true,"_links":{"self":[{"href":"https:\/\/speyer24news.com\/index.php?rest_route=\/wp\/v2\/posts\/12548"}],"collection":[{"href":"https:\/\/speyer24news.com\/index.php?rest_route=\/wp\/v2\/posts"}],"about":[{"href":"https:\/\/speyer24news.com\/index.php?rest_route=\/wp\/v2\/types\/post"}],"author":[{"embeddable":true,"href":"https:\/\/speyer24news.com\/index.php?rest_route=\/wp\/v2\/users\/3"}],"replies":[{"embeddable":true,"href":"https:\/\/speyer24news.com\/index.php?rest_route=%2Fwp%2Fv2%2Fcomments&post=12548"}],"version-history":[{"count":2,"href":"https:\/\/speyer24news.com\/index.php?rest_route=\/wp\/v2\/posts\/12548\/revisions"}],"predecessor-version":[{"id":12555,"href":"https:\/\/speyer24news.com\/index.php?rest_route=\/wp\/v2\/posts\/12548\/revisions\/12555"}],"wp:attachment":[{"href":"https:\/\/speyer24news.com\/index.php?rest_route=%2Fwp%2Fv2%2Fmedia&parent=12548"}],"wp:term":[{"taxonomy":"category","embeddable":true,"href":"https:\/\/speyer24news.com\/index.php?rest_route=%2Fwp%2Fv2%2Fcategories&post=12548"},{"taxonomy":"post_tag","embeddable":true,"href":"https:\/\/speyer24news.com\/index.php?rest_route=%2Fwp%2Fv2%2Ftags&post=12548"}],"curies":[{"name":"wp","href":"https:\/\/api.w.org\/{rel}","templated":true}]}}