{"id":12590,"date":"2019-04-20T17:32:47","date_gmt":"2019-04-20T16:32:47","guid":{"rendered":"https:\/\/speyer24news.com\/?p=12590"},"modified":"2019-04-20T17:32:48","modified_gmt":"2019-04-20T16:32:48","slug":"radarkontrolle-geschwindigkeitsmessungen","status":"publish","type":"post","link":"https:\/\/speyer24news.com\/?p=12590","title":{"rendered":"Radarkontrolle \/ Geschwindigkeitsmessungen:"},"content":{"rendered":"<style type=\"text\/css\">\r\n\t.ads_top_disp{}\r\n\t.ads_top_corner_disp{ float:left; margin:0px 10px 10px 0px; }\r\n\t.ads_first_p_disp{}\r\n\t.ads_bottom_disp{}\r\n\t<\/style>\n<h2 class=\"wp-block-heading\">Geschwindigkeitskontrollen die Woche vom 22. bis 26. April in Mannheim<\/h2>\n\n\n\n<figure class=\"wp-block-image\"><img decoding=\"async\" src=\"https:\/\/speyer24news.com\/wp-content\/uploads\/2019\/04\/Radarkontrolle_1.jpg\" alt=\"\" class=\"wp-image-12592\"\/><\/figure>\n\n\n\n<p><strong>(Mannheim) &#8211; <\/strong>Die Stadt Mannheim f\u00fchrt vom 22. bis 26. April in folgenden Stra\u00dfen Radarkontrollen durch:<\/p>\n\n\n\n<ul><li>Am Stich<\/li><li>Braunschweiger Allee<\/li><li>C-Quadrate<\/li><li>D-Quadrate<\/li><li>Domstiftstra\u00dfe<\/li><li>Fressgasse<\/li><li>Hafenstra\u00dfe<\/li><li>Im Lohr<\/li><li>Jakob-Baumann-Stra\u00dfe<\/li><li>Memeler Stra\u00dfe<\/li><li>Neckarvorlandstra\u00dfe<\/li><li>Oppauer Kreuzweg<\/li><li>Scharhofer Stra\u00dfe<\/li><li>Sonderburger Stra\u00dfe<\/li><li>Viernheimer Weg<\/li><li>Werner-Nagel-Ring<\/li><li>Zwerchgasse<\/li><\/ul>\n\n\n\n<p>Kurzfristige \u00c4nderungen oder zus\u00e4tzliche Messstellen sind aus aktuellem Anlass m\u00f6glich.<\/p>\n\n\n\n<p><em>Stadt Mannheim<br>20.04.2019<\/em><\/p>\n\n\n\n<h4 class=\"wp-block-heading\">Anmerkung der Redaktion: Die Stadt Ludwigshafen hat wiederholt keine Radarmessungen gemeldet, Stadt Heidelberg meldet diese sowieso gar nicht!.<\/h4>\n\n\n\n<p><em>S24N<br>20.04.2019<\/em><\/p>\n\n\n\n<p><br><\/p>\n","protected":false},"excerpt":{"rendered":"<div class=\"mh-excerpt\"><p>Geschwindigkeitskontrollen die Woche vom 22. bis 26. April in Mannheim (Mannheim) &#8211; Die Stadt Mannheim f\u00fchrt vom 22. bis 26. April in folgenden Stra\u00dfen Radarkontrollen durch: Am Stich Braunschweiger Allee C-Quadrate D-Quadrate Domstiftstra\u00dfe Fressgasse Hafenstra\u00dfe <a class=\"mh-excerpt-more\" href=\"https:\/\/speyer24news.com\/?p=12590\" title=\"Radarkontrolle \/ Geschwindigkeitsmessungen:\">[&#8230;]<\/a><\/p>\n<\/div>","protected":false},"author":3,"featured_media":0,"comment_status":"open","ping_status":"open","sticky":false,"template":"","format":"standard","meta":{"_monsterinsights_skip_tracking":false,"_monsterinsights_sitenote_active":false,"_monsterinsights_sitenote_note":"","_monsterinsights_sitenote_category":0,"footnotes":""},"categories":[64],"tags":[18,19,947,28,17,949,948],"aioseo_notices":[],"amp_enabled":true,"_links":{"self":[{"href":"https:\/\/speyer24news.com\/index.php?rest_route=\/wp\/v2\/posts\/12590"}],"collection":[{"href":"https:\/\/speyer24news.com\/index.php?rest_route=\/wp\/v2\/posts"}],"about":[{"href":"https:\/\/speyer24news.com\/index.php?rest_route=\/wp\/v2\/types\/post"}],"author":[{"embeddable":true,"href":"https:\/\/speyer24news.com\/index.php?rest_route=\/wp\/v2\/users\/3"}],"replies":[{"embeddable":true,"href":"https:\/\/speyer24news.com\/index.php?rest_route=%2Fwp%2Fv2%2Fcomments&post=12590"}],"version-history":[{"count":1,"href":"https:\/\/speyer24news.com\/index.php?rest_route=\/wp\/v2\/posts\/12590\/revisions"}],"predecessor-version":[{"id":12593,"href":"https:\/\/speyer24news.com\/index.php?rest_route=\/wp\/v2\/posts\/12590\/revisions\/12593"}],"wp:attachment":[{"href":"https:\/\/speyer24news.com\/index.php?rest_route=%2Fwp%2Fv2%2Fmedia&parent=12590"}],"wp:term":[{"taxonomy":"category","embeddable":true,"href":"https:\/\/speyer24news.com\/index.php?rest_route=%2Fwp%2Fv2%2Fcategories&post=12590"},{"taxonomy":"post_tag","embeddable":true,"href":"https:\/\/speyer24news.com\/index.php?rest_route=%2Fwp%2Fv2%2Ftags&post=12590"}],"curies":[{"name":"wp","href":"https:\/\/api.w.org\/{rel}","templated":true}]}}