{"id":12636,"date":"2019-04-24T17:27:57","date_gmt":"2019-04-24T16:27:57","guid":{"rendered":"https:\/\/speyer24news.com\/?p=12636"},"modified":"2019-04-25T08:48:42","modified_gmt":"2019-04-25T07:48:42","slug":"gegendarstellung-zur-polizeimeldung-schlaegerei-im-domgarten-vom-21-04-2019","status":"publish","type":"post","link":"https:\/\/speyer24news.com\/?p=12636","title":{"rendered":"Gegendarstellung zur Polizeimeldung: &#8222;Schl\u00e4gerei im Domgarten&#8220; vom 21.04.2019"},"content":{"rendered":"<style type=\"text\/css\">\r\n\t.ads_top_disp{}\r\n\t.ads_top_corner_disp{ float:left; margin:0px 10px 10px 0px; }\r\n\t.ads_first_p_disp{}\r\n\t.ads_bottom_disp{}\r\n\t<\/style>\n<h3 class=\"wp-block-heading\"><strong>Von der Mutter eines Gesch\u00e4digten<\/strong><\/h3>\n\n\n\n<p><strong>Im Gegensatz zur Darstellung der PI Speyer trug sich der Sachverhalt wie folgt zu: <\/strong><\/p>\n\n\n\n<p><strong>Speyer \/ Domgarten &#8211; <\/strong>Eine Gruppe, bestehend aus 2 jungen M\u00e4nnern und 2 jungen Frauen, war auf dem Heimweg von der Messe durch den Domgarten unterwegs. Im Domgarten trafen sie auf eine Gruppe von ca. 12- 15 Personen im Alter um die 20 Jahre. Diese fingen an, unfl\u00e4tige und provozierende Aussagen gegen\u00fcber den jungen Frauen zu machen. Als diese auch nach Aufforderung durch die M\u00e4dchen nicht aufh\u00f6rten, sprachen auch die beiden jungen M\u00e4nner die Gruppe an. Daraufhin schlug einer der Gruppe unvermittelt auf den ersten der jungen M\u00e4nner ein. Als der Hauptgesch\u00e4digte seinem Freund zu Hilfe kam, eskalierte das Handgemenge.Daraufhin ergriffen die M\u00e4dels panisch die Flucht. Vermutlich 7 Personen gingen sofort auf den Hauptgesch\u00e4digten los und maltretierten ihn mit Faustschl\u00e4gen im Kopfbereich. Sein Freund versuchte ihm noch zu helfen. Als dies nicht gelang, rannte er der schon vorausgegangenen Freundesgruppe nach, um &#8222;Verst\u00e4rkung&#8220; zu holen. Innerhalb dieser kurzen Zeit schlugen die Angreifer so auf den Hauptgesch\u00e4digten ein, dass dieser auf dem Boden liegend kurzzeitig das Bewusstsein verlor. Zu seinem Gl\u00fcck kamen 3 oder 4 Freunde zur\u00fcckgelaufen, was ausreichte, dass die Angreifer von ihm abliessen und fl\u00fcchteten. Anschliessend verfolgten die herbeigeeilten Freunde die fl\u00fcchtenden Angreifer bis ca. zum EDEKA Markt. Als sie diese aus den Augen verloren, gaben sie die Verfolgung auf und kehrten zum Domgarten zur\u00fcck. Dort verweilte der Hauptgesch\u00e4digte immer noch mit einigen Freunden, die ihn betreuten. Mittlerweile war auch die durch Unbeteiligte  verst\u00e4ndigte Polizei vor Ort. Keiner der Gesch\u00e4digten gab etwas wie &#8222;europ\u00e4isches Aussehen &#8220; zu Protokoll. Ebenso bezogen  sich die Beschreibungen der T\u00e4ter ( Kleidung; Bart etc.) auf etwa 5-6 Personen und <strong>nicht auf EINE!!<\/strong>   Die ethnische Klassifizierung w\u00e4re am ehesten mit &#8222;s\u00fcdl\u00e4ndisch&#8220; bzw. mit &#8222;Migrationshintergrund&#8220; zutreffend gewesen. Von den &#8222;leichten Verletzungen&#8220;, die nach Angabe der PI Speyer erfolgten, k\u00f6nnen Sie sich selbst ein Bild machen&#8230;.. <\/p>\n\n\n\n<div class=\"wp-block-image\"><figure class=\"alignleft is-resized\"><img decoding=\"async\" loading=\"lazy\" src=\"https:\/\/speyer24news.com\/wp-content\/uploads\/2019\/04\/Zuschnitt2.jpg\" alt=\"\" class=\"wp-image-12665\" width=\"197\" height=\"216\" srcset=\"https:\/\/speyer24news.com\/wp-content\/uploads\/2019\/04\/Zuschnitt2.jpg 361w, https:\/\/speyer24news.com\/wp-content\/uploads\/2019\/04\/Zuschnitt2-274x300.jpg 274w\" sizes=\"(max-width: 197px) 100vw, 197px\" \/><\/figure><\/div>\n\n\n\n<p><em>Die Mutter des Gesch\u00e4digten fragt sich: <\/em>Warum in der Pressemitteilung der PI Speyer der Vorfall derart verharmlost und verdreht dargestellt wird?<\/p>\n\n\n\n<p>Ein konsultierter Arzt stellte multiple Prellungen, eine Gehirnersch\u00fctterung und ein Monokelh\u00e4matom fest. Auch 3 Tage nach der Tat leidet der Gesch\u00e4digte unter starken Kopfschmerzen, Schwindel und Nasenbluten. <\/p>\n\n\n\n<p>Hinweise auf diese provozierende Personengruppe  nimmt die Polizei Speyer unter der Tel.-Nr. 06232\/1370 oder per Mail an  <a href=\"mailto:pispeyer@polizei.rlp.de\">pispeyer@polizei.rlp.de<\/a> entgegen  <\/p>\n\n\n\n<p><em>Text und Foto: Speyer 24\/7 News, das                      <\/em><\/p>\n\n\n\n<p><em>  24.04.2019<br><\/em><\/p>\n","protected":false},"excerpt":{"rendered":"<div class=\"mh-excerpt\"><p>Von der Mutter eines Gesch\u00e4digten Im Gegensatz zur Darstellung der PI Speyer trug sich der Sachverhalt wie folgt zu: Speyer \/ Domgarten &#8211; Eine Gruppe, bestehend aus 2 jungen M\u00e4nnern und 2 jungen Frauen, war <a class=\"mh-excerpt-more\" href=\"https:\/\/speyer24news.com\/?p=12636\" title=\"Gegendarstellung zur Polizeimeldung: &#8222;Schl\u00e4gerei im Domgarten&#8220; vom 21.04.2019\">[&#8230;]<\/a><\/p>\n<\/div>","protected":false},"author":6,"featured_media":11581,"comment_status":"open","ping_status":"open","sticky":false,"template":"","format":"standard","meta":{"_monsterinsights_skip_tracking":false,"_monsterinsights_sitenote_active":false,"_monsterinsights_sitenote_note":"","_monsterinsights_sitenote_category":0,"footnotes":""},"categories":[12],"tags":[964,962,963,6],"aioseo_notices":[],"amp_enabled":true,"_links":{"self":[{"href":"https:\/\/speyer24news.com\/index.php?rest_route=\/wp\/v2\/posts\/12636"}],"collection":[{"href":"https:\/\/speyer24news.com\/index.php?rest_route=\/wp\/v2\/posts"}],"about":[{"href":"https:\/\/speyer24news.com\/index.php?rest_route=\/wp\/v2\/types\/post"}],"author":[{"embeddable":true,"href":"https:\/\/speyer24news.com\/index.php?rest_route=\/wp\/v2\/users\/6"}],"replies":[{"embeddable":true,"href":"https:\/\/speyer24news.com\/index.php?rest_route=%2Fwp%2Fv2%2Fcomments&post=12636"}],"version-history":[{"count":12,"href":"https:\/\/speyer24news.com\/index.php?rest_route=\/wp\/v2\/posts\/12636\/revisions"}],"predecessor-version":[{"id":22949,"href":"https:\/\/speyer24news.com\/index.php?rest_route=\/wp\/v2\/posts\/12636\/revisions\/22949"}],"wp:featuredmedia":[{"embeddable":true,"href":"https:\/\/speyer24news.com\/index.php?rest_route=\/wp\/v2\/media\/11581"}],"wp:attachment":[{"href":"https:\/\/speyer24news.com\/index.php?rest_route=%2Fwp%2Fv2%2Fmedia&parent=12636"}],"wp:term":[{"taxonomy":"category","embeddable":true,"href":"https:\/\/speyer24news.com\/index.php?rest_route=%2Fwp%2Fv2%2Fcategories&post=12636"},{"taxonomy":"post_tag","embeddable":true,"href":"https:\/\/speyer24news.com\/index.php?rest_route=%2Fwp%2Fv2%2Ftags&post=12636"}],"curies":[{"name":"wp","href":"https:\/\/api.w.org\/{rel}","templated":true}]}}