{"id":12667,"date":"2019-04-26T14:25:35","date_gmt":"2019-04-26T13:25:35","guid":{"rendered":"https:\/\/speyer24news.com\/?p=12667"},"modified":"2019-04-26T14:32:11","modified_gmt":"2019-04-26T13:32:11","slug":"polizeimeldungen-42","status":"publish","type":"post","link":"https:\/\/speyer24news.com\/?p=12667","title":{"rendered":"Polizeimeldungen"},"content":{"rendered":"<style type=\"text\/css\">\r\n\t.ads_top_disp{}\r\n\t.ads_top_corner_disp{ float:left; margin:0px 10px 10px 0px; }\r\n\t.ads_first_p_disp{}\r\n\t.ads_bottom_disp{}\r\n\t<\/style>\n<h2 class=\"wp-block-heading\">Polizeimeldungen von Donnerstag &amp; Freitag ( 25.04. &#8211; 26.04.2019)<\/h2>\n\n\n\n<div class=\"wp-block-image\"><figure class=\"aligncenter\"><img decoding=\"async\" src=\"https:\/\/speyer24news.com\/wp-content\/uploads\/2019\/04\/Aktuelles-Polizeilogo-3.jpg\" alt=\"\" class=\"wp-image-12306\"\/><\/figure><\/div>\n\n\n\n<h4 class=\"wp-block-heading\">(Speyer) &#8211; Fu\u00dfg\u00e4ngerin auf Zebrastreifen \u00fcbersehen<\/h4>\n\n\n\n<p>Zu sp\u00e4t erkannt hat  Donnerstagmorgen  ein 54-j\u00e4hriger Citroen  Fahrer eine Fu\u00dfg\u00e4ngerin, die in H\u00f6he der Einm\u00fcndung zum Wei\u00dfdornweg den  dortigen Fu\u00dfg\u00e4nger\u00fcberweg mit ihrer Gehhilfe \u00fcberquerte. Bei dem  folgenden Zusammensto\u00df wurde die 81-j\u00e4hrige Fu\u00dfg\u00e4ngerin schwer verletzt.  Sie wurde zur weiteren Behandlung in ein Krankenhaus gebracht. <\/p>\n\n\n\n<h4 class=\"wp-block-heading\">(Speyer) &#8211; Zwei Radfahrer verletzt<\/h4>\n\n\n\n<p>Durch einen Ersthelfer wurde Donnerstagmorgen ein Verkehrsunfall  zwischen zwei Radfahrern an der Einm\u00fcndung Friedrich-Ebert-Stra\u00dfe \/  Karl-Spindler-Stra\u00dfe gemeldet. Nach jetzigem Kenntnisstand bog ein  62-j\u00e4hriger Radfahrer aus der Karl-Spindler-Stra\u00dfe nach rechts in die  Friedrich-Ebert-Stra\u00dfe ein und stie\u00df dort mit einer 55-j\u00e4hrigen  Radfahrerin zusammen, die den dortigen in beide Fahrtrichtung  freigegebenen Radweg in Richtung Bahnhofstra\u00dfe befuhr. Bei dem folgenden  Zusammensto\u00df wurden beide Radfahrer, die zur Unfallzeit keinen Helm  trugen, verletzt. Sie wurden mit Kopfverletzungen in ein Krankenhaus  gebracht. Zeugen des Unfalls werden gebeten, sich mit der Polizei  Speyer, Tel. 06232\/1370, in Verbindung zu setzen. <\/p>\n\n\n\n<h4 class=\"wp-block-heading\">(Speyer) &#8211; St\u00fcrmischer Abend<\/h4>\n\n\n\n<p>Starke Windb\u00f6en hielten die Feuerwehr und die Polizei am Mittwochabend auf Trapp: <\/p>\n\n\n\n<p>18.25 Uhr Aufgrund des Sturms fiel in der Fuchsweiherstra\u00dfe ein Fahrrad auf einen daneben geparkten PKW. Schaden: 200 Euro <\/p>\n\n\n\n<p>18.30\n Uhr Im Akazienweg dr\u00fcckte der Sturm einen Bauzaun auf einen geparkten \nPKW. Der Bauzaun wurde aus dem Weg ger\u00e4umt. Schaden: 400 Euro. <\/p>\n\n\n\n<p>18.34\n Uhr In der Johannesstra\u00dfe drohten Bauz\u00e4une in H\u00f6he der dortigen \nMetzgerei auf die Stra\u00dfe zu fallen. Durch die Streife konnten die Z\u00e4une \nso platziert werden, dass diese keine Gefahr mehr darstellten. <\/p>\n\n\n\n<p>18.35\n Uhr Durch den Sturm wurden Ziegel von einem Hausdach in der \nPeter-Drach-Stra\u00dfe auf einen vor dem Haus stehenden Pkw geweht. Dadurch \nzersplitterte an dem Pkw die Frontscheibe. Weiterhin entstanden Kratzer \nund Dellen auf der Motorhaube, dem Pkw Dach und der Beifahrert\u00fcr. \nSchaden: 15000 Euro. Da zu bef\u00fcrchten war, dass weitere Ziegel vom \nHausdach fallen, wurde die Feuerwehr verst\u00e4ndigt. Bis zu deren \nEintreffen wurde die Gefahrenstelle durch die eingesetzten \nPolizeibeamten abgesichert. <\/p>\n\n\n\n<p>19.56 Uhr Durch einen Anrufer wurde \nmittgeteilt, dass auf der B 9 in H\u00f6he der Anschlussstelle Speyer-Nord \nein Verkehrsschild auf die Fahrbahn geweht wurde. Durch die eingesetzte \nStreife wurde das Schild beseitigt. <\/p>\n\n\n\n<p>22.45 Uhr Anwohner meldeten \nabgebrochene \u00c4ste in der Stra\u00dfe &#8222;Eselsdamm&#8220;. Vor Ort konnte festgestellt\n werden, dass die Baumkrone br\u00fcchig war und eine allgemeine Gefahr davon\n ausging. Die Feuerwehr wurde verst\u00e4ndigt und \u00fcbernahm die weiteren \nMa\u00dfnahmen vor Ort. <\/p>\n\n\n\n<p>23.30 Uhr Ein besorgter Anrufer meldete \nmehrere \u00c4ste auf dem Gehweg in der Theodor-Heuss-Stra\u00dfe. Dabei handelte \nes sich um mehrere kleine \u00c4ste, welche ohne Probleme beiseite ger\u00e4umt \nwerden konnten. Eine weitere Gef\u00e4hrdung bestand nicht. <\/p>\n\n\n\n<h4 class=\"wp-block-heading\">(Speyer) &#8211; Hoher Sachschaden bei Auffahrunfall<\/h4>\n\n\n\n<p>Hohe Sachschaden entstand bei einem Verkehrsunfall am Mittwochnachmittag im Schillerweg. Eine 72-j\u00e4hrige Peugeot Fahrerin hat  einen vor ihr verkehrsbedingt abbremsenden Ford Focus zu sp\u00e4t erkannt  und fuhr auf. Bei dem Unfall entstand Sachschaden in H\u00f6he von 7500 Euro.  Der Peugeot war nicht mehr fahrbereit und wurde abgeschleppt. Die  beiden Unfallbeteiligten wurden nicht verletzt. <\/p>\n\n\n\n<h4 class=\"wp-block-heading\">(Speyer) &#8211; Papiere aus Rucksack entwendet<\/h4>\n\n\n\n<p>In der Maximilianstra\u00dfe wurde am Mittwochmorgen einer 76-j\u00e4hrigen  Frau aus einem Rucksack, den sie auf dem R\u00fccken trug, eine Briefmappe  mit diversen Ausweispapieren entwendet. Sie selbst hatte zun\u00e4chst nichts  bemerkt und wurde erst durch eine Passantin auf ihren offenen Rucksack  aufmerksam gemacht. Zeugenhinweise nimmt die Polizei unter Tel.-Nr.  06232-1370 oder per Mail an <a href=\"mailto:pispeyer@polizei.rlp.de\">pispeyer@polizei.rlp.de<\/a> entgegen. <\/p>\n\n\n\n<h4 class=\"wp-block-heading\">(Schifferstadt) &#8211; Trunkenheitsfahrt<\/h4>\n\n\n\n<p>Am 25.04.2019, 15:10 Uhr, wurde der Polizei ein in der Waldseer Stra\u00dfe  in Schlangenlinien fahrender PKW mitgeteilt. Bei einer \u00dcberpr\u00fcfung vor  Ort konnte das Fahrzeug nicht mehr festgestellt werden. \u00dcber das  Kennzeichen konnte die Halteranschrift im Rhein-Pfalz-Kreis ermittelt  und hier der 41-J\u00e4hrige Fahrer angetroffen werden. Die Ursache f\u00fcr das  Fahrverhalten war in der Folge schnell gekl\u00e4rt: Ein Atemalkoholtest  ergab einen Wert von 2,42 Promille. Im Rahmen des eingeleiteten  Strafverfahrens wegen Trunkenheit im Stra\u00dfenverkehr wurde eine Blutprobe  entnommen und der F\u00fchrerschein beschlagnahmt. <\/p>\n\n\n\n<h4 class=\"wp-block-heading\">(Limburgerhof) &#8211; Schl\u00e4gerei zwischen Jugendgruppen<\/h4>\n\n\n\n<p>Am Dienstag, 23.04.2019, gegen 19:30 Uhr, fuhren mehrere  Polizeistreifen in die Fichtestra\u00dfe, da dort zwei Jugendgruppen, mit  diversen Gegenst\u00e4nden bewaffnet, aufeinander losgehen w\u00fcrden. Bei  Eintreffen konnten vereinzelt Personen vor Ort und in der n\u00e4heren  Umgebung kontrolliert werden. Darunter befand sich auch ein 19-J\u00e4hriger,  der leicht an der Hand verletzt worden war. Die kontrollierten Personen  stammen \u00fcberwiegend aus dem Rhein-Pfalz-Kreis und aus Ludwigshafen am  Rhein. Erstermittlungen zu Folge d\u00fcrften beteiligte Personen auch in  Richtung Bahnhof gefl\u00fcchtet sein. Auch w\u00e4re ein dunkler Mercedes-Benz  zur Flucht genutzt worden. Im Rahmen der Auseinandersetzung, deren  Hintergrund bislang noch nicht bekannt ist, wurde ferner ein PKW  besch\u00e4digt. Es wird wegen besonders schwerem Fall des  Landfriedensbruchs, gef\u00e4hrlicher K\u00f6rperverletzung und Sachbesch\u00e4digung  ermittelt. Zeugen, die Angaben zur Tat oder den T\u00e4tern machen k\u00f6nnen,  werden gebeten, sich mit der Polizeiinspektion Schifferstadt unter 06235  495-0 oder <a href=\"mailto:pischifferstadt@polizei.rlp.de\">pischifferstadt@polizei.rlp.de<\/a>  in Verbindung zu setzen. Wer kann dar\u00fcber hinaus Angaben zu dem dunklen  Mercedes-Benz machen, der offenbar als Fluchtfahrzeug verwendet wurde.  Auch hier bittet die Polizei um Zeugenhinweise. <\/p>\n\n\n\n<h4 class=\"wp-block-heading\">(Mutterstadt) &#8211; Kontrolle \/ Bek\u00e4mpfung Wohnungseinbruchsdiebstahl<\/h4>\n\n\n\n<p>In den Nachmittagsstunden des 24.04.2019 kontrollierten Beamte der  Polizeiinspektion Schifferstadt mit Unterst\u00fctzung der  Bereitschaftspolizei verst\u00e4rkt im Ortsgebiet von Mutterstadt. Der  Schwerpunkt lag auf der Bek\u00e4mpfung von Eigentumskriminalit\u00e4t, speziell  dem Wohnungseinbruchsdiebstahl. Einbrecher konnten im Kontrollzeitraum  von 15:00 bis 19:30 Uhr nicht festgestellt werden. Wegen einem  festgestellten Fahrzeugmangel wurde eine Kontrollaufforderung  ausgestellt. Dar\u00fcber hinaus wurde unter anderem auch ein Versto\u00df gegen  die Sicherungspflicht von Kindern in Kraftfahrzeugen geahndet. <\/p>\n\n\n\n<h4 class=\"wp-block-heading\">(Mutterstadt) &#8211; Verkehrskontrolle<\/h4>\n\n\n\n<p>In der Nacht von Dienstag, 23.04.2019, auf Mittwoch, 24.04.2019,  kontrollierten im Zeitraum von 23:30 bis 01:00 Uhr Beamte der  Polizeiinspektion Schifferstadt in der Ludwigshafener Stra\u00dfe gezielt den  flie\u00dfenden Stra\u00dfenverkehr. Um 23:55 Uhr fuhr eine 27-J\u00e4hrige aus  Mannheim mit einem Kleintransporter in die Kontrollstelle. Aufgrund von  Atemalkohol wurde sie auf die Polizeidienststelle gebracht, wo ein  gerichtsverwertbarer Atemalkoholtest durchgef\u00fchrt wurde. Dieser ergab  einen Wert von 0,56 Promille. Ein Ordnungswidrigkeitenverfahren gem\u00e4\u00df \u00a7  24a StVG wurde eingeleitet und der Vorgang an die Zentrale Bu\u00dfgeldstelle  abgegeben. In der Regel ist in solchen F\u00e4llen mit einer Geldbu\u00dfe von  500 Euro und einem Fahrverbot von einem Monat zu rechnen.  Erfreulicherweise war dies die einzige Beanstandung bei insgesamt circa  25 kontrollierten Fahrzeugen. <\/p>\n\n\n\n<h4 class=\"wp-block-heading\">(Hochdorf-Assenheim) &#8211; Verhinderung einer Trunkenheitsfahrt<\/h4>\n\n\n\n<p>Nachdem ein 61-J\u00e4hriger aufgrund von \u00fcberm\u00e4\u00dfigem Alkoholkonsum am  25.04.2019 gegen 21:25 Uhr in einer Gastst\u00e4tte vom Stuhl gefallen war  und sich eine Platzwunde zugezogen hatte, war zun\u00e4chst der  Rettungsdienst im Einsatz. Die Wunde konnte vor Ort behandelt werden. Da  der Betrunkene seinen PKW vor der Gastst\u00e4tte geparkt hatte und den  Fahrzeugschl\u00fcssel mitf\u00fchrte, musste ihm von einer Polizeistreife ein  Fahrtantritt untersagt werden. Zudem stellten die Beamten den  PKW-Schl\u00fcssel sicher. Der Betrunkene konnte in die Obhut eines  Familienangeh\u00f6rigen \u00fcbergeben werden. <\/p>\n\n\n\n<h4 class=\"wp-block-heading\">(Dudenhofen) &#8211; Versuchter Einbruch in Wohnhaus<\/h4>\n\n\n\n<p>Bislang Unbekannte haben zw.  23.4.2019 &#8211; 25.04.2019  im Boligweg versucht,  an einem Einfamilienhaus ein kleines Fenster neben der Hauseingangst\u00fcr  aufzuhebeln, was allerdings misslang. Ein weiterer Versuch, die  Kellert\u00fcr aufzuhebeln, scheiterte ebenfalls. Zeugenhinweise nimmt die  Polizei unter Tel.-Nr. 06232-1370 oder per Mail an <a href=\"mailto:pispeyer@polizei.rlp.de\">pispeyer@polizei.rlp.de<\/a> entgegen. <\/p>\n\n\n\n<h4 class=\"wp-block-heading\">(Gommersheim) &#8211; Diebstahl von Anh\u00e4nger<\/h4>\n\n\n\n<p>Unbekannte haben in der Nacht von Donnerstag auf Freitag (TZ  25.04.2019, 17 Uhr bis 26.04.2019, 10.30 Uhr) auf einem Gartengrundst\u00fcck  in der Geinsheimer Stra\u00dfe einen abgestellten, unverschlossenen  PKW-Anh\u00e4nger der Marke Humbaur entwendet.  Der einachsige Anh\u00e4nger war  mit einem blauen Planenaufbau ausgestattet. Von den T\u00e4tern fehlt jede  Spur. Sachdienliche Hinweise nimmt die Polizei Edenkoben unter der  Telefonnummer 06323 9550 entgegen. <\/p>\n\n\n\n<h4 class=\"wp-block-heading\">(R\u00f6merberg) &#8211; Feuerstelle nicht fachgerecht gel\u00f6scht<\/h4>\n\n\n\n<p>Eine Anruferin teilte Donnerstagabend mit, dass sie soeben beim  Gassi gehen mit ihren Hunden eine rauchende Feuerstelle in der Gro\u00dfen  Hohl gegen\u00fcber der Firma K2 in einem Feld entdeckt habe. Durch die  Feuerwehr, die mit drei Fahrzeuge und 14 Einsatzkr\u00e4ften vor Ort kam,  wurde das Feuer gel\u00f6scht. Vermutlich wurde das Lagerfeuer (Gr\u00f6\u00dfe 1m x  1m) durch die unbekannten Verantwortlichen beim Verlassen der  Feuerstelle nicht fachgerecht gel\u00f6scht und konnte sich erneut entfachen.  Es kam zu keinen Sch\u00e4den oder Gef\u00e4hrdungen. Hinweise auf die  Verantwortlichen gibt es nicht. Zeugenhinweise nimmt die Polizei unter  Tel.-Nr. 06232-1370 oder per Mail an <a href=\"mailto:pispeyer@polizei.rlp.de\">pispeyer@polizei.rlp.de<\/a> entgegen. <\/p>\n\n\n\n<h4 class=\"wp-block-heading\">(Schwegenheim) &#8211; Diebstahl von Baumaschinen<\/h4>\n\n\n\n<p>Mehrere Baumaschinen im Wert von zirka 500 Euro entwendeten bislang  unbekannte T\u00e4ter in der Nacht von Dienstag auf Mittwoch durch Aufhebeln  eines Bauwagens auf einer Baustelle in der Hauptstra\u00dfe in Schwegenheim.  Zeugenhinweise nimmt die Polizeiinspektion Germersheim unter 07274\/958-0  oder per Mail an <a href=\"mailto:pigermersheim@polizei.rlp.de\">pigermersheim@polizei.rlp.de<\/a> entgegen. <\/p>\n\n\n\n<h4 class=\"wp-block-heading\">(Lustadt) &#8211; 1. B\u00fcrgerforum &#8222;Senioren&#8220; im B\u00fcrgerhaus in Lustadt<\/h4>\n\n\n\n<p>Dialog Seniorinnen und Senioren mit der Polizei und den  Seniorenberatern zum <strong>Thema &#8222;Schutz vor Kriminalit\u00e4t&#8220; &#8211; Wie vermeide ich es Opfer zu werden? <\/strong><\/p>\n\n\n\n<p>Zur Auftaktveranstaltung am <strong>Freitag, dem 10. Mai  2019<\/strong>, um 15:30 Uhr,   im Rat- und B\u00fcrgersaal in der Oberen Hauptstra\u00dfe 140 in Lustadt statt laden die Seniorenbeauftragten und der  Behindertenbeauftragte der Verbandsgemeinde Lingenfeld sowie die  Polizeiinspektion Germersheim alle Seniorinnen und Senioren der  Verbandsgemeinde Lingenfeld ein. Information, Austausch sowie das  Kennenlernen der Arbeit der Polizei und der Seniorenbeauftragten sind  die Ziele der Veranstaltung. W\u00e4hrend des B\u00fcrgerforums werden wir das  aktuelle polizeiliche Lagebild n\u00e4her betrachten, Verhaltenstipps von der  Abteilung Zentrale Pr\u00e4vention des Polizeipr\u00e4sidiums Rheinpfalz erhalten  und vor allem Rede und Antwort stehen. Aufgekl\u00e4rt wird sowohl \u00fcber die  perfiden Methoden der Trickbetr\u00fcger, als auch \u00fcber effektiven  Einbruchschutz. Kommen Sie mit uns ins Gespr\u00e4ch! <\/p>\n\n\n\n<p>Veranstaltet wird das  1. B\u00fcrgerforum von den Seniorenbeauftragten und dem  Behindertenbeauftragten der Verbandsgemeinde Lingenfeld in Kooperation  mit der Polizeiinspektion Germersheim. Zuk\u00fcnftig sind weitere Themen,  wie Mobilit\u00e4t im Stra\u00dfenverkehr in der Vorbereitung. Die Veranstalter  des B\u00fcrgerforums &#8222;Senioren&#8220; planen zuk\u00fcnftig an wechselnden  \u00d6rtlichkeiten interessante Themen f\u00fcr ihre Zielgruppe anzubieten und im  Gespr\u00e4ch zu bleiben. <\/p>\n\n\n\n<p>Gerne bringen wir Sie mit dem B\u00fcrgerbus der  Verbandgemeinde nach Lustadt, wenn Sie anderweitig keine  Fahrm\u00f6glichkeiten haben. Bitte melden Sie sich hierzu bis 30.04.2019 in  der Verbandsgemeinde unter 06344-506232 an. Der Veranstaltungssaal ist  barrierefrei zug\u00e4nglich. <\/p>\n\n\n\n<h4 class=\"wp-block-heading\">(Germersheim) &#8211; Zeugenaufruf nach Hundehalterin<\/h4>\n\n\n\n<p>Sch\u00fcrfwunden am Knie zog sich am Mittwoch gegen 17 Uhr ein 7-j\u00e4hriger  Junge zu, als er in der N\u00e4he des Schwanenweihers von Hunden verfolgt  wurde. Das Kind war dort mit seiner 2-j\u00e4hrigen Schwester und dem Vater  unterwegs, als ihnen eine bislang unbekannte Frau mit drei mittelgro\u00dfen  Hunden entgegenkam. Die Hunde waren nicht angeleint und liefen auf die  Kinder zu, die aus Angst vor den Hunden wegrannten. Hierbei st\u00fctzte der  7-j\u00e4hrige Junge und zog sich die Verletzungen am Knie zu. Zeugen, die  Hinweise zu der Hundehalterin geben k\u00f6nnen, werden gebeten, sich unter  07274\/958-0 oder per Mail <a href=\"mailto:pigermersheim@polizei.rlp.de\">pigermersheim@polizei.rlp.de<\/a> bei der Polizeiinspektion Germersheim zu melden. <\/p>\n\n\n\n<h4 class=\"wp-block-heading\">(Germersheim-Sondernheim) &#8211; Unbekannter bedr\u00e4ngt Frau<\/h4>\n\n\n\n<div class=\"wp-block-image\"><figure class=\"aligncenter\"><img decoding=\"async\" src=\"https:\/\/speyer24news.com\/wp-content\/uploads\/2019\/04\/Zeugen-gesucht-1.jpg\" alt=\"\" class=\"wp-image-12668\"\/><\/figure><\/div>\n\n\n\n<p>Am Mittwoch, den 24.04.2019 kam es gegen 16.45 Uhr zu einer Bel\u00e4stigung  einer jungen Frau in Sondernheim, die vom Bahnhof in Richtung eines  Feldweges im Bereich der Schulstra\u00dfe lief. Der unbekannte Mann verfolgte  die Gesch\u00e4digte fu\u00dfl\u00e4ufig ca. einen Kilometer vom Bahnhof Sondernheim  bis zu einem Feldweg im Bereich der Schulstra\u00dfe. Auf dem Feldweg fragte  er sie zun\u00e4chst nach einer Wegbeschreibung. Kurz danach n\u00e4herte sich der  unbekannte Mann ein zweites Mal von hinten und umklammerte die Frau.  Sie konnte den Mann jedoch abwehren. Erst als sie nach ihrem  Mobiltelefon griff und den Notruf w\u00e4hlte, fl\u00fcchtete er in Richtung  Schulstra\u00dfe. <\/p>\n\n\n\n<p>Der Mann wird von der jungen Frau als<\/p>\n\n\n\n<ul><li>ca. 20 Jahre alt<\/li><li>ca. 175 cm gro\u00df<\/li><li>schlanke bis d\u00fcrre Statur und als <\/li><li>dunkelh\u00e4utig beschrieben.  <\/li><li>Er soll eine schwarze Jogginghose<\/li><li>ein wei\u00dfes T-Shirt mit V-Ausschnitt getragen haben und <\/li><li>sprach hochdeutsch mit franz\u00f6sischem Akzent<\/li><li>Als Besonderheit ist zu benennen, dass er keine Schuhe trug und barf\u00fc\u00dfig  unterwegs war. <\/li><li>Der Mann wurde sp\u00e4ter noch an der Bahnunterf\u00fchrung gesehen, als er gegen 16.50 Uhr mit einem schwarzen Trekkingrad wegfuhr. <\/li><\/ul>\n\n\n\n<p>Zeugen werden gebeten sich mit der Kriminalpolizei Landau unter Telefon 06341-287-0 in Verbindung zu setzen. <\/p>\n\n\n\n<h4 class=\"wp-block-heading\">(Hatzenb\u00fchl) &#8211; Vorfahrtsverletzung am Kreisverkehrsplatz<\/h4>\n\n\n\n<p>Eine 75-j\u00e4hrige Autofahrerin befuhr die L 549 von Kandel kommend in  Fahrtrichtung Rheinzabern und wollte bei Hatzenb\u00fchl in den Kreisverkehr  einfahren. Hierbei \u00fcbersah sie eine bereits im Kreisverkehr befindliche  68-j\u00e4hrige Autofahrerin und stie\u00df mit deren Fahrzeug zusammen. Durch den  Aufprall drehte sich das Fahrzeug der 68-J\u00e4hrigen, kam von der Fahrbahn  ab und stie\u00df mit der Front gegen einen Baum zwischen den Ausfahrten  Kandel und Jockgrim. Es entstand Sachschaden in H\u00f6he von etwa 15000  Euro. <\/p>\n\n\n\n<h4 class=\"wp-block-heading\">(Jockgrim \/ B 9) &#8211; B9 bei Jockgrim wegen Unfall f\u00fcr 1,5 Stunden gesperrt<\/h4>\n\n\n\n<p>Aufgrund nicht angepasster Geschwindigkeit und Unaufmerksamkeit fuhr am  25.04.2019 gegen 23:40Uhr ein 23-j\u00e4hriger Autofahrer dem  vorausfahrenden Transporter mit Anh\u00e4nger auf. Es entstand ein  Gesamtschaden von circa 18.000,-EUR und der Unfallverursacher verletzte  sich leicht an der Hand. Aufgrund des Tr\u00fcmmerfeldes (der Anh\u00e4nger war  mit Baumaterial beladen) auf der B9 musste die Richtungsfahrbahn nach  Karlsruhe an der Anschlussstelle Kieswerk f\u00fcr 1,5Stunden gesperrt  werden. Neben Polizei waren noch FFw(ein Fahrzeug brannte kurzzeitig),  die Stra\u00dfenmeisterei und Abschleppdienste im Einsatz. <\/p>\n\n\n\n<h4 class=\"wp-block-heading\">(Jockgrim) &#8211; Radfahrer bei Unfall leicht verletzt<\/h4>\n\n\n\n<p>Am 24.04.2019, um 12.27 Uhr, wollte ein 21-j\u00e4hriger Autofahrer in der  Kettelerstra\u00dfe aus seinem Fahrzeug steigen und \u00f6ffnete die Fahrert\u00fcr.  Hierbei \u00fcbersah er einen nachfolgenden 36-j\u00e4hrigen Radfahrer, der gegen  die sich \u00f6ffnende Autot\u00fcr stie\u00df. Bei dem Sturz von seinem Fahrrad erlitt  er mehrere leichte Verletzungen. <\/p>\n\n\n\n<h4 class=\"wp-block-heading\">(W\u00f6rth) &#8211; Defekte Abfallpresse brennt<\/h4>\n\n\n\n<p>Die integrierte Leitstelle Landau meldete am 23.04.2019, um 13.34 Uhr,  den Brand einer Abfallpresse im r\u00fcckw\u00e4rtigen Bereich des  Maximiliancenters. An der genannten \u00d6rtlichkeit konnte Rauchentwicklung  aus der Abfallpresse festgestellt werden. Die Feuerwehr konnte den Brand  mit einfachen Mitteln l\u00f6schen. Als Brandursache wurde ein technischer  Defekt der Abfallpresse angenommen. <\/p>\n\n\n\n<h4 class=\"wp-block-heading\">(W\u00f6rth-Maximiliansau) &#8211; Einbruch in Geb\u00e4ude der protestantischen Kirchengemeinde<\/h4>\n\n\n\n<p>In der Zeit vom 22.04.2019, 19:45 Uhr, bis 23.04.2019, 09:05 Uhr,  hebelten Unbekannte eine Terrassent\u00fcr am Geb\u00e4ude der protestantischen  Kirchengemeinde auf und gelangten in das Innere des Geb\u00e4udes. Aus einer  Vorratskammer wurden mehrere Flaschen Wein, Sekt und Wodka entwendet.  Auf dem gegen\u00fcberliegenden Schulgel\u00e4nde konnten Glassplitter einer  Wodkaflasche festgestellt werden. Vermutlich wurde das Diebesgut dort  verk\u00f6stigt. Der Sach- und Diebstahlschaden bel\u00e4uft sich auf etwa 600  Euro. Hinweise bitte an die Polizeiinspektion W\u00f6rth. <\/p>\n\n\n\n<h4 class=\"wp-block-heading\">(Hagenbach) &#8211; Geschwindigkeitskontrolle auf der Ortsumgehung<\/h4>\n\n\n\n<p>Am 23.04.2019, in der Zeit von 08.30 Uhr bis 09.30 Uhr, wurde auf der  Ortsumgehung Hagenbach eine Geschwindigkeitskontrolle durchgef\u00fchrt. Von  65 gemessenen Fahrzeugen \u00fcberschritten 12 die zul\u00e4ssige  H\u00f6chstgeschwindigkeit von 70 km\/h. <\/p>\n\n\n\n<h4 class=\"wp-block-heading\">(Berg \/ Pfalz) &#8211; Vorfahrtsverletzung am Kreisverkehrsplatz<\/h4>\n\n\n\n<p>Ein 21-j\u00e4hriger Autofahrer befuhr am 23.04.2019, um 05.08 Uhr, die  Hagenbacher Stra\u00dfe in Neulauterburg in Fahrtrichtung Berg. An dem  dortigen Kreisverkehrsplatz missachtete er die Vorfahrt einer im  Kreisverkehr befindlichen, 26-j\u00e4hrigen Autofahrerin. Es kam zum  Zusammensto\u00df der beiden Fahrzeuge, bei dem ein Schaden von etwa 4000  Euro entstand. Der Unfallverursacher wurde leicht verletzt. <\/p>\n\n\n\n<h4 class=\"wp-block-heading\">(Kandel) &#8211; Geschwindigkeitskontrolle auf der Bienwald-B 9<\/h4>\n\n\n\n<p>\n Bei einer Geschwindigkeitskontrolle auf der Bienwald-B 9 beim Forsthaus\n Langenberg wurden am 23.04.2019 zwischen 11.15 Uhr und 14.45 Uhr 33 von\n 140 gemessenen Autofahrern verwarnt. Sie hatten die zul\u00e4ssige \nH\u00f6chstgeschwindigkeit von 70 km\/h \u00fcberschritten. <\/p>\n\n\n\n<h4 class=\"wp-block-heading\">(Kandel) &#8211; Rasen im Bienwaldstadion besch\u00e4digt<\/h4>\n\n\n\n<p>Mitarbeiter des Bauhofs der Stadt Kandel teilten der Polizeiinspektion  W\u00f6rth am 23.04.2019 mit, dass bereits am Donnerstag, dem 18.04.2019,  eine Besch\u00e4digung des Rasens im Bienwaldstadion in der Jahnstra\u00dfe  festgestellt wurde. Vermutlich sei auf einen gro\u00dfen Teil der Rasenfl\u00e4che  ein Herbizid  aufgebracht worden, das die Gr\u00fcnfl\u00e4che besch\u00e4digte. Nach  Angaben der Bauhofmitarbeiter wurde die Rasenfl\u00e4che irreparabel  besch\u00e4digt. Die H\u00f6he des Schadens steht noch nicht fest. <\/p>\n\n\n\n<h4 class=\"wp-block-heading\">(Steinweiler) &#8211; Volltrunkener Radfahrer gest\u00fcrzt<\/h4>\n\n\n\n<p>Am 25.042019, um 20.50 Uhr, wurde der Polizeiinspektion W\u00f6rth von einem  Zeugen mitgeteilt, dass auf dem Feldweg beim Lindenhof in Steinweiler  ein Radfahrer gest\u00fcrzt sei. An der beschriebenen \u00d6rtlichkeit konnte ein  44-j\u00e4hriger Mann mit seinem Fahrrad angetroffen werden, der  offensichtlich unter Alkoholeinwir- kung stand. Er war unverletzt, an  seinem Fahrrad war kein Sachschaden entstanden. Ein Alkoholtest ergab  3,02 Promille, weshalb ihm eine Blutprobe entnommen wurde. Zur Abwehr  einer Gefahr f\u00fcr sich und andere verbrachte der 44-J\u00e4hrige die Nacht in  einer Gewahrsamszelle der Polizei. <\/p>\n\n\n\n<h4 class=\"wp-block-heading\">(Steinweiler) &#8211; Versuchter Wohnungseinbruch<\/h4>\n\n\n\n<p>Ein unbekannter T\u00e4ter versuchte im Zeitraum vom 18.04.2019 bis  23.04.2019 UT den Rollladen zu einem ebenerdig gelegenen Fenster eines  Wohnhauses in der Hauptstra\u00dfe nach oben zu schieben und versuchte das  Fenster aufzuhebeln. Das Vorhaben misslang. Anschlie\u00dfend kletterte er  auf den dar\u00fcber liegenden Balkon und hebelte dort ein Fenster auf.  Dahinter befand sich jedoch eine seit Jahren leerstehende Wohnung. Der  T\u00e4ter entfernte sich unverrichteter Dinge vom Tatort. <\/p>\n\n\n\n<h4 class=\"wp-block-heading\">(D\u00f6rrenbach) &#8211; Abfallholz verbrannt<\/h4>\n\n\n\n<p>Am Mittwochvormittag wurde durch eine Verkehrsteilnehmerin eine starke  Rauchentwicklung in den Weinbergen bei D\u00f6rrenbach gemeldet. Die  Einsatzkr\u00e4fte von Polizei und Feuerwehr trafen am Brandort den  Verantwortlichen an. Dieser hatte eine gr\u00f6\u00dfere Menge Abfallholz auf  seinem Grundst\u00fcck verbrannt. Der Brand wurde durch die Feuerwehr  D\u00f6rrenbach gel\u00f6scht, die mit sechs Kr\u00e4ften und zwei Fahrzeugen im  Einsatz war. <\/p>\n\n\n\n<h4 class=\"wp-block-heading\">(Bad Bergzabern) &#8211; Diebstahl von Wahlwerbebannern<\/h4>\n\n\n\n<p>In der Nacht zum Donnerstag wurden im Stadtgebiet Bad Bergzabern alle  neun Wahlwerbebanner der Freien W\u00e4hlergemeinschaft (FWG) entwendet. Die  Banner mit einer Gr\u00f6\u00dfe von 3,40 x 1,73 m waren auf Bauzaunelementen  aufgespannt. Sie zeigten den Kandidaten der FWG f\u00fcr die kommende  Stadtb\u00fcrgermeisterwahl. Der Schaden f\u00fcr die Partei liegt bei ca. 1000.-  Euro.Zeugen, welche verd\u00e4chtige Wahrnehmung an den Aufstellorten gemacht  haben, werden gebeten sich mit der Polizei in Bad Bergzabern in  Verbindung zu setzen. Tel.: 06343 9334-0  oder per E-Mail: <a href=\"mailto:pibadbergzabern@polizei.rlp.de\">pibadbergzabern@polizei.rlp.de<\/a> <\/p>\n\n\n\n<h4 class=\"wp-block-heading\">(Bad Bergzabern) &#8211; Umgest\u00fcrzte B\u00e4ume<\/h4>\n\n\n\n<p>Bei dem Unwetter am Mittwochnachmittag st\u00fcrzten im Bereich Bad  Bergzabern zwei B\u00e4ume auf Stra\u00dfen. In Schweigen-Rechtenbach fiel ein  Baum in H\u00f6he des Schweigener Hofes auf die Fahrbahn der B 38 und  blockierte diese komplett. Der Baum wurde durch die Feuerwehr  Schweigen-Rechtenbach beseitigt. Ein weiterer Baum st\u00fcrzt im Bereich der  K 12, Zufahrtsstra\u00dfe nach Blankenborn, auf die Fahrbahn. Auch hier war  die Strecke nicht mehr passierbar. Der Baum wurde durch die  Stra\u00dfenmeisterei Annweiler beseitigt. In beiden F\u00e4llen kam es  gl\u00fccklicherweise zu keinen Personen- oder Sachsch\u00e4den. <\/p>\n\n\n\n<h4 class=\"wp-block-heading\">(Bad Bergzabern) &#8211; Randalierer unterwegs<\/h4>\n\n\n\n<p>Am Dienstagabend gegen 22.30 Uhr wurde ein alkoholisierter Randalierer  am Friedhof in Bad Bergzabern festgenommen. Der 31-j\u00e4hrige befand sich  zudem in einem psychisch labilen Zustand, weshalb er in Gewahrsam  genommen wurde. Er wurde station\u00e4r in einer Klinik aufgenommen. Der Mann  d\u00fcrfte f\u00fcr eine Sachbesch\u00e4digung an einem Pkw, einem ausgehobenen  Gullydeckel sowie einer umgeworfenen Sitzbank und eines Blumenk\u00fcbels  verantwortlich sein. Bei Tageslicht wurde der Friedhof durch die Polizei  \u00fcberpr\u00fcft. Hier wurden mehrere umgeworfene Grablichter festgestellt.  Die Grablichter waren unbesch\u00e4digt und wurden wieder aufgestellt. Gegen  den Mann wird nun wegen Sachbesch\u00e4digung, einem versuchten gef\u00e4hrlichen  Eingriffs in den Stra\u00dfenverkehr und wegen des Verdachts der St\u00f6rung der  Totenruhe ermittelt. <\/p>\n\n\n\n<h4 class=\"wp-block-heading\">(Waldrohrbach) &#8211; Verkehrskontrolle<\/h4>\n\n\n\n<p>Am Dienstagabend wurde in der Ortsdurchfahrt Waldrohrbach eine  Geschwindigkeitskontrolle durchgef\u00fchrt. Von 20 gemessenen Fahrzeugen  waren acht zu schnell unterwegs. Die H\u00f6chstgeschwindigkeit lag bei 78  km\/h. Neben den Geschwindigkeitsverst\u00f6\u00dfen mussten noch 6  Verkehrsteilnehmer wegen fehlender Dokumente verwarnt werden. In einem  Pkw befand sich ein Kleinkind ohne jegliche Sicherung. Der passende  Kindersitz lag im Kofferraum. Auch dieser Gurtversto\u00df  wurde geahndet. <\/p>\n\n\n\n<h4 class=\"wp-block-heading\">(Landau \/ A 65) &#8211; Unterlegkeil auf der A65<\/h4>\n\n\n\n<p>Verkehrsteilnehmer meldeten am Donnerstag (25.04.2019) gegen 16.15 Uhr einen  Unterlegkeil auf der A65, kurz nach der Anschlussstelle LD-Nord in  Fahrtrichtung Karlsruhe. Die Streife konnte den Gegenstand beseitigen.  Von dem Verlierer ist bislang nichts bekannt. Verkehrsteilnehmer, die  durch die Gefahrenstelle gef\u00e4hrdet wurden, werden gebeten, sich mit der  Polizei in Edenkoben unter der Tel.-Nr. 06323 955 0 in Verbindung zu  setzen. <\/p>\n\n\n\n<h4 class=\"wp-block-heading\">(Landau \/ B 10) &#8211; Verkehrsunfall bei LD-Nord<\/h4>\n\n\n\n<p>Weil eine 81-j\u00e4hrige Autofahrerin am Donnerstagnachmittag (15.25 Uhr) beim  Auffahren auf die A 65 einen bevorrechtigten LKW \u00fcbersah, kam es zu  einem Verkehrsunfall, bei dem ihr Fahrzeug total besch\u00e4digt wurde und  abgeschleppt werden musste. Gl\u00fccklicherweise wurde niemand verletzt. Der  Gesamtschaden wird auf 20.000 Euro gesch\u00e4tzt. Infolge der  Unfallaufnahme und der Aufr\u00e4umarbeiten musste die Autobahn einseitig  gesperrt werden, weshalb es zum R\u00fcckstau und zu Verkehrsbehinderungen  kam. Um 16 Uhr wurde die einseitige Sperrung aufgehoben. Zeugen, die das  Unfallgeschehen beobachtet haben, werden gebeten, sich mit der Polizei  Edenkoben unter der Telefonnummer 06323 9550 oder per E-Mail an <a href=\"mailto:piedenkoben@polizei.rlp.de\">piedenkoben@polizei.rlp.de<\/a> in Verbindung zu setzen. <\/p>\n\n\n\n<h4 class=\"wp-block-heading\">(Landau) &#8211; Verkehrsgef\u00e4hrdung<\/h4>\n\n\n\n<p>Ein unbekannter Fahrer eines gr\u00fcnen Baustellen-LKW\u00b4s gef\u00e4hrdete am  25.04.2019 gegen 14:10 Uhr einen Autofahrer am Kreisel im  Baustellenbereich auf der L509, indem dieser beim Abbiegen auf die  Gegenfahrspur kam. Nur durch eine Notbremsung konnte der Autofahrer  einen Verkehrsunfall verhindern. Zeugen, die Hinweise zu dem  Baustellen-LKW geben k\u00f6nnen, werden gebeten sich bei der Polizei Landau  telefonisch unter  06341\/2870 oder per Email <a href=\"mailto:pilandau@polizei.rlp.de\">pilandau@polizei.rlp.de<\/a> zu melden. <\/p>\n\n\n\n<h4 class=\"wp-block-heading\">(Landau \/ A 65) &#8211; Eisenstange auf der A 65<\/h4>\n\n\n\n<p>Verkehrsteilnehmer meldeten am Mittwoch (24.04.2019) gegen 10 Uhr eine  Eisenstange auf der A 65 bei der Auffahrt der Anschlussstelle LD-Zentrum  in Fahrtrichtung Karlsruhe. Die Streife konnte den Gegenstand  beseitigen. Von dem Verlierer ist bislang nichts bekannt.  Verkehrsteilnehmer, die durch die Gefahrenstelle gef\u00e4hrdet wurden,  werden gebeten, sich mit der Polizei in Edenkoben unter der Tel.-Nr.  06323 955 0 in Verbindung zu setzen. <\/p>\n\n\n\n<h4 class=\"wp-block-heading\">(Landau-Arzheim) &#8211; Verkehrsunfallflucht<\/h4>\n\n\n\n<p>Einen Verkehrsunfall mit Sachschaden in H\u00f6he von ca. 1000 Euro  verursachte ein unbekannter Autofahrer zwischen Dienstag, 23:00 Uhr und  Mittwoch, 17:00 Uhr in der Stra\u00dfe Im Niederfeld, welche im  Einm\u00fcndungsbereich zur Arbotstra\u00dfe liegt, in Landau-Arzheim. Der Fahrer  verkratzte das geparkte Auto vermutlich beim Vorbeifahren aufgrund zu  geringen Sicherheitsabstandes. Anschlie\u00dfend entfernte sich der  unbekannte Autofahrer unerlaubt von der Unfall\u00f6rtlichkeit. Sachdienliche  Hinweise bitte an die Polizei Landau unter Tel. Nr. 06341\/2870 oder per  Email an <a href=\"mailto:pilandau@polizei.rlp.de\">pilandau@polizei.rlp.de<\/a> <\/p>\n\n\n\n<h4 class=\"wp-block-heading\">(Landau) &#8211; Verkehrsunfallflucht<\/h4>\n\n\n\n<p>Sachschaden in H\u00f6he von ca. 1500 Euro verursachte ein unbekannter  Autofahrer, als er in der Nacht von Mittwoch, den 24.04.2019, 19:00 Uhr  auf Donnerstag, den 25.04.2019, 08:20 Uhr in der Godramsteiner Stra\u00dfe  ein geparktes Auto streifte. Der Fl\u00fcchtige besch\u00e4digte aufgrund zu  geringen Sicherheitsabstandes zum anderen Fahrzeug ein Schaden am  Au\u00dfenspiegel und der linken Fahrzeugseite. Anschlie\u00dfend entfernte er  sich unerlaubt von der Unfall\u00f6rtlichkeit Zeugen, die Hinweise zu dem  Unfall geben k\u00f6nnen, werden gebeten sich bei der Polizei Landau  telefonisch unter  06341\/2870 oder per Email <a href=\"mailto:pilandau@polizei.rlp.de\">pilandau@polizei.rlp.de<\/a> zu melden. <\/p>\n\n\n\n<h4 class=\"wp-block-heading\">(Landau) &#8211; Verkehrsunfallflucht<\/h4>\n\n\n\n<p>Sachschaden in H\u00f6he von ca. 200 Euro verursachte ein unbekannter  Autofahrer  zwischen Ostermontag, 20:00 Uhr und Dienstag, 05:30 Uhr in  der Godramsteiner Stra\u00dfe als er ein geparktes Auto besch\u00e4digte. Der  Fahrer war vermutlich beim Rangieren an den aufgeh\u00e4ngten Fahrradst\u00e4nder  des anderen Autos gesto\u00dfen. Hierbei verschob sich der Fahrradst\u00e4nder,  dr\u00fcckte sich an das Heck und verursachte eine Delle in der hinteren  Sto\u00dfstange. Anschlie\u00dfend entfernte sich der unbekannte Autofahrer  unerlaubt von der Unfall\u00f6rtlichkeit. <\/p>\n\n\n\n<p>Sachdienliche Hinweise bitte an die Polizei Landau unter Tel. Nr. 06341\/2870 oder per Email an <a href=\"mailto:pilandau@polizei.rlp.de\">pilandau@polizei.rlp.de<\/a> <\/p>\n\n\n\n<h4 class=\"wp-block-heading\">(Landau) &#8211; Zwei Fahrraddiebst\u00e4hle zur Osterzeit<\/h4>\n\n\n\n<p>Am Ostermontag, den 22.04.2019 im Zeitraum von 15:00 Uhr bis 20:00 Uhr  entwendete ein bislang unbekannter T\u00e4ter in der Lindenstra\u00dfe trotz  Zahlenschlosssicherung ein  Trekkingrad der Marke Stevens Elegance im  Wert von ca. 600 Euro. <\/p>\n\n\n\n<p>Am Osterwochenende kam es zu einem \nweiteren Fahrraddiebstahl am Hauptbahnhof. Das verschlossene, \nschwarz-wei\u00dfe Damentrekkingrad im Wert von ca. 1000 Euro wurde im \nZeitraum von Donnerstag, den 18.04.2019, 16:00 Uhr und 23.04.2019, 08:15\n Uhr von dem dortigen Fahrradstellplatz durch unbekannte T\u00e4ter \nentwendet. Derzeit liegen keine T\u00e4terhinweise vor. <\/p>\n\n\n\n<p>Sachdienliche Hinweise bitte an die Polizei Landau unter Tel. Nr. 06341\/2870 oder per Email an <a href=\"mailto:pilandau@polizei.rlp.de\">pilandau@polizei.rlp.de<\/a> <\/p>\n\n\n\n<h4 class=\"wp-block-heading\">(Landau) &#8211; Einbruchdiebstahl<\/h4>\n\n\n\n<p>Einen Schaden in H\u00f6he von ca. 7000 Euro verursachten unbekannte T\u00e4ter  als sie am Osterwochenende in eine Baustelle in der Siebenpfeiffer-Allee  in Landau einbrachen und hochwertige Ger\u00e4tschaften entwendeten. Die Tat  ereignete sich in der Zeit zwischen Donnerstag, 16:00 Uhr und Dienstag,  07:30 Uhr.  Bislang liegen noch keine T\u00e4terhinweise vor. Sachdienliche  Hinweise bitte an die Polizei Landau unter Tel. Nr. 06341\/2870 oder per  Email an <a href=\"mailto:pilandau@polizei.rlp.de\">pilandau@polizei.rlp.de<\/a> <\/p>\n\n\n\n<h4 class=\"wp-block-heading\">(Bornheim) &#8211; Fahren ohne Fahrerlaubnis<\/h4>\n\n\n\n<p>  Ein 37-j\u00e4hriger Krad-Fahrer aus Landau wurde am Dienstagmorgen im  Rahmen einer Standkontrolle auf der K43 in Bornheim mit erh\u00f6hter  Geschwindigkeit, 98km\/h bei erlaubten 50 km\/h, gemessen und anschlie\u00dfend  einer Verkehrskontrolle unterzogen. Neben dem Geschwindigkeitsversto\u00df  konnte festgestellt werden, dass er keinen F\u00fchrerschein besitzt. Die  Polizei stellte den Fahrzeugschl\u00fcssel sicher und untersagte die  Weiterfahrt. Den Krad-Fahrer erwartet eine Ordnungswidrigkeitenanzeige  aufgrund der Geschwindigkeits\u00fcberschreitung und eine Strafanzeige wegen  Fahren ohne Fahrerlaubnis. <\/p>\n\n\n\n<h4 class=\"wp-block-heading\">(Edesheim \/ A 65) &#8211; 44-j\u00e4hriger Trucker l\u00e4uft \u00fcber die Autobahn<\/h4>\n\n\n\n<p>Weil er einen Toll-Collect-Automaten zum Bezahlen seiner Maut auf der  Rastanlage Pf\u00e4lzer Weinstra\u00dfe West suchte und dort nicht f\u00fcndig wurde,  \u00fcberquerte ein 44-j\u00e4hriger Trucker am Donnerstagmorgen gegen 10.30 Uhr die A  65, um bei der gegen\u00fcberliegenden Rastst\u00e4tte nachzuschauen. Ein  Verkehrsteilnehmer bemerkte die Situation und teilte dies \u00fcber Notruf  mit. Der 44-J\u00e4hrige wurde von der Streife angetroffen und entsprechend  sanktioniert. Auf die Gef\u00e4hrlichkeit beim \u00dcberqueren einer Autobahn zu  Fu\u00df wurde er hingewiesen. <\/p>\n\n\n\n<h4 class=\"wp-block-heading\">(Edenkoben) &#8211; Erneut 22 Autofahrer zu schnell<\/h4>\n\n\n\n<p>Nachdem am vergangenen Mittwoch in der Weinstra\u00dfe innerhalb einer  Stunde insgesamt 21 Tempos\u00fcnder beanstandet wurden, waren am Donnerstagnachmittag  erneut \u00fcber 20 Autofahrer zu schnell.  In der Zeit zwischen 14.30 Uhr  und 15.30 Uhr wurden 22 Autofahrer sanktioniert, weil sie sich nicht an  die vorgeschriebene Geschwindigkeit hielten. Zwei Autofahrer m\u00fcssen 30.-  Euro bezahlen, weil sie nicht gegurtet waren. Sechs  Kontrollaufforderungen wurden ausgestellt, da die Papiere nicht  mitgef\u00fchrt wurden oder weil technische Defekte an ihren Fahrzeugen  vorhanden waren. <\/p>\n\n\n\n<h4 class=\"wp-block-heading\">(Edenkoben) &#8211; Unwetterfront ruft Polizei auf den Plan<\/h4>\n\n\n\n<p>Aufgrund der Unwetterfront am Mittwochabend (18.40 Uhr) wurde die Polizei  nach Maikammer gerufen, weil in der S\u00fcdumgehung mehrere Bauz\u00e4une mit  Wahlplakaten auf die Fahrbahn geweht wurden. Gegen 19 Uhr musste die  Villastra\u00dfe kurzzeitig f\u00fcr den Verkehr gesperrt werden, weil ein  umgefallener Baum quer \u00fcber der Fahrbahn lag. Die Feuerwehr kam vor Ort  und beseitigte die Gefahrenstelle. Am Ortseingang von Venningen rissen  Windb\u00f6en die Seitenw\u00e4nde eines Spargelstandes ab und schleuderten diese  auf die Kreisstra\u00dfe 6. Vor Ort wurde der Verkaufsstand entsprechend  gesichert. <\/p>\n\n\n\n<h4 class=\"wp-block-heading\">(Edenkoben) &#8211; 21 Tempos\u00fcnder beanstandet<\/h4>\n\n\n\n<p>Zwischen 12 Uhr und 13 Uhr wurden am Mittwoch in der Weinstra\u00dfe 21  Tempos\u00fcnder beanstandet, die zu schnell in der 30er Zone unterwegs  waren. Der schnellste Autofahrer wurde mit 60 km\/h gemessen. Ihn  erwartet ein Bu\u00dfgeldbescheid. Vier Gurtmuffel mussten eine Verwarnung in  H\u00f6he von 30.- Euro bezahlen. <\/p>\n\n\n\n<h4 class=\"wp-block-heading\">(Edenkoben) &#8211; Nichts dazu gelernt<\/h4>\n\n\n\n<p>In den Seewiesen konnte Mittwochmittag (12.39 Uhr) erneut ein 19-j\u00e4hriger Kleinkraftradfahrer festgestellt werden, der nicht im Besitz einer Fahrerlaubnis ist und immer noch unter dem Einfluss von  Bet\u00e4ubungsmittel stand. Er wurde mit zur Dienststelle genommen, wo er  sich einer Blutprobe unterziehen musste. Bereits am Karfreitag wurde er  in Maikammer in der Weinstra\u00dfe S\u00fcd angehalten. Er konnte keinen  F\u00fchrerschein vorweisen und hatte stark ger\u00f6tete Augen, weil er nach  eigenen Angaben in den letzten Tag mehrmals gekifft hatte. Dabei wurde  ihm der der Rollerschl\u00fcssel sichergestellt. Gestern war er mit einem  Zweitschl\u00fcssel unterwegs. Ein Strafverfahren wurde wiederholt  eingeleitet.<\/p>\n\n\n\n<h4 class=\"wp-block-heading\">(Neustadt) &#8211; Bei Personenkontrolle Bet\u00e4ubungsmittel und verbotene Waffe gefunden<\/h4>\n\n\n\n<p>Bei einer Kontrolle von drei M\u00e4nnern am fr\u00fchen Freitagmorgen in der Pfarrgasse  wurde ein Gript\u00fctchen mit 0,7g Marihuana und 1,7g Haschisch sowie ein  angerauchter Joint aufgefunden.Die &#8222;Fundsachen&#8220; konnten zun\u00e4chst keinem  der Drei zugeordnet werden. Ein  26-j\u00e4hriger Ludwigshafener aus der  Dreiergruppe r\u00e4umte schlie\u00dflich den Konsum eines Joints ein. Ein   22-j\u00e4hriger Neustadter f\u00fchrte zudem einen Schlagring mit integriertem  Springmesser mit sich. Da der Besitz dieser Waffe bereits strafbar ist,  wurde dieser wie das aufgefundene Bet\u00e4ubungsmittel beschlagnahmt.  Strafanzeigen wegen Versto\u00df gegen das Bet\u00e4ubungsmittelgesetz sowie  Versto\u00df gegen das Waffengesetz folgen. <\/p>\n\n\n\n<h4 class=\"wp-block-heading\">(Neustadt) &#8211; Unfallflucht vermutlich unter Einflu\u00df von Drogen<\/h4>\n\n\n\n<p>Am Donnerstag kurz nach der Mittagszeit besch\u00e4digte der 26-j\u00e4hrige Fahrer  eines Pkw beim Ausparken in der Lachener Stra\u00dfe einen weiteren geparkten  Pkw und wurde von einem Zeugen angesprochen. Den 26-J\u00e4hrigen  interessierte dies indes wenig und er entfernte sich von der  Unfallstelle ohne die Personalien zu hinterlassen. Die informierte  Polizei traf den Fahrer zuhause an. Er gab an, an dem Tag an einem Joint  geraucht zu haben. Ihm wurde eine Blutprobe entnommen. Die H\u00f6he des  Schadens wird mit ca. 500 Euro angegeben. <\/p>\n\n\n\n<h4 class=\"wp-block-heading\">(Neustadt) &#8211; Geldbeutel aus Tasche gestohlen<\/h4>\n\n\n\n<p>Am Mittwochnachmittag wurde einer 75-j\u00e4hrigen Frau in einem Discounter in  Neustadt der Geldbeutel aus der Handtasche gestohlen. Wie dies genau  geschehen konnte, ist noch nicht gekl\u00e4rt. Im Geldbeutel befanden sich  Bargeld in H\u00f6he von ca. 200 Euro sowie pers\u00f6nliche Ausweisdokumente. <\/p>\n\n\n\n<h4 class=\"wp-block-heading\">(Neustadt) &#8211; Rucksack aus offenem Fahrzeug entwendet<\/h4>\n\n\n\n<p>Eine unbekannte Person nutzte die Unachtsamkeit eines 64-j\u00e4hrigen  Mannes aus, der am fr\u00fchen Mittwochmorgen in der Breslauer Stra\u00dfe  kurz  sein Fahrzeug offen stehen lie\u00df, um aus der Wohnung der Lebensgef\u00e4hrtin  Gegenst\u00e4nde zu holen. Der oder die Unbekannte entnahmen einen Rucksack  aus dem Auto, in dem sich Schl\u00fcssel f\u00fcr mehrere H\u00e4user befanden. <\/p>\n\n\n\n<h4 class=\"wp-block-heading\">(Lambrecht) &#8211; Unter Drogen- und Alkoholeinflu\u00df Besch\u00e4ftigten eines Einkaufsmarktes angegriffen<\/h4>\n\n\n\n<p>Nach bisherigen Erkenntnissen verhielten sich ein 30-j\u00e4hriger Mann aus  Speyer sowie sein 27-j\u00e4hriger Freund aus Hettenleidelheim am Mittwochnachmittag  auff\u00e4llig auf dem Gel\u00e4nde zweier Einkaufsm\u00e4rkte in Lambrecht. Als sie  gegen 16:00 Uhr von einem Mitarbeiter eines Discounters des Geb\u00e4udes  verwiesen wurden, griffen sie den 30-j\u00e4hrigen Besch\u00e4ftigten, der selbst  in der VG Lambrecht wohnt, unvermittelt an. Nach einem Tritt in den  R\u00fccken wurde dem Discount-Mitarbeiter auch noch eine Flasche auf den  Kopf geschlagen. Bekannte des Discount-Mitarbeiters, die in der N\u00e4he  waren, eilten dem Mann zuhilfe. Der 30-j\u00e4hrige Schl\u00e4ger konnte bis zum  Eintreffen der Polizei am Boden festgehalten werden, der 27-j\u00e4hrige  wurde &#8222;durch k\u00f6rperliche Einwirkung&#8220; au\u00dfer Gefecht gesetzt und mu\u00dfte  zun\u00e4chst durch den eingetroffenen Rettungswagen behandelt werden. Der  Speyerer hatte eine Atemalkoholkonzentration von 1,66 Promille, der Mann  aus Hettenleidelheim 1,32 Promille. Beiden wurde eine Blutprobe  entnommen, da ihr Verhalten auch auf den Konsum von Bet\u00e4ubungsmittel  hindeutete. \u00dcber die tats\u00e4chlichen Verletzungen der Beteiligten ist noch  nichts bekannt. Zahlreiche Personen stellten sich als Zeugen zur  Verf\u00fcgung und m\u00fcssen noch zur Sache vernommen werden. <\/p>\n\n\n\n<h4 class=\"wp-block-heading\">(Ha\u00dfloch) &#8211; Absichtliche unbefugte Stra\u00dfensperrung<\/h4>\n\n\n\n<p>In der Nacht auf Freitag, 26.04., vor 01.20 Uhr, legten bzw. stellten  bislang unbekannte T\u00e4ter insgesamt 13 Leitpfosten entlang der  Westrandstra\u00dfe in Ha\u00dfloch zwischen den Einm\u00fcndungen F\u00fcllergasse und  Burgweg auf die Fahrbahn, womit ein Befahren &#8211; evtl. auch f\u00fcr  Rettungsfahrzeuge usw. &#8211; ohne weiteres nicht mehr m\u00f6glich war. Die  Leitpfosten waren zuvor dort an der Westrandstra\u00dfe wie \u00fcblich am  Stra\u00dfenrand aufgestellt. Zeugen werden gebeten, sich an die  Polizeiinspektion Ha\u00dfloch, Tel. 06324\/933-0, Fax 06324\/933120, email: <a href=\"mailto:pihassloch@polizei.rlp.de\">pihassloch@polizei.rlp.de<\/a>, zu wenden. <\/p>\n\n\n\n<h4 class=\"wp-block-heading\">(Ha\u00dfloch) &#8211; Kabeldiebstahl von Baustelle<\/h4>\n\n\n\n<p>In der Zeit von Montag, den 22.04.2019, 16.00 Uhr, bis zum Donnerstag,  den 25.04.2019, 11.00 Uhr, entwendeten unbekannte T\u00e4ter von einem  Neubau\/Baustelle in der Gillergasse verschiedene Kabel, und zwar  Satellitenkabel, Netzwerkkabel und Elektrokabel im Wert von ca. 200,-  Euro. <\/p>\n\n\n\n<p>Zeugen werden gebeten, sich an die Polizeiinspektion Ha\u00dfloch, Tel. 06324\/933-0, Fax 06324\/933120, email: <a href=\"mailto:pihassloch@polizei.rlp.de\">pihassloch@polizei.rlp.de<\/a>, zu  wenden. <\/p>\n\n\n\n<h4 class=\"wp-block-heading\">(Ha\u00dfloch) &#8211; Einbruch in ein Gesch\u00e4ftsgeb\u00e4ude<\/h4>\n\n\n\n<p>In der Nacht zum Donnerstag, den 25.04.2019, brachen unbekannte T\u00e4ter  auf unbekannte Art und Weise in das Gesch\u00e4ftsgeb\u00e4ude MediZentrum in der  Hans-B\u00f6ckler-Stra\u00dfe ein. Im Geb\u00e4ude brachen sie eine T\u00fcr zu einem  Lagerraum auf. Nach den bisherigen Erkenntnissen wurde nichts entwendet.  Der Schaden bel\u00e4uft sich auf ca. 100,- Euro. <\/p>\n\n\n\n<p>Zeugen werden gebeten, sich an die Polizeiinspektion Ha\u00dfloch, Tel. 06324\/933-0, Fax 06324\/933120, email: <a href=\"mailto:pihassloch@polizei.rlp.de\">pihassloch@polizei.rlp.de<\/a>, zu  wenden. <\/p>\n\n\n\n<h4 class=\"wp-block-heading\">(Meckenheim) &#8211; Unfall mit verletzter Person<\/h4>\n\n\n\n<p>Am Freitag, 26.04., kurz vor 06.30 Uhr befuhr der 24-j\u00e4hriger Fahrer  eines Pkw Opel die L 519 aus Meckenheim kommend in Fahrtrichtung  Neustadt-Mu\u00dfbach. Aus bisher nicht endg\u00fcltig gekl\u00e4rten Gr\u00fcnden geriet er  mit seinem Pkw in den Gr\u00fcnstreifen, infolgedessen ins Schlingern und  \u00fcberschlug sich letztlich in einem angrenzenden Weinberg. Der  verungl\u00fcckte war vor Ort ansprechbar, konnte allerdings sein Fahrzeug  nicht selbstst\u00e4ndig verlassen. Zur Bergung und Versorgung des Verletzten  waren 5 Rettungskr\u00e4fte, 2 Not\u00e4rzte und ein Rettungshubschrauber vor  Ort, weiterhin 40 Kr\u00e4fte aus Feuerwehren der Verbandsgemeinde  Deidesheim. Neben einem Funkstreifenwagen der Polizeiinspektion Ha\u00dfloch  war auch einer der Polizeiinspektion Neustadt im Einsatz. Das nicht mehr  fahrbereite Fahrzeug musste durch einen Abschleppunternehmer geborgen  werden. Die L 519 musste f\u00fcr eine halbe Stunde vollgesperrt werden. Der  24-j\u00e4hrige wurde in ein Krankenhaus verbracht. Nach ersten Erkenntnissen  sind seine Verletzungen nicht schwerwiegend. <\/p>\n\n\n\n<h4 class=\"wp-block-heading\">(Bad D\u00fcrkheim) &#8211; Verkehrskontrolle am Wurstmarktplatz<\/h4>\n\n\n\n<p>In der Zeit von 02.15 Uhr bis 03.45 Uhr wurde am Donnerstag eine  Verkehrskontrolle am Wurstmarktkreisel durchgef\u00fchrt. Hierbei wurden  sieben Verkehrsverst\u00f6\u00dfe festgestellt. Nicht angelegter Sicherheitsgurt,  fehlende Dokumente und nicht mitgef\u00fchrte Warnwesten waren Anlass f\u00fcr  geb\u00fchrenpflichtige Verwarnungen. <\/p>\n\n\n\n<h4 class=\"wp-block-heading\">(Bad D\u00fcrkheim) &#8211; Fahrzeug \u00fcberschl\u00e4gt sich \/ Unfallbeteiligte werden verletzt<\/h4>\n\n\n\n<div class=\"wp-block-image\"><figure class=\"aligncenter\"><img decoding=\"async\" loading=\"lazy\" width=\"800\" height=\"600\" src=\"https:\/\/speyer24news.com\/wp-content\/uploads\/2019\/04\/24.04.19-D\u00dcW-VU.jpg\" alt=\"\" class=\"wp-image-12670\" srcset=\"https:\/\/speyer24news.com\/wp-content\/uploads\/2019\/04\/24.04.19-D\u00dcW-VU.jpg 800w, https:\/\/speyer24news.com\/wp-content\/uploads\/2019\/04\/24.04.19-D\u00dcW-VU-300x225.jpg 300w, https:\/\/speyer24news.com\/wp-content\/uploads\/2019\/04\/24.04.19-D\u00dcW-VU-768x576.jpg 768w, https:\/\/speyer24news.com\/wp-content\/uploads\/2019\/04\/24.04.19-D\u00dcW-VU-678x509.jpg 678w, https:\/\/speyer24news.com\/wp-content\/uploads\/2019\/04\/24.04.19-D\u00dcW-VU-326x245.jpg 326w, https:\/\/speyer24news.com\/wp-content\/uploads\/2019\/04\/24.04.19-D\u00dcW-VU-80x60.jpg 80w\" sizes=\"(max-width: 800px) 100vw, 800px\" \/><\/figure><\/div>\n\n\n\n<p>Am 24.04.2019, gegen 13:20 Uhr, ereignete sich in Bad D\u00fcrkheim am  Kreisel in der Bruchstra\u00dfe ein Verkehrsunfall. Der 84-J\u00e4hrige Fahrer  eines Pkw der Marke Honda aus Hamburg befuhr die Bruchstra\u00dfe vom  Hit-Markt kommend in Fahrtrichtung B 37. Eine 82-J\u00e4hrige Beifahrerin war  im Fahrzeug. Die 65-J\u00e4hrige Fahrerin eines Pkw der Marke Hyundai aus  Ludwigshafen fuhr in entgegengesetzter Richtung von der B 37 kommend.  Auch sie hatte eine Beifahrerin in ihrem Fahrzeug dabei. Die Frau aus  Ludwigshafen war bereits in den dortigen Kreisel eingefahren, als der  Mann  aus Hamburg mit seinem Fahrzeug offensichtlich ungebremst  ebenfalls in den Kreisel einfuhr und den Vorrang der Hyundai-Fahrerin  missachtete. Er touchierte mit der linken Frontseite seines Fahrzeuges  den Hyundai vorne links. Dabei verlor der Honda-Fahrer die Kontrolle  \u00fcber sein Fahrzeug, sodass sich dieses noch im Kreisel \u00fcberschlug und in  der Ausfahrt zur B 37 auf dem Dach liegen blieb. Der 84-J\u00e4hrige  Unfallverursacher und seine Beifahrerin wurden leicht verletzt und vom  Rettungsdienst und der Feuerwehr versorgt. Sie kamen mit Prellungen in  eine Ludwigshafener Klinik. Die Hyundai-Fahrerin und ihre Beifahrerin  wurden ebenfalls leicht verletzt, mussten aber nicht ins Krankenhaus  gebracht werden. Die Fahrzeuge der Unfallbeteiligten waren nicht mehr  fahrbereit und mussten abgeschleppt werden. Der Pkw der Marke Honda war  rundum besch\u00e4digt und hatte einen Totalschaden in H\u00f6he von ca. 10.000  Euro. Der Hyundai hatte einen Schaden in H\u00f6he von ca. 5.000 Euro.  W\u00e4hrend der Unfallaufnahme war der Verkehr in der Bruchstra\u00dfe  beeintr\u00e4chtigt. Vor Ort war die Feuerwehr mit 15 Mann, au\u00dferdem ein  Notarzt- und zwei Rettungswagen. <\/p>\n\n\n\n<h4 class=\"wp-block-heading\">(Bad D\u00fcrkheim) &#8211; Bei Unfallaufnahme Marihuanageruch festgestellt<\/h4>\n\n\n\n<p>Am Mittwoch, gegen 12.00 Uhr, kam es zu einem Auffahrunfall in der  Gutleutstra\u00dfe. Bei der Aufnahme des Verkehrsunfalles nahmen die Beamten  Marihuanageruch aus dem VW eines 21-j\u00e4hrigen aus Bad D\u00fcrkheim wahr. In  einem mitgef\u00fchrten Rucksack wurden 23 Gramm dieser Droge aufgefunden.  Ein durchgef\u00fchrter Drogentest verlief bei dem Fahrer negativ. Ein  Ermittlungsverfahren wegen dem Versto\u00dfes gegen das  Bet\u00e4ubungsmittelgesetz wurde eingeleitet. <\/p>\n\n\n\n<h4 class=\"wp-block-heading\">(Bad D\u00fcrkheim) &#8211; Sachbesch\u00e4digung am Hockey-Club<\/h4>\n\n\n\n<div class=\"wp-block-image\"><figure class=\"aligncenter\"><img decoding=\"async\" loading=\"lazy\" width=\"500\" height=\"667\" src=\"https:\/\/speyer24news.com\/wp-content\/uploads\/2019\/04\/18.04.19-D\u00dcW-SB-an-Hockey-Club.jpg\" alt=\"\" class=\"wp-image-12671\" srcset=\"https:\/\/speyer24news.com\/wp-content\/uploads\/2019\/04\/18.04.19-D\u00dcW-SB-an-Hockey-Club.jpg 500w, https:\/\/speyer24news.com\/wp-content\/uploads\/2019\/04\/18.04.19-D\u00dcW-SB-an-Hockey-Club-225x300.jpg 225w\" sizes=\"(max-width: 500px) 100vw, 500px\" \/><figcaption>Farbschmierereien Hockey-Club<\/figcaption><\/figure><\/div>\n\n\n\n<p>Bereits in der Nacht vom 17.04. auf den 18.04.19 kam es auf dem Gel\u00e4nde  des Hockey-Clubs zu einer Sachbesch\u00e4digung. Unter anderem wurden ein  Tor besch\u00e4digt und die \u00fcberdachten Auswechselb\u00e4nke mit schwarzer Farbe  &#8222;beschriftet&#8220;. Die Schadensh\u00f6he konnte noch nicht beziffert werden. Die  Polizei Bad D\u00fcrkheim bittet um Zeugenhinweise unter Tel. 06322 963-0  oder via E-Mail <a href=\"mailto:pibadduerkheim@polizei.rlp.de\">pibadduerkheim@polizei.rlp.de<\/a> <\/p>\n\n\n\n<h4 class=\"wp-block-heading\">(Gr\u00fcnstadt) &#8211; Ingewahrsamnahme Psychiatrie<\/h4>\n\n\n\n<p>Die Schwester meldete am Donnerstagabend, dass ihr Bruder aggressiv und stark  alkoholisiert sei. Sie habe Angst, dass er der Familie etwas antun  k\u00f6nnte. Noch vor Eintreffen der Polizei konnte der 27-J\u00e4hrige von seinem  Schwager beruhigt werden. Der 27-J\u00e4hrige wollte unbedingt mit einem  Arzt reden, da er eine Depression habe. Daraufhin wurde er zur Klinik  Sonnenwende verbracht. <\/p>\n\n\n\n<h4 class=\"wp-block-heading\">(Gr\u00fcnstadt) &#8211; Bedrohung und Beleidigung von Nachbarn und Polizeibeamten<\/h4>\n\n\n\n<p>Der Gesch\u00e4digte informierte am Donnerstagnachmittag die Polizei, weil er aktuell von seinem  Nachbarn beleidigt und bedroht wurde. Vor Ort trafen die Beamten einen  aggressiven 42-J\u00e4hrigen an, der \u00fcbelste Beschimpfungen und Bedrohungen  zu verschiedenen Nachbarn ausgesprochen haben soll. Auch soll er einen  Besen nach ihnen geworfen haben. Die Situation konnte soweit beruhigt  werden, dennoch beleidigte der 42-J\u00e4hrige auch noch einen Beamten der PI  Gr\u00fcnstadt. <\/p>\n\n\n\n<h4 class=\"wp-block-heading\">(Gr\u00fcnstadt) &#8211; Gef\u00e4lschter Kassenbon aufgefallen<\/h4>\n\n\n\n<p>In einem Gr\u00fcnstadter Supermarkt versuchte am Donnerstag eine Frau ein  Iglu-Zelt umzutauschen, das sie angeblich in einer anderen Filiale f\u00fcr  knapp 40 EUR gekauft hatte. Die Filialleiterin wurde misstrauisch und es  stellte sich heraus, dass das Zelt gerade erst aus der Auslage in  Gr\u00fcnstadt entnommen wurde. Auch hatte die T\u00e4terin das Zelt besch\u00e4digt,  um die Reklamation zu untermauern. Als die Filialleiterin den Kassenbon  genauer pr\u00fcfte und diesen als F\u00e4lschung erkannte, fl\u00fcchtete die T\u00e4terin  in einem PKW mit SLS-Kennzeichen. Die Fahndung nach dem PKW verlief  erfolglos. <\/p>\n\n\n\n<h4 class=\"wp-block-heading\">(Gro\u00dfkarlbach) &#8211; Gr\u00fcnstadter versucht sich einer Kontrolle zu entziehen \/ Alkohol war der Grund<\/h4>\n\n\n\n<p>Am Donnerstag, 25.04.2019 um 00:30 Uhr wurde durch Beamte der  Polizeiinspektion Gr\u00fcnstadt in Gro\u00dfkarlbach, Gerolsheimer  Stra\u00dfe\/Laumersheimer Stra\u00dfe eine Standkontrolle durchgef\u00fchrt. Aus  Richtung Gerolsheim n\u00e4herere sich ein Mercedes, der kontrolliert werden  sollte. Ohne auf die Haltezeichen zu achten, bog der Mercedes nach  rechts in Richtung Laumersheim ab. Eine Besatzung der Kontrollstelle  verfolgte ihn sofort und konnte ihn am Ortseingang Laumersheim stoppen.  Wenngleich der 39-j\u00e4hrige Mann aus Gr\u00fcnstadt angab, die Anhaltezeichen  nicht bemerkt zu haben, wurde den kontrollierenden Beamten schnell klar,  was der tats\u00e4chliche Grund f\u00fcr seinen &#8222;Fluchtversuch&#8220; war. Ein  Alkoholtest ergab eine Atemalkoholkonzentration von 0,83 Promille. Der  Mann muss nun mit einem Bu\u00dfgeld in H\u00f6he von 500 Euro, den entstandenen  Kosten sowie einem Fahrverbot von einem Monat rechnen. Nach Abschluss  der polizeilichen Ma\u00dfnahmen durfte er nach Hause gehen. <\/p>\n\n\n\n<h4 class=\"wp-block-heading\">(Lambsheim) &#8211; Verkehrsunfall mit 1,93 Promille<\/h4>\n\n\n\n<p>Eine 26-j\u00e4hrige Fahrzeugf\u00fchrerin verlor infolge von vermutlich  \u00fcberh\u00f6hter Geschwindigkeit und \u00fcberh\u00f6htem Alkoholgenuss am 25.04.19  gegen 22:30 Uhr die Kontrolle \u00fcber ihr Fahrzeug, als sie den  Bahn\u00fcbergang in der Hauptstra\u00dfe in Lambsheim befuhr. Aufgrund der  anschlie\u00dfenden Kollision mit einem Betonpfeiler \u00fcberschlug sich das  Fahrzeug und blieb auf dem Dach liegen. Gl\u00fccklicherweise kam die  Fahrerin mit einem Schock davon, muss sich jetzt aber in einem  Strafverfahren wegen Stra\u00dfenverkehrsgef\u00e4hrdung verantworten, da sie  einen Atemalkoholwert von 1,93 Promille vorwies. Der F\u00fchrerschein wurde  sichergestellt. Am Fahrzeug, einem Citroen C1, entstand Totalschaden von  mindestens 7000 Euro. <\/p>\n\n\n\n<h4 class=\"wp-block-heading\">(Frankenthal) &#8211; Betrunkene Fahrzeugf\u00fchrerin aus dem Verkehr gezogen<\/h4>\n\n\n\n<p>Im Rahmen einer Verkehrskontrolle am 26.04.19 gegen 01:00 Uhr fiel den  eingesetzen Beamten bei der 20-j\u00e4hrigen Fahrerin eines Suzuki deutlicher  Alkoholgeruch auf. Eine anschlie\u00dfenden Atemalkoholmessung ergab einen  Wert von 1,83 Promille. Die Fahrzeugschl\u00fcssel und der F\u00fchrerschein  wurden daher sichergestellt und ein Strafverfahren wegen Trunkenheit im  Verkehr er\u00f6ffnet. <\/p>\n\n\n\n<h4 class=\"wp-block-heading\">(Frankenthal) &#8211; Sturmsch\u00e4den<\/h4>\n\n\n\n<p>Am 24.04.2019 kommt es zwischen 18:00 Uhr und 20:00 Uhr, aufgrund  starker Sturmb\u00f6en, zu mehreren polizeilichen Eins\u00e4tzen. Im Bereich der  Unterf\u00fchrung Eisenbahnstra\u00dfe, He\u00dfheimer Stra\u00dfe, werden M\u00fcllbeutel auf  die Fahrbahn geweht und es kommt vereinzelt zu Verkehrsbehinderungen. Im  Bereich des Neumayerring in Frankenthal wird ein Rollcontainer mit  M\u00fclls\u00e4cken, durch den Wind, auf ein parkendes Auto geschoben und  besch\u00e4digt dieses. <\/p>\n\n\n\n<p>Auf der L524 in Frankenthal Eppstein gelangt \nFolie von angrenzenden \u00c4ckern auf die Fahrbahn und muss durch die \nPolizei beseitigt werden. <\/p>\n\n\n\n<p>Des Weiteren werden zahlreiche \nWerbeplakate und Baustellenbegrenzungen umgeweht und m\u00fcssen \nbeiseitegelegt bzw., gesichert werden. <\/p>\n\n\n\n<p>Insgesamt kommt es trotz der zum Teil starken Sturmb\u00f6en, gl\u00fccklicherweise, nur zu geringen Sachsch\u00e4den. <\/p>\n\n\n\n<h4 class=\"wp-block-heading\">(Frankenthal) &#8211; Verkehrsunfallflucht<\/h4>\n\n\n\n<p>In dem Zeitraum vom 25.04.2019,  zwischen 18:00 Uhr und 19:30 Uhr,  besch\u00e4digt ein derzeit unbekannter Verkehrsteilnehmer einen schwarzen  Audi A3, der in der Nordendstra\u00dfe, auf H\u00f6he einer Pizzeria geparkt hatte  und entfernt sich hiernach unerlaubt von der Unfallstelle. Der  entstandene Sachschaden befindet sich auf der linken Fahrzeugseite und  betr\u00e4gt ca. 800,- EUR. Die Polizei sucht Zeugen des Unfalles. <\/p>\n\n\n\n<h4 class=\"wp-block-heading\">(Frankenthal) &#8211; Wechseltrickbetrug in Bekleidungsgesch\u00e4ft<\/h4>\n\n\n\n<p>Am Nachmittag des 24.04.19 kam es gegen 16:15 Uhr zu einem sog.  Wechseltrickbetrug in einem Bekleidungsgesch\u00e4ft in der Wormser Stra\u00dfe.  Eine weibliche Person, Mitte 20, betrat das Gesch\u00e4ft und kaufte Ware mit  einem geringen Warenwert und bat um das Wechseln eines  F\u00fcnfzig-Euro-Scheines. Durch geschickte, manipulative Gespr\u00e4chsf\u00fchrung  gelang es ihr das Wechselgeld und den F\u00fcnfzig-Euro-Schein der  Verk\u00e4uferin zu entwenden. Die Polizei r\u00e4t beim Wechseln von Geld immer  zu besonderer Vorsicht. <\/p>\n\n\n\n<h4 class=\"wp-block-heading\">(Ludwigshafen) &#8211; Falscher Polizeibeamter klingelt bei 63-J\u00e4hrigem<\/h4>\n\n\n\n<p>Eine 63-J\u00e4hriger teilte mit, dass am 25.04.2019, gegen 12:00 Uhr, ein  falscher Polizeibeamter bei ihm geklingelt habe. Dieser habe behauptet,  dass in der N\u00e4he der Rucksack eines Einbrechers gefunden wurde. Er wolle  sich deswegen erkundigen, wie es um das \u00dcberwachungssystem des  63-J\u00e4hrigen bestellt sei. Nachdem er eine Antwort erhielt, habe sich der  falsche Polizeibeamte bedankt und sei gegangen. <\/p>\n\n\n\n<p>Der 63-J\u00e4hrige kann den falschen Polizeibeamten wie folgt beschreiben: Etwa 1,80 m gro\u00df, sehr schlank mit dunklen Haaren. <\/p>\n\n\n\n<h4 class=\"wp-block-heading\">(Ludwigshafen) &#8211; Spielautomaten aufgebrochen<\/h4>\n\n\n\n<p>In der Nacht auf Donnerstag, 25.04.2019 zwischen 00:30 Uhr und 08:30  Uhr, verschafften sich bislang unbekannte T\u00e4ter, Zutritt zu einem Caf\u00e9  in der Bismarckstra\u00dfe. Sie hebelten mehrere Spielautomaten auf und  entwendete Bargeld in bislang unbekannter H\u00f6he. <\/p>\n\n\n\n<p>Sachdienliche Hinweise nimmt die Kriminalpolizei Ludwigshafen unter der Telefonnummer 0621\/963-2773 oder per Email <a href=\"mailto:kiludwigshafen@polizei.rlp.de\">kiludwigshafen@polizei.rlp.de<\/a> entgegen. <\/p>\n\n\n\n<h4 class=\"wp-block-heading\">(Ludwigshafen) &#8211; Supermarkt \u00fcberfallen<\/h4>\n\n\n\n<div class=\"wp-block-image\"><figure class=\"aligncenter\"><img decoding=\"async\" src=\"https:\/\/speyer24news.com\/wp-content\/uploads\/2019\/04\/Zeugen-gesucht-1.jpg\" alt=\"\" class=\"wp-image-12668\"\/><\/figure><\/div>\n\n\n\n<p>Am Abend des 24.04.2019, gegen 19:50 Uhr, betrat ein maskierter T\u00e4ter  einen Supermarkt in der Silgestra\u00dfe und forderte zwei Mitarbeiterinnen,  unter Vorhalt einer Schusswaffe auf, ihm Bargeld zu geben. Nachdem der  Unbekannte das Geld erhielt, verlie\u00df er das Gesch\u00e4ft. <\/p>\n\n\n\n<p>Der m\u00e4nnliche T\u00e4ter konnte wie folgt beschrieben werden: <\/p>\n\n\n\n<ul><li>Etwa 40 Jahre alt<\/li><li>1,80-1,90 m gro\u00df<\/li><li>dunkle Augen<\/li><li>heller Teint<\/li><\/ul>\n\n\n\n<p>Die H\u00f6he der Beute ist bislang nicht bekannt. Die kriminalpolizeilichen Ermittlungen dauern an. <\/p>\n\n\n\n<p>Sachdienliche Hinweise nimmt die Kriminalpolizei Ludwigshafen unter der Telefonnummer 0621\/963-2773 oder per Email <a href=\"mailto:kiludwigshafen@polizei.rlp.de\">kiludwigshafen@polizei.rlp.de<\/a> entgegen. <\/p>\n\n\n\n<h4 class=\"wp-block-heading\">(Ludwigshafen) &#8211; BMW gestohlen<\/h4>\n\n\n\n<p>Am Mittwoch, 24.04.2019, gegen 12 Uhr wurde in der Kurze Stra\u00dfe ein BMW  vom Parkplatz einer B\u00e4ckerei gestohlen. Der 45-J\u00e4hrige Besitzer hatte  sein Auto dort abgestellt und es abgeschlossen. Als er wenige Minuten  sp\u00e4ter zum Parkplatz zur\u00fcckkehrte, war es verschwunden. <\/p>\n\n\n\n<p>Sachdienliche Hinweise nimmt die Kriminalpolizei Ludwigshafen unter der Telefonnummer 0621\/963-2773 oder per Email <a href=\"mailto:kiludwigshafen@polizei.rlp.de\">kiludwigshafen@polizei.rlp.de<\/a> entgegen. <\/p>\n\n\n\n<h4 class=\"wp-block-heading\">(Ludwigshafen) &#8211; Versuchter Einbruch<\/h4>\n\n\n\n<p>Unbekannte versuchten in der Nacht von Dienstag (23.04.2019) auf  Donnerstag (24.04.2019) in ein Mehrfamilienhaus einzubrechen, indem sie  die Eingangst\u00fcr zum Anwesen versuchten aufzubrechen. Das Vorhaben  misslang, sodass lediglich geringer Sachschaden in H\u00f6he von 100 Euro  entstand. Die Polizei bittet um Zeugenhinweise: Polizeiinspektion  Ludwigshafen 1, Telefonnummer 0621 963-2122 oder E-Mail <a href=\"mailto:piludwigshafen1@polizei.rlp.de\">piludwigshafen1@polizei.rlp.de<\/a>. <\/p>\n\n\n\n<h4 class=\"wp-block-heading\">(Ludwigshafen) &#8211; Sachbesch\u00e4digung an Pfarramt<\/h4>\n\n\n\n<p>Zwischen dem 21.04.2019 und dem 23.04.2019 besch\u00e4digten Unbekannte  insgesamt 20 Scheibenelemente eines Pfarrheims in der  Georg-Herwegh-Stra\u00dfe. Die T\u00e4ter hatten Steine auf die Fenster  geworfen und dadurch Besch\u00e4digungen in Form typischer Steinschl\u00e4ge  verursacht. Insgesamt entstand ein Sachschaden in H\u00f6he von etwa 5000  Euro. <\/p>\n\n\n\n<p>Sachdienliche Hinweise bitte an die Polizeiinspektion Ludwigshafen 1,\nTelefonnummer 0621 963-2122 oder per E-Mail \n<a href=\"mailto:piludwigshafen1@polizei.rlp.de\">piludwigshafen1@polizei.rlp.de<\/a>. <\/p>\n\n\n\n<h4 class=\"wp-block-heading\">(Rheinpfalz) &#8211; Geschwindigkeitskontrollen f\u00fcr den Monat Mai 2019<\/h4>\n\n\n\n<div class=\"wp-block-image\"><figure class=\"aligncenter\"><img decoding=\"async\" src=\"https:\/\/speyer24news.com\/wp-content\/uploads\/2019\/04\/Blitzer-RLP-1.jpg\" alt=\"\" class=\"wp-image-12674\"\/><\/figure><\/div>\n\n\n\n<p>Im Bereich der Polizeidirektion <strong>Ludwigshafen<\/strong> finden wie folgt  Kontrollen statt: <\/p>\n\n\n\n<ul><li>Freitag 03.05.2019 im Bereich Speyer<\/li><li>Donnerstag  09.05.2019 im Bereich Bobenheim-Roxheim<\/li><li>Mittwoch 15.05.2019 im Bereich Ludwigshafen<\/li><li>Dienstag 21.05.2019 im Bereich Frankenthal<\/li><\/ul>\n\n\n\n<p>Im Bereich der Polizeidirektion <strong>Landau<\/strong> finden wie folgt Kontrollen statt: <\/p>\n\n\n\n<ul><li>Montag 13.05.2019 im Bereich Landau-Godramstein<\/li><li>Dienstag 14.05.2019 im Bereich Albersweiler<\/li><li>Dienstag 21.05.2019 im Bereich Kandel<\/li><li>Freitag 24.05.2019 im Bereich Roschbach<\/li><\/ul>\n\n\n\n<p>Im Bereich der Polizeidirektion <strong>Neustadt <\/strong>finden wie folgt Kontrollen statt: <\/p>\n\n\n\n<ul><li>Mittwoch 08.05.2019 im Bereich Ha\u00dfloch<\/li><li>Donnerstag 16.05.2019 im Bereich Neuleinigen<\/li><li>Mittwoch 22.05.2019 im Bereich Bad D\u00fcrkheim<\/li><li>Dienstag 28.05.2019 im Bereich Neustadt<\/li><\/ul>\n\n\n\n<p>Die Polizei weist ausdr\u00fccklich darauf hin, dass Kontrollen auch au\u00dferhalb der genannten Zeiten und \u00d6rtlichkeiten stattfinden. <\/p>\n\n\n\n<h4 class=\"wp-block-heading\">(Mannheim) &#8211; Verkehrsunfall mit zwei leicht Verletzten, hoher Sachschaden<\/h4>\n\n\n\n<p>Am Donnerstag gegen 23 Uhr befuhr eine 29-j\u00e4hrige Fahrerin eines Volvos  die Keltenstra\u00dfe und hielt aufgrund Rotlichts an der Einm\u00fcndung zur  Siebenb\u00fcrger Stra\u00dfe an. <\/p>\n\n\n\n<p>Nach derzeitigem Ermittlungsstand \nwechselte die Ampel vom Rotlicht auf &#8222;gelbes Blinklicht&#8220;, so dass eine \nRegelung durch Verkehrsschilder gegeben war. Die 29-J\u00e4hrige nahm irrig \nan, dass sie &#8222;Gr\u00fcn&#8220; hatte und fuhr in die Einm\u00fcndung ein.  Hierbei \nmissachtete sie die Vorfahrt eines aus Richtung Vogelstang kommenden \n55-j\u00e4hrigen Audi-Fahrers. <\/p>\n\n\n\n<p>Beim Zusammensto\u00df verletzten sich die \n29-j\u00e4hrige Volvofahrerin und deren 30-J\u00e4hrige Beifahrerin leicht. Sie \nwurden in einem Krankenhaus \u00e4rztlich behandelt. <\/p>\n\n\n\n<p>Beide Fahrzeuge waren nicht mehr fahrbereit. Es entstand ein Sachschaden von insgesamt 20.000 Euro. <\/p>\n\n\n\n<p>Die Unfallstelle musste von einer Spezialfirma gereinigt werden. <\/p>\n\n\n\n<h4 class=\"wp-block-heading\">(Mannheim) &#8211; Fu\u00dfg\u00e4nger von Auto erfasst \/ Einlieferung ins Krankenhaus<\/h4>\n\n\n\n<p>Schwere Verletzungen zog sich ein 43-j\u00e4hriger Fu\u00dfg\u00e4nger bei einem  Unfall am Donnerstag gegen 17 Uhr zu. Beim Passieren der Kreuzung  Rollb\u00fchlstra\u00dfe\/Auf dem Sand wurde der Mann von dem Peugeot eines  Mannheimers erfasst und zu Boden geschleudert. Nach der Erstversorgung  an der Unfallstelle musste der 43-J\u00e4hrige in ein Krankenhaus  eingeliefert werden. Am Auto entstand geringer Schaden. W\u00e4hrend der  Unfallaufnahme musste ein Fahrstreifen gesperrt werden. Der  Peugeot-Fahrer sieht einer Anzeige entgegen. <\/p>\n\n\n\n<h4 class=\"wp-block-heading\">(Mannheim) &#8211; Beim Abbiegen Radfahrerin \u00fcbersehen, eine Leichtverletzte<\/h4>\n\n\n\n<p>Eine 33-J\u00e4hrige war am Donnerstag gegen 8.10 Uhr mit ihrem VW Golf auf  der Seckenheimer Landstra\u00dfe in Richtung Flughafen unterwegs, als sie in  H\u00f6he der Holbeinstra\u00dfe anhielt um in die Stra\u00dfe abzubiegen. Zu diesem  Zeitpunkt befuhr eine 56-j\u00e4hrige Radfahrerin ebenfalls die Seckenheimer  Landstra\u00dfe vom Flughafen kommend in Richtung Innenstadt. <\/p>\n\n\n\n<p>Nach \nderzeitigem Ermittlungsstand \u00fcbersah die 33-J\u00e4hrige beim Abbiegen die \nentgegenkommende Radfahrerin aufgrund der tiefstehenden Sonne. Die \n56-J\u00e4hrige Radfahrerin konnte nicht mehr ausweichen, stie\u00df mit dem VW \nzusammen und verletzte sich hierbei leicht. <\/p>\n\n\n\n<p>Es entstand ein Sachschaden von mehreren 2.500 Euro. <\/p>\n\n\n\n<h4 class=\"wp-block-heading\">(Mannheim-Innenstadt) &#8211; Video\u00fcberwachung: Erste Kameras in Breiter Stra\u00dfe und am Marktplatz gehen in Betrieb<\/h4>\n\n\n\n<p><strong>Gemeinsame Presseerkl\u00e4rung der Stadt Mannheim und des Polizeipr\u00e4sidiums Mannheim<\/strong> <\/p>\n\n\n\n<p>Nachdem bereits im November die Video\u00fcberwachung in den Bereichen Paradeplatz  und Alter Messplatz gestartet war, gehen in der kommenden Woche nun auch  Kameras in zwei bislang noch ausstehenden Bereichen in Betrieb: Am  Dienstag, 30. April,  werden die Kameras in der s\u00fcdlichen Breiten Stra\u00dfe  und am Marktplatz eingeschaltet. Entsprechende Hinweisschilder sind  bereits aufgeh\u00e4ngt und werden zur Inbetriebnahme enth\u00fcllt. <\/p>\n\n\n\n<p>&#8222;Die \nVideo\u00fcberwachung ist ein wichtiger Bestandteil unseres \nGesamtsicherheitskonzepts, das wir in Mannheim gemeinsam mit der Polizei\n verfolgen. Mit der Inbetriebnahme der zwei weiteren Bereiche f\u00fcr die \nVideo\u00fcberwachung erhoffen wir uns, dass sich hier nicht nur die \nKriminalit\u00e4tszahlen reduzieren, sondern dass sich damit auch das \nSicherheitsempfinden der Passantinnen und Passanten weiter erh\u00f6ht&#8220;, sagt\n Erster B\u00fcrgermeister und Sicherheitsdezernent Christian Specht. <\/p>\n\n\n\n<p>Polizeivizepr\u00e4sident\n Siegfried Kollmar erg\u00e4nzt: &#8222;Als es darum ging, wo eine Video\u00fcberwachung\n  den Sicherheitsbed\u00fcrfnissen der Bev\u00f6lkerung am ehesten gerecht werden \nkann, standen die Breite Stra\u00dfe und der Marktplatz klar auf der Agenda. \nMit dieser Erweiterung kommen wir unserer Zielsetzung ein gutes St\u00fcck \nn\u00e4her.&#8220; <\/p>\n\n\n\n<p>Von drei Standorten aus wird k\u00fcnftig der Bereich &#8222;Breite \nStra\u00dfe S\u00fcd&#8220;, also zwischen Paradeplatz und Marktplatz, \u00fcberwacht. Drei \nweitere Kamerastandorte werden den Marktplatz selbst abdecken. Die \nKameras in der &#8222;Breiten Stra\u00dfe S\u00fcd&#8220; werden gleichzeitig mit der \nInbetriebnahme unmittelbar mit der sogenannten &#8222;intelligenten \nVideo\u00fcberwachung&#8220; verkn\u00fcpft. Mit dieser Erweiterung sind dann am \nHauptbahnhof, Alten Messplatz, Paradeplatz, Marktplatz sowie der Breiten\n Stra\u00dfe S\u00fcd die Kameras in Betrieb. An diesen Standorten verf\u00fcgen 20 \nKameras \u00fcber eine algorithmenbasierte Bildauswertung. Am Marktplatz wird\n diese Technik voraussichtlich im August angebunden. <\/p>\n\n\n\n<p>Bis Ende \nJuni soll auch im Bereich &#8222;Breite Stra\u00dfe Nord&#8220;, also zwischen Marktplatz\n und Neckartor, die Video\u00fcberwachung starten. Nach der zun\u00e4chst \nkonventionellen Inbetriebnahme wird die &#8222;intelligente Video\u00fcberwachung&#8220; \nhier im vierten Quartal zum Einsatz kommen. Ob in einem weiteren Schritt\n auch am Plankenkopf eine Video\u00fcberwachung erfolgt, soll Ende des Jahres\n nach Auswertung der aktuellen Kriminalit\u00e4tslage in diesem Bereich \nentschieden werden. <\/p>\n\n\n\n<h4 class=\"wp-block-heading\">(Mannheim-Oststadt) &#8211; Einbruch in R\u00e4umlichkeiten eines Hockeyclubs \/ Zeugen gesucht!<\/h4>\n\n\n\n<p>Brachial eingebrochen wurde in der Zeit von Dienstag, 23 Uhr bis  Mittwoch, 7:15 Uhr, in die R\u00e4umlichkeiten eines Hockeyclubs am  Hans-Reschke-Ufer. Ein oder mehrere bislang unbekannte T\u00e4ter zerst\u00f6rten  gewaltsam das Fenster eines Besprechungsraumes und gelangten \u00fcber dieses  in die R\u00e4umlichkeiten. Im Inneren machten sie sich an f\u00fcnf T\u00fcren zu  schaffen und durchsuchten in dem Geb\u00e4ude s\u00e4mtliche Schr\u00e4nke. Nach  derzeitigem Kenntnisstand stahlen die Unbekannten aus einer Kasse  lediglich einen geringen Bargeldbetrag. Es entstand jedoch erheblicher  Sachschaden, der derzeit noch nicht beziffert werden kann. <\/p>\n\n\n\n<p>Zeugen,  die verd\u00e4chtige Beobachtungen gemacht haben, werden gebeten, sich mit  dem Polizeirevier Mannheim-Oststadt unter Tel.: 0621\/174-3310 in  Verbindung zu setzen. <\/p>\n\n\n\n<h4 class=\"wp-block-heading\">(Mannheim-Neckarstadt) &#8211; Bei Auseinandersetzung mit Messer verletzt. Tatverd\u00e4chtiger festgenommen.<\/h4>\n\n\n\n<p>Am Freitag gegen 01.00 Uhr kam es in einem Lokal in der Mittelstra\u00dfe in der  Mannheimer Neckarstadt zu einer Auseinandersetzung zwischen zwei  M\u00e4nnern. Hierbei erlitt ein Beteiligter eine Stichverletzung am Hals.  Nach not\u00e4rztlicher Versorgung und Einlieferung ins Krankenhaus befindet  sich dieser au\u00dfer Lebensgefahr. Sein Kontrahent wurde festgenommen. Die  Hintergr\u00fcnde der Tat sind noch unklar. Die Kriminalpolizei hat die  weiteren Ermittlungen \u00fcbernommen. <\/p>\n\n\n\n<h4 class=\"wp-block-heading\">(Mannheim-Neckarstadt) &#8211; Trio stiehlt Kleidung aus Altkleidercontainer \/ Wer kann Hinweise geben?<\/h4>\n\n\n\n<p>Bislang unbekannte T\u00e4ter hebelten am Donnerstag, kurz nach Mitternacht,  einen Kleidercontainer in der Dammstra\u00dfe, in H\u00f6he der Draisstra\u00dfe, auf  und entwendeten daraus eine unbestimmte Anzahl an Kleidungsst\u00fccken. Die  Unbekannten wurden bei der Tat von einem Zeugen beobachtet, der  daraufhin die Polizei verst\u00e4ndigte. \u00dcber die T\u00e4ter ist lediglich  bekannt, dass es sich um zwei M\u00e4nner und eine Frau gehandelt haben soll.  Der gesch\u00e4tzte Sachschaden bel\u00e4uft sich auf mehrere hundert Euro. <\/p>\n\n\n\n<p>Weitere\n Zeugen, die sachdienliche Hinweise geben k\u00f6nnen, werden gebeten, sich \nbeim Polizeirevier Mannheim-Neckarstadt unter Tel.: 0621\/3301-0 zu \nmelden. <\/p>\n\n\n\n<h4 class=\"wp-block-heading\">(Mannheim-Neckarstadt) &#8211; Gaskocher f\u00e4ngt Feuer und l\u00f6st K\u00fcchenbrand aus<\/h4>\n\n\n\n<p>Am Mittwochnachmittag, gegen 16 Uhr, wurden Polizei und Feuerwehr zu  einem K\u00fcchenbrand in der Waldhofstra\u00dfe, in H\u00f6he der Unterm\u00fchlaustra\u00dfe,  gerufen. Eine 29-j\u00e4hrige Frau wollte sich in der Wohnung eines Bekannten  Essen zubereiten. Da in der Wohnung zu dem Zeitpunkt kein Strom  verf\u00fcgbar war, nahm sie sich zur Zubereitung einen Camping-Gaskocher zur  Hand. Der Gaskocher, den die Frau auf dem K\u00fcchenboden abstellte, fing  in einem unbeobachteten Moment pl\u00f6tzlich Feuer und griff auf den  Holzboden \u00fcber. Die alarmierte Feuerwehr konnte die lodernde Flamme  jedoch schnell l\u00f6schen, sodass Schlimmeres verhindert werden konnte.  Verletzt wurde gl\u00fccklicherweise niemand. Der Sachschaden am Fu\u00dfboden  schl\u00e4gt jedoch mit ca. 1.000 Euro zu Buche. <\/p>\n\n\n\n<h4 class=\"wp-block-heading\">(Mannheim-Luzenberg) &#8211; Versuchter Einbruch in R\u00e4umlichkeiten einer Griechisch-Orthodoxen Kirchengemeinde \/ hoher Schaden &#8211; Zeugen gesucht!<\/h4>\n\n\n\n<p>Bislang unbekannte T\u00e4ter versuchten in der Zeit von Sonntag, 21.04., 20  Uhr bis Donnertag, 14 Uhr, in den Gemeindesaal einer  Griechisch-Orthodoxen Kirchengemeinde in der Spiegelstra\u00dfe einzubrechen.  Die Unbekannten machten sich gewaltsam an der Eingangst\u00fcr des Saals zu  schaffen. Nach mehreren vergeblichen Hebelversuchen lie\u00dfen sie jedoch  von ihrem Vorhaben ab und fl\u00fcchteten. Die T\u00fcr wurde so massiv  besch\u00e4digt, dass der Sachschaden mit ca. 6.000 Euro zu Buche schl\u00e4gt. <\/p>\n\n\n\n<p>Bereits\n in der Nacht von Donnerstag, 18.04., auf Freitag, 19.04., versuchten \nbislang Unbekannte \u00fcber die Eingangst\u00fcr in den Gemeindesaal zu gelangen.\n Doch auch hier schlug der Einbruchsversuch fehl. <\/p>\n\n\n\n<p>Zeugen, die  verd\u00e4chtige Wahrnehmungen gemacht haben, werden gebeten, sich mit dem  Polizeirevier Mannheim-Neckarstadt unter Tel.: 0621\/3301-0 in Verbindung  zu setzen. <\/p>\n\n\n\n<h4 class=\"wp-block-heading\">(Mannheim-Friedrichsfeld) &#8211; Zwei Autos nach Kollision im Kreuzungsbereich nicht mehr fahrbereit<\/h4>\n\n\n\n<p>Am Donnerstag, gegen 10:45 Uhr, kam es an der Kreuzung Stra\u00dfburger  Ring\/Fred-Joachim-Schoeps-Stra\u00dfe zu einem Verkehrsunfall, bei dem  Sachschaden in H\u00f6he von ca. 10.000 Euro entstand. Eine 55-j\u00e4hrige  Mazda-Fahrerin befuhr den Stra\u00dfburger Ring und missachtete an der  Kreuzung die Vorfahrt eines 61-j\u00e4hrigen VW-Fahrers. Trotz einer sofort  eingeleiteten Vollbremsung konnten die beiden Autofahrer einen  Zusammensto\u00df nicht mehr vermeiden. Verletzt wurde dabei gl\u00fccklicherweise  niemand, die Autos wurden jedoch so stark besch\u00e4digt, dass sie nicht  mehr fahrbereit waren. Sie mussten abgeschleppt werden. Die Fahrbahn  wurde aufgrund auslaufender Betriebsstoffe von einer verst\u00e4ndigten Firma  gereinigt. <\/p>\n\n\n\n<h4 class=\"wp-block-heading\">(Heidelberg) &#8211; Radfahrerin bei Unfall leicht verletzt<\/h4>\n\n\n\n<p>Ein Verkehrsunfall zwischen einem Autos und einem Fahrrad ereignete sich am Donnerstag gegen 19.25 im Steigerweg. <\/p>\n\n\n\n<p>Dort\n fuhr ein 67 Jahre alter Golffahrer und \u00fcbersah nach derzeitigem \nErmittlungsstand beim Abbiegen in die Einm\u00fcndung zur Gaisbergstra\u00dfe eine\n von links auf dem Radweg fahrende 40-J\u00e4hrige. Der VW erfasste die \nRadfahrerin, wobei sie sich leicht verletzte. <\/p>\n\n\n\n<p>Es entstand ein Sachschaden von 1.700 Euro. <\/p>\n\n\n\n<h4 class=\"wp-block-heading\">(Heidelberg) &#8211; Motorradfahrer schwer verletzt<\/h4>\n\n\n\n<p>Schwere Verletzungen erlitt am Donnerstagnachmittag ein 61-J\u00e4hriger bei  einem Verkehrsunfall auf der B 535. Er war um 16.30 Uhr mit seiner BMW  auf dem rechten Fahrstreifen in Richtung Heidelberg unterwegs, als er in  H\u00f6he des Kurpfalzhofes nicht gen\u00fcgend auf den vor ihm stockenden  Verkehr achtete. Er versuchte zwar noch eine Vollbremsung, prallte ab  dennoch auf einen Citroen und \u00fcberschlug sich in der Folge. Der Biker  wurde mit schweren Verletzungen in ein Krankenhaus eingeliefert. Die  41-j\u00e4hrige Pkw-Fahrerin blieb unverletzt. Der Sachschaden an beiden  Fahrzeugen betr\u00e4gt ca. 9.000 Euro.<\/p>\n\n\n\n<h4 class=\"wp-block-heading\">(Heidelberg) &#8211; Verkehrsunfall mit drei leicht Verletzten<\/h4>\n\n\n\n<p>Eine 55-J\u00e4hrige fuhr am Donnerstagmorgen gegen 8.35 Uhr mit ihrem  Toyota von der Bundesstra\u00dfe 535 ab, um \u00fcber die Kreuzung der Speyerer  Stra\u00dfe in Richtung Grasweg zu fahren. Dabei missachtete sie das Rotlicht  der dortigen Ampelanlage. <\/p>\n\n\n\n<p>Die 55-J\u00e4hrige kollidierte mit einer \nauf der Speyerer Stra\u00dfe befindlichen 46-j\u00e4hrigen VW-Fahrerin im \nKreuzungsbereich. Der PKW der Unfallverursacherin wurde daraufhin in den\n Stra\u00dfengraben des Graswegs abgewiesen. Beide Fahrzeugf\u00fchrerinnen sowie \ndie 31-j\u00e4hrige Beifahrerin der 55-J\u00e4hrigen wurden zur \u00e4rztlichen \nVersorgung mit leichten Verletzungen in nahe gelegene Krankenh\u00e4user \neingeliefert. <\/p>\n\n\n\n<p>An den beiden Fahrzeugen entstand ein Sachschaden von insgesamt 11.000 Euro. <\/p>\n\n\n\n<h4 class=\"wp-block-heading\">(Heidelberg) &#8211; VW Touran kontra Mercedes \/ beide Autos nicht mehr fahrbereit<\/h4>\n\n\n\n<p>Im Einm\u00fcndungsbereich Grenzh\u00f6fer Weg\/K 9700 stie\u00dfen am Mittwoch gegen  15 Uhr zwei Fahrzeuge zusammen. Verursacht wurde der Verkehrsunfall  durch eine 39-j\u00e4hrige VW-Fahrerin, die beim Abbiegevorgang infolge  Unachtsamkeit ihre Fahrspur verlassen hatte und mit dem Mercedes  kollidiert war. <\/p>\n\n\n\n<p>Beide Frauen \u00fcberstanden den Unfall zum Gl\u00fcck \nohne Verletzungen. Die Polizei beziffert den Gesamtschaden auf 10.000 \nEuro. Die nicht mehr fahrbereiten Autos transportierten \nAbschleppunternehmen von der Unfallstelle ab. <\/p>\n\n\n\n<p>Die 39-J\u00e4hrige sieht einer Anzeige entgegen.  <\/p>\n\n\n\n<h4 class=\"wp-block-heading\">(Heidelberg-Kirchheim) &#8211; Polizei sucht Besitzer des BMX Kinderrads<\/h4>\n\n\n\n<div class=\"wp-block-image\"><figure class=\"aligncenter\"><img decoding=\"async\" loading=\"lazy\" width=\"800\" height=\"533\" src=\"https:\/\/speyer24news.com\/wp-content\/uploads\/2019\/04\/19.03.19-HD-BMX-Fahrrad.jpg\" alt=\"\" class=\"wp-image-12678\" srcset=\"https:\/\/speyer24news.com\/wp-content\/uploads\/2019\/04\/19.03.19-HD-BMX-Fahrrad.jpg 800w, https:\/\/speyer24news.com\/wp-content\/uploads\/2019\/04\/19.03.19-HD-BMX-Fahrrad-300x200.jpg 300w, https:\/\/speyer24news.com\/wp-content\/uploads\/2019\/04\/19.03.19-HD-BMX-Fahrrad-768x512.jpg 768w\" sizes=\"(max-width: 800px) 100vw, 800px\" \/><\/figure><\/div>\n\n\n\n<p>Ein 21-j\u00e4hriger Tatverd\u00e4chtiger versuchte am 19.03.2019 gegen 02.45 Uhr  gemeinsam mit einem bislang noch unbekannten zweiten T\u00e4ter einen  Motorroller im Erlenweg zu entwenden. Der Besitzer des Rollers  \u00fcberraschte die beiden T\u00e4ter vor der Haust\u00fcr. Diese fl\u00fcchteten von der  \u00d6rtlichkeit. Im Rahmen einer eingeleiteten Fahndung wurde ein  21-j\u00e4hriger Tatverd\u00e4chtiger vorl\u00e4ufig festgenommen. <\/p>\n\n\n\n<p>Der Tatverd\u00e4chtige wurde nach Abschluss der polizeilichen Ma\u00dfnahmen wieder auf freien Fu\u00df gesetzt. <\/p>\n\n\n\n<p>Beim\n Versuch den Motoroller zu entwenden, haben die beiden T\u00e4ter vermutlich \nein BMX Kinderrad der Marke Avigo, Typ Pro 18 FS, 18 Zoll, Farbe Gr\u00fcn \n(siehe Lichtbild) am Tatort hinterlassen. Dieses konnte bisher keinem \nBesitzer zugeordnet werden. <\/p>\n\n\n\n<p>Personen, die Hinweise zum Besitzer  des Fahrrads geben k\u00f6nnen, werden gebeten, sich beim Polizeirevier  Heidelberg-S\u00fcd unter Tel.: 06221\/3418-0 zu melden. <\/p>\n\n\n\n<h4 class=\"wp-block-heading\">(Heidelberg-Handschuhsheim) &#8211; Trickbetr\u00fcger bestehlen zwei Seniorinnen \/ Polizei bittet um Hinweise!<\/h4>\n\n\n\n<p>Am Donnerstag wurde eine 75-j\u00e4hrige Seniorin Opfer von bislang unbekannten m\u00e4nnlichen Trickt\u00e4tern. <\/p>\n\n\n\n<p>Gegen\n 20 Uhr klingelten zwei M\u00e4nner an der Wohnung der 75-J\u00e4hrigen am \nHans-Thoma-Platz und gaben sich als Handwerker aus, welche die \nAnschl\u00fcsse des Fernsehers \u00fcberpr\u00fcfen m\u00fcssten. Die Bewohnerin lie\u00df die \nbeiden M\u00e4nner hinein und wurde aufgefordert verschiedene Schubladen in \nden R\u00e4umen zu \u00f6ffnen. Hierbei lie\u00dfen sich die M\u00e4nner Schmuck und eine \nSchatulle vorzeigen. Nach ausgiebigem Mustern, wiesen sie die 75-J\u00e4hrige\n an das Fenster im Wohnzimmer zu \u00f6ffnen. Als diese zur\u00fcckkam, hatten die\n T\u00e4ter die Wohnung mitsamt der Schatulle und einem Geldbeutel bereits \nverlassen. Insgesamt wurden \u00fcber 30.000 Euro und ein B\u00fcndel an \nDollarscheinen in unbekannter H\u00f6he entwendet. <\/p>\n\n\n\n<p>Die T\u00e4ter konnten wie folgt beschrieben werden: <\/p>\n\n\n\n<p>T\u00e4ter 1: circa 165 cm gro\u00df, dickliches Gesicht, kurze schwarze Haare, dunkler Anzug <\/p>\n\n\n\n<p>T\u00e4ter 2: circa 180 cm gro\u00df, blonde, kurze Haare, dunkelblaues Hemd <\/p>\n\n\n\n<p>Zu\n einem \u00e4hnlichen Vorfall kam es ebenfalls am Donnerstag gegen 13.30 Uhr \nin der nahegelegenen Bergstra\u00dfe. Zwei unbekannte m\u00e4nnliche T\u00e4ter \nl\u00e4uteten an der T\u00fcr einer  88-J\u00e4hrigen und gaben sich als Mitarbeiter \neines Kabelnetzbetreibers aus, welche technische Einstellungen an dem \nFernseher durchf\u00fchren m\u00fcssten. <\/p>\n\n\n\n<p>In der Wohnung lie\u00dfen sie die \n88-J\u00e4hrige jeden Sender einzeln aufrufen, w\u00e4hrend sich ein T\u00e4ter im \noberen Stockwerk nach Wertgegenst\u00e4nden umsah. Auch hier forderten die \nM\u00e4nner die Bewohnerin auf Schubladen zu \u00f6ffnen. Nachdem die 88-J\u00e4hrige \ndie beiden M\u00e4nner nach einem Ausweis der Telekom ansprach, verlie\u00dfen \ndiese die Wohnung. Die T\u00e4ter entwendeten den Inhalt eines K\u00e4stchens \nsowie Bargeld und Schmuck. Die Summe des Diebstahlschadens bel\u00e4uft sich \nauf mehrere tausend Euro. <\/p>\n\n\n\n<p>Die T\u00e4ter wurden wie folgt beschrieben: <\/p>\n\n\n\n<ul><li>T\u00e4ter  1: circa 30 Jahre alt, mollige Statur, Pony-Frisur, kariertes Hemd,  dunkle Hose, mitteleurop\u00e4isches Aussehen, deutsche Sprache <\/li><li>T\u00e4ter 2: circa 30 Jahre, Blazer, mitteleurop\u00e4isches Aussehen, akzentfreie deutsche Sprache <\/li><\/ul>\n\n\n\n<p>Ob\n es sich bei den Trickdieben um ein und dasselbe Duo handelte, ist u.a. \nGegenstand der Ermittlungen des Polizeireviers Heidelberg-Nord. <\/p>\n\n\n\n<p>Personen,  die hierzu verd\u00e4chtige Wahrnehmungen gemacht haben, werden gebeten,  sich beim Polizeirevier Heidelberg-Nord unter Tel.: 06221\/4569-0 zu  melden. <\/p>\n\n\n\n<h4 class=\"wp-block-heading\">(Ilvesheim \/ Rhein-Neckar-Kreis) &#8211; Schwerer Unfall mit drei Fahrzeugen<\/h4>\n\n\n\n<p>Am Freitagvormittag kam es auf der Kreisstra\u00dfe 9751 zu einem schweren  Verkehrsunfall bei dem zwei Personen verletzt wurden. Es entstand ein  Sachschaden von mehr als 10.000 EUR. Einem 57-j\u00e4hrigen Daimler-Fahrer  kam um kurz nach 9 Uhr auf der Siebenb\u00fcrger Stra\u00dfe ein Rettungswagen  entgegen, der mit eingeschalteten Blaulicht und Martinshorn auf dem Weg  zu einem Einsatz fuhr. Der Daimler-Fahrer fuhr an den rechten  Fahrbahnrand, um eine rasche Vorbeifahrt zu gew\u00e4hren. Eine hinter ihm  fahrende 53-J\u00e4hrige fuhr mit ihrem Ford ebenfalls rechts an. Ein  wiederum dahinter fahrender 47-J\u00e4hriger erkannte die Situation zu sp\u00e4t  und fuhr mit seinem Pkw auf den Ford auf. Der wurde auf den Daimler  aufgeschoben. Der Unfallverursacher, sowie die 53-J\u00e4hrige wurden bei dem  Unfall leicht verletzt. Alle Fahrzeuge mussten abgeschleppt werden. Der  Rettungswagen blieb unbeschadet. W\u00e4hrend der Unfallaufnahme, sowie den  anschlie\u00dfenden Bergungsarbeiten war die Kreisstra\u00dfe bis 11 Uhr gesperrt.  Der Verkehr wurde von mehreren Beamten der Verkehrspolizei geregelt. <\/p>\n\n\n\n<h4 class=\"wp-block-heading\">(Hockenheim \/ Rhein-Neckar-Kreis) &#8211; Psychisch auff\u00e4lliger Mann will sich von Polizei erschie\u00dfen lassen<\/h4>\n\n\n\n<p>Am Mittwoch kurz vor 13.30 Uhr kam es in einem Imbiss zu einem Streit  zwischen zwei 15-J\u00e4hrigen und einem 43-j\u00e4hrigen Mann, in dessen Verlauf  ein Handy eines der 15-J\u00e4hrigen besch\u00e4digt wurde. <\/p>\n\n\n\n<p>Der 43-J\u00e4hrige verlie\u00df den Imbiss und lief in Richtung Stadthalle, weshalb einer der 15-J\u00e4hrigen die Polizei verst\u00e4ndigte. <\/p>\n\n\n\n<p>In\n der Parkstra\u00dfe konnte eine Streife des Polizeireviers Hockenheim den \n43-J\u00e4hrigen feststellen. Als diese den Mann ansprachen, verhielt er sich\n gegen\u00fcber den Beamten sofort aggressiv, zog unvermittelt ein Messer und\n hielt sich dieses dann an seine Kehle. In der Folge forderte er die \nBeamten mehrfach auf ihn zu erschie\u00dfen, betitelte diese als Nazis, \nzeigte den Hitler-Gru\u00df und beleidigte sie fortlaufend. <\/p>\n\n\n\n<p>Die \nBeamten redeten minutenlang deeskalierend und beschwichtigend auf den \n43-J\u00e4hrigen ein. Schlie\u00dflich lie\u00df er sein Messer fallen und brach \nemotional und weinerlich zusammen. <\/p>\n\n\n\n<p>Der Mann wurde daraufhin von \neiner weiteren Streifenwagenbesatzung mit Handschlie\u00dfen auf dem Boden \nliegend gefesselt und in Gewahrsam genommen. Hier beschimpfte der \n43-J\u00e4hrige die eingesetzten Beamten fortlaufend. <\/p>\n\n\n\n<p>Der 43-J\u00e4hrige wurde im Anschluss in eine spezielle Fachklinik gefahren und dort vorgestellt. <\/p>\n\n\n\n<h4 class=\"wp-block-heading\">(Hockenheim \/ Rhein-Neckar-Kreis) &#8211; Einbruch in Vereinsgastst\u00e4tte  Zeugen gesucht<\/h4>\n\n\n\n<p>In der Nacht zum Mittwoch verschafften sich bislang nicht ermittelte T\u00e4ter Zugang zu der Vereinsgastst\u00e4tte im Hofweg. <\/p>\n\n\n\n<p>Eine\n an der Geb\u00e4uder\u00fcckseite gelegene T\u00fcre brachen die Unbekannten auf und \ndurchsuchten den Thekenbereich. Gestohlen wurden bisherigen \nErkenntnissen nach mehrere Wein- und Schnapsflaschen sowie \nvakuumverpacktes Fleisch. Diverse Lebensmittel verteilten die T\u00e4ter auf \ndem Boden und leerten zudem auch Saft im K\u00fchlraum aus. Die H\u00f6he des \nGesamtschadens ist bislang noch nicht bezifferbar. Ebenso unklar ist \nderzeit noch, ob weitere Utensilien aus der Gastst\u00e4tte gestohlen wurden.\n Einbruchszeit d\u00fcrfte die Nacht zum Mittwoch, ca. 1 Uhr bis etwa 10 Uhr \nam Mittwochvormittag gewesen sein. <\/p>\n\n\n\n<p>Die Ermittlungen dauern \naktuell noch an. Zeugen, die in der Nacht verd\u00e4chtige Beobachtungen \ngemacht haben, werden gebeten, sich mit dem Polizeirevier Hockenheim, \nTel.: 06205\/2860-0, in Verbindung zu setzen. <\/p>\n\n\n\n<h4 class=\"wp-block-heading\">(Hockenheim \/ Rhein-Neckar-Kreis) &#8211; Ford Focus gerammt und gefl\u00fcchtet<\/h4>\n\n\n\n<p>Wegen Unfallflucht ermitteln die Beamten des Polizeireviers Hockenheim.  Ein bislang nicht ermittelter Autofahrer besch\u00e4digte vermutlich beim  Vorbeifahren einen ordnungsgem\u00e4\u00df am Fahrbahnrand der Heidelberger Stra\u00dfe  Nr. 29 abgestellten Ford Focus und entfernte sich danach unerlaubt. Die  Gesch\u00e4digte hat nun einen Schaden von 3.500 Euro zu regeln; geparkt  hatte sie ihren Wagen in der Zeit zwischen Dienstag, 16 Uhr und  Mittwochmorgen, kurz nach 7 Uhr. <\/p>\n\n\n\n<p>Zeugen, die evtl. den Vorfall  beobachtet haben und Hinweise zum Verursacher geben k\u00f6nnen, werden  gebeten, sich beim Polizeirevier Hockenheim, Tel.: 06205\/2860-0, zu  melden. <\/p>\n\n\n\n<h4 class=\"wp-block-heading\">(A 6 \/ Hockenheim \/ Rhein-Neckar-Kreis) &#8211; 39-J\u00e4hriger wg. d. dring. Verdachts d.  unerl. Einfuhr von Btm i. n. geringer Menge und Beihilfe zum  Handeltreiben mit Btm i. n. geringer Menge auf Antrag der Sta MA in  U-Haft<\/h4>\n\n\n\n<p><strong>Gemeinsame Pressemitteilung der Staatsanwaltschaft und des Polizeipr\u00e4sidiums Mannheim <\/strong><\/p>\n\n\n\n<p>Auf\n Antrag der Staatsanwaltschaft Mannheim erlie\u00df das Amtsgericht Mannheim \nbereits am 16.04.2019 Haftbefehl gegen einen 39-j\u00e4hrigen Mann mit \nniederl\u00e4ndischer Staatsangeh\u00f6rigkeit. <\/p>\n\n\n\n<p>Nach derzeitigem \nErmittlungsstand f\u00fchrte der 39-J\u00e4hrige am 15.04.2019 als Drogenkurier \nknapp 900g Marihuana und 100g Amphetamin aus den Niederlanden in die \nBundesrepublik Deutschland ein. <\/p>\n\n\n\n<p>Der 39-J\u00e4hrige wurde in seinem \nFahrzeug am 15.04.2019 gegen 12 Uhr an der Tank- und Rastanlage \nHockenheim-West von einer Fahndungsstreife des Verkehrskommissariats \nWalldorf kontrolliert, hierbei wurden die Drogen entdeckt und \nbeschlagnahmt, der 39-J\u00e4hrige vorl\u00e4ufig festgenommen. <\/p>\n\n\n\n<p>Ermittlungen\n ergaben, dass die Drogen in den Stuttgarter Raum transportiert werden \nsollten. Der 39-J\u00e4hrige Drogenabh\u00e4ngige wollte durch den Transport \nSchulden bei seinem Dealer abarbeiten und war sich zudem bewusst, dass \ndieser die Drogen gewinnbringend ver\u00e4u\u00dfern wollte. <\/p>\n\n\n\n<p>Auf Antrag der\n Staatsanwaltschaft Mannheim wurde der Beschuldigte am 16.04.2019 dem \nErmittlungsrichter des Amtsgerichts Mannheim vorgef\u00fchrt. Dieser erlie\u00df \ngegen die Beschuldigten Haftbefehl. Er wurde danach in eine \nJustizvollzuganstalt eingeliefert. <\/p>\n\n\n\n<p>Die Ermittlungen der Staatsanwaltschaft Mannheim und der Kriminaldirektion Heidelberg dauern an. <\/p>\n\n\n\n<h4 class=\"wp-block-heading\">(Nu\u00dfloch \/ Rhein-Neckar-Kreis) &#8211; Autoscheibe eingeschlagen \/ Zeugen gesucht!<\/h4>\n\n\n\n<p>Ein bislang unbekannter T\u00e4ter schlug zwischen Dienstag 23 Uhr und  Mittwoch 9.30 Uhr die Heckscheibe eines VW Jetta ein. Dieser war auf  einem Stellplatz in der Stra\u00dfe &#8222;Neue Heimat&#8220; geparkt. Gestohlen wurde  nichts, die Polizei ermittelt derzeit wegen Sachbesch\u00e4digung. <\/p>\n\n\n\n<p>Personen,\n die hierzu verd\u00e4chtige Wahrnehmungen gemacht haben, werden gebeten, \nsich beim Polizeirevier Wiesloch unter Tel.06222\/5709-0 zu melden. <\/p>\n\n\n\n<h4 class=\"wp-block-heading\">(Wiesloch \/ Rhein-Neckar-Kreis) &#8211; Tablet aus Lkw gestohlen<\/h4>\n\n\n\n<p>Das Firmentablet, welches sich in dem Lkw auf einem Gel\u00e4nde in der  Stra\u00dfe &#8222;Gro\u00dfer Stadtacker&#8220; befand, stahl in der Nacht zum Freitag kurz  vor 3 Uhr ein bislang unbekannter T\u00e4ter. W\u00e4hrend das Fahrzeug beladen  wurde, n\u00e4herte sich offenbar ein Unbekannter und entnahm aus dem  Innenraum das Tablet im Wert von mehreren hundert Euro. <\/p>\n\n\n\n<p>Ein Zeuge\n hatte kurz vor 3 Uhr einen ca. 30 &#8211; 40 Jahre alten und 185 cm gro\u00dfen \nMann wahrgenommen, der sich auf dem Gel\u00e4nde aufgehalten hatte und dann \nurpl\u00f6tzlich in Richtung Bahnhof davonrannte. Der Unbekannte war von \nschlanker Statur, trug eine blaue Basecap sowie einen grauen Pullover. <\/p>\n\n\n\n<p>Zeugen,  denen evtl. die beschriebene Person aufgefallen ist, werden gebeten,  sich mit dem Polizeirevier Wiesloch, Tel.: 06222\/57090, in Verbindung zu  setzen. <\/p>\n\n\n\n<h4 class=\"wp-block-heading\">(Wiesloch \/ Rhein-Neckar-Kreis) &#8211; Fu\u00dfg\u00e4ngerin auf Zebrastreifen angefahren und abgehauen, Unfallverursacherin und Zeugen gesucht!<\/h4>\n\n\n\n<p>Am Donnerstag kurz nach 18 Uhr befuhr eine bislang unbekannte Fahrerin  eines dunkelroten Kleinwagens die Gerbersruhstra\u00dfe aus Richtung  Schlossstra\u00dfe kommend. <\/p>\n\n\n\n<p>In H\u00f6he der Einm\u00fcndung Gerbersruhstra\u00dfe\/ \nHeidelberger Stra\u00dfe \u00fcberquerte eine 24-j\u00e4hrige Fu\u00dfg\u00e4ngerin die \nGerbersruhstra\u00dfe auf dem Zebrastreifen und befand sich etwa mittig auf \nder Stra\u00dfe. <\/p>\n\n\n\n<p>Nach derzeitigem Ermittlungsstand \u00fcberfuhr die \nunbekannte Fahrzeugf\u00fchrerin ohne ihre Fahrt zu verlangsamen den \nZebrastreifen und erfasste die Fu\u00dfg\u00e4ngerin, die durch Wegdrehen ein \nFrontalzusammensto\u00df mit dem Kleinwagen verhindern konnte, mit dem linken\n Au\u00dfenspiegel. Die Fu\u00dfg\u00e4ngerin brach sich hierbei die Hand und erlitt \ndiverse Prellungen. <\/p>\n\n\n\n<p>Die Unfallverursacherin hielt nach dem \nVorfall kurz an, sagte aus dem Fahrerfenster heraus, dass sie die \nFu\u00dfg\u00e4ngerin gar nicht gesehen habe, entschuldigte sich und setzte im \nAnschluss ihre Fahrt fort. <\/p>\n\n\n\n<p>Die geschockte Fu\u00dfg\u00e4ngerin wurde \naufgrund gr\u00f6\u00dfere werdender Schmerzen am Freitagmorgen bei einem Arzt \nvorstellig, der die genannten Diagnosen stellte. <\/p>\n\n\n\n<p>Die fl\u00fcchtige Fahrzeugf\u00fchrerin wurde wie folgt beschrieben: <\/p>\n\n\n\n<ul><li>ca. Mitte 20 Jahre alt<\/li><li>mittelblonde gef\u00e4rbte Haare mit Str\u00e4hnchen, zu einem Zopf zusammengebunden<\/li><li>geschminkt<\/li><\/ul>\n\n\n\n<p>Das Polizeirevier Wiesloch hat nun die Ermittlungen wegen einer Verkehrsunfallflucht aufgenommen. <\/p>\n\n\n\n<p>Zeugen\n des Vorfalls oder auch die Unfallverursacherin selbst werden gebeten, \nsich mit dem Polizeirevier in Wiesloch unter 06222 57090 in Verbindung \nzu setzen. <\/p>\n\n\n\n<h4 class=\"wp-block-heading\">(Wiesloch \/ Rhein-Neckar-Kreis) &#8211; Explosion in Mehrfamilienhaus; Ursache noch unklar<\/h4>\n\n\n\n<p style=\"text-align:center\"><strong>Pressemitteilung Nr. 4<\/strong><\/p>\n\n\n\n<p>Die Ursache der verheerenden Explosion in einem Mehrfamilienhaus in der Wieslocher Innenstadt ist nach wie vor unklar. <\/p>\n\n\n\n<p>Der 75-j\u00e4hrige Bewohner liegt nach wie vor in einer Ludwigshafener Klinik und wird dort intensivmedizinisch behandelt. <\/p>\n\n\n\n<p>Die\n Brandexperten sowie die Kriminaltechnik der Kriminalpolizeidirektion \nHeidelberg haben am Mittwochnachmittag die Ermittlungen im Objekt \naufgenommen. <\/p>\n\n\n\n<p>Im Laufe des Donnerstages werden zus\u00e4tzlich Brandermittler des Landeskriminalamts Stuttgart an den Ermittlungen beteiligt. <\/p>\n\n\n\n<p>Eine Propangasflasche wurde vor Ort sichergestellt und soll ebenfalls kriminaltechnisch untersucht werden. <\/p>\n\n\n\n<p>Einen  wichtigen Beitrag zur Kl\u00e4rung der Umst\u00e4nde erhoffen sich die Ermittler  von den Aussagen des 75-j\u00e4hrigen Bewohners. Allerdings ist er derzeit  noch nicht vernehmungsf\u00e4hig. <\/p>\n\n\n\n<h4 class=\"wp-block-heading\">(Wiesloch \/ Rhein-Neckar-Kreis) &#8211; Explosion in Mehrfamilienhaus; Ursache immer noch unklar<\/h4>\n\n\n\n<p style=\"text-align:center\"><strong>Pressemitteilung Nr. 5<\/strong><\/p>\n\n\n\n<p>Die definitive Ursache der verheerenden Explosion in einem  Mehrfamilienhaus in der Wieslocher Innenstadt ist immer noch unklar. <\/p>\n\n\n\n<p>Nach\n dem gegenw\u00e4rtigen Ermittlungsstand nahm das Geschehen seinen Ausgang im\n Bereich eines Gasherdes in Verbindung mit einer Propangasflasche. Ob \nein technischer Defekt oder ein fahrl\u00e4ssiges Verhalten zur Explosion und\n dem daraus resultierenden Brand f\u00fchrte, ist Gegenstand weiterer \nErmittlungen der Brandexperten der kriminalpolizeidirektion Heidelbeg \nund des Landeskriminalamts Baden-W\u00fcrttemberg in Stuttgart. <\/p>\n\n\n\n<p>Indes  befindet sich der 75-j\u00e4hrige Bewohner auf dem Weg der Besserung.  Lebensgefahr besteht nach dem derzeitigen Kenntnisstand nicht mehr. <\/p>\n\n\n\n<h4 class=\"wp-block-heading\">(Rauenberg \/ Rhein-Neckar-Kreis) &#8211; Auto im Kreisverkehr \u00fcbersehen<\/h4>\n\n\n\n<p>Zu einem Zusammensto\u00df zwischen zwei PKW kam es am Mittwoch gegen 21.40  Uhr in der Wieslocher Stra\u00dfe. Eine 60-J\u00e4hrige befuhr mit ihrem  Mitsubishi die Kreisstra\u00dfe 4170 von Dielheim kommend in Richtung der  Bundesautobahn 6. Als diese in den Kreisverkehr zur Wieslocher Stra\u00dfe  einbog, \u00fcbersah sie vermutlich ein bereits im Kreisverkehr befindliches  Auto. Beim Zusammensto\u00df mit dem Golf eines 20-J\u00e4hrigen wurde niemand  verletzt, es entstand jedoch Sachschaden in H\u00f6he von 6.000 Euro. <\/p>\n\n\n\n<h4 class=\"wp-block-heading\">(A 5 \/ Gem. St.Leon-Rot \/ Rhein-Neckar-Kreis) &#8211; \u00dcber 15.000 Euro Schaden bei Unfall auf der A 5<\/h4>\n\n\n\n<p>Verkehrsbedingt musste am Donnerstag kurz nach 15 Uhr ein aus dem  Odenwald stammender Mann seinen Audi auf der A 5\/Gem. St.Leon-Rot  abbremsen. Der nachfolgende BMW-Fahrer erkannte die Situation zu sp\u00e4t  und fuhr auf den Q 3 auf. <\/p>\n\n\n\n<p>Der Fahrer wie auch seine Mitfahrerin \nklagten zwar bei der Unfallaufnahme \u00fcber leichte Verletzungen, \nverzichteten jedoch auf eine medizinische Versorgung. Ihre neuen \nE-Bikes, welche sich auf dem Fahrradtr\u00e4ger befanden und sich durch den \nAufprall gel\u00f6st hatten, fielen auf die Fahrbahn, wurden von dem BMW \n\u00fcberrollt und dadurch total besch\u00e4digt. <\/p>\n\n\n\n<p>Den Gesamtschaden  beziffert die Polizei auf \u00fcber 15.000 Euro. Der linke Fahrstreifen war  zwischen 15.20 und 17.20 Uhr gesperrt. Zu gr\u00f6\u00dferen Behinderungen kam es  allerdings nicht. <\/p>\n\n\n\n<h4 class=\"wp-block-heading\">(Sinsheim \/ Rhein-Neckar-Kreis) &#8211; Polizei sucht Zeugen \/ Gef\u00e4hrdete der Fahrer eines roten Daimler Sprinters Autofahrer ?<\/h4>\n\n\n\n<p>Eine Zeugin setzte am Freitagmorgen kurz vor 8 Uhr die Polizei dar\u00fcber  in Kenntnis, dass der Fahrer eines roten Daimler Sprinters mit wei\u00dfem  K\u00fchlkofferaufbau bei seiner Fahrt auf der B 45 &#8211; von Zuzenhausen in  Richtung Sinsheim &#8211; in extremen Schlangenlinien fahren w\u00fcrde, mehrmals  auf die Gegenfahrbahn kam und dadurch auch den Gegenverkehr gef\u00e4hrdete. <\/p>\n\n\n\n<p>Im\n Rahmen der Fahndung konnte dieses Fahrzeug auf einem Areal im \nFohlenweideweg gesichtet und der Fahrer kontrolliert werden. Die \nPolizeibeamten konfrontierten den 51-j\u00e4hrigen Fahrer mit den \nInformationen der Zeugin. Dieser konnte sich die &#8222;Sache&#8220; \u00fcberhaupt nicht\n erkl\u00e4ren; m\u00f6glicherweise sei der Transporter &#8222;etwas unruhig&#8220; oder die \nWitterungsbedingungen, starker Wind, spielten eine nicht unwesentliche \nRolle. Eine Alkohol\u00fcberpr\u00fcfung bei dem 51-J\u00e4hrigen verlief zudem \nnegativ. <\/p>\n\n\n\n<p>Verkehrsteilnehmer, die evtl. durch die Fahrweise des \nTransporters auf der B 45 am Freitagmorgen gef\u00e4hrdet wurden, werden \ndringend gebeten, sich mit dem Polizeirevier Sinsheim, Tel.: 07261\/6900,\n in Verbindung zu setzen. <\/p>\n\n\n\n<h4 class=\"wp-block-heading\">(A 6 \/ Gem. Sinsheim \/ Rhein-Neckar-Kreis) &#8211; Mit 1,7 Promille Unfall gebaut&#8230;<\/h4>\n\n\n\n<p>Ein aus Stuttgart stammender Mann war in der Nacht zum Freitag kurz vor  3 Uhr auf der A 6 in Richtung Heilbronn unterwegs und \u00fcberholte mit  seinem Audi RS 6 Avant einen Lkw. Bei diesem \u00dcberholvorgang streifte der  38-j\u00e4hrige Autofahrer den Lkw und besch\u00e4digte dabei nicht unerheblich  seinen Audi. <\/p>\n\n\n\n<p>Bei der Unfallaufnahme wehte den Beamten sogleich \neine ordentliche Alkoholfahne entgegen und sie ordneten eine \u00dcberpr\u00fcfung\n an. Nach dem Ergebnis von immerhin 1,7 Promille wurde dem 38-J\u00e4hrigen \nauf der Dienststelle eine Blutprobe entnommen und sein F\u00fchrerschein \nbeschlagnahmt. Bez\u00fcglich des Unfallhergangs gab der 38-J\u00e4hrige an, kurz \n&#8222;eingeschlafen&#8220; zu sein. Er sieht nun einer Anzeige bei der \nStaatsanwaltschaft entgegen. <\/p>\n\n\n\n<h4 class=\"wp-block-heading\">(Sinsheim \/ Rhein-Neckar-Kreis) &#8211; Brand eines Misthaufens \/ Kein gr\u00f6\u00dferer Schaden entstanden<\/h4>\n\n\n\n<p>Der Polizei wurde am Mittwochabend gegen 19 Uhr ein Brand auf einem  Acker am Lochwingergraben am Ortsausgang von Hoffenheim gemeldet. Vor  Ort waren die Freiwilligen Feuerwehren aus Sinsheim, Hoffenheim und  Zuzenhausen, die die Brandstelle bereits unter Kontrolle hatten. Neben  dem Misthaufen befand sich eine bereits gel\u00f6schte Feuerstelle. Durch den  Wind sprangen h\u00f6chstwahrscheinlich Funken \u00fcber und l\u00f6sten das Feuer  aus. Ein gr\u00f6\u00dferer Schaden entstand allerdings nicht. <\/p>\n\n\n\n<h4 class=\"wp-block-heading\">(Lobbach-Waldwimmersbach \/ Rhein-Neckar-Kreis) &#8211; Rollerfahrerin bei Unfall schwer verletzt<\/h4>\n\n\n\n<p>Am Donnerstagnachmittag wurde eine Rollerfahrerin bei einem Unfall nahe  Waldwimmersbach schwer verletzt. Nach ihrer not\u00e4rztlichen Behandlung  vor Ort wurde sie mit einem Rettungswagen in eine Klinik gebracht. Ein  Rettungshubschrauber war im Einsatz. Er hatte den Notarzt zur  Unfallstelle gebracht. <\/p>\n\n\n\n<p>Nach den derzeitigen Erkenntnissen war die\n Frau mit ihrem Zweirad auf der L 595 von Haag in Richtung \nWaldwimmersbach unterwegs, als sie gegen 16 Uhr, kurz vor dem \nOrtseingang Waldwimmersbach, aus bislang unbekannten Gr\u00fcnden, ohne \nFremdeinwirkung st\u00fcrzte. <\/p>\n\n\n\n<p>Die Verkehrskommissariat Heidelberg hat die Unfallermittlungen vor Ort aufgenommen. <\/p>\n\n\n\n<h4 class=\"wp-block-heading\">(Bammental \/ Rhein-Neckar-Kreis) &#8211; Frontalzusammensto\u00df zweier Fahrzeuge, keine Verletzten<\/h4>\n\n\n\n<p>Zu einem Verkehrsunfall zwischen einem LKW und einem PKW kam es am  Donnerstag gegen 08.40 Uhr in der Reilsheimer Stra\u00dfe. Dort umfuhr nach  derzeitigem Ermittlungsstand ein 52-j\u00e4hriger LKW-Fahrer zwei Warnbaken  am rechten Fahrbahnrand und  musste hierf\u00fcr auf die Gegenfahrbahn  ausweichen. Ein entgegenkommender 55-J\u00e4hriger fuhr mit seinem BMW  ebenfalls mittig auf der Fahrbahn und \u00fcbersah den LKW. Die beiden  Fahrzeuge stie\u00dfen frontal zusammen, wobei jedoch niemand verletzt wurde.  <\/p>\n\n\n\n<p>Die Stra\u00dfe musste kurzzeitig f\u00fcr den Verkehr gesperrt werden. Es entstand ein Sachschaden von mehreren tausend Euro. <\/p>\n\n\n\n<h4 class=\"wp-block-heading\">(Ladenburg \/ A 5 \/ Rhein-Neckar-Kreis) &#8211; Verkehrsunfall mit drei beteiligten Fahrzeugen \/ Eine Person leicht verletzt<\/h4>\n\n\n\n<p>Bei einem Verkehrsunfall am Freitagmorgen auf der A 5 bei Ladenburg  wurde eine Person leicht verletzt. Ein 50-j\u00e4hriger Mann war gegen 9.30  Uhr mit seinem Kia auf der A 6 in Richtung Frankfurt unterwegs. Zwischen  den Anschlussstellen Dossenheim und Ladenburg \u00fcbersah er beim Wechsel  vom rechten auf den linken Fahrstreifen \u00fcbersah er eine 23-j\u00e4hrige  VW-Fahrerin, die auf der linken Fahrspur unterwegs war. Hierbei verlor  der 50-J\u00e4hrige die Kontrolle \u00fcber seinen Kia und schleuderte gegen einen  rechts fahrenden VW und anschlie\u00dfend gegen die rechten Leitplanken. Die  23-j\u00e4hrige VW-Fahrerin erlitt leichte Verletzungen, konnte nach  medizinischer Versorgung an der Unfallstelle ihre Fahrt jedoch  fortsetzen. Der Kia war so stark besch\u00e4digt, dass er abgeschleppt werden  musste. Der Sachschaden l\u00e4sst sich noch nicht beziffern. <\/p>\n\n\n\n<p>Beide \nFahrstreifen waren kurzzeitig blockiert, sodass der Verkehr um die \nUnfallstelle geleitet werden musste. Die Unfallaufnahme wurde nach der \nR\u00e4umung der Fahrstreifen auf der Standspur fortgef\u00fchrt. Es ergab sich \nein R\u00fcckstau von bis zu 5 Kilometern L\u00e4nge, der sich jedoch rasch wieder\n aufl\u00f6ste. <\/p>\n","protected":false},"excerpt":{"rendered":"<div class=\"mh-excerpt\"><p>Polizeimeldungen von Donnerstag &amp; Freitag ( 25.04. &#8211; 26.04.2019) (Speyer) &#8211; Fu\u00dfg\u00e4ngerin auf Zebrastreifen \u00fcbersehen Zu sp\u00e4t erkannt hat Donnerstagmorgen ein 54-j\u00e4hriger Citroen Fahrer eine Fu\u00dfg\u00e4ngerin, die in H\u00f6he der Einm\u00fcndung zum Wei\u00dfdornweg den dortigen <a class=\"mh-excerpt-more\" href=\"https:\/\/speyer24news.com\/?p=12667\" title=\"Polizeimeldungen\">[&#8230;]<\/a><\/p>\n<\/div>","protected":false},"author":3,"featured_media":0,"comment_status":"open","ping_status":"open","sticky":false,"template":"","format":"standard","meta":{"_monsterinsights_skip_tracking":false,"_monsterinsights_sitenote_active":false,"_monsterinsights_sitenote_note":"","_monsterinsights_sitenote_category":0,"footnotes":""},"categories":[12],"tags":[61,63,105,53,102,213,55,103,427],"aioseo_notices":[],"amp_enabled":true,"_links":{"self":[{"href":"https:\/\/speyer24news.com\/index.php?rest_route=\/wp\/v2\/posts\/12667"}],"collection":[{"href":"https:\/\/speyer24news.com\/index.php?rest_route=\/wp\/v2\/posts"}],"about":[{"href":"https:\/\/speyer24news.com\/index.php?rest_route=\/wp\/v2\/types\/post"}],"author":[{"embeddable":true,"href":"https:\/\/speyer24news.com\/index.php?rest_route=\/wp\/v2\/users\/3"}],"replies":[{"embeddable":true,"href":"https:\/\/speyer24news.com\/index.php?rest_route=%2Fwp%2Fv2%2Fcomments&post=12667"}],"version-history":[{"count":3,"href":"https:\/\/speyer24news.com\/index.php?rest_route=\/wp\/v2\/posts\/12667\/revisions"}],"predecessor-version":[{"id":12680,"href":"https:\/\/speyer24news.com\/index.php?rest_route=\/wp\/v2\/posts\/12667\/revisions\/12680"}],"wp:attachment":[{"href":"https:\/\/speyer24news.com\/index.php?rest_route=%2Fwp%2Fv2%2Fmedia&parent=12667"}],"wp:term":[{"taxonomy":"category","embeddable":true,"href":"https:\/\/speyer24news.com\/index.php?rest_route=%2Fwp%2Fv2%2Fcategories&post=12667"},{"taxonomy":"post_tag","embeddable":true,"href":"https:\/\/speyer24news.com\/index.php?rest_route=%2Fwp%2Fv2%2Ftags&post=12667"}],"curies":[{"name":"wp","href":"https:\/\/api.w.org\/{rel}","templated":true}]}}