{"id":12947,"date":"2019-05-01T08:22:09","date_gmt":"2019-05-01T07:22:09","guid":{"rendered":"https:\/\/speyer24news.com\/?p=12947"},"modified":"2019-05-01T08:22:11","modified_gmt":"2019-05-01T07:22:11","slug":"technik-museum","status":"publish","type":"post","link":"https:\/\/speyer24news.com\/?p=12947","title":{"rendered":"Technik Museum"},"content":{"rendered":"<style type=\"text\/css\">\r\n\t.ads_top_disp{}\r\n\t.ads_top_corner_disp{ float:left; margin:0px 10px 10px 0px; }\r\n\t.ads_first_p_disp{}\r\n\t.ads_bottom_disp{}\r\n\t<\/style>\n<h2 class=\"wp-block-heading\">Legend\u00e4rer MediaMarkt Truck geht an das Technik Museum Speyer<\/h2>\n\n\n\n<h3 class=\"wp-block-heading\">Last Exit Speyer: Ein St\u00fcckchen Ewigkeit f\u00fcr den MediaMarkt-Truck<\/h3>\n\n\n\n<div class=\"wp-block-image\"><figure class=\"aligncenter\"><img decoding=\"async\" loading=\"lazy\" width=\"800\" height=\"600\" src=\"https:\/\/speyer24news.com\/wp-content\/uploads\/2019\/05\/Colani-Truck-und-BURAN.jpg\" alt=\"\" class=\"wp-image-12953\" srcset=\"https:\/\/speyer24news.com\/wp-content\/uploads\/2019\/05\/Colani-Truck-und-BURAN.jpg 800w, https:\/\/speyer24news.com\/wp-content\/uploads\/2019\/05\/Colani-Truck-und-BURAN-300x225.jpg 300w, https:\/\/speyer24news.com\/wp-content\/uploads\/2019\/05\/Colani-Truck-und-BURAN-768x576.jpg 768w, https:\/\/speyer24news.com\/wp-content\/uploads\/2019\/05\/Colani-Truck-und-BURAN-678x509.jpg 678w, https:\/\/speyer24news.com\/wp-content\/uploads\/2019\/05\/Colani-Truck-und-BURAN-326x245.jpg 326w, https:\/\/speyer24news.com\/wp-content\/uploads\/2019\/05\/Colani-Truck-und-BURAN-80x60.jpg 80w\" sizes=\"(max-width: 800px) 100vw, 800px\" \/><figcaption>Colani MediaMarkt Truck neben dem Buran Shuttle<\/figcaption><\/figure><\/div>\n\n\n\n<p><strong>Ingolstadt \/ Speyer &#8211; <\/strong>Was haben die Kelly Family, ein Space Shuttle und MediaMarkt gemeinsam? Richtig: Das Technik Museum Speyer. Neben Exponaten aus der russischen Raumfahrt, einer Boeing 747 und dem ehemaligen Hausboot der Kelly Family darf dort nun auch der legend\u00e4re MediaMarkt Truck seinen Ruhestand verbringen. Der ultimative Technik-Schwerlaster, der zuletzt als mobile Virtual Reality-Welt unterwegs war, ist nun ein weiteres \u201eMust-See\u201c im Technik Museum. <\/p>\n\n\n\n<p>Rund eine Stunde Autofahrt von Frankfurt am Main entfernt, hat sich das Technik Museum in Speyer einen ausgezeichneten Ruf bei Technikfans in der ganzen Welt erarbeitet. Hier, in der beschaulichen Pfalz, jagt ein Highlight das n\u00e4chste: Da liegt das U-Boot U9 neben einer Boeing 747 und dem original Space Shuttle BURAN. Nur logisch, dass Deutschlands vielleicht einzigartigster Truck nun dort seine letzte Ausfahrt nimmt \u2013 der MediaMarkt Truck, urspr\u00fcnglich konzipiert vom Star-Designer Luigi Colani. Seit 2013 ist die Sattelzugmaschine f\u00fcr MediaMarkt im Einsatz. Zun\u00e4chst als mobile Technik-WG im Rahmen einer gro\u00dfen Werbekampagne des Elektronikh\u00e4ndlers, rollte der Truck anschlie\u00dfend durch die Republik, etwa zur Fu\u00dfball-WM 2014, zum Skispringen mit Eddie the Eagle oder zu zahlreichen Spielen der Fu\u00dfball-Bundesliga. Der Sattelanh\u00e4nger mit Spezialbau wartet mit beeindruckenden Ausma\u00dfen auf: 18,50 m lang, rund 23 Tonnen schwer und mit 380 PS ausgestattet, hat der Truck Deutschlands Autobahnen erbeben lassen. Besonderheit: Der Auflieger verf\u00fcgt \u00fcber eine gro\u00dfe, hydraulisch ausfahrbare Lautsprecherbox, womit er ausgefahren sage und schreibe eine H\u00f6he von sechs Metern erreicht. So viel Technik beeindruckt, selbst Eddie the Eagle. Der vielleicht legend\u00e4rste Skispringer der Welt zeigte sich angetan, als er 2013\/2014 von MediaMarkt und dem Truck bei seinem Show-Wettkampf im Rahmen der Vierschanzentournee begleitet wurde. Aber auch in seinem Inneren war der Truck lange Zeit bis oben vollgepackt mit Technik, denn zuletzt \u2013 seit 2016 \u2013 war er als Virtual Reality-Mobil in Deutschland unterwegs. Vom Racing Seat mit Vibration und Oculus Rift VR-Brillen \u00fcber 55 Zoll-Screens bis hin zu einer eigenen Gaming Area im Truck \u2013 hier wurde jeder Virtual Reality Wunsch erf\u00fcllt.<\/p>\n\n\n\n<p>\u201eWir sind sehr stolz auf den gro\u00dfartigen Einsatz unseres MediaMarkt Trucks in den vergangenen Jahren. Er ist fast 500.000 km quer durch ganz Deutschland gefahren. Nun ist es Zeit f\u00fcr den Ruhestand und dabei h\u00e4tten wir uns keinen besseren Ort als das Technik Museum Speyer w\u00fcnschen k\u00f6nnen\u201c, so G\u00fcnter Grimm, Regionalmanager von MediaMarkt, bei der \u00dcbergabe des Trucks. Michael Stiller, Exponatsverwalter des Technik Museums Speyer, freut sich au\u00dferordentlich auf das neue Highlight-Exponat: \u201eDer MediaMarkt Truck hat mobile Technik-Geschichte geschrieben. Zum einen als Truck selbst, zum anderen, weil er in ganz Deutschland unz\u00e4hlige Menschen f\u00fcr Technik begeistert hat. Wir freuen uns, diesen au\u00dfergew\u00f6hnlichen LKW nun in unserem Museumsfuhrpark ausstellen zu d\u00fcrfen.\u201c<\/p>\n\n\n\n<p><em>Technik Museum Speyer<br>01.05.2019<\/em><\/p>\n\n\n\n<h2 class=\"wp-block-heading\">Weitere Highlights und Erweiterung des Technikfestivals BRAZZELTAG<\/h2>\n\n\n\n<h3 class=\"wp-block-heading\">Legend\u00e4res Rekordfahrzeug Blitzen-Benz und Start einer Transall<\/h3>\n\n\n\n<div class=\"wp-block-image\"><figure class=\"aligncenter\"><img decoding=\"async\" loading=\"lazy\" width=\"800\" height=\"532\" src=\"https:\/\/speyer24news.com\/wp-content\/uploads\/2019\/05\/Blitzen-Benz.jpg\" alt=\"\" class=\"wp-image-12951\" srcset=\"https:\/\/speyer24news.com\/wp-content\/uploads\/2019\/05\/Blitzen-Benz.jpg 800w, https:\/\/speyer24news.com\/wp-content\/uploads\/2019\/05\/Blitzen-Benz-300x200.jpg 300w, https:\/\/speyer24news.com\/wp-content\/uploads\/2019\/05\/Blitzen-Benz-768x511.jpg 768w\" sizes=\"(max-width: 800px) 100vw, 800px\" \/><figcaption> Das Rekordfahrzeug Blitzen-Benz stammt aus dem Jahr 1909 und wurde in Mannheim gebaut.<\/figcaption><\/figure><\/div>\n\n\n\n<p><strong>Speyer &#8211;<\/strong> Nur noch wenige Wochen, dann findet in Speyer wieder das Technikfestival f\u00fcr Benzink\u00f6pfe und Fans von dr\u00f6hnenden und skurrilen Fortbewegungsmitteln statt \u2013 der <strong>BRAZZELTAG<\/strong>. Wer erleben will wie Rock \u2018n Roll auf zwei oder vier R\u00e4dern aussieht, der sollte sich den <strong>11. und 12. Mai 2019<\/strong> im Kalender markieren. Das motorisierte Spektakel des Technik Museum Speyer bietet ein vielf\u00e4ltiges Programm mit Shows, Rund- und Demofahrten, Mitmachaktionen sowie  Info- und H\u00e4ndlerst\u00e4nde rund um Oldtimer, Sportwagen oder historische Flugzeuge.<\/p>\n\n\n\n<p>Mit dem Rekordfahrzeug Blitzen-Benz ist dieses Jahr eine regelrechte Rennwagenlegende zu Gast. Das Fahrzeug stammt aus dem Jahr 1909 und wurde in Mannheim gebaut. Von den sechs gefertigten Exemplaren \u00fcberlebten nur drei, wovon eines als Ausstellungsst\u00fcck in Sinsheim steht.  Nach dreij\u00e4hriger Restaurierung l\u00e4uft der Wagen nun wieder und ist erstmals beim BRAZZELTAG in Aktion zu sehen. Der Blitzen-Benz geh\u00f6rt zu den bekanntesten Renn- und Rekordfahrzeugen aller Zeiten. Mit der regul\u00e4ren Karosserie erreichte der Wagen auf der englischen Rennstrecke von Brooklands bereits eine Spitzengeschwindigkeit, doch damit gab sich Benz nicht zufrieden. Ende 1909 wurde der Wagen mit einer sensationellen Stromlinienkarosserie versehen, die alle aerodynamischen Kenntnisse der damaligen Zeit vereinte. Da nun sogar die Rennstrecke in England f\u00fcr die zu erwartenden Geschwindigkeiten ungeeignet war, entschied man sich das umgebaute Fahrzeug in die USA zu verschiffen. Dort erreichte Barney Oldfield am 17. M\u00e4rz 1910 am Strand von Daytona knapp 212 km\/h. Ein Jahr sp\u00e4ter wurde der Blitzen-Benz in Amerika zum schnellsten Fahrzeug der Welt, denn am 23. April 1911 stellte Bob Burman mit 228,1 km\/h einen neuen Rekord f\u00fcr Landfahrzeuge auf, der bis 1919 ungeschlagen blieb. Somit war das Fahrzeug schneller als jedes Flugzeug und jede Eisenbahn seiner Zeit. Das einzig schnellere von Menschenhand geschaffene Objekt war damals eine Gewehrkugel.<\/p>\n\n\n\n<div class=\"wp-block-image\"><figure class=\"aligncenter\"><img decoding=\"async\" loading=\"lazy\" width=\"800\" height=\"600\" src=\"https:\/\/speyer24news.com\/wp-content\/uploads\/2019\/05\/Peter-Horsch-und-Markus-Willimek-Transall.jpg\" alt=\"\" class=\"wp-image-12952\" srcset=\"https:\/\/speyer24news.com\/wp-content\/uploads\/2019\/05\/Peter-Horsch-und-Markus-Willimek-Transall.jpg 800w, https:\/\/speyer24news.com\/wp-content\/uploads\/2019\/05\/Peter-Horsch-und-Markus-Willimek-Transall-300x225.jpg 300w, https:\/\/speyer24news.com\/wp-content\/uploads\/2019\/05\/Peter-Horsch-und-Markus-Willimek-Transall-768x576.jpg 768w, https:\/\/speyer24news.com\/wp-content\/uploads\/2019\/05\/Peter-Horsch-und-Markus-Willimek-Transall-678x509.jpg 678w, https:\/\/speyer24news.com\/wp-content\/uploads\/2019\/05\/Peter-Horsch-und-Markus-Willimek-Transall-326x245.jpg 326w, https:\/\/speyer24news.com\/wp-content\/uploads\/2019\/05\/Peter-Horsch-und-Markus-Willimek-Transall-80x60.jpg 80w\" sizes=\"(max-width: 800px) 100vw, 800px\" \/><figcaption>Peter Horsch und Markus Willimek vor der Transall C 160<\/figcaption><\/figure><\/div>\n\n\n\n<p>Im Jahr 2011 wurden erstmals Transportflugzeuge der Deutschen Luftwaffe vom Typ Transall C 160 ausgemustert. Die erste Maschine davon landete am 12. April 2011 in Speyer und es war  damals angedacht, dass das Flugzeug zuk\u00fcnftig die Luftflotte der Technik Museen erg\u00e4nzt und als Ausstellungsst\u00fcck das Museumsgel\u00e4nde \u201eversch\u00f6nert\u201c. Jahre sp\u00e4ter hatten Peter Horsch (Flugwerk Mannheim) und Markus Willimek (ehemaliger Bordtechniker) die Idee, dem m\u00e4chtigen Flugzeug wieder Leben einzuhauchen. Gesagt \u2013 getan! \u00dcber mehrere Monate hinweg k\u00fcmmerten sich die beiden Flugzeug-Fans um die \u201eTrall\u201c und es klappte. Das Ergebnis kann man beim BRAZZELTAG sehen, h\u00f6ren und sp\u00fcren. Neben F\u00fchrungen im Flugzeug wird die Maschine auch  gestartet &#8211; ein Erlebnis f\u00fcr alle Sinne und ein Muss f\u00fcr jeden Flugzeug-Fan.<\/p>\n\n\n\n<p>Neu ist in diesem Jahr auch die Einbindung des benachbarten Flugplatzes. Am Samstagnachmittag werden dort Fahrzeuge und Flugzeuge auf der Rollbahn und in der Luft \u201ebrazzeln\u201c und den ersten Veranstaltungstag mit verschiedenen Highlights ausklingen lassen.  Ausf\u00fchrliche Informationen zum Programm, den Eintrittspreisen, Parkm\u00f6glichkeiten oder Fanartikeln gibt es unter <a href=\"http:\/\/www.brazzeltag.de\">www.brazzeltag.de<\/a>.<\/p>\n\n\n\n<p><em>Technik Museum Speyer<br>01.05.2019<\/em><\/p>\n\n\n\n<h2 class=\"wp-block-heading\">\u201eRudi Altig Ged\u00e4chtnis-Tour\u201c im Kraichgau<\/h2>\n\n\n\n<h3 class=\"wp-block-heading\">5. TRETRO\u00a0 rund um das Technik Museum Sinsheim<\/h3>\n\n\n\n<div class=\"wp-block-image\"><figure class=\"aligncenter\"><img decoding=\"async\" loading=\"lazy\" width=\"800\" height=\"486\" src=\"https:\/\/speyer24news.com\/wp-content\/uploads\/2019\/05\/GruppenfotoPromisTRETRO18_hr.jpg\" alt=\"\" class=\"wp-image-12949\" srcset=\"https:\/\/speyer24news.com\/wp-content\/uploads\/2019\/05\/GruppenfotoPromisTRETRO18_hr.jpg 800w, https:\/\/speyer24news.com\/wp-content\/uploads\/2019\/05\/GruppenfotoPromisTRETRO18_hr-300x182.jpg 300w, https:\/\/speyer24news.com\/wp-content\/uploads\/2019\/05\/GruppenfotoPromisTRETRO18_hr-768x467.jpg 768w\" sizes=\"(max-width: 800px) 100vw, 800px\" \/><figcaption>Mannschaftsfoto der Teilnehmer &#8211; 4. TRETRO Rennradtour &#8222;Rudi Altig-Gedaechtnis-Tour&#8220; rund um das Auto &amp; Technik Museum Sinsheim \u00a9 Roth-Foto<\/figcaption><\/figure><\/div>\n\n\n\n<p><strong>Sinsheim &#8211; <\/strong>Am <strong>Sonntag, den 15. September 2019<\/strong> hei\u00dft es wieder \u201eStahl statt  Carbon\u201c:\u00a0 Organisator und Rennradsport-Enthusiast Jockel Faulhaber  erwartet wieder zahlreiche namhafte Radstars, unter ihnen viele  Olympiasieger und Weltmeister, zur 5. TRETRO ins Technik Museum  Sinsheim. Anmeldungen werden noch bis zum 12. August\u00a0 entgegengenommen.<\/p>\n\n\n\n<p>Die  TRETRO bietet die einmalige Gelegenheit f\u00fcr retrobegeisterte  Rennradfahrer mit \u201eLegenden des Radsports\u201c auf Rennr\u00e4dern bis Baujahr  1987 und im zeitgen\u00f6ssischen Outfit eine sch\u00f6ne Runde durch den  Kraichgau zu drehen. Rennr\u00e4der sind nur zugelassen, wenn sie stilistisch  und technisch den R\u00e4dern bis 1987 entsprechen. Grunds\u00e4tzlich stehen bei  der Ausfahrt der Spa\u00df am Bewegen alter Rennr\u00e4der sowie der  Erfahrungsaustausch mit Gleichgesinnten und ehemaligen Radsportlegenden  im Vordergrund. Somit ist die TRETRO kein Rennen, es werden keine Zeiten  gestoppt. Begleitet wird die Tour von ehemaligen und aktiven Radstars,  die auch am Vorabend bei der \u201eLegenden-Party\u201c in den R\u00e4umlichkeiten von  \u201eJockels Rennrad Sammlung\u201c im Technik Museum Sinsheim bereits  kennengelernt werden k\u00f6nnen.<\/p>\n\n\n\n<p>Nach  einer ausf\u00fchrlichen Vorstellung der prominenten Radler durch den  Radsportexperten Hans Kuhn starten die Teilnehmer in Richtung Eppingen.  Die Streckenl\u00e4nge betr\u00e4gt 52 km \u2013 vorbei an pr\u00e4chtigen Weinbergen und  entlang der Elsenz. Alternativ besteht die M\u00f6glichkeit, die Strecke in  verk\u00fcrzter Version von 33 km zu fahren, die auch mit Rennr\u00e4dern ohne  Schaltung gut zu bew\u00e4ltigen ist. Die Tour ist gut ausgeschildert und  wird von Streckenguides und Motorradfahrern, einem F\u00fchrungsfahrzeug mit  Lautsprecheransagen, Servicewagen, Oldtimer-Begleitfahrzeugen sowie  \u00bbBesenwagen\u00ab begleitet.<\/p>\n\n\n\n<div class=\"wp-block-image\"><figure class=\"aligncenter\"><img decoding=\"async\" loading=\"lazy\" width=\"800\" height=\"496\" src=\"https:\/\/speyer24news.com\/wp-content\/uploads\/2019\/05\/tretro_2017_1.jpg\" alt=\"\" class=\"wp-image-12950\" srcset=\"https:\/\/speyer24news.com\/wp-content\/uploads\/2019\/05\/tretro_2017_1.jpg 800w, https:\/\/speyer24news.com\/wp-content\/uploads\/2019\/05\/tretro_2017_1-300x186.jpg 300w, https:\/\/speyer24news.com\/wp-content\/uploads\/2019\/05\/tretro_2017_1-768x476.jpg 768w\" sizes=\"(max-width: 800px) 100vw, 800px\" \/><figcaption>Ausfahrt bei der Tretro 2017<\/figcaption><\/figure><\/div>\n\n\n\n<p>F\u00fcr  die Teilnehmer, aber auch f\u00fcr die Museumsbesucher, die etwas  Radsportluft schnuppern m\u00f6chten, wird am Sonntag ein buntes  Rahmenprogramm geboten. Bei einer Autogrammstunde mit den prominenten  Teilnehmern k\u00f6nnen sich die Fans Signaturen ihrer Radsportstars abholen.  Artistische Einlagen des Ex-Kunstrad-Weltmeisters Jens Schmitt, eine  gro\u00dfe Ausstellung des R.V. OPEL 1888 R\u00fcsselsheim sowie eine Pr\u00e4sentation  der tollen <\/p>\n\n\n\n<p>Radsportfotos  von Rainer Kraus und Hennes Roth stehen ebenfalls auf dem Programm.  Radsportkarikaturen von Thomas Zipfel, Retro-Tanzeinlagen durch die  Tanzschule Stegmeier, und ein bunter Teilemarkt f\u00fcr Retro-Rennr\u00e4der  runden die Veranstaltung ab. F\u00fcr eine z\u00fcnftige Bewirtung sorgt das  Museumsteam. Der Zugang zum Museums-Freigel\u00e4nde, auf dem das  Rahmenprogramm stattfindet, ist kostenlos.<\/p>\n\n\n\n<p>Den  ganzen Tag \u00fcber besteht nat\u00fcrlich die M\u00f6glichkeit, im Rahmen eines  Museumsbesuchs, \u201eJockels Rennrad Sammlung\u201c zu besichtigen. Diese in  Deutschland einzigartige Sammlung umfasst \u00fcber 60 Rennr\u00e4der aller  Epochen sowie Trikots und zahllose andere Exponate, die  Radsportgeschichte geschrieben haben.<\/p>\n\n\n\n<p>Bei  der TRETRO kann jeder Radsportfan mitfahren, der die  Teilnahmebedingungen erf\u00fcllt. Da die Teilnehmerzahl begrenzt ist, wird  um eine rechtzeitige Anmeldung gebeten.<strong><em> Anmeldeschluss sowohl f\u00fcr die  Ausfahrt als auch f\u00fcr die \u201eLegenden-Party\u201c ist der 12. August 2019<\/em><\/strong>.  Infos zu den Teilnahmebedingungen und zur Anmeldung gibt es im Internet  unter <a rel=\"noreferrer noopener\" href=\"https:\/\/deref-web-02.de\/mail\/client\/5eO6P4HkcXc\/dereferrer\/?redirectUrl=http%3A%2F%2Fwww.tretro.de\" target=\"_blank\">www.tretro.de<\/a>  oder beim Initiator der Veranstaltung Joachim Faulhaber (Tel. +49(0)631  &#8211; 370 370 0 \/ Mobil +49(0)173 &#8211; 325 49 59 \/ E-Mail: <a href=\"info@joremu.de\">info@joremu.de<\/a>).<\/p>\n\n\n\n<p><em>Text: Technik Museum Sinsheim Foto: Roth-Foto<br>01.05.2019<\/em><\/p>\n","protected":false},"excerpt":{"rendered":"<div class=\"mh-excerpt\"><p>Legend\u00e4rer MediaMarkt Truck geht an das Technik Museum Speyer Last Exit Speyer: Ein St\u00fcckchen Ewigkeit f\u00fcr den MediaMarkt-Truck Ingolstadt \/ Speyer &#8211; Was haben die Kelly Family, ein Space Shuttle und MediaMarkt gemeinsam? Richtig: Das <a class=\"mh-excerpt-more\" href=\"https:\/\/speyer24news.com\/?p=12947\" title=\"Technik Museum\">[&#8230;]<\/a><\/p>\n<\/div>","protected":false},"author":3,"featured_media":0,"comment_status":"open","ping_status":"open","sticky":false,"template":"","format":"standard","meta":{"_monsterinsights_skip_tracking":false,"_monsterinsights_sitenote_active":false,"_monsterinsights_sitenote_note":"","_monsterinsights_sitenote_category":0,"footnotes":""},"categories":[11],"tags":[997,132,996,995,993,164,992,133,998,994],"aioseo_notices":[],"amp_enabled":true,"_links":{"self":[{"href":"https:\/\/speyer24news.com\/index.php?rest_route=\/wp\/v2\/posts\/12947"}],"collection":[{"href":"https:\/\/speyer24news.com\/index.php?rest_route=\/wp\/v2\/posts"}],"about":[{"href":"https:\/\/speyer24news.com\/index.php?rest_route=\/wp\/v2\/types\/post"}],"author":[{"embeddable":true,"href":"https:\/\/speyer24news.com\/index.php?rest_route=\/wp\/v2\/users\/3"}],"replies":[{"embeddable":true,"href":"https:\/\/speyer24news.com\/index.php?rest_route=%2Fwp%2Fv2%2Fcomments&post=12947"}],"version-history":[{"count":1,"href":"https:\/\/speyer24news.com\/index.php?rest_route=\/wp\/v2\/posts\/12947\/revisions"}],"predecessor-version":[{"id":12954,"href":"https:\/\/speyer24news.com\/index.php?rest_route=\/wp\/v2\/posts\/12947\/revisions\/12954"}],"wp:attachment":[{"href":"https:\/\/speyer24news.com\/index.php?rest_route=%2Fwp%2Fv2%2Fmedia&parent=12947"}],"wp:term":[{"taxonomy":"category","embeddable":true,"href":"https:\/\/speyer24news.com\/index.php?rest_route=%2Fwp%2Fv2%2Fcategories&post=12947"},{"taxonomy":"post_tag","embeddable":true,"href":"https:\/\/speyer24news.com\/index.php?rest_route=%2Fwp%2Fv2%2Ftags&post=12947"}],"curies":[{"name":"wp","href":"https:\/\/api.w.org\/{rel}","templated":true}]}}