{"id":12969,"date":"2019-05-02T08:48:30","date_gmt":"2019-05-02T07:48:30","guid":{"rendered":"https:\/\/speyer24news.com\/?p=12969"},"modified":"2019-05-02T08:49:48","modified_gmt":"2019-05-02T07:49:48","slug":"polizeimeldungen-46","status":"publish","type":"post","link":"https:\/\/speyer24news.com\/?p=12969","title":{"rendered":"Polizeimeldungen"},"content":{"rendered":"<style type=\"text\/css\">\r\n\t.ads_top_disp{}\r\n\t.ads_top_corner_disp{ float:left; margin:0px 10px 10px 0px; }\r\n\t.ads_first_p_disp{}\r\n\t.ads_bottom_disp{}\r\n\t<\/style>\n<h2 class=\"wp-block-heading\">Polizeimeldungen vom Mittwoch (01.05.2019)<\/h2>\n\n\n\n<div class=\"wp-block-image\"><figure class=\"aligncenter\"><img decoding=\"async\" src=\"https:\/\/speyer24news.com\/wp-content\/uploads\/2019\/04\/Aktuelles-Polizeilogo-4.jpg\" alt=\"\" class=\"wp-image-12786\"\/><\/figure><\/div>\n\n\n\n<h4 class=\"wp-block-heading\">(Speyer) &#8211; Trunkenheitsfahrt<\/h4>\n\n\n\n<p>Ein 44j\u00e4hriger PKW-Fahrer wurde Mittwochfr\u00fch am K\u00f6nigsplatz  einer Verkehrskontrolle unterzogen. Da ein Atemalkoholtest einen Wert  von \u00fcber einem Promille ergab, wurde der F\u00fchrerschein sichergestellt und  eine Blutprobe entnommen. <\/p>\n\n\n\n<p>Neben dem Strafverfahren wegen \nTrunkenheit im Verkehr erwartet den Mann aufgrund seines Verhaltens \ngegen\u00fcber den Polizeibeamten ein weiteres Verfahren wegen Beleidigung \nund versuchter N\u00f6tigung. <\/p>\n\n\n\n<h4 class=\"wp-block-heading\">(Speyer) &#8211; Trunkenheitsfahrt II<\/h4>\n\n\n\n<p>Nach einem Zeugenhinweis auf einen betrunkenen  Autofahrer wurde am Dienstagmorgen der 47j\u00e4hrige Fahrer eines PKW in der  Gerhart-Hauptmann-Stra\u00dfe kontrolliert. Ein durchgef\u00fchrter  Atemalkoholtest ergab am fr\u00fchen Vormittag einen Wert von \u00fcber zwei  Promille. Der F\u00fchrerschein des Mannes wurde vor Ort sichergestellt, ihn  erwartet nun ein Strafverfahren. <\/p>\n\n\n\n<h4 class=\"wp-block-heading\">(Waldsee) &#8211; Einbruch in Gartenlaube<\/h4>\n\n\n\n<p>Unbekannte T\u00e4ter brachen in der Zeit vom 28.04.19 &#8211; 30.04.19 auf dem  Campingplatz in der Au das Schloss einer Gartenlaube auf. Anschlie\u00dfend  entwendeten die T\u00e4ter unter anderem Autobatterien und einen Rasenm\u00e4her.  Zudem wurde eine Solarplatte, welche am dortigen Wohnwagen angebracht  war, entwendet. Der Gesamtschaden bel\u00e4uft sich auf etwa 3000EUR. Zeugen,  die Angaben zur Tat oder T\u00e4ter geben k\u00f6nnen, werden gebeten, sich mit  der Polizeiinspektion Schifferstadt unter der 06235-4950 oder per Email  unter <a href=\"mailto:pischifferstadt@polizei.rplp.de\">pischifferstadt@polizei.rplp.de<\/a> in Verbindung zu setzen. <\/p>\n\n\n\n<h4 class=\"wp-block-heading\">(Schifferstadt) &#8211; Ruhige Hexennacht<\/h4>\n\n\n\n<p>Im Dienstgebiet der Polizeiinspektion Schifferstadt verlief die  gestrige Hexennacht ruhig. Beim Waldfest in Mutterstadt kam es nach dem  Streit um ein Taxi zu einer wechselseitigen K\u00f6rperverletzung. Ansonsten  kam es zu keinen nennenswerten Vorkommnissen. <\/p>\n\n\n\n<h4 class=\"wp-block-heading\">(Mutterstadt) &#8211; Sachbesch\u00e4digung an Fahrzeugen<\/h4>\n\n\n\n<p>In der Nacht vom 29.04.19 auf den 30.04.19 schlugen bislang unbekannte  T\u00e4ter die Heckscheibe von zwei Fahrzeugen ein, die auf dem Parkplatz der  Rundsporthalle abgestellt waren. Der Schaden an den PKW betr\u00e4gt jeweils  500,00 Euro. Zeugen, die Angaben zur Tat oder T\u00e4ter geben k\u00f6nnen,  werden gebeten, sich mit der Polizeiinspektion Schifferstadt unter der  06235-4950 oder per Email unter <a href=\"mailto:pischifferstadt@polizei.rplp.de\">pischifferstadt@polizei.rplp.de<\/a> in Verbindung zu setzen. <\/p>\n\n\n\n<h4 class=\"wp-block-heading\">(Hanhofen) &#8211; Einbruch in Neubau<\/h4>\n\n\n\n<p>Unbekannte T\u00e4ter drangen zw.  29.04.2019, 20:30 Uhr &#8211; 30.04.2019, 09:45  vermutlich durch ein Fenster in einen noch unbewohnten Neubau in der  Stra\u00dfe An den Gewerbewiesen ein und entwendeten neben Baumaterialen auch  gr\u00f6\u00dfere Einrichtungsgegenst\u00e4nde. <\/p>\n\n\n\n<p>Zum Abtransport d\u00fcrfte ein  gr\u00f6\u00dferes Fahrzeug benutzt worden sein, weshalb die Polizei unter  Tel.-Nr. 06232-1370 oder per Mail an <a href=\"mailto:pispeyer@polizei.rlp.de\">pispeyer@polizei.rlp.de<\/a> um Zeugenhinweise bittet. <\/p>\n\n\n\n<h4 class=\"wp-block-heading\">(Germersheim) &#8211; Verkehrsunfallflucht<\/h4>\n\n\n\n<p>Am 1. Mai 2019 streifte im Laufe des Nachmittags ein bislang  unbekannter Fahrzeugf\u00fchrer ein geparktes Fahrzeug in Germersheim in der  K\u00f6nigstra\u00dfe. Anstatt sich um die Schadensreguliergung zu k\u00fcmmern,  entfernte er sich von der \u00d6rtlichkeit. <\/p>\n\n\n\n<p>Zeugenhinweise nimmt die Polizeiinspektion Germersheim unter 07274\/958-0 oder per E-Mail an die <a href=\"mailto:pigermersheim@polizei.rlp.de\">pigermersheim@polizei.rlp.de<\/a> entgegen. <\/p>\n\n\n\n<h4 class=\"wp-block-heading\">(Germersheim) &#8211; Zwischenfall an Wahlstand<\/h4>\n\n\n\n<p>Gegen\u00fcber Wahlk\u00e4mpfern, die im Bereich des Nardiniplatzes in  Germersheim einen von der Stadt Germersheim genehmigten Wahlstand  betrieben, kam es am Dienstag, den 30.4.2019, gegen 12:30 Uhr, zun\u00e4chst  zu einer Beleidigung durch einen Radfahrer. Der Radfahrer entfernte sich  hiernach. <\/p>\n\n\n\n<p>Kurz darauf wurden die Wahlk\u00e4mpfer aus einem Anwesen \nheraus mit zwei metallenen Gegenst\u00e4nden beworfen. Den Gegenst\u00e4nden \nkonnte ausgewichen werden, so dass niemand gesch\u00e4digt wurde. <\/p>\n\n\n\n<p>Hierauf wurde der Wahlstand abgebaut und das Geschehen zur Anzeige bei der Polizei gebracht. <\/p>\n\n\n\n<p>Zeugenhinweise nimmt die Polizeiinspektion Germersheim unter 07274\/958-0 oder per E-Mail an die <a href=\"mailto:pigermersheim@polizei.rlp.de\">pigermersheim@polizei.rlp.de<\/a> entgegen. <\/p>\n\n\n\n<h4 class=\"wp-block-heading\">(Bellheim) &#8211; Vermeintliche Entf\u00fchrung l\u00f6st Polizeieinsatz aus<\/h4>\n\n\n\n<p>Am Dienstagnachmittag, den 30.4.2019, wurde der Polizeiinspektion  Germersheim die Entf\u00fchrung einer Person im Bereich Bellheim mitgeteilt.  Durch umfangreiche Fahndungsma\u00dfnahmen konnte der gesuchte Pkw wenig  sp\u00e4ter im Gewerbegebiet in Germersheim lokalisiert und kontrolliert  werden. <\/p>\n\n\n\n<p>Hierbei stellte es sich heraus, dass drei 19-J\u00e4hrige und \nein 22-J\u00e4hriger einen ihnen bekannten 16-J\u00e4hrigen aus Spa\u00df in den \nKofferraum ihres Fahrzeugs zerrten, um ihn an einem Sportstudio \nabzusetzen. <\/p>\n\n\n\n<p>Das Geschehen wurde von einem aufmerksamen Zeugen \nbeobachtet und unmittelbar mit guten Fahndungshinweisen der Polizei \nmitgeteilt. <\/p>\n\n\n\n<p>Den Beteiligten war offenbar nicht bewusst, welche  Folgen ihr Handeln in der \u00d6ffentlichkeit ausl\u00f6sen kann. Mit einer  Kostenrechnung f\u00fcr diesen &#8222;Spa\u00df&#8220; m\u00fcssen die Beteiligten nun rechnen.  Hierbei werden die Anzahl der Einsatzkr\u00e4fte, die Dauer des Einsatzes  sowie der Fahrzeugeinsatz ber\u00fccksichtigt. <\/p>\n\n\n\n<h4 class=\"wp-block-heading\">(Kuhardt) &#8211; Aufbruch eines Lebensmittelautomaten<\/h4>\n\n\n\n<p>In der Nacht auf den 1. Mai 2019 wurde durch unbekannte T\u00e4ter ein  Lebensmittelautomat in der R\u00fclzheimer Stra\u00dfe in Kuhardt angegangen und  aufgebrochen. Aus dem Automat wurde anschlie\u00dfend Bargeld entwendet. <\/p>\n\n\n\n<p>Zeugenhinweise nimmt die Polizeiinspektion Germersheim unter 07274\/958-0 oder per E-Mail an die <a href=\"mailto:pigermersheim@polizei.rlp.de\">pigermersheim@polizei.rlp.de<\/a> entgegen. <\/p>\n\n\n\n<h4 class=\"wp-block-heading\">(Herxheim) &#8211; Sachbesch\u00e4digung an Pkw<\/h4>\n\n\n\n<p>Dienstagfr\u00fch parkte der Gesch\u00e4digte seinen Pkw, VW Passat Am Kleinwald in Herxheim. Unbekannte T\u00e4ter verursachten einen ca. 90 cm  langen Kratzer an der Beifahrert\u00fcr. Es entstand ein Sachschaden in H\u00f6he  von ca. 1.000 Euro. Hinweise nimmt die Polizei in Landau unter Tel.:  06341-2870 oder <a href=\"mailto:pilandau@polizei.rlp.de\">pilandau@polizei.rlp.de<\/a> entgegen. <\/p>\n\n\n\n<h4 class=\"wp-block-heading\">(Neuburg am Rhein) &#8211; Zeugen nach Unfallflucht gesucht<\/h4>\n\n\n\n<p>In der Nacht vom 30.4. auf den 1.5. verursachte zwischen 23:30h und  0:30h ein Autofahrer beim Ausparken Sachschaden an einem geparkten VW  Golf. Der Verursacher entfernte sich unerlaubt von der Unfallstelle in  der W\u00f6rthlache 17 in Neuburg. Es liegen Hinweise vor, dass es sich um  einen Ford Fiesta mit Germersheimer Kennzeichen gehandelt haben k\u00f6nnte.  Wer kann konkrete Hinweise geben? <\/p>\n\n\n\n<h4 class=\"wp-block-heading\">(Bad Bergzabern) &#8211; Geschwindigkeits\u00fcberwachung<\/h4>\n\n\n\n<p>Am Dienstag, dem 30.04.19, wurden zwischen 08.00 Uhr und 12.00 Uhr,  sowohl in Oberhausen als auch in Waldrohrbach und Steinfeld  Geschwindigkeitskontrollen durchgef\u00fchrt. Insgesamt mussten achtzehn  Verkehrsteilnehmer beanstandet werden. W\u00e4hrend siebzehn  Verkehrsteilnehmer wegen Geschwindigkeitsverst\u00f6\u00dfen verwarnt,  beziehungsweise mit einem Bu\u00dfgeldverfahren geahndet wurden, musste ein  Verkehrsteilnehmer wegen der Nutzung seines Handys w\u00e4hrend der Fahrt  beanstandet werden. <\/p>\n\n\n\n<h4 class=\"wp-block-heading\">(Waldrohrbach) &#8211; Verkehrsunfallflucht in Waldrohrbach<\/h4>\n\n\n\n<p>W\u00e4hrend des Dorffestes in Waldrohrbach wurde ein am Friedhof parkender  PKW besch\u00e4digt. Ein bisher unbekannter Fahrzeugf\u00fchrer touchierte hierbei  das Fahrzeug des Gesch\u00e4digten im Bereich des Kotfl\u00fcgels vorne links und  entfernte sich im Anschluss unerlaubt von der Unfallstelle. Es entstand  Sachschaden in H\u00f6he von 1500EURO.  Der Unfallort befindet sich in  unmittelbarer Sichtweite zum Festplatz und m\u00fcsste beobachtet worden  sein. <\/p>\n\n\n\n<h4 class=\"wp-block-heading\">(Landau) &#8211; Sachbesch\u00e4digung von Wahlplakaten, Vandalismus in der Hexennacht<\/h4>\n\n\n\n<p>Durch zwei Mitarbeiter des Sicherheitsdienstes des Maimarktes wurde in der Mittwochfr\u00fch eine Gruppe Jugendlicher gemeldet, die durch die Stra\u00dfe An 44 ziehen und  Wahlplakate besch\u00e4digen w\u00fcrden. Vor Ort konnten die Mitteiler mit drei  Personen festgestellt werden. Anfangs sei nach Angaben der Zeugen noch  eine vierte, unbekannte Person dabei gewesen, die sich jedoch mit dem  Fahrrad entfernt h\u00e4tte. Die Personen rissen zwei Wahlplakate der Partei  &#8222;CDU&#8220; von einem Mast und rissen sie auseinander. Als Grund f\u00fcr ihr  Handeln gaben sie Langeweile an. Den Personen wurde ein Platzverweis  erteilt und entsprechende Strafverfahren eingeleitet. <\/p>\n\n\n\n<h4 class=\"wp-block-heading\">(Landau) &#8211; Verhinderte Trunkenheitsfahrt<\/h4>\n\n\n\n<p>In der K\u00f6nigstra\u00dfe konnte Mittwochfr\u00fch ein junger Mann auf dem Fahrrad fahrend  festgestellt und einer Verkehrskontrolle unterzogen werden. Es konnte  schon zu Beginn der Kontrolle unmittelbar Alkoholgeruch wahrgenommen  werden. Ein freiwilliger Atemalkoholtest ergab einen Wert von 1,26  Promille. Die Weiterfahrt wurde untersagt. <\/p>\n\n\n\n<h4 class=\"wp-block-heading\">(Landau) &#8211; Kennzeichendiebstahl<\/h4>\n\n\n\n<p>Der Gesch\u00e4digte parkte seinen Pkw, Peugeot, am Dienstagabend auf dem Parkplatz in der Marie-Curie-Stra\u00dfe. Durch unbekannte T\u00e4ter  wurde das hintere Kennzeichenschild entwendet. Hinweise nimmt die  Polizei in Landau unter Tel.: 06341-2870 oder <a href=\"mailto:pilandau@polizei.rlp.de\">pilandau@polizei.rlp.de<\/a> entgegen. <\/p>\n\n\n\n<h4 class=\"wp-block-heading\">(Landau) &#8211; Sachbesch\u00e4digung an Pkw<\/h4>\n\n\n\n<p>Zwischen 28.04.2019, 15:30 Uhr &#8211; 30.04.2019, 06:50 Uhr wurde an einem Pkw, Skoda, Yeti, der hintere  rechte Reifen aufgeschlitzt. Laut Auskunft der Gesch\u00e4digten hatte sie in  der Nachtzeit (30.04.19, zw.: 04:00 Uhr &#8211;  04:50 Uhr) mehrere Stimmen  vor ihrem Anwesen auf der Stra\u00dfe geh\u00f6rt. Eine Zuordnung, ob die  Sachbesch\u00e4digung von dieser Gruppe ausging, konnte nicht getroffen  werden. Es entstand ein Sachschaden in H\u00f6he von ca. 200 Euro. Hinweise  nimmt die Polizei in Landau unter Tel.: 06341-2870 oder <a href=\"mailto:pilandau@polizei.rlp.de\">pilandau@polizei.rlp.de<\/a> entgegen. <\/p>\n\n\n\n<h4 class=\"wp-block-heading\">(Landau) &#8211; Verkehrsunfall mit Flucht<\/h4>\n\n\n\n<p>Der Gesch\u00e4digte parkte zwischen 25.04.2019, 08:00 Uhr &#8211; 26.04.2019, 16:00 Uhr seinen PKW, Opel Astra, auf dem Uni-Parkplatz.  Am 26.04.2019 entdeckte er vorne links einen Streifschaden an seinem  Fahrzeug. Er geht davon aus, dass der Schaden auf dem Uni-Parkplatz  passiert ist. Vermutlich streifte ein bislang unbekannter  Verkehrsteilnehmer beim Ausparken seinen PKW und entfernte sich von dem  Unfallort ohne sich um den entstandenen Schaden (ca. 500 Euro) zu  k\u00fcmmern. Hinweise nimmt die Polizei in Landau unter Tel.: 06341-2870  oder <a href=\"mailto:pilandau@polizei.rlp.de\">pilandau@polizei.rlp.de<\/a> entgegen. <\/p>\n\n\n\n<h4 class=\"wp-block-heading\">(Landau \/ B 10) &#8211; N\u00f6tigung und Beleidigung<\/h4>\n\n\n\n<p>Bereits am 20.04.2019 ereignete sich gegen 17:35 Uhr eine N\u00f6tigung auf  der B 10, in Richtung Pirmasens. Kurz nach der Anschlussstelle  Landau-Godramstein zog ein schwarzer BMW von der rechten auf die linke  Fahrbahn, ohne auf den nachfolgenden Verkehr zu achten. Der Anzeiger  musste daher stark abbremsen. Ein Mitfahrer des BMW zeigte zudem den  Mittelfinger. Danach entfernte sich der BMW mit \u00fcberh\u00f6hter  Geschwindigkeit. Die Strafanzeige ging mittels Online-Wache ein. Ein  Strafverfahren wegen N\u00f6tigung und Beleidigung wurde eingeleitet. Zeugen  werden gebeten, sich bei der Polizeiinspektion Edenkoben unter der  Telefonnummer 06323\/955-0 und unter <a href=\"mailto:piedenkoben@polizei.rlp.de\">piedenkoben@polizei.rlp.de<\/a> melden. <\/p>\n\n\n\n<h4 class=\"wp-block-heading\">(Edesheim) &#8211; T\u00e4terfestnahme bei Diebstahlsversuch<\/h4>\n\n\n\n<p>Im Wertstoffhof konnte ein 53-j\u00e4hriger Mann bei einem versuchten  Diebstahl von Elektroschrott auf frischer Tat festgenommen werden. Mit  mehreren Streifen und einem Hundef\u00fchrer konnte der Einsatz bew\u00e4ltigt  werden. Eine Sicherheitsleistung wurde bei dem Mann  einbehalten. Zudem  wurde der PKW Daimler des T\u00e4ters sichergestellt. Nach einer  erkennungsdienstlichen Behandlung wurde er entlassen. <\/p>\n\n\n\n<h4 class=\"wp-block-heading\">(Neustadt) &#8211; Betr\u00fcger unterwegs<\/h4>\n\n\n\n<p>Am Nachmittag des 30.04.2019, versuchte ein zun\u00e4chst unbekannter Mann  in zwei Gesch\u00e4ften in der Neustadter Fu\u00dfg\u00e4ngerzone in betr\u00fcgerischer  Absicht Geld wechseln zu lassen. Er \u00fcbergab ein &#8222;B\u00fcndel&#8220;  von kleineren  Euroscheinen und t\u00e4uschte dabei \u00fcber den tats\u00e4chlichen Geldbetrag  hinweg. Aufgrund der Personenbeschreibung der Angestellten, konnte eine  verd\u00e4chtige Person in der Fu\u00dfg\u00e4ngerzone kontrolliert werden. Der  Tatverdacht gegen den Mann erh\u00e4rtete sich, als bei der Personenkontrolle  eine Vielzahl von Euroscheinen aufgefunden werden konnte. Der  Tatverd\u00e4chtige wurde erkennungsdienstlich behandelt und wurde  anschlie\u00dfend auf freien Fu\u00df gesetzt. Ihn erwartet eine Strafanzeige. Den  Gesch\u00e4ften entstand kein Verm\u00f6genschaden. <\/p>\n\n\n\n<h4 class=\"wp-block-heading\">(Wachenheim an der Weinstra\u00dfe) &#8211; Betrunken und unter Drogen Auto gefahren und Widerstand geleistet<\/h4>\n\n\n\n<p>Am Mittwoch, 01.05.2019, um 01:44 Uhr, sollte in Wachenheim an der  Weinstra\u00dfe, in der Weinstra\u00dfe, ein 22-j\u00e4hriger Mann in einem Pkw einer  Verkehrskontrolle unterzogen werden. Nachdem aus seinem Fahrzeug  drogenverd\u00e4chtige Gegenst\u00e4nde gefallen waren, versuchte er in ein  Anwesen zu fl\u00fcchten. Er konnte nach kurzer Verfolgung im Treppenhaus  gestellt werden, bei seiner Festnahme leistete er erheblichen Widerstand  und verletzte drei Polizeibeamte leicht. Nachdem er zur Dienststelle  verbracht worden war, wurde ihm aufgrund seiner Alkoholisierung und des  Verdachts der Einnahme von Bet\u00e4ubungsmitteln eine Blutprobe entnommen,  sein F\u00fchrerschein wurde sichergestellt. Ihn erwartet nun ein  Strafverfahren wegen Widerstandes und Trunkenheit im Verkehr. <\/p>\n\n\n\n<h4 class=\"wp-block-heading\">(Wachenheim an der Weinstra\u00dfe) &#8211; Im Wald verirrt<\/h4>\n\n\n\n<p>Am Dienstag, 30.04.2019, um 19:07 Uhr, wurde der Polizei mitgeteilt,  dass sich im Waldgebiet in der N\u00e4he des Kurpfalzparks eine  Kindergartengruppe mit insgesamt 11 Personen verlaufen habe. Durch  telefonische R\u00fccksprache mit der verantwortlichen Betreuerin konnte die  Gruppe schlie\u00dflich gegen 20:20 Uhr aufgefunden werden. Bei der Suche  waren neben der Polizei auch Kr\u00e4fte der Feuerwehr Wachenheim und des  Rettungsdienstes eingesetzt. Zu Schaden gekommen ist niemand, allen  Verirrten ging es laut einer \u00dcberpr\u00fcfung durch den Rettungsdienst gut. <\/p>\n\n\n\n<h4 class=\"wp-block-heading\">(Wachenheim an der Weinstra\u00dfe) &#8211; Nach Unfall vom Parkplatz gefl\u00fcchtet<\/h4>\n\n\n\n<p>Am Dienstag, 30.04.2019, besch\u00e4digte ein bislang unbekannter  Fahrzeugf\u00fchrer in der Zeit von 06:30 bis 16:30 Uhr einen Pkw Hyundai auf  dem Parkplatz der Verbandsgemeindeverwaltung. Der Hyundai wurde hierbei  hinten links besch\u00e4digt, Sachschadensh\u00f6he gesch\u00e4tzt ca. 500,- Euro. Der  oder die unbekannte Fahrer(in) fuhr anschlie\u00dfend weg, ohne sich um den  Schaden zu k\u00fcmmern. Zeugen werden gebeten, sich bei der Polizei in Bad  D\u00fcrkheim unter 06322 9630 oder per E-Mail an <a href=\"mailto:pibadduerkheim@polizei.rlp.de\">pibadduerkheim@polizei.rlp.de<\/a> zu melden. <\/p>\n\n\n\n<h4 class=\"wp-block-heading\">(Bad D\u00fcrkheim) &#8211; Fahrzeug unter Alkoholeinfluss gef\u00fchrt<\/h4>\n\n\n\n<p>Am Mittwoch, 01.05.2019, um 00:39 Uhr, wurde ein 49-j\u00e4hriger Pkw-Fahrer  aus Bad D\u00fcrkheim einer Verkehrskontrolle unterzogen. Hierbei wurde  festgestellt, dass er unter Alkoholeinfluss stand. Ihm wurde eine  Blutprobe entnommen und sein Kartenf\u00fchrerschein wurde sichergestellt.  Ein alter, rosafarbener F\u00fchrerschein wurde ebenfalls sichergestellt, den  der Mann als verloren gemeldet hatte, um ihn behalten zu k\u00f6nnen. Ein  Strafverfahren wegen Trunkenheit im Verkehr wurde eingeleitet. <\/p>\n\n\n\n<h4 class=\"wp-block-heading\">(Ellerstadt) &#8211; Verkehrsunfall mit hohem Sachschaden<\/h4>\n\n\n\n<p>Am Dienstag, 30.04.2019, um 11:25 Uhr, kam es auf der sogenannten  &#8222;Feuerbergkreuzung&#8220; zu einem Verkehrsunfall mit zwei Fahrzeugen. Ein  77-j\u00e4hriger aus Bad D\u00fcrkheim wollte von Ellerstadt in Richtung  Birkenheide fahren und missachtete die Vorfahrt einer 62-j\u00e4hrigen aus  Osthofen. Der Pkw des 77-j\u00e4hrigen war nicht mehr fahrbereit und musste  abgeschleppt werden, verletzt wurde gl\u00fccklicherweise niemand. Es  entstand Sachschaden von insgesamt gesch\u00e4tzt 8.000,- Euro. <\/p>\n\n\n\n<h4 class=\"wp-block-heading\">(Weisenheim am Sand) &#8211; Versuchter Diebstahl aus Wurstautomat<\/h4>\n\n\n\n<p>In der Zeit von Montag, 29.04.2019, 17:00 Uhr, bis Dienstag,  30.04.2019, 15:05 Uhr, versuchten unbekannte T\u00e4ter einen Wurstautomaten  in der Laumersheimer Stra\u00dfe 1 in Weisenheim am Sand aufzubrechen.  Hierbei besch\u00e4digten sie den Schlie\u00dfmechanismus des Automaten derart,  dass die T\u00fcr sich nicht \u00f6ffnen lie\u00df. Ob der Angriff dem Bargeld oder  aber den Lebensmitteln galt, ist derzeit noch unbekannt. Zeugen werden  gebeten, sich bei der Polizei in Bad D\u00fcrkheim unter 06322 9630 oder per  E-Mail an <a href=\"mailto:pibadduerkheim@polizei.rlp.de\">pibadduerkheim@polizei.rlp.de<\/a> zu melden. <\/p>\n\n\n\n<h4 class=\"wp-block-heading\">(Frankenthal) &#8211; Fl\u00fcchtiger Verkehrsteilnehmer<\/h4>\n\n\n\n<p>In den fr\u00fchen Morgenstunden des 01.05.2019 soll ein PKW im Bereich der  Flommersheimer Stra\u00dfe in Frankenthal einer Verkehrskontrolle unterzogen  werden. Als der Verkehrsteilnehmer die Polizei bemerkt erh\u00f6ht er seine  Geschwindigkeit und f\u00e4hrt in den Carl-Bosch-Ring. Dort stellt er sein  Fahrzeug in einer der Seitenstra\u00dfe ab und fl\u00fcchtet zu Fu\u00df. Durch  intensive Fahndungsma\u00dfnahmen kann der Fahrzeugf\u00fchrer im Nahbereich  festgestellt und vorl\u00e4ufig festgenommen werden. In seinem PKW wird neben  dem Beifahrer auch die pers\u00f6nlichen Dokumente des Fl\u00fcchtigen sowie ein  Schlagring und Bet\u00e4ubungsmittel aufgefunden. <\/p>\n\n\n\n<p>Da der 36 j\u00e4hrige  Beschuldigte aus Lampertheim, dem Anschein nach, unter dem Einfluss von  Alkohol- und Drogen steht wurde ihm auf der Dienststelle eine Blutprobe  entnommen und ein Ermittlungsverfahren eingeleitet. <\/p>\n\n\n\n<h4 class=\"wp-block-heading\">(Frankenthal) &#8211; Hexennacht<\/h4>\n\n\n\n<p>In der ber\u00fcchtigten Hexennacht vom 30.04. auf den 01.05.2019 kommt es  im Dienstgebiet der Polizei Frankenthal zu keinen nennenswerten  polizeilichen Eins\u00e4tzen. Es werden ausschlie\u00dflich Ruhst\u00f6rungen und  vereinzelt  Schmierereien gemeldet. <\/p>\n\n\n\n<h4 class=\"wp-block-heading\">(Frankenthal) &#8211; Versuchter Diebstahl an E-Lades\u00e4ule<\/h4>\n\n\n\n<p>In der Nacht vom 29.04.2019 auf den 30.04.2019 wird durch unbekannte  T\u00e4ter eine E-Lades\u00e4ule in der Holzhofstra\u00dfe in Frankenthal aufgebrochen.  Es wird eine Seitent\u00fcr der Ladestation teilweise gewaltsam ge\u00f6ffnet   und versucht die 40mm dicken Kupferkabel zu entwenden. Da es den T\u00e4ter  jedoch nicht gelingt den Strom abzustellen, k\u00f6nnen sie die Kabel nicht  gefahrlos entwenden und lassen die Lades\u00e4ule stark besch\u00e4digt zur\u00fcck.  Durch den Betreiber, die Pfalzwerke AG, wird die besch\u00e4digte Ladestation  gesichert. <\/p>\n\n\n\n<p>Wer sachdienliche Hinweise zu dem genannten Fall  geben kann, wird gebeten sich mit der Polizeiinspektion Frankenthal  unter der Rufnummer 06233\/313-0 in Verbindung zu setzen. Hinweise k\u00f6nnen  auch per E-Mail unter <a href=\"mailto:pifrankenthal@polizei.rlp.de\">pifrankenthal@polizei.rlp.de<\/a> an die Polizei \u00fcbermittelt werden.<\/p>\n\n\n\n<h4 class=\"wp-block-heading\">(Ludwigshafen) &#8211; Schlichter durch Schreckschusswaffe verletzt<\/h4>\n\n\n\n<p>In der Nacht zum Mittwoch geriet ein 27-j\u00e4hriger Wohnsitzloser in einer  Gastst\u00e4tte in der Maudacher Stra\u00dfe mit einer anderen Personengruppe in  Streit, welcher sich im weiteren Verlauf vor die Gastst\u00e4tte verlagerte.  Hier zog der 27-j\u00e4hrige Bulgare eine Schreckschusswaffe und bedrohte  damit seine drei Kontrahenten. Als der ebenfalls 27-j\u00e4hrige Landsmann  schlichten wollte, schoss ihm der Beschuldigte aus kurzer Distanz in die  Hand. Der Gesch\u00e4digte erlitt eine Fleischwunde, welche ambulant im  Krankenhaus behandelt werden musste. Der Beschuldigte fl\u00fcchtete  zun\u00e4chst, stellte sich jedoch sp\u00e4ter der Polizei. Die Tatwaffe wurde  sichergestellt. Gegen den Beschuldigten wird nun im Strafverfahren wegen  gef\u00e4hrlicher K\u00f6rperverletzung ermittelt. <\/p>\n\n\n\n<h4 class=\"wp-block-heading\">(Ludwigshafen) &#8211; Alkoholisierter Mann f\u00fchrt Hund Gassi<\/h4>\n\n\n\n<p>Am Dienstagabend baten Angestellte des Kommunalen Vollzugsdienstes in  der Hagellochstra\u00dfe um polizeiliche Unterst\u00fctzung. Hintergrund war die  Tatsache, dass ein 29-j\u00e4hriger Mann derart alkoholisiert war, dass er  nicht mehr in der Lage war seinen Hund ordnungsgem\u00e4\u00df zu f\u00fchren. Im  Rahmen einer Befragung des verantwortlichen Hundef\u00fchrers vor Ort wurde  eruiert, dass der Hund dem Mann im Laufe des Tages von einer Bekannten  anvertraut worden war. Als sich diese Angaben nach einem Telefonat mit  der Hundehalterin best\u00e4tigten, wurde der Hund noch vor Ort an eine  anwesende Nachbarin \u00fcbergeben. Die Nachbarin k\u00fcmmerte sich um den  sicheren Heimtransport des Tieres. Nach polizeilicher Inaugenscheinnahme  konnte beim 29-j\u00e4hrigen Hundef\u00fchrer Eigen-oder Fremdgef\u00e4hrdung  ausgeschlossen werden. Er durfte nach Abschluss der Ma\u00dfnahmen die  \u00d6rtlichkeit ohne Hundebegleitung verlassen. <\/p>\n\n\n\n<h4 class=\"wp-block-heading\">(Ludwigshafen) &#8211; Passanten mit Messer bedroht<\/h4>\n\n\n\n<p>Am Dienstagabend kam es gegen 18:30 Uhr im Bereich des Rathausplatzes  zu einer Bedrohung zum Nachteil zweier nicht bekannter M\u00e4nner durch  einen 54-j\u00e4hrigen Mann aus Ludwigshafen. Dieser zog w\u00e4hrend ihres  Streitgespr\u00e4chs ein Springmesser und hielt es bedrohlich in Richtung der  beiden M\u00e4nner, sodass diese sofort die Flucht ergriffen. Der stark  alkoholisierte Beschuldigte wurde auf die Polizeidienststelle verbracht.  Es wurde ein Strafverfahren wegen Bedrohung eingeleitet. <\/p>\n\n\n\n<h4 class=\"wp-block-heading\">(Mannheim) &#8211; Demonstration und Kundgebung verliefen friedlich; drei vorl\u00e4ufige Festnahmen<\/h4>\n\n\n\n<p>Die vom DGB Mannheim angemeldete Demonstration durch die Innenstadt  sowie die anschlie\u00dfende Kundgebung auf dem Marktplatz verliefen  friedlich. <\/p>\n\n\n\n<p>Der gegen 10 Uhr am Gewerkschaftshaus begonnenen \nDemonstration \u00fcber den Friedrichsring, die Fressgasse und der Breiten \nStra\u00dfe bis zum Marktplatz, schlossen sich rund 1.000 Teilnehmer an. \nDarunter auch etwa einhundert t\u00fcrkische und kurdische Mitb\u00fcrger sowie \nrund 70 Mitglieder der Antifa. <\/p>\n\n\n\n<p>An der Kundgebung auf dem \nMarkplatz nahmen schlie\u00dflich bis zu 2.500 Menschen teil. Sowohl \nDemonstration als auch die Kundgebung verliefen friedlich. <\/p>\n\n\n\n<p>Am \nRande des Demonstrationszuges kam es zu vorl\u00e4ufigen Festnahmen von drei \nPersonen, die nach den Feststellungen ihrer Personalien wieder auf \nfreien Fu\u00df gesetzt wurden. <\/p>\n\n\n\n<p>Die Ausgangssituation war das Z\u00fcnden \nvon zwei Raucht\u00f6pfen im hinteren Bereich der Demonstration. Ein \nvermummter T\u00e4ter, der einen der Raucht\u00f6pfe in die H\u00f6he gehalten hatte, \nkonnte identifiziert und nach Abschluss der Demonstration in den \nQuadraten, abseits des Marktplatzes, vorl\u00e4ufig festgenommen werden. Die \nErmittlungen wegen des Verdachts gegen das Sprengstoffgesetz und das \nVermummungsverbot versto\u00dfen zu haben, sind aufgenommen. <\/p>\n\n\n\n<p>Im \nZusammenhang mit dieser Festnahme kam es zu einer weiteren vorl\u00e4ufigen \nFestnahme. Ein Mann hatte Polizeibeamte angegriffen, um die vorherige \nFestnahme zu verhindern. Dieser Mann wurde \u00fcberw\u00e4ltigt und auch er nach \nFeststellen seiner Personalien wieder auf freien Fu\u00df gesetzt. Gegen Ihn \nwir wegen des Verdachts des t\u00e4tlichen Angriffs von Polizeibeamten und \nWiderstands gegen Vollstreckungsbeamte ermittelt. <\/p>\n\n\n\n<p>Die dritte \nvorl\u00e4ufige Festnahme richtete sich gegen eine \nDemonstrationsteilnehmerin. Sie steht im Verdacht, Polizeibeamte \nbeleidigt zu haben. Ihre Personalien wurden erhoben und sie dann \nanschlie\u00dfend wieder entlassen. <\/p>\n\n\n\n<p>Im Vorfeld der Versammlung des DGB\n wurden im n\u00e4heren Umfeld des Gewerkschaftshauses eine Vielzahl \nneongelber Aufkleber an Laternen und Stromk\u00e4sten mit \nSolidarit\u00e4tsbekundungen der Gelbwestenaktionen in Frankreich \nfestgestellt. Die Aufkleber wurden von der Stadtreinigung noch vor \nBeginn der Versammlung beseitigt. Ob durch das Anbringen der Aufkleber \n(Sachbesch\u00e4digung) sowie der thematische Inhalt gegen Strafgesetzte \nverstie\u00df, wird gepr\u00fcft. <\/p>\n\n\n\n<h4 class=\"wp-block-heading\">(Mannheim) &#8211; Unerlaubt Fahrstreifen gewechselt \/ zwei Verletzte &#8211; Zeugen gesucht<\/h4>\n\n\n\n<p>F\u00fcr einen Verkehrsunfall, der sich am Dienstagabend auf der  Havellandstra\u00dfe ereignete, ben\u00f6tigt das Polizeirevier Mannheim-K\u00e4fertal  Zeugen, da der Verursacher fl\u00fcchtete. Eine 60-j\u00e4hrige Mercedes-Fahrerin  fuhr kurz nach 19.00 Uhr auf der Havellandstra\u00dfe auf die Einf\u00e4delspur  der Auffahrt zur BAB A 659 in Fahrtrichtung Viernheim. Pl\u00f6tzlich  wechselte der Fahrer eines nicht bekannten Fahrzeuges, der aus Richtung  Mannheim auf der BAB A 659 fuhr, trotz Sperrfl\u00e4che die Fahrbahn und  schnitt dadurch die Mercedes-Fahrerin, die stark abbremsen musste um  einen Zusammensto\u00df zu verhindern. Ein dahinter fahrender Renault-Fahrer  konnte nicht mehr rechtzeitig anhalten und fuhr auf den Mercedes auf.  Die 60-j\u00e4hrige und der 25-j\u00e4hrige Ranault-Fahrer wurden hierbei leicht  verletzt. Es entstand Sachschaden in H\u00f6he von ca. 12.000,- Euro. Der  Verursacher entfernte sich unerlaubt von der Unfallstelle. Hinweise  nimmt das Polizeirevier Mannheim-K\u00e4fertal unter der Tel.-Nr. 0621\/718490  entgegen. <\/p>\n\n\n\n<h4 class=\"wp-block-heading\">(Mannheim) &#8211; Zwei 33-j\u00e4hrige M\u00e4nner nach Gastst\u00e4tteneinbruch in Untersuchungshaft<\/h4>\n\n\n\n<p><strong>Gemeinsame Presseerkl\u00e4rung der Staatsanwaltschaft Mannheim und des Polizeipr\u00e4sidiums Mannheim: <\/strong><\/p>\n\n\n\n<p>Auf\n Antrag der Staatsanwaltschaft Mannheim wurde durch das Amtsgericht \nMannheim Haftbefehl gegen zwei 33-j\u00e4hrige Wohnsitzlose aus Bulgarien \nerlassen. Sie stehen im dringenden Verdacht, am fr\u00fchen Montagmorgen, \n29.04.2019, in eine Gastst\u00e4tte im Stadtteil Mannheim-Neckarstadt \neingebrochen zu sein. <\/p>\n\n\n\n<p>Die zwei M\u00e4nner sollen kurz nach zwei Uhr \nan der Geb\u00e4uder\u00fcckseite des Lokals in der K\u00e4fertaler Stra\u00dfe ein Fenster \naufgehebelt haben und durch dieses in die Gastr\u00e4ume eingedrungen sein. \nSie \u00f6ffneten auf der Suche nach Stehlenswertem sowohl in den R\u00e4umen im \nErdgeschoss als auch im Obergeschoss mehrere T\u00fcren und eine Schublade \nund sollen schlie\u00dflich einen noch nicht n\u00e4her bezifferbaren \nBargeldbetrag entwendet haben. Als sie das Eintreffen der \nzwischenzeitlich verst\u00e4ndigten Polizei bemerkten, verlie\u00dfen sie das \nGeb\u00e4ude und fl\u00fcchteten. Sie wurden jedoch noch in Tatortn\u00e4he durch eine \nPolizeistreife festgenommen. <\/p>\n\n\n\n<p>Nach der Vorf\u00fchrung der \nTatverd\u00e4chtigen am Dienstagmittag beim Haft- und Ermittlungsrichter des \nAmtsgerichts Mannheim und Er\u00f6ffnung der Haftbefehle wurden die M\u00e4nner in\n Justizvollzugsanstalten eingeliefert. <\/p>\n\n\n\n<p>Inwiefern die \nTatverd\u00e4chtigen f\u00fcr weitere gleichgelagerte Straftaten in Betracht \nkommen, ist Gegenstand der weiteren Ermittlungen von Staatsanwaltschaft \nMannheim und Polizeirevier Mannheim-Neckarstadt. <\/p>\n\n\n\n<h4 class=\"wp-block-heading\">(Mannheim-Oststadt) &#8211; Unbekannter wird bei versuchtem Einbruch in B\u00e4ckereifiliale von Zeugen erwischt<\/h4>\n\n\n\n<p>In der Mozartstra\u00dfe versuchte ein bislang unbekannter T\u00e4ter am fr\u00fchen  Dienstag, gegen 4:30 Uhr, in eine B\u00e4ckereifiliale einzubrechen. Der  Unbekannte wollte mit einem Pflasterstein eine Scheibe zerst\u00f6ren, als  ein Zeuge ihn auf frischer Tat erwischte. Er lie\u00df sofort von seinem  Vorhaben ab und fl\u00fcchtete. Laut Aussage des Zeugen war <\/p>\n\n\n\n<ul><li>der Mann <\/li><li>ca. 1,70  m gro\u00df<\/li><li>hatte kurze dunkle Haare<\/li><li>ein ungepflegtes Erscheinungsbild und  <\/li><li>trug dunkle Kleidung<\/li><\/ul>\n\n\n\n<p>Weitere Zeugen, die Hinweise zu der \nbeschriebenen Person geben k\u00f6nnen, werden gebeten, sich beim \nPolizeirevier Mannheim-Oststadt unter Tel.: 0621\/174-3310 zu melden. <\/p>\n\n\n\n<h4 class=\"wp-block-heading\">(Mannheim-Neuostheim) &#8211; Navigationsger\u00e4t aus Mercedes ausgebaut und gestohlen \/ Zeugen gesucht!<\/h4>\n\n\n\n<p>Aus einem Mercedes-Benz C350, der in der Zeit von Sonntag, 17:30 Uhr  bis Montag, 7:50 Uhr, in der Seckenheimer Landstra\u00dfe, in H\u00f6he einer  Edeka-Filiale geparkt war, baute ein bislang unbekannter T\u00e4ter das  Navigationsger\u00e4t aus und entwendete dieses. Weiterhin wurde aus dem Auto  der Schaltknauf gestohlen. Der Unbekannte hatte an dem PKW die Scheibe  der Beifahrert\u00fcr eingeschlagen und war so ins Fahrzeuginnere gelangt.  Die H\u00f6he des Diebstahl- und Sachschadens steht bislang noch nicht fest. <\/p>\n\n\n\n<p>Zeugen,\n die verd\u00e4chtige Wahrnehmungen gemacht haben, werden gebeten, sich mit \ndem Polizeirevier Mannheim-Oststadt unter Tel.: 0621\/174-3310 in \nVerbindung zu setzen. <\/p>\n\n\n\n<h4 class=\"wp-block-heading\">(Heidelberg) &#8211; Walpurgnisnacht verlief ruhig<\/h4>\n\n\n\n<p>Die Walpurgisnacht verlief aus polizeilicher Sicht v\u00f6llig ruhig. Nach  der Sperrung des Waldgebietes rund um die Thingst\u00e4tte wurden \u00fcber den  gesamten Tag verteilt etwa 150 Personen an den Sperrstellen durch die  Polizei und den Mitarbeitern der Stadt abgewiesen. An einer Kundgebung  und einem Aufzug von &#8222;Die Partei&#8220; von der Albert-Ueberle-Stra\u00dfe bis zur  Alten Br\u00fccke nahmen in der Zeit von 20 bis etwa 23.00 Uhr etwa 18  Personen teil. Auf der Neckarwiese hielten sich am Abend vermutlich  aufgrund der kalten Witterung lediglich etwa 150 Personen auf, auch hier  kam es zu keinen besonderen Vorkommnissen. Die eingesetzten  Einsatzkr\u00e4fte konnten sukzessive aus dem Einsatz entlassen werden. <\/p>\n\n\n\n<h4 class=\"wp-block-heading\">(Ketsch \/ Rhein-Neckar-Kreis) &#8211; Verkehrsunfall auf der L599. Einsatz Rettungshubschrauber.<\/h4>\n\n\n\n<p>Am Mittwochmittag, gegen 12.50 Uhr, befuhr ein 30-J\u00e4hriger mit seinem  BMW die Hockenheimer Stra\u00dfe (L599) von Ketsch nach Hockenheim. Aus  bislang unbekannter Ursache kam der Fahrzeugf\u00fchrer nach rechts von der  Fahrbahn ab, querte zun\u00e4chst den dort befindlichen Radweg und kam  schlie\u00dflich in einem Geb\u00fcsch zum Stillstand. Da anfangs bei der  Rettungsleitstelle ein schwerer Verkehrsunfall gemeldet wurde, kam ein  Notarzt mit einem Rettungshubschrauber zum Einsatz. Der Fahrzeugf\u00fchrer  wurde bei dem Unfall gl\u00fccklicherweise nicht verletzt. Hinweise auf die  Beeinflussung von Alkohol oder berauschenden Mitteln ergaben sich nicht.  W\u00e4hrend der Unfallaufnahme wurde der Verkehr f\u00fcr ca. eine Stunde durch  das angrenzende Industriegebiet umgeleitet. Zu Verkehrsst\u00f6rungen kam es  aufgrund des Feiertages nicht. Am Unfallfahrzeug entstand ein Schaden  von ca. 15.000 EUR. Die Ermittlungen zum Unfallhergang wurden durch das  Polizeirevier Schwetzingen aufgenommen. <\/p>\n\n\n\n<h4 class=\"wp-block-heading\">(Hockenheim \/ Rhein-Neckar-Kreis) &#8211; Mit Alkohol aber ohne F\u00fchrerschein unterwegs<\/h4>\n\n\n\n<p>\u00dcber 2 Promille Alkohol hatte am Dienstagabend ein 36-j\u00e4hriger  Seat-Fahrer im Blut, als er gegen 20.45 Uhr von einer Streife des  Polizeireviers Hockenheim in der Landauer Stra\u00dfe kontrolliert wurde.  Zudem stellten die Beamten fest, dass der 36-j\u00e4hrige nicht im Besitz  einer g\u00fcltigen Fahrerlaubnis ist. Ihm wurde auf der Wache eine Blutprobe  entnommen. <\/p>\n\n\n\n<h4 class=\"wp-block-heading\">( A 5, Gem. St. Leon Rot \/ Rhein-Neckar-Kreis) &#8211; Fahrzeugbrand auf BAB 5<\/h4>\n\n\n\n<p>Am Dienstagabend, gegen 21.30 Uhr, bemerkte ein 49-j\u00e4hriger  Sattelzugfahrer technische Probleme am Auflieger. Nachdem er von der BAB  5 auf den Parkplatz Lu\u00dfhardt eingebogen war, brannten die Reifen an der  rechten Seite des Aufliegers. Versuche den Brand selbst zu l\u00f6schen  scheiterten. Die Freiwilligen Feuerwehren Kronau und  Kirrlach konnten  den Brand schnell l\u00f6schen. Am Auflieger entstand Sachschaden von rund  20.000 Euro. Der transportierte Bagger blieb unbesch\u00e4digt. Die Ursache  f\u00fcr den Brand ist noch ungekl\u00e4rt. F\u00fcr die Dauer der L\u00f6sch- und  Bergungsarbeiten war der Parkplatz bis 23.30 Uhr gesperrt. <\/p>\n\n\n\n<h4 class=\"wp-block-heading\">(Eschelbronn \/ Rhein-Neckar-Kreis) &#8211; Brandstiftung an Gartenh\u00fctte<\/h4>\n\n\n\n<p>Einem bislang unbekannten Feuerteufel fiel am Dienstag gegen 18:30 Uhr  eine ca. 6 m x 3 m gro\u00dfe  h\u00f6lzerne Gartenh\u00fctte zum Opfer. Das Gartenh\u00e4uschen brannte vollst\u00e4ndig  nieder, so dass die freiwillige Feuerwehr Eschelbronn nur noch die  kl\u00e4glichen \u00dcberreste abl\u00f6schen konnte. Die Feuerwehr war mit 2  Fahrzeugen und 13 Einsatzkr\u00e4ften vor Ort. Da in dem Brandschutt keine  Dachrinne zu erkennen war, besteht der Verdacht, dass der Brandstifter  vor seiner Brandlegung noch die 6 m lange, neue Dachrinne entwendet hat.  Verletzt wurde durch den Brand gl\u00fccklicherweise niemand. Es entstand  ein Sachschaden in H\u00f6he von ca. 3.000 Euro. Das Polizeirevier Sinsheim  hat die Ermittlungen aufgenommen. <\/p>\n\n\n\n<h4 class=\"wp-block-heading\">(Eberbach \/ Rhein-Neckar-Kreis) &#8211; Randalierer greift Polizisten an<\/h4>\n\n\n\n<p>Ein randalierender, unangenehmer Zeitgenosse rief in der Nacht von  Dienstag auf Mittwoch, gegen 2.00 Uhr am Bahnhof Eberbach die Polizei  auf den Plan. Die betrunkene m\u00e4nnliche Person wurde der Polizei durch  eine Passantin gemeldet, weil diese an der T\u00fcr des dortigen D\u00f6ner-Ladens  r\u00fcttelte. Beim Eintreffen der Beamten vor Ort hatte die Person bereits  den Bahnhof betreten, wobei sie gegen das Geb\u00e4ude gespuckt und gegen die  T\u00fcr getreten hatte. Nach der durchgef\u00fchrten Personenkontrolle und einer  kurzen Phase der Einsicht, verfiel der 18-j\u00e4hrige aus Hirschhorn wieder  in sein altes Verhaltensmuster. Er trat gegen T\u00fcren und beleidigte die  Beamten mit \u00e4u\u00dferst derben Ausdr\u00fccken der Gossensprache. Bei der  anschlie\u00dfenden Gewahrsamnahme griff der Mann die Polizisten an, indem er  nach ihnen trat und widersetzte sich den Ma\u00dfnahmen. Nach der Entnahme  einer Blutprobe musste er den Rest der Nacht in der Gewahrsamszelle  verbringen. Der Wortschatz an Beleidigungen ging dem Mann w\u00e4hrend der  gesamten Dauer nicht aus. Das Polizeirevier Eberbach f\u00fchrt die  Ermittlungen gegen die Person. <\/p>\n\n\n\n<h4 class=\"wp-block-heading\">(Heddesheim \/ Ladenburg \/ Rhein-Neckar-Kreis) &#8211; K\u00fche entlaufen; Autobahn kurzzeitig voll gesperrt; Polizeihubschrauber angefordert<\/h4>\n\n\n\n<h4 class=\"wp-block-heading\" style=\"text-align:center\">Pressemitteilung Nr. 1<\/h4>\n\n\n\n<p>Am Dienstagnachmittag, kurz nach 13 Uhr, wurden dem Lagezentrum des  Polizeipr\u00e4sidiums Mannheim drei, von einem Aussiedlerhof zwischen  Heddesheim und Ladenburg entlaufene K\u00fche gemeldet. Bislang konnte eine  Kuh eingefangen werden und befindet sich wieder auf dem Bauernhof. Die  beiden anderen K\u00fche rannten Richtung A 5, sodass die Autobahn zwischen  dem Autobahnkreuz Weinheim und der Anschlussstelle Ladenburg in Richtung  Heidelberg kurz vor 14.30 Uhr f\u00fcr wenige Minuten gesperrt wurde. Eine  der K\u00fche wurde zwischenzeitlich von Polizeibeamten erschossen. Der  Verkehr wurde gegen 14.40 Uhr zun\u00e4chst wieder frei gegeben. Die dritte  Kuh ist nach wie vor im Feldgebiet zwischen Ladenburg, Heddesheim und  der A 5 unterwegs.  Mehrere Streifenwagen der umliegenden  Polizeidienststellen sowie eine Streife der Bundespolizei beobachten die  n\u00e4here Umgebung der Autobahn und leiten gegebenenfalls kurzfristig  wieder ein Sperrung ein. Ein Polizeihubschrauber ist angefordert. <\/p>\n\n\n\n<h4 class=\"wp-block-heading\">(Heddesheim \/ Ladenburg \/ Rhein-Neckar-Kreis) &#8211;  Kuh eingefangen<\/h4>\n\n\n\n<h4 class=\"wp-block-heading\" style=\"text-align:center\">Pressemitteilung Nr. 2<\/h4>\n\n\n\n<p>Die letzte auf der Flucht verbliebene Kuh ist eingefangen. <\/p>\n\n\n\n<p>Nachdem\n mehrere Versuche zuvor gescheitert waren, das aggressive Tier zu \nfangen, konnte nun ein g\u00fcnstiger Moment gefunden werden, um das Tier \nletztendlich im Bereich Grenzweg\/Leutershausener Stra\u00dfe in Heddesheim \nmit einem Strick einzufangen. <\/p>\n\n\n\n<p>Die verst\u00e4ndigte Tierrettung Rhein-Neckar musste nicht mehr eingreifen. <\/p>\n\n\n\n<p>Die ab 15.10 Uhr gesperrte Bahnstrecke Karlsruhe-Frankfurt wurde gegen 15.50 Uhr wieder freigegeben. <\/p>\n\n\n\n<h4 class=\"wp-block-heading\">(Hemsbach \/ Rhein-Neckar-Kreis) &#8211; Unbekannte brechen in leerstehendes  Geb\u00e4ude ein und stehlen Kupferrohre \/ Hoher Schaden &#8211; Zeugen gesucht<\/h4>\n\n\n\n<p>Bislang unbekannte T\u00e4ter warfen im Zeitraum von Freitag bis Montag an  dem leerstehenden Anwesen &#8222;Luisenhof&#8220; in der Landstra\u00dfe ein Fenster ein  und gelangten so ins Innere. Sie demontierten mehrere Kupferrohre,  darunter Dachrinnen und Abwasserrohre, sowie die Lampendeckel der  Au\u00dfenbeleuchtung und machten sich damit aus dem Staub. Der Schaden wird  auf ca. 20.000 Euro gesch\u00e4tzt. <\/p>\n\n\n\n<p>Zeugen, die verd\u00e4chtige  Beobachtungen gemacht haben, werden gebeten, sich mit dem Polizeiposten  Hemsbach unter Tel.: 06201\/71207 oder dem Polizeirevier Weinheim unter  Tel.: 06201\/1003-0 in Verbindung zu setzen.<\/p>\n","protected":false},"excerpt":{"rendered":"<div class=\"mh-excerpt\"><p>Polizeimeldungen vom Mittwoch (01.05.2019) (Speyer) &#8211; Trunkenheitsfahrt Ein 44j\u00e4hriger PKW-Fahrer wurde Mittwochfr\u00fch am K\u00f6nigsplatz einer Verkehrskontrolle unterzogen. Da ein Atemalkoholtest einen Wert von \u00fcber einem Promille ergab, wurde der F\u00fchrerschein sichergestellt und eine Blutprobe entnommen. <a class=\"mh-excerpt-more\" href=\"https:\/\/speyer24news.com\/?p=12969\" title=\"Polizeimeldungen\">[&#8230;]<\/a><\/p>\n<\/div>","protected":false},"author":3,"featured_media":0,"comment_status":"open","ping_status":"open","sticky":false,"template":"","format":"standard","meta":{"_monsterinsights_skip_tracking":false,"_monsterinsights_sitenote_active":false,"_monsterinsights_sitenote_note":"","_monsterinsights_sitenote_category":0,"footnotes":""},"categories":[12],"tags":[61,63,105,53,102,213,55,103,106,427],"aioseo_notices":[],"amp_enabled":true,"_links":{"self":[{"href":"https:\/\/speyer24news.com\/index.php?rest_route=\/wp\/v2\/posts\/12969"}],"collection":[{"href":"https:\/\/speyer24news.com\/index.php?rest_route=\/wp\/v2\/posts"}],"about":[{"href":"https:\/\/speyer24news.com\/index.php?rest_route=\/wp\/v2\/types\/post"}],"author":[{"embeddable":true,"href":"https:\/\/speyer24news.com\/index.php?rest_route=\/wp\/v2\/users\/3"}],"replies":[{"embeddable":true,"href":"https:\/\/speyer24news.com\/index.php?rest_route=%2Fwp%2Fv2%2Fcomments&post=12969"}],"version-history":[{"count":2,"href":"https:\/\/speyer24news.com\/index.php?rest_route=\/wp\/v2\/posts\/12969\/revisions"}],"predecessor-version":[{"id":12971,"href":"https:\/\/speyer24news.com\/index.php?rest_route=\/wp\/v2\/posts\/12969\/revisions\/12971"}],"wp:attachment":[{"href":"https:\/\/speyer24news.com\/index.php?rest_route=%2Fwp%2Fv2%2Fmedia&parent=12969"}],"wp:term":[{"taxonomy":"category","embeddable":true,"href":"https:\/\/speyer24news.com\/index.php?rest_route=%2Fwp%2Fv2%2Fcategories&post=12969"},{"taxonomy":"post_tag","embeddable":true,"href":"https:\/\/speyer24news.com\/index.php?rest_route=%2Fwp%2Fv2%2Ftags&post=12969"}],"curies":[{"name":"wp","href":"https:\/\/api.w.org\/{rel}","templated":true}]}}