{"id":13008,"date":"2019-05-06T09:41:46","date_gmt":"2019-05-06T08:41:46","guid":{"rendered":"https:\/\/speyer24news.com\/?p=13008"},"modified":"2019-05-06T09:43:13","modified_gmt":"2019-05-06T08:43:13","slug":"fest-der-kulturen-am-12-mai","status":"publish","type":"post","link":"https:\/\/speyer24news.com\/?p=13008","title":{"rendered":"Fest der Kulturen am 12. Mai"},"content":{"rendered":"<style type=\"text\/css\">\r\n\t.ads_top_disp{}\r\n\t.ads_top_corner_disp{ float:left; margin:0px 10px 10px 0px; }\r\n\t.ads_first_p_disp{}\r\n\t.ads_bottom_disp{}\r\n\t<\/style>\n<h2 class=\"wp-block-heading\">Kleine Weltreise auf dem Guido-Stifts-Platz<\/h2>\n\n\n\n<div class=\"wp-block-image\"><figure class=\"aligncenter\"><img decoding=\"async\" loading=\"lazy\" width=\"800\" height=\"600\" src=\"https:\/\/speyer24news.com\/wp-content\/uploads\/2019\/05\/DSC01025.jpg\" alt=\"\" class=\"wp-image-13010\" srcset=\"https:\/\/speyer24news.com\/wp-content\/uploads\/2019\/05\/DSC01025.jpg 800w, https:\/\/speyer24news.com\/wp-content\/uploads\/2019\/05\/DSC01025-300x225.jpg 300w, https:\/\/speyer24news.com\/wp-content\/uploads\/2019\/05\/DSC01025-768x576.jpg 768w, https:\/\/speyer24news.com\/wp-content\/uploads\/2019\/05\/DSC01025-678x509.jpg 678w, https:\/\/speyer24news.com\/wp-content\/uploads\/2019\/05\/DSC01025-326x245.jpg 326w, https:\/\/speyer24news.com\/wp-content\/uploads\/2019\/05\/DSC01025-80x60.jpg 80w\" sizes=\"(max-width: 800px) 100vw, 800px\" \/><figcaption><strong> \u201ePulse of Europe\u201c<\/strong><\/figcaption><\/figure><\/div>\n\n\n\n<p><strong>Speyer \/ St. Guido-Stifts-Platz &#8211; <\/strong>Die Domstadt feiert erneut die Vielfalt: Nach den Erfolgen in den zur\u00fcckliegenden Jahren wird am <strong>Sonntag, 12. Mai 2019, von 13 bis 17 Uhr<\/strong> erneut ein Fest der Kulturen auf dem Guido-Stifts-Platz und im Garten des Weidenberges gefeiert.<\/p>\n\n\n\n<div class=\"wp-block-image\"><figure class=\"aligncenter\"><img decoding=\"async\" loading=\"lazy\" width=\"640\" height=\"480\" src=\"https:\/\/speyer24news.com\/wp-content\/uploads\/2019\/05\/DSC02060.jpg\" alt=\"\" class=\"wp-image-13011\" srcset=\"https:\/\/speyer24news.com\/wp-content\/uploads\/2019\/05\/DSC02060.jpg 640w, https:\/\/speyer24news.com\/wp-content\/uploads\/2019\/05\/DSC02060-300x225.jpg 300w, https:\/\/speyer24news.com\/wp-content\/uploads\/2019\/05\/DSC02060-326x245.jpg 326w, https:\/\/speyer24news.com\/wp-content\/uploads\/2019\/05\/DSC02060-80x60.jpg 80w\" sizes=\"(max-width: 640px) 100vw, 640px\" \/><figcaption><strong> Trommelgruppe Afabato<\/strong><\/figcaption><\/figure><\/div>\n\n\n\n<p>Rund 20 Vereine und Initiativen mit den unterschiedlichsten kulturellen  Wurzeln, darunter auch die Freundeskreise der Speyerer Partnerst\u00e4dte und  \u201ePulse of Europe\u201c, werden sich dort pr\u00e4sentieren. Auf zwei B\u00fchnen wird  ein abwechslungsreiches und interkulturelles  B\u00fchnenprogramm, u.a. mit den Marching Bones der Musikschule der Stadt  Speyer, der Trommelgruppe Afabato, den Lokalmatadoren von One Eyed Jack,  den Habibis, einer Modenschau der Schulmanufaktur der Burgfeldschule  und Intima mu Ruanda angeboten. Dar\u00fcber hinaus  wird es kostenlose F\u00fchrungen durch die Synagoge \u201eBeith Schalom\u201c und den  Adenauerpark geben.<\/p>\n\n\n\n<figure class=\"wp-block-image\"><img decoding=\"async\" loading=\"lazy\" width=\"800\" height=\"600\" src=\"https:\/\/speyer24news.com\/wp-content\/uploads\/2019\/05\/DSC01696.jpg\" alt=\"\" class=\"wp-image-13006\" srcset=\"https:\/\/speyer24news.com\/wp-content\/uploads\/2019\/05\/DSC01696.jpg 800w, https:\/\/speyer24news.com\/wp-content\/uploads\/2019\/05\/DSC01696-300x225.jpg 300w, https:\/\/speyer24news.com\/wp-content\/uploads\/2019\/05\/DSC01696-768x576.jpg 768w, https:\/\/speyer24news.com\/wp-content\/uploads\/2019\/05\/DSC01696-678x509.jpg 678w, https:\/\/speyer24news.com\/wp-content\/uploads\/2019\/05\/DSC01696-326x245.jpg 326w, https:\/\/speyer24news.com\/wp-content\/uploads\/2019\/05\/DSC01696-80x60.jpg 80w\" sizes=\"(max-width: 800px) 100vw, 800px\" \/><figcaption>Das Gryne Band<\/figcaption><\/figure>\n\n\n\n<p>Das Fest ist in diesem Jahr auch mit dem Grynen Band verbunden und wirbt  f\u00fcr kulturelle und religi\u00f6se Vielfalt und Toleranz in Speyer. F\u00fcr die  Durchf\u00fchrung des Festes wird der <strong><em>St. Guido-Stifts-Platz von 12 bis 19  Uhr f\u00fcr den Verkehr gesperrt werden<\/em><\/strong>. <\/p>\n\n\n\n<p><strong>Weitere Infos:<\/strong> <a rel=\"noreferrer noopener\" href=\"https:\/\/deref-web-02.de\/mail\/client\/cBlo3PKOzbM\/dereferrer\/?redirectUrl=https%3A%2F%2Fwww.speyer.de%2Fsv_speyer%2Fde%2FTourismus%2FVeranstaltungen%2FFest%2520der%2520Kulturen%2F\" target=\"_blank\"> https:\/\/www.speyer.de\/sv_speyer\/de\/Tourismus\/Veranstaltungen\/Fest%20der%20Kulturen\/<\/a> <\/p>\n\n\n\n<div class=\"wp-block-image\"><figure class=\"aligncenter\"><img decoding=\"async\" loading=\"lazy\" width=\"500\" height=\"703\" src=\"https:\/\/speyer24news.com\/wp-content\/uploads\/2019\/05\/Fest-der-Kulturen-\u00a9-Frank-Grossmann.jpg\" alt=\"\" class=\"wp-image-13009\" srcset=\"https:\/\/speyer24news.com\/wp-content\/uploads\/2019\/05\/Fest-der-Kulturen-\u00a9-Frank-Grossmann.jpg 500w, https:\/\/speyer24news.com\/wp-content\/uploads\/2019\/05\/Fest-der-Kulturen-\u00a9-Frank-Grossmann-213x300.jpg 213w\" sizes=\"(max-width: 500px) 100vw, 500px\" \/><\/figure><\/div>\n\n\n\n<p><em>Text: Stadt Speyer Foto: Speyer 24\/7 News dak; Fest der Kuluturen &#8211; Plakat Frank Grossmann<br>06.05.2019<\/em><\/p>\n","protected":false},"excerpt":{"rendered":"<div class=\"mh-excerpt\"><p>Kleine Weltreise auf dem Guido-Stifts-Platz Speyer \/ St. Guido-Stifts-Platz &#8211; Die Domstadt feiert erneut die Vielfalt: Nach den Erfolgen in den zur\u00fcckliegenden Jahren wird am Sonntag, 12. Mai 2019, von 13 bis 17 Uhr erneut <a class=\"mh-excerpt-more\" href=\"https:\/\/speyer24news.com\/?p=13008\" title=\"Fest der Kulturen am 12. Mai\">[&#8230;]<\/a><\/p>\n<\/div>","protected":false},"author":3,"featured_media":13009,"comment_status":"open","ping_status":"open","sticky":false,"template":"","format":"standard","meta":{"_monsterinsights_skip_tracking":false,"_monsterinsights_sitenote_active":false,"_monsterinsights_sitenote_note":"","_monsterinsights_sitenote_category":0,"footnotes":""},"categories":[9],"tags":[1014,6,929,1016,1015],"aioseo_notices":[],"amp_enabled":true,"_links":{"self":[{"href":"https:\/\/speyer24news.com\/index.php?rest_route=\/wp\/v2\/posts\/13008"}],"collection":[{"href":"https:\/\/speyer24news.com\/index.php?rest_route=\/wp\/v2\/posts"}],"about":[{"href":"https:\/\/speyer24news.com\/index.php?rest_route=\/wp\/v2\/types\/post"}],"author":[{"embeddable":true,"href":"https:\/\/speyer24news.com\/index.php?rest_route=\/wp\/v2\/users\/3"}],"replies":[{"embeddable":true,"href":"https:\/\/speyer24news.com\/index.php?rest_route=%2Fwp%2Fv2%2Fcomments&post=13008"}],"version-history":[{"count":2,"href":"https:\/\/speyer24news.com\/index.php?rest_route=\/wp\/v2\/posts\/13008\/revisions"}],"predecessor-version":[{"id":13013,"href":"https:\/\/speyer24news.com\/index.php?rest_route=\/wp\/v2\/posts\/13008\/revisions\/13013"}],"wp:featuredmedia":[{"embeddable":true,"href":"https:\/\/speyer24news.com\/index.php?rest_route=\/wp\/v2\/media\/13009"}],"wp:attachment":[{"href":"https:\/\/speyer24news.com\/index.php?rest_route=%2Fwp%2Fv2%2Fmedia&parent=13008"}],"wp:term":[{"taxonomy":"category","embeddable":true,"href":"https:\/\/speyer24news.com\/index.php?rest_route=%2Fwp%2Fv2%2Fcategories&post=13008"},{"taxonomy":"post_tag","embeddable":true,"href":"https:\/\/speyer24news.com\/index.php?rest_route=%2Fwp%2Fv2%2Ftags&post=13008"}],"curies":[{"name":"wp","href":"https:\/\/api.w.org\/{rel}","templated":true}]}}