{"id":13254,"date":"2019-05-09T11:21:28","date_gmt":"2019-05-09T10:21:28","guid":{"rendered":"https:\/\/speyer24news.com\/?p=13254"},"modified":"2019-05-09T11:21:30","modified_gmt":"2019-05-09T10:21:30","slug":"polizeimeldung-2","status":"publish","type":"post","link":"https:\/\/speyer24news.com\/?p=13254","title":{"rendered":"Polizeimeldung"},"content":{"rendered":"<style type=\"text\/css\">\r\n\t.ads_top_disp{}\r\n\t.ads_top_corner_disp{ float:left; margin:0px 10px 10px 0px; }\r\n\t.ads_first_p_disp{}\r\n\t.ads_bottom_disp{}\r\n\t<\/style>\n<h2 class=\"wp-block-heading\">Polizeimeldungen von Dienstag und Mittwoch (07.05 &#8211; 08.05.2019)<\/h2>\n\n\n\n<div class=\"wp-block-image\"><figure class=\"aligncenter\"><img decoding=\"async\" src=\"https:\/\/speyer24news.com\/wp-content\/uploads\/2019\/04\/Aktuelles-Polizeilogo-4.jpg\" alt=\"\" class=\"wp-image-12786\"\/><\/figure><\/div>\n\n\n\n<h4 class=\"wp-block-heading\">(Speyer) &#8211; Hoher Sachschaden nach Auffahrunfall<\/h4>\n\n\n\n<p>In der Landwehrstra\u00dfe hat ein 46-j\u00e4hriger BMW am Dienstagnachmittag einen vor ihm in Richtung Wormser Landstra\u00dfe verkehrsbedingt  abbremsenden VW \u00fcbersehen und ist aufgefahren. Durch die Wucht des  Aufpralls wurde dieser auf einen davor befindlichen Opel und dieser  wiederum auf einen davor abbremsenden Toyota geschoben. Bei dem Unfall  wurden der VW Fahrer und die Opel Fahrerin leicht verletzt. Der BMW war  nicht mehr fahrbereit und wurde abgeschleppt. Gesamtschaden: 12200 Euro <\/p>\n\n\n\n<h4 class=\"wp-block-heading\">(Speyer) &#8211; Gegenseitige Schuldzuweisung<\/h4>\n\n\n\n<p>Eine 84-j\u00e4hrige Ford Fiesta Fahrerin und ein 82-j\u00e4hriger VW Passat Fahrer versuchten am Dienstagvormittag jeweils mit ihren Fahrzeugen r\u00fcckw\u00e4rts aus einer Parkl\u00fccke auf dem Parkplatz in der L\u00f6ffelgasse auszuparken. Hierbei trafen sie sich in der Mitte der Fahrspur. Eigenen Angaben zufolge wollen beide zwar r\u00fcckw\u00e4rts gefahren sein, Schuld am Unfall sei aber der jeweils andere. Beiden Parteien wurde ein Vorwurf  hinsichtlich einer Sorgfaltspflichtverletzung gemacht. Schaden: circa  400 Euro. <\/p>\n\n\n\n<h4 class=\"wp-block-heading\">(Speyer) &#8211; Gegenverkehr \u00fcbersehen<\/h4>\n\n\n\n<p>14.200 Euro Sachschaden entstanden am Dienstagmorgen bei einem  Verkehrsunfall auf der Kreisstra\u00dfe 1 zwischen Otterstadt und der B 9.  Ein 36-j\u00e4hriger Opel Meriva Fahrer wollte hier von der K 1 nach links  auf das ehemalige Kasernengel\u00e4nde abbiegen und \u00fcbersah dabei einen  entgegenkommenden VW Polo. Die beiden Fahrzeuge waren nach dem  Zusammensto\u00df nicht mehr fahrbereit und wurden abgeschleppt. Trotz der  massiven Sch\u00e4den an beiden Fahrzeugen blieben die beiden Fahrer  unverletzt. <\/p>\n\n\n\n<h4 class=\"wp-block-heading\">(Speyer) &#8211; PKW entwendet<\/h4>\n\n\n\n<p>Unbekannte T\u00e4ter haben zwischen Montag, 17.45 Uhr, und Dienstag, 07.30 Uhr, in der Gie\u00dfh\u00fcbelstra\u00dfe einen Mercedes Sprinter, Baujahr 2004, entwendet. Zeugenhinweise nimmt die Polizei unter Tel.-Nr. 06232-1370 oder per Mail an <a href=\"mailto:pispeyer@polizei.rlp.de\">pispeyer@polizei.rlp.de<\/a> entgegen. <\/p>\n\n\n\n<h4 class=\"wp-block-heading\">(Speyer) &#8211; Drei Autofahrer berauscht unterwegs<\/h4>\n\n\n\n<p>Bei der Kontrolle eines 22-j\u00e4hrigen PKW Fahrers am Montagvormittag in der Tullastra\u00dfe gab dieser auf Nachfrage an, am Freitagabend zwei  Joints geraucht zu haben. Ihm wurde eine Blutprobe entnommen und die  Weiterfahrt untersagt. <\/p>\n\n\n\n<p>In der Oberen Langgasse ergab am Montagabend ein Alkoholtest bei einem 46-j\u00e4hrigen Citroen Fahrer einen Wert von 0,72  Promille. Auf der Polizeiwache wurde ein gerichtsverwertbarer Alkohltest durchgef\u00fchrt. Sein F\u00fchrerschein wurde sichergestellt und die  Weiterfahrt untersagt. <\/p>\n\n\n\n<p>Bei einer weiteren Kontrolle Montagabend  in der Oberen Langgasse h\u00e4ndigte ein 42-j\u00e4hriger Mann einen gef\u00e4lschten  moldawischen F\u00fchrerschein aus. Zudem wurden drogentypische  Auffallerscheinungen festgestellt. Auf Nachfrage gab er an, am Vortag  Heroin konsumiert zu haben. Ihm wurde eine Blutprobe entnommen und die  Weiterfahrt untersagt. Sein gef\u00e4lschter F\u00fchrerschein wurde  sichergestellt. <\/p>\n\n\n\n<h4 class=\"wp-block-heading\">(Speyer) &#8211; Geldb\u00f6rse gestohlen<\/h4>\n\n\n\n<p>Eine 39-j\u00e4hrige Frau wartete am Montagnachmittag in der Sch\u00fctzenstra\u00dfe auf einen Arbeitskollegen. Ihre Handtasche stand offen  vor ihr. Die Geldb\u00f6rse mit ca. 220 Euro Inhalt lag sichtbar und frei  zug\u00e4nglich darin. Zwei junge M\u00e4nner gingen an ihr vorbei, als einer der  beiden pl\u00f6tzlich in Richtung Sch\u00fctzenpark davon rannte. Die Frau schaute  in ihre Handtasche und bemerkte, dass die Geldb\u00f6rse fehlte. Die beiden  M\u00e4nner kann sie wie folgt beschreiben: <\/p>\n\n\n\n<ul><li><strong>T\u00e4ter 1:<\/strong> m\u00e4nnlich, 18-20 Jahre,  schlank, blonde kurze gegeelte Haare, dunkle Bomberjacke <\/li><li><strong>T\u00e4ter 2: <\/strong> m\u00e4nnlich, 18-20 Jahre, schlank, dunkle l\u00e4ngere Haare, telefonierte zum  Tatzeitpunkt und sprach akzentfreies Deutsch. <\/li><\/ul>\n\n\n\n<p>Zeugenhinweise nimmt die  Polizei unter Tel.-Nr. 06232-1370 oder per Mail an <a href=\"mailto:pispeyer@polizei.rlp.de\">pispeyer@polizei.rlp.de<\/a> entgegen. <\/p>\n\n\n\n<h4 class=\"wp-block-heading\">(Speyer) &#8211; Vorfahrt missachtet<\/h4>\n\n\n\n<p>Eine 52-j\u00e4hrige Mitsubishi Fahrerin wollte am Montagmorgen von dem Parkplatz an der alten Baumwollspinnerei geradeaus \u00fcber die  Friedrich-Ebert-Stra\u00dfe in die Burgstra\u00dfe fahren. Dabei \u00fcbersah sie einen  vorfahrtsberechtigten Peugeot, der auf der Friedrich-Ebert-Stra\u00dfe in  Richtung Bahnhofstra\u00dfe unterwegs war. Bei dem folgenden Zusammensto\u00df  wurde die Peugeot Fahrerin leicht verletzt. An den Fahrzeugen entstand  Sachschaden in H\u00f6he von 7000 Euro. Beide Fahrzeuge waren nicht mehr  fahrbereit und wurden abgeschleppt. <\/p>\n\n\n\n<h4 class=\"wp-block-heading\">(Speyer) &#8211; Zeugen gesucht<\/h4>\n\n\n\n<p>Leicht verletzt wurde am Montagmorgen eine 62-j\u00e4hrige Radfahrerin  in der Friedrich-Ebertstra\u00dfe-Stra\u00dfe. Sie bog aus Richtung  Karl-Spindler-Stra\u00dfe nach rechts auf den dortigen in beiden  Fahrtrichtungen freigegebenen Radweg ein und stie\u00df mit einem  entgegenkommenden etwa 10-j\u00e4hrigen Radfahrer zusammen, weil dieser gegen  das Rechtsfahrgebot verstie\u00df. Beide st\u00fcrzten. Die 62-J\u00e4hrige fiel auf  ihren Stei\u00df und ihr linkes Bein. Infolge dessen trat ein Taubheitsgef\u00fchl  des Beines ein, so dass es ihr unm\u00f6glich war, ohne fremde Hilfe  aufzustehen. Der Junge stand auf und entfernte sich unerlaubt von der  Unfallstelle. Die Frau wurde durch den hinzugezogenen Rettungsdienst zur  weiteren Behandlung in ein Krankenhaus gebracht. Zeugenhinweise nimmt  die Polizei unter Tel.-Nr. 06232-1370 oder per Mail an <a href=\"mailto:pispeyer@polizei.rlp.de\">pispeyer@polizei.rlp.de<\/a> entgegen. <\/p>\n\n\n\n<h4 class=\"wp-block-heading\">(Dudenhofen) &#8211; PKW zerkratzt<\/h4>\n\n\n\n<p>Unbekannte zerkratzten zw. Sonntagnachmittag bis Montagfr\u00fch in der  Gommersheimer Stra\u00dfe die komplette Beifahrerseite an einen Opel  Grandland. Schaden: circa 1500 Euro. Zeugenhinweise nimmt die Polizei  unter Tel.-Nr. 06232-1370 oder per Mail an <a href=\"mailto:pispeyer@polizei.rlp.de\">pispeyer@polizei.rlp.de<\/a> entgegen. <\/p>\n\n\n\n<h4 class=\"wp-block-heading\">(Waldsee) &#8211; Fahrzeug gestreift und weiter gefahren<\/h4>\n\n\n\n<p>Am 07.05.2019, etwa um 17:15 Uhr, wurde in der Mozartstra\u00dfe ein auf  H\u00f6he der Hausnummer 41 geparktes Fahrzeug gestreift. Der  Unfallverursacher entfernte sich hiernach unerlaubt von der  Unfallstelle. Laut Zeugen soll es sich dabei einen blau\/lila Kombi handeln, vermutlich mit polnischem Kennzeichen. Weitere Zeugen werden  gebeten, sich mit der Polizeiinspektion Schifferstadt unter 06235\/4950  in Verbindung zu setzen. <\/p>\n\n\n\n<h4 class=\"wp-block-heading\">(Limburgerhof) &#8211; Zwei Verkehrsunf\u00e4lle in Limburgerhof<\/h4>\n\n\n\n<p>Am Abend des 06.05.19, st\u00fcrzte eine 27-j\u00e4hrige in der Haardtstra\u00dfe mit  ihrem Mofa und verletzte sich hierbei leicht am Bein. Beim Anfahren  verlor die noch unge\u00fcbte Frau das Gleichgewicht, kam von der Fahrbahn ab  und fiel auf den Gehweg. <\/p>\n\n\n\n<p>Ebenfalls am 06.05.19, gegen 17:50 Uhr,  fuhr ein 30-j\u00e4hriger Schifferstadter von der B9 kommend, an der Abfahrt  Rehh\u00fctte aus Unachtsamkeit auf das Fahrzeug einer 25-j\u00e4hrigen auf, die  verkehrsbedingt wartete. Hierbei wurde das Fahrzeug des 30-j\u00e4hrigen  derart besch\u00e4digt, dass es nicht mehr fahrbereit war und abgeschleppt  werden musste. Verletzt wurde niemand.<\/p>\n\n\n\n<h4 class=\"wp-block-heading\">(Germersheim) &#8211; Polizei sucht Ladendiebe<\/h4>\n\n\n\n<p>Zwei bis dato unbekannte M\u00e4nner hatten am Dienstagmittag gegen 12.30  Uhr versucht mehrere Parf\u00fcms aus einem Drogeriemarkt am Fachmarktzentrum  zu entwenden. Die T\u00e4ter wurden bei dem Diebstahl allerdings von einer  Mitarbeiterin aufgehalten und fl\u00fcchteten ohne Beute in Richtung  August-Keiler-Stra\u00dfe. Die Parf\u00fcms hatten einen Wert von 430 EUR. <\/p>\n\n\n\n<ul><li>Der erste m\u00e4nnliche Tatverd\u00e4chtige wird wie folgt beschrieben:  ca. 170 cm  gro\u00df, blonde Haare, schwarze Lederjacke, Jeans, keine Altersangabe. <\/li><li>Der  zweite Tatverd\u00e4chtige war kr\u00e4ftig, ca. 185 &#8211; 190 cm gro\u00df, dunkelblaue  Jacke sowie wei\u00dfe Sportschuhe der Marke Nike. <\/li><\/ul>\n\n\n\n<p>Zeugenhinweise nimmt die Polizeiinspektion Germersheim telefonisch unter 07274-9580 bzw. per Mail an <a href=\"mailto:pigermersheim@polizei.rlp.de\">pigermersheim@polizei.rlp.de<\/a> entgegen. <\/p>\n\n\n\n<h4 class=\"wp-block-heading\">(Germersheim) &#8211; Austausch der Feder f\u00fchrt zum Erl\u00f6schen der Betriebserlaubnis<\/h4>\n\n\n\n<p>Auf Grund eines nicht angelegten Sicherheitsgurtes wurde ein 22 &#8211; J\u00e4hriger Mann aus Germersheim am Montag gegen 13 Uhr im Bereich der  Waldstra\u00dfe mit seinem Auto kontrolliert. Im Verlauf der Kontrolle  stellten die Polizisten eine nicht genehmigte Montage von Federn fest.  Dies f\u00fchrte zum Erl\u00f6schen der Betriebserlaubnis. Der Fahrer muss sein  Fahrzeug beim T\u00dcV vorf\u00fchren und eine Genehmigung beantragen. Weiterhin  erwartet ihn ein Bu\u00dfgeld. <\/p>\n\n\n\n<h4 class=\"wp-block-heading\">(Germersheim) &#8211; Zw\u00f6lf zu schnell<\/h4>\n\n\n\n<p>Zw\u00f6lf zu schnelle Autofahrer hat die Polizei bei einer Messung am  Montagmorgen in der Zeit von 9 bis 10.30 Uhr im Bereich am alten Hafen  festgestellt. Bei erlaubten 30 km\/h lag der H\u00f6chstwert bei 53 km\/h.   Weiterhin hatte ein Fahrer nicht den Sicherheitsgurt angelegt und musste  30 EUR Verwarnungsgeld bezahlen. <\/p>\n\n\n\n<h4 class=\"wp-block-heading\">(R\u00fclzheim) &#8211; Automat aufgebrochen<\/h4>\n\n\n\n<p>Mehrere hundert Euro erbeutete ein bis dato unbekannter T\u00e4ter bei einem  Automatenaufbruch in der Nacht von Mittwoch auf Donnerstag. Der  Lebensmittelautomat war im Bereich der Mittleren Ortsstra\u00dfe in R\u00fclzheim  aufgestellt. Der Gesamtschaden bel\u00e4uft sich auf zirka 2500 EUR. Zeugen,  welche die Tat beobachtet haben, werden gebeten sich telefonisch bei der  Polizeiinspektion Germersheim unter 07274\/9580 zu melden. <\/p>\n\n\n\n<h4 class=\"wp-block-heading\">(Leimersheim) &#8211; Fahrrad aus Hof gestohlen<\/h4>\n\n\n\n<p>Ein Trekkingrad im Wert von 600 EUR hatte ein bis dato unbekannter  T\u00e4ter in der Nacht vom Freitag auf Samstag gestohlen. Das Rad war  mittels eines Schlosses gegen die Wegnahme gesichert und im Hof eines  Anwesens abgestellt. Die Tat ereignete sich im Bereich der  Abraham-Weil-Stra\u00dfe. Das Rad der Marke Fuji Panic ist rot\/schwarz und  verf\u00fcgt \u00fcber eine 21 Gang &#8211; Kettenschaltung der Marke Shimano. <\/p>\n\n\n\n<p>Zeugenhinweise nimmt die Polizei Germersheim telefonisch unter 07274-9580 oder per Mail unter <a href=\"mailto:pigermersheim@polizei.rlp.de\">pigermersheim@polizei.rlp.de<\/a>. Entgegen. <\/p>\n\n\n\n<h4 class=\"wp-block-heading\">(Annweiler \/ Kandel \/ Hatzenb\u00fchl \/ R\u00fclzheim) &#8211; Einbr\u00fcche in Supermarktkette \/ Hubschrauber fahndet<\/h4>\n\n\n\n<div class=\"wp-block-image\"><figure class=\"aligncenter\"><img decoding=\"async\" src=\"https:\/\/speyer24news.com\/wp-content\/uploads\/2019\/05\/Hubschrauber-bei-Personensuche.jpeg\" alt=\"\" class=\"wp-image-13256\"\/><\/figure><\/div>\n\n\n\n<p>Bisher unbekannte T\u00e4ter brachen in der Zeit vom 03.05.-06.05.2019 in verschiedene Filialen der gleichen Supermarktkette ein. <\/p>\n\n\n\n<p>Bereits\n am 03.05.2019 gegen 23.25 Uhr wurde der Polizeiinspektion Landau ein \nEinbruch in eine Supermarktfiliale in den Bruchwiesen in Annweiler \ngemeldet. Die Einsatzkr\u00e4fte konnten beim Eintreffen in unmittelbarer \nN\u00e4he des Marktes eine m\u00e4nnliche Person festnehmen. F\u00fcr die weitere \nFahndung nach noch zu Fu\u00df fl\u00fcchtigen Mitt\u00e4tern wurde auch der \nPolizeihubschrauber, sowie Beamte der Hundestaffel eingesetzt. <\/p>\n\n\n\n<p>Ein\n durch die T\u00e4ter mitgef\u00fchrtes Fahrzeug, sowie Aufbruchwerkzeug konnte \nsichergestellt werden. Der zun\u00e4chst festgenommene Tatverd\u00e4chtige wurde \nnach Abschluss der polizeilichen Ma\u00dfnahmen in Absprache mit der \nStaatsanwaltschaft auf freien Fu\u00df entlassen, da er \u00fcber einen festen \nWohnsitz verf\u00fcgt und keine Haftgr\u00fcnde vorlagen. <\/p>\n\n\n\n<p>Am 05.05.2019 \ngegen 03.52 Uhr wurden mindestens drei unbekannte T\u00e4ter durch einen \nZeugen beim Verlassen eines Supermarktes in der Saarstra\u00dfe in Kandel \nbeobachtet. Nach kurzer Flucht zu Fu\u00df setzten die T\u00e4ter ihre Flucht mit \neinem schwarzen VW Touareg mit M\u00fcnchener Kennzeichen fort. Trotz \nsofortiger Fahndung gelang den T\u00e4tern die weitere Flucht in Richtung \nfranz\u00f6sischer Grenze. Der Kriminaldauerdienst wurde f\u00fcr die \nTatortaufnahme hinzugezogen. Dabei konnte festgestellt werden, dass es \ndie T\u00e4ter auf den Tresor abgesehen hatten. <\/p>\n\n\n\n<p>Am Montag, den \n06.05.2019 gegen 06.00 Uhr stellte eine Mitarbeiterin eines Supermarktes\n im Nordring in R\u00fclzheim fest, dass \u00fcbers Wochenende unbekannte T\u00e4ter in\n die Verkaufsr\u00e4ume eingedrungen waren. Hier wurde der Tresor ge\u00f6ffnet \nund mehrere tausend Euro entwendet. Ebenfalls in der Nacht von 05. auf \nden 06.05.2019 gelangten unbekannte T\u00e4ter in eine Supermarktfiliale in \nder Kirchstra\u00dfe in Hatzenb\u00fchl. Auch in diesem Fall hatten es die T\u00e4ter \nauf den Tresor abgesehen und erbeuteten mehrere tausend Euro. <\/p>\n\n\n\n<p>In \nden drei vorgenannten F\u00e4llen hatten die T\u00e4ter die im Markt befindlichen \nAlarmanlagen au\u00dfer Betrieb gesetzt. Derzeit wird gepr\u00fcft, ob f\u00fcr alle \nEinbr\u00fcche die gleiche T\u00e4tergruppe in Frage kommt. Die weiteren \nErmittlungen werden durch die Kriminalinspektion Landau gef\u00fchrt. <\/p>\n\n\n\n<p>Zeugen werden gebeten sich mit der Kriminalinspektion Landau unter Telefon: 06341-287-0 in Verbindung zu setzen. <\/p>\n\n\n\n<h4 class=\"wp-block-heading\">(Herxheim) &#8211; Vier Einbr\u00fcche in einer Nacht<\/h4>\n\n\n\n<p>Bisher unbekannte T\u00e4ter brachen in der Zeit vom 06.05.-07.05.2019 \u00fcber ein  Fenster in die Kindertagesst\u00e4tte St. Josef in der Richard-Flick-Stra\u00dfe  in Herxheim ein. Entwendet wurde eine geringe Menge Bargeld. In der  gleichen Nacht wurde auch eine Physiopraxis in der Unteren Hauptstra\u00dfe  von Einbrechern heimgesucht. Die T\u00e4ter hatten ebenfalls Erfolg und  entwendeten einen Bargeldbetrag in bislang unbekannter H\u00f6he. \u00dcber die  Terrassent\u00fcr gelangten T\u00e4ter in das Haus der Begegnung in der  Leonhard-Peters-Stra\u00dfe. Die B\u00fcros und Kellerr\u00e4ume wurden durchw\u00fchlt,  ohne dabei jedoch weitere Beute zu machen. Im 4. Fall wurden die  R\u00e4umlichkeiten einer Firma ebenfalls in der Leonhard-Peters-Stra\u00dfe  durchsucht. Auch in diesem Fall gelangten die T\u00e4ter \u00fcber ein  aufgehebeltes Fenster in die B\u00fcror\u00e4ume. Hier erbeuteten sie auch nur  eine geringe Summe Bargeld. Zeugen werden gebeten sich mit der  Kriminalinspektion Landau unter Telefon: 06341-287-0 in Verbindung zu  setzen. <\/p>\n\n\n\n<h4 class=\"wp-block-heading\">(Oberotterbach) &#8211; Pkw macht sich selbst\u00e4ndig<\/h4>\n\n\n\n<p>Am Montag, 06.05.19, gegen 12:55 Uhr, kam es in der Weinstra\u00dfe zu einem  Verkehrsunfall. Ein vor dem Anwesen Nr.6 geparkter Pkw BMW Mini setzte  sich trotz angezogener Handbremse auf der leicht absch\u00fcssigen Stra\u00dfe,  selbst\u00e4ndig in Bewegung und rollte gegen einen geparkten Pkw. An beiden  Fahrzeugen entstand ein Sachschaden in H\u00f6he von 3000.- Euro. <\/p>\n\n\n\n<h4 class=\"wp-block-heading\">(Bad bergzabern) &#8211; Einbruch in Gastst\u00e4tte<\/h4>\n\n\n\n<p>Am 08.05.19, gegen 03:00 Uhr, verschafften sich zwei unbekannte  Personen Zutritt zu einer Gastst\u00e4tte in der K\u00f6nigstra\u00dfe, indem sie die  Scheibe an der Eingangst\u00fcr einschlugen. Aus dem Innenraum wurde  Diebesgut in bislang nicht bekannter H\u00f6he entwendet. Zeugen, die  Hinweise zu den zwei gefl\u00fcchteten Personen geben k\u00f6nnen, werden gebeten  sich unter Telefon 063434\/93340 oder per Email unter <a href=\"mailto:pibadbergzabern@polizei.rlp.de\">pibadbergzabern@polizei.rlp.de<\/a> zu melden. <\/p>\n\n\n\n<h4 class=\"wp-block-heading\">(Bad Bergzabern) &#8211; Verkehrsunfall mit t\u00f6dlichem Ausgang<\/h4>\n\n\n\n<p>Am Dienstag, 07.05.2019, gegen 11:00 Uhr, kam es auf der Landstra\u00dfe 493  zwischen Silz und Klingenm\u00fcnster, zu einem schweren Verkehrsunfall.  Nach den bisherigen Ermittlungen befuhr ein 59-j\u00e4hriger Motorradfahrer  die L 493 von Silz in Richtung Klingenm\u00fcnster. Aus bislang noch  ungekl\u00e4rter Ursache kam der Motorradfahrer auf die Gegenfahrbahn und  stie\u00df hierbei mit dem Pkw einer aus Richtung Klingenm\u00fcnster  entgegenkommenden 82-j\u00e4hrigen Pkw-Fahrerin zusammen. Der Motorradfahrer  wurde bei dem Zusammensto\u00df t\u00f6dlich verletzt. Die Pkw-Fahrerin musste von  der Feuerwehr aus ihrem Fahrzeug befreit werden und wurde mit schweren  Verletzungen in ein Krankenhaus verbracht. Die Staatsanwaltschaft Landau  ordnete die Sicherstellung der Fahrzeuge an. Zur Kl\u00e4rung der  Unfallursache wurde ein Gutachter eingeschaltet. Wegen der  Unfallaufnahme und der Landung des Rettungshubschraubers wurde die  Landstra\u00dfe zwischen Silz und Klingenm\u00fcnster gesperrt. <\/p>\n\n\n\n<h4 class=\"wp-block-heading\">(Bad Bergzabern) &#8211; Fu\u00dfg\u00e4ngerin leicht verletzt \/ Zeugen gesucht<\/h4>\n\n\n\n<p>Am Montag, 06.05.19, gegen 11:00 Uhr, \u00fcbersah ein 80-j\u00e4hriger Fahrer  eines Opel Vivario beim Ausparken eine hinter seinem Fahrzeug  befindliche Fu\u00dfg\u00e4ngerin, welche die Weinstra\u00dfe in H\u00f6he des Anwesen Nr.  68 \u00fcberqueren wollte. Infolge der Ber\u00fchrung st\u00fcrzte die Fu\u00dfg\u00e4ngerin zu  Boden und zog sich leichte Verletzungen zu. Im Zusammenhang mit dem  Unfall werden insbesondere zwei Passanten gesucht, die den Unfall  beobachtet haben d\u00fcrften. Sie werden gebeten sich unter Telefon  06343-93340 oder per Email unter <a href=\"mailto:pibadbergzabern@polizei.rlp.de\">pibadbergzabern@polizei.rlp.de<\/a> melden. <\/p>\n\n\n\n<h4 class=\"wp-block-heading\">(Bad Bergzabern) &#8211; Unfallflucht<\/h4>\n\n\n\n<p>Am Montag, 06.05.19, zwischen 07:45 Uhr und 09:00 Uhr, wurde im  Maxburgring, vor dem Anwesen Nr. 5a, ein Pkw Mercedes besch\u00e4digt. Ein  bislang unbekannter Fahrzeugf\u00fchrer stie\u00df beim Ein- oder Ausparken gegen  die Beifahrerseite des Mercedes und verursachte dabei einen Sachschaden  in H\u00f6he von 2000.- Euro. Anschlie\u00dfend entfernte sich der Verursacher  unerlaubt von der Unfallstelle. Hinweise bittet die Polizeiinspektion  Bad Bergzabern unter Telefon 06343-93340 oder per Email unter <a href=\"mailto:pibadbergzabern@Polizei.rlp.de\">pibadbergzabern@Polizei.rlp.de<\/a> zu melden. <\/p>\n\n\n\n<h4 class=\"wp-block-heading\">(Annweiler) &#8211; Verkehrsgef\u00e4hrdend parkender LKW<\/h4>\n\n\n\n<p>Um seine Ruhepause einzuhalten, parkte am 07.05.19 gegen 15:30 Uhr ein  Lastkraftwagenfahrer auf der B 10 in der Abfahrt West bei Annweiler.  Hierdurch gef\u00e4hrdete er den flie\u00dfenden Verkehr, weshalb er nach einer  Kontrolle durch die Polizei umgehend zu einem legitimen Parkplatz  geleitet wurde. Zudem musste der ausl\u00e4ndische Fahrzeugf\u00fchrer eine  Sicherheitsleistung in H\u00f6he von 110 Euro entrichten. Nach Beendigung der  vorgeschriebenen Ruhezeit konnte der 40-Tonner seine Fahrt vorsetzen. <\/p>\n\n\n\n<h4 class=\"wp-block-heading\">(Annweiler) &#8211; Verlorenen Geldbeutel unterschlagen<\/h4>\n\n\n\n<p>Nachdem am 05.05.2019 ein Mann gegen 19:00 Uhr bei seiner Sparkasse  Geld abgehoben hatte, rutschte ihm wahrscheinlich beim Einsteigen in  sein Auto, welches am Messplatz in Annweiler abgestellt war, der  Geldbeutel unbemerkt aus der Hosentasche. Als er zuhause den Verlust  bemerkt hatte und zum Messplatz zur\u00fcckkehrte, war der Geldbeutel mit  mehreren hundert Euro Inhalt nicht mehr auffindbar. Zum Zeitpunkt des  Verlustes befanden sich nach Angaben des Gesch\u00e4digten mehrere  Jugendliche in der N\u00e4he. Diese oder auch andere Zeugen, welche  sachdienliche Hinweise geben k\u00f6nnen, werden gebeten, sich mit der  Polizeiwache Annweiler unter Tel.: 06346\/964619 in Verbindung zu setzen.<\/p>\n\n\n\n<h4 class=\"wp-block-heading\">(Landau) &#8211; Fu\u00dfg\u00e4nger auf Zebrastreifen gef\u00e4hrdet<\/h4>\n\n\n\n<p>Ein 43-j\u00e4hriger Mann \u00fcberquerte den Zebrastreifen in der Waffenstra\u00dfe,  Ecke Badstra\u00dfe und ging in Richtung Fu\u00dfg\u00e4ngerzone. Als er sich etwa  mittig auf dem Zebrastreifen befand, kam eine ca. 20-j\u00e4hrige Dame in  einem PKW Ford mit S\u00dcW-Kennzeichen aus Richtung Badstra\u00dfe angefahren und  bog nach rechts in die Waffenstra\u00dfe ab. Da die Fahrzeugf\u00fchrerin  scheinbar keine R\u00fccksicht auf den Fu\u00dfg\u00e4nger nahm und dieser einen  Zusammensto\u00df mit dem PKW bef\u00fcrchtete, sprang er mit einem Satz nach  vorne, um einen Zusammensto\u00df zu vermeiden. Hierbei stie\u00df der Fu\u00dfg\u00e4nger  mit seinem Fu\u00df an den PKW. Verletzt wurde er jedoch nicht. Die junge  Dame hielt nach dem Vorfall kurz an, schaute in Richtung des Fu\u00dfg\u00e4ngers  und fuhr anschlie\u00dfend weiter, ohne sich um das Wohlergehen des Mannes zu  erkundigen. <\/p>\n\n\n\n<p>Zeugen m\u00f6gen sich bitte bei der Polizei Landau melden. <\/p>\n\n\n\n<h4 class=\"wp-block-heading\">(Landau) &#8211; Verkehrsunfallflucht<\/h4>\n\n\n\n<p>In der Eichenstra\u00dfe besch\u00e4digte im Laufe des Dienstagnachmittag ein unbekannter Fahrzeugf\u00fchrer  vermutlich beim Wenden einen hier geparkten PKW Toyota mit  S\u00dcW-Kennzeichen an der hinteren linken T\u00fcr und entfernte sich danach  unerlaubt von der Unfallstelle. Es entstand Sachschaden in H\u00f6he von ca.  500 Euro. Anhand des Schadens handelte es sich um einen wei\u00dfes Fahrzeug.  <\/p>\n\n\n\n<p>Hinweise hierzu bitte an die Polizei Landau. <\/p>\n\n\n\n<h4 class=\"wp-block-heading\">(Landau) &#8211; Seit 20 Jahren ohne F\u00fchrerschein unterwegs<\/h4>\n\n\n\n<p>In der Neustadter Stra\u00dfe wurde am Dienstagnachmittag ein 59-j\u00e4hriger PKW-Fahrer einer  Verkehrskontrolle unterzogen, der zuvor einem Streifenwagen die Vorfahrt  genommen hatte. Bei der Kontrolle stelle sich heraus, dass der  Fahrzeugf\u00fchrer seit 20 Jahren in Deutschland lebt und nur einen  kosovarischen F\u00fchrerschein besitzt. Diesen h\u00e4tte er umschreiben lassen  m\u00fcssen, was er nicht getan hatte. Er wurde darauf hingewiesen, dass er  ab sofort kein f\u00fchrerscheinpflichtiges Fahrzeug mehr fahren darf. <\/p>\n\n\n\n<h4 class=\"wp-block-heading\">(Landau) &#8211; Verkehrsunfallflucht<\/h4>\n\n\n\n<p>In der Queichheimer Hauptstra\u00dfe wurde am Dienstagmorgen ein PKW Mercedes mit  GER-Kennzeichen von einem unbekannten Fahrzeug an der linken vorderen  Fahrzeugseite besch\u00e4digt. Der Verursacher entfernte sich danach  unerlaubt von der Unfallstelle. Es entstand Schaden von ca. 1500 Euro.  Zeugen m\u00f6gen sich bitte bei der Polizei Landau melden. <\/p>\n\n\n\n<h4 class=\"wp-block-heading\">(Landau) &#8211; Mit Fahrrad gest\u00fcrzt<\/h4>\n\n\n\n<p>Ein 60-j\u00e4hriger Radfahrer befuhr am Dienstagmorgen die Annweilerstra\u00dfe auf dem Radweg und  kam ohne Fremdeinwirkung aus Unachtsamkeit an einen erh\u00f6hten Bordstein.  Hierbei st\u00fcrzte er zu Boden und zog sich Verletzungen an Kinn und  Schulter zu. Zur weiteren Versorgung wurde er in ein Krankenhaus  verbracht. <\/p>\n\n\n\n<h4 class=\"wp-block-heading\">(Hainfeld) &#8211; Mulcher entwendet<\/h4>\n\n\n\n<p>Unbekannte haben einen im Weinberg abgestellten Mulcher der Marke  &#8222;Sauerburger&#8220; im Wert von 1000 Euro entwendet. Der Tatzeitraum liegt  zwischen Montag, 18 Uhr und Dienstag, 17 Uhr. Von dem T\u00e4ter fehlt jede  Spur. Hinweise nimmt die Polizei in Edenkoben unter Tel 06323 9550  entgegen. <\/p>\n\n\n\n<h4 class=\"wp-block-heading\">(Edesheim) &#8211; Unter Drogeneinfluss<\/h4>\n\n\n\n<p>Wegen w\u00e4ssrigen Augen und stark erweiterten Pupillen musste am Montag ein  34-j\u00e4hriger Autofahrer mit auf die Dienststelle, wo ihm eine Blutprobe  entnommen wurde. Der Mann wurde gegen 23.20 Uhr in der Staatsstra\u00dfe  kontrolliert. Ein Vortest reagierte neben den erw\u00e4hnten Auff\u00e4lligkeiten  positiv auf Cannabiskonsum. Seinen Weg musste er anschlie\u00dfend zu Fu\u00df  fortsetzen. Seine Fahrerlaubnis wurde sichergestellt. <\/p>\n\n\n\n<h4 class=\"wp-block-heading\">(Edesheim \/ A 65) &#8211; Unbekannter Fu\u00dfg\u00e4nger auf der Autobahn<\/h4>\n\n\n\n<p>Verkehrsteilnehmer teilten Montagmorgen gegen 07.30 Uhr \u00fcber Notruf  einen Fu\u00dfg\u00e4nger auf der A65 im Bereich der Tank- und Rastanlagen mit.  Bekleidet sei der etwa 40-j\u00e4hrige Mann mit schwarzen Jogginghosen und  gr\u00fcnem Oberteil gewesen. Die \u00d6rtlichkeit wurde \u00fcberpr\u00fcft. Eine in Frage  kommende Person konnte nicht ausfindig gemacht werden. Kurz vor 8 Uhr  teilten erneut Verkehrsteilnehmer einen auf der Mittelschutzplanke  sitzenden Mann mit. Mit drei Streifen wurde der gesamte Bereich  abgesucht. Ein Mann konnte nicht angetroffen werden. Autofahrer oder  Besucher der Rast- und Tankanlage der Pf\u00e4lzer Weinstra\u00dfe West und Ost,  die Hinweise zu dem Unbekannten geben k\u00f6nnen, werden gebeten, sich mit  der Polizei Edenkoben unter der Telefonnummer 06323 9550 in Verbindung  zu setzen.<\/p>\n\n\n\n<h4 class=\"wp-block-heading\">(Gro\u00dffischlingen) &#8211; Fl\u00fcchtiger Fahrradfahrer<\/h4>\n\n\n\n<p>Nachdem am Mittwoch gegen 15:30 Uhr ein Fahrradfahrer in der Oberstra\u00dfe  kr\u00e4ftig gegen ein dort geparktes Auto gefahren war, entfernte er sich  fu\u00dfl\u00e4ufig von der Unfallstelle in Richtung Ortskern, w\u00e4hrend er dabei  sein dunkles Fahrrad schob. Der Fahrradfahrer soll 25-30 Jahre alt sein,  \u00fcber eine muskul\u00f6se Statur verf\u00fcgen, mindestens 1,80m gro\u00df sein, blonde  Haare haben und h\u00e4tte eine graue Jacke mit blauen \u00c4rmeln getragen. Der  Schaden am geparkten Fahrzeug d\u00fcrfte sich auf 1500 Euro belaufen. <\/p>\n\n\n\n<p>Zeugen,\n die Angaben zu dem Fahrradfahrer machen k\u00f6nnen, werden gebeten, sich \nmit der Polizei Edenkoben unter der Telefonnummer 06323 9550 in \nVerbindung zu setzen. <\/p>\n\n\n\n<h4 class=\"wp-block-heading\">(Edenkoben) &#8211; Falscher Microsoftarbeiter<\/h4>\n\n\n\n<p>Die Polizei Edenkoben warnt vor falschen Microsoftarbeitern. Dienstagmorgen erhielt ein Mann aus dem Kreis einen Anruf von einem angeblichen  Mitarbeiter der Firma Microsoft, in welchem ihm erkl\u00e4rt wurde, dass man  an seinem Rechner Servicearbeiten durchf\u00fchren m\u00f6chte. Gutgl\u00e4ubig  h\u00e4ndigte der Mann verschiedene Daten aus. Bereits am Mittag stellte er  fest, dass \u00fcber 1000.- Euro von seinem Konto auf verschiedene Banken in  Deutschland und den Niederlanden transferiert wurden. So sch\u00fctzen Sie  sich: Legen Sie am besten gleich wieder den H\u00f6rer auf. Den am anderen  Ende der Leitung sind Betr\u00fcger, die nichts mit Microsoft zu tun haben,  sondern in einem Call-Center sitzen und an ihr Geld kommen m\u00f6chten.  Seri\u00f6se Unternehmen nehmen niemals unaufgefordert Kontakt zu ihren  Kunden auf. Geben Sie auf keinen Fall private Daten, z.B. Bankkonto-,  Kundedaten etc. heraus. Gew\u00e4hren Sie einem Unbekannten niemals den  Zugriff auf Ihren Rechner beispielsweise mit der Installation einer  Fernwartungssoftware. Setzen Sie sich in jedem Fall mit der Polizei in  Verbindung. <\/p>\n\n\n\n<h4 class=\"wp-block-heading\">(Edenkoben) &#8211; Fuchswelpe im Wolfspelz<\/h4>\n\n\n\n<div class=\"wp-block-image\"><figure class=\"aligncenter\"><img decoding=\"async\" loading=\"lazy\" width=\"800\" height=\"598\" src=\"https:\/\/speyer24news.com\/wp-content\/uploads\/2019\/05\/07.05.19-Edenkoben-Fuchswelpe.jpg\" alt=\"\" class=\"wp-image-13255\" srcset=\"https:\/\/speyer24news.com\/wp-content\/uploads\/2019\/05\/07.05.19-Edenkoben-Fuchswelpe.jpg 800w, https:\/\/speyer24news.com\/wp-content\/uploads\/2019\/05\/07.05.19-Edenkoben-Fuchswelpe-300x224.jpg 300w, https:\/\/speyer24news.com\/wp-content\/uploads\/2019\/05\/07.05.19-Edenkoben-Fuchswelpe-768x574.jpg 768w, https:\/\/speyer24news.com\/wp-content\/uploads\/2019\/05\/07.05.19-Edenkoben-Fuchswelpe-326x245.jpg 326w, https:\/\/speyer24news.com\/wp-content\/uploads\/2019\/05\/07.05.19-Edenkoben-Fuchswelpe-80x60.jpg 80w\" sizes=\"(max-width: 800px) 100vw, 800px\" \/><\/figure><\/div>\n\n\n\n<p>Ein Anruf einer besorgten Edenkobener B\u00fcrgerin rief am Dienstagmorgen  die Polizei Edenkoben, die Diensthundestaffel und das Ordnungsamt der  Verbandsgemeinde Edenkoben auf den Plan. Sie meldete aufgel\u00f6st, dass sie  gerade einen kleinen Wolf eingefangen h\u00e4tte, der im Bereich der  Weinstra\u00dfe in Edenkoben herumstreifte. Letztlich stellte sich heraus,  dass der kleine Wolf, ein Fuchswelpe war. Das Ordnungsamt k\u00fcmmerte sich  um die weitere artgerechte Unterbringung des Tieres. <\/p>\n\n\n\n<h4 class=\"wp-block-heading\">(B\u00f6bingen) &#8211; Verletzte Frau<\/h4>\n\n\n\n<p>Am Mittwoch gegen 10.30 Uhr wurde von einer Zeugin eine verletzte Frau auf der K37  zwischen B\u00f6bingen und Gommersheim gemeldet. Die Frau lag auf der  Fahrbahn und hatte sich am Kopf eine Platzwunde zugezogen, weshalb sie  mit dem Rettungsdienst in ein naheliegendes Krankenhaus gebracht werden  musste. Ob es zu einer Kollision mit einem vorbeifahrenden Fahrzeug kam  oder die Frau ohne Fremdeinwirkung gest\u00fcrzt war, ist derzeit Gegenstand  der polizeilichen Ermittlungen. Zeugen bzw. Verkehrsteilnehmer, die  Angaben zum Unfallgeschehen geben k\u00f6nnen, werden gebeten, sich mit der  Polizei Edenkoben unter der Telefonnummer 06323 9550 in Verbindung zu  setzen. <\/p>\n\n\n\n<h4 class=\"wp-block-heading\">(B\u00f6bingen) &#8211; Verletzter Storch<\/h4>\n\n\n\n<div class=\"wp-block-image\"><figure class=\"aligncenter\"><img decoding=\"async\" loading=\"lazy\" width=\"800\" height=\"569\" src=\"https:\/\/speyer24news.com\/wp-content\/uploads\/2019\/05\/08.05.19-B\u00f6bingen-Storch.jpg\" alt=\"\" class=\"wp-image-13257\" srcset=\"https:\/\/speyer24news.com\/wp-content\/uploads\/2019\/05\/08.05.19-B\u00f6bingen-Storch.jpg 800w, https:\/\/speyer24news.com\/wp-content\/uploads\/2019\/05\/08.05.19-B\u00f6bingen-Storch-300x213.jpg 300w, https:\/\/speyer24news.com\/wp-content\/uploads\/2019\/05\/08.05.19-B\u00f6bingen-Storch-768x546.jpg 768w\" sizes=\"(max-width: 800px) 100vw, 800px\" \/><\/figure><\/div>\n\n\n\n<p>Kurz vor 8 Uhr wurde am Mittwoch der Polizei ein verletzter Storch in  der Hauptstra\u00dfe gemeldet. Angeblich konnte das Tier aus eigenen Kr\u00e4ften  nicht mehr weiterfliegen. Da keine \u00e4u\u00dferlichen Verletzungen erkennbar  waren, wurde \u00fcber das Ordnungsamt der Verbandsgemeinde ein  Verantwortlicher des Storchenzentrums aus Offenbach verst\u00e4ndigt, der den  Adebar in seine Obhut nahm. <\/p>\n\n\n\n<h4 class=\"wp-block-heading\">(Neustadt) &#8211; Unfallverursacher l\u00e4sst verletzten Fahrradfahrer liegen und fl\u00fcchtet unerlaubt<\/h4>\n\n\n\n<div class=\"wp-block-image\"><figure class=\"aligncenter\"><img decoding=\"async\" loading=\"lazy\" width=\"800\" height=\"521\" src=\"https:\/\/speyer24news.com\/wp-content\/uploads\/2019\/05\/Fahrerflucht-Fahrradunfall.jpg\" alt=\"\" class=\"wp-image-13259\" srcset=\"https:\/\/speyer24news.com\/wp-content\/uploads\/2019\/05\/Fahrerflucht-Fahrradunfall.jpg 800w, https:\/\/speyer24news.com\/wp-content\/uploads\/2019\/05\/Fahrerflucht-Fahrradunfall-300x195.jpg 300w, https:\/\/speyer24news.com\/wp-content\/uploads\/2019\/05\/Fahrerflucht-Fahrradunfall-768x500.jpg 768w\" sizes=\"(max-width: 800px) 100vw, 800px\" \/><figcaption><strong>Fahrradunfall mit Unfallflucht \/ Zeugen gesucht<\/strong><\/figcaption><\/figure><\/div>\n\n\n\n<p>Am 07.05.19 befuhr ein 19-j\u00e4hriger aus Neustadt mit seinem Fahrrad  gegen 22:15 Uhr die Branchweilerhofstra\u00dfe in Neustadt. Auf H\u00f6he der  dortigen Tankstelle wurde der 19-j\u00e4hrige von einem silberfarbenen Kombi  gestreift und st\u00fcrzte dadurch zu Boden. Hierbei zog er sich Verletzungen  an der Wirbels\u00e4ule und dem Sprunggelenk zu, welche in einem Krankenhaus  behandelt werden mussten. Der Fahrer des silberfarbenen Autos entfernte  sich unerlaubt von der Unfallstelle, ohne sich um den zu Boden  gest\u00fcrzten Radfahrer zu k\u00fcmmern. <\/p>\n\n\n\n<p>Die Polizei Neustadt bittet Personen, die Angaben zum Unfall oder dem silbernen Fahrzeug machen k\u00f6nnen, sich zu melden. <\/p>\n\n\n\n<h4 class=\"wp-block-heading\">(Neustadt) &#8211; Erneut Reifen in Neustadt zerstochen<\/h4>\n\n\n\n<p>In der Zeit vom 04.05.19 &#8211; 07.05.19 wurde in der Winzinger Stra\u00dfe in  Neustadt an einem Fiat der vordere Reifen der Fahrerseite zerstochen.  Dies ist bereits der zweite Fall in dieser Woche, in dem Reifen an Autos  zerstochen wurden. Wir bitten Personen, die sachdienliche Hinweise  geben k\u00f6nnen, sich mit der Polizei Neustadt in Verbindung zu setzen. <\/p>\n\n\n\n<h4 class=\"wp-block-heading\">(Neustadt) &#8211; Nach Verkehrsunfall Augenzeugen gesucht.<\/h4>\n\n\n\n<div class=\"wp-block-image\"><figure class=\"aligncenter\"><img decoding=\"async\" loading=\"lazy\" width=\"800\" height=\"533\" src=\"https:\/\/speyer24news.com\/wp-content\/uploads\/2019\/05\/06.05.19-NW-VUF.jpg\" alt=\"\" class=\"wp-image-13258\" srcset=\"https:\/\/speyer24news.com\/wp-content\/uploads\/2019\/05\/06.05.19-NW-VUF.jpg 800w, https:\/\/speyer24news.com\/wp-content\/uploads\/2019\/05\/06.05.19-NW-VUF-300x200.jpg 300w, https:\/\/speyer24news.com\/wp-content\/uploads\/2019\/05\/06.05.19-NW-VUF-768x512.jpg 768w\" sizes=\"(max-width: 800px) 100vw, 800px\" \/><\/figure><\/div>\n\n\n\n<p>Am 06.05.2019, gg. 17:20 Uhr befuhr ein lilafarbener Ford Fiesta mit  zwei l\u00e4ngs \u00fcber das Dach verlaufenden silbernen Streifen die BAB 650 in  Richtung Ludwigshafen auf dem abgetrennten Fahrstreifen, welcher sich  auf der Richtungsfahrbahn Bad D\u00fcrkheim befindet. Dieses Fahrzeug fuhr  rechts gegen die Schutzplanke, zun\u00e4chst noch etwas weiter und blieb dann  rechts stehen. Der Fahrzeugf\u00fchrer\/ Fahrzeugf\u00fchrerin entfernte sich dann  zu Fu\u00df von der Unfallstelle. Es werden Zeugen gesucht, welche den  Fahrer \/ Fahrerin beschreiben k\u00f6nnen, vor allem welche Person vom  Fahrersitz aus ausgestiegen ist. Hinweise nimmt die  Autobahnpolizeistation Ruchheim unter 06237\/9330 entgegen. <\/p>\n\n\n\n<h4 class=\"wp-block-heading\">(Neustadt) &#8211; Zweimal Unfallflucht<\/h4>\n\n\n\n<p>Am Montagnachmittag wurde ein dunkelblauer Skoda  an der Frontsch\u00fcrze  vorne rechts besch\u00e4digt. Ein unbekannter Fahrzeugf\u00fchrer streifte  vermutlich beim Ein- oder Ausparken das Fahrzeug und entfernte sich  unerlaubt von der Unfallstelle. Das Fahrzeug war am Bahnhof Neustadt  geparkt. Die H\u00f6he des Sachschadens wird mit ca. 1000 Euro angegeben. <\/p>\n\n\n\n<p>Ebenfalls\n gestern Nachmittag touchierte ein roter Pkw in der Ausfahrt des \nParkhauses Klemmhof den Rahmen des Rolltors, wodurch dieser verzogen \nwurde. Die Fahrerin entfernte sich von der Unfallstelle, ohne sich um \nden Schaden zu k\u00fcmmern. Die Schadensh\u00f6he wird ca. 2000 Euro angegeben. \nAufgrund vorhandener Videoaufzeichnungen konnte der Fahrzeughalter \nermittelt werden. <\/p>\n\n\n\n<h4 class=\"wp-block-heading\">(Neustadt) &#8211; Geparkte Fahrzeug mutwillig besch\u00e4digt<\/h4>\n\n\n\n<p>Unbekannte stachen im Zeitraum von Samstag bis Montag an einem  grauen  Alfa Romeo die hinteren Reifen mit einem spitzen Gegenstand platt. Das  Fahrzeug war in der Laustergasse geparkt. Die Schadensh\u00f6he betr\u00e4gt ca.  600 Euro. <\/p>\n\n\n\n<p>Ebenfalls Unbekannte zerkratzten am Sonntagnachmittag \ndie Beifahrerseite eines grauen BMW, der in der Schlachthofstra\u00dfe \ngeparkt war. Die Schadensh\u00f6he betr\u00e4gt hier auch ca. 600 Euro. <\/p>\n\n\n\n<h4 class=\"wp-block-heading\">(Neustadt) &#8211; Unfall mit beteiligter Radfahrerin \/ Autofahrerin gesucht<\/h4>\n\n\n\n<p>Bereits am Freitag den 03.05.19 kam es an der Einm\u00fcndung  Robert-Stolz-Stra\u00dfe \/ Harth\u00e4userweg zu einem Unfall, bei dem eine  68-j\u00e4hrige Radfahrerin zu Fall kam. Die Radlerin befuhr die  Robert-Stolz-Stra\u00dfe in Richtung Berufsbildende Schule und mi\u00dfachtete die  Vorfahrt des Fahrzeugs, das aus dem Harth\u00e4userweg kam und nach links in  die Robert-Stolz-Stra\u00dfe einbog. Die 68-J\u00e4hrige mu\u00dfte dadurch stark  bremsen und kam zu Fall. Zu einer Kollision kam es nicht. Eine  Beschreibung des Fahrzeugs ist nicht m\u00f6glich. Die Polizei bittet die  Fahrerin des Wagens sowie m\u00f6gliche Zeugen, sich bei der Polizei Neustadt  unter 06321\/ 854-0 oder per E-Mail unter <a href=\"mailto:pineustadt@polizei.rlp.de\">pineustadt@polizei.rlp.de<\/a> zu melden. <\/p>\n\n\n\n<h4 class=\"wp-block-heading\">(Lambrecht) &#8211; Jugendlicher raubt Seniorin in Lambrecht die Geldb\u00f6rse<\/h4>\n\n\n\n<p>Ein unbekannter, jugendlicher T\u00e4ter entriss am Mittwochmorgen kurz vor 09.00  Uhr einer 75-j\u00e4hrigen Dame, die sich am Busbahnhof in Lambrecht befand,  ihre schwarze Ledergeldb\u00f6rse mit Bargeld in dreistelliger H\u00f6he, Scheck-  und Ausweiskarten und fl\u00fcchtete zu Fu\u00df Richtung Ortsmitte.  Beschreibung: <\/p>\n\n\n\n<ul><li>m\u00e4nnlich<\/li><li>ca. 16- 18 Jahre alt<\/li><li>170 cm gro\u00df<\/li><li>schlank<\/li><li>blonde, kurze Haare<\/li><li>Bekleidung: dunkle blousonartige Jacke, dunkle Hose, dunkle Basecap mit roten Streifen, dunkler Rucksacke mit blauen Streifen. <\/li><\/ul>\n\n\n\n<p>Sachdienliche Hinweise bitte an die Kriminalpolizei in Neustadt\/Wstr. unter Tel.-Nr. 06321\/8540 <\/p>\n\n\n\n<h4 class=\"wp-block-heading\">(Lambrecht) &#8211; Verkehrsbehinderungen B 39 durch kriminalpolizeiliche Ma\u00dfnahmen am 06.05.2019 \/ Nachtrag<\/h4>\n\n\n\n<p>Aus ermittlungstaktischen Gr\u00fcnden k\u00f6nnen derzeit keine weiteren Angaben zu den Hintergr\u00fcnden und Ergebnissen der am Mo., d. 06.05.2019, im  Innenstadtbereich von Lambrecht getroffenen kriminalpolizeilichen  Ma\u00dfnahmen gemacht werden. Nach Abschlu\u00df der Ermittlungen werden die  Staatsanwaltschaft Frankenthal und die Polizeidirektion Neustadt  gemeinsam nachberichten. <\/p>\n\n\n\n<h4 class=\"wp-block-heading\">(Elmstein) &#8211; Schlaue Elmsteinerin f\u00e4llt nicht auf Enkeltrick herein<\/h4>\n\n\n\n<p>Am 07.05.19 wurde in der Mittagszeit eine 86-j\u00e4hrige Elmsteinerin von  einer m\u00e4nnlichen Person angerufen. Diese gab sich als ihr Enkel aus und  gab an dringend 5000 Euro Bargeld zu ben\u00f6tigen. Da der Dame dies komisch  vorkam fragte sie die m\u00e4nnliche Stimme einfach nach dem Geburtsdatum  seiner Mutter. Hierauf wurde durch den Anrufer das Gespr\u00e4ch beendet. <\/p>\n\n\n\n<p>Die\n Polizei Neustadt warnt vor solchen Anrufern. Sprechen Sie mit ihren \n\u00e4lteren Familienmitgliedern, Nachbarn und Freunden, damit diese ebenso \numsichtig reagieren, wie die Dame aus Elmstein. Weitere Informationen \nzum Thema Enkeltrick finden sie hier: <a target=\"_blank\" href=\"https:\/\/www.polizei-beratung.de\/themen-und-tipps\/betrug\/enkeltrick\/\" rel=\"noreferrer noopener\">https:\/\/www.polizei-beratung.de\/themen-und-tipps\/betrug\/enkeltrick\/<\/a> <\/p>\n\n\n\n<h4 class=\"wp-block-heading\">(Ha\u00dfloch) &#8211; 3 Fahrr\u00e4der gestohlen<\/h4>\n\n\n\n<p>Am Montag, 06.05., in der Zeit zwischen 07.30 und 15.30 Uhr, begaben  sich bislang unbekannte T\u00e4ter zu den Fahrradst\u00e4ndern auf dem  Bahnhofsvorplatz in Ha\u00dfloch. Im Anschluss trennten sie die Ringschl\u00f6sser  durch, mit denen die Fahrr\u00e4der angeschlossen waren, und entwendeten 3  Fahrr\u00e4der im Gesamtwert von ca. 1.600 Euro. Die Polizeiinspektion  Ha\u00dfloch bittet evtl. Zeugen der Diebst\u00e4hle sowie Personen, die in diesem  Zusammenhang Auff\u00e4lliges beobachtet haben, um Hinweise unter  06324\/933-0 oder per E-Mail an <a href=\"mailto:pihassloch@polizei.rlp.de\">pihassloch@polizei.rlp.de<\/a>. <\/p>\n\n\n\n<h4 class=\"wp-block-heading\">(Bad D\u00fcrkheim) &#8211; PKW auf nicht gekl\u00e4rte Weise ge\u00f6ffnet<\/h4>\n\n\n\n<p>In der Nacht zum Dienstag wurde in der Sonnenwendstra\u00dfe auf bislang  ungekl\u00e4rte Art und Weise ein VW Tiguan ge\u00f6ffnet. Der Besitzer stellte  fest, dass der Innenraum durchw\u00fchlt und einzelne Gegenst\u00e4nde entwendet  wurden. <\/p>\n\n\n\n<p>Zeugen werden gebeten, sich bei der Polizei in Bad D\u00fcrkheim unter 06322 9630 oder per E-Mail an <a href=\"mailto:pibadduerkheim@polizei.rlp.de\">pibadduerkheim@polizei.rlp.de<\/a> zu melden. <\/p>\n\n\n\n<h4 class=\"wp-block-heading\">(Bad D\u00fcrkheim) &#8211; 92-J\u00e4hrige Fu\u00dfg\u00e4ngerin angefahren<\/h4>\n\n\n\n<p>Am Montag, gegen 11.00 Uhr, wollte eine 92-J\u00e4hrige die Weinstra\u00dfe S\u00fcd  in H\u00f6he der Hans-Koller-Stra\u00dfe \u00fcberqueren. Ein LKW-Fahrer wollte von der  Hans-Koller-Stra\u00dfe in die Weinstra\u00dfe S\u00fcd einbiegen und \u00fcbersah hierbei  die Seniorin. Durch den Zusammensto\u00df wurde die Frau leicht verletzt. Sie  wurde vorsorglich zur weiteren Untersuchung in das Krankenhaus  verbracht. <\/p>\n\n\n\n<p>Zeugen werden gebeten, sich bei der Polizei in Bad D\u00fcrkheim unter 06322 9630 oder per E-Mail an <a href=\"mailto:pibadduerkheim@polizei.rlp.de\">pibadduerkheim@polizei.rlp.de<\/a> zu melden. <\/p>\n\n\n\n<h4 class=\"wp-block-heading\">(Kallstadt) &#8211; Laserkontrolle kurz vor Mitternacht<\/h4>\n\n\n\n<p>Am Montag wurde in der Zeit von 23.00 Uhr bis 23.45 Uhr die gefahrene  Geschwindigkeit in der Weinstra\u00dfe gemessen. Hierbei wurden zwei  Geschwindigkeits\u00fcberschreitungen und ein Handyversto\u00df festgestellt. Bei  einer zul\u00e4ssigen Geschwindigkeit von 30 km\/h lag die h\u00f6chste gemessene  Geschwindigkeit bei 47 km\/h. <\/p>\n\n\n\n<h4 class=\"wp-block-heading\">(Dackenheim) &#8211; Mutter und zwei Kinder nach Unfall auf der Bundesstra\u00dfe B271 leichtverletzt<\/h4>\n\n\n\n<p>Eine Mutter mit ihren zwei und vier Jahre alten Kinder wurden gestern  kurz nach 16.00 Uhr beim Abbiegevorgang auf der Bundesstra\u00dfe B271  verletzt, als sie mit ihrem PKW von Kirchheim kommend nach Dackenheim  einbiegen wollte. Sie kollidierte mit einem entgegenkommenden Klein-Lkw.  Beide Fahrzeuge mussten abgeschleppt werden. Ein an der Einm\u00fcndung  Dackenheim wartender PKW wurde durch umherfliegende Fahrzeugteile  besch\u00e4digt. <\/p>\n\n\n\n<p>Zeugen werden gebeten, sich bei der Polizei in Bad D\u00fcrkheim unter 06322 9630 oder per E-Mail an <a href=\"mailto:pibadduerkheim@polizei.rlp.de\">pibadduerkheim@polizei.rlp.de<\/a> zu melden. <\/p>\n\n\n\n<h4 class=\"wp-block-heading\">(Maxdorf) &#8211; Geschwindigkeitskontrolle<\/h4>\n\n\n\n<p>Am 07.05.2019, zwischen 08:30 Uhr und 09:00 Uhr, wird in der  Haardtstra\u00dfe eine Geschwindigkeitskontrolle durchgef\u00fchrt. In den 30  Minuten werden 37 Fahrzeuge gemessen werden, hiervon werden sieben wegen  geringer Geschwindigkeits\u00fcberschreitungen beanstandet. <\/p>\n\n\n\n<p>Wer \nsachdienliche Hinweise zu dem genannten Fall geben kann, wird gebeten \nsich mit der Polizeiinspektion Frankenthal unter der Rufnummer \n06233\/313-0 oder der Polizeiwache Maxdorf unter der Rufnummer \n06237\/934-100 in Verbindung zu setzen. Hinweise k\u00f6nnen auch per E-Mail \nunter <a href=\"mailto:pifrankenthal@polizei.rlp.de\">pifrankenthal@polizei.rlp.de<\/a> an die Polizei \u00fcbermittelt werden. <\/p>\n\n\n\n<h4 class=\"wp-block-heading\">(Maxdorf) &#8211; Diebstahl von Bienenv\u00f6lkern<\/h4>\n\n\n\n<p>Diebstahl von Bienenv\u00f6lkern- In der Zeit von 05.05.2019 auf  den 06.05.2019 werden durch Unbekannte, von einer freizug\u00e4nglichen  Gartenparzelle &#8222;Im Bauerngewann&#8220;, drei Bienenv\u00f6lker im Wert von ca.  1500EUR entwendet. <\/p>\n\n\n\n<p>Wer sachdienliche Hinweise zu dem genannten  Fall geben kann, wird gebeten sich mit der Polizeiinspektion Frankenthal  unter der Rufnummer 06233\/313-0 oder der Polizeiwache Maxdorf unter der  Rufnummer 06237\/934-100 in Verbindung zu setzen. Hinweise k\u00f6nnen auch  per E-Mail unter <a href=\"mailto:pifrankenthal@polizei.rlp.de\">pifrankenthal@polizei.rlp.de<\/a> an die Polizei \u00fcbermittelt werden. <\/p>\n\n\n\n<h4 class=\"wp-block-heading\">(Frankenthal) &#8211; Verkehrsunfall, Gesch\u00e4digter gesucht<\/h4>\n\n\n\n<p>Am 07.05.2019, gegen 11.15 Uhr, besch\u00e4digt ein 62-j\u00e4hriger Mann aus  Speyer, im Parkhaus in der Welschgasse beim Einparken einen anderen Pkw.  Nachdem er sich hiernach einen Parkplatz sucht und danach die Polizei  verst\u00e4ndigt, kann der gesch\u00e4digte Pkw vor Ort nicht mehr angetroffen  werden. Bei dem gesch\u00e4digten Pkw soll es sich um einen schwarzen  Kleinwagen handeln. Der Schaden d\u00fcrfte sich im hinteren Bereich des Pkw  befinden. Der Gesch\u00e4digte wird gebeten, sich mit der Polizei in  Frankenthal in Verbindung zu setzen. <\/p>\n\n\n\n<p>Wer sachdienliche Hinweise \nzu dem genannten Fall geben kann, wird gebeten sich mit der \nPolizeiinspektion Frankenthal unter der Rufnummer 06233\/313-0 oder der \nPolizeiwache Maxdorf unter der Rufnummer 06237\/934-100 in Verbindung zu \nsetzen. Hinweise k\u00f6nnen auch per E-Mail unter <a href=\"mailto:pifrankenthal@polizei.rlp.de\">pifrankenthal@polizei.rlp.de<\/a> an die Polizei \u00fcbermittelt werden. <\/p>\n\n\n\n<h4 class=\"wp-block-heading\">(Frankenthal) &#8211; Verkehrsunfall mit 2 verletzten Personen<\/h4>\n\n\n\n<p>Eine 58-j\u00e4hrige Frau aus Gro\u00dfniedesheim will am 06.05.2019, gegen 16.20  Uhr, mit ihrem Pkw Mercedes-Benz an der Kreuzung Ostring\/Nachtweideweg  vom Nachtweideweg nach links in den Ostring abbiegen. Hierzu f\u00e4hrt sie  bei gr\u00fcnzeigender Ampel in den Kreuzungsbereich ein, muss jedoch  aufgrund von Gegenverkehr im Kreuzungsbereich warten. In dem Moment, in  welchem sie letztendlich abbiegen will, f\u00e4hrt eine 45-j\u00e4hrige Frau aus  Ludwigshafen mit ihrem Pkw Range Rover, welche den Ostring in Richtung  B9 bef\u00e4hrt, nachdem die Ampel in ihre Richtung nun auf gr\u00fcn schaltet,  ebenfalls in den Kreuzungsbereich ein und kollidiert mit dem Fahrzeug  der 58-j\u00e4hrigen Frau. Bei dem Zusammensto\u00df werden beide  Fahrzeugf\u00fchrerinnen verletzt und durch den eingesetzten Rettungsdienst  in ein Krankenhaus verbracht. \u00dcber die Art der Verletzung ist derzeit  nichts bekannt. Beide Fahrzeuge m\u00fcssen abgeschleppt werden, der Schaden  wird auf etwa 12000 Euro gesch\u00e4tzt. <\/p>\n\n\n\n<p>Wer sachdienliche Hinweise zu\n dem genannten Fall geben kann, wird gebeten sich mit der \nPolizeiinspektion Frankenthal unter der Rufnummer 06233\/313-0 oder der \nPolizeiwache Maxdorf unter der Rufnummer 06237\/934-100 in Verbindung zu \nsetzen. Hinweise k\u00f6nnen auch per E-Mail unter <a href=\"mailto:pifrankenthal@polizei.rlp.de\">pifrankenthal@polizei.rlp.de<\/a> an die Polizei \u00fcbermittelt werden. <\/p>\n\n\n\n<h4 class=\"wp-block-heading\">(Frankenthal) &#8211; Versuchter Einbruch in Autohaus<\/h4>\n\n\n\n<p>In der Zeit von 03.05.2019, 17.00 Uhr, bis 06.05.2019, 11.30 Uhr,  versuchen bislang unbekannte T\u00e4ter in ein Autohaus in der He\u00dfheimer  Stra\u00dfe einzubrechen. Hierzu wird durch die T\u00e4ter zun\u00e4chst eine Hintert\u00fcr  aufgehebelt. Der Versuch zwei weitere T\u00fcren aufzuhebeln scheitert.  Entwendet wird nach derzeitigem Ermittlungsstand nichts. Der Schaden  wird auf etwa 150 Euro gesch\u00e4tzt. <\/p>\n\n\n\n<p>Wer sachdienliche Hinweise zu  dem genannten Fall geben kann, wird gebeten sich mit der  Polizeiinspektion Frankenthal unter der Rufnummer 06233\/313-0 oder der  Polizeiwache Maxdorf unter der Rufnummer 06237\/934-100 in Verbindung zu  setzen. Hinweise k\u00f6nnen auch per E-Mail unter <a href=\"mailto:pifrankenthal@polizei.rlp.de\">pifrankenthal@polizei.rlp.de<\/a> an die Polizei \u00fcbermittelt werden. <\/p>\n\n\n\n<h4 class=\"wp-block-heading\">(Ludwigshafen) &#8211; Nagelplatten am Feldwegrand ausgelegt<\/h4>\n\n\n\n<div class=\"wp-block-image\"><figure class=\"aligncenter\"><img decoding=\"async\" loading=\"lazy\" width=\"500\" height=\"667\" src=\"https:\/\/speyer24news.com\/wp-content\/uploads\/2019\/05\/08.05.19-LU-Nagelplatten.jpg\" alt=\"\" class=\"wp-image-13260\" srcset=\"https:\/\/speyer24news.com\/wp-content\/uploads\/2019\/05\/08.05.19-LU-Nagelplatten.jpg 500w, https:\/\/speyer24news.com\/wp-content\/uploads\/2019\/05\/08.05.19-LU-Nagelplatten-225x300.jpg 225w\" sizes=\"(max-width: 500px) 100vw, 500px\" \/><figcaption>Nahaufnahme einer Platte<\/figcaption><\/figure><\/div>\n\n\n\n<p>Am 08.05.2019 wurde der Polizei bekannt, dass es im Bereich der K\u00e4the-Kollwitz-Allee in Ludwigshafen-Rheing\u00f6nheim zu einem gef\u00e4hrlichen Eingriff in den Stra\u00dfenverkehr kam. Bislang unbekannte T\u00e4ter haben nach aktuellem Ermittlungsstand am vergangenen Wochenende am Feldwegrand des asphaltierten Wendehammers f\u00fcnf Nagelplatten ausgelegt. Eine Mitarbeiterin der umliegenden Tagesf\u00f6rderst\u00e4tte bemerkte beim Einfahren auf den Parkplatz die Nagelplatten und entfernte sie. Es entstand bislang kein Schaden. Der Feldweg wird insbesondere von Fahrradfahrern und Fu\u00dfg\u00e4ngern genutzt.<\/p>\n\n\n\n<div class=\"wp-block-image\"><figure class=\"aligncenter\"><img decoding=\"async\" loading=\"lazy\" width=\"800\" height=\"581\" src=\"https:\/\/speyer24news.com\/wp-content\/uploads\/2019\/05\/08.05.19-LU-Nagelplatten2.jpg\" alt=\"\" class=\"wp-image-13261\" srcset=\"https:\/\/speyer24news.com\/wp-content\/uploads\/2019\/05\/08.05.19-LU-Nagelplatten2.jpg 800w, https:\/\/speyer24news.com\/wp-content\/uploads\/2019\/05\/08.05.19-LU-Nagelplatten2-300x218.jpg 300w, https:\/\/speyer24news.com\/wp-content\/uploads\/2019\/05\/08.05.19-LU-Nagelplatten2-768x558.jpg 768w\" sizes=\"(max-width: 800px) 100vw, 800px\" \/><figcaption>\u00dcbersichtsaufnahme der ausgelegten Nagelplatten<\/figcaption><\/figure><\/div>\n\n\n\n<p>Wer sachdienliche Hinweise zu diesem Fall geben kann, wird gebeten sich mit der Polizeiinspektion Ludwigshafen 1 unter der Rufnummer 0621\/963-2122 in Verbindung zu setzen. Hinweise k\u00f6nnen auch per E-Mail unter <a href=\"piludwigshafen1@polizei.rlp.de\">piludwigshafen1@polizei.rlp.de<\/a> an die Polizei \u00fcbermittelt werden. <\/p>\n\n\n\n<h4 class=\"wp-block-heading\">(Ludwigshafen) &#8211; Schaulustige Platzverweis erteilt<\/h4>\n\n\n\n<p>Mehrere Platzverweise musste die Polizei am Dienstag (07.05.2019)  erteilen, nachdem es zu einem medizinischen Notfall in einem Caf\u00e9 am  Berliner Platz kam. Gegen 19.15 Uhr brach dort ein 54-J\u00e4hriger zusammen.  W\u00e4hrend den Rettungsma\u00dfnahmen bildete sich eine Menschenmenge vor dem  Caf\u00e9 und beobachtete die Rettungsma\u00dfnahmen. Die Polizei musste daraufhin  mehrere Platzverweise erteilen, um einen reibungslosen Einsatz zu  gew\u00e4hrleisten. Ein 52-J\u00e4hriger musste sogar kurzeitig gefesselt werden,  da er mit geballten F\u00e4usten die Rettungskr\u00e4fte bedrohte. Der 54-J\u00e4hrige  kam anschlie\u00dfend in ein Krankenhaus. <\/p>\n\n\n\n<h4 class=\"wp-block-heading\">(Ludwigshafen) &#8211; 32-j\u00e4hriger Ladendieb<\/h4>\n\n\n\n<p>Ein 32-J\u00e4hriger stahl am Dienstag (07.05.2019) drei Rasierer im Wert  von 31 Euro und versuchte anschlie\u00dfend zu fl\u00fcchten. Gegen 17.30 Uhr  beobachtete der Ladendetektiv eines Drogeriemarktes in der  Ludwigsstra\u00dfe, wie ein Mann Rasierer in seiner Jackentasche steckte.  Beim Verlassen des Drogeriemarktes sprach der Ladendetektiv den Dieb an.  Daraufhin schubste der 32-J\u00e4hrige den Detektiv und versuchte mit der  Beute zu fliehen. Dieser konnte ihn gl\u00fccklicherweise festhalten, bis die  Polizei eintraf. Der 32-J\u00e4hrige muss sich nun wegen r\u00e4uberischem  Diebstahl verantworten. Der Ladendetektiv wurde nicht verletzt. <\/p>\n\n\n\n<h4 class=\"wp-block-heading\">(Ludwigshafen) &#8211; Feuer auf Dach<\/h4>\n\n\n\n<p>Unbekannte z\u00fcndelten am Dienstag (07.05.2019) auf einem Dach einer  Diskothek in der Yorckstra\u00dfe und riefen die Feuerwehr und Polizei auf  den Plan. Gegen 12.40 Uhr teilten mehrere Notrufe mit, dass Rauch von  einem Dach in der Yorckstra\u00dfe aufsteigen w\u00fcrde. Die Feuerwehr stellte  zwei rauchende Stellen auf dem Dach fest und l\u00f6schte diese. Zu einer  Besch\u00e4digung des Daches kam es nicht. Die Polizei bittet um  Zeugenhinweise: Polizeiinspektion Ludwigshafen 1, Telefonnummer 0621  963-2122 oder E-Mail <a href=\"mailto:piludwigshafen1@polizei.rlp.de\">piludwigshafen1@polizei.rlp.de<\/a>. <\/p>\n\n\n\n<h4 class=\"wp-block-heading\">(Ludwigshafen) &#8211; Versuchter Einbruch in Wohnung<\/h4>\n\n\n\n<p>Unbekannte versuchten in dem Zeitraum vom 04.05. bis 07.05.2019 in eine  Wohnung in der Adolf-Kolping-Stra\u00dfe einzubrechen. Der Versuch die  Wohnungseingangst\u00fcr aufzuhebeln misslang, sodass nur geringer  Sachschaden entstand. Sachdienliche Hinweise nimmt die Kriminalpolizei  Ludwigshafen unter der Telefonnummer 0621\/963-2773 oder per Email <a href=\"mailto:kiludwigshafen@polizei.rlp.de\">kiludwigshafen@polizei.rlp.de<\/a> entgegen. <\/p>\n\n\n\n<h4 class=\"wp-block-heading\">(Ludwigshafen) &#8211; Ampel beim Rangieren besch\u00e4digt<\/h4>\n\n\n\n<p>Ein LKW hat am Montag (06.05.2019) einen Schaden in H\u00f6he von 5000 Euro  verursacht, nachdem er beim Rangieren gegen eine Ampel fuhr. Der  46-J\u00e4hrige war gegen 10.45 Uhr mit seinem LKW in der Fontanestra\u00dfe  unterwegs, als er dort aufgrund einer Engstelle rangieren musste.  Hierbei \u00fcbersah er eine Ampel und kollidierte mit dieser. Die Funktion  der Ampel wurde durch den Unfall nicht beeintr\u00e4chtigt. <\/p>\n\n\n\n<h4 class=\"wp-block-heading\">(Mannheim \/ A 656) &#8211; Auffahrunfall mit  3 beteiligten Fahrzeugen. Eine Person schwer verletzt. Einsatz Rettungshubschrauber.<\/h4>\n\n\n\n<div class=\"wp-block-image\"><figure class=\"aligncenter\"><img decoding=\"async\" src=\"https:\/\/speyer24news.com\/wp-content\/uploads\/2019\/05\/ADAC-Rettungshubschrauber.jpg\" alt=\"\" class=\"wp-image-13262\"\/><figcaption>Beispielfoto der Luftrettung des ADAC<\/figcaption><\/figure><\/div>\n\n\n\n<p>Am Dienstagabend gegen 19.00 Uhr kam es auf der A656 zwischen der  Anschlussstelle Mannheim-Neckarau und dem Kreuz Mannheim in  Fahrtrichtung Mannheim auf der Abfahrt in Richtung B38a zu stockendem  Verkehr. Ein 35-j\u00e4hriger Fahrzeugf\u00fchrer erkannte dies zu sp\u00e4t und fuhr  mit seinem Honda nahezu ungebremst auf einen vor ihm fahrenden VW eines  22-j\u00e4hrigen Mannes auf. Aufgrund der Wucht des Unfalls wurde der VW  wiederum auf einen vor ihm fahrenden Opel eines 35-j\u00e4hrigen  Fahrzeugf\u00fchrers aufgeschoben. Der Unfallverursacher wurde bei dem Unfall  schwer verletzt und musste mit einem Rettungshubschrauber in eine  Klinik geflogen werden. Lebensgefahr konnte ausgeschlossen werden. Die  beiden Fahrer des VW und Opel wurden gl\u00fccklicherweise nicht verletzt. An  den Fahrzeugen entstand ein Gesamtschaden von ca. 9.000 EUR. Durch den  Einsatz des Rettungshubschraubers musste die Fahrbahn mehrfach  kurzzeitig gesperrt werden. Hierbei kam es zu einem R\u00fcckstau von ca. 3  km. <\/p>\n\n\n\n<h4 class=\"wp-block-heading\">(Mannheim \/ A 656) &#8211; Auffahrunfall von 3 Beteiligten. Eine Person schwer verletzt. Einsatz Rettungshubschrauber.<\/h4>\n\n\n\n<h4 class=\"wp-block-heading\" style=\"text-align:center\">Pressemeldung 2<\/h4>\n\n\n\n<p>Entgegen der Erstmeldung wurde der Unfallverursacher nur leicht  verletzt und konnte zwischenzeitlich nach ambulanter Behandlung das  Krankenhaus wieder verlassen. <\/p>\n\n\n\n<h4 class=\"wp-block-heading\">(Mannheim) &#8211; Drei Verletzte und Schaden von rund 10.000 Euro nach Unfall<\/h4>\n\n\n\n<p>Am Dienstag gegen 17.30 Uhr kam es im Einm\u00fcndungsbereich  Josef-Braun-Ufer\/Suckowstra\u00dfe zu einem Verkehrsunfall, bei dem beide  Fahrerinnen sowie eine Mitfahrerin im verursachenden Wagen verletzt  wurden und auch \u00e4rztlich behandelt werden mussten. <\/p>\n\n\n\n<p>Die Fahrerin \neines Notarztwagens, die mit aktiviertem Blaulicht und Martinshorn \ngefahren war, krachte im Einm\u00fcndungsbereich mit dem Opel Corsa einer \n27-J\u00e4hrigen zusammen. <\/p>\n\n\n\n<p>F\u00fcr beide Autofahrerinnen war die Sicht \ndurch Pflanzen im dortigen Bereich eingeschr\u00e4nkt. Das DRK-Fahrzeug wie \nauch der Opel Corsa wurden stark besch\u00e4digt (Schaden: je 5.000 Euro) und\n von Abschleppunternehmen von der Unfallstelle entfernt. Eine \nSpezialfirma musste zur Fahrbahnreinigung ebenfalls hinzugezogen werden.\n <\/p>\n\n\n\n<h4 class=\"wp-block-heading\">(Mannheim \/ A 6) &#8211; Verkehrsunfall fordert zwei Verletzte und abschleppreife Autos \/ Einsatz Rettungshubschrauber<\/h4>\n\n\n\n<p>Zwei abschleppreife Autos und zwei verletzte Personen, so lautet die  Bilanz eines Verkehrsunfalls, der sich am Montag, kurz vor 18 Uhr, auf  der A6, zwischen dem Autobahnkreuz Mannheim und dem Kreuz Viernheim,  ereignet hat. Einem VW-Fahrer, der auf der rechten Fahrspur der A6  unterwegs war, platzte aus unbekannten Gr\u00fcnden der linke Vorderreifen,  sodass mehrere Teile auf der Fahrbahn liegen blieben. Ein nachfolgender  19-j\u00e4hriger VW-Fahrer musste auf dem linken Fahrstreifen aufgrund der  Reifenteile stark abbremsen, was ein 59-j\u00e4hriger Ford-Fahrer wohl zu  sp\u00e4t bemerkte und von hinten auf den VW des 19-J\u00e4hrigen auffuhr. Durch  den heftigen Aufprall wurde der VW mehrere Meter \u00fcber die Fahrbahn  geschleudert, bis er schlie\u00dflich zum Stehen kam. Beide Autofahrer zogen  sich Verletzungen zu, weshalb ein Notarzt mit einem Rettungshubschrauber  und eine weitere Rettungswagenbesatzung zum Einsatz kamen. W\u00e4hrend der  19-J\u00e4hrige selbstst\u00e4ndig \u00e4rztliche Hilfe in Anspruch nahm, wurde der  59-j\u00e4hrige Autofahrer zur ambulanten Behandlung in ein Krankenhaus  gebracht. Deren Fahrzeuge waren nicht mehr fahrbereit und mussten  abgeschleppt werden. Die H\u00f6he des Sachschadens steht bislang noch nicht  fest. <\/p>\n\n\n\n<p>W\u00e4hrend der Landung des Rettungshubschraubers musste die A6  bis kurz nach 19 Uhr voll gesperrt werden. Es kam zu einem R\u00fcckstau von  bis zu 8 km. <\/p>\n\n\n\n<h4 class=\"wp-block-heading\">(Mannheim-Innenstadt) &#8211; 23-J\u00e4hrige vermisst \/ \u00d6ffentlichkeitsfahndung<\/h4>\n\n\n\n<div class=\"wp-block-image\"><figure class=\"aligncenter\"><img decoding=\"async\" loading=\"lazy\" width=\"500\" height=\"621\" src=\"https:\/\/speyer24news.com\/wp-content\/uploads\/2019\/05\/Rosanna-R.png\" alt=\"\" class=\"wp-image-13265\" srcset=\"https:\/\/speyer24news.com\/wp-content\/uploads\/2019\/05\/Rosanna-R.png 500w, https:\/\/speyer24news.com\/wp-content\/uploads\/2019\/05\/Rosanna-R-242x300.png 242w\" sizes=\"(max-width: 500px) 100vw, 500px\" \/><\/figure><\/div>\n\n\n\n<p>Seit Dienstagabend wird die 23-j\u00e4hrige Rosanna R. vermisst. Nach einem  Ausflug sollte die junge Frau wieder in eine Fachklinik in der Mannheimer-Innenstadt zur\u00fcckgebracht werden. Gegen 18 Uhr rannte Rosanna kurz vor dem Eingang davon und konnte trotz intensiver Suche bislang  nicht wieder aufgefunden werden. Die Vermisste ist kognitiv beeintr\u00e4chtigt und minder intelligent, weshalb eine hilflose Lage nicht auszuschlie\u00dfen ist. Eine Fremdgef\u00e4hrdung besteht allerdings nicht. <\/p>\n\n\n\n<p>Rosanna kann wie folgt beschrieben werden: <\/p>\n\n\n\n<ul><li>Weiblich<\/li><li>23 Jahre<\/li><li>1,57 m gro\u00df<\/li><li>hager bis schm\u00e4chtige Figur<\/li><li>wirkt j\u00fcnger ca. wie 16 Jahre<\/li><li>blonde kinnlange glatte Haare<\/li><li>tr\u00e4gt eine Brille, derzeit ger\u00f6tetes linke Auge<\/li><li>tr\u00e4gt eine blaue wattierte Steppjacke mit wei\u00dfen Punkten, helle Hose und Sneaker mit auffallend wei\u00dfer Sohle. <\/li><\/ul>\n\n\n\n<p>Wer  hat die Vermisste gesehen oder kann Hinweise auf ihren Aufenthaltsort geben? Hinweise nimmt jede Polizeidienststelle entgegen! Telefonische wenden Sie sich bitte an die Kriminalpolizei unter 0621 174-4444 oder den Polizeinotruf unter 110. <\/p>\n\n\n\n<h4 class=\"wp-block-heading\">(Mannheim-Schwetzingerstadt) &#8211; Kollision im Kreuzungsbereich \/ Wer hatte Gr\u00fcn? Zeugen gesucht!<\/h4>\n\n\n\n<p>Die Ermittler des Polizeireviers Mannheim-Oststadt suchen Zeugen eines  Verkehrsunfalls, der sich am Montagabend, gegen 20:45 Uhr, an der  Kreuzung Reichskanzler-M\u00fcller-Stra\u00dfe\/Schwetzinger Stra\u00dfe, ereignet hat.  Ein 78-j\u00e4hriger BMW-Fahrer war in der Viehhofstra\u00dfe unterwegs und wollte  an der Kreuzung nach links in die Schwetzinger Stra\u00dfe einbiegen. Beim  Abbiegen kollidierte er allerdings mit einem 23-j\u00e4hrigen Opel-Fahrer,  der die Reichskanzler-M\u00fcller-Stra\u00dfe in Richtung Viehhofstra\u00dfe befuhr.  Durch die Kollision wurden beide Fahrzeuge so sehr besch\u00e4digt wurden,  dass sie nicht mehr fahrbereit waren und abgeschleppt werden mussten.  Der gesch\u00e4tzte Sachschaden bel\u00e4uft sich auf ca. 5.000 Euro. Da beide  Beteiligten angaben, bei gr\u00fcner Ampel in den Kreuzungsbereich  eingefahren zu sein, sucht die Polizei nun Zeugen, die den Unfall  beobachtet haben. Diese werden gebeten, sich unter Tel.: 0621\/174-3310  zu melden. <\/p>\n\n\n\n<h4 class=\"wp-block-heading\">(Mannheim-Schwetzingerstadt) &#8211; Autofahrer muss wegen querendem Radfahrer abbremsen und kollidiert mit Audi-Fahrer \/ Radfahrer entfernt sich &#8211; Zeugen gesucht!<\/h4>\n\n\n\n<p>In der Seckenheimer Stra\u00dfe ereignete sich am Montag, gegen 19:20 Uhr,  eine Verkehrsunfallflucht, zu der die Polizei Zeugen sucht. Ein  44-J\u00e4hriger war mit seinem Audi in der Seckenheimer Stra\u00dfe unterwegs,  als pl\u00f6tzlich an der Ecke zur M\u00f6hlstra\u00dfe ein unbekannter Radfahrer die  Fahrbahn querte. Um einen Zusammensto\u00df mit dem Radfahrer zu vermeiden,  musste der 44-J\u00e4hrige sein Auto voll abbremsen, woraufhin der  nachfolgende 42-j\u00e4hrige Fahrer eines VWs dem Audi-Fahrer von hinten  auffuhr. Beide Autofahrer gaben an, dass die Ampel Gr\u00fcnlicht zeigte.  Daher muss davon ausgegangen werden, dass der Radfahrer eine rote Ampel  missachtet hatte. Der Unbekannte muss zudem den Unfall bemerkt haben,  setzte seine Fahrt aber ohne anzuhalten fort. Eine Personenbeschreibung  liegt der Polizei bislang nicht vor. An den beiden Autos entstand  Sachschaden in H\u00f6he von \u00fcber 5.000 Euro. <\/p>\n\n\n\n<p>Zeugen, die den Unfall  beobachtet haben und Hinweise zu dem fl\u00fcchtigen Radfahrer geben k\u00f6nnen,  werden gebeten, sich beim Polizeirevier Mannheim-Oststadt unter Tel.:  0621\/174-3310 zu melden. <\/p>\n\n\n\n<h4 class=\"wp-block-heading\">(Mannheim-Fahrlach) &#8211; Tankstellen mit Elektroschocker \u00fcberfallen \/ Zeugen gesucht<\/h4>\n\n\n\n<div class=\"wp-block-image\"><figure class=\"aligncenter\"><img decoding=\"async\" src=\"https:\/\/speyer24news.com\/wp-content\/uploads\/2019\/04\/Zeugen-gesucht-2.jpg\" alt=\"\" class=\"wp-image-12789\"\/><\/figure><\/div>\n\n\n\n<p>Am sp\u00e4ten Dienstagabend \u00fcberfielen zwei bislang unbekannte T\u00e4ter eine  Tankstelle in der Gottlieb-Daimler-Stra\u00dfe und erbeuteten dabei mehrere  hundert Euro Bargeld. Die Maskierten betraten gegen 22:45 Uhr den  Verkaufsraum der Tankstelle und gingen sofort in Richtung Kasse &#8211; dabei  hielten beiden T\u00e4ter Elektroschocker in den H\u00e4nden. Als sie dann das  Geld von der Kassiererin forderten, schalteten sie den Schocker ein um  ihrer Forderung Nachdruck zu verleihen. Zu einer Ber\u00fchrung kam es  allerdings nicht. Nachdem die Angestellte das Geld aus der Kasse auf den  Tresen gelegt hatte, griffen die T\u00e4ter zu und fl\u00fcchteten mit 280 EUR. <\/p>\n\n\n\n<p>Die\n Kriminalpolizei Mannheim hat die Ermittlungen aufgenommen und sucht in \ndiesem Zusammenhang nach Zeugen. Die T\u00e4ter k\u00f6nnen wie folgt beschrieben \nwerden: <\/p>\n\n\n\n<ul><li><strong>T\u00e4ter 1: <\/strong>m\u00e4nnlich, 1,70 m gro\u00df, 20-25 Jahre alt, dunkle Augen mit buschigen Brauen, kr\u00e4ftige Statur, maskiert mit einer schwarzen Skimaske, schwarzer Kapuzenpullover mit hellen Applikationen auf der linken Brustseite, dunkle Jogginghose mit wei\u00dfen Streifen an den Seiten, schwarze Schuhe mit wei\u00dfen Applikationen, trug wei\u00dfe Handschuhe und sprach akzentfreies Deutsch. <\/li><li><strong>T\u00e4ter 2: <\/strong>m\u00e4nnlich, 1,70 m gro\u00df,  20-25 Jahre, dunkle Augen und buschige Brauen, schmale Statur, maskiert  mit einer schwarzen Skimaske, dunkle Jacke mit Kapuze vermutlich Parka, schwarze Schuhe mit heller Sohle, trug wei\u00dfe Handschuhe und sprach akzentfrei Deutsch. <\/li><\/ul>\n\n\n\n<p>Zeugen der Tat oder Hinweisgeber, werden gebeten, sich unter 0621 174-4444 an die Ermittler des Raubdezernats zu wenden. <\/p>\n\n\n\n<h4 class=\"wp-block-heading\">(Mannheim-Friesenheimer Insel) &#8211; Containerbrand bei Abfallbeseitigungsfirma<\/h4>\n\n\n\n<p>Am 07.05.2019, um die Mittagszeit, wurde durch  Mitarbeiter einer Abfallbeseitigungsfirma auf der Friesenheimer Insel  ein Brand in einem offenen Sch\u00fctt-Container, der mit Filterabf\u00e4llen beladen war, festgestellt. Die Mitarbeiter informierten daraufhin  umgehend die Mannheimer Feuerwehr. <\/p>\n\n\n\n<p>Die Mitarbeiter versuchten, bis zum Eintreffen der Feuerwehr, den in der Werkstatt abgesetzten brennenden Container zu l\u00f6schen. Dabei erlitten acht Personen Rauchgasverletzungen. Vier der Verletzten wurden &#8211; nach der Versorgung durch den Rettungsdienst &#8211; in ein Krankenhaus gebracht. Am Werkstattgeb\u00e4ude entstand geringer Sachschaden. Der Sachschaden am  Container und der Wert des Abfalls sind ebenfalls noch nicht bekannt. <\/p>\n\n\n\n<p>Eine Beeintr\u00e4chtigung der Umwelt durch Rauch und L\u00f6schwasser ist nicht zu bef\u00fcrchten. Die Ursache des Brandes ist noch nicht bekannt, eine  Selbstentz\u00fcndung ist wahrscheinlich. Die Wasserschutzpolizei Mannheim  ermittelt. <\/p>\n\n\n\n<h4 class=\"wp-block-heading\">(Mannheim-Seckenheim) &#8211; Beim Linksabbiegen mit entgegenkommenden Autofahrer kollidiert \/ Rund 10.000 Euro Sachschaden<\/h4>\n\n\n\n<p>In der Friedrichsfelder Stra\u00dfe, an der Einm\u00fcndung zur Vogesenstra\u00dfe,  kam es am Montag, gegen 18:40 Uhr, zu einem Zusammensto\u00df zweier  Autofahrer. Ein 30-j\u00e4hriger VW-Fahrer war in Richtung Schwetzingen  unterwegs und wollte an der Einm\u00fcndung nach links in die Vogesenstra\u00dfe  abbiegen. Beim Abbiegen nahm er allerdings einem entgegenkommenden  78-j\u00e4hrigen Mercedes-Fahrer die Vorfahrt und kollidierte mit diesem.  Verletzungen zog sich gl\u00fccklicherweise keiner zu. An den Fahrzeugen  entstand jedoch Sachschaden in H\u00f6he von rund 10.000 Euro. <\/p>\n\n\n\n<h4 class=\"wp-block-heading\">(Mannheim-Sandhofen) &#8211; Auto nach Auffahrunfall nicht mehr fahrbereit \/ Zwei Leichtverletzte<\/h4>\n\n\n\n<p>Am Montag, kurz nach 9 Uhr, kam es in der Karlstra\u00dfe zu einem  Auffahrunfall, bei dem zwei Personen leicht verletzt wurden. Ein  60-j\u00e4hriger VW-Fahrer war in Richtung Spinnereistra\u00dfe unterwegs und  wollte in H\u00f6he der Elstergasse nach links in diese abbiegen. Aufgrund  eines Autofahrers, der von der Elstergasse in die Karlstra\u00dfe einbog,  musste der 60-J\u00e4hrige sein Fahrzeug abbremsen. Eine 31-j\u00e4hrige  Renault-Fahrerin, die hinter dem Mann fuhr, kam nicht mehr rechtzeitig  zum Stehen und fuhr auf den VW auf. Beide Beteiligten zogen sich dabei  leichte Verletzungen zu und nahmen im Anschluss selbstst\u00e4ndig \u00e4rztliche  Hilfe in Anspruch. Der VW war nicht mehr fahrbereit und musste  abgeschleppt werden. Der gesch\u00e4tzte Sachschaden bel\u00e4uft sich auf \u00fcber  5.000 Euro. <\/p>\n\n\n\n<h4 class=\"wp-block-heading\">(Mannheim \/ B 36 \/ Schwetzingen) &#8211; 50-j\u00e4hriger VW-Fahrer gef\u00e4hrdet  Verkehrsteilnehmer durch verkehrswidrige \u00dcberholman\u00f6ver und wird von Polizei gestoppt \/ Gesch\u00e4digte gesucht!<\/h4>\n\n\n\n<p>Die Polizei stoppte am Montagabend einen 50-j\u00e4hrigen VW-Fahrer, der auf  der B36 mehrere Verkehrsteilnehmer durch dessen verkehrswidrige  \u00dcberholman\u00f6ver gef\u00e4hrdete. Der Mann war ab ca. 18:40 Uhr in Richtung  Schwetzingen unterwegs. Bereits in H\u00f6he Mannheim-Rheinau fuhr er vom  linken Fahrstreifen auf den Standstreifen, \u00fcberholte verbotswidrig  mehrere Fahrzeuge und lenkte dann wieder auf die mittlere Fahrspur.  W\u00e4hrend der weiteren Fahrt wechselte er mehrmals zwischen dem rechten  und dem linken Fahrstreifen, bis er einige Meter weiter erneut auf den  Standstreifen fuhr, um mehrere Autofahrer zu \u00fcberholen. An der Abfahrt  Br\u00fchl kam es dann erneut zu einem verkehrswidrigen \u00dcberholman\u00f6ver. Eine  Zivilwagenbesatzung wurde auf den VW-Fahrer aufmerksam und nahm die  Verfolgung auf. Erst in H\u00f6he der Abfahrt &#8222;Schwetzingen&#8220; reagierte der  Autofahrer auf die Anhaltezeichen der Beamten und blieb dann kurz darauf  stehen. Die Beamten f\u00fchrten bei der anschlie\u00dfenden Kontrolle mit dem  50-J\u00e4hrigen einen Alkoholtest durch, welcher allerdings negativ ausfiel.  Der Mann sieht nun einer Anzeige entgegen. <\/p>\n\n\n\n<p>Die Ermittler suchen  Verkehrsteilnehmer, die durch die Fahrweise des Mannes gef\u00e4hrdet wurden.  Diese werden gebeten, sich beim Polizeirevier Mannheim-Neckarau unter  Tel.: 0621\/83397-0 zu melden. <\/p>\n\n\n\n<h4 class=\"wp-block-heading\">(Heidelberg) &#8211; Trio klaute Fahrr\u00e4der \/ Ermittlungen dauern an<\/h4>\n\n\n\n<p>Im Rahmen der Streifent\u00e4tigkeit fiel Beamten des Polizeireviers  Heidelberg-Mitte in der Nacht zum Mittwoch kurz vor 1 Uhr in der  W\u00f6rthstra\u00dfe ein VW Bus mit ukrainischem Kennzeichen auf. Parallel hierzu  erhielten die Kollegen via Funk die Information, dass ein Zeuge M\u00e4nner  beobachtet hatte, die Fahrr\u00e4der in einen VW geladen hatten. Auf der  Montpellierbr\u00fccke wurde das Fahrzeug gestoppt und die drei Insassen,  drei M\u00e4nner im Alter von 22, 42 und 43 Jahren, kontrolliert und zur  Dienstelle verbracht. Im Laderaum des VW Busses befanden sich sieben  Fahrr\u00e4der, die allesamt sichergestellt wurden. Die M\u00e4nner wurden  erkennungsdienstlich behandelt. Die Ermittlungen der Polizei dauern an.  Gesch\u00e4digte Fahrradbesitzer werden gebeten, Kontakt mit dem  Polizeirevier Heidelberg-Mitte, Tel.: 06221\/99-1700, aufzunehmen. <\/p>\n\n\n\n<h4 class=\"wp-block-heading\">(Heidelberg) &#8211; Realsch\u00fcler feiern auf dem Neckarvorland ihren Abschluss \/ Drei Verletzte und 25 zum Teil stark alkoholisierte Jugendliche<\/h4>\n\n\n\n<p>Auf der Neckarwiese feierten am Dienstag die Realsch\u00fcler aus Heidelberg  und dem Rhein-Neckar-Kreis den Abschluss ihrer schriftlichen Pr\u00fcfungen.  Ab 11.30 Uhr trafen sich die ersten 150 Sch\u00fcler\/innen, im Laufe des  Nachmittags waren dauerhaft etwa 800 Personen auf dem Neckarvorland. In  der Spitze befanden sich ca. 1.500 Personen auf der Neckarwiese. <\/p>\n\n\n\n<p>Die  Feierlichkeiten wurden durch das Polizeirevier Heidelberg-Nord, den  Einsatzzuges Heidelberg, Beamten der Sicherheitspartnerschaft  Heidelberg, der Wasserschutzpolizeistation Heidelberg und durch die Stadt Heidelberg \u00fcberwacht. Das DRK und die DLRG befanden sich ebenfalls vor Ort. <\/p>\n\n\n\n<p>Bereits gegen 14 Uhr wurde bei mehreren Sch\u00fcler\/innen Alkoholwerte zwischen 1,2 und 1,4 Promille festgestellt, ein Sch\u00fcler brachte es sp\u00e4ter auf 1,6 Promille. Insgesamt 25 stark alkoholisierte Jugendliche mussten behandelt werden, teilweise wurden die Sch\u00fcler\/innen direkt den Eltern \u00fcbergeben. <\/p>\n\n\n\n<p>Im Gegensatz zu den vergangenen  Jahren wurden dieses Jahr drei Personen bei zwei t\u00e4tlichen Auseinandersetzungen verletzt, davon gegen 16.30 Uhr eine 16-j\u00e4hrige Sch\u00fclerin aus Waibstadt schwer. Die Jugendliche musste in ein Krankenhaus eingeliefert und dort station\u00e4r aufgenommen werden. Die beiden Tatverd\u00e4chtigen konnten ermittelt werden, beide hatten erheblich dem Alkohol zugesprochen. Alkoholtest bei den beiden 18-J\u00e4hrigen ergaben Werte von 1,6 bzw. knapp 1,8 Promille. Die polizeilichen Ermittlungen  hierzu dauern derzeit noch an. <\/p>\n\n\n\n<h4 class=\"wp-block-heading\">(Heidelberg) &#8211; Auffahrunfall mit f\u00fcnf beteiligten Autos Ein Verletzter \/ 35.000 Euro Schaden<\/h4>\n\n\n\n<p>Am Dienstagmorgen gegen 7.30 Uhr kam es auf der B 3\/B 535 zu einem  Auffahrunfall, an dem f\u00fcnf Fahrzeuge beteiligt waren. Verkehrsbedingt  mussten drei Autofahrer ihre Fahrt stoppen, was der nachfolgende  44-j\u00e4hrige Mercedes-Fahrer aus Nu\u00dfloch zu sp\u00e4t erkannte und auffuhr.  Alle vier Autos wurden stark besch\u00e4digt, von denen auch zwei durch  Abschleppunternehmen abtransportiert werden mussten. In der Folge  krachte allerdings ein weitere Audi A 4-Fahrerin infolge Unachtsamkeit  und nicht ausreichendem Sicherheitsabstand auf den Mercedes. Insgesamt  entstand ein Schaden von rund 35.000 Euro. Der ebenfalls nicht mehr  fahrbereite Audi A 4 wurde in Eigenregie von der Unfallstelle entfernt.  Der Verursacher klagte \u00fcber leichte Verletzungen, ben\u00f6tigte vor Ort aber  keine medizinische Versorgung. F\u00fcr die Dauer der Unfallaufnahme bzw.  Bergung der Autos musste der Verkehr durch die Polizei geregelt werden. <\/p>\n\n\n\n<h4 class=\"wp-block-heading\">(Heidelberg-Bahnstadt) &#8211; Bei Einbruch gro\u00dfe Menge M\u00fcnzgeld gestohlen<\/h4>\n\n\n\n<p>Am fr\u00fchen Montagmorgen verschaffte sich ein bislang Unbekannter Zutritt  in die B\u00fcror\u00e4umlichkeiten eines Veranstaltungsgel\u00e4ndes im  Zollhofgarten. Nachdem der T\u00e4ter gegen 3:55 Uhr eine Fensterscheibe  einschlug, hebelte er im Innern einen Stahlschrank auf und entwendete  daraus mehrere tausend Euro Bargeld &#8211; in M\u00fcnzrollen. Am Fenster entstand  ein Schaden von mindestens 3.000 EUR. Die Beamten des Polizeireviers  Heidelberg-Mitte haben die Ermittlungen aufgenommen und suchen in diesem  Zusammenhang nach Zeugen. Hinweise, insbesondere \u00fcber gr\u00f6\u00dfere  Einzahlungen von M\u00fcnzgeld, bitte unter 0621 174-1700 an die Ermittler. <\/p>\n\n\n\n<h4 class=\"wp-block-heading\">(Br\u00fchl \/ Rhein-Neckar-Kreis) &#8211; 41-J\u00e4hriger wg. des dringenden Verdachts  des r\u00e4uberischen Diebstahls in Tateinheit mit K\u00f6rperverletzung und Beleidigungen auf Antrag der StA Mannheim in U-Haft<\/h4>\n\n\n\n<p><strong>Gemeinsame Pressemitteilung der Staatsanwaltschaft und des Polizeipr\u00e4sidiums Mannheim <\/strong><\/p>\n\n\n\n<p>Auf Antrag der Staatsanwaltschaft Mannheim erlie\u00df das Amtsgericht Mannheim  am 08.05.2019 Haftbefehl gegen einen 41-j\u00e4hrigen Mann mit deutscher  Staatsangeh\u00f6rigkeit. <\/p>\n\n\n\n<p>Nach derzeitigem Ermittlungsstand entwendete\n der Beschuldigte am 07.05.2019 gegen 20.15 Uhr aus einem Supermarkt in \nBr\u00fchl zwei Handy-H\u00fcllen und eine Lautsprecherbox im Wert von knapp 180 \nEuro. <\/p>\n\n\n\n<p>Die Diebstahlssicherungen soll der Mann mit einem Werkzeug \nentfernt und dann versucht haben, ohne die Waren zu bezahlen, das \nGesch\u00e4ft zu verlassen. <\/p>\n\n\n\n<p>Als der Beschuldigte von einem \nSupermarktmitarbeiter angesprochen wurde und dieser sich ihm in den Weg \nstellte, soll der 41-J\u00e4hrige den Mitarbeiter beiseite geschubst und ihn \nmit der Lautsprecherbox auf den Kopf geschlagen haben. <\/p>\n\n\n\n<p>Daraufhin wurde er von dem 42-j\u00e4hrigen Mitarbeiter ergriffen und sollte vorl\u00e4ufig festgenommen werden. <\/p>\n\n\n\n<p>Gegen\n die Festnahme widersetzte sich der Ladendieb und versuchte u.a. mit \neiner Bierflasche auf den Supermarktmitarbeiter einzuschlagen.  Hierbei \nsoll er den Angestellten des Marktes fortlaufend beleidigt und versucht \nhaben, im Besitz seines Diebesgutes zu bleiben und sich seiner Festnahme\n zu entziehen. Mit Hilfe eines zweiten Angestellten des Marktes gelang \nes, den Beschuldigten festzunehmen und ihn an Polizeibeamte des \nPolizeireviers Mannheim-Neckarau zu \u00fcberstellen. <\/p>\n\n\n\n<p>Der 41-j\u00e4hrige \nMitarbeiter des Supermarktes wurde durch den Schlag mit der \nLautsprecherbox verletzt und zog sich bei der Festnahme des \nBeschuldigten Sch\u00fcrfwunden am K\u00f6rper zu. <\/p>\n\n\n\n<p>Auf Antrag der \nStaatsanwaltschaft Mannheim wurde der Beschuldigte am 08.05.2019 der \nErmittlungsrichterin des Amtsgerichts Mannheim vorgef\u00fchrt. Diese erlie\u00df \ngegen den Beschuldigten Haftbefehl. Er wurde danach in eine \nJustizvollzuganstalt eingeliefert. <\/p>\n\n\n\n<p>Die Ermittlungen der Staatsanwaltschaft Mannheim und des Polizeipostens Br\u00fchl dauern an. <\/p>\n\n\n\n<h4 class=\"wp-block-heading\">(Schwetzingen \/ Rhein-Neckar-Kreis) &#8211; Auto aufgebrochen und Navi ausgebaut<\/h4>\n\n\n\n<p>In der Nacht von Montag auf Dienstag brach ein bislang Unbekannter ein  in der Helmholtzstra\u00dfe geparkten Pkw auf und entwendete das fest  eingebaute Navigationsger\u00e4t. Der T\u00e4ter schlug zun\u00e4chst eine Scheibe des  BMW ein und entriegelte anschlie\u00dfend die T\u00fcre. Beim Ausbau des Ger\u00e4ts  ging der Dieb wenig zimperlich mit der Mittelkonsole und dem  Armaturenbrett um, sodass mehrere tausend Euro Schaden entstanden. Der  Diebstahlsschaden bel\u00e4uft sich auf knapp 2.000 EUR. Zeugen, werden  gebeten, sich unter 06202 2880 an die Beamten des Polizeireviers  Schwetzingen zu wenden. <\/p>\n\n\n\n<h4 class=\"wp-block-heading\">(Schwetzingen \/ Rhein-Neckar-Kreis) &#8211; Auffahrunfall in der Z\u00e4hringerstra\u00dfe<\/h4>\n\n\n\n<p>Ein 51-j\u00e4hriger Opel Vectra-Fahrer wurde bei einem Verkehrsunfall am  Montag kurz vor 8 Uhr in der Z\u00e4hringerstra\u00dfe leicht verletzt. Er musste  seinen Wagen aufgrund des Verkehrs bis zum Stillstand abbremsen, was ein  nachfolgender Mercedes-Fahrer zu sp\u00e4t wahrnahm und aufgrund zu geringen  Sicherheitsabstandes auffuhr. Mercedes und Opel waren noch fahrbereit.  Die Polizei beziffert den Unfallschaden auf mehrere tausend Euro. <\/p>\n\n\n\n<h4 class=\"wp-block-heading\">(Hockenheim \/ Rhein-Neckar-Kreis) &#8211; Radfahrer hatte reichlich Alkohol intus&#8230;<\/h4>\n\n\n\n<p>Einem auf dem Weg zum Dienst befindlichen Polizeibeamten fiel am  Dienstag kurz vor 19 Uhr die Schlangenlinienfahrt eines 50-j\u00e4hrigen  Radfahrers in der Karlsruher Stra\u00dfe in Richtung Ortsmitte auf. Bei dem  Gespr\u00e4ch wehte dem Beamten eine ordentliche Alkoholfahne entgegen. Nach  einer \u00dcberpr\u00fcfung auf der Dienststelle hatte der aus Hockenheim  stammende Mann 2,64 Promille intus. Blutprobe, Sicherstellung seines  Fahrrades sowie die Anzeige bei der Staatsanwaltschaft Mannheim folgten.<\/p>\n\n\n\n<h4 class=\"wp-block-heading\">(Walldorf \/ Rhein-Neckar-Kreis) &#8211; \u00dcber 15.000 Euro Schaden bei Crash<\/h4>\n\n\n\n<p>Verkehrsbedingt musste am Montagnachmittag ein BMW-Fahrer in der  Josef-Reiert-Stra\u00dfe in H\u00f6he eines Autohauses seinen Wagen abbremsen. Der  nachfolgende 51-j\u00e4hrige Mercedes-Fahrer erkannte dies zu sp\u00e4t und  krachte auf den BMW. Der 32-j\u00e4hrige Fahrer zog sich dabei leichte  Verletzungen zu und wollte sich selbstst\u00e4ndig in \u00e4rztliche Behandlung  begeben. An den Autos entstand Schaden von 15.000 Euro. <\/p>\n\n\n\n<h4 class=\"wp-block-heading\">(Walldorf \/ Rhein-Neckar-Kreis) &#8211; Zeugen gesucht !<\/h4>\n\n\n\n<p>\u00dcber das vergangene Wochenende machten sich bislang unbekannte T\u00e4ter an  vier Fahrzeugen auf einem Firmengel\u00e4nde im Kleinfeldweg zu schaffen.  Auf abschlie\u00dfend nicht gekl\u00e4rte Art und Weise \u00f6ffneten die Unbekannten  Fahrert\u00fcren und Motorhauben, bauten die Sto\u00dff\u00e4nger ab und die  Frontscheinwerfer aus. <\/p>\n\n\n\n<p>Die Schadensh\u00f6he ist derzeit noch nicht bezifferbar. <\/p>\n\n\n\n<p>Die\n polizeilichen \u00dcberpr\u00fcfungen dauern noch an. Zeugen, die zwischen \nFreitagabend und Sonntagmorgen verd\u00e4chtige Beobachtungen im \nIndustriegebiet gemacht haben, werden gebeten, sich mit dem \nPolizeiposten Walldorf, Tel.: 06227\/8419990, oder dem Polizeirevier \nWiesloch, Tel.: 06222\/57090, in Verbindung zu setzen. <\/p>\n\n\n\n<h4 class=\"wp-block-heading\">(Sandhausen \/ Rhein-Neckar-Kreis) &#8211; Unbekannter richtet hohen Schaden an und entfernt sich von der Unfallstelle Polizei ermittelt wegen Unfallflucht<\/h4>\n\n\n\n<p>Einen beim Stadion des SV Sandhausen in der Jahnstra\u00dfe abgestellten  Opel Zafira besch\u00e4digte ein bislang unbekannter Autofahrer beim  R\u00fcckw\u00e4rtsfahren und entfernte sich danach unerlaubt. Der Gesch\u00e4digte  parkte seinen Wagen am Sonntag gegen 17 Uhr und musste am  Montagnachmittag, kurz nach 16 Uhr, die Besch\u00e4digungen an der  Beifahrerseite feststellen. Den Schaden beziffert die Polizei, die nun  wegen Unfallflucht ermittelt, auf \u00fcber 5.000 Euro. Zeugen, die Hinweise  auf den Verursacher geben k\u00f6nnen, werden gebeten, sich mit dem  Polizeirevier Wiesloch, Tel.: 06222\/57090, in Verbindung zu setzen. <\/p>\n\n\n\n<h4 class=\"wp-block-heading\">(Bammental \/ Rhein-Neckar-Kreis) &#8211; Unfall auf der L 600<\/h4>\n\n\n\n<p>Verkehrsbedingt mussten eine aus Neckargem\u00fcnd stammende Ford-Fahrerin  wie auch ein aus Meckesheim stammender Fiat-Fahrer, die am Montag kurz  nach 16 Uhr auf der L 600 unterwegs waren, ihre Fahrzeuge stoppen. Der  nachfolgende 60-j\u00e4hrige Peugeot-Fahrer erkannte dies infolge  Unachtsamkeit zu sp\u00e4t und fuhr auf den Ford auf, der wiederum auf den  Fiat geschoben wurde. Die Ford-Fahrerin wie auch ihre Mitfahrerin zogen  sich leichte Verletzungen zu, die vor Ort medizinisch versorgt werden  mussten. An den Autos entstand ein Gesamtschaden von rund 10.000 Euro.  Der aus dem Odenwald stammende Verursacher sieht einer Anzeige entgegen.  <\/p>\n\n\n\n<h4 class=\"wp-block-heading\">(Meckesheim-M\u00f6nchzell \/ Rhein-Neckar-Kreis) &#8211; Vollbrand einer Jagdh\u00fctte<\/h4>\n\n\n\n<p>Eine Spazierg\u00e4ngerin meldete am Dienstagabend gegen 19.00 Uhr bei der  Rettungsleitstelle den Brand der Jagdh\u00fctte im Neckargem\u00fcnder Weg in  M\u00f6nchzell. Beim Eintreffen der Einsatzkr\u00e4fte stand die Jagdh\u00fctte bereits  in Vollbrand. Die Feuerwehren Meckesheim, M\u00f6nchzell, Mauer und Wiesloch  waren mit insgesamt 10 Fahrzeugen und 47 Einsatzkr\u00e4ften vor Ort,  konnten jedoch die Jagdh\u00fctte nicht mehr retten, diese brannte  vollst\u00e4ndig aus. Die Brandursache ist derzeit noch unklar. Es entstand  ein Sachschaden von ca. 50.000 EUR. Durch die Spazierg\u00e4ngerin konnte  kurz zuvor ein blauer Audi gesehen werden, welcher von der \u00d6rtlichkeit  weg fuhr. Das Fahrzeug w\u00e4re mit 3-4 m\u00e4nnlichen Personen besetzt gewesen.  Ob die Personen etwas mit dem Brand zu tun haben ist derzeit noch  unklar. Die Kriminalpolizei hat die Ermittlungen \u00fcbernommen.  Sachdienliche Hinweise bitte an den Kriminaldauerdienst unter  0621\/174-4444. <\/p>\n\n\n\n<h4 class=\"wp-block-heading\">(Sinsheim \/ Rhein-Neckar-Kreis) &#8211; Brand in der Spervogelstra\u00dfe Polizei ermittelt wegen fahrl\u00e4ssiger Brandstiftung<\/h4>\n\n\n\n<p>Am Dienstagabend gegen 18.30 Uhr erhielt die Polizei die Nachricht \u00fcber  einen Brand in Sinsheim-Weiler. Bei Eintreffen der Streifenbesatzung  hatte die Freiwillige Feuerwehr aus Weiler bereits das Feuer unter  Kontrolle. <\/p>\n\n\n\n<p>Wie die ersten Ermittlungen vor Ort ergaben, hatte ein\n 25-J\u00e4hriger am Vorabend Asche aus dem Kaminofen in ein altes \nverrostetes Fass gekippt, in welchem auch trockenes Reisig und Bl\u00e4tter \nlagen. Da die Asche offenbar noch nicht ganz ausgek\u00fchlt war, entwickelte\n sich eine Glut, deren Teile nach au\u00dfen fielen und gelagerte \nPressspanplatten in der Folge Feuer fingen. <\/p>\n\n\n\n<p>Durch das rasche  Eingreifen der Feuerwehr konnte allerdings Schlimmeres verhindert  werden. Die Gesamtschadensh\u00f6he ist noch nicht bezifferbar. Die  Ermittlungen dauern an. <\/p>\n\n\n\n<h4 class=\"wp-block-heading\">(Epfenbach-Neidenstein \/ Rhein-Neckar-Kreis) &#8211; Gl\u00fcck im Ungl\u00fcck&#8230;<\/h4>\n\n\n\n<p>Gl\u00fcck im Ungl\u00fcck hatten die beiden Insassen eines Dacia nach einem  Unfall in der Nacht zum Dienstag auf der K 4191. Anwohner alarmierten  kurz nach Mitternacht die Polizei \u00fcber den Verkehrsunfall am Ortsausgang  Epfenbach. Bei Eintreffen der Polizeistreife war die Freiwillige  Feuerwehr Epfenbach bereits mit zwei Fahrzeugen vor Ort. Ersten  Feststellungen zufolge wollte der 18-j\u00e4hrige Fahrer eine Zigarettenkippe  aus dem Wagen werfen, welche jedoch in seinen Scho\u00df fiel und er dadurch  die Kontrolle \u00fcber den Wagen verlor. Er touchierte daraufhin mit dem  Wagen eine Sitzbank, einen Schildermast sowie weitere dort befindliche  Gegenst\u00e4nde, so dass der Gemeinde Epfenbach ebenfalls Schaden entstand.  Den Schaden am Dacia beziffert die Polizei auf mehrere tausend Euro; an  dem Auto entstand wirtschaftlicher Totalschaden. Die beiden Insassen  \u00fcberstanden den Unfall zum Gl\u00fcck ohne Verletzungen. <\/p>\n\n\n\n<h4 class=\"wp-block-heading\">(Waldwimmersbach-Haag \/ Rhein-Neckar-Kreis) &#8211; Nach Stra\u00dfenverkehrsgef\u00e4hrdung weitere Zeugen gesucht<\/h4>\n\n\n\n<p>Nach einem riskanten \u00dcberholman\u00f6ver am Sonntag auf der Landstra\u00dfe 595  sucht das Polizeirevier Eberbach nach weiteren Zeugen. Ein Opel-Fahrer  \u00fcberholte demnach, von Waldwimmersbach kommend, auf dem Weg nach Haag  mindestens zwei Fahrzeuge ohne auf den Gegenverkehr zu achten. Ob  hierbei von Haag kommende Fahrer m\u00f6glicherweise gef\u00e4hrdet wurde, konnte  bislang nicht ermittelt werden. Zeugen, denen am Sonntag im Zeitraum von  15:05 Uhr bis 15:10 Uhr auf der L 595 ein blauer Opel mit Heidelberger  Zulassung entgegenkam und diese dabei gef\u00e4hrdete, werden gebeten, sich  unter 06271 92100 an die Beamten des Polizeireviers Eberbach zu wenden. <\/p>\n\n\n\n<h4 class=\"wp-block-heading\">(Neckargem\u00fcnd \/ Rhein-Neckar-Kreis) &#8211; Fu\u00dfg\u00e4ngerin von Radfahrer erfasst<\/h4>\n\n\n\n<p>Eine 79-J\u00e4hrige aus Sch\u00f6nau stammende Frau wurde am Montag kurz vor 12  Uhr von einem Fahrradfahrer in der Wiesenbacher Stra\u00dfe erfasst. Die Frau  querte in H\u00f6he der Kreuzung &#8222;An der M\u00fcnzenbach&#8220; die Fahrbahn, ohne auf  den ordnungsgem\u00e4\u00df fahrenden 30-j\u00e4hrigen Radfahrer zu achten. Bei dem  Sturz zog sie sich Verletzungen zu und wurde mit einem Rettungswagen in  ein Heidelberger Krankenhaus eingeliefert. Nach der ambulanten  Behandlung konnte die Dame dieses am Abend wieder verlassen. Am Rad  entstand geringer Schaden. <\/p>\n\n\n\n<h4 class=\"wp-block-heading\">(Neckargem\u00fcnd \/ Rhein-Neckar-Kreis) &#8211; Hoher Schaden bei Verkehrsunfall<\/h4>\n\n\n\n<p>Eine 18-j\u00e4hrige Ford-Fahrerin verursachte am Montagvormittag gegen 10  Uhr in der Stra\u00dfe &#8222;Im Spitzerfeld&#8220;\/Eichendorffstra\u00dfe einen  Verkehrsunfall, bei dem Sachschaden von fast 30.000 Euro entstand. Sie  hatte die Vorfahrt eines ordnungsgem\u00e4\u00df fahrenden Audi-Fahrers nicht  beachtet, weshalb es zur Kollision kam. Der Audi Q5 wurde abgewiesen,  krachte gegen einen am Fahrbahnrand aufgestellten Verkehrszeichenmast  und kam im Gr\u00fcnstreifen zum Stillstand. Die beiden Insassen im Ford wie  auch der 81-j\u00e4hrige Audi-Fahrer zogen sich leichte Verletzungen zu und  wurden zur ambulanten Behandlung in ein Krankenhaus eingeliefert. Die  beiden stark besch\u00e4digten Autos wurden in Eigenregie von der  Unfallstelle entfernt. Der Stadt Neckargem\u00fcnd entstand ebenfalls Schaden  in H\u00f6he von mehreren hundert Euro. Die Verursacherin sieht einer  Anzeige entgegen. <\/p>\n\n\n\n<h4 class=\"wp-block-heading\">(Eberbach \/ Rhein-Neckar-Kreis) &#8211; Zerborstene Flaschen auf dem Schulhof der Werkrealschule \/ Wer hat Beobachtungen gemacht ? Hinweise an die Polizei<\/h4>\n\n\n\n<p>Bei Schulbeginn am Dienstmorgen stellte der Hausmeister der  Werkrealschule in der Steigestra\u00dfe zerschlagene Glasflaschen,  besch\u00e4digte Abfallbeh\u00e4ltnisse und gelockerte Pflastersteine auf dem  Schulhof fest. M\u00f6glicherweise kommen f\u00fcr diese Besch\u00e4digungen  Jugendliche in Betracht, die sich in der Nacht von Montag auf Dienstag  auf dem Schulgel\u00e4nde aufgehalten und Alkohol konsumiert hatten. <\/p>\n\n\n\n<p>Der\n Hausmeister beseitigte die Scherben noch vor Eintreffen der Sch\u00fcler und\n verst\u00e4ndigte dann die Polizei. Die Beamten des Eberbacher \nPolizeireviers ermitteln nun und bitten Zeugen, die verd\u00e4chtige \nBeobachtungen gemacht haben, sich unter Tel.: 06271\/92100 zu melden. <\/p>\n","protected":false},"excerpt":{"rendered":"<div class=\"mh-excerpt\"><p>Polizeimeldungen von Dienstag und Mittwoch (07.05 &#8211; 08.05.2019) (Speyer) &#8211; Hoher Sachschaden nach Auffahrunfall In der Landwehrstra\u00dfe hat ein 46-j\u00e4hriger BMW am Dienstagnachmittag einen vor ihm in Richtung Wormser Landstra\u00dfe verkehrsbedingt abbremsenden VW \u00fcbersehen und <a class=\"mh-excerpt-more\" href=\"https:\/\/speyer24news.com\/?p=13254\" title=\"Polizeimeldung\">[&#8230;]<\/a><\/p>\n<\/div>","protected":false},"author":3,"featured_media":0,"comment_status":"open","ping_status":"open","sticky":false,"template":"","format":"standard","meta":{"_monsterinsights_skip_tracking":false,"_monsterinsights_sitenote_active":false,"_monsterinsights_sitenote_note":"","_monsterinsights_sitenote_category":0,"footnotes":""},"categories":[12],"tags":[61,63,105,53,102,213,55,103,106,427,62,104],"aioseo_notices":[],"amp_enabled":true,"_links":{"self":[{"href":"https:\/\/speyer24news.com\/index.php?rest_route=\/wp\/v2\/posts\/13254"}],"collection":[{"href":"https:\/\/speyer24news.com\/index.php?rest_route=\/wp\/v2\/posts"}],"about":[{"href":"https:\/\/speyer24news.com\/index.php?rest_route=\/wp\/v2\/types\/post"}],"author":[{"embeddable":true,"href":"https:\/\/speyer24news.com\/index.php?rest_route=\/wp\/v2\/users\/3"}],"replies":[{"embeddable":true,"href":"https:\/\/speyer24news.com\/index.php?rest_route=%2Fwp%2Fv2%2Fcomments&post=13254"}],"version-history":[{"count":2,"href":"https:\/\/speyer24news.com\/index.php?rest_route=\/wp\/v2\/posts\/13254\/revisions"}],"predecessor-version":[{"id":13268,"href":"https:\/\/speyer24news.com\/index.php?rest_route=\/wp\/v2\/posts\/13254\/revisions\/13268"}],"wp:attachment":[{"href":"https:\/\/speyer24news.com\/index.php?rest_route=%2Fwp%2Fv2%2Fmedia&parent=13254"}],"wp:term":[{"taxonomy":"category","embeddable":true,"href":"https:\/\/speyer24news.com\/index.php?rest_route=%2Fwp%2Fv2%2Fcategories&post=13254"},{"taxonomy":"post_tag","embeddable":true,"href":"https:\/\/speyer24news.com\/index.php?rest_route=%2Fwp%2Fv2%2Ftags&post=13254"}],"curies":[{"name":"wp","href":"https:\/\/api.w.org\/{rel}","templated":true}]}}