{"id":13308,"date":"2019-05-09T13:49:26","date_gmt":"2019-05-09T12:49:26","guid":{"rendered":"https:\/\/speyer24news.com\/?p=13308"},"modified":"2019-06-13T16:18:55","modified_gmt":"2019-06-13T15:18:55","slug":"vorstellung-des-brezelfestbildes-2019-durch-den-round-table-63-speyer","status":"publish","type":"post","link":"https:\/\/speyer24news.com\/?p=13308","title":{"rendered":"Vorstellung des Brezelfestbildes 2019 durch den Round Table 63 (Speyer)"},"content":{"rendered":"<style type=\"text\/css\">\r\n\t.ads_top_disp{}\r\n\t.ads_top_corner_disp{ float:left; margin:0px 10px 10px 0px; }\r\n\t.ads_first_p_disp{}\r\n\t.ads_bottom_disp{}\r\n\t<\/style>\n<h2 class=\"wp-block-heading\">Karin Germeyer-Kihm damit zum zweiten Mal K\u00fcnstlerin eines\nBrezelfestbildes<\/h2>\n\n\n\n<h4 class=\"wp-block-heading\"><em>Von Daniel Kemmerich<\/em><\/h4>\n\n\n\n<figure class=\"wp-block-image\"><img decoding=\"async\" loading=\"lazy\" width=\"800\" height=\"600\" src=\"https:\/\/speyer24news.com\/wp-content\/uploads\/2019\/05\/DSC02753.jpg\" alt=\"\" class=\"wp-image-13310\" srcset=\"https:\/\/speyer24news.com\/wp-content\/uploads\/2019\/05\/DSC02753.jpg 800w, https:\/\/speyer24news.com\/wp-content\/uploads\/2019\/05\/DSC02753-300x225.jpg 300w, https:\/\/speyer24news.com\/wp-content\/uploads\/2019\/05\/DSC02753-768x576.jpg 768w, https:\/\/speyer24news.com\/wp-content\/uploads\/2019\/05\/DSC02753-678x509.jpg 678w, https:\/\/speyer24news.com\/wp-content\/uploads\/2019\/05\/DSC02753-326x245.jpg 326w, https:\/\/speyer24news.com\/wp-content\/uploads\/2019\/05\/DSC02753-80x60.jpg 80w\" sizes=\"(max-width: 800px) 100vw, 800px\" \/><\/figure>\n\n\n\n<p><strong>Speyer \/ Brezelfest \u2013 <\/strong>Am Mittwochnachmittag pr\u00e4sentierte der Speyerer <strong>Round Table 63<\/strong> das diesj\u00e4hrige <strong>Brezelfestbild <\/strong>der <strong>K\u00fcnstlerin Karin Germeyer-Kihm<\/strong>. Es ist damit bereits das zweite Kunstwerk, das die K\u00fcnstlerin f\u00fcr das Brezelfest erschaffen hat &#8211;&nbsp; eine Premiere.<\/p>\n\n\n\n<div class=\"wp-block-image\"><figure class=\"aligncenter\"><img decoding=\"async\" loading=\"lazy\" width=\"800\" height=\"600\" src=\"https:\/\/speyer24news.com\/wp-content\/uploads\/2019\/05\/DSC02754.jpg\" alt=\"\" class=\"wp-image-13311\" srcset=\"https:\/\/speyer24news.com\/wp-content\/uploads\/2019\/05\/DSC02754.jpg 800w, https:\/\/speyer24news.com\/wp-content\/uploads\/2019\/05\/DSC02754-300x225.jpg 300w, https:\/\/speyer24news.com\/wp-content\/uploads\/2019\/05\/DSC02754-768x576.jpg 768w, https:\/\/speyer24news.com\/wp-content\/uploads\/2019\/05\/DSC02754-678x509.jpg 678w, https:\/\/speyer24news.com\/wp-content\/uploads\/2019\/05\/DSC02754-326x245.jpg 326w, https:\/\/speyer24news.com\/wp-content\/uploads\/2019\/05\/DSC02754-80x60.jpg 80w\" sizes=\"(max-width: 800px) 100vw, 800px\" \/><\/figure><\/div>\n\n\n\n<p>Bereits im Jahr 2011 war sie die K\u00fcnstler des Brezelfestbildes, dies hatte <strong>PM-International<\/strong> damals f\u00fcr 6800 \u20ac ersteigert. Es schm\u00fcckt seitdem den Aufenthaltsraum der Firma.&nbsp; Auch im letzten Jahr erstand die Speyer Firma PM-International durch sein <strong>Vorstandsmitglied Patrick Bacher<\/strong> das traditionelle Brezelfest-Bild f\u00fcr 10.000 Euro, damit besitzt sie bereits zwei der begehrten Bilder. Und auch an diesem Bild scheint reges Interesse der Firma zu herrschen, hat sie doch mit <strong>Jasmin Mandery<\/strong> ihre zust\u00e4ndige Pressereferentin zu dem Termin geschickt, um ein Bild zu schie\u00dfen. So w\u00fcrde das Kunstwerk wohl nicht nur optisch gut zu PM-International passen, auch der diesj\u00e4hrige Zweck der Spende passt in das Produktfeld der Firma. <\/p>\n\n\n\n<div class=\"wp-block-image\"><figure class=\"aligncenter\"><img decoding=\"async\" loading=\"lazy\" width=\"800\" height=\"600\" src=\"https:\/\/speyer24news.com\/wp-content\/uploads\/2019\/05\/DSC02744.jpg\" alt=\"\" class=\"wp-image-13312\" srcset=\"https:\/\/speyer24news.com\/wp-content\/uploads\/2019\/05\/DSC02744.jpg 800w, https:\/\/speyer24news.com\/wp-content\/uploads\/2019\/05\/DSC02744-300x225.jpg 300w, https:\/\/speyer24news.com\/wp-content\/uploads\/2019\/05\/DSC02744-768x576.jpg 768w, https:\/\/speyer24news.com\/wp-content\/uploads\/2019\/05\/DSC02744-678x509.jpg 678w, https:\/\/speyer24news.com\/wp-content\/uploads\/2019\/05\/DSC02744-326x245.jpg 326w, https:\/\/speyer24news.com\/wp-content\/uploads\/2019\/05\/DSC02744-80x60.jpg 80w\" sizes=\"(max-width: 800px) 100vw, 800px\" \/><\/figure><\/div>\n\n\n\n<p>Mit dem erwirtschafteten Betrag aus Brezelbild Versteigerung, Verkauf von <strong>Kunstdrucken <\/strong>des selbigen (f\u00fcr <strong>20 .- \u20ac<\/strong> zu erwerben bei <strong>Preu\u00df Schneidwaren<\/strong> sowie <strong>Sakul <\/strong>in der Maximilianstra\u00dfe und <strong>Intersport Scheben<\/strong> in der Wormser Landstra\u00dfe), <strong>Weinverkauf <\/strong>(f\u00fcr<strong> 10.- \u20ac<\/strong> pro Flasche, zu erwerben bei Intersport Scheben in der Wormser Landstra\u00dfe) und dem <strong>Brezelfestbuttonverkauf <\/strong>(<strong>2 .- \u20ac pro St\u00fcck<\/strong>, diese werden auf dem Brezelfest verkauft) wird ein Projekt des <strong>Jugendcafe West \/ ZWANZIG10<\/strong> gesponsert. Dieses plant, eine <strong>Multifunktionssportanlage <\/strong>neben dem Jugendcafe in Speyer-West zu bauen. Nat\u00fcrlich wird die erwirtschaftete Summe nicht langen, dieses zu finanzieren, aber vielleicht finden sich mit der zus\u00e4tzlichen Aufmerksamkeit ja noch weitere Sponsoren?<\/p>\n\n\n\n<div class=\"wp-block-image\"><figure class=\"aligncenter\"><img decoding=\"async\" loading=\"lazy\" width=\"800\" height=\"600\" src=\"https:\/\/speyer24news.com\/wp-content\/uploads\/2019\/05\/DSC02745.jpg\" alt=\"\" class=\"wp-image-13313\" srcset=\"https:\/\/speyer24news.com\/wp-content\/uploads\/2019\/05\/DSC02745.jpg 800w, https:\/\/speyer24news.com\/wp-content\/uploads\/2019\/05\/DSC02745-300x225.jpg 300w, https:\/\/speyer24news.com\/wp-content\/uploads\/2019\/05\/DSC02745-768x576.jpg 768w, https:\/\/speyer24news.com\/wp-content\/uploads\/2019\/05\/DSC02745-678x509.jpg 678w, https:\/\/speyer24news.com\/wp-content\/uploads\/2019\/05\/DSC02745-326x245.jpg 326w, https:\/\/speyer24news.com\/wp-content\/uploads\/2019\/05\/DSC02745-80x60.jpg 80w\" sizes=\"(max-width: 800px) 100vw, 800px\" \/><\/figure><\/div>\n\n\n\n<p>Pers\u00f6nlich k\u00f6nnen wir uns aber auch vorstellen, dass die Finanzinstitute <strong>Sparkasse Vorderpfalz<\/strong> und <strong>Volksbank <\/strong>wieder gro\u00dfes Interesse an dem Bild haben werden. Und auch <strong>Palatina Geocon<\/strong> darf man in diesem Zusammenhang nicht vergessen. Ein erstes Gebot und damit einen Startpreis gibt es bereits, <strong>Mike Oehlmann<\/strong>, der u.a. mit f\u00fcr den Brezelfestumzug verantwortlich ist, hat bereits 3.000.- \u20ac geboten.<\/p>\n\n\n\n<div class=\"wp-block-image\"><figure class=\"aligncenter\"><img decoding=\"async\" loading=\"lazy\" width=\"800\" height=\"600\" src=\"https:\/\/speyer24news.com\/wp-content\/uploads\/2019\/05\/DSC02751.jpg\" alt=\"\" class=\"wp-image-13314\" srcset=\"https:\/\/speyer24news.com\/wp-content\/uploads\/2019\/05\/DSC02751.jpg 800w, https:\/\/speyer24news.com\/wp-content\/uploads\/2019\/05\/DSC02751-300x225.jpg 300w, https:\/\/speyer24news.com\/wp-content\/uploads\/2019\/05\/DSC02751-768x576.jpg 768w, https:\/\/speyer24news.com\/wp-content\/uploads\/2019\/05\/DSC02751-678x509.jpg 678w, https:\/\/speyer24news.com\/wp-content\/uploads\/2019\/05\/DSC02751-326x245.jpg 326w, https:\/\/speyer24news.com\/wp-content\/uploads\/2019\/05\/DSC02751-80x60.jpg 80w\" sizes=\"(max-width: 800px) 100vw, 800px\" \/><\/figure><\/div>\n\n\n\n<p>Da die Speyerer K\u00fcnstlerin Karin Germeyer-Kihm aber sehr bekannt ist und auch ihr diesj\u00e4hriges Bild wieder etwas Einmaliges ist, sind wir sicher, dass dieses Gebot bei weitem nicht ausreichen wird. Unser pers\u00f6nlicher Tipp liegt so zwischen 9.000 \u2013 10.000 \u20ac. Am Brezelfest-Montag, 15. Juli 2019 werden wir es genau wissen.<\/p>\n\n\n\n<div class=\"wp-block-image\"><figure class=\"aligncenter\"><img decoding=\"async\" loading=\"lazy\" width=\"800\" height=\"599\" src=\"https:\/\/speyer24news.com\/wp-content\/uploads\/2019\/05\/DSC02742.jpg\" alt=\"\" class=\"wp-image-13315\" srcset=\"https:\/\/speyer24news.com\/wp-content\/uploads\/2019\/05\/DSC02742.jpg 800w, https:\/\/speyer24news.com\/wp-content\/uploads\/2019\/05\/DSC02742-300x225.jpg 300w, https:\/\/speyer24news.com\/wp-content\/uploads\/2019\/05\/DSC02742-768x575.jpg 768w, https:\/\/speyer24news.com\/wp-content\/uploads\/2019\/05\/DSC02742-678x509.jpg 678w, https:\/\/speyer24news.com\/wp-content\/uploads\/2019\/05\/DSC02742-326x245.jpg 326w, https:\/\/speyer24news.com\/wp-content\/uploads\/2019\/05\/DSC02742-80x60.jpg 80w\" sizes=\"(max-width: 800px) 100vw, 800px\" \/><\/figure><\/div>\n\n\n\n<h4 class=\"wp-block-heading\">Sehen sie hier das Livevideo zur Pr\u00e4sentation des\nBrezelfestbildes 2019 durch die K\u00fcnstlerin:<\/h4>\n\n\n\n<p><a href=\"https:\/\/www.facebook.com\/Speyer24News\/videos\/2389643441322949\/UzpfSTEwMDAwMDU2MzE0MTA5NzpWSzoyMzc2MTg2MzY1OTUwOTUy\">https:\/\/www.facebook.com\/Speyer24News\/videos\/2389643441322949\/UzpfSTEwMDAwMDU2MzE0MTA5NzpWSzoyMzc2MTg2MzY1OTUwOTUy<\/a><\/p>\n\n\n\n<h4 class=\"wp-block-heading\">Informationen zur K\u00fcnstlerin Karin Germeyer-Kihm: <\/h4>\n\n\n\n<p><a href=\"http:\/\/www.germeyer-kihm.de\">www.germeyer-kihm.de<\/a><\/p>\n\n\n\n<p><a href=\"http:\/\/k\u00fcnstlerbund-speyer.de\/karin-germeyer-kihm\/\">http:\/\/k\u00fcnstlerbund-speyer.de\/karin-germeyer-kihm\/<\/a><\/p>\n\n\n\n<h4 class=\"wp-block-heading\">Informationen zum Round Table 63 (Speyer):<\/h4>\n\n\n\n<p><a href=\"https:\/\/www.round-table-speyer.org\/rt-63-speyer\">https:\/\/www.round-table-speyer.org\/rt-63-speyer<\/a><\/p>\n\n\n\n<h4 class=\"wp-block-heading\">Informationen zum Brezelfest 2019:<\/h4>\n\n\n\n<p><a href=\"https:\/\/www.speyerer-brezelfest.de\/\">https:\/\/www.speyerer-brezelfest.de\/<\/a><\/p>\n\n\n\n<p><em>Lektorin: Speyer 24\/7 News, ank<br>09.05.2019<\/em><\/p>\n","protected":false},"excerpt":{"rendered":"<div class=\"mh-excerpt\"><p>Karin Germeyer-Kihm damit zum zweiten Mal K\u00fcnstlerin eines Brezelfestbildes Von Daniel Kemmerich Speyer \/ Brezelfest \u2013 Am Mittwochnachmittag pr\u00e4sentierte der Speyerer Round Table 63 das diesj\u00e4hrige Brezelfestbild der K\u00fcnstlerin Karin Germeyer-Kihm. Es ist damit bereits <a class=\"mh-excerpt-more\" href=\"https:\/\/speyer24news.com\/?p=13308\" title=\"Vorstellung des Brezelfestbildes 2019 durch den Round Table 63 (Speyer)\">[&#8230;]<\/a><\/p>\n<\/div>","protected":false},"author":3,"featured_media":13309,"comment_status":"open","ping_status":"open","sticky":false,"template":"","format":"standard","meta":{"_monsterinsights_skip_tracking":false,"_monsterinsights_sitenote_active":false,"_monsterinsights_sitenote_note":"","_monsterinsights_sitenote_category":0,"footnotes":""},"categories":[47],"tags":[1067,1069,1068,1074,1070,1071,1073,1075,303,6,1076,1072],"aioseo_notices":[],"amp_enabled":true,"_links":{"self":[{"href":"https:\/\/speyer24news.com\/index.php?rest_route=\/wp\/v2\/posts\/13308"}],"collection":[{"href":"https:\/\/speyer24news.com\/index.php?rest_route=\/wp\/v2\/posts"}],"about":[{"href":"https:\/\/speyer24news.com\/index.php?rest_route=\/wp\/v2\/types\/post"}],"author":[{"embeddable":true,"href":"https:\/\/speyer24news.com\/index.php?rest_route=\/wp\/v2\/users\/3"}],"replies":[{"embeddable":true,"href":"https:\/\/speyer24news.com\/index.php?rest_route=%2Fwp%2Fv2%2Fcomments&post=13308"}],"version-history":[{"count":2,"href":"https:\/\/speyer24news.com\/index.php?rest_route=\/wp\/v2\/posts\/13308\/revisions"}],"predecessor-version":[{"id":13317,"href":"https:\/\/speyer24news.com\/index.php?rest_route=\/wp\/v2\/posts\/13308\/revisions\/13317"}],"wp:featuredmedia":[{"embeddable":true,"href":"https:\/\/speyer24news.com\/index.php?rest_route=\/wp\/v2\/media\/13309"}],"wp:attachment":[{"href":"https:\/\/speyer24news.com\/index.php?rest_route=%2Fwp%2Fv2%2Fmedia&parent=13308"}],"wp:term":[{"taxonomy":"category","embeddable":true,"href":"https:\/\/speyer24news.com\/index.php?rest_route=%2Fwp%2Fv2%2Fcategories&post=13308"},{"taxonomy":"post_tag","embeddable":true,"href":"https:\/\/speyer24news.com\/index.php?rest_route=%2Fwp%2Fv2%2Ftags&post=13308"}],"curies":[{"name":"wp","href":"https:\/\/api.w.org\/{rel}","templated":true}]}}