{"id":13322,"date":"2019-05-10T08:12:17","date_gmt":"2019-05-10T07:12:17","guid":{"rendered":"https:\/\/speyer24news.com\/?p=13322"},"modified":"2019-05-10T08:12:19","modified_gmt":"2019-05-10T07:12:19","slug":"polizeimeldungen-49","status":"publish","type":"post","link":"https:\/\/speyer24news.com\/?p=13322","title":{"rendered":"Polizeimeldungen"},"content":{"rendered":"<style type=\"text\/css\">\r\n\t.ads_top_disp{}\r\n\t.ads_top_corner_disp{ float:left; margin:0px 10px 10px 0px; }\r\n\t.ads_first_p_disp{}\r\n\t.ads_bottom_disp{}\r\n\t<\/style>\n<h2 class=\"wp-block-heading\">Polizeimeldungen vom Donnerstag (09.05.2019)<\/h2>\n\n\n\n<div class=\"wp-block-image\"><figure class=\"aligncenter\"><img decoding=\"async\" src=\"https:\/\/speyer24news.com\/wp-content\/uploads\/2019\/04\/Aktuelles-Polizeilogo-4.jpg\" alt=\"\" class=\"wp-image-12786\"\/><\/figure><\/div>\n\n\n\n<h4 class=\"wp-block-heading\">(Speyer) &#8211; Zwei Auffahrunf\u00e4lle an Tagesbaustelle<\/h4>\n\n\n\n<p>Gleich zu zwei Verkehrsunf\u00e4llen kam es auf der B 9 am  Mittwochnachmittag an einer kurzzeitig eingerichteten Baustelle im  Bereich der Anschlussstelle R\u00f6merberg\/Dudenhofen in Fahrtrichtung  Germersheim. Gegen 15.10 Uhr \u00fcbersah eine 22-j\u00e4hrige VW Polo Fahrerin  einen vor aufgrund der Baustelle verkehrsbedingt abbremsenden VW  Transporter und fuhr auf. Schaden: 1850 Euro. Die beiden Fahrer wurden  leicht verletzt, lehnten jedoch die Hinzuziehung des Rettungsdienstes  ab. Lediglich Sachschaden entstand bei einem weiteren Auffahrunfall  gegen 15.50 Uhr. Auch hier hatte ein PKW Fahrer das vor ihm abbremsende  Fahrzeug zu sp\u00e4t erkannt und ist aufgefahren. Schaden: 600 Euro. Die  beiden Fahrer wurden nicht verletzt. <\/p>\n\n\n\n<h4 class=\"wp-block-heading\">(Speyer) &#8211; Pedelec Fahrer leicht verletzt<\/h4>\n\n\n\n<p>Ein 54-j\u00e4hriger Pedelec Fahrer befuhr den  parallel zur Schifferstadter Stra\u00dfe verlaufenden Radweg von  Schifferstadt kommend in Richtung Speyer. Als er die Einfahrt zum  Rinkenbergerweg \u00fcberquerte, wurde er von einer wartepflichtigen Mercedes  Fahrerin \u00fcbersehen, die aus dem Rinkenbergerweg nach rechts auf die  Schifferstadter Stra\u00dfe einbiegen wollte. Bei dem folgenden Zusammensto\u00df  wurde der Pedelec Fahrer leicht verletzt. Er wurde vorsorglich durch den Rettungsdienst in ein Krankenhaus gebracht. <\/p>\n\n\n\n<h4 class=\"wp-block-heading\">(Mutterstadt) &#8211; Radfahrer im Kreisverkehr \u00fcbersehen<\/h4>\n\n\n\n<p>Am 08.05.2019, gegen 16:45 Uhr, kam es im Kreisverkehr Medardusring \/  Ruchheimer Stra\u00dfe zum Zusammensto\u00df zwischen einem PKW und einem  Radfahrer. Der 25-j\u00e4hrige Radler nutzte nicht den vorgeschriebenen  Radweg, sondern fuhr auf der Fahrbahn im Kreisverkehr. Hier wurde er von  dem 38-j\u00e4hrigen wartepflichtigen PKW-Fahrer \u00fcbersehen, der in den  Kreisverkehr einfuhr und dabei den 25-j\u00e4hrigen touchierte. Dieser kam zu  Fall, wobei er sich mehrere Sch\u00fcrfwunden zuzog und sein Fahrrad  besch\u00e4digt wurde. Am PKW entstand kein Schaden. <\/p>\n\n\n\n<h4 class=\"wp-block-heading\">(Hochdorf-Assenheim) &#8211; Unfallflucht \/ Zeugen gesucht<\/h4>\n\n\n\n<p>Im Zeitraum zwischen 07.05., 15:00 Uhr und 08.05., 07:00 Uhr, streifte  ein Unbekannter ein in der Hauptstra\u00dfe auf H\u00f6he der Hausnummer 117  geparktes Fahrzeug. Hierbei entstand ein Schaden \u00fcber die gesamte rechte  Fahrzeugseite und der Au\u00dfenspiegel wurde abgerissen. Der  Unfallverursacher entfernte sich hiernach unerlaubt von der  Unfallstelle. Zeugen werden gebeten, sich an die Polizeiinspektion  Schifferstadt zu wenden (Tel. 06235 4950). <\/p>\n\n\n\n<h4 class=\"wp-block-heading\">(Lustadt) &#8211; Einladung B\u00fcrgerforum &#8222;Senioren&#8220; (Rathaus Lustadt &#8211; Obere Hauptstra\u00dfe 140)<\/h4>\n\n\n\n<p>1. B\u00fcrgerforum &#8222;Senioren&#8220; in der Verbandsgemeinde Lingenfeld Dialog  Seniorinnen und Senioren mit der Polizei und den Seniorenberatern zum  Thema &#8222;Schutz vor Kriminalit\u00e4t&#8220; Wie vermeide ich es Opfer zu werden? Zur  Auftaktveranstaltung am <strong>Freitag, dem 10. Mai 2019<\/strong>, um 15:30 Uhr, laden  die Seniorenbeauftragten und der Behindertenbeauftragte der  Verbandsgemeinde Lingenfeld sowie die Polizeiinspektion Germersheim alle  Seniorinnen und Senioren der Verbandsgemeinde Lingenfeld ein. Sich zu  informieren, auszutauschen und die Arbeit der Polizei und der  Seniorenbeauftragten kennen zu lernen sind die Ziele der Veranstaltung.<\/p>\n\n\n\n<p>W\u00e4hrend des B\u00fcrgerforums werden wir das aktuelle polizeiliche Lagebild  n\u00e4her betrachten, Pr\u00e4ventions- und Verhaltenstipps von der Abteilung  Zentrale Pr\u00e4vention des Polizeipr\u00e4sidiums Rheinpfalz erhalten und vor  allen Dingen Rede und Antwort stehen. Aufgekl\u00e4rt wird sowohl \u00fcber die  perfiden Methoden der Trickbetr\u00fcger, als auch \u00fcber effektiven  Einbruchschutz. Kommen Sie mit uns ins Gespr\u00e4ch! <\/p>\n\n\n\n<p>Veranstaltet wird das  1. B\u00fcrgerforum von den Seniorenbeauftragten und dem  Behindertenbeauftragten der Verbandsgemeinde Lingenfeld in Kooperation  mit den Polizeiinspektion Germersheim. Zuk\u00fcnftig sind weitere Themen,  wie Mobilit\u00e4t und Stra\u00dfenverkehr in der Vorbereitung. Die Veranstalter  des B\u00fcrgerforums &#8222;Senioren&#8220; planen zuk\u00fcnftig an wechselnden  \u00d6rtlichkeiten interessante Themen f\u00fcr ihre Zielgruppe anzubieten und im  Gespr\u00e4ch zu bleiben. <\/p>\n\n\n\n<h4 class=\"wp-block-heading\">(Germersheim) &#8211; Verkehrskontrolle auf der B 35 Rheinbr\u00fccke<\/h4>\n\n\n\n<p>Das Polizeirevier Philippsburg und die Polizeiinspektion Germersheim  f\u00fchrten am Mittwoch, den 08.05.2019 in dem Zeitraum von 18.00 Uhr bis  23.00 Uhr eine gemeinsame, l\u00e4nder\u00fcbergreifende Kontrollstelle zur  Bek\u00e4mpfung der Hauptunfallursachen Alkohol und Drogen im Stra\u00dfenverkehr  sowie zur Bek\u00e4mpfung der Eigentumskriminalit\u00e4t\/Wohnungseinbruchdiebstahl  durch. Unterst\u00fctzt wurde die Kontrolle durch Kr\u00e4fte der Kriminalpolizei  Ludwigshafen, der Bereitschaftspolizei Enkenbach-Alsenborn und des  Fahndungstrupps der Polizeidirektion Neustadt a.d.Weinstra\u00dfe.  Kontroll\u00f6rtlichkeit war die vierspurig ausgebaute  Rudolf-von-Habsburg-Br\u00fccke (Rheinbr\u00fccke) auf der Bundesstra\u00dfe 35  zwischen Philippsburg und Germersheim in Fahrtrichtung Rheinland-Pfalz  auf H\u00f6he der Abfahrt Germersheim-Nord. Die Stra\u00dfenmeisterei Speyer  unterst\u00fctzte mittels Absperrmaterial und einer Sicherheitswand die  Kontrollstelle. <\/p>\n\n\n\n<p>Bei 126 kontrollierten Fahrzeugen und 151  kontrollierten Personen ergaben sich insgesamt sechs Straftaten. Hierbei  handelte es sich um f\u00fcnf Verst\u00f6\u00dfe gegen das Bet\u00e4ubungsmittelgesetz und  einem Versto\u00df wegen Fahrens ohne Fahrerlaubnis. Bei einem Fahrzeugf\u00fchrer  wurde eine geringe Menge Bet\u00e4ubungsmittel aufgefunden und  sichergestellt. Weiterhin wurden vier Fahrten unter Drogeneinfluss und  eine Fahrt unter Alkoholeinfluss festgestellt. Sieben  Ordnungswidrigkeiten, zwei Verwarnungen sowie 18 M\u00e4ngelberichte wurden  ebenfalls geahndet. <\/p>\n\n\n\n<h4 class=\"wp-block-heading\">(Bad Bergzabern) &#8211; Pkw-Fahrer am Kragen gepackt<\/h4>\n\n\n\n<p>Am Mittwoch, 08.05.19, gegen 10:00 Uhr, kam es in der Kurtalstra\u00dfe zu  einem Disput zwischen zwei Verkehrsteilnehmern. Eine bislang unbekannte  Fahrzeugf\u00fchrerin hatte nach dem Anfahren aus einer Parkbucht grundlos  eine Vollbremsung durchgef\u00fchrt, sodass der nachfolgende Pkw-Fahrer, zur  Vermeidung eines Zusammensto\u00dfes, ebenfalls voll abbremsen musste. Die  etwa 50-j\u00e4hrige Fahrerin des Pkw BMW mit ausl\u00e4ndischer Zulassung stieg  aus ihrem Fahrzeug aus, rannte zu dem nachfolgenden Pkw, riss die  Fahrert\u00fcr auf, packte den 62-j\u00e4hrigen Fahrer an den Schultern und  beleidigte ihn. Danach entfernte sich die Frau mit ihrem Fahrzeug in  Richtung Stadtmitte. Zeugen des Vorfalls werden gebeten sich mit der  Polizeiinspektion Bad Bergzabern unter Telefon 06343-93340 oder per  Email unter <a href=\"mailto:pibadbergzabern@polizei.rlp.de\">pibadbergzabern@polizei.rlp.de<\/a> in Verbindung zu setzen. <\/p>\n\n\n\n<h4 class=\"wp-block-heading\">(Klingenm\u00fcnster) &#8211; Sprengung eines Geldautomaten<\/h4>\n\n\n\n<div class=\"wp-block-image\"><figure class=\"aligncenter\"><img decoding=\"async\" src=\"https:\/\/speyer24news.com\/wp-content\/uploads\/2019\/05\/gesprengter-Geldautomat.jpg\" alt=\"\" class=\"wp-image-13324\"\/><figcaption>Beispielfoto eines gesprengten Geldautomatens<\/figcaption><\/figure><\/div>\n\n\n\n<p>Unbekannte sprengten am Donnerstag (09.05.2019) einen Geldautomaten einer  VR-Bankfiliale in der Weinstra\u00dfe in Klingenm\u00fcnster. Gegen 4 Uhr  gelangten Unbekannte in Vorraum der Bankfiliale und brachten dort  einen Geldautomaten zur Detonation. Durch die Wucht der Sprengung  wurden der Geldautomat und der Vorraum stark besch\u00e4digt. Die  Schadensh\u00f6he ist derzeit noch unbekannt. Bei der Sprengung wurden  keine Personen verletzt. Ob Bargeld aus dem Automaten entwendet  wurde, wird derzeit noch ermittelt. \u00dcber die Anzahl der T\u00e4ter ist  derzeit nichts bekannt. <\/p>\n\n\n\n<p>Sachdienliche Hinweise nimmt die Kriminalpolizei Ludwigshafen unter \nder Telefonnummer 0621\/963-2773 oder per Email \n<a href=\"mailto:kiludwigshafen@polizei.rlp.de\">kiludwigshafen@polizei.rlp.de<\/a> entgegen. <\/p>\n\n\n\n<h4 class=\"wp-block-heading\">(Eschbach) &#8211; Brandursache vermutlich technischer Defekt<\/h4>\n\n\n\n<p><strong>Gemeinsame Pressemitteilung der Staatsanwaltschaft Landau und der Kriminalinspektion Landau vom 09.05.2019: <\/strong><\/p>\n\n\n\n<p>Nach\n dem Vollbrand des Sportheim des ASV Eschbach am 03.05.2019 gegen 20.00 \nUhr mit drei Leichtverletzten wurde der Brandort gestern von der \nKriminalpolizei Landau gemeinsam mit einem von der Staatsanwaltschaft \nbeauftragen Brandgutachter erneut untersucht. <\/p>\n\n\n\n<p>Nach den bisherigen\n Ermittlungen d\u00fcrfte ein technischer Defekt im Bereich der Sauna als \nBrandursache mit hoher Wahrscheinlichkeit in Frage kommen. <\/p>\n\n\n\n<p>Die aktuell gesch\u00e4tzte Schadensh\u00f6he betr\u00e4gt ca. 300.000.- Euro. <\/p>\n\n\n\n<h4 class=\"wp-block-heading\">(Waldrohrbach) &#8211; Trotz Blitzerwarner zu schnell<\/h4>\n\n\n\n<p>Am Mittwoch, 08.05.2019, f\u00fchrten Beamte der Polizeiinspektion Bad  Bergzabern eine Geschwindigkeitskontrolle in Waldrohrbach durch. Hierbei  wurde 7 Verkehrsteilnehmer beanstandet. Der schnellste Fahrzeugf\u00fchrer  war mit 73 Km\/h unterwegs. Ein Pkw-Fahrer muss neben einem  Verwarnungsgeld wegen zu schnellen Fahrens, mit einem Bu\u00dfgeld rechnen,  weil er an seinem Mobiltelefon eine Blitzer-App aktiviert hatte. <\/p>\n\n\n\n<h4 class=\"wp-block-heading\">(Annweiler) &#8211; Alter Wohnwagen abgebrandt<\/h4>\n\n\n\n<p>Am 08.05.2019 gegen 17:20 Uhr wurde der Polizeiwache Annweiler ein Wohnwagenbrand im Wald bei Annweiler nahe der B 10 gemeldet. <\/p>\n\n\n\n<p>Aufgrund\n eines Zeugenhinweises konnten sp\u00e4ter in Albersweiler ein 14-j\u00e4hriger \nJugendlicher und ein 19-j\u00e4hriger Heranwachsender als Tatverd\u00e4chtige \nidentifiziert werden. Der 19-J\u00e4hrige r\u00e4umte in seiner Vernehmung bei der\n Polizei das Inbrandsetzen des Wohnwagens ein. Die kriminalpolizeilichen\n Ermittlungen dauern noch an. <\/p>\n\n\n\n<p>Da es sich um einen nicht mehr in Betrieb befindlichen alten Wohnwagen handelte, liegt nur ein geringer Schaden vor. <\/p>\n\n\n\n<p>Weitere Zeugen werden gebeten sich mit der Kriminalinspektion Landau unter Telefon: 06341-287-0 in Verbindung zu setzen. <\/p>\n\n\n\n<h4 class=\"wp-block-heading\">(Landau) &#8211; Zusammensto\u00df zwischen Roller und PKW<\/h4>\n\n\n\n<p>In der Moltkestra\u00dfe fuhr am Mittwochnachmittag ein 31-j\u00e4hriger PKW-Fahrer aus seiner  Hofeinfahrt und \u00fcbersah hierbei einen von links kommenden 62-j\u00e4hrigen  Rollerfahrer. Bei Erkennen der Situation machten beide eine  Vollbremsung, wobei der Rollerfahrer von seinem Fahrzeug st\u00fcrzte und  sich leicht am Knie verletzte. Zu einem Zusammensto\u00df der Fahrzeuge kam  es nicht. Es entstand geringer Sachschaden am Roller. <\/p>\n\n\n\n<h4 class=\"wp-block-heading\">(Landau) &#8211; Fahrraddiebstahl<\/h4>\n\n\n\n<p>Vor einem Kindergarten in der Langstra\u00dfe wurde zw. Mittwochmorgen und Mittwochmittag ein braunes Hollandrad mit einem am Lenker angebrachten Fahrradkorb entwendet. Zuvor wurde durch den T\u00e4ter das Spiralkabelschloss durchtrennt. <\/p>\n\n\n\n<p>Hinweise bitte an die Polizei Landau. <\/p>\n\n\n\n<h4 class=\"wp-block-heading\">(Roschbach) &#8211; Mit faustgro\u00dfem Stein verletzt<\/h4>\n\n\n\n<p>Weil ein LKW-Fahrer scheinbar unberechtigt die Stra\u00dfe &#8222;Am Rosenkr\u00e4nzel&#8220;  befuhr, kam es Mittwochmorgen kurz nach 7 Uhr nach einem Wortgefecht zu  Handgreiflichkeiten zwischen einem Passanten sowie dem LKW-Fahrer,  wobei dieser mit einem faustgro\u00dfen Stein gegen den Passanten losging und  ihn dabei am Kopf, Knie und Hand verletzte. Der Fahrer setzte sich  anschlie\u00dfend in seinen LKW und fl\u00fcchtete. Anhand des Kennzeichens konnte  er mittlerweile ausfindig gemacht werden. Die Polizei hat ein  Ermittlungsverfahren wegen gef\u00e4hrlicher K\u00f6rperverletzung eingeleitet und  sucht in diesem Zusammenhang Zeugen, die Angaben zu dem Vorfall machen  k\u00f6nnen. Diese werden gebeten, sich mit der Polizei Edenkoben unter der  Rufnummer 06323 9550 in Verbindung zu setzen. <\/p>\n\n\n\n<h4 class=\"wp-block-heading\">(Hainfeld) &#8211;  Zu viel Weinschorle<\/h4>\n\n\n\n<p>Weil ein 76-j\u00e4hriger Autofahrer zu viel Weinschorle getrunken und er  deshalb bei der Kontrolle 0,7 Promille intus hatte, musste er f\u00fcr einen  Alkoholtest mit auf die Dienststelle. Der F\u00fchrerschein und die  Fahrzeugschl\u00fcssel wurden einkassiert. Ihn erwartet nun ein  Bu\u00dfgeldbescheid in H\u00f6he von 500.- Euro sowie ein einmonatiges  Fahrverbot. <\/p>\n\n\n\n<h4 class=\"wp-block-heading\">(Hainfeld \/ Kirrweiler) &#8211; Bettler unterwegs<\/h4>\n\n\n\n<p>Der Polizei wurde am Mittwochmorgen gegen 11 Uhr ein Bettler in der  Schlossstra\u00dfe gemeldet. Dabei soll es sich um einen 180 cm gro\u00dfen Mann  mit dunklem Teint gehandelt haben. Das zust\u00e4ndige Ordnungsamt der VG  Maikammer wurde in Kenntnis gesetzt. Kurz nach 13 Uhr wurden Bettler im  Ortsbereich Hainfeld mitgeteilt. Auch in dieser Sache wurde das  zust\u00e4ndige Ordnungsamt der VG Edenkoben in Kenntnis gesetzt. Erst kurz  nach 14 Uhr konnten ein 40-j\u00e4hriger Mann und eine gleichaltrige Frau im  Bereich des Dorfbrunnens kontrolliert werden, die zuvor der Bettelei  nachgingen. Nach \u00dcberpr\u00fcfung beider Personen wurde ihnen ein  Platzverweis erteilt. Das Betteln ist nach der Gefahrenverordnung  verboten. Die Polizei bittet die B\u00fcrger um erh\u00f6hte Wachsamkeit. Bei  Auff\u00e4lligkeiten sollte die Polizei umgehend verst\u00e4ndigt werden. <\/p>\n\n\n\n<h4 class=\"wp-block-heading\">(Edesheim) &#8211; Erneute T\u00e4terfestnahme nach Einbruch in das Wertstoffwirtschaftszentrum<\/h4>\n\n\n\n<p>Am Mittwoch kurz nach 23 Uhr konnten auf dem Gel\u00e4nde des  Wertstoffwirtschaftszentrums in Edesheim erneut zwei T\u00e4ter auf frischer  Tat von der Polizei festgenommen werden. Die 30 &#8211; und 39-j\u00e4hrigen  Einbrecher stiegen \u00fcber die Umz\u00e4unung und hatten sich an den dortigen  Schrottcontainern zu schaffen gemacht. Verschiedene Stofftaschen mit  Kleinelektroschrott hatten sie bereits zum Abtransport bereitgestellt.  Den beiden M\u00e4nnern wurde die vorl\u00e4ufige Festnahme erkl\u00e4rt. Nach einer  erkennungsdienstlichen Behandlung und Erhebung einer Sicherheitsleistung  kamen sie auf freien Fu\u00df. Das mitgef\u00fchrte Fahrzeug wurde zum Zwecke  Einziehung bzw. Verwertung sichergestellt. Bereits in der Nacht zum 1.  Mai konnte ein 53-j\u00e4hriger Einbrecher auf frischer Tat an der gleichen  \u00d6rtlichkeit festgenommen werden. <\/p>\n\n\n\n<h4 class=\"wp-block-heading\">(Edesheim) &#8211; Farbschmierereien<\/h4>\n\n\n\n<p>In der Luitpoldstra\u00dfe bespr\u00fchten Unbekannte in der Zeit zwischen  vergangenen Montag bis Mittwoch zwei abgestellte Fahrzeuge mit schwarzer  Farbe. Von den T\u00e4tern fehlt jede Spur. Der Sachschaden liegt bei \u00fcber  1000 Euro. Hinweise zu den Unbekannten nimmt die Polizei Edenkoben unter  der Rufnummer 06323 9550 entgegen. <\/p>\n\n\n\n<h4 class=\"wp-block-heading\">(Neustadt) &#8211; Ausfall von Stra\u00dfenlaternen in der Nacht<\/h4>\n\n\n\n<p>Mittwochnacht fielen gegen 22:00 Uhr f\u00fcr ca. zwei Stunden in Teilen  Neustadts sowie in Gimmeldingen und K\u00f6nigsbach die Stra\u00dfenlaternen aus.  Die Stadtverwaltung wurde informiert und brachte die Laternen in kurzer  Zeit wieder zum Leuchten. Scheinbar funktionierte ein vor kurzem  eingesetztes Modul nicht mehr ordnungsgem\u00e4\u00df. Die betroffenen Ortsteile  wurden verst\u00e4rkt bestreift. <\/p>\n\n\n\n<h4 class=\"wp-block-heading\">(Lambrecht) &#8211; Fahrzeug unter Einflu\u00df von Bet\u00e4ubungsmittel gef\u00fchrt<\/h4>\n\n\n\n<p>Ein 20-j\u00e4hriger Mann aus der Verbandsgemeinde Lambrecht wurde Mittwochabend in Lambrecht einer Verkehrskontrolle unterzogen. Aufgrund  drogentypischer Auff\u00e4lligkeiten wurde ein Drogenvortest eingeleitet. Da  dieser auf den Konsum von THC hindeutete, mu\u00dfte der 20-J\u00e4hrige eine  Blutprobe \u00fcber sich ergehen lassen. Die Weiterfahrt wurde unterbunden.  Eine Geldbu\u00dfe von 500 Euro sowie ein Monat Fahrverbot sind f\u00fcr einen  solchen Fall vorgesehen. <\/p>\n\n\n\n<h4 class=\"wp-block-heading\">(Ha\u00dfloch) &#8211; Verkehrsunfall mit Flucht<\/h4>\n\n\n\n<p>Am Donnerstag, den 09.05.2019, ereignete sich, in der Zeit zwischen  15:30 Uhr bis 19:00 Uhr, eine Verkehrsunfallflucht, in der  Richard-Wagner-Stra\u00dfe. Hierbei streifte der Unfallverursacher gleich  zwei parkende Pkws und entfernte sich im Anschluss von der  Unfall\u00f6rtlichkeit. Zeugen werden gebeten, sich an die Polizeiinspektion  Ha\u00dfloch zu  wenden. Telefon: 06324\/933-0 Fax: 06324\/933-120 Email: <a href=\"mailto:pihassloch@polizei.rlp.de\">pihassloch@polizei.rlp.de<\/a> <\/p>\n\n\n\n<h4 class=\"wp-block-heading\">(Bad D\u00fcrkheim) &#8211; Seniorin reagiert vorbildlich!<\/h4>\n\n\n\n<p>Einen versuchten &#8222;Enkeltrickbetrug&#8220; erkannte am Mittwoch eine  82-J\u00e4hrige aus Bad D\u00fcrkheim. Ein Anrufer gab sich als Bekannter aus und  verlangte von ihr 85.000 Euro zum Kauf einer Wohnung. Als die Frau nach  einer R\u00fcckrufnummer fragte, wurde das Gespr\u00e4ch beendet. <\/p>\n\n\n\n<h4 class=\"wp-block-heading\">(Bad D\u00fcrkheim) &#8211; Diebst\u00e4hle aus PKW<\/h4>\n\n\n\n<p>Unbekannte T\u00e4ter entwendeten in der Nacht zum Mittwoch aus drei Pkw  Gegenst\u00e4nde. Im Lavendelweg konnten an einem Hyundai keinerlei  Aufbruchspuren festgestellt werden.  Aus dem Fahrzeug wurden Unterlagen  und Bargeld entwendet. In der Kurbrunnenstar\u00dfe wurde an einem BMW X5 die  Scheibe der Beifahrert\u00fcr eingeschlagen. Offensichtlich wurden die T\u00e4ter  gest\u00f6rt, da nichts entwendet wurde. Im Jasminring wurde aus einem VW  Golf Bargeld gestohlen. Auch hier konnten keine Aufbruchspuren  festgestellt werden. <\/p>\n\n\n\n<p>Gelegenheit macht Diebe! Ihr Auto ist kein \nTresor &#8211; die Innenr\u00e4ume sollten kein Schaufenster sein. Lassen Sie keine\n Wertgegenst\u00e4nde im Fahrzeug zur\u00fcck. Achten Sie darauf, dass Ihr \nFahrzeug beim Verriegeln mit Funkfernbedienung tats\u00e4chlich verschlossen \nist. <\/p>\n\n\n\n<p>Zeugen werden gebeten, sich bei der Polizei in Bad D\u00fcrkheim unter 06322 9630 oder per E-Mail an <a href=\"mailto:pibadduerkheim@polizei.rlp.de\">pibadduerkheim@polizei.rlp.de<\/a> zu melden. <\/p>\n\n\n\n<h4 class=\"wp-block-heading\">(Wattenheim \/ B 47)- Unfall im Kreisel B 47 Wattenheim\/Hettenleidelheim<\/h4>\n\n\n\n<div class=\"wp-block-image\"><figure class=\"aligncenter\"><img decoding=\"async\" loading=\"lazy\" width=\"800\" height=\"590\" src=\"https:\/\/speyer24news.com\/wp-content\/uploads\/2019\/05\/08.05.19-Wattenheim-VU-Kreisel.jpg\" alt=\"\" class=\"wp-image-13323\" srcset=\"https:\/\/speyer24news.com\/wp-content\/uploads\/2019\/05\/08.05.19-Wattenheim-VU-Kreisel.jpg 800w, https:\/\/speyer24news.com\/wp-content\/uploads\/2019\/05\/08.05.19-Wattenheim-VU-Kreisel-300x221.jpg 300w, https:\/\/speyer24news.com\/wp-content\/uploads\/2019\/05\/08.05.19-Wattenheim-VU-Kreisel-768x566.jpg 768w, https:\/\/speyer24news.com\/wp-content\/uploads\/2019\/05\/08.05.19-Wattenheim-VU-Kreisel-80x60.jpg 80w\" sizes=\"(max-width: 800px) 100vw, 800px\" \/><figcaption>VU Kreisel B 47<\/figcaption><\/figure><\/div>\n\n\n\n<p>Ein 23-j\u00e4hriger PKW-Fahrer aus Schifferstadt befuhr in der Nacht zu Donnerstag die B 47 aus  Richtung Eisenberg kommend. Vermutlich weil er zu schnell war, durchfuhr  er den Kreisel geradeaus und prallte gegen\u00fcber gegen die Leitplanke,  unter der sich der PKW verkeilte. Nach eigenen Angaben war der  23-J\u00e4hrige abgelenkt. Er wurde leicht verletzt (zur Beobachtung) in ein  Krankenhaus verbracht. <\/p>\n\n\n\n<h4 class=\"wp-block-heading\">(Frankenthal) &#8211; Geschwindigkeitskontrolle<\/h4>\n\n\n\n<p>Am 08.05.2019, in der Zeit von 11.15 Uhr bis 13.40 Uhr, wird in der  Lambsheimer Stra\u00dfe stadteinw\u00e4rts eine Geschwindigkeitskontrolle  durchgef\u00fchrt. Bei erlaubten 50 km\/h werden insgesamt 11  Geschwindigkeitsverst\u00f6\u00dfe festgestellt. Der Spitzenwert ist hierbei 77  km\/h. Bei den Anwohnern wird die Kontrolle der Polizei positiv  aufgenommen. <\/p>\n\n\n\n<p>Wer sachdienliche Hinweise zu dem genannten Fall \ngeben kann, wird gebeten sich mit der Polizeiinspektion Frankenthal \nunter der Rufnummer 06233\/313-0 oder der Polizeiwache Maxdorf unter der \nRufnummer 06237\/934-100 in Verbindung zu setzen. Hinweise k\u00f6nnen auch \nper E-Mail unter <a href=\"mailto:pifrankenthal@polizei.rlp.de\">pifrankenthal@polizei.rlp.de<\/a> an die Polizei \u00fcbermittelt werden. <\/p>\n\n\n\n<h4 class=\"wp-block-heading\">(Frankenthal) &#8211; Verkehrsunfallflucht<\/h4>\n\n\n\n<p>Die Gesch\u00e4digte stellt ihren Pkw Skoda in der Zeit von 07.05.2019,  13.00 Uhr, bis 08.05.2019, 07.00 Uhr, in der Carl-Benz-Stra\u00dfe, H\u00f6he  Hausnummer 21, ab. Als sie wieder zu ihrem Fahrzeug kommt, muss sie  feststellen, dass dieses durch einen bislang unbekannten Fahrzeugf\u00fchrer  am linken Au\u00dfenspiegel besch\u00e4digt wurde. Der Schaden wird auf etwa 150  Euro gesch\u00e4tzt. Die Polizei weist darauf hin, dass Unerlaubtes Entfernen  vom Unfallort kein Kavaliersdelikt ist! Der fl\u00fcchtige Fahrer muss mit  einer Geld- oder Freiheitsstrafe bis zu 3 Jahren und evtl. mit einem  F\u00fchrerscheinentzug rechnen. Au\u00dferdem kann der Fl\u00fcchtige den Kaskoschutz  seiner Kfz-Versicherung verlieren und von seiner Versicherung an der  Begleichung des Fremdschadens beteiligt werden. Die Polizei r\u00e4t deshalb  jeden Unfall zu melden. <\/p>\n\n\n\n<p>Wir wollen, dass Sie sicher Leben &#8211; ihre Polizei Frankenthal. <\/p>\n\n\n\n<p>Wer  sachdienliche Hinweise zu dem genannten Fall geben kann, wird gebeten  sich mit der Polizeiinspektion Frankenthal unter der Rufnummer  06233\/313-0 oder der Polizeiwache Maxdorf unter der Rufnummer  06237\/934-100 in Verbindung zu setzen. Hinweise k\u00f6nnen auch per E-Mail  unter <a href=\"mailto:pifrankenthal@polizei.rlp.de\">pifrankenthal@polizei.rlp.de<\/a> an die Polizei \u00fcbermittelt werden. <\/p>\n\n\n\n<h4 class=\"wp-block-heading\">(Ludwigshafen) &#8211; Verkehrsunfall \/ Zeugen gesucht<\/h4>\n\n\n\n<p>2000 Euro Sachschaden ist das Ergebnis eines Verkehrsunfalls, der sich  am Mittwoch (08.05.2019) in der Bruchwiesenstra\u00dfe ereignete. Um 7.18 Uhr  war ein 18-J\u00e4hriger mit seinem PKW in der Bruchwiesenstra\u00dfe in Richtung  Valentin-Bauer-Stra\u00dfe unterwegs und wollte links die Raschigstra\u00dfe  einbiegen. Hierbei \u00fcbersah er einen entgegenkommenden 45-j\u00e4hrigen  PKW-Fahrer. Beide Autos kollidierten im Kreuzungsbereich. Die Polizei  ermittelt auch, ob der 45-J\u00e4hrige bei Rot in die Kreuzung gefahren ist.  Personen wurden bei dem Unfall nicht verletzt. Die Polizei bittet um  Zeugenhinweise: Polizeiinspektion Ludwigshafen 1, Telefonnummer 0621  963-2122 oder E-Mail <a href=\"mailto:piludwigshafen1@polizei.rlp.de\">piludwigshafen1@polizei.rlp.de<\/a>. <\/p>\n\n\n\n<h4 class=\"wp-block-heading\">(Ludwigshafen) &#8211; Versuchter Einbruch in Supermarkt<\/h4>\n\n\n\n<p>Unbekannte versuchten in Nacht von Dienstag (07.05.2019) auf Mittwoch  (08.05.2019) in einen Supermarkt in der Frankenthaler Stra\u00dfe  einzubrechen. Der\/die T\u00e4ter bog\/en hierbei die Eingangst\u00fcr auf und  versuchte\/n somit in den Vorraum zu gelangen. Das Vorhaben misslang. Es  entstand lediglich Sachschaden an der T\u00fcr. Sachdienliche Hinweise nimmt  die Kriminalpolizei Ludwigshafen unter der Telefonnummer 0621\/963-2773  oder per Email <a href=\"mailto:kiludwigshafen@polizei.rlp.de\">kiludwigshafen@polizei.rlp.de<\/a> entgegen. <\/p>\n\n\n\n<h4 class=\"wp-block-heading\">(Ludwigshafen) &#8211; Versuchter Einbruch in Mehrfamilienhaus<\/h4>\n\n\n\n<p>Unbekannte versuchten in dem Tatzeitraum vom 01.05.2019 bis 07.05.2019  in ein Mehrfamilienhaus in der Rohrlachstra\u00dfe einzubrechen. Hierbei  wurde die Hauseingangst\u00fcr versucht aufzuhebeln. Das Vorhaben misslang.  Es entstand lediglich Sachschaden in H\u00f6he von 500 Euro. Sachdienliche  Hinweise nimmt die Kriminalpolizei Ludwigshafen unter der Telefonnummer  0621\/963-2773 oder per Email <a href=\"mailto:kiludwigshafen@polizei.rlp.de\">kiludwigshafen@polizei.rlp.de<\/a> entgegen. <\/p>\n\n\n\n<h4 class=\"wp-block-heading\">(Mannheim \/ A 656) &#8211; LKW auf PKW aufgefahren. Eine Verletzte.<\/h4>\n\n\n\n<p>Am Donnerstagmittag, gegen 15.00 Uhr, ereignete sich auf der BAB 656 in  Fahrtrichtung Mannheim, kurz vor der Anschlussstelle Mannheim-Neckarau  ein Auffahrunfall zwischen einem LKW und einem VW-Golf. Der 37-j\u00e4hrige  LKW-Fahrer fuhr infolge Unachtsamkeit im z\u00e4hfliesenden Verkehr auf den  vorausfahrenden VW-Golf auf. Die 71-j\u00e4hrige Fahrerin wurde leicht  verletzt und zur Behandlung in ein Krankenhaus gebracht. Aufgrund des  Ausfalls von zwei Fahrstreifen kam es bis gegen 16.00 Uhr zu  Verkehrsbehinderungen. Es bildete sich zeitweise ein Stau zwei Kilometer  L\u00e4nge. <\/p>\n\n\n\n<h4 class=\"wp-block-heading\">(Mannheim \/ A 656) &#8211; Dachgestell landet in Frontscheibe<\/h4>\n\n\n\n<p>Am Mittwochnachmittag machte sich ein unzureichend gesichertes  Holzgestell vom Dach eines Sprinters selbstst\u00e4ndig und landete letztlich  in der Frontscheibe eines dahinter fahrenden Fahrzeugs. Der 30-j\u00e4hrige  Fahrer des Klein-Lkw fuhr um 13:50 Uhr auf der A656 von Mannheim kommend  in Richtung Heidelberg. Aufgrund des Fahrtwinds l\u00f6ste sich die selbst  gezimmerte Holzkonstruktion vom Dach und flog direkt in die Frontscheibe  eines dahinter fahrenden Daimler. Der 26-j\u00e4hrige Fahrer wurde  gl\u00fccklicherweise nicht verletzt. Am Fahrzeug entstand ein Schaden von  mindestens 3.000 EUR. Der 30-j\u00e4hrige Verursacher bemerkte den Verlust  und stoppte seinen Sprinter. Gegen ihn wurde ein Bu\u00dfgeldverfahren  eingeleitet &#8211; das Holzgestell durfte er nicht mehr aufladen. <\/p>\n\n\n\n<h4 class=\"wp-block-heading\">(Mannheim-Neckarau) &#8211; In Kleingartenverein mehrere Gartenh\u00e4user aufgebrochen \/ Polizei sucht Zeugen!<\/h4>\n\n\n\n<p>In mehrere Gartenh\u00e4user eines Kleingartenvereins im Promenadenweg  brachen bislang unbekannte T\u00e4ter im Zeitraum von Dienstag, 14 Uhr bis  Mittwoch, 9 Uhr, ein. Die Unbekannten verschafften sich Zugang zum  Gel\u00e4nde und hebelten an mindestens neun Gartenh\u00e4usern die T\u00fcren auf.  Weiterhin machten sie sich gewaltsam an mehreren Ger\u00e4teschuppen zu  schaffen. Mit einer noch unbekannten Anzahl an Gartenwerkzeugen und  Ger\u00e4ten und machten sie sich dann wieder aus dem Staub. Der Wert des  Diebesguts kann derzeit noch nicht beziffert werden. Auch der  entstandene Sachschaden steht noch nicht fest. <\/p>\n\n\n\n<p>Weitere  Gesch\u00e4digte und Zeugen, die verd\u00e4chtige Beobachtungen gemacht haben,  werden gebeten, sich mit dem Polizeirevier Mannheim-Neckarau unter Tel.:  0621\/83397-0 in Verbindung zu setzen. <\/p>\n\n\n\n<h4 class=\"wp-block-heading\">(Mannheim-Seckenheim) &#8211; Toyota prallt nach Kollision mit Nissan-Fahrerin gegen Container \/ Drei Personen leicht verletzt<\/h4>\n\n\n\n<p>In der Kloppenheimer Stra\u00dfe\/Ecke Endinger Stra\u00dfe kam es am Mittwoch,  gegen 16:10 Uhr, zum Zusammensto\u00df zweier PKW. Eine 24-j\u00e4hrige  Nissan-Fahrerin bog von der Endinger Stra\u00dfe in die Kloppenheimer Stra\u00dfe  ab und kollidierte dabei mit dem Toyota einer 31-J\u00e4hrigen. Der Toyota  kam durch den Aufprall von der Fahrbahn ab und schleuderte am  Stra\u00dfenrand gegen zwei Altkleider- und einen Glascontainer, wobei die  Fahrerin leicht verletzt wurde. Auch die Nissan-Fahrerin sowie deren  Beifahrer zogen sich Verletzungen zu. Beide Fahrzeuge wurden besch\u00e4digt,  der Toyota sogar so sehr, dass wirtschaftlicher Totalschaden entstand.  Da die Autos nicht mehr fahrbereit waren, mussten sie abgeschleppt  werden. Die H\u00f6he des Schadens wird auf ca. 10.000 Euro gesch\u00e4tzt. <\/p>\n\n\n\n<h4 class=\"wp-block-heading\">(Mannheim-Sandhofen \/ MA-Blumenau \/ MA-Sch\u00f6nau) &#8211; Verkehrsunfall f\u00fchrt zu Verkehrsbehinderung<\/h4>\n\n\n\n<p> ufgrund eines Verkehrsunfalls kommt es im Bereich Mannheim-Sandhofen  und dem Stadtteil Blumenau und Sch\u00f6nau zu erheblichen  Verkehrsbehinderungen. Eine 32-j\u00e4hrige Pkw-Fahrerin fuhr auf dem  Quedlingburger Weg und bog nach links auf die Braunschweiger Allee in  Richtung Sch\u00f6nau ab. Aus bislang ungekl\u00e4rter Ursache kam die Frau dabei  von der Fahrbahn ab und prallte gegen 14:35 Uhr bei voller Fahrt in  einen geparkten Pkw. Neben erheblichen Sachschaden wurde die Fahrerin  zumindest leicht verletzt. Aufgrund der aktuellen Verkehrsst\u00f6rungen  ausgehend von einer Gro\u00dfbaustelle im Bereich der B44 wurde ein  Rettungshubschrauber angefordert. Zum Zwecke der Landung,  Erstversorgung, sowie der Unfallaufnahme seitens der Polizei wurde die  Braunschweiger Allee im Bereich der Unfallstelle kurzzeitig gesperrt. <\/p>\n\n\n\n<p>Die  Unfallstelle ist mittlerweile ger\u00e4umt, die Sperrung wurde aufgehoben.  Die verletzte Fahrerin erlitt Prellungen und kommt zur weiteren  Behandlung in Krankenhaus. Der entstandene Sachschaden l\u00e4sst sich  bislang nicht beziffern. <\/p>\n\n\n\n<h4 class=\"wp-block-heading\">(Mannheim-K\u00e4fertal) &#8211; Von der Fahrbahn abgekommen und \u00fcberschlagen \/ 20-j\u00e4hriger Fahrer unter Drogeneinfluss<\/h4>\n\n\n\n<p>Einen Verkehrsunfall unter Drogeneinfluss verursachte am Mittwochabend  ein 20-j\u00e4hriger Autofahrer im Stadtteil K\u00e4fertal. Der junge Mann war  gegen 17.30 Uhr mit seinem BMW in der Sibylla-Merian-Stra\u00dfe in Richtung  Waldstra\u00dfe unterwegs. In einer Linkskurve geriet er auf regennasser  Fahrbahn, vermutlich aufgrund nicht angepasster Geschwindigkeit, ins  Schleudern und kam nach links von der Fahrbahn ab. Dabei \u00fcberschlug sich  das Fahrzeug und blieb neben der Fahrbahn auf dem Dach liegen. Der  20-j\u00e4hrige Fahrer kam mit dem Schrecken davon und blieb unverletzt. Sein  Fahrzeug war nicht mehr fahrbereit und musste abgeschleppt werden. Bei  der Unfallaufnahme bemerkten die Beamten deutliche Anzeichen f\u00fcr  Drogenkonsum. Ein Drogentest best\u00e4tigte den Eindruck und reagierte  positiv auf Cannabis. Dem jungen Mann wurde anschlie\u00dfend eine Blutprobe  entnommen. Gegen ihn wird nun wegen Stra\u00dfenverkehrsgef\u00e4hrdung ermittelt.  <\/p>\n\n\n\n<h4 class=\"wp-block-heading\">(Heidelberg) &#8211; Auto f\u00e4hrt gegen Ampelmast<\/h4>\n\n\n\n<p>Am Donnerstag gegen 08.30 Uhr befuhr ein 30-j\u00e4hriger Mann mit seinem VW  die Pleikartsf\u00f6rster Stra\u00dfe in Richtung Kirchheimer Spinne. <\/p>\n\n\n\n<p>Hier\n wollte er links in die Hegenichstra\u00dfe einbiegen und kam nach \nderzeitigem Ermittlungsstand aufgrund von regennasser Fahrbahn von der \nFahrbahn ab und prallte gegen einen Ampelmast. <\/p>\n\n\n\n<p>Am Fahrzeug entstand Sachschaden in H\u00f6he von 5.000 Euro. <\/p>\n\n\n\n<p>Gl\u00fccklicherweise wurde bei dem Unfall niemand verletzt! <\/p>\n\n\n\n<p>Die gesamte Ampelanlage der Kirchheimer Spinnen wurde abgeschalten, es kam zu Verkehrsbeeintr\u00e4chtigungen. <\/p>\n\n\n\n<h4 class=\"wp-block-heading\">(Heidelberg) &#8211; Trio klaut Fahrr\u00e4der, Lichtbilder der vermeintlich gestohlen Fahrr\u00e4der abrufbar <\/h4>\n\n\n\n<h4 class=\"wp-block-heading\" style=\"text-align:center\">Pressemeldung 2<\/h4>\n\n\n\n<div class=\"wp-block-image\"><figure class=\"aligncenter\"><img decoding=\"async\" loading=\"lazy\" width=\"800\" height=\"600\" src=\"https:\/\/speyer24news.com\/wp-content\/uploads\/2019\/05\/Fahrrad.jpg\" alt=\"\" class=\"wp-image-13325\" srcset=\"https:\/\/speyer24news.com\/wp-content\/uploads\/2019\/05\/Fahrrad.jpg 800w, https:\/\/speyer24news.com\/wp-content\/uploads\/2019\/05\/Fahrrad-300x225.jpg 300w, https:\/\/speyer24news.com\/wp-content\/uploads\/2019\/05\/Fahrrad-768x576.jpg 768w, https:\/\/speyer24news.com\/wp-content\/uploads\/2019\/05\/Fahrrad-678x509.jpg 678w, https:\/\/speyer24news.com\/wp-content\/uploads\/2019\/05\/Fahrrad-326x245.jpg 326w, https:\/\/speyer24news.com\/wp-content\/uploads\/2019\/05\/Fahrrad-80x60.jpg 80w\" sizes=\"(max-width: 800px) 100vw, 800px\" \/><figcaption>7<\/figcaption><\/figure><\/div>\n\n\n\n<p>Wie bereits gestern berichtet, stehen drei M\u00e4nner im Verdacht mehrere Fahrr\u00e4der entwendet zu haben. <\/p>\n\n\n\n<p>Das\n Trio wurde von Beamten des Polizeireviers Heidelberg-Mitte am Mittwoch \nkurz nach 01 Uhr in einem VW Bus mit ukraninischer Zulassung in der \nW\u00f6rthstra\u00dfe kontrolliert, die Fahrr\u00e4der sichergestellt. <\/p>\n\n\n\n<p>Gesch\u00e4digte  Fahrradbesitzer werden gebeten, sich unter 06221 991700 zu melden.  Bilder der sichergestellten Fahrr\u00e4der sind abrufbar unter: <a href=\"https:\/\/www.presseportal.de\/blaulicht\/pm\/14915\/4265794\">https:\/\/www.presseportal.de\/blaulicht\/pm\/14915\/4265794<\/a><\/p>\n\n\n\n<p>Die Ermittlungen dauern an! <\/p>\n\n\n\n<h4 class=\"wp-block-heading\">(Heidelberg-Altstadt) &#8211; Radfahrer kollidiert mit Laterne und verletzt sich schwer<\/h4>\n\n\n\n<p>Am fr\u00fchen Mittwochnachmittag wurde ein 55-j\u00e4hriger Fahrradfahrer bei  einem Verkehrsunfall im Stadtteil Altstadt schwer verletzt. Der  55-J\u00e4hrige war gegen 13.30 Uhr mit seinem Fahrrad auf dem Radweg der  Theodor-Heuss-Br\u00fccke in Richtung Bismarckplatz unterwegs. In der  Br\u00fcckenmitte \u00fcberholte er zwei Radfahrerinnen, \u00fcbersah dabei einen links  stehenden Laternenmasten und stie\u00df mit diesem zusammen. Er st\u00fcrzte  daraufhin vom Rad und schlug mit dem Kopf auf dem Radweg auf. Dabei zog  er sich schwere Verletzungen zu und w\u00fcrde nach not\u00e4rztlicher  Erstversorgung in eine Klinik eingeliefert, wo er station\u00e4r aufgenommen  wurde. Der Mann trug bei seinem Sturz keinen Fahrradhelm. <\/p>\n\n\n\n<p>Die Polizei weist in diesem Zusammenhang auf folgendes hin: <\/p>\n\n\n\n<ul><li>Benutzen Sie vorhandene Fahrradwege<\/li><li>Nehmen Sie R\u00fccksicht auf andere Verkehrsteilnehmer<\/li><li>Benutzen Sie ihr Fahrrad nur, wenn alle sicherheitsrelevanten Teile funktionsbereit sind, insbesondere Beleuchtung und Bremsen<\/li><li>Tragen sie beim Radfahren einen Fahrradhelm. Dieser ist zwar keine Pflicht, kann jedoch im Falle eines Sturzes schwerwiegende Verletzungen vermeiden. <\/li><\/ul>\n\n\n\n<h4 class=\"wp-block-heading\">(Heidelberg-Bergheim) &#8211; Kinder am Neckarufer \u00fcberfallen \/ T\u00e4ter festgenommen<\/h4>\n\n\n\n<h4 class=\"wp-block-heading\" style=\"text-align:center\">Pressemitteilung 2<\/h4>\n\n\n\n<p>Nach einem \u00dcberfall am Samstagabend am Iqbal-Ufer, bei dem zwei Kinder  \u00fcberfallen wurden, konnten die zun\u00e4chst unbekannten T\u00e4ter ermittelt  werden. <\/p>\n\n\n\n<p>Zwei Zw\u00f6lfj\u00e4hrige waren um 18:35 Uhr am Neckarufer von  zwei Jugendlichen mit Taschenmessern bedroht und zur Herausgabe von  Bargeld gezwungen worden. Anschlie\u00dfend fl\u00fcchteten die T\u00e4ter mit 12 Euro  zu Fu\u00df. Aufgrund intensiver Ermittlungen der Beamten des Raubdezernats  der Kriminalpolizei Heidelberg wurden die T\u00e4ter nur wenige Tage nach der  Tat identifiziert. Bei diesen handelt es sich um zwei 14-j\u00e4hrige  Deutsche, die festgenommen wurden. Die Minderj\u00e4hrigen zeigten sich  gest\u00e4ndig und wurden unter Auflagen in die Obhut der  Erziehungsberechtigten \u00fcberstellt. Ob die beiden auch f\u00fcr weitere  Straftaten verantwortlich sind, ist Gegenstand der Ermittlungen. <\/p>\n\n\n\n<h4 class=\"wp-block-heading\">(Ketsch \/ Br\u00fchl \/ Rhein-Neckar-Kreis) &#8211; Spenden eingesammelt und falsche Spendenquittungen ausgegeben, weitere Gesch\u00e4digte gesucht!<\/h4>\n\n\n\n<p>Bereits am Montag wurde beim Polizeiposten in Br\u00fchl Anzeige erstattet,  weil im Namen des TV Br\u00fchl offensichtlichen widerrechtlich Spenden  gesammelt und Spendenquittungen ausgegeben wurden. <\/p>\n\n\n\n<p>Bekannt ist bislang, dass zwei falsche Spendenquittungen ausgegeben wurden, zu je 200,- Euro. <\/p>\n\n\n\n<p>Ein 46-j\u00e4hriger Mann r\u00fcckte hierbei in den Fokus der Ermittler des Polizeipostens Ketsch. <\/p>\n\n\n\n<p>Der Polizeiposten in Ketsch sucht nun nach weiteren Gesch\u00e4digten, die Spendenquittungen von dem Tatverd\u00e4chtigen erhalten haben. <\/p>\n\n\n\n<p>Diese m\u00f6gen sich unter der Telefonnummer 06202 61696 melden. <\/p>\n\n\n\n<h4 class=\"wp-block-heading\">(Hockenheim \/ Rhein-Neckar-Kreis) &#8211; Verkehrsunfall mit drei beteiligten Fahrzeugen \/ hoher Sachschaden entstanden<\/h4>\n\n\n\n<p>Ein Verkehrsunfall mit erheblichem Sachschaden ereignete sich am  Mittwochvormittag auf der B 39 bei Hockenheim. Ein 24-j\u00e4hriger Mann war  gegen 9.30 Uhr mit seinem Sattelzug auf der rechten Fahrspur der B 39 in  Richtung Hockenheim unterwegs. Kurz vor der Ausfahrt Hockenheim-Mitte  bremste ein vorausfahrender 59-j\u00e4hrige Sattelzugfahrer sein Fahrzeug  stark ab, um noch rechts in die Ausfahrt zu lenken. Der 24-J\u00e4hrige  leitete eine Gefahrenbremsung ein und wich nach links aus. Dabei stie\u00df  er mit dem Kleinbus eines 20-j\u00e4hrigen Mannes zusammen, der auf der  linken Spur fuhr. Der Kleinbus wurde gegen die linken Betonbegrenzungen  gedr\u00fcckt. Es entstand Sachschaden von \u00fcber 15.000 Euro. <\/p>\n\n\n\n<p>W\u00e4hrend  der Unfallaufnahme waren vor\u00fcbergehend zwei Fahrstreifen in  Fahrtrichtung Hockenheim blockiert. Die Absicherung \u00fcbernahm die  Stra\u00dfenmeisterei Wiesloch. Der Verkehr wurde w\u00e4hrenddessen einspurig an  der Unfallstelle vorbei geleitet. Nach Bergung des Aufliegers und  Reparatur des Kleinbusses konnte die Fahrbahn gegen 12.30 Uhr wieder  komplett freigegeben werden. <\/p>\n\n\n\n<h4 class=\"wp-block-heading\">(A 6 \/ Gem. Hockenheim \/ Rhein-Neckar-Kreis) &#8211; Plane eines Aufliegers aufgeschlitzt \/ Waren gestohlen<\/h4>\n\n\n\n<p>In der Nacht zum Mittwoch schlitzten bislang unbekannte T\u00e4ter die Plane  eines Lkw-Aufliegers auf, der auf der Tank- und Rastanlage  Hockenheim-Ost (A 6) abgestellt war. Bei Fahrtantritt am Mittwochmorgen  gegen 5.30 Uhr bemerkte der Fahrer die besch\u00e4digte Plane und das Fehlen  von Ladung &#8211; Kartons mit Kunststoffverschl\u00fcssen. Die Schadensh\u00f6he  bel\u00e4uft sich auf mehrere hundert Euro. <\/p>\n\n\n\n<p>Tatzeit d\u00fcrfte zwischen 2  und 5.30 Uhr in der Nacht zum Mittwoch gewesen sein. Die Beamten des  Verkehrskommissariats Walldorf ermitteln und nehmen sachdienliche  Hinweise unter Tel.: 06227\/35826-0 entgegen. <\/p>\n\n\n\n<h4 class=\"wp-block-heading\">(Neulu\u00dfheim \/ Rhein-Neckar-Kreis) &#8211; Mercedes kontra VW Golf \/ Autos abschleppreif, Fahrer leicht verletzt<\/h4>\n\n\n\n<p>Am Mittwochnachmittag kurz nach 15 Uhr stie\u00dfen im Einm\u00fcndungsbereich  der L 546\/L 560 zwei Fahrzeuge zusammen. Verursacht hatte den Crash ein  79-j\u00e4hriger Mercedes-Fahrer, der beim Einfahren auf die L 546 den  ordnungsgem\u00e4\u00df fahrenden VW Golf-Fahrer \u00fcbersehen hatte. Der Mercedes  krachte durch die Wucht des Zusammenpralls noch gegen die Leitplanke,  drehte sich und kam an der Einm\u00fcndung zur L 560 zum Stehen. Beide M\u00e4nner  zogen sich Verletzungen zu, mussten an der Unfallstelle erstversorgt  und danach in verschiedene Krankenh\u00e4user zur Weiterbehandlung  eingeliefert werden. <\/p>\n\n\n\n<p>Die nicht mehr fahrbereiten Autos, an denen \nGesamtschaden von 14.000 Euro entstand, transportierte ein \nAbschleppunternehmen ab. Die Freiwillige Feuerwehr Neulu\u00dfheim war mit \ndrei Fahrzeugen und 18 Mann im Einsatz. <\/p>\n\n\n\n<p>Der Verursacher sieht einer Anzeige entgegen. <\/p>\n\n\n\n<h4 class=\"wp-block-heading\">(Wiesloch \/ Rhein-Neckar-Kreis) &#8211; Kassenautomaten in Palatin-Tiefgarage aufgebrochen Zeugen gesucht<\/h4>\n\n\n\n<p>In der Nacht zum Mittwoch brachen bislang unbekannte T\u00e4ter die beiden  Kassenautomaten in der Palatin-Tiefgarage in der Ringstra\u00dfe auf und  entwendeten die Geldkassetten. Hotelmitarbeiter wurden bei Arbeitsbeginn  auf die besch\u00e4digten Automaten aufmerksam und alarmierten die Polizei.  Als Tatzeit d\u00fcrfte die Nacht zum Mittwoch, etwa gegen 3.30 Uhr in Frage  kommen. Hinweise hierzu nehmen die Beamten des Polizeireviers Wiesloch  unter Tel.: 06222\/57090 entgegen. <\/p>\n\n\n\n<h4 class=\"wp-block-heading\">(Wiesloch \/ Rhein-Neckar-Kreis) &#8211; GPS-Empf\u00e4nger gestohlen \/ Wer hat den Diebstahl beobachtet ?<\/h4>\n\n\n\n<p>Auf eine Baustelle im B\u00f6gnerweg begaben sich in der Nacht zum Mittwoch  bislang unbekannte T\u00e4ter und machten sich an einem dort abgestellten  Bagger zu schaffen. Die T\u00e4ter montierten die beiden GPS-Antennen ab und  entwendeten diese. <\/p>\n\n\n\n<p>Bemerkt wurde der Diebstahl von Arbeitern am \nMittwochmorgen bei Arbeitsbeginn, die umgehend die Wieslocher Polizei \nverst\u00e4ndigten. Ordnungsgem\u00e4\u00df verlassen wurde die Baustelle am Dienstag \ngegen 18 Uhr. Angaben zur Schadensh\u00f6he sind bislang noch nicht m\u00f6glich. <\/p>\n\n\n\n<p>Zeugen,  die Hinweise zum Diebstahl bzw. Verbleib geben k\u00f6nnen, werden gebeten,  Kontakt mit dem Polizeirevier Wiesloch, Tel.: 06222\/57090, aufzunehmen. <\/p>\n\n\n\n<h4 class=\"wp-block-heading\">(Neckargem\u00fcnd \/ Rhein-Neckar-Kreis) &#8211; Bargeld aus Klassenzimmern gestohlen  Wer hat Beobachtungen gemacht ? Hinweise an die Polizei<\/h4>\n\n\n\n<p>In die abgeschlossenen Klassenzimmern der Steven-Hawking-Schule &#8222;Im  Spitzerfeld&#8220; verschaffen sich in der Zeit zwischen Dienstagnachmittag,  16.30 und Mittwochmorgen, 7 Uhr bislang unbekannte T\u00e4ter Zugang und  entwendeten aus ebenfalls abgeschlossenen Schr\u00e4nken und Geldkassetten  Bargeld in H\u00f6he von mehreren hundert Euro. Auch die Schlie\u00dff\u00e4cher im  Flur der Schule wurden besch\u00e4digt, so dass die Sachschadensh\u00f6he mit  mehreren hundert Euro zu beziffern ist. Bereits in der Vergangenheit kam  es in dem Geb\u00e4ude zu Diebst\u00e4hlen und Sachbesch\u00e4digungen, hierzu dauern  die \u00dcberpr\u00fcfungen ebenfalls noch an. Die Beamten des Polizeireviers  Neckargem\u00fcnd ermitteln und bitten Zeugen, die Hinweise geben k\u00f6nnen,  sich unter Tel.: 06223\/9254-0, zu melden. <\/p>\n\n\n\n<h4 class=\"wp-block-heading\">(Viernheim \/ A 659 \/ S\u00fcdhessen) &#8211; Verkehrsunfall mit vier beteiligten Fahrzeugen und zwei leichtverletzten Personen<\/h4>\n\n\n\n<p>Zwei verletzte Beteiligte und erheblicher Sachschaden ist das Ergebnis  eines Verkehrsunfalls, der sich am Mittwochmorgen auf der A 659 in H\u00f6he  der Ausfahrt Vierheim-Mitte ereignete. Eine 65-j\u00e4hrige Frau war kurz  nach 9 Uhr mit ihrem Mini auf der A 659 von Weinheim in Richtung  Mannheim unterwegs. An der Anschlussstelle Viernheim Mitte wechselte sie  vom linken Fahrstreifen der Ausfahrt auf den rechten Fahrstreifen der  Durchgangsfahrbahn. Zeitgleich wechselte ein40-j\u00e4hriger Ford-Fahrer, der  in gleicher Richtung unterwegs war, von der linken auf die rechte  Fahrspur. Dabei kam es zum Zusammensto\u00df beider Fahrzeuge. Der Ford  geriet dabei ins Schleudern und prallte in die Mittelleitplanke. Das  Auto blieb schlie\u00dflich auf dem linken Fahrstreifen liegen. Eine  nachfolgende 35-J\u00e4hrige konnte ihren Audi noch rechtzeitig zum  Stillstand bringen. Eine dahinter fahrende 61-j\u00e4hrige Frau erkannte die  Situation zu sp\u00e4t und prallte, trotz Vollbremsung, mit ihrem Citroen in  das Heck des Ford. Drei der vier Fahrzeuge waren so stark besch\u00e4digt,  dass sie abgeschleppt werden mussten. Der Mini blieb fahrbereit. Die  Fahrerin des Citroen sowie die Audi-Fahrerin erlitten leichte  Verletzungen. W\u00e4hrend die Audi-Fahrerin an der Unfallstelle von  Rettungskr\u00e4ften versorgt wurde, musste die 61-J\u00e4hrige in ein Krankenhaus  eingeliefert werden. \u00dcber die Art ihrer Verletzungen ist nichts n\u00e4heres  bekannt. <\/p>\n\n\n\n<p>W\u00e4hrend der Unfallaufnahme war der linke Fahrstreifen  bis ca. 11 Uhr vor\u00fcbergehend gesperrt. Die Feuerwehr Viernheim leistete  mit 12 Wehrleuten an der Unfallstelle Unterst\u00fctzung. <\/p>\n\n\n\n<h4 class=\"wp-block-heading\">(Weinheim \/ Rhein-Neckar-Kreis) &#8211; Einbruch in der Hildastra\u00dfe \/ Zeugen gesucht<\/h4>\n\n\n\n<p>In die R\u00e4umlichkeiten eines Mehrparteienhauses in der Hildastra\u00dfe  brachen im Laufe des Mittwoch bislang unbekannte T\u00e4ter ein. Die  Beh\u00e4ltnisse mehrerer Zimmer wurden durchsucht und bisherigen  Ermittlungen zufolge Goldbarren sowie zwei Laptops der Marken HP sowie  ASUS gestohlen. <\/p>\n\n\n\n<p>Ob weitere Utensilien entwendet wurden, ist \nbislang noch nicht gekl\u00e4rt und bedarf der \u00dcberpr\u00fcfung. Einbruchszeit war\n zwischen 8 und 15 Uhr. Zeugen bzw. Bewohner des Hauses, die verd\u00e4chtige\n Beobachtungen gemacht haben, werden gebeten, sich mit dem Polizeirevier\n Weinheim, Tel.: 06201\/10030, oder der Kriminalpolizeidirektion \nHeidelberg, Tel.: 0621\/174-4444, in Verbindung zu setzen. Da sich in dem\n Anwesen eine Praxis befindet, ist das Betreten f\u00fcr Jedermann m\u00f6glich. <\/p>\n","protected":false},"excerpt":{"rendered":"<div class=\"mh-excerpt\"><p>Polizeimeldungen vom Donnerstag (09.05.2019) (Speyer) &#8211; Zwei Auffahrunf\u00e4lle an Tagesbaustelle Gleich zu zwei Verkehrsunf\u00e4llen kam es auf der B 9 am Mittwochnachmittag an einer kurzzeitig eingerichteten Baustelle im Bereich der Anschlussstelle R\u00f6merberg\/Dudenhofen in Fahrtrichtung Germersheim. <a class=\"mh-excerpt-more\" href=\"https:\/\/speyer24news.com\/?p=13322\" title=\"Polizeimeldungen\">[&#8230;]<\/a><\/p>\n<\/div>","protected":false},"author":3,"featured_media":0,"comment_status":"open","ping_status":"open","sticky":false,"template":"","format":"standard","meta":{"_monsterinsights_skip_tracking":false,"_monsterinsights_sitenote_active":false,"_monsterinsights_sitenote_note":"","_monsterinsights_sitenote_category":0,"footnotes":""},"categories":[12],"tags":[61,63,105,53,102,213,103,106,427,62,104],"aioseo_notices":[],"amp_enabled":true,"_links":{"self":[{"href":"https:\/\/speyer24news.com\/index.php?rest_route=\/wp\/v2\/posts\/13322"}],"collection":[{"href":"https:\/\/speyer24news.com\/index.php?rest_route=\/wp\/v2\/posts"}],"about":[{"href":"https:\/\/speyer24news.com\/index.php?rest_route=\/wp\/v2\/types\/post"}],"author":[{"embeddable":true,"href":"https:\/\/speyer24news.com\/index.php?rest_route=\/wp\/v2\/users\/3"}],"replies":[{"embeddable":true,"href":"https:\/\/speyer24news.com\/index.php?rest_route=%2Fwp%2Fv2%2Fcomments&post=13322"}],"version-history":[{"count":1,"href":"https:\/\/speyer24news.com\/index.php?rest_route=\/wp\/v2\/posts\/13322\/revisions"}],"predecessor-version":[{"id":13326,"href":"https:\/\/speyer24news.com\/index.php?rest_route=\/wp\/v2\/posts\/13322\/revisions\/13326"}],"wp:attachment":[{"href":"https:\/\/speyer24news.com\/index.php?rest_route=%2Fwp%2Fv2%2Fmedia&parent=13322"}],"wp:term":[{"taxonomy":"category","embeddable":true,"href":"https:\/\/speyer24news.com\/index.php?rest_route=%2Fwp%2Fv2%2Fcategories&post=13322"},{"taxonomy":"post_tag","embeddable":true,"href":"https:\/\/speyer24news.com\/index.php?rest_route=%2Fwp%2Fv2%2Ftags&post=13322"}],"curies":[{"name":"wp","href":"https:\/\/api.w.org\/{rel}","templated":true}]}}