{"id":13391,"date":"2019-05-14T11:06:58","date_gmt":"2019-05-14T10:06:58","guid":{"rendered":"https:\/\/speyer24news.com\/?p=13391"},"modified":"2019-05-14T13:41:31","modified_gmt":"2019-05-14T12:41:31","slug":"polizeimeldungen-51","status":"publish","type":"post","link":"https:\/\/speyer24news.com\/?p=13391","title":{"rendered":"Polizeimeldungen"},"content":{"rendered":"<style type=\"text\/css\">\r\n\t.ads_top_disp{}\r\n\t.ads_top_corner_disp{ float:left; margin:0px 10px 10px 0px; }\r\n\t.ads_first_p_disp{}\r\n\t.ads_bottom_disp{}\r\n\t<\/style>\n<h2 class=\"wp-block-heading\">Polizeimeldungen vom Montag 13.05.2019<\/h2>\n\n\n\n<div class=\"wp-block-image\"><figure class=\"aligncenter\"><img decoding=\"async\" src=\"https:\/\/speyer24news.com\/wp-content\/uploads\/2019\/04\/Aktuelles-Polizeilogo-4.jpg\" alt=\"\" class=\"wp-image-12786\"\/><\/figure><\/div>\n\n\n\n<h4 class=\"wp-block-heading\">(Speyer) &#8211; Unfallflucht Bademaxx<\/h4>\n\n\n\n<p>Ein\/e unbekannte\/r Verkehrsteilnehmer\/in verursachte vermutlich beim Einpark- \/ Ausparkvorgang auf dem \u00f6ffentlichen Parkplatz gegen\u00fcber dem  Schwimmbad Bademaxx Speyer am Sonntag zw. 10:00 &#8211; 17:45 Uhr einen Unfallschaden an einem dort parkenden Pkw Hyundai i20. Danach entfernte sich der Unfallverursacher von der Unfallstelle, ohne seinen Pflichten als Unfallbeteiligter nachgekommen zu sein. Am hinteren linken Kotfl\u00fcgel der Gesch\u00e4digten entstand Sachschaden in H\u00f6he von ca. 1000EUR. Derzeit liegen keinerlei Hinweise  auf den Unfallverursacher vor. Zeugenhinweise nimmt die Polizei unter  Tel.-Nr. 06232-1370 oder per Mail an <a href=\"mailto:pispeyer@polizei.rlp.de\">pispeyer@polizei.rlp.de<\/a> entgegen. <\/p>\n\n\n\n<h4 class=\"wp-block-heading\">(Speyer) &#8211; Verkehrsunfall und Strafanzeige wg. Versto\u00df gg. Bet\u00e4ubungsmittelgesetz<\/h4>\n\n\n\n<p>Ein 45j\u00e4hriger BMW-Fahrer und ein 79j\u00e4hriger Mercedes-Fahrer befuhren am Sonntagnachmittag in dieser Reihenfolge hintereinander die Math\u00e4us-Hotz-Stra\u00dfe Richtung Bahnhofstra\u00dfe. Beide Beteiligte warteten zun\u00e4chst an der Rotlicht zeigenden Ampel an der Kreuzung zur Bahnhofstra\u00dfe. Bei Gr\u00fcnlicht fuhr der Mercedes-Fahrer dann auf das Heck des noch stehenden BMW auf. Am BMW entstand Sachschaden in H\u00f6he von ca. 1000 EUR. <\/p>\n\n\n\n<p>W\u00e4hrend der Unfallaufnahme konnte von den Polizeibeamten pl\u00f6tzlich starker Marihuanageruch festgestellt werden. Dieser war einem 18-J\u00e4hrigen zuzuordnen, welcher zu diesem Zeitpunkt unweit der Unfallstelle an einer Fu\u00dfg\u00e4ngerampel stand. Der Beschuldigte hielt bei seiner Kontrolle noch einen angebrannten Joint in der rechten Hand. Bei seiner Durchsuchung konnten weitere Marihuanabl\u00fcten in seiner mitgef\u00fchrten Bauchtasche aufgefunden und sichergestellt werden. Den 18-J\u00e4hrigen erwartet nun ein Strafverfahren wegen des Versto\u00dfes gegen das Bet\u00e4ubungsmittelgesetz. <\/p>\n\n\n\n<h4 class=\"wp-block-heading\">(Speyer) &#8211; Streit auf Domwiese<\/h4>\n\n\n\n<p>Am Sonntagnachmittag hielt sich eine rauchende Personengruppe um eine  21-J\u00e4hrige im Bereich &#8222;Untere Domwiese&#8220; nahe dem dortigen  Kinderspielplatz auf. Aufgrund des in Richtung des Spielplatzes  ziehenden Zigarettenrauches der Gruppe echauffierte sich ein  39-J\u00e4hriger. Im Streitgespr\u00e4ch mit der Gruppe schlug der 39-J\u00e4hrige der  21j\u00e4hrigen Gesch\u00e4digten dann mit der flachen Hand auf Hand, in welcher  diese eine  Zigarette hielt. Die Gesch\u00e4digte versp\u00fcrte hierdurch  kurzzeitig Schmerzen, weswegen die Polizei \u00fcber den Vorfall verst\u00e4ndigt  wurde. Gegen den 39-J\u00e4hrigen wurde ein Strafverfahren wegen  K\u00f6rperverletzung eingeleitet. <\/p>\n\n\n\n<h4 class=\"wp-block-heading\">(Lingenfeld) &#8211; Werkzeug von Baustelle gestohlen<\/h4>\n\n\n\n<p>Werkzeug im Wert von zirka 5000 EUR wurde aus einem Rohbau im Bereich  der Stauferstra\u00dfe in Lingenfeld entwendet. Die bis dato unbekannten  T\u00e4ter entfernten zun\u00e4chst den Bauzaun und brachen anschlie\u00dfend eine T\u00fcr  zu dem im Bau befindlichen Einfamilienhaus auf. Tatzeitraum war Sonntag  zwischen 2 und 15 Uhr. Bei einem zweiten Einbruchsversuch in der Nacht  von Samstag auf Sonntag scheiterten die Einbrecher an der Zugangst\u00fcr, so  dass es hier beim Versuch blieb. Die Tat\u00f6rtlichkeit befand sich in der  Jahnstra\u00dfe, auch hier handelte es sich um einen Rohbau. <\/p>\n\n\n\n<p>Zeugenhinweise nimmt die Polizeiinspektion Germersheim telefonisch unter 07274-9580 bzw. per Mail unter <a href=\"mailto:pigermersheim@polizei.rlp.de\">pigermersheim@polizei.rlp.de<\/a> entgegen. <\/p>\n\n\n\n<h4 class=\"wp-block-heading\">(Germersheim) &#8211; Betrunkener Autofahrer missachtet Vorfahrt<\/h4>\n\n\n\n<p>Zur Blutprobe musste ein betrunkener Autofahrer, welcher am Sonntag  gegen 23.30 Uhr am Kreisverkehr in der Rheinbr\u00fcckenstra\u00dfe die Vorfahrt  einer 46 &#8211; j\u00e4hrigen PKW &#8211; Fahrerin missachtete. Bei der  Verkehrsunfallaufnahme stellte sich heraus, dass der 23- j\u00e4hrige  Verursacher unter Alkoholeinfluss stand. Ein Atemalkoholtest erbrachte  ein Ergebnis von 1,49 Promille. Der F\u00fchrerschein wurde einbehalten und  ein Verfahren wegen Gef\u00e4hrdung des Stra\u00dfenverkehrs eingeleitet. Die  beiden Fahrzeuge waren nicht mehr fahrbereit. Gl\u00fccklicherweise wurde  beim Verkehrsunfall niemand verletzt. <\/p>\n\n\n\n<h4 class=\"wp-block-heading\">(Kandel) &#8211; Einbruch in Gastst\u00e4tte<\/h4>\n\n\n\n<div class=\"wp-block-image\"><figure class=\"aligncenter\"><img decoding=\"async\" loading=\"lazy\" width=\"800\" height=\"600\" src=\"https:\/\/speyer24news.com\/wp-content\/uploads\/2019\/05\/10.05.19-Kandel-Einbruch.jpg\" alt=\"\" class=\"wp-image-13392\" srcset=\"https:\/\/speyer24news.com\/wp-content\/uploads\/2019\/05\/10.05.19-Kandel-Einbruch.jpg 800w, https:\/\/speyer24news.com\/wp-content\/uploads\/2019\/05\/10.05.19-Kandel-Einbruch-300x225.jpg 300w, https:\/\/speyer24news.com\/wp-content\/uploads\/2019\/05\/10.05.19-Kandel-Einbruch-768x576.jpg 768w, https:\/\/speyer24news.com\/wp-content\/uploads\/2019\/05\/10.05.19-Kandel-Einbruch-678x509.jpg 678w, https:\/\/speyer24news.com\/wp-content\/uploads\/2019\/05\/10.05.19-Kandel-Einbruch-326x245.jpg 326w, https:\/\/speyer24news.com\/wp-content\/uploads\/2019\/05\/10.05.19-Kandel-Einbruch-80x60.jpg 80w\" sizes=\"(max-width: 800px) 100vw, 800px\" \/><\/figure><\/div>\n\n\n\n<p>In der Nacht auf den 10.05.2019 hebelten unbekannte T\u00e4ter ein Fenster zum den R\u00e4umlichkeiten eines Gasthauses in der Bahnhofstra\u00dfe auf. Der oder die T\u00e4ter durchw\u00fchlten mehrere Schr\u00e4nke und konnten eine  geringe Menge Bargeld entwenden. In der gleichen Nacht kam es noch zu einem Einbruch in unmittelbarere N\u00e4he in ein Bistro in der  Frankenhofpassage und dem evangelischen Gemeindehaus in der Schulgasse.  Auch hier hebelten die T\u00e4ter ein Fenster auf und durchw\u00fchlten mehrere Schr\u00e4nke. <\/p>\n\n\n\n<h4 class=\"wp-block-heading\">(W\u00f6rth) &#8211; PKW Fahrer \u00fcbersieht Stauende<\/h4>\n\n\n\n<div class=\"wp-block-image\"><figure class=\"aligncenter\"><img decoding=\"async\" loading=\"lazy\" width=\"800\" height=\"600\" src=\"https:\/\/speyer24news.com\/wp-content\/uploads\/2019\/05\/13.05.19-W\u00f6rth-VU.jpg\" alt=\"\" class=\"wp-image-13393\" srcset=\"https:\/\/speyer24news.com\/wp-content\/uploads\/2019\/05\/13.05.19-W\u00f6rth-VU.jpg 800w, https:\/\/speyer24news.com\/wp-content\/uploads\/2019\/05\/13.05.19-W\u00f6rth-VU-300x225.jpg 300w, https:\/\/speyer24news.com\/wp-content\/uploads\/2019\/05\/13.05.19-W\u00f6rth-VU-768x576.jpg 768w, https:\/\/speyer24news.com\/wp-content\/uploads\/2019\/05\/13.05.19-W\u00f6rth-VU-678x509.jpg 678w, https:\/\/speyer24news.com\/wp-content\/uploads\/2019\/05\/13.05.19-W\u00f6rth-VU-326x245.jpg 326w, https:\/\/speyer24news.com\/wp-content\/uploads\/2019\/05\/13.05.19-W\u00f6rth-VU-80x60.jpg 80w\" sizes=\"(max-width: 800px) 100vw, 800px\" \/><figcaption>Unfallfahrzeug auf der BAB<\/figcaption><\/figure><\/div>\n\n\n\n<p>Auf der BAB 65 von Landau nach Karlsruhe hatte sich nach der  Anschlussstelle W\u00f6rth-Dorschberg bereits der t\u00e4gliche Stau entwickelt.  Die Stauwarnanlagen waren aktiv. <\/p>\n\n\n\n<p>Am 13.05.2019 bef\u00e4hrt um 07:15 Uhr ein 48-j\u00e4hriger Mercedes Fahrer die Strecke und f\u00e4hrt ungebremst auf ein  stehendes Fahrzeug am Stauende auf. Dieses Fahrzeug wurde durch den Aufprall \u00fcber die Fahrbahnen auf zwei weitere Fahrzeuge geschleudert.<\/p>\n\n\n\n<div class=\"wp-block-image\"><figure class=\"aligncenter\"><img decoding=\"async\" loading=\"lazy\" width=\"800\" height=\"600\" src=\"https:\/\/speyer24news.com\/wp-content\/uploads\/2019\/05\/13.05.19-W\u00f6rth-VU2.jpg\" alt=\"\" class=\"wp-image-13394\" srcset=\"https:\/\/speyer24news.com\/wp-content\/uploads\/2019\/05\/13.05.19-W\u00f6rth-VU2.jpg 800w, https:\/\/speyer24news.com\/wp-content\/uploads\/2019\/05\/13.05.19-W\u00f6rth-VU2-300x225.jpg 300w, https:\/\/speyer24news.com\/wp-content\/uploads\/2019\/05\/13.05.19-W\u00f6rth-VU2-768x576.jpg 768w, https:\/\/speyer24news.com\/wp-content\/uploads\/2019\/05\/13.05.19-W\u00f6rth-VU2-678x509.jpg 678w, https:\/\/speyer24news.com\/wp-content\/uploads\/2019\/05\/13.05.19-W\u00f6rth-VU2-326x245.jpg 326w, https:\/\/speyer24news.com\/wp-content\/uploads\/2019\/05\/13.05.19-W\u00f6rth-VU2-80x60.jpg 80w\" sizes=\"(max-width: 800px) 100vw, 800px\" \/><figcaption>Unfallfahrzeug auf der BAB<\/figcaption><\/figure><\/div>\n\n\n\n<p>Der zweite Aufprall war derart stark, dass ein Fiat 500 sich mehrfach  \u00fcberschlug. Gl\u00fccklicherweise wurden die sieben Insassen aller Fahrzeug  &#8222;nur&#8220; leicht verletzt. <\/p>\n\n\n\n<div class=\"wp-block-image\"><figure class=\"aligncenter\"><img decoding=\"async\" loading=\"lazy\" width=\"800\" height=\"600\" src=\"https:\/\/speyer24news.com\/wp-content\/uploads\/2019\/05\/13.05.19-W\u00f6rth-VU3.jpg\" alt=\"\" class=\"wp-image-13395\" srcset=\"https:\/\/speyer24news.com\/wp-content\/uploads\/2019\/05\/13.05.19-W\u00f6rth-VU3.jpg 800w, https:\/\/speyer24news.com\/wp-content\/uploads\/2019\/05\/13.05.19-W\u00f6rth-VU3-300x225.jpg 300w, https:\/\/speyer24news.com\/wp-content\/uploads\/2019\/05\/13.05.19-W\u00f6rth-VU3-768x576.jpg 768w, https:\/\/speyer24news.com\/wp-content\/uploads\/2019\/05\/13.05.19-W\u00f6rth-VU3-678x509.jpg 678w, https:\/\/speyer24news.com\/wp-content\/uploads\/2019\/05\/13.05.19-W\u00f6rth-VU3-326x245.jpg 326w, https:\/\/speyer24news.com\/wp-content\/uploads\/2019\/05\/13.05.19-W\u00f6rth-VU3-80x60.jpg 80w\" sizes=\"(max-width: 800px) 100vw, 800px\" \/><figcaption>Unfallfahrzeug auf der BAB<\/figcaption><\/figure><\/div>\n\n\n\n<p>F\u00fcr die Bergung und Sicherung der Fahrzeuge, sowie die medizinische Versorgung waren mehrere Einsatzfahrzeuge der Feuerwehr und des Rettungsdienstes im Einsatz. Die BAB 65 musste bis  09:00 Uhr in Fahrtrichtung Karlsruhe voll gesperrt werden. Es entstand  ein Sachschaden von ca. 120.000 EUR. Bedingt durch die Vollsperrung  entstand ein Stau bis zur Anschlussstelle Kandel-Nord. <\/p>\n\n\n\n<h4 class=\"wp-block-heading\">(W\u00f6rth) &#8211; Fahrzeughalle aufgebrochen und S-Bahnen besch\u00e4digt<\/h4>\n\n\n\n<p>Unbekannte T\u00e4ter verschafften sich in der Zeit vom  09.05.-10.05.2019 gewaltsam Zugang zu der Abstellhalle der AVG an der  Haltestelle Badepark.  Die T\u00e4ter bespr\u00fchten mehrere Z\u00fcge mit Farbe und  besch\u00e4digten Automaten. Der Tatzeitraum muss zwischen 22:00 &#8211; 05:00 Uhr  liegen. <\/p>\n\n\n\n<h4 class=\"wp-block-heading\">(Kapellen-Drusweiler) &#8211; Pkw \u00fcberschlagen \/ Fahrer blieb unverletzt<\/h4>\n\n\n\n<p>Am Sonntag, 12.05.19, gegen 23:45 Uhr, befuhr der Fahrer eines Pkw VW  Golf, die Kreisstra\u00dfe 23 vom Deutschhof kommend in Richtung Kaplaneihof.  Zwischen den beiden Geh\u00f6ften wich der 18-j\u00e4hrige Pkw-Fahrer einem die  Stra\u00dfe \u00fcberquerenden Tier aus. Hierbei geriet der Pkw ins Schleudern und  nach rechts von der Fahrbahn ab. Das Fahrzeug \u00fcberschlug sich und blieb  in einem Acker liegen. Der Fahrer hatte Gl\u00fcck im Ungl\u00fcck und blieb  unverletzt. An dem Pkw entstand ein Totalschaden. <\/p>\n\n\n\n<h4 class=\"wp-block-heading\">(Bad Bergzabern) &#8211; Dunkelfarbener Ford Fiesta gefl\u00fcchtet<\/h4>\n\n\n\n<p>Am Freitag, 10.05.19, zwischen 15:20 Uhr und 15:45 Uhr, wurde in der  Steinfelder Stra\u00dfe, an einem geparkten Pkw Citroen, im Vorbeifahren der  linke Au\u00dfenspiegel abgefahren. Ein dunkelfarbener Ford Fiesta hatte sich  in Richtung Stadtmitte entfernt, ohne um den entstandenen Schaden in  H\u00f6he von 300.- Euro zu k\u00fcmmern. Zeugen werden gebeten sich bei der  Polizeiinspektion Bad Bergzabern unter 06343-93340 oder per Email unter <a href=\"mailto:pibadbergzabern@polizei.rlp.de\">pibadbergzabern@polizei.rlp.de<\/a> zu melden. <\/p>\n\n\n\n<h4 class=\"wp-block-heading\">(Landau) &#8211; Verkehrsunfallflucht<\/h4>\n\n\n\n<p>Vor der Festhalle wurde w\u00e4hrend einer Veranstaltung am Sonntagnachmittag ein geparkter PKW  Audi mit LD-Kennzeichen im Bereich der vorderen Sto\u00dfstange erheblich von  einem unbekannten Fahrzeugf\u00fchrer besch\u00e4digt. Der Verursacher entfernte  sich danach unerlaubt von der Unfallstelle. Zeugen m\u00f6gen sich bitte bei  der Polizei Landau melden. <\/p>\n\n\n\n<h4 class=\"wp-block-heading\">(Edesheim \/ A 65) &#8211; Erneut drei LKW-Fahrer alkoholisiert<\/h4>\n\n\n\n<p>Sonntagabend wurde in der Zeit zwischen 20.30 Uhr und 21 Uhr auf der  Rastst\u00e4tte Pf\u00e4lzer Weinstra\u00dfe West eine Abfahrtskontrolle durchgef\u00fchrt.  Weil drei LKW-Fahrer unter Alkoholeinfluss standen, wurden die  Fahrzeugschl\u00fcssel sowie die F\u00fchrerscheine einkassiert. W\u00e4hrend ein  33-j\u00e4hriger Brummifahrer 0,57 Promille Atemalkohol intus hatte, betrug  bei zwei weiteren 44- und 56 Jahre alten Truckern der Alkoholwert 0,8  bzw. 0,9 Promille. Die Weiterfahrt wurde den drei Betroffenen untersagt,  bis sich der Alkoholwert entsprechend abgebaut hatte. <\/p>\n\n\n\n<h4 class=\"wp-block-heading\">(Venningen \/ A 65) &#8211; Reh verursacht Verkehrsunfall auf der A65<\/h4>\n\n\n\n<p>Ein total besch\u00e4digtes Fahrzeug forderte ein Wildunfall am fr\u00fchen Montagmorgen gegen 00.42 Uhr auf der A65 H\u00f6he Venningen in Fahrtrichtung  Ludwigshafen. Ein 53-j\u00e4hriger Autofahrer konnte nicht mehr ausweichen  und erfasste ein Reh frontal mit seinem Fahrzeug. Durch den Unfall wurde  die Front des Fahrzeugs komplett besch\u00e4digt, vier Airbags wurden dabei  ausgel\u00f6st. Die Schadensh\u00f6he liegt bei 20.000 Euro. Der Autofahrer blieb  unverletzt. Bis zum Eintreffen des Abschleppunternehmens musste die  Gefahrenstelle abgesichert werden. <\/p>\n\n\n\n<h4 class=\"wp-block-heading\">(Neustadt) &#8211; Betrunkener Autofahrer verursacht Verkehrsunfall<\/h4>\n\n\n\n<p>Am Sonntag, 12.05.19, befuhr ein 26-j\u00e4hriger aus Deidesheim gegen 22:50  Uhr die B39 in Neustadt mit seinem wei\u00dfen Opel. Am Globus Kreisel kam  der junge Mann dann nach rechts von der Stra\u00dfe ab und kollidierte dort  mit einer Stra\u00dfenlaterne. Im Rahmen der Unfallaufnahme wurde bei dem  Fahrer Alkoholgeruch festgestellt und daraufhin ein Atemalkoholtest  durchgef\u00fchrt, der den beachtlichen Wert von 1,41 Promille erbrachte. Da  der Opel nicht mehr fahrbereit war wurde dieser durch ein  Abschleppunternehmen abgeschleppt. Der F\u00fchrerschein des Deidesheimers  wurde durch die Beamten sichergestellt und eine Blutprobe entnommen. <\/p>\n\n\n\n<h4 class=\"wp-block-heading\">(Bad D\u00fcrkheim) &#8211; Diebstahl aus Pkw<\/h4>\n\n\n\n<p>In der Zeit von Samstag, 11.05.2019, 23:30 Uhr, bis Sonntag,  12.05.2019, 09:30 Uhr, drangen in der Portugieserstra\u00dfe in Bad D\u00fcrkheim  unbekannte T\u00e4ter in einen VW Golf ein. Es wurde Bargeld, Parfum und  Elektronikger\u00e4te entwendet. Zurzeit gibt es keine Hinweise auf die  T\u00e4ter. Zeugen werden gebeten, sich bei der Polizei in Bad D\u00fcrkheim unter  06322 9630 oder per E-Mail an <a href=\"mailto:pibadduerkheim@polizei.rlp.de\">pibadduerkheim@polizei.rlp.de<\/a> zu melden. <\/p>\n\n\n\n<h4 class=\"wp-block-heading\">(Ludwigshafen) &#8211; Schlechter Scherz mit Folgen<\/h4>\n\n\n\n<p>Ein 25-J\u00e4hriger rief am Sonntag (12.05.2019) die Polizei auf den Plan,  nachdem er telefonisch eine Bombendrohung abgab. Gegen 23.30 Uhr rief  der junge Mann in einer Spielothek in der Bismarckstra\u00dfe an und drohte  mit einer Bombe. Die Angestellte verst\u00e4ndigte sofort die Polizei, die  sofort vor Ort erschien und die Spielothek mit einem Sprengstoffsp\u00fcrhund  absuchte. Gleichzeitig ermittelte die Polizei den Anrufer an seiner  Wohnanschrift. Der 25-J\u00e4hrige wollte eigentlich nur eine Bekannte  &#8222;ver\u00e4ppeln&#8220;, die in der Spielothek arbeitet. Leider war seine Bekannte  nicht in diesem Moment am Telefon und eine andere Mitarbeiterin nahm das  Gespr\u00e4ch an. W\u00e4hrend die Polizei die Spielothek nach einer Bombe  absuchte, musste diese ger\u00e4umt werden. Dem 25-J\u00e4hrigen erwartet nur eine  Strafanzeige wegen St\u00f6rung des \u00f6ffentlichen Friedens durch Androhung  von Straftaten. F\u00fcr den Polizeieinsatz werden Geb\u00fchren erhoben, f\u00fcr die  der junge Mann wohl aufkommen muss. <\/p>\n\n\n\n<h4 class=\"wp-block-heading\">(Ludwigshafen) &#8211; Vorfahrt missachtet<\/h4>\n\n\n\n<p>Ein 47-J\u00e4hrige missachtete am Sonntag (12.05.2019) die Vorfahrt einer  42-j\u00e4hrigen Autofahrerin und verursachte einen Verkehrsunfall. Der Mann  war gegen 12.45 Uhr mit seinem PKW in der Steiermarkstra\u00dfe in Richtung  Maudacher Stra\u00dfe unterwegs, als er an der Kreuzung zur Salzburger Stra\u00dfe  ein von rechst kommendes Auto \u00fcbersah. Beide Fahrzeuge kollidierten im  Kreuzungsbereich. Insgesamt entstand ein Sachschaden in H\u00f6he von 4000  Euro. Da sich beide Unfallbeteiligte  gegenseitig mit zu schnell bzw.  mit einem Handy am Ohr gefahren zu sein konfrontierten, bittet die  Polizei um Zeugenhinweise: Polizeiinspektion Ludwigshafen 1,  Telefonnummer 0621 963-2122 oder E-Mail <a href=\"mailto:piludwigshafen1@polizei.rlp.de\">piludwigshafen1@polizei.rlp.de<\/a>. <\/p>\n\n\n\n<h4 class=\"wp-block-heading\">(Ludwigshafen) &#8211; Navigationsger\u00e4t gestohlen<\/h4>\n\n\n\n<p>Unbekannte schlugen in dem Zeitraum 10.05. bis 12.05.2019 die Scheibe  eines Fahrzeugs ein und stahlen das Navigationsger\u00e4t aus dem  Fahrzeuginnern. Der wei\u00dfe Peugeot Boxer war im Tatzeitraum in der  B\u00fcrgermeister-Kutterer-Stra\u00dfe abgestellt. Insgesamt entstand ein  Sachschaden in H\u00f6he von 150 Euro. Die Polizei bittet um Zeugenhinweise:  Polizeiinspektion Ludwigshafen 1, Telefonnummer 0621 963-2122 oder  E-Mail <a href=\"mailto:piludwigshafen1@polizei.rlp.de\">piludwigshafen1@polizei.rlp.de<\/a>. <\/p>\n\n\n\n<h4 class=\"wp-block-heading\">(Ludwigshafen-Oggersheim) &#8211; Unfallzeuge gesucht<\/h4>\n\n\n\n<p>Die Polizeiwache Oggersheim sucht nach einem Unfallzeugen, der bereits  am 09.05.2019 einen Verkehrsunfall mit einer anschlie\u00dfenden Flucht  beobachtet haben soll und anschlie\u00dfend einen Zettel mit dem  Unfallhergang an das besch\u00e4digte Fahrzeug befestigte. Demnach h\u00e4tte  zwischen 18 und 18.15 Uhr ein wei\u00dfes Fahrzeug einen Mazda beim Rangieren  am Altstadtplatz besch\u00e4digt. Auf dem Zettel ist nur der Unfallhergang  vermerkt und keine Daten vom Unfallzeugen. Beim dem Mazda entstand ein  Sachschaden in H\u00f6he von 4000 Euro. Die Polizei bittet den Zeugen sich  bei der Polizeiwache Oggersheim unter Tel. 0621 963 &#8211; 2403 oder per Mail  <a href=\"mailto:pwoggersheim@polizei.rlp.de\">pwoggersheim@polizei.rlp.de<\/a> zu melden. <\/p>\n\n\n\n<h4 class=\"wp-block-heading\">(Mannheim-Innenstadt) &#8211; Unbekannter schlug an BMW fast alle Scheiben ein \/ Wer hat Verd\u00e4chtiges beobachtet?<\/h4>\n\n\n\n<p>An einem BMW, der im Zeitraum von Sonntag, 21 Uhr bis Montag, 10 Uhr,  auf einem Parkplatz im Quadrat E7 stand, schlug ein bislang Unbekannter,  bis auf die Frontscheibe, alle Fensterscheiben ein. Dadurch entstand an  dem Wagen erheblicher Sachschaden, der derzeit jedoch noch nicht  beziffert werden kann. Gestohlen wurde aus dem Fahrzeug nichts. <\/p>\n\n\n\n<p>Zeugen,\n die verd\u00e4chtige Wahrnehmungen gemacht haben, werden gebeten, sich beim \nPolizeirevier Mannheim-Innenstadt unter Tel.: 0621\/1258-0 zu melden. <\/p>\n\n\n\n<h4 class=\"wp-block-heading\">(Mannheim-Innenstadt) &#8211; Unbekannte randalieren in Schulgeb\u00e4ude und entwenden Monitore \/ Zeugen gesucht!<\/h4>\n\n\n\n<p>In der Zeit von Freitag, 22 Uhr bis Samstag, 6:45 Uhr, drangen bislang  unbekannte T\u00e4ter \u00fcber ein Fenster in die Friedrich-List-Schule im  Quadrat C6 ein und trieben dort ihr Unwesen. Sie suchten im Schulgeb\u00e4ude  mehrere Klassenzimmer auf und besch\u00e4digten dort mutwillig zwei Beamer,  eine Soundanlage, einen Drucker, eine Tastatur und einen Fl\u00fcgel, den die  Unbekannten umwarfen. Des Weiteren beschmierten sie W\u00e4nde, Tische sowie  eine Tafel und fluteten in zwei R\u00e4umen den Boden, indem sie die  Abflussrohre mehrerer Waschbecken verstopften. Durch das kontinuierlich  laufende Wasser drang dieses durch das Mauerwerk bis in den Keller,  sodass ein massiver Schaden zu erwarten ist. Mit zwei Monitoren, die die  Unbekannten aus den Klassenzimmern mitgehen lie\u00dfen, ergriffen sie  schlie\u00dflich die Flucht. Die genaue Schadensh\u00f6he ist derzeit noch unklar,  d\u00fcrfte sich aber auf \u00fcber 20.000 Euro belaufen. <\/p>\n\n\n\n<p>Zeugen, die  verd\u00e4chtige Beobachtungen gemacht haben, werden gebeten, sich mit dem  Polizeirevier Mannheim-Innenstadt unter Tel.: 0621\/1258-0 in Verbindung  zu setzen. <\/p>\n\n\n\n<h4 class=\"wp-block-heading\">(Mannheim-Oststadt) &#8211; Porsche in Tiefgarage aufgebrochen \/ Hoher Schaden &#8211; Zeugen gesucht!<\/h4>\n\n\n\n<p>Ein bislang unbekannter T\u00e4ter schlug am Montag, zwischen 15 Uhr und  18:30 Uhr, die Scheibe eines Porsche 911 ein, der in einer Tiefgarage am  Friedrichsplatz geparkt war. Er durchsuchte im Fahrzeug ein  Lederm\u00e4ppchen, entwendete allerdings nichts. Dennoch schl\u00e4gt der  Sachschaden mit rund 6.000 Euro zu Buche. <\/p>\n\n\n\n<p>Zeugen, die verd\u00e4chtige\n Wahrnehmungen gemacht haben, werden gebeten, sich mit dem Polizeirevier\n Mannheim-Oststadt unter Tel.: 0621\/174-3310 in Verbindung zu setzen. <\/p>\n\n\n\n<h4 class=\"wp-block-heading\">(Mannheim-Oststadt) &#8211; Unter Alkohol- und Drogeneinfluss mit dem Auto unterwegs<\/h4>\n\n\n\n<p>Am fr\u00fchen Montagmorgen war ein 20-j\u00e4hriger Mann in der Mannheimer  Innenstadt unter Alkohol- und Drogeneinfluss unterwegs. Einer  Polizeistreife fiel kurz vor 4 Uhr in der Tattersallstra\u00dfe ein roter  Opel Astra auf und sollte kontrolliert werden. Nachdem er mittels  Leuchtschrift &#8222;Stopp Polizei&#8220; und Blaulicht zum Anhalten aufgefordert  worden war, gab der Fahrer Gas und fuhr mit hoher Geschwindigkeit in  Richtung Hauptbahnhof zum dortigen Taxihalteplatz. Hier bremste der  Wagen abrupt ab, mehrere Personen stiegen aus und rannten in Richtung  Bismarckstra\u00dfe davon. Zwei junge M\u00e4nner, darunter auch der 20-j\u00e4hrige  Fahrer, konnten wenig sp\u00e4ter im Rahmen einer Fahndung noch in der N\u00e4he  des Hauptbahnhofs festgenommen und zum Polizeirevier Mannheim-Oststadt  gebracht werden. <\/p>\n\n\n\n<p>Bei dem 20-J\u00e4hrigen bemerkten die Beamten sofort\n deutlichen Alkoholgeruch in dessen Atemluft. Zudem zeigte er Anzeichen \nf\u00fcr Drogenkonsum. Ein Alkoholtest ergab einen Wert von \u00fcber 1,2 \nPromille. Ein Drogentest reagierte positiv auf Amphetamin. Dem jungen \nMann wurde eine Blutprobe entnommen. Sein F\u00fchrerschein konnte nicht \neinbehalten werden, da er gar nicht im Besitz eines solchen war. <\/p>\n\n\n\n<p>Gegen ihn wird nun wegen Fahrens unter Alkohol- und Drogeneinfluss sowie Fahrens ohne Fahrerlaubnis ermittelt. <\/p>\n\n\n\n<p>Im\n Zuge der weiteren Ermittlungen wurde festgestellt, dass eine 20-j\u00e4hrige\n Frau, die ebenfalls im Fahrzeug sa\u00df, den 20-j\u00e4hrigen den Opel fahren \nlie\u00df, obwohl sie wusste, dass er keine Fahrerlaubnis besitzt. Gegen sie \nwird nun wegen Erm\u00e4chtigens zum Fahren ohne Fahrerlaubnis ermittelt. <\/p>\n\n\n\n<p>Gegen\n einen 18-j\u00e4hrigen jungen Mann, der sich ebenfalls im Fahrzeug befunden \nhatte, wurden Ermittlungen wegen eines Versto\u00dfes gegen das Waffengesetz \neingeleitet, da er verbotenerweise ein Messer mit sich gef\u00fchrt hatte. \nIhn erwartet nun ein Bu\u00dfgeldverfahren. <\/p>\n\n\n\n<p>W\u00e4hrend der polizeilichen  Ma\u00dfnahmen beleidigte eine weitere 18-j\u00e4hrige Fahrzeuginsassin die  Beamten und versuchte, die Ma\u00dfnahmen zu st\u00f6ren. Gegen sie wurden  ebenfalls Ermittlungen, u. a. wegen Beleidigung eingeleitet. <\/p>\n\n\n\n<h4 class=\"wp-block-heading\">(Mannheim-Friesenheimer Insel) &#8211; Einbruch in Werkstatt einer KFZ-Niederlassung \/ Zeugen gesucht!<\/h4>\n\n\n\n<p>Am fr\u00fchen Sonntag, kurz vor 5 Uhr, drangen ein oder mehrere bislang  unbekannte T\u00e4ter in die Werkstatt einer KFZ-Niederlassung in der  Inselstra\u00dfe ein. Die Unbekannten brachen auf dem Firmengel\u00e4nde gewaltsam  ein Garagentor auf und gelangten \u00fcber dieses in die Werkstatt. Im  Anschluss machten sie sich an einem Schrank zu schaffen, ob die T\u00e4ter  aus den R\u00e4umlichkeiten etwas entwendet hatten, steht allerdings noch  nicht fest. <\/p>\n\n\n\n<p>Zeugen, die verd\u00e4chtige Beobachtungen gemacht haben,  werden gebeten, sich mit dem Polizeirevier Mannheim-Neckarstadt unter  Tel.: 0621\/3301-0 in Verbindung zu setzen. <\/p>\n\n\n\n<h4 class=\"wp-block-heading\">(Mannheim-Waldhof) &#8211; \u00dcber Fenster in Wohnung eingedrungen \/ Zeugen gesucht!<\/h4>\n\n\n\n<p>Am Montag wurde in eine Wohnung in der Pfungstadter Stra\u00dfe  eingebrochen. Ein bislang unbekannter T\u00e4ter war \u00fcber ein Fenster in die  Wohnung eingedrungen und hatte die gesamten R\u00e4umlichkeiten nach  Brauchbarem durchsucht. Ob er etwas entwendet hatte, steht bislang noch  nicht fest. Der Einbruch wurde am Mittag, gegen 13:30 Uhr, festgestellt.  Die H\u00f6he des Sachschadens, kann derzeit noch nicht beziffert werden. <\/p>\n\n\n\n<p>Zeugen,  die verd\u00e4chtige Beobachtungen gemacht haben, werden gebeten, sich mit  dem Polizeirevier Mannheim-Sandhofen unter Tel.: 0621\/77769-0 in  Verbindung zu setzen. <\/p>\n\n\n\n<h4 class=\"wp-block-heading\">(Mannheim-Neckarau) &#8211; Chevrolet erheblich besch\u00e4digt \/ Verursacher gefl\u00fcchtet &#8211; Zeugen gesucht!<\/h4>\n\n\n\n<p>In der Karl-Marx-Stra\u00dfe\/Ecke M\u00f6nchw\u00f6rthstra\u00dfe touchierte ein bislang  unbekannter Autofahrer am Montag einen geparkten Chevrolet und machte  sich anschlie\u00dfend aus dem Staub, obwohl der Wagen erheblich besch\u00e4digt  worden war. Die Polizei sch\u00e4tzt den Schaden auf rund 4.000 Euro. Der  Unfall muss sich zwischen 21:10 Uhr und 21:40 Uhr ereignet haben. <\/p>\n\n\n\n<p>Zeugen,\n die den Unfall beobachtet haben und Hinweise zum Unfallverursacher \ngeben k\u00f6nnen, werden gebeten, sich beim Polizeirevier Mannheim-Neckarau \nunter Tel.: 0621\/83397-0 zu melden. <\/p>\n\n\n\n<h4 class=\"wp-block-heading\">(Mannheim-Neckarau) &#8211; KIA beim Ein- oder Ausparken gestreift und gefl\u00fcchtet \/ Zeugen gesucht!<\/h4>\n\n\n\n<p>Nicht unerheblich besch\u00e4digt wurde am Sonntag, zwischen 11:30 Uhr und  16:20 Uhr, ein KIA Sportage, der in der Adlerstra\u00dfe, in H\u00f6he des  Anwesens 66, geparkt war. Ein bislang unbekannter Autofahrer hatte den  PKW vermutlich beim Ein- oder Ausparken gestreift und war dann  gefl\u00fcchtet, obwohl Sachschaden in H\u00f6he von ca. 3.000 Euro entstanden  war. Am KIA konnten rote Lackantragungen festgestellt werden, die vom  Unfallverursacher stammen k\u00f6nnten. <\/p>\n\n\n\n<p>Zeugen, die den Unfall  beobachtet haben und Hinweise zum Unfallverursacher geben k\u00f6nnen, werden  gebeten, sich beim Polizeirevier Mannheim-Neckarau unter Tel.:  0621\/83397-0 zu melden. <\/p>\n\n\n\n<h4 class=\"wp-block-heading\">(Mannheim-Rheinau) &#8211; Kia kommt von Fahrbahn ab und landet in einem Waldst\u00fcck<\/h4>\n\n\n\n<p>Am Montag gegen 09.50 Uhr befuhr eine 82-j\u00e4hrige Frau mit ihrem Kia die  Bundesstra\u00dfe 36 aus Richtung Mannheim kommend in Richtung Schwetzingen.  <\/p>\n\n\n\n<p>In einer Linkskurve, in H\u00f6he der Abfahrt zur Rhenaniastra\u00dfe kam \nsie aus bisher unbekannter Ursache von der Fahrbahn nach rechts ab. \nHierbei besch\u00e4digte sie die Leitplanke und kam in einem Waldst\u00fcck zum \nStehen. <\/p>\n\n\n\n<p>Die Seniorin wurde vorsorglich mit einem Rettungswagen in ein Krankenhaus verbracht. <\/p>\n\n\n\n<p>Es entstand ein Sachschaden in H\u00f6he von 10.000 Euro. <\/p>\n\n\n\n<h4 class=\"wp-block-heading\">(Ilvesheim \/ Rhein-Neckar-Kreis) &#8211; 21-J\u00e4hriger von Unbekannten zusammengeschlagen \/ Zeugen gesucht<\/h4>\n\n\n\n<p>Am fr\u00fchen Sonntagmorgen wurde ein 21-J\u00e4hriger auf dem Heimweg von  mehreren Jugendlichen zuerst beleidigt und anschlie\u00dfend niedergeschlagen  &#8211; das Polizeirevier Ladenburg sucht jetzt nach Zeugen. Der junge Mann  war zu Fu\u00df von Mannheim-Seckenheim nach Ladenburg unterwegs, als er um  05:50 Uhr an einer Freizeitanlage in Ilvesheim vorbeilief. Drei bis vier  Unbekannte, die sich zu dem Zeitpunkt auf dem Spielplatz aufhielten,  beleidigten den 21-J\u00e4hrigen und schlugen ihn mit Faustschl\u00e4gen nieder.  Am Boden liegend traten und schlugen diese ungeachtet weiter auf den  Mann ein. Nachdem die Schl\u00e4ger von ihm ablie\u00dfen, ging der 21-J\u00e4hrige  nach Hause und erstattete gleich darauf Strafanzeige bei der Polizei. <\/p>\n\n\n\n<ul><li>Die m\u00e4nnlichen T\u00e4ter waren allesamt dunkel gekleidet und sind zwischen 18  und 21 Jahre alt. <\/li><li>Alle sollen dunkel gekleidet gewesen sein, zwei trugen  eine schwarze M\u00fctze. <\/li><li>Die Unbekannten sollen albanischer oder t\u00fcrkischer Herkunft sein. <\/li><\/ul>\n\n\n\n<p>Zeugen, werden gebeten, sich unter 06203 93050 an die Ermittler in Ladenburg zu wenden. <\/p>\n\n\n\n<h4 class=\"wp-block-heading\">(Schwetzingen \/ Rhein-Neckar-Kreis) &#8211; Diebe im Freizeitbad \/ Zwei Tatverd\u00e4chtige ermittelt<\/h4>\n\n\n\n<p>Am Freitagabend, in der Zeit zwischen 15.30 Uhr und 21.00 Uhr kam es in  einem Freizeitbad in Schwetzingen zu mehreren Diebst\u00e4hlen. Im  Saunabereich wurden aus mehreren Taschen und Badem\u00e4nteln  Wertgegenst\u00e4nde, unter anderem Smartphones, Sportuhren sowie  Spindschl\u00fcssel entwendet. Mit den Spindschl\u00fcsseln wurden die jeweiligen  Schr\u00e4nke ge\u00f6ffnet und daraus ebenfalls Wertsachen gestohlen. Ein  aufmerksamer Bademeister konnte im Freibereich schlie\u00dflich zwei  verd\u00e4chtige Personen, eine 37-j\u00e4hrige Frau und einen 32-j\u00e4hrigen Mann,  feststellen und sprach diese an. W\u00e4hrend er einen Blick in den Rucksack  der 37-J\u00e4hrigen warf, fl\u00fcchtete deren 32-j\u00e4hriger Begleiter durch einen  Notausgang im Saunabereich. Durch einen Mitarbeiter des Bades konnte  eines der entwendeten Smartphones aufgefunden werden, das unter dem Zaun  zum Abtransport bereitgelegt worden war. Durch hinzugezogene  Polizeibeamte konnte im Spind der 37-J\u00e4hrigen und deren Begleiter  weiteres Diebesgut aufgefunden und sichergestellt werden. Gegen das Duo  wird nun wegen des gemeinschaftlichen Diebstahls ermittelt. Erste  Ermittlungen ergaben zudem, dass die beiden Personen in der  Vergangenheit mit \u00e4hnlichen Delikten in einem Freizeitbad in Weinheim  aufgefallen waren. <\/p>\n\n\n\n<h4 class=\"wp-block-heading\">(Oftersheim \/ Rhein-Neckar-Kreis) &#8211; Zwei Fahrzeuge in der  K\u00e4the-Kollwitz-Stra\u00dfe aufgebrochen \/ Wurde der T\u00e4ter gest\u00f6rt? Zeugen  gesucht<\/h4>\n\n\n\n<p>In der K\u00e4the-Kollwitz-Stra\u00dfe wurden im Zeitraum von Sonntag, 16:30 Uhr  bis Montag, 6:30 Uhr, ein Mercedes und ein BMW aufgebrochen. Ein bislang  unbekannter T\u00e4ter hatte an den Autos jeweils eine Scheibe eingeschlagen  und konnte so die Fahrzeuge entriegeln. Da aus den PKWs allerdings  nichts entwendet wurde, ist es wahrscheinlich, dass der Unbekannte bei  seinem Vorhaben gest\u00f6rt wurde. Die H\u00f6he des Sachschadens steht bislang  noch nicht fest. <\/p>\n\n\n\n<p>Zeugen, die verd\u00e4chtige Wahrnehmungen gemacht \nhaben, werden gebeten, sich beim Polizeirevier Schwetzingen unter Tel.: \n06202\/288-0 zu melden. <\/p>\n\n\n\n<h4 class=\"wp-block-heading\">(Hockenheim \/ Rhein-Neckar-Kreis) &#8211; Gastst\u00e4tteneinbruch \/ Polizei sucht Zeugen<\/h4>\n\n\n\n<p>Durch Einschlagen eines Fensters stiegen in der Nacht zum Freitag  bislang unbekannte T\u00e4ter in die R\u00e4umlichkeiten der Vereinsgastst\u00e4tte  &#8222;Verein Deutscher Sch\u00e4ferhunde&#8220; (D\u00e4nische Allee\/Walldorfer Weg) ein und  durchsuchten die R\u00e4umlichkeiten nach Brauchbarem. Ob bzw. was im  Einzelnen durch die T\u00e4ter entwendet wurde, ist derzeit noch unklar und  Gegenstand der polizeilichen Ermittlungen. Tatzeit d\u00fcrfte zwischen  Mitternacht und Freitagmorgen, 8 Uhr liegen. Die Beamten des  Polizeireviers Hockenheim haben die Ermittlungen aufgenommen und nehmen  unter Tel.: 06205\/2860-0 Hinweise entgegen. <\/p>\n\n\n\n<h4 class=\"wp-block-heading\">(Angelbachtal \/ Rhein-Neckar-Kreis) &#8211; Versuchter Einbruch in Erdgeschosswohnung<\/h4>\n\n\n\n<p>In die Erdgeschosswohnung eines Mehrfamilienhauses in der Hauptstra\u00dfe  versuchten am Sonntagmorgen zwei bislang unbekannte T\u00e4ter einzubrechen.  Diese hatten sich bereits an einem Fenster zu schaffen gemacht, als eine  Bewohnerin des Anwesens aufmerksam wurde und nachschaute. Sofort lie\u00dfen  die M\u00e4nner von ihrem Vorhaben ab und fl\u00fcchteten in Richtung  Schlosspark. Die Zeugin alarmierte umgehend die Polizei und beschrieb  zumindest einen T\u00e4ter wie folgt: <\/p>\n\n\n\n<ul><li>Ca. 160 cm gro\u00df<\/li><li>evtl. Jugendlicher<\/li><li>schlank<\/li><li>dunkler Teint<\/li><li>schwarze Haare<\/li><li>trug schwarze Jacke und Hose<\/li><\/ul>\n\n\n\n<p>In welcher H\u00f6he Sachschaden an dem Fenster entstand, ist derzeit noch  unklar. Die Ermittlungen der Polizei dauern an. Zeugen, die gegen 6.20  Uhr auf den versuchten Einbruch aufmerksam wurden, werden gebeten,  Kontakt mit dem Polizeirevier Sinsheim, Tel.: 07261\/6900, oder der  Kriminalpolizeidirektion Heidelberg, Tel.: 0621\/174-4444, aufzunehmen. <\/p>\n\n\n\n<h4 class=\"wp-block-heading\">(Sinsheim \/ Rhein-Neckar-Kreis) &#8211; Reiche Beute nach Einbruch in der Neulandstra\u00dfe \/ Polizei Sinsheim ermittelt und sucht dringend Zeugen<\/h4>\n\n\n\n<p>In ein Sanit\u00e4rfachgesch\u00e4ft in der Neulandstra\u00dfe brachen \u00fcber das  Wochenende bislang unbekannte T\u00e4ter ein und entwendeten eine Vielzahl an  Badarmaturen, Badheizk\u00f6rper, Wasserpumpen, Waschbecken, Duschwannen,  WC\u00b4s etc. im Gesamtwert von mehreren 10.000 Euro. <\/p>\n\n\n\n<p>An der \nR\u00fcckseite des Lagergeb\u00e4udes brachen die T\u00e4ter ein Fenster brachial auf, \nverschafften sich so Zugang in die Gesch\u00e4ftsr\u00e4ume und transportierten \ndie genannten Gegenst\u00e4nde mit einem Hubwagen ab. Aus dem Innenhof wurden\n zudem Kupferblechtafeln sowie Kupferrollenbleche, dessen Menge auf ca. 1\n Tonne gesch\u00e4tzt wird, gestohlen. <\/p>\n\n\n\n<p>Die Gesamtschadensh\u00f6he ist \nbislang noch nicht bekannt; dies bedarf der weiteren Ermittlungen. Das \nFirmenareal wurde am Samstag gegen 14 Uhr ordnungsgem\u00e4\u00df verschlossen \nverlassen. Am Montagmorgen kurz vor 7 Uhr bemerkte ein Bediensteter den \nEinbruch und alarmiere die Polizei. <\/p>\n\n\n\n<p>Zeugen, die zur fraglichen \nZeit verd\u00e4chtige Beobachtungen, Personen bzw. Fahrzeuge, in der \nNeulandstra\u00dfe gemacht haben, werden gebeten, sich mit dem Polizeirevier \nSinsheim, Tel.: 07261\/6900, in Verbindung zu setzen. <\/p>\n\n\n\n<h4 class=\"wp-block-heading\">(Sinsheim \/ Rhein-Neckar-Kreis) &#8211; Alkoholisierter Autofahrer verursacht Crash in der Neulandstra\u00dfe \/ Keine Verletzte, Autos nicht mehr fahrbereit<\/h4>\n\n\n\n<p>Ordentlich zu tief ins Glas geschaut hatte in der Nacht zum Sonntag  kurz nach 2 Uhr ein 34-j\u00e4hriger Ford Focus-Fahrer. Der Mann kam bei  seiner Fahrt in Richtung Steinsfurt aufgrund seiner Alkoholisierung von  seiner Fahrbahnh\u00e4lfte ab und krachte frontal gegen einen Audi, dessen  Fahrer bei Erkennen sofort durch Hupzeichen auf sich aufmerksam gemacht  und seinen Wagen auch bis zum Stillstand abgebremst hatte. Unbeeindruckt  davon war der 34-J\u00e4hrige weitergefahren und gegen den Audi gesto\u00dfen.  Beide Fahrzeuge wurden stark besch\u00e4digt und mussten auch von  Abschleppunternehmen von der Unfallstelle beseitigt werden. Die Polizei  beziffert den Schaden auf insgesamt 10.000 Euro; verletzt wurde zum  Gl\u00fcck keiner der Beteiligten. Bei der Unfallaufnahme schlug den Beamten  eine Alkoholfahne entgegen, die mit einem Test, der immerhin 1,72  Promille ergab, auch best\u00e4tigt wurde. Dem 34-J\u00e4hrigen wurde auf der  Dienststelle eine Blutprobe entnommen und sein F\u00fchrerschein einbehalten.  Er sieht einer Anzeige bei der Staatsanwaltschaft Heidelberg entgegen. <\/p>\n\n\n\n<h4 class=\"wp-block-heading\">(Untergimpern-Neckarbischofsheim \/ Rhein-Neckar-Kreis) &#8211; Zimmerbrand macht Haus unbewohnbar<\/h4>\n\n\n\n<p>Am fr\u00fchen Montagmorgen kam es im Haferweg zu einem gemeinsamen Einsatz  von Feuerwehr und Polizei, nachdem ein T-Shirt Feuer gefangen hatte.  Gegen 07:30 Uhr wurde der Vater eines 7-J\u00e4hrigen auf Flammen im  Kleiderschrank des Sohnes aufmerksam. Da beim L\u00f6schen viel Rauch  entstand, verlie\u00df die Familie gl\u00fccklicherweise vorsorglich das Haus &#8211;  denn das Feuer brach erneut aus. Das gesamte Kinderzimmer stand nach  kurzer Zeit in Flammen. Die Feuerwehr l\u00f6schte den Brand, allerdings ist  das Haus bis auf weiteres unbewohnbar. Was den Brand ausl\u00f6ste ermitteln  nun die Beamten des Polizeireviers Sinsheim. <\/p>\n\n\n\n<h4 class=\"wp-block-heading\">(Eschelbronn \/ Rhein-Neckar-Kreis) &#8211; Zwei Autos nach Kollision nicht mehr fahrbereit \/ Ca. 10.000 Euro Sachschaden<\/h4>\n\n\n\n<p>Zwei nicht mehr fahrbereite Autos und Sachschaden in H\u00f6he von ca.  10.000 Euro, so lautet die Bilanz eines Verkehrsunfalls, der sich am  Samstag, gegen 10:15 Uhr, an der Kreuzung Schlo\u00dfstra\u00dfe\/Neugasse ereignet  hat. Ein 38-J\u00e4hriger war mit seinem Seat in der Schlo\u00dfstra\u00dfe unterwegs  und missachtete an der Kreuzung die Vorfahrt eines von rechts kommenden  37-j\u00e4hrigen Ford-Fahrers. Die beiden stie\u00dfen im Kreuzungsbereich  zusammen, wobei deren Fahrzeuge so sehr besch\u00e4digt wurden, dass sie  nicht mehr fahrbereit waren. Die Autos mussten abgeschleppt werden.  Verletzt wurde bei dem Zusammensto\u00df gl\u00fccklicherweise niemand. <\/p>\n\n\n\n<h4 class=\"wp-block-heading\">(Sch\u00f6nau \/ Rhein-Neckar-Kreis) &#8211; Unbekannter spannt Schnur \u00fcber Verbindungsweg \/ Polizei sucht Zeugen<\/h4>\n\n\n\n<p>Der Polizei wurde am Sonntagmittag gemeldet, dass ein Unbekannter eine  Schnur \u00fcber den Verbindungsweg zwischen Bergstra\u00dfe und J\u00e4gerpfad  gespannt hatte. Eine 62-j\u00e4hrige Frau war gegen 11 Uhr mit ihrem Hund auf  dem Verbindungsweg in H\u00f6he der Br\u00fccke \u00fcber den Wiesenbach spazieren.  Dabei blieb ihr Hund mit der Leine an einer quer \u00fcber die Br\u00fccke  gespannten Schnur h\u00e4ngen und geriet in Panik. Beim Zur\u00fcckziehen des  Hundes stolperte die Frau \u00fcber die Schnur und fiel b\u00e4uchlings zu Boden.  Hierbei zog sie sich Hautabsch\u00fcrfungen und Prellungen an Armen, Beinen  und Rippen zu. Die Schnur habe sie daraufhin weggerissen und in den Bach  geworfen. <\/p>\n\n\n\n<p>Der Verbindungsweg ist f\u00fcr Autos nicht befahrbar, \njedoch bestehen keine weiteren Verkehrsbeschr\u00e4nkungen, sodass der Weg \nf\u00fcr Fahrr\u00e4der und motorisierte Zweiradfahrer nutzbar ist. <\/p>\n\n\n\n<p>Zeugen,  die verd\u00e4chtige Wahrnehmungen gemacht haben und sachdienliche Hinweise  zur Person geben k\u00f6nnen, die die Schnur gespannt hat, werden gebeten,  sich beim Polizeirevier Neckargem\u00fcnd, Tel.: 06223\/9254-0 zu melden.<\/p>\n\n\n\n<h4 class=\"wp-block-heading\">(Edingen-Neckarhausen \/ Rhein-Neckar-Kreis) &#8211; Wachsame Nachbarn alarmieren Polizei, Einbrecher nach kurzer Flucht festgenommen!<\/h4>\n\n\n\n<p>Am Samstag kurz vor 06 Uhr vernahm eine aufmerksame Zeugin laute  Ger\u00e4usche aus einer vermeintlich leerstehenden Wohnung in der  Hauptstra\u00dfe in Edingen und verst\u00e4ndigte daraufhin die Polizei. <\/p>\n\n\n\n<p>Mehrere Streifenwagenbesatzungen fuhren die \u00d6rtlichkeit beschleunigt an. Bei deren Eintreffen rannte eine m\u00e4nnliche Person aus dem Mehrfamilienhaus und wollte offenbar fl\u00fcchten. <\/p>\n\n\n\n<p>Wenige Meter vom Objekt wurde der Mann gestellt, zu Boden gebracht und widerstandslos festgenommen. Bei einer Durchsuchung der Wohnung im Erdgeschoss konnten keine weiteren T\u00e4ter festgestellt werden. Nach\n derzeitigem Ermittlungsstand war der 37-j\u00e4hrige t\u00fcrkische \nStaatsangeh\u00f6rige in die Wohnung eingebrochen. Zu diesem Zwecke hatte er \nsich maskiert. <\/p>\n\n\n\n<p>Nach R\u00fccksprache mit der Staatsanwaltschaft  Heidelberg und keinem Vorliegen von Haftgr\u00fcnden wurde der Beschuldigte  kurz vor 12 Uhr wieder auf freien Fu\u00df gesetzt. Die Ermittlungen der Ermittlungsgruppe Eigentum der Kriminalpolizeidirektion Heidelberg dauern an. <\/p>\n\n\n\n<h4 class=\"wp-block-heading\">(Heddesheim \/ Rhein-Neckar-Kreis) &#8211; \u00dcber Fenster in B\u00fcrogeb\u00e4ude eingestiegen \/ Polizei sucht Zeugen!<\/h4>\n\n\n\n<p>In das B\u00fcrogeb\u00e4ude eines Lebensmittelgro\u00dfh\u00e4ndlers in der Edekastra\u00dfe  brachen bislang Unbekannte am fr\u00fchen Sonntag, gegen 1:10 Uhr, ein. Die  T\u00e4ter hatten sich auf unbekannte Art und Weise Zutritt zu dem  Firmengel\u00e4nde verschafft und stiegen dort auf das Vordach des  B\u00fcrogeb\u00e4udes, um anschlie\u00dfend ein Fenster aufzuhebeln. Sie drangen \u00fcber  dieses in das Geb\u00e4ude ein, machten sich gewaltsam an zwei B\u00fcrot\u00fcren zu  schaffen und durchsuchten die R\u00e4umlichkeiten nach Brauchbarem. Ob sie  dabei f\u00fcndig wurden, steht derzeit noch nicht fest. Auch die H\u00f6he des  Sachschadens kann noch nicht n\u00e4her beziffert werden. <\/p>\n\n\n\n<p>Zeugen, die  verd\u00e4chtige Beobachtungen gemacht haben, werden gebeten, sich mit dem  Polizeirevier Ladenburg unter Tel.: 06203\/9305-0 in Verbindung zu  setzen. <\/p>\n\n\n\n<h4 class=\"wp-block-heading\">(Weinheim \/ Rhein-Neckar-Kreis) &#8211; Sachbesch\u00e4digung in der Wormser Stra\u00dfe  Zeugen gesucht<\/h4>\n\n\n\n<p>Am Montagfr\u00fch gegen 5.30 Uhr warf ein bislang unbekannter T\u00e4ter die  Scheibe eines Fris\u00f6rgesch\u00e4fts in der Wormser Stra\u00dfe mit einem  Gullydeckel ein. Ein Zeuge wurde aufmerksam und erkannte eine m\u00e4nnliche,  schwarz gekleidete Person, die sich sofort nach dem Wurf in Richtung  H\u00e4ndelstra\u00dfe entfernte. <\/p>\n\n\n\n<p>Der Gesch\u00e4digte hat nun einen Schaden von\n rund 2.500 Euro zu regeln. Eine nach Bekanntwerden der Tat eingeleitete\n Fahndung der Polizei verlief ohne Ergebnis. <\/p>\n\n\n\n<p>Zeugen bzw.  Anwohner, die am Montagmorgen gegen 5.30 Uhr verd\u00e4chtige Beobachtungen  gemacht haben, werden gebeten, sich mit dem Polizeirevier Weinheim,  Tel.: 06201\/10030, in Verbindung zu setzen. <\/p>\n\n\n\n<h4 class=\"wp-block-heading\">(Weinheim \/ Rhein-Neckar-Kreis) &#8211; Auseinandersetzung an einem Schnellrestaurant, wer hat was gesehen?<\/h4>\n\n\n\n<p>Am Sonntag gegen 01.30 Uhr kam es nach derzeitigem Ermittlungsstand in  der Bergstra\u00dfe\/ Moltkestra\u00dfe, in der N\u00e4he eines Schnellrestaurants, zu  einer Auseinandersetzung zwischen einem 23-j\u00e4hrigen Mann und einem  bislang Unbekannten. <\/p>\n\n\n\n<p>Nach bisherigem Stand habe der 23-J\u00e4hrige an\n der Einm\u00fcndung zur Moltkestra\u00dfe ein M\u00e4dchen angesprochen, welches zuvor\n aus einem Bus ausgestiegen war. Kurze Zeit sp\u00e4ter soll der Unbekannte \naus Richtung Schnellrestaurant angerannt gekommen sein und habe \nunvermittelt auf den 23-J\u00e4hrigen eingeschlagen. Offensichtlich wehrte \nsich der 23-J\u00e4hrige, worauf das M\u00e4dchen Pfefferspray gegen ihn \neingesetzt habe. <\/p>\n\n\n\n<p>Danach rannte der 23-J\u00e4hrige in das \nSchnellrestaurant, der Unbekannte folgte ihm in das Restaurant, soll \ndann jedoch gefl\u00fcchtet sein. Der 23-J\u00e4hrige erlitt Verletzungen im Gesicht, er wurde in ein Krankenhaus verbracht. <\/p>\n\n\n\n<p>Der Unbekannte wurde wie folgt beschrieben: <\/p>\n\n\n\n<ul><li>ca. 185 cm<\/li><li>blonde zum Zopf gebundene Haare<\/li><li>Barttr\u00e4ger<\/li><li>trug einen grauen Pullover <\/li><\/ul>\n\n\n\n<p>Das unbekannte M\u00e4dchen wurde wie folgt beschrieben: <\/p>\n\n\n\n<ul><li>ca. 170 cm<\/li><li>trug schwarze Kleidung<\/li><li>blonde Haare <\/li><\/ul>\n\n\n\n<p>Er Ermittlungsdienst des Polizeireviers Weinheim sucht nun nach Zeugen des Vorfalls, diese m\u00f6gen sich unter 06201 10030 melden. <\/p>\n","protected":false},"excerpt":{"rendered":"<div class=\"mh-excerpt\"><p>Polizeimeldungen vom Montag 13.05.2019 (Speyer) &#8211; Unfallflucht Bademaxx Ein\/e unbekannte\/r Verkehrsteilnehmer\/in verursachte vermutlich beim Einpark- \/ Ausparkvorgang auf dem \u00f6ffentlichen Parkplatz gegen\u00fcber dem Schwimmbad Bademaxx Speyer am Sonntag zw. 10:00 &#8211; 17:45 Uhr einen Unfallschaden <a class=\"mh-excerpt-more\" href=\"https:\/\/speyer24news.com\/?p=13391\" title=\"Polizeimeldungen\">[&#8230;]<\/a><\/p>\n<\/div>","protected":false},"author":3,"featured_media":0,"comment_status":"open","ping_status":"open","sticky":false,"template":"","format":"standard","meta":{"_monsterinsights_skip_tracking":false,"_monsterinsights_sitenote_active":false,"_monsterinsights_sitenote_note":"","_monsterinsights_sitenote_category":0,"footnotes":""},"categories":[12],"tags":[61,63,105,53,102,213,103,106,427,62,104],"aioseo_notices":[],"amp_enabled":true,"_links":{"self":[{"href":"https:\/\/speyer24news.com\/index.php?rest_route=\/wp\/v2\/posts\/13391"}],"collection":[{"href":"https:\/\/speyer24news.com\/index.php?rest_route=\/wp\/v2\/posts"}],"about":[{"href":"https:\/\/speyer24news.com\/index.php?rest_route=\/wp\/v2\/types\/post"}],"author":[{"embeddable":true,"href":"https:\/\/speyer24news.com\/index.php?rest_route=\/wp\/v2\/users\/3"}],"replies":[{"embeddable":true,"href":"https:\/\/speyer24news.com\/index.php?rest_route=%2Fwp%2Fv2%2Fcomments&post=13391"}],"version-history":[{"count":4,"href":"https:\/\/speyer24news.com\/index.php?rest_route=\/wp\/v2\/posts\/13391\/revisions"}],"predecessor-version":[{"id":13420,"href":"https:\/\/speyer24news.com\/index.php?rest_route=\/wp\/v2\/posts\/13391\/revisions\/13420"}],"wp:attachment":[{"href":"https:\/\/speyer24news.com\/index.php?rest_route=%2Fwp%2Fv2%2Fmedia&parent=13391"}],"wp:term":[{"taxonomy":"category","embeddable":true,"href":"https:\/\/speyer24news.com\/index.php?rest_route=%2Fwp%2Fv2%2Fcategories&post=13391"},{"taxonomy":"post_tag","embeddable":true,"href":"https:\/\/speyer24news.com\/index.php?rest_route=%2Fwp%2Fv2%2Ftags&post=13391"}],"curies":[{"name":"wp","href":"https:\/\/api.w.org\/{rel}","templated":true}]}}