{"id":13404,"date":"2019-05-14T13:16:51","date_gmt":"2019-05-14T12:16:51","guid":{"rendered":"https:\/\/speyer24news.com\/?p=13404"},"modified":"2019-06-13T16:17:59","modified_gmt":"2019-06-13T15:17:59","slug":"schwebende-kreuze-schwimmender-muell-schroffe-kanten-und-schweigsame-statuen","status":"publish","type":"post","link":"https:\/\/speyer24news.com\/?p=13404","title":{"rendered":"Schwebende Kreuze, schwimmender M\u00fcll, schroffe Kanten und schweigsame Statuen"},"content":{"rendered":"<style type=\"text\/css\">\r\n\t.ads_top_disp{}\r\n\t.ads_top_corner_disp{ float:left; margin:0px 10px 10px 0px; }\r\n\t.ads_first_p_disp{}\r\n\t.ads_bottom_disp{}\r\n\t<\/style>\n<h2 class=\"wp-block-heading\">Kunstobjekte im Adenauerpark und in Speyrer G\u00e4rten vorgestellt<\/h2>\n\n\n\n<div class=\"wp-block-image\"><figure class=\"aligncenter\"><img decoding=\"async\" loading=\"lazy\" width=\"800\" height=\"574\" src=\"https:\/\/speyer24news.com\/wp-content\/uploads\/2019\/05\/DSC03128.jpg\" alt=\"\" class=\"wp-image-13406\" srcset=\"https:\/\/speyer24news.com\/wp-content\/uploads\/2019\/05\/DSC03128.jpg 800w, https:\/\/speyer24news.com\/wp-content\/uploads\/2019\/05\/DSC03128-300x215.jpg 300w, https:\/\/speyer24news.com\/wp-content\/uploads\/2019\/05\/DSC03128-768x551.jpg 768w\" sizes=\"(max-width: 800px) 100vw, 800px\" \/><\/figure><\/div>\n\n\n\n<p><strong>Speyer \/ Adenauerpark &amp; Kunstg\u00e4rten &#8211; <\/strong>Die Stadtverwaltung, vertreten durch <strong>Matthias Nowack<\/strong> und der <strong>K\u00fcnstlerbund Speyer<\/strong> luden zu einer ersten Begehung im Rahmen des \u201e<strong>Grynen Bandes<\/strong>\u201c ein. Es wurden Kunstobjekte und Installationen im Adenauerpark, im Garten am Riegel und der begr\u00fcnte Hof von Wolfgang Germann besichtigt.<\/p>\n\n\n\n<p>Am Montag um 17.00 trafen sich Stadtf\u00fchrer und Presse zu einem Spaziergang, um die Kunstobjekte, die Teil des \u201eGrynen Bands\u201c sind, in Augenschein zu nehmen. <\/p>\n\n\n\n<div class=\"wp-block-image\"><figure class=\"aligncenter\"><img decoding=\"async\" loading=\"lazy\" width=\"800\" height=\"600\" src=\"https:\/\/speyer24news.com\/wp-content\/uploads\/2019\/05\/DSC03131.jpg\" alt=\"\" class=\"wp-image-13407\" srcset=\"https:\/\/speyer24news.com\/wp-content\/uploads\/2019\/05\/DSC03131.jpg 800w, https:\/\/speyer24news.com\/wp-content\/uploads\/2019\/05\/DSC03131-300x225.jpg 300w, https:\/\/speyer24news.com\/wp-content\/uploads\/2019\/05\/DSC03131-768x576.jpg 768w, https:\/\/speyer24news.com\/wp-content\/uploads\/2019\/05\/DSC03131-678x509.jpg 678w, https:\/\/speyer24news.com\/wp-content\/uploads\/2019\/05\/DSC03131-326x245.jpg 326w, https:\/\/speyer24news.com\/wp-content\/uploads\/2019\/05\/DSC03131-80x60.jpg 80w\" sizes=\"(max-width: 800px) 100vw, 800px\" \/><\/figure><\/div>\n\n\n\n<p>Einigen B\u00fcrgern ist bereits das Boot mit Plastikm\u00fcll &#8211; das sogenannte &#8222;<strong>Plastic Island<\/strong>&#8220; (\u00fcbrigens handelt es sich um Plastikm\u00fcll aus Speyer) im Teich des Adenauerparks aufgefallen, das bereits in den sozialen Medien und auch bei Besuchern des Parks zu durchaus kontroversen Diskussionen gef\u00fchrt hat. Viele sehen die \u201eVerschandelung\u201c des pittoresken und romantischen Goldfischteichs, der gerne als Hintergrund f\u00fcr Hochzeitsfotos gew\u00e4hlt wird als f\u00fcrchterlich und unsch\u00f6n an. Provozieren tut der Bootsm\u00fcll in jedem Fall, und auch, dass dar\u00fcber diskutiert wird trifft genau die Intention der <strong>K\u00fcnstlerinnen Gisela Desuki, Karin Germaeyer-Kihm, Monika Lohr und Andrea Niessen<\/strong>. <\/p>\n\n\n\n<p>Aber die Probleme durch Plastikm\u00fcll und die Verm\u00fcllung der Meere und Gew\u00e4sser rund um den Globus sind Tatsachen, die wohl inzwischen alle mitbekommen haben, dar\u00fcber zu sprechen, und dann eben nicht mehr nur dar\u00fcber zu sprechen ist ein Anliegen, das auch in Speyer ernst genommen wird. <\/p>\n\n\n\n<div class=\"wp-block-image\"><figure class=\"aligncenter\"><img decoding=\"async\" loading=\"lazy\" width=\"800\" height=\"600\" src=\"https:\/\/speyer24news.com\/wp-content\/uploads\/2019\/05\/DSC03134.jpg\" alt=\"\" class=\"wp-image-13408\" srcset=\"https:\/\/speyer24news.com\/wp-content\/uploads\/2019\/05\/DSC03134.jpg 800w, https:\/\/speyer24news.com\/wp-content\/uploads\/2019\/05\/DSC03134-300x225.jpg 300w, https:\/\/speyer24news.com\/wp-content\/uploads\/2019\/05\/DSC03134-768x576.jpg 768w, https:\/\/speyer24news.com\/wp-content\/uploads\/2019\/05\/DSC03134-678x509.jpg 678w, https:\/\/speyer24news.com\/wp-content\/uploads\/2019\/05\/DSC03134-326x245.jpg 326w, https:\/\/speyer24news.com\/wp-content\/uploads\/2019\/05\/DSC03134-80x60.jpg 80w\" sizes=\"(max-width: 800px) 100vw, 800px\" \/><\/figure><\/div>\n\n\n\n<p>Genau hier\nsehen die K\u00fcsterinnen ihre Aufgabe: Denkanst\u00f6\u00dfe schaffen, Grundlage f\u00fcr\nDiskussionen. Wenn Menschen ins Gespr\u00e4ch kommen, dann haben sie ihr Ziel\nerreicht, finden die K\u00fcnstlerinnen.<\/p>\n\n\n\n<p>Dies trifft auch auf ihre zweite Installation im Adenauerpark zu: hier wurde mit Acrylfarbe (keine Angst, sie sch\u00e4digt zwar die Grashalme, nicht aber dem Boden und sie wurde in Absprache mit dem Stadtg\u00e4rtner ausgew\u00e4hlt) das Wort: <strong>GR\u00dcN in ROT auf ein St\u00fcck Rasen gespr\u00fcht<\/strong>. Dieses soll nach Angaben der K\u00fcnstlerinnen Wachstum und Vergehen symbolisieren. Denn nat\u00fcrlich w\u00e4chst mit den Grashalmen auch die Farbe wieder aus dem Rasen heraus, wie ein nicht nachgef\u00e4rbter Haaransatz, und die Verg\u00e4nglichkeit kann sp\u00e4testens dann jedem bewusst werden, wenn das Rasenst\u00fcck im Herbst abgem\u00e4ht werden wird. <\/p>\n\n\n\n<div class=\"wp-block-image\"><figure class=\"aligncenter\"><img decoding=\"async\" loading=\"lazy\" width=\"800\" height=\"600\" src=\"https:\/\/speyer24news.com\/wp-content\/uploads\/2019\/05\/DSC03153.jpg\" alt=\"\" class=\"wp-image-13409\" srcset=\"https:\/\/speyer24news.com\/wp-content\/uploads\/2019\/05\/DSC03153.jpg 800w, https:\/\/speyer24news.com\/wp-content\/uploads\/2019\/05\/DSC03153-300x225.jpg 300w, https:\/\/speyer24news.com\/wp-content\/uploads\/2019\/05\/DSC03153-768x576.jpg 768w, https:\/\/speyer24news.com\/wp-content\/uploads\/2019\/05\/DSC03153-678x509.jpg 678w, https:\/\/speyer24news.com\/wp-content\/uploads\/2019\/05\/DSC03153-326x245.jpg 326w, https:\/\/speyer24news.com\/wp-content\/uploads\/2019\/05\/DSC03153-80x60.jpg 80w\" sizes=\"(max-width: 800px) 100vw, 800px\" \/><\/figure><\/div>\n\n\n\n<p>Des Weiteren kann man ein hoch aufgeh\u00e4ngtes <strong>Kreuz an einem Baum<\/strong> baumeln sehen, auf dem Handys und drei CDs aufgeklebt wurden. Der <strong>K\u00fcnstler Eberhard Spitzer<\/strong> m\u00f6chte sein Werk als Kritik an der Amtskirche verstanden wissen, die seiner Meinung nach sich zu sehr auf sich selbst fixiert ist und ihre verkrusteten Strukturen besch\u00fctzen m\u00f6chte, als sich den Menschen zu \u00f6ffnen und zum Beispiel auch endlich Frauen in der Kircher st\u00e4rker einzubinden. Hierzu hat er neben seiner Installation einen Korb mit Fragen an die Besucher aufgestellt. Darauf auch seine Telefonnummer und Email, so dass man tats\u00e4chlich mit dem K\u00fcnstler diskutieren kann, wenn man m\u00f6chte. <\/p>\n\n\n\n<div class=\"wp-block-image\"><figure class=\"aligncenter\"><img decoding=\"async\" loading=\"lazy\" width=\"800\" height=\"600\" src=\"https:\/\/speyer24news.com\/wp-content\/uploads\/2019\/05\/DSC03142.jpg\" alt=\"\" class=\"wp-image-13410\" srcset=\"https:\/\/speyer24news.com\/wp-content\/uploads\/2019\/05\/DSC03142.jpg 800w, https:\/\/speyer24news.com\/wp-content\/uploads\/2019\/05\/DSC03142-300x225.jpg 300w, https:\/\/speyer24news.com\/wp-content\/uploads\/2019\/05\/DSC03142-768x576.jpg 768w, https:\/\/speyer24news.com\/wp-content\/uploads\/2019\/05\/DSC03142-678x509.jpg 678w, https:\/\/speyer24news.com\/wp-content\/uploads\/2019\/05\/DSC03142-326x245.jpg 326w, https:\/\/speyer24news.com\/wp-content\/uploads\/2019\/05\/DSC03142-80x60.jpg 80w\" sizes=\"(max-width: 800px) 100vw, 800px\" \/><\/figure><\/div>\n\n\n\n<p><strong>Matthias Sch\u00f6ner<\/strong>, ein weiterer K\u00fcnstler stellt seine <strong>Steinskulptur \u201eVon Hiwwe und Driwwe\u201c<\/strong> vor, die durch das Spiel von Licht und Schatten im Sockel an den Dom erinnern k\u00f6nnte, wie er erkl\u00e4rt, die darauf gesetzten gebrochenen Steinquader symbolisieren f\u00fcr ihn das Zur\u00fcckerobern des Raums durch die Natur, da sich auf der Kante Kleinstpflanzen wie Moose und Flechten ansiedeln. <\/p>\n\n\n\n<div class=\"wp-block-image\"><figure class=\"aligncenter\"><img decoding=\"async\" loading=\"lazy\" width=\"500\" height=\"667\" src=\"https:\/\/speyer24news.com\/wp-content\/uploads\/2019\/05\/DSC03135.jpg\" alt=\"\" class=\"wp-image-13411\" srcset=\"https:\/\/speyer24news.com\/wp-content\/uploads\/2019\/05\/DSC03135.jpg 500w, https:\/\/speyer24news.com\/wp-content\/uploads\/2019\/05\/DSC03135-225x300.jpg 225w\" sizes=\"(max-width: 500px) 100vw, 500px\" \/><\/figure><\/div>\n\n\n\n<p>Auch mit Naturstein arbeitet der <strong>K\u00fcnstler Markus M\u00fcnzer<\/strong>. In seiner Installation geht es um \u201e<strong>Linie(n)<\/strong>\u201c. Eine gro\u00dfe Natursteinplatte, in die er eine gezackte, unregelm\u00e4\u00dfige Linie eingemei\u00dfelt und mit Moos ausgekleidet hat liegt unter einem gro\u00dfen Baum. &nbsp;Ihn interessierten die Linien auf dem Stein ebenso wie die Linien, die durch das Schattenspiel des \u00fcberh\u00e4ngenden Baumes oder die, die durch auf den Stein fallenden Nadeln entstehen werden. Er m\u00f6chte sein Werk als eine Hommage an den schottischen K\u00fcnstler <strong><em>Andy Goldsworthy<\/em><\/strong> verstanden wissen, der in seiner Kunst Naturmaterialen verwendet und diese oft zu kunstvollen Gebilden drapiert, die manchmal nur als Fotografie die Zeit \u00fcberdauern. Passend hierzu finden auch ein <strong>Filmabend <\/strong>in der <strong>Adenauer Kapelle<\/strong> statt. <strong>&#8222;Leaning into the wind &#8211; Andy Goldsworthy&#8220;<\/strong> l\u00e4uft am <strong>Sa., 01.06.2019, 21:00 &#8211; 23:00 Uhr<\/strong>.<\/p>\n\n\n\n<div class=\"wp-block-image\"><figure class=\"aligncenter\"><img decoding=\"async\" loading=\"lazy\" width=\"800\" height=\"600\" src=\"https:\/\/speyer24news.com\/wp-content\/uploads\/2019\/05\/DSC03151.jpg\" alt=\"\" class=\"wp-image-13412\" srcset=\"https:\/\/speyer24news.com\/wp-content\/uploads\/2019\/05\/DSC03151.jpg 800w, https:\/\/speyer24news.com\/wp-content\/uploads\/2019\/05\/DSC03151-300x225.jpg 300w, https:\/\/speyer24news.com\/wp-content\/uploads\/2019\/05\/DSC03151-768x576.jpg 768w, https:\/\/speyer24news.com\/wp-content\/uploads\/2019\/05\/DSC03151-678x509.jpg 678w, https:\/\/speyer24news.com\/wp-content\/uploads\/2019\/05\/DSC03151-326x245.jpg 326w, https:\/\/speyer24news.com\/wp-content\/uploads\/2019\/05\/DSC03151-80x60.jpg 80w\" sizes=\"(max-width: 800px) 100vw, 800px\" \/><\/figure><\/div>\n\n\n\n<p>Weiter ging es dann zu einem \u201egeheimen\u201c Garten, der nur im Rahmen von Stadtf\u00fchrungen zug\u00e4nglich gemacht werden wird und ansonsten auch weiterhin der \u00d6ffentlichkeit verschlossen bleibt: ein versteckt liegender, l\u00e4nglich gezogener Garten, ein kleines Juwel im Halbschatten, der sich unbemerkt an die alte Stadtmauer schmiegt. Er grenzt an die Weiterf\u00fchrung der Br\u00fccke \u201eRiegel\u201c \u00fcber den Nonnenbach. Hier bl\u00fchen rosabl\u00fctige Storchschnabel um die Wette und das anspruchslose Sedum s\u00e4umt die liebevoll angelegten schmalen Wege. Wenige Speyrer d\u00fcrften diesen Garten kennen, da er von der Stadt an Privatleute verpachtet wurde und normalerweise gesch\u00fctzt hinter einem hohen Holztor liegt. Die P\u00e4chter haben einen romantischen kleinen Garten geschaffen, der mit Flusswasser bew\u00e4ssert werden muss, da es keinen Wasseranschluss gibt. Hier kann man drei der schlanken Holzfiguren aus der <strong>Kunstaktion \u201eOdyssee\u201c<\/strong> von vor 2 Jahren wiedertreffen, die in diesem schweigsamen Garten gut zur Geltung kommen. <\/p>\n\n\n\n<div class=\"wp-block-image\"><figure class=\"aligncenter\"><img decoding=\"async\" loading=\"lazy\" width=\"800\" height=\"600\" src=\"https:\/\/speyer24news.com\/wp-content\/uploads\/2019\/05\/DSC03161.jpg\" alt=\"\" class=\"wp-image-13413\" srcset=\"https:\/\/speyer24news.com\/wp-content\/uploads\/2019\/05\/DSC03161.jpg 800w, https:\/\/speyer24news.com\/wp-content\/uploads\/2019\/05\/DSC03161-300x225.jpg 300w, https:\/\/speyer24news.com\/wp-content\/uploads\/2019\/05\/DSC03161-768x576.jpg 768w, https:\/\/speyer24news.com\/wp-content\/uploads\/2019\/05\/DSC03161-678x509.jpg 678w, https:\/\/speyer24news.com\/wp-content\/uploads\/2019\/05\/DSC03161-326x245.jpg 326w, https:\/\/speyer24news.com\/wp-content\/uploads\/2019\/05\/DSC03161-80x60.jpg 80w\" sizes=\"(max-width: 800px) 100vw, 800px\" \/><\/figure><\/div>\n\n\n\n<p>Als letzter in der Reihe wird auch <strong>Wolfgang Germann, K\u00fcnstler, Garten- und Pflanzenfachmann<\/strong>, seinen Kunstgarten in der Pfaffengasse ebenfalls f\u00fcr Besucher \u00f6ffnen. Die Stadt Speyer freut sich auf viele Besucher in Rahmen den \u201e<strong>Grynen Bandes!<\/strong>\u201c.&nbsp; <\/p>\n\n\n\n<div class=\"wp-block-image\"><figure class=\"aligncenter\"><img decoding=\"async\" loading=\"lazy\" width=\"500\" height=\"667\" src=\"https:\/\/speyer24news.com\/wp-content\/uploads\/2019\/05\/DSC03163.jpg\" alt=\"\" class=\"wp-image-13414\" srcset=\"https:\/\/speyer24news.com\/wp-content\/uploads\/2019\/05\/DSC03163.jpg 500w, https:\/\/speyer24news.com\/wp-content\/uploads\/2019\/05\/DSC03163-225x300.jpg 225w\" sizes=\"(max-width: 500px) 100vw, 500px\" \/><\/figure><\/div>\n\n\n\n<p>N\u00fctzliche Informationen:  Im Rahmen der Aktion \u201eGrynes Band\u201c werden f\u00fcnf Aktionsfl\u00e4chen in der Stadt besonders \u201ebespielt\u201c:  <\/p>\n\n\n\n<ul><li>Der\nAdenauerpark<\/li><li>St.\nGuido Stifts-Platz<\/li><li>Gryne\nB\u00fchne vor dem Rathaus (17. Mai bis 16. Juni)<\/li><li>Die\nBotschaft Transit im Kulturhof Flachsgasse (17. Mai bis 13. Juni)<\/li><li>Die\nMaximilianstra\u00dfe<\/li><\/ul>\n\n\n\n<div class=\"wp-block-image\"><figure class=\"aligncenter\"><img decoding=\"async\" loading=\"lazy\" width=\"800\" height=\"600\" src=\"https:\/\/speyer24news.com\/wp-content\/uploads\/2019\/05\/DSC03169.jpg\" alt=\"\" class=\"wp-image-13415\" srcset=\"https:\/\/speyer24news.com\/wp-content\/uploads\/2019\/05\/DSC03169.jpg 800w, https:\/\/speyer24news.com\/wp-content\/uploads\/2019\/05\/DSC03169-300x225.jpg 300w, https:\/\/speyer24news.com\/wp-content\/uploads\/2019\/05\/DSC03169-768x576.jpg 768w, https:\/\/speyer24news.com\/wp-content\/uploads\/2019\/05\/DSC03169-678x509.jpg 678w, https:\/\/speyer24news.com\/wp-content\/uploads\/2019\/05\/DSC03169-326x245.jpg 326w, https:\/\/speyer24news.com\/wp-content\/uploads\/2019\/05\/DSC03169-80x60.jpg 80w\" sizes=\"(max-width: 800px) 100vw, 800px\" \/><\/figure><\/div>\n\n\n\n<p>Es wird im Projektzeitraum 75 gr\u00f6\u00dfere und kleinere Veranstaltungen, sowie 8 Ausstellungen geben. <\/p>\n\n\n\n<p>120\nPatenschaften f\u00fcr Pflanzk\u00fcbel wurden vergeben.<\/p>\n\n\n\n<p><strong>Er\u00f6ffnungsveranstaltung<\/strong>: <strong>17. Mai 17.30 Uhr<\/strong> vor dem Historischen Rathaus mit Stra\u00dfentheater des \u201eZebra Stelzentheater\u201c aus M\u00fcnchen.<\/p>\n\n\n\n<div class=\"wp-block-image\"><figure class=\"aligncenter\"><img decoding=\"async\" loading=\"lazy\" width=\"800\" height=\"600\" src=\"https:\/\/speyer24news.com\/wp-content\/uploads\/2019\/05\/DSC03167.jpg\" alt=\"\" class=\"wp-image-13416\" srcset=\"https:\/\/speyer24news.com\/wp-content\/uploads\/2019\/05\/DSC03167.jpg 800w, https:\/\/speyer24news.com\/wp-content\/uploads\/2019\/05\/DSC03167-300x225.jpg 300w, https:\/\/speyer24news.com\/wp-content\/uploads\/2019\/05\/DSC03167-768x576.jpg 768w, https:\/\/speyer24news.com\/wp-content\/uploads\/2019\/05\/DSC03167-678x509.jpg 678w, https:\/\/speyer24news.com\/wp-content\/uploads\/2019\/05\/DSC03167-326x245.jpg 326w, https:\/\/speyer24news.com\/wp-content\/uploads\/2019\/05\/DSC03167-80x60.jpg 80w\" sizes=\"(max-width: 800px) 100vw, 800px\" \/><\/figure><\/div>\n\n\n\n<p>Eine ausf\u00fchrliche Programmbrosch\u00fcre erh\u00e4lt man bei der Tourist-Info, Kulturb\u00fcro der Stadt und unter <a href=\"https:\/\/www.speyer.de\/sv_speyer\/de\/Standort\/Stadtmarketing\/Das%20Gryne%20Band\/\">https:\/\/www.speyer.de\/sv_speyer\/de\/Standort\/Stadtmarketing\/Das%20Gryne%20Band\/<\/a><\/p>\n\n\n\n<p><em>Text: Speyer 24\/7 News, mab Foto: Speyer 24\/7 News, dak<br>14.05.2019<\/em><\/p>\n","protected":false},"excerpt":{"rendered":"<div class=\"mh-excerpt\"><p>Kunstobjekte im Adenauerpark und in Speyrer G\u00e4rten vorgestellt Speyer \/ Adenauerpark &amp; Kunstg\u00e4rten &#8211; Die Stadtverwaltung, vertreten durch Matthias Nowack und der K\u00fcnstlerbund Speyer luden zu einer ersten Begehung im Rahmen des \u201eGrynen Bandes\u201c ein. <a class=\"mh-excerpt-more\" href=\"https:\/\/speyer24news.com\/?p=13404\" title=\"Schwebende Kreuze, schwimmender M\u00fcll, schroffe Kanten und schweigsame Statuen\">[&#8230;]<\/a><\/p>\n<\/div>","protected":false},"author":3,"featured_media":13405,"comment_status":"open","ping_status":"open","sticky":false,"template":"","format":"standard","meta":{"_monsterinsights_skip_tracking":false,"_monsterinsights_sitenote_active":false,"_monsterinsights_sitenote_note":"","_monsterinsights_sitenote_category":0,"footnotes":""},"categories":[14],"tags":[926,928,577,6],"aioseo_notices":[],"amp_enabled":true,"_links":{"self":[{"href":"https:\/\/speyer24news.com\/index.php?rest_route=\/wp\/v2\/posts\/13404"}],"collection":[{"href":"https:\/\/speyer24news.com\/index.php?rest_route=\/wp\/v2\/posts"}],"about":[{"href":"https:\/\/speyer24news.com\/index.php?rest_route=\/wp\/v2\/types\/post"}],"author":[{"embeddable":true,"href":"https:\/\/speyer24news.com\/index.php?rest_route=\/wp\/v2\/users\/3"}],"replies":[{"embeddable":true,"href":"https:\/\/speyer24news.com\/index.php?rest_route=%2Fwp%2Fv2%2Fcomments&post=13404"}],"version-history":[{"count":2,"href":"https:\/\/speyer24news.com\/index.php?rest_route=\/wp\/v2\/posts\/13404\/revisions"}],"predecessor-version":[{"id":13422,"href":"https:\/\/speyer24news.com\/index.php?rest_route=\/wp\/v2\/posts\/13404\/revisions\/13422"}],"wp:featuredmedia":[{"embeddable":true,"href":"https:\/\/speyer24news.com\/index.php?rest_route=\/wp\/v2\/media\/13405"}],"wp:attachment":[{"href":"https:\/\/speyer24news.com\/index.php?rest_route=%2Fwp%2Fv2%2Fmedia&parent=13404"}],"wp:term":[{"taxonomy":"category","embeddable":true,"href":"https:\/\/speyer24news.com\/index.php?rest_route=%2Fwp%2Fv2%2Fcategories&post=13404"},{"taxonomy":"post_tag","embeddable":true,"href":"https:\/\/speyer24news.com\/index.php?rest_route=%2Fwp%2Fv2%2Ftags&post=13404"}],"curies":[{"name":"wp","href":"https:\/\/api.w.org\/{rel}","templated":true}]}}