{"id":13832,"date":"2019-05-18T07:12:28","date_gmt":"2019-05-18T06:12:28","guid":{"rendered":"https:\/\/speyer24news.com\/?p=13832"},"modified":"2019-05-18T07:12:30","modified_gmt":"2019-05-18T06:12:30","slug":"festival-im-herrenhof-mussbach-17-19-mai-2019","status":"publish","type":"post","link":"https:\/\/speyer24news.com\/?p=13832","title":{"rendered":"Festival im Herrenhof, Mu\u00dfbach 17. &#8211; 19. Mai 2019"},"content":{"rendered":"<style type=\"text\/css\">\r\n\t.ads_top_disp{}\r\n\t.ads_top_corner_disp{ float:left; margin:0px 10px 10px 0px; }\r\n\t.ads_first_p_disp{}\r\n\t.ads_bottom_disp{}\r\n\t<\/style>\n<div class=\"wp-block-image\"><figure class=\"aligncenter\"><img decoding=\"async\" loading=\"lazy\" width=\"450\" height=\"450\" src=\"https:\/\/speyer24news.com\/wp-content\/uploads\/2019\/05\/Lena-Csercsevics.png\" alt=\"\" class=\"wp-image-13833\" srcset=\"https:\/\/speyer24news.com\/wp-content\/uploads\/2019\/05\/Lena-Csercsevics.png 450w, https:\/\/speyer24news.com\/wp-content\/uploads\/2019\/05\/Lena-Csercsevics-150x150.png 150w, https:\/\/speyer24news.com\/wp-content\/uploads\/2019\/05\/Lena-Csercsevics-300x300.png 300w\" sizes=\"(max-width: 450px) 100vw, 450px\" \/><\/figure><\/div>\n\n\n\n<p>Im Rahmen des Kultursommers Rheinland-Pfalz, der dieses Jahr unter dem Motto \u201eHeimat(en)\u201c steht, feiert die F\u00f6rdergemeinschaft Herrenhof e.V. ein ganzes Wochenende ein Festival mit dem Titel \u201eGef\u00fchlte und gelebte Heimat\u201c.<\/p>\n\n\n\n<p>Mithilfe der unterschiedlichen kulturellen Sparten des Herrenhofs und der Gastk\u00fcnstler*innen, die in Neustadt an der Weinstra\u00dfe und\/oder der Region verankert sind, wird die Vielfalt des weitl\u00e4ufigen Begriffs \u201aHeimat\u2018 beleuchtet und erweitert.<\/p>\n\n\n\n<p>Realisiert wird dieses Motto in der Kunst, Literatur (unter anderem gibt es eine Lesung von Manuel Zerwas am Sonntag), Kabarett, Musik und Puppentheater. Es wird Kreativworkshops geben, eine Weinverkostung, Zeit und Raum f\u00fcr Gespr\u00e4che und Begegnungen und vieles Sch\u00f6ne mehr.<\/p>\n\n\n\n<p>Zu diesem Thema zeige ich unter anderem Fotografien meiner Serie life in pieces. und mehr, die das gesamte Festival-Wochenende und noch etwa zwei Wochen danach im Parterre der Parkvilla des Herrenhofs zu sehen sein werden. Es geht dabei um die Momentaufnahme, den fl\u00fcchtigen Augenblick, den ich konservieren m\u00f6chte. Aufgenommen sind meine Fotografien zumeist auf der ganzen Welt, zeigen zum Gro\u00dfteil Menschen in ihrer heimischen Umgebung, allerdings durch meinen fremden Blick &#8211; passen also super zum Motto \u201eGef\u00fchlte und gelebte Heimat\u201c.<\/p>\n\n\n\n<p>Ich selbst werden am Sonntagmittag anwesend sein und freue mich \u00fcber ein pers\u00f6nliches Treffen.<\/p>\n\n\n\n<p>\u200bWeitere Infos auch zu den einzelnen Programmpunkten unter: <a href=\"http:\/\/www.herrenhof-mussbach.de\">www.herrenhof-mussbach.de<\/a><\/p>\n\n\n\n<p>Mehr Informationen zu Lena Csercsevics unter: <a href=\"https:\/\/cslena.wixsite.com\/cslena\">https:\/\/cslena.wixsite.com\/cslena<\/a><\/p>\n\n\n\n<h2 class=\"wp-block-heading\">Lena Csercsevics \u00fcber ihr Leben und die Fotografie: <\/h2>\n\n\n\n<p>Studiert habe ich Philosophie und Theaterwissenschaft \u2013 meine Leidenschaft f\u00fcr Menschen, f\u00fcr Fragen, f\u00fcr Geschichten und das Leben selbst: Durch die Fotografie hat sich mir ein Weg gezeigt, sie auszuleben und mit dem Betrachter in einen Dialog zu treten. <\/p>\n\n\n\n<p>Zur Zeit arbeite ich als Flugbegleiterin, was vornehmlich zwei Dinge mit sich bringt: Neue Blickwinkel und neue Orte. Obwohl ich meine Heimatstadt Speyer liebe, sehe ich vor allem im Fremden einen Reiz. Nat\u00fcrlich besch\u00e4ftige ich mich zwangsl\u00e4ufig auch mit dem Thema Heimat und was das f\u00fcr mich und Menschen auf der ganzen Welt bedeutet. Die Divergenz zwischen gef\u00fchlter und gelebter Heimat kann sich in Orten, in St\u00e4dten, manifestieren, in Religion, Traditionen und Br\u00e4uchen, in Kunst und Kultur, oder einfach in einem Gef\u00fchl, das sich einstellt, wenn man mit Land und Leuten in Kontakt kommt, in einem Lebensgef\u00fchl.<\/p>\n\n\n\n<p>Unterwegs (privat und beruflich) lasse ich mich treiben, schlendere durch St\u00e4dte, spreche mit vielen fremden Menschen und sammle ihre \u2013 und meine \u2013 Geschichten. So entstand auch meine aktuelle Fotografie-Serie <em>life in pieces<\/em>. Fotografien, aufgenommen in den unterschiedlichsten L\u00e4ndern und Momenten, irgendwann zwischen damals und heute, irgendwo zwischen Indien, Argentinien und hier.<\/p>\n\n\n\n<p>Ich habe mich in den letzten Jahren nahezu ausschlie\u00dflich der Momentaufnahme gewidmet, diesen wahnsinnig fl\u00fcchtigen Augenblicken, von der Zeit abgeschnitten und auf ihre ganz eigent\u00fcmliche Weise konserviert \u2013 oder um den Schriftsteller Sam Savage zu zitieren: \u201eDas Klicken der Kamera schneidet das Gezeigte von der Zeit ab wie eine Guillotine.\u201c<\/p>\n\n\n\n<p>Begegnungen, Geschichten und Erinnerungen, Menschen, Orte und Situationen, das Leben selbst; losgel\u00f6st von Zeit und Raum lassen sich neue Zusammenh\u00e4nge sehen. Manchmal sind es kleine Details, oft nur ein Gef\u00fchl, das mich den Ausl\u00f6ser dr\u00fccken l\u00e4sst \u2013 ein winziger Ausschnitt der Welt aus einem pers\u00f6nlichen Blickwinkel, das ist: <em>life in pieces<\/em>. <\/p>\n\n\n\n<h2 class=\"wp-block-heading\">life in pieces<\/h2>\n\n\n\n<h3 class=\"wp-block-heading\">Momentaufnahmen von Lena Csercsevics<\/h3>\n\n\n\n<ol><li>Taxis auf der Brooklyn Bridge, New York, 2015* 30 x 45 cm 160, &#8211;<\/li><li>Affentempel, N\u00e4he Jaipur (Indien), 2013 40 x 40 cm 160,-<\/li><li>Mann am heiligen See in Pushkar, Indien, 2016 30 x 45 cm 160,-<\/li><li>Mausoleum, Friedhof La Recoleta in Buenos Aires, 2017 30 x 45 cm 160, &#8211; <\/li><li>Mail\u00e4nder Dom, 2010 40 x 40 cm 160, &#8211; <\/li><li>Frau auf einem Markt in Mexico-City, 2017 40 x 40 cm 160, &#8211; <\/li><li>Maler auf der Stra\u00dfe in Antigua (Guatemala), 2018 30 x 45 cm 160, &#8211; <\/li><li>Mann in einer Buchhandlung in Kapstadt, 2018 40 x 40 cm 160, &#8211; <\/li><li>Mann in Boot, Backwaters in S\u00fcdindien, 2016 30 x 45 cm 160, &#8211; <\/li><li>Hausfrau in Essaouira (Marokko), 2017 30 x 45 cm 160, &#8211; <\/li><li>Mann am Stra\u00dfenrand in Essaouira (Marokko), 2017 30 x 45 cm 160, &#8211; <\/li><li>Frau fr\u00fchmorgens bei Fischern am Marari Beach, N\u00e4he Alappuzha (S\u00fcdindien), 2016 30 x 45 cm 160, &#8211; <\/li><li>Hernando, Antiquar in Buenos Aires, 2017 30 x 45 cm 160, &#8211; <\/li><li>M\u00e4nner am Strand von Ipanema, Rio de Janeiro, 2017 30 x 45 cm 160, &#8211; <\/li><li>Mann am Zaun in Antigua (Guatemala), 2018 30 x 45 cm 160, &#8211; <\/li><li>Mann an der offen Zugt\u00fcr, irgendwo in S\u00fcdindien, 2016 30 x 45 cm 160, &#8211; <\/li><li>Mann bei einem Stra\u00dfenkonzert, Buenos Aires, 2017 30 x 45 cm 160, &#8211; <\/li><\/ol>\n\n\n\n<p><em>Preise gelten f\u00fcr Fotografien, unaufgezogen, ohne Rahmen. Gr\u00f6\u00dfen nach Absprache ggf. ver\u00e4nderbar. Auf Wunsch k\u00f6nnen alle Fotografien gegen Aufpreis aufgezogen oder mit Passepartout geliefert werden.<\/em><\/p>\n\n\n\n<p style=\"text-align:right\"><strong>Auflage<\/strong>: 5 Exemplare pro Motiv<\/p>\n\n\n\n<p> <strong>Kontakt<\/strong><br> Lena Csercsevics<br> Telefon: 0174 2129811<br> Email: <a href=\"cs.lena@yahoo.de\">cs.lena@yahoo.de<\/a><br> Instagram: by_cs.lena<br> Website: <a href=\"http:\/\/cslena.wixsite.com\/cslena\">http:\/\/cslena.wixsite.com\/cslena<\/a><\/p>\n\n\n\n<p>*(Bei Interesse an New York Fotografien melden Sie sich gerne, ich habe noch viele mehr im Repertoire.) <\/p>\n\n\n\n<p><em>Lena Csercsevics<br>18.05.2019<\/em><\/p>\n\n\n\n<p> <\/p>\n","protected":false},"excerpt":{"rendered":"<div class=\"mh-excerpt\"><p>Im Rahmen des Kultursommers Rheinland-Pfalz, der dieses Jahr unter dem Motto \u201eHeimat(en)\u201c steht, feiert die F\u00f6rdergemeinschaft Herrenhof e.V. ein ganzes Wochenende ein Festival mit dem Titel \u201eGef\u00fchlte und gelebte Heimat\u201c. Mithilfe der unterschiedlichen kulturellen Sparten <a class=\"mh-excerpt-more\" href=\"https:\/\/speyer24news.com\/?p=13832\" title=\"Festival im Herrenhof, Mu\u00dfbach 17. &#8211; 19. Mai 2019\">[&#8230;]<\/a><\/p>\n<\/div>","protected":false},"author":3,"featured_media":0,"comment_status":"open","ping_status":"open","sticky":false,"template":"","format":"standard","meta":{"_monsterinsights_skip_tracking":false,"_monsterinsights_sitenote_active":false,"_monsterinsights_sitenote_note":"","_monsterinsights_sitenote_category":0,"footnotes":""},"categories":[14],"tags":[1139,1136,1138,1137],"aioseo_notices":[],"amp_enabled":true,"_links":{"self":[{"href":"https:\/\/speyer24news.com\/index.php?rest_route=\/wp\/v2\/posts\/13832"}],"collection":[{"href":"https:\/\/speyer24news.com\/index.php?rest_route=\/wp\/v2\/posts"}],"about":[{"href":"https:\/\/speyer24news.com\/index.php?rest_route=\/wp\/v2\/types\/post"}],"author":[{"embeddable":true,"href":"https:\/\/speyer24news.com\/index.php?rest_route=\/wp\/v2\/users\/3"}],"replies":[{"embeddable":true,"href":"https:\/\/speyer24news.com\/index.php?rest_route=%2Fwp%2Fv2%2Fcomments&post=13832"}],"version-history":[{"count":1,"href":"https:\/\/speyer24news.com\/index.php?rest_route=\/wp\/v2\/posts\/13832\/revisions"}],"predecessor-version":[{"id":13834,"href":"https:\/\/speyer24news.com\/index.php?rest_route=\/wp\/v2\/posts\/13832\/revisions\/13834"}],"wp:attachment":[{"href":"https:\/\/speyer24news.com\/index.php?rest_route=%2Fwp%2Fv2%2Fmedia&parent=13832"}],"wp:term":[{"taxonomy":"category","embeddable":true,"href":"https:\/\/speyer24news.com\/index.php?rest_route=%2Fwp%2Fv2%2Fcategories&post=13832"},{"taxonomy":"post_tag","embeddable":true,"href":"https:\/\/speyer24news.com\/index.php?rest_route=%2Fwp%2Fv2%2Ftags&post=13832"}],"curies":[{"name":"wp","href":"https:\/\/api.w.org\/{rel}","templated":true}]}}