{"id":13862,"date":"2019-05-19T09:24:53","date_gmt":"2019-05-19T08:24:53","guid":{"rendered":"https:\/\/speyer24news.com\/?p=13862"},"modified":"2019-05-19T09:32:00","modified_gmt":"2019-05-19T08:32:00","slug":"polizeimeldungen-55","status":"publish","type":"post","link":"https:\/\/speyer24news.com\/?p=13862","title":{"rendered":"Polizeimeldungen"},"content":{"rendered":"<style type=\"text\/css\">\r\n\t.ads_top_disp{}\r\n\t.ads_top_corner_disp{ float:left; margin:0px 10px 10px 0px; }\r\n\t.ads_first_p_disp{}\r\n\t.ads_bottom_disp{}\r\n\t<\/style>\n<h2 class=\"wp-block-heading\">Polizeimeldungen vom Freitag und Samstag (17.05.2019 &amp; 18.05.2019)<\/h2>\n\n\n\n<div class=\"wp-block-image\"><figure class=\"aligncenter\"><img decoding=\"async\" src=\"https:\/\/speyer24news.com\/wp-content\/uploads\/2019\/05\/Aktuelles-Polizeilogo-1.jpg\" alt=\"\" class=\"wp-image-13737\"\/><\/figure><\/div>\n\n\n\n<h4 class=\"wp-block-heading\">(Speyer) &#8211; Verkehrsunfall mit Leichtverletzten<\/h4>\n\n\n\n<p>Zu einem Verkehrsunfall mit Leichtverletzten kam es am Freitagabend in Speyer als ein 60-j\u00e4hriger PKW Fahrer beim Linksabbiegen von der Dudenhofer Stra\u00dfe in die Obere Langgasse das entgegenkommende Kleinkraftrad \u00fcbersah. Durch den Zusammensto\u00df kamen der 17-j\u00e4hrige Fahrer des Kleinkraftrades sowie seine 17 Jahre alte Mitfahrerin zu Sturz und verletzten sich hierbei leicht. Zudem entstand Sachschaden in H\u00f6he von ca. 4000EUR. <\/p>\n\n\n\n<h4 class=\"wp-block-heading\">(Speyer) &#8211; Radfahrerin schwer verletzt<\/h4>\n\n\n\n<p>Schwer verletzt wurde am Donnerstagabend eine 69-j\u00e4hrige Radfahrerin  in der Rulandstra\u00dfe. Sie war hier in Richtung Diakonissenstra\u00dfe  unterwegs und wurde von einem neunj\u00e4hrigen Radfahrer \u00fcbersehen, der ohne  auf sie zu achten von einem Parkplatz kommend auf die Fahrbahn fuhr.  Die Rentnerin st\u00fcrzte und verletzte sich schwer. Sie wurde durch den  Rettungsdienst in ein Krankenhaus gebracht. <\/p>\n\n\n\n<h4 class=\"wp-block-heading\">(Speyer) &#8211; Hochwertiges Pedelec entwendet<\/h4>\n\n\n\n<p>Unbekannte haben am Donnerstagnachmittag  in der Oberen Langgasse ein mit einem B\u00fcgelschloss gesichertes Pedelec  der Marke Flyer im Wert von 3959 entwendet. Zeugenhinweise nimmt die  Polizei unter Tel.-Nr. 06232-1370 oder per Mail an <a href=\"mailto:pispeyer@polizei.rlp.de\">pispeyer@polizei.rlp.de<\/a> entgegen. <\/p>\n\n\n\n<h4 class=\"wp-block-heading\">(Speyer) &#8211; Ladendetektiv bei versuchter T\u00e4terfestnahme verletzt<\/h4>\n\n\n\n<p>Zwei bislang unbekannte T\u00e4ter hatten am Donnerstagnachmittag im Kaufhof  zwei Parfum Tester im Wert von 350 Euro entwendet und wurden von dem Ladendetektiv an dem Seitenausgang zur Heydenreichstra\u00dfe angesprochen. Als er versuchte einen der T\u00e4ter am Gehen zu hindern, wurde er mehrmals gegen die Ausgangst\u00fcr gesto\u00dfen, bis er zu Boden ging. Danach fl\u00fcchteten die beiden Unbekannten mit dem Diebesgut zu Fu\u00df \u00fcber das Schulpl\u00e4tzl in  Richtung Ludwigstra\u00dfe. Der Ladendetektiv wurde bei dem Gerangel verletzt. Er wurde durch den Rettungsdienst mit Verdacht auf Unterarmfraktur in ein Krankenhaus gebracht. <\/p>\n\n\n\n<h4 class=\"wp-block-heading\">(Speyer) &#8211; Rucksack entwendet<\/h4>\n\n\n\n<p>Einem 23-j\u00e4hrigen Gast wurde Donnerstagfr\u00fch w\u00e4hrend eines Aufenthalts in der Bar &#8222;Eurofinale&#8220; in der Bahnhofstra\u00dfe der Rucksack  gestohlen, als er diesen f\u00fcr drei bis vier Minuten unbeobachtet an der  Theke stehen lie\u00df. In dem Rucksack befand sich u.a. sein Geldbeutel mit  EC-Karte, Personalausweis und 275EUR Bargeld. Zeugenhinweise nimmt die  Polizei unter Tel.-Nr. 06232-1370 oder per Mail an <a href=\"mailto:pispeyer@polizei.rlp.de\">pispeyer@polizei.rlp.de<\/a> entgegen. <\/p>\n\n\n\n<h4 class=\"wp-block-heading\">(Neuhofen) &#8211; Geschwindigkeitskontrolle in Neuhofen<\/h4>\n\n\n\n<p>Am 16.05. f\u00fchrten Beamte der Polizeiinspektion Schifferstadt in der  Woogstra\u00dfe in Neuhofen Geschwindigkeitskontrollen durch. Zwischen 17:50  und 19:00 Uhr wurden insgesamt 21 Verst\u00f6\u00dfe kostenpflichtig verwarnt. Der  &#8222;Spitzenreiter&#8220; war bei erlaubten 30 mit 56 km\/h unterwegs. Ihn  erwartet ein Bu\u00dfgeld in H\u00f6he von 80EUR sowie ein &#8222;Punkt&#8220; im  Verkehrszentralregister Flensburg. Vor einem h\u00f6heren Bu\u00dfgeld und einem  einmonatigen Fahrverbot retteten ihn die bei den Messungen  obligatorischen 3 km\/h Toleranz, die zugunsten des Fahrers vom  gemessenen Wert abgezogen werden. <\/p>\n\n\n\n<h4 class=\"wp-block-heading\">(Hochdorf-Assenheim) &#8211; Zwei Diebst\u00e4hle aus Wohnungen \/ Polizei sucht Zeugen<\/h4>\n\n\n\n<p>Am 15.05., gegen 16:00 Uhr, kam ein 52-j\u00e4hriger gerade nach Hause, als  ihm aus seiner in der Assenheimer Langstra\u00dfe befindlichen Wohnung ein  Unbekannter entgegen kam. Der Anwohner, der seine Wohnung nicht  verschlossen hatte, hielt den Mann jedoch nicht fest und verst\u00e4ndigte  auch nicht umgehend die Polizei. In seiner Wohnung bemerkte er das  Fehlen von 150EUR Bargeld. Der T\u00e4ter ging daraufhin offenbar ins  Nachbaranwesen, wo die 81-j\u00e4hrige Bewohnerin gerade in der K\u00fcche  besch\u00e4ftigt war, und entwendete aus deren Nachttisch 420EUR Bargeld. Die  81-j\u00e4hrige hatte zwar Ger\u00e4usche vernommen, sich jedoch nichts dabei  gedacht. Der T\u00e4ter wird wie folgt beschrieben: M\u00e4nnlich, zwischen 180 &#8211;  185 cm gro\u00df, kr\u00e4ftige Statur, schwarz-graues Haupthaar, \u00fcber 50 Jahre  alt. Er soll deutsch ohne erkennbaren Akzent gesprochen haben. Zeugen  werden gebeten, sich mit der Polizeiinspektion Schifferstadt unter Tel.  06235\/4950 oder via Mail unter <a href=\"mailto:pischifferstadt@polizei.rlp.de\">pischifferstadt@polizei.rlp.de<\/a> in Verbindung zu setzen. Die Polizei r\u00e4t dazu, Fenster und T\u00fcren beim Verlassen der Wohnung stets zu (ver-)schlie\u00dfen. <\/p>\n\n\n\n<h4 class=\"wp-block-heading\">(R\u00f6merberg) &#8211; 18 J\u00e4hriger besch\u00e4digt Schild<\/h4>\n\n\n\n<p>Am sp\u00e4ten Freitagabend wurde ein, am Bahnsteig des Bahnhofes R\u00f6merberg-Berghausen befestigtes Schild, aus der Verankerung gerissen. Dank der guten Personenbeschreibung eines Zeugen, konnte der noch in der N\u00e4he befindliche T\u00e4ter ermittelt werden. Gegen den 18-J\u00e4hrigen wurde eine Strafanzeige wegen Sachbesch\u00e4digung erfasst.<\/p>\n\n\n\n<h4 class=\"wp-block-heading\">(Lustadt) &#8211; Brand einer Garage<\/h4>\n\n\n\n<p>Am Samstagmorgen, den 18.05.19 gegen 09:48h kam es zu einem Vollbrand  einer Garage in Lustadt in der Stra\u00dfe Am Str\u00e4\u00dfel. Die Feuerwehr konnte  den Brand l\u00f6schen, bevor das Feuer auf das daneben befindliche Wohnhaus  \u00fcbergriff. Die Brandursache ist derzeit noch unklar. Der Sachschaden  d\u00fcrfte sich im unteren f\u00fcnfstelligen Bereich befinden. Die Ermittlungen  dauern an. <\/p>\n\n\n\n<h4 class=\"wp-block-heading\">(Steinfeld) &#8211; Radfahrer verstorben<\/h4>\n\n\n\n<p>Der 64-j\u00e4hrige Radfahrer, welcher an der Landstra\u00dfe 546, im Ortsbereich  Steinfeld, am 14.05.2019, bei einem Verkehrsunfall schwer verletzt  wurde, ist gestern verstorben. Die Unfallursache ist derzeit noch  Gegenstand der Ermittlungen. In Absprache mit der Staatsanwaltschaft  Landau wurde ein Gutachter hinzugezogen. <\/p>\n\n\n\n<h4 class=\"wp-block-heading\">(Bad Bergzabern) &#8211; Fenster aufgehebelt<\/h4>\n\n\n\n<p>In der Nacht von Mittwoch, 15.05.19 auf Donnerstag, 16.05.2019, wurde  durch bislang unbekannten T\u00e4ter ein Fenster eines Hotels in der  Kurtalstra\u00dfe aufgehebelt und eingestiegen. Aus einem B\u00fcroraum wurde  Bargeld noch in unbekannter H\u00f6he entwendet. Zeugen werden gebeten, sich  mit der Polizeiinspektion Bad Bergzabern unter Telefon 06343-93340 oder  per email unter <a href=\"mailto:pibadbergzabern@polizei.rlp.de\">pibadbergzabern@polizei.rlp.de<\/a> in Verbindung zu setzen. <\/p>\n\n\n\n<h4 class=\"wp-block-heading\">(Bad Bergzabern) &#8211; B\u00fcroraum aufgebrochen<\/h4>\n\n\n\n<p>In der Nacht von Mittwoch, 15.05.19 auf Donnerstag, 16.05.2019, wurde  durch einen bislang unbekannten T\u00e4ter ein Fenster gewaltsam ge\u00f6ffnet und  in ein B\u00fcroraum in der Kurtalstra\u00dfe eingestiegen. Aus den  R\u00e4umlichkeiten wurde Bargeld in noch unbekannter H\u00f6he entwendet. Der  entstandene Sachschaden liegt bei \u00fcber 1000.- Euro. Zeugen, die gegen  Mitternacht verd\u00e4chtige Beobachtungen im Bereich des Kurtalcenters  gemacht haben, werden gebeten sich unter Telefon 06343-93340 oder per  email unter <a href=\"mailto:pibadbergzabern@polizei.rlp.de\">pibadbergzabern@polizei.rlp.de<\/a> mit der Polizeiinspektion Bad Bergzabern in Verbindung zu setzen. <\/p>\n\n\n\n<h4 class=\"wp-block-heading\">(Gossersweiler-Stein) &#8211; Radfahrer gest\u00fcrzt<\/h4>\n\n\n\n<p>Am Donnerstag, 16.05.19, gegen 14:10 Uhr, kam es in der  Sankt-Georg-Stra\u00dfe zu einem Verkehrsunfall. Ein 76-j\u00e4hriger Radfahrer  geriet auf der absch\u00fcssigen Stra\u00dfe durch einen Fahrfehler ins Straucheln  und st\u00fcrzte auf die Stra\u00dfe. Hierbei zog er sich leichte Verletzungen zu  und wurde durch den Rettungsdienst vorsorglich zur Untersuchung in ein  Krankenhaus verbracht. <\/p>\n\n\n\n<h4 class=\"wp-block-heading\">(Wernersberg) &#8211; Verkehrsunfall mit Totalschaden<\/h4>\n\n\n\n<p>Ein 21-j\u00e4hriger PKW-Fahrer befuhr am 16.05.2019 gegen 15:30 Uhr die  Bundesstra\u00dfe 48 in Richtung Annweiler. Vermutlich infolge \u00fcberh\u00f6hter  Geschwindigkeit kam er mit seinem Fahrzeug in einer langgezogenen  Linkskurve nach rechts von der Fahrbahn ab und schleuderte anschlie\u00dfend  quer \u00fcber die Fahrbahn in die linken Leitplanken. Der Fahrzeugf\u00fchrer  hatte es nur dem Gl\u00fcck zu verdanken, dass zu dem Unfallzeitpunkt kein  Fahrzeug entgegenkam und er selbst nur leicht verletzt in ein  Krankenhaus gebracht werden musste. An dem Fahrzeug entstand  Totalschaden in H\u00f6he mehrerer tausend Euro. <\/p>\n\n\n\n<h4 class=\"wp-block-heading\">(Landau) &#8211; Fahrzeugbrand auf der A 65<\/h4>\n\n\n\n<p>Aus ungekl\u00e4rter Ursache geriet am Freitagabend gegen 17 Uhr ein  Kastenwagen auf der A65 in Brand, welcher von Landau in Fahrtrichtung  Ludwigshafen unterwegs war. Dem Fahrer war es noch gelungen, das  Fahrzeug zwischen der Anschlussstelle Landau-S\u00fcd und Zentrum auf den  Standstreifen abzustellen und dieses zu verlassen. Die Feuerwehr konnte  das Fahrzeug l\u00f6schen, jedoch einen Totalschaden nicht mehr abwenden. Das  Fahrzeug wurde im Anschluss an die L\u00f6scharbeiten abgeschleppt. Der  Standstreifen erlitt durch den Brand leichten Schaden. Aufgrund der  starken Rauchentwicklung und der L\u00f6scharbeiten wurde die rechte Fahrspur  f\u00fcr etwa eine Stunde gesperrt. Der Gesamtschaden bel\u00e4uft sich auf zirka  2000 Euro. <\/p>\n\n\n\n<h4 class=\"wp-block-heading\">(Edenkoben \/ A 65) &#8211; Gen\u00f6tigt und beleidigt<\/h4>\n\n\n\n<p>Kurz nach 10 Uhr kam es am Freitagmorgen auf der A65 zwischen Neustadt S\u00fcd  und Edenkoben in Fahrtrichtung Karlsruhe zu einer verkehrsgef\u00e4hrdenden  Situation, bei der eine Fahrzeugf\u00fchrerin auf dem linken Fahrstreifen mit  120 km\/h einen LKW \u00fcberholte und ihr dabei ein &#8222;herangeflogener&#8220; BMW so  dicht auffuhr, dass sie nicht mal mehr das Kennzeichen erkennen konnte.  Die Fahrerin erschrak und beendete sodann ihren \u00dcberholvorgang. Als der  Unbekannte an vorbeifuhr, zeigte er ihr den &#8222;Scheibenwischer&#8220;. Anhand  des Kennzeichens konnte der Verkehrsrowdy am W\u00f6rther Kreuz einer  Verkehrskontrolle unterzogen werden. Gegen den Mann aus dem  Rheinpfalzkreis wurde ein Ermittlungsverfahren wegen,  Stra\u00dfenverkehrsgef\u00e4hrdung, N\u00f6tigung und Beleidigung eingeleitet.  Verkehrsteilnehmer, die durch das Verhalten des Rasers gef\u00e4hrdet,  gen\u00f6tigt oder beleidigt wurden, werden gebeten, sich mit der Polizei in  Edenkoben unter der Rufnummer 06323 9550 in Verbindung zu setzen. <\/p>\n\n\n\n<h4 class=\"wp-block-heading\">(Altdorf) &#8211; Totalschaden nach Auffahrunfall<\/h4>\n\n\n\n<p>Weil ein 39-j\u00e4hriger Opelfahrer am Dommnerstagabend in der Hauptstra\u00dfe beim  Abbiegen nicht rechtzeitig seinen Blinker setzte, der nachfolgende  54-j\u00e4hrige Mercedesfahrer keinen ausreichenden Sicherheitsabstand zum  Vorausfahrenden einhielt und deshalb das Vorhaben des Vorausfahrenden zu  sp\u00e4t erkannte, kam es zum Unfall. W\u00e4hrend am Mercedes Blechschaden  entstand, musste der Opel wegen wirtschaftlichem Totalschaden  abgeschleppt werden. Der Gesamtschaden liegt bei \u00fcber 5000 Euro. <\/p>\n\n\n\n<h4 class=\"wp-block-heading\">(Sankt Martin) &#8211; Verkehrsunfallflucht in Sankt Martin, Gemarkung &#8222;Am Hasenpfad&#8220;<\/h4>\n\n\n\n<p>Durch einen unbekannten Verkehrsteilnehmer wurden Teile eines Weinbergs  besch\u00e4digt. Am 17.05.2019, um 10.00 Uhr stellte ein Winzer aus Sankt  Martin bei Spritzarbeiten fest, dass ein &#8222;Endanker&#8220; und 2 Reben in  seinem Wingert besch\u00e4digt sind. Aufgrund der Spurenlage k\u00f6nnte ein  Holztransporter  beim Rangieren die Reben und den &#8222;Endanker&#8220; umgefahren  haben. Der entstandene Schaden bel\u00e4uft sich auf ca. 600,-EUR. Hinweise  aus der Bev\u00f6lkerung nimmt die Polizeiinspektion Edenkoben unter Tel.:  06323-9550 entgegen. <\/p>\n\n\n\n<h4 class=\"wp-block-heading\">(Maikammer) &#8211; Verkehrsunfallflucht<\/h4>\n\n\n\n<p>Zu einer Verkehrsunfallflucht kam es am Freitagnachmittag in der  Weinstra\u00dfe Nord in Maikammer. Die Gesch\u00e4digte stellte ihr Fahrzeug gegen  16 Uhr auf dem Parkplatz gegen\u00fcber der Kirche ab. Als sie 15 Minuten  sp\u00e4ter zu ihrem Auto zur\u00fcckkehrte, stellte sie den Schaden fest. Der  Unfallverursacher war nicht mehr vor Ort. Der Schaden bel\u00e4uft sich auf  zirka 2000 Euro. Zeugen werden gebeten, sich mit der Polizei in  Edenkoben unter der Rufnummer 06323 9550 in Verbindung zu setzen. <\/p>\n\n\n\n<h4 class=\"wp-block-heading\">(Neustadt) &#8211; Verkehrsunfallflucht mit hohem Sachschaden \/ Zeugenaufruf<\/h4>\n\n\n\n<div class=\"wp-block-image\"><figure class=\"aligncenter\"><img decoding=\"async\" loading=\"lazy\" width=\"800\" height=\"600\" src=\"https:\/\/speyer24news.com\/wp-content\/uploads\/2019\/05\/17.05.19-NW-VUF.jpg\" alt=\"\" class=\"wp-image-13871\" srcset=\"https:\/\/speyer24news.com\/wp-content\/uploads\/2019\/05\/17.05.19-NW-VUF.jpg 800w, https:\/\/speyer24news.com\/wp-content\/uploads\/2019\/05\/17.05.19-NW-VUF-300x225.jpg 300w, https:\/\/speyer24news.com\/wp-content\/uploads\/2019\/05\/17.05.19-NW-VUF-768x576.jpg 768w, https:\/\/speyer24news.com\/wp-content\/uploads\/2019\/05\/17.05.19-NW-VUF-678x509.jpg 678w, https:\/\/speyer24news.com\/wp-content\/uploads\/2019\/05\/17.05.19-NW-VUF-326x245.jpg 326w, https:\/\/speyer24news.com\/wp-content\/uploads\/2019\/05\/17.05.19-NW-VUF-80x60.jpg 80w\" sizes=\"(max-width: 800px) 100vw, 800px\" \/><\/figure><\/div>\n\n\n\n<p>Bislang unbekannter Verkehrsteilnehmer befuhr in den fr\u00fchen  Morgenstunden des 17.05.2019, vermutlich im Zeitraum zwischen 05.00 Uhr  und 06.45 Uhr, die Gabelsbergerstra\u00dfe in Richtung Landauer Stra\u00dfe. Auf  H\u00f6he des Geb\u00e4udes mit der Hausnummer 7, fuhr der Unfallverursacher zu  weit rechts und kollidierte infolgedessen mit der \u00dcberdachung des  Geb\u00e4udeeingangs. Hierdurch wurde die massive Stahlkonstruktion aus der  Verankerung gerissen und fiel zu Boden, wodurch auch das Geb\u00e4ude selbst  besch\u00e4digt wurde. Die Gesamtschadensh\u00f6he wird derzeit auf etwa 10.000  EUR gesch\u00e4tzt. Aufgrund des Schadensbildes besteht der Verdacht, dass es  sich bei dem Unfallverursacher um einen Lastkraftwagen handelt. Wer  sachdienliche Angaben, insbesondere zum Unfallverursacher, machen kann,  wird gebeten, sich mit der Polizeiinspektion Neustadt\/Wstr. in  Verbindung zu setzen. <\/p>\n\n\n\n<h4 class=\"wp-block-heading\">(Neustadt-Diedesfeld) &#8211; An Hauswand gefahren und abgehauen \/ Zeugenaufruf<\/h4>\n\n\n\n<div class=\"wp-block-image\"><figure class=\"aligncenter\"><img decoding=\"async\" loading=\"lazy\" width=\"500\" height=\"634\" src=\"https:\/\/speyer24news.com\/wp-content\/uploads\/2019\/05\/16.05.19-NW-VUF.jpg\" alt=\"\" class=\"wp-image-13863\" srcset=\"https:\/\/speyer24news.com\/wp-content\/uploads\/2019\/05\/16.05.19-NW-VUF.jpg 500w, https:\/\/speyer24news.com\/wp-content\/uploads\/2019\/05\/16.05.19-NW-VUF-237x300.jpg 237w\" sizes=\"(max-width: 500px) 100vw, 500px\" \/><figcaption>besch\u00e4digte Hauswand<\/figcaption><\/figure><\/div>\n\n\n\n<p>Bislang unbekannter Verkehrsteilnehmer befuhr am  16.05.2019, zwischen 07.30 Uhr und 12.00 Uhr, die Kreuzstra\u00dfe in  NW-Diedesfeld und stie\u00df vermutlich beim Wenden\/Rangieren an die Hauswand  des Anwesens mit der Hausnummer 40. Hierdurch wurde der neuwertige  Sandsteinsockel der Fassade besch\u00e4digt. Der entstandene Sachschaden wird  auf etwa 2.000 EUR gesch\u00e4tzt. Da der gr\u00f6\u00dfte Teil des herausgebrochenen  Gesteins mitgenommen bzw. entsorgt wurde, muss davon ausgegangen werden,  dass der Unfallverursacher den Zusammensto\u00df bemerkt hat. Wer  sachdienliche Hinweise, insbesondere zum Unfallverursacher, geben kann,  wird gebeten, sich mit der Polizeiinspektion Neustadt\/Wstr. in  Verbindung zu setzen. <\/p>\n\n\n\n<h4 class=\"wp-block-heading\">(Frankeneck) &#8211; Huhn sorgt f\u00fcr Polizei- und Feuerwehreinsatz<\/h4>\n\n\n\n<div class=\"wp-block-image\"><figure class=\"aligncenter\"><img decoding=\"async\" loading=\"lazy\" width=\"800\" height=\"601\" src=\"https:\/\/speyer24news.com\/wp-content\/uploads\/2019\/05\/18.05.19-Frankeneck-Huhn.jpg\" alt=\"\" class=\"wp-image-13864\" srcset=\"https:\/\/speyer24news.com\/wp-content\/uploads\/2019\/05\/18.05.19-Frankeneck-Huhn.jpg 800w, https:\/\/speyer24news.com\/wp-content\/uploads\/2019\/05\/18.05.19-Frankeneck-Huhn-300x225.jpg 300w, https:\/\/speyer24news.com\/wp-content\/uploads\/2019\/05\/18.05.19-Frankeneck-Huhn-768x577.jpg 768w, https:\/\/speyer24news.com\/wp-content\/uploads\/2019\/05\/18.05.19-Frankeneck-Huhn-678x509.jpg 678w, https:\/\/speyer24news.com\/wp-content\/uploads\/2019\/05\/18.05.19-Frankeneck-Huhn-326x245.jpg 326w, https:\/\/speyer24news.com\/wp-content\/uploads\/2019\/05\/18.05.19-Frankeneck-Huhn-80x60.jpg 80w\" sizes=\"(max-width: 800px) 100vw, 800px\" \/><\/figure><\/div>\n\n\n\n<p>Ein ausgeb\u00fcxtes freilaufendes Huhn besch\u00e4ftigte am fr\u00fchen Samstagmorgen  (18.05.2019) eine Streife der Polizei aus Neustadt an der Weinstra\u00dfe  und die freiwillige Feuerwehr in Frankeneck. Ein Verkehrsteilnehmer  meldete das st\u00e4ndig auf der Fahrbahn der Hauptstra\u00dfe in Frankeneck  herumlaufende Federvieh. Um Gefahren f\u00fcr das Tier, als auch f\u00fcr die  Verkehrsteilnehmer, zu minimieren wurde versucht das Tier in  polizeilichen Gewahrsam zu nehmen. Da sich das durch den Fluchttrieb des  Tieres schwierig gestaltete wurde die Feuerwehr um Unterst\u00fctzung  gebeten. Das Huhn konnte durch die Feuerwehr letztendlich eingefangen  und in eine Tiernotstation verbracht werden. Der Besitzer des Tieres  wird gebeten sich bei der Polizei in Neustadt an der Weinstra\u00dfe unter  der Tel.-Nr. 06321\/854-0 zu melden. <\/p>\n\n\n\n<h4 class=\"wp-block-heading\">(Ha\u00dfloch) &#8211; Verkehrsunfall mit leichtverletzter Person<\/h4>\n\n\n\n<p>Am Freitag, 17.05.2019, gegen 19:25 Uhr,kam es in Gemarkung Ha\u00dfloch zu  einem Verkehrsunfall. Ein 39-j\u00e4hriger PKW-Fahrer bog an der Einm\u00fcndung L  532 auf die L 529 (Holiday-Park-Stra\u00dfe) nach links ab. Hierbei  mi\u00dfachtete er die Vorfahrt eines auf der L 529 von links kommenden  30-j\u00e4hrigen PKW-Fahrers, so dass es zum Zusammensto\u00df kam. Der 30-j\u00e4hrige  Vorfahrtberechtigte erlitt bei dem Unfall leichte Verletzungen. Beide  Fahrzeuge waren nicht mehr fahrbereit und wurden abgeschleppt. Es  entstand Sachschaden in H\u00f6he von ca. 9000,- Euro. Die L 529 musste  w\u00e4hrend der Unfallaufnahme f\u00fcr ca. 45 Minuten teilgesperrt werden. <\/p>\n\n\n\n<h4 class=\"wp-block-heading\">(Bad D\u00fcrkheim) &#8211; Stromausfall in der S\u00fcdstadt<\/h4>\n\n\n\n<p>In der Nacht auf Samstag, 18.05.2019, kam es in der Zeit zwischen 22:45  bis 00:15 Uhr zu einem Stromausfall, bei dem die s\u00fcdlichen Stadtteile  &#8218;Seebach&#8216; und das Neubaugebiet &#8218;Fronhof&#8216; betroffen waren. Die dunklen  Stadtteile wurden im betreffenden Zeitraum verst\u00e4rkt bestreift. Hierbei  kam es zu keinen besonderen Vorkommnissen. Nach Angaben des  Bereitschaftsdienstes der Stadtwerke Bad D\u00fcrkheim war ein  durchgeschmortes Kabel urs\u00e4chlich f\u00fcr den Stromausfall. <\/p>\n\n\n\n<h4 class=\"wp-block-heading\">(Bad D\u00fcrkheim) &#8211; Verkehrskontrollen im Gewerbegebiet &#8218;Bruch&#8216;<\/h4>\n\n\n\n<p>Am Freitag, den 17.05.2019, in der Zeit zwischen 08:30 bis 10:00 Uhr,  wurden im Bad D\u00fcrkheimer Industriegebiet &#8218;Bruch&#8216; Verkehrskontrollen  durchgef\u00fchrt. Hierbei wurden gegen insgesamt sieben Fahrzeugf\u00fchrer  Ordnungswidrigkeitenanzeigen wegen verbotswidriger Benutzung des  Mobiltelefons eingeleitet. Die Betroffenen m\u00fcssen mit einem Bu\u00dfgeld in  H\u00f6he von 100 Euro und der Eintragung eines Punktes im  Fahreignungsregister in Flensburg rechnen. Weiter wurden gegen drei  Fahrzeugf\u00fchrer Verwarnungsgelder in H\u00f6he von 30 Euro wegen nicht  angelegtem Sicherheitsgurt erhoben. <\/p>\n\n\n\n<h4 class=\"wp-block-heading\">(Weisenheim am Berg) &#8211; Wohnungseinbruch mit fl\u00fcchtendem T\u00e4ter<\/h4>\n\n\n\n<p>In den fr\u00fchen Abendstunden des 17.05.2019, gegen 19:00 Uhr, kam es in  einem Wohngebiet in Weisenheim am Berg zu einem Einbruch in ein  Einfamilienhaus. Ein bislang unbekannter T\u00e4ter hebelte die Terrassent\u00fcre  auf und gelangte auf diesem Weg in das Objekt, wurde dann aber durch  die nach Hause kommende Familie aufgeschreckt und ergriff die Flucht. Da  der T\u00e4ter bei der Aus\u00fcbung seiner Tathandlung offensichtlich gest\u00f6rt  wurde, hat er kein Diebesgut erbeuten k\u00f6nnen. Eine Fahndung nach dem  Unbekannten verlief ergebnislos. Der Sachschaden an der Terrassent\u00fcr  bel\u00e4uft sich auf ca. 500 Euro. Zeugen, welche sachdienliche Hinweise  geben k\u00f6nnen, werden gebeten sich bei der Kriminalinspektion Neustadt an  der Weinstra\u00dfe, tel. 06321 8540, zu melden. <\/p>\n\n\n\n<h4 class=\"wp-block-heading\">(Hettenleidelheim \/ Gr\u00fcnstadt) &#8211; Totalschaden nach Unfall unter Alkoholeinfluss, 16.05.2019<\/h4>\n\n\n\n<p>Der 24-j\u00e4hrige Fahrer befuhr gegen 20:40 Uhr mit seinem Citroen C4 die L  453 aus Tiefenthal kommend in Richtung Hettenleidelheim. In einer  Linkskurve kam er aufgrund \u00fcberh\u00f6hter Geschwindigkeit von der Fahrbahn  ab und \u00fcberschlug sich. Gl\u00fccklicherweise kollidierte er dort nicht mit  einem Baum und wurde nur leicht verletzt. Am Fahrzeug entstand  Totalschaden. W\u00e4hrend der Unfallaufnahme konnte zudem Alkoholeinfluss  beim Fahrer festgestellt werden, 1,42 Promille. Ihm wurde eine Blutprobe  entnommen. Der F\u00fchrerschein wurde sichergestellt. <\/p>\n\n\n\n<h4 class=\"wp-block-heading\">(Maxdorf) &#8211; Diebstahl an Lkw<\/h4>\n\n\n\n<p>In der Nacht vom 15.05.2019 auf den 16.05.2019 betreten Unbekannte den  Betriebshof einer Spedition in der Hanns-H\u00f6rbiger-Stra\u00dfe und entwenden  einen Druckluftschlauch im Wert von 250EUR. Der Schlauch war an der  Kabine eines Sattelschleppers angebracht. <\/p>\n\n\n\n<p>Wer sachdienliche  Hinweise zu dem genannten Fall geben kann, wird gebeten sich mit der  Polizeiinspektion Frankenthal unter der Rufnummer 06233\/313-0 oder der  Polizeiwache Maxdorf unter der Rufnummer 06237\/934-100 in Verbindung zu  setzen. Hinweise k\u00f6nnen auch per E-Mail unter <a href=\"mailto:pifrankenthal@polizei.rlp.de\">pifrankenthal@polizei.rlp.de<\/a> an die Polizei \u00fcbermittelt werden. <\/p>\n\n\n\n<h4 class=\"wp-block-heading\">(Frankenthal-Eppstein) &#8211; Fahrraddemonstration in Frankenthal-Eppstein<\/h4>\n\n\n\n<p>Am Freitag, den 17.05.2019, in der Zeit von 17:00 &#8211; 18:00 Uhr, nehmen  ca. 200 Personen an einer geplanten Demonstration f\u00fcr einen Radweg in  Frankenthal-Eppstein teil. Die Veranstaltung wird zum Zwecke der  zeitweisen Sperrungen der D\u00fcrkheimer Stra\u00dfe sowie der L 524 durch die  Polizei begleitet und verl\u00e4uft ohne besondere Vorkommnisse. <\/p>\n\n\n\n<h4 class=\"wp-block-heading\">(Frankenthal) &#8211; Verkehrsunfall mit Flucht<\/h4>\n\n\n\n<p>Der Gesch\u00e4digte stellt seinen Pkw am 17.05.2019, in der Zeit von 11:50  Uhr bis 12:15 Uhr, ordnungsgem\u00e4\u00df in der Gutenbergstra\u00dfe auf dem  vordersten Parkplatz von der Wormser Stra\u00dfe her kommend ab. Als er  wieder zu seinem Fahrzeug zur\u00fcckkehrt, muss er feststellen, dass dieses  durch einen bislang unbekannten Fahrzeugf\u00fchrer an der hinteren linken  Fahrzeugseite besch\u00e4digt wurde. Vermutlich kollidierte der  Unfallverursacher beim Einbiegen in die Gutenbergstra\u00dfe mit dem Fahrzeug  des Gesch\u00e4digten und entfernte sich anschlie\u00dfend von der Unfallstelle.  Der Schaden bel\u00e4uft sich auf ca. 1500EUR. <\/p>\n\n\n\n<h4 class=\"wp-block-heading\">(Frankenthal) &#8211; Sachbesch\u00e4digung an PKW<\/h4>\n\n\n\n<p>In der Nacht vom 16.05.19 auf 17.05.19 wird der PKW des Gesch\u00e4digten  von unbekanntem T\u00e4ter in der Melchiorstra\u00dfe in Frankenthal entlang der  Beifahrerseite mittels spitzen Gegenstands zerkratzt. Der Schaden wird  auf ca. 500EUR gesch\u00e4tzt. <\/p>\n\n\n\n<h4 class=\"wp-block-heading\">(Frankenthal) &#8211; Verkehrsunfallflucht I<\/h4>\n\n\n\n<p>Der Gesch\u00e4digte stellt seinen Pkw am 16.05.2019, in der Zeit von 10.30  Uhr bis 11.00 Uhr, in der Wormser Stra\u00dfe 107 auf dem Parkplatz eines  Gartenmarktes ab. Als er wieder zu seinem Fahrzeug kommt, muss er  feststellen, dass dieses durch einen bislang unbekannten Fahrzeugf\u00fchrer  am hinteren linken Kotfl\u00fcgel besch\u00e4digt wurde. Der Schaden wird auf etwa  200 Euro gesch\u00e4tzt. <\/p>\n\n\n\n<p>Wer sachdienliche Hinweise zu dem genannten  Fall geben kann, wird gebeten sich mit der Polizeiinspektion Frankenthal  unter der Rufnummer 06233\/313-0 oder der Polizeiwache Maxdorf unter der  Rufnummer 06237\/934-100 in Verbindung zu setzen. Hinweise k\u00f6nnen auch  per E-Mail unter <a href=\"mailto:pifrankenthal@polizei.rlp.de\">pifrankenthal@polizei.rlp.de<\/a> an die Polizei \u00fcbermittelt werden. <\/p>\n\n\n\n<h4 class=\"wp-block-heading\">(Frankenthal) &#8211; Sachbesch\u00e4digung an Wohnhaus<\/h4>\n\n\n\n<p>Am 15.05.2019, in der Zeit von 18.00 Uhr bis 20.00 Uhr, besch\u00e4digen  bislang unbekannte T\u00e4ter die T\u00fcrsprechanlage eines Mehrfamilienhauses in  der Stra\u00dfe Am Rosengarten. Die Sprechanlage wird von der Wand gerissen  und hierbei auch der Putz besch\u00e4digt. Der Schaden wird auf etwa 800 Euro  gesch\u00e4tzt. <\/p>\n\n\n\n<p>Wer sachdienliche Hinweise zu dem genannten Fall \ngeben kann, wird gebeten sich mit der Polizeiinspektion Frankenthal \nunter der Rufnummer 06233\/313-0 oder der Polizeiwache Maxdorf unter der \nRufnummer 06237\/934-100 in Verbindung zu setzen. Hinweise k\u00f6nnen auch \nper E-Mail unter <a href=\"mailto:pifrankenthal@polizei.rlp.de\">pifrankenthal@polizei.rlp.de<\/a> an die Polizei \u00fcbermittelt werden. <\/p>\n\n\n\n<h4 class=\"wp-block-heading\">(Frankenthal) &#8211; Verkehrsunfallflucht II<\/h4>\n\n\n\n<p>Ein bislang unbekannter Fahrzeugf\u00fchrer besch\u00e4digt am 14.04.2019, in der  Zeit von 09.00 Uhr bis 15.30 Uhr, ein Garagentor in der Steinstra\u00dfe,  H\u00f6he Hausnummer 41.Der Schaden wird auf etwa 700 Euro gesch\u00e4tzt. <\/p>\n\n\n\n<p>Wer  sachdienliche Hinweise zu dem genannten Fall geben kann, wird gebeten  sich mit der Polizeiinspektion Frankenthal unter der Rufnummer  06233\/313-0 oder der Polizeiwache Maxdorf unter der Rufnummer  06237\/934-100 in Verbindung zu setzen. Hinweise k\u00f6nnen auch per E-Mail  unter <a href=\"mailto:pifrankenthal@polizei.rlp.de\">pifrankenthal@polizei.rlp.de<\/a> an die Polizei \u00fcbermittelt werden. <\/p>\n\n\n\n<h4 class=\"wp-block-heading\">(Ludwigshafen) &#8211; Misslungene Verkehrsunfallflucht unter Alkoholeinwirkung<\/h4>\n\n\n\n<p>Nach Aussage eines aufmerksamen Zeugen streifte am 18.05.2019, gegen  03.00 Uhr, ein Pkw im Vorbeifahren ein ordnungsgem\u00e4\u00df, am rechten  Stra\u00dfenrand geparktes Fahrzeug in der Herderstra\u00dfe und entfernte sich  unerlaubt von der Unfallstelle. Der Zeuge konnte sich das Kennzeichen  des Unfallverursachers merken und im Rahmen der Unfallaufnahme direkt an  die Polizei weiter melden. Das betreffende Fahrzeug konnte dann kurz  darauf im Stadtgebiet festgestellt und angehalten werden. Bei der  \u00dcberpr\u00fcfung des 32-j\u00e4hrigen Fahrers konnte eine deutliche  Alkoholisierung erkannt werden. Ein durchgef\u00fchrter Atemalkoholtest ergab  einen Wert von 2,6 Promille. Dem Fahrer wurde im Anschluss eine  Blutprobe entnommen. Sein F\u00fchrerschein wurde eingezogen. Der Schaden an  beiden Fahrzeugen wird auf ca. 4.000 Euro gesch\u00e4tzt. <\/p>\n\n\n\n<h4 class=\"wp-block-heading\">(Ludwigshafen) &#8211; Vier Leichtverletzte nach Vorfahrtsverletzung<\/h4>\n\n\n\n<p>Am 17.05.2019, gegen 21.30 Uhr, kam es an der Kreuzung Mundenheimer  Stra\u00dfe \/ Von-Weber-Stra\u00dfe in Ludwigshafen am Rhein zu einem  Verkehrsunfall mit vier leichtverletzten Personen. Nach den vorl\u00e4ufigen  polizeilichen Ermittlungen missachtete eine 45-j\u00e4hrige Pkw-Fahrerin aus  Ludwigshafen die Vorfahrt einer 23-j\u00e4hrigen Pkw-Fahrerin. Im  Kreuzungsbereich kam es dann zum Zusammensto\u00df beider Fahrzeuge. Nach  Zeugenaussage sei die Unfallverursacherin ohne anzuhalten in den  Kreuzungsbereich eingefahren. Alle vier Insassen der beiden Fahrzeuge  wurden bei dem Unfall leicht verletzt und wurden vor Ort durch die  Berufsfeuerwehr und Sanit\u00e4tskr\u00e4fte erstversorgt.  F\u00fcr die Dauer der  polizeilichen Verkehrsunfallaufnahme musste die Mundenheimer Stra\u00dfe f\u00fcr  beide Richtungen voll gesperrt werden. Es kam zu Versp\u00e4tungen im  \u00f6ffentlichen Nahverkehr. Der Schaden an den beteiligten Fahrzeugen wird  auf 10.000 Euro gesch\u00e4tzt. <\/p>\n\n\n\n<h4 class=\"wp-block-heading\">(Ludwigshafen-Friesenheim) &#8211; K\u00f6rperverletzung in Stra\u00dfenbahn<\/h4>\n\n\n\n<p>Am Freitag den 17.05.2019 kam es um 17:15 Uhr in der Stra\u00dfenbahn der  Linie 7 an der Haltestelle &#8222;Schopenhauerstra\u00dfe&#8220; zu einer Schl\u00e4gerei  zwischen drei Personen. Eine 32-j\u00e4hrige Mannheimerin  geriet mit einer  31-j\u00e4hrigen Frau aus B\u00fcrstadt in Streit, woraufhin sich ein bislang  unbekannter Mann einmischte und die Frauen aufforderte etwas ruhiger zu  sein. Die beiden stark alkoholisierten Frauen beleidigten den Mann,  woraufhin es zu einer Schl\u00e4gerei zwischen dem Mann und den beiden Frauen  kam, bis der Stra\u00dfenbahnf\u00fchrer die Bahn an der Haltestelle  Schopenhauerstra\u00dfe stoppte. Der Mann verlie\u00df die Bahn mit einem  Kleinkind im Kinderwagen und konnte durch die Polizei nicht mehr  angetroffen werden. <\/p>\n\n\n\n<p>F\u00fcr Zeugenhinweise insbesondere im Hinblick \nauf den unbekannten Mann, wenden sie sich an die Polizeiinspektion \nLudwigshafen 2 unter der Telefonnummer 0621\/963-2222. <\/p>\n\n\n\n<h4 class=\"wp-block-heading\">(Ludwigshafen) &#8211; Passanten finden m\u00e4nnliche Wasserleiche im Maudacher Bruch<\/h4>\n\n\n\n<h4 class=\"wp-block-heading\">Gemeinsame Presseerkl\u00e4rung des Polizeipr\u00e4sidiums Rheinpfalz und der Staatsanwaltschaft Frankenthal<\/h4>\n\n\n\n<p>Durch Passanten, deren Hund im Maudacher Bruch an den J\u00e4gerweiher lief,  wurde am Freitag, den 17.05.2019 um die Mittagszeit eine leblose  m\u00e4nnliche Person an der Wasseroberfl\u00e4che treibend gesichtet. Durch die  Berufsfeuerwehr der Stadt Ludwigshafen konnte der Leichnam geborgen  werden. <\/p>\n\n\n\n<p>Durch Ermittlungen und eine Vermisstenanzeige der Ehefrau konnte die Identit\u00e4t des Toten festgestellt werden. <\/p>\n\n\n\n<p>Hinweise auf ein Gewaltdelikt ergaben sich nicht. <\/p>\n\n\n\n<h4 class=\"wp-block-heading\">(Ludwigshafen) &#8211; Jugendliche \u00fcberfallen zwei 14-J\u00e4hrige<\/h4>\n\n\n\n<p>Am 16.05.2019 gegen 18:15 Uhr befanden sich zwei 14-J\u00e4hrige im Bereich  des Aufgangs Lichttor \/ Rathauscenter als sie von einer Gruppe von etwa  sieben Jugendlichen nach Zigaretten und Feuer gefragt wurden. Die  14-J\u00e4hrigen verneinten dies und gingen weiter. Die Gruppe folgte ihnen  und fragte nach Geld und Essen. Auch dies verneinten die 14-J\u00e4hrigen.  Daraufhin nahm ein Jugendlicher aus der Gruppe die von den 14-J\u00e4hrigen  mitgef\u00fchrte Einkaufst\u00fcte mit neu erworbenen Kleidungsst\u00fccken. Als er  jedoch feststellte, dass es sich durchgehend um die Gr\u00f6\u00dfe &#8222;S&#8220; handelte,  gab er die Kleidungsst\u00fccke wieder zur\u00fcck und nahm dem einen 14-J\u00e4hrigen  sein wei\u00dfes IPhone 6 ab. Als er sah, dass dieses bereits besch\u00e4digt war,  gab er es ihm ebenfalls wieder zur\u00fcck und nahm ihm drei Euro aus seiner  Hosentasche. Von dem anderen 14-J\u00e4hrigen forderte er die Herausgabe  seiner schwarzen Umh\u00e4ngetasche mit wei\u00dfer Aufschrift &#8222;Champion&#8220;. Dann  entfernte er sich zusammen mit der Gruppe in Richtung Hemshof. <\/p>\n\n\n\n<ul><li>Er war  16-17 Jahre alt<\/li><li>etwa 1,80 &#8211; 1,85 cm gro\u00df und hatte <\/li><li>leicht gelocktes Deckhaar sowie abrasiertes Seitenhaar<\/li><\/ul>\n\n\n\n<p>Sachdienliche Hinweise bitte an  die Polizeiinspektion Ludwigshafen 1, Telefonnummer 0621 963-2122 oder  per e-Mail <a href=\"mailto:piludwigshafen1@polizei.rlp.de\">piludwigshafen1@polizei.rlp.de<\/a> . <\/p>\n\n\n\n<h4 class=\"wp-block-heading\">(Ludwigshafen) &#8211; Arbeitsjacke gestohlen<\/h4>\n\n\n\n<p>Am 16.05.2019 zwischen 13:00 Uhr und 15:00 Uhr arbeitete ein  54-J\u00e4hriger an verschiedenen Laternen in der Tiroler Stra\u00dfe. Aufgrund  der warmen Temperatur zog er seine Arbeitsjacke aus und legte sie an der  Stra\u00dfe ab. Als er zum n\u00e4chsten Arbeitsplatz weiter fahren wollte,  musste er feststellen, dass seine Jacke gestohlen worden war. In der  Jacke befanden sich ein Geldbeutel sowie ein neues Mobiltelefon. <\/p>\n\n\n\n<p>Sachdienliche Hinweise bitte an die Polizeiinspektion Ludwigshafen 1, Telefonnummer 0621 963-2122 oder per e-Mail <a href=\"mailto:piludwigshafen1@polizei.rlp.de\">piludwigshafen1@polizei.rlp.de<\/a> . <\/p>\n\n\n\n<h4 class=\"wp-block-heading\">(Ludwigshafen) &#8211; Kleinkraftrad gestohlen<\/h4>\n\n\n\n<p>Zwischen dem 15.05.2019 gegen 22:30 Uhr und dem 16.05.2019 gegen 12:00  Uhr stahlen unbekannte T\u00e4ter ein Kleinkraftrad, das abgeschlossen auf  dem Gehweg in der Ostpreu\u00dfenstra\u00dfe stand. <\/p>\n\n\n\n<p>Sachdienliche Hinweise bitte an die Polizeiinspektion Ludwigshafen 1, Telefonnummer 0621 963-2122 oder per e-Mail <a href=\"mailto:piludwigshafen1@polizei.rlp.de\">piludwigshafen1@polizei.rlp.de<\/a> . <\/p>\n\n\n\n<h4 class=\"wp-block-heading\">(Ludwigshafen) &#8211; Versuchter Einbruch in Wohnung<\/h4>\n\n\n\n<p>In der Zeit zwischen dem 13.05.2019 gegen 00:00 Uhr und dem 16.05.2019  gegen 10:00 Uhr versuchten unbekannte T\u00e4ter in eine Wohnung eines  Mehrfamilienhauses in der Kaiser-Wilhelm-Stra\u00dfe einzubrechen. Es gelang  ihnen jedoch nicht, die Balkont\u00fcr aufzuhebeln. <\/p>\n\n\n\n<p>Sachdienliche Hinweise nimmt die Kriminalpolizei Ludwigshafen unter der Telefonnummer 0621\/963-2773 oder per Email <a href=\"mailto:kiludwigshafen@polizei.rlp.de\">kiludwigshafen@polizei.rlp.de<\/a> entgegen. <\/p>\n\n\n\n<h4 class=\"wp-block-heading\">(Mannheim) &#8211; Technischer Defekt einer Tiefk\u00fchltruhe verursacht 50.000 Euro Sachschaden<\/h4>\n\n\n\n<p>Am Samstagabend gegen 18.45 Uhr wurden Feuerwehr, Polizei und  Rettungsdienst in die Bellenstra\u00dfe nach Mannheim gerufen. Auf dem Balkon  eines Mehrfamilienhauses war es zu einem technischen Defekt einer  K\u00fchltruhe gekommen. Aufgrund der starken Hitzeentwicklung zerbrach in  der Folge das Glas der Balkont\u00fcr. Im weiteren Verlauf fing die K\u00fchltruhe  schlie\u00dflich Feuer. Durch die Rauchentwicklung und den seltsamen Geruch  wurde ein Nachbar auf den Brand aufmerksam. Dieser reagierte  geistesgegenw\u00e4rtig und suchte mit einem Feuerl\u00f6scher &#8222;bewaffnet&#8220; die  betroffene Wohnung auf, in welcher sich zum diesem Zeitpunkt lediglich  ein 15-j\u00e4hriger Bewohner aufhielt. Durch den herbeigeeilten Nachbarn  konnte der Brand jedoch nicht vollst\u00e4ndig unter Kontrolle gebracht  werden. Erst die eintreffende Feuerwehr konnte das Feuer letztlich  l\u00f6schen. Es entstand ein Sachschaden von ca. 50.000 Euro. Die Wohnung  ist bis auf Weiteres nicht mehr bewohnbar. Durch das Eingreifen des  engagierten Nachbarn, welcher im Anschluss vorsorglich aufgrund des  Verdachts einer Rauchgasintoxikation von einem Rettungsdienst untersucht  wurde, konnte ein \u00dcbergreifen der Flammen auf die Wohnung und somit  weitaus Schlimmeres verhindert werden. <\/p>\n\n\n\n<h4 class=\"wp-block-heading\">(Mannheim) &#8211; Einbruch in B\u00e4ckereifiliale<\/h4>\n\n\n\n<p>In der Nacht von Freitag auf Samstag verschaffte sich ein bislang  Unbekannter Zutritt in einer B\u00e4ckereifiliale in der Mozartstra\u00dfe und  brach einen Tresor auf. Der T\u00e4ter hebelte die Eingangst\u00fcre auf und  gelangte so in das Innere der B\u00e4ckerei. Dort \u00f6ffnete er unter  Gewalteinwirkung einen Tresor und entwendete das darin befindliche  Bargeld von mehr als 1.500 Euro. Zeugen des Vorfalls, der sich in der  Zeit von 18:15 Uhr bis 05:00 Uhr ereignet haben muss, werden gebeten,  sich unter 0621 1743310 an die Ermittler des Polizeireviers  Mannheim-Oststadt zu wenden. <\/p>\n\n\n\n<h4 class=\"wp-block-heading\">(Mannheim) &#8211; Kiosk \u00fcberfallen; Zeugen dringend<\/h4>\n\n\n\n<div class=\"wp-block-image\"><figure class=\"aligncenter\"><img decoding=\"async\" src=\"https:\/\/speyer24news.com\/wp-content\/uploads\/2019\/05\/Maskierter-T\u00e4ter-1024x941.jpg\" alt=\"\" class=\"wp-image-13865\"\/><\/figure><\/div>\n\n\n\n<p> Am fr\u00fchen Freitagabend wurde ein Kiosk in der Innenstadt \u00fcberfallen. <\/p>\n\n\n\n<p>Ein\n bislang unbekannter T\u00e4ter betrat kurz nach 19 Uhr den Kiosk im Quadrat K\n 4, bedrohte die Angestellte mit einem Messer und forderte die \nHerausgabe des Geldes. Mit wenigen hundert Euro verlie\u00df der Mann den \nGesch\u00e4ftsraum und fl\u00fcchtete in Richtung I5\/H5 und H6. <\/p>\n\n\n\n<p>Mehrere Zeugen wurden auf die Tat aufmerksam und verfolgten zun\u00e4chst den Fl\u00fcchtenden, verloren ihn jedoch aus den Augen. <\/p>\n\n\n\n<p>Wie\n die bisherigen Ermittlungen des Kriminaldauerdienstes der \nKriminalpolizeidirektion Heidelberg ergaben, sollen weitere Zeugen, den \nUnbekannten verfolgt haben, die den Fahndern allerdings namentlich noch \nnicht bekannt sind. <\/p>\n\n\n\n<p>Der T\u00e4ter wird wie folgt beschrieben: <\/p>\n\n\n\n<ul><li>ca. 170  cm<\/li><li>sehr schlank<\/li><li>schwarze, weite Sporthose; dunkle Oberbekleidung<\/li><li>Er war mit einer schwarzen Skimaske mit Sehschlitzen maskiert. <\/li><li>\u00dcber die Art des Messers liegen noch keine genauen Erkenntnisse vor. <\/li><li>Der Unbekannte sprach gebrochen Deutsch und k\u00f6nnte Osteurop\u00e4er gewesen sein. <\/li><\/ul>\n\n\n\n<p>Zeugen,\n die Hinweise zur Tat geben k\u00f6nnen oder denen der T\u00e4ter vor Begehung der\n Tat aufgefallen ist, werden gebeten, sich bei der Kriminalpolizei zu \nmelden. <\/p>\n\n\n\n<p>Insbesondere diejenigen Personen k\u00f6nnten die Fahnder bei \nder Kl\u00e4rung des \u00dcberfalls einen entscheidenden Schritt weiterbringen, \ndie den Fl\u00fcchtenden nach der Tat verfolgten und sich aber bislang noch \nnicht mit der Polizei in Verbindung gesetzt haben. <\/p>\n\n\n\n<p>Von diesen \nwichtigen Zeugen erhoffen sich die Ermittler weitere Erkenntnisse zur \nFluchtrichtung des T\u00e4ters sowie zu dessen Person selbst, die zu dessen \nIdentifizierung f\u00fchren k\u00f6nnten. <\/p>\n\n\n\n<p>Hinweise bitte an den Kriminaldauerdienst, Tel.: 0621\/174-4444 oder jede andere Polizeidienststelle. <\/p>\n\n\n\n<h4 class=\"wp-block-heading\">(Mannheim) &#8211; Autofahrer erfasst Radfahrer \/ Zum Gl\u00fcck nur leicht verletzt<\/h4>\n\n\n\n<p>Beim Einfahren von der Flo\u00dfw\u00f6rthstra\u00dfe in die Franz-Grashof-Stra\u00dfe  \u00fcbersah am Mittwoch kurz vor 14 Uhr ein 74-j\u00e4hriger VW Passat-Fahrer  einen ordnungsgem\u00e4\u00df fahrenden 35-j\u00e4hrigen Radfahrer und erfasste diesen.  Bei dem Sturz zog sich der Radfahrer gl\u00fccklicherweise nur leichte  Verletzungen zu, wollte sich aber dennoch im Anschluss in \u00e4rztliche  Behandlung begeben. An Auto und Fahrrad entstand ein Gesamtschaden von  ca. 1.200 Euro. <\/p>\n\n\n\n<p>Der Verursacher sieht einer Anzeige entgegen. <\/p>\n\n\n\n<h4 class=\"wp-block-heading\">(Mannheim-Innenstadt) &#8211; Streit am Paradeplatz eskaliert<\/h4>\n\n\n\n<p>Aufgrund der Video\u00fcberwachung am Paradeplatz wurden die Beamten am Samstag um  01:20 Uhr auf eine Handgreiflichkeit zwischen mehreren M\u00e4nnern in O 1  aufmerksam. Die Situation eskalierte, als ein 19-J\u00e4hriger auf mehrere  M\u00e4nner einschlug und auf einen am Boden liegenden 38-J\u00e4hrigen eintrat.  Der wurde dabei am Kopf verletzt. Anschlie\u00dfend fl\u00fcchtete der T\u00e4ter. Die  alarmierten Beamten fanden vor Ort allerdings den Geldbeutel samt  Personalausweis des Fl\u00fcchtigen &#8211; diesen hatte er im Gerangel verloren.  Bei der anschlie\u00dfenden Fahndung wurde der, mit 0,5 Promille  alkoholisierte Schl\u00e4ger dann festgenommen. Ihn erwartet nun eine Anzeige  wegen gef\u00e4hrlicher K\u00f6rperverletzung. Der leichtverletzte 38-J\u00e4hrige  wurde noch vor Ort von Sanit\u00e4tern behandelt. <\/p>\n\n\n\n<h4 class=\"wp-block-heading\">(Mannheim-Innenstadt) &#8211; Fahrstreifen gewechselt und Unfall gebaut.<\/h4>\n\n\n\n<p>Eine leichtverletzte Person und erheblicher Sachschaden ist das  Ergebnis eines Verkehrsunfalls am Freitagmorgen in der Mannheimer  Innenstadt. Ein 61-j\u00e4hriger Mann war gegen 7.45 Uhr mit seinem Lastwagen  auf der linken Spur der Konrad-Adenauer-Br\u00fccke in Richtung Ludwigshafen  unterwegs. In der Br\u00fcckenmitte wechselte er auf den rechten  Fahrstreifen und stie\u00df dabei mit einem 53-j\u00e4hrigen Mercedes-Fahrer  zusammen. Der Mercedes drehte sich durch den Zusammenprall um die eigene  Achse und kam mittig zwischen den Fahrspuren zum Stehen. Der 53-J\u00e4hrige  klagte anschlie\u00dfend \u00fcber Schmerzen und \u00dcbelkeit. Er wurde vorsorglich  zur Untersuchung in ein Krankenhaus eingeliefert. <\/p>\n\n\n\n<p>Der Mercedes \nwar nach dem Zusammensto\u00df nicht mehr fahrbereit und musste abgeschleppt \nwerden. Der Sachschaden wird auf rund 12.000 Euro gesch\u00e4tzt. <\/p>\n\n\n\n<p>W\u00e4hrend  der Unfallaufnahme waren vor\u00fcbergehend beide Fahrspuren in Richtung  Ludwigshafen blockiert. Der Verkehr wurde w\u00e4hrenddessen \u00fcber das  Gleisbett der Stra\u00dfenbahn an der Unfallstelle vorbei geleitet. Es  ergaben sich leichte Verkehrsbeeintr\u00e4chtigungen. Gegen 10.30 Uhr konnte  die Fahrbahn wieder komplett freigegeben werden. <\/p>\n\n\n\n<h4 class=\"wp-block-heading\">(Mannheim-Schwetzingerstadt) &#8211; Nach Kneipenschl\u00e4gerei ins Krankenhaus<\/h4>\n\n\n\n<p>In der Nacht von Donnerstag auf Freitag kam es in einer Gastst\u00e4tte in  der Augartenstra\u00dfe zun\u00e4chst zu Streitigkeiten, die letztlich mit einer  Fahrt ins Krankenhaus endeten. Ein alkoholisierter 46-J\u00e4hrige geriet um  kurz nach 1 Uhr mit mehreren G\u00e4sten in Streit, da er sich mit der  Belegung der Spielautomaten nicht zufriedengab. Dabei sch\u00fcttete er ein  Glas Weinschorle auf eine 43-J\u00e4hrige und einen 49-J\u00e4hrigen. Dem nicht  genug baute er sich vor der Frau auf, woraufhin der Begleiter sofort  einschritt. Bei der anschlie\u00dfenden k\u00f6rperlichen Auseinandersetzung  schlug der Streithahn den 49-J\u00e4hrigen mit einem Glas ins Gesicht.  Mehrere Streifenwagen und ein Rettungswagen wurden alarmiert. Der Mann  erlitt eine stark blutende Schnittwunde, die anschlie\u00dfend in einem  Krankenhaus behandelt werden musste. Der Schl\u00e4ger wurde festgenommen und  in das Polizeirevier gebracht, wo ihm eine Blutprobe entnommen wurde.  Er muss sich nun wegen gef\u00e4hrlicher K\u00f6rperverletzung verantworten. <\/p>\n\n\n\n<h4 class=\"wp-block-heading\">(Mannheim-Neckarstadt) &#8211; Autofahrer \u00f6ffnet unachtsam die Autot\u00fcr \/ Radfahrer f\u00e4hrt dagegen und wird leicht verletzt<\/h4>\n\n\n\n<p>Ein 53-j\u00e4hriger Mann wollte am Donnerstagnachmittag, gegen 15:45 Uhr,  in der Langen R\u00f6tterstra\u00dfe aus seinem geparkten Auto aussteigen und  \u00f6ffnete unachtsam die Fahrert\u00fcr. Ein herannahender 54-j\u00e4hriger Radfahrer  bremste daraufhin stark ab, konnte eine Kollision allerdings nicht mehr  vermeiden. Er prallte gegen die Autot\u00fcr, st\u00fcrzte zu Boden und zog sich  eine Platzwunde am Bein zu. Der Mann lehnte eine Behandlung vor Ort ab  und suchte selbstst\u00e4ndig einen Arzt auf. Dessen Fahrrad wurde durch die  Kollision leicht besch\u00e4digt, am Auto des 53-J\u00e4hrigen entstand kein  Schaden.<\/p>\n\n\n\n<h4 class=\"wp-block-heading\">(Mannheim-Waldhof) &#8211; Opel-Fahrerin missachtet Vorfahrt und kollidiert mit Mercedes \/ \u00dcber 10.000 Euro Sachschaden<\/h4>\n\n\n\n<p>Eine 58-j\u00e4hrige Opel-Fahrerin verursachte am Donnerstag, gegen 19:10  Uhr, in der Alten Frankfurter Stra\u00dfe\/Ecke Hanauer Stra\u00dfe einen  Verkehrsunfall, bei dem Sachschaden in H\u00f6he von \u00fcber 10.000 Euro  entstand. Die Frau war mit ihrem Opel von der Alten Frankfurter Stra\u00dfe  in den Einm\u00fcndungsbereich eingefahren und kollidierte dabei mit einem  von links kommenden vorfahrtsberechtigten 65-j\u00e4hrigen Mercedes-Fahrer.  Durch den heftigen Aufprall wurde die Mercedes E-Klasse sowie der Opel  nicht unerheblich besch\u00e4digt. Verletzungen zog sich aber  gl\u00fccklicherweise keiner der Beteiligten zu. <\/p>\n\n\n\n<h4 class=\"wp-block-heading\">(Mannheim-Neckarau) &#8211; Hoher Sachschaden nach Unfallflucht \/ Zeugen gesucht<\/h4>\n\n\n\n<p>Bereits am Montagabend ereignete sich in der Karl-Marx-Stra\u00dfe, H\u00f6he  M\u00f6nchw\u00f6rthstra\u00dfe, ein Verkehrsunfall bei dem der Verursacher fl\u00fcchtete.  Dieser besch\u00e4digte mit seinem Fahrzeug einen geparkten Chevrolet, an dem  mehr als 4.000 EUR Sachschaden entstanden. Der bislang unbekannte  Fahrer fl\u00fcchtete. Der Unfall soll sich in der Zeit von 21:10 Uhr bis  21:40 Uhr zugetragen haben. Zeugen, werden gebeten, sich unter 0621  833970 an die Ermittler des Polizeireviers Mannheim-Neckarau zu wenden. <\/p>\n\n\n\n<h4 class=\"wp-block-heading\">(Mannheim-K\u00e4fertal) &#8211; Schwerpunktkontrollen zur Bek\u00e4mpfung des Deliktfeldes &#8222;Schwarzfahren&#8220;<\/h4>\n\n\n\n<p>Am Donnerstag zwischen 15 Uhr und 18 Uhr unterst\u00fctzten 16 Beamte des  Polizeireviers Mannheim-K\u00e4fertal die Schwerpunktkontrollen der RNV GmbH  zur Bek\u00e4mpfung des Deliktfeldes &#8222;Erschleichen von Leistungen &#8211;  Schwarzfahren&#8220;. <\/p>\n\n\n\n<p>Insgesamt wurden am OEG Bahnhof in der Birkenauer\n Stra\u00dfe 72 Stra\u00dfenbahnen von 26 Kontrolleuren der RNV kontrolliert, 65 \nPersonen polizeilich \u00fcberpr\u00fcft. <\/p>\n\n\n\n<p>Es wurden 175 Anzeigen wegen Schwarzfahrens gefertigt die Beanstandungsquote lag bei \u00fcber f\u00fcnf Prozent. <\/p>\n\n\n\n<p>Gegen\n 16.20 Uhr kontrollierte ein Fahrausweispr\u00fcfer der RNV eine 32-J\u00e4hrige, \ndie zwar im Besitz eines Fahrscheins war, jedoch diesen nicht entwertet \nhatte. Als die 32-J\u00e4hrige eine EC-Karte dem Fahrausweispr\u00fcfer \u00fcbergab, \ndamit dieser die Personalien notieren konnte, mischte sich ihr \n24-j\u00e4hriger Begleiter ein, der dem Fahrpr\u00fcfer die EC-Karte wieder aus \nder Hand riss. Ein Polizeibeamter wollte dem Fahrausweispr\u00fcfer die \nEC-Karte zur\u00fcckgeben, worauf der 24-J\u00e4hrige den Polizeibeamten \nunvermittelt mit der flachen Hand ins Gesicht schlug. <\/p>\n\n\n\n<p>Der \nPolizeibeamte versuchte den Angreifer zu fixieren, hier versuchte der \n24-J\u00e4hrige den Polizeibeamten zu treten und zu schlagen. Der 24-J\u00e4hrige \nwurde dann von drei Polizeibeamten zu Boden gebracht und sollte \ngefesselt werden. W\u00e4hrenddessen trat nun die 32-J\u00e4hrige einem \nPolizeibeamten in die Kniekehle und versuchte diesen von ihrem Begleiter\n wegzuziehen. Auch dieser Angriff wurde von einem Polizeibeamten \nunterbunden. Als die 32-J\u00e4hrige dann fl\u00fcchten wollte, wurde sie \nvorl\u00e4ufig festgenommen. <\/p>\n\n\n\n<p>Der 24-j\u00e4hrige Angreifer sollte im \nAnschluss zum Revier K\u00e4fertal transportiert werden, er stemmte sich mit \nden F\u00fcssen gegen den Schweller des Streifenwagens und schlug in der \nFolge mit seinem Kopf gegen die Scheibe des Streifenwagens. Dieser wurde\n nicht besch\u00e4digt. <\/p>\n\n\n\n<p>Zwei Beamte wurden bei dem Angriff des P\u00e4rchens leicht verletzt, konnten jedoch ihren Dienst fortsetzen. <\/p>\n\n\n\n<p>Bei beiden Beschuldigten bestand der Verdacht der Drogenbeeinflussung, weshalb ihnen im Revier eine Blutprobe entnommen wurde. <\/p>\n\n\n\n<p>Nach Abschluss der polizeilichen Ma\u00dfnahmen wurden die Beschuldigten wieder auf freien Fu\u00df gesetzt. <\/p>\n\n\n\n<p>Gegen\n beide wird nun u.a. wegen t\u00e4tlichen Angriffs auf Polizeibeamte, \nWiderstand gegen Vollstreckungsbeamte, gegen die 24-J\u00e4hrige zus\u00e4tzlichen\n wegen Erschleichen von Leistungen ermittelt. <\/p>\n\n\n\n<p>Die Ermittlungen dauern an. <\/p>\n\n\n\n<h4 class=\"wp-block-heading\">(Heidelberg) &#8211; Betrunkene Radfahrer gest\u00fcrzt<\/h4>\n\n\n\n<p>Gleich zwei Radfahrer st\u00fcrzten in der Nacht von Freitag auf Samstag in  der Rohrbacher Stra\u00dfe mit ihren R\u00e4dern &#8211; beide waren betrunken. Zun\u00e4chst  wurden die Beamten des Polizeireviers Heidelberg-S\u00fcd um Mitternacht zu  einem Verkehrsunfall in die Rohrbacher Stra\u00dfe auf H\u00f6he der G\u00f6rresstra\u00dfe  gerufen. Eine 43-j\u00e4hrige Radfahrerin st\u00fcrzte w\u00e4hrend der Fahrt nach  einer angeblichen Kollision mit einem anderen Radler. Eine \u00dcberpr\u00fcfung  der Beamten, sowie Zeugen best\u00e4tigten dies allerdings nicht. Die  Radfahrerin st\u00fcrzte wahrscheinlich aufgrund ihres Atemalkoholwerts von  1,72 Promille. Au\u00dferdem verletzte sie sich dabei leicht. Nicht schlecht  staunten die Beamten, als w\u00e4hrend der Unfallaufnahme ein 50-j\u00e4hriger  Radfahrer vorbeifuhr, ins Schlingern geriet und ebenfalls st\u00fcrzte. Als  sie ihm zu Hilfe eilten, stellten die Uniformierten schnell  Alkoholgeruch fest. Der Mann war mit 1,64 Promille unterwegs. Beiden  Radlern wurden Blutproben entnommen &#8211; sie erwartet nun eine Strafanzeige  wegen Trunkenheit im Stra\u00dfenverkehr. <\/p>\n\n\n\n<p>Schon ab 0,3 Promille \ndrohen auch Fahrradfahrern ein Fahrverbot und eine Anzeige. N\u00e4mlich \ndann, wenn der Fahrer aufgrund seines Alkoholgenusses nicht mehr in der \nLage ist, sich sicher im Stra\u00dfenverkehr zu verhalten. Die absolute \nGrenze liegt bei 1,6 Promille. <\/p>\n\n\n\n<h4 class=\"wp-block-heading\">(Heidelberg-Altstadt) &#8211; Dieb fl\u00fcchtet aus Gesch\u00e4ft \/ Polizeibeamter nimmt die Verfolgung auf<\/h4>\n\n\n\n<p>Damit hatte ein 25-j\u00e4hriger Ladendieb nicht gerechnet: Nachdem der  junge Mann einen Pullover im Wert von knapp 50 Euro aus einem Gesch\u00e4ft  in Hauptstra\u00dfe gestohlen hatte, fl\u00fcchtete in die Fu\u00dfg\u00e4ngerzone. Eine  Verk\u00e4uferin verfolgte den Dieb allerdings und machte lautstark auf die  Situation aufmerksam. Ein Polizeibeamter, der sich um 14:30 Uhr zuf\u00e4llig  in seiner Freizeit in der Fu\u00dfg\u00e4ngerzone aufhielt, z\u00f6gerte nicht lange  und versetzte sich in den Dienst. Er nahm die Verfolgung zu Fu\u00df auf und  stellte den Fl\u00fcchtigen. Als er daraufhin die im Dienst befindlichen  Kollegen alarmierte, schlug der T\u00e4ter unvermittelt auf den ausgewiesenen  Beamten ein und versuchte erneut zu fl\u00fcchten, was ihm jedoch nicht  gelang. Die uniformierten Beamten des Polizeireviers Heidelberg-Mitte  nahmen den 25-J\u00e4hrigen fest. Ihn erwartet nun eine Anzeige wegen  Diebstahls und wegen t\u00e4tlichen Angriffs auf Polizeibeamte. Der Beamte,  der sich in den Dienst versetzt hatte, wurde leicht verletzt, konnte  seine Freizeit aber &#8222;fortsetzen&#8220;. <\/p>\n\n\n\n<h4 class=\"wp-block-heading\">(Schwetzingen \/ Rhein-Neckar-Kreis) &#8211; Diebstahl aus Gastst\u00e4tte \/ Wer hat Beobachtungen gemacht ? Hinweise an die Polizei<\/h4>\n\n\n\n<p>Zwei Handys, ein Portmonee mit Bargeld, EC-Karte und Ausweisdokumenten  stahlen am Donnerstagmittag bislang unbekannte T\u00e4ter aus dem  Umkleideraum einer Gastst\u00e4tte in der Bahnhofsanlage. Die beiden  Besch\u00e4ftigten hatten sich gegen 14 Uhr in dem Raum aufgehalten und ihre  Utensilien dort auch deponiert. Bislang Unbekannte betraten den  unverschlossenen Raum und stahlen das iPhone, das ASUS-Handy wie auch  das Portmonee. Die Gesamtschadensh\u00f6he betr\u00e4gt rund 1.000 Euro. Das Lokal  war am Nachmittag stark besucht. Zeugen, die evtl. etwas Verd\u00e4chtiges  bemerkt haben und Hinweise geben k\u00f6nnen, werden gebeten, sich mit dem  Polizeirevier Schwetzingen, Tel.: 06202\/2880, in Verbindung zu setzen. <\/p>\n\n\n\n<h4 class=\"wp-block-heading\">(Wiesloch \/ Rhein-Neckar-Kreis) &#8211; Hochwertiges Auto gestohlen \/ Polizei sucht Zeugen<\/h4>\n\n\n\n<p>In der Nacht von Mittwoch auf Donnerstag entwendeten unbekannte T\u00e4ter  in Wiesloch ein hochwertiges Auto. Der Eigent\u00fcmer stellte das Fahrzeug,  ein hochmotorisierter schwarzer Audi RS 8, kurz nach Mitternacht auf dem  Stellplatz seines Anwesens in der Alten Bruchsaler Stra\u00dfe ab. Ein  Hausmitbewohner bemerkte gegen 5 Uhr, dass das Fahrzeug nicht mehr an  seinem Platz stand. <\/p>\n\n\n\n<p>Der Eigent\u00fcmer des Fahrzeugs ist noch im \nBesitz beider Fahrzeugschl\u00fcssel, weitere Schl\u00fcssen existieren nicht. Bei\n dem Fahrzeug handelt es sich um ein Auto mit dem sogenannten \nKeyless-Go-System. <\/p>\n\n\n\n<p>Zeugen, die im am Donnerstagmorgen, zwischen \n0.30 Uhr und 5 Uhr verd\u00e4chtige Wahrnehmungen gemacht haben, werden \ngebeten, sich beim Kriminaldauerdienst der Kriminalpolizeidirektion \nHeidelberg, Tel.: 0621\/174-4444 zu melden. <\/p>\n\n\n\n<p>In diesem Zusammenhang  weist die Polizei Nutzer von Fahrzeugen, die mit dem Keyless-Go-System  ausgestattet sind, auf folgendes hin: <\/p>\n\n\n\n<ul><li>Legen Sie den Schl\u00fcssel nie in der N\u00e4he der Haus- oder <br>Wohnungst\u00fcr ab bzw. versuchen Sie das Funksignal durch geeignete<br>Ma\u00dfnahmen (z. B. Aluminiumh\u00fcllen) abzuschirmen. Machen Sie <br>vorher den Selbsttest. Nur wenn das Fahrzeug sich nicht einmal <br>dann \u00f6ffnet, wenn Sie den &#8222;abgeschirmten&#8220; Schl\u00fcssel direkt neben<br>die Fahrzeugt\u00fcr halten, haben auch die Diebe mit dieser Technik <br>keine Chance.<\/li><li>Achten Sie beim Aussteigen aus dem Wagen auf Personen mit <br>Aktenkoffern in Ihrer unmittelbaren N\u00e4he. Dabei k\u00f6nnte es sich <br>um professionelle Autodiebe handeln.<\/li><li>Fragen Sie bei dem Hersteller Ihres Fahrzeuges, ob f\u00fcr Ihr <br>Fahrzeug der Komfortzugang tempor\u00e4r deaktiviert werden kann. <br>Manche Hersteller bieten am Schl\u00fcssel die Funktion, durch <br>zweimaliges Dr\u00fccken auf die Verriegelungs-Taste am Schl\u00fcssel, <br>die Keyless Funktion ganz auszuschalten. Fragen Sie bei Ihrer <br>Fachwerkstatt nach, welche M\u00f6glichkeit es speziell f\u00fcr Ihr <br>ahrzeug gibt. <\/li><\/ul>\n\n\n\n<h4 class=\"wp-block-heading\">(Wiesloch \/ Rhein-Neckar-Kreis) &#8211; Kinder verd\u00e4chtig angesprochen \/ 39-j\u00e4hriger Mann ermittelt<\/h4>\n\n\n\n<p>Wie bereits berichtet, wurden im April 2019 in Wiesloch mehrfach Kinder  in verd\u00e4chtiger Weise von einem zun\u00e4chst unbekannten Mann angesprochen.  Meist wollte er Handynummern oder Instagram-Namen austauschen, um  Bilder zu tauschen. In einem Fall hatte der Mann zwei M\u00e4dchen Zigaretten  angeboten. Anhand von Personenbeschreibungen und Fotos, die ein Kind  von dem Mann gefertigt hatte, konnte zwischenzeitlich ein 39-j\u00e4hriger  Mann als Kinderansprecher ermittelt und identifiziert werden. Ein  sexueller Hintergrund f\u00fcr das Ansprechen der Kinder war bei dem Mann  nicht erkennbar. Vielmehr suchte er Kontakt zu Mitmenschen. Auch  strafrechtlich relevante Ermittlungsans\u00e4tze ergaben sich nicht. Der Mann  wurde eindringlich aufgefordert, ein Ansprechen von Kindern und  Jugendlichen zuk\u00fcnftig zu unterlassen. Weitere Ma\u00dfnahmen gegen den Mann,  der in einer betreuten Wohneinrichtung untergebracht ist, waren nicht  geboten. <\/p>\n\n\n\n<h4 class=\"wp-block-heading\">(Rauenberg \/ Rhein-Neckar-Kreis) &#8211; Multifunktionslenkrad und Tachoeinheit geklaut \/ Polizei sucht Zeugen<\/h4>\n\n\n\n<p>Die Scheibe eines BMW 520D, der vor einem Anwesen im Stichlingweg in  der Nacht zum Donnerstag abgestellt war, schlugen bislang unbekannte  T\u00e4ter ein und bauten das Multifunktionslenkrad wie auch die Tachoeinheit  aus. Hierbei handelt es sich um Originalteile, dessen  Gesamtschadensh\u00f6he bislang noch nicht bekannt ist. Am Mittwoch gegen 18  Uhr parkte der Gesch\u00e4digte seinen Wagen und musste am n\u00e4chsten Morgen  den Diebstahl feststellen. <\/p>\n\n\n\n<p>Er verst\u00e4ndigte umgehend die Polizei. <\/p>\n\n\n\n<p>Zeugen,\n die zur Tatzeit Beobachtungen gemacht haben und Hinweise geben k\u00f6nnen, \nwerden gebeten, sich mit dem Polizeirevier Wiesloch, Tel.: 06222\/57090, \noder der Kriminalpolizeidirektion Heidelberg, Tel.: 0621\/174-4444, in \nVerbindung zu setzen. <\/p>\n\n\n\n<h4 class=\"wp-block-heading\">(Dielheim \/ Rhein-Neckar-Kreis) &#8211; Infotruck &#8222;Einbruchschutz&#8220; macht am 23.05.2019 Halt auf dem Dorfplatz<\/h4>\n\n\n\n<figure class=\"wp-block-image\"><a href=\"https:\/\/cache.pressmailing.net\/content\/20d50c06-fab8-4350-84ea-0472e7c46901\/Infotruck.jpeg?attachment=false.jpg\"><img decoding=\"async\" src=\"https:\/\/cache.pressmailing.net\/thumbnail\/story_big\/20d50c06-fab8-4350-84ea-0472e7c46901\/pol-ma-dielheim-rhein-neckar-kreis-infotruck-einbruchschutz-macht-am-23-05-2019-halt-auf-dem-dorfpla\" alt=\"POL-MA: Dielheim\/Rhein-Neckar-Kreis: Infotruck &quot;Einbruchschutz&quot; macht am 23.05.2019 Halt auf dem Dorfplatz\"\/><\/a><\/figure>\n\n\n\n<p>EINSTEIGEN BITTE&#8230; DAMIT BEI IHNEN NIEMAND EINSTEIGT! <\/p>\n\n\n\n<p>Als\n besonderes Serviceangebot zum Thema &#8220; Wirksamer Schutz vor \nWohnungseinbruch&#8220; ist das Polizeipr\u00e4sidium Mannheim mit einem Infotruck \ndes LKA Baden-W\u00fcrttemberg, einer mobilen Beratungsstelle, am 23.05.2019 \nin Dielheim zu Besuch: <\/p>\n\n\n\n<ul><li><strong>10:00-18.00 Uhr auf dem Dorfplatz (Hauptstra\u00dfe) <\/strong><\/li><\/ul>\n\n\n\n<p>Der\n Infotruck beherbergt eine komplette Beratungsstelle. Dort gibt es die \nM\u00f6glichkeit, sich zum Thema Wohnungseinbruch zu informieren. Man bekommt\n dort einen schnellen und umfassenden \u00dcberblick, wie man sich durch \nmechanische und elektronische Sicherungstechnik sch\u00fctzen kann. Ein \nweiterf\u00fchrender und kostenloser Service der Kriminalpr\u00e4vention ist \nau\u00dferdem die Vor-Ort-Beratung, bei der Fachberater zu interessierten \nB\u00fcrgern nach Hause kommen und eine speziell auf deren Haus bzw. Wohnung \nausgerichtete Schwachstellenanalyse erstellen. Im Informationsfahrzeug \nbesteht die M\u00f6glichkeit zur Vereinbarung eines Termins. <\/p>\n\n\n\n<p>F\u00fcr \nweitere Fragen steht die Kriminalpolizeiliche Beratungsstelle in \nMannheim: 0621\/174-1212 oder Heidelberg: 0621\/174-1234 jeweils zwischen \nMontag und Freitag in der Zeit von 08.00 und 16.00 Uhr zur Verf\u00fcgung. <\/p>\n\n\n\n<p>Per E-Mail: <a href=\"mailto:beratungsstelle.ma@polizei.bwl.de\">beratungsstelle.ma@polizei.bwl.de<\/a> oder <a href=\"mailto:beratungsstelle.hd@polizei.bwl.de\">beratungsstelle.hd@polizei.bwl.de<\/a> <\/p>\n\n\n\n<h4 class=\"wp-block-heading\">(Meckesheim \/ Eschelbronn \/ Wiesenbach \/ Rhein-Neckar-Kreis) &#8211; 18- und 31-J\u00e4hriger in Uhaft wegen Brandstiftungen<\/h4>\n\n\n\n<h4 class=\"wp-block-heading\">Gemeinsame Pressemitteilung der Staatsanwaltschaft Heidelberg und des  Polizeipr\u00e4sidiums Mannheim<\/h4>\n\n\n\n<p>18- und 31-J\u00e4hriger wegen gemeinschaftlicher Brandstiftung in vier  F\u00e4llen sowie gemeinschaftlicher Sachbesch\u00e4digung auf Antrag der  Staatsanwaltschaft Heidelberg in Untersuchungshaft <\/p>\n\n\n\n<p>Auf Antrag der Staatsanwaltschaft Heidelberg wurden Haftbefehle gegen einen 18- und 31-j\u00e4hrigen Mann erlassen. <\/p>\n\n\n\n<p>Die\n beiden M\u00e4nner stehen im dringenden Verdacht, im Zeitraum vom 30.04.2019\n bis zum 15.05.2019 in Meckesheim und Umgebung gemeinschaftlich mehrere \nH\u00fctten in Brand gesetzt zu haben, die dadurch vollst\u00e4ndig zerst\u00f6rt \nwurden. <\/p>\n\n\n\n<p>Unter anderem sollen die Tatverd\u00e4chtigen am 07.05.2019 \ngegen 18:40 Uhr eine Jagdh\u00fctte in M\u00f6nchzell angez\u00fcndet und so einen \nSchaden von mehr als 50.000 Euro verursacht haben. <\/p>\n\n\n\n<p>Aufgrund \numfangreicher Ermittlungen der Kriminalpolizei Heidelberg wurden die \nbeiden Tatverd\u00e4chtigen ermittelt und am 16.05.2019 festgenommen. Ein \nweiterer Komplize wurde zwischenzeitlich wieder auf freien Fu\u00df \nentlassen. <\/p>\n\n\n\n<p>Am Freitagvormittag wurden die beiden deutschen \nStaatsangeh\u00f6rigen der Ermittlungsrichterin beim Amtsgericht Heidelberg \nvorgef\u00fchrt. Diese erlie\u00df auf Antrag der Staatsanwaltschaft Heidelberg \nHaftbefehl. Anschlie\u00dfend wurden die Verd\u00e4chtigen in verschiedene \nJustizvollzugsanstalten eingeliefert. <\/p>\n\n\n\n<p>Die Ermittlungen der  Staatsanwaltschaft Heidelberg sowie der Kriminalpolizei Heidelberg zu  der Serie von Brandstiftungen dauern an. <\/p>\n\n\n\n<h4 class=\"wp-block-heading\">(Wiesenbach \/ Rhein-Neckar-Kreis) &#8211; 2 leicht Verletzte nach Verkehrsunfall<\/h4>\n\n\n\n<p>Am Freitagabend, kurz nach 18 Uhr, befuhr ein 21-j\u00e4hriger junger Mann  mit seinem Citroen die Langenzeller Stra\u00dfe (K4200) in Richtung  Hauptstra\u00dfe (L532). An der Einm\u00fcndung Langenzeller Stra\u00dfe \/ Hauptstra\u00dfe  bog der 21-J\u00e4hrige nach links ab und \u00fcbersah hierbei einen 36-j\u00e4hrigen  Mann, der mit seinem VW die Hauptstra\u00dfe von Lobbach kommend in Richtung  Wiesenbach befuhr. Im Einm\u00fcndungsbereich kam es zum Zusammensto\u00df.  Hierbei wurden beide Fahrzeuge total besch\u00e4digt und mussten im Anschluss  an die Unfallaufnahme abgeschleppt werden. Die beiden Unfallbeteiligten  wurden leicht verletzt und vorsorglich in ein Krankenhaus eingeliefert.  Es entstand ein gesch\u00e4tzter Sachschaden in H\u00f6he von 15.000.- Euro. Vor  Ort befanden sich 2 Rettungsfahrzeuge, ein Notarzt wie auch die  Freiwillige Feuerwehr Wiesenbach mit 7 Einsatzkr\u00e4ften. W\u00e4hrend der  Verkehrsunfallaufnahme wurde der Verkehr einspurig an der  Unfall\u00f6rtlichkeit vorbeigeleitet. Es kam nur zu geringf\u00fcgigen  Verkehrsbeeintr\u00e4chtigungen. <\/p>\n\n\n\n<h4 class=\"wp-block-heading\">(Eberbach \/ Rhein-Neckar-Kreis) &#8211; Zeugen f\u00fcr Unfall auf dem Kaufland-Parkplatz gesucht !<\/h4>\n\n\n\n<p>Zeugen suchen die Beamten des Eberbacher Polizeireviers zu einem  Unfall, der sich am Mittwochabend kurz nach 19 Uhr auf dem Parkplatz des  Kaufland &#8222;Im Neuen Weg Nord&#8220; ereignet hat. Beteiligt waren ein Ford  Fiesta einer Autovermietung sowie ein Mercedes Vito. An beiden Autos  entstand Sachschaden, den die Polizei mit fast 5.000 Euro beziffert.  Ersten Angaben zufolge soll die Fahrerin des Ford beim Ausparken den  Mercedes gerammt haben. <\/p>\n\n\n\n<p>Zur Kl\u00e4rung des exakten Unfallablaufes  werden Zeugen bzw. Kunden gebeten, sich unter Tel.: 06271\/92100 beim  Polizeirevier Eberbach zu melden. <\/p>\n\n\n\n<h4 class=\"wp-block-heading\">(Neckargem\u00fcnd \/ Rhein-Neckar-Kreis) &#8211; Bei Ladendiebstahl ertappt und Marktleiter angegriffen<\/h4>\n\n\n\n<p>Als ein 33-J\u00e4hriger am Freitagabend beim Ladendiebstahl aufflog,  versuchte er zun\u00e4chst zu fl\u00fcchten &#8211; der Marktleiter konnte den Dieb  aufhalten. Der T\u00e4ter versuchte Eink\u00e4ufe im Wert von mehr als 40 EUR in  seinem Rucksack an der Kasse vorbeizuschmuggeln, worauf die Kassiererin  aufmerksam wurde. Der 33-J\u00e4hrige rannte daraufhin in Richtung Ausgang,  wobei ihm der Marktleiter zuvor kam und ihn festhielt. Der Dieb griff   den Angestellten an, um zu fl\u00fcchten, was ihm bis zum Eintreffen der  alarmierten Polizeibeamten allerdings nicht gelang. Bei der  anschlie\u00dfenden Festnahme stellte sich heraus, dass der mit 0,82 Promille  betrunkene Ladendieb bereits mit zwei Haftbefehlen gesucht wird. Nach  der Anzeigenaufnahme wurde der 33-J\u00e4hrigen in einer  Justizvollzugsanstalt eingeliefert. <\/p>\n\n\n\n<h4 class=\"wp-block-heading\">(Neckargem\u00fcnd \/ Rhein-Neckar-Kreis) &#8211; V\u00f6llig \u00fcberladener Lastwagen unterwegs<\/h4>\n\n\n\n<p>In Neckargem\u00fcnd war am Donnerstagnachmittag ein 34-j\u00e4hriger Mann mit  einem vollkommen \u00fcberladenen Lastwagen unterwegs. Der Lastwagen fiel  Beamten des Verkehrskommissariats Heidelberg kurz nach 16.00 Uhr in der  Ziegelh\u00e4userstra\u00dfe wegen auff\u00e4llig belasteter Hinterreifen auf. Auf der  Ladefl\u00e4che befanden sich mehrere Paletten-Hubwagen sowie weitere  Metallbeh\u00e4lter und Eisenst\u00fctzen. Eine Wiegung des Fahrzeugs ergab, dass  der Lastwagen um rund 3.000 Kilogramm \u00fcberladen war. Nach Abladen eines  Teils der Ladung konnte der Mann seine Fahr fortsetzen. Ihn erwartet nun  ein Bu\u00dfgeldbescheid. <\/p>\n\n\n\n<h4 class=\"wp-block-heading\">(Edingen-Neckarhausen \/ Rhein-Neckar-Kreis) &#8211; Brand eines Wohnmobils; Ursache unklar; Kriminalpolizei ermittelt<\/h4>\n\n\n\n<p>Aus bislang unbekannter Ursache geriet am fr\u00fchen Samstagmorgen ein  Wohnmobil im Ortsteil Neckarhausen in Brand. Das Fahrzeug war in der  Einfahrt eines Hauses in der Uferstra\u00dfe abgestellt, als eine Anwohnerin  die Flammen bemerkte und kurz vor 3 Uhr die Rettungsleitstelle  verst\u00e4ndigte. <\/p>\n\n\n\n<p>Die Freiwillige Feuerwehr Edingen-Neckarhausen, die\n mit zwei L\u00f6schz\u00fcgen und 22 Wehrm\u00e4nnern am Brandort eintraf, konnte das \nFeuer schnell l\u00f6schen, allerdings nicht verhindern, dass das Wohnmobil \nvollst\u00e4ndig ausbrannte. <\/p>\n\n\n\n<p>Die Fassade des in unmittelbarer N\u00e4he \nstehenden Hauses wurde durch die starke Hitzeentwicklung in \nMitleidenschaft gezogen. Der Feuerwehr gelang es jedoch, ein \u00dcbergreifen\n der Flammen auf das Haus zu verhindern. Bereits 20 Minuten nach \nBrandentdeckung wurde &#8222;Feuer aus!&#8220; gemeldet. <\/p>\n\n\n\n<p>Der Gesamtschaden bel\u00e4uft sich nach ersten Sch\u00e4tzungen auf ca. 50.000.- Euro. <\/p>\n\n\n\n<p>Die Brandexperten der Kriminalpolizeidirektion Heidelberg haben die Ermittlungen zur Brandursache aufgenommen. <\/p>\n\n\n\n<h4 class=\"wp-block-heading\">(Dossenheim \/ Rhein-Neckar-Kreis) &#8211; Leck bei Chemiefirma \/ Keine Gefahr<\/h4>\n\n\n\n<p>Mit einem Gro\u00dfaufgebot von Feuerwehr und Polizei wurde am Freitagabend um kurz nach 21 Uhr das Gel\u00e4nde eines Chemiekonzerns im Dossenheimer  Industriegebiet aufgesucht. Grund war der Austritt von Spr\u00fchnebel nahe  der Boschstra\u00dfe. Nachdem das Umfeld gro\u00dfz\u00fcgig abgesperrt wurde, stellte  sich schnell heraus, dass es sich bei dem austretenden Stoff lediglich  um Wasserdampf einer K\u00fchlanlage handelte. Eine Messung der Feuerwehr  ergab, dass hierdurch zu keiner Zeit Gefahr f\u00fcr Mensch und Umwelt  bestand. Nachdem die Ursache gefunden und behoben war, r\u00fcckten die  insgesamt 32 Feuerwehrleute aus Dossenheim und Ladenburg, sowie die  Polizeibeamten wieder ab. <\/p>\n\n\n\n<h4 class=\"wp-block-heading\">(Eppelheim \/ Rhein-Neckar-Kreis) &#8211; Motorradfahrer bei Unfall schwer verletzt<\/h4>\n\n\n\n<p>Am Freitagmorgen ereignete sich im Kreuzungsbereich des Eppelheimer und  des Wieblinger Wegs ein schwerer Verkehrsunfall, bei dem ein  Motorradfahrer schwer verletzt wurde. Ein 54-j\u00e4hriger Porsche-Fahrer  fuhr um 08:40 Uhr widriger Weise auf dem Feldweg in Richtung der  Kreisstra\u00dfe 9702. Dort missachtete er die Vorfahrt eines von rechts  kommenden Motorradfahrers. Beim Zusammensto\u00df wurde der 59 Jahre alte  Zweiradfahrer gegen die Windschutzscheibe des SUV geschleudert und lieg  anschlie\u00dfend auf der Fahrbahn liegen. Weiter stie\u00df der Porsche-Fahrer  noch mit einem bereits haltenden VW einer 27-J\u00e4hrigen zusammen. Der  59-J\u00e4hrige wurde schwer verletzt und erlitt mehrere Frakturen &#8211;  Lebensgefahr bestand allerdings nicht. Der Unfallverursacher, sowie die  27-J\u00e4hrige blieben unverletzt. Der Porsche und das Motorrad mussten  abgeschleppt werden. Es entstand ein Sachschaden von mehr als 13.000  Euro. <\/p>\n\n\n\n<h4 class=\"wp-block-heading\">(Weinheim \/ Rhein-Neckar-Kreis) &#8211; Aufmerksame B\u00fcrger melden Fahrraddieb, Eigent\u00fcmer eines Fahrrades gesucht!<\/h4>\n\n\n\n<div class=\"wp-block-image\"><figure class=\"aligncenter\"><img decoding=\"async\" loading=\"lazy\" width=\"800\" height=\"600\" src=\"https:\/\/speyer24news.com\/wp-content\/uploads\/2019\/05\/16.05.19-Weinheim-Fahrraddieb.jpg\" alt=\"\" class=\"wp-image-13866\" srcset=\"https:\/\/speyer24news.com\/wp-content\/uploads\/2019\/05\/16.05.19-Weinheim-Fahrraddieb.jpg 800w, https:\/\/speyer24news.com\/wp-content\/uploads\/2019\/05\/16.05.19-Weinheim-Fahrraddieb-300x225.jpg 300w, https:\/\/speyer24news.com\/wp-content\/uploads\/2019\/05\/16.05.19-Weinheim-Fahrraddieb-768x576.jpg 768w, https:\/\/speyer24news.com\/wp-content\/uploads\/2019\/05\/16.05.19-Weinheim-Fahrraddieb-678x509.jpg 678w, https:\/\/speyer24news.com\/wp-content\/uploads\/2019\/05\/16.05.19-Weinheim-Fahrraddieb-326x245.jpg 326w, https:\/\/speyer24news.com\/wp-content\/uploads\/2019\/05\/16.05.19-Weinheim-Fahrraddieb-80x60.jpg 80w\" sizes=\"(max-width: 800px) 100vw, 800px\" \/><\/figure><\/div>\n\n\n\n<p>Am Donnerstag gegen 22.20 Uhr meldeten mehrere aufmerksame B\u00fcrger, dass  ein bis dato Unbekannter sich an einem Fahrrad an der Haltestelle  Blumenstra\u00dfe Ecke Pappelallee zu schaffen machen w\u00fcrde. <\/p>\n\n\n\n<p>Bei \nEintreffen einer Funkwagenbesatzung des Polizeireviers Weinheim konnte \nein 40-j\u00e4hriger Mann angetroffen werden. Offensichtlich wollte er das \nFahrrad entwenden, in unmittelbarer N\u00e4he befand sich ein besch\u00e4digtes \nFahrradschloss. <\/p>\n\n\n\n<p>Das Damenfahrrad, Marke NSU, Rubin 26 mit Gep\u00e4ckkorb wurde sichergestellt. <\/p>\n\n\n\n<p>Das Polizeirevier Weinheim sucht nun nach dessen Eigent\u00fcmer, dieser m\u00f6ge sich unter der Telefonnummer 06201 10030 melden. <\/p>\n","protected":false},"excerpt":{"rendered":"<div class=\"mh-excerpt\"><p>Polizeimeldungen vom Freitag und Samstag (17.05.2019 &amp; 18.05.2019) (Speyer) &#8211; Verkehrsunfall mit Leichtverletzten Zu einem Verkehrsunfall mit Leichtverletzten kam es am Freitagabend in Speyer als ein 60-j\u00e4hriger PKW Fahrer beim Linksabbiegen von der Dudenhofer Stra\u00dfe <a class=\"mh-excerpt-more\" href=\"https:\/\/speyer24news.com\/?p=13862\" title=\"Polizeimeldungen\">[&#8230;]<\/a><\/p>\n<\/div>","protected":false},"author":3,"featured_media":0,"comment_status":"open","ping_status":"open","sticky":false,"template":"","format":"standard","meta":{"_monsterinsights_skip_tracking":false,"_monsterinsights_sitenote_active":false,"_monsterinsights_sitenote_note":"","_monsterinsights_sitenote_category":0,"footnotes":""},"categories":[12],"tags":[61,63,105,53,102,213,106,427,104,979],"aioseo_notices":[],"amp_enabled":true,"_links":{"self":[{"href":"https:\/\/speyer24news.com\/index.php?rest_route=\/wp\/v2\/posts\/13862"}],"collection":[{"href":"https:\/\/speyer24news.com\/index.php?rest_route=\/wp\/v2\/posts"}],"about":[{"href":"https:\/\/speyer24news.com\/index.php?rest_route=\/wp\/v2\/types\/post"}],"author":[{"embeddable":true,"href":"https:\/\/speyer24news.com\/index.php?rest_route=\/wp\/v2\/users\/3"}],"replies":[{"embeddable":true,"href":"https:\/\/speyer24news.com\/index.php?rest_route=%2Fwp%2Fv2%2Fcomments&post=13862"}],"version-history":[{"count":7,"href":"https:\/\/speyer24news.com\/index.php?rest_route=\/wp\/v2\/posts\/13862\/revisions"}],"predecessor-version":[{"id":13874,"href":"https:\/\/speyer24news.com\/index.php?rest_route=\/wp\/v2\/posts\/13862\/revisions\/13874"}],"wp:attachment":[{"href":"https:\/\/speyer24news.com\/index.php?rest_route=%2Fwp%2Fv2%2Fmedia&parent=13862"}],"wp:term":[{"taxonomy":"category","embeddable":true,"href":"https:\/\/speyer24news.com\/index.php?rest_route=%2Fwp%2Fv2%2Fcategories&post=13862"},{"taxonomy":"post_tag","embeddable":true,"href":"https:\/\/speyer24news.com\/index.php?rest_route=%2Fwp%2Fv2%2Ftags&post=13862"}],"curies":[{"name":"wp","href":"https:\/\/api.w.org\/{rel}","templated":true}]}}