{"id":14025,"date":"2019-05-22T09:05:18","date_gmt":"2019-05-22T08:05:18","guid":{"rendered":"https:\/\/speyer24news.com\/?p=14025"},"modified":"2019-05-22T09:05:20","modified_gmt":"2019-05-22T08:05:20","slug":"stadt-und-verkehrsnotizen-aus-speyer","status":"publish","type":"post","link":"https:\/\/speyer24news.com\/?p=14025","title":{"rendered":"Stadt- und Verkehrsnotizen aus Speyer"},"content":{"rendered":"<style type=\"text\/css\">\r\n\t.ads_top_disp{}\r\n\t.ads_top_corner_disp{ float:left; margin:0px 10px 10px 0px; }\r\n\t.ads_first_p_disp{}\r\n\t.ads_bottom_disp{}\r\n\t<\/style>\n<h2 class=\"wp-block-heading\"><strong>Kinder- und Jugendflohmarkt auf der Maximilianstra\u00dfe<\/strong><\/h2>\n\n\n\n<p><strong>Speyer \/ Maximilianstra\u00dfe &#8211; <\/strong>Am <strong>Samstag, 25. Mai 2019<\/strong>, veranstaltet das Jugendcaf\u00e9 Speyer-West in  Zusammenarbeit mit der Jugendf\u00f6rderung Speyer bis 14 Uhr den  traditionellen Flohmarkt auf der Maximilianstra\u00dfe. Flohmarktfans  jeden Alters, besonders Kinder und Jugendliche, k\u00f6nnen an diesem Tag  alles zum Verkauf anbieten, was in Kellern und Speichern, in Kisten  und K\u00e4sten gefunden wird und im Sinne der Nachhaltigkeit &#8211; Stichwort  Agenda 2030 &#8211; besser den Besitzer wechseln sollte, als weggeworfen zu  werden. Eine Anmeldung ist nicht erforderlich. Neben der Standgeb\u00fchr  (2,50 Euro pro lfd. Meter) wird eine M\u00fcllkaution  in H\u00f6he von 5,00 Euro erhoben, die jeder Teilnehmer entrichten muss.  Wer seinen Stand rechtzeitig sauber verl\u00e4sst, bekommt sein Geld wieder zur\u00fcck. Der Flohmarkt endet um 14 Uhr.<\/p>\n\n\n\n<p>Der  Veranstaltungsbereich wird auf der Maximilianstra\u00dfe zwischen  Domplatz und Heydenreichstra\u00dfe aufgebaut. In der Zeit von 5:00 bis  17:00 Uhr ist dort kein Individualverkehr m\u00f6glich. Die Busse der Linien  564, 565 und 568 werden umgeleitet. Informationen dazu befinden sich an  den Haltestellen. Die Zufahrt zum Be- und Entladen  ist f\u00fcr Flohmarktbeschicker*innen von 6:00 Uhr bis 8:30 Uhr m\u00f6glich.  Aussteller*innen, die den Veranstaltungsbereich fr\u00fcher befahren oder auf  dem Domplatz parken, um durch das Platzieren von Waren entlang der  Maximilianstra\u00dfe einen Standort zu sichern, werden  mit Unterst\u00fctzung des Kommunalen Vollzugsdiensten zur\u00fcckgewiesen. Wer  vor 6:00 Uhr mit seinem PKW den Domplatz ansteuert wird am  Museumskreisel wieder auf den Festplatz zur\u00fcckgeleitet, um einen  R\u00fcckstau bis zur Anschlussstelle B9 zu vermeiden.<\/p>\n\n\n\n<p>W\u00e4hrend  die Zufahrt ausschlie\u00dflich \u00fcber den Domplatz erfolgt, verlassen  motorisierte Flohmarktbeschicker*innen bis sp\u00e4testens 8:30 Uhr den  Veranstaltungsbereich  \u00fcber die Schustergasse in die Herdstra\u00dfe. Parkm\u00f6glichkeiten bestehen  auf dem Parkplatz-Festplatz. Zu Fu\u00df oder mit dem Rad kann noch zu einem  sp\u00e4teren Zeitpunkt aufgebaut werden. Um einen reibungslosen Ablauf zu  erm\u00f6glichen, ist es w\u00e4hrend des Aufbaus wichtig,  den Anweisungen der Mitarbeiter*innen des Flohmarktes nachzukommen. <\/p>\n\n\n\n<p>Weitere Informationen und ein kurzes Video finden Sie unter <a rel=\"noreferrer noopener\" href=\"https:\/\/deref-web-02.de\/mail\/client\/K-iMpCQsdug\/dereferrer\/?redirectUrl=http%3A%2F%2Fwww.juf%C3%B6.de\" target=\"_blank\">www.juf\u00f6.de<\/a>.<\/p>\n\n\n\n<p><em>Stadt Speyer <br>22.05.2019<\/em><\/p>\n\n\n\n<h2 class=\"wp-block-heading\"><strong>Stadtverwaltung am 27.05.2019 geschlossen<\/strong><\/h2>\n\n\n\n<p>In  Folge des Wahlsonntages bleiben die Dienststellen der Stadtverwaltung  Speyer am <strong>Montag, 27.05.2019<\/strong> geschlossen. Da \u00fcber 400 Mitarbeiter*innen  zur Ausz\u00e4hlung des Wahlergebnisses bis sp\u00e4t in die Nacht des Vortages  eingesetzt werden m\u00fcssen, kann ein Regelbetrieb am Montag nicht  gew\u00e4hrleistet werden. Die st\u00e4dtischen Kindertagesst\u00e4tten sind von der  Schlie\u00dfung nicht betroffen und haben wie gewohnt  ge\u00f6ffnet.\u00a0\u00a0\u00a0\u00a0\u00a0\u00a0\u00a0\u00a0\u00a0\u00a0\u00a0\u00a0\u00a0\u00a0\u00a0\u00a0\u00a0\u00a0\u00a0\u00a0\u00a0\u00a0 <\/p>\n\n\n\n<p>Die Verwaltung bittet um Verst\u00e4ndnis.<\/p>\n\n\n\n<p><em>Stadt Speyer <br>22.05.2019<\/em><\/p>\n\n\n\n<h2 class=\"wp-block-heading\"><strong>Teilsperrung des Parkplatzes der Stadthalle<\/strong><\/h2>\n\n\n\n<p>Wegen  einer Veranstaltung wird der westliche Teilbereich des Parkplatzes der  Stadthalle am <strong>Freitag, 24.05.2019<\/strong>, bis 13 Uhr f\u00fcr den  Individualverkehr gesperrt. Von der Sperrung sind auch Jahres- und  Monatsparkscheininhaber betroffen.<\/p>\n\n\n\n<p><em>Stadt Speyer <br>22.05.2019<\/em><\/p>\n","protected":false},"excerpt":{"rendered":"<div class=\"mh-excerpt\"><p>Kinder- und Jugendflohmarkt auf der Maximilianstra\u00dfe Speyer \/ Maximilianstra\u00dfe &#8211; Am Samstag, 25. Mai 2019, veranstaltet das Jugendcaf\u00e9 Speyer-West in Zusammenarbeit mit der Jugendf\u00f6rderung Speyer bis 14 Uhr den traditionellen Flohmarkt auf der Maximilianstra\u00dfe. Flohmarktfans <a class=\"mh-excerpt-more\" href=\"https:\/\/speyer24news.com\/?p=14025\" title=\"Stadt- und Verkehrsnotizen aus Speyer\">[&#8230;]<\/a><\/p>\n<\/div>","protected":false},"author":3,"featured_media":0,"comment_status":"open","ping_status":"open","sticky":false,"template":"","format":"standard","meta":{"_monsterinsights_skip_tracking":false,"_monsterinsights_sitenote_active":false,"_monsterinsights_sitenote_note":"","_monsterinsights_sitenote_category":0,"footnotes":""},"categories":[47],"tags":[751,1199,6,614,1200],"aioseo_notices":[],"amp_enabled":true,"_links":{"self":[{"href":"https:\/\/speyer24news.com\/index.php?rest_route=\/wp\/v2\/posts\/14025"}],"collection":[{"href":"https:\/\/speyer24news.com\/index.php?rest_route=\/wp\/v2\/posts"}],"about":[{"href":"https:\/\/speyer24news.com\/index.php?rest_route=\/wp\/v2\/types\/post"}],"author":[{"embeddable":true,"href":"https:\/\/speyer24news.com\/index.php?rest_route=\/wp\/v2\/users\/3"}],"replies":[{"embeddable":true,"href":"https:\/\/speyer24news.com\/index.php?rest_route=%2Fwp%2Fv2%2Fcomments&post=14025"}],"version-history":[{"count":1,"href":"https:\/\/speyer24news.com\/index.php?rest_route=\/wp\/v2\/posts\/14025\/revisions"}],"predecessor-version":[{"id":14026,"href":"https:\/\/speyer24news.com\/index.php?rest_route=\/wp\/v2\/posts\/14025\/revisions\/14026"}],"wp:attachment":[{"href":"https:\/\/speyer24news.com\/index.php?rest_route=%2Fwp%2Fv2%2Fmedia&parent=14025"}],"wp:term":[{"taxonomy":"category","embeddable":true,"href":"https:\/\/speyer24news.com\/index.php?rest_route=%2Fwp%2Fv2%2Fcategories&post=14025"},{"taxonomy":"post_tag","embeddable":true,"href":"https:\/\/speyer24news.com\/index.php?rest_route=%2Fwp%2Fv2%2Ftags&post=14025"}],"curies":[{"name":"wp","href":"https:\/\/api.w.org\/{rel}","templated":true}]}}