{"id":14057,"date":"2019-05-22T12:00:24","date_gmt":"2019-05-22T11:00:24","guid":{"rendered":"https:\/\/speyer24news.com\/?p=14057"},"modified":"2019-05-22T12:00:25","modified_gmt":"2019-05-22T11:00:25","slug":"roger-lewentz-und-stefanie-seiler-besuchen-fc-speyer-09","status":"publish","type":"post","link":"https:\/\/speyer24news.com\/?p=14057","title":{"rendered":"Roger Lewentz und Stefanie Seiler besuchen FC Speyer 09"},"content":{"rendered":"<style type=\"text\/css\">\r\n\t.ads_top_disp{}\r\n\t.ads_top_corner_disp{ float:left; margin:0px 10px 10px 0px; }\r\n\t.ads_first_p_disp{}\r\n\t.ads_bottom_disp{}\r\n\t<\/style>\n<div class=\"wp-block-image\"><figure class=\"aligncenter\"><img decoding=\"async\" loading=\"lazy\" width=\"444\" height=\"588\" src=\"https:\/\/speyer24news.com\/wp-content\/uploads\/2019\/05\/FC-Speyer-09.png\" alt=\"\" class=\"wp-image-14058\" srcset=\"https:\/\/speyer24news.com\/wp-content\/uploads\/2019\/05\/FC-Speyer-09.png 444w, https:\/\/speyer24news.com\/wp-content\/uploads\/2019\/05\/FC-Speyer-09-227x300.png 227w\" sizes=\"(max-width: 444px) 100vw, 444px\" \/><\/figure><\/div>\n\n\n\n<p><strong>Speyer \/ FC 09 &#8211; <\/strong>Am <strong>Donnerstag, 23.05.2019, 17:30 Uhr<\/strong> besuchen <strong>Roger Lewentz<\/strong>, Minister des Inneren und f\u00fcr Sport des Landes Rheinland-Pfalz, und Oberb\u00fcrgermeisterin <strong>Stefanie Seiler<\/strong> den <strong>Fu\u00dfballverein FC Speyer 09<\/strong>. <\/p>\n\n\n\n<p>Geplant sind die Besichtigung des Vereins und dessen Anlagen sowie die Vorstellung des Bauprojekts \u201eJugendf\u00f6rderzentrum FC Speyer 09\u201c.<\/p>\n\n\n\n<p><em>Stadt Speyer<br>22.05.2019<\/em><\/p>\n","protected":false},"excerpt":{"rendered":"<div class=\"mh-excerpt\"><p>Speyer \/ FC 09 &#8211; Am Donnerstag, 23.05.2019, 17:30 Uhr besuchen Roger Lewentz, Minister des Inneren und f\u00fcr Sport des Landes Rheinland-Pfalz, und Oberb\u00fcrgermeisterin Stefanie Seiler den Fu\u00dfballverein FC Speyer 09. Geplant sind die Besichtigung <a class=\"mh-excerpt-more\" href=\"https:\/\/speyer24news.com\/?p=14057\" title=\"Roger Lewentz und Stefanie Seiler besuchen FC Speyer 09\">[&#8230;]<\/a><\/p>\n<\/div>","protected":false},"author":3,"featured_media":0,"comment_status":"open","ping_status":"open","sticky":false,"template":"","format":"standard","meta":{"_monsterinsights_skip_tracking":false,"_monsterinsights_sitenote_active":false,"_monsterinsights_sitenote_note":"","_monsterinsights_sitenote_category":0,"footnotes":""},"categories":[47],"tags":[1217,1216,935,699,1215,6,206],"aioseo_notices":[],"amp_enabled":true,"_links":{"self":[{"href":"https:\/\/speyer24news.com\/index.php?rest_route=\/wp\/v2\/posts\/14057"}],"collection":[{"href":"https:\/\/speyer24news.com\/index.php?rest_route=\/wp\/v2\/posts"}],"about":[{"href":"https:\/\/speyer24news.com\/index.php?rest_route=\/wp\/v2\/types\/post"}],"author":[{"embeddable":true,"href":"https:\/\/speyer24news.com\/index.php?rest_route=\/wp\/v2\/users\/3"}],"replies":[{"embeddable":true,"href":"https:\/\/speyer24news.com\/index.php?rest_route=%2Fwp%2Fv2%2Fcomments&post=14057"}],"version-history":[{"count":1,"href":"https:\/\/speyer24news.com\/index.php?rest_route=\/wp\/v2\/posts\/14057\/revisions"}],"predecessor-version":[{"id":14059,"href":"https:\/\/speyer24news.com\/index.php?rest_route=\/wp\/v2\/posts\/14057\/revisions\/14059"}],"wp:attachment":[{"href":"https:\/\/speyer24news.com\/index.php?rest_route=%2Fwp%2Fv2%2Fmedia&parent=14057"}],"wp:term":[{"taxonomy":"category","embeddable":true,"href":"https:\/\/speyer24news.com\/index.php?rest_route=%2Fwp%2Fv2%2Fcategories&post=14057"},{"taxonomy":"post_tag","embeddable":true,"href":"https:\/\/speyer24news.com\/index.php?rest_route=%2Fwp%2Fv2%2Ftags&post=14057"}],"curies":[{"name":"wp","href":"https:\/\/api.w.org\/{rel}","templated":true}]}}