{"id":14060,"date":"2019-05-22T13:34:05","date_gmt":"2019-05-22T12:34:05","guid":{"rendered":"https:\/\/speyer24news.com\/?p=14060"},"modified":"2019-05-22T13:34:07","modified_gmt":"2019-05-22T12:34:07","slug":"rhein-pfalz-kreis-3","status":"publish","type":"post","link":"https:\/\/speyer24news.com\/?p=14060","title":{"rendered":"Rhein-Pfalz-Kreis"},"content":{"rendered":"<style type=\"text\/css\">\r\n\t.ads_top_disp{}\r\n\t.ads_top_corner_disp{ float:left; margin:0px 10px 10px 0px; }\r\n\t.ads_first_p_disp{}\r\n\t.ads_bottom_disp{}\r\n\t<\/style>\n<h2 class=\"wp-block-heading\"><strong>Barockkonzert im Schlossgarten Fu\u00dfg\u00f6nheim<\/strong><\/h2>\n\n\n\n<div class=\"wp-block-image\"><figure class=\"aligncenter\"><img decoding=\"async\" loading=\"lazy\" width=\"800\" height=\"559\" src=\"https:\/\/speyer24news.com\/wp-content\/uploads\/2019\/05\/Konzert-im-Schlossgarten.png\" alt=\"\" class=\"wp-image-14070\" srcset=\"https:\/\/speyer24news.com\/wp-content\/uploads\/2019\/05\/Konzert-im-Schlossgarten.png 800w, https:\/\/speyer24news.com\/wp-content\/uploads\/2019\/05\/Konzert-im-Schlossgarten-300x210.png 300w, https:\/\/speyer24news.com\/wp-content\/uploads\/2019\/05\/Konzert-im-Schlossgarten-768x537.png 768w\" sizes=\"(max-width: 800px) 100vw, 800px\" \/><\/figure><\/div>\n\n\n\n<p>Das Schwanthaler Trompetenconsort gastiert am <strong>Samstag, 17. August 2019<\/strong> um 20 Uhr im Schlossgarten Fu\u00dfg\u00f6nheim. <\/p>\n\n\n\n<p>Einlass\nam Konzerttag ist bereits ab 18 Uhr. F\u00fcr das kulinarische Angebot sorgt wieder der\nC\u00e4cilienverein Fu\u00dfg\u00f6nheim.<\/p>\n\n\n\n<p>Bei\nRegen findet das Konzert in der Schlosskirche statt! &nbsp;&nbsp;<\/p>\n\n\n\n<p>Der\n<strong>Kartenvorverkauf<\/strong> beginnt ab <strong>sofort.<\/strong> Karten zu einem Preis von 20\nEuro sind an folgenden Ausgabestellen erh\u00e4ltlich:<\/p>\n\n\n\n<ul><li>Schreibwaren Schneider, Maxdorf, Hauptstra\u00dfe\n92 (06237\/3287)<\/li><li>Hofladen Tilger, Fu\u00dfg\u00f6nheim, Ruchheimer Str.\n4 (06237\/80361)<\/li><li>Kreisverwaltung Rhein-Pfalz-Kreis,\nLudwigshafen, Europaplatz 5 (0621\/5909-3531)<\/li><\/ul>\n\n\n\n<p><em>Kreisverwaltung Rhein-Pfalz-Kreis<br>22.05.2019<\/em><\/p>\n\n\n\n<h2 class=\"wp-block-heading\"><strong>Sommerauff\u00fchrung des\nFu\u00dfg\u00f6nheimer Spielkreises<\/strong><\/h2>\n\n\n\n<h3 class=\"wp-block-heading\"><strong>\u201eDornr\u00f6schen\u201c<\/strong><\/h3>\n\n\n\n<div class=\"wp-block-image\"><figure class=\"aligncenter\"><img decoding=\"async\" loading=\"lazy\" width=\"500\" height=\"701\" src=\"https:\/\/speyer24news.com\/wp-content\/uploads\/2019\/05\/Dornr\u00f6schen.png\" alt=\"\" class=\"wp-image-14067\" srcset=\"https:\/\/speyer24news.com\/wp-content\/uploads\/2019\/05\/Dornr\u00f6schen.png 500w, https:\/\/speyer24news.com\/wp-content\/uploads\/2019\/05\/Dornr\u00f6schen-214x300.png 214w\" sizes=\"(max-width: 500px) 100vw, 500px\" \/><\/figure><\/div>\n\n\n\n<p>Auch in diesem Fr\u00fchjahr hat der Fu\u00dfg\u00f6nheimer Spielkreis der Musikschule Rhein-Pfalz-Kreis wieder ein Musiktheater einstudiert. <strong>Am 04. und 05. Juni <\/strong>2019 wird jeweils um 18 Uhr im Palatinum Mutterstadt \u201eDornr\u00f6schen\u201c &#8211; nach dem gleichnamigen M\u00e4rchen der Br\u00fcder Grimm &#8211; zur Auff\u00fchrung gebracht. Unter der Leitung von Bine Stoll zeigt der Fu\u00dfg\u00f6nheimer Spielkreis dieses fr\u00f6hliche und turbulente Musiktheater.<\/p>\n\n\n\n<div class=\"wp-block-image\"><figure class=\"aligncenter\"><img decoding=\"async\" loading=\"lazy\" width=\"800\" height=\"600\" src=\"https:\/\/speyer24news.com\/wp-content\/uploads\/2019\/05\/Dornr\u00f6schen-1.jpg\" alt=\"\" class=\"wp-image-14068\" srcset=\"https:\/\/speyer24news.com\/wp-content\/uploads\/2019\/05\/Dornr\u00f6schen-1.jpg 800w, https:\/\/speyer24news.com\/wp-content\/uploads\/2019\/05\/Dornr\u00f6schen-1-300x225.jpg 300w, https:\/\/speyer24news.com\/wp-content\/uploads\/2019\/05\/Dornr\u00f6schen-1-768x576.jpg 768w, https:\/\/speyer24news.com\/wp-content\/uploads\/2019\/05\/Dornr\u00f6schen-1-678x509.jpg 678w, https:\/\/speyer24news.com\/wp-content\/uploads\/2019\/05\/Dornr\u00f6schen-1-326x245.jpg 326w, https:\/\/speyer24news.com\/wp-content\/uploads\/2019\/05\/Dornr\u00f6schen-1-80x60.jpg 80w\" sizes=\"(max-width: 800px) 100vw, 800px\" \/><\/figure><\/div>\n\n\n\n<p>\u201eVor Zeiten waren ein K\u00f6nig und eine K\u00f6nigin, die sprachen jeden Tag: \u201eAch, wenn wir doch ein Kind h\u00e4tten! Und kriegten immer keins. Da trug es sich zu, als die K\u00f6nigin einmal im Bade sa\u00df, dass ein Frosch aus dem Wasser an Land kroch und zu ihr sprach: Dein Wunsch wir erf\u00fcllt werden; noch ehe ein Jahr vergeht, wirst Du eine Tochter zur Welt bringen.\u201c\u2026 So beginnt das M\u00e4rchen der Br\u00fcder Grimm. Warum bei dem Musiktheater aber ein verarmter Prinz einen Drachen t\u00f6ten muss, ob der Prinz in der Schmiede sein Zauberschwert bekommt, warum die Zofe versehentlich einen Frosch k\u00fcsst,\u2026all das erfahren die kleinen und gro\u00dfen Zuschauerinnen und Zuschauer bei der Auff\u00fchrung von \u201eDornr\u00f6schen\u201c.<\/p>\n\n\n\n<div class=\"wp-block-image\"><figure class=\"aligncenter\"><img decoding=\"async\" loading=\"lazy\" width=\"800\" height=\"600\" src=\"https:\/\/speyer24news.com\/wp-content\/uploads\/2019\/05\/Dornr\u00f6schen-2.jpg\" alt=\"\" class=\"wp-image-14069\" srcset=\"https:\/\/speyer24news.com\/wp-content\/uploads\/2019\/05\/Dornr\u00f6schen-2.jpg 800w, https:\/\/speyer24news.com\/wp-content\/uploads\/2019\/05\/Dornr\u00f6schen-2-300x225.jpg 300w, https:\/\/speyer24news.com\/wp-content\/uploads\/2019\/05\/Dornr\u00f6schen-2-768x576.jpg 768w, https:\/\/speyer24news.com\/wp-content\/uploads\/2019\/05\/Dornr\u00f6schen-2-678x509.jpg 678w, https:\/\/speyer24news.com\/wp-content\/uploads\/2019\/05\/Dornr\u00f6schen-2-326x245.jpg 326w, https:\/\/speyer24news.com\/wp-content\/uploads\/2019\/05\/Dornr\u00f6schen-2-80x60.jpg 80w\" sizes=\"(max-width: 800px) 100vw, 800px\" \/><\/figure><\/div>\n\n\n\n<p>Der\nFu\u00dfg\u00f6nheimer Spielkreis ist eine Musikgruppe der Musikschule f\u00fcr Kinder und\nJugendliche aller Altersklassen. Die Mitglieder des Spielkreises kommen aus dem\ngesamten Rhein-Pfalz-Kreis und treffen sich einmal monatlich in Fu\u00dfg\u00f6nheim. <\/p>\n\n\n\n<p>Karten\nf\u00fcr die Auff\u00fchrungen im Palatinum Mutterstadt sind f\u00fcr Erwachsene zum Preis von\n3 Euro und f\u00fcr Kinder zum Preis von 2 Euro ab Mittwoch, 22. Mai 2019, in der\nLindenapotheke Limburgerhof, in der Rathausapotheke Mutterstadt und in der\nEngelapotheke Schifferstadt erh\u00e4ltlich.<\/p>\n\n\n\n<p><em>Kreisverwaltung Rhein-Pfalz-Kreis<br>22.05.2019<\/em><\/p>\n\n\n\n<h2 class=\"wp-block-heading\"><strong>Konzert des Jugendorchesters: \u201eWassermusiken\u201c<\/strong><\/h2>\n\n\n\n<div class=\"wp-block-image\"><figure class=\"aligncenter\"><img decoding=\"async\" loading=\"lazy\" width=\"500\" height=\"709\" src=\"https:\/\/speyer24news.com\/wp-content\/uploads\/2019\/05\/Wassermusiken.png\" alt=\"\" class=\"wp-image-14066\" srcset=\"https:\/\/speyer24news.com\/wp-content\/uploads\/2019\/05\/Wassermusiken.png 500w, https:\/\/speyer24news.com\/wp-content\/uploads\/2019\/05\/Wassermusiken-212x300.png 212w\" sizes=\"(max-width: 500px) 100vw, 500px\" \/><\/figure><\/div>\n\n\n\n<p>Die Musikschule des Rhein-Pfalz-Kreises l\u00e4dt zu einem besonderen Konzert unter dem Motto \u201e<strong>Wassermusiken<\/strong>\u201c am <strong>Donnerstag, 27. Juni 2019<\/strong> um 19 Uhr in die das <strong>Zentrum Alte Schule in Dannstadt-Schauernheim<\/strong>, Hauptstra\u00dfe 139, ein. <\/p>\n\n\n\n<p>Das Jugendsinfonieorchester und das\nStreichervororchester der Kreismusikschule unter der Leitung von Hiltrud Wies und\nTheresia Segeth-Durczok, entf\u00fchrt das Publikum zu einer musikalischen Reise von\nder Moldau in die Karibik.<\/p>\n\n\n\n<p>Karten zu 6 \u20ac (erm\u00e4\u00dfigt 4 \u20ac) gibt es im\nVorverkauf in der Linden-Apotheke ihn Limburgerhof, Bruchweg 2, in der B\u00e4ckerei\nBurdan in Dannstadt-Schauernheim, Neckarstra\u00dfe 2 und an der Abendkasse ab 18\nUhr. Der Saal wird um 18:30 Uhr ge\u00f6ffnet.<\/p>\n\n\n\n<p><em>Kreisverwaltung Rhein-Pfalz-Kreis<br>22.05.2019<\/em><\/p>\n\n\n\n<h2 class=\"wp-block-heading\"><strong>Schlie\u00dfung der\nKfz-Au\u00dfenstelle in Dudenhofen am 27. Mai 2019<\/strong><\/h2>\n\n\n\n<p>Wegen\nEinsatz der Verwaltungsmitarbeiterinnen und \u2013mitarbeitern der Rath\u00e4user in\nDudenhofen und R\u00f6merberg f\u00fcr Nacharbeiten der Kommunal- und Europawahl, bleiben\ndie dortigen Dienststellen am Montag, 27. Mai 2019, ganzt\u00e4gig geschlossen.\nDavon betroffen ist auch die Kfz-Au\u00dfenstelle Dudenhofen im Rathaus der\nVerbandsgemeindeverwaltung R\u00f6merberg-Dudenhofen.<\/p>\n\n\n\n<p>B\u00fcrgerinnen\nund B\u00fcrger haben alternativ die M\u00f6glichkeit, die Kfz-Zulassungsstelle im\nKreishaus des Rhein-Pfalz-Kreises in Ludwigshafen oder die Kfz-Au\u00dfenstelle\nHessheim, im Geb\u00e4ude der Verbandsgemeindeverwaltung Lambsheim-Hessheim, zu\nnutzen. \u00d6ffnungszeiten und weitere Informationen unter <a href=\"http:\/\/www.rhein-pfalz-kreis.de\">www.rhein-pfalz-kreis.de<\/a>.<\/p>\n\n\n\n<p><em>Kreisverwaltung Rhein-Pfalz-Kreis<br>22.05.2019<\/em><\/p>\n\n\n\n<h2 class=\"wp-block-heading\"><strong>Der\nRhein-Pfalz-Kreis radelt erstmalig f\u00fcr ein gutes Klima!<\/strong><\/h2>\n\n\n\n<h3 class=\"wp-block-heading\"><strong>Klima-B\u00fcndnis-Kampagne STADTRADELN geht in die n\u00e4chste Runde<\/strong><\/h3>\n\n\n\n<div class=\"wp-block-image\"><figure class=\"aligncenter\"><img decoding=\"async\" loading=\"lazy\" width=\"800\" height=\"534\" src=\"https:\/\/speyer24news.com\/wp-content\/uploads\/2019\/05\/Stadtradeln.png\" alt=\"\" class=\"wp-image-14064\" srcset=\"https:\/\/speyer24news.com\/wp-content\/uploads\/2019\/05\/Stadtradeln.png 800w, https:\/\/speyer24news.com\/wp-content\/uploads\/2019\/05\/Stadtradeln-300x200.png 300w, https:\/\/speyer24news.com\/wp-content\/uploads\/2019\/05\/Stadtradeln-768x513.png 768w\" sizes=\"(max-width: 800px) 100vw, 800px\" \/><figcaption> STADTRADELN (c) Klima-B\u00fcndnis <\/figcaption><\/figure><\/div>\n\n\n\n<p>In diesem Jahr beteiligt sich der Rhein-Pfalz-Kreis zum ersten Mal an der Klima-B\u00fcndnis-Kampagne STADTRADELN. <strong>Vom 24. August bis 13. September.2019<\/strong> k\u00f6nnen die Mitglieder des Kreistages sowie alle B\u00fcrgerinnen und B\u00fcrger, die im Rhein-Pfalz-Kreis leben oder arbeiten, bei der Kampagne STADTRADELN des Klima-B\u00fcndnis mitmachen und m\u00f6glichst viele Radkilometer sammeln. Anmelden k\u00f6nnen sich Interessierte schon jetzt unter <a href=\"https:\/\/www.stadtradeln.de\/rhein-pfalz-kreis\">https:\/\/www.stadtradeln.de\/rhein-pfalz-kreis<\/a> .<\/p>\n\n\n\n<p>Sebastian\nFelixberger, Klimaschutzmanager des Rhein-Pfalz-Kreises: \u201eBeim Wettbewerb\nSTADTRADELN geht es um Spa\u00df am und beim Fahrradfahren sowie tolle Preise, aber\nvor allem darum, m\u00f6glichst viele Menschen f\u00fcr das Umsteigen auf das Fahrrad im Alltag\nzu gewinnen und dadurch einen Beitrag zum Klimaschutz zu leisten.\u201c<\/p>\n\n\n\n<p>Etwa\nein F\u00fcnftel der klimasch\u00e4dlichen Kohlendioxid-Emissionen in Deutschland\nentstehen im Verkehr, sogar ein Viertel der CO<sub>2<\/sub>-Emissionen des\ngesamten Verkehrs verursacht der Innerortsverkehr. Wenn circa 30 Prozent der\nKurzstrecken bis sechs Kilometer in den Innenst\u00e4dten mit dem Fahrrad statt mit\ndem Auto gefahren werden, w\u00fcrden sich etwa 7,5 Millionen Tonnen CO<sub>2<\/sub>\nvermeiden lassen.<\/p>\n\n\n\n<p>Jede\nPerson im Rhein-Pfalz-Kreis kann ein STADTRADELN-Team gr\u00fcnden bzw. einem\nbeitreten, um beim Wettbewerb teilzunehmen. Dabei sollten die Radelnden so oft\nwie m\u00f6glich das Fahrrad privat und beruflich nutzen. <\/p>\n\n\n\n<p>Ab\ndem Start der STADTRADELN Kampagne bietet der\nRhein-Pfalz-Kreis zudem allen B\u00fcrgern und B\u00fcrgerinnen die Meldeplattform RADar!\nan. Mit diesem Tool haben Radelnde die M\u00f6glichkeit, via Internet oder \u00fcber die\nSTADTRADELN-App die Kommunalverwaltung auf st\u00f6rende und gef\u00e4hrliche Stellen im\nRadwegeverlauf aufmerksam zu machen.<\/p>\n\n\n\n<p>Auch\nLandrat K\u00f6rner hofft auf eine rege Teilnahme aller B\u00fcrgerinnen und B\u00fcrger beim\nSTADTRADELN, um dadurch aktiv ein Zeichen f\u00fcr mehr Klimaschutz und mehr\nRadverkehrsf\u00f6rderung zu setzen.<\/p>\n\n\n\n<p>Bei R\u00fcckfragen\nwenden sich Interessierte bitte an:<\/p>\n\n\n\n<p>Sebastian Felixberger, Klimaschutzmanager des\nRhein-Pfalz-Kreises<\/p>\n\n\n\n<p>0621 5909-4050, <a href=\"sebastian.felixberger@kv-rpk.de\">sebastian.felixberger@kv-rpk.de<\/a><\/p>\n\n\n\n<p>Mehr Informationen unter<\/p>\n\n\n\n<p><a href=\"http:\/\/www.stadtradeln.de\"><strong>stadtradeln.de<\/strong><\/a><strong><\/strong><\/p>\n\n\n\n<p><a href=\"http:\/\/www.facebook.com\/stadtradeln\"><strong>facebook.com\/stadtradeln<\/strong><\/a><strong><\/strong><\/p>\n\n\n\n<p><a href=\"https:\/\/twitter.com\/stadtradeln\"><strong>twitter.com\/stadtradeln<\/strong><\/a><\/p>\n\n\n\n<p><strong>DAS STADTRADELN<\/strong><\/p>\n\n\n\n<figure class=\"wp-block-image\"><img decoding=\"async\" src=\"https:\/\/speyer24news.com\/wp-content\/uploads\/2019\/05\/Stadtradeln-Logo.png\" alt=\"\" class=\"wp-image-14065\"\/><\/figure>\n\n\n\n<p>Der internationale\nWettbewerb STADTRADELN des Klima-B\u00fcndnisses l\u00e4dt alle Mitglieder der\nKommunalparlamente ein, als Vorbild f\u00fcr den Klimaschutz in die Pedale zu treten\nund sich f\u00fcr eine verst\u00e4rkte Radverkehrsf\u00f6rderung einzusetzen. Im Team mit\nB\u00fcrger*innen sollen sie m\u00f6glichst viele Fahrradkilometer f\u00fcr ihre Kommune sammeln.\nDie Kampagne will B\u00fcrger*innen f\u00fcr das Radfahren im Alltag sensibilisieren\nsowie die Themen Fahrradnutzung und Radverkehrsplanung st\u00e4rker in die\nkommunalen Parlamente einbringen. Seit 2017 k\u00f6nnen auch St\u00e4dte, Gemeinden und\nLandkreise au\u00dferhalb Deutschlands die Kampagne an 21 zusammenh\u00e4ngenden Tagen\nzwischen Mai und September durchf\u00fchren. Es gibt Auszeichnungen und hochwertige\nPreise zu gewinnen \u2013 vor allem aber eine lebenswerte Umwelt mit weniger\nVerkehrsbelastungen, weniger Abgasen und weniger L\u00e4rm. <a href=\"http:\/\/www.stadtradeln.de\"><strong>stadtradeln.de<\/strong><\/a><strong> <\/strong><strong><\/strong><\/p>\n\n\n\n<p><strong>Das Klima-B\u00fcndnis<\/strong><\/p>\n\n\n\n<p>Seit mehr als 25 Jahren setzen sich die Mitgliedskommunen\ndes Klima-B\u00fcndnisses mit ihren indigenen Partnern der Regenw\u00e4lder f\u00fcr das\nWeltklima ein. Mit \u00fcber 1.700 Mitgliedern aus 26 europ\u00e4ischen L\u00e4ndern ist das\nKlima-B\u00fcndnis das weltweit gr\u00f6\u00dfte St\u00e4dtenetzwerk, das sich dem Klimaschutz\nwidmet, und das einzige, das konkrete Ziele setzt: Jede Klima-B\u00fcndnis-Kommune\nhat sich verpflichtet, ihre Treibhausgasemissionen alle f\u00fcnf Jahre um zehn\nProzent zu reduzieren. Da sich unser Lebensstil direkt auf besonders bedrohte\nV\u00f6lker und Orte dieser Erde auswirkt, verbindet das Klima-B\u00fcndnis lokales\nHandeln mit globaler Verantwortung. <a href=\"http:\/\/www.klimabuendnis.org\"><strong>klimabuendnis.org<\/strong><\/a><strong><\/strong><\/p>\n\n\n\n<p>Text: <em>Kreisverwaltung Rhein-Pfalz-Kreis Foto: Klima-B\u00fcndnis<br>22.05.2019<\/em><\/p>\n\n\n\n<h2 class=\"wp-block-heading\"><strong>Genusstour durch die Vorderpfalz<\/strong> &#8211; <strong>\u201eAb durch die Mitte\u201c<\/strong><\/h2>\n\n\n\n<p>Der Tourismusverein Rhein-Pfalz-Kreis l\u00e4dt wieder gemeinsam mit der Volkshochschule zu seiner beliebten Genusstour am <strong>Donnerstag, 06. Juni<\/strong> 2019 durch den mittleren Landkreis ein.<\/p>\n\n\n\n<p>Am Donnerstag, 06. Juni 2019, wird eine\nTour durch den mittleren Landkreis angeboten. Treffpunkt ist um 9:30 Uhr der\nPfalzmarkt in Mutterstadt. Dort erhalten die G\u00e4ste Informationen \u00fcber den\nPfalzmarkt und seine Bedeutung f\u00fcr die Region. Der Nostalgiebus bringt die\nTeilnehmenden danach zur traditionsreichen Gastst\u00e4tte \u201eZur Pfalz\u201c, in der ein\nAperitif und die Vorspeise gereicht wird. Anschlie\u00dfend geht die entspannte\nFahrt weiter nach Fu\u00dfg\u00f6nheim in das Deutsche Kartoffelmuseum. Dort erfahren die\nG\u00e4ste bei einem gef\u00fchrten Rundgang alles Wissenswerte rund um die Knolle.\nWeiter geht die Tour nach Mutterstadt zur Hauptspeise in das Hotel Ebnet. Die\nweitere Fahrt&nbsp; im Oldtimerbus f\u00fchrt durch\ndie Gemeinde Limburgerhof nach Schifferstadt zur Nachspeise im Hotel \u201eSalischer\nHof\u201c. Vorher jedoch wird noch das Naturschutzgebiet \u201eDannstadter Gr\u00e4berfeld\u201c\ns\u00fcd\u00f6stlich von Dannstadt besichtigt mit Informationen \u00fcber die Geschichte\ndieses Areals. Die Tour endet gegen 16 Uhr wieder am Pfalzmarkt. <\/p>\n\n\n\n<p>Diese Genussfahrt verbindet kulinarisches mit kultur- und naturkundlichen Besonderheiten im Rhein-Pfalz-Kreis und finden in Zusammenarbeit mit dem Tourismusverein Rhein-Pfalz-Kreis statt. Die Geb\u00fchr betr\u00e4gt jeweils 72 Euro (incl. Men\u00fc und 1 Getr\u00e4nk).<\/p>\n\n\n\n<p>N\u00e4here Informationen und Anmeldung bei <\/p>\n\n\n\n<ul><li>der vhs Gesch\u00e4ftsstelle, Martha Ackermann-Schneider unter 0621 5909 3421, <a href=\"mailto:martha.ackermann-schneider@kv-rpk.de\">martha.ackermann-schneider@kv-rpk.de<\/a> oder unter <a href=\"http:\/\/www.vhs-rpk.de\">www.vhs-rpk.de<\/a> <\/li><li>oder beim Tourismusverein Rhein-Pfalz-Kreis e.V., Thomas Eberhard unter 0621 5909 4140, <a href=\"mailto:thomas.eberhard@kv-rpk.de\">thomas.eberhard@kv-rpk.de<\/a> \u00a0 <\/li><\/ul>\n\n\n\n<p><em>Kreisverwaltung Rhein-Pfalz-Kreis<br>22.05.2019<\/em><\/p>\n\n\n\n<h2 class=\"wp-block-heading\"><strong>Vernissagen der\nWanderausstellung: Die M\u00fctter des Grundgesetzes<\/strong><\/h2>\n\n\n\n<p>Gleich zu zwei Vernissagen der Wanderausstellung \u201eM\u00fctter des Grundgesetzes\u201c laden die Gleichstellungsbeauftragte des Rhein-Pfalz-Kreises, Heidi Wittmann und vier Kolleginnen aus dem Rhein-Pfalz-Kreis ein. Gezeigt werden Lebensbilder der Politikerinnen Frieda Nadig, Elisabeth Selbert, Helene Weber und Helene Wessel. <\/p>\n\n\n\n<p>Diese 4 Frauen haben als Mitglieder des Parlamentarischen Rates wesentlich zum Entstehen des Grundgesetzes und zu der verfassungsrechtlichen Gleichstellung von Mann und Frau beigetragen. Sie erk\u00e4mpften mit Art. 3, Abs. 2 \u2013 \u201eM\u00e4nner und Frauen sind gleichberechtigt.\u201c \u2013 die Verankerung der Gleichberechtigung im Grundgesetz. Formuliert wurde damit im Jahr 1949 ein Programm, nicht eine Aussage \u00fcber die Realit\u00e4t. Seiner Verankerung im Grundgesetz gingen heftige Diskussionen voraus. Ohne das Engagement der vier Frauen im Parlamentarischen Rat und der vielen Frauen, die sich in der \u00d6ffentlichkeit f\u00fcr die volle Gleichberechtigung stark machten, w\u00e4re es zu dieser Formulierung nicht gekommen. Die Ausstellung, die in Kooperation mit der Volkshochschule des Rhein-Pfalz-Kreises vorgestellt wird, w\u00fcrdigt das Engagement, das die vier politischen Weggef\u00e4hrtinnen in den ersten Jahren der Bunderepublik gezeigt haben. <\/p>\n\n\n\n<p>Zu den zwei Vernissagen sind B\u00fcrgerinnen und B\u00fcrger herzlich eingeladen:<\/p>\n\n\n\n<ul><li><strong>04. Juni 2019<\/strong>, 18 Uhr im Rathaus Bobenheim-Roxheim (Roxheimer Stra\u00dfe 80), Gastrednerin Prof. Dr. Maria B\u00f6hmer, ehem. Staatsministerin im Ausw\u00e4rtigen Amt<\/li><li><strong>17. Juni 2019<\/strong>, 18 Uhr im Rathaus Dudenhofen (Konrad-Adenauer-Platz 6), Gastrednerin Friederike Ebli, Ortsb\u00fcrgermeisterin Hanhofen, ehemalige Landtagsabgeordnete Rheinland-Pfalz<\/li><\/ul>\n\n\n\n<p><em>Kreisverwaltung Rhein-Pfalz-Kreis<br>22.05.2019<\/em><\/p>\n\n\n\n<h2 class=\"wp-block-heading\"><strong>Singen ist einfach \u2013 Vorstellung des Liederbuches mit Deutschen Volksliedern<\/strong><\/h2>\n\n\n\n<div class=\"wp-block-image\"><figure class=\"aligncenter\"><img decoding=\"async\" loading=\"lazy\" width=\"1024\" height=\"448\" src=\"https:\/\/speyer24news.com\/wp-content\/uploads\/2019\/05\/Vorstellung-des-Liederbuches-durch-Sch\u00fclerinnen-und-Sch\u00fcler-der-Grundschule-R\u00f6dersheim-1024x448.jpg\" alt=\"\" class=\"wp-image-14063\" srcset=\"https:\/\/speyer24news.com\/wp-content\/uploads\/2019\/05\/Vorstellung-des-Liederbuches-durch-Sch\u00fclerinnen-und-Sch\u00fcler-der-Grundschule-R\u00f6dersheim-1024x448.jpg 1024w, https:\/\/speyer24news.com\/wp-content\/uploads\/2019\/05\/Vorstellung-des-Liederbuches-durch-Sch\u00fclerinnen-und-Sch\u00fcler-der-Grundschule-R\u00f6dersheim-300x131.jpg 300w, https:\/\/speyer24news.com\/wp-content\/uploads\/2019\/05\/Vorstellung-des-Liederbuches-durch-Sch\u00fclerinnen-und-Sch\u00fcler-der-Grundschule-R\u00f6dersheim-768x336.jpg 768w, https:\/\/speyer24news.com\/wp-content\/uploads\/2019\/05\/Vorstellung-des-Liederbuches-durch-Sch\u00fclerinnen-und-Sch\u00fcler-der-Grundschule-R\u00f6dersheim.jpg 1200w\" sizes=\"(max-width: 1024px) 100vw, 1024px\" \/><\/figure><\/div>\n\n\n\n<p>Am\nDienstag, 16. April 2019, wurde durch Sch\u00fclerinnen und Sch\u00fcler der Grundschule Am\nNeuberg in R\u00f6dersheim das neue Liederbuch \u201eSingen ist einfach\u201c vorgestellt.\nLandrat Clemens K\u00f6rner, Kreisbeigeordneter Manfred Gr\u00e4f, Sparkassenvorstand\nThomas Traue und Christoph Utz, Leiter der Kreismusikschule, lauschten angenehm\n\u00fcberrascht, mit welchem Enthusiasmus die Kinder rund um Schulleiter Ralf\nFrohnh\u00e4user verschiedene Lieder des Buches vortrugen. <\/p>\n\n\n\n<p>Diese\nSonderausgabe Deutscher Volkslieder wurde von der Sparkasse Vorderpfalz\ngef\u00f6rdert und ist f\u00fcr Kinder und Erwachsene eine gebundene Sammlung der\nbekannten Lieder mit Texten und Melodien. Altbekannte Lieder sind nach\nverschiedenen Kategorien geordnet und somit leicht zu finden. Die Neuauflage\nder Lieder soll das Musizieren in Schulen wie auch Vereinen wieder in den\nVordergrund r\u00fccken und das heimatliche Liedgut im Musikunterricht wieder\naufleben lassen. Soviel Engagement und Freude beim Singen belohnte Landrat\nK\u00f6rner mit einem gro\u00dfen Paket Schokok\u00fcsse f\u00fcr die Sch\u00fclerinnen und Sch\u00fcler der\nGrundschule.<\/p>\n\n\n\n<p>Insgesamt\nwurde eine Auflage von 5000 St\u00fcck der Liederhefte gedruckt. Schulen, Vereine\nund Verb\u00e4nde aus dem Rhein-Pfalz-Kreis k\u00f6nnen sich eine bestimmte Anzahl der\nExemplare des Liederbuches bei der Kreisverwaltung Rhein-Pfalz-Kreis unter <a href=\"mailto:esther.scheurer@kv-rpk.de\">esther.scheurer@kv-rpk.de<\/a>\noder unter 0621 5909 3560 kostenfrei anfordern. <\/p>\n\n\n\n<p><em>Kreisverwaltung Rhein-Pfalz-Kreis<br>22.05.2019<\/em><\/p>\n\n\n\n<h2 class=\"wp-block-heading\">\u201eDas Angebot der Pfalzcard ist super\u201c <\/h2>\n\n\n\n<h3 class=\"wp-block-heading\">Begeisterte G\u00e4ste, zufriedene Hoteliers: Pfalzcard GmbH zieht ein Jahr nach Einf\u00fchrung der G\u00e4stekarte eine positive Bilanz <\/h3>\n\n\n\n<div class=\"wp-block-image\"><figure class=\"aligncenter\"><img decoding=\"async\" loading=\"lazy\" width=\"800\" height=\"518\" src=\"https:\/\/speyer24news.com\/wp-content\/uploads\/2019\/05\/Logo-Pfalzcard.jpg\" alt=\"\" class=\"wp-image-14062\" srcset=\"https:\/\/speyer24news.com\/wp-content\/uploads\/2019\/05\/Logo-Pfalzcard.jpg 800w, https:\/\/speyer24news.com\/wp-content\/uploads\/2019\/05\/Logo-Pfalzcard-300x194.jpg 300w, https:\/\/speyer24news.com\/wp-content\/uploads\/2019\/05\/Logo-Pfalzcard-768x497.jpg 768w\" sizes=\"(max-width: 800px) 100vw, 800px\" \/><\/figure><\/div>\n\n\n\n<p><strong>Neustadt &#8211; <\/strong>Die Pfalzcard GmbH freut sich \u00fcber eine erfolgreiche Premierensaison. In den ersten zw\u00f6lf Monaten seit Einf\u00fchrung kamen fast 70.000 Personen in den Genuss der G\u00e4stekarte (dahinter stecken fast 170.000 \u00dcbernachtungen), mehr als 50.000 kostenlose Pfalz-Erlebnisse wurden von den CardG\u00e4sten genutzt. Manche der Freizeit-Attraktionen wie die S\u00fcdpfalz-Therme in Bad Bergzabern, das Sealife in Speyer, das Hambacher Schloss, der Landauer Zoo, der Speyerer Dom, der Trifels bei Annweiler oder das Dynamikum in Pirmasens wurden von mehreren tausend G\u00e4sten mit Pfalzcard besucht, andere wie die Burg Lichtenberg mit dem Geoskop in Kusel verzeichneten weit mehr als tausend G\u00e4ste. Die Karte, die am 1. April 2018 eingef\u00fchrt worden war, bietet Pfalz-Urlaubern eine F\u00fclle von Vorteilen: Sie k\u00f6nnen gratis mit \u00f6ffentlichen Verkehrsmittel im Gebiet des Verkehrsverbunds Rhein-Neckar fahren und erhalten au\u00dferdem mehr als 100 Freizeiterlebnisse vom Museumsbesuch bis zur Weinprobe geschenkt. Entsprechend begeistert sind die Kommentare von Besuchern: \u201eDas Angebot der Pfalzcard war super\u201c schreibt ein Pfalz-Gast, ein anderer lobt: \u201eDie Pfalzcard ist eine tolle Erg\u00e4nzung f\u00fcr den Aufenthalt, die wir gut genutzt haben.\u201c <\/p>\n\n\n\n<p>Landrat Hans-Ulrich Ihlenfeld, der 1. Vorsitzende der Pfalz.Touristik, zeigte sich bei einer Pressekonferenz in Neustadt sehr zufrieden mit dem ersten Jahr: \u201eMit der Pfalzcard schenken wir unseren G\u00e4ste als einzige Ferienregion in Rheinland-Pfalz eine kostenlose Eintrittskarte f\u00fcr die Erlebnis- und Genusslandschaft Pfalz. Die begeisterten Kommentare der G\u00e4ste zeigen, dass wir damit ein hochattraktives Angebot geschaffen haben.\u201c Bei der Pressekonferenz wurde auch die Brosch\u00fcre mit den Freizeit-Attraktionen f\u00fcr die neue Saison vorgestellt. Deren Zahl hat sich gegen\u00fcber dem ersten Jahr um 9 auf nunmehr 110 Angebote erh\u00f6ht, darunter TretbootFahren auf dem Ohmbachsee, eine F\u00fchrung auf der Burg Neudahn, weitere Museumsund Schwimmbad-Besuche und &#8211; sicher das ungew\u00f6hnlichste Angebot &#8211; kostenlose  Lama-Wanderungen im Pf\u00e4lzerwald. Die G\u00e4ste, berichtet Sonja Sch\u00e4fer vom Wohlf\u00fchl-Hotel \u201eAlte Rebschule\u201c, sind oft \u201epositiv verwundert, was die Breite des kostenlosen Angebots angeht.\u201c <\/p>\n\n\n\n<p>Genutzt wurden im Lauf des ersten Pfalzcard-Jahres fast alle Freizeitangebote, der Spitzenreiter kam auf mehr als 7400 Besucher. Waren im Sommer in allen teilnehmenden Freib\u00e4dern der Pfalz auch G\u00e4ste mit der Gratis-Karte, so verlagerte sich das Interesse im Winterhalbjahr naturgem\u00e4\u00df auf Erlebnisb\u00e4der mit Sauna und Museen. Dabei zeigen die Zahlen der Pfalzcard GmbH, dass die Besucher auch kleinere Museen wie das Motorrad-und Technikmuseum in Quirnheim oder das Diamantenschleifermuseum in Br\u00fccken besuchen. \u201eDas entspricht genau unserem Wunsch, dass die Pfalz-Besucher aufgrund der Karte auch weniger bekannte Attraktionen entdecken\u201c, freut sich Edwin Schrank, der Vorsitzende des Pfalz.Marketing e. V.. Pfalz.Marketing ist gemeinsam mit der Pfalz.Touristik Gesellschafter der Pfalzcard GmbH. <\/p>\n\n\n\n<p>Vergr\u00f6\u00dfert hat sich im ersten Pfalzcard-Jahr auch die Zahl der teilnehmenden Betriebe. 18 neue \u00dcbernachtungsangebote sind dazugekommen, darunter mit \u201eVictor\u00b4s Residenzhotel\u201c in Frankenthal und dem \u201eKastanienhof\u201c in Dannenfels auch zwei gr\u00f6\u00dfere Betriebe. Mit der neuen Jugendherberge in Pirmasens wird sich das Angebot an Pfalzcard-\u00dcbernachtungen nochmals um ein Haus mit 220 Betten vergr\u00f6\u00dfern. Pfalzcard-Gesch\u00e4ftsf\u00fchrer Andreas K\u00fchlwein hofft, mit einer Akquise-Aktion in den kommenden Wochen weitere Betriebe f\u00fcr ein Mitmachen bei der Pfalzcard zu gewinnen.<\/p>\n\n\n\n<p>\u00dcberrascht zeigten sich die Pfalzcard-Verantwortlichen von der gro\u00dfen Bereitschaft der G\u00e4ste, die Pfalz mit Bussen und Bahnen zu erkunden. \u201eVor allem die kostenlose Nutzung des \u00d6PNV ist sehr attraktiv f\u00fcr die G\u00e4ste, obwohl unser Hotel keine Haltestelle vor der Haust\u00fcr hat\u201c, erz\u00e4hlt Sonja Sch\u00e4fer von der \u201eAlten Rebschule\u201c \u2013 und gibt damit die Erfahrungen vieler Pfalzcard-Gastgeber wieder. Auff\u00e4llig ist auch die Bereitschaft der Urlauber, f\u00fcr interessante Freizeitangebote weite Wege in Kauf zu nehmen. So fanden nach der anonymisierten Auswertung der  Besucherstr\u00f6me G\u00e4ste aus Hauenstein den Weg nach Speyer ins Historische Museum oder nach Bad D\u00fcrkheim ins Salinarium, Urlauber aus H\u00e4usern an der Weinstra\u00dfe buchten Nachenfahrten in Germersheim oder besuchten die Pfalzgalerie in Kaiserslautern.<\/p>\n\n\n\n<p>So zeigt das erste Card-Jahr auch, dass die G\u00e4ste aufgrund des kostenlosen Angebots Neues entdecken, wie Patricia Freudenstein vom Hotel Residenz Immenhof in Maikammer hervorhebt: \u201eGerade heute Morgen bei der Abreise hat sich ein Ehepaar mehrmals f\u00fcr die Pfalzcard bedankt. Sie waren restlos begeistert. Sie haben so viele Sehensw\u00fcrdigkeiten besichtigt, die sie sonst nie entdeckt h\u00e4tten.\u201c Die Pfalzcard, sagt der Pfalz.Touristik-Vorsitzende Ihlenfeld, \u201eanimiert eben dazu, Neues zu entdecken.\u201c So k\u00f6nnte die Karte, die ja die F\u00fclle der Freizeit-M\u00f6glichkeiten in der Pfalz aufzeigt, die G\u00e4ste auch dazu bewegen, ihren Aufenthalt zu verl\u00e4ngern. Die Zahlen \u00fcber die durchschnittliche Aufenthaltsdauer bei den Card-Betrieben deuten jedenfalls in diese Richtung.<\/p>\n\n\n\n<p>Schrank und Ihlenfeld bedankten sich besonders bei den Sparkassen RheinHaardt, S\u00fcdliche Weinstra\u00dfe und Donnersberg, die das Pfalzcard-Projekt als Sponsoren finanziell unterst\u00fctzen. \u201eDamit bekennen sich die Sparkassen zu ihrer Verantwortung f\u00fcr die Attraktivit\u00e4t und Zukunft der Region\u201c, hob Ihlenfeld hervor.  <\/p>\n\n\n\n<p><em>Pfalzcard GmbH<br>22.05.2019<\/em><\/p>\n\n\n\n<h2 class=\"wp-block-heading\"><strong>Beginn der Freibadesaison im Aquabella Mutterstadt<\/strong><\/h2>\n\n\n\n<div class=\"wp-block-image\"><figure class=\"aligncenter\"><img decoding=\"async\" loading=\"lazy\" width=\"800\" height=\"140\" src=\"https:\/\/speyer24news.com\/wp-content\/uploads\/2019\/05\/Aquabella.png\" alt=\"\" class=\"wp-image-14061\" srcset=\"https:\/\/speyer24news.com\/wp-content\/uploads\/2019\/05\/Aquabella.png 800w, https:\/\/speyer24news.com\/wp-content\/uploads\/2019\/05\/Aquabella-300x53.png 300w, https:\/\/speyer24news.com\/wp-content\/uploads\/2019\/05\/Aquabella-768x134.png 768w\" sizes=\"(max-width: 800px) 100vw, 800px\" \/><\/figure><\/div>\n\n\n\n<p>Nachdem\nder Sommer fr\u00fcher als erwartet in der Pfalz angekommen ist, er\u00f6ffnet das\nFreizeitbad Aquabella in Mutterstadt die Freibadesaison. Der Au\u00dfenbereich mit\ndem gro\u00dfen Erlebnisbecken steht den Badeg\u00e4sten ab sofort zu den gewohnten\n\u00d6ffnungszeiten des Aquabellas zur Verf\u00fcgung.<\/p>\n\n\n\n<p>Weitere Informationen sind unter <a href=\"http:\/\/www.kreisbaeder.de\">www.kreisbaeder.de<\/a> zu finden.<\/p>\n\n\n\n<p><em>Kreisverwaltung Rhein-Pfalz-Kreis<br>22.05.2019<\/em><\/p>\n\n\n\n<h2 class=\"wp-block-heading\"><strong>Zulassung der Wahlvorschl\u00e4ge f\u00fcr die Wahl des Kreistages des Rhein-Pfalz-Kreises<\/strong><\/h2>\n\n\n\n<div class=\"wp-block-image\"><figure class=\"aligncenter\"><img decoding=\"async\" loading=\"lazy\" width=\"640\" height=\"480\" src=\"https:\/\/speyer24news.com\/wp-content\/uploads\/2019\/05\/Wahlen-1.jpg\" alt=\"\" class=\"wp-image-14051\" srcset=\"https:\/\/speyer24news.com\/wp-content\/uploads\/2019\/05\/Wahlen-1.jpg 640w, https:\/\/speyer24news.com\/wp-content\/uploads\/2019\/05\/Wahlen-1-300x225.jpg 300w, https:\/\/speyer24news.com\/wp-content\/uploads\/2019\/05\/Wahlen-1-326x245.jpg 326w, https:\/\/speyer24news.com\/wp-content\/uploads\/2019\/05\/Wahlen-1-80x60.jpg 80w\" sizes=\"(max-width: 640px) 100vw, 640px\" \/><\/figure><\/div>\n\n\n\n<p>Der\nWahlausschuss des Rhein-Pfalz-Kreises hat in seiner ersten Sitzung am 10. April\n2019 \u00fcber die Zulassung der eingereichten Wahlvorschl\u00e4ge f\u00fcr die Wahl des\nKreistages am 26. Mai 2019 entschieden.<\/p>\n\n\n\n<p>F\u00fcr\ndie Wahl des Kreistages sind folgende vollst\u00e4ndig, form- und fristgerecht\neingereichten Wahlvorschl\u00e4ge zugelassen: <\/p>\n\n\n\n<ul><li>Sozialdemokratische Partei Deutschland, SPD<\/li><li>Christlich Demokratische Union Deutschland, CDU<\/li><li>Alternative f\u00fcr Deutschland, AfD<\/li><li>Freie Demokratische Partei, FDP<\/li><li>B\u00dcNDNIS 90\/DIE GR\u00dcNEN, GR\u00dcNE<\/li><li>Kreisverband der Freien W\u00e4hlergruppen e.V., FWG<\/li><li>DIE LINKE<\/li><\/ul>\n\n\n\n<p>Die\nParteien werden in dieser Reihenfolge auf dem Stimmzettel erscheinen. Die\nReihenfolge bestimmt sich nach dem Ergebnis der letzten Landtagswahl.<\/p>\n\n\n\n<p>Die n\u00e4chste Sitzung des Wahlausschusses f\u00fcr die Feststellung der Ergebnisse der Wahlen des Kreistages findet am 04. Juni 2019 um 15:30 Uhr in der Kreisverwaltung Rhein-Pfalz-Kreis, Europaplatz 5, 67063 Ludwigshafen, statt.<\/p>\n\n\n\n<p><em>Kreisverwaltung Rhein-Pfalz-Kreis<br>22.05.2019<\/em><\/p>\n","protected":false},"excerpt":{"rendered":"<div class=\"mh-excerpt\"><p>Barockkonzert im Schlossgarten Fu\u00dfg\u00f6nheim Das Schwanthaler Trompetenconsort gastiert am Samstag, 17. August 2019 um 20 Uhr im Schlossgarten Fu\u00dfg\u00f6nheim. Einlass am Konzerttag ist bereits ab 18 Uhr. F\u00fcr das kulinarische Angebot sorgt wieder der C\u00e4cilienverein <a class=\"mh-excerpt-more\" href=\"https:\/\/speyer24news.com\/?p=14060\" title=\"Rhein-Pfalz-Kreis\">[&#8230;]<\/a><\/p>\n<\/div>","protected":false},"author":3,"featured_media":0,"comment_status":"open","ping_status":"open","sticky":false,"template":"","format":"standard","meta":{"_monsterinsights_skip_tracking":false,"_monsterinsights_sitenote_active":false,"_monsterinsights_sitenote_note":"","_monsterinsights_sitenote_category":0,"footnotes":""},"categories":[10],"tags":[441,1220,1032,448,447,1223,1222,1225,222,59,1218,1226,427,1221,1224,1219],"aioseo_notices":[],"amp_enabled":true,"_links":{"self":[{"href":"https:\/\/speyer24news.com\/index.php?rest_route=\/wp\/v2\/posts\/14060"}],"collection":[{"href":"https:\/\/speyer24news.com\/index.php?rest_route=\/wp\/v2\/posts"}],"about":[{"href":"https:\/\/speyer24news.com\/index.php?rest_route=\/wp\/v2\/types\/post"}],"author":[{"embeddable":true,"href":"https:\/\/speyer24news.com\/index.php?rest_route=\/wp\/v2\/users\/3"}],"replies":[{"embeddable":true,"href":"https:\/\/speyer24news.com\/index.php?rest_route=%2Fwp%2Fv2%2Fcomments&post=14060"}],"version-history":[{"count":1,"href":"https:\/\/speyer24news.com\/index.php?rest_route=\/wp\/v2\/posts\/14060\/revisions"}],"predecessor-version":[{"id":14072,"href":"https:\/\/speyer24news.com\/index.php?rest_route=\/wp\/v2\/posts\/14060\/revisions\/14072"}],"wp:attachment":[{"href":"https:\/\/speyer24news.com\/index.php?rest_route=%2Fwp%2Fv2%2Fmedia&parent=14060"}],"wp:term":[{"taxonomy":"category","embeddable":true,"href":"https:\/\/speyer24news.com\/index.php?rest_route=%2Fwp%2Fv2%2Fcategories&post=14060"},{"taxonomy":"post_tag","embeddable":true,"href":"https:\/\/speyer24news.com\/index.php?rest_route=%2Fwp%2Fv2%2Ftags&post=14060"}],"curies":[{"name":"wp","href":"https:\/\/api.w.org\/{rel}","templated":true}]}}