{"id":14073,"date":"2019-05-22T14:42:30","date_gmt":"2019-05-22T13:42:30","guid":{"rendered":"https:\/\/speyer24news.com\/?p=14073"},"modified":"2019-05-22T14:45:20","modified_gmt":"2019-05-22T13:45:20","slug":"polizeimeldungen-59","status":"publish","type":"post","link":"https:\/\/speyer24news.com\/?p=14073","title":{"rendered":"Polizeimeldungen"},"content":{"rendered":"<style type=\"text\/css\">\r\n\t.ads_top_disp{}\r\n\t.ads_top_corner_disp{ float:left; margin:0px 10px 10px 0px; }\r\n\t.ads_first_p_disp{}\r\n\t.ads_bottom_disp{}\r\n\t<\/style>\n<h2 class=\"wp-block-heading\">Polizeimeldungen vom Mittwoch (22.05.2019)<\/h2>\n\n\n\n<div class=\"wp-block-image\"><figure class=\"aligncenter\"><img decoding=\"async\" src=\"https:\/\/speyer24news.com\/wp-content\/uploads\/2019\/05\/Aktuelles-Polizeilogo-3.jpg\" alt=\"\" class=\"wp-image-14074\"\/><\/figure><\/div>\n\n\n\n<h4 class=\"wp-block-heading\">(Speyer) &#8211; Berauscht unterwegs<\/h4>\n\n\n\n<p>Bei der Kontrolle eines 24-j\u00e4hrigen Autofahrers Mittwochfr\u00fch in der Waldseer Stra\u00dfe wurden drogentypische Auffallerscheinungen festgestellt. Auf Nachfrage gab er an, dass sein letzter Drogenkonsum schon Jahre zur\u00fcckliegen w\u00fcrde. Ein Drogentest verlief allerdings positiv auf das Bet\u00e4ubungsmittel THC. Dem jungen Mann wurde eine  Blutprobe entnommen und die Weiterfahrt untersagt. <\/p>\n\n\n\n<h4 class=\"wp-block-heading\">(Speyer) &#8211; Iphone X gestohlen<\/h4>\n\n\n\n<p>W\u00e4hrend sich am Dienstagmittag ein Mitarbeiter des Vodafone Shop am Postplatz in einem Kundengespr\u00e4ch befand, schauten sich zwei M\u00e4nner in dem Gesch\u00e4ft um und gingen zu einem Verlaufstisch, auf dem ein Iphone X im Wert von 970.- \u20ac lag. Dort hielten sie sich kurz auf, gingen zum Ausgang und verlie\u00dfen das Gesch\u00e4ft. Der Mitarbeiter konnte dann feststellen, dass die beiden Personen das Iphone X gegen eine \u00e4hnlich aussehende Attrappe ausgetauscht hatten.<\/p>\n\n\n\n<p>Die Tatverd\u00e4chtigen werden wie folgt beschrieben: <\/p>\n\n\n\n<ul><li>Beide sind m\u00e4nnlich<\/li><li>einer 1,90m gro\u00df<\/li><li>einer 1,75m gro\u00df<\/li><li>trugen beide kurze, dunkle Haare<\/li><li>beide s\u00fcdl\u00e4ndischer Ph\u00e4notyp<\/li><li>beide tragen einen 3-Tage Bart<\/li><li>beide eine dunkle Jacke und dunkle Jeans und <\/li><li>beide sprachen kein Wort Deutsch<\/li><li>Beide trugen einen Schirm bei sich<\/li><\/ul>\n\n\n\n<p>Zeugenhinweise nimmt die Polizei unter Tel.-Nr. 06232-1370 oder per Mail an pispeyer@polizei.rlp.de entgegen. <\/p>\n\n\n\n<h4 class=\"wp-block-heading\">(R\u00f6merberg) &#8211; Mit Promille unterwegs<\/h4>\n\n\n\n<p>Einen offensichtlich betrunkenen Autofahrer hat am Dienstagabend ein Zeuge gemeldet, der gerade von dem am EDEKA Parkplatz wegf\u00e4hrt. Das  Fahrzeug konnte in der Bergh\u00e4user Stra\u00dfe angehalten und der Fahrer  kontrolliert werden. Dabei gab der 62-J\u00e4hrige auf Nachfrage an, dass er  keinen F\u00fchrerschein besitz und Alkohol getrunken habe. Ein Alkoholtest  ergab einen Wert von 2,34 Promille. Ihm wurde eine Blutprobe entnommen  und die Weiterfahrt untersagt. <\/p>\n\n\n\n<h4 class=\"wp-block-heading\">(B 9 \/ Lingenfeld) &#8211; Im Gr\u00fcnstreifen gelandet<\/h4>\n\n\n\n<p>Aufgrund unzureichender Ladungssicherung kam am Dienstagnachmittag ein  Lastkraftwagen samt Anh\u00e4nger von der B9 ab und landete im Gr\u00fcnstreifen.  Durch eine falsche gesicherte Kehrmaschine auf der Ladefl\u00e4che geriet der  Anh\u00e4nger auf regennasser Fahrbahn ins Schleudern. Hierdurch entstand  lediglich Flurschaden, verletzt wurde niemand. <\/p>\n\n\n\n<h4 class=\"wp-block-heading\">(Silz) &#8211; Umgest\u00fcrzter Baum f\u00fchrt zu Unfall<\/h4>\n\n\n\n<p>Am Dienstag, 21.05.19, gegen 22:20 Uhr, befuhr die Fahrerin eines Pkw  Ford Kuga die Landstra\u00dfe zwischen Gossersweiler-Stein und Silz. Ungef\u00e4hr  500 Meter vor dem Ortseingang Silz erkannte die 24-J\u00e4hrige einen auf  der Fahrbahn liegenden Baum zu sp\u00e4t und \u00fcberfuhr den Baum. Der Pkw wurde  im Frontbereich stark besch\u00e4digt und musste abgeschleppt werden. Die  Fahrerin blieb unverletzt. Die verst\u00e4ndigte Stra\u00dfenmeisterei entfernte  den Baum von der Stra\u00dfe. <\/p>\n\n\n\n<h4 class=\"wp-block-heading\">(Annweiler) &#8211; Unfall mit M\u00fcllfahrzeug<\/h4>\n\n\n\n<p>Ein 28-j\u00e4hriger BMW-Fahrer wollte Dienstagfr\u00fch vom Burgenring nach rechts in die  Landauer Stra\u00dfe abbiegen. Hierbei \u00fcbersah er ein auf der Gegenspur  fahrendes M\u00fcllfahrzeug, welches mit eingeschaltetem Blinklicht unterwegs  war. Es kam zum Zusammensto\u00df der Fahrzeuge, wobei der BMW so stark  besch\u00e4digt wurde, dass er abgeschleppt werden musste. Der Fahrer zog  sich leichte Verletzungen zu. Insgesamt entstand ein Schaden von ca.  6000 Euro. <\/p>\n\n\n\n<h4 class=\"wp-block-heading\">(Landau \/ B 10) &#8211; Nachtfahrverbot<\/h4>\n\n\n\n<p>Am Dienstag kurz vor Mitternacht musste ein 53-j\u00e4hriger LKW-Fahrer mit seinem  Sattelzug auf der B10 wenden, weil er ohne Ausnahmegenehmigung von  Salzburg nach Luxemburg unterwegs war und die Wegstrecke abk\u00fcrzen  wollte. Zudem wurde eine Sicherheitsleistung in H\u00f6he von 75 Euro  einbehalten, da er das Verbot missachtete. Drei weitere kontrollierte  LKW-Fahrer konnten eine Berechtigung vorweisen. <\/p>\n\n\n\n<h4 class=\"wp-block-heading\">(Landau \/ A 65) &#8211; Vorderrad verloren<\/h4>\n\n\n\n<p>Gl\u00fccklicherweise &#8222;nur&#8220; Sachschaden in H\u00f6he von 4000 Euro ist die Bilanz  eines Verkehrsunfalls am Dienstagmorgen auf der A65 bei der AS  Landau-Nord kurz vor 9 Uhr. Das linke Vorderrad eines in Richtung  Karlsruhe fahrenden Pkw l\u00f6ste sich aus bislang unbekannten Gr\u00fcnden und  sprang auf der Gegenfahrbahn gegen die Sto\u00dfstange eines  entgegenkommenden LKW. An beiden Fahrzeugen entstand Sachschaden, wobei  der Pkw abgeschleppt werden musste.  Wegen den Bergungsarbeiten war die  rechte Fahrspur kurzzeitig gesperrt. Es kam zu Verkehrsbehinderungen. <\/p>\n\n\n\n<h4 class=\"wp-block-heading\">(Landau) &#8211; Flaschenwerfer in der Maximilianstra\u00dfe<\/h4>\n\n\n\n<p>Unter dem Einfluss von Drogen und Alkohol warf ein junger Mann aus  Landau am Montagabend gegen 18:30 Uhr Flaschen auf die Maximilianstra\u00dfe.  Der 29 J\u00e4hrige hatte zun\u00e4chst gegen ein haltendes Auto getreten und  anschlie\u00dfend eine Glasflasche auf die Fahrbahn  geworfen. Anschlie\u00dfend  warf er eine weitere Flasche auf ein  vorbeifahrendes Auto. Auf den 29  J\u00e4hrigen kommt nun ein Strafverfahren wegen des gef\u00e4hrlichen Eingriffs  in den Stra\u00dfenverkehr zu. <\/p>\n\n\n\n<h4 class=\"wp-block-heading\">(Landau) &#8211; Verkehrsunfall verursacht und gefl\u00fcchtet<\/h4>\n\n\n\n<p>Sachschaden in H\u00f6he von 500 Euro verursachte ein bislang unbekannter  Autofahrer auf einem Parkplatz in der Gilletstra\u00dfe, am Montag in der  Zeit zwischen 13.15 und 13.45 Uhr. Der unbekannte Unfallverursacher  streife vermutlich beim Ein- oder Ausparken ein geparktes Auto und entfernte sich anschlie\u00dfend unerlaubt von der Unfall\u00f6rtlichkeit. Zeugenhinweise nimmt die Polizeiinspektion Landau telefonisch unter  06341\/2870 bzw. per Mail unter <a href=\"mailto:pilandau@polizei.rlp.de\">pilandau@polizei.rlp.de<\/a> entgegen. <\/p>\n\n\n\n<h4 class=\"wp-block-heading\">(Offenbach) &#8211; Zwei Verkehrsunf\u00e4lle an einem Tag verursacht<\/h4>\n\n\n\n<p>Gleich zwei Verkehrsunf\u00e4lle verursachte eine 34-j\u00e4hrige Autofahrerin am  Montag in Offenbach. Die Frau hatte zun\u00e4chst gegen 14.00Uhr in der  Niedergasse in Offenbach ein geparktes Fahrzeug gestreift und  anschlie\u00dfend unerlaubt die Unfall\u00f6rtlichkeit verlassen. Wenige Stunden  sp\u00e4ter stie\u00df die 34 J\u00e4hrige in der Hauptstra\u00dfe in Offenbach mit ihrem  Auto gegen ein weiteres geparktes Auto und einen Pfosten. Bei der  Unfallaufnahme stellten die Beamten bei der Autofahrerin Auff\u00e4lligkeiten  fest, die auf eine Beeinflussung der Verkehrst\u00fcchtigkeit hinwiesen.   Der 34 J\u00e4hrigen wurde eine Blutprobe entnommen und ihr F\u00fchrerschein  sichergestellt. Auf sie kommt nun ein Strafverfahren zu. <\/p>\n\n\n\n<h4 class=\"wp-block-heading\">(Essingen) &#8211; Treppendiebstahl<\/h4>\n\n\n\n<p>In der Stra\u00dfe am Turnplatz wurde zw. 18.05.2019, 18:00 Uhr bis 20.05.2019, 07:00 Uhr aus einem Sprinter mit angeh\u00e4ngtem H\u00e4nger eine ma\u00dfgefertigte Stahltreppe mit Gel\u00e4nder entwendet. Zum  Abtransport muss ein Fahrzeug verwendet worden sein. Hinweise bitte an  die Polizei Landau. <\/p>\n\n\n\n<h4 class=\"wp-block-heading\">(Edenkoben) &#8211; Gl\u00fcck im Ungl\u00fcck auf der A65<\/h4>\n\n\n\n<p>Gl\u00fcck im Ungl\u00fcck hatte am Dienstagnachmittag eine 19j\u00e4hrige  Pkw-Fahrerin aus Kandel. Sie befuhr die Auffahrt Neustadt-S\u00fcd zur BAB 65  in Fahrtrichtung Karlsruhe. Aufgrund nicht angepasster Geschwindigkeit  verlor die junge Frau die Kontrolle \u00fcber ihr Fahrzeug und schleuderte in  den Stra\u00dfengraben. Ein Schaden entstand hierbei nicht, auch blieb die  Fahrerin unverletzt. F\u00fcr die Bergungsarbeiten musste die rechte Fahrspur  der A 65 f\u00fcr ca. 45 Minuten gesperrt werden. <\/p>\n\n\n\n<h4 class=\"wp-block-heading\">(Maikammer) &#8211; Zu schnell unterwegs<\/h4>\n\n\n\n<p>Weil ein 21-j\u00e4hriger Autofahrer bei regennasser Fahrbahn am Dienstagabend kurz vor 18 Uhr zu schnell in den Kreisel fuhr, verlor er die Kontrolle  \u00fcber sein Auto und rutschte in den rechten Stra\u00dfengraben. Sowohl am  Fahrzeug als auch an einer Stra\u00dfenlaterne entstand leichter Sachschaden.  Neben seinem besch\u00e4digten Pkw muss er mit einem Bu\u00dfgeldbescheid  rechnen. <\/p>\n\n\n\n<h4 class=\"wp-block-heading\">(Maikammer) &#8211; Gurtmuffel auf der Spur<\/h4>\n\n\n\n<p>Insgesamt 8 Gurtmuffel wurden Dienstagmorgen in der Schulstra\u00dfe im  Rahmen einer Schulweg\u00fcberwachung erwischt. Weil diese den  Sicherheitsgurt nicht trugen, mussten sie 30 Euro bezahlen. Weil mehrere  Eltern ihre Kinder mit dem Schulranzen gegurtet hatten, appelliert die  Polizei: Es ist gef\u00e4hrlich, das Kind mit dem Schulranzen anzuschnallen.  Eine sch\u00fctzende Sicherung des Kindes ist in keinem Fall m\u00f6glich. Denn  die R\u00fcckhaltewirkung des Gurtes kann erst mit einer m\u00f6glicherweise sehr  gef\u00e4hrlichen Verz\u00f6gerung einsetzen. Deshalb sollte das Kind vorm  Einsteigen die Schultasche abnehmen und sicher im Fu\u00dfraum verstauen. <\/p>\n\n\n\n<h4 class=\"wp-block-heading\">(Neustadt) &#8211; Seitenscheibe eingeschlagen und Auto durchw\u00fchlt<\/h4>\n\n\n\n<p>Am sp\u00e4ten Dienstagabend wurde an einem dunkelblauen VW in der  Branchweilerhofstra\u00dfe eine Scheibe eingeschlagen. Das Fahrzeug wurde  durchw\u00fchlt und das Autoradio aus der Halterung geholt. Es waren keine  Wertgegenst\u00e4nde im Auto. Die Schadensh\u00f6he wird mit ca. 200 Euro  angegeben. <\/p>\n\n\n\n<h4 class=\"wp-block-heading\">(Dirmstein) &#8211; Vorfahrt missachtet \/ Unfall mit Personenschaden<\/h4>\n\n\n\n<p>Ein 46-J\u00e4hriger PKW-Fahrer aus Berlin fuhr am Dienstagnachmittag  (von der Bahnhofstra\u00dfe  kommend) in den Kreuzungsbereich zur Obers\u00fclzer Str. \/ Friedhofstra\u00dfe  ein, wobei er die Vorfahrt einer 40-j\u00e4hrigen PKW-Fahrerin aus Dirmstein  missachtete. Vorfahrtsregelung besteht durch Verkehrszeichen. Beim  Aufprall wurden beide Fahrzeugf\u00fchrer leicht verletzt. An den PKW  entstand relativ hoher Sachschaden von insgesamt ca. 17.000 EUR. Beide  Auto&#8217;s waren nicht mehr fahrbereit und mussten abgeschleppt werden. <\/p>\n\n\n\n<h4 class=\"wp-block-heading\">(Frankenthal) &#8211; Diebstahl eines Pkw-Kennzeichens<\/h4>\n\n\n\n<p>Am 20.05.2019, in der Zeit von 11.00 Uhr bis 11.45 Uhr, wird das  hintere amtliche Kennzeichen eines VW Golf in der Carl-Theodor-Stra\u00dfe,  Ecke Parsevalplatz, entwendet. Der Schaden wird auf etwa 30 Euro  gesch\u00e4tzt. <\/p>\n\n\n\n<p>Wer sachdienliche Hinweise zu dem genannten Fall geben  kann, wird gebeten sich mit der Polizeiinspektion Frankenthal unter der  Rufnummer 06233\/313-0 oder der Polizeiwache Maxdorf unter der Rufnummer  06237\/934-100 in Verbindung zu setzen. Hinweise k\u00f6nnen auch per E-Mail  unter <a href=\"mailto:pifrankenthal@polizei.rlp.de\">pifrankenthal@polizei.rlp.de<\/a> an die Polizei \u00fcbermittelt werden. <\/p>\n\n\n\n<h4 class=\"wp-block-heading\">(Bobenheim-Roxheim) &#8211; Diesel aus LKW abgezapft<\/h4>\n\n\n\n<p>In der Zeit von 20.05.2019, 19.00 Uhr, bis 21.05.2019, 08.00 Uhr,  werden aus 4 Lkw, welche auf einem Firmengel\u00e4nde in der Stra\u00dfe Auf dem  W\u00f6rth abgestellt sind, insgesamt etwa 1000 Liter Diesel durch bislang  unbekannte T\u00e4ter entwendet. Der Gesamtschaden wird auf etwa 1700 Euro  gesch\u00e4tzt. <\/p>\n\n\n\n<p>Wer sachdienliche Hinweise zu dem genannten Fall geben  kann, wird gebeten sich mit der Polizeiinspektion Frankenthal unter der  Rufnummer 06233\/313-0 oder der Polizeiwache Maxdorf unter der Rufnummer  06237\/934-100 in Verbindung zu setzen. Hinweise k\u00f6nnen auch per E-Mail  unter <a href=\"mailto:pifrankenthal@polizei.rlp.de\">pifrankenthal@polizei.rlp.de<\/a> an die Polizei \u00fcbermittelt werden. <\/p>\n\n\n\n<h4 class=\"wp-block-heading\">(Ludwigshafen) &#8211; Einbruch in Wohnung<\/h4>\n\n\n\n<p>Am 21.05.2019 zwischen 16:00 Uhr und 17:50 Uhr brachen unbekannte T\u00e4ter  in eine Wohnung eines Mehrfamilienhauses in der Carl-Bosch-Stra\u00dfe ein.  Sie stahlen zwei Tablets, einen Laptop, Schmuck sowie Bargeld.  Sachdienliche Hinweise nimmt die Kriminalpolizei Ludwigshafen unter der  Telefonnummer 0621\/963-2773 oder per Email <a href=\"mailto:kiludwigshafen@polizei.rlp.de\">kiludwigshafen@polizei.rlp.de<\/a> entgegen. <\/p>\n\n\n\n<h4 class=\"wp-block-heading\">(Ludwigshafen) &#8211; Autounfall in der Saarlandstra\u00dfe \/ Zeugen gesucht<\/h4>\n\n\n\n<p>Am 21.05.2019 gegen 16:25 Uhr fuhr ein 39-J\u00e4hriger mit einem Peugeot  auf der Saarlandstra\u00dfe (B 38) in Richtung Rheing\u00f6nheimer Stra\u00dfe. Zur  gleichen Zeit fuhr eine 78-J\u00e4hrige mit einem Mercedes-Benz C-Klasse  ebenfalls auf der Saarlandstra\u00dfe (B38) in Richtung Wittelsbachplatz. Als  die 78-J\u00e4hrige an der mit Ampeln geregelten Kreuzung nach links in die  Georg-Herwegh-Stra\u00dfe einbiegen wollte, stie\u00df sie mit dem Auto des  geradeaus fahrenden 39-J\u00e4hrigen zusammen. An beiden Autos entstand ein  Gesamtsachschaden von etwa 8.000 Euro. Beide Unfallbeteiligten gaben an,  dass die Ampel f\u00fcr ihre jeweilige Fahrrichtung gr\u00fcn angezeigt hatte. Da  zum Zeitpunkt der Unfallaufnahme die Ampelanlage st\u00f6rungsfrei war,  bittet die Polizei nun Zeugen, die den Unfall mitbekommen haben und  Aussagen \u00fcber die Ampelschaltung machen k\u00f6nnen, sich bei der  Polizeiinspektion Ludwigshafen 1, Telefonnummer 0621 963-2122 oder per  e-Mail <a href=\"mailto:piludwigshafen1@polizei.rlp.de\">piludwigshafen1@polizei.rlp.de<\/a> zu melden. <\/p>\n\n\n\n<h4 class=\"wp-block-heading\">(Ludwigshafen) &#8211; Kleinkraftradfahrerin angefahren \/ Zeugen gesucht<\/h4>\n\n\n\n<p>Am 21.05.2019 gegen 15.30 Uhr fuhr eine 44-J\u00e4hrige mit ihrem  Kleinkraftrad auf der Oggersheimer Stra\u00dfe in Richtung Oggersheim. Zur  gleichen Zeit fuhr ein unbekannter Autofahrer auf der Stra\u00dfe &#8222;Am  Sportplatz&#8220; in Richtung Oggersheimer Stra\u00dfe. Als die 44-J\u00e4hrige an der  Einm\u00fcndung der Stra\u00dfe &#8222;Am Sportplatz&#8220; geradeaus weiter fahren wollte,  bog der Unbekannte rechts in die Oggersheimer Stra\u00dfe in Richtung  Oggersheim ab und stie\u00df mit der Kleinkraftradfahrerin zusammen. Die  44-J\u00e4hrige st\u00fcrzte und verletzte sich. Sie wurde ins Krankenhaus  gebracht. Der unbekannte Autofahrer fl\u00fcchtete in seinem blauen Audi. Wer  den Unfall gesehen hat oder Angaben zu dem blauen Audi und dessen  Fahrer machen kann, wird gebeten, sich an die Polizeiwache Oggersheim  unter Tel. 0621 963 &#8211; 2403 oder per Mail <a href=\"mailto:pwoggersheim@polizei.rlp.de\">pwoggersheim@polizei.rlp.de<\/a> zu wenden. <\/p>\n\n\n\n<h4 class=\"wp-block-heading\">(Ludwigshafen) &#8211; In Gespr\u00e4ch verwickelt und Geld gestohlen<\/h4>\n\n\n\n<p>Am 21.05.2019 gegen 11:00 Uhr verwickelte ein unbekannter Mann einen  71-J\u00e4hrigen auf der Trifelsstra\u00dfe\/Lindelbronnstra\u00dfe in ein Gespr\u00e4ch  wegen einer Autopanne, die der Unbekannte angeblich hatte. Dabei brachte  er den 71-J\u00e4hrigen dazu, kurzzeitig seinen Geldbeutel hervorzuholen und  ihm zu zeigen. Als der Unbekannte weggegangen war, bemerkte der 71-J\u00e4hrige, dass ein 50 Euro Schein aus seinem Geldbeutel fehlte. <\/p>\n\n\n\n<p>Der unbekannte T\u00e4ter war:<\/p>\n\n\n\n<ul><li>etwa 30 &#8211; 40 Jahre alt und <\/li><li>circa 1,65 m gro\u00df<\/li><li>Er  war untersetzt und <\/li><li>trug eine braune Jacke sowie eine dunkle Hose.  <\/li><\/ul>\n\n\n\n<p>Sachdienliche Hinweise bitte an die Polizeiinspektion Ludwigshafen 1,  Telefonnummer 0621 963-2122 oder per e-Mail <a href=\"mailto:piludwigshafen1@polizei.rlp.de\">piludwigshafen1@polizei.rlp.de<\/a> . <\/p>\n\n\n\n<h4 class=\"wp-block-heading\">(Ludwigshafen) &#8211; Mit Regenschirm auf Auto geschlagen<\/h4>\n\n\n\n<p>Am 21.05.2019 gegen 09:15 Uhr schlug ein unbekannter Mann mit seinem  Regenschirm auf die Windschutzscheibe eines Porsche Cayenne, der in der  Jakob-Binder-Stra\u00dfe stand. Die Windschutzscheibe bekam aufgrund der  Schl\u00e4ge einen Riss. Zudem wurde der Lack am Auto besch\u00e4digt.  Anschlie\u00dfend entfernte sich der Unbekannte in Richtung  Von-der-Tann-Stra\u00dfe. <\/p>\n\n\n\n<p>Er war:<\/p>\n\n\n\n<ul><li>etwa 30 Jahre alt<\/li><li>circa 1,75 m gro\u00df<\/li><li>hatte eine schlanke Statur<\/li><li>schwarze Haare sowie einen Dreitagebart<\/li><li>Er trug  blaue Jeans und eine dunkle Jacke<\/li><\/ul>\n\n\n\n<p>Sachdienliche Hinweise bitte an die  Polizeiinspektion Ludwigshafen 2  unter der Telefonnummer 0621 963-2222  oder per E-Mail <a href=\"mailto:piludwigshafen2@polizei.rlp.de\">piludwigshafen2@polizei.rlp.de<\/a>. <\/p>\n\n\n\n<h4 class=\"wp-block-heading\">(Ludwigshafen) &#8211; Toyota RAV 4 gestohlen<\/h4>\n\n\n\n<p>In der Zeit zwischen dem 20.05.2019 gegen 17:00 Uhr und dem 21.05.2019  gegen 06.10 Uhr stahlen unbekannte T\u00e4ter einen platinsilbernen Toyota  RAV 4 im Wert von \u00fcber 20.000 Euro, der im Albert-Haueisen-Ring vor  einem Anwesen abgestellt war. Sachdienliche Hinweise bitte an die  Polizeiwache Oggersheim unter Tel. 0621 963 &#8211; 2403 oder per Mail <a href=\"mailto:pwoggersheim@polizei.rlp.de\">pwoggersheim@polizei.rlp.de<\/a>. <\/p>\n\n\n\n<h4 class=\"wp-block-heading\">(A 656 \/ Gem. Mannheim) &#8211; BMW geriet ins Schleudern \/ Fahrerin ohne Fahrerlaubnis<\/h4>\n\n\n\n<p>Am Dienstagvormittag gegen 10 Uhr geriet der BMW einer 30-j\u00e4hrigen Frau  aus Karlsruhe auf der regennassen Fahrbahn der A 656\/Anschlussstelle  Mannheim-Neckarau ins Schleudern und krachte gegen die Mittelleitplanke.  Bei der anschlie\u00dfenden Unfallaufnahme stellten Beamte des  Autobahnpolizeireviers Mannheim fest, dass die Fahrerin nicht im Besitze  einer Fahrerlaubnis war. <\/p>\n\n\n\n<p>Ein Abschleppunternehmen transportierte  den BMW, den Schaden beziffert die Polizei auf 5.000 Euro, ab. Der  Autobahnmeisterei Mannheim entstand zudem Schaden in H\u00f6he von 1.000  Euro. <\/p>\n\n\n\n<h4 class=\"wp-block-heading\">(Mannheim-Innenstadt) &#8211; Radfahrer missachtet Vorfahrt, kollidiert mit Peugeot und wird leicht verletzt<\/h4>\n\n\n\n<p>Ein 21-j\u00e4hriger Radfahrer missachtete am Dienstag, kurz nach 9 Uhr, im  Bereich der Quadrate E3\/F3 die Vorfahrt einer 59-j\u00e4hrigen  Peugeot-Fahrerin und kollidierte mit dieser. Der junge Mann war in  Richtung der Quadrate F2\/F3 unterwegs und \u00fcberfuhr an der Kreuzung die  Haltelinie eines Stoppschildes, woraufhin es zum Zusammensto\u00df kam. Er  st\u00fcrzte zu Boden und zog sich leichte Verletzungen zu, die in einem  Krankenhaus behandelt werden mussten. Am Peugeot sowie am Fahrrad  entstand Sachschaden in H\u00f6he von \u00fcber 3.000 Euro. <\/p>\n\n\n\n<h4 class=\"wp-block-heading\">(Mannheim-Innenstadt) &#8211; Auseinandersetzung mit der Polizei, Ermittlungsgruppe wird eingerichtet<\/h4>\n\n\n\n<p>Wie bereits berichtet, kam es am Samstag gegen 23.50 Uhr zu einer  Auseinandersetzung zwischen Anh\u00e4ngern des SV Waldhof Mannheim und  Beamten des Polizeipr\u00e4sidiums Mannheim. <\/p>\n\n\n\n<p>Die im ersten \nPressebericht ver\u00f6ffentlichten Geschehnisse sollen sich nach derzeitigem\n Kenntnisstand wie berichtet, ereignet haben. <\/p>\n\n\n\n<p>Aufgrund dessen \nwurde am heutigen Tag eine Ermittlungsgruppe bei der \nKriminalpolizeidirektion Heidelberg, Kriminalkommissariat Mannheim \neingerichtet. <\/p>\n\n\n\n<p>Gegenstand der Ermittlungen sind auch die Inhalte \neines Beschwerdebriefs, der diversen Medien zugestellt wurde. Die darin \nangef\u00fchrten Beschwerden, Vorw\u00fcrfe gegen die eingesetzten Polizeibeamten \nund deren Ma\u00dfnahmen best\u00e4tigten sich bislang nicht, werden jedoch \nweiterhin untersucht. <\/p>\n\n\n\n<p>Wie in sozialen Medien berichtet, kann \nbest\u00e4tigt werden, dass bei dem Polizeieinsatz u.a. ein Polizeihund \neingesetzt wurde. Dieser, darauf trainiert fl\u00fcchtige T\u00e4ter bzw. \nTatverd\u00e4chtige zu stellen, verfolgte zwei Tatverd\u00e4chtige, die zuvor aus \nder Gastwirtschaft gefl\u00fcchtet waren. Die zwei M\u00e4nner wurden durch den \nHund ohne Maulkorb eingeholt und durch &#8222;anbellen&#8220; auf ihrer Flucht \ngestoppt. Der Hund biss keinen der Fl\u00fcchtigen. Die eingesetzten \nPolizeibeamten konnten so einen 28-j\u00e4hrigen Tatverd\u00e4chtigen (nicht wie \nurspr\u00fcnglich berichtet einen 18-J\u00e4hrigen) vorl\u00e4ufig festnehmen und bei \ndem anderen Mann die Personalien feststellen. <\/p>\n\n\n\n<p>Wie in der ersten \nPressemeldung bereits berichtet, wurde die Polizei mit Flaschen und \nGl\u00e4ser beworfen und auch mit Pfefferspray attackiert und setzte nicht, \nwie behauptet, nur ihrerseits Pfefferspray ein. <\/p>\n\n\n\n<p>Die ersten \nErmittlungserkenntnisse werden in den n\u00e4chsten Tagen der \nStaatsanwaltschaft Mannheim vorgelegt werden, die sodann \u00fcber die \nEinleitung von Ermittlungsverfahren entscheidet. <\/p>\n\n\n\n<p>Die Ermittler  suchen nun nach Zeugen der Vorkommnisse, u.a. auch nach einer weiblichen  Junggesellinnengruppe, die als G\u00e4ste in der Lokalit\u00e4t in U 5 waren.  Au\u00dferdem bittet die Polizei Zeugen, die Videos von den Vorf\u00e4llen  gefertigt haben, sich unter 0621 174 4444 zu melden und diese den  Ermittlern zur Verf\u00fcgung zu stellen. <\/p>\n\n\n\n<h4 class=\"wp-block-heading\">(Mannheim-Neckarstadt) &#8211; Wohnungseinbruch in der Humboldtstra\u00dfe \/ Bargeld und Schmuck gestohlen &#8211; Zeugen gesucht!<\/h4>\n\n\n\n<p>In der Nacht zum Mittwoch verschaffte sich ein bislang unbekannter  T\u00e4ter durch Aufhebeln eines Fensters Zutritt zu einer Erdgeschosswohnung  in der Humboldtstra\u00dfe. Aus einem Safe stahl der Unbekannte mehrere  Tausend Euro und lie\u00df noch diverse Goldschmuckst\u00fccke sowie weiteres  Bargeld mitgehen. Anschlie\u00dfend machte er sich wieder aus dem Staub. Der  Sachschaden kann derzeit noch nicht beziffert werden. Der Tatzeitraum  kann auf 2 Uhr bis 4 Uhr eingegrenzt werden. <\/p>\n\n\n\n<p>Zeugen, die  verd\u00e4chtige Beobachtungen gemacht haben, werden gebeten, sich mit dem  Polizeirevier Mannheim-Neckarstadt unter Tel.: 0621\/3301-0 in Verbindung  zu setzen. <\/p>\n\n\n\n<h4 class=\"wp-block-heading\">(Mannheim-Herzogenried) &#8211; Unbekannter dringt in Schulgeb\u00e4ude ein \/ Zeugen gesucht!<\/h4>\n\n\n\n<p>In eine F\u00f6rderschule in der K\u00e4the-Kollwitz-Stra\u00dfe brach ein bislang  unbekannter T\u00e4ter am Dienstagabend, gegen 20:40 Uhr, ein. Auf bislang  ungekl\u00e4rte Art und Weise war der T\u00e4ter auf das Schulgel\u00e4nde gelangt und  hatte sich durch Aufhebeln einer Terrassent\u00fcr Zugang zu einem  Klassenzimmer verschafft. Das Hauptgeb\u00e4ude hatte der Unbekannte  vermutlich nicht betreten. Ob aus dem Klassenzimmer etwas entwendet  wurde, steht bislang noch nicht fest. Auch der Sachschaden kann derzeit  noch nicht beziffert werden. <\/p>\n\n\n\n<p>Zeugen, die verd\u00e4chtige  Beobachtungen gemacht haben, werden gebeten, sich mit dem Polizeirevier  Mannheim-Neckarstadt unter Tel.: 0621\/3301-0 in Verbindung zu setzen. <\/p>\n\n\n\n<h4 class=\"wp-block-heading\">(Mannheim-Waldhof) &#8211; Nach Kollision an Kreuzung gegen geparkten PKW geprallt<\/h4>\n\n\n\n<p>An der Kreuzung Mittelried\/Z\u00e4her Wille kam es am Dienstag, gegen 14:30  Uhr, zum Zusammensto\u00df zweier Autofahrer. Ein 39-j\u00e4hriger Peugeot-Fahrer  war in der Stra\u00dfe &#8222;Mittelried&#8220; unterwegs und hatte an der Kreuzung einem  von rechts kommenden 22-j\u00e4hrigen Mercedes-Fahrer die Vorfahrt genommen.  Der Peugeot prallte nach dem Zusammensto\u00df gegen einen Seat, der am  Fahrbahnrand geparkt war. Verletzt wurde gl\u00fccklicherweise niemand, an  den drei Fahrzeugen entstand jedoch Sachschaden, der auf \u00fcber 10.000  Euro gesch\u00e4tzt wird. <\/p>\n\n\n\n<h4 class=\"wp-block-heading\">(Mannheim-Luzenberg) &#8211; Einbruch in Griechisch-Orthodoxe-Kirche \/ Zeugen gesucht!<\/h4>\n\n\n\n<p>In der Zeit von Montag, 23 Uhr bis Dienstag, 8 Uhr, brach ein bislang  unbekannter T\u00e4ter in die Sakristei einer Griechisch-Orthodoxen-Kirche in  der Spiegelstra\u00dfe ein. Durch Aufhebeln einer Seitent\u00fcr gelangte der  Unbekannte in die R\u00e4umlichkeiten und entwendete aus zwei Tresoren  Bargeld in H\u00f6he von mehreren Tausend Euro. Anschlie\u00dfend ergriff er mit  der Beute die Flucht. Die H\u00f6he des Sachschadens steht noch nicht fest. <\/p>\n\n\n\n<p>Zeugen,  die verd\u00e4chtige Beobachtungen gemacht haben, werden gebeten, sich beim  Polizeirevier Mannheim-Neckarstadt unter Tel.: 0621\/3301-0 zu melden. <\/p>\n\n\n\n<h4 class=\"wp-block-heading\">(Mannheim-Sch\u00f6nau) &#8211; Schreckschusswaffe bei Wohnungseinbruch geklaut \/ Zeugen gesucht!<\/h4>\n\n\n\n<p>In der Lilienthalstra\u00dfe, in H\u00f6he des Tarnowitzer Wegs, wurde in der  Zeit von Dienstag, 11:30 Uhr, bis Mittwoch, 3 Uhr, in eine Wohnung  eingebrochen. Ein bislang unbekannter T\u00e4ter hatte zun\u00e4chst versucht die  Balkont\u00fcr der Wohnung aufzuhebeln. Nach mehreren erfolglosen Versuchen  lie\u00df er jedoch von seinem Vorhaben ab und machte sich an einem Fenster  zu schaffen. \u00dcber dieses drang er schlie\u00dflich in die Wohnung ein und  durchsuchte s\u00e4mtliche Schr\u00e4nke nach Stehlenswertem. Mit einer  Schreckschusswaffe und einem Tablet-PC ergriff er dann die Flucht. Die  H\u00f6he des Diebstahl- und Sachschadens kann derzeit nicht beziffert  werden. <\/p>\n\n\n\n<p>Zeugen, die verd\u00e4chtige Beobachtungen gemacht haben,  werden gebeten, sich beim Polizeirevier Mannheim-Sandhofen unter Tel.:  0621\/77769-0 zu melden. <\/p>\n\n\n\n<h4 class=\"wp-block-heading\">(Mannheim-Rheinau) &#8211; Autofahrer kommt von Fahrbahn ab und prallt gegen Zaun<\/h4>\n\n\n\n<p>Ein 20-j\u00e4hriger Toyota-Fahrer kam am Dienstag, gegen 12:50 Uhr, in der  Schwetzinger Landstra\u00dfe vermutlich aufgrund der nassen Fahrbahn von der  Stra\u00dfe ab und prallte gegen den Zaun eines Autohauses. Der Toyota wurde  dabei so sehr besch\u00e4digt, dass Totalschaden entstand. Verletzungen zog  sich der 20-J\u00e4hrige aber gl\u00fccklicherweise nicht zu. Der Toyota musste  abgeschleppt werden. An dem Zaun entstand Sachschaden in H\u00f6he von \u00fcber  5.000 Euro. <\/p>\n\n\n\n<h4 class=\"wp-block-heading\">(Mannheim-Feudenheim) &#8211; Anh\u00e4nger l\u00f6st sich von Anh\u00e4ngerkupplung,  kollidiert mit Ford und rutscht \u00fcber die Fahrbahn \/ \u00dcber 5.000 Euro  Schaden<\/h4>\n\n\n\n<p>Am Dienstagmorgen, gegen 8:15 Uhr, l\u00f6ste sich w\u00e4hrend der Fahrt auf der  Feudenheimer Stra\u00dfe an dem VW eines 53-J\u00e4hrigen der Anh\u00e4nger und  prallte gegen einen Ford Transit. Der VW-Fahrer befuhr aus  Mannheim-Feudenheim kommend die linke Spur des Linksabbiegerstreifens  und wollte auf die B38a abbiegen. Da der Anh\u00e4nger nicht ausreichend  gesichert war, l\u00f6ste er sich von der Anh\u00e4ngerkupplung und prallte auf  der rechten Fahrspur gegen den Ford. Der 36-j\u00e4hrige Ford-Fahrer wollte  dem Anh\u00e4nger noch ausweichen und kollidierte dabei mit einem  Verkehrszeichen, welches verbogen wurde. Der Anh\u00e4nger rutschte nach dem  Aufprall \u00fcber die Fahrbahn und kam an einer Leitplanke zum Stehen.  Verletzt wurde gl\u00fccklicherweise niemand, es entstand jedoch ein  Gesamtschaden in H\u00f6he von \u00fcber 5.000 Euro. <\/p>\n\n\n\n<h4 class=\"wp-block-heading\">(Heidelberg) &#8211; Gef\u00e4lschte Vermieterschreiben im Umlauf- Betrugsmasche, weitere Gesch\u00e4digte gesucht!<\/h4>\n\n\n\n<p>Seit vermutlich 13.05.2019 versandte und versendet ein oder mehrere  bislang unbekannte T\u00e4ter mehrere offensichtlich gef\u00e4lschte Briefe an  Mieter von Wohnungen, haupts\u00e4chlich in Mehrfamilienh\u00e4usern in  Heidelberg. <\/p>\n\n\n\n<p>Die Briefe sollen den Anschein erwecken, dass diese vom rechtm\u00e4\u00dfigen Vermieter stammen. <\/p>\n\n\n\n<p>Die Mieter werden in dem Schreiben aufgefordert ihren Dauerauftrag f\u00fcr die Mietzahlungen auf ein anderes Konto umzu\u00e4ndern. <\/p>\n\n\n\n<p>Mit dieser Betrugsmasche versuchen der oder die T\u00e4ter unberechtigt an die Miete der Angeschriebenen zu gelangen. <\/p>\n\n\n\n<p>Bislang\n wurden vier solcher F\u00e4lle angezeigt, gl\u00fccklicherweise wurde den \nAnweisungen nicht entsprochen, weshalb die Betr\u00fcgereien im \nVersuchsstadium verblieben. <\/p>\n\n\n\n<p>Die Ermittler der Abteilung unbare  Zahlungsmittel (UbZ)\/ Cybercrime des Polizeireviers Heidelberg-Mitte  suchen nun nach weiteren Gesch\u00e4digten, die solche Briefe erhalten haben.  Diese m\u00f6gen sich bitte unter der Telefonnummer 06221 99 1700 melden.  Au\u00dferdem bitten die Ermittler die Gesch\u00e4digten, die erhaltenen Briefe  und Umschl\u00e4ge &#8211; sofern noch vorhanden &#8211; aufzubewahren und &#8222;spurenschonend&#8220; zu behandeln. <\/p>\n\n\n\n<p>Die Polizei r\u00e4t in solchen F\u00e4llen: <\/p>\n\n\n\n<ul><li>Pr\u00fcfen sie genau, ob der Brief wirklich von ihrem Vermieter stammt. <\/li><li>Werden sie unangek\u00fcndigt zur Umstellung von Dauerauftr\u00e4gen aufgefordert, rufen sie ihren Vermieter an, mit der Nummer die Ihnen bekannt ist. <\/li><li>Bei telefonischen R\u00fcckrufen sollten sie nicht auf die Nummer in den vermeintlich gef\u00e4lschten Schreiben zur\u00fcckgreifen, sonst erreichen sie wom\u00f6glich nur die Betr\u00fcger, die sie dann von der Echtheit des Schreibens \u00fcberzeugen wollen. <\/li><li>Sollten Sie verd\u00e4chtige Schreiben erhalten, melden sie dies der Polizei<\/li><\/ul>\n\n\n\n<h4 class=\"wp-block-heading\">(Heidelberg) &#8211; 31-J\u00e4hriger bei Unfall verletzt \/ Schaden mehrere tausend Euro<\/h4>\n\n\n\n<p>  Nicht mehr fahrbereit war der Renault Clio eines 31-J\u00e4hrigen, der am  Dienstag kurz vor 13 Uhr einen Unfall auf der Boxbergabfahrt\/Am  G\u00f6tzenberg hatte. M\u00f6glicherweise war der Autofahrer mit nicht  angepasster Geschwindigkeit auf regennasser Fahrbahn gefahren, als er in  einer Rechtskurve gegen die Leitplanke krachte. Der Renault drehte sich  durch die Wucht des Aufpralls um 180 Grad, schlitterte \u00fcber die  Fahrbahn hinweg und kam schlie\u00dflich zum Stillstand. Die Polizei  beziffert den Gesamtschaden auf mehrere tausend Euro. Ein Notarzt nahm  die Erstversorgung an der Unfallstelle vor, bevor der Mann in ein  nahegelegenes Krankenhaus eingeliefert werden musste. Der Renault wurde  von der Unfallstelle abgeschleppt. W\u00e4hrend der Unfallaufnahme und  Versorgung des Verletzten musste der Verkehr wechselseitig an der  Unfallstelle vorbeigeleitet werden.<\/p>\n\n\n\n<h4 class=\"wp-block-heading\">(Heidelberg) &#8211; Radfahrerin st\u00fcrzt und verletzt sich schwer \/ Zeugen gesucht<\/h4>\n\n\n\n<p>Derzeit noch nicht abschlie\u00dfend gekl\u00e4rt ist der genaue Ablauf eines  Unfalls, der sich am Dienstagmorgen gegen 9.40 Uhr auf dem Radweg  parallel der Kurf\u00fcrsten-Anlage\/H\u00f6he Stadtb\u00fccherei ereignet und sich die  beteiligte Radfahrerin schwere Verletzungen zugezogen hat. Bei dem Bus  m\u00fcsste es sich um die Linie 32 gehandelt haben, dessen Fahrer\/Fahrerin  seine Fahrt nach dem Sturz der Frau fortgef\u00fchrt oder aber gar nicht  bemerkt hat. <\/p>\n\n\n\n<p>Zur Kl\u00e4rung des Unfallablaufs werden Zeugen gebeten,\n sich mit dem Verkehrskommissariat Heidelberg, Tel.: 0621\/174-4140, in \nVerbindung zu setzen. <\/p>\n\n\n\n<p>Die Beamten stellten das Fahrrad sicher.  Nach der Erstbehandlung an der Unfallstelle wurde die aus Heidelberg  stammende Frau in ein Krankenhaus eingeliefert. <\/p>\n\n\n\n<h4 class=\"wp-block-heading\">(Altlu\u00dfheim \/ Rhein-Neckar-Kreis) &#8211; Unbekannte Radfahrerin schubst  Radfahrer \/ 51-J\u00e4hriger verletzt sich schwer &#8211; Polizei sucht Zeugen<\/h4>\n\n\n\n<p>Wie der Polizei erst jetzt angezeigt wurde, kam es am Sonntag (19.05.)  auf dem Radweg am Rheindamm entlang der B 39 zu einem Vorfall, bei dem  ein 51-j\u00e4hriger Radfahrer aus Mannheim schwer verletzt wurde. Der Radler  war in Richtung Altlu\u00dfheim unterwegs und \u00fcberholte eine vorrausfahrende  Radfahrerin. Dabei machte er diese durch Gesten darauf aufmerksam, dass  sie aufgrund der aufgesetzten Kopfh\u00f6rer den nachfolgenden Verkehr nicht  wahrnehmen k\u00f6nne. Die unbekannte Radfahrerin soll ihn daraufhin sofort  derb beleidigt haben. Als der 51-j\u00e4hrige seine Geschwindigkeit  verringerte um die Frau darauf ansprechen zu k\u00f6nne, schubste ihn die  Unbekannte, worauf er zu Boden st\u00fcrzte. Durch den Sturz zog sich der  Mann eine komplizierte Fraktur zu, er wurde mit einem Rettungswagen ins  Krankenhaus nach Schwetzingen eingeliefert. Bis zum Eintreffen des  Rettungswagens wurde der Verletzte von hinzukommenden Passanten betreut,  die Radfahrerin hatte sich zwischenzeitlich von der Unfallstelle  entfernt. <\/p>\n\n\n\n<p>Der 51-J\u00e4hrige konnte die Radfahrerin wie folgt  beschreiben: <\/p>\n\n\n\n<ul><li>Ca. 16 &#8211; 18 Jahre alt<\/li><li>165 &#8211; 170 cm gro\u00df<\/li><li>zierlich<\/li><li> dunkelhaarig<\/li><li>Sie trug dunkle Kleidung<\/li><li>nutzte ein Damenfahrrad und<\/li><li>hatte schwarze Kopfh\u00f6rer \u00fcber den Ohren. <\/li><\/ul>\n\n\n\n<p>Zeugen, die  sachdienliche Hinweise zu dem Vorfall, insbesondere zu der Radfahrerin  geben k\u00f6nnen, werden gebeten sich unter Telefon 06205\/28600 beim  Polizeirevier Hockenheim zu melden. <\/p>\n\n\n\n<h4 class=\"wp-block-heading\">(Gaiberg \/ Rhein-Neckar-Kreis) &#8211; VW Golf besch\u00e4digt und gefl\u00fcchtet \/ Hinweise an die Polizei<\/h4>\n\n\n\n<p>Einen vor dem Anwesen Hauptstra\u00dfe 116 A abgestellten VW Golf  besch\u00e4digte am Dienstagvormittag ein bislang unbekannter Autofahrer. Die  Gesch\u00e4digte parkte ihren Wagen gegen 11 Uhr und musste bei ihrer  R\u00fcckkehr, rund 45 Minuten sp\u00e4ter, die Besch\u00e4digungen feststellen. Sie  hat nun einen Schaden von rund 2.000 Euro zu regeln. Ohne sich um eine  Schadensregulierung zu k\u00fcmmern, machte sich der Verursacher &#8222;einfach aus  dem Staub&#8220;. Die Polizei ermittelt wegen Unfallflucht und nimmt unter  Tel.: 06223\/9254-0 Hinweise entgegen. <\/p>\n\n\n\n<h4 class=\"wp-block-heading\">(Meckesheim \/ Rhein-Neckar-Kreis) &#8211; Neuer Kompressor auf Palette von  Tankstellengel\u00e4nde entwendet \/ Schaden ca. 3.000 Euro &#8211; Polizei sucht  Zeugen<\/h4>\n\n\n\n<p>Einen fabrikneuen Kompressor, der am Dienstagnachmittag von einer  Spedition angeliefert worden war, wurde in der Nacht zum Mittwoch vom  Gel\u00e4nde der ARAL-Tankstelle in der Zuzenh\u00e4user Stra\u00dfe entwendet. Der  Kompressor mit einem Gewicht von \u00fcber 200 Kilogramm und den Ma\u00dfen 88 x  80 x 200 cm stand verpackt auf einer Palette. Zwischen 23.15 und 04 Uhr  muss der Kompressor von mehreren T\u00e4tern auf ein gr\u00f6\u00dferes Fahrzeug oder  einen Anh\u00e4nger geladen worden sein. Der Diebstahlsschaden bel\u00e4uft sich  auf \u00fcber 3.000 Euro. Zeugen, die im fraglichen Zeitraum verd\u00e4chtige  Personen oder Fahrzeuge bemerkt haben, werden gebeten sich unter Telefon  06226\/1336 beim Polizeiposten Meckesheim oder au\u00dferhalb dessen  \u00d6ffnungszeiten beim Polizeirevier Neckargem\u00fcnd, Telefon 06223\/92540, zu  melden. <\/p>\n\n\n\n<h4 class=\"wp-block-heading\">(Hirschberg-Leutershausen \/ Rhein-Neckar-Kreis) &#8211; Crash im Kreuzungsbereich \/ Fast 10.000 Euro Schaden<\/h4>\n\n\n\n<p>Fast 10.000 Euro Schaden entstanden am Dienstagabend gegen 19.30 Uhr  bei einem Verkehrsunfall in der Fenchel-\/Hauptstra\u00dfe. Verursacht hatte  den Unfall eine 63-j\u00e4hrige BMW-Fahrerin, die im Kreuzungsbereich eine  ordnungsgem\u00e4\u00df fahrende 18-j\u00e4hrige Opel Adam-Fahrerin \u00fcbersehen hatte.  Die junge Frau klagte bei der Unfallaufnahme \u00fcber leichte Verletzungen,  wurde erstversorgt und danach in ein Krankenhaus eingeliefert. Da die  Verursacherin keinen festen Wohnsitz in der Bundesrepublik Deutschland  hat, musste sie eine Sicherheitsleistung hinterlegen. Sie wie auch ihre  beiden Mitfahrerinnen \u00fcberstanden den Unfall ohne Verletzungen. Die  Autos waren zudem noch fahrbereit. <\/p>\n","protected":false},"excerpt":{"rendered":"<div class=\"mh-excerpt\"><p>Polizeimeldungen vom Mittwoch (22.05.2019) (Speyer) &#8211; Berauscht unterwegs Bei der Kontrolle eines 24-j\u00e4hrigen Autofahrers Mittwochfr\u00fch in der Waldseer Stra\u00dfe wurden drogentypische Auffallerscheinungen festgestellt. Auf Nachfrage gab er an, dass sein letzter Drogenkonsum schon Jahre zur\u00fcckliegen <a class=\"mh-excerpt-more\" href=\"https:\/\/speyer24news.com\/?p=14073\" title=\"Polizeimeldungen\">[&#8230;]<\/a><\/p>\n<\/div>","protected":false},"author":3,"featured_media":0,"comment_status":"open","ping_status":"open","sticky":false,"template":"","format":"standard","meta":{"_monsterinsights_skip_tracking":false,"_monsterinsights_sitenote_active":false,"_monsterinsights_sitenote_note":"","_monsterinsights_sitenote_category":0,"footnotes":""},"categories":[12],"tags":[61,63,105,53,102,213,55,103,106,427,62,104],"aioseo_notices":[],"amp_enabled":true,"_links":{"self":[{"href":"https:\/\/speyer24news.com\/index.php?rest_route=\/wp\/v2\/posts\/14073"}],"collection":[{"href":"https:\/\/speyer24news.com\/index.php?rest_route=\/wp\/v2\/posts"}],"about":[{"href":"https:\/\/speyer24news.com\/index.php?rest_route=\/wp\/v2\/types\/post"}],"author":[{"embeddable":true,"href":"https:\/\/speyer24news.com\/index.php?rest_route=\/wp\/v2\/users\/3"}],"replies":[{"embeddable":true,"href":"https:\/\/speyer24news.com\/index.php?rest_route=%2Fwp%2Fv2%2Fcomments&post=14073"}],"version-history":[{"count":2,"href":"https:\/\/speyer24news.com\/index.php?rest_route=\/wp\/v2\/posts\/14073\/revisions"}],"predecessor-version":[{"id":14076,"href":"https:\/\/speyer24news.com\/index.php?rest_route=\/wp\/v2\/posts\/14073\/revisions\/14076"}],"wp:attachment":[{"href":"https:\/\/speyer24news.com\/index.php?rest_route=%2Fwp%2Fv2%2Fmedia&parent=14073"}],"wp:term":[{"taxonomy":"category","embeddable":true,"href":"https:\/\/speyer24news.com\/index.php?rest_route=%2Fwp%2Fv2%2Fcategories&post=14073"},{"taxonomy":"post_tag","embeddable":true,"href":"https:\/\/speyer24news.com\/index.php?rest_route=%2Fwp%2Fv2%2Ftags&post=14073"}],"curies":[{"name":"wp","href":"https:\/\/api.w.org\/{rel}","templated":true}]}}