{"id":14077,"date":"2019-05-23T07:38:11","date_gmt":"2019-05-23T06:38:11","guid":{"rendered":"https:\/\/speyer24news.com\/?p=14077"},"modified":"2019-05-23T07:38:13","modified_gmt":"2019-05-23T06:38:13","slug":"wille-entertainment-praesentiert-yakari-und-kleiner-donner-europas-einzigartige-pferdeshow-fuer-die-ganze-familie","status":"publish","type":"post","link":"https:\/\/speyer24news.com\/?p=14077","title":{"rendered":"Wille Entertainment pr\u00e4sentiert: Yakari und Kleiner Donner \u2013 Europas einzigartige Pferdeshow f\u00fcr die ganze Familie"},"content":{"rendered":"<style type=\"text\/css\">\r\n\t.ads_top_disp{}\r\n\t.ads_top_corner_disp{ float:left; margin:0px 10px 10px 0px; }\r\n\t.ads_first_p_disp{}\r\n\t.ads_bottom_disp{}\r\n\t<\/style>\n<h2 class=\"wp-block-heading\">Vom 29. Mai bis 10. Juni 2019 auf dem Neuen Messplatz in Mannheim<\/h2>\n\n\n\n<div class=\"wp-block-image\"><figure class=\"aligncenter\"><img decoding=\"async\" loading=\"lazy\" width=\"800\" height=\"493\" src=\"https:\/\/speyer24news.com\/wp-content\/uploads\/2019\/05\/Yakari-Title.png\" alt=\"\" class=\"wp-image-14079\" srcset=\"https:\/\/speyer24news.com\/wp-content\/uploads\/2019\/05\/Yakari-Title.png 800w, https:\/\/speyer24news.com\/wp-content\/uploads\/2019\/05\/Yakari-Title-300x185.png 300w, https:\/\/speyer24news.com\/wp-content\/uploads\/2019\/05\/Yakari-Title-768x473.png 768w\" sizes=\"(max-width: 800px) 100vw, 800px\" \/><\/figure><\/div>\n\n\n\n<p>Die Zeichentrick-Serie \u201eYakari\u201c geh\u00f6rt seit Jahren zu den beliebtesten deutschen TVEreignissen f\u00fcr Kinder. Seit M\u00e4rz 2018 werden der kleine Sioux-Indianer und seine Freunde von Wille Entertainment auf gro\u00dfer Deutschland-Tour zum Leben erweckt. Besonderheit dabei: In der europaweit einzigartigen Show f\u00fcr die ganze Familie werden nicht nur echte Schauspieler, sondern auch echte Pferde zu erleben sein. Temperamentvolle Appaloosa-Schecken werden Yakaris tierische Freunde Kleiner Donner, Gro\u00dfer Grauer und Schneller Blitz darstellen.<\/p>\n\n\n\n<p>Erleben Sie das harmonische Zusammenstil von Mensch und Tier in noch nie da gewesenen Bildern. Opulente Gruppenszenen mit bis zu 12 Pferden wechseln sich ab mit exquisiter Reitkunst und gef\u00fchlvollen Momenten, in denen Yakari sich als Pferdefl\u00fcsterer beweist und den anfangs widerspenstigen Kleinen Donner f\u00fcr sich gewinnt. Die Show ist demnach nicht nur f\u00fcr Fans der Serie ein Genuss, sondern auch f\u00fcr Pferde- und Showliebhaber aller Altersstufen!<\/p>\n\n\n\n<div class=\"wp-block-image\"><figure class=\"aligncenter\"><img decoding=\"async\" loading=\"lazy\" width=\"800\" height=\"533\" src=\"https:\/\/speyer24news.com\/wp-content\/uploads\/2019\/05\/Yakari_presse01_Yakari.jpg\" alt=\"\" class=\"wp-image-14080\" srcset=\"https:\/\/speyer24news.com\/wp-content\/uploads\/2019\/05\/Yakari_presse01_Yakari.jpg 800w, https:\/\/speyer24news.com\/wp-content\/uploads\/2019\/05\/Yakari_presse01_Yakari-300x200.jpg 300w, https:\/\/speyer24news.com\/wp-content\/uploads\/2019\/05\/Yakari_presse01_Yakari-768x512.jpg 768w\" sizes=\"(max-width: 800px) 100vw, 800px\" \/><figcaption><strong>Yakari<\/strong><\/figcaption><\/figure><\/div>\n\n\n\n<p>Insgesamt wird das Ensemble aus \u00fcber 60 zwei- und vierbeinigen Mitwirkenden bestehen. Darunter auch ausgezeichnete Akrobaten und Komiker. Yakaris Begegnung mit seinem Totem-Tier, dem Adler, ist zum Beispiel als waghalsiges Luftschauspiel gestaltet!<\/p>\n\n\n\n<p>Kost\u00fcme, Kulissen und Storyline werden in enger Absprache mit den YakariMachern gestaltet, sodass die Welt der Zeichentrickserie 1:1 in die Realit\u00e4t \u00fcbertragen werden kann.<\/p>\n\n\n\n<p>Spielort der Show, mit der wir fast ausschlie\u00dflich in Gro\u00dfst\u00e4dten gastieren, ist das gr\u00f6\u00dfte Indianerzelt der Welt, in dem bis zu 800 Yakari-Fans Platz nehmen k\u00f6nnen.<\/p>\n\n\n\n<div class=\"wp-block-image\"><figure class=\"aligncenter\"><img decoding=\"async\" loading=\"lazy\" width=\"800\" height=\"533\" src=\"https:\/\/speyer24news.com\/wp-content\/uploads\/2019\/05\/Yakari_presse03_Yakari_und_Regenbogen.jpg\" alt=\"\" class=\"wp-image-14081\" srcset=\"https:\/\/speyer24news.com\/wp-content\/uploads\/2019\/05\/Yakari_presse03_Yakari_und_Regenbogen.jpg 800w, https:\/\/speyer24news.com\/wp-content\/uploads\/2019\/05\/Yakari_presse03_Yakari_und_Regenbogen-300x200.jpg 300w, https:\/\/speyer24news.com\/wp-content\/uploads\/2019\/05\/Yakari_presse03_Yakari_und_Regenbogen-768x512.jpg 768w\" sizes=\"(max-width: 800px) 100vw, 800px\" \/><figcaption><strong>Yakari und Regenbogen<\/strong><\/figcaption><\/figure><\/div>\n\n\n\n<h3 class=\"wp-block-heading\" style=\"text-align:center\">Unterwegs in ganz Deutschland: <\/h3>\n\n\n\n<h4 class=\"wp-block-heading\" style=\"text-align:center\">Tourneestationen von \u201eYakari und Kleiner Donner\u201c 2019 <\/h4>\n\n\n\n<p><strong>MANNHEIM<\/strong> \u2013  Neuer Messplatz &#8211; 29. Mai bis 10. Juni 2019 <\/p>\n\n\n\n<p><strong>KAISERSLAUTERN<\/strong> &#8211; Messeplatz &#8211; 14. bis 23. Juni 2019 <\/p>\n\n\n\n<p><strong>HANNOVER<\/strong> &#8211; Sch\u00fctzenplatz &#8211; 22. August bis 1. September 2019 <\/p>\n\n\n\n<p><strong>LEIPZIG<\/strong> &#8211; Kleinmesseplatz (Cottaweg) &#8211; 6. bis 15. September 2019 <\/p>\n\n\n\n<p><strong>DRESDEN<\/strong> &#8211; Cockerwiese &#8211; 20. bis 29. September 2019 <\/p>\n\n\n\n<p><strong>PLAUEN<\/strong> \u2013 Festplatz am Treffer &#8211; 3. bis 13. Oktober 2019 <\/p>\n\n\n\n<p><strong>REGENSBURG<\/strong> \u2013 Festplatz an der B8 &#8211; 18. bis 27. Oktober 2019 <\/p>\n\n\n\n<p><strong>N\u00d6RDLINGEN<\/strong> \u2013 Kaiserwiese &#8211; 1. bis 10. November 2019 <\/p>\n\n\n\n<div class=\"wp-block-image\"><figure class=\"aligncenter\"><img decoding=\"async\" loading=\"lazy\" width=\"800\" height=\"533\" src=\"https:\/\/speyer24news.com\/wp-content\/uploads\/2019\/05\/Yakari_presse06_Spitzer_Pfeil.jpg\" alt=\"\" class=\"wp-image-14082\" srcset=\"https:\/\/speyer24news.com\/wp-content\/uploads\/2019\/05\/Yakari_presse06_Spitzer_Pfeil.jpg 800w, https:\/\/speyer24news.com\/wp-content\/uploads\/2019\/05\/Yakari_presse06_Spitzer_Pfeil-300x200.jpg 300w, https:\/\/speyer24news.com\/wp-content\/uploads\/2019\/05\/Yakari_presse06_Spitzer_Pfeil-768x512.jpg 768w\" sizes=\"(max-width: 800px) 100vw, 800px\" \/><figcaption><strong>Spitzer Pfeil<\/strong><\/figcaption><\/figure><\/div>\n\n\n\n<p>Tickets gibt es direkt auf unserer Homepage <a href=\"http:\/\/www.yakari-pferdeshow.de\">www.yakari-pferdeshow.de<\/a>, bei allen <a href=\"https:\/\/www.reservix.de\/veranstaltungskalender?q=yakari\">Reservix-Vorverkaufsstellen<\/a> sowie w\u00e4hrend des Gastspiels t\u00e4glich von 10 bis 13 Uhr und eine Stunde vor Vorstellungsbeginn an den Yakari-Kassen. Die Preise liegen zwischen 15 und 38 \u20acuro.  <\/p>\n\n\n\n<h3 class=\"wp-block-heading\" style=\"text-align:center\">Trailer zu Yakari:<\/h3>\n\n\n\n<figure class=\"wp-block-embed-youtube wp-block-embed is-type-video is-provider-youtube wp-embed-aspect-16-9 wp-has-aspect-ratio\"><div class=\"wp-block-embed__wrapper\">\n<iframe loading=\"lazy\" title=\"Yakari und Kleiner Donner - Trailer\" width=\"500\" height=\"281\" src=\"https:\/\/www.youtube.com\/embed\/1h4JgcQQmAA?feature=oembed\" frameborder=\"0\" allow=\"accelerometer; autoplay; encrypted-media; gyroscope; picture-in-picture\" allowfullscreen><\/iframe>\n<\/div><\/figure>\n\n\n\n<h4 class=\"wp-block-heading\" style=\"text-align:center\">Kurz notiert: <\/h4>\n\n\n\n<h3 class=\"wp-block-heading\" style=\"text-align:center\">Infos und Fakten zu \u201eYakari\u201c <\/h3>\n\n\n\n<figure class=\"wp-block-image\"><img decoding=\"async\" loading=\"lazy\" width=\"800\" height=\"533\" src=\"https:\/\/speyer24news.com\/wp-content\/uploads\/2019\/05\/Yakari_presse02_Yakari.jpg\" alt=\"\" class=\"wp-image-14083\" srcset=\"https:\/\/speyer24news.com\/wp-content\/uploads\/2019\/05\/Yakari_presse02_Yakari.jpg 800w, https:\/\/speyer24news.com\/wp-content\/uploads\/2019\/05\/Yakari_presse02_Yakari-300x200.jpg 300w, https:\/\/speyer24news.com\/wp-content\/uploads\/2019\/05\/Yakari_presse02_Yakari-768x512.jpg 768w\" sizes=\"(max-width: 800px) 100vw, 800px\" \/><figcaption><strong>Yakari<\/strong><\/figcaption><\/figure>\n\n\n\n<p><strong>Art der Show:<\/strong> Pferdeshow f\u00fcr die ganze Familie mit Schauspielern und Pferden, basierend auf der beliebten Zeichentrickserie \u201eYakari\u201c<\/p>\n\n\n\n<p><strong>L\u00e4nge der Show:<\/strong> zwei Stunden (inklusive 15 Minuten Pause)<\/p>\n\n\n\n<p><strong>Platzbedarf (f\u00fcr Vorzelt, Spielzelt, Stallungen und Wagenpark):<\/strong> 3000 Quadratmteter<\/p>\n\n\n\n<p><strong>Gr\u00f6\u00dfe des Spielzelts:<\/strong> 30-Meter-Durchmesser, 800 Sitzpl\u00e4tze <\/p>\n\n\n\n<p><strong>Gr\u00f6\u00dfe des Vorzelts:<\/strong> 14 x 14 Meter<\/p>\n\n\n\n<p><strong>Mitgef\u00fchrte Tiere:<\/strong> 20 Pferde verschiedener Rassen (darunter 4 AppaloosaSchecken)   <\/p>\n\n\n\n<div class=\"wp-block-image\"><figure class=\"aligncenter\"><img decoding=\"async\" loading=\"lazy\" width=\"800\" height=\"533\" src=\"https:\/\/speyer24news.com\/wp-content\/uploads\/2019\/05\/Yakari_presse04_Regenbogen.jpg\" alt=\"\" class=\"wp-image-14084\" srcset=\"https:\/\/speyer24news.com\/wp-content\/uploads\/2019\/05\/Yakari_presse04_Regenbogen.jpg 800w, https:\/\/speyer24news.com\/wp-content\/uploads\/2019\/05\/Yakari_presse04_Regenbogen-300x200.jpg 300w, https:\/\/speyer24news.com\/wp-content\/uploads\/2019\/05\/Yakari_presse04_Regenbogen-768x512.jpg 768w\" sizes=\"(max-width: 800px) 100vw, 800px\" \/><figcaption><strong>Regenbogen<\/strong><\/figcaption><\/figure><\/div>\n\n\n\n<h4 class=\"wp-block-heading\" style=\"text-align:center\">Unsere Darsteller: <\/h4>\n\n\n\n<h3 class=\"wp-block-heading\" style=\"text-align:center\">Yakari, Regenbogen &amp; Co.<\/h3>\n\n\n\n<div class=\"wp-block-image\"><figure class=\"aligncenter\"><img decoding=\"async\" loading=\"lazy\" width=\"800\" height=\"533\" src=\"https:\/\/speyer24news.com\/wp-content\/uploads\/2019\/05\/Yakari_presse08_Familie.jpg\" alt=\"\" class=\"wp-image-14085\" srcset=\"https:\/\/speyer24news.com\/wp-content\/uploads\/2019\/05\/Yakari_presse08_Familie.jpg 800w, https:\/\/speyer24news.com\/wp-content\/uploads\/2019\/05\/Yakari_presse08_Familie-300x200.jpg 300w, https:\/\/speyer24news.com\/wp-content\/uploads\/2019\/05\/Yakari_presse08_Familie-768x512.jpg 768w\" sizes=\"(max-width: 800px) 100vw, 800px\" \/><figcaption><strong>Yakari &amp; Familie<\/strong><\/figcaption><\/figure><\/div>\n\n\n\n<p><strong>Yakari:<\/strong> Alfons Wille<\/p>\n\n\n\n<p><strong>Regenbogen: <\/strong>Angel Wille<\/p>\n\n\n\n<p><strong>Spitzer Pfeil:<\/strong> Manuel Frank<\/p>\n\n\n\n<p><strong>Spitzer Pfeils Sqaw: <\/strong>Natascha Wille <\/p>\n\n\n\n<p><strong>Yakaris Mutter:<\/strong> Beata Garstecka<\/p>\n\n\n\n<p><strong>Trickreiter und Stammesbr\u00fcder:<\/strong> Truppe Khadikov <\/p>\n\n\n\n<p><strong>Requisiteure und Stammesbr\u00fcder:<\/strong> Mitica Budaca und seine Crew<\/p>\n\n\n\n<p><em>Derib + Job &#8211; Le Lombard (Dargaud-Lombard S.A.)<br>23.05.2019<\/em><\/p>\n","protected":false},"excerpt":{"rendered":"<div class=\"mh-excerpt\"><p>Vom 29. Mai bis 10. Juni 2019 auf dem Neuen Messplatz in Mannheim Die Zeichentrick-Serie \u201eYakari\u201c geh\u00f6rt seit Jahren zu den beliebtesten deutschen TVEreignissen f\u00fcr Kinder. Seit M\u00e4rz 2018 werden der kleine Sioux-Indianer und seine <a class=\"mh-excerpt-more\" href=\"https:\/\/speyer24news.com\/?p=14077\" title=\"Wille Entertainment pr\u00e4sentiert: Yakari und Kleiner Donner \u2013 Europas einzigartige Pferdeshow f\u00fcr die ganze Familie\">[&#8230;]<\/a><\/p>\n<\/div>","protected":false},"author":3,"featured_media":14078,"comment_status":"open","ping_status":"open","sticky":false,"template":"","format":"standard","meta":{"_monsterinsights_skip_tracking":false,"_monsterinsights_sitenote_active":false,"_monsterinsights_sitenote_note":"","_monsterinsights_sitenote_category":0,"footnotes":""},"categories":[13],"tags":[1232,56,1227,1230,1231,1228,1229],"aioseo_notices":[],"amp_enabled":true,"_links":{"self":[{"href":"https:\/\/speyer24news.com\/index.php?rest_route=\/wp\/v2\/posts\/14077"}],"collection":[{"href":"https:\/\/speyer24news.com\/index.php?rest_route=\/wp\/v2\/posts"}],"about":[{"href":"https:\/\/speyer24news.com\/index.php?rest_route=\/wp\/v2\/types\/post"}],"author":[{"embeddable":true,"href":"https:\/\/speyer24news.com\/index.php?rest_route=\/wp\/v2\/users\/3"}],"replies":[{"embeddable":true,"href":"https:\/\/speyer24news.com\/index.php?rest_route=%2Fwp%2Fv2%2Fcomments&post=14077"}],"version-history":[{"count":1,"href":"https:\/\/speyer24news.com\/index.php?rest_route=\/wp\/v2\/posts\/14077\/revisions"}],"predecessor-version":[{"id":14086,"href":"https:\/\/speyer24news.com\/index.php?rest_route=\/wp\/v2\/posts\/14077\/revisions\/14086"}],"wp:featuredmedia":[{"embeddable":true,"href":"https:\/\/speyer24news.com\/index.php?rest_route=\/wp\/v2\/media\/14078"}],"wp:attachment":[{"href":"https:\/\/speyer24news.com\/index.php?rest_route=%2Fwp%2Fv2%2Fmedia&parent=14077"}],"wp:term":[{"taxonomy":"category","embeddable":true,"href":"https:\/\/speyer24news.com\/index.php?rest_route=%2Fwp%2Fv2%2Fcategories&post=14077"},{"taxonomy":"post_tag","embeddable":true,"href":"https:\/\/speyer24news.com\/index.php?rest_route=%2Fwp%2Fv2%2Ftags&post=14077"}],"curies":[{"name":"wp","href":"https:\/\/api.w.org\/{rel}","templated":true}]}}