{"id":14110,"date":"2019-05-23T16:17:02","date_gmt":"2019-05-23T15:17:02","guid":{"rendered":"https:\/\/speyer24news.com\/?p=14110"},"modified":"2019-05-27T15:47:56","modified_gmt":"2019-05-27T14:47:56","slug":"vermisstensuche-3","status":"publish","type":"post","link":"https:\/\/speyer24news.com\/?p=14110","title":{"rendered":"Vermisstensuche"},"content":{"rendered":"<style type=\"text\/css\">\r\n\t.ads_top_disp{}\r\n\t.ads_top_corner_disp{ float:left; margin:0px 10px 10px 0px; }\r\n\t.ads_first_p_disp{}\r\n\t.ads_bottom_disp{}\r\n\t<\/style>\n<h3 class=\"wp-block-heading\">Eva L. ist wohlbehalten aufgetaucht, daher die R\u00fccknahme der Vermisstensuche.<\/h3>\n\n\n\n<h4 class=\"wp-block-heading\">(Mannheim-Neuostheim) &#8211; 39-j\u00e4hrige Eva L. vermisst \/ Zeugen dringend gesucht<\/h4>\n\n\n\n<p>Die 39-j\u00e4hrige Eva L. aus Mannheim wird seit Freitagnachmittag,  17.05.2019 vermisst. Der Vermisste verlie\u00df gegen 17 Uhr die gemeinsam  mit ihrem Lebensgef\u00e4hrten bewohnte Wohnung in Mannheim-Seckenheim und  wird seither vermisst. <\/p>\n\n\n\n<p>Die Vermisste wird wie folgt beschrieben:<\/p>\n\n\n\n<ul><li>39 Jahre alt<\/li><li>Ca. 172 cm gro\u00df,<\/li><li>Westeurop\u00e4isches Erscheinungsbild<\/li><li>Schwarz gef\u00e4rbte, leicht gewellte Haare mit grauem Haaransatz<\/li><li>Braun-gr\u00fcne Augen<\/li><li>\u00dcber die Bekleidung ist nichts n\u00e4heres bekannt<\/li><\/ul>\n\n\n\n<p>Es kann nicht ausgeschlossen werden, dass sich die 39-J\u00e4hrige in einer hilflosen Lage befindet. <\/p>\n\n\n\n<p>Sie\n soll sich nach derzeitigem Erkenntnisstand zuletzt am 20.05.2019, 0 Uhr\n im Bereich der Schlachthofstra\u00dfe in Mannheim-Neuostheim aufgehalten \nhaben. <\/p>\n\n\n\n<p>Das Fachdezernat der Kriminalpolizeidirektion Heidelberg  hat die Fahndung nach der vermissten Eva L. aufgenommen. Eine Absuche im  Bereich des Mannheimer Schlachthofs und der nahegelegenen  Kleingartenanlage mit Personensuchhunden verliefen ergebnislos.<\/p>\n\n\n\n<p>Hinweise  bitte \u00fcber den Polizeinotruf 110 oder an den Kriminaldauerdienst der  Kriminalpolizeidirektion Heidelberg, Tel.: 0621\/174-4444. <\/p>\n\n\n\n<p><em>Polizeipr\u00e4sidium Mannheim<br>23.05.2019 <\/em><\/p>\n","protected":false},"excerpt":{"rendered":"<div class=\"mh-excerpt\"><p>Eva L. ist wohlbehalten aufgetaucht, daher die R\u00fccknahme der Vermisstensuche. (Mannheim-Neuostheim) &#8211; 39-j\u00e4hrige Eva L. vermisst \/ Zeugen dringend gesucht Die 39-j\u00e4hrige Eva L. aus Mannheim wird seit Freitagnachmittag, 17.05.2019 vermisst. Der Vermisste verlie\u00df gegen <a class=\"mh-excerpt-more\" href=\"https:\/\/speyer24news.com\/?p=14110\" title=\"Vermisstensuche\">[&#8230;]<\/a><\/p>\n<\/div>","protected":false},"author":3,"featured_media":0,"comment_status":"open","ping_status":"open","sticky":false,"template":"","format":"standard","meta":{"_monsterinsights_skip_tracking":false,"_monsterinsights_sitenote_active":false,"_monsterinsights_sitenote_note":"","_monsterinsights_sitenote_category":0,"footnotes":""},"categories":[12],"tags":[56,1244,1243,1117],"aioseo_notices":[],"amp_enabled":true,"_links":{"self":[{"href":"https:\/\/speyer24news.com\/index.php?rest_route=\/wp\/v2\/posts\/14110"}],"collection":[{"href":"https:\/\/speyer24news.com\/index.php?rest_route=\/wp\/v2\/posts"}],"about":[{"href":"https:\/\/speyer24news.com\/index.php?rest_route=\/wp\/v2\/types\/post"}],"author":[{"embeddable":true,"href":"https:\/\/speyer24news.com\/index.php?rest_route=\/wp\/v2\/users\/3"}],"replies":[{"embeddable":true,"href":"https:\/\/speyer24news.com\/index.php?rest_route=%2Fwp%2Fv2%2Fcomments&post=14110"}],"version-history":[{"count":2,"href":"https:\/\/speyer24news.com\/index.php?rest_route=\/wp\/v2\/posts\/14110\/revisions"}],"predecessor-version":[{"id":14118,"href":"https:\/\/speyer24news.com\/index.php?rest_route=\/wp\/v2\/posts\/14110\/revisions\/14118"}],"wp:attachment":[{"href":"https:\/\/speyer24news.com\/index.php?rest_route=%2Fwp%2Fv2%2Fmedia&parent=14110"}],"wp:term":[{"taxonomy":"category","embeddable":true,"href":"https:\/\/speyer24news.com\/index.php?rest_route=%2Fwp%2Fv2%2Fcategories&post=14110"},{"taxonomy":"post_tag","embeddable":true,"href":"https:\/\/speyer24news.com\/index.php?rest_route=%2Fwp%2Fv2%2Ftags&post=14110"}],"curies":[{"name":"wp","href":"https:\/\/api.w.org\/{rel}","templated":true}]}}