{"id":14140,"date":"2019-05-28T10:33:58","date_gmt":"2019-05-28T09:33:58","guid":{"rendered":"https:\/\/speyer24news.com\/?p=14140"},"modified":"2019-05-28T10:34:00","modified_gmt":"2019-05-28T09:34:00","slug":"unverpackt-kaufladen-speyer","status":"publish","type":"post","link":"https:\/\/speyer24news.com\/?p=14140","title":{"rendered":"Unverpackt Kaufladen Speyer"},"content":{"rendered":"<style type=\"text\/css\">\r\n\t.ads_top_disp{}\r\n\t.ads_top_corner_disp{ float:left; margin:0px 10px 10px 0px; }\r\n\t.ads_first_p_disp{}\r\n\t.ads_bottom_disp{}\r\n\t<\/style>\n<h2 class=\"wp-block-heading\">Neues vom &#8222;Unverpackt&#8220; Kaufladen in Speyer &#8211; Die Baustelle ist er\u00f6ffnet<\/h2>\n\n\n\n<div class=\"wp-block-image\"><figure class=\"aligncenter\"><img decoding=\"async\" loading=\"lazy\" width=\"800\" height=\"600\" src=\"https:\/\/speyer24news.com\/wp-content\/uploads\/2019\/05\/Unverpackt-Laden-Speyer-2.jpg\" alt=\"\" class=\"wp-image-14142\" srcset=\"https:\/\/speyer24news.com\/wp-content\/uploads\/2019\/05\/Unverpackt-Laden-Speyer-2.jpg 800w, https:\/\/speyer24news.com\/wp-content\/uploads\/2019\/05\/Unverpackt-Laden-Speyer-2-300x225.jpg 300w, https:\/\/speyer24news.com\/wp-content\/uploads\/2019\/05\/Unverpackt-Laden-Speyer-2-768x576.jpg 768w, https:\/\/speyer24news.com\/wp-content\/uploads\/2019\/05\/Unverpackt-Laden-Speyer-2-678x509.jpg 678w, https:\/\/speyer24news.com\/wp-content\/uploads\/2019\/05\/Unverpackt-Laden-Speyer-2-326x245.jpg 326w, https:\/\/speyer24news.com\/wp-content\/uploads\/2019\/05\/Unverpackt-Laden-Speyer-2-80x60.jpg 80w\" sizes=\"(max-width: 800px) 100vw, 800px\" \/><\/figure><\/div>\n\n\n\n<p><strong>Speyer \/ Unverpackt Kaufladen &#8211;<\/strong> In unserem Ladenlokal auf der Ecke Wormserstra\u00dfe \/ Gro\u00dfe Greifengasse ist jetzt viel zu tun. Seit den 60ern hat sich hier baulich nicht viel ver\u00e4ndert.<\/p>\n\n\n\n<div class=\"wp-block-image\"><figure class=\"aligncenter\"><img decoding=\"async\" loading=\"lazy\" width=\"500\" height=\"667\" src=\"https:\/\/speyer24news.com\/wp-content\/uploads\/2019\/05\/Unverpackt-1-Foto-22.05.19.jpg\" alt=\"\" class=\"wp-image-14143\" srcset=\"https:\/\/speyer24news.com\/wp-content\/uploads\/2019\/05\/Unverpackt-1-Foto-22.05.19.jpg 500w, https:\/\/speyer24news.com\/wp-content\/uploads\/2019\/05\/Unverpackt-1-Foto-22.05.19-225x300.jpg 225w\" sizes=\"(max-width: 500px) 100vw, 500px\" \/><\/figure><\/div>\n\n\n\n<p>Auf der einen Seite gibt es deshalb viel zu entdecken. Unter den Tapeten  kamen zum Beispiel Zeitungen aus den 40er Jahren zum Vorschein. Die   sch\u00f6nen Vintagem\u00f6bel unserer Vormieterin binden wir in unsere  Ladeneinrichtung ein, der sch\u00f6ne Altbau verspr\u00fcht schon jetzt viel  Charme.<\/p>\n\n\n\n<div class=\"wp-block-image\"><figure class=\"aligncenter\"><img decoding=\"async\" loading=\"lazy\" width=\"500\" height=\"667\" src=\"https:\/\/speyer24news.com\/wp-content\/uploads\/2019\/05\/Unverpackt-2-Foto-21.04.19.jpg\" alt=\"\" class=\"wp-image-14144\" srcset=\"https:\/\/speyer24news.com\/wp-content\/uploads\/2019\/05\/Unverpackt-2-Foto-21.04.19.jpg 500w, https:\/\/speyer24news.com\/wp-content\/uploads\/2019\/05\/Unverpackt-2-Foto-21.04.19-225x300.jpg 225w\" sizes=\"(max-width: 500px) 100vw, 500px\" \/><\/figure><\/div>\n\n\n\n<p>Auf der anderen Seite bedeutet das nat\u00fcrlich auch einiges an Arbeit f\u00fcr  uns. Bisher haben wir mit viel Hilfe von Freunden und Familie die alten  B\u00f6den, Tapeten, Decken- und Schaufensterverkleidungen entfernt. Der  Verkaufsraum wirkt nun viel gr\u00f6\u00dfer und heller.<\/p>\n\n\n\n<div class=\"wp-block-image\"><figure class=\"aligncenter\"><img decoding=\"async\" loading=\"lazy\" width=\"600\" height=\"600\" src=\"https:\/\/speyer24news.com\/wp-content\/uploads\/2019\/05\/Unverpackt-3-Foto-22.05.19.jpg\" alt=\"\" class=\"wp-image-14145\" srcset=\"https:\/\/speyer24news.com\/wp-content\/uploads\/2019\/05\/Unverpackt-3-Foto-22.05.19.jpg 600w, https:\/\/speyer24news.com\/wp-content\/uploads\/2019\/05\/Unverpackt-3-Foto-22.05.19-150x150.jpg 150w, https:\/\/speyer24news.com\/wp-content\/uploads\/2019\/05\/Unverpackt-3-Foto-22.05.19-300x300.jpg 300w\" sizes=\"(max-width: 600px) 100vw, 600px\" \/><\/figure><\/div>\n\n\n\n<p>Doch das war es nat\u00fcrlich noch nicht: Entkernt ist unser k\u00fcnftiger Laden damit soweit &#8211; nun steht der Innenausbau auf dem Plan.<\/p>\n\n\n\n<p>Vor der Neugestaltung von W\u00e4nden, Boden und Decke geht es noch einmal an die Substanz. In den n\u00e4chsten Wochen m\u00fcssen wir uns deshalb auf Profis verlassen. Die Elektrik und das Heizsystem werden komplett erneuert. Das wird eine Weile dauern. Solange k\u00fcmmern wir uns um das M\u00f6biliar und konkretisieren weiterhin das Sortiment. Au\u00dferdem besch\u00e4ftigen wir uns gerade mit der Ladenbeleuchtung, der k\u00fcnftigen K\u00fcchenausstattung und nat\u00fcrlich mit Verwaltungsaufgaben.<\/p>\n\n\n\n<div class=\"wp-block-image\"><figure class=\"aligncenter\"><img decoding=\"async\" loading=\"lazy\" width=\"800\" height=\"667\" src=\"https:\/\/speyer24news.com\/wp-content\/uploads\/2019\/05\/Unverpackt-4-Foto-27.05.19.jpg\" alt=\"\" class=\"wp-image-14146\" srcset=\"https:\/\/speyer24news.com\/wp-content\/uploads\/2019\/05\/Unverpackt-4-Foto-27.05.19.jpg 800w, https:\/\/speyer24news.com\/wp-content\/uploads\/2019\/05\/Unverpackt-4-Foto-27.05.19-300x250.jpg 300w, https:\/\/speyer24news.com\/wp-content\/uploads\/2019\/05\/Unverpackt-4-Foto-27.05.19-768x640.jpg 768w\" sizes=\"(max-width: 800px) 100vw, 800px\" \/><figcaption>v.l.:  Sophie Etzkorn und Luise Sobetzko vor dem &#8222;Kaufladen Speyer&#8220;<\/figcaption><\/figure><\/div>\n\n\n\n<h3 class=\"wp-block-heading\">Mehr Informationen zum &#8222;Unverpackt&#8220; Kaufladen Speyer auf:<\/h3>\n\n\n\n<h4 class=\"wp-block-heading\"><a href=\"https:\/\/www.facebook.com\/KaufladenSpeyer\/\">Facebook<\/a><\/h4>\n\n\n\n<h4 class=\"wp-block-heading\"><a href=\"https:\/\/kaufladen-speyer.de\/unser-standort\/?fbclid=IwAR3eOSzWRDovLlmMT3c6hAOyZl9lA-WbeSGcow6tZgq0Z5YIYqOv-kOJNwg\"> Website<\/a><\/h4>\n\n\n\n<p><em>Kaufladen Speyer<br>28.05.2019<\/em><\/p>\n","protected":false},"excerpt":{"rendered":"<div class=\"mh-excerpt\"><p>Neues vom &#8222;Unverpackt&#8220; Kaufladen in Speyer &#8211; Die Baustelle ist er\u00f6ffnet Speyer \/ Unverpackt Kaufladen &#8211; In unserem Ladenlokal auf der Ecke Wormserstra\u00dfe \/ Gro\u00dfe Greifengasse ist jetzt viel zu tun. Seit den 60ern hat <a class=\"mh-excerpt-more\" href=\"https:\/\/speyer24news.com\/?p=14140\" title=\"Unverpackt Kaufladen Speyer\">[&#8230;]<\/a><\/p>\n<\/div>","protected":false},"author":3,"featured_media":14141,"comment_status":"open","ping_status":"open","sticky":false,"template":"","format":"standard","meta":{"_monsterinsights_skip_tracking":false,"_monsterinsights_sitenote_active":false,"_monsterinsights_sitenote_note":"","_monsterinsights_sitenote_category":0,"footnotes":""},"categories":[9],"tags":[1253,1258,1257,6,1259,394,1254,1255,1256,1261,1260],"aioseo_notices":[],"amp_enabled":true,"_links":{"self":[{"href":"https:\/\/speyer24news.com\/index.php?rest_route=\/wp\/v2\/posts\/14140"}],"collection":[{"href":"https:\/\/speyer24news.com\/index.php?rest_route=\/wp\/v2\/posts"}],"about":[{"href":"https:\/\/speyer24news.com\/index.php?rest_route=\/wp\/v2\/types\/post"}],"author":[{"embeddable":true,"href":"https:\/\/speyer24news.com\/index.php?rest_route=\/wp\/v2\/users\/3"}],"replies":[{"embeddable":true,"href":"https:\/\/speyer24news.com\/index.php?rest_route=%2Fwp%2Fv2%2Fcomments&post=14140"}],"version-history":[{"count":1,"href":"https:\/\/speyer24news.com\/index.php?rest_route=\/wp\/v2\/posts\/14140\/revisions"}],"predecessor-version":[{"id":14147,"href":"https:\/\/speyer24news.com\/index.php?rest_route=\/wp\/v2\/posts\/14140\/revisions\/14147"}],"wp:featuredmedia":[{"embeddable":true,"href":"https:\/\/speyer24news.com\/index.php?rest_route=\/wp\/v2\/media\/14141"}],"wp:attachment":[{"href":"https:\/\/speyer24news.com\/index.php?rest_route=%2Fwp%2Fv2%2Fmedia&parent=14140"}],"wp:term":[{"taxonomy":"category","embeddable":true,"href":"https:\/\/speyer24news.com\/index.php?rest_route=%2Fwp%2Fv2%2Fcategories&post=14140"},{"taxonomy":"post_tag","embeddable":true,"href":"https:\/\/speyer24news.com\/index.php?rest_route=%2Fwp%2Fv2%2Ftags&post=14140"}],"curies":[{"name":"wp","href":"https:\/\/api.w.org\/{rel}","templated":true}]}}